{"id":126560,"date":"2013-12-23T07:57:57","date_gmt":"2013-12-23T06:57:57","guid":{"rendered":"http:\/\/somos.vicencianos.org\/?p=126560"},"modified":"2016-07-27T12:10:17","modified_gmt":"2016-07-27T10:10:17","slug":"manuel-herranz-vaquero-1922-2004","status":"publish","type":"post","link":"https:\/\/vincentians.com\/es\/manuel-herranz-vaquero-1922-2004\/","title":{"rendered":"Manuel Herranz Vaquero (1922\u20132004)"},"content":{"rendered":"<p><a href=\"http:\/\/vicencianos.org\/blog\/2013\/11\/25\/jean-martin-1620-1694-capitulo-i\/biografias-paules-343\/\" rel=\"attachment wp-att-124757\"><img data-recalc-dims=\"1\" loading=\"lazy\" decoding=\"async\" class=\"alignleft size-full wp-image-124757\" alt=\"Biografias Pa\u00fales\" src=\"https:\/\/i0.wp.com\/vicencianos.org\/wp-content\/2013\/11\/Biografias-Pa%C3%BAles.jpg?resize=232%2C300\" width=\"232\" height=\"300\" \/><\/a>Naci\u00f3 el 2 de julio de 1922 en Courtiery, Francia. Sus padres fueron D. Pedro y Do\u00f1a Fermina.<\/p>\n<p>Curs\u00f3 sus primeros estudios en nuestro seminario menor de Teruel. Los Estudios de Eclesi\u00e1sticos los realiza en Hortaleza (\u00abFilosof\u00eda\u00bb) y en Cuenca (\u00abTeolog\u00eda\u00bb).<\/p>\n<p>Hab\u00eda ingresado en la \u00abCongregaci\u00f3n de la Misi\u00f3n\u00bb el 19 de septiembre de 1934, en Hortaleza (Madrid). Los votos perpetuos los emiti\u00f3, en Hortaleza, el d\u00eda 8 de octubre de 1941. Fue ordenado presb\u00edtero el 18 de septiembre de 1949, por Mons. Emilio Liss\u00f3n, en Cuenca.<\/p>\n<p>DESTINOS:<\/p>\n<p>El P. Manuel Herranz pas\u00f3 la mayor parte de su vida en Inglaterra. All\u00ed, ejerci\u00f3 de capell\u00e1n en numerosas casas de religiosas: \u00abHijas de la caridad\u00bb, \u00abSiervas de Mar\u00eda\u00bb\u2026 Tambi\u00e9n, en Londres, atendi\u00f3 espiritualmente a los emigrantes espa\u00f1oles.<\/p>\n<p>Ya en Espa\u00f1a, destinado en \u00c1vila, se ocupa del culto de nuestra iglesia y colabora en la formaci\u00f3n de los seminaristas. Al mismo tiempo, escribe algunos libros en los que versifica la vida de nuestros Santos y Beatos, as\u00ed como la de Santa Teresa y la de San Juan de la Cruz.<\/p>\n<p>El P. Herranz fallece, en la nueva casa de \u00c1vila, el d\u00eda 14 de junio de 2004.<\/p>\n","protected":false},"excerpt":{"rendered":"<p>Naci\u00f3 el 2 de julio de 1922 en Courtiery, Francia. Sus padres fueron D. Pedro y Do\u00f1a Fermina. Curs\u00f3 sus primeros estudios en nuestro seminario menor de Teruel. Los Estudios de Eclesi\u00e1sticos los realiza en &#8230; <a href=\"https:\/\/vincentians.com\/es\/manuel-herranz-vaquero-1922-2004\/\" class=\"more-link\">Read More<\/a><\/p>\n","protected":false},"author":5,"featured_media":391249,"comment_status":"open","ping_status":"open","sticky":false,"template":"","format":"standard","meta":{"jetpack_post_was_ever_published":false,"_jetpack_newsletter_access":"","_jetpack_dont_email_post_to_subs":false,"_jetpack_newsletter_tier_id":0,"_jetpack_memberships_contains_paywalled_content":false,"_jetpack_memberships_contains_paid_content":false,"footnotes":"","jetpack_publicize_message":"","jetpack_publicize_feature_enabled":true,"jetpack_social_post_already_shared":true,"jetpack_social_options":{"image_generator_settings":{"template":"highway","default_image_id":0,"font":"","enabled":false},"version":2}},"categories":[19],"tags":[280],"class_list":["post-126560","post","type-post","status-publish","format-standard","has-post-thumbnail","hentry","category-biografias-de-misioneros-paules","tag-san-juan-de-la-cruz"],"yoast_head":"<!-- This site is optimized with the Yoast SEO plugin v26.3 - https:\/\/yoast.com\/wordpress\/plugins\/seo\/ -->\n<title>Manuel Herranz Vaquero (1922\u20132004) - Somos Vicencianos<\/title>\n<meta name=\"robots\" content=\"index, follow, max-snippet:-1, max-image-preview:large, max-video-preview:-1\" \/>\n<link rel=\"canonical\" href=\"https:\/\/vincentians.com\/es\/manuel-herranz-vaquero-1922-2004\/\" \/>\n<meta property=\"og:locale\" content=\"es_ES\" \/>\n<meta property=\"og:type\" content=\"article\" \/>\n<meta property=\"og:title\" content=\"Manuel Herranz Vaquero (1922\u20132004) - Somos Vicencianos\" \/>\n<meta property=\"og:description\" content=\"Naci\u00f3 el 2 de julio de 1922 en Courtiery, Francia. Sus padres fueron D. Pedro y Do\u00f1a Fermina. Curs\u00f3 sus primeros estudios en nuestro seminario menor de Teruel. Los Estudios de Eclesi\u00e1sticos los realiza en ... Read More\" \/>\n<meta property=\"og:url\" content=\"https:\/\/vincentians.com\/es\/manuel-herranz-vaquero-1922-2004\/\" \/>\n<meta property=\"og:site_name\" content=\"Somos Vicencianos\" \/>\n<meta property=\"article:publisher\" content=\"https:\/\/www.facebook.com\/WeAreVincentians\/\" \/>\n<meta property=\"article:published_time\" content=\"2013-12-23T06:57:57+00:00\" \/>\n<meta property=\"article:modified_time\" content=\"2016-07-27T10:10:17+00:00\" \/>\n<meta property=\"og:image\" content=\"https:\/\/i0.wp.com\/vincentians.com\/es\/wp-content\/uploads\/sites\/11\/2016\/07\/bio-cm.jpg?fit=1200%2C630&ssl=1\" \/>\n\t<meta property=\"og:image:width\" content=\"1200\" \/>\n\t<meta property=\"og:image:height\" content=\"630\" \/>\n\t<meta property=\"og:image:type\" content=\"image\/jpeg\" \/>\n<meta name=\"author\" content=\"Mitxel Olabu\u00e9naga\" \/>\n<meta name=\"twitter:card\" content=\"summary_large_image\" \/>\n<meta name=\"twitter:creator\" content=\"@WeVincentians\" \/>\n<meta name=\"twitter:site\" content=\"@WeVincentians\" \/>\n<meta name=\"twitter:label1\" content=\"Escrito por\" \/>\n\t<meta name=\"twitter:data1\" content=\"Mitxel Olabu\u00e9naga\" \/>\n\t<meta name=\"twitter:label2\" content=\"Tiempo de lectura\" \/>\n\t<meta name=\"twitter:data2\" content=\"1 minuto\" \/>\n<script type=\"application\/ld+json\" class=\"yoast-schema-graph\">{\"@context\":\"https:\/\/schema.org\",\"@graph\":[{\"@type\":\"Article\",\"@id\":\"https:\/\/vincentians.com\/es\/manuel-herranz-vaquero-1922-2004\/#article\",\"isPartOf\":{\"@id\":\"https:\/\/vincentians.com\/es\/manuel-herranz-vaquero-1922-2004\/\"},\"author\":{\"name\":\"Mitxel Olabu\u00e9naga\",\"@id\":\"http:\/\/vincentians.com\/es\/#\/schema\/person\/7c2670b4445a7ca9d164ea6acdb31859\"},\"headline\":\"Manuel Herranz Vaquero (1922\u20132004)\",\"datePublished\":\"2013-12-23T06:57:57+00:00\",\"dateModified\":\"2016-07-27T10:10:17+00:00\",\"mainEntityOfPage\":{\"@id\":\"https:\/\/vincentians.com\/es\/manuel-herranz-vaquero-1922-2004\/\"},\"wordCount\":205,\"commentCount\":0,\"publisher\":{\"@id\":\"http:\/\/vincentians.com\/es\/#organization\"},\"image\":{\"@id\":\"https:\/\/vincentians.com\/es\/manuel-herranz-vaquero-1922-2004\/#primaryimage\"},\"thumbnailUrl\":\"https:\/\/i0.wp.com\/vincentians.com\/es\/wp-content\/uploads\/sites\/11\/2016\/07\/bio-cm.jpg?fit=1200%2C630&ssl=1\",\"keywords\":[\"San Juan de la Cruz\"],\"articleSection\":[\"Biograf\u00edas de Misioneros Pa\u00fales\"],\"inLanguage\":\"es\",\"potentialAction\":[{\"@type\":\"CommentAction\",\"name\":\"Comment\",\"target\":[\"https:\/\/vincentians.com\/es\/manuel-herranz-vaquero-1922-2004\/#respond\"]}]},{\"@type\":\"WebPage\",\"@id\":\"https:\/\/vincentians.com\/es\/manuel-herranz-vaquero-1922-2004\/\",\"url\":\"https:\/\/vincentians.com\/es\/manuel-herranz-vaquero-1922-2004\/\",\"name\":\"Manuel Herranz Vaquero (1922\u20132004) - Somos Vicencianos\",\"isPartOf\":{\"@id\":\"http:\/\/vincentians.com\/es\/#website\"},\"primaryImageOfPage\":{\"@id\":\"https:\/\/vincentians.com\/es\/manuel-herranz-vaquero-1922-2004\/#primaryimage\"},\"image\":{\"@id\":\"https:\/\/vincentians.com\/es\/manuel-herranz-vaquero-1922-2004\/#primaryimage\"},\"thumbnailUrl\":\"https:\/\/i0.wp.com\/vincentians.com\/es\/wp-content\/uploads\/sites\/11\/2016\/07\/bio-cm.jpg?fit=1200%2C630&ssl=1\",\"datePublished\":\"2013-12-23T06:57:57+00:00\",\"dateModified\":\"2016-07-27T10:10:17+00:00\",\"breadcrumb\":{\"@id\":\"https:\/\/vincentians.com\/es\/manuel-herranz-vaquero-1922-2004\/#breadcrumb\"},\"inLanguage\":\"es\",\"potentialAction\":[{\"@type\":\"ReadAction\",\"target\":[\"https:\/\/vincentians.com\/es\/manuel-herranz-vaquero-1922-2004\/\"]}]},{\"@type\":\"ImageObject\",\"inLanguage\":\"es\",\"@id\":\"https:\/\/vincentians.com\/es\/manuel-herranz-vaquero-1922-2004\/#primaryimage\",\"url\":\"https:\/\/i0.wp.com\/vincentians.com\/es\/wp-content\/uploads\/sites\/11\/2016\/07\/bio-cm.jpg?fit=1200%2C630&ssl=1\",\"contentUrl\":\"https:\/\/i0.wp.com\/vincentians.com\/es\/wp-content\/uploads\/sites\/11\/2016\/07\/bio-cm.jpg?fit=1200%2C630&ssl=1\",\"width\":1200,\"height\":630},{\"@type\":\"BreadcrumbList\",\"@id\":\"https:\/\/vincentians.com\/es\/manuel-herranz-vaquero-1922-2004\/#breadcrumb\",\"itemListElement\":[{\"@type\":\"ListItem\",\"position\":1,\"name\":\"Portada\",\"item\":\"http:\/\/vincentians.com\/es\/\"},{\"@type\":\"ListItem\",\"position\":2,\"name\":\"Manuel Herranz Vaquero (1922\u20132004)\"}]},{\"@type\":\"WebSite\",\"@id\":\"http:\/\/vincentians.com\/es\/#website\",\"url\":\"http:\/\/vincentians.com\/es\/\",\"name\":\"Somos Vicencianos\",\"description\":\"Know more to serve more\",\"publisher\":{\"@id\":\"http:\/\/vincentians.com\/es\/#organization\"},\"potentialAction\":[{\"@type\":\"SearchAction\",\"target\":{\"@type\":\"EntryPoint\",\"urlTemplate\":\"http:\/\/vincentians.com\/es\/?s={search_term_string}\"},\"query-input\":{\"@type\":\"PropertyValueSpecification\",\"valueRequired\":true,\"valueName\":\"search_term_string\"}}],\"inLanguage\":\"es\"},{\"@type\":\"Organization\",\"@id\":\"http:\/\/vincentians.com\/es\/#organization\",\"name\":\"The Vincentian Network\",\"url\":\"http:\/\/vincentians.com\/es\/\",\"logo\":{\"@type\":\"ImageObject\",\"inLanguage\":\"es\",\"@id\":\"http:\/\/vincentians.com\/es\/#\/schema\/logo\/image\/\",\"url\":\"https:\/\/i1.wp.com\/vincentians.com\/es\/wp-content\/uploads\/sites\/11\/2016\/06\/Vincentian-Network-logo-big.png?fit=778%2C778\",\"contentUrl\":\"https:\/\/i1.wp.com\/vincentians.com\/es\/wp-content\/uploads\/sites\/11\/2016\/06\/Vincentian-Network-logo-big.png?fit=778%2C778\",\"width\":778,\"height\":778,\"caption\":\"The Vincentian Network\"},\"image\":{\"@id\":\"http:\/\/vincentians.com\/es\/#\/schema\/logo\/image\/\"},\"sameAs\":[\"https:\/\/www.facebook.com\/WeAreVincentians\/\",\"https:\/\/x.com\/WeVincentians\"]},{\"@type\":\"Person\",\"@id\":\"http:\/\/vincentians.com\/es\/#\/schema\/person\/7c2670b4445a7ca9d164ea6acdb31859\",\"name\":\"Mitxel Olabu\u00e9naga\",\"image\":{\"@type\":\"ImageObject\",\"inLanguage\":\"es\",\"@id\":\"http:\/\/vincentians.com\/es\/#\/schema\/person\/image\/\",\"url\":\"https:\/\/secure.gravatar.com\/avatar\/34137ec2e2b8939cbbed975731e71f3f4f1defc7266ded337a5ce0f925426877?s=96&d=mm&r=g\",\"contentUrl\":\"https:\/\/secure.gravatar.com\/avatar\/34137ec2e2b8939cbbed975731e71f3f4f1defc7266ded337a5ce0f925426877?s=96&d=mm&r=g\",\"caption\":\"Mitxel Olabu\u00e9naga\"},\"url\":\"https:\/\/vincentians.com\/es\/author\/mitxel\/\"}]}<\/script>\n<!-- \/ Yoast SEO plugin. -->","yoast_head_json":{"title":"Manuel Herranz Vaquero (1922\u20132004) - Somos Vicencianos","robots":{"index":"index","follow":"follow","max-snippet":"max-snippet:-1","max-image-preview":"max-image-preview:large","max-video-preview":"max-video-preview:-1"},"canonical":"https:\/\/vincentians.com\/es\/manuel-herranz-vaquero-1922-2004\/","og_locale":"es_ES","og_type":"article","og_title":"Manuel Herranz Vaquero (1922\u20132004) - Somos Vicencianos","og_description":"Naci\u00f3 el 2 de julio de 1922 en Courtiery, Francia. Sus padres fueron D. Pedro y Do\u00f1a Fermina. Curs\u00f3 sus primeros estudios en nuestro seminario menor de Teruel. Los Estudios de Eclesi\u00e1sticos los realiza en ... Read More","og_url":"https:\/\/vincentians.com\/es\/manuel-herranz-vaquero-1922-2004\/","og_site_name":"Somos Vicencianos","article_publisher":"https:\/\/www.facebook.com\/WeAreVincentians\/","article_published_time":"2013-12-23T06:57:57+00:00","article_modified_time":"2016-07-27T10:10:17+00:00","og_image":[{"width":1200,"height":630,"url":"https:\/\/i0.wp.com\/vincentians.com\/es\/wp-content\/uploads\/sites\/11\/2016\/07\/bio-cm.jpg?fit=1200%2C630&ssl=1","type":"image\/jpeg"}],"author":"Mitxel Olabu\u00e9naga","twitter_card":"summary_large_image","twitter_creator":"@WeVincentians","twitter_site":"@WeVincentians","twitter_misc":{"Escrito por":"Mitxel Olabu\u00e9naga","Tiempo de lectura":"1 minuto"},"schema":{"@context":"https:\/\/schema.org","@graph":[{"@type":"Article","@id":"https:\/\/vincentians.com\/es\/manuel-herranz-vaquero-1922-2004\/#article","isPartOf":{"@id":"https:\/\/vincentians.com\/es\/manuel-herranz-vaquero-1922-2004\/"},"author":{"name":"Mitxel Olabu\u00e9naga","@id":"http:\/\/vincentians.com\/es\/#\/schema\/person\/7c2670b4445a7ca9d164ea6acdb31859"},"headline":"Manuel Herranz Vaquero (1922\u20132004)","datePublished":"2013-12-23T06:57:57+00:00","dateModified":"2016-07-27T10:10:17+00:00","mainEntityOfPage":{"@id":"https:\/\/vincentians.com\/es\/manuel-herranz-vaquero-1922-2004\/"},"wordCount":205,"commentCount":0,"publisher":{"@id":"http:\/\/vincentians.com\/es\/#organization"},"image":{"@id":"https:\/\/vincentians.com\/es\/manuel-herranz-vaquero-1922-2004\/#primaryimage"},"thumbnailUrl":"https:\/\/i0.wp.com\/vincentians.com\/es\/wp-content\/uploads\/sites\/11\/2016\/07\/bio-cm.jpg?fit=1200%2C630&ssl=1","keywords":["San Juan de la Cruz"],"articleSection":["Biograf\u00edas de Misioneros Pa\u00fales"],"inLanguage":"es","potentialAction":[{"@type":"CommentAction","name":"Comment","target":["https:\/\/vincentians.com\/es\/manuel-herranz-vaquero-1922-2004\/#respond"]}]},{"@type":"WebPage","@id":"https:\/\/vincentians.com\/es\/manuel-herranz-vaquero-1922-2004\/","url":"https:\/\/vincentians.com\/es\/manuel-herranz-vaquero-1922-2004\/","name":"Manuel Herranz Vaquero (1922\u20132004) - Somos Vicencianos","isPartOf":{"@id":"http:\/\/vincentians.com\/es\/#website"},"primaryImageOfPage":{"@id":"https:\/\/vincentians.com\/es\/manuel-herranz-vaquero-1922-2004\/#primaryimage"},"image":{"@id":"https:\/\/vincentians.com\/es\/manuel-herranz-vaquero-1922-2004\/#primaryimage"},"thumbnailUrl":"https:\/\/i0.wp.com\/vincentians.com\/es\/wp-content\/uploads\/sites\/11\/2016\/07\/bio-cm.jpg?fit=1200%2C630&ssl=1","datePublished":"2013-12-23T06:57:57+00:00","dateModified":"2016-07-27T10:10:17+00:00","breadcrumb":{"@id":"https:\/\/vincentians.com\/es\/manuel-herranz-vaquero-1922-2004\/#breadcrumb"},"inLanguage":"es","potentialAction":[{"@type":"ReadAction","target":["https:\/\/vincentians.com\/es\/manuel-herranz-vaquero-1922-2004\/"]}]},{"@type":"ImageObject","inLanguage":"es","@id":"https:\/\/vincentians.com\/es\/manuel-herranz-vaquero-1922-2004\/#primaryimage","url":"https:\/\/i0.wp.com\/vincentians.com\/es\/wp-content\/uploads\/sites\/11\/2016\/07\/bio-cm.jpg?fit=1200%2C630&ssl=1","contentUrl":"https:\/\/i0.wp.com\/vincentians.com\/es\/wp-content\/uploads\/sites\/11\/2016\/07\/bio-cm.jpg?fit=1200%2C630&ssl=1","width":1200,"height":630},{"@type":"BreadcrumbList","@id":"https:\/\/vincentians.com\/es\/manuel-herranz-vaquero-1922-2004\/#breadcrumb","itemListElement":[{"@type":"ListItem","position":1,"name":"Portada","item":"http:\/\/vincentians.com\/es\/"},{"@type":"ListItem","position":2,"name":"Manuel Herranz Vaquero (1922\u20132004)"}]},{"@type":"WebSite","@id":"http:\/\/vincentians.com\/es\/#website","url":"http:\/\/vincentians.com\/es\/","name":"Somos Vicencianos","description":"Know more to serve more","publisher":{"@id":"http:\/\/vincentians.com\/es\/#organization"},"potentialAction":[{"@type":"SearchAction","target":{"@type":"EntryPoint","urlTemplate":"http:\/\/vincentians.com\/es\/?s={search_term_string}"},"query-input":{"@type":"PropertyValueSpecification","valueRequired":true,"valueName":"search_term_string"}}],"inLanguage":"es"},{"@type":"Organization","@id":"http:\/\/vincentians.com\/es\/#organization","name":"The Vincentian Network","url":"http:\/\/vincentians.com\/es\/","logo":{"@type":"ImageObject","inLanguage":"es","@id":"http:\/\/vincentians.com\/es\/#\/schema\/logo\/image\/","url":"https:\/\/i1.wp.com\/vincentians.com\/es\/wp-content\/uploads\/sites\/11\/2016\/06\/Vincentian-Network-logo-big.png?fit=778%2C778","contentUrl":"https:\/\/i1.wp.com\/vincentians.com\/es\/wp-content\/uploads\/sites\/11\/2016\/06\/Vincentian-Network-logo-big.png?fit=778%2C778","width":778,"height":778,"caption":"The Vincentian Network"},"image":{"@id":"http:\/\/vincentians.com\/es\/#\/schema\/logo\/image\/"},"sameAs":["https:\/\/www.facebook.com\/WeAreVincentians\/","https:\/\/x.com\/WeVincentians"]},{"@type":"Person","@id":"http:\/\/vincentians.com\/es\/#\/schema\/person\/7c2670b4445a7ca9d164ea6acdb31859","name":"Mitxel Olabu\u00e9naga","image":{"@type":"ImageObject","inLanguage":"es","@id":"http:\/\/vincentians.com\/es\/#\/schema\/person\/image\/","url":"https:\/\/secure.gravatar.com\/avatar\/34137ec2e2b8939cbbed975731e71f3f4f1defc7266ded337a5ce0f925426877?s=96&d=mm&r=g","contentUrl":"https:\/\/secure.gravatar.com\/avatar\/34137ec2e2b8939cbbed975731e71f3f4f1defc7266ded337a5ce0f925426877?s=96&d=mm&r=g","caption":"Mitxel Olabu\u00e9naga"},"url":"https:\/\/vincentians.com\/es\/author\/mitxel\/"}]}},"jetpack_publicize_connections":[],"jetpack_featured_media_url":"https:\/\/i0.wp.com\/vincentians.com\/es\/wp-content\/uploads\/sites\/11\/2016\/07\/bio-cm.jpg?fit=1200%2C630&ssl=1","jetpack_sharing_enabled":true,"jetpack_shortlink":"https:\/\/wp.me\/p7ETMF-wVi","jetpack-related-posts":[{"id":129788,"url":"https:\/\/vincentians.com\/es\/p-manuel-gonzalez-ruiz\/","url_meta":{"origin":126560,"position":0},"title":"P. Manuel Gonz\u00e1lez Ruiz","author":"Mitxel Olabu\u00e9naga","date":"28\/03\/2014","format":false,"excerpt":"El d\u00eda de Ntra. del Carmen, 16 de julio de 2010, en la enfermer\u00eda de los Padres Pa\u00fales de Santa Marta de Tormes, Salamanca, a las 15,45, el P. Manuel Gonz\u00e1lez Ruiz, nos dej\u00f3 para entrar en la casa del Padre, despu\u00e9s de casi cuatro a\u00f1os de situaci\u00f3n de dependencia\u2026","rel":"","context":"En \u00abBiograf\u00edas de Misioneros Pa\u00fales\u00bb","block_context":{"text":"Biograf\u00edas de Misioneros Pa\u00fales","link":"https:\/\/vincentians.com\/es\/category\/la-familia-vicenciana\/biografias-vicencianas\/biografias-de-misioneros-paules\/"},"img":{"alt_text":"","src":"https:\/\/i0.wp.com\/vincentians.com\/es\/wp-content\/uploads\/sites\/11\/2016\/07\/bio-cm.jpg?fit=1200%2C630&ssl=1&resize=350%2C200","width":350,"height":200,"srcset":"https:\/\/i0.wp.com\/vincentians.com\/es\/wp-content\/uploads\/sites\/11\/2016\/07\/bio-cm.jpg?fit=1200%2C630&ssl=1&resize=350%2C200 1x, https:\/\/i0.wp.com\/vincentians.com\/es\/wp-content\/uploads\/sites\/11\/2016\/07\/bio-cm.jpg?fit=1200%2C630&ssl=1&resize=525%2C300 1.5x, https:\/\/i0.wp.com\/vincentians.com\/es\/wp-content\/uploads\/sites\/11\/2016\/07\/bio-cm.jpg?fit=1200%2C630&ssl=1&resize=700%2C400 2x, https:\/\/i0.wp.com\/vincentians.com\/es\/wp-content\/uploads\/sites\/11\/2016\/07\/bio-cm.jpg?fit=1200%2C630&ssl=1&resize=1050%2C600 3x"},"classes":[]},{"id":131755,"url":"https:\/\/vincentians.com\/es\/silvestre-ojea-1949-1956-visitador\/","url_meta":{"origin":126560,"position":1},"title":"Silvestre Ojea (1949-1956) (Visitador)","author":"Mitxel Olabu\u00e9naga","date":"11\/11\/2014","format":false,"excerpt":"Nace el 26 de febrero de 1892 en la provincia de Orense. Ingres\u00f3 en el Seminario Interno el 17 de septiembre de 1907, tras las Humanidades realizadas en Los Milagros. Ordenado sacerdote el 23 de septiembre de 1916 fue destinado a Limpias hasta 1922, a\u00f1o en que fue nombrado profesor\u2026","rel":"","context":"En \u00abBiograf\u00edas de Misioneros Pa\u00fales\u00bb","block_context":{"text":"Biograf\u00edas de Misioneros Pa\u00fales","link":"https:\/\/vincentians.com\/es\/category\/la-familia-vicenciana\/biografias-vicencianas\/biografias-de-misioneros-paules\/"},"img":{"alt_text":"","src":"https:\/\/i0.wp.com\/vincentians.com\/es\/wp-content\/uploads\/sites\/11\/2016\/07\/bio-cm.jpg?fit=1200%2C630&ssl=1&resize=350%2C200","width":350,"height":200,"srcset":"https:\/\/i0.wp.com\/vincentians.com\/es\/wp-content\/uploads\/sites\/11\/2016\/07\/bio-cm.jpg?fit=1200%2C630&ssl=1&resize=350%2C200 1x, https:\/\/i0.wp.com\/vincentians.com\/es\/wp-content\/uploads\/sites\/11\/2016\/07\/bio-cm.jpg?fit=1200%2C630&ssl=1&resize=525%2C300 1.5x, https:\/\/i0.wp.com\/vincentians.com\/es\/wp-content\/uploads\/sites\/11\/2016\/07\/bio-cm.jpg?fit=1200%2C630&ssl=1&resize=700%2C400 2x, https:\/\/i0.wp.com\/vincentians.com\/es\/wp-content\/uploads\/sites\/11\/2016\/07\/bio-cm.jpg?fit=1200%2C630&ssl=1&resize=1050%2C600 3x"},"classes":[]},{"id":95854,"url":"https:\/\/vincentians.com\/es\/manuel-gonzalez-ruiz\/","url_meta":{"origin":126560,"position":2},"title":"Manuel Gonz\u00e1lez Ruiz","author":"Mitxel Olabu\u00e9naga","date":"03\/09\/2012","format":false,"excerpt":"El d\u00eda de Ntra. Se\u00f1ora del Carmen, 16 de julio de 2010, en la enfermer\u00eda de los Padres Pa\u00fales de Santa Marta de Tormes, Salamanca, a las 15'45, el P. Manuel Gonz\u00e1lez Ruiz (1922-2010) nos dej\u00f3 para entrar en la casa del Padre, despu\u00e9s de casi cuatro a\u00f1os de situaci\u00f3n\u2026","rel":"","context":"En \u00abBiograf\u00edas de Misioneros Pa\u00fales\u00bb","block_context":{"text":"Biograf\u00edas de Misioneros Pa\u00fales","link":"https:\/\/vincentians.com\/es\/category\/la-familia-vicenciana\/biografias-vicencianas\/biografias-de-misioneros-paules\/"},"img":{"alt_text":"","src":"https:\/\/i0.wp.com\/vincentians.com\/es\/wp-content\/uploads\/sites\/11\/2016\/07\/bio-cm.jpg?fit=1200%2C630&ssl=1&resize=350%2C200","width":350,"height":200,"srcset":"https:\/\/i0.wp.com\/vincentians.com\/es\/wp-content\/uploads\/sites\/11\/2016\/07\/bio-cm.jpg?fit=1200%2C630&ssl=1&resize=350%2C200 1x, https:\/\/i0.wp.com\/vincentians.com\/es\/wp-content\/uploads\/sites\/11\/2016\/07\/bio-cm.jpg?fit=1200%2C630&ssl=1&resize=525%2C300 1.5x, https:\/\/i0.wp.com\/vincentians.com\/es\/wp-content\/uploads\/sites\/11\/2016\/07\/bio-cm.jpg?fit=1200%2C630&ssl=1&resize=700%2C400 2x, https:\/\/i0.wp.com\/vincentians.com\/es\/wp-content\/uploads\/sites\/11\/2016\/07\/bio-cm.jpg?fit=1200%2C630&ssl=1&resize=1050%2C600 3x"},"classes":[]},{"id":130756,"url":"https:\/\/vincentians.com\/es\/manuel-sedano-sierra-1934-2012\/","url_meta":{"origin":126560,"position":3},"title":"MANUEL SEDANO SIERRA (1934 \u2013 2012)","author":"Mitxel Olabu\u00e9naga","date":"11\/07\/2014","format":false,"excerpt":"El P. Manuel Sedano naci\u00f3 el 30 de agosto de 1934 en Salcedillo (Palencia). Sus padres fueron: D. Rogelio y D\u00f1a. Eleuteria. Fue bautizado en la parroquia \"San Mart\u00edn\", de esta localidad, el d\u00eda 6 de septiembre de este mismo a\u00f1o. Ingres\u00f3 en el Seminario Interno de la Congregaci\u00f3n de\u2026","rel":"","context":"En \u00abBiograf\u00edas de Misioneros Pa\u00fales\u00bb","block_context":{"text":"Biograf\u00edas de Misioneros Pa\u00fales","link":"https:\/\/vincentians.com\/es\/category\/la-familia-vicenciana\/biografias-vicencianas\/biografias-de-misioneros-paules\/"},"img":{"alt_text":"","src":"https:\/\/i0.wp.com\/vincentians.com\/es\/wp-content\/uploads\/sites\/11\/2016\/07\/bio-cm.jpg?fit=1200%2C630&ssl=1&resize=350%2C200","width":350,"height":200,"srcset":"https:\/\/i0.wp.com\/vincentians.com\/es\/wp-content\/uploads\/sites\/11\/2016\/07\/bio-cm.jpg?fit=1200%2C630&ssl=1&resize=350%2C200 1x, https:\/\/i0.wp.com\/vincentians.com\/es\/wp-content\/uploads\/sites\/11\/2016\/07\/bio-cm.jpg?fit=1200%2C630&ssl=1&resize=525%2C300 1.5x, https:\/\/i0.wp.com\/vincentians.com\/es\/wp-content\/uploads\/sites\/11\/2016\/07\/bio-cm.jpg?fit=1200%2C630&ssl=1&resize=700%2C400 2x, https:\/\/i0.wp.com\/vincentians.com\/es\/wp-content\/uploads\/sites\/11\/2016\/07\/bio-cm.jpg?fit=1200%2C630&ssl=1&resize=1050%2C600 3x"},"classes":[]},{"id":130169,"url":"https:\/\/vincentians.com\/es\/tomas-garcia-cano-1934-2011\/","url_meta":{"origin":126560,"position":4},"title":"TOM\u00c1S GARC\u00cdA CANO  (1934 \u2013 2011)","author":"Mitxel Olabu\u00e9naga","date":"22\/04\/2014","format":false,"excerpt":"El P. Tom\u00e1s Garc\u00eda Cano naci\u00f3 el 2 de octubre de 1934 en Jerez de la Frontera (C\u00e1diz). Sus padres fueron: D. Manuel y D\u00f1a. Tomasa. Bautizado en la parroquia de \"Santiago\" el d\u00eda 25 de diciembre, fue confirmado el 23 de marzo del a\u00f1o 1950. Ingres\u00f3 en el Seminario\u2026","rel":"","context":"En \u00abBiograf\u00edas de Misioneros Pa\u00fales\u00bb","block_context":{"text":"Biograf\u00edas de Misioneros Pa\u00fales","link":"https:\/\/vincentians.com\/es\/category\/la-familia-vicenciana\/biografias-vicencianas\/biografias-de-misioneros-paules\/"},"img":{"alt_text":"","src":"https:\/\/i0.wp.com\/vincentians.com\/es\/wp-content\/uploads\/sites\/11\/2016\/07\/bio-cm.jpg?fit=1200%2C630&ssl=1&resize=350%2C200","width":350,"height":200,"srcset":"https:\/\/i0.wp.com\/vincentians.com\/es\/wp-content\/uploads\/sites\/11\/2016\/07\/bio-cm.jpg?fit=1200%2C630&ssl=1&resize=350%2C200 1x, https:\/\/i0.wp.com\/vincentians.com\/es\/wp-content\/uploads\/sites\/11\/2016\/07\/bio-cm.jpg?fit=1200%2C630&ssl=1&resize=525%2C300 1.5x, https:\/\/i0.wp.com\/vincentians.com\/es\/wp-content\/uploads\/sites\/11\/2016\/07\/bio-cm.jpg?fit=1200%2C630&ssl=1&resize=700%2C400 2x, https:\/\/i0.wp.com\/vincentians.com\/es\/wp-content\/uploads\/sites\/11\/2016\/07\/bio-cm.jpg?fit=1200%2C630&ssl=1&resize=1050%2C600 3x"},"classes":[]},{"id":118258,"url":"https:\/\/vincentians.com\/es\/orcajo-casado-alejandro-1909-2004\/","url_meta":{"origin":126560,"position":5},"title":"Orcajo Casado, Alejandro (1909 \u2013 2004)","author":"Mitxel Olabu\u00e9naga","date":"03\/11\/2021","format":false,"excerpt":"Naci\u00f3 el 29 de mayo de 1909 en Yudego, Burgos. Sus padres fueron D. Antonino y Do\u00f1a Rosa. Curs\u00f3 sus primeros estudios en nuestros \"seminarios menores\" de Tardajos y Guadalajara. Los Estudios de Eclesi\u00e1sticos los realiza en Villafranca del Bierzo y en Cuenca. \u00a0Hab\u00eda ingresado en la \"Congregaci\u00f3n de la\u2026","rel":"","context":"En \u00abBiograf\u00edas de Misioneros Pa\u00fales\u00bb","block_context":{"text":"Biograf\u00edas de Misioneros Pa\u00fales","link":"https:\/\/vincentians.com\/es\/category\/la-familia-vicenciana\/biografias-vicencianas\/biografias-de-misioneros-paules\/"},"img":{"alt_text":"","src":"https:\/\/i0.wp.com\/vincentians.com\/es\/wp-content\/uploads\/sites\/11\/2016\/07\/bio-cm.jpg?fit=1200%2C630&ssl=1&resize=350%2C200","width":350,"height":200,"srcset":"https:\/\/i0.wp.com\/vincentians.com\/es\/wp-content\/uploads\/sites\/11\/2016\/07\/bio-cm.jpg?fit=1200%2C630&ssl=1&resize=350%2C200 1x, https:\/\/i0.wp.com\/vincentians.com\/es\/wp-content\/uploads\/sites\/11\/2016\/07\/bio-cm.jpg?fit=1200%2C630&ssl=1&resize=525%2C300 1.5x, https:\/\/i0.wp.com\/vincentians.com\/es\/wp-content\/uploads\/sites\/11\/2016\/07\/bio-cm.jpg?fit=1200%2C630&ssl=1&resize=700%2C400 2x, https:\/\/i0.wp.com\/vincentians.com\/es\/wp-content\/uploads\/sites\/11\/2016\/07\/bio-cm.jpg?fit=1200%2C630&ssl=1&resize=1050%2C600 3x"},"classes":[]}],"_links":{"self":[{"href":"https:\/\/vincentians.com\/es\/wp-json\/wp\/v2\/posts\/126560","targetHints":{"allow":["GET"]}}],"collection":[{"href":"https:\/\/vincentians.com\/es\/wp-json\/wp\/v2\/posts"}],"about":[{"href":"https:\/\/vincentians.com\/es\/wp-json\/wp\/v2\/types\/post"}],"author":[{"embeddable":true,"href":"https:\/\/vincentians.com\/es\/wp-json\/wp\/v2\/users\/5"}],"replies":[{"embeddable":true,"href":"https:\/\/vincentians.com\/es\/wp-json\/wp\/v2\/comments?post=126560"}],"version-history":[{"count":0,"href":"https:\/\/vincentians.com\/es\/wp-json\/wp\/v2\/posts\/126560\/revisions"}],"wp:featuredmedia":[{"embeddable":true,"href":"https:\/\/vincentians.com\/es\/wp-json\/wp\/v2\/media\/391249"}],"wp:attachment":[{"href":"https:\/\/vincentians.com\/es\/wp-json\/wp\/v2\/media?parent=126560"}],"wp:term":[{"taxonomy":"category","embeddable":true,"href":"https:\/\/vincentians.com\/es\/wp-json\/wp\/v2\/categories?post=126560"},{"taxonomy":"post_tag","embeddable":true,"href":"https:\/\/vincentians.com\/es\/wp-json\/wp\/v2\/tags?post=126560"}],"curies":[{"name":"wp","href":"https:\/\/api.w.org\/{rel}","templated":true}]}}