{"id":126467,"date":"2024-01-03T08:45:20","date_gmt":"2024-01-03T07:45:20","guid":{"rendered":"http:\/\/somos.vicencianos.org\/?p=126467"},"modified":"2023-08-19T20:29:08","modified_gmt":"2023-08-19T18:29:08","slug":"aic-contra-las-pobrezas-actuar-juntos-i","status":"publish","type":"post","link":"https:\/\/vincentians.com\/es\/aic-contra-las-pobrezas-actuar-juntos-i\/","title":{"rendered":"AIC, Contra las pobrezas: \u00a1Actuar juntos! El cambio sist\u00e9mico (I)"},"content":{"rendered":"<h2><b><i>Introducci\u00f3n <\/i><\/b><\/h2>\n<p>Un objetivo com\u00fan: <b>AIC, Contra las pobrezas, Actuar juntos! <\/b><\/p>\n<p>La AIC es una asociaci\u00f3n din\u00e1mica, que es parte y est\u00e1 compuesta por m\u00faltiples sistemas, que interact\u00faan constantemente, para lograr un objetivo com\u00fan: <b>\u00abContra las pobrezas, Actuar juntos\u00bb <\/b><\/p>\n<p>La situaci\u00f3n actual del mundo, en la que la pobreza aumenta de d\u00eda en d\u00eda, nos interpela y nos hace sentir con mayor fuerza la necesidad de colaborar de manera m\u00e1s efectiva para que nuestros proyectos para y con los pobres, sean una verdadera alternativa para llegar a cambiar las situaciones tan injustas en que ellos viven. Para un alto porcentaje de seres humanos, la subsistencia es una preocupaci\u00f3n constante que les impide ver hacia adelante. Nos angustia ver que esos hermanos a quienes queremos servir y cuyo clamor se hace escuchar de diversas maneras, tanto en los pa\u00edses ricos, como en los pa\u00edses m\u00e1s pobres, son los que m\u00e1s resienten las injusticias, los efectos negativos de la globalizaci\u00f3n, el deterioro de la ecolog\u00eda, los cambios clim\u00e1ticos, los desastres, las guerras\u2026<\/p>\n<p>Al evaluar los diferentes proyectos que las asociaciones AIC y los grupos locales realizan, vemos con alegr\u00eda que hay grupos AIC que han logrado tener un impacto real y positivo en la vida de nuestros hermanos. Sin embargo, a pesar de los esfuerzos que hacen muchas voluntarias para llevarlos a cabo, numerosos proyectos, aunque positivos, frecuentemente no logran transformar la vida de los excluidos.<\/p>\n<p>Frente a esta doble realidad nos hacemos varias preguntas: <b>\u00bfPor qu\u00e9 algunos proyectos no logran transformar la vida de los pobres? \u00bfQu\u00e9 es lo que origina el \u00e9xito de algunos proyectos? \u00bfQu\u00e9 estrategias se han puesto en pr\u00e1ctica en los proyectos exitosos? <\/b><\/p>\n<p>Estos mismos cuestionamientos se los hicieron el Padre General Gregory Gay y sus consejeros y propusieron una nueva idea, que fue adoptada con entusiasmo por los responsables de las diferentes ramas de la Familia Vicentina<b>: estudiar y promover el Cambio Sist\u00e9mico. <\/b>Para este fin se creo una comisi\u00f3n integrada por miembros de las diversas ramas de la familia.<\/p>\n<p>La AIC, siempre en b\u00fasqueda, asumi\u00f3 como propia la necesidad de profundizar la reflexi\u00f3n sobre el Cambio Sist\u00e9mico y tanto los miembros del Comit\u00e9 Ejecutivo, como los del Secretariado Internacional, se han capacitado y han comenzado a aplicar los modelos del pensamiento y del cambio sist\u00e9mico.<\/p>\n<p>Les ofrecemos ahora este cuaderno de formaci\u00f3n, en el cual encontrar\u00e1n la formaci\u00f3n b\u00e1sica requerida para que sean ustedes, en sus diferentes pa\u00edses y en contextos diversos, las promotoras de cambios radicales. Si aceptan este reto, comenzar\u00e1n a pensar en forma sist\u00e9mica, lo que permitir\u00e1 lograr los cambios deseados, no s\u00f3lo en su propia asociaci\u00f3n, sino tambi\u00e9n frente a las pobrezas y en la sociedad, tal como se se\u00f1ala en las L\u00edneas Program\u00e1ticas de la AIC.<\/p>\n<h2><b><i>I. Juntos<\/i><\/b><\/h2>\n<h3><b>Todos somos sist\u00e9micos <\/b><\/h3>\n<p>Todos hemos sido un d\u00eda \u00bb sist\u00e9micos \u00ab, cuando \u00e9ramos ni\u00f1os mir\u00e1bamos la vida globalmente, sin interpretaciones, sin etiquetas. En efecto, un ni\u00f1o es capaz de ver y de comprender que existen lazos, una relaci\u00f3n, despu\u00e9s trabaja duro para olvidarlo.<\/p>\n<p>Toda nuestra educaci\u00f3n ha consistido en la determinaci\u00f3n de r\u00edgidos l\u00edmites de separaci\u00f3n entre las cosas y en la construcci\u00f3n de objetos bien identificables, separados del mundo. El problema es que al separar as\u00ed cada cosa de su entorno, hemos aprendido a creer en su autonom\u00eda y olvidado los miles de lazos, pr\u00e1cticos, ecol\u00f3gicos, m\u00e1gicos, afectivos que las unen al mundo y a nosotros mismos<\/p>\n<h3><b>Breve historia del enfoque sist\u00e9mico <\/b><\/h3>\n<p>Encontramos la idea de \u00bb sistema \u00bb en los fil\u00f3sofos griegos de la antig\u00fcedad que ve\u00edan el universo como <b>un todo cuyas partes son interdependientes <\/b>unas de otras. Sus ense\u00f1anzas, trasmitidas por la Edad Media y el Renacimiento, fueron dejadas de lado por los fil\u00f3sofos del siglo de las luces que insistieron m\u00e1s bien sobre la dominaci\u00f3n del individuo frente al entorno social.<\/p>\n<p>La \u00bb sist\u00e9mica \u00bb ha nacido en el transcurso de los treinta \u00faltimos a\u00f1os de la fecundaci\u00f3n de varias disciplinas. No es una idea nueva, lo que es nuevo es la integraci\u00f3n de las diferentes disciplinas que alrededor de ella se realiza. Es un <b>enfoque transdisciplinario, <\/b>un enfoque de conjunto que permite comprender mejor y describir mejor la complejidad organizada, una nueva metodolog\u00eda que permite recoger y organizar los conocimientos con miras a una mayor eficacia de la acci\u00f3n.<\/p>\n<h3><b>Comenzar a \u00bb pensar sist\u00e9micamente \u00bb <\/b><\/h3>\n<p>Vivimos en un mundo complejo y diversificado e intentamos comprender sus disfuncionamientos como son la injusticia, la pobreza, la angustia humana. Estas situaciones son tan complejas que, a veces, tenemos la impresi\u00f3n de no poseer los conocimientos necesarios para tener una idea clara y precisa de la realidad. \u00bfC\u00f3mo avanzar en nuestra comprensi\u00f3n? El pensamiento sist\u00e9mico es una manera de <b>comprender dicha complejidad. <\/b>Nos permite desarrollar <b>aptitudes para establecer las relaciones, ver los lazos, <\/b>que nos llevar\u00e1n a comprender los disfuncionamientos y a encontrar las estrategias para erradicarlos de manera eficaz.<\/p>\n<p>Se trata de un profundo cambio de mentalidad ya que se abandona una visi\u00f3n fragmentaria en provecho de una visi\u00f3n de conjunto. Se considera un sistema (una persona, una familia, una organizaci\u00f3n, un pa\u00eds\u2026) en su totalidad, su din\u00e1mica propia, y se concede tanta importancia a las relaciones e interacciones entre sus elementos, que a los elementos mismos. Es un enfoque ecol\u00f3gico, hol\u00edstico. Es un enfoque que mira hacia el porvenir, hacia la realizaci\u00f3n del objetivo.<\/p>\n<h3><b>Qu\u00e9 es el Cambio Sist\u00e9mico <\/b><\/h3>\n<p>El Cambio Sist\u00e9mico es un proceso que favorece el cambio estructural de todo un sistema (para nosotras un proyecto, una acci\u00f3n, la sociedad&#8230;.) contemplando todas las partes que lo conforman y las conexiones existentes entre ellas, con el objetivo de cambiar el sistema en su globalidad. Su objetivo es llegar a una transformaci\u00f3n radical de la vida de los excluidos a trav\u00e9s de las estrategias espec\u00edficas requeridas para producir dichos cambios.<\/p>\n<p>As\u00ed mismo, nos ofrece herramientas para interpretar nuestra experiencia, enfoc\u00e1ndose en las relaciones entre los elementos, m\u00e1s que en los contenidos de los elementos mismos. Este tipo de pensamiento impide que inconscientemente usemos los mismos modelos mentales que est\u00e1n causando el problema que queremos resolver.<\/p>\n","protected":false},"excerpt":{"rendered":"<p>Introducci\u00f3n Un objetivo com\u00fan: AIC, Contra las pobrezas, Actuar juntos! La AIC es una asociaci\u00f3n din\u00e1mica, que es parte y est\u00e1 compuesta por m\u00faltiples sistemas, que interact\u00faan constantemente, para lograr un objetivo com\u00fan: \u00abContra las &#8230; <a href=\"https:\/\/vincentians.com\/es\/aic-contra-las-pobrezas-actuar-juntos-i\/\" class=\"more-link\">Read More<\/a><\/p>\n","protected":false},"author":4,"featured_media":405111,"comment_status":"open","ping_status":"open","sticky":false,"template":"","format":"standard","meta":{"jetpack_post_was_ever_published":false,"_jetpack_newsletter_access":"","_jetpack_dont_email_post_to_subs":false,"_jetpack_newsletter_tier_id":0,"_jetpack_memberships_contains_paywalled_content":false,"_jetpack_memberships_contains_paid_content":false,"footnotes":"","jetpack_publicize_message":"","jetpack_publicize_feature_enabled":true,"jetpack_social_post_already_shared":true,"jetpack_social_options":{"image_generator_settings":{"template":"highway","default_image_id":0,"font":"","enabled":false},"version":2}},"categories":[102],"tags":[172],"class_list":["post-126467","post","type-post","status-publish","format-standard","has-post-thumbnail","hentry","category-cambio-sistemico","tag-pobreza"],"yoast_head":"<!-- This site is optimized with the Yoast SEO plugin v26.3 - https:\/\/yoast.com\/wordpress\/plugins\/seo\/ -->\n<title>AIC, Contra las pobrezas: \u00a1Actuar juntos! El cambio sist\u00e9mico (I) - Somos Vicencianos<\/title>\n<meta name=\"robots\" content=\"index, follow, max-snippet:-1, max-image-preview:large, max-video-preview:-1\" \/>\n<link rel=\"canonical\" href=\"https:\/\/vincentians.com\/es\/aic-contra-las-pobrezas-actuar-juntos-i\/\" \/>\n<meta property=\"og:locale\" content=\"es_ES\" \/>\n<meta property=\"og:type\" content=\"article\" \/>\n<meta property=\"og:title\" content=\"AIC, Contra las pobrezas: \u00a1Actuar juntos! El cambio sist\u00e9mico (I) - Somos Vicencianos\" \/>\n<meta property=\"og:description\" content=\"Introducci\u00f3n Un objetivo com\u00fan: AIC, Contra las pobrezas, Actuar juntos! La AIC es una asociaci\u00f3n din\u00e1mica, que es parte y est\u00e1 compuesta por m\u00faltiples sistemas, que interact\u00faan constantemente, para lograr un objetivo com\u00fan: \u00abContra las ... Read More\" \/>\n<meta property=\"og:url\" content=\"https:\/\/vincentians.com\/es\/aic-contra-las-pobrezas-actuar-juntos-i\/\" \/>\n<meta property=\"og:site_name\" content=\"Somos Vicencianos\" \/>\n<meta property=\"article:publisher\" content=\"https:\/\/www.facebook.com\/WeAreVincentians\/\" \/>\n<meta property=\"article:author\" content=\"https:\/\/www.facebook.com\/JavierChento\" \/>\n<meta property=\"article:published_time\" content=\"2024-01-03T07:45:20+00:00\" \/>\n<meta property=\"og:image\" content=\"https:\/\/i0.wp.com\/vincentians.com\/es\/wp-content\/uploads\/sites\/11\/2023\/08\/aa.jpeg?fit=1152%2C648&ssl=1\" \/>\n\t<meta property=\"og:image:width\" content=\"1152\" \/>\n\t<meta property=\"og:image:height\" content=\"648\" \/>\n\t<meta property=\"og:image:type\" content=\"image\/jpeg\" \/>\n<meta name=\"author\" content=\"Francisco Javier Fern\u00e1ndez Chento\" \/>\n<meta name=\"twitter:card\" content=\"summary_large_image\" \/>\n<meta name=\"twitter:creator\" content=\"@https:\/\/twitter.com\/javierchento\" \/>\n<meta name=\"twitter:site\" content=\"@WeVincentians\" \/>\n<meta name=\"twitter:label1\" content=\"Escrito por\" \/>\n\t<meta name=\"twitter:data1\" content=\"Francisco Javier Fern\u00e1ndez Chento\" \/>\n\t<meta name=\"twitter:label2\" content=\"Tiempo de lectura\" \/>\n\t<meta name=\"twitter:data2\" content=\"5 minutos\" \/>\n<script type=\"application\/ld+json\" class=\"yoast-schema-graph\">{\"@context\":\"https:\/\/schema.org\",\"@graph\":[{\"@type\":\"Article\",\"@id\":\"https:\/\/vincentians.com\/es\/aic-contra-las-pobrezas-actuar-juntos-i\/#article\",\"isPartOf\":{\"@id\":\"https:\/\/vincentians.com\/es\/aic-contra-las-pobrezas-actuar-juntos-i\/\"},\"author\":{\"name\":\"Francisco Javier Fern\u00e1ndez Chento\",\"@id\":\"https:\/\/vincentians.com\/es\/#\/schema\/person\/9623ef4d9aa3b2dfb8c061f1499288f2\"},\"headline\":\"AIC, Contra las pobrezas: \u00a1Actuar juntos! El cambio sist\u00e9mico (I)\",\"datePublished\":\"2024-01-03T07:45:20+00:00\",\"mainEntityOfPage\":{\"@id\":\"https:\/\/vincentians.com\/es\/aic-contra-las-pobrezas-actuar-juntos-i\/\"},\"wordCount\":1104,\"commentCount\":0,\"publisher\":{\"@id\":\"https:\/\/vincentians.com\/es\/#organization\"},\"image\":{\"@id\":\"https:\/\/vincentians.com\/es\/aic-contra-las-pobrezas-actuar-juntos-i\/#primaryimage\"},\"thumbnailUrl\":\"https:\/\/i0.wp.com\/vincentians.com\/es\/wp-content\/uploads\/sites\/11\/2023\/08\/aa.jpeg?fit=1152%2C648&ssl=1\",\"keywords\":[\"Pobreza\"],\"articleSection\":[\"Cambio sist\u00e9mico\"],\"inLanguage\":\"es\",\"potentialAction\":[{\"@type\":\"CommentAction\",\"name\":\"Comment\",\"target\":[\"https:\/\/vincentians.com\/es\/aic-contra-las-pobrezas-actuar-juntos-i\/#respond\"]}]},{\"@type\":\"WebPage\",\"@id\":\"https:\/\/vincentians.com\/es\/aic-contra-las-pobrezas-actuar-juntos-i\/\",\"url\":\"https:\/\/vincentians.com\/es\/aic-contra-las-pobrezas-actuar-juntos-i\/\",\"name\":\"AIC, Contra las pobrezas: \u00a1Actuar juntos! El cambio sist\u00e9mico (I) - Somos Vicencianos\",\"isPartOf\":{\"@id\":\"https:\/\/vincentians.com\/es\/#website\"},\"primaryImageOfPage\":{\"@id\":\"https:\/\/vincentians.com\/es\/aic-contra-las-pobrezas-actuar-juntos-i\/#primaryimage\"},\"image\":{\"@id\":\"https:\/\/vincentians.com\/es\/aic-contra-las-pobrezas-actuar-juntos-i\/#primaryimage\"},\"thumbnailUrl\":\"https:\/\/i0.wp.com\/vincentians.com\/es\/wp-content\/uploads\/sites\/11\/2023\/08\/aa.jpeg?fit=1152%2C648&ssl=1\",\"datePublished\":\"2024-01-03T07:45:20+00:00\",\"breadcrumb\":{\"@id\":\"https:\/\/vincentians.com\/es\/aic-contra-las-pobrezas-actuar-juntos-i\/#breadcrumb\"},\"inLanguage\":\"es\",\"potentialAction\":[{\"@type\":\"ReadAction\",\"target\":[\"https:\/\/vincentians.com\/es\/aic-contra-las-pobrezas-actuar-juntos-i\/\"]}]},{\"@type\":\"ImageObject\",\"inLanguage\":\"es\",\"@id\":\"https:\/\/vincentians.com\/es\/aic-contra-las-pobrezas-actuar-juntos-i\/#primaryimage\",\"url\":\"https:\/\/i0.wp.com\/vincentians.com\/es\/wp-content\/uploads\/sites\/11\/2023\/08\/aa.jpeg?fit=1152%2C648&ssl=1\",\"contentUrl\":\"https:\/\/i0.wp.com\/vincentians.com\/es\/wp-content\/uploads\/sites\/11\/2023\/08\/aa.jpeg?fit=1152%2C648&ssl=1\",\"width\":1152,\"height\":648},{\"@type\":\"BreadcrumbList\",\"@id\":\"https:\/\/vincentians.com\/es\/aic-contra-las-pobrezas-actuar-juntos-i\/#breadcrumb\",\"itemListElement\":[{\"@type\":\"ListItem\",\"position\":1,\"name\":\"Portada\",\"item\":\"https:\/\/vincentians.com\/es\/\"},{\"@type\":\"ListItem\",\"position\":2,\"name\":\"AIC, Contra las pobrezas: \u00a1Actuar juntos! El cambio sist\u00e9mico (I)\"}]},{\"@type\":\"WebSite\",\"@id\":\"https:\/\/vincentians.com\/es\/#website\",\"url\":\"https:\/\/vincentians.com\/es\/\",\"name\":\"Somos Vicencianos\",\"description\":\"Know more to serve more\",\"publisher\":{\"@id\":\"https:\/\/vincentians.com\/es\/#organization\"},\"potentialAction\":[{\"@type\":\"SearchAction\",\"target\":{\"@type\":\"EntryPoint\",\"urlTemplate\":\"https:\/\/vincentians.com\/es\/?s={search_term_string}\"},\"query-input\":{\"@type\":\"PropertyValueSpecification\",\"valueRequired\":true,\"valueName\":\"search_term_string\"}}],\"inLanguage\":\"es\"},{\"@type\":\"Organization\",\"@id\":\"https:\/\/vincentians.com\/es\/#organization\",\"name\":\"The Vincentian Network\",\"url\":\"https:\/\/vincentians.com\/es\/\",\"logo\":{\"@type\":\"ImageObject\",\"inLanguage\":\"es\",\"@id\":\"https:\/\/vincentians.com\/es\/#\/schema\/logo\/image\/\",\"url\":\"https:\/\/i1.wp.com\/vincentians.com\/es\/wp-content\/uploads\/sites\/11\/2016\/06\/Vincentian-Network-logo-big.png?fit=778%2C778\",\"contentUrl\":\"https:\/\/i1.wp.com\/vincentians.com\/es\/wp-content\/uploads\/sites\/11\/2016\/06\/Vincentian-Network-logo-big.png?fit=778%2C778\",\"width\":778,\"height\":778,\"caption\":\"The Vincentian Network\"},\"image\":{\"@id\":\"https:\/\/vincentians.com\/es\/#\/schema\/logo\/image\/\"},\"sameAs\":[\"https:\/\/www.facebook.com\/WeAreVincentians\/\",\"https:\/\/x.com\/WeVincentians\"]},{\"@type\":\"Person\",\"@id\":\"https:\/\/vincentians.com\/es\/#\/schema\/person\/9623ef4d9aa3b2dfb8c061f1499288f2\",\"name\":\"Francisco Javier Fern\u00e1ndez Chento\",\"image\":{\"@type\":\"ImageObject\",\"inLanguage\":\"es\",\"@id\":\"https:\/\/vincentians.com\/es\/#\/schema\/person\/image\/\",\"url\":\"https:\/\/secure.gravatar.com\/avatar\/497d5cde87b4c3d097d0315953521681ba2cd523ee66e5077c3711f7021e65de?s=96&d=mm&r=g\",\"contentUrl\":\"https:\/\/secure.gravatar.com\/avatar\/497d5cde87b4c3d097d0315953521681ba2cd523ee66e5077c3711f7021e65de?s=96&d=mm&r=g\",\"caption\":\"Francisco Javier Fern\u00e1ndez Chento\"},\"description\":\"Director General y cofundador de La Red de Formaci\u00f3n Vicenciana. Javier es laico vicenciano, afiliado a la Congregaci\u00f3n de la Misi\u00f3n y miembro del Equipo de Misiones Populares de la provincia can\u00f3nica de Zaragoza (Espa\u00f1a) de la Congregaci\u00f3n de la Misi\u00f3n. Graduado en la Universidad Oberta de Catalunya con cuatro grados (Asistente de direcci\u00f3n, Gesti\u00f3n Administrativa, Recursos Humanos y Contabilidad Avanzada). Bil\u00edng\u00fce Espa\u00f1ol\/Ingl\u00e9s. gestiona y mantiene varias p\u00e1ginas web cristianas y vicencianas, incluida including La Red de Formaci\u00f3n Vicenciana, de la que es cofundador. Actualmente es responsable del \u00e1rea de Espa\u00f1ol de .famvin, la Red de Noticias de la Familia Vicenciana. Tambi\u00e9n es m\u00fasico cat\u00f3lico y ha editado varios discos. Es Director General y cofundador de Trovador, una reconocida compa\u00f1\u00eda discogr\u00e1fica critiana de Espa\u00f1a. Trabaja en las Tecnolog\u00edas de la Informaci\u00f3n, ofreciendo servicios de alojamiento, dise\u00f1o y mantenimiento Web, as\u00ed como asesoramiento, formaci\u00f3n y soluciones inform\u00e1ticas, gesti\u00f3n documental y digitalizaci\u00f3n de textos, edici\u00f3n y maquetaci\u00f3n de libros, revistas, flyers, etc.\",\"sameAs\":[\"http:\/\/chento.org\",\"https:\/\/www.facebook.com\/JavierChento\",\"https:\/\/x.com\/https:\/\/twitter.com\/javierchento\"],\"url\":\"https:\/\/vincentians.com\/es\/author\/chento\/\"}]}<\/script>\n<!-- \/ Yoast SEO plugin. -->","yoast_head_json":{"title":"AIC, Contra las pobrezas: \u00a1Actuar juntos! El cambio sist\u00e9mico (I) - Somos Vicencianos","robots":{"index":"index","follow":"follow","max-snippet":"max-snippet:-1","max-image-preview":"max-image-preview:large","max-video-preview":"max-video-preview:-1"},"canonical":"https:\/\/vincentians.com\/es\/aic-contra-las-pobrezas-actuar-juntos-i\/","og_locale":"es_ES","og_type":"article","og_title":"AIC, Contra las pobrezas: \u00a1Actuar juntos! El cambio sist\u00e9mico (I) - Somos Vicencianos","og_description":"Introducci\u00f3n Un objetivo com\u00fan: AIC, Contra las pobrezas, Actuar juntos! La AIC es una asociaci\u00f3n din\u00e1mica, que es parte y est\u00e1 compuesta por m\u00faltiples sistemas, que interact\u00faan constantemente, para lograr un objetivo com\u00fan: \u00abContra las ... Read More","og_url":"https:\/\/vincentians.com\/es\/aic-contra-las-pobrezas-actuar-juntos-i\/","og_site_name":"Somos Vicencianos","article_publisher":"https:\/\/www.facebook.com\/WeAreVincentians\/","article_author":"https:\/\/www.facebook.com\/JavierChento","article_published_time":"2024-01-03T07:45:20+00:00","og_image":[{"width":1152,"height":648,"url":"https:\/\/i0.wp.com\/vincentians.com\/es\/wp-content\/uploads\/sites\/11\/2023\/08\/aa.jpeg?fit=1152%2C648&ssl=1","type":"image\/jpeg"}],"author":"Francisco Javier Fern\u00e1ndez Chento","twitter_card":"summary_large_image","twitter_creator":"@https:\/\/twitter.com\/javierchento","twitter_site":"@WeVincentians","twitter_misc":{"Escrito por":"Francisco Javier Fern\u00e1ndez Chento","Tiempo de lectura":"5 minutos"},"schema":{"@context":"https:\/\/schema.org","@graph":[{"@type":"Article","@id":"https:\/\/vincentians.com\/es\/aic-contra-las-pobrezas-actuar-juntos-i\/#article","isPartOf":{"@id":"https:\/\/vincentians.com\/es\/aic-contra-las-pobrezas-actuar-juntos-i\/"},"author":{"name":"Francisco Javier Fern\u00e1ndez Chento","@id":"https:\/\/vincentians.com\/es\/#\/schema\/person\/9623ef4d9aa3b2dfb8c061f1499288f2"},"headline":"AIC, Contra las pobrezas: \u00a1Actuar juntos! El cambio sist\u00e9mico (I)","datePublished":"2024-01-03T07:45:20+00:00","mainEntityOfPage":{"@id":"https:\/\/vincentians.com\/es\/aic-contra-las-pobrezas-actuar-juntos-i\/"},"wordCount":1104,"commentCount":0,"publisher":{"@id":"https:\/\/vincentians.com\/es\/#organization"},"image":{"@id":"https:\/\/vincentians.com\/es\/aic-contra-las-pobrezas-actuar-juntos-i\/#primaryimage"},"thumbnailUrl":"https:\/\/i0.wp.com\/vincentians.com\/es\/wp-content\/uploads\/sites\/11\/2023\/08\/aa.jpeg?fit=1152%2C648&ssl=1","keywords":["Pobreza"],"articleSection":["Cambio sist\u00e9mico"],"inLanguage":"es","potentialAction":[{"@type":"CommentAction","name":"Comment","target":["https:\/\/vincentians.com\/es\/aic-contra-las-pobrezas-actuar-juntos-i\/#respond"]}]},{"@type":"WebPage","@id":"https:\/\/vincentians.com\/es\/aic-contra-las-pobrezas-actuar-juntos-i\/","url":"https:\/\/vincentians.com\/es\/aic-contra-las-pobrezas-actuar-juntos-i\/","name":"AIC, Contra las pobrezas: \u00a1Actuar juntos! El cambio sist\u00e9mico (I) - Somos Vicencianos","isPartOf":{"@id":"https:\/\/vincentians.com\/es\/#website"},"primaryImageOfPage":{"@id":"https:\/\/vincentians.com\/es\/aic-contra-las-pobrezas-actuar-juntos-i\/#primaryimage"},"image":{"@id":"https:\/\/vincentians.com\/es\/aic-contra-las-pobrezas-actuar-juntos-i\/#primaryimage"},"thumbnailUrl":"https:\/\/i0.wp.com\/vincentians.com\/es\/wp-content\/uploads\/sites\/11\/2023\/08\/aa.jpeg?fit=1152%2C648&ssl=1","datePublished":"2024-01-03T07:45:20+00:00","breadcrumb":{"@id":"https:\/\/vincentians.com\/es\/aic-contra-las-pobrezas-actuar-juntos-i\/#breadcrumb"},"inLanguage":"es","potentialAction":[{"@type":"ReadAction","target":["https:\/\/vincentians.com\/es\/aic-contra-las-pobrezas-actuar-juntos-i\/"]}]},{"@type":"ImageObject","inLanguage":"es","@id":"https:\/\/vincentians.com\/es\/aic-contra-las-pobrezas-actuar-juntos-i\/#primaryimage","url":"https:\/\/i0.wp.com\/vincentians.com\/es\/wp-content\/uploads\/sites\/11\/2023\/08\/aa.jpeg?fit=1152%2C648&ssl=1","contentUrl":"https:\/\/i0.wp.com\/vincentians.com\/es\/wp-content\/uploads\/sites\/11\/2023\/08\/aa.jpeg?fit=1152%2C648&ssl=1","width":1152,"height":648},{"@type":"BreadcrumbList","@id":"https:\/\/vincentians.com\/es\/aic-contra-las-pobrezas-actuar-juntos-i\/#breadcrumb","itemListElement":[{"@type":"ListItem","position":1,"name":"Portada","item":"https:\/\/vincentians.com\/es\/"},{"@type":"ListItem","position":2,"name":"AIC, Contra las pobrezas: \u00a1Actuar juntos! El cambio sist\u00e9mico (I)"}]},{"@type":"WebSite","@id":"https:\/\/vincentians.com\/es\/#website","url":"https:\/\/vincentians.com\/es\/","name":"Somos Vicencianos","description":"Know more to serve more","publisher":{"@id":"https:\/\/vincentians.com\/es\/#organization"},"potentialAction":[{"@type":"SearchAction","target":{"@type":"EntryPoint","urlTemplate":"https:\/\/vincentians.com\/es\/?s={search_term_string}"},"query-input":{"@type":"PropertyValueSpecification","valueRequired":true,"valueName":"search_term_string"}}],"inLanguage":"es"},{"@type":"Organization","@id":"https:\/\/vincentians.com\/es\/#organization","name":"The Vincentian Network","url":"https:\/\/vincentians.com\/es\/","logo":{"@type":"ImageObject","inLanguage":"es","@id":"https:\/\/vincentians.com\/es\/#\/schema\/logo\/image\/","url":"https:\/\/i1.wp.com\/vincentians.com\/es\/wp-content\/uploads\/sites\/11\/2016\/06\/Vincentian-Network-logo-big.png?fit=778%2C778","contentUrl":"https:\/\/i1.wp.com\/vincentians.com\/es\/wp-content\/uploads\/sites\/11\/2016\/06\/Vincentian-Network-logo-big.png?fit=778%2C778","width":778,"height":778,"caption":"The Vincentian Network"},"image":{"@id":"https:\/\/vincentians.com\/es\/#\/schema\/logo\/image\/"},"sameAs":["https:\/\/www.facebook.com\/WeAreVincentians\/","https:\/\/x.com\/WeVincentians"]},{"@type":"Person","@id":"https:\/\/vincentians.com\/es\/#\/schema\/person\/9623ef4d9aa3b2dfb8c061f1499288f2","name":"Francisco Javier Fern\u00e1ndez Chento","image":{"@type":"ImageObject","inLanguage":"es","@id":"https:\/\/vincentians.com\/es\/#\/schema\/person\/image\/","url":"https:\/\/secure.gravatar.com\/avatar\/497d5cde87b4c3d097d0315953521681ba2cd523ee66e5077c3711f7021e65de?s=96&d=mm&r=g","contentUrl":"https:\/\/secure.gravatar.com\/avatar\/497d5cde87b4c3d097d0315953521681ba2cd523ee66e5077c3711f7021e65de?s=96&d=mm&r=g","caption":"Francisco Javier Fern\u00e1ndez Chento"},"description":"Director General y cofundador de La Red de Formaci\u00f3n Vicenciana. Javier es laico vicenciano, afiliado a la Congregaci\u00f3n de la Misi\u00f3n y miembro del Equipo de Misiones Populares de la provincia can\u00f3nica de Zaragoza (Espa\u00f1a) de la Congregaci\u00f3n de la Misi\u00f3n. Graduado en la Universidad Oberta de Catalunya con cuatro grados (Asistente de direcci\u00f3n, Gesti\u00f3n Administrativa, Recursos Humanos y Contabilidad Avanzada). Bil\u00edng\u00fce Espa\u00f1ol\/Ingl\u00e9s. gestiona y mantiene varias p\u00e1ginas web cristianas y vicencianas, incluida including La Red de Formaci\u00f3n Vicenciana, de la que es cofundador. Actualmente es responsable del \u00e1rea de Espa\u00f1ol de .famvin, la Red de Noticias de la Familia Vicenciana. Tambi\u00e9n es m\u00fasico cat\u00f3lico y ha editado varios discos. Es Director General y cofundador de Trovador, una reconocida compa\u00f1\u00eda discogr\u00e1fica critiana de Espa\u00f1a. Trabaja en las Tecnolog\u00edas de la Informaci\u00f3n, ofreciendo servicios de alojamiento, dise\u00f1o y mantenimiento Web, as\u00ed como asesoramiento, formaci\u00f3n y soluciones inform\u00e1ticas, gesti\u00f3n documental y digitalizaci\u00f3n de textos, edici\u00f3n y maquetaci\u00f3n de libros, revistas, flyers, etc.","sameAs":["http:\/\/chento.org","https:\/\/www.facebook.com\/JavierChento","https:\/\/x.com\/https:\/\/twitter.com\/javierchento"],"url":"https:\/\/vincentians.com\/es\/author\/chento\/"}]}},"jetpack_publicize_connections":[],"jetpack_featured_media_url":"https:\/\/i0.wp.com\/vincentians.com\/es\/wp-content\/uploads\/sites\/11\/2023\/08\/aa.jpeg?fit=1152%2C648&ssl=1","jetpack_sharing_enabled":true,"jetpack_shortlink":"https:\/\/wp.me\/p7ETMF-wTN","jetpack-related-posts":[{"id":126473,"url":"https:\/\/vincentians.com\/es\/aic-contra-las-pobrezas-actuar-juntos-iii\/","url_meta":{"origin":126467,"position":0},"title":"AIC, Contra las pobrezas: \u00a1Actuar juntos! El cambio sist\u00e9mico (III)","author":"Francisco Javier Fern\u00e1ndez Chento","date":"07\/01\/2024","format":false,"excerpt":"III. Proyectos \" sist\u00e9micos \" a. A nivel individual: Mar\u00eda Es imprescindible tener en cuenta a la persona humana y respetar sus necesidades, sus aspiraciones y sus valores. Un profundo respeto y el deseo de buscar la promoci\u00f3n y el empoderamiento de las mujeres, llevaron a las participantes en la\u2026","rel":"","context":"En \u00abCambio sist\u00e9mico\u00bb","block_context":{"text":"Cambio sist\u00e9mico","link":"https:\/\/vincentians.com\/es\/category\/formacion-vicenciana\/cambio-sistemico\/"},"img":{"alt_text":"","src":"https:\/\/i0.wp.com\/vincentians.com\/es\/wp-content\/uploads\/sites\/11\/2023\/08\/aa.jpeg?fit=1152%2C648&ssl=1&resize=350%2C200","width":350,"height":200,"srcset":"https:\/\/i0.wp.com\/vincentians.com\/es\/wp-content\/uploads\/sites\/11\/2023\/08\/aa.jpeg?fit=1152%2C648&ssl=1&resize=350%2C200 1x, https:\/\/i0.wp.com\/vincentians.com\/es\/wp-content\/uploads\/sites\/11\/2023\/08\/aa.jpeg?fit=1152%2C648&ssl=1&resize=525%2C300 1.5x, https:\/\/i0.wp.com\/vincentians.com\/es\/wp-content\/uploads\/sites\/11\/2023\/08\/aa.jpeg?fit=1152%2C648&ssl=1&resize=700%2C400 2x, https:\/\/i0.wp.com\/vincentians.com\/es\/wp-content\/uploads\/sites\/11\/2023\/08\/aa.jpeg?fit=1152%2C648&ssl=1&resize=1050%2C600 3x"},"classes":[]},{"id":126471,"url":"https:\/\/vincentians.com\/es\/aic-contra-las-pobrezas-actuar-juntos-ii\/","url_meta":{"origin":126467,"position":1},"title":"AIC, Contra las pobrezas: \u00a1Actuar juntos! El cambio sist\u00e9mico (II)","author":"Francisco Javier Fern\u00e1ndez Chento","date":"05\/01\/2024","format":false,"excerpt":"2. Actuar Estrategias para un Cambio Sist\u00e9mico Los miembros de la Comisi\u00f3n para el Cambio Sist\u00e9mico iniciaron el proceso de estudio y profundizaci\u00f3n partiendo de historias vividas o conocidas de cerca por cada uno de los miembros de la Comisi\u00f3n. El an\u00e1lisis de dichas historias nos llev\u00f3 a detectar aquellos\u2026","rel":"","context":"En \u00abCambio sist\u00e9mico\u00bb","block_context":{"text":"Cambio sist\u00e9mico","link":"https:\/\/vincentians.com\/es\/category\/formacion-vicenciana\/cambio-sistemico\/"},"img":{"alt_text":"","src":"https:\/\/i0.wp.com\/vincentians.com\/es\/wp-content\/uploads\/sites\/11\/2023\/08\/aa.jpeg?fit=1152%2C648&ssl=1&resize=350%2C200","width":350,"height":200,"srcset":"https:\/\/i0.wp.com\/vincentians.com\/es\/wp-content\/uploads\/sites\/11\/2023\/08\/aa.jpeg?fit=1152%2C648&ssl=1&resize=350%2C200 1x, https:\/\/i0.wp.com\/vincentians.com\/es\/wp-content\/uploads\/sites\/11\/2023\/08\/aa.jpeg?fit=1152%2C648&ssl=1&resize=525%2C300 1.5x, https:\/\/i0.wp.com\/vincentians.com\/es\/wp-content\/uploads\/sites\/11\/2023\/08\/aa.jpeg?fit=1152%2C648&ssl=1&resize=700%2C400 2x, https:\/\/i0.wp.com\/vincentians.com\/es\/wp-content\/uploads\/sites\/11\/2023\/08\/aa.jpeg?fit=1152%2C648&ssl=1&resize=1050%2C600 3x"},"classes":[]},{"id":32345,"url":"https:\/\/vincentians.com\/es\/presentacion-de-la-aic\/","url_meta":{"origin":126467,"position":2},"title":"Presentaci\u00f3n de la AIC","author":"Francisco Javier Fern\u00e1ndez Chento","date":"16\/04\/2014","format":false,"excerpt":"1. Definici\u00f3n La AIC es una asociaci\u00f3n integrada en su mayor\u00eda por mujeres, inspirada por Vicente de Pa\u00fal, su fundador, quien fue el primero en confiar oficialmente a las mujeres un papel importante: el servicio a los m\u00e1s pobres. En m\u00e1s de 50 pa\u00edses, por la acci\u00f3n de sus equipos\u2026","rel":"","context":"En \u00abAsociaci\u00f3n Internacional de Caridades\u00bb","block_context":{"text":"Asociaci\u00f3n Internacional de Caridades","link":"https:\/\/vincentians.com\/es\/category\/la-familia-vicenciana\/ramas\/asociacion-internacional-de-caridades\/"},"img":{"alt_text":"","src":"https:\/\/i0.wp.com\/vicencianos.org\/wp-content\/2011\/03\/rama_aic-300x220.jpg?resize=350%2C200","width":350,"height":200},"classes":[]},{"id":52903,"url":"https:\/\/vincentians.com\/es\/aic-madagascar-transformarse-para-transformar-una-historia-de-cambio-sistemico-en-el-interior-de-una-asociacion\/","url_meta":{"origin":126467,"position":3},"title":"AIC Madagascar: \u00abTransformarse para transformar\u00bb. Una historia de cambio sist\u00e9mico en el interior de una Asociaci\u00f3n","author":"Francisco Javier Fern\u00e1ndez Chento","date":"03\/05\/2019","format":false,"excerpt":"Es un motivo de orgullo contar la historia de AIC Madagascar, pero es tambi\u00e9n un desaf\u00edo, porque no es f\u00e1cil relatar en unas pocas p\u00e1ginas una historia llena de pruebas y de obst\u00e1culos, aunque tam\u00adbi\u00e9n de esperanza que se convierte en realidad. Esta peque\u00f1a parte de la historia, que habla\u2026","rel":"","context":"En \u00abAsociaci\u00f3n Internacional de Caridades\u00bb","block_context":{"text":"Asociaci\u00f3n Internacional de Caridades","link":"https:\/\/vincentians.com\/es\/category\/la-familia-vicenciana\/ramas\/asociacion-internacional-de-caridades\/"},"img":{"alt_text":"","src":"https:\/\/i0.wp.com\/vincentians.com\/es\/wp-content\/uploads\/sites\/11\/2016\/09\/revolucion-francesa.jpg?fit=1200%2C630&ssl=1&resize=350%2C200","width":350,"height":200,"srcset":"https:\/\/i0.wp.com\/vincentians.com\/es\/wp-content\/uploads\/sites\/11\/2016\/09\/revolucion-francesa.jpg?fit=1200%2C630&ssl=1&resize=350%2C200 1x, https:\/\/i0.wp.com\/vincentians.com\/es\/wp-content\/uploads\/sites\/11\/2016\/09\/revolucion-francesa.jpg?fit=1200%2C630&ssl=1&resize=525%2C300 1.5x, https:\/\/i0.wp.com\/vincentians.com\/es\/wp-content\/uploads\/sites\/11\/2016\/09\/revolucion-francesa.jpg?fit=1200%2C630&ssl=1&resize=700%2C400 2x, https:\/\/i0.wp.com\/vincentians.com\/es\/wp-content\/uploads\/sites\/11\/2016\/09\/revolucion-francesa.jpg?fit=1200%2C630&ssl=1&resize=1050%2C600 3x"},"classes":[]},{"id":14678,"url":"https:\/\/vincentians.com\/es\/proyectos-sistemicos\/","url_meta":{"origin":126467,"position":4},"title":"Proyectos \u00absist\u00e9micos\u00bb","author":"Francisco Javier Fern\u00e1ndez Chento","date":"09\/12\/2022","format":false,"excerpt":"a. A nivel individual: Mar\u00eda Es imprescindible tener en cuenta a la persona humana y respetar sus necesidades, sus aspiraciones y sus valores.\u00a0 Un profundo respeto y el deseo de buscar la promoci\u00f3n y el empoderamiento de las mujeres, llevaron a las participantes en la Asamblea 2007 a formular la\u2026","rel":"","context":"En \u00abAsociaci\u00f3n Internacional de Caridades\u00bb","block_context":{"text":"Asociaci\u00f3n Internacional de Caridades","link":"https:\/\/vincentians.com\/es\/category\/la-familia-vicenciana\/ramas\/asociacion-internacional-de-caridades\/"},"img":{"alt_text":"","src":"https:\/\/i0.wp.com\/vincentians.com\/es\/wp-content\/uploads\/sites\/11\/2016\/09\/vincentian-missionarie.jpg?fit=846%2C444&ssl=1&resize=350%2C200","width":350,"height":200,"srcset":"https:\/\/i0.wp.com\/vincentians.com\/es\/wp-content\/uploads\/sites\/11\/2016\/09\/vincentian-missionarie.jpg?fit=846%2C444&ssl=1&resize=350%2C200 1x, https:\/\/i0.wp.com\/vincentians.com\/es\/wp-content\/uploads\/sites\/11\/2016\/09\/vincentian-missionarie.jpg?fit=846%2C444&ssl=1&resize=525%2C300 1.5x, https:\/\/i0.wp.com\/vincentians.com\/es\/wp-content\/uploads\/sites\/11\/2016\/09\/vincentian-missionarie.jpg?fit=846%2C444&ssl=1&resize=700%2C400 2x"},"classes":[]},{"id":4295,"url":"https:\/\/vincentians.com\/es\/asociacion-internacional-de-las-caridades\/","url_meta":{"origin":126467,"position":5},"title":"Asociaci\u00f3n Internacional de las Caridades","author":"Francisco Javier Fern\u00e1ndez Chento","date":"22\/05\/2016","format":false,"excerpt":"La AIC, la m\u00e1s antigua asociaci\u00f3n laica, femenina. Hablar de la AIC es hablar de la m\u00e1s antigua Asociaci\u00f3n laical femenina en la historia del Voluntariado. Sus or\u00edgenes se remontan a 1617, cuando san Vicente de Pa\u00fal reuni\u00f3 por primera vez, en Ch\u00e2tillon-les-Dombes, en Francia, un grupo de se\u00f1oras y\u2026","rel":"","context":"En \u00abAsociaci\u00f3n Internacional de Caridades\u00bb","block_context":{"text":"Asociaci\u00f3n Internacional de Caridades","link":"https:\/\/vincentians.com\/es\/category\/la-familia-vicenciana\/ramas\/asociacion-internacional-de-caridades\/"},"img":{"alt_text":"aic","src":"https:\/\/i0.wp.com\/vicencianos.org\/wp-content\/uploads\/2012\/06\/aic-1.png?resize=350%2C200","width":350,"height":200},"classes":[]}],"_links":{"self":[{"href":"https:\/\/vincentians.com\/es\/wp-json\/wp\/v2\/posts\/126467","targetHints":{"allow":["GET"]}}],"collection":[{"href":"https:\/\/vincentians.com\/es\/wp-json\/wp\/v2\/posts"}],"about":[{"href":"https:\/\/vincentians.com\/es\/wp-json\/wp\/v2\/types\/post"}],"author":[{"embeddable":true,"href":"https:\/\/vincentians.com\/es\/wp-json\/wp\/v2\/users\/4"}],"replies":[{"embeddable":true,"href":"https:\/\/vincentians.com\/es\/wp-json\/wp\/v2\/comments?post=126467"}],"version-history":[{"count":1,"href":"https:\/\/vincentians.com\/es\/wp-json\/wp\/v2\/posts\/126467\/revisions"}],"predecessor-version":[{"id":405318,"href":"https:\/\/vincentians.com\/es\/wp-json\/wp\/v2\/posts\/126467\/revisions\/405318"}],"wp:featuredmedia":[{"embeddable":true,"href":"https:\/\/vincentians.com\/es\/wp-json\/wp\/v2\/media\/405111"}],"wp:attachment":[{"href":"https:\/\/vincentians.com\/es\/wp-json\/wp\/v2\/media?parent=126467"}],"wp:term":[{"taxonomy":"category","embeddable":true,"href":"https:\/\/vincentians.com\/es\/wp-json\/wp\/v2\/categories?post=126467"},{"taxonomy":"post_tag","embeddable":true,"href":"https:\/\/vincentians.com\/es\/wp-json\/wp\/v2\/tags?post=126467"}],"curies":[{"name":"wp","href":"https:\/\/api.w.org\/{rel}","templated":true}]}}