{"id":125836,"date":"2013-12-02T06:40:18","date_gmt":"2013-12-02T05:40:18","guid":{"rendered":"http:\/\/somos.vicencianos.org\/?p=125836"},"modified":"2016-07-26T17:23:09","modified_gmt":"2016-07-26T15:23:09","slug":"san-vicente-de-paul-siervo-de-los-pobres-07","status":"publish","type":"post","link":"https:\/\/vincentians.com\/es\/san-vicente-de-paul-siervo-de-los-pobres-07\/","title":{"rendered":"San Vicente de Pa\u00fal, siervo de los pobres (07)"},"content":{"rendered":"<h2>VII. Las Hijas de la Caridad (1633)<\/h2>\n<h3><i>Siervas de las siervas de los pobres<\/i><\/h3>\n<p>Si a Vicente le daba pena la enfermedad de Luisa, Luisa no ten\u00eda menores motivos para temer por la salud de Vicente, que precisamente por entonces \u2014en 1631\u2014sufri\u00f3 un ataque m\u00e1s fuerte de aquel mal a las piernas, que hab\u00eda empezado a padecer desde el a\u00f1o 1615 cuando estaba en casa de los Gondi. Los dolores llegaron a ser tan agudos que tuvo que interrumpir los largos viajes a los que le empujaba continuamente su celo apost\u00f3lico : s\u00f3lo pudo montar a caballo, pero con trabajo. Entonces Lui\u00adsa redobl\u00f3 sus propios trabajos y los pobres la vieron acudir a donde quiera que se pidiera ayuda: a curar en\u00adfermos, a alimentar hambrientos, a instruir analfabetos, sobre todo ni\u00f1os y ni\u00f1as. Bajo su tacto delicado las con\u00adfraternidades reflorec\u00edan, el orden se restablec\u00eda, las fuen\u00adtes de la asistencia se dilataban y las pr\u00e1cticas religiosas se reanudaban: en una palabra en todas partes se volv\u00eda a poner en vigor el reglamento originario y por este medio se reavivaba el esp\u00edritu vicentino : el fruto era siem\u00adpre una mayor unidad entre las hermanas de la cari\u00addad, de donde nac\u00eda una entrega m\u00e1s sistem\u00e1tica al ser\u00advicio regular de los pobres. Muchas dificultades, muchas discusiones locales, muchas incomprensiones&#8230;, con su gracia, con su inteligencia, con su ejemplo, Luisa solucio\u00adnaba todas las dificultades, eliminaba todos los des\u00f3rdenes.<\/p>\n<p>Una asistencia semejante a las confraternidades, di\u00adfundidas por toda Francia, prestaban, en menor escala, otras mujeres piadosas, como la du Fay, la Pollalion, la Sevin, la Goussault, la Gu\u00e9rin&#8230; S\u00f3lo que no todas estas se\u00f1oras se prestaban a hacer, como la Marillac, todos los servicios que fuera preciso, hasta preparar la olla y lle\u00advarla a los tugurios para distribuir su contenido entre los pobres, hacer sangr\u00edas, limpiar llagas y barrer bu\u00adhardillas&#8230; ; es decir, no todas se hac\u00edan siervas, ni te\u00adn\u00edan el consentimiento de sus familias para serlo.<\/p>\n<p>Por esto Vicente pens\u00f3 en poner siervas a disposi\u00adci\u00f3n de las se\u00f1oras: siervas, que llevaran el esp\u00edritu del Evangelio.<\/p>\n<p>La primera que se present\u00f3 fue Margarita Naseau, una vaquera pobre e ignorante, que pose\u00eda una gran cua\u00adlidad, un amor a Dios y a los hermanos tan intenso que, para servir a los analfabetos, aprendi\u00f3 ella misma a leer y a escribir y despu\u00e9s se ofreci\u00f3 a san Vicente para dar lecciones a las muchachas del campo. Vicente la puso al trabajo, en Villepreux y en otras partes ; y la apreci\u00f3 grandemente por su paciencia en las privaciones y por su caridad para con los miserables ; los cuales, como suele suceder, si apreciaban los servicios de las se\u00f1oras arist\u00f3\u00adcratas, despreciaban los de una probrecita de su misma condici\u00f3n.<\/p>\n<p>Al conocer la confraternidad de la caridad de Par\u00eds, Margarita dese\u00f3 ponerse al servicio de los enfermos y lo obtuvo. As\u00ed surgi\u00f3 ante los ojos de Vicente, \u00abla primera Hija de la Caridad, sierva de los pobres enfermos de la ciudad de Par\u00eds\u00bb. Despu\u00e9s se convirti\u00f3 en el alma de la nueva confraternidad de San Salvador, a donde atrajo a otras j\u00f3venes. Marillac tuvo en ella a la m\u00e1s devota co\u00adlaboradora: estaba tan enamorada de su vocaci\u00f3n que, por servir a una muchacha apestada, la puso en su pro\u00adpio lecho y contrajo la peste el a\u00f1o 1633.<\/p>\n<p>Otras j\u00f3venes abrazaron el mismo oficio de Marga\u00adrita. Y su anhelo de servir a Dios en el pr\u00f3jimo result\u00f3 tan operante y fecundo, que Vicente pens\u00f3 reunirlas a todas en una comunidad estable, bajo la gu\u00eda de Marillac, para que su vida espiritual se sostuviera y desarrollara a trav\u00e9s de la trama creciente de sus prestaciones perso\u00adnales.<\/p>\n<p>Y el 29 de noviembre de 1633 recogi\u00f3 a tres o cuatro j\u00f3venes en la casa de Marillac, inici\u00e1ndolas en un novi\u00adciado : lo que Luisa esperaba. Se realizaba su vocaci\u00f3n a una vida de comunidad religiosa. Se realizaba de la ma\u00adnera m\u00e1s original: imprevista. Pues en aquella \u00e9poca \u2014como se ha dicho\u2014 una comunidad religiosa femeni\u00adna era sin m\u00e1s una comunidad de clausura. No se con\u00adceb\u00eda a una religiosa por la calle: menos a\u00fan a una re\u00adligiosa en busca de almas por barrios populares y cam\u00adpos desiertos.<\/p>\n<p>Vicente quiso realizar en las Hijas de la Caridad un laicado religioso, una vida de perfecci\u00f3n en el laicado, exportando de los recintos de los claustros y conventos la pureza, la pobreza y la obediencia al tr\u00e1fico de la vi\u00adda ordinaria.<\/p>\n<p>Para esto era preciso que las siervas de la caridad estuvieran siempre disponibles y no estuvieran sujetas a residencias, uniformes, rejas&#8230;<\/p>\n<p>Y precisamente por temor a que se convirtieran en \u00abreligiosas\u00bb y por lo mismo <i>se <\/i>encerraran en un claustro como hab\u00eda sucedido con las Hijas de san Francisco de Sales, que tambi\u00e9n hab\u00eda deseado poner a la materni\u00addad virginal movi\u00e9ndose por las calles al servicio del pr\u00f3\u00adjimo. Vicente no quiso que tomaran h\u00e1bito, ni velo, ni habitaran en conventos.<\/p>\n<p>Las \u00abHijas de la Caridad\u00bb iban dondequiera que hubiese una criatura a quien asistir.<\/p>\n<p>De esta manera, estas religiosas de nuevo tipo saca\u00adban fuera de los claustros la santidad y la hac\u00edan circu\u00adlar por las calles, la introduc\u00edan en las familias: la en\u00adcarnaban en la vida seglar.<\/p>\n<p>La hermana de la caridad fue dada a una \u00e9poca en que estaba tomando una importancia enorme el problema econ\u00f3mico y social: el problema de la existencia huma\u00adna, cuando la dial\u00e9ctica evang\u00e9lica empezaba a desple\u00adgarse a lo largo de las dos direcciones del espiritualismo y del materialismo. La conciencia teol\u00f3gica de la Igle\u00adsia, proponiendo as\u00ed, con intensidad nueva, la meditaci\u00f3n del misterio de la Encarnaci\u00f3n, recordaba a las almas de los bautizados el deber de encarnar el Evangelio en las obras de la vida diaria y crear de nuevo, con la caridad, la comuni\u00f3n de los esp\u00edritus, suscitando la Iglesia viva.<\/p>\n<p>Repleg\u00e1ndose sobre s\u00ed misma, la humanidad &#8211;en los pa\u00edses cristianos despertados por el cristianismo a la con\u00adciencia de la dignidad humana y de la justicia social\u2014, empezaba a adquirir conciencia combativa de las injusti\u00adcias por las que a los pies de una plutocracia de personas que gozaban de todos los placeres, yac\u00edan, sobre lechos de estiercol, masas de trabajadores desnutridos, mal alo\u00adjados, sumidos en la ignorancia ; y de los tugurios y las caba\u00f1as se alzaba ya la primera ola de aquel odio de cla\u00adses que deb\u00eda estallar en la revoluci\u00f3n moderna.<\/p>\n<p>Exist\u00eda el peligro de separar a los pobres de los ri\u00adcos, suscitando otro foco de la guerra civil latente, y se\u00adparar al pueblo de la Iglesia aun por impulsos econ\u00f3\u00admico-sociales, suscitando las causas de la descristianiza\u00adci\u00f3n proletaria.<\/p>\n<p>Grandes santos de la \u00e9poca. intervinieron con \u00edmpe\u00adtu para mediar en una pacificaci\u00f3n, para crear de nuevo el sentimiento de unidad y de solidaridad, como escala para lo divino.<\/p>\n<p>Frente a una masa, que se embrutec\u00eda en el abando\u00adno, bajo la explotaci\u00f3n de castas farisaicas, Vicente con otros santos promovi\u00f3 las misiones, la asistencia, la ca\u00adtequesis, la reeducaci\u00f3n&#8230; Pero, entre las prestaciones de resultado m\u00e1s inmediato, de m\u00e1s clara belleza, de m\u00e1s viva presencia che Cristo, dio a la Hermana de la Caridad, encarnaci\u00f3n de la iglesia Madre, inclinada sobre los hi\u00adjos pobres, donaci\u00f3n virginal de pan y de amor sobre los bordes de la desolaci\u00f3n. Fue la prueba m\u00e1s sugestiva de la vitalidad del catolicismo, tal que frente a ella se inclinar\u00edan admirados aun los enemigos m\u00e1s encarnizados de la Iglesia, los descristianizadores y los scientisti, los materialistas y los ateos. Volv\u00eda Mar\u00eda ; y esta vuelta de la feminidad, pura y sacrificada, logr\u00f3 reintegrar, en muchas zonas y en muchas masas, aquella vida que pa\u00adrec\u00eda mutilada mortalmente de la parte del cuerpo, de la tierra, de la econom\u00eda.<\/p>\n<p>En la noche profunda hab\u00eda aparecido una estrella. A los hombres se les hab\u00eda confiado un \u00e1ngel, a las mu\u00adjeres se les hab\u00eda abierto una carrera de sacrificios que culminaba en la cruz, pero para una vida m\u00e1s abundante, con una misi\u00f3n salvadora. El pobre entraba en el juego de las fuerzas como representante de Jes\u00fas, y el amor a los hombres despertaba la religi\u00f3n.<\/p>\n<h3><i>Fuera de la clausura<\/i><\/h3>\n<p>El fin particular, para el que hab\u00edan surgido, les imped\u00eda atrincherarse detr\u00e1s de una <i>turris eburnea. <\/i>Te\u00adniendo presente siempre la realidad y la necesidad de la Iglesia, Vicente no las quer\u00eda sujetas a una orden sino a la respectiva parroquia : viviendo en comunidad pero entre el pueblo. Se daba cuenta del hiato abierto entre almas consagradas y la humanidad abandonada a su suerte, fuera de los claustros: volv\u00eda a ver a Jes\u00fas, a los Ap\u00f3s\u00adtoles y a las piadosas mujeres que iban en busca de las muchedumbres y no esperaban ser buscadas en castillos enrejados.<\/p>\n<p>Queriendo definir la caracter\u00edstica de esta compa\u00f1\u00eda proletaria de mujeres, Vicente la pon\u00eda en el amor a Dios: un amor afectivo, que sub\u00eda al Se\u00f1or, y un amor efectivo, que bajaba a los pobres. Y bajaba con servicios de asis\u00adtencia corporal y espiritual.<\/p>\n<p>La caridad es una virtud obligatoria para todos: pero es un distintivo de las Hijas de la caridad, de tal manera que tienen que desplegarla de un modo eminente. Por eso no esperaban a los necesitados en su casa, sino que van a buscarlos a sus casas: a ejemplo de Nuestro Se\u00f1or, que no esperaba que le trajeran los pecadores, enfermos e ignorantes, sino que iba \u00e9l mismo a buscarlos. Si Vicente, pues, entend\u00eda la belleza del claustro y de las \u00f3rdenes religio\u00adsas, comprend\u00eda tambi\u00e9n la necesidad de mantener a los suyos fuera de aquellos l\u00edmites para que, como fermento, penetraran en la masa de la que estaba hecha la sociedad que se mezclaba por las calles y los campos.<\/p>\n<p>\u00abQuien dice monja, dice clausura, y \u00a1 las Hijas de la caridad tienen que andar por todas partes !\u00bb No se cansaba de repetir esta advertencia, combatiendo las su\u00adgestiones de dentro y de fuera, hechas por quienes que\u00adr\u00edan meter a la nueva familia dentro de los moldes de la costumbre. No se cansaba de remover todas las difi\u00adcultades que se levantaban contra la novedad revolucio\u00adnaria y genial del apostolado. Por eso quer\u00eda casas mo\u00addestas, no conventos ; h\u00e1bito de pueblo, no uniformes ; nombres de familia, no t\u00edtulos reverenciales o cambios piadosos; y se opon\u00eda a que las religiosas vinieran a en\u00adcargarse de la direcci\u00f3n espiritual de las Hijas de la ea-. ridad o que las Hijas de la caridad frecuentaran los mo\u00adnasterios. Ciertamente no por desprecio ; m\u00e1s a\u00fan, si ca\u00adbe, por todo lo contrario. Pero le parec\u00eda evidente que religiosos y religiosas, encerrados en conventos, no esta\u00adban en disposici\u00f3n de dirigir a ap\u00f3stoles de la calle. Y este apostolado, nuevo cu\u00f1o para mujeres, no les imped\u00eda alcanzar la mayor perfecci\u00f3n, m\u00e1s a\u00fan \u2014dec\u00eda\u2014, exig\u00eda una perfecci\u00f3n mayor.<\/p>\n<p>Y recogiendo un pensamiento de santa Catalina de Siena y de san Francisco de Sales, que hab\u00eda sido tam\u00adbi\u00e9n de algunos Padres de la Iglesia, les preguntaba : \u00ab\u00bfCre\u00e9is que solos los frailes y las monjas han de aspi\u00adrar a la perfecci\u00f3n&#8230;? Todos los cristianos tienen obli\u00adgaci\u00f3n de aspirar a ella y vosotras m\u00e1s que las monjas. No es el convento el que hace santos: es el cuidado que tiene de perfeccionarse el que est\u00e1 dentro\u00bb.<\/p>\n<p>Llevaba as\u00ed la Iglesia al pueblo y el pueblo a la igle\u00adsia: democratizaba aun la ascesis, aun la m\u00edstica, preci\u00adsamente cuando, en aquellos sitios, el jansenismo susci\u00adtaba una aristocracia cerrada de la ascesis.<\/p>\n<p>Mientras vivi\u00f3 cultiv\u00f3 esta espiritualidad abierta, no al mundo, sino al pueblo, instruyendo a las hermanas por medio de conversaciones <i>(entretiens), <\/i>si era posible, semanales, empezadas inmediatamente el a\u00f1o 1634 y ter\u00adminadas en la cama donde muri\u00f3. En estas conversacio\u00adnes en las que, padre y maestro, iba desarrollando las ca\u00adracter\u00edsticas de su vocaci\u00f3n y las examinaba en todas sus aspiraciones, fue elevando su anhelo a una fusi\u00f3n de al\u00admas cada vez mayor en busca de la virtud; y un d\u00eda pen\u00ads\u00f3 contentarlas, concedi\u00e9ndoles la facultad de emitir vo\u00adtos. Y el jueves 19 de julio de 1640, despu\u00e9s de haberles representado una vez m\u00e1s la dignidad extraordinaria de una vocaci\u00f3n, que permit\u00eda servir a \u00abun n\u00famero tan gran\u00adde de pobres en tantos lugares y tan diversos\u00bb, imitando las acciones de la Virgen, de la Magdalena, y de Marta y Mar\u00eda, de Salom\u00e9 y Susana, de Juana de Cusa y de las pia\u00addosas mujeres, de las que se sent\u00edan felices de ser suce\u00adsoras las Hijas de la caridad, manifest\u00f3 la gran alegr\u00eda que hab\u00eda experimentado al leer la f\u00f3rmula de los votos de los religiosos hospitalarios de Italia, que sonaba as\u00ed : \u00abHago voto y prometo guardar durante toda mi vida, pobreza, castidad y obediencia y servir a nuestros se\u00f1ores, los pobres\u00bb.<\/p>\n<p>Vicente pronunci\u00f3 las palabras con tanto fervor, que algunas hermanas le preguntaron si no podr\u00edan adoptar tambi\u00e9n ellas aquellos votos. \u00abS\u00ed, hijas m\u00edas \u2014respondi\u00f3\u2014, pero con esta diferencia; que los votos de aque\u00adllos religiosos son solemnes y por eso no se los puede dis\u00adpensar ni siquiera el Papa; en cambio, los que vosotras hicierais, podr\u00eda dispensarlos aun el obispo. Pero ser\u00eda mejor no hacerlos, que tener intenci\u00f3n de ser dispensadas de ellos, cuando quisierais\u00bb.<\/p>\n<p>Entonces le preguntaron si no podr\u00edan hacer aque\u00adllos votos cada una de por s\u00ed. El Santo respondi\u00f3 que, si alguna ten\u00eda esa aspiraci\u00f3n, se la manifestara a los su\u00adperiores y aceptara con indiferencia su decisi\u00f3n.<\/p>\n<p>Quiz\u00e1s se introdujo as\u00ed el uso de los votos privados. Dos a\u00f1os despu\u00e9s se introdujo el uso de los votos perpe\u00adtuos. En 1718 la pr\u00e1ctica de toda la Compa\u00f1\u00eda fue la de los votos anuales.<\/p>\n<p>Mientras tanto, sus Hijas de la caridad se repart\u00edan fuera de Par\u00eds ; y en 1638 eran destinadas a Saint-Ger\u00admain-en-Laye y despu\u00e9s a Richelieu.<\/p>\n<p>Aquel a\u00f1o, en Saint-Germain-en-Laye, por invitaci\u00f3n de Luis XIII, Vicente inici\u00f3 una misi\u00f3n, en la que tom\u00f3 parte la corte con el rey. Las predicaciones de Pavillon produjeron el efecto de convencer a las damas a adoptar una moda m\u00e1s correcta (poniendo fin provisionalmente a la moda \u00abde los escotes\u00bb) y de inducidas a emplear m\u00e1s \u00fatilmente su tiempo, sirviendo a los pobres. El rey consa\u00adgr\u00f3 su persona y su reino a Mar\u00eda.<\/p>\n<p>Probablemente fue tambi\u00e9n efecto de este despertar la petici\u00f3n de Hijas de la caridad.<\/p>\n<p>El a\u00f1o 1639 fueron a Angres a curar a los apestados.<\/p>\n<p>En 1641 fueron a Sedan, Fontainay, Nanteuil, y des\u00adpu\u00e9s a Nantes y a Chars, dos centros en los que su obra se vio turbada con interferencias, disensiones y preocu\u00adpaciones diversas. En 1652 fueron llamadas a Polonia.<\/p>\n","protected":false},"excerpt":{"rendered":"<p>VII. Las Hijas de la Caridad (1633) Siervas de las siervas de los pobres Si a Vicente le daba pena la enfermedad de Luisa, Luisa no ten\u00eda menores motivos para temer por la salud de &#8230; <a href=\"https:\/\/vincentians.com\/es\/san-vicente-de-paul-siervo-de-los-pobres-07\/\" class=\"more-link\">Read More<\/a><\/p>\n","protected":false},"author":4,"featured_media":39882,"comment_status":"open","ping_status":"open","sticky":false,"template":"","format":"standard","meta":{"jetpack_post_was_ever_published":false,"_jetpack_newsletter_access":"","_jetpack_dont_email_post_to_subs":false,"_jetpack_newsletter_tier_id":0,"_jetpack_memberships_contains_paywalled_content":false,"_jetpack_memberships_contains_paid_content":false,"footnotes":"","jetpack_publicize_message":"","jetpack_publicize_feature_enabled":true,"jetpack_social_post_already_shared":true,"jetpack_social_options":{"image_generator_settings":{"template":"highway","default_image_id":0,"font":"","enabled":false},"version":2}},"categories":[5],"tags":[123,119,172,135],"class_list":["post-125836","post","type-post","status-publish","format-standard","has-post-thumbnail","hentry","category-vicente-de-paul","tag-du-fay","tag-gondi","tag-pobreza","tag-villepreux"],"yoast_head":"<!-- This site is optimized with the Yoast SEO plugin v26.3 - https:\/\/yoast.com\/wordpress\/plugins\/seo\/ -->\n<title>San Vicente de Pa\u00fal, siervo de los pobres (07) - Somos Vicencianos<\/title>\n<meta name=\"robots\" content=\"index, follow, max-snippet:-1, max-image-preview:large, max-video-preview:-1\" \/>\n<link rel=\"canonical\" href=\"https:\/\/vincentians.com\/es\/san-vicente-de-paul-siervo-de-los-pobres-07\/\" \/>\n<meta property=\"og:locale\" content=\"es_ES\" \/>\n<meta property=\"og:type\" content=\"article\" \/>\n<meta property=\"og:title\" content=\"San Vicente de Pa\u00fal, siervo de los pobres (07) - Somos Vicencianos\" \/>\n<meta property=\"og:description\" content=\"VII. Las Hijas de la Caridad (1633) Siervas de las siervas de los pobres Si a Vicente le daba pena la enfermedad de Luisa, Luisa no ten\u00eda menores motivos para temer por la salud de ... Read More\" \/>\n<meta property=\"og:url\" content=\"https:\/\/vincentians.com\/es\/san-vicente-de-paul-siervo-de-los-pobres-07\/\" \/>\n<meta property=\"og:site_name\" content=\"Somos Vicencianos\" \/>\n<meta property=\"article:publisher\" content=\"https:\/\/www.facebook.com\/WeAreVincentians\/\" \/>\n<meta property=\"article:author\" content=\"https:\/\/www.facebook.com\/JavierChento\" \/>\n<meta property=\"article:published_time\" content=\"2013-12-02T05:40:18+00:00\" \/>\n<meta property=\"article:modified_time\" content=\"2016-07-26T15:23:09+00:00\" \/>\n<meta name=\"author\" content=\"Francisco Javier Fern\u00e1ndez Chento\" \/>\n<meta name=\"twitter:card\" content=\"summary_large_image\" \/>\n<meta name=\"twitter:creator\" content=\"@https:\/\/twitter.com\/javierchento\" \/>\n<meta name=\"twitter:site\" content=\"@WeVincentians\" \/>\n<meta name=\"twitter:label1\" content=\"Escrito por\" \/>\n\t<meta name=\"twitter:data1\" content=\"Francisco Javier Fern\u00e1ndez Chento\" \/>\n\t<meta name=\"twitter:label2\" content=\"Tiempo de lectura\" \/>\n\t<meta name=\"twitter:data2\" content=\"13 minutos\" \/>\n<script type=\"application\/ld+json\" class=\"yoast-schema-graph\">{\"@context\":\"https:\/\/schema.org\",\"@graph\":[{\"@type\":\"Article\",\"@id\":\"https:\/\/vincentians.com\/es\/san-vicente-de-paul-siervo-de-los-pobres-07\/#article\",\"isPartOf\":{\"@id\":\"https:\/\/vincentians.com\/es\/san-vicente-de-paul-siervo-de-los-pobres-07\/\"},\"author\":{\"name\":\"Francisco Javier Fern\u00e1ndez Chento\",\"@id\":\"http:\/\/vincentians.com\/es\/#\/schema\/person\/9623ef4d9aa3b2dfb8c061f1499288f2\"},\"headline\":\"San Vicente de Pa\u00fal, siervo de los pobres (07)\",\"datePublished\":\"2013-12-02T05:40:18+00:00\",\"dateModified\":\"2016-07-26T15:23:09+00:00\",\"mainEntityOfPage\":{\"@id\":\"https:\/\/vincentians.com\/es\/san-vicente-de-paul-siervo-de-los-pobres-07\/\"},\"wordCount\":2647,\"commentCount\":0,\"publisher\":{\"@id\":\"http:\/\/vincentians.com\/es\/#organization\"},\"image\":{\"@id\":\"https:\/\/vincentians.com\/es\/san-vicente-de-paul-siervo-de-los-pobres-07\/#primaryimage\"},\"thumbnailUrl\":\"\",\"keywords\":[\"Du Fay\",\"Gondi\",\"Pobreza\",\"Villepreux\"],\"articleSection\":[\"Vicente de Pa\u00fal\"],\"inLanguage\":\"es\",\"potentialAction\":[{\"@type\":\"CommentAction\",\"name\":\"Comment\",\"target\":[\"https:\/\/vincentians.com\/es\/san-vicente-de-paul-siervo-de-los-pobres-07\/#respond\"]}]},{\"@type\":\"WebPage\",\"@id\":\"https:\/\/vincentians.com\/es\/san-vicente-de-paul-siervo-de-los-pobres-07\/\",\"url\":\"https:\/\/vincentians.com\/es\/san-vicente-de-paul-siervo-de-los-pobres-07\/\",\"name\":\"San Vicente de Pa\u00fal, siervo de los pobres (07) - Somos Vicencianos\",\"isPartOf\":{\"@id\":\"http:\/\/vincentians.com\/es\/#website\"},\"primaryImageOfPage\":{\"@id\":\"https:\/\/vincentians.com\/es\/san-vicente-de-paul-siervo-de-los-pobres-07\/#primaryimage\"},\"image\":{\"@id\":\"https:\/\/vincentians.com\/es\/san-vicente-de-paul-siervo-de-los-pobres-07\/#primaryimage\"},\"thumbnailUrl\":\"\",\"datePublished\":\"2013-12-02T05:40:18+00:00\",\"dateModified\":\"2016-07-26T15:23:09+00:00\",\"breadcrumb\":{\"@id\":\"https:\/\/vincentians.com\/es\/san-vicente-de-paul-siervo-de-los-pobres-07\/#breadcrumb\"},\"inLanguage\":\"es\",\"potentialAction\":[{\"@type\":\"ReadAction\",\"target\":[\"https:\/\/vincentians.com\/es\/san-vicente-de-paul-siervo-de-los-pobres-07\/\"]}]},{\"@type\":\"ImageObject\",\"inLanguage\":\"es\",\"@id\":\"https:\/\/vincentians.com\/es\/san-vicente-de-paul-siervo-de-los-pobres-07\/#primaryimage\",\"url\":\"\",\"contentUrl\":\"\"},{\"@type\":\"BreadcrumbList\",\"@id\":\"https:\/\/vincentians.com\/es\/san-vicente-de-paul-siervo-de-los-pobres-07\/#breadcrumb\",\"itemListElement\":[{\"@type\":\"ListItem\",\"position\":1,\"name\":\"Portada\",\"item\":\"http:\/\/vincentians.com\/es\/\"},{\"@type\":\"ListItem\",\"position\":2,\"name\":\"San Vicente de Pa\u00fal, siervo de los pobres (07)\"}]},{\"@type\":\"WebSite\",\"@id\":\"http:\/\/vincentians.com\/es\/#website\",\"url\":\"http:\/\/vincentians.com\/es\/\",\"name\":\"Somos Vicencianos\",\"description\":\"Know more to serve more\",\"publisher\":{\"@id\":\"http:\/\/vincentians.com\/es\/#organization\"},\"potentialAction\":[{\"@type\":\"SearchAction\",\"target\":{\"@type\":\"EntryPoint\",\"urlTemplate\":\"http:\/\/vincentians.com\/es\/?s={search_term_string}\"},\"query-input\":{\"@type\":\"PropertyValueSpecification\",\"valueRequired\":true,\"valueName\":\"search_term_string\"}}],\"inLanguage\":\"es\"},{\"@type\":\"Organization\",\"@id\":\"http:\/\/vincentians.com\/es\/#organization\",\"name\":\"The Vincentian Network\",\"url\":\"http:\/\/vincentians.com\/es\/\",\"logo\":{\"@type\":\"ImageObject\",\"inLanguage\":\"es\",\"@id\":\"http:\/\/vincentians.com\/es\/#\/schema\/logo\/image\/\",\"url\":\"https:\/\/i1.wp.com\/vincentians.com\/es\/wp-content\/uploads\/sites\/11\/2016\/06\/Vincentian-Network-logo-big.png?fit=778%2C778\",\"contentUrl\":\"https:\/\/i1.wp.com\/vincentians.com\/es\/wp-content\/uploads\/sites\/11\/2016\/06\/Vincentian-Network-logo-big.png?fit=778%2C778\",\"width\":778,\"height\":778,\"caption\":\"The Vincentian Network\"},\"image\":{\"@id\":\"http:\/\/vincentians.com\/es\/#\/schema\/logo\/image\/\"},\"sameAs\":[\"https:\/\/www.facebook.com\/WeAreVincentians\/\",\"https:\/\/x.com\/WeVincentians\"]},{\"@type\":\"Person\",\"@id\":\"http:\/\/vincentians.com\/es\/#\/schema\/person\/9623ef4d9aa3b2dfb8c061f1499288f2\",\"name\":\"Francisco Javier Fern\u00e1ndez Chento\",\"image\":{\"@type\":\"ImageObject\",\"inLanguage\":\"es\",\"@id\":\"http:\/\/vincentians.com\/es\/#\/schema\/person\/image\/\",\"url\":\"https:\/\/secure.gravatar.com\/avatar\/497d5cde87b4c3d097d0315953521681ba2cd523ee66e5077c3711f7021e65de?s=96&d=mm&r=g\",\"contentUrl\":\"https:\/\/secure.gravatar.com\/avatar\/497d5cde87b4c3d097d0315953521681ba2cd523ee66e5077c3711f7021e65de?s=96&d=mm&r=g\",\"caption\":\"Francisco Javier Fern\u00e1ndez Chento\"},\"description\":\"Director General y cofundador de La Red de Formaci\u00f3n Vicenciana. Javier es laico vicenciano, afiliado a la Congregaci\u00f3n de la Misi\u00f3n y miembro del Equipo de Misiones Populares de la provincia can\u00f3nica de Zaragoza (Espa\u00f1a) de la Congregaci\u00f3n de la Misi\u00f3n. Graduado en la Universidad Oberta de Catalunya con cuatro grados (Asistente de direcci\u00f3n, Gesti\u00f3n Administrativa, Recursos Humanos y Contabilidad Avanzada). Bil\u00edng\u00fce Espa\u00f1ol\/Ingl\u00e9s. gestiona y mantiene varias p\u00e1ginas web cristianas y vicencianas, incluida including La Red de Formaci\u00f3n Vicenciana, de la que es cofundador. Actualmente es responsable del \u00e1rea de Espa\u00f1ol de .famvin, la Red de Noticias de la Familia Vicenciana. Tambi\u00e9n es m\u00fasico cat\u00f3lico y ha editado varios discos. Es Director General y cofundador de Trovador, una reconocida compa\u00f1\u00eda discogr\u00e1fica critiana de Espa\u00f1a. Trabaja en las Tecnolog\u00edas de la Informaci\u00f3n, ofreciendo servicios de alojamiento, dise\u00f1o y mantenimiento Web, as\u00ed como asesoramiento, formaci\u00f3n y soluciones inform\u00e1ticas, gesti\u00f3n documental y digitalizaci\u00f3n de textos, edici\u00f3n y maquetaci\u00f3n de libros, revistas, flyers, etc.\",\"sameAs\":[\"http:\/\/chento.org\",\"https:\/\/www.facebook.com\/JavierChento\",\"https:\/\/x.com\/https:\/\/twitter.com\/javierchento\"],\"url\":\"https:\/\/vincentians.com\/es\/author\/chento\/\"}]}<\/script>\n<!-- \/ Yoast SEO plugin. -->","yoast_head_json":{"title":"San Vicente de Pa\u00fal, siervo de los pobres (07) - Somos Vicencianos","robots":{"index":"index","follow":"follow","max-snippet":"max-snippet:-1","max-image-preview":"max-image-preview:large","max-video-preview":"max-video-preview:-1"},"canonical":"https:\/\/vincentians.com\/es\/san-vicente-de-paul-siervo-de-los-pobres-07\/","og_locale":"es_ES","og_type":"article","og_title":"San Vicente de Pa\u00fal, siervo de los pobres (07) - Somos Vicencianos","og_description":"VII. Las Hijas de la Caridad (1633) Siervas de las siervas de los pobres Si a Vicente le daba pena la enfermedad de Luisa, Luisa no ten\u00eda menores motivos para temer por la salud de ... Read More","og_url":"https:\/\/vincentians.com\/es\/san-vicente-de-paul-siervo-de-los-pobres-07\/","og_site_name":"Somos Vicencianos","article_publisher":"https:\/\/www.facebook.com\/WeAreVincentians\/","article_author":"https:\/\/www.facebook.com\/JavierChento","article_published_time":"2013-12-02T05:40:18+00:00","article_modified_time":"2016-07-26T15:23:09+00:00","author":"Francisco Javier Fern\u00e1ndez Chento","twitter_card":"summary_large_image","twitter_creator":"@https:\/\/twitter.com\/javierchento","twitter_site":"@WeVincentians","twitter_misc":{"Escrito por":"Francisco Javier Fern\u00e1ndez Chento","Tiempo de lectura":"13 minutos"},"schema":{"@context":"https:\/\/schema.org","@graph":[{"@type":"Article","@id":"https:\/\/vincentians.com\/es\/san-vicente-de-paul-siervo-de-los-pobres-07\/#article","isPartOf":{"@id":"https:\/\/vincentians.com\/es\/san-vicente-de-paul-siervo-de-los-pobres-07\/"},"author":{"name":"Francisco Javier Fern\u00e1ndez Chento","@id":"http:\/\/vincentians.com\/es\/#\/schema\/person\/9623ef4d9aa3b2dfb8c061f1499288f2"},"headline":"San Vicente de Pa\u00fal, siervo de los pobres (07)","datePublished":"2013-12-02T05:40:18+00:00","dateModified":"2016-07-26T15:23:09+00:00","mainEntityOfPage":{"@id":"https:\/\/vincentians.com\/es\/san-vicente-de-paul-siervo-de-los-pobres-07\/"},"wordCount":2647,"commentCount":0,"publisher":{"@id":"http:\/\/vincentians.com\/es\/#organization"},"image":{"@id":"https:\/\/vincentians.com\/es\/san-vicente-de-paul-siervo-de-los-pobres-07\/#primaryimage"},"thumbnailUrl":"","keywords":["Du Fay","Gondi","Pobreza","Villepreux"],"articleSection":["Vicente de Pa\u00fal"],"inLanguage":"es","potentialAction":[{"@type":"CommentAction","name":"Comment","target":["https:\/\/vincentians.com\/es\/san-vicente-de-paul-siervo-de-los-pobres-07\/#respond"]}]},{"@type":"WebPage","@id":"https:\/\/vincentians.com\/es\/san-vicente-de-paul-siervo-de-los-pobres-07\/","url":"https:\/\/vincentians.com\/es\/san-vicente-de-paul-siervo-de-los-pobres-07\/","name":"San Vicente de Pa\u00fal, siervo de los pobres (07) - Somos Vicencianos","isPartOf":{"@id":"http:\/\/vincentians.com\/es\/#website"},"primaryImageOfPage":{"@id":"https:\/\/vincentians.com\/es\/san-vicente-de-paul-siervo-de-los-pobres-07\/#primaryimage"},"image":{"@id":"https:\/\/vincentians.com\/es\/san-vicente-de-paul-siervo-de-los-pobres-07\/#primaryimage"},"thumbnailUrl":"","datePublished":"2013-12-02T05:40:18+00:00","dateModified":"2016-07-26T15:23:09+00:00","breadcrumb":{"@id":"https:\/\/vincentians.com\/es\/san-vicente-de-paul-siervo-de-los-pobres-07\/#breadcrumb"},"inLanguage":"es","potentialAction":[{"@type":"ReadAction","target":["https:\/\/vincentians.com\/es\/san-vicente-de-paul-siervo-de-los-pobres-07\/"]}]},{"@type":"ImageObject","inLanguage":"es","@id":"https:\/\/vincentians.com\/es\/san-vicente-de-paul-siervo-de-los-pobres-07\/#primaryimage","url":"","contentUrl":""},{"@type":"BreadcrumbList","@id":"https:\/\/vincentians.com\/es\/san-vicente-de-paul-siervo-de-los-pobres-07\/#breadcrumb","itemListElement":[{"@type":"ListItem","position":1,"name":"Portada","item":"http:\/\/vincentians.com\/es\/"},{"@type":"ListItem","position":2,"name":"San Vicente de Pa\u00fal, siervo de los pobres (07)"}]},{"@type":"WebSite","@id":"http:\/\/vincentians.com\/es\/#website","url":"http:\/\/vincentians.com\/es\/","name":"Somos Vicencianos","description":"Know more to serve more","publisher":{"@id":"http:\/\/vincentians.com\/es\/#organization"},"potentialAction":[{"@type":"SearchAction","target":{"@type":"EntryPoint","urlTemplate":"http:\/\/vincentians.com\/es\/?s={search_term_string}"},"query-input":{"@type":"PropertyValueSpecification","valueRequired":true,"valueName":"search_term_string"}}],"inLanguage":"es"},{"@type":"Organization","@id":"http:\/\/vincentians.com\/es\/#organization","name":"The Vincentian Network","url":"http:\/\/vincentians.com\/es\/","logo":{"@type":"ImageObject","inLanguage":"es","@id":"http:\/\/vincentians.com\/es\/#\/schema\/logo\/image\/","url":"https:\/\/i1.wp.com\/vincentians.com\/es\/wp-content\/uploads\/sites\/11\/2016\/06\/Vincentian-Network-logo-big.png?fit=778%2C778","contentUrl":"https:\/\/i1.wp.com\/vincentians.com\/es\/wp-content\/uploads\/sites\/11\/2016\/06\/Vincentian-Network-logo-big.png?fit=778%2C778","width":778,"height":778,"caption":"The Vincentian Network"},"image":{"@id":"http:\/\/vincentians.com\/es\/#\/schema\/logo\/image\/"},"sameAs":["https:\/\/www.facebook.com\/WeAreVincentians\/","https:\/\/x.com\/WeVincentians"]},{"@type":"Person","@id":"http:\/\/vincentians.com\/es\/#\/schema\/person\/9623ef4d9aa3b2dfb8c061f1499288f2","name":"Francisco Javier Fern\u00e1ndez Chento","image":{"@type":"ImageObject","inLanguage":"es","@id":"http:\/\/vincentians.com\/es\/#\/schema\/person\/image\/","url":"https:\/\/secure.gravatar.com\/avatar\/497d5cde87b4c3d097d0315953521681ba2cd523ee66e5077c3711f7021e65de?s=96&d=mm&r=g","contentUrl":"https:\/\/secure.gravatar.com\/avatar\/497d5cde87b4c3d097d0315953521681ba2cd523ee66e5077c3711f7021e65de?s=96&d=mm&r=g","caption":"Francisco Javier Fern\u00e1ndez Chento"},"description":"Director General y cofundador de La Red de Formaci\u00f3n Vicenciana. Javier es laico vicenciano, afiliado a la Congregaci\u00f3n de la Misi\u00f3n y miembro del Equipo de Misiones Populares de la provincia can\u00f3nica de Zaragoza (Espa\u00f1a) de la Congregaci\u00f3n de la Misi\u00f3n. Graduado en la Universidad Oberta de Catalunya con cuatro grados (Asistente de direcci\u00f3n, Gesti\u00f3n Administrativa, Recursos Humanos y Contabilidad Avanzada). Bil\u00edng\u00fce Espa\u00f1ol\/Ingl\u00e9s. gestiona y mantiene varias p\u00e1ginas web cristianas y vicencianas, incluida including La Red de Formaci\u00f3n Vicenciana, de la que es cofundador. Actualmente es responsable del \u00e1rea de Espa\u00f1ol de .famvin, la Red de Noticias de la Familia Vicenciana. Tambi\u00e9n es m\u00fasico cat\u00f3lico y ha editado varios discos. Es Director General y cofundador de Trovador, una reconocida compa\u00f1\u00eda discogr\u00e1fica critiana de Espa\u00f1a. Trabaja en las Tecnolog\u00edas de la Informaci\u00f3n, ofreciendo servicios de alojamiento, dise\u00f1o y mantenimiento Web, as\u00ed como asesoramiento, formaci\u00f3n y soluciones inform\u00e1ticas, gesti\u00f3n documental y digitalizaci\u00f3n de textos, edici\u00f3n y maquetaci\u00f3n de libros, revistas, flyers, etc.","sameAs":["http:\/\/chento.org","https:\/\/www.facebook.com\/JavierChento","https:\/\/x.com\/https:\/\/twitter.com\/javierchento"],"url":"https:\/\/vincentians.com\/es\/author\/chento\/"}]}},"jetpack_publicize_connections":[],"jetpack_featured_media_url":"","jetpack_sharing_enabled":true,"jetpack_shortlink":"https:\/\/wp.me\/p7ETMF-wJC","jetpack-related-posts":[{"id":125833,"url":"https:\/\/vincentians.com\/es\/san-vicente-de-paul-siervo-de-los-pobres-06\/","url_meta":{"origin":125836,"position":0},"title":"San Vicente de Pa\u00fal, siervo de los pobres (06)","author":"Francisco Javier Fern\u00e1ndez Chento","date":"01\/12\/2013","format":false,"excerpt":"VI. El encuentro con Luisa de Marillac (1624-1630) El encuentro con la Marillac Hac\u00eda unos quince a\u00f1os que florec\u00edan aquellas con\u00adfr\u00e9ries de la charit\u00e9, en las que las mujeres serv\u00edan a los pobres por amor a Dios y se santificaban sirviendo a los pobres. Surg\u00edan colaboradores del clero de gran\u2026","rel":"","context":"En \u00abVicente de Pa\u00fal\u00bb","block_context":{"text":"Vicente de Pa\u00fal","link":"https:\/\/vincentians.com\/es\/category\/la-familia-vicenciana\/fundadores\/vicente-de-paul\/"},"img":{"alt_text":"","src":"","width":0,"height":0},"classes":[]},{"id":387345,"url":"https:\/\/vincentians.com\/es\/fechas-en-la-vida-de-san-vicente\/","url_meta":{"origin":125836,"position":1},"title":"Fechas en la vida de San Vicente","author":"Francisco Javier Fern\u00e1ndez Chento","date":"21\/12\/2017","format":false,"excerpt":"1581: En Pouy (Landas) nace Vicente de Pa\u00fal, tercer hijo de la familia de Pa\u00fal. 1595: Vicente sale de Pouy para ir a Dax, donde vivir\u00e1 en casa del Se\u00f1or de Comet, abogado en Dax y juez en Pouy. Cursa estudios en el colegio de los Franciscanos. 1596: Vicente inicia\u2026","rel":"","context":"En \u00abVicente de Pa\u00fal\u00bb","block_context":{"text":"Vicente de Pa\u00fal","link":"https:\/\/vincentians.com\/es\/category\/la-familia-vicenciana\/fundadores\/vicente-de-paul\/"},"img":{"alt_text":"","src":"https:\/\/i0.wp.com\/vincentians.com\/es\/wp-content\/uploads\/sites\/11\/2016\/08\/con-damas-de-la-caridad.jpg?fit=1200%2C630&ssl=1&resize=350%2C200","width":350,"height":200,"srcset":"https:\/\/i0.wp.com\/vincentians.com\/es\/wp-content\/uploads\/sites\/11\/2016\/08\/con-damas-de-la-caridad.jpg?fit=1200%2C630&ssl=1&resize=350%2C200 1x, https:\/\/i0.wp.com\/vincentians.com\/es\/wp-content\/uploads\/sites\/11\/2016\/08\/con-damas-de-la-caridad.jpg?fit=1200%2C630&ssl=1&resize=525%2C300 1.5x, https:\/\/i0.wp.com\/vincentians.com\/es\/wp-content\/uploads\/sites\/11\/2016\/08\/con-damas-de-la-caridad.jpg?fit=1200%2C630&ssl=1&resize=700%2C400 2x, https:\/\/i0.wp.com\/vincentians.com\/es\/wp-content\/uploads\/sites\/11\/2016\/08\/con-damas-de-la-caridad.jpg?fit=1200%2C630&ssl=1&resize=1050%2C600 3x"},"classes":[]},{"id":125839,"url":"https:\/\/vincentians.com\/es\/san-vicente-de-paul-siervo-de-los-pobres-08\/","url_meta":{"origin":125836,"position":2},"title":"San Vicente de Pa\u00fal, siervo de los pobres (08)","author":"Francisco Javier Fern\u00e1ndez Chento","date":"03\/12\/2013","format":false,"excerpt":"VIII. Las Damas de la Caridad (1634) Las damas del H\u00f3tel-Dieu Pocos meses despu\u00e9s de la fundaci\u00f3n de las Hijas de la caridad, se present\u00f3 a Monsieur Vincent la incansa\u00adble Madame Goussault para suplicarle que constituyera una compa\u00f1\u00eda de damas para el servicio del gran hospi\u00adtal de Par\u00eds, el H\u00f3tel-Dieu.\u2026","rel":"","context":"En \u00abVicente de Pa\u00fal\u00bb","block_context":{"text":"Vicente de Pa\u00fal","link":"https:\/\/vincentians.com\/es\/category\/la-familia-vicenciana\/fundadores\/vicente-de-paul\/"},"img":{"alt_text":"","src":"","width":0,"height":0},"classes":[]},{"id":134886,"url":"https:\/\/vincentians.com\/es\/de-las-caridades-a-las-hijas-de-la-caridad\/","url_meta":{"origin":125836,"position":3},"title":"De las \u00abCaridades\u00bb a las \u00abHijas de la Caridad\u00bb","author":"Francisco Javier Fern\u00e1ndez Chento","date":"27\/08\/2016","format":false,"excerpt":"Estamos en 1617. Dos experiencias particularmente significativas marcan la vida de Vicente de Pa\u00fal, y est\u00e1n en el origen de sus dos realizaciones revolucionarias: la experiencia de Gannes Folleville y la de Ch\u00e1tillon-les-Dombes. Nacido el 24 de abril de 1581 en Pouy (hoy San Vicente de Pa\u00fal) en las cercan\u00edas\u2026","rel":"","context":"En \u00abHijas de la Caridad\u00bb","block_context":{"text":"Hijas de la Caridad","link":"https:\/\/vincentians.com\/es\/category\/la-familia-vicenciana\/ramas\/hijas-de-la-caridad\/"},"img":{"alt_text":"","src":"https:\/\/i0.wp.com\/vincentians.com\/es\/wp-content\/uploads\/sites\/11\/2016\/08\/hijas-caridad.jpg?fit=1200%2C630&ssl=1&resize=350%2C200","width":350,"height":200,"srcset":"https:\/\/i0.wp.com\/vincentians.com\/es\/wp-content\/uploads\/sites\/11\/2016\/08\/hijas-caridad.jpg?fit=1200%2C630&ssl=1&resize=350%2C200 1x, https:\/\/i0.wp.com\/vincentians.com\/es\/wp-content\/uploads\/sites\/11\/2016\/08\/hijas-caridad.jpg?fit=1200%2C630&ssl=1&resize=525%2C300 1.5x, https:\/\/i0.wp.com\/vincentians.com\/es\/wp-content\/uploads\/sites\/11\/2016\/08\/hijas-caridad.jpg?fit=1200%2C630&ssl=1&resize=700%2C400 2x, https:\/\/i0.wp.com\/vincentians.com\/es\/wp-content\/uploads\/sites\/11\/2016\/08\/hijas-caridad.jpg?fit=1200%2C630&ssl=1&resize=1050%2C600 3x"},"classes":[]},{"id":125618,"url":"https:\/\/vincentians.com\/es\/san-vicente-de-paul-siervo-de-los-pobres-03\/","url_meta":{"origin":125836,"position":4},"title":"San Vicente de Pa\u00fal, siervo de los pobres (03)","author":"Francisco Javier Fern\u00e1ndez Chento","date":"28\/11\/2013","format":false,"excerpt":"III. Las Confraternidades de la Caridad P\u00e1rroco en Ch\u00e1tillon (1617) B\u00e9rolle asign\u00f3 a Vicente una parroquia bastante m\u00e1s importante: Ch\u00e1tillon-les-Dombes, una ciudad de 2000 almas, atravesada por el r\u00edo Chalaronne, sobre Li\u00f3n, en el l\u00edmite con la Savoya, entre bosques espesos y valles f\u00e9rtiles. All\u00ed la asistencia eclesi\u00e1stica estaba a\u2026","rel":"","context":"En \u00abVicente de Pa\u00fal\u00bb","block_context":{"text":"Vicente de Pa\u00fal","link":"https:\/\/vincentians.com\/es\/category\/la-familia-vicenciana\/fundadores\/vicente-de-paul\/"},"img":{"alt_text":"","src":"","width":0,"height":0},"classes":[]},{"id":143274,"url":"https:\/\/vincentians.com\/es\/la-hija-de-la-caridad-docente-segun-san-vicente\/","url_meta":{"origin":125836,"position":5},"title":"La Hija de la Caridad docente, seg\u00fan san Vicente","author":"Francisco Javier Fern\u00e1ndez Chento","date":"17\/04\/2015","format":false,"excerpt":"Antes de reflexionar sobre el tema \u201cLa Hija de la Caridad docente\u201d, convendr\u00eda evocar la experiencia de estudiante y de docente de san Vicente, al menos por dos razones: Vicente de Pa\u00fal siempre dio una importancia capital a la experiencia; y todo lo que vivi\u00f3 como estudiante, luego como docente,\u2026","rel":"","context":"En \u00abHijas de la Caridad\u00bb","block_context":{"text":"Hijas de la Caridad","link":"https:\/\/vincentians.com\/es\/category\/la-familia-vicenciana\/ramas\/hijas-de-la-caridad\/"},"img":{"alt_text":"cochoapa+practica+prof+108","src":"https:\/\/i0.wp.com\/vicencianos.org\/wp-content\/2015\/04\/cochoapa-practica-prof-108-300x225.jpg?resize=350%2C200","width":350,"height":200},"classes":[]}],"_links":{"self":[{"href":"https:\/\/vincentians.com\/es\/wp-json\/wp\/v2\/posts\/125836","targetHints":{"allow":["GET"]}}],"collection":[{"href":"https:\/\/vincentians.com\/es\/wp-json\/wp\/v2\/posts"}],"about":[{"href":"https:\/\/vincentians.com\/es\/wp-json\/wp\/v2\/types\/post"}],"author":[{"embeddable":true,"href":"https:\/\/vincentians.com\/es\/wp-json\/wp\/v2\/users\/4"}],"replies":[{"embeddable":true,"href":"https:\/\/vincentians.com\/es\/wp-json\/wp\/v2\/comments?post=125836"}],"version-history":[{"count":0,"href":"https:\/\/vincentians.com\/es\/wp-json\/wp\/v2\/posts\/125836\/revisions"}],"wp:featuredmedia":[{"embeddable":true,"href":"https:\/\/vincentians.com\/es\/wp-json\/"}],"wp:attachment":[{"href":"https:\/\/vincentians.com\/es\/wp-json\/wp\/v2\/media?parent=125836"}],"wp:term":[{"taxonomy":"category","embeddable":true,"href":"https:\/\/vincentians.com\/es\/wp-json\/wp\/v2\/categories?post=125836"},{"taxonomy":"post_tag","embeddable":true,"href":"https:\/\/vincentians.com\/es\/wp-json\/wp\/v2\/tags?post=125836"}],"curies":[{"name":"wp","href":"https:\/\/api.w.org\/{rel}","templated":true}]}}