{"id":125833,"date":"2013-12-01T06:40:18","date_gmt":"2013-12-01T05:40:18","guid":{"rendered":"http:\/\/somos.vicencianos.org\/?p=125833"},"modified":"2016-07-26T17:23:10","modified_gmt":"2016-07-26T15:23:10","slug":"san-vicente-de-paul-siervo-de-los-pobres-06","status":"publish","type":"post","link":"https:\/\/vincentians.com\/es\/san-vicente-de-paul-siervo-de-los-pobres-06\/","title":{"rendered":"San Vicente de Pa\u00fal, siervo de los pobres (06)"},"content":{"rendered":"<h2>VI. El encuentro con Luisa de Marillac (1624-1630)<\/h2>\n<h3><i>El encuentro con la Marillac<\/i><\/h3>\n<p>Hac\u00eda unos quince a\u00f1os que florec\u00edan aquellas <i>con\u00adfr\u00e9ries de la charit\u00e9, <\/i>en las que las mujeres serv\u00edan a los pobres por amor a Dios y se santificaban sirviendo a los pobres.<\/p>\n<p>Surg\u00edan colaboradores del clero de gran valor, tan\u00adto entre las clases nobles como entre las masas trabaja\u00addoras: y se encontraban en el servicio de los pobres.<\/p>\n<p>El secreto del \u00e9xito estuvo en esta colaboraci\u00f3n de las \u00absiervas de los pobres\u00bb, en aquel poner en com\u00fan sus almas para unirlas, en aquel deliberar sobre todo de co\u00adm\u00fan acuerdo poniendo entre ellas, con la caridad, a Dios. Si santificaban a los dem\u00e1s era porque antes atend\u00edan a santificarse a s\u00ed mismas, con un proceso de renuncia cons\u00adtante y de entrega progresiva. \u00abSe visitar\u00e1n y se conso\u00adlar\u00e1n en sus aflicciones y enfermedades, asistir\u00e1n todas juntas a los funerales de las que mueran; comulgar\u00e1n y mandar\u00e1n cantar una Misa por cada una de ellas&#8230;\u00bb As\u00ed prescrib\u00eda Vicente.<\/p>\n<p>Y, como regla de cada una y de todas: \u00abofrecer\u00e1n su coraz\u00f3n a Dios por la ma\u00f1ana al despertarse, invocan\u00addo el santo Nombre de Jes\u00fas y el de su Sant\u00edsima Madre ; dir\u00e1n las oraciones tan pronto como salgan del lecho ; si es posible asistir\u00e1n todos los d\u00edas a Misa; se mantendr\u00e1n en gran humildad y se esforzar\u00e1n por realizar sus accio\u00adnes a lo largo de la jornada en uni\u00f3n con las que realiz\u00f3 Nuestro Se\u00f1or sobre la tierra. Todas las noches, cada una por su cuenta, har\u00e1n el examen de conciencia\u00bb.<\/p>\n<p>Era una santidad bien cimentada que iba invadiendo toda la sociedad. A\u00fan las mujeres ricas se hac\u00edan \u00absier\u00advas\u00bb: base.<\/p>\n<p>Grandes nombres realzaron la instituci\u00f3n: Madame de Herse, pariente de Olier, por quien sent\u00eda afecto Fran\u00adcisco de Sales, padrino del hijo de aqu\u00e9lla, futuro obispo de Ch\u00e1lons. Don\u00f3 a San L\u00e1zaro como legado, dos cortijos, con la obligaci\u00f3n de dar peri\u00f3dicamente una misi\u00f3n a <i>sus <\/i>campesinos.<\/p>\n<p>Con la duquesa de Aiguillon y con Mademoiselle de IVIarillac, las dos m\u00e1s geniales, generosas y fecundas co\u00adlaboradoras, despu\u00e9s de la muerte de la buena Madame Gondi, hay que alinear otra acaudalada y generosa se\u00ad\u00f1ora, Madame Goussault. Como aqu\u00e9llas, tambi\u00e9n \u00e9sta puso a disposici\u00f3n de Vicente casas y riquezas, tiempo e inteligencia, toda su vida.<\/p>\n<p>Pues Vicente encarnaba la caridad de Cristo en la forma m\u00e1s heroica, no sorprende que giraran a su alre\u00addedor almas \u00e1vidas de hero\u00edsmo, La Marillac \u2014arist\u00f3cra\u00adta\u2014 se acerc\u00f3 a \u00e9l porque crey\u00f3 ver realizado en \u00e9l aquel tipo de vida religiosa, hecho de uni\u00f3n interior con Dios y de servicio exterior a los hermanos, en el que ella mis\u00adma hab\u00eda sido educada, entre las dominicas de Poissy, cuando, hu\u00e9rfana de madre, ingres\u00f3 en aquel monasterio real como pensionista. Su padre, Luis de Marillac, hab\u00eda servido, como alto funcionario, en la Corte, mientras que t\u00edos y parientes desempe\u00f1aban algunos de los cargos m\u00e1s elevados del reino: un t\u00edo suyo era guardasellos y otro mariscal de Francia.<\/p>\n<p>De jovencita se hab\u00eda educado en la piedad, en el es\u00adtudio y tambi\u00e9n en la pintura, y al mismo tiempo en las obras de misericordia, llegando hasta las prestaciones personales m\u00e1s humildes.<\/p>\n<p>Nacida el 12 de agosto de 1591, en Par\u00eds, se hab\u00eda casado all\u00ed, el 5 de febrero de 1613, con Antonio Le Gras, secretario de Estado de Mar\u00eda de Medici, reina regente. Sus parientes la hab\u00edan inducido a casarse, despu\u00e9s que la muerte de su piadoso padre y motivos de salud la ha\u00adb\u00edan impedido hacerse capuchina, como hubiera deseado.<\/p>\n<p>De esta vocaci\u00f3n le qued\u00f3 el voto hecho de servir a Dios durante toda la vida.<\/p>\n<p>Habiendo llegado a ser madre de un ni\u00f1o, Miguel Antonio, gastaba el tiempo libre en servir a los pobres y enfermos del barrio, junto con otras se\u00f1oras, atra\u00eddas por el entusiasmo y virtud de la Mademoiselle, titulo a que ten\u00eda derecho por el matrimonio con Marillac. Aquella virtud se fortalec\u00eda con una ascesis hecha de mortifica\u00adciones, silicios, vigilias y ayunos. Todos los d\u00edas medi\u00adtaba sobre el Evangelio, sobre las obras de Francisco de Sales y Fray Luis de Granada y sobre la <i>Imitaci\u00f3n de Cristo.<\/i><\/p>\n<p>Se hab\u00eda encontrado con Francisco de Sales en Par\u00eds, entre el a\u00f1o 1618 y 1619 ; y como enferm\u00f3, el santo le hizo varias visitas, cultivando y dirigiendo aquel su anhe\u00adlo de Dios. En este oficio le ayud\u00f3 mucho el t\u00edo Miguel de la Marillac, uno de aquellos seglares que, en el siglo XVII, oyeron la llamada y comprendieron la obligaci\u00f3n de la perfecci\u00f3n. Y Luisa ten\u00eda necesidad de un gu\u00eda para su alma atormentada de escr\u00fapulos: tem\u00eda continuamente que el no haber mantenido el voto de hacerse capuchina le atrajera los castigos del Se\u00f1or ; y entre estos pon\u00eda la p\u00e9sima salud de su marido. En una especie de rapto, un d\u00eda, en la iglesia, vio su futuro de sierva de los pobres, li\u00adgada con los tres votos y asistida por un gu\u00eda espiritual.<\/p>\n<p>El gu\u00eda espiritual fue Vicente de Pa\u00fal, que habitaba en su misma parroquia de San Salvador. Quiz\u00e1s se encon\u00adtr\u00f3 con \u00e9l en el monasterio de la Visitaci\u00f3n, que Vicente frecuentaba.<\/p>\n<p>Lo cierto es que, al hallarse frente a Vicente, vi\u00f3 en \u00e9l al gu\u00eda que Dios le enviaba: y un gu\u00eda no com\u00fan, como no era com\u00fan la exigencia de su alma, sobre todo despu\u00e9s que la muerte de su marido (21 de diciembre de 1625) la dej\u00f3 due\u00f1a y \u00e1rbitro de su propia existencia.<\/p>\n<p>Entre Vicente de Pa\u00fal y Luisa de Marillac los desig\u00adnios de Dios suscitaron uno de aquellos encuentros de al\u00admas que, inflamados y envueltos en el amor sobrenatural, sobre el completo aniquilamiento del amor terreno, ofre\u00adcen a la Iglesia energ\u00edas inesperadas.<\/p>\n<p>Tal hab\u00eda sido el encuentro entre Chantal, que toda\u00adv\u00eda viv\u00eda y trabajaba y Francisco de Sales, que hac\u00eda poco hab\u00eda muerto. Tal el encuentro de Clara con Francisco, de Catalina con Raimundo, cuya colaboraci\u00f3n, en una \u00e9poca de desorden espiritual, hab\u00eda hecho brotar una ca\u00adridad purificadora.<\/p>\n<p>Del encuentro de Luisa con el ideal de Vicente surgi\u00f3 la hermana de la caridad: \u00abesa demostraci\u00f3n completa del cristianismo\u00bb (Lacordaire), una de las creaciones m\u00e1s geniales del amor de Dios, que en las generaciones del ra\u00adcionalismo y del escepticismo, deb\u00eda representar, quiz\u00e1s m\u00e1s que ninguna otra, la perennidad del mensaje evang\u00e9\u00adlico.<\/p>\n<p>Se quer\u00eda una criatura, que se asemejara a la Se\u00f1ora contemplada, en el siglo del humanismo cristiano, en toda su plenitud, como virgen y como esposa, como madre y como viuda : y Luisa, de alma pura como una virgen &#8212;que hab\u00eda permanecido como tal por el voto hecho des\u00adde ni\u00f1a\u2014, hab\u00eda recogido los dones del matrimonio y de la maternidad: y hab\u00eda pasado por la experiencia m\u00edstica y por la experiencia activa ; Mar\u00eda y a la vez Marta, conoc\u00edan los coloquios con Jes\u00fas y el trato con la gente po\u00adbre : Dios y hombres, cielo y tierra. Lo que se quer\u00eda, desde el momento en que Vicente se hab\u00eda lanzado al ministerio de restituir al Padre una masa hu\u00e9rfana, era llevar de nuevo un trozo de para\u00edso sobre los campos de\u00adsolados.<\/p>\n<p>Luisa se asoci\u00f3 r\u00e1pidamente a la obra apost\u00f3lica de San Vicente atra\u00edda por su vigorosa santidad. Su alma, aristocr\u00e1tica, delicada, dirigida enteramente a la contem\u00adplaci\u00f3n de las propias miserias (que por otra parte cons\u00adtituir\u00eda para ella un placer refinado del que no era ple\u00adnamente consciente), sinti\u00f3 enseguida los beneficios de una disciplina, si no \u00e1spera (pues Vicente era de una de\u00adlicadeza humilde y suave en el trato con todos), ciertamen\u00adte firme y directa y casi proletaria. Comprendi\u00f3 en cu\u00e1ntos embrollos se estaba metiendo su alma, encerrada sobre s\u00ed misma ; y empez\u00f3 aquel proceso de liberaci\u00f3n, que con\u00adsisti\u00f3 en proyectar sus afectos fuera de s\u00ed misma, sobre los hermanos y m\u00e1s concretamente sobre los pobres.<\/p>\n<p>Y se asi\u00f3 de aquella mano firme, tanto que tuvo mucho que sufrir cuando, despu\u00e9s de la muerte de la Gondi, Vicente se dedic\u00f3 a recorrer los campos de Francia dando misiones, lejos de Par\u00eds.<\/p>\n<h3><i>La formaci\u00f3n de santa Luisa<\/i><\/h3>\n<p>En un programa de vida, redactado tal vez e\u00f1 1629, Mademoiselle Le Gras-Marillac resume para s\u00ed los ideales de Vicente de esta manera: \u00abEst\u00e9 en mi coraz\u00f3n siempre el deseo de la santa pobreza para que, libre de todo, pueda seguir a Jesucristo, y servir con toda humildad y dulzura a mi pr\u00f3jimo, viviendo en la obediencia y en la castidad durante toda mi vida, honrando la pobreza de Jesucristo\u00bb.<\/p>\n<p>De esta manera Luisa sub\u00eda hacia Dios y anhelaba, cada vez m\u00e1s, darse a alguna obra sistem\u00e1tica ; y, pues\u00adto que hab\u00eda renunciado definivamente a toda idea de casarse de nuevo, en fuerza del voto del 4 de mayo de 1623, esperaba de Dios, por boca de Vicente, la determi\u00adnaci\u00f3n de un nuevo estado. Vicente, que en todas las cosas proced\u00eda con prudencia y tomaba todas sus decisiones por una llamada expl\u00edcita de Dios, la invitaba a conser\u00advarse serenamente indiferente, dispuesta a todo, de mo\u00addo que \u00abhonrara siempre el no-hacer y el estado de es\u00adcondimiento del Hijo de Dios\u00bb.<\/p>\n<p>Y as\u00ed pas\u00f3 el trienio de 1626 a 1628. Entonces, vi\u00e9n\u00addola cada vez m\u00e1s inclinada a darse a los pobres, la in\u00advit\u00f3 a ponerse a disposici\u00f3n de las confraternidades de la caridad, yendo a visitarlas donde fuera necesario. Ma\u00adrillac acept\u00f3 alegre ; y a la menor indicaci\u00f3n del Santo sub\u00eda a su carroza, llev\u00e1ndo consigo vestidos, medicinas, personas de servicio y amigas de iguales sentimientos, todo a sus espensas ; y durante d\u00edas recorr\u00eda los campos, reu\u00adniendo a las hermanas de las confraternidades, visitando a los enfermos e instruyendo a los ni\u00f1os y campesinos en las verdades de la fe. Para esta \u00faltima actividad, por la que se interesaba santa Luisa no menos que San Vicente, hab\u00eda escrito de su pu\u00f1o y letra un peque\u00f1o catecismo, sencillo y popular.<\/p>\n<p>De esta manera visit\u00f3 los centros caritativos de nume\u00adrosas di\u00f3cesis : desde Par\u00eds a Beauvais, desde Senlis a Soissons, desde Meaux a Chartres&#8230; Y al verla y o\u00edrla aquellas hermanas, entregada a los pobres, y aquellos po\u00adbres, \u00e1vidos de doble vida, volv\u00edan a ver a Vicente, al ap\u00f3stol de la caridad.<\/p>\n<p>Luisa hizo su primera inspecci\u00f3n en Montmirail. Y Montmirail era un lugar muy querido de Vicente, no tanto por los recuerdos cuanto por sus miserias.<\/p>\n<p>Para este primer viaje le escribi\u00f3 el 6 de mayo de\u00adse\u00e1ndole que la protegiera Dios contra el fr\u00edo y el calor, la lluvia y el cansancio.<\/p>\n<p>En 1630 Luisa se hall\u00f3 en Saint-Cloud, precisamen\u00adte el aniversario de sus bodas. Vicente, que estaba en aquel lugar, intuy\u00f3 el deseo de aquella criatura que, aun habiendo vivido el matrimonio con coraz\u00f3n virginal, ha\u00adb\u00eda sido esposa fiel: y celebr\u00f3 la Misa de los esposos\u00bb. S\u00f3lo que ahora era ya esposa del Se\u00f1or.<\/p>\n<p>Aquel a\u00f1o Luisa misma fund\u00f3 una \u00abCaridad\u00bb (as\u00ed se llamaban las \u00abConfr\u00e9ries\u00bb) en Par\u00eds, en su parroquia de san Nicol\u00e1s, a la que pertenec\u00eda tambi\u00e9n Vicente.<\/p>\n<p>Otra cosa que le prescibi\u00f3 fue que no descargara a las damas arist\u00f3cratas de los trabajos m\u00e1s viles : cada una, en un d\u00eda determinado, deb\u00eda preparar a espensas propias la comida para los enfermos, cocinar por s\u00ed misma la carne y llevar personalmente la marmita. Despu\u00e9s la nombr\u00f3 superiora.<\/p>\n<p>Superiora quer\u00eda decir que ten\u00eda que trabajar m\u00e1s, visitar a m\u00e1s enfermos, prestarse a todos los oficios. Para empezar, asisti\u00f3 a una apestada: cosa que conmovi\u00f3 a su padre espiritual, que descubri\u00f3 a\u00fan mejor la heroi\u00adcidad de aquella criz tura: prototipo de la Hija de la Caridad, que ya anhelaba.<\/p>\n<p>Por su celo, mientras que hasta el a\u00f1o 1630 no hab\u00eda habido m\u00e1s que una Caridad en todo Par\u00eds, en un a\u00f1o se fundaron diez. Y esto mientras que, a pesar de su salud enfermiza, y a pesar de los sufrimientos de sus pulmones delicados, segu\u00eda recorriendo las provincias, inspeccio\u00adnando y reanimando las confraternidades de la caridad en los centros m\u00e1s lejanos. Entre ellos Villepreux.<\/p>\n<h3><i>La aventura de Beauvais<\/i><\/h3>\n<p>Con la ayuda de Marillac, Vicente de Paul prest\u00f3 la asistencia a los mendigos de Beauvais, llamado por el obis\u00adpo de aquella ciudad. Para suprimir la mendicidad, eri\u00adgi\u00f3 en cada una de las 18 parroquias una confraternidad de la caridad. La confraternidad serv\u00eda de instrumento de redistribuci\u00f3n y circulaci\u00f3n de bienes y de bien, soco\u00adrriendo necesidades donde enfermedades y desgracias ha\u00adb\u00edan abatido las energ\u00edas de los hermanos y proporcio\u00adnando medios morales y materiales donde la mendicidad era producto de un juicio torcido de los hombres.<\/p>\n<p>La autoridad local, representada por el lugarteniente del rey, entr\u00f3 en sospecha. En una sociedad en que cada uno miraba a sus negocios, el caso de uno que miraba por los intereses ajenos despert\u00f3 leg\u00edtima sospecha ; sin decir que aquellas reuniones de personas para discutir y actuar subvert\u00eda la norma de gobierno de aquel r\u00e9gimen y de to\u00addos los reg\u00edmenes de la tierra para los que reunirse era fomentar la subversi\u00f3n.<\/p>\n<p>Vicente no repar\u00f3 en aquella hostilidad ; y encarg\u00f3 a Mademoiselle que llevara a t\u00e9rmino la obra. Hac\u00eda un fr\u00edo riguroso; y la viuda delicada sufr\u00eda de los pulmones y se expon\u00eda sin cuidados. Pero cuidaba de ella Vicente que no cesaba de invitarla a la moderaci\u00f3n, asegur\u00e1ndole que, entre las astucias del diablo, una era excitar a las almas buenas a hacer m\u00e1s de lo que pueden, para que no hagan nada. En cambio \u2014dec\u00eda\u2014 \u00abel esp\u00edritu de Dios invita dul\u00adcemente a hacer el bien que razonablemente podemos ha\u00adcer&#8230;\u00bb<\/p>\n<p>Mademoiselle Marillac, con su hero\u00edsmo, impresio\u00adn\u00f3 a la poblaci\u00f3n tanto que a su partida, su carruaje tuvo que abrirse paso entre una muchedumbre que aplaud\u00eda. Por esto no se ensoberbeci\u00f3 ; hab\u00eda aprendido de su maes\u00adtro a unir su esp\u00edritu, durante las posibles fiestas y hono\u00adres, con las burlas, escarnios y malos tratos de Jes\u00fas.<\/p>\n","protected":false},"excerpt":{"rendered":"<p>VI. El encuentro con Luisa de Marillac (1624-1630) El encuentro con la Marillac Hac\u00eda unos quince a\u00f1os que florec\u00edan aquellas con\u00adfr\u00e9ries de la charit\u00e9, en las que las mujeres serv\u00edan a los pobres por amor &#8230; <a href=\"https:\/\/vincentians.com\/es\/san-vicente-de-paul-siervo-de-los-pobres-06\/\" class=\"more-link\">Read More<\/a><\/p>\n","protected":false},"author":4,"featured_media":39882,"comment_status":"open","ping_status":"open","sticky":false,"template":"","format":"standard","meta":{"jetpack_post_was_ever_published":false,"_jetpack_newsletter_access":"","_jetpack_dont_email_post_to_subs":false,"_jetpack_newsletter_tier_id":0,"_jetpack_memberships_contains_paywalled_content":false,"_jetpack_memberships_contains_paid_content":false,"footnotes":"","jetpack_publicize_message":"","jetpack_publicize_feature_enabled":true,"jetpack_social_post_already_shared":true,"jetpack_social_options":{"image_generator_settings":{"template":"highway","default_image_id":0,"font":"","enabled":false},"version":2}},"categories":[5],"tags":[130,152,119,131,132,143,135],"class_list":["post-125833","post","type-post","status-publish","format-standard","has-post-thumbnail","hentry","category-vicente-de-paul","tag-beauvais","tag-duquesa-de-aiguillon","tag-gondi","tag-montmirail","tag-saint-cloud","tag-san-lazaro","tag-villepreux"],"yoast_head":"<!-- This site is optimized with the Yoast SEO plugin v26.3 - https:\/\/yoast.com\/wordpress\/plugins\/seo\/ -->\n<title>San Vicente de Pa\u00fal, siervo de los pobres (06) - Somos Vicencianos<\/title>\n<meta name=\"robots\" content=\"index, follow, max-snippet:-1, max-image-preview:large, max-video-preview:-1\" \/>\n<link rel=\"canonical\" href=\"https:\/\/vincentians.com\/es\/san-vicente-de-paul-siervo-de-los-pobres-06\/\" \/>\n<meta property=\"og:locale\" content=\"es_ES\" \/>\n<meta property=\"og:type\" content=\"article\" \/>\n<meta property=\"og:title\" content=\"San Vicente de Pa\u00fal, siervo de los pobres (06) - Somos Vicencianos\" \/>\n<meta property=\"og:description\" content=\"VI. El encuentro con Luisa de Marillac (1624-1630) El encuentro con la Marillac Hac\u00eda unos quince a\u00f1os que florec\u00edan aquellas con\u00adfr\u00e9ries de la charit\u00e9, en las que las mujeres serv\u00edan a los pobres por amor ... Read More\" \/>\n<meta property=\"og:url\" content=\"https:\/\/vincentians.com\/es\/san-vicente-de-paul-siervo-de-los-pobres-06\/\" \/>\n<meta property=\"og:site_name\" content=\"Somos Vicencianos\" \/>\n<meta property=\"article:publisher\" content=\"https:\/\/www.facebook.com\/WeAreVincentians\/\" \/>\n<meta property=\"article:author\" content=\"https:\/\/www.facebook.com\/JavierChento\" \/>\n<meta property=\"article:published_time\" content=\"2013-12-01T05:40:18+00:00\" \/>\n<meta property=\"article:modified_time\" content=\"2016-07-26T15:23:10+00:00\" \/>\n<meta name=\"author\" content=\"Francisco Javier Fern\u00e1ndez Chento\" \/>\n<meta name=\"twitter:card\" content=\"summary_large_image\" \/>\n<meta name=\"twitter:creator\" content=\"@https:\/\/twitter.com\/javierchento\" \/>\n<meta name=\"twitter:site\" content=\"@WeVincentians\" \/>\n<meta name=\"twitter:label1\" content=\"Escrito por\" \/>\n\t<meta name=\"twitter:data1\" content=\"Francisco Javier Fern\u00e1ndez Chento\" \/>\n\t<meta name=\"twitter:label2\" content=\"Tiempo de lectura\" \/>\n\t<meta name=\"twitter:data2\" content=\"13 minutos\" \/>\n<script type=\"application\/ld+json\" class=\"yoast-schema-graph\">{\"@context\":\"https:\/\/schema.org\",\"@graph\":[{\"@type\":\"Article\",\"@id\":\"https:\/\/vincentians.com\/es\/san-vicente-de-paul-siervo-de-los-pobres-06\/#article\",\"isPartOf\":{\"@id\":\"https:\/\/vincentians.com\/es\/san-vicente-de-paul-siervo-de-los-pobres-06\/\"},\"author\":{\"name\":\"Francisco Javier Fern\u00e1ndez Chento\",\"@id\":\"http:\/\/vincentians.com\/es\/#\/schema\/person\/9623ef4d9aa3b2dfb8c061f1499288f2\"},\"headline\":\"San Vicente de Pa\u00fal, siervo de los pobres (06)\",\"datePublished\":\"2013-12-01T05:40:18+00:00\",\"dateModified\":\"2016-07-26T15:23:10+00:00\",\"mainEntityOfPage\":{\"@id\":\"https:\/\/vincentians.com\/es\/san-vicente-de-paul-siervo-de-los-pobres-06\/\"},\"wordCount\":2544,\"commentCount\":0,\"publisher\":{\"@id\":\"http:\/\/vincentians.com\/es\/#organization\"},\"image\":{\"@id\":\"https:\/\/vincentians.com\/es\/san-vicente-de-paul-siervo-de-los-pobres-06\/#primaryimage\"},\"thumbnailUrl\":\"\",\"keywords\":[\"Beauvais\",\"Duquesa de Aiguillon\",\"Gondi\",\"Montmirail\",\"Saint-Cloud\",\"San L\u00e1zaro\",\"Villepreux\"],\"articleSection\":[\"Vicente de Pa\u00fal\"],\"inLanguage\":\"es\",\"potentialAction\":[{\"@type\":\"CommentAction\",\"name\":\"Comment\",\"target\":[\"https:\/\/vincentians.com\/es\/san-vicente-de-paul-siervo-de-los-pobres-06\/#respond\"]}]},{\"@type\":\"WebPage\",\"@id\":\"https:\/\/vincentians.com\/es\/san-vicente-de-paul-siervo-de-los-pobres-06\/\",\"url\":\"https:\/\/vincentians.com\/es\/san-vicente-de-paul-siervo-de-los-pobres-06\/\",\"name\":\"San Vicente de Pa\u00fal, siervo de los pobres (06) - Somos Vicencianos\",\"isPartOf\":{\"@id\":\"http:\/\/vincentians.com\/es\/#website\"},\"primaryImageOfPage\":{\"@id\":\"https:\/\/vincentians.com\/es\/san-vicente-de-paul-siervo-de-los-pobres-06\/#primaryimage\"},\"image\":{\"@id\":\"https:\/\/vincentians.com\/es\/san-vicente-de-paul-siervo-de-los-pobres-06\/#primaryimage\"},\"thumbnailUrl\":\"\",\"datePublished\":\"2013-12-01T05:40:18+00:00\",\"dateModified\":\"2016-07-26T15:23:10+00:00\",\"breadcrumb\":{\"@id\":\"https:\/\/vincentians.com\/es\/san-vicente-de-paul-siervo-de-los-pobres-06\/#breadcrumb\"},\"inLanguage\":\"es\",\"potentialAction\":[{\"@type\":\"ReadAction\",\"target\":[\"https:\/\/vincentians.com\/es\/san-vicente-de-paul-siervo-de-los-pobres-06\/\"]}]},{\"@type\":\"ImageObject\",\"inLanguage\":\"es\",\"@id\":\"https:\/\/vincentians.com\/es\/san-vicente-de-paul-siervo-de-los-pobres-06\/#primaryimage\",\"url\":\"\",\"contentUrl\":\"\"},{\"@type\":\"BreadcrumbList\",\"@id\":\"https:\/\/vincentians.com\/es\/san-vicente-de-paul-siervo-de-los-pobres-06\/#breadcrumb\",\"itemListElement\":[{\"@type\":\"ListItem\",\"position\":1,\"name\":\"Portada\",\"item\":\"http:\/\/vincentians.com\/es\/\"},{\"@type\":\"ListItem\",\"position\":2,\"name\":\"San Vicente de Pa\u00fal, siervo de los pobres (06)\"}]},{\"@type\":\"WebSite\",\"@id\":\"http:\/\/vincentians.com\/es\/#website\",\"url\":\"http:\/\/vincentians.com\/es\/\",\"name\":\"Somos Vicencianos\",\"description\":\"Know more to serve more\",\"publisher\":{\"@id\":\"http:\/\/vincentians.com\/es\/#organization\"},\"potentialAction\":[{\"@type\":\"SearchAction\",\"target\":{\"@type\":\"EntryPoint\",\"urlTemplate\":\"http:\/\/vincentians.com\/es\/?s={search_term_string}\"},\"query-input\":{\"@type\":\"PropertyValueSpecification\",\"valueRequired\":true,\"valueName\":\"search_term_string\"}}],\"inLanguage\":\"es\"},{\"@type\":\"Organization\",\"@id\":\"http:\/\/vincentians.com\/es\/#organization\",\"name\":\"The Vincentian Network\",\"url\":\"http:\/\/vincentians.com\/es\/\",\"logo\":{\"@type\":\"ImageObject\",\"inLanguage\":\"es\",\"@id\":\"http:\/\/vincentians.com\/es\/#\/schema\/logo\/image\/\",\"url\":\"https:\/\/i1.wp.com\/vincentians.com\/es\/wp-content\/uploads\/sites\/11\/2016\/06\/Vincentian-Network-logo-big.png?fit=778%2C778\",\"contentUrl\":\"https:\/\/i1.wp.com\/vincentians.com\/es\/wp-content\/uploads\/sites\/11\/2016\/06\/Vincentian-Network-logo-big.png?fit=778%2C778\",\"width\":778,\"height\":778,\"caption\":\"The Vincentian Network\"},\"image\":{\"@id\":\"http:\/\/vincentians.com\/es\/#\/schema\/logo\/image\/\"},\"sameAs\":[\"https:\/\/www.facebook.com\/WeAreVincentians\/\",\"https:\/\/x.com\/WeVincentians\"]},{\"@type\":\"Person\",\"@id\":\"http:\/\/vincentians.com\/es\/#\/schema\/person\/9623ef4d9aa3b2dfb8c061f1499288f2\",\"name\":\"Francisco Javier Fern\u00e1ndez Chento\",\"image\":{\"@type\":\"ImageObject\",\"inLanguage\":\"es\",\"@id\":\"http:\/\/vincentians.com\/es\/#\/schema\/person\/image\/\",\"url\":\"https:\/\/secure.gravatar.com\/avatar\/497d5cde87b4c3d097d0315953521681ba2cd523ee66e5077c3711f7021e65de?s=96&d=mm&r=g\",\"contentUrl\":\"https:\/\/secure.gravatar.com\/avatar\/497d5cde87b4c3d097d0315953521681ba2cd523ee66e5077c3711f7021e65de?s=96&d=mm&r=g\",\"caption\":\"Francisco Javier Fern\u00e1ndez Chento\"},\"description\":\"Director General y cofundador de La Red de Formaci\u00f3n Vicenciana. Javier es laico vicenciano, afiliado a la Congregaci\u00f3n de la Misi\u00f3n y miembro del Equipo de Misiones Populares de la provincia can\u00f3nica de Zaragoza (Espa\u00f1a) de la Congregaci\u00f3n de la Misi\u00f3n. Graduado en la Universidad Oberta de Catalunya con cuatro grados (Asistente de direcci\u00f3n, Gesti\u00f3n Administrativa, Recursos Humanos y Contabilidad Avanzada). Bil\u00edng\u00fce Espa\u00f1ol\/Ingl\u00e9s. gestiona y mantiene varias p\u00e1ginas web cristianas y vicencianas, incluida including La Red de Formaci\u00f3n Vicenciana, de la que es cofundador. Actualmente es responsable del \u00e1rea de Espa\u00f1ol de .famvin, la Red de Noticias de la Familia Vicenciana. Tambi\u00e9n es m\u00fasico cat\u00f3lico y ha editado varios discos. Es Director General y cofundador de Trovador, una reconocida compa\u00f1\u00eda discogr\u00e1fica critiana de Espa\u00f1a. Trabaja en las Tecnolog\u00edas de la Informaci\u00f3n, ofreciendo servicios de alojamiento, dise\u00f1o y mantenimiento Web, as\u00ed como asesoramiento, formaci\u00f3n y soluciones inform\u00e1ticas, gesti\u00f3n documental y digitalizaci\u00f3n de textos, edici\u00f3n y maquetaci\u00f3n de libros, revistas, flyers, etc.\",\"sameAs\":[\"http:\/\/chento.org\",\"https:\/\/www.facebook.com\/JavierChento\",\"https:\/\/x.com\/https:\/\/twitter.com\/javierchento\"],\"url\":\"https:\/\/vincentians.com\/es\/author\/chento\/\"}]}<\/script>\n<!-- \/ Yoast SEO plugin. -->","yoast_head_json":{"title":"San Vicente de Pa\u00fal, siervo de los pobres (06) - Somos Vicencianos","robots":{"index":"index","follow":"follow","max-snippet":"max-snippet:-1","max-image-preview":"max-image-preview:large","max-video-preview":"max-video-preview:-1"},"canonical":"https:\/\/vincentians.com\/es\/san-vicente-de-paul-siervo-de-los-pobres-06\/","og_locale":"es_ES","og_type":"article","og_title":"San Vicente de Pa\u00fal, siervo de los pobres (06) - Somos Vicencianos","og_description":"VI. El encuentro con Luisa de Marillac (1624-1630) El encuentro con la Marillac Hac\u00eda unos quince a\u00f1os que florec\u00edan aquellas con\u00adfr\u00e9ries de la charit\u00e9, en las que las mujeres serv\u00edan a los pobres por amor ... Read More","og_url":"https:\/\/vincentians.com\/es\/san-vicente-de-paul-siervo-de-los-pobres-06\/","og_site_name":"Somos Vicencianos","article_publisher":"https:\/\/www.facebook.com\/WeAreVincentians\/","article_author":"https:\/\/www.facebook.com\/JavierChento","article_published_time":"2013-12-01T05:40:18+00:00","article_modified_time":"2016-07-26T15:23:10+00:00","author":"Francisco Javier Fern\u00e1ndez Chento","twitter_card":"summary_large_image","twitter_creator":"@https:\/\/twitter.com\/javierchento","twitter_site":"@WeVincentians","twitter_misc":{"Escrito por":"Francisco Javier Fern\u00e1ndez Chento","Tiempo de lectura":"13 minutos"},"schema":{"@context":"https:\/\/schema.org","@graph":[{"@type":"Article","@id":"https:\/\/vincentians.com\/es\/san-vicente-de-paul-siervo-de-los-pobres-06\/#article","isPartOf":{"@id":"https:\/\/vincentians.com\/es\/san-vicente-de-paul-siervo-de-los-pobres-06\/"},"author":{"name":"Francisco Javier Fern\u00e1ndez Chento","@id":"http:\/\/vincentians.com\/es\/#\/schema\/person\/9623ef4d9aa3b2dfb8c061f1499288f2"},"headline":"San Vicente de Pa\u00fal, siervo de los pobres (06)","datePublished":"2013-12-01T05:40:18+00:00","dateModified":"2016-07-26T15:23:10+00:00","mainEntityOfPage":{"@id":"https:\/\/vincentians.com\/es\/san-vicente-de-paul-siervo-de-los-pobres-06\/"},"wordCount":2544,"commentCount":0,"publisher":{"@id":"http:\/\/vincentians.com\/es\/#organization"},"image":{"@id":"https:\/\/vincentians.com\/es\/san-vicente-de-paul-siervo-de-los-pobres-06\/#primaryimage"},"thumbnailUrl":"","keywords":["Beauvais","Duquesa de Aiguillon","Gondi","Montmirail","Saint-Cloud","San L\u00e1zaro","Villepreux"],"articleSection":["Vicente de Pa\u00fal"],"inLanguage":"es","potentialAction":[{"@type":"CommentAction","name":"Comment","target":["https:\/\/vincentians.com\/es\/san-vicente-de-paul-siervo-de-los-pobres-06\/#respond"]}]},{"@type":"WebPage","@id":"https:\/\/vincentians.com\/es\/san-vicente-de-paul-siervo-de-los-pobres-06\/","url":"https:\/\/vincentians.com\/es\/san-vicente-de-paul-siervo-de-los-pobres-06\/","name":"San Vicente de Pa\u00fal, siervo de los pobres (06) - Somos Vicencianos","isPartOf":{"@id":"http:\/\/vincentians.com\/es\/#website"},"primaryImageOfPage":{"@id":"https:\/\/vincentians.com\/es\/san-vicente-de-paul-siervo-de-los-pobres-06\/#primaryimage"},"image":{"@id":"https:\/\/vincentians.com\/es\/san-vicente-de-paul-siervo-de-los-pobres-06\/#primaryimage"},"thumbnailUrl":"","datePublished":"2013-12-01T05:40:18+00:00","dateModified":"2016-07-26T15:23:10+00:00","breadcrumb":{"@id":"https:\/\/vincentians.com\/es\/san-vicente-de-paul-siervo-de-los-pobres-06\/#breadcrumb"},"inLanguage":"es","potentialAction":[{"@type":"ReadAction","target":["https:\/\/vincentians.com\/es\/san-vicente-de-paul-siervo-de-los-pobres-06\/"]}]},{"@type":"ImageObject","inLanguage":"es","@id":"https:\/\/vincentians.com\/es\/san-vicente-de-paul-siervo-de-los-pobres-06\/#primaryimage","url":"","contentUrl":""},{"@type":"BreadcrumbList","@id":"https:\/\/vincentians.com\/es\/san-vicente-de-paul-siervo-de-los-pobres-06\/#breadcrumb","itemListElement":[{"@type":"ListItem","position":1,"name":"Portada","item":"http:\/\/vincentians.com\/es\/"},{"@type":"ListItem","position":2,"name":"San Vicente de Pa\u00fal, siervo de los pobres (06)"}]},{"@type":"WebSite","@id":"http:\/\/vincentians.com\/es\/#website","url":"http:\/\/vincentians.com\/es\/","name":"Somos Vicencianos","description":"Know more to serve more","publisher":{"@id":"http:\/\/vincentians.com\/es\/#organization"},"potentialAction":[{"@type":"SearchAction","target":{"@type":"EntryPoint","urlTemplate":"http:\/\/vincentians.com\/es\/?s={search_term_string}"},"query-input":{"@type":"PropertyValueSpecification","valueRequired":true,"valueName":"search_term_string"}}],"inLanguage":"es"},{"@type":"Organization","@id":"http:\/\/vincentians.com\/es\/#organization","name":"The Vincentian Network","url":"http:\/\/vincentians.com\/es\/","logo":{"@type":"ImageObject","inLanguage":"es","@id":"http:\/\/vincentians.com\/es\/#\/schema\/logo\/image\/","url":"https:\/\/i1.wp.com\/vincentians.com\/es\/wp-content\/uploads\/sites\/11\/2016\/06\/Vincentian-Network-logo-big.png?fit=778%2C778","contentUrl":"https:\/\/i1.wp.com\/vincentians.com\/es\/wp-content\/uploads\/sites\/11\/2016\/06\/Vincentian-Network-logo-big.png?fit=778%2C778","width":778,"height":778,"caption":"The Vincentian Network"},"image":{"@id":"http:\/\/vincentians.com\/es\/#\/schema\/logo\/image\/"},"sameAs":["https:\/\/www.facebook.com\/WeAreVincentians\/","https:\/\/x.com\/WeVincentians"]},{"@type":"Person","@id":"http:\/\/vincentians.com\/es\/#\/schema\/person\/9623ef4d9aa3b2dfb8c061f1499288f2","name":"Francisco Javier Fern\u00e1ndez Chento","image":{"@type":"ImageObject","inLanguage":"es","@id":"http:\/\/vincentians.com\/es\/#\/schema\/person\/image\/","url":"https:\/\/secure.gravatar.com\/avatar\/497d5cde87b4c3d097d0315953521681ba2cd523ee66e5077c3711f7021e65de?s=96&d=mm&r=g","contentUrl":"https:\/\/secure.gravatar.com\/avatar\/497d5cde87b4c3d097d0315953521681ba2cd523ee66e5077c3711f7021e65de?s=96&d=mm&r=g","caption":"Francisco Javier Fern\u00e1ndez Chento"},"description":"Director General y cofundador de La Red de Formaci\u00f3n Vicenciana. Javier es laico vicenciano, afiliado a la Congregaci\u00f3n de la Misi\u00f3n y miembro del Equipo de Misiones Populares de la provincia can\u00f3nica de Zaragoza (Espa\u00f1a) de la Congregaci\u00f3n de la Misi\u00f3n. Graduado en la Universidad Oberta de Catalunya con cuatro grados (Asistente de direcci\u00f3n, Gesti\u00f3n Administrativa, Recursos Humanos y Contabilidad Avanzada). Bil\u00edng\u00fce Espa\u00f1ol\/Ingl\u00e9s. gestiona y mantiene varias p\u00e1ginas web cristianas y vicencianas, incluida including La Red de Formaci\u00f3n Vicenciana, de la que es cofundador. Actualmente es responsable del \u00e1rea de Espa\u00f1ol de .famvin, la Red de Noticias de la Familia Vicenciana. Tambi\u00e9n es m\u00fasico cat\u00f3lico y ha editado varios discos. Es Director General y cofundador de Trovador, una reconocida compa\u00f1\u00eda discogr\u00e1fica critiana de Espa\u00f1a. Trabaja en las Tecnolog\u00edas de la Informaci\u00f3n, ofreciendo servicios de alojamiento, dise\u00f1o y mantenimiento Web, as\u00ed como asesoramiento, formaci\u00f3n y soluciones inform\u00e1ticas, gesti\u00f3n documental y digitalizaci\u00f3n de textos, edici\u00f3n y maquetaci\u00f3n de libros, revistas, flyers, etc.","sameAs":["http:\/\/chento.org","https:\/\/www.facebook.com\/JavierChento","https:\/\/x.com\/https:\/\/twitter.com\/javierchento"],"url":"https:\/\/vincentians.com\/es\/author\/chento\/"}]}},"jetpack_publicize_connections":[],"jetpack_featured_media_url":"","jetpack_sharing_enabled":true,"jetpack_shortlink":"https:\/\/wp.me\/p7ETMF-wJz","jetpack-related-posts":[{"id":130374,"url":"https:\/\/vincentians.com\/es\/un-perfil-heroico-santa-luisa-de-marillac-18\/","url_meta":{"origin":125833,"position":0},"title":"Un perfil heroico: santa Luisa de Marillac (18)","author":"Francisco Javier Fern\u00e1ndez Chento","date":"12\/03\/2015","format":false,"excerpt":"Soy un gusano, y no un hombre; el oprobio de los hombres y el desecho de la plebe. (Salmo 21.) El 29 de septiembre de 1655, en una reuni\u00f3n familiar con las Hijas de la Caridad, San Vicente, en uni\u00f3n con la se\u00f1orita Legras, les hablaba de las gracias que\u2026","rel":"","context":"En \u00abLuisa de Marillac\u00bb","block_context":{"text":"Luisa de Marillac","link":"https:\/\/vincentians.com\/es\/category\/la-familia-vicenciana\/fundadores\/luisa-de-marillac\/"},"img":{"alt_text":"OLYMPUS DIGITAL CAMERA","src":"https:\/\/i0.wp.com\/vicencianos.org\/wp-content\/2014\/04\/louise-marillac-300x248.jpg?resize=350%2C200","width":350,"height":200},"classes":[]},{"id":130270,"url":"https:\/\/vincentians.com\/es\/un-perfil-heroico-santa-luisa-de-marillac-11\/","url_meta":{"origin":125833,"position":1},"title":"Un perfil heroico: santa Luisa de Marillac (11)","author":"Francisco Javier Fern\u00e1ndez Chento","date":"05\/03\/2015","format":false,"excerpt":"SED fervorosos de esp\u00edritu, acord\u00e1ndoos de que es al Se\u00f1or a quien serv\u00eds. Alegraos con la esperanza del premio. (Ep. a los romanos, XII.) EN la campi\u00f1a que rodea la humilde villa de Suresnes se divisa la gr\u00e1cil figura de una joven pastora que cuida de su ganado. Los vestidos\u2026","rel":"","context":"En \u00abLuisa de Marillac\u00bb","block_context":{"text":"Luisa de Marillac","link":"https:\/\/vincentians.com\/es\/category\/la-familia-vicenciana\/fundadores\/luisa-de-marillac\/"},"img":{"alt_text":"OLYMPUS DIGITAL CAMERA","src":"https:\/\/i0.wp.com\/vicencianos.org\/wp-content\/2014\/04\/louise-marillac-300x248.jpg?resize=350%2C200","width":350,"height":200},"classes":[]},{"id":125836,"url":"https:\/\/vincentians.com\/es\/san-vicente-de-paul-siervo-de-los-pobres-07\/","url_meta":{"origin":125833,"position":2},"title":"San Vicente de Pa\u00fal, siervo de los pobres (07)","author":"Francisco Javier Fern\u00e1ndez Chento","date":"02\/12\/2013","format":false,"excerpt":"VII. Las Hijas de la Caridad (1633) Siervas de las siervas de los pobres Si a Vicente le daba pena la enfermedad de Luisa, Luisa no ten\u00eda menores motivos para temer por la salud de Vicente, que precisamente por entonces \u2014en 1631\u2014sufri\u00f3 un ataque m\u00e1s fuerte de aquel mal a\u2026","rel":"","context":"En \u00abVicente de Pa\u00fal\u00bb","block_context":{"text":"Vicente de Pa\u00fal","link":"https:\/\/vincentians.com\/es\/category\/la-familia-vicenciana\/fundadores\/vicente-de-paul\/"},"img":{"alt_text":"","src":"","width":0,"height":0},"classes":[]},{"id":127447,"url":"https:\/\/vincentians.com\/es\/la-afliccion-de-los-locos-ii\/","url_meta":{"origin":125833,"position":3},"title":"La aflicci\u00f3n de los locos (II)","author":"Francisco Javier Fern\u00e1ndez Chento","date":"19\/06\/2024","format":false,"excerpt":"Las hermanas en los manicomios Animadas por el impulso de la fe, las primeras hermanas se entregan a su nuevo campo de acci\u00f3n. Como siempre les esperaban trabajos muy humildes: roper\u00eda, cocina, enferme\u00adr\u00eda. Pero todas sus acciones est\u00e1n impregnadas de esp\u00ed\u00adritu sobrenatural: amor a Dios y al pr\u00f3jimo. He aqu\u00ed\u2026","rel":"","context":"En \u00abFormaci\u00f3n Vicenciana\u00bb","block_context":{"text":"Formaci\u00f3n Vicenciana","link":"https:\/\/vincentians.com\/es\/category\/formacion-vicenciana\/"},"img":{"alt_text":"","src":"https:\/\/i0.wp.com\/vincentians.com\/es\/wp-content\/uploads\/sites\/11\/2013\/04\/n-1.jpg?fit=823%2C564&ssl=1&resize=350%2C200","width":350,"height":200,"srcset":"https:\/\/i0.wp.com\/vincentians.com\/es\/wp-content\/uploads\/sites\/11\/2013\/04\/n-1.jpg?fit=823%2C564&ssl=1&resize=350%2C200 1x, https:\/\/i0.wp.com\/vincentians.com\/es\/wp-content\/uploads\/sites\/11\/2013\/04\/n-1.jpg?fit=823%2C564&ssl=1&resize=525%2C300 1.5x, https:\/\/i0.wp.com\/vincentians.com\/es\/wp-content\/uploads\/sites\/11\/2013\/04\/n-1.jpg?fit=823%2C564&ssl=1&resize=700%2C400 2x"},"classes":[]},{"id":130444,"url":"https:\/\/vincentians.com\/es\/un-perfil-heroico-santa-luisa-de-marillac-19\/","url_meta":{"origin":125833,"position":4},"title":"Un perfil heroico: santa Luisa de Marillac (19)","author":"Francisco Javier Fern\u00e1ndez Chento","date":"13\/03\/2015","format":false,"excerpt":"Y pondr\u00e9 mi esp\u00edritu en vosotros, y har\u00e9 que guard\u00e9is mis preceptos. Y vosotros ser\u00e9is el pueblo m\u00edo, y yo ser\u00e9 vuestro Dios. (Ezequiel, XXXVI.) VICENTE de Pa\u00fal, cuyo coraz\u00f3n se regocijaba santamente al contemplar las bellas disposiciones de esp\u00edritu de las Hijas de la Caridad, y los frutos copiosos\u2026","rel":"","context":"En \u00abLuisa de Marillac\u00bb","block_context":{"text":"Luisa de Marillac","link":"https:\/\/vincentians.com\/es\/category\/la-familia-vicenciana\/fundadores\/luisa-de-marillac\/"},"img":{"alt_text":"OLYMPUS DIGITAL CAMERA","src":"https:\/\/i0.wp.com\/vicencianos.org\/wp-content\/2014\/04\/louise-marillac-300x248.jpg?resize=350%2C200","width":350,"height":200},"classes":[]},{"id":125839,"url":"https:\/\/vincentians.com\/es\/san-vicente-de-paul-siervo-de-los-pobres-08\/","url_meta":{"origin":125833,"position":5},"title":"San Vicente de Pa\u00fal, siervo de los pobres (08)","author":"Francisco Javier Fern\u00e1ndez Chento","date":"03\/12\/2013","format":false,"excerpt":"VIII. Las Damas de la Caridad (1634) Las damas del H\u00f3tel-Dieu Pocos meses despu\u00e9s de la fundaci\u00f3n de las Hijas de la caridad, se present\u00f3 a Monsieur Vincent la incansa\u00adble Madame Goussault para suplicarle que constituyera una compa\u00f1\u00eda de damas para el servicio del gran hospi\u00adtal de Par\u00eds, el H\u00f3tel-Dieu.\u2026","rel":"","context":"En \u00abVicente de Pa\u00fal\u00bb","block_context":{"text":"Vicente de Pa\u00fal","link":"https:\/\/vincentians.com\/es\/category\/la-familia-vicenciana\/fundadores\/vicente-de-paul\/"},"img":{"alt_text":"","src":"","width":0,"height":0},"classes":[]}],"_links":{"self":[{"href":"https:\/\/vincentians.com\/es\/wp-json\/wp\/v2\/posts\/125833","targetHints":{"allow":["GET"]}}],"collection":[{"href":"https:\/\/vincentians.com\/es\/wp-json\/wp\/v2\/posts"}],"about":[{"href":"https:\/\/vincentians.com\/es\/wp-json\/wp\/v2\/types\/post"}],"author":[{"embeddable":true,"href":"https:\/\/vincentians.com\/es\/wp-json\/wp\/v2\/users\/4"}],"replies":[{"embeddable":true,"href":"https:\/\/vincentians.com\/es\/wp-json\/wp\/v2\/comments?post=125833"}],"version-history":[{"count":0,"href":"https:\/\/vincentians.com\/es\/wp-json\/wp\/v2\/posts\/125833\/revisions"}],"wp:featuredmedia":[{"embeddable":true,"href":"https:\/\/vincentians.com\/es\/wp-json\/"}],"wp:attachment":[{"href":"https:\/\/vincentians.com\/es\/wp-json\/wp\/v2\/media?parent=125833"}],"wp:term":[{"taxonomy":"category","embeddable":true,"href":"https:\/\/vincentians.com\/es\/wp-json\/wp\/v2\/categories?post=125833"},{"taxonomy":"post_tag","embeddable":true,"href":"https:\/\/vincentians.com\/es\/wp-json\/wp\/v2\/tags?post=125833"}],"curies":[{"name":"wp","href":"https:\/\/api.w.org\/{rel}","templated":true}]}}