{"id":125796,"date":"2015-05-03T15:27:18","date_gmt":"2015-05-03T13:27:18","guid":{"rendered":"http:\/\/somos.vicencianos.org\/?p=125796"},"modified":"2015-05-03T15:27:18","modified_gmt":"2015-05-03T13:27:18","slug":"el-rostro-maternal-de-dios-una-nota-sobre-san-vicente-de-paul","status":"publish","type":"post","link":"https:\/\/vincentians.com\/es\/el-rostro-maternal-de-dios-una-nota-sobre-san-vicente-de-paul\/","title":{"rendered":"El rostro maternal de Dios. Una nota sobre San Vicente de Pa\u00fal"},"content":{"rendered":"<p><a href=\"https:\/\/i0.wp.com\/vicencianos.org\/wp-content\/2013\/12\/rostro-maternal-de-Dios.jpg\"><img data-recalc-dims=\"1\" loading=\"lazy\" decoding=\"async\" class=\"alignright size-medium wp-image-144373\" src=\"https:\/\/i0.wp.com\/vicencianos.org\/wp-content\/2013\/12\/rostro-maternal-de-Dios-300x300.jpg?resize=300%2C300\" alt=\"rostro maternal de Dios\" width=\"300\" height=\"300\" \/><\/a>Podr\u00edamos decir muchas cosas sobre el trato que san Vicente tuvo con las mujeres. Entre sus m\u00e1s \u00edntimos amigos y colaboradores, se en\u00adcontraban dos mujeres santas: Juana Francisca de Chantal y Luisa de Marillac. Otras mujeres jugaron tambi\u00e9n un papel importante en su vida, y san Vicente en la de ellas: Desde Margarita Naseau, la chica campesina que no sab\u00eda leer, hasta Ana de Austria, la reina de Francia.<\/p>\n<p>Algunos han sugerido la hip\u00f3tesis de que, en su papel de l\u00edder, san Vicente se relacionaba mejor e influ\u00eda m\u00e1s en las mujeres que en los hombres&#8217;. Aunque esta hip\u00f3tesis es dif\u00edcil de sostener, dado el gran n\u00fa\u00admero de amigos y dirigidos varones, que san Vicente tuvo, es cierto tambi\u00e9n, que ten\u00eda una lista impresionante de admiradoras y colabora\u00addoras: La se\u00f1ora de Gondi, Juana Francisca de Chantal, Luisa de Ma\u00adrillac, la se\u00f1ora Gousault, la se\u00f1orita du Fay, Ana de Austria, Mar\u00eda de Gonzaga, s\u00f3lo, por citar algunas.<\/p>\n<p>Pensar que su relaci\u00f3n con estas mujeres era \u00abs\u00f3lo de negocios\u00bb ser\u00eda un error. Su relaci\u00f3n con ellas era c\u00e1lida y afectuosa, como lo dir\u00eda \u00e9l: \u00abni siquiera de la menor sospecha de impureza\u00bb (RC IV, 1).<\/p>\n<p>Sus cartas contienen algunos p\u00e1rrafos encantadores, llenos de calor humano. En octubre de 1627, le dice a Luisa de Marillac: \u00abLe es\u00adcribo cerca de la media noche, un poco aprisa. Perdone a mi coraz\u00f3n el que no me esplaye un poco m\u00e1s en la presente. Sea fiel a su fiel amante, que es nuestro Se\u00f1or. Sea cada vez m\u00e1s humilde y sencilla. Yo ser\u00e9, en el amor de nuestro Se\u00f1or y de su santa Madre&#8230;\u00bb (I. 100).<\/p>\n<p>El d\u00eda de A\u00f1o Nuevo de 1638, concluye as\u00ed la carta que escribe a Luisa: \u00abLe deseo un nuevo coraz\u00f3n y un amor totalmente nuevo para aqu\u00e9l que nos ama incesantemente, de una forma tan tierna, como si comenzase ahora a amarnos; pues, todos los gustos de Dios, son siem\u00adpre nuevos y llenos de variedad, aunque no cambia jam\u00e1s. Soy en su amor, con un afecto semejante al que su bondad quiere y que le debo por amor a \u00c9l, se\u00f1orita, su muy humilde servidor\u00bb (I, 430).<\/p>\n<p>A Juana Francisca de Chantal, le escribe: \u00abBien, mi querida madre, perm\u00edtame que le pregunte si su bondad sin igual me concede todav\u00eda la felicidad de gozar del lugar que me ha dado en su querido y muy amable coraz\u00f3n. As\u00ed lo quiero ciertamente esperar, aunque mis miserias me hagan indigno de ello\u00bb (I, 553). En otra carta a la misma, describe a santa Juana Francisca, como alguien que es \u00abnuestra digna madre, que es tan madre m\u00eda como si fuera la \u00fanica, a quien honro y amo con m\u00e1s ternura que jam\u00e1s hijo alguno tuvo para con su madre, despu\u00e9s de nuestro Se\u00f1or; y me parece que este afecto llega hasta el punto de que tengo suficiente estima y amor para dar a todo el mundo; y en ello no creo que haya ninguna exageraci\u00f3n\u00bb (II, 74).<\/p>\n<p>De estas citas, se desprende con toda claridad que la estima de san Vicente por las mujeres era muy alta. Sol\u00eda pensar, por ejemplo, que las mujeres eran m\u00e1s aptas que los hombres para la administraci\u00f3n (Cf. IV, 71). No dudaba de que Dios quer\u00eda que tuviesen un papel como el de los hombres en el servicio de los pobres. En su famosa conferencia sobre \u00abel fin de la Congregaci\u00f3n de la Misi\u00f3n\u00bb, del 6 de diciembre de 1658, dice: \u00ab\u00bfNo quiso (el Se\u00f1or) que fueran en su compa\u00f1\u00eda algunas mujeres? S\u00ed. \u00bfNo las ha dirigido a la perfecci\u00f3n y al servicio de los po\u00adbres? S\u00ed. Pues, si nuestro Se\u00f1or, que hizo todas las cosas para nuestra instrucci\u00f3n, as\u00ed lo quiso, \u00bfcre\u00e9is que no haremos bien en seguirlo?&#8230;de esta manera, Dios se ve\u00eda igualmente servido por el uno y por el otro sexo\u00bb(XI, 392-93).<\/p>\n<p>Pero el prop\u00f3sito de este corto estudio no es tanto el modo c\u00f3mo san Vicente se relacion\u00f3 con las mujeres, sino una de sus maneras de relacionarse con Jes\u00fas. Para decirlo m\u00e1s sencillamente: viniendo a no\u00adsotros como hombre, Jes\u00fas, tiene adem\u00e1s para san Vicente un rostro maternal.<\/p>\n<p>El 30 de enero de 1656, le escribe a Nicol\u00e1s Etienne, cl\u00e9rigo: \u00ab\u00a1Quiera Dios concederle a la Compa\u00f1\u00eda la gracia de saber elevarlo a usted, con su ejemplo y con sus pr\u00e1cticas, hasta un amor muy alto a nuestro Se\u00f1or Jesucristo, que es nuestro padre, nuestra madre y nues\u00adtro todo!\u00bb (V, 510-11).<\/p>\n<p>Al a\u00f1o siguiente, le escribe a un sacerdote de la Misi\u00f3n, cuya madre hab\u00eda muerto, dici\u00e9ndole que hab\u00eda encomendado a las oracio\u00adnes de la comunidad \u00abno solamente a la madre difunta, sino tambi\u00e9n al hijo vivo, para que el mismo Se\u00f1or sea en adelante su padre y su madre y sea su mejor consuelo\u00bb (VI, 413).<\/p>\n<p>A la muerte de la madre del hermano Marino Baucher, en 1659, le escribe: \u00abLe pido a nuestro Se\u00f1or ocupe \u00e9l, para usted, el lugar de padre y madre\u00bb (VIII, 52).<\/p>\n<p>Con todo, el p\u00e1rrafo m\u00e1s sorprendente aparece en una carta a Ma\u00adturina Guerin, escrita el 3 de marzo, 1660, inmediatamente despu\u00e9s de la muerte del Sr. Portail y antes de la de santa Luisa de Marillac: \u00abCier\u00adtamente, el gran secreto de la vida espiritual es poner en sus manos todo lo que amamos, abandon\u00e1ndonos a nosotros mismos para todo lo que \u00e9l quiera, con una perfecta confianza en que todo ir\u00e1 mejor; por eso, se dice que todo se transforma en bien para los que sirven a Dios. Sirv\u00e1moslo, pues, hermana m\u00eda, pero sirv\u00e1moslo seg\u00fan su gusto y de\u00adj\u00e9moslo hacer. \u00c9l les har\u00e1 de padre y de madre; ser\u00e1 su consuelo y su virtud y, finalmente, la recompensa de su amor\u00bb (VIII, 243-244).<\/p>\n<p>Dos ideas brotan de estos textos:<\/p>\n<p><i>1. Vicente ve el rostro maternal de Jes\u00fas<\/i><\/p>\n<p>Con su sencillez caracter\u00edstica, san Vicente escribi\u00f3 a los Misio\u00adneros y a las Hijas de la Caridad, tanto sobre la paternidad, como sobre la maternidad, en la persona humana de Jes\u00fas. De esta manera, de\u00admuestra haber incluido en su propia espiritualidad una verdad funda\u00admental de las escrituras.<\/p>\n<p>El Antiguo Testamento representa sin ambargo a Dios como madre. \u00ab\u00bfAcaso olvida una madre a su ni\u00f1o, sin compadecerse del hijo de sus entra\u00f1as? Pues aunque ella llegase a olvidar, yo nunca te olvi\u00addar\u00e9\u00bb (Is 49, 15). Yahv\u00e9 se queja: \u00abEstaba mudo desde mucho ha, hab\u00eda ensordecido, me hab\u00eda reprimido. Pero, ahora, como parturienta grito, resoplo y jad\u00e9o entrecortadamente\u00bb (Is 42, 14). El Salmista descansa en Dios con gran confianza: \u00abMantengo mi alma en paz y silencio, como ni\u00f1o destetado en el regazo de su madre. \u00a1C\u00f3mo ni\u00f1o destetado est\u00e1 mi alma en m\u00ed!\u00bb (Sal 131, 2).<\/p>\n<p>De igual manera, en el Nuevo Testamento, el Evangelio de Lucas no duda en usar la imagen de la madre para describir la profunda pena de Jes\u00fas por la infidelidad de Jerusal\u00e9n. Jes\u00fas se lamenta: \u00ab\u00a1Cu\u00e1ntas veces he querido reunir a tus hijos, como una gallina su nidada bajo sus alas, y no hab\u00e9is querido!\u00bb (Lc 13, 34).<\/p>\n<p>San Vicente no fue el \u00fanico entre los santos, en ver a Jes\u00fas como madre, al reflexionar sobre las escrituras. Nos vienen a la memoria las sorprendentes palabras de Anselmo de Canterbury:<\/p>\n<p style=\"text-align: center\">\u00bfNo eres t\u00fa tambi\u00e9n, buen Jes\u00fas, una madre?<br \/>\n\u00bfNo eres t\u00fa una madre, que como la gallina junta sus polluelos bajo sus alas?&#8230;<br \/>\nY t\u00fa, alma m\u00eda, muerta en ti misma, esc\u00f3ndete bajo las alas de Jes\u00fas, tu madre,<br \/>\ny llora tus penas bajo sus plumas. P\u00eddele que cure tus heridas<br \/>\ny que, confortado, puedas revivir.<br \/>\nCristo, mi madre, tu re\u00fanes tus polluelos bajo tus alas;<br \/>\neste tu pollo muerto se pone bajo tus alas&#8230;<br \/>\nCalienta tu pollo, da vida a tu pollo muerto,<br \/>\njustifica a tu pecador&#8217;.<\/p>\n<p>En esta \u00e9poca, cuando, bajo la influencia de Jung, la gente habla del <i>animus <\/i>y del <i>alma <\/i>en nuestro interior\u00bb, y cuando se escribe tanto sobre una espiritualidad masculina y otra femenina&#8217;, resulta interesan\u00adte la naturalidad con la que san Vicente escribi\u00f3 de Jes\u00fas como padre y como madre.<\/p>\n<p><i>2. La visi\u00f3n que Vicente tiene de la providencia tiene rostro maternal<\/i><\/p>\n<p>Todas las cartas de san Vicente citadas anteriormente, en las que habla de Jes\u00fas como una madre, tratan de asuntos tr\u00e1gicos. En algunos de ellos, invoca expl\u00edcitamente la necesidad de confiar en la providen\u00adcia; en otros, la llamada es impl\u00edcita. En todos los casos, dice b\u00e1sica\u00admente a sus corresponsales: Dios revela, en Cristo, que \u00c9l te ama como un padre y tambi\u00e9n como una madre, como tu propia madre, o como Luisa de Marillac, la \u00abmadre\u00bb de las Hijas de la Caridad.<\/p>\n<p>Vicente se preocupa de asegurar a los destinatarios, que Dios los acompa\u00f1a, en Cristo, como una madre acompa\u00f1a a su hijo, que \u00c9l se preocupa por su futuro, y que su amor c\u00e1lido est\u00e1 siempre presente.<\/p>\n<p>En una conferencia del 9 de Junio de 1658, les dice a las Hijas de la Caridad: \u00abTener confianza en la providencia quiere decir que debe\u00admos esperar de Dios que se cuidar\u00e1 de todos cuantos lo sirvan, lo mismo que un esposo se cuida de su esposa y un padre mira por su hijo. As\u00ed es como se cuida Dios de nosotros, y mucho m\u00e1s. No tenemos que hacer otra cosa m\u00e1s que confiarnos a su direcci\u00f3n, tal como dice la regla que hace un ni\u00f1o en manos de su nodriza. Si pone el ni\u00f1o en su brazo derecho, a \u00e9ste le parece bien; si lo pone en el izquierdo, se queda con\u00adtento; con tal que le d\u00e9 de mamar, se quedar\u00e1 satisfecho. As\u00ed pues, hemos de tener tambi\u00e9n nosotros esa confianza en la providencia divi\u00adna, ya que ella se preocupa de todo lo referente a nosotros, del mismo modo que lo hace una nodriza con el ni\u00f1o\u00bb (IX, 1050).<\/p>\n<p>Reflexionando sobre los textos citados en este corto comentario, se puede decir que el reconocimiento por san Vicente de lo paternal y lo maternal en Jes\u00fas, le permiti\u00f3 desarrollar dentro de s\u00ed sentimientos paternales y maternales. Como Jes\u00fas, a quien siempre ten\u00eda como mo\u00addelo, Vicente ten\u00eda todas las cualidades normales que solemos asociar<sup>6<\/sup> con el lado paternal de la personalidad humana (mostrar enfado frente a la injusticia, demostrar extraordinarias facultades organizativas en el servicio de los pobres), y tambi\u00e9n como Jes\u00fas, san Vicente pod\u00eda vol\u00adver un rostro c\u00e1lido, providente, un \u00abrostro maternal\u00bb hacia los miem\u00adbros de sus Congregaciones y hacia los pobres.<\/p>\n","protected":false},"excerpt":{"rendered":"<p>Podr\u00edamos decir muchas cosas sobre el trato que san Vicente tuvo con las mujeres. Entre sus m\u00e1s \u00edntimos amigos y colaboradores, se en\u00adcontraban dos mujeres santas: Juana Francisca de Chantal y Luisa de Marillac. Otras &#8230; <a href=\"https:\/\/vincentians.com\/es\/el-rostro-maternal-de-dios-una-nota-sobre-san-vicente-de-paul\/\" class=\"more-link\">Read More<\/a><\/p>\n","protected":false},"author":4,"featured_media":144373,"comment_status":"open","ping_status":"open","sticky":false,"template":"","format":"standard","meta":{"jetpack_post_was_ever_published":false,"_jetpack_newsletter_access":"","_jetpack_dont_email_post_to_subs":false,"_jetpack_newsletter_tier_id":0,"_jetpack_memberships_contains_paywalled_content":false,"_jetpack_memberships_contains_paid_content":false,"footnotes":"","jetpack_publicize_message":"","jetpack_publicize_feature_enabled":true,"jetpack_social_post_already_shared":true,"jetpack_social_options":{"image_generator_settings":{"template":"highway","default_image_id":0,"font":"","enabled":false},"version":2}},"categories":[226],"tags":[123,161,119,127,120],"class_list":["post-125796","post","type-post","status-publish","format-standard","has-post-thumbnail","hentry","category-espiritualidad-vicenciana","tag-du-fay","tag-etienne","tag-gondi","tag-portail","tag-senora-de-gondi"],"yoast_head":"<!-- This site is optimized with the Yoast SEO plugin v26.3 - https:\/\/yoast.com\/wordpress\/plugins\/seo\/ -->\n<title>El rostro maternal de Dios. Una nota sobre San Vicente de Pa\u00fal - Somos Vicencianos<\/title>\n<meta name=\"robots\" content=\"index, follow, max-snippet:-1, max-image-preview:large, max-video-preview:-1\" \/>\n<link rel=\"canonical\" href=\"https:\/\/vincentians.com\/es\/el-rostro-maternal-de-dios-una-nota-sobre-san-vicente-de-paul\/\" \/>\n<meta property=\"og:locale\" content=\"es_ES\" \/>\n<meta property=\"og:type\" content=\"article\" \/>\n<meta property=\"og:title\" content=\"El rostro maternal de Dios. Una nota sobre San Vicente de Pa\u00fal - Somos Vicencianos\" \/>\n<meta property=\"og:description\" content=\"Podr\u00edamos decir muchas cosas sobre el trato que san Vicente tuvo con las mujeres. Entre sus m\u00e1s \u00edntimos amigos y colaboradores, se en\u00adcontraban dos mujeres santas: Juana Francisca de Chantal y Luisa de Marillac. Otras ... Read More\" \/>\n<meta property=\"og:url\" content=\"https:\/\/vincentians.com\/es\/el-rostro-maternal-de-dios-una-nota-sobre-san-vicente-de-paul\/\" \/>\n<meta property=\"og:site_name\" content=\"Somos Vicencianos\" \/>\n<meta property=\"article:publisher\" content=\"https:\/\/www.facebook.com\/WeAreVincentians\/\" \/>\n<meta property=\"article:author\" content=\"https:\/\/www.facebook.com\/JavierChento\" \/>\n<meta property=\"article:published_time\" content=\"2015-05-03T13:27:18+00:00\" \/>\n<meta name=\"author\" content=\"Francisco Javier Fern\u00e1ndez Chento\" \/>\n<meta name=\"twitter:card\" content=\"summary_large_image\" \/>\n<meta name=\"twitter:creator\" content=\"@https:\/\/twitter.com\/javierchento\" \/>\n<meta name=\"twitter:site\" content=\"@WeVincentians\" \/>\n<meta name=\"twitter:label1\" content=\"Escrito por\" \/>\n\t<meta name=\"twitter:data1\" content=\"Francisco Javier Fern\u00e1ndez Chento\" \/>\n\t<meta name=\"twitter:label2\" content=\"Tiempo de lectura\" \/>\n\t<meta name=\"twitter:data2\" content=\"9 minutos\" \/>\n<script type=\"application\/ld+json\" class=\"yoast-schema-graph\">{\"@context\":\"https:\/\/schema.org\",\"@graph\":[{\"@type\":\"Article\",\"@id\":\"https:\/\/vincentians.com\/es\/el-rostro-maternal-de-dios-una-nota-sobre-san-vicente-de-paul\/#article\",\"isPartOf\":{\"@id\":\"https:\/\/vincentians.com\/es\/el-rostro-maternal-de-dios-una-nota-sobre-san-vicente-de-paul\/\"},\"author\":{\"name\":\"Francisco Javier Fern\u00e1ndez Chento\",\"@id\":\"http:\/\/vincentians.com\/es\/#\/schema\/person\/9623ef4d9aa3b2dfb8c061f1499288f2\"},\"headline\":\"El rostro maternal de Dios. Una nota sobre San Vicente de Pa\u00fal\",\"datePublished\":\"2015-05-03T13:27:18+00:00\",\"mainEntityOfPage\":{\"@id\":\"https:\/\/vincentians.com\/es\/el-rostro-maternal-de-dios-una-nota-sobre-san-vicente-de-paul\/\"},\"wordCount\":1871,\"commentCount\":0,\"publisher\":{\"@id\":\"http:\/\/vincentians.com\/es\/#organization\"},\"image\":{\"@id\":\"https:\/\/vincentians.com\/es\/el-rostro-maternal-de-dios-una-nota-sobre-san-vicente-de-paul\/#primaryimage\"},\"thumbnailUrl\":\"\",\"keywords\":[\"Du Fay\",\"Etienne\",\"Gondi\",\"Portail\",\"Se\u00f1ora de Gondi\"],\"articleSection\":[\"Espiritualidad vicenciana\"],\"inLanguage\":\"es\",\"potentialAction\":[{\"@type\":\"CommentAction\",\"name\":\"Comment\",\"target\":[\"https:\/\/vincentians.com\/es\/el-rostro-maternal-de-dios-una-nota-sobre-san-vicente-de-paul\/#respond\"]}]},{\"@type\":\"WebPage\",\"@id\":\"https:\/\/vincentians.com\/es\/el-rostro-maternal-de-dios-una-nota-sobre-san-vicente-de-paul\/\",\"url\":\"https:\/\/vincentians.com\/es\/el-rostro-maternal-de-dios-una-nota-sobre-san-vicente-de-paul\/\",\"name\":\"El rostro maternal de Dios. Una nota sobre San Vicente de Pa\u00fal - Somos Vicencianos\",\"isPartOf\":{\"@id\":\"http:\/\/vincentians.com\/es\/#website\"},\"primaryImageOfPage\":{\"@id\":\"https:\/\/vincentians.com\/es\/el-rostro-maternal-de-dios-una-nota-sobre-san-vicente-de-paul\/#primaryimage\"},\"image\":{\"@id\":\"https:\/\/vincentians.com\/es\/el-rostro-maternal-de-dios-una-nota-sobre-san-vicente-de-paul\/#primaryimage\"},\"thumbnailUrl\":\"\",\"datePublished\":\"2015-05-03T13:27:18+00:00\",\"breadcrumb\":{\"@id\":\"https:\/\/vincentians.com\/es\/el-rostro-maternal-de-dios-una-nota-sobre-san-vicente-de-paul\/#breadcrumb\"},\"inLanguage\":\"es\",\"potentialAction\":[{\"@type\":\"ReadAction\",\"target\":[\"https:\/\/vincentians.com\/es\/el-rostro-maternal-de-dios-una-nota-sobre-san-vicente-de-paul\/\"]}]},{\"@type\":\"ImageObject\",\"inLanguage\":\"es\",\"@id\":\"https:\/\/vincentians.com\/es\/el-rostro-maternal-de-dios-una-nota-sobre-san-vicente-de-paul\/#primaryimage\",\"url\":\"\",\"contentUrl\":\"\"},{\"@type\":\"BreadcrumbList\",\"@id\":\"https:\/\/vincentians.com\/es\/el-rostro-maternal-de-dios-una-nota-sobre-san-vicente-de-paul\/#breadcrumb\",\"itemListElement\":[{\"@type\":\"ListItem\",\"position\":1,\"name\":\"Portada\",\"item\":\"http:\/\/vincentians.com\/es\/\"},{\"@type\":\"ListItem\",\"position\":2,\"name\":\"El rostro maternal de Dios. Una nota sobre San Vicente de Pa\u00fal\"}]},{\"@type\":\"WebSite\",\"@id\":\"http:\/\/vincentians.com\/es\/#website\",\"url\":\"http:\/\/vincentians.com\/es\/\",\"name\":\"Somos Vicencianos\",\"description\":\"Know more to serve more\",\"publisher\":{\"@id\":\"http:\/\/vincentians.com\/es\/#organization\"},\"potentialAction\":[{\"@type\":\"SearchAction\",\"target\":{\"@type\":\"EntryPoint\",\"urlTemplate\":\"http:\/\/vincentians.com\/es\/?s={search_term_string}\"},\"query-input\":{\"@type\":\"PropertyValueSpecification\",\"valueRequired\":true,\"valueName\":\"search_term_string\"}}],\"inLanguage\":\"es\"},{\"@type\":\"Organization\",\"@id\":\"http:\/\/vincentians.com\/es\/#organization\",\"name\":\"The Vincentian Network\",\"url\":\"http:\/\/vincentians.com\/es\/\",\"logo\":{\"@type\":\"ImageObject\",\"inLanguage\":\"es\",\"@id\":\"http:\/\/vincentians.com\/es\/#\/schema\/logo\/image\/\",\"url\":\"https:\/\/i1.wp.com\/vincentians.com\/es\/wp-content\/uploads\/sites\/11\/2016\/06\/Vincentian-Network-logo-big.png?fit=778%2C778\",\"contentUrl\":\"https:\/\/i1.wp.com\/vincentians.com\/es\/wp-content\/uploads\/sites\/11\/2016\/06\/Vincentian-Network-logo-big.png?fit=778%2C778\",\"width\":778,\"height\":778,\"caption\":\"The Vincentian Network\"},\"image\":{\"@id\":\"http:\/\/vincentians.com\/es\/#\/schema\/logo\/image\/\"},\"sameAs\":[\"https:\/\/www.facebook.com\/WeAreVincentians\/\",\"https:\/\/x.com\/WeVincentians\"]},{\"@type\":\"Person\",\"@id\":\"http:\/\/vincentians.com\/es\/#\/schema\/person\/9623ef4d9aa3b2dfb8c061f1499288f2\",\"name\":\"Francisco Javier Fern\u00e1ndez Chento\",\"image\":{\"@type\":\"ImageObject\",\"inLanguage\":\"es\",\"@id\":\"http:\/\/vincentians.com\/es\/#\/schema\/person\/image\/\",\"url\":\"https:\/\/secure.gravatar.com\/avatar\/497d5cde87b4c3d097d0315953521681ba2cd523ee66e5077c3711f7021e65de?s=96&d=mm&r=g\",\"contentUrl\":\"https:\/\/secure.gravatar.com\/avatar\/497d5cde87b4c3d097d0315953521681ba2cd523ee66e5077c3711f7021e65de?s=96&d=mm&r=g\",\"caption\":\"Francisco Javier Fern\u00e1ndez Chento\"},\"description\":\"Director General y cofundador de La Red de Formaci\u00f3n Vicenciana. Javier es laico vicenciano, afiliado a la Congregaci\u00f3n de la Misi\u00f3n y miembro del Equipo de Misiones Populares de la provincia can\u00f3nica de Zaragoza (Espa\u00f1a) de la Congregaci\u00f3n de la Misi\u00f3n. Graduado en la Universidad Oberta de Catalunya con cuatro grados (Asistente de direcci\u00f3n, Gesti\u00f3n Administrativa, Recursos Humanos y Contabilidad Avanzada). Bil\u00edng\u00fce Espa\u00f1ol\/Ingl\u00e9s. gestiona y mantiene varias p\u00e1ginas web cristianas y vicencianas, incluida including La Red de Formaci\u00f3n Vicenciana, de la que es cofundador. Actualmente es responsable del \u00e1rea de Espa\u00f1ol de .famvin, la Red de Noticias de la Familia Vicenciana. Tambi\u00e9n es m\u00fasico cat\u00f3lico y ha editado varios discos. Es Director General y cofundador de Trovador, una reconocida compa\u00f1\u00eda discogr\u00e1fica critiana de Espa\u00f1a. Trabaja en las Tecnolog\u00edas de la Informaci\u00f3n, ofreciendo servicios de alojamiento, dise\u00f1o y mantenimiento Web, as\u00ed como asesoramiento, formaci\u00f3n y soluciones inform\u00e1ticas, gesti\u00f3n documental y digitalizaci\u00f3n de textos, edici\u00f3n y maquetaci\u00f3n de libros, revistas, flyers, etc.\",\"sameAs\":[\"http:\/\/chento.org\",\"https:\/\/www.facebook.com\/JavierChento\",\"https:\/\/x.com\/https:\/\/twitter.com\/javierchento\"],\"url\":\"https:\/\/vincentians.com\/es\/author\/chento\/\"}]}<\/script>\n<!-- \/ Yoast SEO plugin. -->","yoast_head_json":{"title":"El rostro maternal de Dios. Una nota sobre San Vicente de Pa\u00fal - Somos Vicencianos","robots":{"index":"index","follow":"follow","max-snippet":"max-snippet:-1","max-image-preview":"max-image-preview:large","max-video-preview":"max-video-preview:-1"},"canonical":"https:\/\/vincentians.com\/es\/el-rostro-maternal-de-dios-una-nota-sobre-san-vicente-de-paul\/","og_locale":"es_ES","og_type":"article","og_title":"El rostro maternal de Dios. Una nota sobre San Vicente de Pa\u00fal - Somos Vicencianos","og_description":"Podr\u00edamos decir muchas cosas sobre el trato que san Vicente tuvo con las mujeres. Entre sus m\u00e1s \u00edntimos amigos y colaboradores, se en\u00adcontraban dos mujeres santas: Juana Francisca de Chantal y Luisa de Marillac. Otras ... Read More","og_url":"https:\/\/vincentians.com\/es\/el-rostro-maternal-de-dios-una-nota-sobre-san-vicente-de-paul\/","og_site_name":"Somos Vicencianos","article_publisher":"https:\/\/www.facebook.com\/WeAreVincentians\/","article_author":"https:\/\/www.facebook.com\/JavierChento","article_published_time":"2015-05-03T13:27:18+00:00","author":"Francisco Javier Fern\u00e1ndez Chento","twitter_card":"summary_large_image","twitter_creator":"@https:\/\/twitter.com\/javierchento","twitter_site":"@WeVincentians","twitter_misc":{"Escrito por":"Francisco Javier Fern\u00e1ndez Chento","Tiempo de lectura":"9 minutos"},"schema":{"@context":"https:\/\/schema.org","@graph":[{"@type":"Article","@id":"https:\/\/vincentians.com\/es\/el-rostro-maternal-de-dios-una-nota-sobre-san-vicente-de-paul\/#article","isPartOf":{"@id":"https:\/\/vincentians.com\/es\/el-rostro-maternal-de-dios-una-nota-sobre-san-vicente-de-paul\/"},"author":{"name":"Francisco Javier Fern\u00e1ndez Chento","@id":"http:\/\/vincentians.com\/es\/#\/schema\/person\/9623ef4d9aa3b2dfb8c061f1499288f2"},"headline":"El rostro maternal de Dios. Una nota sobre San Vicente de Pa\u00fal","datePublished":"2015-05-03T13:27:18+00:00","mainEntityOfPage":{"@id":"https:\/\/vincentians.com\/es\/el-rostro-maternal-de-dios-una-nota-sobre-san-vicente-de-paul\/"},"wordCount":1871,"commentCount":0,"publisher":{"@id":"http:\/\/vincentians.com\/es\/#organization"},"image":{"@id":"https:\/\/vincentians.com\/es\/el-rostro-maternal-de-dios-una-nota-sobre-san-vicente-de-paul\/#primaryimage"},"thumbnailUrl":"","keywords":["Du Fay","Etienne","Gondi","Portail","Se\u00f1ora de Gondi"],"articleSection":["Espiritualidad vicenciana"],"inLanguage":"es","potentialAction":[{"@type":"CommentAction","name":"Comment","target":["https:\/\/vincentians.com\/es\/el-rostro-maternal-de-dios-una-nota-sobre-san-vicente-de-paul\/#respond"]}]},{"@type":"WebPage","@id":"https:\/\/vincentians.com\/es\/el-rostro-maternal-de-dios-una-nota-sobre-san-vicente-de-paul\/","url":"https:\/\/vincentians.com\/es\/el-rostro-maternal-de-dios-una-nota-sobre-san-vicente-de-paul\/","name":"El rostro maternal de Dios. Una nota sobre San Vicente de Pa\u00fal - Somos Vicencianos","isPartOf":{"@id":"http:\/\/vincentians.com\/es\/#website"},"primaryImageOfPage":{"@id":"https:\/\/vincentians.com\/es\/el-rostro-maternal-de-dios-una-nota-sobre-san-vicente-de-paul\/#primaryimage"},"image":{"@id":"https:\/\/vincentians.com\/es\/el-rostro-maternal-de-dios-una-nota-sobre-san-vicente-de-paul\/#primaryimage"},"thumbnailUrl":"","datePublished":"2015-05-03T13:27:18+00:00","breadcrumb":{"@id":"https:\/\/vincentians.com\/es\/el-rostro-maternal-de-dios-una-nota-sobre-san-vicente-de-paul\/#breadcrumb"},"inLanguage":"es","potentialAction":[{"@type":"ReadAction","target":["https:\/\/vincentians.com\/es\/el-rostro-maternal-de-dios-una-nota-sobre-san-vicente-de-paul\/"]}]},{"@type":"ImageObject","inLanguage":"es","@id":"https:\/\/vincentians.com\/es\/el-rostro-maternal-de-dios-una-nota-sobre-san-vicente-de-paul\/#primaryimage","url":"","contentUrl":""},{"@type":"BreadcrumbList","@id":"https:\/\/vincentians.com\/es\/el-rostro-maternal-de-dios-una-nota-sobre-san-vicente-de-paul\/#breadcrumb","itemListElement":[{"@type":"ListItem","position":1,"name":"Portada","item":"http:\/\/vincentians.com\/es\/"},{"@type":"ListItem","position":2,"name":"El rostro maternal de Dios. Una nota sobre San Vicente de Pa\u00fal"}]},{"@type":"WebSite","@id":"http:\/\/vincentians.com\/es\/#website","url":"http:\/\/vincentians.com\/es\/","name":"Somos Vicencianos","description":"Know more to serve more","publisher":{"@id":"http:\/\/vincentians.com\/es\/#organization"},"potentialAction":[{"@type":"SearchAction","target":{"@type":"EntryPoint","urlTemplate":"http:\/\/vincentians.com\/es\/?s={search_term_string}"},"query-input":{"@type":"PropertyValueSpecification","valueRequired":true,"valueName":"search_term_string"}}],"inLanguage":"es"},{"@type":"Organization","@id":"http:\/\/vincentians.com\/es\/#organization","name":"The Vincentian Network","url":"http:\/\/vincentians.com\/es\/","logo":{"@type":"ImageObject","inLanguage":"es","@id":"http:\/\/vincentians.com\/es\/#\/schema\/logo\/image\/","url":"https:\/\/i1.wp.com\/vincentians.com\/es\/wp-content\/uploads\/sites\/11\/2016\/06\/Vincentian-Network-logo-big.png?fit=778%2C778","contentUrl":"https:\/\/i1.wp.com\/vincentians.com\/es\/wp-content\/uploads\/sites\/11\/2016\/06\/Vincentian-Network-logo-big.png?fit=778%2C778","width":778,"height":778,"caption":"The Vincentian Network"},"image":{"@id":"http:\/\/vincentians.com\/es\/#\/schema\/logo\/image\/"},"sameAs":["https:\/\/www.facebook.com\/WeAreVincentians\/","https:\/\/x.com\/WeVincentians"]},{"@type":"Person","@id":"http:\/\/vincentians.com\/es\/#\/schema\/person\/9623ef4d9aa3b2dfb8c061f1499288f2","name":"Francisco Javier Fern\u00e1ndez Chento","image":{"@type":"ImageObject","inLanguage":"es","@id":"http:\/\/vincentians.com\/es\/#\/schema\/person\/image\/","url":"https:\/\/secure.gravatar.com\/avatar\/497d5cde87b4c3d097d0315953521681ba2cd523ee66e5077c3711f7021e65de?s=96&d=mm&r=g","contentUrl":"https:\/\/secure.gravatar.com\/avatar\/497d5cde87b4c3d097d0315953521681ba2cd523ee66e5077c3711f7021e65de?s=96&d=mm&r=g","caption":"Francisco Javier Fern\u00e1ndez Chento"},"description":"Director General y cofundador de La Red de Formaci\u00f3n Vicenciana. Javier es laico vicenciano, afiliado a la Congregaci\u00f3n de la Misi\u00f3n y miembro del Equipo de Misiones Populares de la provincia can\u00f3nica de Zaragoza (Espa\u00f1a) de la Congregaci\u00f3n de la Misi\u00f3n. Graduado en la Universidad Oberta de Catalunya con cuatro grados (Asistente de direcci\u00f3n, Gesti\u00f3n Administrativa, Recursos Humanos y Contabilidad Avanzada). Bil\u00edng\u00fce Espa\u00f1ol\/Ingl\u00e9s. gestiona y mantiene varias p\u00e1ginas web cristianas y vicencianas, incluida including La Red de Formaci\u00f3n Vicenciana, de la que es cofundador. Actualmente es responsable del \u00e1rea de Espa\u00f1ol de .famvin, la Red de Noticias de la Familia Vicenciana. Tambi\u00e9n es m\u00fasico cat\u00f3lico y ha editado varios discos. Es Director General y cofundador de Trovador, una reconocida compa\u00f1\u00eda discogr\u00e1fica critiana de Espa\u00f1a. Trabaja en las Tecnolog\u00edas de la Informaci\u00f3n, ofreciendo servicios de alojamiento, dise\u00f1o y mantenimiento Web, as\u00ed como asesoramiento, formaci\u00f3n y soluciones inform\u00e1ticas, gesti\u00f3n documental y digitalizaci\u00f3n de textos, edici\u00f3n y maquetaci\u00f3n de libros, revistas, flyers, etc.","sameAs":["http:\/\/chento.org","https:\/\/www.facebook.com\/JavierChento","https:\/\/x.com\/https:\/\/twitter.com\/javierchento"],"url":"https:\/\/vincentians.com\/es\/author\/chento\/"}]}},"jetpack_publicize_connections":[],"jetpack_featured_media_url":"","jetpack_sharing_enabled":true,"jetpack_shortlink":"https:\/\/wp.me\/p7ETMF-wIY","jetpack-related-posts":[{"id":387854,"url":"https:\/\/vincentians.com\/es\/san-vicente-amigo-de-los-pobres-anos-de-busqueda-1613-1617\/","url_meta":{"origin":125796,"position":0},"title":"San Vicente: Amigo de los pobres: a\u00f1os de b\u00fasqueda (1613-1617)","author":"Mitxel Olabu\u00e9naga","date":"12\/10\/2016","format":false,"excerpt":"El se\u00f1or Vicente abandona Clichy El pueblo de Clichy guard\u00f3 siempre un grato recuerdo del mejor de sus p\u00e1rrocos. Pero, cuando m\u00e1s entusiasmado estaba \u00e9ste en sus proyectos, le lleg\u00f3 una carta de Berulle: Deb\u00eda cam\u00adbiar sus actividades. El director espiritual le ped\u00eda que volviera a Par\u00eds. Argumenta\u00adba que ser\u00eda\u2026","rel":"","context":"En \u00abFormaci\u00f3n Vicenciana\u00bb","block_context":{"text":"Formaci\u00f3n Vicenciana","link":"https:\/\/vincentians.com\/es\/category\/formacion-vicenciana\/"},"img":{"alt_text":"","src":"https:\/\/i0.wp.com\/vincentians.com\/es\/wp-content\/uploads\/sites\/11\/2016\/07\/st-vincent-de-paul.jpg?fit=1200%2C630&ssl=1&resize=350%2C200","width":350,"height":200,"srcset":"https:\/\/i0.wp.com\/vincentians.com\/es\/wp-content\/uploads\/sites\/11\/2016\/07\/st-vincent-de-paul.jpg?fit=1200%2C630&ssl=1&resize=350%2C200 1x, https:\/\/i0.wp.com\/vincentians.com\/es\/wp-content\/uploads\/sites\/11\/2016\/07\/st-vincent-de-paul.jpg?fit=1200%2C630&ssl=1&resize=525%2C300 1.5x, https:\/\/i0.wp.com\/vincentians.com\/es\/wp-content\/uploads\/sites\/11\/2016\/07\/st-vincent-de-paul.jpg?fit=1200%2C630&ssl=1&resize=700%2C400 2x, https:\/\/i0.wp.com\/vincentians.com\/es\/wp-content\/uploads\/sites\/11\/2016\/07\/st-vincent-de-paul.jpg?fit=1200%2C630&ssl=1&resize=1050%2C600 3x"},"classes":[]},{"id":125618,"url":"https:\/\/vincentians.com\/es\/san-vicente-de-paul-siervo-de-los-pobres-03\/","url_meta":{"origin":125796,"position":1},"title":"San Vicente de Pa\u00fal, siervo de los pobres (03)","author":"Francisco Javier Fern\u00e1ndez Chento","date":"28\/11\/2013","format":false,"excerpt":"III. Las Confraternidades de la Caridad P\u00e1rroco en Ch\u00e1tillon (1617) B\u00e9rolle asign\u00f3 a Vicente una parroquia bastante m\u00e1s importante: Ch\u00e1tillon-les-Dombes, una ciudad de 2000 almas, atravesada por el r\u00edo Chalaronne, sobre Li\u00f3n, en el l\u00edmite con la Savoya, entre bosques espesos y valles f\u00e9rtiles. All\u00ed la asistencia eclesi\u00e1stica estaba a\u2026","rel":"","context":"En \u00abVicente de Pa\u00fal\u00bb","block_context":{"text":"Vicente de Pa\u00fal","link":"https:\/\/vincentians.com\/es\/category\/la-familia-vicenciana\/fundadores\/vicente-de-paul\/"},"img":{"alt_text":"","src":"","width":0,"height":0},"classes":[]},{"id":387857,"url":"https:\/\/vincentians.com\/es\/san-vicente-amigo-de-los-pobres-anos-de-prueba-y-ensayo-1617-1625\/","url_meta":{"origin":125796,"position":2},"title":"San Vicente: Amigo de los pobres: a\u00f1os de prueba y ensayo (1617-1625)","author":"Mitxel Olabu\u00e9naga","date":"13\/10\/2016","format":false,"excerpt":"Por segunda vez, en casa de los Gondi En el palacio, suced\u00edan cosas extra\u00f1as. \u00abLa princesa estaba triste.\u00bb Muy triste. Margarita no conciliaba el sue\u00f1o por las noches. Todo era un continuo insomnio. Cuando se levantaba, cada ma\u00f1ana, abrigaba una leve esperanza: \u00bfSer\u00e1 hoy? Pero, se desvanec\u00eda seg\u00fan iba avanzando\u2026","rel":"","context":"En \u00abFormaci\u00f3n Vicenciana\u00bb","block_context":{"text":"Formaci\u00f3n Vicenciana","link":"https:\/\/vincentians.com\/es\/category\/formacion-vicenciana\/"},"img":{"alt_text":"","src":"https:\/\/i0.wp.com\/vincentians.com\/es\/wp-content\/uploads\/sites\/11\/2016\/07\/st-vincent-de-paul.jpg?fit=1200%2C630&ssl=1&resize=350%2C200","width":350,"height":200,"srcset":"https:\/\/i0.wp.com\/vincentians.com\/es\/wp-content\/uploads\/sites\/11\/2016\/07\/st-vincent-de-paul.jpg?fit=1200%2C630&ssl=1&resize=350%2C200 1x, https:\/\/i0.wp.com\/vincentians.com\/es\/wp-content\/uploads\/sites\/11\/2016\/07\/st-vincent-de-paul.jpg?fit=1200%2C630&ssl=1&resize=525%2C300 1.5x, https:\/\/i0.wp.com\/vincentians.com\/es\/wp-content\/uploads\/sites\/11\/2016\/07\/st-vincent-de-paul.jpg?fit=1200%2C630&ssl=1&resize=700%2C400 2x, https:\/\/i0.wp.com\/vincentians.com\/es\/wp-content\/uploads\/sites\/11\/2016\/07\/st-vincent-de-paul.jpg?fit=1200%2C630&ssl=1&resize=1050%2C600 3x"},"classes":[]},{"id":121638,"url":"https:\/\/vincentians.com\/es\/san-vicente-de-paul-y-los-gondi-capitulo-05\/","url_meta":{"origin":125796,"position":3},"title":"San Vicente de Pa\u00fal y los Gondi: Cap\u00edtulo 05","author":"Francisco Javier Fern\u00e1ndez Chento","date":"07\/07\/2024","format":false,"excerpt":"Cap\u00edtulo V Vicente de Pa\u00fal y la Sra. de Gondi en el castillo de Folleville. - Nacimiento de la obra de las Misiones. - Salida de Vicente de la casa de Gondi. - Vicente, p\u00e1rroco de Chatillon-lez-Dombes. A comienzos del a\u00f1o de 1617, la familia de Gondi se hallaba reunida\u2026","rel":"","context":"En \u00abVicente de Pa\u00fal\u00bb","block_context":{"text":"Vicente de Pa\u00fal","link":"https:\/\/vincentians.com\/es\/category\/la-familia-vicenciana\/fundadores\/vicente-de-paul\/"},"img":{"alt_text":"","src":"https:\/\/i0.wp.com\/vincentians.com\/es\/wp-content\/uploads\/sites\/11\/2023\/08\/aaaf.jpg?fit=1200%2C827&ssl=1&resize=350%2C200","width":350,"height":200,"srcset":"https:\/\/i0.wp.com\/vincentians.com\/es\/wp-content\/uploads\/sites\/11\/2023\/08\/aaaf.jpg?fit=1200%2C827&ssl=1&resize=350%2C200 1x, https:\/\/i0.wp.com\/vincentians.com\/es\/wp-content\/uploads\/sites\/11\/2023\/08\/aaaf.jpg?fit=1200%2C827&ssl=1&resize=525%2C300 1.5x, https:\/\/i0.wp.com\/vincentians.com\/es\/wp-content\/uploads\/sites\/11\/2023\/08\/aaaf.jpg?fit=1200%2C827&ssl=1&resize=700%2C400 2x, https:\/\/i0.wp.com\/vincentians.com\/es\/wp-content\/uploads\/sites\/11\/2023\/08\/aaaf.jpg?fit=1200%2C827&ssl=1&resize=1050%2C600 3x"},"classes":[]},{"id":130784,"url":"https:\/\/vincentians.com\/es\/i-los-cuatro-votos-tal-como-los-describe-san-vicente-castidad-ii\/","url_meta":{"origin":125796,"position":4},"title":"I: LOS CUATRO VOTOS TAL COMO LOS DESCRIBE SAN VICENTE: (castidad) (II)","author":"Francisco Javier Fern\u00e1ndez Chento","date":"29\/06\/2014","format":false,"excerpt":"2. Castidad Su ense\u00f1anza Para entender lo que dice san Vicente sobre la castidad es importante conocer los modelos de pensamiento del tiempo en que vivi\u00f3. La visi\u00f3n que se ten\u00eda de la sexualidad, tal como aparec\u00eda expresada en los libros espirituales y en la literatura teol\u00f3gica que ten\u00eda a\u2026","rel":"","context":"En \u00abFormaci\u00f3n Vicenciana\u00bb","block_context":{"text":"Formaci\u00f3n Vicenciana","link":"https:\/\/vincentians.com\/es\/category\/formacion-vicenciana\/"},"img":{"alt_text":"voca","src":"https:\/\/i0.wp.com\/vicencianos.org\/wp-content\/2014\/06\/voca.jpg?resize=350%2C200","width":350,"height":200},"classes":[]},{"id":115258,"url":"https:\/\/vincentians.com\/es\/casas-de-la-congregacion-de-la-mision-en-paris-en-tiempos-de-san-vicente-i\/","url_meta":{"origin":125796,"position":5},"title":"Casas de la Congregaci\u00f3n de la Misi\u00f3n en Par\u00eds en tiempos de San Vicente (I)","author":"Francisco Javier Fern\u00e1ndez Chento","date":"04\/10\/2018","format":false,"excerpt":"Bons-Enfants (En la calle des Ecoles n2 2-4) Hacia 1250 ya exist\u00eda la casa con el nombre de Colegio de Bons-Enfants. Era un Colegio Menor fundado por el Rey San Luis que le dej\u00f3 unas \u00f3n0 libras de renta. La finca ten\u00eda unos 4.000 m 2 y los edificios ocupaban\u2026","rel":"","context":"En \u00abEn tiempos de Vicente de Pa\u00fal\u00bb","block_context":{"text":"En tiempos de Vicente de Pa\u00fal","link":"https:\/\/vincentians.com\/es\/category\/historia-de-la-familia-vicenciana\/en-tiempos-de-vicente-de-paul\/"},"img":{"alt_text":"","src":"https:\/\/i0.wp.com\/vincentians.com\/es\/wp-content\/uploads\/sites\/11\/2015\/04\/tres-descubrimientos-de-Vicente-de-Paul.jpg?fit=1200%2C630&ssl=1&resize=350%2C200","width":350,"height":200,"srcset":"https:\/\/i0.wp.com\/vincentians.com\/es\/wp-content\/uploads\/sites\/11\/2015\/04\/tres-descubrimientos-de-Vicente-de-Paul.jpg?fit=1200%2C630&ssl=1&resize=350%2C200 1x, https:\/\/i0.wp.com\/vincentians.com\/es\/wp-content\/uploads\/sites\/11\/2015\/04\/tres-descubrimientos-de-Vicente-de-Paul.jpg?fit=1200%2C630&ssl=1&resize=525%2C300 1.5x, https:\/\/i0.wp.com\/vincentians.com\/es\/wp-content\/uploads\/sites\/11\/2015\/04\/tres-descubrimientos-de-Vicente-de-Paul.jpg?fit=1200%2C630&ssl=1&resize=700%2C400 2x, https:\/\/i0.wp.com\/vincentians.com\/es\/wp-content\/uploads\/sites\/11\/2015\/04\/tres-descubrimientos-de-Vicente-de-Paul.jpg?fit=1200%2C630&ssl=1&resize=1050%2C600 3x"},"classes":[]}],"_links":{"self":[{"href":"https:\/\/vincentians.com\/es\/wp-json\/wp\/v2\/posts\/125796","targetHints":{"allow":["GET"]}}],"collection":[{"href":"https:\/\/vincentians.com\/es\/wp-json\/wp\/v2\/posts"}],"about":[{"href":"https:\/\/vincentians.com\/es\/wp-json\/wp\/v2\/types\/post"}],"author":[{"embeddable":true,"href":"https:\/\/vincentians.com\/es\/wp-json\/wp\/v2\/users\/4"}],"replies":[{"embeddable":true,"href":"https:\/\/vincentians.com\/es\/wp-json\/wp\/v2\/comments?post=125796"}],"version-history":[{"count":0,"href":"https:\/\/vincentians.com\/es\/wp-json\/wp\/v2\/posts\/125796\/revisions"}],"wp:featuredmedia":[{"embeddable":true,"href":"https:\/\/vincentians.com\/es\/wp-json\/"}],"wp:attachment":[{"href":"https:\/\/vincentians.com\/es\/wp-json\/wp\/v2\/media?parent=125796"}],"wp:term":[{"taxonomy":"category","embeddable":true,"href":"https:\/\/vincentians.com\/es\/wp-json\/wp\/v2\/categories?post=125796"},{"taxonomy":"post_tag","embeddable":true,"href":"https:\/\/vincentians.com\/es\/wp-json\/wp\/v2\/tags?post=125796"}],"curies":[{"name":"wp","href":"https:\/\/api.w.org\/{rel}","templated":true}]}}