{"id":125285,"date":"2013-11-16T07:26:35","date_gmt":"2013-11-16T06:26:35","guid":{"rendered":"http:\/\/somos.vicencianos.org\/?p=125285"},"modified":"2016-07-26T17:27:25","modified_gmt":"2016-07-26T15:27:25","slug":"una-mujer-heroica-santa-luisa-de-marillac-1591-1660","status":"publish","type":"post","link":"https:\/\/vincentians.com\/es\/una-mujer-heroica-santa-luisa-de-marillac-1591-1660\/","title":{"rendered":"Una mujer heroica: Santa Luisa de Marillac (1591-1660)"},"content":{"rendered":"<h2><b>Fundadora de las Hijas de la Caridad en 1633<\/b><\/h2>\n<p><i><a href=\"https:\/\/i0.wp.com\/vicencianos.org\/wp-content\/2011\/09\/rostros_luisa_04.jpg\"><img data-recalc-dims=\"1\" loading=\"lazy\" decoding=\"async\" class=\"alignright size-medium wp-image-54190\" src=\"https:\/\/i0.wp.com\/vicencianos.org\/wp-content\/2011\/09\/rostros_luisa_04-202x300.jpg?resize=202%2C300\" alt=\"rostros_luisa_04\" width=\"202\" height=\"300\" \/><\/a>Su figura fue noble, su mente clara, su esp\u00edritu grande. Y despu\u00e9s de cruzarse en su vida con el gran ap\u00f3stol de la caridad, San Vicente de Pa\u00fal, se acrecentaron de tal manera su figura, su mente, su esp\u00edritu, que todos los gestos heroicos que realiz\u00f3 en favor de los pobres le parecieron tan peque\u00f1os que no entend\u00eda c\u00f3mo los dem\u00e1s no llevaban a cabo hechos similares. Es que aprendi\u00f3 pronto que, cuando los pobres entran en el coraz\u00f3n del humano, se convierten en se\u00f1ores y el dedicarse a servirlos es un honor envidiable, ya que ellos son la imagen del mismo Jes\u00fas al que se ama.<\/i><\/p>\n<p><i>Luisa de Marillac se entreg\u00f3 al amor a los hombres por amor a Dios. Ense\u00f1aba a su grupo de colaboradoras y luego a la legi\u00f3n de \u00abHijas de la Caridad\u00bb que formaron su familia religiosa, que en el mundo estamos para servir. No se puede vivir seg\u00fan el Evangelio sin el esp\u00edritu de servicio. S\u00f3lo quien sirve es libre. Servir a los pobres es servir a Dios. Ser\u00edan los lemas de todos sus seguidores en la \u00abprofesi\u00f3n de la caridad\u00bb que abraz\u00f3 con entusiasmo.<\/i><\/p>\n<p><i>Su soledad infantil fue la circunstancia que la hizo f\u00e1cil el comprender la soledad ajena. Y fue el secreto motor que la empuj\u00f3 hacia la misericordia como estilo de vida. Conoci\u00f3 el amor humano en el matrimonio, en el cual Dios la quiso en la primera etapa de su vida. Fue la escuela en la que cultiv\u00f3 una vocaci\u00f3n generosa hacia la caridad. Y, a partir del amor de esposa y de madre, descubri\u00f3 el amor divino, como patrimonio de su esp\u00edritu selecto.<\/i><\/p>\n<p><i>Luego lleg\u00f3 la hora de descubrir de forma ardorosa el amor a los pobres, en los que la fe le presentaba la figura de Jesucristo. Desde entonces, todo ser humano, amigo o enemigo, peque\u00f1o o grande, rico o poderoso, que tuviera una necesidad, era para ella el reflejo del mismo Redentor.<\/i><\/p>\n<p><i>Se lanz\u00f3 por ese camino de la caridad de la forma m\u00e1s natural y sencilla. Sin dar importancia a sus sacrificios, supo ver siempre a Dios a su lado. As\u00ed construy\u00f3 su pedagog\u00eda de la caridad cristiana y del amor sin medida:<\/i><\/p>\n<ul>\n<li><i>Por eso cre\u00f3 para todos <b>hogares y centros de acogida<\/b>. En los pobres am\u00f3 y ense\u00f1\u00f3 a amar, como modo de conseguir la redenci\u00f3n personal y colectiva. Resulta incomprensible, a no ser descubriendo a Dios detr\u00e1s de los actos de esta mujer admirable, de salud fr\u00e1gil y de aspecto risue\u00f1o, el entender su capacidad para amar a tantos a la vez.<\/i><\/li>\n<li><i>La <b>universalidad del amor<\/b> fue su rasgo m\u00e1s singular. Los pobres fueron sus predilectos, sin excepcio-nes. Comprendi\u00f3 que toda situaci\u00f3n de indigencia, intelectual o espiritual, material o cultural, afectiva o moral, tiene que ser vencida con el amor. Y ense\u00f1\u00f3 a todos a vivir ese ideario de fe, de amor y de servicio.<\/i><\/li>\n<li><i> Y entre todos los pobres, la <b>preferencia estuvo en los exp\u00f3sitos<\/b>, tan frecuentes en su tiempo y en su ambiente. Ellos fueron el terreno entra\u00f1able en el que se especializ\u00f3 de verdad. En ese terreno sembr\u00f3 tan flores de bondad, que toda su vida estuvo al servicio de ellos con heroica y admirable dedicaci\u00f3n.<\/i><\/li>\n<li><i> Ese amor a los ni\u00f1os con <b>estilo de madre<\/b> fue el mismo, y aun mayor, que el que tuvo al hijo que naci\u00f3 de sus entra\u00f1as antes de quedar viuda por designios inescrutables de Dios. En cada ni\u00f1o, sobre todo abandonado, encontr\u00f3 al mismo Jes\u00fas. Le acarici\u00f3 con infinita ternura, porque era reflejo de Dios; y, al mismo tiempo, le abri\u00f3 a la esperanza en la vida y a la confianza en el porvenir.<\/i><\/li>\n<\/ul>\n<p><i>En Luisa de Marillac se rompieron los moldes de la prudencia terrena en favor de la divina; se superaron los cauces de la mesura humana con la entrega divina sin medida; se olvidaron los esquemas del c\u00e1lculo filantr\u00f3pico ante los desaf\u00edos de la aut\u00e9ntica caridad del Evangelio infinitamente superior. <\/i><\/p>\n<p><i>No era ella la que recorr\u00eda los caminos del mundo sembrando amor. Era Dios mismo el que se escond\u00eda en sus manos, en su labios y, sobre todo, en su dulce sonrisa y en sus ojos maternales. As\u00ed consigui\u00f3 el singular milagro de mirar a los que sufren dejando en ellos el b\u00e1lsamo de la paz y el recuerdo de Dios.<\/i><\/p>\n<p><i>Sus milagros de caridad, de ordinario junto a S. Vicente de Pa\u00fal, fueron innumerables. El mejor de ellos, antes y despu\u00e9s de su muerte, fue la sociedad de las \u00abHijas de la Caridad\u00bb, que mantienen vivo en la Iglesia su recuerdo a lo largo de los siglos y siguen conservando su mensaje del amor.<\/i><\/p>\n<h2><b>Itinerario biogr\u00e1fico<\/b><\/h2>\n<p>1591. 12 de Agosto. Nace probablemente en Par\u00eds. Su Padre, Luis de Marillac, Se\u00f1or de Ferri\u00e8re, Consejero del Parlamento, la tuvo de esposa desconocida y antes de su segundo matrimonio. El 15 de Agosto de 1591 la dot\u00f3 de una renta que asegurase su situaci\u00f3n en la tierra.<\/p>\n<p>1601. Es colocada en un pensionado de Par\u00eds, desde el Convento de dominicas de San Luis, de Poissy, donde hab\u00eda pasado su primera infancia<\/p>\n<p>1604. 25 de Julio. Fallece su padre. Queda bajo la tutor\u00eda de su t\u00edo Miguel.<\/p>\n<p>1610. 6 de Febrero. Declarada mayor de edad Intenta entrar en las Capuchinas de Par\u00eds y no puede por su salud.<\/p>\n<p>1613. 6 de Febrero. Contrae matrimonio con Antonio Le Gras, rico burgu\u00e9s, en la iglesia de S. Gervais. El 18 de Julio de 1613 nace su hijo Miguel Antonio.<\/p>\n<p>1614. La dirige espiritualmente Pi\u00e8rre Camus, Obispo de Belley. Frecuenta la Corte y la Sociedad.<\/p>\n<p>1621. Cae enfermo su esposo. Le cuida con amor. Hace voto de viudedad, si fallece. El 20 de Diciembre de 1625 muere el esposo. Se dedica plenamente a su casa y a su hijo. Tiene varios intentos de entrar en religi\u00f3n, sin que pueda ejecutar sus piadosos designios.<\/p>\n<p>1624. Conoce a San Vicente de Pa\u00fal. Se pone bajo su direcci\u00f3n espiritual. Incrementa su vida de piedad y sus obras de caridad.<\/p>\n<p>1626. 24 de Abril. Concibe el plan de com\u00adprometerse en la obra de caridad que proyec\u00adta San Vicente de Pa\u00fal. Es el germen de la obra de Hermanas de la Caridad. Colabora eficazmente para perfilar la forma peculiar de vida de esta Sociedad.<\/p>\n<p>1627. Comienza a acoger algunas mucha\u00adchas aldeanas para hacer obras de caridad. Visita \u00abCaridades\u00bb fuera de Par\u00eds: Villepreux (1628), Beauvais (1630\u00ad), Montmirail (1631), Origny (1632\u00ad).<\/p>\n<p>1630. 22 de Octubre. Inicia formalmente la vida de grupo con sus compa\u00f1eras. Se com\u00adpromete en las obras con m\u00e1s entrega. El 10 de Noviembre de 1630 es detenido su t\u00edo Juan Luis, Mariscal de Francia, por Riche\u00adlieux.<\/p>\n<p>1632. 10 de Agosto. Es ejecutado su t\u00edo. Su tutor y t\u00edo Miguel tambi\u00e9n es detenido y desterrado a Chateaudun. Muere el 7 de Agosto de 1633.<\/p>\n<p>1633. 12 de Enero. Se recibe la Bula \u00abSalva\u00adtori Nostri\u00bb, de Urbano VIII, aprobando la Congregaci\u00f3n de los Pa\u00fales. En Mayo se organiza en comunidad religiosa con sus seguidoras. El 29 de Noviembre realizan un retiro en su casa. Nacen las Hijas de la Cari<\/p>\n<p>1634. 25 de Marzo. Hacen voto de dedicaci\u00f3n a los pobres. Van tomando los rasgos espec\u00edficos de la Congregaci\u00f3n, que ser\u00e1n permanentes hasta hoy.<\/p>\n<p>1638. Se hace cargo del Hospital de los Ni\u00f1os Exp\u00f3sitos, de Par\u00eds. Se multiplican las fundaciones en lugares desatendidos.<\/p>\n<p>1641. Se traslada la Casa Central a S. Dionisio, en Par\u00eds. Es considerada por todas sus compa\u00f1eras como la Superiora eficaz y din\u00e1mica que necesitan.<\/p>\n<p>1642. 25 de Marzo. Hacen los primeros votos religiosos. Este a\u00f1o peregrina a Ntra. Sra. de Chartres. Act\u00faa siempre en estrecha relaci\u00f3n con Vicente de Pa\u00fal.<\/p>\n<p>1646. 26 de Noviembre. Aprobaci\u00f3n de la Sociedad por el Arzobispo de Par\u00eds. Se incrementan las fundaciones y estableci\u00admientos en diversas localidades.<\/p>\n<p>1650. 18 de Enero. Su hijo contrae matrimonio con Gabriela Le Clerc. Ella le hubiera querido sacerdote y para ello le hab\u00eda preparado en el Seminario. En Octubre nace su nieta, Luisa Renata.<\/p>\n<p>1652. Disturbios en Par\u00eds. Grandes sufrimientos en la poblaci\u00f3n. Multiplica las ayudas a los pobres y perseguidos. En Octubre cae gravemente enferma.<\/p>\n<p>1655. 18 de Enero. Nueva aprobaci\u00f3n del Cardenal de Par\u00eds, esta vez poniendo a las Hermanas bajo la dependencia del Superior de la Congregaci\u00f3n de la Misi\u00f3n y no del Arzobispado de Par\u00eds. El 8 de Agosto firma el Acta de Erecci\u00f3n, tambi\u00e9n refrendada por 40 religiosas. San Vicente prepara las Reglas de la Hermandad.<\/p>\n<p>1657. Noviembre. Letras Patentes de reconocimiento civil de la Sociedad. Gran alegr\u00eda para la Fundadora y las primeras Hermanas, que ven protegida su activi\u00addad asistencial.<\/p>\n<p>1659. Se env\u00edan a Roma los Documen\u00adtos de solicitud para la aprobaci\u00f3n pontifi\u00adcia de la Sociedad. Llegar\u00e1 la aprobaci\u00f3n el 8 de Junio de 1668.<\/p>\n<p>1660. En Febrero cae seriamente enfer\u00adma. El 15 de Marzo, a las 12 horas, falle\u00adce. Es enterrada el 17, en la Capilla de la Visitaci\u00f3n. San Vicente de Pa\u00fal morir\u00e1 el 27 de Septiembre siguiente.<\/p>\n<p>Fue beatificada por Benedicto XV el 9 de Mayo de 1920 y canonizada por P\u00edo XI, el 11 de Marzo de 1934. Juan XXIII, el 10 de Febrero de 1960, la declar\u00f3 Patrona de las Obras Sociales Cristianas.<\/p>\n<h2><b>Escritos<\/b>:<\/h2>\n<ul>\n<li>Diversas cartas conservadas.<\/li>\n<li>Documentos de la Congregaci\u00f3n.<\/li>\n<li>Meditaciones. Avisos y pensamientos<\/li>\n<li>Catecismo elemental.<\/li>\n<\/ul>\n<h2><b>Ideario pedag\u00f3gico<\/b><\/h2>\n<p><b><i>1. Su pensamiento est\u00e1 centrado siempre en la perspectiva de los po\u00adbres y de los enfermos. Es la gran pasi\u00f3n de su vida: ayudar a los nece\u00adsitados, a los que sufren, a los que no conocen a Dios. Toda su inquietud est\u00e1 precisamente en ense\u00f1ar a los pobres del cuerpo lo que tienen que hacer para no ser pobres de alma y pobres de coraz\u00f3n. <\/i><\/b><\/p>\n<ol>\n<li><i>\u00abEl gran n\u00famero de pobres que existe, nos hace desear ocuparnos de su instrucci\u00f3n. Si estas pobres ni\u00f1as permanecen en la ignorancia, hay que temer que ella les acarree una malicia que las torne incapaces de realizar su salvaci\u00f3n. Espero que Dios sea glorifi\u00adcado si los pobres, sin dar nada, pue\u00adden libremente enviar a sus ni\u00f1os a las escuelas, sin que los ricos puedan im\u00adpedirlo.\u00bb (Carta 41)<\/i><\/li>\n<li><i>\u00abLas Hermanas tienen que poner mucho empe\u00f1o en ayudar a los pobres enfermos en hacer una buena confesi\u00f3n antes de morir; y en advertir a los que sanan para que vivan mejor de lo que hicieron hasta el presente. Tienen que instruir a las ni\u00f1as, no s\u00f3lo en la doctri\u00adna, sino tambi\u00e9n en los medios para vivir como buenas cristianas.\u00bb C. 436<\/i><\/li>\n<li><i>\u00abLa principal raz\u00f3n que debe de mover a las Hijas de la Caridad para instruirse bien en el modo de portarse en los sitios donde fueren empleadas en servicio de los pobres, es el peligro de que, con su ignorancia, hagan las cosas al rev\u00e9s de como conviene hacer\u00adlas para el bien de los pobres.\u00bb C. 209<\/i><\/li>\n<li><i>\u00abHaced todo lo posible para ayudar a las almas de los pobres enfermos a hacer actos de fe, esperanza y caridad, necesarios para salvarse. Inculcadles el odio al pecado, el amor a la virtud, para que se resuelvan a vivir bien si curan, o si no a prepararse a bien morir. Y des\u00adpu\u00e9s quedaos tranquilas, ayud\u00e1ndolos con vuestras oraciones&#8230; Ayudad a los enfermos a confesarse bien antes de morir y exhortadles, si curan, a que vivan mejor que hasta entonces. Instruid bien a las ni\u00f1as, no s\u00f3lo en lo que deben creer, sino tambi\u00e9n ense\u00f1\u00e1n\u00addolas lo que deben hacer para vivir como buenas cristianas. Esto es lo que Dios pide de vosotras y para esto Dios ha os sacado del mundo. Sed muy fieles en ello.\u00bb (Carta 454)<\/i><\/li>\n<\/ol>\n<p><b><i>2. De forma especial son los ni\u00f1os pobres los que m\u00e1s reclaman su cora\u00adz\u00f3n. Hay que atenderles con afecto, con mansedumbre, con esp\u00edritu de fe. Los ni\u00f1os exp\u00f3sitos son confiados por Dios a las Hijas de la Caridad para que cuiden sus cuerpos; pero, sobre todo, para que cultiven su esp\u00edritu y lo preparen para alcanzar el Reino de Dios.<\/i><\/b><\/p>\n<ol>\n<li><i>\u00abHay que procurar colocar a los ni\u00f1os exp\u00f3sitos, sobre todo a los mu\u00adchachos, tan pronto como se les vea en condiciones de servir o de aprender un oficio. Se debe intentar, sin que ellos lo adviertan, conocer sus inclinaciones y pasiones, en particular de los mucha\u00adchos.\u00bb (Observacio. sobre las Reglas)<\/i><\/li>\n<li><i>\u00abLa Superiora recibir\u00e1 en esta Cofra\u00add\u00eda a las chicas del pueblo que conside\u00adre aptas para este oficio&#8230; Les ense\u00f1ar\u00e1 la mejor manera de cuidar de los enfermos&#8230; y la mejor forma de organi\u00adzar las escuelas del pueblo&#8230; Las chicas, por su parte, &#8230; ense\u00f1ar\u00e1n a las ni\u00f1as de los pueblos y tratar\u00e1n de formar algunas para que hagan las mismas cosas en su ausencia; y todo esto por amor de Dios, y sin retribu\u00adci\u00f3n.\u00bb (Proyecto de Reglamento. 54)<\/i><\/li>\n<li><i>\u00abReciban en cualquier hora las ni\u00f1as que quieran venir a aprender. Como vendr\u00e1n de todas las edades, las Her\u00admanas tendr\u00e1n la discreci\u00f3n de poner en un sitio aparte a las que son vergon\u00adzosas y t\u00edmidas, acogi\u00e9ndolas con todo el coraz\u00f3n, incluso cuando vengan a la hora de las comidas o muy tarde&#8230; Dar\u00e1n premios a las que son asiduas.\u00bb (Reglas particulares de las Hermanas empleadas en las aldeas)<\/i><\/li>\n<li><i>\u00abNo permitir\u00e1n a los ni\u00f1os que se levanten desnudos ni que, al acostarse, se desnuden por completo, ni siquiera que anden descalzos, ni con la cabeza descubierta, tanto para acostumbrarlos a la honestidad y a la pureza, como por requerimiento de su salud&#8230; No les permitir\u00e1n durante el invierno que se queden demasiado tiempo junto al fuego; m\u00e1s bien har\u00e1n que los peque\u00ad\u00f1os jueguen durante alg\u00fan tiempo, para que entren en calor, aunque alguna vez s\u00ed les har\u00e1n acercarse al fuego. Eviten que los ni\u00f1os queden dormidos al sol o en alg\u00fan lugar malsano, en cualquier estaci\u00f3n. Las Hermanas que cuidan de los ni\u00f1os en las habitaciones procuren corregirlos con peque\u00f1as privaciones o con palabras persuasivas que les ani\u00admen al bien.\u00bb (Observ. sobre el Regla\u00admento de ni\u00f1os)<\/i><\/li>\n<\/ol>\n<p><b><i>3. En la perspectiva de los pobres es donde hay que situar la gran importan\u00adcia que otorga a la instrucci\u00f3n cristia\u00adna de las ni\u00f1as y de todas las perso\u00adnas que quieran aprender el camino del bien. La ense\u00f1anza de ni\u00f1os y j\u00f3venes es un privilegio que Dios otor\u00adga a quienes se dedican de coraz\u00f3n a su servicio.<\/i><\/b><\/p>\n<ol>\n<li><i>\u00abLa mansedumbre, la cordialidad, la tolerancia han de ser el ejercicio propio de las Hijas de la Caridad, como tam\u00adbi\u00e9n lo es la dulzura, la sencillez y el amor a la humildad santa de Jes\u00fas. Han de considerarse unidas a los secretos designios de la Providencia.\u00bb (C. 420)<\/i><\/li>\n<li><i>\u00abSea Vd. muy puntual en dar el Catecismo y dar la instrucci\u00f3n sobre las buenas costumbres. Pero no diga: \u00abVoy a hacer el Catecismo o vengan al Cate\u00adcismo\u00bb. A nosotras nos corresponde decir: \u00abVamos a hacer la lectura.\u00bb. Y, con el libro en la mano, hacer algunas explicaciones sencillas y familiares, nunca de cosas elevadas.\u00bb (Carta 204)<\/i><\/li>\n<li><i>\u00abEste tiempo de Cuaresma es de verdadera cosecha para las ni\u00f1as, pues pueden instruirse y prepararse para pasar este santo tiempo con gran pie\u00addad; as\u00ed se preparan para cumplir bien con la Iglesia, principalmente las que tienen que hacer la primera comuni\u00f3n. Si os permiten vuestras ocupaciones, ense\u00f1ad a leer los domingos a las ma\u00adyores, porque a veces tienen tanta necesidad de ello como las peque\u00f1as. Pero hay que hacerlo con suavidad y mansedumbre, sin avergonzarlas por su ignorancia, si la tuvieran.\u00bb (Car\u00adta 723)<\/i><\/li>\n<li><i>\u00abLe ruego ponga mucho cuidado en la instrucci\u00f3n de las ni\u00f1as y en llevar con buen orden la escuela. Le ruego que tome mucho esmero en la lectura de las ni\u00f1as mayores y en hablarles de devoci\u00f3n, sobre todo las tardes de los domingos.\u00bb (Carta 163)<\/i><\/li>\n<li><i>\u00abLe ruego me diga si tiene buen n\u00famero de ni\u00f1as en la escuela y si las que aprendieron a hacer encaje conti\u00adn\u00faan haci\u00e9ndolo. Supongo que tambi\u00e9n les ense\u00f1ar\u00e1 Vd. a hacerlo a las que no saben, porque es de completa necesi\u00addad no tener a las ni\u00f1as ociosas.\u00bb (Carta 409)<\/i><\/li>\n<li><i>\u00abNo hay que perjudicar a las ni\u00f1as de la escuela. Se las debe siempre continuar ofreci\u00e9ndolas instrucci\u00f3n en el santo temor de Dios: incluso hay que ense\u00f1arlas a hablar mucho de ello.\u00bb (Carta 587)<\/i><\/li>\n<\/ol>\n<p><i><b>4. Su pedagog\u00eda es una pedagog\u00eda del amor, de la responsabilidad, de la pa\u00adciencia y de la entrega. Es una dicha el dedicarse a ayudar a los necesitados, sobre todo si \u00e9stos son ni\u00f1os y les queda por delante una vida para aplicar lo que se les ense\u00f1a. Pero esa dicha hay que merecerla por las bue\u00adnas obras y por la dedicaci\u00f3n generosa al Se\u00f1or.<\/b><\/i><\/p>\n<ol>\n<li><i>\u00abSe requiere mucho tiempo para formar a las j\u00f3venes, tanto en lo espiri\u00adtual como en la instrucci\u00f3n y en la formaci\u00f3n necesaria para servir a los pobres. Pero todo se consigue cuando se sabe actuar con ellas.\u00bb (Carta 578)<\/i><\/li>\n<li><i>\u00abMeditar\u00e1 con frecuencia en la dicha que ha tenido en ser llamada por Dios para cooperar con El en la salvaci\u00f3n de las almas, que hubieran podido perder\u00adse por falta de la instrucci\u00f3n que recibe de ella. Por eso, debe ser muy puntual y muy fiel en el desempe\u00f1o de su oficio y en observar las reglas siguientes:<br \/>\n&#8211; Tendr\u00e1 sumo cuidado en instruirse en lo que debe ense\u00f1ar a los dem\u00e1s y, en particular, en lo que se refiere a la fe y a las buenas costumbres.<br \/>\n&#8211; No comenzar\u00e1 su instrucci\u00f3n, ya sea sobre el catecismo ya sobre las buenas costumbres, sin haber antes invocado al Esp\u00edritu Santo.<br \/>\n&#8211; Cuando instruya a las disc\u00edpulas en el santo amor y temor de Dios, y les represente el bien que causa la virtud, se acordar\u00e1 de aplicarse a s\u00ed misma lo que a ellas les dice, avergonz\u00e1ndose de no poseer las virtudes que ense\u00f1a a las dem\u00e1s.<br \/>\n&#8211; Se abstendr\u00e1 de decir ni hacer nada que pueda servirles de mal ejemplo, acord\u00e1ndose de que Nuestro Se\u00f1or maldice a quienes escandalizan a los dem\u00e1s, sobre todo a los ni\u00f1os.<br \/>\n&#8211; Estar\u00e1 persuadida de que, si Dios no instruye interiormente a las ni\u00f1as que tienen a su cargo, ser\u00e1n vanos sus cuidados y su aplicaci\u00f3n para ense\u00f1ar\u00adlas.\u00bb<br \/>\n(Citada por A. L\u00f3pez. La obra cate\u00adqu\u00edstica de Santa Luisa)<\/i><\/li>\n<li><i>\u00abEstando todas de vuelta a casa, se pondr\u00e1n a leer para aprender mejor; y, despu\u00e9s de recordar los principales puntos de la doctrina en forma de pe\u00adque\u00f1o catecismo, leer\u00e1n tambi\u00e9n un poco del Evangelio, con el fin de mover\u00adse a la pr\u00e1ctica de las virtudes y al ser\u00advicio del pr\u00f3jimo y para imitar al Hijo de Dios.\u00bb (Carta 483)<\/i><\/li>\n<li><i>\u00abHar\u00e1n repetir las lecciones a las ni\u00f1as con atenci\u00f3n y no negligentemen\u00adte; y pensar\u00e1n con frecuencia que esas almas tienen que aprender, por medio de ellas, lo que es necesario para sal\u00advarse. Dios se lo pide y los mismos padres se descargan en ellas de esa obliga\u00adci\u00f3n; y se lo urge el mismo inter\u00e9s de las ni\u00f1as&#8230; Al volver de misa, alabar\u00e1n a las que se hayan portado bien y reprender\u00e1n con suavidad a las que hayan cometido alguna falta, d\u00e1ndoles a entender su gravedad e importancia. Les dir\u00e1 que regresen a casa con modestia y que sean respetuosas y obedientes con sus padres y que se guarden de ofender a Dios&#8230;. (E 162)<br \/>\n<\/i><\/li>\n<\/ol>\n","protected":false},"excerpt":{"rendered":"<p>Fundadora de las Hijas de la Caridad en 1633 Su figura fue noble, su mente clara, su esp\u00edritu grande. Y despu\u00e9s de cruzarse en su vida con el gran ap\u00f3stol de la caridad, San Vicente &#8230; <a href=\"https:\/\/vincentians.com\/es\/una-mujer-heroica-santa-luisa-de-marillac-1591-1660\/\" class=\"more-link\">Read More<\/a><\/p>\n","protected":false},"author":4,"featured_media":54190,"comment_status":"open","ping_status":"open","sticky":false,"template":"","format":"standard","meta":{"jetpack_post_was_ever_published":false,"_jetpack_newsletter_access":"","_jetpack_dont_email_post_to_subs":false,"_jetpack_newsletter_tier_id":0,"_jetpack_memberships_contains_paywalled_content":false,"_jetpack_memberships_contains_paid_content":false,"footnotes":"","jetpack_publicize_message":"","jetpack_publicize_feature_enabled":true,"jetpack_social_post_already_shared":true,"jetpack_social_options":{"image_generator_settings":{"template":"highway","default_image_id":0,"font":"","enabled":false},"version":2}},"categories":[18],"tags":[130,131,129,135],"class_list":["post-125285","post","type-post","status-publish","format-standard","has-post-thumbnail","hentry","category-luisa-de-marillac","tag-beauvais","tag-montmirail","tag-urbano-viii","tag-villepreux"],"yoast_head":"<!-- This site is optimized with the Yoast SEO plugin v26.3 - https:\/\/yoast.com\/wordpress\/plugins\/seo\/ -->\n<title>Una mujer heroica: Santa Luisa de Marillac (1591-1660) - Somos Vicencianos<\/title>\n<meta name=\"robots\" content=\"index, follow, max-snippet:-1, max-image-preview:large, max-video-preview:-1\" \/>\n<link rel=\"canonical\" href=\"https:\/\/vincentians.com\/es\/una-mujer-heroica-santa-luisa-de-marillac-1591-1660\/\" \/>\n<meta property=\"og:locale\" content=\"es_ES\" \/>\n<meta property=\"og:type\" content=\"article\" \/>\n<meta property=\"og:title\" content=\"Una mujer heroica: Santa Luisa de Marillac (1591-1660) - Somos Vicencianos\" \/>\n<meta property=\"og:description\" content=\"Fundadora de las Hijas de la Caridad en 1633 Su figura fue noble, su mente clara, su esp\u00edritu grande. Y despu\u00e9s de cruzarse en su vida con el gran ap\u00f3stol de la caridad, San Vicente ... Read More\" \/>\n<meta property=\"og:url\" content=\"https:\/\/vincentians.com\/es\/una-mujer-heroica-santa-luisa-de-marillac-1591-1660\/\" \/>\n<meta property=\"og:site_name\" content=\"Somos Vicencianos\" \/>\n<meta property=\"article:publisher\" content=\"https:\/\/www.facebook.com\/WeAreVincentians\/\" \/>\n<meta property=\"article:author\" content=\"https:\/\/www.facebook.com\/JavierChento\" \/>\n<meta property=\"article:published_time\" content=\"2013-11-16T06:26:35+00:00\" \/>\n<meta property=\"article:modified_time\" content=\"2016-07-26T15:27:25+00:00\" \/>\n<meta name=\"author\" content=\"Francisco Javier Fern\u00e1ndez Chento\" \/>\n<meta name=\"twitter:card\" content=\"summary_large_image\" \/>\n<meta name=\"twitter:creator\" content=\"@https:\/\/twitter.com\/javierchento\" \/>\n<meta name=\"twitter:site\" content=\"@WeVincentians\" \/>\n<meta name=\"twitter:label1\" content=\"Escrito por\" \/>\n\t<meta name=\"twitter:data1\" content=\"Francisco Javier Fern\u00e1ndez Chento\" \/>\n\t<meta name=\"twitter:label2\" content=\"Tiempo de lectura\" \/>\n\t<meta name=\"twitter:data2\" content=\"17 minutos\" \/>\n<script type=\"application\/ld+json\" class=\"yoast-schema-graph\">{\"@context\":\"https:\/\/schema.org\",\"@graph\":[{\"@type\":\"Article\",\"@id\":\"https:\/\/vincentians.com\/es\/una-mujer-heroica-santa-luisa-de-marillac-1591-1660\/#article\",\"isPartOf\":{\"@id\":\"https:\/\/vincentians.com\/es\/una-mujer-heroica-santa-luisa-de-marillac-1591-1660\/\"},\"author\":{\"name\":\"Francisco Javier Fern\u00e1ndez Chento\",\"@id\":\"http:\/\/vincentians.com\/es\/#\/schema\/person\/9623ef4d9aa3b2dfb8c061f1499288f2\"},\"headline\":\"Una mujer heroica: Santa Luisa de Marillac (1591-1660)\",\"datePublished\":\"2013-11-16T06:26:35+00:00\",\"dateModified\":\"2016-07-26T15:27:25+00:00\",\"mainEntityOfPage\":{\"@id\":\"https:\/\/vincentians.com\/es\/una-mujer-heroica-santa-luisa-de-marillac-1591-1660\/\"},\"wordCount\":3407,\"commentCount\":0,\"publisher\":{\"@id\":\"http:\/\/vincentians.com\/es\/#organization\"},\"image\":{\"@id\":\"https:\/\/vincentians.com\/es\/una-mujer-heroica-santa-luisa-de-marillac-1591-1660\/#primaryimage\"},\"thumbnailUrl\":\"\",\"keywords\":[\"Beauvais\",\"Montmirail\",\"Urbano VIII\",\"Villepreux\"],\"articleSection\":[\"Luisa de Marillac\"],\"inLanguage\":\"es\",\"potentialAction\":[{\"@type\":\"CommentAction\",\"name\":\"Comment\",\"target\":[\"https:\/\/vincentians.com\/es\/una-mujer-heroica-santa-luisa-de-marillac-1591-1660\/#respond\"]}]},{\"@type\":\"WebPage\",\"@id\":\"https:\/\/vincentians.com\/es\/una-mujer-heroica-santa-luisa-de-marillac-1591-1660\/\",\"url\":\"https:\/\/vincentians.com\/es\/una-mujer-heroica-santa-luisa-de-marillac-1591-1660\/\",\"name\":\"Una mujer heroica: Santa Luisa de Marillac (1591-1660) - Somos Vicencianos\",\"isPartOf\":{\"@id\":\"http:\/\/vincentians.com\/es\/#website\"},\"primaryImageOfPage\":{\"@id\":\"https:\/\/vincentians.com\/es\/una-mujer-heroica-santa-luisa-de-marillac-1591-1660\/#primaryimage\"},\"image\":{\"@id\":\"https:\/\/vincentians.com\/es\/una-mujer-heroica-santa-luisa-de-marillac-1591-1660\/#primaryimage\"},\"thumbnailUrl\":\"\",\"datePublished\":\"2013-11-16T06:26:35+00:00\",\"dateModified\":\"2016-07-26T15:27:25+00:00\",\"breadcrumb\":{\"@id\":\"https:\/\/vincentians.com\/es\/una-mujer-heroica-santa-luisa-de-marillac-1591-1660\/#breadcrumb\"},\"inLanguage\":\"es\",\"potentialAction\":[{\"@type\":\"ReadAction\",\"target\":[\"https:\/\/vincentians.com\/es\/una-mujer-heroica-santa-luisa-de-marillac-1591-1660\/\"]}]},{\"@type\":\"ImageObject\",\"inLanguage\":\"es\",\"@id\":\"https:\/\/vincentians.com\/es\/una-mujer-heroica-santa-luisa-de-marillac-1591-1660\/#primaryimage\",\"url\":\"\",\"contentUrl\":\"\"},{\"@type\":\"BreadcrumbList\",\"@id\":\"https:\/\/vincentians.com\/es\/una-mujer-heroica-santa-luisa-de-marillac-1591-1660\/#breadcrumb\",\"itemListElement\":[{\"@type\":\"ListItem\",\"position\":1,\"name\":\"Portada\",\"item\":\"http:\/\/vincentians.com\/es\/\"},{\"@type\":\"ListItem\",\"position\":2,\"name\":\"Una mujer heroica: Santa Luisa de Marillac (1591-1660)\"}]},{\"@type\":\"WebSite\",\"@id\":\"http:\/\/vincentians.com\/es\/#website\",\"url\":\"http:\/\/vincentians.com\/es\/\",\"name\":\"Somos Vicencianos\",\"description\":\"Know more to serve more\",\"publisher\":{\"@id\":\"http:\/\/vincentians.com\/es\/#organization\"},\"potentialAction\":[{\"@type\":\"SearchAction\",\"target\":{\"@type\":\"EntryPoint\",\"urlTemplate\":\"http:\/\/vincentians.com\/es\/?s={search_term_string}\"},\"query-input\":{\"@type\":\"PropertyValueSpecification\",\"valueRequired\":true,\"valueName\":\"search_term_string\"}}],\"inLanguage\":\"es\"},{\"@type\":\"Organization\",\"@id\":\"http:\/\/vincentians.com\/es\/#organization\",\"name\":\"The Vincentian Network\",\"url\":\"http:\/\/vincentians.com\/es\/\",\"logo\":{\"@type\":\"ImageObject\",\"inLanguage\":\"es\",\"@id\":\"http:\/\/vincentians.com\/es\/#\/schema\/logo\/image\/\",\"url\":\"https:\/\/i1.wp.com\/vincentians.com\/es\/wp-content\/uploads\/sites\/11\/2016\/06\/Vincentian-Network-logo-big.png?fit=778%2C778\",\"contentUrl\":\"https:\/\/i1.wp.com\/vincentians.com\/es\/wp-content\/uploads\/sites\/11\/2016\/06\/Vincentian-Network-logo-big.png?fit=778%2C778\",\"width\":778,\"height\":778,\"caption\":\"The Vincentian Network\"},\"image\":{\"@id\":\"http:\/\/vincentians.com\/es\/#\/schema\/logo\/image\/\"},\"sameAs\":[\"https:\/\/www.facebook.com\/WeAreVincentians\/\",\"https:\/\/x.com\/WeVincentians\"]},{\"@type\":\"Person\",\"@id\":\"http:\/\/vincentians.com\/es\/#\/schema\/person\/9623ef4d9aa3b2dfb8c061f1499288f2\",\"name\":\"Francisco Javier Fern\u00e1ndez Chento\",\"image\":{\"@type\":\"ImageObject\",\"inLanguage\":\"es\",\"@id\":\"http:\/\/vincentians.com\/es\/#\/schema\/person\/image\/\",\"url\":\"https:\/\/secure.gravatar.com\/avatar\/497d5cde87b4c3d097d0315953521681ba2cd523ee66e5077c3711f7021e65de?s=96&d=mm&r=g\",\"contentUrl\":\"https:\/\/secure.gravatar.com\/avatar\/497d5cde87b4c3d097d0315953521681ba2cd523ee66e5077c3711f7021e65de?s=96&d=mm&r=g\",\"caption\":\"Francisco Javier Fern\u00e1ndez Chento\"},\"description\":\"Director General y cofundador de La Red de Formaci\u00f3n Vicenciana. Javier es laico vicenciano, afiliado a la Congregaci\u00f3n de la Misi\u00f3n y miembro del Equipo de Misiones Populares de la provincia can\u00f3nica de Zaragoza (Espa\u00f1a) de la Congregaci\u00f3n de la Misi\u00f3n. Graduado en la Universidad Oberta de Catalunya con cuatro grados (Asistente de direcci\u00f3n, Gesti\u00f3n Administrativa, Recursos Humanos y Contabilidad Avanzada). Bil\u00edng\u00fce Espa\u00f1ol\/Ingl\u00e9s. gestiona y mantiene varias p\u00e1ginas web cristianas y vicencianas, incluida including La Red de Formaci\u00f3n Vicenciana, de la que es cofundador. Actualmente es responsable del \u00e1rea de Espa\u00f1ol de .famvin, la Red de Noticias de la Familia Vicenciana. Tambi\u00e9n es m\u00fasico cat\u00f3lico y ha editado varios discos. Es Director General y cofundador de Trovador, una reconocida compa\u00f1\u00eda discogr\u00e1fica critiana de Espa\u00f1a. Trabaja en las Tecnolog\u00edas de la Informaci\u00f3n, ofreciendo servicios de alojamiento, dise\u00f1o y mantenimiento Web, as\u00ed como asesoramiento, formaci\u00f3n y soluciones inform\u00e1ticas, gesti\u00f3n documental y digitalizaci\u00f3n de textos, edici\u00f3n y maquetaci\u00f3n de libros, revistas, flyers, etc.\",\"sameAs\":[\"http:\/\/chento.org\",\"https:\/\/www.facebook.com\/JavierChento\",\"https:\/\/x.com\/https:\/\/twitter.com\/javierchento\"],\"url\":\"https:\/\/vincentians.com\/es\/author\/chento\/\"}]}<\/script>\n<!-- \/ Yoast SEO plugin. -->","yoast_head_json":{"title":"Una mujer heroica: Santa Luisa de Marillac (1591-1660) - Somos Vicencianos","robots":{"index":"index","follow":"follow","max-snippet":"max-snippet:-1","max-image-preview":"max-image-preview:large","max-video-preview":"max-video-preview:-1"},"canonical":"https:\/\/vincentians.com\/es\/una-mujer-heroica-santa-luisa-de-marillac-1591-1660\/","og_locale":"es_ES","og_type":"article","og_title":"Una mujer heroica: Santa Luisa de Marillac (1591-1660) - Somos Vicencianos","og_description":"Fundadora de las Hijas de la Caridad en 1633 Su figura fue noble, su mente clara, su esp\u00edritu grande. Y despu\u00e9s de cruzarse en su vida con el gran ap\u00f3stol de la caridad, San Vicente ... Read More","og_url":"https:\/\/vincentians.com\/es\/una-mujer-heroica-santa-luisa-de-marillac-1591-1660\/","og_site_name":"Somos Vicencianos","article_publisher":"https:\/\/www.facebook.com\/WeAreVincentians\/","article_author":"https:\/\/www.facebook.com\/JavierChento","article_published_time":"2013-11-16T06:26:35+00:00","article_modified_time":"2016-07-26T15:27:25+00:00","author":"Francisco Javier Fern\u00e1ndez Chento","twitter_card":"summary_large_image","twitter_creator":"@https:\/\/twitter.com\/javierchento","twitter_site":"@WeVincentians","twitter_misc":{"Escrito por":"Francisco Javier Fern\u00e1ndez Chento","Tiempo de lectura":"17 minutos"},"schema":{"@context":"https:\/\/schema.org","@graph":[{"@type":"Article","@id":"https:\/\/vincentians.com\/es\/una-mujer-heroica-santa-luisa-de-marillac-1591-1660\/#article","isPartOf":{"@id":"https:\/\/vincentians.com\/es\/una-mujer-heroica-santa-luisa-de-marillac-1591-1660\/"},"author":{"name":"Francisco Javier Fern\u00e1ndez Chento","@id":"http:\/\/vincentians.com\/es\/#\/schema\/person\/9623ef4d9aa3b2dfb8c061f1499288f2"},"headline":"Una mujer heroica: Santa Luisa de Marillac (1591-1660)","datePublished":"2013-11-16T06:26:35+00:00","dateModified":"2016-07-26T15:27:25+00:00","mainEntityOfPage":{"@id":"https:\/\/vincentians.com\/es\/una-mujer-heroica-santa-luisa-de-marillac-1591-1660\/"},"wordCount":3407,"commentCount":0,"publisher":{"@id":"http:\/\/vincentians.com\/es\/#organization"},"image":{"@id":"https:\/\/vincentians.com\/es\/una-mujer-heroica-santa-luisa-de-marillac-1591-1660\/#primaryimage"},"thumbnailUrl":"","keywords":["Beauvais","Montmirail","Urbano VIII","Villepreux"],"articleSection":["Luisa de Marillac"],"inLanguage":"es","potentialAction":[{"@type":"CommentAction","name":"Comment","target":["https:\/\/vincentians.com\/es\/una-mujer-heroica-santa-luisa-de-marillac-1591-1660\/#respond"]}]},{"@type":"WebPage","@id":"https:\/\/vincentians.com\/es\/una-mujer-heroica-santa-luisa-de-marillac-1591-1660\/","url":"https:\/\/vincentians.com\/es\/una-mujer-heroica-santa-luisa-de-marillac-1591-1660\/","name":"Una mujer heroica: Santa Luisa de Marillac (1591-1660) - Somos Vicencianos","isPartOf":{"@id":"http:\/\/vincentians.com\/es\/#website"},"primaryImageOfPage":{"@id":"https:\/\/vincentians.com\/es\/una-mujer-heroica-santa-luisa-de-marillac-1591-1660\/#primaryimage"},"image":{"@id":"https:\/\/vincentians.com\/es\/una-mujer-heroica-santa-luisa-de-marillac-1591-1660\/#primaryimage"},"thumbnailUrl":"","datePublished":"2013-11-16T06:26:35+00:00","dateModified":"2016-07-26T15:27:25+00:00","breadcrumb":{"@id":"https:\/\/vincentians.com\/es\/una-mujer-heroica-santa-luisa-de-marillac-1591-1660\/#breadcrumb"},"inLanguage":"es","potentialAction":[{"@type":"ReadAction","target":["https:\/\/vincentians.com\/es\/una-mujer-heroica-santa-luisa-de-marillac-1591-1660\/"]}]},{"@type":"ImageObject","inLanguage":"es","@id":"https:\/\/vincentians.com\/es\/una-mujer-heroica-santa-luisa-de-marillac-1591-1660\/#primaryimage","url":"","contentUrl":""},{"@type":"BreadcrumbList","@id":"https:\/\/vincentians.com\/es\/una-mujer-heroica-santa-luisa-de-marillac-1591-1660\/#breadcrumb","itemListElement":[{"@type":"ListItem","position":1,"name":"Portada","item":"http:\/\/vincentians.com\/es\/"},{"@type":"ListItem","position":2,"name":"Una mujer heroica: Santa Luisa de Marillac (1591-1660)"}]},{"@type":"WebSite","@id":"http:\/\/vincentians.com\/es\/#website","url":"http:\/\/vincentians.com\/es\/","name":"Somos Vicencianos","description":"Know more to serve more","publisher":{"@id":"http:\/\/vincentians.com\/es\/#organization"},"potentialAction":[{"@type":"SearchAction","target":{"@type":"EntryPoint","urlTemplate":"http:\/\/vincentians.com\/es\/?s={search_term_string}"},"query-input":{"@type":"PropertyValueSpecification","valueRequired":true,"valueName":"search_term_string"}}],"inLanguage":"es"},{"@type":"Organization","@id":"http:\/\/vincentians.com\/es\/#organization","name":"The Vincentian Network","url":"http:\/\/vincentians.com\/es\/","logo":{"@type":"ImageObject","inLanguage":"es","@id":"http:\/\/vincentians.com\/es\/#\/schema\/logo\/image\/","url":"https:\/\/i1.wp.com\/vincentians.com\/es\/wp-content\/uploads\/sites\/11\/2016\/06\/Vincentian-Network-logo-big.png?fit=778%2C778","contentUrl":"https:\/\/i1.wp.com\/vincentians.com\/es\/wp-content\/uploads\/sites\/11\/2016\/06\/Vincentian-Network-logo-big.png?fit=778%2C778","width":778,"height":778,"caption":"The Vincentian Network"},"image":{"@id":"http:\/\/vincentians.com\/es\/#\/schema\/logo\/image\/"},"sameAs":["https:\/\/www.facebook.com\/WeAreVincentians\/","https:\/\/x.com\/WeVincentians"]},{"@type":"Person","@id":"http:\/\/vincentians.com\/es\/#\/schema\/person\/9623ef4d9aa3b2dfb8c061f1499288f2","name":"Francisco Javier Fern\u00e1ndez Chento","image":{"@type":"ImageObject","inLanguage":"es","@id":"http:\/\/vincentians.com\/es\/#\/schema\/person\/image\/","url":"https:\/\/secure.gravatar.com\/avatar\/497d5cde87b4c3d097d0315953521681ba2cd523ee66e5077c3711f7021e65de?s=96&d=mm&r=g","contentUrl":"https:\/\/secure.gravatar.com\/avatar\/497d5cde87b4c3d097d0315953521681ba2cd523ee66e5077c3711f7021e65de?s=96&d=mm&r=g","caption":"Francisco Javier Fern\u00e1ndez Chento"},"description":"Director General y cofundador de La Red de Formaci\u00f3n Vicenciana. Javier es laico vicenciano, afiliado a la Congregaci\u00f3n de la Misi\u00f3n y miembro del Equipo de Misiones Populares de la provincia can\u00f3nica de Zaragoza (Espa\u00f1a) de la Congregaci\u00f3n de la Misi\u00f3n. Graduado en la Universidad Oberta de Catalunya con cuatro grados (Asistente de direcci\u00f3n, Gesti\u00f3n Administrativa, Recursos Humanos y Contabilidad Avanzada). Bil\u00edng\u00fce Espa\u00f1ol\/Ingl\u00e9s. gestiona y mantiene varias p\u00e1ginas web cristianas y vicencianas, incluida including La Red de Formaci\u00f3n Vicenciana, de la que es cofundador. Actualmente es responsable del \u00e1rea de Espa\u00f1ol de .famvin, la Red de Noticias de la Familia Vicenciana. Tambi\u00e9n es m\u00fasico cat\u00f3lico y ha editado varios discos. Es Director General y cofundador de Trovador, una reconocida compa\u00f1\u00eda discogr\u00e1fica critiana de Espa\u00f1a. Trabaja en las Tecnolog\u00edas de la Informaci\u00f3n, ofreciendo servicios de alojamiento, dise\u00f1o y mantenimiento Web, as\u00ed como asesoramiento, formaci\u00f3n y soluciones inform\u00e1ticas, gesti\u00f3n documental y digitalizaci\u00f3n de textos, edici\u00f3n y maquetaci\u00f3n de libros, revistas, flyers, etc.","sameAs":["http:\/\/chento.org","https:\/\/www.facebook.com\/JavierChento","https:\/\/x.com\/https:\/\/twitter.com\/javierchento"],"url":"https:\/\/vincentians.com\/es\/author\/chento\/"}]}},"jetpack_publicize_connections":[],"jetpack_featured_media_url":"","jetpack_sharing_enabled":true,"jetpack_shortlink":"https:\/\/wp.me\/p7ETMF-wAJ","jetpack-related-posts":[{"id":130270,"url":"https:\/\/vincentians.com\/es\/un-perfil-heroico-santa-luisa-de-marillac-11\/","url_meta":{"origin":125285,"position":0},"title":"Un perfil heroico: santa Luisa de Marillac (11)","author":"Francisco Javier Fern\u00e1ndez Chento","date":"05\/03\/2015","format":false,"excerpt":"SED fervorosos de esp\u00edritu, acord\u00e1ndoos de que es al Se\u00f1or a quien serv\u00eds. Alegraos con la esperanza del premio. (Ep. a los romanos, XII.) EN la campi\u00f1a que rodea la humilde villa de Suresnes se divisa la gr\u00e1cil figura de una joven pastora que cuida de su ganado. Los vestidos\u2026","rel":"","context":"En \u00abLuisa de Marillac\u00bb","block_context":{"text":"Luisa de Marillac","link":"https:\/\/vincentians.com\/es\/category\/la-familia-vicenciana\/fundadores\/luisa-de-marillac\/"},"img":{"alt_text":"OLYMPUS DIGITAL CAMERA","src":"https:\/\/i0.wp.com\/vicencianos.org\/wp-content\/2014\/04\/louise-marillac-300x248.jpg?resize=350%2C200","width":350,"height":200},"classes":[]},{"id":130261,"url":"https:\/\/vincentians.com\/es\/un-perfil-heroico-santa-luisa-de-marillac-07\/","url_meta":{"origin":125285,"position":1},"title":"Un perfil heroico: santa Luisa de Marillac (07)","author":"Francisco Javier Fern\u00e1ndez Chento","date":"01\/03\/2015","format":false,"excerpt":"BIENAVENTURADO aquel que piensa en el necesitado y en el pobre: el Se\u00f1or le librar\u00e1 en el d\u00eda aciago. (Salmo XL.) DURANTE el ejercicio de su curato en Chatillon-les-Dombes San Vicente de Pa\u00fal, celoso del bien de sus feligreses, tuvo noticia de la miseria en que se hallaba una familia\u2026","rel":"","context":"En \u00abLuisa de Marillac\u00bb","block_context":{"text":"Luisa de Marillac","link":"https:\/\/vincentians.com\/es\/category\/la-familia-vicenciana\/fundadores\/luisa-de-marillac\/"},"img":{"alt_text":"OLYMPUS DIGITAL CAMERA","src":"https:\/\/i0.wp.com\/vicencianos.org\/wp-content\/2014\/04\/louise-marillac-300x248.jpg?resize=350%2C200","width":350,"height":200},"classes":[]},{"id":130364,"url":"https:\/\/vincentians.com\/es\/un-perfil-heroico-santa-luisa-de-marillac-13\/","url_meta":{"origin":125285,"position":2},"title":"Un perfil heroico: santa Luisa de Marillac (13)","author":"Francisco Javier Fern\u00e1ndez Chento","date":"07\/03\/2015","format":false,"excerpt":"No es as\u00ed que est\u00e1 el Se\u00f1or observando mis caminos y contando todos mis pasos? (Job, XXXI.) La Peque\u00f1a Compa\u00f1\u00eda, fundada por Vicente y Luisa para visitar a los pobres a domicilio, habr\u00eda de diversificarse en tantas obras cuantas son las manifestaciones de la miseria humana a las que puede\u2026","rel":"","context":"En \u00abLuisa de Marillac\u00bb","block_context":{"text":"Luisa de Marillac","link":"https:\/\/vincentians.com\/es\/category\/la-familia-vicenciana\/fundadores\/luisa-de-marillac\/"},"img":{"alt_text":"OLYMPUS DIGITAL CAMERA","src":"https:\/\/i0.wp.com\/vicencianos.org\/wp-content\/2014\/04\/louise-marillac-300x248.jpg?resize=350%2C200","width":350,"height":200},"classes":[]},{"id":130444,"url":"https:\/\/vincentians.com\/es\/un-perfil-heroico-santa-luisa-de-marillac-19\/","url_meta":{"origin":125285,"position":3},"title":"Un perfil heroico: santa Luisa de Marillac (19)","author":"Francisco Javier Fern\u00e1ndez Chento","date":"13\/03\/2015","format":false,"excerpt":"Y pondr\u00e9 mi esp\u00edritu en vosotros, y har\u00e9 que guard\u00e9is mis preceptos. Y vosotros ser\u00e9is el pueblo m\u00edo, y yo ser\u00e9 vuestro Dios. (Ezequiel, XXXVI.) VICENTE de Pa\u00fal, cuyo coraz\u00f3n se regocijaba santamente al contemplar las bellas disposiciones de esp\u00edritu de las Hijas de la Caridad, y los frutos copiosos\u2026","rel":"","context":"En \u00abLuisa de Marillac\u00bb","block_context":{"text":"Luisa de Marillac","link":"https:\/\/vincentians.com\/es\/category\/la-familia-vicenciana\/fundadores\/luisa-de-marillac\/"},"img":{"alt_text":"OLYMPUS DIGITAL CAMERA","src":"https:\/\/i0.wp.com\/vicencianos.org\/wp-content\/2014\/04\/louise-marillac-300x248.jpg?resize=350%2C200","width":350,"height":200},"classes":[]},{"id":130446,"url":"https:\/\/vincentians.com\/es\/un-perfil-heroico-santa-luisa-de-marillac-20\/","url_meta":{"origin":125285,"position":4},"title":"Un perfil heroico: santa Luisa de Marillac (20)","author":"Francisco Javier Fern\u00e1ndez Chento","date":"14\/03\/2015","format":false,"excerpt":"ABRI\u00d3 sus manos para socorrer al mendigo; y extendi\u00f3 sus brazos y no comi\u00f3 el pan ociosamente. para amparar al necesitado, (Proverbios, 31.) En nuestro siglo la importancia de lo social se acent\u00faa en todos los campos de la convivencia, de la actividad, de trabajo y de las ideas. Si\u2026","rel":"","context":"En \u00abLuisa de Marillac\u00bb","block_context":{"text":"Luisa de Marillac","link":"https:\/\/vincentians.com\/es\/category\/la-familia-vicenciana\/fundadores\/luisa-de-marillac\/"},"img":{"alt_text":"OLYMPUS DIGITAL CAMERA","src":"https:\/\/i0.wp.com\/vicencianos.org\/wp-content\/2014\/04\/louise-marillac-300x248.jpg?resize=350%2C200","width":350,"height":200},"classes":[]},{"id":101771,"url":"https:\/\/vincentians.com\/es\/orando-con-luisa-de-marillac\/","url_meta":{"origin":125285,"position":5},"title":"Orando con Luisa de Marillac","author":"Francisco Javier Fern\u00e1ndez Chento","date":"07\/04\/2015","format":false,"excerpt":"Las primeras Hijas de la Caridad quedaron impresiona\u00addos por la actitud orante de Luisa de Marillac. En las conferencias celebradas sobre las virtudes de la Srta. Le Gras, varias Hermanas pusieron de relieve su pro\u00adfunda uni\u00f3n con Dios: \"Siempre ten\u00eda su esp\u00edritu ocupado en Dios.\" \"Ten\u00eda mucha vida Interior y\u2026","rel":"","context":"En \u00abEspiritualidad vicenciana\u00bb","block_context":{"text":"Espiritualidad vicenciana","link":"https:\/\/vincentians.com\/es\/category\/espiritualidad\/espiritualidad-vicenciana\/"},"img":{"alt_text":"","src":"https:\/\/i0.wp.com\/vicencianos.org\/wp-content\/2011\/09\/rostros_luisa_09-225x300.jpg?resize=350%2C200","width":350,"height":200},"classes":[]}],"_links":{"self":[{"href":"https:\/\/vincentians.com\/es\/wp-json\/wp\/v2\/posts\/125285","targetHints":{"allow":["GET"]}}],"collection":[{"href":"https:\/\/vincentians.com\/es\/wp-json\/wp\/v2\/posts"}],"about":[{"href":"https:\/\/vincentians.com\/es\/wp-json\/wp\/v2\/types\/post"}],"author":[{"embeddable":true,"href":"https:\/\/vincentians.com\/es\/wp-json\/wp\/v2\/users\/4"}],"replies":[{"embeddable":true,"href":"https:\/\/vincentians.com\/es\/wp-json\/wp\/v2\/comments?post=125285"}],"version-history":[{"count":0,"href":"https:\/\/vincentians.com\/es\/wp-json\/wp\/v2\/posts\/125285\/revisions"}],"wp:featuredmedia":[{"embeddable":true,"href":"https:\/\/vincentians.com\/es\/wp-json\/"}],"wp:attachment":[{"href":"https:\/\/vincentians.com\/es\/wp-json\/wp\/v2\/media?parent=125285"}],"wp:term":[{"taxonomy":"category","embeddable":true,"href":"https:\/\/vincentians.com\/es\/wp-json\/wp\/v2\/categories?post=125285"},{"taxonomy":"post_tag","embeddable":true,"href":"https:\/\/vincentians.com\/es\/wp-json\/wp\/v2\/tags?post=125285"}],"curies":[{"name":"wp","href":"https:\/\/api.w.org\/{rel}","templated":true}]}}