{"id":124807,"date":"2023-12-17T08:21:25","date_gmt":"2023-12-17T07:21:25","guid":{"rendered":"http:\/\/somos.vicencianos.org\/?p=124807"},"modified":"2023-08-02T19:23:00","modified_gmt":"2023-08-02T17:23:00","slug":"imposible-soportar-el-peso-de-la-riqueza-y-el-de-la-virtud-v-ii-396-iii","status":"publish","type":"post","link":"https:\/\/vincentians.com\/es\/imposible-soportar-el-peso-de-la-riqueza-y-el-de-la-virtud-v-ii-396-iii\/","title":{"rendered":"Imposible soportar el peso de la riqueza y el de la virtud (V, II, 396) (III)"},"content":{"rendered":"<h2>Los medios para ser fieles al compromiso de practicar la pobreza<\/h2>\n<p style=\"text-align: right\"><i>Tambi\u00e9n nosotros nos esforzaremos, seg\u00fan nuestras pobres fuerzas, en el <\/i><i>cultivo de esta virtud <\/i>(RC III, 1)<\/p>\n<p>46.- San Vicente fue generoso en ofrecer medios para ser fieles a la pobreza personal y comunitaria. Teniendo en cuenta lo establecido en las Reglas Comunes de los misioneros, podemos agrupar los medios en dos grandes apartados: los medios que tienen como fin animar e impulsar desde el interior la pr\u00e1ctica de la pobreza y los medios concretos y pr\u00e1cticos. Hay que unir pobreza \u00abafectiva y efec\u00adtiva\u00bb. Podemos aplicar lo que san Vicente dijo de la mortificaci\u00f3n: quien no apre\u00adcia la mortificaci\u00f3n externa es se\u00f1al de que tampoco aprecia la interna.<\/p>\n<p>47.- Antes de exponer los medios, es necesario tener muy presente que san Vicente quiso y procur\u00f3 que no faltara nada de lo necesario a los misioneros, den\u00adtro del estilo de vida, propio de los que se han dado a Dios para servir a los pobres. Cre\u00f3 el oficio en la Congregaci\u00f3n, posteriormente llamado en algunas Provincias \u00aboficio de pobreza\u00bb, para que todos pudieran pedir lo que necesita\u00adban&#8217;<sup>6<\/sup>. Partiendo, pues, de que cada uno tiene lo necesario, se puede exigir la pobreza interior y exterior:<\/p>\n<h3><i>1\u00ba. Principios de pobreza interior<\/i><\/h3>\n<p>Disponibilidad a dejar cualquier cosa cuando se lo mande el Superior o simplemente lo indique (cf. XI, 662).<\/p>\n<p>No pedir ni rehusar nada, pero si hay necesidad de algo, exponerlo sencillamente y con total indiferencia (cf. XI, 84).<\/p>\n<p>No buscar cosas superfluas o curiosas y moderar el uso de las cosas necesarias y el deseo de ellas, de manera que el estilo de vida, ali\u00admentaci\u00f3n, habitaci\u00f3n, ajuar, sean como conviene a un pobre (cf. XI, 87, 91, 663).<\/p>\n<p>Estar preparado a sufrir las consecuencias de la pobreza hasta el punto de aceptar con alegr\u00eda que le den lo peor (cf. XI, 662).<\/p>\n<p>No quejarse si les falta algo de lo necesario, al contrario, sentir con gozo las consecuencias de la pobreza (cf. RC III, 7).<\/p>\n<p>Suprimir en nosotros hasta el menor rastro de propiedad personal (cf. RC III, 8).<\/p>\n<p>No aspirar a los beneficios y dignidades eclesi\u00e1sticas, con la excusa de que se trata de un bien espiritual (cf. RC III, 10).<\/p>\n<h3><i>2\u00b0. Medios pr\u00e1cticos para guardar la pobreza<\/i><\/h3>\n<p>La gratuidad de las misiones y el servicio a los pobres.<\/p>\n<p>Poner todos los bienes en com\u00fan, a ejemplo de los primeros cristianos, lo que se gana y lo que es de uso corriente a todos los miembros de la comunidad. El Superior dar\u00e1 a cada uno lo que necesite (cf. RC III, 3).<\/p>\n<p>Depender de los superiores: No disponer de los bienes sin permiso del Superior. Nadie usar\u00e1 nada como si fuera suyo, ni se llevar\u00e1n de una casa a otra, cosa alguna sin permiso del Superior (cf. RC III, 3-9). Pedir permiso en todo lo referente a la aceptaci\u00f3n, uso y disposici\u00f3n de los bienes comunes. La dependencia es una de las expresiones m\u00e1s claras de la pobreza vicenciana.<\/p>\n<p>Estilo sencillo de vida: vestido, muebles, comida, libros, ornamentos de la iglesia, y evitar las desigualdades entre los miembros de la comu\u00adnidad.<\/p>\n<p>48.- En la correspondencia de san Vicente, se encuentran infinidad de deta\u00adlles sobre la vida de pobreza, expuestos seg\u00fan las circunstancias de las casas y de los misioneros, vg.: c\u00f3mo procurar tener buen pan, tener un extraordinario en una fiesta y cuidar de los gastos de los viajes<sup>21<\/sup>. Todos estos detalles son muy significativos, porque demuestran la sensibilidad de san Vicente por la pr\u00e1ctica personal y comunitaria de la pobreza.<\/p>\n<p>49.- En resumen de todos los medios antes dichos, tienen importancia espe\u00adcial en la pr\u00e1ctica de la pobreza vicenciana los permisos, la comunidad de bie\u00adnes y el estilo sencillo de vida.<\/p>\n<h2>Administraci\u00f3n de los bienes<\/h2>\n<p style=\"text-align: right\"><i>Permite, pues, Dios m\u00edo, que nos dediquemos a la conservaci\u00f3n de lo tem\u00adporal, pero que esto se haga de forma que nuestro esp\u00edritu no se vea con\u00adtaminado por ello, ni se lesione la justicia, ni se enreden nuestros corazones <\/i>(XI, 413).<\/p>\n<p>50.- Una de las expresiones del esp\u00edritu de pobreza y de la pr\u00e1ctica con\u00advincente de la misma fue para san Vicente la recta administraci\u00f3n de los bienes de la comunidad que, seg\u00fan una de sus frases m\u00e1s significativas, eran bienes de los pobres, \u00abpatrimonio de los pobres\u00bb. De la buena administraci\u00f3n, depend\u00eda, no s\u00f3lo el buen nombre de la comunidad, sino el buen servicio, la confianza de los responsables y, en \u00faltimo t\u00e9rmino, la conservaci\u00f3n de la Compa\u00f1\u00eda.<\/p>\n<p>51.- San Vicente tuvo cualidades de buen administrador, tuvo talento para los negocios y una capacidad enorme para seguir con atenci\u00f3n la contabilidad de casi todas las comunidades de la Congregaci\u00f3n de la Misi\u00f3n.<\/p>\n<p>52. Los puntos claves de la administraci\u00f3n de los bienes, seg\u00fan san Vicente, son:<\/p>\n<p>a) Necesidad de tener bienes<\/p>\n<p>Las comunidades locales deben poseer bienes materiales porque no son mendicantes: \u00a1Dios m\u00edo!, la necesidad nos obliga a poseer bienes pere\u00adcederos y a conservar en la Compa\u00f1\u00eda lo que Dios le ha dado (XI, 413).<\/p>\n<p>b) Administraci\u00f3n diligente<\/p>\n<p>La posesi\u00f3n de bienes para la comunidad y para los pobres exige que se los administre bien, que se los haga producir, que se los defienda ante los tribunales, si fuera necesario, y que se eviten los gastos in\u00fatiles<sup>22<\/sup>. Como hombre de su tiempo, se atuvo alsistema econ\u00f3mico de entonces y us\u00f3 los medios de adquisici\u00f3n y administraci\u00f3n, entonces leg\u00edtimos: propiedad de bienes muebles e inmuebles, donaciones, negocios, bene\u00adficios, fundaciones, rentas de fincas propias o de otros, inversiones, com\u00adpraventa, etc.<\/p>\n<p>c) Obras econ\u00f3micamente s\u00f3lidas<\/p>\n<p>Las fundaciones vicencianas tienen ordinariamente una base econ\u00f3mica s\u00f3lida, fija, legalmente bien hecha, de tal manera, que la carencia de medios o la angustia por mantener la obra no quite tiempo y vigor al ser\u00advicio que se debe prestar a los pobres. A los mendicantes, les basta plan\u00adtar la piqueta para quedar fundados. Pero a nosotros, que no recibimos nada del pobre pueblo, nos hace falta tener rentas; y esas rentas, que deben ser suficientes, no vienen de golpe, ni siempre en las ciudades para establecernos all\u00ed (IV, 446).<\/p>\n<p>d) Contabilidad trasparente<\/p>\n<p>Otro cap\u00edtulo es el de llevar bien la contabilidad, con claridad, y rendir cuenta a los responsables y en los momentos oportunos. San Vicente comprendi\u00f3 que no siempre resultaba f\u00e1cil llevar la contabilidad, princi\u00adpalmente, a los misioneros que se ausentaban frecuentemente de casa: <i>Resulta dif\u00edcil a los misioneros que van y vienen, escribir en detalle todo lo que gastan en la ciudad y en los campos <\/i>(IV, 70). Si san Vicente fue exigente en la contabilidad interna, hizo todo lo posible para liberarse de rendir cuentas a los obispos: <i>Temo que, si empieza Vd. a presentar <\/i><i>cuentas, se seguir\u00e1 haciendo as\u00ed y luego el se\u00f1or cardenal y el arzobis\u00adpo que le suceda, lo obligue a continuar; y eso es precisamente lo que hay que evitar por encima de todo, por tratarse de una sujeci\u00f3n que molesta <\/i>(IV, 70).<\/p>\n<h2>La pobreza y el trabajo<\/h2>\n<p>53.- El decreto \u00abPerfectae Caritatis\u00bb del Vaticano II considera el trabajo como una expresi\u00f3n de la pobreza. La idea est\u00e1 recogida en las Constituciones actuales de los misioneros. Las razones son el sentirse sujeto a la obligaci\u00f3n com\u00fan del trabajo, hacerse solidarios con los pobres que necesitan trabajar para vivir, ponerse a nivel de ellos, sometidos a las leyes de la competencia y de la insegu\u00adridad, sin dejar de confiar en la divina providencia. Sin embargo, tener trabajo, hoy, en una sociedad donde el trabajo escasea, es una riqueza muy apreciable.<\/p>\n<p>54.- Tuvo miedo de la ociosidad como madrastra de todas las virtudes (cf. RC IV, 5). Dijo que un sacerdote deb\u00eda tener m\u00e1s tarea que la que pod\u00eda realizar (cf. XI, 121). Abelly nos ha trasmitido un pensamiento de san Vicente: <i>lo nuestro <\/i><i>es estar siempre ocupados, \u00fatilmente ocupados.<\/i><\/p>\n<p>55.- San Vicente relacion\u00f3 m\u00e1s el trabajo con el servicio que con la pobre\u00adza, al menos, de una manera directa. Hab\u00eda que evangelizar y servir a los pobres gratuitamente. Los misioneros no pod\u00edan recibir nada por raz\u00f3n de las misiones. El dinero deb\u00eda venir por otros medios. Por otra parte, hab\u00eda que estar cercanos a los pobres que necesitan trabajar para vivir. En esta cercan\u00eda, est\u00e1 la semilla de la solidaridad con los pobres y en la exigencia de aceptar la ley universal del tra\u00adbajo (cf. RC III, 2).<\/p>\n<h2>El voto de pobreza y el Estatuto Fundamental de Pobreza<\/h2>\n<p style=\"text-align: right\"><i>Confirmamos y aprobamos con nuestra autoridad apost\u00f3lica el Estatuto&#8230;y le a\u00f1adimos la fuerza de la inviolable firmeza apost\u00f3lica&#8230; <\/i>(Alejandro VII, \u00abAlias Nos\u00bb)<\/p>\n<h3><i>1\u00ba. Origen del Estatuto Fundamental de pobreza<\/i><\/h3>\n<p>56.- En la Congregaci\u00f3n de la Misi\u00f3n, existe el llamado \u00abEstatuto Fundamen\u00adtal de pobreza\u00bb. Al inicio de la Congregaci\u00f3n, los miembros de la misma ced\u00edan el usufructo y la administraci\u00f3n de los bienes propios a la Congregaci\u00f3n. No obs\u00adtante el voto de pobreza que hac\u00edan a partir de 1655, conservaban el dominio radical, pod\u00edan adquirir bienes, disponer del capital por testamento o donaci\u00f3n. Si sal\u00edan de la Congregaci\u00f3n, recuperaban todos los derechos sobre sus bienes.<\/p>\n<p>57.- Despu\u00e9s de la aprobaci\u00f3n pontificia de los votos por Alejandro VII, mediante el Breve \u00abEx Commissssa Nobis\u00bb, hubo cambios. Seg\u00fan la f\u00f3rmula que establec\u00eda las condiciones primitivas del voto, dejaba de existir la obligaci\u00f3n de ceder el usufructo de los bienes a la Congregaci\u00f3n y la administraci\u00f3n de los pro\u00adpios bienes. La leyes civiles prohibieron que se cedieran los bienes propios a las comunidades de las que eran miembros. Las rentas de los bienes se pod\u00edan emplear en favor de los familiares pobres. Si alguno abandonaba la Congrega\u00adci\u00f3n, recuperaba todos los derechos sobre los propios bienes, menos los ya per\u00adcibidos por la Congregaci\u00f3n.<\/p>\n<p>58.- El 12 de agosto de 1659, el Papa Alejandro VII aprob\u00f3 el Breve \u00abAlias Nos\u00bb. En \u00e9l se conten\u00eda <i>el Estatuto Fundamental de pobreza en la Congregaci\u00f3n <\/i><i>de la Misi\u00f3n<sup>27<\/sup>. <\/i>San Vicente lo ley\u00f3 a la comunidad y lo coment\u00f3 en las conferen\u00adcias del 14 de noviembre y del 5 de diciembre de 1659 (cf. XI, 647, 669).<\/p>\n<h3><i>2\u00ba. El breve \u00abAlias Nos\u00bb<\/i><\/h3>\n<p>59.- El contenido del breve \u00abAlias Nos\u00bb se resume en los siguientes puntos:<\/p>\n<ol>\n<li><i>Los miembros de la Congregaci\u00f3n retienen el dominio de los bienes inmue\u00ad<\/i><i>bles, y de los beneficios simples que posean y puedan poseer en el futuro.<\/i><\/li>\n<li><i>Los frutos o rentas de los bienes propios no se pueden capitalizar ni usar en <\/i><i>provecho propio, deben emplearse con permiso del Superior en obras p\u00edas, <\/i><i>en favor de los pobres.<\/i><\/li>\n<li><i>Si los padres o familiares est\u00e1n necesitados, el Superior cuidar\u00e1 de que se <\/i><i>les d\u00e9 a ellos <\/i>(X, 552).<\/li>\n<\/ol>\n<p>60.- El Estatuto se centra exclusivamente en los bienes inmuebles y en los beneficios simples (cf. Est. A 1). El misionero tiene poder sobre estos bienes, puede administrarlos, conservarlos, disponer de ellos, etc. sin permiso de los Superiores. Son bienes que, en principio, la Congregaci\u00f3n deja a la responsabilidad del misionero y a su esp\u00edritu de pobreza. S\u00f3lo el uso de los frutos o rentas est\u00e1n supe\u00additados al permiso del Superior y, por supuesto, al esp\u00edritu de pobreza.<\/p>\n<p>61.- Las Asambleas Generales han ido resolviendo las cuestiones que susci\u00adtaba la aplicaci\u00f3n de este Estatuto. Sustancialmente, dichas aplicaciones pasaron a las Constituciones de 1954. Las Constituciones actuales dan una nueva inter\u00adpretaci\u00f3n, muy matizada pero importante, es la que se refiere al uso de los frutos de los bienes en provecho propio: <i>Los miembros de la Congregaci\u00f3n pueden, con licencia del Superior, emplear estos frutos <\/i>(frutos o rentas de los bienes propios inmuebles o beneficios simples) <i>en usos personales. Esta es la norma permisiva: es <\/i><i>claro que se trata s\u00f3lo de una concesi\u00f3n, de ninguna manera de una orientaci\u00f3n positivamente recomendada <\/i>(Estat. Fundamental, 4). Antes no era as\u00ed, todos los bienes personales ten\u00edan que emplearse en obras p\u00edas: <i>Los miembros de la Con\u00ad<\/i><i>gregaci\u00f3n deben emplear los frutos de sus bienes en obras p\u00edas. Esta es la norma principal y positiva que nace de la orientaci\u00f3n vicenciana. Por ella disponemos de nosotros mismos y de nuestros bienes en servicio de la evangelizaci\u00f3n de los pobres. Este es el valor evang\u00e9lico m\u00e1s claro y eminente del Estatuto. La ayuda a los padres y parientes necesitados es, ante todo, un deber de piedad y justicia <\/i>(Est. Fundamental, A, 2).<\/p>\n<p>62.- El Estatuto establece, adem\u00e1s, que no se capitalicen los bienes: Los miembros de la Congregaci\u00f3n no pueden retener los frutos de sus bienes. Esta es la norma negativa por la que se nos proh\u00edbe capitalizar acumulando los frutos y hacernos ricos. Nace de la pobreza evang\u00e9lica, que no s\u00f3lo es pobreza de esp\u00ed\u00adritu, sino tambi\u00e9n de hecho. (Est. Fundamental, A, 3).<\/p>\n<p>El uso de los bienes, incluso de los procedentes de los bienes inmuebles, no es libre en la Congregaci\u00f3n: Los miembros de la Congregaci\u00f3n no gozan del uso libre de sus bienes ya que tambi\u00e9n en esto deben depender de los Superiores. Esta norma nace de la dimensi\u00f3n comunitaria de nuestra pobreza (Est. Funda\u00admental, A. 5).<\/p>\n<p>63.- La Asamblea General dio una explicaci\u00f3n extensiva del Estatuto Fun\u00addamental de la pobreza.<\/p>\n<ol>\n<li>Hay que equiparar a los bienes inmuebles y a los beneficios simples <i>todos los bienes productivos y los derechos de percibir intereses, seg\u00fan <\/i><i>estimaci\u00f3n com\u00fan en todas partes <\/i>(Est. Fundamental, B. 1). La raz\u00f3n es que los bienes inmuebles y beneficios simples son considerados como fuente de bienes. La extensi\u00f3n est\u00e1, pues, en equiparar todas las fuentes de bienes actuales, por ejemplo, lo intereses por poner en dinero en el banco en forma de acciones y obligaciones.<\/li>\n<li>Recuerda que, aunque el Estatuto no diga nada de los bienes muebles que no provienen de los bienes productivos, tampoco, seg\u00fan el esp\u00edritu del Estatuto, <i>estos bienes muebles ni pueden sustraerse de la norma prin<\/i><i>cipal y positiva, que nos obliga a emplearlos en servicio de la evangeli\u00ad<\/i><i>zaci\u00f3n de los pobres, directamente o mediante la comunidad, ni de las <\/i><i>dem\u00e1s normas <\/i>(Est. Fundamental, B. 2).<\/li>\n<li>Finalmente, reconoce que el Estatuto Fundamental no es la \u00fanica fuente de normas por las que se rige el voto de pobreza de la Congregaci\u00f3n de la Misi\u00f3n, (cf. Est. Fundamental, B. 3). EL Estatuto, en el n\u00famero B. 4, enu\u00admera siete fuentes sin pretender que sean exclusivas: a) <i>la dedicaci\u00f3n a la evangelizaci\u00f3n de los pobres; <\/i>b) <i>la pobreza de esp\u00edritu <\/i>(XI 647-655; RC III, 4, 7); c) <i>la comunidad de bienes <\/i>(RC III, 3-6); d) <i>la acomodaci\u00f3n de nuestra vida a la vida de los pobres <\/i>(RC III, 7); e) <i>la ley universal del tra\u00ad<\/i><i>bajo (XI, <\/i>120, ss.); f) <i>los frutos de nuestro trabajo son bienes de la comu\u00ad<\/i><i>nidad; <\/i>g) <i>los bienes de la comunidad se han de considerar como patri\u00ad<\/i><i>monio de los pobres; no nos es l\u00edcito, ni individual ni colectivamente, con\u00adservarlos improductivos y sin colocarlos del modo m\u00e1s rentable para la promoci\u00f3n de los pobres; <\/i>h) <i>la comunidad tiene propiedad de los bienes <\/i><i>para, seg\u00fan la necesidad, poder desempe\u00f1ar gratuitamente nuestros ministerios y socorrer con largueza a los pobres <\/i>(RC III, 2; XI, 647-655).<\/li>\n<\/ol>\n","protected":false},"excerpt":{"rendered":"<p>Los medios para ser fieles al compromiso de practicar la pobreza Tambi\u00e9n nosotros nos esforzaremos, seg\u00fan nuestras pobres fuerzas, en el cultivo de esta virtud (RC III, 1) 46.- San Vicente fue generoso en ofrecer &#8230; <a href=\"https:\/\/vincentians.com\/es\/imposible-soportar-el-peso-de-la-riqueza-y-el-de-la-virtud-v-ii-396-iii\/\" class=\"more-link\">Read More<\/a><\/p>\n","protected":false},"author":4,"featured_media":404099,"comment_status":"open","ping_status":"open","sticky":false,"template":"","format":"standard","meta":{"jetpack_post_was_ever_published":false,"_jetpack_newsletter_access":"","_jetpack_dont_email_post_to_subs":false,"_jetpack_newsletter_tier_id":0,"_jetpack_memberships_contains_paywalled_content":false,"_jetpack_memberships_contains_paid_content":false,"footnotes":"","jetpack_publicize_message":"","jetpack_publicize_feature_enabled":true,"jetpack_social_post_already_shared":true,"jetpack_social_options":{"image_generator_settings":{"template":"highway","default_image_id":0,"font":"","enabled":false},"version":2}},"categories":[28],"tags":[218,172],"class_list":["post-124807","post","type-post","status-publish","format-standard","has-post-thumbnail","hentry","category-formacion-vicenciana","tag-abelly","tag-pobreza"],"yoast_head":"<!-- This site is optimized with the Yoast SEO plugin v26.3 - https:\/\/yoast.com\/wordpress\/plugins\/seo\/ -->\n<title>Imposible soportar el peso de la riqueza y el de la virtud (V, II, 396) (III) - Somos Vicencianos<\/title>\n<meta name=\"robots\" content=\"index, follow, max-snippet:-1, max-image-preview:large, max-video-preview:-1\" \/>\n<link rel=\"canonical\" href=\"https:\/\/vincentians.com\/es\/imposible-soportar-el-peso-de-la-riqueza-y-el-de-la-virtud-v-ii-396-iii\/\" \/>\n<meta property=\"og:locale\" content=\"es_ES\" \/>\n<meta property=\"og:type\" content=\"article\" \/>\n<meta property=\"og:title\" content=\"Imposible soportar el peso de la riqueza y el de la virtud (V, II, 396) (III) - Somos Vicencianos\" \/>\n<meta property=\"og:description\" content=\"Los medios para ser fieles al compromiso de practicar la pobreza Tambi\u00e9n nosotros nos esforzaremos, seg\u00fan nuestras pobres fuerzas, en el cultivo de esta virtud (RC III, 1) 46.- San Vicente fue generoso en ofrecer ... Read More\" \/>\n<meta property=\"og:url\" content=\"https:\/\/vincentians.com\/es\/imposible-soportar-el-peso-de-la-riqueza-y-el-de-la-virtud-v-ii-396-iii\/\" \/>\n<meta property=\"og:site_name\" content=\"Somos Vicencianos\" \/>\n<meta property=\"article:publisher\" content=\"https:\/\/www.facebook.com\/WeAreVincentians\/\" \/>\n<meta property=\"article:author\" content=\"https:\/\/www.facebook.com\/JavierChento\" \/>\n<meta property=\"article:published_time\" content=\"2023-12-17T07:21:25+00:00\" \/>\n<meta property=\"og:image\" content=\"https:\/\/i0.wp.com\/vincentians.com\/es\/wp-content\/uploads\/sites\/11\/2013\/01\/c.jpg?fit=979%2C739&ssl=1\" \/>\n\t<meta property=\"og:image:width\" content=\"979\" \/>\n\t<meta property=\"og:image:height\" content=\"739\" \/>\n\t<meta property=\"og:image:type\" content=\"image\/jpeg\" \/>\n<meta name=\"author\" content=\"Francisco Javier Fern\u00e1ndez Chento\" \/>\n<meta name=\"twitter:card\" content=\"summary_large_image\" \/>\n<meta name=\"twitter:creator\" content=\"@https:\/\/twitter.com\/javierchento\" \/>\n<meta name=\"twitter:site\" content=\"@WeVincentians\" \/>\n<meta name=\"twitter:label1\" content=\"Escrito por\" \/>\n\t<meta name=\"twitter:data1\" content=\"Francisco Javier Fern\u00e1ndez Chento\" \/>\n\t<meta name=\"twitter:label2\" content=\"Tiempo de lectura\" \/>\n\t<meta name=\"twitter:data2\" content=\"12 minutos\" \/>\n<script type=\"application\/ld+json\" class=\"yoast-schema-graph\">{\"@context\":\"https:\/\/schema.org\",\"@graph\":[{\"@type\":\"Article\",\"@id\":\"https:\/\/vincentians.com\/es\/imposible-soportar-el-peso-de-la-riqueza-y-el-de-la-virtud-v-ii-396-iii\/#article\",\"isPartOf\":{\"@id\":\"https:\/\/vincentians.com\/es\/imposible-soportar-el-peso-de-la-riqueza-y-el-de-la-virtud-v-ii-396-iii\/\"},\"author\":{\"name\":\"Francisco Javier Fern\u00e1ndez Chento\",\"@id\":\"https:\/\/vincentians.com\/es\/#\/schema\/person\/9623ef4d9aa3b2dfb8c061f1499288f2\"},\"headline\":\"Imposible soportar el peso de la riqueza y el de la virtud (V, II, 396) (III)\",\"datePublished\":\"2023-12-17T07:21:25+00:00\",\"mainEntityOfPage\":{\"@id\":\"https:\/\/vincentians.com\/es\/imposible-soportar-el-peso-de-la-riqueza-y-el-de-la-virtud-v-ii-396-iii\/\"},\"wordCount\":2645,\"commentCount\":0,\"publisher\":{\"@id\":\"https:\/\/vincentians.com\/es\/#organization\"},\"image\":{\"@id\":\"https:\/\/vincentians.com\/es\/imposible-soportar-el-peso-de-la-riqueza-y-el-de-la-virtud-v-ii-396-iii\/#primaryimage\"},\"thumbnailUrl\":\"https:\/\/i0.wp.com\/vincentians.com\/es\/wp-content\/uploads\/sites\/11\/2013\/01\/c.jpg?fit=979%2C739&ssl=1\",\"keywords\":[\"Abelly\",\"Pobreza\"],\"articleSection\":[\"Formaci\u00f3n Vicenciana\"],\"inLanguage\":\"es\",\"potentialAction\":[{\"@type\":\"CommentAction\",\"name\":\"Comment\",\"target\":[\"https:\/\/vincentians.com\/es\/imposible-soportar-el-peso-de-la-riqueza-y-el-de-la-virtud-v-ii-396-iii\/#respond\"]}]},{\"@type\":\"WebPage\",\"@id\":\"https:\/\/vincentians.com\/es\/imposible-soportar-el-peso-de-la-riqueza-y-el-de-la-virtud-v-ii-396-iii\/\",\"url\":\"https:\/\/vincentians.com\/es\/imposible-soportar-el-peso-de-la-riqueza-y-el-de-la-virtud-v-ii-396-iii\/\",\"name\":\"Imposible soportar el peso de la riqueza y el de la virtud (V, II, 396) (III) - Somos Vicencianos\",\"isPartOf\":{\"@id\":\"https:\/\/vincentians.com\/es\/#website\"},\"primaryImageOfPage\":{\"@id\":\"https:\/\/vincentians.com\/es\/imposible-soportar-el-peso-de-la-riqueza-y-el-de-la-virtud-v-ii-396-iii\/#primaryimage\"},\"image\":{\"@id\":\"https:\/\/vincentians.com\/es\/imposible-soportar-el-peso-de-la-riqueza-y-el-de-la-virtud-v-ii-396-iii\/#primaryimage\"},\"thumbnailUrl\":\"https:\/\/i0.wp.com\/vincentians.com\/es\/wp-content\/uploads\/sites\/11\/2013\/01\/c.jpg?fit=979%2C739&ssl=1\",\"datePublished\":\"2023-12-17T07:21:25+00:00\",\"breadcrumb\":{\"@id\":\"https:\/\/vincentians.com\/es\/imposible-soportar-el-peso-de-la-riqueza-y-el-de-la-virtud-v-ii-396-iii\/#breadcrumb\"},\"inLanguage\":\"es\",\"potentialAction\":[{\"@type\":\"ReadAction\",\"target\":[\"https:\/\/vincentians.com\/es\/imposible-soportar-el-peso-de-la-riqueza-y-el-de-la-virtud-v-ii-396-iii\/\"]}]},{\"@type\":\"ImageObject\",\"inLanguage\":\"es\",\"@id\":\"https:\/\/vincentians.com\/es\/imposible-soportar-el-peso-de-la-riqueza-y-el-de-la-virtud-v-ii-396-iii\/#primaryimage\",\"url\":\"https:\/\/i0.wp.com\/vincentians.com\/es\/wp-content\/uploads\/sites\/11\/2013\/01\/c.jpg?fit=979%2C739&ssl=1\",\"contentUrl\":\"https:\/\/i0.wp.com\/vincentians.com\/es\/wp-content\/uploads\/sites\/11\/2013\/01\/c.jpg?fit=979%2C739&ssl=1\",\"width\":979,\"height\":739},{\"@type\":\"BreadcrumbList\",\"@id\":\"https:\/\/vincentians.com\/es\/imposible-soportar-el-peso-de-la-riqueza-y-el-de-la-virtud-v-ii-396-iii\/#breadcrumb\",\"itemListElement\":[{\"@type\":\"ListItem\",\"position\":1,\"name\":\"Portada\",\"item\":\"https:\/\/vincentians.com\/es\/\"},{\"@type\":\"ListItem\",\"position\":2,\"name\":\"Imposible soportar el peso de la riqueza y el de la virtud (V, II, 396) (III)\"}]},{\"@type\":\"WebSite\",\"@id\":\"https:\/\/vincentians.com\/es\/#website\",\"url\":\"https:\/\/vincentians.com\/es\/\",\"name\":\"Somos Vicencianos\",\"description\":\"Know more to serve more\",\"publisher\":{\"@id\":\"https:\/\/vincentians.com\/es\/#organization\"},\"potentialAction\":[{\"@type\":\"SearchAction\",\"target\":{\"@type\":\"EntryPoint\",\"urlTemplate\":\"https:\/\/vincentians.com\/es\/?s={search_term_string}\"},\"query-input\":{\"@type\":\"PropertyValueSpecification\",\"valueRequired\":true,\"valueName\":\"search_term_string\"}}],\"inLanguage\":\"es\"},{\"@type\":\"Organization\",\"@id\":\"https:\/\/vincentians.com\/es\/#organization\",\"name\":\"The Vincentian Network\",\"url\":\"https:\/\/vincentians.com\/es\/\",\"logo\":{\"@type\":\"ImageObject\",\"inLanguage\":\"es\",\"@id\":\"https:\/\/vincentians.com\/es\/#\/schema\/logo\/image\/\",\"url\":\"https:\/\/i1.wp.com\/vincentians.com\/es\/wp-content\/uploads\/sites\/11\/2016\/06\/Vincentian-Network-logo-big.png?fit=778%2C778\",\"contentUrl\":\"https:\/\/i1.wp.com\/vincentians.com\/es\/wp-content\/uploads\/sites\/11\/2016\/06\/Vincentian-Network-logo-big.png?fit=778%2C778\",\"width\":778,\"height\":778,\"caption\":\"The Vincentian Network\"},\"image\":{\"@id\":\"https:\/\/vincentians.com\/es\/#\/schema\/logo\/image\/\"},\"sameAs\":[\"https:\/\/www.facebook.com\/WeAreVincentians\/\",\"https:\/\/x.com\/WeVincentians\"]},{\"@type\":\"Person\",\"@id\":\"https:\/\/vincentians.com\/es\/#\/schema\/person\/9623ef4d9aa3b2dfb8c061f1499288f2\",\"name\":\"Francisco Javier Fern\u00e1ndez Chento\",\"image\":{\"@type\":\"ImageObject\",\"inLanguage\":\"es\",\"@id\":\"https:\/\/vincentians.com\/es\/#\/schema\/person\/image\/\",\"url\":\"https:\/\/secure.gravatar.com\/avatar\/497d5cde87b4c3d097d0315953521681ba2cd523ee66e5077c3711f7021e65de?s=96&d=mm&r=g\",\"contentUrl\":\"https:\/\/secure.gravatar.com\/avatar\/497d5cde87b4c3d097d0315953521681ba2cd523ee66e5077c3711f7021e65de?s=96&d=mm&r=g\",\"caption\":\"Francisco Javier Fern\u00e1ndez Chento\"},\"description\":\"Director General y cofundador de La Red de Formaci\u00f3n Vicenciana. Javier es laico vicenciano, afiliado a la Congregaci\u00f3n de la Misi\u00f3n y miembro del Equipo de Misiones Populares de la provincia can\u00f3nica de Zaragoza (Espa\u00f1a) de la Congregaci\u00f3n de la Misi\u00f3n. Graduado en la Universidad Oberta de Catalunya con cuatro grados (Asistente de direcci\u00f3n, Gesti\u00f3n Administrativa, Recursos Humanos y Contabilidad Avanzada). Bil\u00edng\u00fce Espa\u00f1ol\/Ingl\u00e9s. gestiona y mantiene varias p\u00e1ginas web cristianas y vicencianas, incluida including La Red de Formaci\u00f3n Vicenciana, de la que es cofundador. Actualmente es responsable del \u00e1rea de Espa\u00f1ol de .famvin, la Red de Noticias de la Familia Vicenciana. Tambi\u00e9n es m\u00fasico cat\u00f3lico y ha editado varios discos. Es Director General y cofundador de Trovador, una reconocida compa\u00f1\u00eda discogr\u00e1fica critiana de Espa\u00f1a. Trabaja en las Tecnolog\u00edas de la Informaci\u00f3n, ofreciendo servicios de alojamiento, dise\u00f1o y mantenimiento Web, as\u00ed como asesoramiento, formaci\u00f3n y soluciones inform\u00e1ticas, gesti\u00f3n documental y digitalizaci\u00f3n de textos, edici\u00f3n y maquetaci\u00f3n de libros, revistas, flyers, etc.\",\"sameAs\":[\"http:\/\/chento.org\",\"https:\/\/www.facebook.com\/JavierChento\",\"https:\/\/x.com\/https:\/\/twitter.com\/javierchento\"],\"url\":\"https:\/\/vincentians.com\/es\/author\/chento\/\"}]}<\/script>\n<!-- \/ Yoast SEO plugin. -->","yoast_head_json":{"title":"Imposible soportar el peso de la riqueza y el de la virtud (V, II, 396) (III) - Somos Vicencianos","robots":{"index":"index","follow":"follow","max-snippet":"max-snippet:-1","max-image-preview":"max-image-preview:large","max-video-preview":"max-video-preview:-1"},"canonical":"https:\/\/vincentians.com\/es\/imposible-soportar-el-peso-de-la-riqueza-y-el-de-la-virtud-v-ii-396-iii\/","og_locale":"es_ES","og_type":"article","og_title":"Imposible soportar el peso de la riqueza y el de la virtud (V, II, 396) (III) - Somos Vicencianos","og_description":"Los medios para ser fieles al compromiso de practicar la pobreza Tambi\u00e9n nosotros nos esforzaremos, seg\u00fan nuestras pobres fuerzas, en el cultivo de esta virtud (RC III, 1) 46.- San Vicente fue generoso en ofrecer ... Read More","og_url":"https:\/\/vincentians.com\/es\/imposible-soportar-el-peso-de-la-riqueza-y-el-de-la-virtud-v-ii-396-iii\/","og_site_name":"Somos Vicencianos","article_publisher":"https:\/\/www.facebook.com\/WeAreVincentians\/","article_author":"https:\/\/www.facebook.com\/JavierChento","article_published_time":"2023-12-17T07:21:25+00:00","og_image":[{"width":979,"height":739,"url":"https:\/\/i0.wp.com\/vincentians.com\/es\/wp-content\/uploads\/sites\/11\/2013\/01\/c.jpg?fit=979%2C739&ssl=1","type":"image\/jpeg"}],"author":"Francisco Javier Fern\u00e1ndez Chento","twitter_card":"summary_large_image","twitter_creator":"@https:\/\/twitter.com\/javierchento","twitter_site":"@WeVincentians","twitter_misc":{"Escrito por":"Francisco Javier Fern\u00e1ndez Chento","Tiempo de lectura":"12 minutos"},"schema":{"@context":"https:\/\/schema.org","@graph":[{"@type":"Article","@id":"https:\/\/vincentians.com\/es\/imposible-soportar-el-peso-de-la-riqueza-y-el-de-la-virtud-v-ii-396-iii\/#article","isPartOf":{"@id":"https:\/\/vincentians.com\/es\/imposible-soportar-el-peso-de-la-riqueza-y-el-de-la-virtud-v-ii-396-iii\/"},"author":{"name":"Francisco Javier Fern\u00e1ndez Chento","@id":"https:\/\/vincentians.com\/es\/#\/schema\/person\/9623ef4d9aa3b2dfb8c061f1499288f2"},"headline":"Imposible soportar el peso de la riqueza y el de la virtud (V, II, 396) (III)","datePublished":"2023-12-17T07:21:25+00:00","mainEntityOfPage":{"@id":"https:\/\/vincentians.com\/es\/imposible-soportar-el-peso-de-la-riqueza-y-el-de-la-virtud-v-ii-396-iii\/"},"wordCount":2645,"commentCount":0,"publisher":{"@id":"https:\/\/vincentians.com\/es\/#organization"},"image":{"@id":"https:\/\/vincentians.com\/es\/imposible-soportar-el-peso-de-la-riqueza-y-el-de-la-virtud-v-ii-396-iii\/#primaryimage"},"thumbnailUrl":"https:\/\/i0.wp.com\/vincentians.com\/es\/wp-content\/uploads\/sites\/11\/2013\/01\/c.jpg?fit=979%2C739&ssl=1","keywords":["Abelly","Pobreza"],"articleSection":["Formaci\u00f3n Vicenciana"],"inLanguage":"es","potentialAction":[{"@type":"CommentAction","name":"Comment","target":["https:\/\/vincentians.com\/es\/imposible-soportar-el-peso-de-la-riqueza-y-el-de-la-virtud-v-ii-396-iii\/#respond"]}]},{"@type":"WebPage","@id":"https:\/\/vincentians.com\/es\/imposible-soportar-el-peso-de-la-riqueza-y-el-de-la-virtud-v-ii-396-iii\/","url":"https:\/\/vincentians.com\/es\/imposible-soportar-el-peso-de-la-riqueza-y-el-de-la-virtud-v-ii-396-iii\/","name":"Imposible soportar el peso de la riqueza y el de la virtud (V, II, 396) (III) - Somos Vicencianos","isPartOf":{"@id":"https:\/\/vincentians.com\/es\/#website"},"primaryImageOfPage":{"@id":"https:\/\/vincentians.com\/es\/imposible-soportar-el-peso-de-la-riqueza-y-el-de-la-virtud-v-ii-396-iii\/#primaryimage"},"image":{"@id":"https:\/\/vincentians.com\/es\/imposible-soportar-el-peso-de-la-riqueza-y-el-de-la-virtud-v-ii-396-iii\/#primaryimage"},"thumbnailUrl":"https:\/\/i0.wp.com\/vincentians.com\/es\/wp-content\/uploads\/sites\/11\/2013\/01\/c.jpg?fit=979%2C739&ssl=1","datePublished":"2023-12-17T07:21:25+00:00","breadcrumb":{"@id":"https:\/\/vincentians.com\/es\/imposible-soportar-el-peso-de-la-riqueza-y-el-de-la-virtud-v-ii-396-iii\/#breadcrumb"},"inLanguage":"es","potentialAction":[{"@type":"ReadAction","target":["https:\/\/vincentians.com\/es\/imposible-soportar-el-peso-de-la-riqueza-y-el-de-la-virtud-v-ii-396-iii\/"]}]},{"@type":"ImageObject","inLanguage":"es","@id":"https:\/\/vincentians.com\/es\/imposible-soportar-el-peso-de-la-riqueza-y-el-de-la-virtud-v-ii-396-iii\/#primaryimage","url":"https:\/\/i0.wp.com\/vincentians.com\/es\/wp-content\/uploads\/sites\/11\/2013\/01\/c.jpg?fit=979%2C739&ssl=1","contentUrl":"https:\/\/i0.wp.com\/vincentians.com\/es\/wp-content\/uploads\/sites\/11\/2013\/01\/c.jpg?fit=979%2C739&ssl=1","width":979,"height":739},{"@type":"BreadcrumbList","@id":"https:\/\/vincentians.com\/es\/imposible-soportar-el-peso-de-la-riqueza-y-el-de-la-virtud-v-ii-396-iii\/#breadcrumb","itemListElement":[{"@type":"ListItem","position":1,"name":"Portada","item":"https:\/\/vincentians.com\/es\/"},{"@type":"ListItem","position":2,"name":"Imposible soportar el peso de la riqueza y el de la virtud (V, II, 396) (III)"}]},{"@type":"WebSite","@id":"https:\/\/vincentians.com\/es\/#website","url":"https:\/\/vincentians.com\/es\/","name":"Somos Vicencianos","description":"Know more to serve more","publisher":{"@id":"https:\/\/vincentians.com\/es\/#organization"},"potentialAction":[{"@type":"SearchAction","target":{"@type":"EntryPoint","urlTemplate":"https:\/\/vincentians.com\/es\/?s={search_term_string}"},"query-input":{"@type":"PropertyValueSpecification","valueRequired":true,"valueName":"search_term_string"}}],"inLanguage":"es"},{"@type":"Organization","@id":"https:\/\/vincentians.com\/es\/#organization","name":"The Vincentian Network","url":"https:\/\/vincentians.com\/es\/","logo":{"@type":"ImageObject","inLanguage":"es","@id":"https:\/\/vincentians.com\/es\/#\/schema\/logo\/image\/","url":"https:\/\/i1.wp.com\/vincentians.com\/es\/wp-content\/uploads\/sites\/11\/2016\/06\/Vincentian-Network-logo-big.png?fit=778%2C778","contentUrl":"https:\/\/i1.wp.com\/vincentians.com\/es\/wp-content\/uploads\/sites\/11\/2016\/06\/Vincentian-Network-logo-big.png?fit=778%2C778","width":778,"height":778,"caption":"The Vincentian Network"},"image":{"@id":"https:\/\/vincentians.com\/es\/#\/schema\/logo\/image\/"},"sameAs":["https:\/\/www.facebook.com\/WeAreVincentians\/","https:\/\/x.com\/WeVincentians"]},{"@type":"Person","@id":"https:\/\/vincentians.com\/es\/#\/schema\/person\/9623ef4d9aa3b2dfb8c061f1499288f2","name":"Francisco Javier Fern\u00e1ndez Chento","image":{"@type":"ImageObject","inLanguage":"es","@id":"https:\/\/vincentians.com\/es\/#\/schema\/person\/image\/","url":"https:\/\/secure.gravatar.com\/avatar\/497d5cde87b4c3d097d0315953521681ba2cd523ee66e5077c3711f7021e65de?s=96&d=mm&r=g","contentUrl":"https:\/\/secure.gravatar.com\/avatar\/497d5cde87b4c3d097d0315953521681ba2cd523ee66e5077c3711f7021e65de?s=96&d=mm&r=g","caption":"Francisco Javier Fern\u00e1ndez Chento"},"description":"Director General y cofundador de La Red de Formaci\u00f3n Vicenciana. Javier es laico vicenciano, afiliado a la Congregaci\u00f3n de la Misi\u00f3n y miembro del Equipo de Misiones Populares de la provincia can\u00f3nica de Zaragoza (Espa\u00f1a) de la Congregaci\u00f3n de la Misi\u00f3n. Graduado en la Universidad Oberta de Catalunya con cuatro grados (Asistente de direcci\u00f3n, Gesti\u00f3n Administrativa, Recursos Humanos y Contabilidad Avanzada). Bil\u00edng\u00fce Espa\u00f1ol\/Ingl\u00e9s. gestiona y mantiene varias p\u00e1ginas web cristianas y vicencianas, incluida including La Red de Formaci\u00f3n Vicenciana, de la que es cofundador. Actualmente es responsable del \u00e1rea de Espa\u00f1ol de .famvin, la Red de Noticias de la Familia Vicenciana. Tambi\u00e9n es m\u00fasico cat\u00f3lico y ha editado varios discos. Es Director General y cofundador de Trovador, una reconocida compa\u00f1\u00eda discogr\u00e1fica critiana de Espa\u00f1a. Trabaja en las Tecnolog\u00edas de la Informaci\u00f3n, ofreciendo servicios de alojamiento, dise\u00f1o y mantenimiento Web, as\u00ed como asesoramiento, formaci\u00f3n y soluciones inform\u00e1ticas, gesti\u00f3n documental y digitalizaci\u00f3n de textos, edici\u00f3n y maquetaci\u00f3n de libros, revistas, flyers, etc.","sameAs":["http:\/\/chento.org","https:\/\/www.facebook.com\/JavierChento","https:\/\/x.com\/https:\/\/twitter.com\/javierchento"],"url":"https:\/\/vincentians.com\/es\/author\/chento\/"}]}},"jetpack_publicize_connections":[],"jetpack_featured_media_url":"https:\/\/i0.wp.com\/vincentians.com\/es\/wp-content\/uploads\/sites\/11\/2013\/01\/c.jpg?fit=979%2C739&ssl=1","jetpack_sharing_enabled":true,"jetpack_shortlink":"https:\/\/wp.me\/p7ETMF-wt1","jetpack-related-posts":[{"id":124719,"url":"https:\/\/vincentians.com\/es\/imitadores-de-cristo-en-su-amor-universal-iii\/","url_meta":{"origin":124807,"position":0},"title":"Imitadores de Cristo en su amor universal (III)","author":"Francisco Javier Fern\u00e1ndez Chento","date":"07\/10\/2023","format":false,"excerpt":"RAZONES PARA VIVIR CASTAMENTE Nuestro Se\u00f1or nos hizo ver claramente cu\u00e1nto estimaba la castidad (RC, IV, 1) 42.- Los motivos que san Vicente ofreci\u00f3 para estimar y practicar la castidad est\u00e1n inspirados en la conducta de Jes\u00fas. 1\u00ba Nuestro Salvador nos hizo ver claramente cu\u00e1nto estimaba la castidad, y cu\u00e1n\u2026","rel":"","context":"En \u00abFormaci\u00f3n Vicenciana\u00bb","block_context":{"text":"Formaci\u00f3n Vicenciana","link":"https:\/\/vincentians.com\/es\/category\/formacion-vicenciana\/"},"img":{"alt_text":"","src":"https:\/\/i0.wp.com\/vincentians.com\/es\/wp-content\/uploads\/sites\/11\/2013\/04\/formacion_permanente-1.jpg?fit=303%2C303&ssl=1&resize=350%2C200","width":350,"height":200},"classes":[]},{"id":142210,"url":"https:\/\/vincentians.com\/es\/la-pobreza-baluarte-de-la-congregacion\/","url_meta":{"origin":124807,"position":1},"title":"La pobreza \u00abbaluarte\u00bb de la Congregaci\u00f3n","author":"Francisco Javier Fern\u00e1ndez Chento","date":"06\/04\/2015","format":false,"excerpt":"\u00abTranquilizaos, reba\u00f1o pe\u00adque\u00f1o, que es decisi\u00f3n de vuestro Padre reinar de he\u00adcho sobre vosotros. Vended vuestros bienes y dadlo en limosna; haceos bolsas que no se estropeen, un tesoro inagotable en el cielo, adon\u00adde no se acercan los ladrones ni echa a perder la polilla. Porque donde teng\u00e1is vues\u00adtra riqueza\u2026","rel":"","context":"En \u00abEspiritualidad vicenciana\u00bb","block_context":{"text":"Espiritualidad vicenciana","link":"https:\/\/vincentians.com\/es\/category\/espiritualidad\/espiritualidad-vicenciana\/"},"img":{"alt_text":"Reconc\u00edliate-con-tu-hermano","src":"https:\/\/i0.wp.com\/vicencianos.org\/wp-content\/2015\/04\/Reconc--liate-con-tu-hermano-238x300.jpg?resize=350%2C200","width":350,"height":200},"classes":[]},{"id":141957,"url":"https:\/\/vincentians.com\/es\/armarse-con-las-mismas-armas\/","url_meta":{"origin":124807,"position":2},"title":"\u00abArmarse con las mismas armas\u00bb","author":"Francisco Javier Fern\u00e1ndez Chento","date":"27\/04\/2015","format":false,"excerpt":"\u00abPor eso os digo que coj\u00e1is las armas que Dios da, para poder hacerlas frente (a las fuerzas del mal) en el mo\u00admento dif\u00edcil y acabar el combate sin perder terreno. Con que en pie: abrochaos el cintur\u00f3n de la verdad, por coraza poneos la honradez; bien calzados, dispuestos a\u2026","rel":"","context":"En \u00abEspiritualidad vicenciana\u00bb","block_context":{"text":"Espiritualidad vicenciana","link":"https:\/\/vincentians.com\/es\/category\/espiritualidad\/espiritualidad-vicenciana\/"},"img":{"alt_text":"dios escudo","src":"https:\/\/i0.wp.com\/vicencianos.org\/wp-content\/2015\/08\/dios-escudo-300x251.jpg?resize=350%2C200","width":350,"height":200},"classes":[]},{"id":119152,"url":"https:\/\/vincentians.com\/es\/la-mortificacion-una-hoz-en-su-mochila-xi-522\/","url_meta":{"origin":124807,"position":3},"title":"La Mortificaci\u00f3n: una hoz en su mochila (XI, 522)","author":"Francisco Javier Fern\u00e1ndez Chento","date":"18\/03\/2015","format":false,"excerpt":"Lo que entendemos por mortificaci\u00f3n Castigo mi cuerpo y lo reduzco a servidumbre (1Cor 9, 27). 1) La palabra mortificaci\u00f3n es otra de las palabras tradicionales del len\u00adguaje espiritual, que hoy no se acepta de buen grado. El diccionario de la Real Academia, al dar el significado del t\u00e9rmino mortificaci\u00f3n,\u2026","rel":"","context":"En \u00abEspiritualidad vicenciana\u00bb","block_context":{"text":"Espiritualidad vicenciana","link":"https:\/\/vincentians.com\/es\/category\/espiritualidad\/espiritualidad-vicenciana\/"},"img":{"alt_text":"llevar-la-cruz","src":"https:\/\/i0.wp.com\/vicencianos.org\/wp-content\/2013\/04\/llevar-la-cruz-300x195.jpg?resize=350%2C200","width":350,"height":200},"classes":[]},{"id":124805,"url":"https:\/\/vincentians.com\/es\/imposible-soportar-el-peso-de-la-riqueza-y-el-de-la-virtud-v-ii-396-ii\/","url_meta":{"origin":124807,"position":4},"title":"Imposible soportar el peso de la riqueza y el de la virtud (V, II, 396) (II)","author":"Francisco Javier Fern\u00e1ndez Chento","date":"15\/12\/2023","format":false,"excerpt":"Pobreza e Institutos de Vida Consagrada Anda, vende lo que tienes y d\u00e1selo a los pobres y Dios ser\u00e1 tu riqueza y luego ven y s\u00edgueme (Lc 18, 22). 22.- En el Evangelio, existe una invitaci\u00f3n a un mayor radicalismo en la pobreza, a causa del reino de los cielos.\u2026","rel":"","context":"En \u00abFormaci\u00f3n Vicenciana\u00bb","block_context":{"text":"Formaci\u00f3n Vicenciana","link":"https:\/\/vincentians.com\/es\/category\/formacion-vicenciana\/"},"img":{"alt_text":"","src":"https:\/\/i0.wp.com\/vincentians.com\/es\/wp-content\/uploads\/sites\/11\/2013\/04\/formacion_permanente-1.jpg?fit=303%2C303&ssl=1&resize=350%2C200","width":350,"height":200},"classes":[]},{"id":124809,"url":"https:\/\/vincentians.com\/es\/imposible-soportar-el-peso-de-la-riqueza-y-el-de-la-virtud-v-ii-396-iv\/","url_meta":{"origin":124807,"position":5},"title":"Imposible soportar el peso de la riqueza y el de la virtud (V (II, 396) (IV)","author":"Francisco Javier Fern\u00e1ndez Chento","date":"12\/11\/2013","format":false,"excerpt":"Valor actual de la doctrina vicenciana sobre la pobreza 65.- A la pregunta sobre el valor actual de la ense\u00f1anza y pr\u00e1ctica de la pobreza, seg\u00fan san Vicente, no es f\u00e1cil responder. Una visi\u00f3n muy resumida pod\u00eda ser la siguiente: En el \u00e1mbito doctrinal, san Vicente se queda un tanto\u2026","rel":"","context":"En \u00abFormaci\u00f3n Vicenciana\u00bb","block_context":{"text":"Formaci\u00f3n Vicenciana","link":"https:\/\/vincentians.com\/es\/category\/formacion-vicenciana\/"},"img":{"alt_text":"valores dibujo 2","src":"https:\/\/i0.wp.com\/vicencianos.org\/wp-content\/2013\/10\/valores-dibujo-2.jpg?resize=350%2C200","width":350,"height":200},"classes":[]}],"_links":{"self":[{"href":"https:\/\/vincentians.com\/es\/wp-json\/wp\/v2\/posts\/124807","targetHints":{"allow":["GET"]}}],"collection":[{"href":"https:\/\/vincentians.com\/es\/wp-json\/wp\/v2\/posts"}],"about":[{"href":"https:\/\/vincentians.com\/es\/wp-json\/wp\/v2\/types\/post"}],"author":[{"embeddable":true,"href":"https:\/\/vincentians.com\/es\/wp-json\/wp\/v2\/users\/4"}],"replies":[{"embeddable":true,"href":"https:\/\/vincentians.com\/es\/wp-json\/wp\/v2\/comments?post=124807"}],"version-history":[{"count":1,"href":"https:\/\/vincentians.com\/es\/wp-json\/wp\/v2\/posts\/124807\/revisions"}],"predecessor-version":[{"id":404910,"href":"https:\/\/vincentians.com\/es\/wp-json\/wp\/v2\/posts\/124807\/revisions\/404910"}],"wp:featuredmedia":[{"embeddable":true,"href":"https:\/\/vincentians.com\/es\/wp-json\/wp\/v2\/media\/404099"}],"wp:attachment":[{"href":"https:\/\/vincentians.com\/es\/wp-json\/wp\/v2\/media?parent=124807"}],"wp:term":[{"taxonomy":"category","embeddable":true,"href":"https:\/\/vincentians.com\/es\/wp-json\/wp\/v2\/categories?post=124807"},{"taxonomy":"post_tag","embeddable":true,"href":"https:\/\/vincentians.com\/es\/wp-json\/wp\/v2\/tags?post=124807"}],"curies":[{"name":"wp","href":"https:\/\/api.w.org\/{rel}","templated":true}]}}