{"id":124805,"date":"2023-12-15T08:19:24","date_gmt":"2023-12-15T07:19:24","guid":{"rendered":"http:\/\/somos.vicencianos.org\/?p=124805"},"modified":"2023-08-02T19:21:42","modified_gmt":"2023-08-02T17:21:42","slug":"imposible-soportar-el-peso-de-la-riqueza-y-el-de-la-virtud-v-ii-396-ii","status":"publish","type":"post","link":"https:\/\/vincentians.com\/es\/imposible-soportar-el-peso-de-la-riqueza-y-el-de-la-virtud-v-ii-396-ii\/","title":{"rendered":"Imposible soportar el peso de la riqueza y el de la virtud (V, II, 396) (II)"},"content":{"rendered":"<h2>Pobreza e Institutos de Vida Consagrada<\/h2>\n<p style=\"text-align: right\"><i>Anda, vende lo que tienes y d\u00e1selo a los pobres y Dios ser\u00e1 tu riqueza y <\/i><i>luego ven y s\u00edgueme<\/i> (Lc 18, 22).<\/p>\n<p>22.- En el Evangelio, existe una invitaci\u00f3n a un mayor radicalismo en la pobreza, a causa del reino de los cielos. Los textos evang\u00e9licos de Mt 19, 16-29; Mc 10, 17-30 y Luc 18, 18-30 lo demuestran. A esta invitaci\u00f3n, han respondido muchos cristianos y de modo y maneras muy distintas. San Pablo vio a Cristo pobre desde las exigencias del apostolado. Los fundadores de Institutos de Vida Consagrada la vieron, unos desde la necesidad de la comunidad de bienes, otros desde el despojo total de Jes\u00fas, otros desde la solidaridad con los pobres. Todos han abierto caminos propios para reproducir de alguna manera a Jes\u00fas pobre.<\/p>\n<p>23.- No obstante la diversidad de formas en la concepci\u00f3n de la pobreza evang\u00e9lica, hay elementos comunes como son la concordia entre el elemento inte\u00adrior, es decir, la pobreza afectiva, la del coraz\u00f3n y la efectiva, que se manifiesta por normas de vida. Muy sucintamente y simplificando mucho la gran variedad de formas de pobreza, se distinguen tres grandes grupos:<\/p>\n<p style=\"padding-left: 30px\"><i>a) <\/i>La pobreza <i>monacal. <\/i>El monje, personalmente, no tiene nada, pero el monasterio tiene todo. Lo que caracteriza a esta pobreza monacal es que permite al monje no preocuparse de las cosas materiales para dedi\u00adcarse plenamente a la contemplaci\u00f3n y que se d\u00e9 una estricta igualdad entre los miembros de la comunidad.<\/p>\n<p style=\"padding-left: 30px\">b) La pobreza <i>mendicante. <\/i>Ni las personas ni la comunidad poseen bienes. Deb\u00edan vivir de lo que les daban, por eso, se llamaban mendicantes. Los mendicantes buscan en la pr\u00e1ctica de la pobreza gran libertad ante los bienes temporales para dedicarse al apostolado y ofrecer un testimonio de pobreza y una gran confianza en la divina providencia.<\/p>\n<p style=\"padding-left: 30px\">c) La pobreza <i>apost\u00f3lica. <\/i>Es el apostolado el que determina el grado y el modo de pobreza. Hay comunidades en las que las personas no tienen nada, pero la comunidad les surte de todo lo que necesiten para dedicarse al apostolado. En otras comunidades apost\u00f3licas, los miembros pueden poseer algunos bienes, pero todos los bienes, los propios y los comunita\u00adrios, est\u00e1n orientados al servicio de las personas y del apostolado.<\/p>\n<p>24.- En todas las formas, hay sus aspectos positivos y negativos. San Vicen\u00adte conoc\u00eda muy bien la pr\u00e1ctica de la pobreza en las comunidades, entonces exis\u00adtentes. Opt\u00f3 por una forma m\u00e1s parecida a la pobreza apost\u00f3lica, si descuidar otros aspectos, como el de la libertad para darse plenamente al reino de Dios, que el misionero no est\u00e9 excesivamente preocupado por los bienes materiales y que el testimonio evang\u00e9lico de pobreza sea personal y comunitario. En san Vicente, los bienes materiales est\u00e1n en funci\u00f3n de la misi\u00f3n.<\/p>\n<h2>El Cristo pobre contemplado por san Vicente<\/h2>\n<p>25.- En las Reglas a los misioneros, san Vicente present\u00f3 un Jes\u00fas totalmen\u00adte pobre, al Jes\u00fas que no tuvo donde reclinar su cabeza, siendo due\u00f1o de todo: <i>Aunque verdadero due\u00f1o de todos los bienes, Cristo adopt\u00f3 una vida tan pobre que no tuvo donde reclinar su cabeza. <\/i>San Vicente complet\u00f3 el ejemplo de Cris\u00adto, a\u00f1adiendo otro aspecto muy importante para los misioneros: <i>quiso que sus <\/i><i>ap\u00f3stoles o disc\u00edpulos, que trabajaban con \u00e9l en su misi\u00f3n, vivieran en el mismo <\/i><i>estilo de pol2_r_ea, de modo que no tuvieran ninguna propiedad personal. <\/i>La fina\u00adlidad de seguir a este Cristo pobre y de aceptar como los disc\u00edpulos su deseo de vivir con \u00e9l no es otra que la de ser y estar libres para combatir con soltura, lo que es la ruina de casi todo el mundo: el \u00e1vido deseo de las riquezas (cf. RC III, 1).<\/p>\n<p>26.- En la correspondencia y en las conferencias, no desarroll\u00f3 el elemento cristol\u00f3gico; m\u00e1s bien mostr\u00f3 admiraci\u00f3n de la pobreza de Cristo, a veces l\u00edrica, para pasar inmediatamente a la pr\u00e1ctica de la pobreza. Con ocasi\u00f3n de la p\u00e9rdida de un proceso, despu\u00e9s de dar un \u00a1viva! a la justicia: <i>\u00a1Viva la justicia! <\/i>present\u00f3 el ejemplo de Cristo despojado, y anim\u00f3 a todos a vivir m\u00e1s unidos a Cristo, confiando en la providencia, que no les faltar\u00e1 en lo necesario (cf. VIII, 140).<\/p>\n<p>27.- San Vicente mencion\u00f3 con frecuencia la ense\u00f1anza de Jes\u00fas sobre la pobreza. Jes\u00fas fue el primer maestro de la pobreza: <i>\u00a1Oh, si <\/i>(Dios) <i>retirase por su <\/i><i>gracia todos los velos que el mundo y nuestro amor propio nos ponen ante los ojos! Entonces, padres, quedar\u00edamos embobados ante los encantos de esta virtud, que rob\u00f3 el coraz\u00f3n y los afectos del Hijo de Dios; \u00e9sta ha sido la virtud del Hijo&#8230; fue el primero en ense\u00f1arla, quiso ser el maestro de la pobreza&#8230; Dios no quiso ense\u00ad\u00f1\u00e1rnosla por los profetas; se la reserv\u00f3 para venir \u00e9l mismo a ense\u00f1arla <\/i>(XI, 155).<\/p>\n<p>28.- Puso de relieve tres aspectos de la ense\u00f1anza de Jes\u00fas sobre la pobreza:<\/p>\n<p style=\"padding-left: 30px\">a) La pobreza fue la primera virtud que practic\u00f3 al venir al mundo y la pri\u00admera que ense\u00f1\u00f3, y por ser <i>lo primero que brota de los labios es lo que m\u00e1s llena el coraz\u00f3n <\/i>(XI, 657).<\/p>\n<p style=\"padding-left: 30px\">b) El segundo aspecto que san Vicente recalc\u00f3 en las ense\u00f1anzas de Jes\u00fas fue que nadie puede ser disc\u00edpulo de Cristo si no renuncia a todo lo que tiene (cf. XI, 657-659).<\/p>\n<p style=\"padding-left: 30px\">c) El tercero fue la promesa por parte de Dios que no abandonar\u00e1 a los que dejan casas, hermanos, padre o madres.<\/p>\n<p>29.- No estuvo condicionado san Vicente por un sistema teol\u00f3gico. Contem\u00adpl\u00f3 a Jes\u00fas en todos los estados de pobreza que vivi\u00f3 y, seg\u00fan las circunstancias, acud\u00eda en su exhortaci\u00f3n al ejemplo y a las palabras de Jes\u00fas, que m\u00e1s ilumina\u00adban la cuesti\u00f3n y mejor pod\u00edan edificar a los oyentes.<\/p>\n<h2>Lo que san Vicente entendi\u00f3 por pobreza<\/h2>\n<p style=\"text-align: right\"><i>Os conjuro, por la pobreza del Hijo de Dios, por las entra\u00f1as misericor\u00ad<\/i><i>diosas de Jesucristo, por todo lo que os he querido, que no dej\u00e9is pasar ning\u00fan <\/i><i>d\u00eda sin hacer alg\u00fan acto de santa pobreza <\/i>(XI, 159-160).<\/p>\n<p>Para san Vicente, la pobreza ten\u00eda dos significados:<\/p>\n<p style=\"padding-left: 30px\">a) Cuando se refiere a los pobres, pobreza equivale a carencia de los bie\u00adnes que la persona necesita para vivir dignamente, y de los medios m\u00e1s indispensables que se requieren para mantener y desarrollar la vida espiritual: los pobres se mueren de hambre y se condenan. El pobre, para san Vicente, es aqu\u00e9l que socialmente es considerado pobre: el hombre, ni\u00f1o, mujer o anciano a quien todo el mundo llama pobre. Pobreza es, por tanto, la situaci\u00f3n en la que se encuentran aquellas per\u00adsonas que carecen de lo necesario para vivir dignamente, como hom\u00adbres y como cristianos. Si por una parte, la pobreza material referida a los pobres se entiende bastante bien, no es f\u00e1cil, en cambio, marcar con precisi\u00f3n los l\u00edmites de la pobreza espiritual.<\/p>\n<p style=\"padding-left: 30px\">b) Cuando habla a los misioneros, se refiere a la virtud de la pobreza y al voto de pobreza, es decir, c\u00f3mo los misioneros se deben comportar con los bienes temporales, personales o comunitarios, c\u00f3mo adquirirlos, usar\u00adlos, y administrarlos, teniendo presente a Cristo evangelizador de los pobres y la pobreza de los pobres y la exigencias de la misi\u00f3n.<\/p>\n<p>31.- San Vicente se pregunt\u00f3, en el curso de una conferencia, en qu\u00e9 con\u00adsist\u00eda la virtud de la pobreza y respondi\u00f3: <i>es una renuncia voluntaria a todos los <\/i><i>bienes de la tierra, por amor a Dios para servirlo mejor y cuidar de nuestra salvaci\u00f3n; es una renuncia, un desprendimiento, un abandono. <\/i>Distingui\u00f3 entre renun\u00adcia <i>exterior e interior. <\/i>Ambas son necesarias, pero sobre todo la interior, fuente y ra\u00edz de la exterior. Tanto es as\u00ed que <i>renunciar exteriormente a los bienes, conser\u00ad<\/i><i>vando el deseo de tenerlos, es no hacer nada, es burlarse y quedarse con lo mejor <\/i>(XI, 156; cf. 650-652).<\/p>\n<p>32.- Uno de los valores centrales de la virtud de la pobreza, para san Vicen\u00adte, es el desapego de las riquezas, en forma de renuncia, de desprendimiento y de abandono. Pero, no para quedarse ah\u00ed, en lo negativo, sino para amar m\u00e1s a Dios, servirlo mejor, adquirir la libertad ante el acoso de los bienes temporales, ser libres ante ellos y no sentir la amargura si se carece de ellos.<\/p>\n<p>Los elementos constitutivos de la pobreza de los misioneros son los siguientes:<\/p>\n<ol>\n<li>La Imitaci\u00f3n de la pobreza de Cristo evangelizador de los pobres.<\/li>\n<li>La comunidad de bienes, aun respetando el derecho a poseer y a admi\u00adnistrar algunos bienes personales<\/li>\n<li>El recto y moderado uso de los bienes, comunitarios o personales, es decir, un estilo sencillo de vida, determinado por la vida comunitaria y la misi\u00f3n.<\/li>\n<li>La buena administraci\u00f3n de los bienes para servir a los pobres. Los bienes de las comunidades vicencianas son patrimonio de los pobres.<\/li>\n<\/ol>\n<p>34.- Todos estos principios contienen o inspiran, como el mismo san Vicen\u00adte dijo, innumerables actos o expresiones de pobreza, que se determinan median\u00adte el discernimiento oportuno ante la abundante casu\u00edstica que se puede presen\u00adtar. La pobreza vicenciana es, por tanto, m\u00e1s funcional que testimonial. Puede ser radical, moderada y pluriforme, seg\u00fan lo exija la misi\u00f3n y el servicio a los pobres. Si queremos trazar, aunque s\u00f3lo sea a grandes rasgos, los l\u00edmites de la pobreza vicenciana, dir\u00edamos:<\/p>\n<p style=\"padding-left: 30px\">a) La pobreza personal tiene como l\u00edmite m\u00ednimo lo mandado y como hori\u00adzonte lo que el Esp\u00edritu pida al misionero, sin perder de vista su perte\u00adnencia a la comunidad y a las exigencias de la vocaci\u00f3n.<\/p>\n<p style=\"padding-left: 30px\">b) La pobreza comunitaria tiene como l\u00edmite m\u00ednimo lo mandado, cumplir lo establecido sobre la adquisici\u00f3n de los bienes, poner los bienes en com\u00fan, usarlos discrecionalmente, administrarlos conforme a la leyes, y como horizonte el que determinan las exigencias de una comunidad de personas dadas a Dios, a la evangelizaci\u00f3n y al servicio de los pobres.<\/p>\n<h2>Pobreza y misi\u00f3n vicencianas<\/h2>\n<p style=\"text-align: right\"><i>Nuestro trabajo en las misiones, pues debemos hacerlo gratis, no nos per<\/i><i>mite ciertamente practicar una pobreza total (RC lll<\/i>, <i>2)<\/i><\/p>\n<p>35.- San Vicente no fue un m\u00edstico de la pobreza, no se interes\u00f3 tanto por la pobreza, cuanto por los pobres o la pobreza de los pobres. Todo el inter\u00e9s que tuvo por la pobreza, virtud o voto, fue por la repercusi\u00f3n que la pr\u00e1ctica de la pobreza podr\u00eda tener directa o indirectamente en los misioneros, dados a Dios para evangelizar y servir a los pobres. La pobreza vicenciana se explica a la luz de la misi\u00f3n vicenciana.<\/p>\n<p>36.- Como sucede con frecuencia en san Vicente, lo primero que notamos es la diferencia entre lo que dijo y c\u00f3mo se comport\u00f3. El san Vicente que nos inte\u00adresa estudiar es el san Vicente fundador, el que ha dejado atr\u00e1s el sue\u00f1o de la <i>honesta retirada (I, 86) y <\/i>los largos a\u00f1os de lucha por ser rico, como un cl\u00e9rigo de su tiempo lo pod\u00eda ser, es decir, desde los puestos de influencia y desde la posesi\u00f3n de beneficios. Las aventuras de su juventud no tuvieron otro fin que con\u00adseguir afanosamente riquezas y beneficios para ser rico y mejorar econ\u00f3mica\u00admente a su familia.<\/p>\n<p>37.- Esta experiencia negativa hizo que san Vicente, una vez lanzado por el camino de la santidad, d\u00e1ndose a Dios para servir a los pobres, revisara su actitud. El mismo d\u00eda que firm\u00f3 el acta de asociaci\u00f3n de los misioneros don\u00f3 sus bienes a los parientes, y en la misma acta se estableci\u00f3 que los misioneros <i>renunciar\u00e1n a <\/i><i>todos sus cargos, beneficios y dignidades. <\/i>Sin embargo, san Vicente vio que era necesario poseer bienes para poder evangelizar y servir a los pobres. La fun\u00addaci\u00f3n de la Congregaci\u00f3n se hizo mediante un contrato econ\u00f3mico. Sin el dine\u00adro que este contrato aport\u00f3, no se hubiera reunido el primer grupo de misioneros (cf. X, 237).<\/p>\n<p>38.- San Vicente acept\u00f3 el priorato de san L\u00e1zaro, no obstante los reparos que surgieron desde la pobreza, porque, como escribi\u00f3 hacia 1631: <i>me gustar\u00eda <\/i><i>mejor que permaneci\u00e9semos siempre en nuestra pobreza que desviar los designios <\/i><i>de Dios sobre nosotros (1, <\/i>197). Desde la perspectiva, no ya de ser poderoso, de ser rico y de gozar de este mundo, sino desde la perspectiva de imitar a Cristo y de servir a los pobres, acept\u00f3 la carroza, su \u00abignominia e infamia\u00bb, signo de rique\u00adza en el Par\u00eds de su tiempo; se sirvi\u00f3 de un caballo para viajar; us\u00f3 brasero en la habitaci\u00f3n, alfombra y de los buenos servicios de un hermano. No dud\u00f3 en tener a los ricos como amigos y de pedirles el dinero que necesitaba. Pleite\u00f3 para defender la granja de Orsigny y administr\u00f3 cantidad considerable de bienes.<\/p>\n<p>39.- En resumen: para san Vicente, los bienes materiales son medios supedita\u00addos al logro de fines superiores. En la conferencia a los misioneros, del 6 de agosto de 1655, les dijo: los bienes son llamados medios, pues no los queremos para tener\u00adlos a ellos, sino para obtener otra cosa (cf. XI, 141). La cuesti\u00f3n est\u00e1 en el fin que se pretende con los bienes. San Vicente se puso en esta perspectiva: <i>los que los buscan, <\/i><i>quieren pasar el tiempo, gozar, acomodarse, ascender. \u00a1Oh Salvador! \u00bfEs esto ser misionero? \u00bfEs \u00e9se el esp\u00edritu de la Misi\u00f3n? No, no, \u00e9l est\u00e1 fundado en la pobreza; el que tiene este esp\u00edritu, lo tiene todo, lo puede todo y nada teme; y Dios, que no aban\u00addona jam\u00e1s a quienes lo dejan todo por \u00e9l, aumenta las fuerzas cuando es preciso, y da nuevas fuerzas <\/i>(XI, 141). <i>Y \u00e9se es el esp\u00edritu de Dios: amar, como \u00e9l y los suyos, <\/i><i>la pobreza, a la que se opone el esp\u00edritu del mundo, ese esp\u00edritu de propiedad y de comodidad que busca la satisfacci\u00f3n propia, ese esp\u00edritu de apego a las cosas de la tierra, ese esp\u00edritu de anticristo, s\u00ed, de anticristo, no ya de ese anticristo que ha de venir un poco antes de nuestro Se\u00f1or, sino de ese esp\u00edritu de riquezas, opuesto a Dios, de esas m\u00e1ximas contrarias a las que ha ense\u00f1ado el Hijo de Dios <\/i>(XI, 140-141).<\/p>\n<p>40.- Los bienes materiales, en cuanto medios, no son ni buenos ni malos, depende de c\u00f3mo se consigan y de c\u00f3mo se usen. Sin embargo, las relaciones del hombre con la creaci\u00f3n quedaron perturbadas por el pecado, como antes dijimos. F\u00e1cilmente, ante los bienes terrenos, se suscitan las pasiones del poseer, de domi\u00adnar, de abusar de los bienes temporales, de convertirlos en objeto de adoraci\u00f3n. Estos peligros fueron denunciados por nuestro Se\u00f1or; <i>\u00a1Ay de vosotros los ricos&#8230;! <\/i>(Lc 6, 24). <i>No se puede servir a dos se\u00f1ores&#8230; <\/i>(Mt 6, 24). El afecto a la riqueza, dijo san Vicente, puede ser un manantial de situaciones espirituales, incompatibles con la vida del misionero (cf. XI, 149-150). Los bienes, en las comunidades vicencianas, se justifican por la necesidad de asegurar el sustento de sus miembros y por la gratuidad del servicio que se presta a los pobres. En una palabra, como antes dijimos, por las exigencias de la misi\u00f3n.<\/p>\n<h2>Las motivaciones<\/h2>\n<p style=\"text-align: right\"><i>Aunque era verdadero due\u00f1o de todos los bienes, Cristo adopt\u00f3 una vida <\/i><i>tan pobre que no tuvo donde reclinar su cabeza <\/i>(RC III, 1).<\/p>\n<p>41.- Las motivaciones que san Vicente expuso para amar y practicar la pobreza tienen distintas fuentes. Distingo tres de ellas: las cristol\u00f3gicas, las fun\u00adcionales y las morales.<\/p>\n<h3><i>Motivaciones cristol\u00f3gicas<\/i><\/h3>\n<p>42.- El motivo de la pobreza vicenciana, como el de toda pobreza cristia\u00adna, es el seguimiento y la imitaci\u00f3n de Cristo pobre. Como dijimos al exponer los rasgos de la pobreza de Jes\u00fas, Jes\u00fas expres\u00f3 su pobreza de una manera muy diversa, dijo muchas cosas sobre la pobreza y ante auditorios diversos, vivi\u00f3 momentos muy distintos, desde la sencillez de la vida de Nazaret hasta el despo\u00adjo de la Cruz. Jes\u00fas dijo que no ten\u00eda en donde reclinar su cabeza, pero sabemos que tuvo amigos que lo hospedaron en sus casas. Puso en guardia contra el peli\u00adgro de la riqueza, pero tuvo tambi\u00e9n su modesta bolsa. Avis\u00f3 a los ricos, pero no desde\u00f1\u00f3 la amistad con muchos de ellos, ni el ser ayudado por mujeres ricas, en algunos de sus viajes apost\u00f3licos.<\/p>\n<h3><i>Motivaciones funcionales o comunitarias<\/i><\/h3>\n<p>43.- De la historia de la Iglesia, aprendi\u00f3 san Vicente el mal que la riqueza hab\u00eda causado a la misma Iglesia, al estado clerical y a las comunidades religio\u00adsas (cf. XI, 665). Tuvo miedo de que despu\u00e9s de su muerte aparecieran misione\u00adros que sucumbieran a la tentaci\u00f3n de la riqueza: <i>Lo digo \u00abad preventionem\u00bb. <\/i><i>Mucho antes de que el mal llegase, les dec\u00eda el Hijo de Dios a sus disc\u00edpulos: <\/i><i>\u00abTened cuidado; ah\u00ed est\u00e1; lo veo venir; est\u00e1 ya a la puerta; permaneced vigilan\u00adtes\u00bb. Me gustar\u00eda deciros lo mismo, para que evitemos ese horrible monstruo, el <\/i><i>m\u00e1s espantoso que el infierno puede producir <\/i>(XI, 152).<\/p>\n<p>44.- La pobreza era para san Vicente:<\/p>\n<ol>\n<li>El \u00abnudo\u00bb de las comunidades; el \u00abfundamento\u00bb de la Congregaci\u00f3n de la Misi\u00f3n y de la Compa\u00f1\u00eda de las Hijas de la Caridad; la \u00abfortaleza inexpugnable\u00bb. San Vicente us\u00f3 otras expresiones: la pobreza \u00abapoyo\u00bb de las comunidades, \u00abmuro de sost\u00e9n\u00bb de todas las religiones, \u00abmuralla\u00bb que las defiende y conserva\u00bb. A un Superior le advirti\u00f3: <i>En nombre de <\/i><i>Dios, padre, tengamos m\u00e1s inter\u00e9s en extender el imperio de Jesucristo <\/i><i>que nuestras posesiones. Llevemos sus negocios, y \u00e9l llevar\u00e1 los nuestros. Honremos su pobreza, al menos con nuestra moderaci\u00f3n, si no lo hace\u00admos con una perfecta imitaci\u00f3n (III, <\/i>488-489)<\/li>\n<li>Sin la pobreza, no se puede perseverar en la vocaci\u00f3n. San Vicente insisti\u00f3 mucho en este aspecto. En la conferencia del 13 de agosto de 1655, cont\u00f3 el final triste de dos misioneros que, por haber faltado a la pobreza, abandonaron la Compa\u00f1\u00eda y terminaron sus vida de mala manera (cf. XI, 149-158).<\/li>\n<li>La Congregaci\u00f3n de la Misi\u00f3n ir\u00e1 antes a la ruina por las riquezas que por la pobreza, porque, como dijo a un misionero, <i>no somos bastante <\/i><i>virtuosos para poder soportar el peso de la abundancia y el de la virtud <\/i><i>apost\u00f3lica, y temo que nunca lo seremos, y que el primero arruinar\u00eda al <\/i><i>segundo <\/i>(II, 396). Puso el ejemplo del religioso reformado que le dijo: desde que quisimos independizarnos de la providencia, tener buenos edificios, estar asegurados de todo lo necesario para la vida, comenz\u00f3 el desastre de la casa (cf. II, 395-397). Abelly nos ha trasmitido este dicho de san Vicente: <i>La Compa\u00f1\u00eda no morir\u00e1 por la pobreza. El miedo que <\/i><i>yo tengo es que llegue a perderse, si le falta la pobrezas.<\/i><\/li>\n<\/ol>\n<h3><i>Las motivaciones morales<\/i><\/h3>\n<p>45.- La fidelidad a la palabra dada, el buen ejemplo, la coherencia, fueron razones que san Vicente esgrimi\u00f3 con fuerza, cuando se dirigi\u00f3 a los misioneros. Insisti\u00f3 en la honradez del hombre, en la fidelidad a la palabra dada a otro hom\u00adbre. <i>Un hombre que no tiene palabra no es hombre: s\u00f3lo tiene las apariencias, sino <\/i><i>que es un animal, una animal feroz, que merece ser echado de la sociedad humana. <\/i>En la misma conferencia, encontramos estas otras expresiones no menos fuertes: <i>\u00bfQu\u00e9 es un hombre sin palabra? Es el peor, s\u00ed, el peor, el m\u00e1s detestable de los <\/i><i>hombres&#8230; resulta odioso a Dios <\/i>y a <i>los hombres (XI, <\/i>146-149). Si la infidelidad a la palabra dada al hombre supone la gran deshonra \u00e1qu\u00e9 no supondr\u00e1 la infideli\u00addad de la palabra dada a Dios? San Vicente dio rienda suelta a su oratoria: <i>Si es <\/i><i>insoportable ser llamado embustero por un hombre del mundo, \u00bfqu\u00e9 ser\u00e1 cuando todos los hombres, todos los \u00e1ngeles, todas las criaturas, reprochen nuestra perfi\u00ad<\/i><i>dia? \u00bfQu\u00e9 ser\u00e1 cuando Dios mismo nos diga: \u00ab\u00a1M\u00edrate, m\u00edrate, mentiroso, villano, <\/i><i>cobarde, desvergonzado, que has venido a mi casa, junto a mi altar, a darme tu <\/i><i>palabra, para faltar luego a ella! Eres un p\u00e9rfido que me has hecho voto, que ante mi altar me has hecho una promesa para enga\u00f1arme, traidor, que te has alistado <\/i><i>bajo mis banderas para abandonarlas seguir el partido de mi enemigo y servir <\/i><i>al diablo. \u00a1Eres un traidor, traidor, traidor!\u00bb <\/i>(XI, 148).<\/p>\n","protected":false},"excerpt":{"rendered":"<p>Pobreza e Institutos de Vida Consagrada Anda, vende lo que tienes y d\u00e1selo a los pobres y Dios ser\u00e1 tu riqueza y luego ven y s\u00edgueme (Lc 18, 22). 22.- En el Evangelio, existe una &#8230; <a href=\"https:\/\/vincentians.com\/es\/imposible-soportar-el-peso-de-la-riqueza-y-el-de-la-virtud-v-ii-396-ii\/\" class=\"more-link\">Read More<\/a><\/p>\n","protected":false},"author":4,"featured_media":404122,"comment_status":"open","ping_status":"open","sticky":false,"template":"","format":"standard","meta":{"jetpack_post_was_ever_published":false,"_jetpack_newsletter_access":"","_jetpack_dont_email_post_to_subs":false,"_jetpack_newsletter_tier_id":0,"_jetpack_memberships_contains_paywalled_content":false,"_jetpack_memberships_contains_paid_content":false,"footnotes":"","jetpack_publicize_message":"","jetpack_publicize_feature_enabled":true,"jetpack_social_post_already_shared":true,"jetpack_social_options":{"image_generator_settings":{"template":"highway","default_image_id":0,"font":"","enabled":false},"version":2}},"categories":[28],"tags":[218,172,143],"class_list":["post-124805","post","type-post","status-publish","format-standard","has-post-thumbnail","hentry","category-formacion-vicenciana","tag-abelly","tag-pobreza","tag-san-lazaro"],"yoast_head":"<!-- This site is optimized with the Yoast SEO plugin v26.3 - https:\/\/yoast.com\/wordpress\/plugins\/seo\/ -->\n<title>Imposible soportar el peso de la riqueza y el de la virtud (V, II, 396) (II) - Somos Vicencianos<\/title>\n<meta name=\"robots\" content=\"index, follow, max-snippet:-1, max-image-preview:large, max-video-preview:-1\" \/>\n<link rel=\"canonical\" href=\"http:\/\/vincentians.com\/es\/imposible-soportar-el-peso-de-la-riqueza-y-el-de-la-virtud-v-ii-396-ii\/\" \/>\n<meta property=\"og:locale\" content=\"es_ES\" \/>\n<meta property=\"og:type\" content=\"article\" \/>\n<meta property=\"og:title\" content=\"Imposible soportar el peso de la riqueza y el de la virtud (V, II, 396) (II) - Somos Vicencianos\" \/>\n<meta property=\"og:description\" content=\"Pobreza e Institutos de Vida Consagrada Anda, vende lo que tienes y d\u00e1selo a los pobres y Dios ser\u00e1 tu riqueza y luego ven y s\u00edgueme (Lc 18, 22). 22.- En el Evangelio, existe una ... Read More\" \/>\n<meta property=\"og:url\" content=\"http:\/\/vincentians.com\/es\/imposible-soportar-el-peso-de-la-riqueza-y-el-de-la-virtud-v-ii-396-ii\/\" \/>\n<meta property=\"og:site_name\" content=\"Somos Vicencianos\" \/>\n<meta property=\"article:publisher\" content=\"https:\/\/www.facebook.com\/WeAreVincentians\/\" \/>\n<meta property=\"article:author\" content=\"https:\/\/www.facebook.com\/JavierChento\" \/>\n<meta property=\"article:published_time\" content=\"2023-12-15T07:19:24+00:00\" \/>\n<meta property=\"og:image\" content=\"https:\/\/i0.wp.com\/vincentians.com\/es\/wp-content\/uploads\/sites\/11\/2013\/04\/formacion_permanente-1.jpg?fit=303%2C303\" \/>\n\t<meta property=\"og:image:width\" content=\"303\" \/>\n\t<meta property=\"og:image:height\" content=\"303\" \/>\n\t<meta property=\"og:image:type\" content=\"image\/jpeg\" \/>\n<meta name=\"author\" content=\"Francisco Javier Fern\u00e1ndez Chento\" \/>\n<meta name=\"twitter:card\" content=\"summary_large_image\" \/>\n<meta name=\"twitter:creator\" content=\"@https:\/\/twitter.com\/javierchento\" \/>\n<meta name=\"twitter:site\" content=\"@WeVincentians\" \/>\n<meta name=\"twitter:label1\" content=\"Escrito por\" \/>\n\t<meta name=\"twitter:data1\" content=\"Francisco Javier Fern\u00e1ndez Chento\" \/>\n\t<meta name=\"twitter:label2\" content=\"Tiempo de lectura\" \/>\n\t<meta name=\"twitter:data2\" content=\"16 minutos\" \/>\n<script type=\"application\/ld+json\" class=\"yoast-schema-graph\">{\"@context\":\"https:\/\/schema.org\",\"@graph\":[{\"@type\":\"Article\",\"@id\":\"http:\/\/vincentians.com\/es\/imposible-soportar-el-peso-de-la-riqueza-y-el-de-la-virtud-v-ii-396-ii\/#article\",\"isPartOf\":{\"@id\":\"http:\/\/vincentians.com\/es\/imposible-soportar-el-peso-de-la-riqueza-y-el-de-la-virtud-v-ii-396-ii\/\"},\"author\":{\"name\":\"Francisco Javier Fern\u00e1ndez Chento\",\"@id\":\"https:\/\/vincentians.com\/es\/#\/schema\/person\/9623ef4d9aa3b2dfb8c061f1499288f2\"},\"headline\":\"Imposible soportar el peso de la riqueza y el de la virtud (V, II, 396) (II)\",\"datePublished\":\"2023-12-15T07:19:24+00:00\",\"mainEntityOfPage\":{\"@id\":\"http:\/\/vincentians.com\/es\/imposible-soportar-el-peso-de-la-riqueza-y-el-de-la-virtud-v-ii-396-ii\/\"},\"wordCount\":3513,\"commentCount\":0,\"publisher\":{\"@id\":\"https:\/\/vincentians.com\/es\/#organization\"},\"image\":{\"@id\":\"http:\/\/vincentians.com\/es\/imposible-soportar-el-peso-de-la-riqueza-y-el-de-la-virtud-v-ii-396-ii\/#primaryimage\"},\"thumbnailUrl\":\"https:\/\/i0.wp.com\/vincentians.com\/es\/wp-content\/uploads\/sites\/11\/2013\/04\/formacion_permanente-1.jpg?fit=303%2C303&ssl=1\",\"keywords\":[\"Abelly\",\"Pobreza\",\"San L\u00e1zaro\"],\"articleSection\":[\"Formaci\u00f3n Vicenciana\"],\"inLanguage\":\"es\",\"potentialAction\":[{\"@type\":\"CommentAction\",\"name\":\"Comment\",\"target\":[\"http:\/\/vincentians.com\/es\/imposible-soportar-el-peso-de-la-riqueza-y-el-de-la-virtud-v-ii-396-ii\/#respond\"]}]},{\"@type\":\"WebPage\",\"@id\":\"http:\/\/vincentians.com\/es\/imposible-soportar-el-peso-de-la-riqueza-y-el-de-la-virtud-v-ii-396-ii\/\",\"url\":\"http:\/\/vincentians.com\/es\/imposible-soportar-el-peso-de-la-riqueza-y-el-de-la-virtud-v-ii-396-ii\/\",\"name\":\"Imposible soportar el peso de la riqueza y el de la virtud (V, II, 396) (II) - Somos Vicencianos\",\"isPartOf\":{\"@id\":\"https:\/\/vincentians.com\/es\/#website\"},\"primaryImageOfPage\":{\"@id\":\"http:\/\/vincentians.com\/es\/imposible-soportar-el-peso-de-la-riqueza-y-el-de-la-virtud-v-ii-396-ii\/#primaryimage\"},\"image\":{\"@id\":\"http:\/\/vincentians.com\/es\/imposible-soportar-el-peso-de-la-riqueza-y-el-de-la-virtud-v-ii-396-ii\/#primaryimage\"},\"thumbnailUrl\":\"https:\/\/i0.wp.com\/vincentians.com\/es\/wp-content\/uploads\/sites\/11\/2013\/04\/formacion_permanente-1.jpg?fit=303%2C303&ssl=1\",\"datePublished\":\"2023-12-15T07:19:24+00:00\",\"breadcrumb\":{\"@id\":\"http:\/\/vincentians.com\/es\/imposible-soportar-el-peso-de-la-riqueza-y-el-de-la-virtud-v-ii-396-ii\/#breadcrumb\"},\"inLanguage\":\"es\",\"potentialAction\":[{\"@type\":\"ReadAction\",\"target\":[\"http:\/\/vincentians.com\/es\/imposible-soportar-el-peso-de-la-riqueza-y-el-de-la-virtud-v-ii-396-ii\/\"]}]},{\"@type\":\"ImageObject\",\"inLanguage\":\"es\",\"@id\":\"http:\/\/vincentians.com\/es\/imposible-soportar-el-peso-de-la-riqueza-y-el-de-la-virtud-v-ii-396-ii\/#primaryimage\",\"url\":\"https:\/\/i0.wp.com\/vincentians.com\/es\/wp-content\/uploads\/sites\/11\/2013\/04\/formacion_permanente-1.jpg?fit=303%2C303&ssl=1\",\"contentUrl\":\"https:\/\/i0.wp.com\/vincentians.com\/es\/wp-content\/uploads\/sites\/11\/2013\/04\/formacion_permanente-1.jpg?fit=303%2C303&ssl=1\",\"width\":303,\"height\":303},{\"@type\":\"BreadcrumbList\",\"@id\":\"http:\/\/vincentians.com\/es\/imposible-soportar-el-peso-de-la-riqueza-y-el-de-la-virtud-v-ii-396-ii\/#breadcrumb\",\"itemListElement\":[{\"@type\":\"ListItem\",\"position\":1,\"name\":\"Portada\",\"item\":\"https:\/\/vincentians.com\/es\/\"},{\"@type\":\"ListItem\",\"position\":2,\"name\":\"Imposible soportar el peso de la riqueza y el de la virtud (V, II, 396) (II)\"}]},{\"@type\":\"WebSite\",\"@id\":\"https:\/\/vincentians.com\/es\/#website\",\"url\":\"https:\/\/vincentians.com\/es\/\",\"name\":\"Somos Vicencianos\",\"description\":\"Know more to serve more\",\"publisher\":{\"@id\":\"https:\/\/vincentians.com\/es\/#organization\"},\"potentialAction\":[{\"@type\":\"SearchAction\",\"target\":{\"@type\":\"EntryPoint\",\"urlTemplate\":\"https:\/\/vincentians.com\/es\/?s={search_term_string}\"},\"query-input\":{\"@type\":\"PropertyValueSpecification\",\"valueRequired\":true,\"valueName\":\"search_term_string\"}}],\"inLanguage\":\"es\"},{\"@type\":\"Organization\",\"@id\":\"https:\/\/vincentians.com\/es\/#organization\",\"name\":\"The Vincentian Network\",\"url\":\"https:\/\/vincentians.com\/es\/\",\"logo\":{\"@type\":\"ImageObject\",\"inLanguage\":\"es\",\"@id\":\"https:\/\/vincentians.com\/es\/#\/schema\/logo\/image\/\",\"url\":\"https:\/\/i1.wp.com\/vincentians.com\/es\/wp-content\/uploads\/sites\/11\/2016\/06\/Vincentian-Network-logo-big.png?fit=778%2C778\",\"contentUrl\":\"https:\/\/i1.wp.com\/vincentians.com\/es\/wp-content\/uploads\/sites\/11\/2016\/06\/Vincentian-Network-logo-big.png?fit=778%2C778\",\"width\":778,\"height\":778,\"caption\":\"The Vincentian Network\"},\"image\":{\"@id\":\"https:\/\/vincentians.com\/es\/#\/schema\/logo\/image\/\"},\"sameAs\":[\"https:\/\/www.facebook.com\/WeAreVincentians\/\",\"https:\/\/x.com\/WeVincentians\"]},{\"@type\":\"Person\",\"@id\":\"https:\/\/vincentians.com\/es\/#\/schema\/person\/9623ef4d9aa3b2dfb8c061f1499288f2\",\"name\":\"Francisco Javier Fern\u00e1ndez Chento\",\"image\":{\"@type\":\"ImageObject\",\"inLanguage\":\"es\",\"@id\":\"https:\/\/vincentians.com\/es\/#\/schema\/person\/image\/\",\"url\":\"https:\/\/secure.gravatar.com\/avatar\/497d5cde87b4c3d097d0315953521681ba2cd523ee66e5077c3711f7021e65de?s=96&d=mm&r=g\",\"contentUrl\":\"https:\/\/secure.gravatar.com\/avatar\/497d5cde87b4c3d097d0315953521681ba2cd523ee66e5077c3711f7021e65de?s=96&d=mm&r=g\",\"caption\":\"Francisco Javier Fern\u00e1ndez Chento\"},\"description\":\"Director General y cofundador de La Red de Formaci\u00f3n Vicenciana. Javier es laico vicenciano, afiliado a la Congregaci\u00f3n de la Misi\u00f3n y miembro del Equipo de Misiones Populares de la provincia can\u00f3nica de Zaragoza (Espa\u00f1a) de la Congregaci\u00f3n de la Misi\u00f3n. Graduado en la Universidad Oberta de Catalunya con cuatro grados (Asistente de direcci\u00f3n, Gesti\u00f3n Administrativa, Recursos Humanos y Contabilidad Avanzada). Bil\u00edng\u00fce Espa\u00f1ol\/Ingl\u00e9s. gestiona y mantiene varias p\u00e1ginas web cristianas y vicencianas, incluida including La Red de Formaci\u00f3n Vicenciana, de la que es cofundador. Actualmente es responsable del \u00e1rea de Espa\u00f1ol de .famvin, la Red de Noticias de la Familia Vicenciana. Tambi\u00e9n es m\u00fasico cat\u00f3lico y ha editado varios discos. Es Director General y cofundador de Trovador, una reconocida compa\u00f1\u00eda discogr\u00e1fica critiana de Espa\u00f1a. Trabaja en las Tecnolog\u00edas de la Informaci\u00f3n, ofreciendo servicios de alojamiento, dise\u00f1o y mantenimiento Web, as\u00ed como asesoramiento, formaci\u00f3n y soluciones inform\u00e1ticas, gesti\u00f3n documental y digitalizaci\u00f3n de textos, edici\u00f3n y maquetaci\u00f3n de libros, revistas, flyers, etc.\",\"sameAs\":[\"http:\/\/chento.org\",\"https:\/\/www.facebook.com\/JavierChento\",\"https:\/\/x.com\/https:\/\/twitter.com\/javierchento\"],\"url\":\"https:\/\/vincentians.com\/es\/author\/chento\/\"}]}<\/script>\n<!-- \/ Yoast SEO plugin. -->","yoast_head_json":{"title":"Imposible soportar el peso de la riqueza y el de la virtud (V, II, 396) (II) - Somos Vicencianos","robots":{"index":"index","follow":"follow","max-snippet":"max-snippet:-1","max-image-preview":"max-image-preview:large","max-video-preview":"max-video-preview:-1"},"canonical":"http:\/\/vincentians.com\/es\/imposible-soportar-el-peso-de-la-riqueza-y-el-de-la-virtud-v-ii-396-ii\/","og_locale":"es_ES","og_type":"article","og_title":"Imposible soportar el peso de la riqueza y el de la virtud (V, II, 396) (II) - Somos Vicencianos","og_description":"Pobreza e Institutos de Vida Consagrada Anda, vende lo que tienes y d\u00e1selo a los pobres y Dios ser\u00e1 tu riqueza y luego ven y s\u00edgueme (Lc 18, 22). 22.- En el Evangelio, existe una ... Read More","og_url":"http:\/\/vincentians.com\/es\/imposible-soportar-el-peso-de-la-riqueza-y-el-de-la-virtud-v-ii-396-ii\/","og_site_name":"Somos Vicencianos","article_publisher":"https:\/\/www.facebook.com\/WeAreVincentians\/","article_author":"https:\/\/www.facebook.com\/JavierChento","article_published_time":"2023-12-15T07:19:24+00:00","og_image":[{"width":303,"height":303,"url":"https:\/\/i0.wp.com\/vincentians.com\/es\/wp-content\/uploads\/sites\/11\/2013\/04\/formacion_permanente-1.jpg?fit=303%2C303","type":"image\/jpeg"}],"author":"Francisco Javier Fern\u00e1ndez Chento","twitter_card":"summary_large_image","twitter_creator":"@https:\/\/twitter.com\/javierchento","twitter_site":"@WeVincentians","twitter_misc":{"Escrito por":"Francisco Javier Fern\u00e1ndez Chento","Tiempo de lectura":"16 minutos"},"schema":{"@context":"https:\/\/schema.org","@graph":[{"@type":"Article","@id":"http:\/\/vincentians.com\/es\/imposible-soportar-el-peso-de-la-riqueza-y-el-de-la-virtud-v-ii-396-ii\/#article","isPartOf":{"@id":"http:\/\/vincentians.com\/es\/imposible-soportar-el-peso-de-la-riqueza-y-el-de-la-virtud-v-ii-396-ii\/"},"author":{"name":"Francisco Javier Fern\u00e1ndez Chento","@id":"https:\/\/vincentians.com\/es\/#\/schema\/person\/9623ef4d9aa3b2dfb8c061f1499288f2"},"headline":"Imposible soportar el peso de la riqueza y el de la virtud (V, II, 396) (II)","datePublished":"2023-12-15T07:19:24+00:00","mainEntityOfPage":{"@id":"http:\/\/vincentians.com\/es\/imposible-soportar-el-peso-de-la-riqueza-y-el-de-la-virtud-v-ii-396-ii\/"},"wordCount":3513,"commentCount":0,"publisher":{"@id":"https:\/\/vincentians.com\/es\/#organization"},"image":{"@id":"http:\/\/vincentians.com\/es\/imposible-soportar-el-peso-de-la-riqueza-y-el-de-la-virtud-v-ii-396-ii\/#primaryimage"},"thumbnailUrl":"https:\/\/i0.wp.com\/vincentians.com\/es\/wp-content\/uploads\/sites\/11\/2013\/04\/formacion_permanente-1.jpg?fit=303%2C303&ssl=1","keywords":["Abelly","Pobreza","San L\u00e1zaro"],"articleSection":["Formaci\u00f3n Vicenciana"],"inLanguage":"es","potentialAction":[{"@type":"CommentAction","name":"Comment","target":["http:\/\/vincentians.com\/es\/imposible-soportar-el-peso-de-la-riqueza-y-el-de-la-virtud-v-ii-396-ii\/#respond"]}]},{"@type":"WebPage","@id":"http:\/\/vincentians.com\/es\/imposible-soportar-el-peso-de-la-riqueza-y-el-de-la-virtud-v-ii-396-ii\/","url":"http:\/\/vincentians.com\/es\/imposible-soportar-el-peso-de-la-riqueza-y-el-de-la-virtud-v-ii-396-ii\/","name":"Imposible soportar el peso de la riqueza y el de la virtud (V, II, 396) (II) - Somos Vicencianos","isPartOf":{"@id":"https:\/\/vincentians.com\/es\/#website"},"primaryImageOfPage":{"@id":"http:\/\/vincentians.com\/es\/imposible-soportar-el-peso-de-la-riqueza-y-el-de-la-virtud-v-ii-396-ii\/#primaryimage"},"image":{"@id":"http:\/\/vincentians.com\/es\/imposible-soportar-el-peso-de-la-riqueza-y-el-de-la-virtud-v-ii-396-ii\/#primaryimage"},"thumbnailUrl":"https:\/\/i0.wp.com\/vincentians.com\/es\/wp-content\/uploads\/sites\/11\/2013\/04\/formacion_permanente-1.jpg?fit=303%2C303&ssl=1","datePublished":"2023-12-15T07:19:24+00:00","breadcrumb":{"@id":"http:\/\/vincentians.com\/es\/imposible-soportar-el-peso-de-la-riqueza-y-el-de-la-virtud-v-ii-396-ii\/#breadcrumb"},"inLanguage":"es","potentialAction":[{"@type":"ReadAction","target":["http:\/\/vincentians.com\/es\/imposible-soportar-el-peso-de-la-riqueza-y-el-de-la-virtud-v-ii-396-ii\/"]}]},{"@type":"ImageObject","inLanguage":"es","@id":"http:\/\/vincentians.com\/es\/imposible-soportar-el-peso-de-la-riqueza-y-el-de-la-virtud-v-ii-396-ii\/#primaryimage","url":"https:\/\/i0.wp.com\/vincentians.com\/es\/wp-content\/uploads\/sites\/11\/2013\/04\/formacion_permanente-1.jpg?fit=303%2C303&ssl=1","contentUrl":"https:\/\/i0.wp.com\/vincentians.com\/es\/wp-content\/uploads\/sites\/11\/2013\/04\/formacion_permanente-1.jpg?fit=303%2C303&ssl=1","width":303,"height":303},{"@type":"BreadcrumbList","@id":"http:\/\/vincentians.com\/es\/imposible-soportar-el-peso-de-la-riqueza-y-el-de-la-virtud-v-ii-396-ii\/#breadcrumb","itemListElement":[{"@type":"ListItem","position":1,"name":"Portada","item":"https:\/\/vincentians.com\/es\/"},{"@type":"ListItem","position":2,"name":"Imposible soportar el peso de la riqueza y el de la virtud (V, II, 396) (II)"}]},{"@type":"WebSite","@id":"https:\/\/vincentians.com\/es\/#website","url":"https:\/\/vincentians.com\/es\/","name":"Somos Vicencianos","description":"Know more to serve more","publisher":{"@id":"https:\/\/vincentians.com\/es\/#organization"},"potentialAction":[{"@type":"SearchAction","target":{"@type":"EntryPoint","urlTemplate":"https:\/\/vincentians.com\/es\/?s={search_term_string}"},"query-input":{"@type":"PropertyValueSpecification","valueRequired":true,"valueName":"search_term_string"}}],"inLanguage":"es"},{"@type":"Organization","@id":"https:\/\/vincentians.com\/es\/#organization","name":"The Vincentian Network","url":"https:\/\/vincentians.com\/es\/","logo":{"@type":"ImageObject","inLanguage":"es","@id":"https:\/\/vincentians.com\/es\/#\/schema\/logo\/image\/","url":"https:\/\/i1.wp.com\/vincentians.com\/es\/wp-content\/uploads\/sites\/11\/2016\/06\/Vincentian-Network-logo-big.png?fit=778%2C778","contentUrl":"https:\/\/i1.wp.com\/vincentians.com\/es\/wp-content\/uploads\/sites\/11\/2016\/06\/Vincentian-Network-logo-big.png?fit=778%2C778","width":778,"height":778,"caption":"The Vincentian Network"},"image":{"@id":"https:\/\/vincentians.com\/es\/#\/schema\/logo\/image\/"},"sameAs":["https:\/\/www.facebook.com\/WeAreVincentians\/","https:\/\/x.com\/WeVincentians"]},{"@type":"Person","@id":"https:\/\/vincentians.com\/es\/#\/schema\/person\/9623ef4d9aa3b2dfb8c061f1499288f2","name":"Francisco Javier Fern\u00e1ndez Chento","image":{"@type":"ImageObject","inLanguage":"es","@id":"https:\/\/vincentians.com\/es\/#\/schema\/person\/image\/","url":"https:\/\/secure.gravatar.com\/avatar\/497d5cde87b4c3d097d0315953521681ba2cd523ee66e5077c3711f7021e65de?s=96&d=mm&r=g","contentUrl":"https:\/\/secure.gravatar.com\/avatar\/497d5cde87b4c3d097d0315953521681ba2cd523ee66e5077c3711f7021e65de?s=96&d=mm&r=g","caption":"Francisco Javier Fern\u00e1ndez Chento"},"description":"Director General y cofundador de La Red de Formaci\u00f3n Vicenciana. Javier es laico vicenciano, afiliado a la Congregaci\u00f3n de la Misi\u00f3n y miembro del Equipo de Misiones Populares de la provincia can\u00f3nica de Zaragoza (Espa\u00f1a) de la Congregaci\u00f3n de la Misi\u00f3n. Graduado en la Universidad Oberta de Catalunya con cuatro grados (Asistente de direcci\u00f3n, Gesti\u00f3n Administrativa, Recursos Humanos y Contabilidad Avanzada). Bil\u00edng\u00fce Espa\u00f1ol\/Ingl\u00e9s. gestiona y mantiene varias p\u00e1ginas web cristianas y vicencianas, incluida including La Red de Formaci\u00f3n Vicenciana, de la que es cofundador. Actualmente es responsable del \u00e1rea de Espa\u00f1ol de .famvin, la Red de Noticias de la Familia Vicenciana. Tambi\u00e9n es m\u00fasico cat\u00f3lico y ha editado varios discos. Es Director General y cofundador de Trovador, una reconocida compa\u00f1\u00eda discogr\u00e1fica critiana de Espa\u00f1a. Trabaja en las Tecnolog\u00edas de la Informaci\u00f3n, ofreciendo servicios de alojamiento, dise\u00f1o y mantenimiento Web, as\u00ed como asesoramiento, formaci\u00f3n y soluciones inform\u00e1ticas, gesti\u00f3n documental y digitalizaci\u00f3n de textos, edici\u00f3n y maquetaci\u00f3n de libros, revistas, flyers, etc.","sameAs":["http:\/\/chento.org","https:\/\/www.facebook.com\/JavierChento","https:\/\/x.com\/https:\/\/twitter.com\/javierchento"],"url":"https:\/\/vincentians.com\/es\/author\/chento\/"}]}},"jetpack_publicize_connections":[],"jetpack_featured_media_url":"https:\/\/i0.wp.com\/vincentians.com\/es\/wp-content\/uploads\/sites\/11\/2013\/04\/formacion_permanente-1.jpg?fit=303%2C303&ssl=1","jetpack_sharing_enabled":true,"jetpack_shortlink":"https:\/\/wp.me\/p7ETMF-wsZ","jetpack-related-posts":[{"id":124802,"url":"https:\/\/vincentians.com\/es\/imposible-soportar-el-peso-de-la-riqueza-y-el-de-la-virtud-v-ii-396-i\/","url_meta":{"origin":124805,"position":0},"title":"Imposible soportar el peso de la riqueza y el de la virtud (V, II, 396) (I)","author":"Francisco Javier Fern\u00e1ndez Chento","date":"27\/11\/2023","format":false,"excerpt":"Anotaciones previas La creaci\u00f3n entera gime hasta el presente (Rom 8, 18) M\u00faltiples significados del t\u00e9rmino pobreza 1.- Estudiar el tema de la pobreza es como adentrarse en un bosque tupido, enmara\u00f1ado y sin horizontes claros por donde guiarse. No s\u00f3lo ha cambiado el planteamiento sobre la pobreza, sino que\u2026","rel":"","context":"En \u00abFormaci\u00f3n Vicenciana\u00bb","block_context":{"text":"Formaci\u00f3n Vicenciana","link":"https:\/\/vincentians.com\/es\/category\/formacion-vicenciana\/"},"img":{"alt_text":"","src":"https:\/\/i0.wp.com\/vincentians.com\/es\/wp-content\/uploads\/sites\/11\/2013\/04\/formacion_permanente-1.jpg?fit=303%2C303&ssl=1&resize=350%2C200","width":350,"height":200},"classes":[]},{"id":141957,"url":"https:\/\/vincentians.com\/es\/armarse-con-las-mismas-armas\/","url_meta":{"origin":124805,"position":1},"title":"\u00abArmarse con las mismas armas\u00bb","author":"Francisco Javier Fern\u00e1ndez Chento","date":"27\/04\/2015","format":false,"excerpt":"\u00abPor eso os digo que coj\u00e1is las armas que Dios da, para poder hacerlas frente (a las fuerzas del mal) en el mo\u00admento dif\u00edcil y acabar el combate sin perder terreno. Con que en pie: abrochaos el cintur\u00f3n de la verdad, por coraza poneos la honradez; bien calzados, dispuestos a\u2026","rel":"","context":"En \u00abEspiritualidad vicenciana\u00bb","block_context":{"text":"Espiritualidad vicenciana","link":"https:\/\/vincentians.com\/es\/category\/espiritualidad\/espiritualidad-vicenciana\/"},"img":{"alt_text":"dios escudo","src":"https:\/\/i0.wp.com\/vicencianos.org\/wp-content\/2015\/08\/dios-escudo-300x251.jpg?resize=350%2C200","width":350,"height":200},"classes":[]},{"id":124019,"url":"https:\/\/vincentians.com\/es\/para-conseguir-un-fruto-mas-abundante-de-la-gracia-bautismal\/","url_meta":{"origin":124805,"position":2},"title":"Para conseguir un fruto m\u00e1s abundante de la gracia bautismal","author":"Francisco Javier Fern\u00e1ndez Chento","date":"25\/10\/2022","format":false,"excerpt":"OPCI\u00d3N LIBRE Y CONSCIENTE DE SEGUIR E IMITAR A CRISTO Desde los principios de la Iglesia, hubo hombres y mujeres que quisieron seguir a Cristo con mayor libertad e imitarlo m\u00e1s de cerca. 1.- El misionero vicenciano opta libremente por el camino de los consejos como respuesta a la llamada\u2026","rel":"","context":"En \u00abEspiritualidad vicenciana\u00bb","block_context":{"text":"Espiritualidad vicenciana","link":"https:\/\/vincentians.com\/es\/category\/espiritualidad\/espiritualidad-vicenciana\/"},"img":{"alt_text":"","src":"https:\/\/i0.wp.com\/vincentians.com\/es\/wp-content\/uploads\/sites\/11\/2016\/09\/sencillos-como-palomas.jpg?fit=1200%2C630&ssl=1&resize=350%2C200","width":350,"height":200,"srcset":"https:\/\/i0.wp.com\/vincentians.com\/es\/wp-content\/uploads\/sites\/11\/2016\/09\/sencillos-como-palomas.jpg?fit=1200%2C630&ssl=1&resize=350%2C200 1x, https:\/\/i0.wp.com\/vincentians.com\/es\/wp-content\/uploads\/sites\/11\/2016\/09\/sencillos-como-palomas.jpg?fit=1200%2C630&ssl=1&resize=525%2C300 1.5x, https:\/\/i0.wp.com\/vincentians.com\/es\/wp-content\/uploads\/sites\/11\/2016\/09\/sencillos-como-palomas.jpg?fit=1200%2C630&ssl=1&resize=700%2C400 2x, https:\/\/i0.wp.com\/vincentians.com\/es\/wp-content\/uploads\/sites\/11\/2016\/09\/sencillos-como-palomas.jpg?fit=1200%2C630&ssl=1&resize=1050%2C600 3x"},"classes":[]},{"id":124001,"url":"https:\/\/vincentians.com\/es\/para-seguirlo-mas-libremente\/","url_meta":{"origin":124805,"position":3},"title":"Para seguirlo m\u00e1s libremente","author":"Francisco Javier Fern\u00e1ndez Chento","date":"21\/10\/2022","format":false,"excerpt":"AGENTES DE LA CONSAGRACI\u00d3N Ya por el bautismo ha muerto (el fiel cristiano) y ha sido consagrado..., pero para conseguir un fruto m\u00e1s abundante de la gracia bautismal... por la pr\u00e1ctica de los consejos evang\u00e9licos se consagra m\u00e1s \u00edntimamente al servi\u00adcio divino (LG 44). 1.- Nos referimos \u00fanicamente a la\u2026","rel":"","context":"En \u00abEspiritualidad vicenciana\u00bb","block_context":{"text":"Espiritualidad vicenciana","link":"https:\/\/vincentians.com\/es\/category\/espiritualidad\/espiritualidad-vicenciana\/"},"img":{"alt_text":"","src":"https:\/\/i0.wp.com\/vincentians.com\/es\/wp-content\/uploads\/sites\/11\/2016\/09\/enviados-evangelizar-pobres.jpg?fit=1200%2C630&ssl=1&resize=350%2C200","width":350,"height":200,"srcset":"https:\/\/i0.wp.com\/vincentians.com\/es\/wp-content\/uploads\/sites\/11\/2016\/09\/enviados-evangelizar-pobres.jpg?fit=1200%2C630&ssl=1&resize=350%2C200 1x, https:\/\/i0.wp.com\/vincentians.com\/es\/wp-content\/uploads\/sites\/11\/2016\/09\/enviados-evangelizar-pobres.jpg?fit=1200%2C630&ssl=1&resize=525%2C300 1.5x, https:\/\/i0.wp.com\/vincentians.com\/es\/wp-content\/uploads\/sites\/11\/2016\/09\/enviados-evangelizar-pobres.jpg?fit=1200%2C630&ssl=1&resize=700%2C400 2x, https:\/\/i0.wp.com\/vincentians.com\/es\/wp-content\/uploads\/sites\/11\/2016\/09\/enviados-evangelizar-pobres.jpg?fit=1200%2C630&ssl=1&resize=1050%2C600 3x"},"classes":[]},{"id":142198,"url":"https:\/\/vincentians.com\/es\/comunitariamente-pobres\/","url_meta":{"origin":124805,"position":4},"title":"Comunitariamente pobres","author":"Francisco Javier Fern\u00e1ndez Chento","date":"31\/03\/2015","format":false,"excerpt":"\"Dejaos de amontonar rique\u00adzas en la tierra en donde la polilla y la carcoma las echan a perder, en donde los ladro\u00adnes abren boquetes y la ro\u00adban... Nadie puede servir a dos amos, porque aborrecer\u00e1 a uno, o bien se apegar\u00e1 a otro. No pod\u00e9is servir a Dios y al\u2026","rel":"","context":"En \u00abEspiritualidad vicenciana\u00bb","block_context":{"text":"Espiritualidad vicenciana","link":"https:\/\/vincentians.com\/es\/category\/espiritualidad\/espiritualidad-vicenciana\/"},"img":{"alt_text":"asd18","src":"https:\/\/i0.wp.com\/vicencianos.org\/wp-content\/2015\/03\/asd18-251x300.jpg?resize=350%2C200","width":350,"height":200},"classes":[]},{"id":130794,"url":"https:\/\/vincentians.com\/es\/iii-la-recuperacion-de-los-cuatro-votos-vicencianos-pobreza-vii\/","url_meta":{"origin":124805,"position":5},"title":"III. LA RECUPERACI\u00d3N DE LOS CUATRO VOTOS VICENCIANOS (pobreza) (VII)","author":"Francisco Javier Fern\u00e1ndez Chento","date":"08\/07\/2014","format":false,"excerpt":"3. Pobreza Hacia una comprensi\u00f3n moderna a) En la Iglesia conciliar y posconciliar tal vez no haya habido un tema m\u00e1s repetido que la llamada a una pobreza evang\u00e9lica. En respuesta a Cristo la Iglesia quiere ser la Iglesia de los pobres. Lo mismo se puede decir de la congregaci\u00f3n.\u2026","rel":"","context":"En \u00abFormaci\u00f3n Vicenciana\u00bb","block_context":{"text":"Formaci\u00f3n Vicenciana","link":"https:\/\/vincentians.com\/es\/category\/formacion-vicenciana\/"},"img":{"alt_text":"voca","src":"https:\/\/i0.wp.com\/vicencianos.org\/wp-content\/2014\/06\/voca.jpg?resize=350%2C200","width":350,"height":200},"classes":[]}],"_links":{"self":[{"href":"https:\/\/vincentians.com\/es\/wp-json\/wp\/v2\/posts\/124805","targetHints":{"allow":["GET"]}}],"collection":[{"href":"https:\/\/vincentians.com\/es\/wp-json\/wp\/v2\/posts"}],"about":[{"href":"https:\/\/vincentians.com\/es\/wp-json\/wp\/v2\/types\/post"}],"author":[{"embeddable":true,"href":"https:\/\/vincentians.com\/es\/wp-json\/wp\/v2\/users\/4"}],"replies":[{"embeddable":true,"href":"https:\/\/vincentians.com\/es\/wp-json\/wp\/v2\/comments?post=124805"}],"version-history":[{"count":2,"href":"https:\/\/vincentians.com\/es\/wp-json\/wp\/v2\/posts\/124805\/revisions"}],"predecessor-version":[{"id":404906,"href":"https:\/\/vincentians.com\/es\/wp-json\/wp\/v2\/posts\/124805\/revisions\/404906"}],"wp:featuredmedia":[{"embeddable":true,"href":"https:\/\/vincentians.com\/es\/wp-json\/wp\/v2\/media\/404122"}],"wp:attachment":[{"href":"https:\/\/vincentians.com\/es\/wp-json\/wp\/v2\/media?parent=124805"}],"wp:term":[{"taxonomy":"category","embeddable":true,"href":"https:\/\/vincentians.com\/es\/wp-json\/wp\/v2\/categories?post=124805"},{"taxonomy":"post_tag","embeddable":true,"href":"https:\/\/vincentians.com\/es\/wp-json\/wp\/v2\/tags?post=124805"}],"curies":[{"name":"wp","href":"https:\/\/api.w.org\/{rel}","templated":true}]}}