{"id":124436,"date":"2023-05-03T08:28:41","date_gmt":"2023-05-03T06:28:41","guid":{"rendered":"http:\/\/somos.vicencianos.org\/?p=124436"},"modified":"2023-04-08T10:45:07","modified_gmt":"2023-04-08T08:45:07","slug":"historia-de-los-paules-en-cuba-capitulo-xi-c","status":"publish","type":"post","link":"https:\/\/vincentians.com\/es\/historia-de-los-paules-en-cuba-capitulo-xi-c\/","title":{"rendered":"Historia de los Pa\u00fales en Cuba (Cap\u00edtulo XI C)"},"content":{"rendered":"<p>Prescindiendo de las responsabilidades personales nos atenemos a los hechos. La realidad es que materialmente se derrumb\u00f3 la Provincia por el paso del vendaval de la revoluci\u00f3n. De los 53 misioneros que hab\u00edan trabajado en Cuba quedaron apenas unos pocos, y a\u00f1os despu\u00e9s fueron reducidos a 10. La Congregaci\u00f3n de la Misi\u00f3n hab\u00eda desarrollado su labor misionera bastante bien. Es posible que no hubiera una buena organizaci\u00f3n desde arriba para un apostolado de conjunto debido a que los Visitadores venidos de Espa\u00f1a eran, en su mayor parte, oriundos de centros escolares, mientras que los misioneros en Cuba se dedicaban principalmente a las misiones y a las parroquias.<\/p>\n<p>Demasiado tarde se comenz\u00f3 la labor de las vocaciones nativas que, poco a poco, hubieran podido desplazar a los misioneros venidos de la Pen\u00ednsula. De haber habido m\u00e1s vocaciones nativas, es posible que no hubiera ocurrido ese debacle. Pero la historia no la podemos cambiar.<\/p>\n<p>Para darnos una idea de los Misioneros que salieron de Cuba, hay un documento, sin Fecha, y escrito desde Espa\u00f1a, en el que el P. Gregorio Subi\u00f1as, Visitador y responsable de los Misioneros de Cuba, enumera los nombres de los Padres que en esos momentos estaban fuera de Cuba. Y dice as\u00ed:<\/p>\n<p>Relaci\u00f3n de los Sacerdotes de la Congregaci\u00f3n de la Misi\u00f3n salidos de Cuba y que actualmente est\u00e1n en Am\u00e9rica y Espa\u00f1a:<\/p>\n<p>En Miami, provisionalmente.<\/p>\n<p>P. Lorenzo Jaureguizar, ya le he escrito para que salga a Nueva York. P. Pascual, Eladio. Ya tiene orden de salir para Puerto Rico.<\/p>\n<p>P. Nava, Isidro. Enfermo. Tiene orden de venirse para recuperar su salud.<\/p>\n<p>En Puerto Rico:<\/p>\n<p>Pampliega, Julio Mart\u00edn, Gonzalo Casta\u00f1o, Eliseo<\/p>\n<p>Garc\u00eda, Matesanz Mariano<\/p>\n<p>Gonz\u00e1lez, Jos\u00e9 Herrero Francisco Hno. Rivas, Eligio<\/p>\n<p>P. Sainz, Lu\u00eds, est\u00e1 en Santo Domingo<\/p>\n<p>En Per\u00fa:<\/p>\n<p>Santos, Tobar Leonardo Rodrigo, Emiliano<\/p>\n<p>Becerril, Anselmo<\/p>\n<p>Mill\u00e1n Jos\u00e9 Luis<\/p>\n<p>Carde\u00f1oso, Alberto. Hno.<\/p>\n<p>En Venezuela:<\/p>\n<p>Gracia, Gregorio Ortega, Pedro<\/p>\n<p>Santos, Manzanedo<\/p>\n<p>Hno. Torrubia, Nemesio<\/p>\n<p>P. Alejandro Aramendi, est\u00e1 en M\u00e9jico.<\/p>\n<p>En Espa\u00f1a:<\/p>\n<p>Salom\u00f3n S\u00e1enz<\/p>\n<p>Feliz Bravo<\/p>\n<p>Ignacio Maestrojuan<\/p>\n<p>Gregorio Arn\u00e1iz<\/p>\n<p>Cipriano Varona<\/p>\n<p>Alfonso Alonso<\/p>\n<p>Cruz Gil<\/p>\n<p>Federico Garc\u00eda<\/p>\n<p>Sime\u00f3n Obanos. Necesita una temporada de descanso.<\/p>\n<p>Etayo, Ricardo. Est\u00e1 en su casa con permiso del P. General.<\/p>\n<p>Sergio Garc\u00eda, en vacaciones.<\/p>\n<p>Lisardo, Pascual. En vacaciones.<\/p>\n<p>Hnos. Agust\u00edn D\u00edaz y Tobar Bartolom\u00e9. El \u00faltimo ya muy desgastado y enfermo.<\/p>\n<p>Casi todos, o todos, desean volver una vez que Cuba se arregle y mientras tanto, si es posible, desear\u00edan ir a Venezuela, M\u00e9jico, Per\u00fa, Puerto Rico o a cualquier parte de Am\u00e9rica. \u00bfNo se podr\u00edan enviar tres o cuatro a la Casa de Le\u00f3n, en Nicaragua, que ya antes se ofreci\u00f3 el P. Alduan? Perdone le haya hecho esta relaci\u00f3n para su gobierno, y con el deseo de servirle en lo que pueda.<\/p>\n<p>Firmado, P. Gregorio Subi\u00f1as, c.m.<\/p>\n<p>En estas \u00faltimas p\u00e1ginas hemos citado largamente el testimonio del P. Chaurrondo porque ese es un tema que nos interesa conocer para poder entender y aclarar el pasado. Es un cap\u00edtulo un tanto oscuro sobre todo para los que hemos llegado a Cuba en tiempos mejores. Por esa misma raz\u00f3n y para arrojar m\u00e1s luz sobre este tema citamos a continuaci\u00f3n el testimonio de otro de los Padres que vivi\u00f3 en su propia carne las mismas experiencias que vivi\u00f3 el P. Chaurrondo, y con quien convivi\u00f3 durante aquellos tiempos dif\u00edciles. Hablamos del P. Ra\u00fal Nu\u00f1ez, quien vivi\u00f3 en la iglesia de La Merced desde los primeros a\u00f1os de la Revoluci\u00f3n hasta su muerte, acaecida el 3 de Noviembre de 2008. El P. Ra\u00fal era el \u00faltimo misionero Pa\u00fal testigo de aquella historia.<\/p>\n<p>El P. Ra\u00fal N\u00fa\u00f1ez Lloret declar\u00f3 en sus testimonios, que durante los primeros a\u00f1os de la revoluci\u00f3n, las relaciones con el exterior, o sea, con los Superiores de la Congregaci\u00f3n de la Misi\u00f3n fuera de Cuba, eran escasas y sumamente dif\u00edciles. En el interior de la Isla, las comunidades de los Hijos de San Vicente, a veces reducidas a un solo sacerdote, quedaron casi incomunicadas del exterior y desconectadas unas de otras dentro del pa\u00eds.<\/p>\n<p><i>Pasaban meses y meses sin que nos llegara noticia alguna del Padre de <\/i><i>Baracoa, o del que estaba en San Lu\u00eds, o del que atend\u00eda la Iglesia de <\/i><i>San Francisco en Santiago de Cuba. Apenas si nos visit\u00e1bamos. En 1961, en la Iglesia de la Merced, solamente permanec\u00edamos los Padres Hilario Chaurrondo y Juli\u00e1n P\u00e9rez, y yo. En 1963 tambi\u00e9n estaba el P. Prudencio Garc\u00eda, ya anciano y enfermo.<\/i><\/p>\n<p>En la entrevista del caso, nos cont\u00f3 el P. Ra\u00fal que las condiciones de vida de los Padres se deterioraron mucho en todos los \u00f3rdenes. Se not\u00f3 una gran escasez tanto de alimentos como de los dem\u00e1s suministros. Los Padres Pa\u00fales se acogieron a la \u00ablibreta\u00bb que normaba los abastecimientos de alimentos y de otros productos, desde que fue implantada en el a\u00f1o 1962. Entonces comenz\u00f3 un per\u00edodo de grandes limitaciones que se prolong\u00f3 durante muchos a\u00f1os:<\/p>\n<p><i>En aquella \u00e9poca no ten\u00edamos ayuda econ\u00f3mica de la Congregaci\u00f3n de <\/i><i>la Misi\u00f3n y los pocos fieles que acud\u00edan a la Merced a veces <\/i><i>necesitaban m\u00e1s ayuda que nosotros&#8230; innumerables fieles <\/i><i>abandonaron el pa\u00eds y muchos dejaron de acudir a la Iglesia para evitarse complicaciones en los centros de trabajo, de forma que la <\/i><i>ayuda de los fieles casi dej\u00f3 de existir.<\/i><\/p>\n<p>En la medida de sus posibilidades, que no eran muchas, las Hermanas de la Caridad intentaban mejorar un poco la vida de los Padres. Sus instituciones relacionadas con la beneficencia y la asistencia social siguieron funcionando y el estado cubano, convertido desde el a\u00f1o 1962 en el \u00fanico administrador, abastec\u00eda estas casas. Las mismas, por otra parte, aliviaban en buena medida al gobierno y al presupuesto del pa\u00eds, ya que ejerc\u00edan una funci\u00f3n social de hondo contenido humano que de otra forma el estado hubiera tenido que asumir, sin contar con el personal necesario y adecuadamente adiestrado.<\/p>\n<p>Aprovechando la relativa y escasa holgura que les proporcionaban los suministros estatales, y gracias a la buena administraci\u00f3n caracter\u00edstica de las instituciones regidas por las Hermanas de la Caridad, ellas pudieron contribuir y resolver muchos problemas a los Padres Pa\u00fales. Casas tan grandes y complejas como la Iglesia de la Merced, al igual que la mayor\u00eda de las Iglesias que atend\u00edan los Hijos de San Vicente necesitaban una atenci\u00f3n y un mantenimiento constantes, y las Hermanas hicieron todo lo que humanamente estuvo a su alcance para aliviar estas situaciones. En sus testimonios, el P. Ra\u00fal refiri\u00f3 que<\/p>\n<p><i>Las Hijas de la Caridad, como ten\u00edan Asilos y Hospitales, se defend\u00edan un <\/i><i>poco, porque el gobierno las abastec\u00eda por lo menos con lo m\u00e1s <\/i><i>indispensable para la subsistencia. Sor Esperanza Fadeh, Superiora del <\/i><i>Hogar Santa Susana, de Bejucal, colabor\u00f3 mucho con los Pa\u00fales.<\/i><i><\/i><\/p>\n<p>Recuerda el P. Ra\u00fal el \u00e9xodo de centenares y centenares de personas que se marchaban sobre todo para Estados Unidos y en menor medida para Espa\u00f1a, sobre todo en los primeros a\u00f1os de la revoluci\u00f3n. En aquellos tiempos las diversas comunidades de fieles comenzaron a vaciarse con rapidez y las Iglesias se fueron quedando sumidas en una gran soledad, porque solamente asist\u00edan al culto algunas abuelitas. A los j\u00f3venes les resultaba muy dif\u00edcil acudir a los templos, porque pod\u00edan ser objeto de cr\u00edticas o tener dificultades en el trabajo. De la misma forma, los muchachos en las escuelas pod\u00edan tener problemas o sentirse presionados si asist\u00edan a la catequesis. Cuando repas\u00f3 en su memoria los sucesos que tuvieron lugar sobre todo durante el a\u00f1o 1961, el P. Ra\u00fal no dej\u00f3 de mencionar sus vicisitudes personales y el hecho de que 131 sacerdotes fueron desterrados y enviados a Espa\u00f1a a bordo del buque Marqu\u00e9s de Comillas:<\/p>\n<p><i>Era el 12 de septiembre de 1961. El Procurador, que era el Padre Ortiz, <\/i><i>dec\u00eda misa en la Inmaculada y llegaron a la Merced dos soldados <\/i><i>preguntando por \u00e9l (y al saber que no estaba) decidieron esperarlo. Yo no <\/i><i>pude explicarle el asunto por tel\u00e9fono y cuando regres\u00f3 a la Merced se lo <\/i><i>llevaron a una guagua donde ya estaban montados varios sacerdotes, y se <\/i><i>lo llevaron al Covadonga sin que el Visitador, P. Juli\u00e1n P\u00e9rez, pudiera <\/i><i>hablar con \u00e9l. Entonces llamamos al embajador de Espa\u00f1a, pero (\u00e9l) s\u00f3lo pudo conseguir permiso para que le llev\u00e1ramos ropa al barco. Yo puse en <\/i><i>una maleta alguna ropa y la dejaron pasar, pero no pude ver al Padre <\/i><i>aunque luego supe que le entregaron la maleta.<\/i><\/p>\n<p><i>Cuando me iba, una mujer a quien le dec\u00edan \u00abla rusa\u00bb se puso a gritar que yo era cura y me llevaron preso. Estuve un d\u00eda encerrado en el Castillo de la Fuerza y cuando el P. Chaurrondo me fue a buscar le dijeron que yo no estaba, que me hab\u00edan llevado a la prisi\u00f3n del Pr\u00edncipe&#8230; all\u00ed estaba yo cuando de pronto llega Chaurrondo, que no s\u00e9 de qu\u00e9 forma se las arreglaba para conocer a todo el mundo, pag\u00f3 una fianza de 100 pesos y me sac\u00f3 de all\u00ed. Mi madre, que ya estaba enterada de todo, estaba como loca&#8230; tiempo despu\u00e9s, recib\u00ed una carta del P. Ortiz agradeci\u00e9ndome la maleta y los cigarros. <\/i><\/p>\n<p>Despu\u00e9s de todos estos sucesos, continu\u00f3 el P. Ra\u00fal, vinieron a\u00f1os, muchos a\u00f1os, de una gran escasez y soledad. La Iglesia de la Merced comenzaba a deteriorarse, aparec\u00eda humedad en las paredes, hab\u00eda que retocar las pinturas del techo, los grandes murales del templo mostraban la erosi\u00f3n acumulada por muchos a\u00f1os, los metales se oxidaban, los bancos se romp\u00edan. Cu\u00e1n lejos estaba \u00abLa Gran y Aristocr\u00e1tica Iglesia de la Merced\u00bb, en estos momentos, comparada con la Merced de antes de la revoluci\u00f3n. El P. Ra\u00fal nos comenta al respecto:<\/p>\n<p><i>Los candelabros, los candeleros y las im\u00e1genes ten\u00edan fundas <\/i><i>protectoras. Los bancos no se arrastraban por el piso, se cargaban<\/i><i> <\/i><i>y se colocaban. El coraz\u00f3n de todo este orden y de la organizaci\u00f3n rigurosa que reg\u00eda las actividades de la Iglesia de la Merced era el <\/i><i>Hermano Bartolom\u00e9 Tobar, y que se fue al \u00e9xodo de sacerdotes y <\/i><i>religiosos de 1961 con m\u00e1s de 70 a\u00f1os.<\/i><i><\/i><\/p>\n<p>El Hermano Bartolom\u00e9, seg\u00fan palabras del Padre Ra\u00fal, era un hombre fino y bien educado. Hablaba varias lenguas y por eso atend\u00eda a los turistas cuando visitaban La Merced. Se fe era tal que irradiaba de su persona y era capaz de trasmitirla a sus interlocutores. \u00c9l nunca ped\u00eda nada a nadie, pero eran muchos los ricos que ven\u00edan a verlo sin que \u00e9l los llamara.<\/p>\n<p>Estaba siempre al tanto de las festividades y celebraciones y preparaba la Iglesia cuidando todos los detalles para que nada pudiera quitar lucimiento a las ceremonias.. Estaba al tanto hasta de los detalles m\u00e1s nimios. Cualquier cosa que se rompiera se reparaba inmediatamente. La Iglesia se manten\u00eda muy limpia y pulcra.<\/p>\n<p>Cuando finalmente se tuvo que marchar tras una decisi\u00f3n que fue debi\u00f3 de ser muy amarga, la falta de medios, la escasez de personal y las dificultades que se presentaron, fueron deteriorando la organizaci\u00f3n que \u00e9l llevo adelante con tanta dedicaci\u00f3n y todo esto tuvo repercusi\u00f3n tambi\u00e9n en el mantenimiento de la Iglesia.<\/p>\n<p>A\u00f1orando ese pasado glorioso nos comenta el P. Ra\u00fal: pas\u00e9 20 a\u00f1os realizando un trabajo brutal (en la Iglesia de la Merced) como nunca en mi vida. Trabajaba sin descanso, y mi familia me peleaba y me rega\u00f1aba por eso, porque me entregu\u00e9 por completo a la Merced y a las otras Iglesias que me designaron, pero lo que m\u00e1s me hizo sufrir fue la soledad, la incomunicaci\u00f3n. Fueron 20 a\u00f1os de soledad.<\/p>\n<p>En los p\u00e1rrafos anteriores a\u00fan aparecen las parroquias de Caibari\u00e9n y Yaguajay. No tardaron mucho en desaparecer del mapa misionero encomendado a los Padres Pa\u00fales. Nos llama mucho la atenci\u00f3n el modo y manera en que perdimos las parroquias de Caibari\u00e9n y Yaguajay. Como no fuimos testigos de esos acontecimientos remitimos a nuestros lectores a dos cartas, ambas escritas por el P. Alfredo Enr\u00edquez, el Visitador de aquel entonces. Una de ellas va dirigida al Obispo Diocesano de Santa Clara, Monse\u00f1or Fernando Prego. La otra carta al Nuncio Apost\u00f3lico de La Habana, Monse\u00f1or C\u00e9sar Zacchi. Ambas cartas son bien claras e indican claramente el porqu\u00e9 de la p\u00e9rdida de esas dos casas. El lector interesado en este asunto puede leer estas cartas en el Cap\u00edtulo XIV. No. 4, bajo el t\u00edtulo Nuevos Superiores, nuevos desaf\u00edos.<\/p>\n<p>Parec\u00eda como si la Iglesia Cat\u00f3lica de Cuba tuviera que pasar por un largo per\u00edodo de purificaci\u00f3n, de meditaci\u00f3n y de recuento para despu\u00e9s volver a comenzar. Y cuando comience ese renacimiento, bajo el signo de la esperanza y la conversi\u00f3n a Cristo,<\/p>\n<p>1 Entonces el justo se presentar\u00e1 sin miedo, de pie frente a los que lo han hecho sufrir y que se burlaron de sus penas.<\/p>\n<p>2 Al verlo, comenzar\u00e1n a temblar de tanto miedo, asombrados por su salvaci\u00f3n inesperada,<\/p>\n<p>3 y dir\u00e1n arrepentidos, lament\u00e1ndose con esp\u00edritu afligido:<\/p>\n<p>4 Este es aquel del que nos burl\u00e1bamos, al que insult\u00e1bamos con nuestras iron\u00edas. Su vida nos parec\u00eda una tonter\u00eda y su muerte una humillaci\u00f3n&#8230;<\/p>\n<p>Sabidur\u00eda 5<\/p>\n<p>Y en medio de situaciones tan complicadas y a veces tan penosas, los PP. Pa\u00fales, los pocos que quedaron, continuaron su peregrinar en tierras de Cuba, junto con el Pueblo de Dios.<\/p>\n<p>&nbsp;<\/p>\n","protected":false},"excerpt":{"rendered":"<p>Prescindiendo de las responsabilidades personales nos atenemos a los hechos. La realidad es que materialmente se derrumb\u00f3 la Provincia por el paso del vendaval de la revoluci\u00f3n. De los 53 misioneros que hab\u00edan trabajado en &#8230; <a href=\"https:\/\/vincentians.com\/es\/historia-de-los-paules-en-cuba-capitulo-xi-c\/\" class=\"more-link\">Read More<\/a><\/p>\n","protected":false},"author":5,"featured_media":404164,"comment_status":"open","ping_status":"open","sticky":false,"template":"","format":"standard","meta":{"jetpack_post_was_ever_published":false,"_jetpack_newsletter_access":"","_jetpack_dont_email_post_to_subs":false,"_jetpack_newsletter_tier_id":0,"_jetpack_memberships_contains_paywalled_content":false,"_jetpack_memberships_contains_paid_content":false,"footnotes":"","jetpack_publicize_message":"","jetpack_publicize_feature_enabled":true,"jetpack_social_post_already_shared":true,"jetpack_social_options":{"image_generator_settings":{"template":"highway","default_image_id":0,"font":"","enabled":false},"version":2}},"categories":[214],"tags":[147],"class_list":["post-124436","post","type-post","status-publish","format-standard","has-post-thumbnail","hentry","category-historia-de-la-congregacion-de-la-mision","tag-santo-domingo"],"yoast_head":"<!-- This site is optimized with the Yoast SEO plugin v26.3 - https:\/\/yoast.com\/wordpress\/plugins\/seo\/ -->\n<title>Historia de los Pa\u00fales en Cuba (Cap\u00edtulo XI C) - Somos Vicencianos<\/title>\n<meta name=\"robots\" content=\"index, follow, max-snippet:-1, max-image-preview:large, max-video-preview:-1\" \/>\n<link rel=\"canonical\" href=\"https:\/\/vincentians.com\/es\/historia-de-los-paules-en-cuba-capitulo-xi-c\/\" \/>\n<meta property=\"og:locale\" content=\"es_ES\" \/>\n<meta property=\"og:type\" content=\"article\" \/>\n<meta property=\"og:title\" content=\"Historia de los Pa\u00fales en Cuba (Cap\u00edtulo XI C) - Somos Vicencianos\" \/>\n<meta property=\"og:description\" content=\"Prescindiendo de las responsabilidades personales nos atenemos a los hechos. La realidad es que materialmente se derrumb\u00f3 la Provincia por el paso del vendaval de la revoluci\u00f3n. De los 53 misioneros que hab\u00edan trabajado en ... Read More\" \/>\n<meta property=\"og:url\" content=\"https:\/\/vincentians.com\/es\/historia-de-los-paules-en-cuba-capitulo-xi-c\/\" \/>\n<meta property=\"og:site_name\" content=\"Somos Vicencianos\" \/>\n<meta property=\"article:publisher\" content=\"https:\/\/www.facebook.com\/WeAreVincentians\/\" \/>\n<meta property=\"article:published_time\" content=\"2023-05-03T06:28:41+00:00\" \/>\n<meta property=\"og:image\" content=\"https:\/\/i0.wp.com\/vincentians.com\/es\/wp-content\/uploads\/sites\/11\/2013\/05\/Cuba-Iglesia-de-La-Milagrosa-La-Habana.png?fit=1218%2C933&ssl=1\" \/>\n\t<meta property=\"og:image:width\" content=\"1218\" \/>\n\t<meta property=\"og:image:height\" content=\"933\" \/>\n\t<meta property=\"og:image:type\" content=\"image\/png\" \/>\n<meta name=\"author\" content=\"Mitxel Olabu\u00e9naga\" \/>\n<meta name=\"twitter:card\" content=\"summary_large_image\" \/>\n<meta name=\"twitter:creator\" content=\"@WeVincentians\" \/>\n<meta name=\"twitter:site\" content=\"@WeVincentians\" \/>\n<meta name=\"twitter:label1\" content=\"Escrito por\" \/>\n\t<meta name=\"twitter:data1\" content=\"Mitxel Olabu\u00e9naga\" \/>\n\t<meta name=\"twitter:label2\" content=\"Tiempo de lectura\" \/>\n\t<meta name=\"twitter:data2\" content=\"11 minutos\" \/>\n<script type=\"application\/ld+json\" class=\"yoast-schema-graph\">{\"@context\":\"https:\/\/schema.org\",\"@graph\":[{\"@type\":\"Article\",\"@id\":\"https:\/\/vincentians.com\/es\/historia-de-los-paules-en-cuba-capitulo-xi-c\/#article\",\"isPartOf\":{\"@id\":\"https:\/\/vincentians.com\/es\/historia-de-los-paules-en-cuba-capitulo-xi-c\/\"},\"author\":{\"name\":\"Mitxel Olabu\u00e9naga\",\"@id\":\"https:\/\/vincentians.com\/es\/#\/schema\/person\/7c2670b4445a7ca9d164ea6acdb31859\"},\"headline\":\"Historia de los Pa\u00fales en Cuba (Cap\u00edtulo XI C)\",\"datePublished\":\"2023-05-03T06:28:41+00:00\",\"mainEntityOfPage\":{\"@id\":\"https:\/\/vincentians.com\/es\/historia-de-los-paules-en-cuba-capitulo-xi-c\/\"},\"wordCount\":2381,\"commentCount\":0,\"publisher\":{\"@id\":\"https:\/\/vincentians.com\/es\/#organization\"},\"image\":{\"@id\":\"https:\/\/vincentians.com\/es\/historia-de-los-paules-en-cuba-capitulo-xi-c\/#primaryimage\"},\"thumbnailUrl\":\"https:\/\/i0.wp.com\/vincentians.com\/es\/wp-content\/uploads\/sites\/11\/2013\/05\/Cuba-Iglesia-de-La-Milagrosa-La-Habana.png?fit=1218%2C933&ssl=1\",\"keywords\":[\"Santo Domingo\"],\"articleSection\":[\"Historia de la Congregaci\u00f3n de la Misi\u00f3n\"],\"inLanguage\":\"es\",\"potentialAction\":[{\"@type\":\"CommentAction\",\"name\":\"Comment\",\"target\":[\"https:\/\/vincentians.com\/es\/historia-de-los-paules-en-cuba-capitulo-xi-c\/#respond\"]}]},{\"@type\":\"WebPage\",\"@id\":\"https:\/\/vincentians.com\/es\/historia-de-los-paules-en-cuba-capitulo-xi-c\/\",\"url\":\"https:\/\/vincentians.com\/es\/historia-de-los-paules-en-cuba-capitulo-xi-c\/\",\"name\":\"Historia de los Pa\u00fales en Cuba (Cap\u00edtulo XI C) - Somos Vicencianos\",\"isPartOf\":{\"@id\":\"https:\/\/vincentians.com\/es\/#website\"},\"primaryImageOfPage\":{\"@id\":\"https:\/\/vincentians.com\/es\/historia-de-los-paules-en-cuba-capitulo-xi-c\/#primaryimage\"},\"image\":{\"@id\":\"https:\/\/vincentians.com\/es\/historia-de-los-paules-en-cuba-capitulo-xi-c\/#primaryimage\"},\"thumbnailUrl\":\"https:\/\/i0.wp.com\/vincentians.com\/es\/wp-content\/uploads\/sites\/11\/2013\/05\/Cuba-Iglesia-de-La-Milagrosa-La-Habana.png?fit=1218%2C933&ssl=1\",\"datePublished\":\"2023-05-03T06:28:41+00:00\",\"breadcrumb\":{\"@id\":\"https:\/\/vincentians.com\/es\/historia-de-los-paules-en-cuba-capitulo-xi-c\/#breadcrumb\"},\"inLanguage\":\"es\",\"potentialAction\":[{\"@type\":\"ReadAction\",\"target\":[\"https:\/\/vincentians.com\/es\/historia-de-los-paules-en-cuba-capitulo-xi-c\/\"]}]},{\"@type\":\"ImageObject\",\"inLanguage\":\"es\",\"@id\":\"https:\/\/vincentians.com\/es\/historia-de-los-paules-en-cuba-capitulo-xi-c\/#primaryimage\",\"url\":\"https:\/\/i0.wp.com\/vincentians.com\/es\/wp-content\/uploads\/sites\/11\/2013\/05\/Cuba-Iglesia-de-La-Milagrosa-La-Habana.png?fit=1218%2C933&ssl=1\",\"contentUrl\":\"https:\/\/i0.wp.com\/vincentians.com\/es\/wp-content\/uploads\/sites\/11\/2013\/05\/Cuba-Iglesia-de-La-Milagrosa-La-Habana.png?fit=1218%2C933&ssl=1\",\"width\":1218,\"height\":933},{\"@type\":\"BreadcrumbList\",\"@id\":\"https:\/\/vincentians.com\/es\/historia-de-los-paules-en-cuba-capitulo-xi-c\/#breadcrumb\",\"itemListElement\":[{\"@type\":\"ListItem\",\"position\":1,\"name\":\"Portada\",\"item\":\"https:\/\/vincentians.com\/es\/\"},{\"@type\":\"ListItem\",\"position\":2,\"name\":\"Historia de los Pa\u00fales en Cuba (Cap\u00edtulo XI C)\"}]},{\"@type\":\"WebSite\",\"@id\":\"https:\/\/vincentians.com\/es\/#website\",\"url\":\"https:\/\/vincentians.com\/es\/\",\"name\":\"Somos Vicencianos\",\"description\":\"Know more to serve more\",\"publisher\":{\"@id\":\"https:\/\/vincentians.com\/es\/#organization\"},\"potentialAction\":[{\"@type\":\"SearchAction\",\"target\":{\"@type\":\"EntryPoint\",\"urlTemplate\":\"https:\/\/vincentians.com\/es\/?s={search_term_string}\"},\"query-input\":{\"@type\":\"PropertyValueSpecification\",\"valueRequired\":true,\"valueName\":\"search_term_string\"}}],\"inLanguage\":\"es\"},{\"@type\":\"Organization\",\"@id\":\"https:\/\/vincentians.com\/es\/#organization\",\"name\":\"The Vincentian Network\",\"url\":\"https:\/\/vincentians.com\/es\/\",\"logo\":{\"@type\":\"ImageObject\",\"inLanguage\":\"es\",\"@id\":\"https:\/\/vincentians.com\/es\/#\/schema\/logo\/image\/\",\"url\":\"https:\/\/i1.wp.com\/vincentians.com\/es\/wp-content\/uploads\/sites\/11\/2016\/06\/Vincentian-Network-logo-big.png?fit=778%2C778\",\"contentUrl\":\"https:\/\/i1.wp.com\/vincentians.com\/es\/wp-content\/uploads\/sites\/11\/2016\/06\/Vincentian-Network-logo-big.png?fit=778%2C778\",\"width\":778,\"height\":778,\"caption\":\"The Vincentian Network\"},\"image\":{\"@id\":\"https:\/\/vincentians.com\/es\/#\/schema\/logo\/image\/\"},\"sameAs\":[\"https:\/\/www.facebook.com\/WeAreVincentians\/\",\"https:\/\/x.com\/WeVincentians\"]},{\"@type\":\"Person\",\"@id\":\"https:\/\/vincentians.com\/es\/#\/schema\/person\/7c2670b4445a7ca9d164ea6acdb31859\",\"name\":\"Mitxel Olabu\u00e9naga\",\"image\":{\"@type\":\"ImageObject\",\"inLanguage\":\"es\",\"@id\":\"https:\/\/vincentians.com\/es\/#\/schema\/person\/image\/\",\"url\":\"https:\/\/secure.gravatar.com\/avatar\/34137ec2e2b8939cbbed975731e71f3f4f1defc7266ded337a5ce0f925426877?s=96&d=mm&r=g\",\"contentUrl\":\"https:\/\/secure.gravatar.com\/avatar\/34137ec2e2b8939cbbed975731e71f3f4f1defc7266ded337a5ce0f925426877?s=96&d=mm&r=g\",\"caption\":\"Mitxel Olabu\u00e9naga\"},\"url\":\"https:\/\/vincentians.com\/es\/author\/mitxel\/\"}]}<\/script>\n<!-- \/ Yoast SEO plugin. -->","yoast_head_json":{"title":"Historia de los Pa\u00fales en Cuba (Cap\u00edtulo XI C) - Somos Vicencianos","robots":{"index":"index","follow":"follow","max-snippet":"max-snippet:-1","max-image-preview":"max-image-preview:large","max-video-preview":"max-video-preview:-1"},"canonical":"https:\/\/vincentians.com\/es\/historia-de-los-paules-en-cuba-capitulo-xi-c\/","og_locale":"es_ES","og_type":"article","og_title":"Historia de los Pa\u00fales en Cuba (Cap\u00edtulo XI C) - Somos Vicencianos","og_description":"Prescindiendo de las responsabilidades personales nos atenemos a los hechos. La realidad es que materialmente se derrumb\u00f3 la Provincia por el paso del vendaval de la revoluci\u00f3n. De los 53 misioneros que hab\u00edan trabajado en ... Read More","og_url":"https:\/\/vincentians.com\/es\/historia-de-los-paules-en-cuba-capitulo-xi-c\/","og_site_name":"Somos Vicencianos","article_publisher":"https:\/\/www.facebook.com\/WeAreVincentians\/","article_published_time":"2023-05-03T06:28:41+00:00","og_image":[{"width":1218,"height":933,"url":"https:\/\/i0.wp.com\/vincentians.com\/es\/wp-content\/uploads\/sites\/11\/2013\/05\/Cuba-Iglesia-de-La-Milagrosa-La-Habana.png?fit=1218%2C933&ssl=1","type":"image\/png"}],"author":"Mitxel Olabu\u00e9naga","twitter_card":"summary_large_image","twitter_creator":"@WeVincentians","twitter_site":"@WeVincentians","twitter_misc":{"Escrito por":"Mitxel Olabu\u00e9naga","Tiempo de lectura":"11 minutos"},"schema":{"@context":"https:\/\/schema.org","@graph":[{"@type":"Article","@id":"https:\/\/vincentians.com\/es\/historia-de-los-paules-en-cuba-capitulo-xi-c\/#article","isPartOf":{"@id":"https:\/\/vincentians.com\/es\/historia-de-los-paules-en-cuba-capitulo-xi-c\/"},"author":{"name":"Mitxel Olabu\u00e9naga","@id":"https:\/\/vincentians.com\/es\/#\/schema\/person\/7c2670b4445a7ca9d164ea6acdb31859"},"headline":"Historia de los Pa\u00fales en Cuba (Cap\u00edtulo XI C)","datePublished":"2023-05-03T06:28:41+00:00","mainEntityOfPage":{"@id":"https:\/\/vincentians.com\/es\/historia-de-los-paules-en-cuba-capitulo-xi-c\/"},"wordCount":2381,"commentCount":0,"publisher":{"@id":"https:\/\/vincentians.com\/es\/#organization"},"image":{"@id":"https:\/\/vincentians.com\/es\/historia-de-los-paules-en-cuba-capitulo-xi-c\/#primaryimage"},"thumbnailUrl":"https:\/\/i0.wp.com\/vincentians.com\/es\/wp-content\/uploads\/sites\/11\/2013\/05\/Cuba-Iglesia-de-La-Milagrosa-La-Habana.png?fit=1218%2C933&ssl=1","keywords":["Santo Domingo"],"articleSection":["Historia de la Congregaci\u00f3n de la Misi\u00f3n"],"inLanguage":"es","potentialAction":[{"@type":"CommentAction","name":"Comment","target":["https:\/\/vincentians.com\/es\/historia-de-los-paules-en-cuba-capitulo-xi-c\/#respond"]}]},{"@type":"WebPage","@id":"https:\/\/vincentians.com\/es\/historia-de-los-paules-en-cuba-capitulo-xi-c\/","url":"https:\/\/vincentians.com\/es\/historia-de-los-paules-en-cuba-capitulo-xi-c\/","name":"Historia de los Pa\u00fales en Cuba (Cap\u00edtulo XI C) - Somos Vicencianos","isPartOf":{"@id":"https:\/\/vincentians.com\/es\/#website"},"primaryImageOfPage":{"@id":"https:\/\/vincentians.com\/es\/historia-de-los-paules-en-cuba-capitulo-xi-c\/#primaryimage"},"image":{"@id":"https:\/\/vincentians.com\/es\/historia-de-los-paules-en-cuba-capitulo-xi-c\/#primaryimage"},"thumbnailUrl":"https:\/\/i0.wp.com\/vincentians.com\/es\/wp-content\/uploads\/sites\/11\/2013\/05\/Cuba-Iglesia-de-La-Milagrosa-La-Habana.png?fit=1218%2C933&ssl=1","datePublished":"2023-05-03T06:28:41+00:00","breadcrumb":{"@id":"https:\/\/vincentians.com\/es\/historia-de-los-paules-en-cuba-capitulo-xi-c\/#breadcrumb"},"inLanguage":"es","potentialAction":[{"@type":"ReadAction","target":["https:\/\/vincentians.com\/es\/historia-de-los-paules-en-cuba-capitulo-xi-c\/"]}]},{"@type":"ImageObject","inLanguage":"es","@id":"https:\/\/vincentians.com\/es\/historia-de-los-paules-en-cuba-capitulo-xi-c\/#primaryimage","url":"https:\/\/i0.wp.com\/vincentians.com\/es\/wp-content\/uploads\/sites\/11\/2013\/05\/Cuba-Iglesia-de-La-Milagrosa-La-Habana.png?fit=1218%2C933&ssl=1","contentUrl":"https:\/\/i0.wp.com\/vincentians.com\/es\/wp-content\/uploads\/sites\/11\/2013\/05\/Cuba-Iglesia-de-La-Milagrosa-La-Habana.png?fit=1218%2C933&ssl=1","width":1218,"height":933},{"@type":"BreadcrumbList","@id":"https:\/\/vincentians.com\/es\/historia-de-los-paules-en-cuba-capitulo-xi-c\/#breadcrumb","itemListElement":[{"@type":"ListItem","position":1,"name":"Portada","item":"https:\/\/vincentians.com\/es\/"},{"@type":"ListItem","position":2,"name":"Historia de los Pa\u00fales en Cuba (Cap\u00edtulo XI C)"}]},{"@type":"WebSite","@id":"https:\/\/vincentians.com\/es\/#website","url":"https:\/\/vincentians.com\/es\/","name":"Somos Vicencianos","description":"Know more to serve more","publisher":{"@id":"https:\/\/vincentians.com\/es\/#organization"},"potentialAction":[{"@type":"SearchAction","target":{"@type":"EntryPoint","urlTemplate":"https:\/\/vincentians.com\/es\/?s={search_term_string}"},"query-input":{"@type":"PropertyValueSpecification","valueRequired":true,"valueName":"search_term_string"}}],"inLanguage":"es"},{"@type":"Organization","@id":"https:\/\/vincentians.com\/es\/#organization","name":"The Vincentian Network","url":"https:\/\/vincentians.com\/es\/","logo":{"@type":"ImageObject","inLanguage":"es","@id":"https:\/\/vincentians.com\/es\/#\/schema\/logo\/image\/","url":"https:\/\/i1.wp.com\/vincentians.com\/es\/wp-content\/uploads\/sites\/11\/2016\/06\/Vincentian-Network-logo-big.png?fit=778%2C778","contentUrl":"https:\/\/i1.wp.com\/vincentians.com\/es\/wp-content\/uploads\/sites\/11\/2016\/06\/Vincentian-Network-logo-big.png?fit=778%2C778","width":778,"height":778,"caption":"The Vincentian Network"},"image":{"@id":"https:\/\/vincentians.com\/es\/#\/schema\/logo\/image\/"},"sameAs":["https:\/\/www.facebook.com\/WeAreVincentians\/","https:\/\/x.com\/WeVincentians"]},{"@type":"Person","@id":"https:\/\/vincentians.com\/es\/#\/schema\/person\/7c2670b4445a7ca9d164ea6acdb31859","name":"Mitxel Olabu\u00e9naga","image":{"@type":"ImageObject","inLanguage":"es","@id":"https:\/\/vincentians.com\/es\/#\/schema\/person\/image\/","url":"https:\/\/secure.gravatar.com\/avatar\/34137ec2e2b8939cbbed975731e71f3f4f1defc7266ded337a5ce0f925426877?s=96&d=mm&r=g","contentUrl":"https:\/\/secure.gravatar.com\/avatar\/34137ec2e2b8939cbbed975731e71f3f4f1defc7266ded337a5ce0f925426877?s=96&d=mm&r=g","caption":"Mitxel Olabu\u00e9naga"},"url":"https:\/\/vincentians.com\/es\/author\/mitxel\/"}]}},"jetpack_publicize_connections":[],"jetpack_featured_media_url":"https:\/\/i0.wp.com\/vincentians.com\/es\/wp-content\/uploads\/sites\/11\/2013\/05\/Cuba-Iglesia-de-La-Milagrosa-La-Habana.png?fit=1218%2C933&ssl=1","jetpack_sharing_enabled":true,"jetpack_shortlink":"https:\/\/wp.me\/p7ETMF-wn2","jetpack-related-posts":[{"id":124421,"url":"https:\/\/vincentians.com\/es\/historia-de-los-paules-en-cuba-capitulo-x-a\/","url_meta":{"origin":124436,"position":0},"title":"Historia de los PA\u00daLES en Cuba (Cap\u00edtulo X A)","author":"Mitxel Olabu\u00e9naga","date":"13\/04\/2023","format":false,"excerpt":"1. La Obra de las Misiones en la Iglesia de San Francisco, Santiago de Cuba. El 28 de junio de 1925 comenz\u00f3 en Santiago de Cuba el episcopado de Mons. Valent\u00edn Zubizarreta y Unamunsaga, y con su incorporaci\u00f3n a la Arquidi\u00f3cesis, comenz\u00f3 a funcionar la Obra de las Misiones Parroquiales\u2026","rel":"","context":"En \u00abHistoria de la Congregaci\u00f3n de la Misi\u00f3n\u00bb","block_context":{"text":"Historia de la Congregaci\u00f3n de la Misi\u00f3n","link":"https:\/\/vincentians.com\/es\/category\/historia-de-la-familia-vicenciana\/historia-de-la-congregacion-de-la-mision\/"},"img":{"alt_text":"","src":"https:\/\/i0.wp.com\/vincentians.com\/es\/wp-content\/uploads\/sites\/11\/2013\/05\/Cuba-Iglesia-de-La-Milagrosa-La-Habana.png?fit=1200%2C919&ssl=1&resize=350%2C200","width":350,"height":200,"srcset":"https:\/\/i0.wp.com\/vincentians.com\/es\/wp-content\/uploads\/sites\/11\/2013\/05\/Cuba-Iglesia-de-La-Milagrosa-La-Habana.png?fit=1200%2C919&ssl=1&resize=350%2C200 1x, https:\/\/i0.wp.com\/vincentians.com\/es\/wp-content\/uploads\/sites\/11\/2013\/05\/Cuba-Iglesia-de-La-Milagrosa-La-Habana.png?fit=1200%2C919&ssl=1&resize=525%2C300 1.5x, https:\/\/i0.wp.com\/vincentians.com\/es\/wp-content\/uploads\/sites\/11\/2013\/05\/Cuba-Iglesia-de-La-Milagrosa-La-Habana.png?fit=1200%2C919&ssl=1&resize=700%2C400 2x, https:\/\/i0.wp.com\/vincentians.com\/es\/wp-content\/uploads\/sites\/11\/2013\/05\/Cuba-Iglesia-de-La-Milagrosa-La-Habana.png?fit=1200%2C919&ssl=1&resize=1050%2C600 3x"},"classes":[]},{"id":124447,"url":"https:\/\/vincentians.com\/es\/historia-de-los-paules-en-cuba-capitulo-xii-e\/","url_meta":{"origin":124436,"position":1},"title":"Historia de los PA\u00daLES en Cuba (CAP\u00cdTULO XII E)","author":"Mitxel Olabu\u00e9naga","date":"27\/05\/2023","format":false,"excerpt":"5. Despu\u00e9s del \u00e9xodo de los Misioneros. Un futuro con muchos nubarrones. En aquel momento, como ahora, uno de los temas que m\u00e1s se discut\u00edan era la cuesti\u00f3n de las vocaciones. Por m\u00e1s de cien a\u00f1os, la Iglesia Cat\u00f3lica que vive y trabaja en la Isla ha experimentado escasez de\u2026","rel":"","context":"En \u00abHistoria de la Congregaci\u00f3n de la Misi\u00f3n\u00bb","block_context":{"text":"Historia de la Congregaci\u00f3n de la Misi\u00f3n","link":"https:\/\/vincentians.com\/es\/category\/historia-de-la-familia-vicenciana\/historia-de-la-congregacion-de-la-mision\/"},"img":{"alt_text":"","src":"https:\/\/i0.wp.com\/vincentians.com\/es\/wp-content\/uploads\/sites\/11\/2013\/05\/Cuba-Iglesia-de-La-Milagrosa-La-Habana.png?fit=1200%2C919&ssl=1&resize=350%2C200","width":350,"height":200,"srcset":"https:\/\/i0.wp.com\/vincentians.com\/es\/wp-content\/uploads\/sites\/11\/2013\/05\/Cuba-Iglesia-de-La-Milagrosa-La-Habana.png?fit=1200%2C919&ssl=1&resize=350%2C200 1x, https:\/\/i0.wp.com\/vincentians.com\/es\/wp-content\/uploads\/sites\/11\/2013\/05\/Cuba-Iglesia-de-La-Milagrosa-La-Habana.png?fit=1200%2C919&ssl=1&resize=525%2C300 1.5x, https:\/\/i0.wp.com\/vincentians.com\/es\/wp-content\/uploads\/sites\/11\/2013\/05\/Cuba-Iglesia-de-La-Milagrosa-La-Habana.png?fit=1200%2C919&ssl=1&resize=700%2C400 2x, https:\/\/i0.wp.com\/vincentians.com\/es\/wp-content\/uploads\/sites\/11\/2013\/05\/Cuba-Iglesia-de-La-Milagrosa-La-Habana.png?fit=1200%2C919&ssl=1&resize=1050%2C600 3x"},"classes":[]},{"id":124444,"url":"https:\/\/vincentians.com\/es\/historia-de-los-paules-en-cuba-capitulo-xii-d\/","url_meta":{"origin":124436,"position":2},"title":"Historia de los PA\u00daLES en Cuba (CAP\u00cdTULO XII D)","author":"Mitxel Olabu\u00e9naga","date":"21\/05\/2023","format":false,"excerpt":"4. Las Parroquias bajo m\u00ednimos despu\u00e9s del \u00e9xodo. En el a\u00f1o 1966, por ejemplo, y seg\u00fan el Cat\u00e1logo de la Congregaci\u00f3n de la Misi\u00f3n, hab\u00eda solamente 10 Padres Pa\u00fales y un Hermano, que se encontraban repartidos en siete casas de la forma siguiente. Recordemos que en tiempos de bonanza hubo\u2026","rel":"","context":"En \u00abHistoria de la Congregaci\u00f3n de la Misi\u00f3n\u00bb","block_context":{"text":"Historia de la Congregaci\u00f3n de la Misi\u00f3n","link":"https:\/\/vincentians.com\/es\/category\/historia-de-la-familia-vicenciana\/historia-de-la-congregacion-de-la-mision\/"},"img":{"alt_text":"","src":"https:\/\/i0.wp.com\/vincentians.com\/es\/wp-content\/uploads\/sites\/11\/2013\/05\/Cuba-Iglesia-de-La-Milagrosa-La-Habana.png?fit=1200%2C919&ssl=1&resize=350%2C200","width":350,"height":200,"srcset":"https:\/\/i0.wp.com\/vincentians.com\/es\/wp-content\/uploads\/sites\/11\/2013\/05\/Cuba-Iglesia-de-La-Milagrosa-La-Habana.png?fit=1200%2C919&ssl=1&resize=350%2C200 1x, https:\/\/i0.wp.com\/vincentians.com\/es\/wp-content\/uploads\/sites\/11\/2013\/05\/Cuba-Iglesia-de-La-Milagrosa-La-Habana.png?fit=1200%2C919&ssl=1&resize=525%2C300 1.5x, https:\/\/i0.wp.com\/vincentians.com\/es\/wp-content\/uploads\/sites\/11\/2013\/05\/Cuba-Iglesia-de-La-Milagrosa-La-Habana.png?fit=1200%2C919&ssl=1&resize=700%2C400 2x, https:\/\/i0.wp.com\/vincentians.com\/es\/wp-content\/uploads\/sites\/11\/2013\/05\/Cuba-Iglesia-de-La-Milagrosa-La-Habana.png?fit=1200%2C919&ssl=1&resize=1050%2C600 3x"},"classes":[]},{"id":121913,"url":"https:\/\/vincentians.com\/es\/historia-de-los-paules-en-cuba-capitulo-viii-a\/","url_meta":{"origin":124436,"position":3},"title":"Historia de los Pa\u00fales en Cuba: Cap\u00edtulo VIII (A)","author":"Mitxel Olabu\u00e9naga","date":"03\/05\/2013","format":false,"excerpt":"1. La Obra de las Misiones Parroquiales. La Congregaci\u00f3n de la Misi\u00f3n, desde su inicio en 1625, ha tenido como uno de sus fines el de dar a conocer el mensaje de Jesucristo por medio de las misiones. De ah\u00ed su nombre. Cuba no ha sido la excepci\u00f3n. Ya en\u2026","rel":"","context":"En \u00abHistoria de la Congregaci\u00f3n de la Misi\u00f3n\u00bb","block_context":{"text":"Historia de la Congregaci\u00f3n de la Misi\u00f3n","link":"https:\/\/vincentians.com\/es\/category\/historia-de-la-familia-vicenciana\/historia-de-la-congregacion-de-la-mision\/"},"img":{"alt_text":"aaa","src":"https:\/\/i0.wp.com\/vicencianos.org\/wp-content\/2013\/05\/aaa.jpg?resize=350%2C200","width":350,"height":200},"classes":[]},{"id":119270,"url":"https:\/\/vincentians.com\/es\/historia-de-los-paules-en-cuba-capitulo-v-e\/","url_meta":{"origin":124436,"position":4},"title":"Historia de los Pa\u00fales en Cuba: Cap\u00edtulo V (E)","author":"Mitxel Olabu\u00e9naga","date":"23\/01\/2022","format":false,"excerpt":"5. Fundaci\u00f3n \"Can\u00f3nica\" de la nueva Provincia de las Antillas. Muchos y muy buenos trabajos hab\u00edan realizado los Misioneros Pa\u00fales en Cuba desde su llegada a estas tierras el 13 de Noviembre de 1862. Guiados y dependiendo siempre de los Superiores de la Provincia Can\u00f3nica de Madrid, a cuya jurisdicci\u00f3n\u2026","rel":"","context":"En \u00abHistoria de la Congregaci\u00f3n de la Misi\u00f3n\u00bb","block_context":{"text":"Historia de la Congregaci\u00f3n de la Misi\u00f3n","link":"https:\/\/vincentians.com\/es\/category\/historia-de-la-familia-vicenciana\/historia-de-la-congregacion-de-la-mision\/"},"img":{"alt_text":"","src":"https:\/\/i0.wp.com\/vincentians.com\/es\/wp-content\/uploads\/sites\/11\/2013\/04\/Entorno-de-San-Vicente-6-Berceau.jpg?fit=640%2C421&ssl=1&resize=350%2C200","width":350,"height":200,"srcset":"https:\/\/i0.wp.com\/vincentians.com\/es\/wp-content\/uploads\/sites\/11\/2013\/04\/Entorno-de-San-Vicente-6-Berceau.jpg?fit=640%2C421&ssl=1&resize=350%2C200 1x, https:\/\/i0.wp.com\/vincentians.com\/es\/wp-content\/uploads\/sites\/11\/2013\/04\/Entorno-de-San-Vicente-6-Berceau.jpg?fit=640%2C421&ssl=1&resize=525%2C300 1.5x"},"classes":[]},{"id":119323,"url":"https:\/\/vincentians.com\/es\/historia-de-los-paules-en-cuba-capitulo-vii-bb\/","url_meta":{"origin":124436,"position":5},"title":"Historia de los Pa\u00fales en Cuba: Cap\u00edtulo VII (BB)","author":"Mitxel Olabu\u00e9naga","date":"11\/04\/2022","format":false,"excerpt":"El Almanaque de la Caridad En la medida en que se fueron incorporando a la Iglesia de la Merced los Padres Juan \u00c1lvarez, Miguel Guti\u00e9rrez, Ram\u00f3n Gaude, Hilario Chaurrondo e Isidro Navas, el apostolado de los Pa\u00fales se fue enriqueciendo cada vez m\u00e1s. En 1919 el P. Chaurrondo comenz\u00f3 a\u2026","rel":"","context":"En \u00abHistoria de la Congregaci\u00f3n de la Misi\u00f3n\u00bb","block_context":{"text":"Historia de la Congregaci\u00f3n de la Misi\u00f3n","link":"https:\/\/vincentians.com\/es\/category\/historia-de-la-familia-vicenciana\/historia-de-la-congregacion-de-la-mision\/"},"img":{"alt_text":"","src":"https:\/\/i0.wp.com\/vincentians.com\/es\/wp-content\/uploads\/sites\/11\/2013\/04\/Fort-Dauphin-1.jpg?fit=1200%2C791&ssl=1&resize=350%2C200","width":350,"height":200,"srcset":"https:\/\/i0.wp.com\/vincentians.com\/es\/wp-content\/uploads\/sites\/11\/2013\/04\/Fort-Dauphin-1.jpg?fit=1200%2C791&ssl=1&resize=350%2C200 1x, https:\/\/i0.wp.com\/vincentians.com\/es\/wp-content\/uploads\/sites\/11\/2013\/04\/Fort-Dauphin-1.jpg?fit=1200%2C791&ssl=1&resize=525%2C300 1.5x, https:\/\/i0.wp.com\/vincentians.com\/es\/wp-content\/uploads\/sites\/11\/2013\/04\/Fort-Dauphin-1.jpg?fit=1200%2C791&ssl=1&resize=700%2C400 2x, https:\/\/i0.wp.com\/vincentians.com\/es\/wp-content\/uploads\/sites\/11\/2013\/04\/Fort-Dauphin-1.jpg?fit=1200%2C791&ssl=1&resize=1050%2C600 3x"},"classes":[]}],"_links":{"self":[{"href":"https:\/\/vincentians.com\/es\/wp-json\/wp\/v2\/posts\/124436","targetHints":{"allow":["GET"]}}],"collection":[{"href":"https:\/\/vincentians.com\/es\/wp-json\/wp\/v2\/posts"}],"about":[{"href":"https:\/\/vincentians.com\/es\/wp-json\/wp\/v2\/types\/post"}],"author":[{"embeddable":true,"href":"https:\/\/vincentians.com\/es\/wp-json\/wp\/v2\/users\/5"}],"replies":[{"embeddable":true,"href":"https:\/\/vincentians.com\/es\/wp-json\/wp\/v2\/comments?post=124436"}],"version-history":[{"count":1,"href":"https:\/\/vincentians.com\/es\/wp-json\/wp\/v2\/posts\/124436\/revisions"}],"predecessor-version":[{"id":404780,"href":"https:\/\/vincentians.com\/es\/wp-json\/wp\/v2\/posts\/124436\/revisions\/404780"}],"wp:featuredmedia":[{"embeddable":true,"href":"https:\/\/vincentians.com\/es\/wp-json\/wp\/v2\/media\/404164"}],"wp:attachment":[{"href":"https:\/\/vincentians.com\/es\/wp-json\/wp\/v2\/media?parent=124436"}],"wp:term":[{"taxonomy":"category","embeddable":true,"href":"https:\/\/vincentians.com\/es\/wp-json\/wp\/v2\/categories?post=124436"},{"taxonomy":"post_tag","embeddable":true,"href":"https:\/\/vincentians.com\/es\/wp-json\/wp\/v2\/tags?post=124436"}],"curies":[{"name":"wp","href":"https:\/\/api.w.org\/{rel}","templated":true}]}}