{"id":124195,"date":"2023-03-01T08:32:28","date_gmt":"2023-03-01T07:32:28","guid":{"rendered":"http:\/\/somos.vicencianos.org\/?p=124195"},"modified":"2022-12-29T12:35:35","modified_gmt":"2022-12-29T11:35:35","slug":"vicente-de-paul-empresas-de-caridad","status":"publish","type":"post","link":"https:\/\/vincentians.com\/es\/vicente-de-paul-empresas-de-caridad\/","title":{"rendered":"Vicente de Pa\u00fal: Empresas de caridad"},"content":{"rendered":"<p>Cuando Vicente, unos d\u00edas antes de la Navidad de 1617, volvi\u00f3 a casa de los Gond\u00ed, volv\u00eda como un dechado de pastores y victorioso con sus \u00e9xitos de Chatillon a la espalda. No iba para dedicarse a su peque\u00f1o trabajo de antes como preceptor de los hijos de los Se\u00f1ores, ni para ser uno m\u00e1s de los dom\u00e9sticos de la familia, sino para ser el Ayudante &#8211; Consejero- de los Se\u00f1ores en todo lo concerniente a las obras de caridad que ellos no pod\u00edan hacer personalmente. La posici\u00f3n del Se\u00f1or de Gond\u00ed era de almirante de la marina de guerra y decidi\u00f3 que el P. Vicente asumiera el puesto de capell\u00e1n mayor de las galeras, los nav\u00edos de guerra. Adem\u00e1s Vicente recibi\u00f3 autorizaci\u00f3n para visitar todas las dependencias de la marina donde fuera con la idea de hacer su trabajo de promoci\u00f3n de los condenados a las galeras. El sacerdote Vicente iniciaba as\u00ed su carrera en los asuntos de la naci\u00f3n.<\/p>\n<p>MISIONES<\/p>\n<p>El gran plan de Vicente era procurar la salvaci\u00f3n de los pobres del campo y de las aldeas. Hab\u00eda comenzado esto con la predicaci\u00f3n de Folleville. Ahora prepar\u00f3 un proyecto de misiones de las parroquias, que inclu\u00eda tambi\u00e9n las veinte peque\u00f1as villas del territorio de los Gond\u00ed.<\/p>\n<p>Las misiones intentaban re-evangelizar las parroquias para que los fieles llegaran a comprender su fe y cumplir con sus deberes de cat\u00f3licos. Los misioneros eran los sacerdotes, que sol\u00edan ser dos, tres y hasta cuatro y que llegaban al pueblo y alquilaban una casa para residir en ella y quedarse dos semanas y, a veces, hasta dos meses dedic\u00e1ndose a la misi\u00f3n. El horario de la misi\u00f3n se arreglaba seg\u00fan los trabajos de los fieles empezando, por esa raz\u00f3n, temprano en la ma\u00f1ana. Primero se ense\u00f1aban los temas b\u00e1sicos de la fe y los deberes del cristiano. Pasado el mediod\u00eda ten\u00eda lugar la catequesis de los ni\u00f1os y de los j\u00f3venes, que con gran regocijo eran as\u00ed instruidos por primera vez en su vida. Esta ense\u00f1anza de los j\u00f3venes se presentaba por medio de historietas y juegos agradables para aprender y recordar con facilidad. Al atardecer, terminados los trabajos del campo, se ten\u00eda el catecismo de adultos donde los mayores eran instruidos sobre los art\u00edculos de la fe, las leyes de Dios y las de la iglesia, los sacramentos y las oraciones principales. El final de la misi\u00f3n era una gran fiesta con la recepci\u00f3n de la eucarist\u00eda, precedida por una procesi\u00f3n del Sant\u00edsimo Sacramento. Y a este final se antepon\u00edan las confesiones. Con frecuencia esta era la primera vez que aquellos cristianos expresaban su fe de esta manera. Quedaban embelesados. Adem\u00e1s, las misiones facilitaban el ambiente de la caridad.<\/p>\n<p>ASOCIACIONES DE LA CARIDAD<\/p>\n<p>Donde quiera que Vicente daba misiones, establec\u00eda la Asociaci\u00f3n de Caridad a la manera de Chatillon. Los miembros recib\u00edan instrucciones sobre espiritualidad, tales como la devoci\u00f3n a la Virgen Mar\u00eda y la manera de preparar la comida de los pobres enfermos, el modo de atraerlos a los sacramentos, el m\u00e9todo de conseguir dinero o limosnas y la manera de enterrar a los indigentes que fallec\u00edan. Y, por supuesto, se adiestraba a los l\u00edderes sobre c\u00f3mo animar a los socios. Muchas veces estas asociaciones se injertaban en una de las cofrad\u00edas ya existentes, tales como la del Sant\u00edsimo Sacramento, del Rosario, o del Nombre de Jes\u00fas.<b><\/b><\/p>\n<p>Hubo asociaciones de mujeres, de hombres y algunas mixtas. El trabajo de las mujeres era el cuidado de los enfermos pobres, como hab\u00eda sido en Chatillon. El trabajo de los hombres era promover las escuelas de oficios para los j\u00f3venes. Concluida la ense\u00f1anza del oficio, los nuevos trabajadores ense\u00f1aban a otros gratuitamente. La Se\u00f1ora de Gond\u00ed se ocupaba de planificar la fundaci\u00f3n de estas asociaciones de caridad y las ayudaba con sus fondos. El P. Vicente fue comprendiendo cada vez mejor que no aprovechaba gran cosa el trabajo individual a no ser que fuera compartido con otros hombres, fueran laicos, hermanas o cl\u00e9rigos.<\/p>\n<p>Muchas de las asociaciones se fundaron en villas peque\u00f1as, una por parroquia. Hubo alguna excepci\u00f3n; se establecieron en una gran ciudad, en Mac\u00f3n no lejos de Chatillon. El a\u00f1o 1621, el alcalde se present\u00f3 al P. Vicente para pedirle que viniera a poner orden en su tumultuosa ciudad. Vicente convoc\u00f3 a los principales de la ciudad en el sal\u00f3n municipal. Decidieron establecer dos Asociaciones de Caridad, una de mujeres y otra de hombres. Despu\u00e9s, empadronaron a todos los pordioseros de la urbe y recolectaron dinero y otras cosas necesarias. Los que estaban en las listas recib\u00edan ayuda para la comida y algo de dinero cada domingo despu\u00e9s de la misa y se les prohib\u00eda andar pidiendo durante la semana. Tambi\u00e9n aquellos que no pod\u00edan venir a recoger la limosna eran atendidos. El plan tuvo \u00e9xito y toda la ciudad respir\u00f3 al ver orden y caridad en sus calles. Este experimento fue pionero de las asociaciones que m\u00e1s tarde fundar\u00eda el Beato Federico Ozan\u00e1n. Incluso fue el origen de los ministerios de bienestar que luego impondr\u00edan los gobiernos civiles de muchos pa\u00edses para ayudar a los indigentes.<\/p>\n<p>LOS PRESOS DE LAS GALERAS<\/p>\n<p>Las galeras, naves de guerra, bajo el mando del Almirante Gond\u00ed, se mov\u00edan a golpe de remo con la fuerza de los galeotes. Cada galera pod\u00eda tener hasta cien galeotes, cada una con uno o dos vigilantes, que manejaban el l\u00e1tigo. \u00bfQu\u00e9 clase de hombres eran estos, llamados \u00abgaleotes?\u00bb Todos eran presos, condenados por sus cr\u00edmenes antisociales: robos, asaltos, asesinatos.<\/p>\n<p>Al ser enemigos declarados de la sociedad, no se les estimaba en nada, y eran maltratados por la soldadesca y los oficiales. De hecho no hab\u00eda nadie que se doliese de los galeotes. Las galeras de Francia se mov\u00edan no s\u00f3lo sobre las aguas del mar profundo sino tambi\u00e9n sobre el dolor, las l\u00e1grimas y la sangre de los condenados a remar. Pero tambi\u00e9n por ellos hab\u00eda dicho Cristo: \u00abtal como les trat\u00e9is, ser\u00e9is tratados\u00bb. El P. Vicente se compadeci\u00f3 de su suerte y decidi\u00f3 compartir con ellos las gracias de la revelaci\u00f3n.<\/p>\n<p>Comenz\u00f3 por mejorar la prisi\u00f3n en cuyas profundidades se les encerraba mientras eran transferidos a las zonas mar\u00edtimas. La c\u00e1rcel estaba llena de enfermos y de suciedad. Los presos eran mantenidos siempre en cadenas y el hambre era aguda y permanente. No ten\u00edan valedores ni abogados que les representasen ante los jueces o los poderosos del reino y, por ello, ser condenado a galeras era perder toda esperanza. Cuando el P. Vicente empez\u00f3 a visitarles en las c\u00e1rceles pidi\u00f3 inmediatamente al Almirante General en Jefe de las Galeras, que fueran trasladados a otro edificio mejor de Par\u00eds y que se les proporcionase mejor alimentaci\u00f3n. Tambi\u00e9n pidi\u00f3 al Obispo de Par\u00eds que mandase a todos los sacerdotes de la di\u00f3cesis que les atendiesen en sus necesidades corporales y espirituales. \u00c9l mismo les predic\u00f3 una misi\u00f3n para darles las mismas oportunidades que a cualquier cristiano. \u00c9l, en persona, hizo un viaje al sur, a Marsella, para llevar el consuelo a los que ya se hallaban en las galeras. Los presos recibieron agradecidos este servicio espiritual. Aunque los misioneros no pudieran prometerles la libertad, les mejoraban y fortalec\u00edan su autoestima.<\/p>\n<p>El P. Vicente mand\u00f3 hacer planes para un hospital adecuado para los galeotes en la ciudad de Marsella. Se requer\u00eda un hospital especial porque los galeotes sufr\u00edan con frecuencia heridas de guerra o de flagelaciones violentas a manos de los vigilantes y oficiales cuando los nav\u00edos necesitaban aumentar su velocidad. El Almirantazgo comenz\u00f3 la construcci\u00f3n aunque, por falta de medios, se necesitaron veinticinco a\u00f1os para terminarlo. Y el P. Vicente envi\u00f3 sacerdotes y hermanas para servir a los galeotes siempre que le fue posible.<\/p>\n<p>SAN FRANCISCO DE SALES<\/p>\n<p>Francisco de Sales, el Obispo de Ginebra, en Suiza, fue uno de los hombres destacados de la Iglesia Cat\u00f3lica de los pa\u00edses franc\u00f3fonos. Como hemos visto, escribi\u00f3 un interesante libro sobre la devoci\u00f3n en la vida del cristiano, \u00abLa Introducci\u00f3n a la Vida Devota\u00bb y otro gran libro titulado \u00abEl Amor de Dios\u00bb.<\/p>\n<p>Este segundo libro hab\u00eda sido escrito para las Religiosas de la Visitaci\u00f3n que \u00e9l mismo hab\u00eda fundado. Al establecer una casa en Par\u00eds andaba buscando un sacerdote que fuera su superior y director espiritual. Es posible que hubiera o\u00eddo hablar de Vicente por el gran trabajo que hizo en Chatillon, cerca de su di\u00f3cesis. De todos modos, Francisco de Sales, en el a\u00f1o 1618, design\u00f3 a Vicente como superior de estas religiosas de la ciudad de Par\u00eds. Aunque no tenemos datos de otras relaciones entre los dos, est\u00e1 claro que el P. Vicente y el Obispo Francisco de Sales se conocieron bien y que Vicente siempre vener\u00f3 al Obispo. Confes\u00f3 este aprecio un d\u00eda exclamando en voz alta durante la oraci\u00f3n \u00bb Oh, Dios m\u00edo, que grande tiene que ser tu bondad, que has hecho a Francisco tan bueno!\u00bb. Despu\u00e9s de la muerte del Obispo, en el a\u00f1o 1622, el P. Vicente continu\u00f3 practicando su doctrina y virtudes y aconsejando a los suyos, laicos, hermanas y padres que leyesen sus libros y siguieran sus directrices. Junto con Berulle y Duval, el Obispo fue el maestro espiritual de Vicente de Pa\u00fal.<\/p>\n<p>LA SE\u00d1AL DEFINITIVA<\/p>\n<p>Mientras Vicente predicaba en la ciudad de Montmirail entr\u00f3 en conversaci\u00f3n sobre el catolicismo con un protestante. \u00c9ste le dijo: \u00abUsted dice que la Iglesia cat\u00f3lica es guiada por el Esp\u00edritu Santo. No lo puedo creer porque hay muchos cat\u00f3licos en los pueblos rurales cuidados por curas que ni son buenos ni tienen la ciencia necesaria, mientras que las grandes poblaciones est\u00e1n m\u00e1s que saturadas de curas sin ning\u00fan trabajo. Es m\u00e1s, en Par\u00eds hay diez mil religiosos y los pobres, que residen all\u00ed, est\u00e1n en peligro de perderse a causa de su ignorancia. \u00bfMe va a decir a m\u00ed que esto se hace bajo la inspiraci\u00f3n del Esp\u00edritu<\/p>\n<p>Santo?\u00bb. Aunque Vicente defendi\u00f3 a la Iglesia con varias razones, no dej\u00f3 de comprender que su adversario no se hab\u00eda equivocado. Era necesario promover en los sacerdotes una mayor entrega a su vocaci\u00f3n. Vicente se entreg\u00f3 con m\u00e1s ardor y se aplic\u00f3 m\u00e1s a dar misiones con otros sacerdotes amigos suyos. Aquel protestante asisti\u00f3 a una de ellas para ver los resultados. Un mes despu\u00e9s visit\u00f3 al P. Vicente de nuevo y le dijo: \u00abAhora s\u00e9 que El Esp\u00edritu Santo dirige la Iglesia de Roma para que los pobres campesinos se salven. Estoy dispuesto a volver a esa Iglesia si Ud. esta dispuesto a recibirme\u00bb.<\/p>\n<p>Vicente se alegr\u00f3 de esa conversi\u00f3n y se afirm\u00f3 en su convicci\u00f3n del valor de su metodolog\u00eda pastoral. Esta era la se\u00f1al definitiva de que hab\u00eda elegido bien su camino en la vida. Cuando el protestante aleg\u00f3 algunas dificultades acerca de las im\u00e1genes de culto, antes de confesarle, Vicente llam\u00f3 a un muchacho para que respondiese a la dificultad seg\u00fan lo ense\u00f1ado en la catequesis de la misi\u00f3n. El muchacho ofreci\u00f3 inmediatamente la respuesta aprendida. El protestante, confirmada su fe, fue recibido en la Iglesia pocos d\u00edas despu\u00e9s, con gran alegr\u00eda de todos. El comentario de Vicente sobre este suceso fue: \u00abLos misioneros somos afortunados porque hemos sido llamados a mostrar a los fieles que el Esp\u00edritu Santo mueve a la Iglesia y con nuestro trabajo evangelizar a los pobres\u00bb.<\/p>\n<p>LA \u00daLTIMA TENCACI\u00d3N<\/p>\n<p>El a\u00f1o1623, hall\u00e1ndose las galeras en Burdeos, el P.<b> <\/b>Vicente dio una misi\u00f3n para los galeotes. Burdeos queda cerca del lugar donde \u00e9l hab\u00eda nacido. El P. Vicente decidi\u00f3 visitar a sus familiares. Hac\u00eda unos veinticinco a\u00f1os que no los ve\u00eda. Se daba cuenta de que hab\u00eda un peligro en la visita pues suced\u00eda con frecuencia que los sacerdotes se desmoralizaban al ver los problemas de sus familias que les ped\u00edan su ayuda. Sin embargo, habi\u00e9ndose aconsejado, decidi\u00f3 pasar a verlos.<\/p>\n<p>Lleg\u00f3 a Pouy y se hosped\u00f3 con el p\u00e1rroco. Renov\u00f3 las promesas del bautismo en la iglesia. Presidi\u00f3 una peregrinaci\u00f3n de familiares y vecinos al santuario de la Virgen de la Buglose, un lugar de peregrinaje de las cercan\u00edas. Por primera vez sinti\u00f3 grandes deseos de llevar a cabo el deseo de su padre, que le hab\u00eda encaminado hacia los estudios sacerdotales para ayudar a los suyos. Les anim\u00f3 a vivir bien como cristianos. Y les explic\u00f3 que no deb\u00edan esperar favores suyos porque todo lo que ten\u00eda era de Dios. Luego parti\u00f3 para Burdeos a dar la misi\u00f3n. Pero en el camino, Vicente se sinti\u00f3 grandemente tentado y empez\u00f3 a verter l\u00e1grimas pensando: \u00bfNo ser\u00eda mejor poner a un lado este trabajo de predicar y ayudar a los pobres diariamente y anteponer la ayuda a su familia, como un d\u00eda hab\u00eda pensado al ir a estudiar a Tolosa? \u00c9l ten\u00eda la oportunidad de ser un cura de la di\u00f3cesis como lo era otro miembro de su familia. Esta era la tentaci\u00f3n propia de un hombre maduro que hace un alto en su vida. Se parece a la tentaci\u00f3n de los israelitas en el desierto pensando en las cebollas de Egipto. Por tres meses enteros estuvo dudando de su vocaci\u00f3n.<\/p>\n<p>Por fin Vicente or\u00f3 pidiendo a Dios que le librara de esta tentaci\u00f3n como le hab\u00eda librado de la tentaci\u00f3n sobre la fe hac\u00eda unos diez a\u00f1os. Persever\u00f3 pidiendo este favor en sus oraciones hasta que se le concedi\u00f3 lo que deseaba. Pasada la tentaci\u00f3n, el P. Vicente se sinti\u00f3 a\u00fan m\u00e1s firme en su\u00a0 vocaci\u00f3n, volvi\u00f3 a Par\u00eds y, unos d\u00edas despu\u00e9s, comenz\u00f3 otra misi\u00f3n en la di\u00f3cesis de Chartres.<\/p>\n<p>Durante estos seis o siete a\u00f1os, desde que hab\u00eda empezado su \u00abnoviciado de conversi\u00f3n\u00bb, el P. Vicente hab\u00eda progresado en su servicio y apostolado del amor a nivel local y nacional. Sinti\u00f3 tambi\u00e9n que se hab\u00eda consolidado su vocaci\u00f3n personal de compartir la gracia con los dem\u00e1s desinteresadamente. Ahora va a empezar a reunir junto a s\u00ed a otros compa\u00f1eros y ayudantes que compartan y realicen este plan de extender el reino de Dios.<\/p>\n<p>&nbsp;<\/p>\n","protected":false},"excerpt":{"rendered":"<p>Cuando Vicente, unos d\u00edas antes de la Navidad de 1617, volvi\u00f3 a casa de los Gond\u00ed, volv\u00eda como un dechado de pastores y victorioso con sus \u00e9xitos de Chatillon a la espalda. No iba para &#8230; <a href=\"https:\/\/vincentians.com\/es\/vicente-de-paul-empresas-de-caridad\/\" class=\"more-link\">Read More<\/a><\/p>\n","protected":false},"author":4,"featured_media":404146,"comment_status":"open","ping_status":"open","sticky":false,"template":"","format":"standard","meta":{"jetpack_post_was_ever_published":false,"_jetpack_newsletter_access":"","_jetpack_dont_email_post_to_subs":false,"_jetpack_newsletter_tier_id":0,"_jetpack_memberships_contains_paywalled_content":false,"_jetpack_memberships_contains_paid_content":false,"footnotes":"","jetpack_publicize_message":"","jetpack_publicize_feature_enabled":true,"jetpack_social_post_already_shared":true,"jetpack_social_options":{"image_generator_settings":{"template":"highway","default_image_id":0,"font":"","enabled":false},"version":2}},"categories":[5],"tags":[224,173,175,119,131,117,120],"class_list":["post-124195","post","type-post","status-publish","format-standard","has-post-thumbnail","hentry","category-vicente-de-paul","tag-berulle","tag-chatillon-les-dombes","tag-folleville","tag-gondi","tag-montmirail","tag-pouy","tag-senora-de-gondi"],"yoast_head":"<!-- This site is optimized with the Yoast SEO plugin v26.3 - https:\/\/yoast.com\/wordpress\/plugins\/seo\/ -->\n<title>Vicente de Pa\u00fal: Empresas de caridad - Somos Vicencianos<\/title>\n<meta name=\"robots\" content=\"index, follow, max-snippet:-1, max-image-preview:large, max-video-preview:-1\" \/>\n<link rel=\"canonical\" href=\"https:\/\/vincentians.com\/es\/vicente-de-paul-empresas-de-caridad\/\" \/>\n<meta property=\"og:locale\" content=\"es_ES\" \/>\n<meta property=\"og:type\" content=\"article\" \/>\n<meta property=\"og:title\" content=\"Vicente de Pa\u00fal: Empresas de caridad - Somos Vicencianos\" \/>\n<meta property=\"og:description\" content=\"Cuando Vicente, unos d\u00edas antes de la Navidad de 1617, volvi\u00f3 a casa de los Gond\u00ed, volv\u00eda como un dechado de pastores y victorioso con sus \u00e9xitos de Chatillon a la espalda. No iba para ... Read More\" \/>\n<meta property=\"og:url\" content=\"https:\/\/vincentians.com\/es\/vicente-de-paul-empresas-de-caridad\/\" \/>\n<meta property=\"og:site_name\" content=\"Somos Vicencianos\" \/>\n<meta property=\"article:publisher\" content=\"https:\/\/www.facebook.com\/WeAreVincentians\/\" \/>\n<meta property=\"article:author\" content=\"https:\/\/www.facebook.com\/JavierChento\" \/>\n<meta property=\"article:published_time\" content=\"2023-03-01T07:32:28+00:00\" \/>\n<meta property=\"og:image\" content=\"https:\/\/i0.wp.com\/vincentians.com\/es\/wp-content\/uploads\/sites\/11\/2013\/04\/f-8-scaled.jpg?fit=2560%2C1216&ssl=1\" \/>\n\t<meta property=\"og:image:width\" content=\"2560\" \/>\n\t<meta property=\"og:image:height\" content=\"1216\" \/>\n\t<meta property=\"og:image:type\" content=\"image\/jpeg\" \/>\n<meta name=\"author\" content=\"Francisco Javier Fern\u00e1ndez Chento\" \/>\n<meta name=\"twitter:card\" content=\"summary_large_image\" \/>\n<meta name=\"twitter:creator\" content=\"@https:\/\/twitter.com\/javierchento\" \/>\n<meta name=\"twitter:site\" content=\"@WeVincentians\" \/>\n<meta name=\"twitter:label1\" content=\"Escrito por\" \/>\n\t<meta name=\"twitter:data1\" content=\"Francisco Javier Fern\u00e1ndez Chento\" \/>\n\t<meta name=\"twitter:label2\" content=\"Tiempo de lectura\" \/>\n\t<meta name=\"twitter:data2\" content=\"11 minutos\" \/>\n<script type=\"application\/ld+json\" class=\"yoast-schema-graph\">{\"@context\":\"https:\/\/schema.org\",\"@graph\":[{\"@type\":\"Article\",\"@id\":\"https:\/\/vincentians.com\/es\/vicente-de-paul-empresas-de-caridad\/#article\",\"isPartOf\":{\"@id\":\"https:\/\/vincentians.com\/es\/vicente-de-paul-empresas-de-caridad\/\"},\"author\":{\"name\":\"Francisco Javier Fern\u00e1ndez Chento\",\"@id\":\"http:\/\/vincentians.com\/es\/#\/schema\/person\/9623ef4d9aa3b2dfb8c061f1499288f2\"},\"headline\":\"Vicente de Pa\u00fal: Empresas de caridad\",\"datePublished\":\"2023-03-01T07:32:28+00:00\",\"mainEntityOfPage\":{\"@id\":\"https:\/\/vincentians.com\/es\/vicente-de-paul-empresas-de-caridad\/\"},\"wordCount\":2527,\"commentCount\":0,\"publisher\":{\"@id\":\"http:\/\/vincentians.com\/es\/#organization\"},\"image\":{\"@id\":\"https:\/\/vincentians.com\/es\/vicente-de-paul-empresas-de-caridad\/#primaryimage\"},\"thumbnailUrl\":\"https:\/\/i0.wp.com\/vincentians.com\/es\/wp-content\/uploads\/sites\/11\/2013\/04\/f-8-scaled.jpg?fit=2560%2C1216&ssl=1\",\"keywords\":[\"Berulle\",\"Chatillon\",\"Folleville\",\"Gondi\",\"Montmirail\",\"Pouy\",\"Se\u00f1ora de Gondi\"],\"articleSection\":[\"Vicente de Pa\u00fal\"],\"inLanguage\":\"es\",\"potentialAction\":[{\"@type\":\"CommentAction\",\"name\":\"Comment\",\"target\":[\"https:\/\/vincentians.com\/es\/vicente-de-paul-empresas-de-caridad\/#respond\"]}]},{\"@type\":\"WebPage\",\"@id\":\"https:\/\/vincentians.com\/es\/vicente-de-paul-empresas-de-caridad\/\",\"url\":\"https:\/\/vincentians.com\/es\/vicente-de-paul-empresas-de-caridad\/\",\"name\":\"Vicente de Pa\u00fal: Empresas de caridad - Somos Vicencianos\",\"isPartOf\":{\"@id\":\"http:\/\/vincentians.com\/es\/#website\"},\"primaryImageOfPage\":{\"@id\":\"https:\/\/vincentians.com\/es\/vicente-de-paul-empresas-de-caridad\/#primaryimage\"},\"image\":{\"@id\":\"https:\/\/vincentians.com\/es\/vicente-de-paul-empresas-de-caridad\/#primaryimage\"},\"thumbnailUrl\":\"https:\/\/i0.wp.com\/vincentians.com\/es\/wp-content\/uploads\/sites\/11\/2013\/04\/f-8-scaled.jpg?fit=2560%2C1216&ssl=1\",\"datePublished\":\"2023-03-01T07:32:28+00:00\",\"breadcrumb\":{\"@id\":\"https:\/\/vincentians.com\/es\/vicente-de-paul-empresas-de-caridad\/#breadcrumb\"},\"inLanguage\":\"es\",\"potentialAction\":[{\"@type\":\"ReadAction\",\"target\":[\"https:\/\/vincentians.com\/es\/vicente-de-paul-empresas-de-caridad\/\"]}]},{\"@type\":\"ImageObject\",\"inLanguage\":\"es\",\"@id\":\"https:\/\/vincentians.com\/es\/vicente-de-paul-empresas-de-caridad\/#primaryimage\",\"url\":\"https:\/\/i0.wp.com\/vincentians.com\/es\/wp-content\/uploads\/sites\/11\/2013\/04\/f-8-scaled.jpg?fit=2560%2C1216&ssl=1\",\"contentUrl\":\"https:\/\/i0.wp.com\/vincentians.com\/es\/wp-content\/uploads\/sites\/11\/2013\/04\/f-8-scaled.jpg?fit=2560%2C1216&ssl=1\",\"width\":2560,\"height\":1216},{\"@type\":\"BreadcrumbList\",\"@id\":\"https:\/\/vincentians.com\/es\/vicente-de-paul-empresas-de-caridad\/#breadcrumb\",\"itemListElement\":[{\"@type\":\"ListItem\",\"position\":1,\"name\":\"Portada\",\"item\":\"http:\/\/vincentians.com\/es\/\"},{\"@type\":\"ListItem\",\"position\":2,\"name\":\"Vicente de Pa\u00fal: Empresas de caridad\"}]},{\"@type\":\"WebSite\",\"@id\":\"http:\/\/vincentians.com\/es\/#website\",\"url\":\"http:\/\/vincentians.com\/es\/\",\"name\":\"Somos Vicencianos\",\"description\":\"Know more to serve more\",\"publisher\":{\"@id\":\"http:\/\/vincentians.com\/es\/#organization\"},\"potentialAction\":[{\"@type\":\"SearchAction\",\"target\":{\"@type\":\"EntryPoint\",\"urlTemplate\":\"http:\/\/vincentians.com\/es\/?s={search_term_string}\"},\"query-input\":{\"@type\":\"PropertyValueSpecification\",\"valueRequired\":true,\"valueName\":\"search_term_string\"}}],\"inLanguage\":\"es\"},{\"@type\":\"Organization\",\"@id\":\"http:\/\/vincentians.com\/es\/#organization\",\"name\":\"The Vincentian Network\",\"url\":\"http:\/\/vincentians.com\/es\/\",\"logo\":{\"@type\":\"ImageObject\",\"inLanguage\":\"es\",\"@id\":\"http:\/\/vincentians.com\/es\/#\/schema\/logo\/image\/\",\"url\":\"https:\/\/i1.wp.com\/vincentians.com\/es\/wp-content\/uploads\/sites\/11\/2016\/06\/Vincentian-Network-logo-big.png?fit=778%2C778\",\"contentUrl\":\"https:\/\/i1.wp.com\/vincentians.com\/es\/wp-content\/uploads\/sites\/11\/2016\/06\/Vincentian-Network-logo-big.png?fit=778%2C778\",\"width\":778,\"height\":778,\"caption\":\"The Vincentian Network\"},\"image\":{\"@id\":\"http:\/\/vincentians.com\/es\/#\/schema\/logo\/image\/\"},\"sameAs\":[\"https:\/\/www.facebook.com\/WeAreVincentians\/\",\"https:\/\/x.com\/WeVincentians\"]},{\"@type\":\"Person\",\"@id\":\"http:\/\/vincentians.com\/es\/#\/schema\/person\/9623ef4d9aa3b2dfb8c061f1499288f2\",\"name\":\"Francisco Javier Fern\u00e1ndez Chento\",\"image\":{\"@type\":\"ImageObject\",\"inLanguage\":\"es\",\"@id\":\"http:\/\/vincentians.com\/es\/#\/schema\/person\/image\/\",\"url\":\"https:\/\/secure.gravatar.com\/avatar\/497d5cde87b4c3d097d0315953521681ba2cd523ee66e5077c3711f7021e65de?s=96&d=mm&r=g\",\"contentUrl\":\"https:\/\/secure.gravatar.com\/avatar\/497d5cde87b4c3d097d0315953521681ba2cd523ee66e5077c3711f7021e65de?s=96&d=mm&r=g\",\"caption\":\"Francisco Javier Fern\u00e1ndez Chento\"},\"description\":\"Director General y cofundador de La Red de Formaci\u00f3n Vicenciana. Javier es laico vicenciano, afiliado a la Congregaci\u00f3n de la Misi\u00f3n y miembro del Equipo de Misiones Populares de la provincia can\u00f3nica de Zaragoza (Espa\u00f1a) de la Congregaci\u00f3n de la Misi\u00f3n. Graduado en la Universidad Oberta de Catalunya con cuatro grados (Asistente de direcci\u00f3n, Gesti\u00f3n Administrativa, Recursos Humanos y Contabilidad Avanzada). Bil\u00edng\u00fce Espa\u00f1ol\/Ingl\u00e9s. gestiona y mantiene varias p\u00e1ginas web cristianas y vicencianas, incluida including La Red de Formaci\u00f3n Vicenciana, de la que es cofundador. Actualmente es responsable del \u00e1rea de Espa\u00f1ol de .famvin, la Red de Noticias de la Familia Vicenciana. Tambi\u00e9n es m\u00fasico cat\u00f3lico y ha editado varios discos. Es Director General y cofundador de Trovador, una reconocida compa\u00f1\u00eda discogr\u00e1fica critiana de Espa\u00f1a. Trabaja en las Tecnolog\u00edas de la Informaci\u00f3n, ofreciendo servicios de alojamiento, dise\u00f1o y mantenimiento Web, as\u00ed como asesoramiento, formaci\u00f3n y soluciones inform\u00e1ticas, gesti\u00f3n documental y digitalizaci\u00f3n de textos, edici\u00f3n y maquetaci\u00f3n de libros, revistas, flyers, etc.\",\"sameAs\":[\"http:\/\/chento.org\",\"https:\/\/www.facebook.com\/JavierChento\",\"https:\/\/x.com\/https:\/\/twitter.com\/javierchento\"],\"url\":\"https:\/\/vincentians.com\/es\/author\/chento\/\"}]}<\/script>\n<!-- \/ Yoast SEO plugin. -->","yoast_head_json":{"title":"Vicente de Pa\u00fal: Empresas de caridad - Somos Vicencianos","robots":{"index":"index","follow":"follow","max-snippet":"max-snippet:-1","max-image-preview":"max-image-preview:large","max-video-preview":"max-video-preview:-1"},"canonical":"https:\/\/vincentians.com\/es\/vicente-de-paul-empresas-de-caridad\/","og_locale":"es_ES","og_type":"article","og_title":"Vicente de Pa\u00fal: Empresas de caridad - Somos Vicencianos","og_description":"Cuando Vicente, unos d\u00edas antes de la Navidad de 1617, volvi\u00f3 a casa de los Gond\u00ed, volv\u00eda como un dechado de pastores y victorioso con sus \u00e9xitos de Chatillon a la espalda. No iba para ... Read More","og_url":"https:\/\/vincentians.com\/es\/vicente-de-paul-empresas-de-caridad\/","og_site_name":"Somos Vicencianos","article_publisher":"https:\/\/www.facebook.com\/WeAreVincentians\/","article_author":"https:\/\/www.facebook.com\/JavierChento","article_published_time":"2023-03-01T07:32:28+00:00","og_image":[{"width":2560,"height":1216,"url":"https:\/\/i0.wp.com\/vincentians.com\/es\/wp-content\/uploads\/sites\/11\/2013\/04\/f-8-scaled.jpg?fit=2560%2C1216&ssl=1","type":"image\/jpeg"}],"author":"Francisco Javier Fern\u00e1ndez Chento","twitter_card":"summary_large_image","twitter_creator":"@https:\/\/twitter.com\/javierchento","twitter_site":"@WeVincentians","twitter_misc":{"Escrito por":"Francisco Javier Fern\u00e1ndez Chento","Tiempo de lectura":"11 minutos"},"schema":{"@context":"https:\/\/schema.org","@graph":[{"@type":"Article","@id":"https:\/\/vincentians.com\/es\/vicente-de-paul-empresas-de-caridad\/#article","isPartOf":{"@id":"https:\/\/vincentians.com\/es\/vicente-de-paul-empresas-de-caridad\/"},"author":{"name":"Francisco Javier Fern\u00e1ndez Chento","@id":"http:\/\/vincentians.com\/es\/#\/schema\/person\/9623ef4d9aa3b2dfb8c061f1499288f2"},"headline":"Vicente de Pa\u00fal: Empresas de caridad","datePublished":"2023-03-01T07:32:28+00:00","mainEntityOfPage":{"@id":"https:\/\/vincentians.com\/es\/vicente-de-paul-empresas-de-caridad\/"},"wordCount":2527,"commentCount":0,"publisher":{"@id":"http:\/\/vincentians.com\/es\/#organization"},"image":{"@id":"https:\/\/vincentians.com\/es\/vicente-de-paul-empresas-de-caridad\/#primaryimage"},"thumbnailUrl":"https:\/\/i0.wp.com\/vincentians.com\/es\/wp-content\/uploads\/sites\/11\/2013\/04\/f-8-scaled.jpg?fit=2560%2C1216&ssl=1","keywords":["Berulle","Chatillon","Folleville","Gondi","Montmirail","Pouy","Se\u00f1ora de Gondi"],"articleSection":["Vicente de Pa\u00fal"],"inLanguage":"es","potentialAction":[{"@type":"CommentAction","name":"Comment","target":["https:\/\/vincentians.com\/es\/vicente-de-paul-empresas-de-caridad\/#respond"]}]},{"@type":"WebPage","@id":"https:\/\/vincentians.com\/es\/vicente-de-paul-empresas-de-caridad\/","url":"https:\/\/vincentians.com\/es\/vicente-de-paul-empresas-de-caridad\/","name":"Vicente de Pa\u00fal: Empresas de caridad - Somos Vicencianos","isPartOf":{"@id":"http:\/\/vincentians.com\/es\/#website"},"primaryImageOfPage":{"@id":"https:\/\/vincentians.com\/es\/vicente-de-paul-empresas-de-caridad\/#primaryimage"},"image":{"@id":"https:\/\/vincentians.com\/es\/vicente-de-paul-empresas-de-caridad\/#primaryimage"},"thumbnailUrl":"https:\/\/i0.wp.com\/vincentians.com\/es\/wp-content\/uploads\/sites\/11\/2013\/04\/f-8-scaled.jpg?fit=2560%2C1216&ssl=1","datePublished":"2023-03-01T07:32:28+00:00","breadcrumb":{"@id":"https:\/\/vincentians.com\/es\/vicente-de-paul-empresas-de-caridad\/#breadcrumb"},"inLanguage":"es","potentialAction":[{"@type":"ReadAction","target":["https:\/\/vincentians.com\/es\/vicente-de-paul-empresas-de-caridad\/"]}]},{"@type":"ImageObject","inLanguage":"es","@id":"https:\/\/vincentians.com\/es\/vicente-de-paul-empresas-de-caridad\/#primaryimage","url":"https:\/\/i0.wp.com\/vincentians.com\/es\/wp-content\/uploads\/sites\/11\/2013\/04\/f-8-scaled.jpg?fit=2560%2C1216&ssl=1","contentUrl":"https:\/\/i0.wp.com\/vincentians.com\/es\/wp-content\/uploads\/sites\/11\/2013\/04\/f-8-scaled.jpg?fit=2560%2C1216&ssl=1","width":2560,"height":1216},{"@type":"BreadcrumbList","@id":"https:\/\/vincentians.com\/es\/vicente-de-paul-empresas-de-caridad\/#breadcrumb","itemListElement":[{"@type":"ListItem","position":1,"name":"Portada","item":"http:\/\/vincentians.com\/es\/"},{"@type":"ListItem","position":2,"name":"Vicente de Pa\u00fal: Empresas de caridad"}]},{"@type":"WebSite","@id":"http:\/\/vincentians.com\/es\/#website","url":"http:\/\/vincentians.com\/es\/","name":"Somos Vicencianos","description":"Know more to serve more","publisher":{"@id":"http:\/\/vincentians.com\/es\/#organization"},"potentialAction":[{"@type":"SearchAction","target":{"@type":"EntryPoint","urlTemplate":"http:\/\/vincentians.com\/es\/?s={search_term_string}"},"query-input":{"@type":"PropertyValueSpecification","valueRequired":true,"valueName":"search_term_string"}}],"inLanguage":"es"},{"@type":"Organization","@id":"http:\/\/vincentians.com\/es\/#organization","name":"The Vincentian Network","url":"http:\/\/vincentians.com\/es\/","logo":{"@type":"ImageObject","inLanguage":"es","@id":"http:\/\/vincentians.com\/es\/#\/schema\/logo\/image\/","url":"https:\/\/i1.wp.com\/vincentians.com\/es\/wp-content\/uploads\/sites\/11\/2016\/06\/Vincentian-Network-logo-big.png?fit=778%2C778","contentUrl":"https:\/\/i1.wp.com\/vincentians.com\/es\/wp-content\/uploads\/sites\/11\/2016\/06\/Vincentian-Network-logo-big.png?fit=778%2C778","width":778,"height":778,"caption":"The Vincentian Network"},"image":{"@id":"http:\/\/vincentians.com\/es\/#\/schema\/logo\/image\/"},"sameAs":["https:\/\/www.facebook.com\/WeAreVincentians\/","https:\/\/x.com\/WeVincentians"]},{"@type":"Person","@id":"http:\/\/vincentians.com\/es\/#\/schema\/person\/9623ef4d9aa3b2dfb8c061f1499288f2","name":"Francisco Javier Fern\u00e1ndez Chento","image":{"@type":"ImageObject","inLanguage":"es","@id":"http:\/\/vincentians.com\/es\/#\/schema\/person\/image\/","url":"https:\/\/secure.gravatar.com\/avatar\/497d5cde87b4c3d097d0315953521681ba2cd523ee66e5077c3711f7021e65de?s=96&d=mm&r=g","contentUrl":"https:\/\/secure.gravatar.com\/avatar\/497d5cde87b4c3d097d0315953521681ba2cd523ee66e5077c3711f7021e65de?s=96&d=mm&r=g","caption":"Francisco Javier Fern\u00e1ndez Chento"},"description":"Director General y cofundador de La Red de Formaci\u00f3n Vicenciana. Javier es laico vicenciano, afiliado a la Congregaci\u00f3n de la Misi\u00f3n y miembro del Equipo de Misiones Populares de la provincia can\u00f3nica de Zaragoza (Espa\u00f1a) de la Congregaci\u00f3n de la Misi\u00f3n. Graduado en la Universidad Oberta de Catalunya con cuatro grados (Asistente de direcci\u00f3n, Gesti\u00f3n Administrativa, Recursos Humanos y Contabilidad Avanzada). Bil\u00edng\u00fce Espa\u00f1ol\/Ingl\u00e9s. gestiona y mantiene varias p\u00e1ginas web cristianas y vicencianas, incluida including La Red de Formaci\u00f3n Vicenciana, de la que es cofundador. Actualmente es responsable del \u00e1rea de Espa\u00f1ol de .famvin, la Red de Noticias de la Familia Vicenciana. Tambi\u00e9n es m\u00fasico cat\u00f3lico y ha editado varios discos. Es Director General y cofundador de Trovador, una reconocida compa\u00f1\u00eda discogr\u00e1fica critiana de Espa\u00f1a. Trabaja en las Tecnolog\u00edas de la Informaci\u00f3n, ofreciendo servicios de alojamiento, dise\u00f1o y mantenimiento Web, as\u00ed como asesoramiento, formaci\u00f3n y soluciones inform\u00e1ticas, gesti\u00f3n documental y digitalizaci\u00f3n de textos, edici\u00f3n y maquetaci\u00f3n de libros, revistas, flyers, etc.","sameAs":["http:\/\/chento.org","https:\/\/www.facebook.com\/JavierChento","https:\/\/x.com\/https:\/\/twitter.com\/javierchento"],"url":"https:\/\/vincentians.com\/es\/author\/chento\/"}]}},"jetpack_publicize_connections":[],"jetpack_featured_media_url":"https:\/\/i0.wp.com\/vincentians.com\/es\/wp-content\/uploads\/sites\/11\/2013\/04\/f-8-scaled.jpg?fit=2560%2C1216&ssl=1","jetpack_sharing_enabled":true,"jetpack_shortlink":"https:\/\/wp.me\/p7ETMF-wj9","jetpack-related-posts":[{"id":387854,"url":"https:\/\/vincentians.com\/es\/san-vicente-amigo-de-los-pobres-anos-de-busqueda-1613-1617\/","url_meta":{"origin":124195,"position":0},"title":"San Vicente: Amigo de los pobres: a\u00f1os de b\u00fasqueda (1613-1617)","author":"Mitxel Olabu\u00e9naga","date":"12\/10\/2016","format":false,"excerpt":"El se\u00f1or Vicente abandona Clichy El pueblo de Clichy guard\u00f3 siempre un grato recuerdo del mejor de sus p\u00e1rrocos. Pero, cuando m\u00e1s entusiasmado estaba \u00e9ste en sus proyectos, le lleg\u00f3 una carta de Berulle: Deb\u00eda cam\u00adbiar sus actividades. El director espiritual le ped\u00eda que volviera a Par\u00eds. Argumenta\u00adba que ser\u00eda\u2026","rel":"","context":"En \u00abFormaci\u00f3n Vicenciana\u00bb","block_context":{"text":"Formaci\u00f3n Vicenciana","link":"https:\/\/vincentians.com\/es\/category\/formacion-vicenciana\/"},"img":{"alt_text":"","src":"https:\/\/i0.wp.com\/vincentians.com\/es\/wp-content\/uploads\/sites\/11\/2016\/07\/st-vincent-de-paul.jpg?fit=1200%2C630&ssl=1&resize=350%2C200","width":350,"height":200,"srcset":"https:\/\/i0.wp.com\/vincentians.com\/es\/wp-content\/uploads\/sites\/11\/2016\/07\/st-vincent-de-paul.jpg?fit=1200%2C630&ssl=1&resize=350%2C200 1x, https:\/\/i0.wp.com\/vincentians.com\/es\/wp-content\/uploads\/sites\/11\/2016\/07\/st-vincent-de-paul.jpg?fit=1200%2C630&ssl=1&resize=525%2C300 1.5x, https:\/\/i0.wp.com\/vincentians.com\/es\/wp-content\/uploads\/sites\/11\/2016\/07\/st-vincent-de-paul.jpg?fit=1200%2C630&ssl=1&resize=700%2C400 2x, https:\/\/i0.wp.com\/vincentians.com\/es\/wp-content\/uploads\/sites\/11\/2016\/07\/st-vincent-de-paul.jpg?fit=1200%2C630&ssl=1&resize=1050%2C600 3x"},"classes":[]},{"id":121663,"url":"https:\/\/vincentians.com\/es\/san-vicente-de-paul-y-los-gondi-capitulo-06\/","url_meta":{"origin":124195,"position":1},"title":"San Vicente de Pa\u00fal y los Gondi: Cap\u00edtulo 06","author":"Francisco Javier Fern\u00e1ndez Chento","date":"09\/07\/2024","format":false,"excerpt":"Cap\u00edtulo VI Vicente de Pa\u00fal en Ch\u00e2tillon-lez-Dombes. - Primera fundaci\u00f3n de una asociaci\u00f3n de sirvientas para los pobres. - Vuelta de Vicente a la casa de los Gondi. - Misiones en sus dominios. - Vicente de Pa\u00fal capell\u00e1n real de las galeras. Al llegar a Ch\u00e2tillon-lez-Dombes, Vicente de Pa\u00fal encontr\u00f3\u2026","rel":"","context":"En \u00abVicente de Pa\u00fal\u00bb","block_context":{"text":"Vicente de Pa\u00fal","link":"https:\/\/vincentians.com\/es\/category\/la-familia-vicenciana\/fundadores\/vicente-de-paul\/"},"img":{"alt_text":"","src":"https:\/\/i0.wp.com\/vincentians.com\/es\/wp-content\/uploads\/sites\/11\/2023\/08\/aaaf.jpg?fit=1200%2C827&ssl=1&resize=350%2C200","width":350,"height":200,"srcset":"https:\/\/i0.wp.com\/vincentians.com\/es\/wp-content\/uploads\/sites\/11\/2023\/08\/aaaf.jpg?fit=1200%2C827&ssl=1&resize=350%2C200 1x, https:\/\/i0.wp.com\/vincentians.com\/es\/wp-content\/uploads\/sites\/11\/2023\/08\/aaaf.jpg?fit=1200%2C827&ssl=1&resize=525%2C300 1.5x, https:\/\/i0.wp.com\/vincentians.com\/es\/wp-content\/uploads\/sites\/11\/2023\/08\/aaaf.jpg?fit=1200%2C827&ssl=1&resize=700%2C400 2x, https:\/\/i0.wp.com\/vincentians.com\/es\/wp-content\/uploads\/sites\/11\/2023\/08\/aaaf.jpg?fit=1200%2C827&ssl=1&resize=1050%2C600 3x"},"classes":[]},{"id":131357,"url":"https:\/\/vincentians.com\/es\/el-senor-vicente-evolucion-de-un-santo-viii\/","url_meta":{"origin":124195,"position":2},"title":"El se\u00f1or Vicente, evoluci\u00f3n de un santo (VIII)","author":"Francisco Javier Fern\u00e1ndez Chento","date":"02\/10\/2014","format":false,"excerpt":"8. LA C\u00c1NDIDA EVA 1.El se\u00f1or Vicente, p\u00e1rroco de Clichy.- 2.La Hermandad del Rosario.- 3.Restauraci\u00f3n de la iglesia.- 4.Adios a la parroquia.- 5.En la casa de los Gondi.- 6.La familia.- 7.Beneficio.- 8.Las tierra de los Gondi.- 9.Maestro y maestra.- 10.\"El se\u00f1or Vicente\".- 11.Los ni\u00f1os.- 12.El preceptor.- 13.Conducata del capell\u00e1n; proyecto\u2026","rel":"","context":"En \u00abVicente de Pa\u00fal\u00bb","block_context":{"text":"Vicente de Pa\u00fal","link":"https:\/\/vincentians.com\/es\/category\/la-familia-vicenciana\/fundadores\/vicente-de-paul\/"},"img":{"alt_text":"coraz\u00f3n","src":"https:\/\/i0.wp.com\/vicencianos.org\/wp-content\/2014\/03\/coraz%C3%B3n.jpg?resize=350%2C200","width":350,"height":200},"classes":[]},{"id":124193,"url":"https:\/\/vincentians.com\/es\/vicente-de-paul-la-fe-del-hombre-maduro\/","url_meta":{"origin":124195,"position":3},"title":"Vicente de Pa\u00fal: La Fe de un hombre maduro","author":"Francisco Javier Fern\u00e1ndez Chento","date":"23\/02\/2023","format":false,"excerpt":"UN NOVICIADO Cuando Vicente lleg\u00f3 a Par\u00eds empez\u00f3 a ocuparse de su vida espiritual. Comprendi\u00f3 que aunque no hab\u00eda sido malo, hab\u00eda v\u00edvido su vida a lo mundano prestando poca atenci\u00f3n a su fe. Al iniciar su peregrinaci\u00f3n a Roma, un a\u00f1o despu\u00e9s de su ordenaci\u00f3n, se hab\u00eda dado cuenta\u2026","rel":"","context":"En \u00abVicente de Pa\u00fal\u00bb","block_context":{"text":"Vicente de Pa\u00fal","link":"https:\/\/vincentians.com\/es\/category\/la-familia-vicenciana\/fundadores\/vicente-de-paul\/"},"img":{"alt_text":"","src":"https:\/\/i0.wp.com\/vincentians.com\/es\/wp-content\/uploads\/sites\/11\/2015\/02\/St_Vincent_De_Paul_-bible-1.jpg?fit=1200%2C630&ssl=1&resize=350%2C200","width":350,"height":200,"srcset":"https:\/\/i0.wp.com\/vincentians.com\/es\/wp-content\/uploads\/sites\/11\/2015\/02\/St_Vincent_De_Paul_-bible-1.jpg?fit=1200%2C630&ssl=1&resize=350%2C200 1x, https:\/\/i0.wp.com\/vincentians.com\/es\/wp-content\/uploads\/sites\/11\/2015\/02\/St_Vincent_De_Paul_-bible-1.jpg?fit=1200%2C630&ssl=1&resize=525%2C300 1.5x, https:\/\/i0.wp.com\/vincentians.com\/es\/wp-content\/uploads\/sites\/11\/2015\/02\/St_Vincent_De_Paul_-bible-1.jpg?fit=1200%2C630&ssl=1&resize=700%2C400 2x, https:\/\/i0.wp.com\/vincentians.com\/es\/wp-content\/uploads\/sites\/11\/2015\/02\/St_Vincent_De_Paul_-bible-1.jpg?fit=1200%2C630&ssl=1&resize=1050%2C600 3x"},"classes":[]},{"id":387857,"url":"https:\/\/vincentians.com\/es\/san-vicente-amigo-de-los-pobres-anos-de-prueba-y-ensayo-1617-1625\/","url_meta":{"origin":124195,"position":4},"title":"San Vicente: Amigo de los pobres: a\u00f1os de prueba y ensayo (1617-1625)","author":"Mitxel Olabu\u00e9naga","date":"13\/10\/2016","format":false,"excerpt":"Por segunda vez, en casa de los Gondi En el palacio, suced\u00edan cosas extra\u00f1as. \u00abLa princesa estaba triste.\u00bb Muy triste. Margarita no conciliaba el sue\u00f1o por las noches. Todo era un continuo insomnio. Cuando se levantaba, cada ma\u00f1ana, abrigaba una leve esperanza: \u00bfSer\u00e1 hoy? Pero, se desvanec\u00eda seg\u00fan iba avanzando\u2026","rel":"","context":"En \u00abFormaci\u00f3n Vicenciana\u00bb","block_context":{"text":"Formaci\u00f3n Vicenciana","link":"https:\/\/vincentians.com\/es\/category\/formacion-vicenciana\/"},"img":{"alt_text":"","src":"https:\/\/i0.wp.com\/vincentians.com\/es\/wp-content\/uploads\/sites\/11\/2016\/07\/st-vincent-de-paul.jpg?fit=1200%2C630&ssl=1&resize=350%2C200","width":350,"height":200,"srcset":"https:\/\/i0.wp.com\/vincentians.com\/es\/wp-content\/uploads\/sites\/11\/2016\/07\/st-vincent-de-paul.jpg?fit=1200%2C630&ssl=1&resize=350%2C200 1x, https:\/\/i0.wp.com\/vincentians.com\/es\/wp-content\/uploads\/sites\/11\/2016\/07\/st-vincent-de-paul.jpg?fit=1200%2C630&ssl=1&resize=525%2C300 1.5x, https:\/\/i0.wp.com\/vincentians.com\/es\/wp-content\/uploads\/sites\/11\/2016\/07\/st-vincent-de-paul.jpg?fit=1200%2C630&ssl=1&resize=700%2C400 2x, https:\/\/i0.wp.com\/vincentians.com\/es\/wp-content\/uploads\/sites\/11\/2016\/07\/st-vincent-de-paul.jpg?fit=1200%2C630&ssl=1&resize=1050%2C600 3x"},"classes":[]},{"id":387345,"url":"https:\/\/vincentians.com\/es\/fechas-en-la-vida-de-san-vicente\/","url_meta":{"origin":124195,"position":5},"title":"Fechas en la vida de San Vicente","author":"Francisco Javier Fern\u00e1ndez Chento","date":"21\/12\/2017","format":false,"excerpt":"1581: En Pouy (Landas) nace Vicente de Pa\u00fal, tercer hijo de la familia de Pa\u00fal. 1595: Vicente sale de Pouy para ir a Dax, donde vivir\u00e1 en casa del Se\u00f1or de Comet, abogado en Dax y juez en Pouy. Cursa estudios en el colegio de los Franciscanos. 1596: Vicente inicia\u2026","rel":"","context":"En \u00abVicente de Pa\u00fal\u00bb","block_context":{"text":"Vicente de Pa\u00fal","link":"https:\/\/vincentians.com\/es\/category\/la-familia-vicenciana\/fundadores\/vicente-de-paul\/"},"img":{"alt_text":"","src":"https:\/\/i0.wp.com\/vincentians.com\/es\/wp-content\/uploads\/sites\/11\/2016\/08\/con-damas-de-la-caridad.jpg?fit=1200%2C630&ssl=1&resize=350%2C200","width":350,"height":200,"srcset":"https:\/\/i0.wp.com\/vincentians.com\/es\/wp-content\/uploads\/sites\/11\/2016\/08\/con-damas-de-la-caridad.jpg?fit=1200%2C630&ssl=1&resize=350%2C200 1x, https:\/\/i0.wp.com\/vincentians.com\/es\/wp-content\/uploads\/sites\/11\/2016\/08\/con-damas-de-la-caridad.jpg?fit=1200%2C630&ssl=1&resize=525%2C300 1.5x, https:\/\/i0.wp.com\/vincentians.com\/es\/wp-content\/uploads\/sites\/11\/2016\/08\/con-damas-de-la-caridad.jpg?fit=1200%2C630&ssl=1&resize=700%2C400 2x, https:\/\/i0.wp.com\/vincentians.com\/es\/wp-content\/uploads\/sites\/11\/2016\/08\/con-damas-de-la-caridad.jpg?fit=1200%2C630&ssl=1&resize=1050%2C600 3x"},"classes":[]}],"_links":{"self":[{"href":"https:\/\/vincentians.com\/es\/wp-json\/wp\/v2\/posts\/124195","targetHints":{"allow":["GET"]}}],"collection":[{"href":"https:\/\/vincentians.com\/es\/wp-json\/wp\/v2\/posts"}],"about":[{"href":"https:\/\/vincentians.com\/es\/wp-json\/wp\/v2\/types\/post"}],"author":[{"embeddable":true,"href":"https:\/\/vincentians.com\/es\/wp-json\/wp\/v2\/users\/4"}],"replies":[{"embeddable":true,"href":"https:\/\/vincentians.com\/es\/wp-json\/wp\/v2\/comments?post=124195"}],"version-history":[{"count":2,"href":"https:\/\/vincentians.com\/es\/wp-json\/wp\/v2\/posts\/124195\/revisions"}],"predecessor-version":[{"id":404519,"href":"https:\/\/vincentians.com\/es\/wp-json\/wp\/v2\/posts\/124195\/revisions\/404519"}],"wp:featuredmedia":[{"embeddable":true,"href":"https:\/\/vincentians.com\/es\/wp-json\/wp\/v2\/media\/404146"}],"wp:attachment":[{"href":"https:\/\/vincentians.com\/es\/wp-json\/wp\/v2\/media?parent=124195"}],"wp:term":[{"taxonomy":"category","embeddable":true,"href":"https:\/\/vincentians.com\/es\/wp-json\/wp\/v2\/categories?post=124195"},{"taxonomy":"post_tag","embeddable":true,"href":"https:\/\/vincentians.com\/es\/wp-json\/wp\/v2\/tags?post=124195"}],"curies":[{"name":"wp","href":"https:\/\/api.w.org\/{rel}","templated":true}]}}