{"id":124161,"date":"2023-01-07T08:32:12","date_gmt":"2023-01-07T07:32:12","guid":{"rendered":"http:\/\/somos.vicencianos.org\/?p=124161"},"modified":"2022-12-29T12:03:04","modified_gmt":"2022-12-29T11:03:04","slug":"p-julian-gonzalez-de-soto","status":"publish","type":"post","link":"https:\/\/vincentians.com\/es\/p-julian-gonzalez-de-soto\/","title":{"rendered":"P. Juli\u00e1n Gonz\u00e1lez de Soto"},"content":{"rendered":"<p>Vio la luz en Egea de los Caballeros (Zaragoza) el 28 de abril de 1803. Des\u00adpu\u00e9s de estudiar Humanidades con los PP. Escolapios en Barbastro, ingres\u00f3 en la Congregaci\u00f3n el 29 de septiembre de 1818. Concluido su noviciado, hizo los votos condicio\u00adnados, por causa de los trastornos de entonces, y m\u00e1s adelante los emiti\u00f3 de modo absoluto. Distingui\u00f3se desde sus primeros a\u00f1os por su incansable actividad, notable talento, clara inteligencia y virtud ejemplar. Adem\u00e1s de las ciencias eclesi\u00e1sticas, estudi\u00f3 las f\u00edsicas y naturales. Ffue uno de los fundadores de la casa de Madrid y Secre\u00adtario del P. Feu, a quien acompa\u00f1\u00f3 a Par\u00eds en la prima\u00advera de 1829. Se dedic\u00f3 luego a dar misiones y ejercicios, primero en la casa de Valenciay luego en la de Barbastro. Pas\u00f3 a Francia en 1835, consagr\u00e1ndose a la ense\u00f1anza en el Colegio de Montolieu. Vuelto a Espa\u00f1a en 1839, fund\u00f3 el Colegio de Figueras que, convertido luego en Instituto, sirvi\u00f3 de pauta a los dem\u00e1s que se fueron estableciendo. Tambi\u00e9n organiz\u00f3 y dirigi\u00f3 m\u00e1s adelante el de Gerona, y, en fin, el Colegio Polit\u00e9cnico de Madrid. Una vez restable\u00adcida la Congregaci\u00f3n, se uni\u00f3 a sus compa\u00f1eros tan pron\u00adto como se lo permitieron las circunstancias. Fue destina\u00addo al Seminario Aguirre de Vitoria, donde explic\u00f3 f\u00edsica y matem\u00e1ticas y qued\u00f3 luego al frente de dicho centro. Por supon\u00e9rsele partidario del P. Armengol, en pedir a Roma un Vicario general para Espa\u00f1a, fue expulsado de la Congregaci\u00f3n en 1856. Fue despu\u00e9s Rector del Semina\u00adrio de Tarragona y fund\u00f3 en Barcelona el Colegio de San Isidro Labrador, donde falleci\u00f3 casi de repente el 19 de octubre de 1864, asistido por el*P. Armengol y por otros Misioneros compa\u00f1eros suyos. Sus m\u00e9todos de ense\u00f1anza y sus ideas pedag\u00f3gicas son de lo m\u00e1s original de su tiempo. Dej\u00f3 tambi\u00e9n multitud de obras de texto que son modelo de precisi\u00f3n, claridad y orden. (ANALES, tomos XXXVII y XXXVIII).<\/p>\n<p>&nbsp;<\/p>\n","protected":false},"excerpt":{"rendered":"<p>Vio la luz en Egea de los Caballeros (Zaragoza) el 28 de abril de 1803. Des\u00adpu\u00e9s de estudiar Humanidades con los PP. Escolapios en Barbastro, ingres\u00f3 en la Congregaci\u00f3n el 29 de septiembre de 1818. &#8230; <a href=\"https:\/\/vincentians.com\/es\/p-julian-gonzalez-de-soto\/\" class=\"more-link\">Read More<\/a><\/p>\n","protected":false},"author":5,"featured_media":391249,"comment_status":"open","ping_status":"open","sticky":false,"template":"","format":"standard","meta":{"jetpack_post_was_ever_published":false,"_jetpack_newsletter_access":"","_jetpack_dont_email_post_to_subs":false,"_jetpack_newsletter_tier_id":0,"_jetpack_memberships_contains_paywalled_content":false,"_jetpack_memberships_contains_paid_content":false,"footnotes":"","jetpack_publicize_message":"","jetpack_publicize_feature_enabled":true,"jetpack_social_post_already_shared":true,"jetpack_social_options":{"image_generator_settings":{"template":"highway","default_image_id":0,"font":"","enabled":false},"version":2}},"categories":[19],"tags":[],"class_list":["post-124161","post","type-post","status-publish","format-standard","has-post-thumbnail","hentry","category-biografias-de-misioneros-paules"],"yoast_head":"<!-- This site is optimized with the Yoast SEO plugin v26.3 - https:\/\/yoast.com\/wordpress\/plugins\/seo\/ -->\n<title>P. Juli\u00e1n Gonz\u00e1lez de Soto - Somos Vicencianos<\/title>\n<meta name=\"robots\" content=\"index, follow, max-snippet:-1, max-image-preview:large, max-video-preview:-1\" \/>\n<link rel=\"canonical\" href=\"https:\/\/vincentians.com\/es\/p-julian-gonzalez-de-soto\/\" \/>\n<meta property=\"og:locale\" content=\"es_ES\" \/>\n<meta property=\"og:type\" content=\"article\" \/>\n<meta property=\"og:title\" content=\"P. Juli\u00e1n Gonz\u00e1lez de Soto - Somos Vicencianos\" \/>\n<meta property=\"og:description\" content=\"Vio la luz en Egea de los Caballeros (Zaragoza) el 28 de abril de 1803. Des\u00adpu\u00e9s de estudiar Humanidades con los PP. Escolapios en Barbastro, ingres\u00f3 en la Congregaci\u00f3n el 29 de septiembre de 1818. ... Read More\" \/>\n<meta property=\"og:url\" content=\"https:\/\/vincentians.com\/es\/p-julian-gonzalez-de-soto\/\" \/>\n<meta property=\"og:site_name\" content=\"Somos Vicencianos\" \/>\n<meta property=\"article:publisher\" content=\"https:\/\/www.facebook.com\/WeAreVincentians\/\" \/>\n<meta property=\"article:published_time\" content=\"2023-01-07T07:32:12+00:00\" \/>\n<meta property=\"og:image\" content=\"https:\/\/i0.wp.com\/vincentians.com\/es\/wp-content\/uploads\/sites\/11\/2016\/07\/bio-cm.jpg?fit=1200%2C630&ssl=1\" \/>\n\t<meta property=\"og:image:width\" content=\"1200\" \/>\n\t<meta property=\"og:image:height\" content=\"630\" \/>\n\t<meta property=\"og:image:type\" content=\"image\/jpeg\" \/>\n<meta name=\"author\" content=\"Mitxel Olabu\u00e9naga\" \/>\n<meta name=\"twitter:card\" content=\"summary_large_image\" \/>\n<meta name=\"twitter:creator\" content=\"@WeVincentians\" \/>\n<meta name=\"twitter:site\" content=\"@WeVincentians\" \/>\n<meta name=\"twitter:label1\" content=\"Escrito por\" \/>\n\t<meta name=\"twitter:data1\" content=\"Mitxel Olabu\u00e9naga\" \/>\n\t<meta name=\"twitter:label2\" content=\"Tiempo de lectura\" \/>\n\t<meta name=\"twitter:data2\" content=\"2 minutos\" \/>\n<script type=\"application\/ld+json\" class=\"yoast-schema-graph\">{\"@context\":\"https:\/\/schema.org\",\"@graph\":[{\"@type\":\"Article\",\"@id\":\"https:\/\/vincentians.com\/es\/p-julian-gonzalez-de-soto\/#article\",\"isPartOf\":{\"@id\":\"https:\/\/vincentians.com\/es\/p-julian-gonzalez-de-soto\/\"},\"author\":{\"name\":\"Mitxel Olabu\u00e9naga\",\"@id\":\"https:\/\/vincentians.com\/es\/#\/schema\/person\/7c2670b4445a7ca9d164ea6acdb31859\"},\"headline\":\"P. Juli\u00e1n Gonz\u00e1lez de Soto\",\"datePublished\":\"2023-01-07T07:32:12+00:00\",\"mainEntityOfPage\":{\"@id\":\"https:\/\/vincentians.com\/es\/p-julian-gonzalez-de-soto\/\"},\"wordCount\":355,\"commentCount\":0,\"publisher\":{\"@id\":\"https:\/\/vincentians.com\/es\/#organization\"},\"image\":{\"@id\":\"https:\/\/vincentians.com\/es\/p-julian-gonzalez-de-soto\/#primaryimage\"},\"thumbnailUrl\":\"https:\/\/i0.wp.com\/vincentians.com\/es\/wp-content\/uploads\/sites\/11\/2016\/07\/bio-cm.jpg?fit=1200%2C630&ssl=1\",\"articleSection\":[\"Biograf\u00edas de Misioneros Pa\u00fales\"],\"inLanguage\":\"es\",\"potentialAction\":[{\"@type\":\"CommentAction\",\"name\":\"Comment\",\"target\":[\"https:\/\/vincentians.com\/es\/p-julian-gonzalez-de-soto\/#respond\"]}]},{\"@type\":\"WebPage\",\"@id\":\"https:\/\/vincentians.com\/es\/p-julian-gonzalez-de-soto\/\",\"url\":\"https:\/\/vincentians.com\/es\/p-julian-gonzalez-de-soto\/\",\"name\":\"P. Juli\u00e1n Gonz\u00e1lez de Soto - Somos Vicencianos\",\"isPartOf\":{\"@id\":\"https:\/\/vincentians.com\/es\/#website\"},\"primaryImageOfPage\":{\"@id\":\"https:\/\/vincentians.com\/es\/p-julian-gonzalez-de-soto\/#primaryimage\"},\"image\":{\"@id\":\"https:\/\/vincentians.com\/es\/p-julian-gonzalez-de-soto\/#primaryimage\"},\"thumbnailUrl\":\"https:\/\/i0.wp.com\/vincentians.com\/es\/wp-content\/uploads\/sites\/11\/2016\/07\/bio-cm.jpg?fit=1200%2C630&ssl=1\",\"datePublished\":\"2023-01-07T07:32:12+00:00\",\"breadcrumb\":{\"@id\":\"https:\/\/vincentians.com\/es\/p-julian-gonzalez-de-soto\/#breadcrumb\"},\"inLanguage\":\"es\",\"potentialAction\":[{\"@type\":\"ReadAction\",\"target\":[\"https:\/\/vincentians.com\/es\/p-julian-gonzalez-de-soto\/\"]}]},{\"@type\":\"ImageObject\",\"inLanguage\":\"es\",\"@id\":\"https:\/\/vincentians.com\/es\/p-julian-gonzalez-de-soto\/#primaryimage\",\"url\":\"https:\/\/i0.wp.com\/vincentians.com\/es\/wp-content\/uploads\/sites\/11\/2016\/07\/bio-cm.jpg?fit=1200%2C630&ssl=1\",\"contentUrl\":\"https:\/\/i0.wp.com\/vincentians.com\/es\/wp-content\/uploads\/sites\/11\/2016\/07\/bio-cm.jpg?fit=1200%2C630&ssl=1\",\"width\":1200,\"height\":630},{\"@type\":\"BreadcrumbList\",\"@id\":\"https:\/\/vincentians.com\/es\/p-julian-gonzalez-de-soto\/#breadcrumb\",\"itemListElement\":[{\"@type\":\"ListItem\",\"position\":1,\"name\":\"Portada\",\"item\":\"https:\/\/vincentians.com\/es\/\"},{\"@type\":\"ListItem\",\"position\":2,\"name\":\"P. Juli\u00e1n Gonz\u00e1lez de Soto\"}]},{\"@type\":\"WebSite\",\"@id\":\"https:\/\/vincentians.com\/es\/#website\",\"url\":\"https:\/\/vincentians.com\/es\/\",\"name\":\"Somos Vicencianos\",\"description\":\"Know more to serve more\",\"publisher\":{\"@id\":\"https:\/\/vincentians.com\/es\/#organization\"},\"potentialAction\":[{\"@type\":\"SearchAction\",\"target\":{\"@type\":\"EntryPoint\",\"urlTemplate\":\"https:\/\/vincentians.com\/es\/?s={search_term_string}\"},\"query-input\":{\"@type\":\"PropertyValueSpecification\",\"valueRequired\":true,\"valueName\":\"search_term_string\"}}],\"inLanguage\":\"es\"},{\"@type\":\"Organization\",\"@id\":\"https:\/\/vincentians.com\/es\/#organization\",\"name\":\"The Vincentian Network\",\"url\":\"https:\/\/vincentians.com\/es\/\",\"logo\":{\"@type\":\"ImageObject\",\"inLanguage\":\"es\",\"@id\":\"https:\/\/vincentians.com\/es\/#\/schema\/logo\/image\/\",\"url\":\"https:\/\/i1.wp.com\/vincentians.com\/es\/wp-content\/uploads\/sites\/11\/2016\/06\/Vincentian-Network-logo-big.png?fit=778%2C778\",\"contentUrl\":\"https:\/\/i1.wp.com\/vincentians.com\/es\/wp-content\/uploads\/sites\/11\/2016\/06\/Vincentian-Network-logo-big.png?fit=778%2C778\",\"width\":778,\"height\":778,\"caption\":\"The Vincentian Network\"},\"image\":{\"@id\":\"https:\/\/vincentians.com\/es\/#\/schema\/logo\/image\/\"},\"sameAs\":[\"https:\/\/www.facebook.com\/WeAreVincentians\/\",\"https:\/\/x.com\/WeVincentians\"]},{\"@type\":\"Person\",\"@id\":\"https:\/\/vincentians.com\/es\/#\/schema\/person\/7c2670b4445a7ca9d164ea6acdb31859\",\"name\":\"Mitxel Olabu\u00e9naga\",\"image\":{\"@type\":\"ImageObject\",\"inLanguage\":\"es\",\"@id\":\"https:\/\/vincentians.com\/es\/#\/schema\/person\/image\/\",\"url\":\"https:\/\/secure.gravatar.com\/avatar\/34137ec2e2b8939cbbed975731e71f3f4f1defc7266ded337a5ce0f925426877?s=96&d=mm&r=g\",\"contentUrl\":\"https:\/\/secure.gravatar.com\/avatar\/34137ec2e2b8939cbbed975731e71f3f4f1defc7266ded337a5ce0f925426877?s=96&d=mm&r=g\",\"caption\":\"Mitxel Olabu\u00e9naga\"},\"url\":\"https:\/\/vincentians.com\/es\/author\/mitxel\/\"}]}<\/script>\n<!-- \/ Yoast SEO plugin. -->","yoast_head_json":{"title":"P. Juli\u00e1n Gonz\u00e1lez de Soto - Somos Vicencianos","robots":{"index":"index","follow":"follow","max-snippet":"max-snippet:-1","max-image-preview":"max-image-preview:large","max-video-preview":"max-video-preview:-1"},"canonical":"https:\/\/vincentians.com\/es\/p-julian-gonzalez-de-soto\/","og_locale":"es_ES","og_type":"article","og_title":"P. Juli\u00e1n Gonz\u00e1lez de Soto - Somos Vicencianos","og_description":"Vio la luz en Egea de los Caballeros (Zaragoza) el 28 de abril de 1803. Des\u00adpu\u00e9s de estudiar Humanidades con los PP. Escolapios en Barbastro, ingres\u00f3 en la Congregaci\u00f3n el 29 de septiembre de 1818. ... Read More","og_url":"https:\/\/vincentians.com\/es\/p-julian-gonzalez-de-soto\/","og_site_name":"Somos Vicencianos","article_publisher":"https:\/\/www.facebook.com\/WeAreVincentians\/","article_published_time":"2023-01-07T07:32:12+00:00","og_image":[{"width":1200,"height":630,"url":"https:\/\/i0.wp.com\/vincentians.com\/es\/wp-content\/uploads\/sites\/11\/2016\/07\/bio-cm.jpg?fit=1200%2C630&ssl=1","type":"image\/jpeg"}],"author":"Mitxel Olabu\u00e9naga","twitter_card":"summary_large_image","twitter_creator":"@WeVincentians","twitter_site":"@WeVincentians","twitter_misc":{"Escrito por":"Mitxel Olabu\u00e9naga","Tiempo de lectura":"2 minutos"},"schema":{"@context":"https:\/\/schema.org","@graph":[{"@type":"Article","@id":"https:\/\/vincentians.com\/es\/p-julian-gonzalez-de-soto\/#article","isPartOf":{"@id":"https:\/\/vincentians.com\/es\/p-julian-gonzalez-de-soto\/"},"author":{"name":"Mitxel Olabu\u00e9naga","@id":"https:\/\/vincentians.com\/es\/#\/schema\/person\/7c2670b4445a7ca9d164ea6acdb31859"},"headline":"P. Juli\u00e1n Gonz\u00e1lez de Soto","datePublished":"2023-01-07T07:32:12+00:00","mainEntityOfPage":{"@id":"https:\/\/vincentians.com\/es\/p-julian-gonzalez-de-soto\/"},"wordCount":355,"commentCount":0,"publisher":{"@id":"https:\/\/vincentians.com\/es\/#organization"},"image":{"@id":"https:\/\/vincentians.com\/es\/p-julian-gonzalez-de-soto\/#primaryimage"},"thumbnailUrl":"https:\/\/i0.wp.com\/vincentians.com\/es\/wp-content\/uploads\/sites\/11\/2016\/07\/bio-cm.jpg?fit=1200%2C630&ssl=1","articleSection":["Biograf\u00edas de Misioneros Pa\u00fales"],"inLanguage":"es","potentialAction":[{"@type":"CommentAction","name":"Comment","target":["https:\/\/vincentians.com\/es\/p-julian-gonzalez-de-soto\/#respond"]}]},{"@type":"WebPage","@id":"https:\/\/vincentians.com\/es\/p-julian-gonzalez-de-soto\/","url":"https:\/\/vincentians.com\/es\/p-julian-gonzalez-de-soto\/","name":"P. Juli\u00e1n Gonz\u00e1lez de Soto - Somos Vicencianos","isPartOf":{"@id":"https:\/\/vincentians.com\/es\/#website"},"primaryImageOfPage":{"@id":"https:\/\/vincentians.com\/es\/p-julian-gonzalez-de-soto\/#primaryimage"},"image":{"@id":"https:\/\/vincentians.com\/es\/p-julian-gonzalez-de-soto\/#primaryimage"},"thumbnailUrl":"https:\/\/i0.wp.com\/vincentians.com\/es\/wp-content\/uploads\/sites\/11\/2016\/07\/bio-cm.jpg?fit=1200%2C630&ssl=1","datePublished":"2023-01-07T07:32:12+00:00","breadcrumb":{"@id":"https:\/\/vincentians.com\/es\/p-julian-gonzalez-de-soto\/#breadcrumb"},"inLanguage":"es","potentialAction":[{"@type":"ReadAction","target":["https:\/\/vincentians.com\/es\/p-julian-gonzalez-de-soto\/"]}]},{"@type":"ImageObject","inLanguage":"es","@id":"https:\/\/vincentians.com\/es\/p-julian-gonzalez-de-soto\/#primaryimage","url":"https:\/\/i0.wp.com\/vincentians.com\/es\/wp-content\/uploads\/sites\/11\/2016\/07\/bio-cm.jpg?fit=1200%2C630&ssl=1","contentUrl":"https:\/\/i0.wp.com\/vincentians.com\/es\/wp-content\/uploads\/sites\/11\/2016\/07\/bio-cm.jpg?fit=1200%2C630&ssl=1","width":1200,"height":630},{"@type":"BreadcrumbList","@id":"https:\/\/vincentians.com\/es\/p-julian-gonzalez-de-soto\/#breadcrumb","itemListElement":[{"@type":"ListItem","position":1,"name":"Portada","item":"https:\/\/vincentians.com\/es\/"},{"@type":"ListItem","position":2,"name":"P. Juli\u00e1n Gonz\u00e1lez de Soto"}]},{"@type":"WebSite","@id":"https:\/\/vincentians.com\/es\/#website","url":"https:\/\/vincentians.com\/es\/","name":"Somos Vicencianos","description":"Know more to serve more","publisher":{"@id":"https:\/\/vincentians.com\/es\/#organization"},"potentialAction":[{"@type":"SearchAction","target":{"@type":"EntryPoint","urlTemplate":"https:\/\/vincentians.com\/es\/?s={search_term_string}"},"query-input":{"@type":"PropertyValueSpecification","valueRequired":true,"valueName":"search_term_string"}}],"inLanguage":"es"},{"@type":"Organization","@id":"https:\/\/vincentians.com\/es\/#organization","name":"The Vincentian Network","url":"https:\/\/vincentians.com\/es\/","logo":{"@type":"ImageObject","inLanguage":"es","@id":"https:\/\/vincentians.com\/es\/#\/schema\/logo\/image\/","url":"https:\/\/i1.wp.com\/vincentians.com\/es\/wp-content\/uploads\/sites\/11\/2016\/06\/Vincentian-Network-logo-big.png?fit=778%2C778","contentUrl":"https:\/\/i1.wp.com\/vincentians.com\/es\/wp-content\/uploads\/sites\/11\/2016\/06\/Vincentian-Network-logo-big.png?fit=778%2C778","width":778,"height":778,"caption":"The Vincentian Network"},"image":{"@id":"https:\/\/vincentians.com\/es\/#\/schema\/logo\/image\/"},"sameAs":["https:\/\/www.facebook.com\/WeAreVincentians\/","https:\/\/x.com\/WeVincentians"]},{"@type":"Person","@id":"https:\/\/vincentians.com\/es\/#\/schema\/person\/7c2670b4445a7ca9d164ea6acdb31859","name":"Mitxel Olabu\u00e9naga","image":{"@type":"ImageObject","inLanguage":"es","@id":"https:\/\/vincentians.com\/es\/#\/schema\/person\/image\/","url":"https:\/\/secure.gravatar.com\/avatar\/34137ec2e2b8939cbbed975731e71f3f4f1defc7266ded337a5ce0f925426877?s=96&d=mm&r=g","contentUrl":"https:\/\/secure.gravatar.com\/avatar\/34137ec2e2b8939cbbed975731e71f3f4f1defc7266ded337a5ce0f925426877?s=96&d=mm&r=g","caption":"Mitxel Olabu\u00e9naga"},"url":"https:\/\/vincentians.com\/es\/author\/mitxel\/"}]}},"jetpack_publicize_connections":[],"jetpack_featured_media_url":"https:\/\/i0.wp.com\/vincentians.com\/es\/wp-content\/uploads\/sites\/11\/2016\/07\/bio-cm.jpg?fit=1200%2C630&ssl=1","jetpack_sharing_enabled":true,"jetpack_shortlink":"https:\/\/wp.me\/p7ETMF-wiB","jetpack-related-posts":[{"id":124159,"url":"https:\/\/vincentians.com\/es\/p-francisco-buil\/","url_meta":{"origin":124161,"position":0},"title":"P. Francisco Buil","author":"Mitxel Olabu\u00e9naga","date":"07\/07\/2013","format":false,"excerpt":"De Barbastro, donde fue bau\u00adtizado el 10 de marzo de 1802. Ingres\u00f3 en la Congregaci\u00f3n el 29 de septiembre de 1818. A causa de las revueltas de la \u00e9poca, hizo primero los votos condicionalmente y luego de modo absoluto. Huy\u00f3 con los dem\u00e1s a Barbastro en 1822. De all\u00ed regres\u00f3\u2026","rel":"","context":"En \u00abBiograf\u00edas de Misioneros Pa\u00fales\u00bb","block_context":{"text":"Biograf\u00edas de Misioneros Pa\u00fales","link":"https:\/\/vincentians.com\/es\/category\/la-familia-vicenciana\/biografias-vicencianas\/biografias-de-misioneros-paules\/"},"img":{"alt_text":"","src":"https:\/\/i0.wp.com\/vincentians.com\/es\/wp-content\/uploads\/sites\/11\/2016\/07\/bio-cm.jpg?fit=1200%2C630&ssl=1&resize=350%2C200","width":350,"height":200,"srcset":"https:\/\/i0.wp.com\/vincentians.com\/es\/wp-content\/uploads\/sites\/11\/2016\/07\/bio-cm.jpg?fit=1200%2C630&ssl=1&resize=350%2C200 1x, https:\/\/i0.wp.com\/vincentians.com\/es\/wp-content\/uploads\/sites\/11\/2016\/07\/bio-cm.jpg?fit=1200%2C630&ssl=1&resize=525%2C300 1.5x, https:\/\/i0.wp.com\/vincentians.com\/es\/wp-content\/uploads\/sites\/11\/2016\/07\/bio-cm.jpg?fit=1200%2C630&ssl=1&resize=700%2C400 2x, https:\/\/i0.wp.com\/vincentians.com\/es\/wp-content\/uploads\/sites\/11\/2016\/07\/bio-cm.jpg?fit=1200%2C630&ssl=1&resize=1050%2C600 3x"},"classes":[]},{"id":117976,"url":"https:\/\/vincentians.com\/es\/p-pablo-aznar\/","url_meta":{"origin":124161,"position":1},"title":"P. Pablo Aznar","author":"Mitxel Olabu\u00e9naga","date":"21\/02\/2013","format":false,"excerpt":"Natural de Barbastro, vio la luz el 8 de marzo de 1785. Ingres\u00f3 en la Congregaci\u00f3n el 21 de marzo de 1801 e hizo dos a\u00f1os despu\u00e9s los votos (22 marzo). En junio de 1808 recibi\u00f3 el diaconado en Vich y con otros estudiantes de la casa de Barcelona fue\u2026","rel":"","context":"En \u00abBiograf\u00edas de Misioneros Pa\u00fales\u00bb","block_context":{"text":"Biograf\u00edas de Misioneros Pa\u00fales","link":"https:\/\/vincentians.com\/es\/category\/la-familia-vicenciana\/biografias-vicencianas\/biografias-de-misioneros-paules\/"},"img":{"alt_text":"","src":"https:\/\/i0.wp.com\/vincentians.com\/es\/wp-content\/uploads\/sites\/11\/2016\/07\/bio-cm.jpg?fit=1200%2C630&ssl=1&resize=350%2C200","width":350,"height":200,"srcset":"https:\/\/i0.wp.com\/vincentians.com\/es\/wp-content\/uploads\/sites\/11\/2016\/07\/bio-cm.jpg?fit=1200%2C630&ssl=1&resize=350%2C200 1x, https:\/\/i0.wp.com\/vincentians.com\/es\/wp-content\/uploads\/sites\/11\/2016\/07\/bio-cm.jpg?fit=1200%2C630&ssl=1&resize=525%2C300 1.5x, https:\/\/i0.wp.com\/vincentians.com\/es\/wp-content\/uploads\/sites\/11\/2016\/07\/bio-cm.jpg?fit=1200%2C630&ssl=1&resize=700%2C400 2x, https:\/\/i0.wp.com\/vincentians.com\/es\/wp-content\/uploads\/sites\/11\/2016\/07\/bio-cm.jpg?fit=1200%2C630&ssl=1&resize=1050%2C600 3x"},"classes":[]},{"id":387370,"url":"https:\/\/vincentians.com\/es\/la-provincia-espanola-de-las-hijas-de-la-caridad-i\/","url_meta":{"origin":124161,"position":2},"title":"La Provincia espa\u00f1ola de las Hijas de la Caridad (I)","author":"Mitxel Olabu\u00e9naga","date":"27\/04\/2016","format":false,"excerpt":"1.- Aunque los Hijos del Ap\u00f3stol de la Caridad, San Vicente de Pa\u00fal, hab\u00edan fundado, en 1704 su primera casa de Misi\u00f3n en la ciudad de Barcelona, las circunstancias religioso\u2011pol\u00edticas de aquel siglo XVIII no fueron propicias a su expansi\u00f3n, y pasaron m\u00e1s de setenta a\u00f1os hasta que, en 1774,\u2026","rel":"","context":"En \u00abHistoria de las Hijas de la Caridad\u00bb","block_context":{"text":"Historia de las Hijas de la Caridad","link":"https:\/\/vincentians.com\/es\/category\/historia-de-la-familia-vicenciana\/historia-de-las-hijas-de-la-caridad\/"},"img":{"alt_text":"","src":"https:\/\/i0.wp.com\/vincentians.com\/es\/wp-content\/uploads\/sites\/11\/2016\/07\/hijas-caridad-espanya.jpg?fit=1200%2C630&ssl=1&resize=350%2C200","width":350,"height":200,"srcset":"https:\/\/i0.wp.com\/vincentians.com\/es\/wp-content\/uploads\/sites\/11\/2016\/07\/hijas-caridad-espanya.jpg?fit=1200%2C630&ssl=1&resize=350%2C200 1x, https:\/\/i0.wp.com\/vincentians.com\/es\/wp-content\/uploads\/sites\/11\/2016\/07\/hijas-caridad-espanya.jpg?fit=1200%2C630&ssl=1&resize=525%2C300 1.5x, https:\/\/i0.wp.com\/vincentians.com\/es\/wp-content\/uploads\/sites\/11\/2016\/07\/hijas-caridad-espanya.jpg?fit=1200%2C630&ssl=1&resize=700%2C400 2x, https:\/\/i0.wp.com\/vincentians.com\/es\/wp-content\/uploads\/sites\/11\/2016\/07\/hijas-caridad-espanya.jpg?fit=1200%2C630&ssl=1&resize=1050%2C600 3x"},"classes":[]},{"id":117992,"url":"https:\/\/vincentians.com\/es\/p-jose-escarra\/","url_meta":{"origin":124161,"position":3},"title":"P. Jos\u00e9 Escarr\u00e1","author":"Mitxel Olabu\u00e9naga","date":"01\/03\/2013","format":false,"excerpt":"De Garriguella (Gerona), naci\u00f3 el 15 de octubre de 1777. Visti\u00f3 la sotana de Misio\u00adnero el 30 de diciembre de 1802 y dos a\u00f1os m\u00e1s tarde hizo los votos (31 diciembre). Tuvo por maestros en el noviciado a los PP. Rafael Pi y Juan Roig. En septiem\u00adbre de 1806 lo\u2026","rel":"","context":"En \u00abBiograf\u00edas de Misioneros Pa\u00fales\u00bb","block_context":{"text":"Biograf\u00edas de Misioneros Pa\u00fales","link":"https:\/\/vincentians.com\/es\/category\/la-familia-vicenciana\/biografias-vicencianas\/biografias-de-misioneros-paules\/"},"img":{"alt_text":"","src":"https:\/\/i0.wp.com\/vincentians.com\/es\/wp-content\/uploads\/sites\/11\/2016\/07\/bio-cm.jpg?fit=1200%2C630&ssl=1&resize=350%2C200","width":350,"height":200,"srcset":"https:\/\/i0.wp.com\/vincentians.com\/es\/wp-content\/uploads\/sites\/11\/2016\/07\/bio-cm.jpg?fit=1200%2C630&ssl=1&resize=350%2C200 1x, https:\/\/i0.wp.com\/vincentians.com\/es\/wp-content\/uploads\/sites\/11\/2016\/07\/bio-cm.jpg?fit=1200%2C630&ssl=1&resize=525%2C300 1.5x, https:\/\/i0.wp.com\/vincentians.com\/es\/wp-content\/uploads\/sites\/11\/2016\/07\/bio-cm.jpg?fit=1200%2C630&ssl=1&resize=700%2C400 2x, https:\/\/i0.wp.com\/vincentians.com\/es\/wp-content\/uploads\/sites\/11\/2016\/07\/bio-cm.jpg?fit=1200%2C630&ssl=1&resize=1050%2C600 3x"},"classes":[]},{"id":387403,"url":"https:\/\/vincentians.com\/es\/la-provincia-espanola-de-las-hijas-de-la-caridad-v\/","url_meta":{"origin":124161,"position":4},"title":"La Provincia espa\u00f1ola de las Hijas de la Caridad (V)","author":"Mitxel Olabu\u00e9naga","date":"08\/05\/2016","format":false,"excerpt":"Colegio de Barbastro. La vuelta de las Hijas de las Hijas de la Caridad a Espa\u00f1a, despu\u00e9s de siete a\u00f1os de formaci\u00f3n en Francia, hizo renacer en Barbastro los antiguos deseos de verlas en la proyectada ense\u00f1anza de ni\u00f1as, de que hablamos en el cap\u00edtulo primero. As\u00ed vemos que, algunos\u2026","rel":"","context":"En \u00abHistoria de las Hijas de la Caridad\u00bb","block_context":{"text":"Historia de las Hijas de la Caridad","link":"https:\/\/vincentians.com\/es\/category\/historia-de-la-familia-vicenciana\/historia-de-las-hijas-de-la-caridad\/"},"img":{"alt_text":"","src":"https:\/\/i0.wp.com\/vincentians.com\/es\/wp-content\/uploads\/sites\/11\/2016\/07\/hijas-caridad-espanya.jpg?fit=1200%2C630&ssl=1&resize=350%2C200","width":350,"height":200,"srcset":"https:\/\/i0.wp.com\/vincentians.com\/es\/wp-content\/uploads\/sites\/11\/2016\/07\/hijas-caridad-espanya.jpg?fit=1200%2C630&ssl=1&resize=350%2C200 1x, https:\/\/i0.wp.com\/vincentians.com\/es\/wp-content\/uploads\/sites\/11\/2016\/07\/hijas-caridad-espanya.jpg?fit=1200%2C630&ssl=1&resize=525%2C300 1.5x, https:\/\/i0.wp.com\/vincentians.com\/es\/wp-content\/uploads\/sites\/11\/2016\/07\/hijas-caridad-espanya.jpg?fit=1200%2C630&ssl=1&resize=700%2C400 2x, https:\/\/i0.wp.com\/vincentians.com\/es\/wp-content\/uploads\/sites\/11\/2016\/07\/hijas-caridad-espanya.jpg?fit=1200%2C630&ssl=1&resize=1050%2C600 3x"},"classes":[]},{"id":119163,"url":"https:\/\/vincentians.com\/es\/p-jose-antonio-larroya\/","url_meta":{"origin":124161,"position":5},"title":"P. Jos\u00e9 Antonio Larroya","author":"Mitxel Olabu\u00e9naga","date":"26\/04\/2013","format":false,"excerpt":"Natural de Tamarite de Litera, donde fue bautizado el 2 de noviembre de 1788. Admitido en la Congregaci\u00f3n el 29 de noviembre de 1805, hizo los votos dos a\u00f1os m\u00e1s tarde (30 noviembre). Antes de concluir sus estudios en la casa de Mallorca, fue desti\u00adnado, a fines de 1812, al\u2026","rel":"","context":"En \u00abBiograf\u00edas de Misioneros Pa\u00fales\u00bb","block_context":{"text":"Biograf\u00edas de Misioneros Pa\u00fales","link":"https:\/\/vincentians.com\/es\/category\/la-familia-vicenciana\/biografias-vicencianas\/biografias-de-misioneros-paules\/"},"img":{"alt_text":"","src":"https:\/\/i0.wp.com\/vincentians.com\/es\/wp-content\/uploads\/sites\/11\/2016\/07\/bio-cm.jpg?fit=1200%2C630&ssl=1&resize=350%2C200","width":350,"height":200,"srcset":"https:\/\/i0.wp.com\/vincentians.com\/es\/wp-content\/uploads\/sites\/11\/2016\/07\/bio-cm.jpg?fit=1200%2C630&ssl=1&resize=350%2C200 1x, https:\/\/i0.wp.com\/vincentians.com\/es\/wp-content\/uploads\/sites\/11\/2016\/07\/bio-cm.jpg?fit=1200%2C630&ssl=1&resize=525%2C300 1.5x, https:\/\/i0.wp.com\/vincentians.com\/es\/wp-content\/uploads\/sites\/11\/2016\/07\/bio-cm.jpg?fit=1200%2C630&ssl=1&resize=700%2C400 2x, https:\/\/i0.wp.com\/vincentians.com\/es\/wp-content\/uploads\/sites\/11\/2016\/07\/bio-cm.jpg?fit=1200%2C630&ssl=1&resize=1050%2C600 3x"},"classes":[]}],"_links":{"self":[{"href":"https:\/\/vincentians.com\/es\/wp-json\/wp\/v2\/posts\/124161","targetHints":{"allow":["GET"]}}],"collection":[{"href":"https:\/\/vincentians.com\/es\/wp-json\/wp\/v2\/posts"}],"about":[{"href":"https:\/\/vincentians.com\/es\/wp-json\/wp\/v2\/types\/post"}],"author":[{"embeddable":true,"href":"https:\/\/vincentians.com\/es\/wp-json\/wp\/v2\/users\/5"}],"replies":[{"embeddable":true,"href":"https:\/\/vincentians.com\/es\/wp-json\/wp\/v2\/comments?post=124161"}],"version-history":[{"count":1,"href":"https:\/\/vincentians.com\/es\/wp-json\/wp\/v2\/posts\/124161\/revisions"}],"predecessor-version":[{"id":404489,"href":"https:\/\/vincentians.com\/es\/wp-json\/wp\/v2\/posts\/124161\/revisions\/404489"}],"wp:featuredmedia":[{"embeddable":true,"href":"https:\/\/vincentians.com\/es\/wp-json\/wp\/v2\/media\/391249"}],"wp:attachment":[{"href":"https:\/\/vincentians.com\/es\/wp-json\/wp\/v2\/media?parent=124161"}],"wp:term":[{"taxonomy":"category","embeddable":true,"href":"https:\/\/vincentians.com\/es\/wp-json\/wp\/v2\/categories?post=124161"},{"taxonomy":"post_tag","embeddable":true,"href":"https:\/\/vincentians.com\/es\/wp-json\/wp\/v2\/tags?post=124161"}],"curies":[{"name":"wp","href":"https:\/\/api.w.org\/{rel}","templated":true}]}}