{"id":123733,"date":"2013-11-27T07:40:18","date_gmt":"2013-11-27T06:40:18","guid":{"rendered":"http:\/\/somos.vicencianos.org\/?p=123733"},"modified":"2016-07-26T17:23:10","modified_gmt":"2016-07-26T15:23:10","slug":"san-vicente-de-paul-siervo-de-los-pobres-02","status":"publish","type":"post","link":"https:\/\/vincentians.com\/es\/san-vicente-de-paul-siervo-de-los-pobres-02\/","title":{"rendered":"San Vicente de Pa\u00fal, siervo de los pobres (02)"},"content":{"rendered":"<h2>II. Vicente en Par\u00eds (1608-1611)<\/h2>\n<h3><i>El encuentro con de B\u00e9rulle<\/i><\/h3>\n<p>Vicente fue conducido a Roma.<\/p>\n<p>Justamente se ha observado que, si en la esclavitud hab\u00eda encontrado la libertad, en el trabajo servil hab\u00eda descubierto aquella piedra filosofal, que es la caridad, que todo lo convierte en oro.<\/p>\n<p>Pero la liberaci\u00f3n hab\u00eda sido y segu\u00eda siendo tra\u00adbajosa: los peligros se hab\u00edan cambiado.<\/p>\n<p>En Roma, el Vicelegado continu\u00f3 cultivando en Vi\u00adcente proyectos de carrera ; pero Vicente, m\u00e1s a\u00fan que la primera vez, fue sensible a las sugestiones religiosas de la ciudad santa : y recibi\u00f3 una impresi\u00f3n duradera de la acci\u00f3n apost\u00f3lica del papa Clemente VIII, cuya san\u00adtidad era reconocida a\u00fan por los herejes : hombre de Dios, que humedec\u00eda con <i>sus <\/i>l\u00e1grimas la Escala Santa, cuando, contrito, la sub\u00eda de rodillas. El santo no olvi\u00addar\u00e1 jam\u00e1s el rostro asc\u00e9tico de aquel Pont\u00edfice, cuyas palabras invocaba como sello de la virtud de la obedien\u00adcia religiosa. El papa Aldobrandini, en efecto, hab\u00eda asimilado el esp\u00edritu de su director espiritual, san Felipe Neri.<\/p>\n<p>Vicente de Pa\u00fal, en cierto modo asimil\u00f3 su piedad y rectitud, ahondando aquel corte con el mundo que la esclavitud hab\u00eda realizado. Roma complet\u00f3 la obra libe\u00adradora de Berber\u00eda.<\/p>\n<p>En la capital del cristianismo donde, como para ex\u00adpresar el \u00edmpetu del renacimiento religioso y de la auto\u00adridad papal, promovidos por el Concilio tridentino, es\u00adtaban brotando monumentos de arte, con la exuberancia del barroco, deslumbrante en fuentes, pinturas, c\u00fapulas y columnas, con el honor tributado por pintores, arquitec\u00adtos y escultores a Jes\u00fas, contemplado en la Encarnaci\u00f3n, y a Mar\u00eda, vista como Madre, y a los santos, considerados como h\u00e9roes, se preparaba el poder y fuerza de Bernini para completar, con la columnata monumental, la bas\u00ed\u00adlica de San Pedro, expresi\u00f3n del resurgimiento del Pa\u00adpado, que Lutero se hab\u00eda ilusionado sepultar.<\/p>\n<p>Durante todo un a\u00f1o Vicente recorri\u00f3 las iglesias, los oficios y la periferia de la Ciudad, haci\u00e9ndose amar en todas partes, porque en todas partes se presentaba con su rostro abierto y sonriente y con su car\u00e1cter sen\u00adcillo y servicial y, adem\u00e1s, con los inventos fascinantes de la medicina espagirista y de la mec\u00e1nica, aprendidos en T\u00fanez.<\/p>\n<p>Durante su permanencia junto a la Curia aprendi\u00f3, lo necesaria que es la prudencia en el trato para des\u00adpachar asuntos eclesi\u00e1sticos, un poco de italiano y algu\u00adnos conocimientos sobre Italia.<\/p>\n<p>A finales del a\u00f1o 1608 volvi\u00f3 a Francia y apunt\u00f3 a Par\u00eds.<\/p>\n<p>Par\u00eds pod\u00eda significar la carrera eclesi\u00e1stica segura, siendo el centro principal de la distribuci\u00f3n de los benefi\u00adcios eclesi\u00e1sticos para Francia. Y Vicente fue a vivir en un barrio central, Saint-Germain-des-Pr\u00e9s, content\u00e1ndose con repartir una modesta habitaci\u00f3n con un paisano suyo, el juez de paz, Sore.<\/p>\n<p>Pero en vez de cortejar a personajes distinguidos, se acerc\u00f3 a de B\u00e9rulle.<\/p>\n<p>El haber buscado la amistad y la direcci\u00f3n espiritual de una de las almas m\u00e1s grandes que entonces ilumina. ban la Iglesia de Francia, el padre Pierre de B\u00e9rulle, fu\u00adturo cardenal, amigo de san Francisco de Sales, te\u00f3logo y escritor insigne, que hab\u00eda contribuido a introducir la reforma del Carmelo en su patria y se dispon\u00eda a fundar all\u00ed la Congregaci\u00f3n del Oratorio, seg\u00fan el modelo de la de san Felipe Neri ; el haberse confiado a un alma de Dios, superior por <i>sus <\/i>dotes y por sus obras; revela el esp\u00edritu de Vicente, ahora ya resueltamente orientado ha\u00adcia el objetivo de la santidad. Serio y l\u00f3gico en todas sus cosas, una vez que se hab\u00eda hecho sacerdote, marchaba ha. cia la \u00fanica meta se\u00f1alada al sacerdocio, aunque por amor a los padres, fomentara todav\u00eda, con cierta pasividad, la idea de cierta sistematizaci\u00f3n econ\u00f3mica.<\/p>\n<p>Sobre este argumento nos queda una carta suya es\u00adcrita a su madre, con fecha del 17 de febrero de 1610, pa\u00adra asegurarle que, una vez que arreglara <i>sus <\/i>cosas, volve\u00adr\u00eda a su tierra para vivir junto a los suyos y echar una mano de ayuda a sus hermanos.<\/p>\n<p>Esto si algo significa es que, en la vida de Vicente, el hero\u00edsmo de su segunda conversi\u00f3n, \u2014si queremos lla\u00admar as\u00ed, con una expresi\u00f3n ignaciana, al desasimiento to\u00adtal de los bienes de este mundo\u2014 no fue de car\u00e1cter fulminante: de acuerdo con su temperamento de campesino que daba sus pasos con cautela, sin prisas, march\u00f3 derechamente, pero con calma, con el estilo de su tie\u00adrra, cuyos trabajadores andan leguas pero tranquilamente, para no perder fuerzas. Es evidente, sin embargo, que ya desde entonces su formaci\u00f3n hab\u00eda alcanzado una pro\u00adfundidad no ordinaria. Y la prueba se tuvo cuando, de repente, se vio acusado de hurto por su compa\u00f1ero de habitaci\u00f3n, a quien hab\u00edan robado un saquito de 400 es\u00adcudos. Vicente fue acusado de hurto, con expresiones vio\u00adlentas, en presencia del mismo de B\u00e9rulle; y sin embargo no se defendi\u00f3 ; se limit\u00f3 a responder: \u00abDios conoce la verdad\u00bb. En esta actitud se ve ya al santo, resuelto a res\u00adponder al mal con el bien.<\/p>\n<p>Como hab\u00eda predicho se descubri\u00f3 la verdad seis a\u00f1os m\u00e1s tarde, cuando el ladr\u00f3n, detenido en Burdeos por otros cr\u00edmenes, confes\u00f3 tambi\u00e9n aquella culpa. En\u00adtonces el juez acusador, confundido, escribi\u00f3 a Vicente una carta conmovedora, pidi\u00e9ndole perd\u00f3n.<\/p>\n<p>Semejante conducta revel\u00f3, sobre todo, una madurez asc\u00e9tica, de car\u00e1cter heroico, con dominio de la caridad, que en adelante constituir\u00eda el rasgo caracter\u00edstico de toda su acci\u00f3n religiosa. Ciertamente ya no pensaba en bienes de la tierra ni en \u00e9xitos mundanos quien se dejaba pi\u00adsotear de aquella manera, por amor a Jesucristo.<\/p>\n<p>Podemos, pues, estar ciertos de que fueron las vir\u00adtudes, y no las recomendaciones y solicitaciones, las que le hicieron hallar un puesto de trabajo honrado, cuando, probablemente por mediaci\u00f3n de su amigo Carlos de Fres\u00adne o de Saint-Martin, esposo de Catalina de Comet, la rei\u00adna Margarita de Valois, esposa repudiada de Enrique IV, le escogi\u00f3 entre los capellanes para encargarle de la dis\u00adtribuci\u00f3n de las limosnas. Esta reina fastuosa que, conforme con los gustos de la \u00e9poca, pasaba el d\u00eda entre pr\u00e1cticas de piedad y sesiones de sal\u00f3n, conciertos y asuntos de Estado, secund\u00f3, quiz\u00e1s sin saberlo, la vocaci\u00f3n de De\u00adpaul, de servicio a la gente pobre.<\/p>\n<p>Por otra parte, en mayo, le lleg\u00f3 el beneficio por el que antes tanto hab\u00eda suspirado : una abad\u00eda cisterciense, la de Saint-L\u00e9onard-des-Chaumes, que pertenec\u00eda al ar\u00adzobispo de Aix ; y estuvo tan ocupado entre los asuntos judiciales de \u00e9sta y los servicios a la reina, que ya no se acord\u00f3 de volver a Pouy, como lo hab\u00eda prometido, para consumir all\u00ed las rentas abaciales en el ocio y en el aburrimiento.<\/p>\n<p>Aquel mes Par\u00eds se sinti\u00f3 conmovido por un crimen espantoso. La ma\u00f1ana del 14 el rey cay\u00f3 muerto bajo el pu\u00f1al de un visionario fan\u00e1tico, Francisco Ravaillac que, expulsado de un convento de Feuillants, vagabundeaba con la presunci\u00f3n de restablecer la ortodoxia cat\u00f3lica con\u00adtra las invasiones de la herej\u00eda protestante. El gesto re\u00advelaba el desorden de los esp\u00edritus, en la atm\u00f3sfera de convulsiones pol\u00edticas y religiosas del siglo, en v\u00edsperas de la guerra de los treinta a\u00f1os.<\/p>\n<p>El desgraciado subi\u00f3 al pat\u00edbulo, donde se le quem\u00f3 una mano con azufre y se le desgarraron las carnes con tenazas y l\u00edquidos incandescentes, siendo descuartizado por la muchedumbre antes de ser arrojado a las llamas.<\/p>\n<p>No sabemos si Vicente asisti\u00f3 al suplicio. Ciertamen\u00adte, aun al o\u00edrlo contar, tuvo que experimentar horror y sen\u00adtir a\u00fan m\u00e1s la necesidad de una infusi\u00f3n de piedad en aquellas almas, para que recobraran la fraternidad en\u00adtre s\u00ed con la filiaci\u00f3n divina. Y su sentimiento tuvo que ahondarse a\u00fan m\u00e1s durante las convulsiones pol\u00edticas que siguieron al crimen de Ravaillac, despu\u00e9s de que los hugonotes se levantaron para defender desde sus cien ciu\u00addades fortificadas los derechos conseguidos por el Edicto de Nantes, doce a\u00f1os antes, mientras los nobles se lanza\u00adban contra el poder central, representado por una mujer, Mar\u00eda de Medici, regente de su hijo de nueve a\u00f1os, con el fin de recobrar los privilegios feudales perdidos con la concentraci\u00f3n de poderes en manos del monarca. Enton\u00adces se convocaron \u2014por \u00faltima vez antes de la Revolu\u00adci\u00f3n\u2014 los Estados Generales, donde la burgues\u00eda se re\u00advel\u00f3 con un poder insospechado.<\/p>\n<p>Aquellos pocos meses transcurridos en Par\u00eds, en con\u00adtacto con almas abiertas de par en par, como de B\u00e9rulle, y grandes miserias, como las que ve\u00edan pulular en los su\u00adburbios parisinos, sirvieron para vincularle m\u00e1s a la causa de la Iglesia.<\/p>\n<p>Entre otros, conoci\u00f3 a un eclesi\u00e1stico de la corte de Margarita de Valois, que, en el ocaso de su existencia, viv\u00eda presa de multitud de dudas religiosas, despu\u00e9s de haber sido famoso controversista contra los hugonotes. La angustia hab\u00eda llegado hasta tal punto que el desgra\u00adciado amenazaba con suicidarse. Haciendo suya la angus\u00adtia de aquel hombre, adem\u00e1s de darle consejos y \u00e1nimos, Vicente se ofreci\u00f3 a Dios como v\u00edctima por su paz ; y Dios acept\u00f3 el ofrecimiento ; el te\u00f3logo muri\u00f3 tranquili\u00adzado ; y Vicente cay\u00f3 en la misma locura, inici\u00e1ndose en \u00e9l un per\u00edodo de dudas atroces contra la fe: la noche oscura de su santidad. Era aquella \u00e9poca en que demasia\u00addos esp\u00edritus o se enredaban en formas patol\u00f3gicas de creencia o se desviaban hacia formas protestantes, o ha\u00adcia el escepticismo, fomentado por el Renacimiento y por el positivismo naciente. Vicente advirti\u00f3 el peligro y se espant\u00f3, humill\u00e1ndose ante Dios ; y, con un recurso que revelaba su ingenuidad campesina, escribi\u00f3 los art\u00edculos del Credo en una hoja de papel y se la coloc\u00f3 sobre el coraz\u00f3n, llev\u00e1ndola sobre s\u00ed, d\u00eda y noche, mientras que, para vencer al tentador, se dedic\u00f3 a servir a los enfermos en el hospital de la Caridad, que estaba cerca de su casa. El 19 de octubre de 1611 le entreg\u00f3 una suma de 15.000 pesetas que hab\u00eda recibido como donaci\u00f3n. Los enfermos le parec\u00edan la encarnaci\u00f3n de Cristo libertador.<\/p>\n<p>Pero la prueba no termin\u00f3.<\/p>\n<p>El tormento entenebrecer\u00eda su alma durante muchos a\u00f1os todav\u00eda hasta que ofreciera resueltamente su vida al Se\u00f1or, para entregarse totalmente al servicio de los pobres.<\/p>\n<p>En esta consagraci\u00f3n hall\u00f3 la paz: confi\u00e1ndose a los pobres \u00e9stos le confiaron a Dios.<\/p>\n<p>Desde entonces, tambi\u00e9n \u00e9l, para dar a Cristo a los hombres, les dio los pobres, im\u00e1genes de Cristo.<\/p>\n<p>Mientras tanto sigui\u00f3 frecuentando el trato de B\u00e9\u00adrulle, que en 1611 fundaba el Oratorio ; y se fue a vivir con \u00e9l.<\/p>\n<p>En su residencia se encontr\u00f3 con otras almas gene\u00adrosas, entre ellas con Bourdoise, joven sacerdote, animado en su entusiasta celo reformador. B\u00e9rulle, Bourdoise y Depaul compusieron una terna de sacerdotes decididos a infundir una ola de santidad en el organismo eclesi\u00e1s\u00adtico; y entre s\u00ed discutieron los modos de la reforma de la Iglesia en Francia. B\u00e9rulle deseaba misiones de sa\u00adcerdotes virtuosos enviados entre el pueblo para anunciar de nuevo las verdades de la fe ; Bourdoise aspiraba a reu\u00adnir en comunidad a los sacerdotes de las parroquias para hacer de las parroquias otros tantos centros de difusi\u00f3n de la fe y de la virtud y escuelas para la formaci\u00f3n de los futuros sacerdotes ; Depaul explicaba su vocaci\u00f3n, que era servir con la palabra y la asistencia material a los pobres de los campos, religiosa y socialmente m\u00e1s aban\u00addonados. Esta asociaci\u00f3n de lo religioso con lo social ten\u00eda que resultar muy del agrado de B\u00e9rulle, que iba a merecer del papa Urbano VIII el t\u00edtulo de \u00abAp\u00f3stol del Verbo encarnado\u00bb hasta tal punto sent\u00eda el valor de la humani\u00addad del Hijo de Dios y de su presencia entre los hom\u00adbres !<\/p>\n<p>Los tres proyectos no se fundieron: evidentemente cada uno merec\u00eda desarrollarse plenamente, en formas aut\u00f3nomas. Se fundieron sus esp\u00edritus en un \u00fanico pro\u00adp\u00f3sito de dedicarse al renacimiento de la religi\u00f3n en el terreno trillado por la Reforma y el Humanismo.<\/p>\n<p>Hab\u00eda necesidad urgente de utilizar con unos la cul\u00adtura, con otros el ministerio y con los m\u00e1s humildes la misericordia.<\/p>\n<p>Cada uno de los ideales ayud\u00f3 al otro. La escuela de B\u00e9rulle ense\u00f1\u00f3 a Vicente el valor de la doctrina teo\u00adl\u00f3gica cuando se convierte en vida. Como reconocer\u00eda mu\u00adchos a\u00f1os m\u00e1s tarde, en 1643, hablando a sus sacerdotes, el fundador del Oratorio, Vicente hab\u00eda encontrado un hombre que estudiaba (y escrib\u00eda) de modo que el amor correspondiera al conocimiento : efectivamente \u00abtan pron\u00adto como conceb\u00eda una verdad, se daba a Dios o para prac\u00adticarla o para entrar en aquellos sentimientos o para producir sus actos ; de esta manera, alcanz\u00f3 una santidad y una ciencia tan s\u00f3lidas, que es dif\u00edcil hallar otras se\u00admejantes\u00bb.<\/p>\n<p>Por su parte Bourdoise le iluminaba sobre la ur\u00adgencia de arrancar a los sacerdotes de su individualismo y de su aislamiento, para fundirlos en una vida comunitaria, en la que circulara la caridad. \u00ab\u00a1 Cu\u00e1nto bien puede hacer un eclesi\u00e1stico ! \u2014repetir\u00eda un d\u00eda a los suyos san Vicente\u2014. \u00a1 Qu\u00e9 conversiones puede procurar ! \u00a1 Mirad al se\u00f1or Bourdoise, a ese sacerdote excelente, qu\u00e9 no hace y qu\u00e9 no puede hacer&#8230;\u00bb<span id='easy-footnote-1-123733' class='easy-footnote-margin-adjust'><\/span><span class='easy-footnote'><a href='https:\/\/vincentians.com\/es\/san-vicente-de-paul-siervo-de-los-pobres-02\/#easy-footnote-bottom-1-123733' title='Abelly, Vie du v\u00e9n, &lt;i&gt;serviteur de Dieu Vincent de Paul, &lt;\/i&gt;Par\u00eds, 1664, t. II, cap. V, p. 298.'><sup>1<\/sup><\/a><\/span>.<\/p>\n<h3><i>P\u00e1rroco en Clichy <\/i>(1611-1626)<\/h3>\n<p>Como era su deseo, San Vicente entr\u00f3 en contacto con las masas populares en la manera m\u00e1s com\u00fan e in\u00admediata para un sacerdote: como p\u00e1rroco rural. Un pue\u00adblo junto a Par\u00eds, llamado Clichy.<\/p>\n<p>Se trataba de una aldea de unos seiscientos habitantes, la mayor\u00eda agricultores ; hasta entonces su p\u00e1rroco hab\u00eda sido Francisco Bourgoing. El 11 de noviembre de 1611, Bourgoing se hab\u00eda unido, con otros cuatro compa\u00f1eros, a B\u00e9rulle, para constituir la Congregaci\u00f3n del Oratorio y hab\u00eda dejado el cuidado de Clichy, por sugerencia de B\u00e9rulle mismo, al joven sacerdote Vicente de Pa\u00fal.<\/p>\n<p>Vicente tom\u00f3 posesi\u00f3n de la parroquia el 2 de mayo del a\u00f1o siguiente, pues hubo que esperar la confirmaci\u00f3n de Roma.<\/p>\n<p>Cuando se present\u00f3 a sus feligreses era un joven ma\u00adduro de 31 a\u00f1os, vigoroso, de mediana estatura, de rostro abierto y risa de campesino, entre ingenua y astuta, sobre su boca vigilada por una nariz achatada, sobre el ribete de una barba zarzosa.<\/p>\n<p>Inmediatamente se conquist\u00f3 el coraz\u00f3n de todos, con su verdadera piedad y su entrega total. No se le ve\u00eda m\u00e1s que en el altar celebrando, en el confesonario confe\u00adsando o en la iglesia reparando cosas sagradas y pintando paredes, para hermosear la casa de Dios ; y si sal\u00eda era para visitar enfermos o llevar consejos y ayudas a toda clase de necesitados.<\/p>\n<p>Un sacerdote semejante, en aquella \u00e9poca, causaba sensaci\u00f3n.<\/p>\n<p>En las fiestas hablaba a los feligreses, con oratoria sencilla, tejida de ideas sencillas, de modo que todos le entend\u00edan: y entend\u00edan tambi\u00e9n que amaba a Dios y a Nuestra Se\u00f1ora ; y <i>se <\/i>sintieron satisfechos de amar m\u00e1s con \u00e9l al Se\u00f1or y a su Madre.<\/p>\n<p>Introdujo el m\u00e9todo de librar a las almas de sus tormentos mediante la confesi\u00f3n general ; y, d\u00f3ciles, foment\u00f3 su alegr\u00eda, asoci\u00e1ndolas a los cantos de la li\u00adturgia. Hizo de aquellos campesinos una Iglesia viva: un pueblo que, unido por el amor, tomaba parte en el culto, como en cosa propia y cantaba con un cuidado del ritmo y de las voces semejante al amor que expresaba. En me\u00addio de ellos Vicente se sinti\u00f3 m\u00e1s feliz que el Papa, m\u00e1s que el Arzobispo entre sus fieles ; y as\u00ed se lo manifest\u00f3 c\u00e1ndidamente a su prelado.<\/p>\n<p>Un rasgo notable que hac\u00eda presagiar al fundador y la clase de su fundaci\u00f3n fue \u00e9ste, que saliendo al paso de una de las necesidades m\u00e1s graves de la Iglesia y a una de las m\u00e1s urgentes del Concilio de Trento, aun con sus me\u00addios escasos y con la modestia d\u00e9 su posici\u00f3n, dio vida a una especie de peque\u00f1o seminario: a una escuela para futuros sacerdotes, compuesta de una docena de j\u00f3venes, entre los cuales estaba Antonio Portail (1590-1660), que ser\u00eda su brazo derecho en la direcci\u00f3n de toda la obra vicenciana. Al mismo tiempo fund\u00f3 una confraternidad.<\/p>\n<p>Despu\u00e9s de un par de a\u00f1os de esta actividad, con la que un p\u00e1rroco santo daba vida a una parroquia santa que, a su vez, sosten\u00eda su santidad: por sugerencia del di\u00adrector espiritual, el padre de B\u00e9rull e, acept\u00f3 el cargo de preceptor de la casa principesca de Felipe Manuel Gondi, que era el general de las galeras, como quien dice, almi\u00adrante de la flota francesa.<\/p>\n<p>Acept\u00f3, s\u00f3lo por obedecer a su director espiritual.<\/p>\n<h3><i>En casa de Gondi<\/i><\/h3>\n<p>Los Gondi eran una de aquellas familias de banque\u00adros florentinos enraizados con \u00e9xito en muchos pa\u00edses de Europa, preferentemente en Francia. Entonces era mi\u00adnistro de la reina Mar\u00eda de Medici el florentino Concino Concini, que hab\u00eda llegado a ser marqu\u00e9s de Ancres y mariscal del reino. No habi\u00e9ndose atrincherado t\u00f3dav\u00eda las naciones enteramente dentro de sus fronteras nacio\u00adnalistas, a\u00fan hab\u00eda entre ellas un vasto intercambio pol\u00ed\u00adtico, cultural y comercial.<\/p>\n<p>Los Gondi hab\u00edan adquirido prestigio en los puestos de mando de la administraci\u00f3n civil y eclesi\u00e1stica; y tam\u00adbi\u00e9n ellos, como tantos otros, oscilaban entre una vida devota y una concepci\u00f3n pagana de la misma. Se hab\u00edan instalado en la sede episcopal de Par\u00eds, como en un feudo. Durante su carrera, san Vicente tuvo que hab\u00e9rselas con Enrique Gondi, obispo de Par\u00eds y primer cardenal de Retz, con su hermano Juan Francisco Gondi, arzobispo de Par\u00eds, y con Juan Francisco Pablo Gondi, su sobrino, arzobispo tambi\u00e9n de Retz.<\/p>\n<p>Buen cristiano, fundamentalmente piadoso y honra\u00addo, Felipe Manuel se ve\u00eda sostenido por una esposa que, con todos sus escr\u00fapulos, estaba animada de una caridad no com\u00fan. Se llamaba Francisca Margarita de Silly y era baronesa de Montmirail.<\/p>\n<p>Nombrado preceptor, desde el a\u00f1o 1613, del hijo mayor de Gondi, Pedro, de once a\u00f1os de edad, durante varios a\u00f1os Vicente se dedic\u00f3 a hacer de \u00e9l un cristiano ; y lo consigui\u00f3.<\/p>\n<p>En el desempe\u00f1o de su misi\u00f3n, llevado de su celo sacerdotal, se ocup\u00f3 tambi\u00e9n de la servidumbre ; y cuando iba a las tierras de los se\u00f1ores se ocupaba de los cam\u00adpesinos: aqu\u00ed se encontraba entre su gente. Educando a aquellas pobres criaturas ignorantes, iniciaba por su cuen\u00adta la emancipaci\u00f3n de esa clase de la sociedad.<\/p>\n<p>En el capell\u00e1n de los Gondi se hab\u00eda definido ya el rasgo t\u00edpico de su car\u00e1cter: el de mantenerse puro, cada vez m\u00e1s unido con Dios y cada vez m\u00e1s decidido a darse a los pobres, aun estando en medio del lujo. Los se\u00f1ores hab\u00edan comprendido el valor espiritual del capell\u00e1n y le amaban y \u00e9l amaba a sus se\u00f1ores: pero cat\u00f3licamente, viendo en ellos a sus superiores: m\u00e1s a\u00fan, como confe\u00adsar\u00e1 m\u00e1s tarde, viendo en el general de las galeras a Jesucristo y en su esposa a la Virgen Mar\u00eda : proyecci\u00f3n del sacramento del matrimonio, vivido con gravedad por los dos y entendido en su grandeza por el sacerdote, que se acostumbr\u00f3 a elevar las relaciones humanas a un plano sobrenatural. As\u00ed, con esta concepci\u00f3n profunda y ope\u00adrante, cooperaba a hacer de aquella familia opulenta una peque\u00f1a Iglesia, induci\u00e9ndola a ver en el poder humano un ministro social, para servicio de los hombres, por amor al Omnipotente.<\/p>\n<div>\n<p>Acostumbr\u00e1ndose a contemplar en toda criatura la imagen y la semejanza de Dios y, como dir\u00e1 su joven ami\u00adgo Bossuet, la equivalencia de la sangre de Cristo, Vicente ve\u00eda no s\u00f3lo en los se\u00f1ores, sino tambi\u00e9n en los siervos y en los iguales, el rostro del Se\u00f1or: por esto amaba y serv\u00eda a todos: y tratando as\u00ed a los hombres practicaba continuamente un acto de religi\u00f3n: estaba siempre en la presencia de Dios.<\/p>\n<p>All\u00ed, si no lo aprendi\u00f3, ciertamente perfeccion\u00f3 aquel estilo suyo, de hablar y de escribir, hecho de consideraci\u00f3n y de ofrecimientos de servicio que, en \u00e9l, no eran etiqueta del seiscientos, sino convicci\u00f3n cristiana: es decir infun\u00addi\u00f3 un alma religiosa aun en el estilo, aun en la etiqueta, aun en las costumbres: pues para \u00e9l, si se amaba a Dios, todas las cosas concurr\u00edan al bien, purificadas con el agua de la caridad.<\/p>\n<p>Por otra parte, si su trato cristiano no se apartaba nunca de la suavidad, no por esto, por la cortes\u00eda habi\u00adtual, traicion\u00f3 nunca a la verdad. Cierto d\u00eda supo que su se\u00f1or se preparaba para batirse en duelo, seg\u00fan una con\u00adcepci\u00f3n, entonces general, del honor mal entendido: la gente se bat\u00eda en duelo por motivos f\u00fatiles, poniendo la nobleza en ciertas precedencias y pretensiones. Mor\u00edan m\u00e1s hidalgos a manos de connacionales en duelos, que a manos de los enemigos en batallas. Desde 1589 a 1607 hab\u00edan quedado muertos en contiendas singulares 7000 nobles; y la man\u00eda homicida iba en aumento.<\/p>\n<p>Vicente que comprend\u00eda lo criminal, no menos que lo grave, de la estupidez de aquella moda, cierta ma\u00f1a\u00adna, despu\u00e9s de la Misa, trat\u00f3 de verse un momento con el general; y, hall\u00e1ndose a solas con \u00e9l, se hinc\u00f3 de ro\u00addillas a sus pies; y, con aquella sinceridad conmovedo\u00adra por la que todos le quer\u00edan bien, le habl\u00f3 de esta manera: Se\u00f1or, permitidme, os ruego, que con toda hu\u00admildad os diga una palabra. Estoy seguro de que vais a batiros en duelo; pero de parte de mi Salvador, a quien hace poco present\u00e9 a vuestra adoraci\u00f3n, os digo que si no abandon\u00e1is este triste designio, \u00e9l ejercer\u00e1 su justicia sobre vos y sobre toda vuestra posteridad.<\/p>\n<p>En aquel lenguaje hab\u00eda la deferencia del subordina\u00addo y la independencia del sacerdote, que se alzaba ante el se\u00f1or temporal, con dignidad de profeta. Despu\u00e9s de haber hablado as\u00ed, con caridad y verdad, se levant\u00f3, res\u00adpetuosamente y se retir\u00f3 a su habitaci\u00f3n.<\/p>\n<p>El general de las galeras de Francia no estaba acos\u00adtumbrado a discursos semejantes; y en general la reli-, gi\u00f3n se le hab\u00eda ofrecido siempre como sierva al servi\u00adcio de su orgullo. Pero como era fundamentalmente reli\u00adgioso y ve\u00eda en aquel sacerdote al Se\u00f1or que le hablaba, acept\u00f3 la lecci\u00f3n y desisti\u00f3 de su prop\u00f3sito. En su tiem\u00adpo se necesitaba valor no com\u00fan para hacer esto. En vez de ir al lugar del duelo, se dirigi\u00f3 con su familia a las tierras de Picard\u00eda. En \u00e9l y en su esposa creci\u00f3 la estima del capell\u00e1n, en quien hab\u00edan descubierto al santo; y redoblaron sus atenciones con \u00e9l para no perderle. Mada- me Gondi dese\u00f3 tenerle como director de su conciencia y, haciendo intervenir al padre B\u00e9rulle, lo consigui\u00f3 ; que\u00adr\u00eda tenerle siempre junto a s\u00ed y cuando \u00e9l estaba lejos, ella se volv\u00eda mani\u00e1tica. Para desarraigar en ella aquel culto morboso al propio yo, aquella su concentraci\u00f3n en los defectos propios, con que se ve\u00eda m\u00e1s a s\u00ed misma que a Dios, Vicente la lanz\u00f3 a servir a los pobres y a los en\u00adfermos de sus propias tierras; es decir a amar a los de\u00adm\u00e1s, de modo que hallara en los pobres al Se\u00f1or.<\/p>\n<\/div>\n<p>Mientras tanto los Gondi le procuraron una canon\u00adj\u00eda en Ecouis, Normand\u00eda.<\/p>\n<p>Es de creer que Vicente la acept\u00f3 por obediencia. Cuando se dirigi\u00f3 al lugar para tomar posesi\u00f3n de ella, el 27 de mayo de 1615, ofreci\u00f3 una buena comida a los can\u00f3nigos ; y desde entonces no se le volvi\u00f3 a ver m\u00e1s. Probablemente renunci\u00f3 pronto a ella; as\u00ed como, al a\u00f1o siguiente, renunci\u00f3 a la abad\u00eda de Saint-L\u00e9onard-des\u00adChaunes. Canonj\u00edas y abad\u00edas no eran para \u00e9l ; su dina\u00admismo apost\u00f3lico, que se intensificaba de a\u00f1o en a\u00f1o, no se compaginaba bien con el inmovilismo.<\/p>\n<p>En 1615 trat\u00f3 de inmovilizarle durante alg\u00fan tiem\u00adpo una enfermedad, de la que le quedar\u00edan continuos do\u00adlores en las piernas, sufrimiento de toda su vida y causa principal de su muerte.<\/p>\n<p>Despu\u00e9s de levantarse, siempre que pod\u00eda se diri\u00adg\u00eda a estar en medio de los campesinos.<\/p>\n<p>En una de estas excursiones, fue a parar al cas\u00adtillo de Gannes, junto a Folleville.<\/p>\n<p>All\u00ed, en enero del a\u00f1o 1617, logr\u00f3 persuadir a que se confesara generalmente un anciano que, a los ojos de todos aparec\u00eda como un hombre justo, pero que en el fondo de su alma ocultaba desde hac\u00eda muchos a\u00f1os una carga de pecados, de la que no se sent\u00eda con \u00e1nimos pa\u00adra librarse.<\/p>\n<p>El campesino, purificado por aquella confesi\u00f3n, mu\u00adri\u00f3 lleno de alegr\u00eda, manifestando sin cesar su agradeci\u00admiento al capell\u00e1n; y el capell\u00e1n se anim\u00f3 a proponer, en la iglesia de Folleville, el d\u00eda de la conversi\u00f3n de san Pablo, la confesi\u00f3n general a todos. Le escucharon y la muchedumbre de fieles deseosos de realizar aquel acto de liberaci\u00f3n fue tan grande que fue necesario hacer ve\u00adnir a un grupo de jesuitas de Amiens. Tambi\u00e9n la gene\u00adrala comprendi\u00f3 entonces que mucha gente corr\u00eda peli\u00adgro de morir en pecado, por ignorancia propia y despui\u00addo del clero local, con frecuencia estaba tan poco pre\u00adparado que ignoraba hasta la f\u00f3rmula de absoluci\u00f3n. Ella misma tuvo que proporcionar al p\u00e1rroco su confesor el texto latino de la absoluci\u00f3n; y Vicente mismo tuvo que experimentar que no pocos de aquellos sacerdotes, en el confesonario, murmuraban palabras ininteligibles porque no sab\u00edan qu\u00e9 es lo que deb\u00edan decir.<\/p>\n<p>De ahora en adelante Vicente empezar\u00e1 sus misiones con esa operaci\u00f3n de catarsis radical y preliminar, que es la confesi\u00f3n general, para promover, partiendo de un terreno limpio, una vida de renovaci\u00f3n.<\/p>\n<p>Sobre pantanos de muerte, donde se corromp\u00edan al\u00admas y cuerpos, en la suciedad moral y material, hab\u00eda visto ahora cu\u00e1l era la tarea m\u00e1s urgente del ap\u00f3stol: reconstruir la vida de la gracia, curando las enfermeda\u00addes de las almas y las miserias de los cuerpos.<\/p>\n<p>Hab\u00eda comprendido e hizo comprender a todos que aquella poblaci\u00f3n rural ten\u00eda necesidad de ser instruida, catequizada: ten\u00eda necesidad de misiones; y puesto que no se hallaron jesuitas que las dieran, ni oratorianos que pudieran dejar Par\u00eds, Vicente entendi\u00f3 que le tocaba a \u00e9l proveerlo de misioneros. La primera idea de los sa\u00adcerdotes de la Misi\u00f3n surgi\u00f3 del terreno ardiente de la necesidad: as\u00ed como de ese mismo suelo ardiente le vino la primera inspiraci\u00f3n de las confraternidades de la Ca\u00adridad. En adelante el Se\u00f1or se revel\u00f3 a Vicente con el lenguaje de las circunstancias, con el descubrimiento de<\/p>\n<div>\n<p>las necesidades actuales; de tal manera que \u00e9l, fundador de obras sin fin, no crey\u00f3 nunca haberlas fundado, sino simplemente haber obedecido al impulso de las ocasiones.<\/p>\n<p>Ahora ya se le hab\u00eda abierto un camino claro, con una llamada segura: y con el benepl\u00e1cito de B\u00e9rulle, se decidi\u00f3 a seguirla, aun a costa de producir un gran do\u00adlor a Madame Gondi, que ya no sab\u00eda separarse de \u00e9l.<\/p>\n<\/div>\n<p>&nbsp;<\/p>\n","protected":false},"excerpt":{"rendered":"<p>II. Vicente en Par\u00eds (1608-1611) El encuentro con de B\u00e9rulle Vicente fue conducido a Roma. Justamente se ha observado que, si en la esclavitud hab\u00eda encontrado la libertad, en el trabajo servil hab\u00eda descubierto aquella &#8230; <a href=\"https:\/\/vincentians.com\/es\/san-vicente-de-paul-siervo-de-los-pobres-02\/\" class=\"more-link\">Read More<\/a><\/p>\n","protected":false},"author":4,"featured_media":39882,"comment_status":"open","ping_status":"open","sticky":false,"template":"","format":"standard","meta":{"jetpack_post_was_ever_published":false,"_jetpack_newsletter_access":"","_jetpack_dont_email_post_to_subs":false,"_jetpack_newsletter_tier_id":0,"_jetpack_memberships_contains_paywalled_content":false,"_jetpack_memberships_contains_paid_content":false,"footnotes":"","jetpack_publicize_message":"","jetpack_publicize_feature_enabled":true,"jetpack_social_post_already_shared":true,"jetpack_social_options":{"image_generator_settings":{"template":"highway","default_image_id":0,"font":"","enabled":false},"version":2}},"categories":[5],"tags":[224,117,116,129],"class_list":["post-123733","post","type-post","status-publish","format-standard","has-post-thumbnail","hentry","category-vicente-de-paul","tag-berulle","tag-pouy","tag-tunez","tag-urbano-viii"],"yoast_head":"<!-- This site is optimized with the Yoast SEO plugin v26.3 - https:\/\/yoast.com\/wordpress\/plugins\/seo\/ -->\n<title>San Vicente de Pa\u00fal, siervo de los pobres (02) - Somos Vicencianos<\/title>\n<meta name=\"robots\" content=\"index, follow, max-snippet:-1, max-image-preview:large, max-video-preview:-1\" \/>\n<link rel=\"canonical\" href=\"https:\/\/vincentians.com\/es\/san-vicente-de-paul-siervo-de-los-pobres-02\/\" \/>\n<meta property=\"og:locale\" content=\"es_ES\" \/>\n<meta property=\"og:type\" content=\"article\" \/>\n<meta property=\"og:title\" content=\"San Vicente de Pa\u00fal, siervo de los pobres (02) - Somos Vicencianos\" \/>\n<meta property=\"og:description\" content=\"II. Vicente en Par\u00eds (1608-1611) El encuentro con de B\u00e9rulle Vicente fue conducido a Roma. Justamente se ha observado que, si en la esclavitud hab\u00eda encontrado la libertad, en el trabajo servil hab\u00eda descubierto aquella ... Read More\" \/>\n<meta property=\"og:url\" content=\"https:\/\/vincentians.com\/es\/san-vicente-de-paul-siervo-de-los-pobres-02\/\" \/>\n<meta property=\"og:site_name\" content=\"Somos Vicencianos\" \/>\n<meta property=\"article:publisher\" content=\"https:\/\/www.facebook.com\/WeAreVincentians\/\" \/>\n<meta property=\"article:author\" content=\"https:\/\/www.facebook.com\/JavierChento\" \/>\n<meta property=\"article:published_time\" content=\"2013-11-27T06:40:18+00:00\" \/>\n<meta property=\"article:modified_time\" content=\"2016-07-26T15:23:10+00:00\" \/>\n<meta name=\"author\" content=\"Francisco Javier Fern\u00e1ndez Chento\" \/>\n<meta name=\"twitter:card\" content=\"summary_large_image\" \/>\n<meta name=\"twitter:creator\" content=\"@https:\/\/twitter.com\/javierchento\" \/>\n<meta name=\"twitter:site\" content=\"@WeVincentians\" \/>\n<meta name=\"twitter:label1\" content=\"Escrito por\" \/>\n\t<meta name=\"twitter:data1\" content=\"Francisco Javier Fern\u00e1ndez Chento\" \/>\n\t<meta name=\"twitter:label2\" content=\"Tiempo de lectura\" \/>\n\t<meta name=\"twitter:data2\" content=\"24 minutos\" \/>\n<script type=\"application\/ld+json\" class=\"yoast-schema-graph\">{\"@context\":\"https:\/\/schema.org\",\"@graph\":[{\"@type\":\"Article\",\"@id\":\"https:\/\/vincentians.com\/es\/san-vicente-de-paul-siervo-de-los-pobres-02\/#article\",\"isPartOf\":{\"@id\":\"https:\/\/vincentians.com\/es\/san-vicente-de-paul-siervo-de-los-pobres-02\/\"},\"author\":{\"name\":\"Francisco Javier Fern\u00e1ndez Chento\",\"@id\":\"http:\/\/vincentians.com\/es\/#\/schema\/person\/9623ef4d9aa3b2dfb8c061f1499288f2\"},\"headline\":\"San Vicente de Pa\u00fal, siervo de los pobres (02)\",\"datePublished\":\"2013-11-27T06:40:18+00:00\",\"dateModified\":\"2016-07-26T15:23:10+00:00\",\"mainEntityOfPage\":{\"@id\":\"https:\/\/vincentians.com\/es\/san-vicente-de-paul-siervo-de-los-pobres-02\/\"},\"wordCount\":4839,\"commentCount\":0,\"publisher\":{\"@id\":\"http:\/\/vincentians.com\/es\/#organization\"},\"image\":{\"@id\":\"https:\/\/vincentians.com\/es\/san-vicente-de-paul-siervo-de-los-pobres-02\/#primaryimage\"},\"thumbnailUrl\":\"\",\"keywords\":[\"Berulle\",\"Pouy\",\"T\u00fanez\",\"Urbano VIII\"],\"articleSection\":[\"Vicente de Pa\u00fal\"],\"inLanguage\":\"es\",\"potentialAction\":[{\"@type\":\"CommentAction\",\"name\":\"Comment\",\"target\":[\"https:\/\/vincentians.com\/es\/san-vicente-de-paul-siervo-de-los-pobres-02\/#respond\"]}]},{\"@type\":\"WebPage\",\"@id\":\"https:\/\/vincentians.com\/es\/san-vicente-de-paul-siervo-de-los-pobres-02\/\",\"url\":\"https:\/\/vincentians.com\/es\/san-vicente-de-paul-siervo-de-los-pobres-02\/\",\"name\":\"San Vicente de Pa\u00fal, siervo de los pobres (02) - Somos Vicencianos\",\"isPartOf\":{\"@id\":\"http:\/\/vincentians.com\/es\/#website\"},\"primaryImageOfPage\":{\"@id\":\"https:\/\/vincentians.com\/es\/san-vicente-de-paul-siervo-de-los-pobres-02\/#primaryimage\"},\"image\":{\"@id\":\"https:\/\/vincentians.com\/es\/san-vicente-de-paul-siervo-de-los-pobres-02\/#primaryimage\"},\"thumbnailUrl\":\"\",\"datePublished\":\"2013-11-27T06:40:18+00:00\",\"dateModified\":\"2016-07-26T15:23:10+00:00\",\"breadcrumb\":{\"@id\":\"https:\/\/vincentians.com\/es\/san-vicente-de-paul-siervo-de-los-pobres-02\/#breadcrumb\"},\"inLanguage\":\"es\",\"potentialAction\":[{\"@type\":\"ReadAction\",\"target\":[\"https:\/\/vincentians.com\/es\/san-vicente-de-paul-siervo-de-los-pobres-02\/\"]}]},{\"@type\":\"ImageObject\",\"inLanguage\":\"es\",\"@id\":\"https:\/\/vincentians.com\/es\/san-vicente-de-paul-siervo-de-los-pobres-02\/#primaryimage\",\"url\":\"\",\"contentUrl\":\"\"},{\"@type\":\"BreadcrumbList\",\"@id\":\"https:\/\/vincentians.com\/es\/san-vicente-de-paul-siervo-de-los-pobres-02\/#breadcrumb\",\"itemListElement\":[{\"@type\":\"ListItem\",\"position\":1,\"name\":\"Portada\",\"item\":\"http:\/\/vincentians.com\/es\/\"},{\"@type\":\"ListItem\",\"position\":2,\"name\":\"San Vicente de Pa\u00fal, siervo de los pobres (02)\"}]},{\"@type\":\"WebSite\",\"@id\":\"http:\/\/vincentians.com\/es\/#website\",\"url\":\"http:\/\/vincentians.com\/es\/\",\"name\":\"Somos Vicencianos\",\"description\":\"Know more to serve more\",\"publisher\":{\"@id\":\"http:\/\/vincentians.com\/es\/#organization\"},\"potentialAction\":[{\"@type\":\"SearchAction\",\"target\":{\"@type\":\"EntryPoint\",\"urlTemplate\":\"http:\/\/vincentians.com\/es\/?s={search_term_string}\"},\"query-input\":{\"@type\":\"PropertyValueSpecification\",\"valueRequired\":true,\"valueName\":\"search_term_string\"}}],\"inLanguage\":\"es\"},{\"@type\":\"Organization\",\"@id\":\"http:\/\/vincentians.com\/es\/#organization\",\"name\":\"The Vincentian Network\",\"url\":\"http:\/\/vincentians.com\/es\/\",\"logo\":{\"@type\":\"ImageObject\",\"inLanguage\":\"es\",\"@id\":\"http:\/\/vincentians.com\/es\/#\/schema\/logo\/image\/\",\"url\":\"https:\/\/i1.wp.com\/vincentians.com\/es\/wp-content\/uploads\/sites\/11\/2016\/06\/Vincentian-Network-logo-big.png?fit=778%2C778\",\"contentUrl\":\"https:\/\/i1.wp.com\/vincentians.com\/es\/wp-content\/uploads\/sites\/11\/2016\/06\/Vincentian-Network-logo-big.png?fit=778%2C778\",\"width\":778,\"height\":778,\"caption\":\"The Vincentian Network\"},\"image\":{\"@id\":\"http:\/\/vincentians.com\/es\/#\/schema\/logo\/image\/\"},\"sameAs\":[\"https:\/\/www.facebook.com\/WeAreVincentians\/\",\"https:\/\/x.com\/WeVincentians\"]},{\"@type\":\"Person\",\"@id\":\"http:\/\/vincentians.com\/es\/#\/schema\/person\/9623ef4d9aa3b2dfb8c061f1499288f2\",\"name\":\"Francisco Javier Fern\u00e1ndez Chento\",\"image\":{\"@type\":\"ImageObject\",\"inLanguage\":\"es\",\"@id\":\"http:\/\/vincentians.com\/es\/#\/schema\/person\/image\/\",\"url\":\"https:\/\/secure.gravatar.com\/avatar\/497d5cde87b4c3d097d0315953521681ba2cd523ee66e5077c3711f7021e65de?s=96&d=mm&r=g\",\"contentUrl\":\"https:\/\/secure.gravatar.com\/avatar\/497d5cde87b4c3d097d0315953521681ba2cd523ee66e5077c3711f7021e65de?s=96&d=mm&r=g\",\"caption\":\"Francisco Javier Fern\u00e1ndez Chento\"},\"description\":\"Director General y cofundador de La Red de Formaci\u00f3n Vicenciana. Javier es laico vicenciano, afiliado a la Congregaci\u00f3n de la Misi\u00f3n y miembro del Equipo de Misiones Populares de la provincia can\u00f3nica de Zaragoza (Espa\u00f1a) de la Congregaci\u00f3n de la Misi\u00f3n. Graduado en la Universidad Oberta de Catalunya con cuatro grados (Asistente de direcci\u00f3n, Gesti\u00f3n Administrativa, Recursos Humanos y Contabilidad Avanzada). Bil\u00edng\u00fce Espa\u00f1ol\/Ingl\u00e9s. gestiona y mantiene varias p\u00e1ginas web cristianas y vicencianas, incluida including La Red de Formaci\u00f3n Vicenciana, de la que es cofundador. Actualmente es responsable del \u00e1rea de Espa\u00f1ol de .famvin, la Red de Noticias de la Familia Vicenciana. Tambi\u00e9n es m\u00fasico cat\u00f3lico y ha editado varios discos. Es Director General y cofundador de Trovador, una reconocida compa\u00f1\u00eda discogr\u00e1fica critiana de Espa\u00f1a. Trabaja en las Tecnolog\u00edas de la Informaci\u00f3n, ofreciendo servicios de alojamiento, dise\u00f1o y mantenimiento Web, as\u00ed como asesoramiento, formaci\u00f3n y soluciones inform\u00e1ticas, gesti\u00f3n documental y digitalizaci\u00f3n de textos, edici\u00f3n y maquetaci\u00f3n de libros, revistas, flyers, etc.\",\"sameAs\":[\"http:\/\/chento.org\",\"https:\/\/www.facebook.com\/JavierChento\",\"https:\/\/x.com\/https:\/\/twitter.com\/javierchento\"],\"url\":\"https:\/\/vincentians.com\/es\/author\/chento\/\"}]}<\/script>\n<!-- \/ Yoast SEO plugin. -->","yoast_head_json":{"title":"San Vicente de Pa\u00fal, siervo de los pobres (02) - Somos Vicencianos","robots":{"index":"index","follow":"follow","max-snippet":"max-snippet:-1","max-image-preview":"max-image-preview:large","max-video-preview":"max-video-preview:-1"},"canonical":"https:\/\/vincentians.com\/es\/san-vicente-de-paul-siervo-de-los-pobres-02\/","og_locale":"es_ES","og_type":"article","og_title":"San Vicente de Pa\u00fal, siervo de los pobres (02) - Somos Vicencianos","og_description":"II. Vicente en Par\u00eds (1608-1611) El encuentro con de B\u00e9rulle Vicente fue conducido a Roma. Justamente se ha observado que, si en la esclavitud hab\u00eda encontrado la libertad, en el trabajo servil hab\u00eda descubierto aquella ... Read More","og_url":"https:\/\/vincentians.com\/es\/san-vicente-de-paul-siervo-de-los-pobres-02\/","og_site_name":"Somos Vicencianos","article_publisher":"https:\/\/www.facebook.com\/WeAreVincentians\/","article_author":"https:\/\/www.facebook.com\/JavierChento","article_published_time":"2013-11-27T06:40:18+00:00","article_modified_time":"2016-07-26T15:23:10+00:00","author":"Francisco Javier Fern\u00e1ndez Chento","twitter_card":"summary_large_image","twitter_creator":"@https:\/\/twitter.com\/javierchento","twitter_site":"@WeVincentians","twitter_misc":{"Escrito por":"Francisco Javier Fern\u00e1ndez Chento","Tiempo de lectura":"24 minutos"},"schema":{"@context":"https:\/\/schema.org","@graph":[{"@type":"Article","@id":"https:\/\/vincentians.com\/es\/san-vicente-de-paul-siervo-de-los-pobres-02\/#article","isPartOf":{"@id":"https:\/\/vincentians.com\/es\/san-vicente-de-paul-siervo-de-los-pobres-02\/"},"author":{"name":"Francisco Javier Fern\u00e1ndez Chento","@id":"http:\/\/vincentians.com\/es\/#\/schema\/person\/9623ef4d9aa3b2dfb8c061f1499288f2"},"headline":"San Vicente de Pa\u00fal, siervo de los pobres (02)","datePublished":"2013-11-27T06:40:18+00:00","dateModified":"2016-07-26T15:23:10+00:00","mainEntityOfPage":{"@id":"https:\/\/vincentians.com\/es\/san-vicente-de-paul-siervo-de-los-pobres-02\/"},"wordCount":4839,"commentCount":0,"publisher":{"@id":"http:\/\/vincentians.com\/es\/#organization"},"image":{"@id":"https:\/\/vincentians.com\/es\/san-vicente-de-paul-siervo-de-los-pobres-02\/#primaryimage"},"thumbnailUrl":"","keywords":["Berulle","Pouy","T\u00fanez","Urbano VIII"],"articleSection":["Vicente de Pa\u00fal"],"inLanguage":"es","potentialAction":[{"@type":"CommentAction","name":"Comment","target":["https:\/\/vincentians.com\/es\/san-vicente-de-paul-siervo-de-los-pobres-02\/#respond"]}]},{"@type":"WebPage","@id":"https:\/\/vincentians.com\/es\/san-vicente-de-paul-siervo-de-los-pobres-02\/","url":"https:\/\/vincentians.com\/es\/san-vicente-de-paul-siervo-de-los-pobres-02\/","name":"San Vicente de Pa\u00fal, siervo de los pobres (02) - Somos Vicencianos","isPartOf":{"@id":"http:\/\/vincentians.com\/es\/#website"},"primaryImageOfPage":{"@id":"https:\/\/vincentians.com\/es\/san-vicente-de-paul-siervo-de-los-pobres-02\/#primaryimage"},"image":{"@id":"https:\/\/vincentians.com\/es\/san-vicente-de-paul-siervo-de-los-pobres-02\/#primaryimage"},"thumbnailUrl":"","datePublished":"2013-11-27T06:40:18+00:00","dateModified":"2016-07-26T15:23:10+00:00","breadcrumb":{"@id":"https:\/\/vincentians.com\/es\/san-vicente-de-paul-siervo-de-los-pobres-02\/#breadcrumb"},"inLanguage":"es","potentialAction":[{"@type":"ReadAction","target":["https:\/\/vincentians.com\/es\/san-vicente-de-paul-siervo-de-los-pobres-02\/"]}]},{"@type":"ImageObject","inLanguage":"es","@id":"https:\/\/vincentians.com\/es\/san-vicente-de-paul-siervo-de-los-pobres-02\/#primaryimage","url":"","contentUrl":""},{"@type":"BreadcrumbList","@id":"https:\/\/vincentians.com\/es\/san-vicente-de-paul-siervo-de-los-pobres-02\/#breadcrumb","itemListElement":[{"@type":"ListItem","position":1,"name":"Portada","item":"http:\/\/vincentians.com\/es\/"},{"@type":"ListItem","position":2,"name":"San Vicente de Pa\u00fal, siervo de los pobres (02)"}]},{"@type":"WebSite","@id":"http:\/\/vincentians.com\/es\/#website","url":"http:\/\/vincentians.com\/es\/","name":"Somos Vicencianos","description":"Know more to serve more","publisher":{"@id":"http:\/\/vincentians.com\/es\/#organization"},"potentialAction":[{"@type":"SearchAction","target":{"@type":"EntryPoint","urlTemplate":"http:\/\/vincentians.com\/es\/?s={search_term_string}"},"query-input":{"@type":"PropertyValueSpecification","valueRequired":true,"valueName":"search_term_string"}}],"inLanguage":"es"},{"@type":"Organization","@id":"http:\/\/vincentians.com\/es\/#organization","name":"The Vincentian Network","url":"http:\/\/vincentians.com\/es\/","logo":{"@type":"ImageObject","inLanguage":"es","@id":"http:\/\/vincentians.com\/es\/#\/schema\/logo\/image\/","url":"https:\/\/i1.wp.com\/vincentians.com\/es\/wp-content\/uploads\/sites\/11\/2016\/06\/Vincentian-Network-logo-big.png?fit=778%2C778","contentUrl":"https:\/\/i1.wp.com\/vincentians.com\/es\/wp-content\/uploads\/sites\/11\/2016\/06\/Vincentian-Network-logo-big.png?fit=778%2C778","width":778,"height":778,"caption":"The Vincentian Network"},"image":{"@id":"http:\/\/vincentians.com\/es\/#\/schema\/logo\/image\/"},"sameAs":["https:\/\/www.facebook.com\/WeAreVincentians\/","https:\/\/x.com\/WeVincentians"]},{"@type":"Person","@id":"http:\/\/vincentians.com\/es\/#\/schema\/person\/9623ef4d9aa3b2dfb8c061f1499288f2","name":"Francisco Javier Fern\u00e1ndez Chento","image":{"@type":"ImageObject","inLanguage":"es","@id":"http:\/\/vincentians.com\/es\/#\/schema\/person\/image\/","url":"https:\/\/secure.gravatar.com\/avatar\/497d5cde87b4c3d097d0315953521681ba2cd523ee66e5077c3711f7021e65de?s=96&d=mm&r=g","contentUrl":"https:\/\/secure.gravatar.com\/avatar\/497d5cde87b4c3d097d0315953521681ba2cd523ee66e5077c3711f7021e65de?s=96&d=mm&r=g","caption":"Francisco Javier Fern\u00e1ndez Chento"},"description":"Director General y cofundador de La Red de Formaci\u00f3n Vicenciana. Javier es laico vicenciano, afiliado a la Congregaci\u00f3n de la Misi\u00f3n y miembro del Equipo de Misiones Populares de la provincia can\u00f3nica de Zaragoza (Espa\u00f1a) de la Congregaci\u00f3n de la Misi\u00f3n. Graduado en la Universidad Oberta de Catalunya con cuatro grados (Asistente de direcci\u00f3n, Gesti\u00f3n Administrativa, Recursos Humanos y Contabilidad Avanzada). Bil\u00edng\u00fce Espa\u00f1ol\/Ingl\u00e9s. gestiona y mantiene varias p\u00e1ginas web cristianas y vicencianas, incluida including La Red de Formaci\u00f3n Vicenciana, de la que es cofundador. Actualmente es responsable del \u00e1rea de Espa\u00f1ol de .famvin, la Red de Noticias de la Familia Vicenciana. Tambi\u00e9n es m\u00fasico cat\u00f3lico y ha editado varios discos. Es Director General y cofundador de Trovador, una reconocida compa\u00f1\u00eda discogr\u00e1fica critiana de Espa\u00f1a. Trabaja en las Tecnolog\u00edas de la Informaci\u00f3n, ofreciendo servicios de alojamiento, dise\u00f1o y mantenimiento Web, as\u00ed como asesoramiento, formaci\u00f3n y soluciones inform\u00e1ticas, gesti\u00f3n documental y digitalizaci\u00f3n de textos, edici\u00f3n y maquetaci\u00f3n de libros, revistas, flyers, etc.","sameAs":["http:\/\/chento.org","https:\/\/www.facebook.com\/JavierChento","https:\/\/x.com\/https:\/\/twitter.com\/javierchento"],"url":"https:\/\/vincentians.com\/es\/author\/chento\/"}]}},"jetpack_publicize_connections":[],"jetpack_featured_media_url":"","jetpack_sharing_enabled":true,"jetpack_shortlink":"https:\/\/wp.me\/p7ETMF-wbH","jetpack-related-posts":[{"id":387851,"url":"https:\/\/vincentians.com\/es\/san-vicente-amigo-de-los-pobres-anos-de-conversion-1610-1612\/","url_meta":{"origin":123733,"position":0},"title":"San Vicente: Amigo de los pobres: a\u00f1os de conversi\u00f3n (1610-1612)","author":"Mitxel Olabu\u00e9naga","date":"11\/10\/2016","format":false,"excerpt":"Vicente de Pa\u00fal en Par\u00eds Vicente regresa de Roma. Vuelve a Francia. Pero, en vez de quedarse en Toulouse o en Dax, se establece en Par\u00eds. Par\u00eds es la ciudad capital del reino. Es el poder. La influencia. En Par\u00eds, est\u00e1 la corte. El trae un mensaje para el Rey\u2026","rel":"","context":"En \u00abFormaci\u00f3n Vicenciana\u00bb","block_context":{"text":"Formaci\u00f3n Vicenciana","link":"https:\/\/vincentians.com\/es\/category\/formacion-vicenciana\/"},"img":{"alt_text":"","src":"https:\/\/i0.wp.com\/vincentians.com\/es\/wp-content\/uploads\/sites\/11\/2016\/07\/st-vincent-de-paul.jpg?fit=1200%2C630&ssl=1&resize=350%2C200","width":350,"height":200,"srcset":"https:\/\/i0.wp.com\/vincentians.com\/es\/wp-content\/uploads\/sites\/11\/2016\/07\/st-vincent-de-paul.jpg?fit=1200%2C630&ssl=1&resize=350%2C200 1x, https:\/\/i0.wp.com\/vincentians.com\/es\/wp-content\/uploads\/sites\/11\/2016\/07\/st-vincent-de-paul.jpg?fit=1200%2C630&ssl=1&resize=525%2C300 1.5x, https:\/\/i0.wp.com\/vincentians.com\/es\/wp-content\/uploads\/sites\/11\/2016\/07\/st-vincent-de-paul.jpg?fit=1200%2C630&ssl=1&resize=700%2C400 2x, https:\/\/i0.wp.com\/vincentians.com\/es\/wp-content\/uploads\/sites\/11\/2016\/07\/st-vincent-de-paul.jpg?fit=1200%2C630&ssl=1&resize=1050%2C600 3x"},"classes":[]},{"id":125151,"url":"https:\/\/vincentians.com\/es\/servir-a-los-pobres\/","url_meta":{"origin":123733,"position":1},"title":"Servir a los pobres","author":"Francisco Javier Fern\u00e1ndez Chento","date":"30\/11\/2013","format":false,"excerpt":"Es el comienzo del siglo XVII en Francia, donde ha de actuar Vicente de Pa\u00fal, un hervidero de ideas, de pasiones religiosas y pol\u00edticas, de ensayos doctrinales y organizados. El cardenal B\u00e9rulle introduce en Francia las carmelitas, funda la Congregaci\u00f3n del Oratorio para formar una selecci\u00f3n de sacerdotes, y \"naturaliza\"\u2026","rel":"","context":"En \u00abFormaci\u00f3n Vicenciana\u00bb","block_context":{"text":"Formaci\u00f3n Vicenciana","link":"https:\/\/vincentians.com\/es\/category\/formacion-vicenciana\/"},"img":{"alt_text":"SANV","src":"https:\/\/i0.wp.com\/vicencianos.org\/wp-content\/2013\/11\/SANV.jpg?resize=350%2C200","width":350,"height":200},"classes":[]},{"id":129046,"url":"https:\/\/vincentians.com\/es\/las-fuentes-de-la-oracion-vicenciana\/","url_meta":{"origin":123733,"position":2},"title":"Las fuentes de la oraci\u00f3n vicenciana","author":"Francisco Javier Fern\u00e1ndez Chento","date":"09\/07\/2016","format":false,"excerpt":"1. Panor\u00e1mica sobre los estudios vicencianos Si confrontamos la bibliograf\u00eda vicenciana con la de otros fundadores, nos damos cuenta que nuestro fundador ha sido estudiado muy poco, y que las aportaciones sobre su pensa\u00admiento son escasas. Somos una comunidad m\u00e1s bien grande. Sin embargo, no tenemos una revista de car\u00e1cter\u2026","rel":"","context":"En \u00abEspiritualidad vicenciana\u00bb","block_context":{"text":"Espiritualidad vicenciana","link":"https:\/\/vincentians.com\/es\/category\/espiritualidad\/espiritualidad-vicenciana\/"},"img":{"alt_text":"orando","src":"https:\/\/i0.wp.com\/vicencianos.org\/wp-content\/uploads\/2016\/01\/orando.jpg?resize=350%2C200","width":350,"height":200},"classes":[]},{"id":119710,"url":"https:\/\/vincentians.com\/es\/el-senor-vicente-relee-su-vida-formador\/","url_meta":{"origin":123733,"position":3},"title":"El Se\u00f1or Vicente relee su vida: Formador","author":"Francisco Javier Fern\u00e1ndez Chento","date":"25\/04\/2022","format":false,"excerpt":"Un nuevo campo de actividad iba a abrirse a los misioneros. Resultaba claro que el fruto de las misiones no pod\u00eda conservarse si no hab\u00eda buenos sacerdotes en las parroquias; pues bien muchos eran negligentes y varios abiertamente escandalosos\u2026.y no hab\u00eda instituci\u00f3n para formarlos. Ciertamente, hac\u00eda unos sesenta a\u00f1os, siguiendo\u2026","rel":"","context":"En \u00abVicente de Pa\u00fal\u00bb","block_context":{"text":"Vicente de Pa\u00fal","link":"https:\/\/vincentians.com\/es\/category\/la-familia-vicenciana\/fundadores\/vicente-de-paul\/"},"img":{"alt_text":"","src":"https:\/\/i0.wp.com\/vincentians.com\/es\/wp-content\/uploads\/sites\/11\/2013\/04\/n-2.jpg?fit=1200%2C675&ssl=1&resize=350%2C200","width":350,"height":200,"srcset":"https:\/\/i0.wp.com\/vincentians.com\/es\/wp-content\/uploads\/sites\/11\/2013\/04\/n-2.jpg?fit=1200%2C675&ssl=1&resize=350%2C200 1x, https:\/\/i0.wp.com\/vincentians.com\/es\/wp-content\/uploads\/sites\/11\/2013\/04\/n-2.jpg?fit=1200%2C675&ssl=1&resize=525%2C300 1.5x, https:\/\/i0.wp.com\/vincentians.com\/es\/wp-content\/uploads\/sites\/11\/2013\/04\/n-2.jpg?fit=1200%2C675&ssl=1&resize=700%2C400 2x, https:\/\/i0.wp.com\/vincentians.com\/es\/wp-content\/uploads\/sites\/11\/2013\/04\/n-2.jpg?fit=1200%2C675&ssl=1&resize=1050%2C600 3x"},"classes":[]},{"id":121638,"url":"https:\/\/vincentians.com\/es\/san-vicente-de-paul-y-los-gondi-capitulo-05\/","url_meta":{"origin":123733,"position":4},"title":"San Vicente de Pa\u00fal y los Gondi: Cap\u00edtulo 05","author":"Francisco Javier Fern\u00e1ndez Chento","date":"07\/07\/2024","format":false,"excerpt":"Cap\u00edtulo V Vicente de Pa\u00fal y la Sra. de Gondi en el castillo de Folleville. - Nacimiento de la obra de las Misiones. - Salida de Vicente de la casa de Gondi. - Vicente, p\u00e1rroco de Chatillon-lez-Dombes. A comienzos del a\u00f1o de 1617, la familia de Gondi se hallaba reunida\u2026","rel":"","context":"En \u00abVicente de Pa\u00fal\u00bb","block_context":{"text":"Vicente de Pa\u00fal","link":"https:\/\/vincentians.com\/es\/category\/la-familia-vicenciana\/fundadores\/vicente-de-paul\/"},"img":{"alt_text":"","src":"https:\/\/i0.wp.com\/vincentians.com\/es\/wp-content\/uploads\/sites\/11\/2023\/08\/aaaf.jpg?fit=1200%2C827&ssl=1&resize=350%2C200","width":350,"height":200,"srcset":"https:\/\/i0.wp.com\/vincentians.com\/es\/wp-content\/uploads\/sites\/11\/2023\/08\/aaaf.jpg?fit=1200%2C827&ssl=1&resize=350%2C200 1x, https:\/\/i0.wp.com\/vincentians.com\/es\/wp-content\/uploads\/sites\/11\/2023\/08\/aaaf.jpg?fit=1200%2C827&ssl=1&resize=525%2C300 1.5x, https:\/\/i0.wp.com\/vincentians.com\/es\/wp-content\/uploads\/sites\/11\/2023\/08\/aaaf.jpg?fit=1200%2C827&ssl=1&resize=700%2C400 2x, https:\/\/i0.wp.com\/vincentians.com\/es\/wp-content\/uploads\/sites\/11\/2023\/08\/aaaf.jpg?fit=1200%2C827&ssl=1&resize=1050%2C600 3x"},"classes":[]},{"id":125829,"url":"https:\/\/vincentians.com\/es\/san-vicente-de-paul-siervo-de-los-pobres-05\/","url_meta":{"origin":123733,"position":5},"title":"San Vicente de Pa\u00fal, siervo de los pobres (05)","author":"Francisco Javier Fern\u00e1ndez Chento","date":"30\/11\/2013","format":false,"excerpt":"V. La Congregaci\u00f3n de la Misi\u00f3n Los Bons-Enfants (1624) Todo el a\u00f1o 1623 estuvo dedicado a las misiones en\u00adtre los campesinos, los forzados y los feligreses. En medio de esta actividad sustanciosa y callada, al a\u00f1o siguiente Vicente vio su nombramiento de prior de Saint-Nicolas de Grosse Sauve. Es de\u2026","rel":"","context":"En \u00abVicente de Pa\u00fal\u00bb","block_context":{"text":"Vicente de Pa\u00fal","link":"https:\/\/vincentians.com\/es\/category\/la-familia-vicenciana\/fundadores\/vicente-de-paul\/"},"img":{"alt_text":"","src":"","width":0,"height":0},"classes":[]}],"_links":{"self":[{"href":"https:\/\/vincentians.com\/es\/wp-json\/wp\/v2\/posts\/123733","targetHints":{"allow":["GET"]}}],"collection":[{"href":"https:\/\/vincentians.com\/es\/wp-json\/wp\/v2\/posts"}],"about":[{"href":"https:\/\/vincentians.com\/es\/wp-json\/wp\/v2\/types\/post"}],"author":[{"embeddable":true,"href":"https:\/\/vincentians.com\/es\/wp-json\/wp\/v2\/users\/4"}],"replies":[{"embeddable":true,"href":"https:\/\/vincentians.com\/es\/wp-json\/wp\/v2\/comments?post=123733"}],"version-history":[{"count":0,"href":"https:\/\/vincentians.com\/es\/wp-json\/wp\/v2\/posts\/123733\/revisions"}],"wp:featuredmedia":[{"embeddable":true,"href":"https:\/\/vincentians.com\/es\/wp-json\/"}],"wp:attachment":[{"href":"https:\/\/vincentians.com\/es\/wp-json\/wp\/v2\/media?parent=123733"}],"wp:term":[{"taxonomy":"category","embeddable":true,"href":"https:\/\/vincentians.com\/es\/wp-json\/wp\/v2\/categories?post=123733"},{"taxonomy":"post_tag","embeddable":true,"href":"https:\/\/vincentians.com\/es\/wp-json\/wp\/v2\/tags?post=123733"}],"curies":[{"name":"wp","href":"https:\/\/api.w.org\/{rel}","templated":true}]}}