{"id":12302,"date":"2009-09-03T20:17:03","date_gmt":"2009-09-03T19:17:03","guid":{"rendered":"http:\/\/www.vicencianos.org\/web\/2009\/09\/03\/vicente-de-paul-conferencia-095-repeticion-de-la-oracion-del-30-de-agosto-de-1657\/"},"modified":"2016-07-26T11:01:22","modified_gmt":"2016-07-26T09:01:22","slug":"vicente-de-paul-conferencia-095-repeticion-de-la-oracion-del-30-de-agosto-de-1657","status":"publish","type":"post","link":"https:\/\/vincentians.com\/es\/vicente-de-paul-conferencia-095-repeticion-de-la-oracion-del-30-de-agosto-de-1657\/","title":{"rendered":"Vicente de Pa\u00fal, Conferencia 095: Repetici\u00f3n De La Oraci\u00f3n Del 30 De Agosto De 1657"},"content":{"rendered":"<p><em>Estragos causados por la peste en G\u00e9nova. Muerte de Maturino de Belleville en el mar, de Claudio Dufour y Nicol\u00e1s Pr\u00e9vost en Madagascar. A pesar de estas p\u00e9rdidas, la compa\u00f1\u00eda tiene que seguir evangelizando esta isla. Reprensi\u00f3n a un sacerdote que no cumple con las reglas.<\/em><\/p>\n<p>Encomiendo a las oraciones de la compa\u00f1\u00eda a todos nuestros enfermos, al padre Alm\u00e9ras y a los que han ido a tomar aguas con \u00e9l. Tambi\u00e9n les encomiendo a la casa de G\u00e9nova; hace ya bastante tiempo que no tenemos noticias suyas. El padre Martin, que est\u00e1 en Tur\u00edn, me escribe dos cosas: una, que el senado de G\u00e9nova mand\u00f3 a los habitantes de una ciudad del estado de G\u00e9nova situada por el lado de Tur\u00edn, llamada&#8230;, que les enviasen v\u00edveres; ellos cargaron una barca, pero los que conduc\u00edan la barca no se atrevieron a acercarse a la ciudad de G\u00e9nova por miedo al contagio; dispararon un ca\u00f1onazo para avisar a los de la ciudad que viniesen a tomar lo que les tra\u00edan, pero nadie sali\u00f3. Al ver esto, se acercaron a la orilla, tiraron a tierra sus provisiones y volvieron a disparar otro ca\u00f1onazo para avisarles. No acudi\u00f3 nadie. Esto les hizo creer que la desolaci\u00f3n era muy grande en aquella ciudad. Dejaron all\u00ed sus provisiones y volvieron a su ciudad para cargar de nuevo la barca y llevarles nuevos auxilios.<\/p>\n<p>El padre Vicente a\u00f1adi\u00f3 que hab\u00eda sabido que las primeras lluvias que llegaron han hecho disminuir notablemente el contagio, que el aire se ha purificado un poco y que se hab\u00edan empezado a abrir las tiendas; pero, dijo el padre Vicente, est\u00e1 tan lejos Tur\u00edn que el rumor no ha podido comprobarse. Sea lo que fuere, recemos a Dios por ellos, en cualquier situaci\u00f3n en que se encuentren, y especialmente por la pobrecilla familia de esa ciudad tan afligida.<\/p>\n<p>Os dec\u00eda el otro d\u00eda que ha llegado a Nantes un barco procedente de Madagascar, que es uno de los tres que hab\u00edan marchado por all\u00e1, pero que no hab\u00edamos recibido ninguna carta. He recibido ya una, pero no de aquel pa\u00eds, sino solamente de Nantes, de un buen joven llamado Balduino, que ha estado aqu\u00ed alg\u00fan tiempo y se march\u00f3 por ciertos inconvenientes que surgieron. Est\u00e1 en el seminario de Nantes. Este hombre, al saber que hab\u00eda llegado un barco, se fue a buscar al capit\u00e1n del mismo que hab\u00eda ido a saludar al se\u00f1or mariscal de La Meilleraye, y le pidi\u00f3 noticias del \u00e9xito de su viaje y, entre otras, de los misioneros; pero este capit\u00e1n no le quiso decir nada, pues ante todo quer\u00eda comunicarle al se\u00f1or mariscal el resultado del viaje. Al ver que no pod\u00eda sacar nada de aquel capit\u00e1n, se fue a buscar a otro hombre del barco, que le indic\u00f3 muchos detalles, y entre otras cosas le cont\u00f3 lo que le hab\u00eda sucedido a un buen sacerdote que ten\u00eda mucho talento y que hab\u00eda estado anteriormente en el ej\u00e9rcito, y al que envi\u00f3 a aquel pa\u00eds el se\u00f1or mariscal. Aquel sacerdote subi\u00f3 a la cubierta del barco y se cay\u00f3 al mar. Al o\u00edrlo gritar, corrieron todos a ver qu\u00e9 pasaba; varios se echaron al agua para salvarlo, pero todo fue in\u00fatil; y s\u00f3lo pudieron ver que se debat\u00eda en medio de las olas y gritaba: \u00abJes\u00fas, ten piedad de m\u00ed! \u00a1Virgen sant\u00edsima, ay\u00fadame!\u00bb.<\/p>\n<p>Esto sucedi\u00f3 el segundo d\u00eda que se hicieron a la vela. De esto dedujeron los que iban en el barco que no ser\u00eda un viaje feliz. Pero como el mencionado se\u00f1or Balduino desease saber noticias de los misioneros, se las pregunt\u00f3. Aquel hombre le respondi\u00f3 que hab\u00edan muerto los tres que iban en los barcos. El padre de Belleville muri\u00f3 al llegar a Cabo Verde y fue arrojado al mar, que es el cementerio de ]os que all\u00ed mueren. Hab\u00eda gran mortandad en los barcos, muchos enfermos, con los que trabajaron mucho nuestros misioneros. Los padres Dufour y Pr\u00e9vost llegaron a Madagascar, pero el padre Dufour, al pasar un r\u00edo, se cay\u00f3 en \u00e9l; lo sacaron vivo y los que estaban con \u00e9l le dijeron que le conven\u00eda cambiarse de h\u00e1bito y de ropa para no caer enfermo; no quiso hacerlo as\u00ed, diciendo que eso era demasiada delicadeza y que no le pasar\u00eda nada; pero poco despu\u00e9s empez\u00f3 a tiritar y se muri\u00f3; lo enterraron a la orilla del mar, al pie de una cruz que \u00e9l mismo hab\u00eda hecho poner en la cima de un peque\u00f1o mont\u00edculo.<\/p>\n<p>Por lo que se refiere al padre Pr\u00e9vost, se sinti\u00f3 tan afectado por la muerte del padre Dufour, al que quer\u00eda mucho, que muri\u00f3 tambi\u00e9n algunos d\u00edas m\u00e1s tarde; de forma que ya no queda all\u00ed m\u00e1s que el buen padre Bourdaise, al que Dios bendice ampliamente, tanto en lo espiritual, que es su misi\u00f3n, como en la administraci\u00f3n que tiene de lo temporal en el fuerte, donde todos le aprecian mucho y se porta con mucha prudencia y dotes de gobierno; es \u00e9l el que cuida de todos los franceses que est\u00e1n all\u00ed y de los reci\u00e9n convertidos. Y eso es todo.<\/p>\n<p>Quiz\u00e1s diga alguno de esta compa\u00f1\u00eda que es preciso dejar Madagascar; es la carne y la sangre las que as\u00ed hablan, diciendo que no hay que enviar all\u00e1 a nadie; pero yo estoy seguro de que el esp\u00edritu habla de otro modo, \u00bfPues qu\u00e9, padres? \u00bfDejaremos all\u00ed completamente solo a nuestro buen padre Bourdaise? Estoy seguro de que la muerte de estos padres extra\u00f1ar\u00e1 a algunos. Dios sac\u00f3 de Egipto a seiscientos mil hombres, sin contar las mujeres y los ni\u00f1os, para llevarlos a la tierra prometida; pero de todo aquel n\u00famero entraron solamente dos: ni siquiera entr\u00f3 Mois\u00e9s, el conductor de todos ellos. Dios llam\u00f3 a nuestros hermanos a aquel pa\u00eds, pero he aqu\u00ed que algunos murieron por el camino, y los otros apenas llegar. Padres, ante esto es preciso bajar la cabeza y adorar los designios admirables e incomprensibles de nuestro Se\u00f1or. \u00bfNo hab\u00edan sido llamados por Dios a aquel pa\u00eds? \u00bfQui\u00e9n lo duda? Los tres me pidieron ir varias veces. El padre Dufour sent\u00eda este deseo desde que se empez\u00f3 a hablar de Madagascar; esto, junto con las circunstancias y detalles que sucedieron con \u00e9l, nos hac\u00eda pensar que Dios lo llamaba desde all\u00ed. Y nuestro pobre difunto, el padre Lamberto \u00a1cu\u00e1ntas veces me rog\u00f3 que se lo permitiese! No son la carne ni la sangre, como pod\u00e9is creer, quienes los llevaron as\u00ed a exponer su vida, como lo han hecho. Y ahora no hemos de dudar ni lo m\u00e1s m\u00ednimo de que la compa\u00f1\u00eda ha sido llamada por Dios a aquel lugar; porque no pens\u00e1bamos en Madagascar, cuando vinieron a hacernos esta propuesta. Y as\u00ed es como pas\u00f3 todo esto.<\/p>\n<p>Los se\u00f1ores de la compa\u00f1\u00eda de Indias de esta ciudad, o sea, los se\u00f1ores que se han asociado entre s\u00ed para los negocios de aquel pa\u00eds, enviaron all\u00e1 a un sacerdote secular, que no se port\u00f3 muy bien; entonces creyeron que lo mejor que podr\u00edan hacer, para obtener algunos sacerdotes religiosos que fuesen de vida ejemplar, era dirigirse al se\u00f1or nuncio del papa en esta ciudad. As\u00ed lo hicieron; hablaron con \u00e9l, y aquel buen se\u00f1or, pensando y repensando en qui\u00e9n les podr\u00eda proponer para esto, puso sus ojos en esta pobre y miserable compa\u00f1\u00eda y aconsej\u00f3 a aquellos se\u00f1ores que hablaran con nosotros, dici\u00e9ndoles que tambi\u00e9n \u00e9l nos hablar\u00eda por su parte, pues cre\u00eda que la compa\u00f1\u00eda podr\u00eda hacerlo con mucha bendici\u00f3n de Dios. Vinieron a hablarnos dichos se\u00f1ores; tambi\u00e9n nos habl\u00f3 el se\u00f1or nuncio y nos conjur\u00f3 a ello; nos reunimos algunos de los m\u00e1s antiguos de la compa\u00f1\u00eda y se tom\u00f3 la decisi\u00f3n de aceptar este encargo; para ello pusimos los ojos en dos de los mejores sujetos de la compa\u00f1\u00eda, nuestros buenos difuntos los padres Nacquart y Gondr\u00e9e, de los que el primero era de una prudencia y dotes de gobierno admirables, con un gran esp\u00edritu apost\u00f3lico y mucho juicio; y el otro era tambi\u00e9n muy virtuoso, de mucha mansedumbre y humildad. Los monse\u00f1ores de la congregaci\u00f3n de Propaganda Fide nos enviaron las facultades necesarias y alabaron a la compa\u00f1\u00eda por su celo. Esta congregaci\u00f3n es la que tiene el poder de env\u00eda; a dichas misiones, ya que el papa, que es el \u00fanico que tiene poder para enviar por todo el mundo, le ha concedido esta facultad y este encargo. Los obispos solamente tienen poder dentro del \u00e1mbito de sus respectivas archidi\u00f3cesis y di\u00f3cesis; pero esta congregaci\u00f3n ha recibido poder del papa para enviar por toda la tierra, y es la que nos ha enviado a nosotros.<\/p>\n<p>Pues bien, \u00bfno es esto una verdadera vocaci\u00f3n? Padres y hermanos m\u00edos, despu\u00e9s de saber esto, \u00bfser\u00e1 posible que seamos tan cobardes de coraz\u00f3n y tan poco hombres que abandonemos esta vi\u00f1a del Se\u00f1or, a la que nos ha llamado su divina Majestad, solamente porque han muerto all\u00ed cuatro o cinco o seis personas? Decidme, \u00bfser\u00eda un buen ej\u00e9rcito aquel que, por haber perdido dos mil o tres mil o cinco mil hombres \u00a1como se dice que pas\u00f3 en el \u00faltimo ataque de Normand\u00eda) lo abandonase todo? \u00a1Bonito ser\u00eda ver un ej\u00e9rcito de ese calibre, huidizo y comod\u00f3n! Pues lo mismo hemos de decir de la Misi\u00f3n: \u00a1bonita compa\u00f1\u00eda ser\u00eda la de la Misi\u00f3n si, por haber tenido cinco o seis bajas, abandonase la obra de Dios! \u00a1una compa\u00f1\u00eda cobarde, apegada a la carne y a la sangre!. No, yo no creo que en la compa\u00f1\u00eda haya uno solo que tenga tan pocos \u00e1nimos y que no est\u00e9 dispuesto a ir a ocupar el lugar de los que han muerto. No dudo de que la naturaleza al principio temblar\u00e1 un poco; pero el esp\u00edritu, que es m\u00e1s valiente, dir\u00e1: \u00abAs\u00ed lo quiero; Dios me ha dado este deseo; no habr\u00e1 nada que pueda hacerme abandonar esta resoluci\u00f3n\u00bb.<\/p>\n<p>Ya hab\u00e9is o\u00eddo hablar del naufragio de aquel barco que lleg\u00f3 el pasado d\u00eda de todos los santos a la r\u00eda de Nantes. El padre Herbron me escribe dici\u00e9ndome que no tiene m\u00e1s remedio que confesarme que esto le desanim\u00f3 un poco, pero que luego volvi\u00f3 a tomar nuevos \u00e1nimos, la raz\u00f3n se impuso, desapareci\u00f3 todo el miedo y est\u00e1 dispuesto a embarcarse de nuevo, si me parece bien. Tambi\u00e9n el padre Boussordec me dice que est\u00e1 preparado; y nuestro pobre hermano Crist\u00f3bal, ese buen joven, me escribe con tanta ingenuidad que os aseguro que me he enternecido mucho al leer su carta. Me dice que le pide a Dios muchas veces le conceda la gracia de cumplir siempre su santa voluntad, y que a veces se pregunta: \u00ab\u00bfD\u00f3nde prefieres cumplir mejor la voluntad de Dios, aqu\u00ed o en Madagascar? Y le confieso, padre me escribe, que me parece que prefiero cumplirla en Madagascar\u00bb. Por lo dem\u00e1s, exponer la vida, atravesar los mares por puro amor de Dios y por la salvaci\u00f3n del pr\u00f3jimo, es una especie de martirio, ya que aunque no lo sea efectivamente, al menos lo es en la voluntad, puesto que uno lo deja todo y se expone a no s\u00e9 cu\u00e1ntos peligros. De hecho, los santos que han muerto en el destierro, adonde han sido enviados por su fidelidad a nuestro Se\u00f1or Jesucristo, son tenidos como m\u00e1rtires por la Iglesia.<\/p>\n<p>Hoy celebramos la fiesta de San F\u00e9lix. Cuando lo conduc\u00edan al martirio, uno llamado Adaucto, que tambi\u00e9n es santo y m\u00e1rtir, al ver que se llevaban a san F\u00e9lix, corri\u00f3 a abrazarle, y al saber el motivo por el que le llevaban a la muerte, empez\u00f3 a decir a quienes lo conduc\u00edan: \u00abSi quer\u00e9is matar a este siervo de Dios por ser cristiano, tambi\u00e9n lo soy yo, y ten\u00e9is el mismo derecho a matarle a \u00e9l que a m\u00ed\u00bb. Y as\u00ed no quiso separarse de \u00e9l, le sigui\u00f3 y fue martirizado con \u00e9l. Decidme, \u00bfqui\u00e9n le hab\u00eda inspirado este movimiento m\u00e1s que Dios? \u00a1Cu\u00e1ntas veces se ha visto a los mismos carceleros que guardaban a los servidores de Dios aceptar la religi\u00f3n de los cristianos y de los cat\u00f3licos que ten\u00edan encerrados.<\/p>\n<p>Me han escrito desde Roma para decirme que cinco o seis sacerdotes franceses que estuvieron aqu\u00ed en la ordenaci\u00f3n, han ido a Roma para ponerse a los pies del papa y ofrecerse a trabajar en las Indias, y que el papa ha alabado su celo y les ha dicho: \u00abMe gustar\u00eda estar yo tambi\u00e9n en situaci\u00f3n de poder hacer lo mismo; hace tiempo, antes de ser lo que soy, tuve tambi\u00e9n ese impulso de pedirlo; lo que me impidi\u00f3 hacerlo fueron las palabras que le\u00ed en el libro del bienaventurado Francisco de Sales, obispo de Ginebra: no pedir nada ni rechazar nada\u00bb.<\/p>\n<p>El mismo papa, como acab\u00e1is de o\u00edr, alaba el deseo de esos sacerdotes franceses que han tenido el coraje de ir a ofrecerse para ello a Su Santidad. Pues bien, padres, por nuestra parte entregu\u00e9monos tambi\u00e9n a Dios y ofrezc\u00e1monos a \u00e9l para todas las tareas que su divina Majestad quiera encomendarnos; levant\u00e9monos de nuestra cobard\u00eda.<\/p>\n<p>\u00a1Ay, padres y hermanos m\u00edos! No tiene que afligirnos tanto el ver que Dios atrae hacia s\u00ed a sus servidores, los santos, como ver que hay entre nosotros algunos sacerdotes, y yo el primero, que somos un esc\u00e1ndalo para la compa\u00f1\u00eda. Padres y hermanos m\u00edos, \u00a1qu\u00e9 motivo de aflicci\u00f3n para toda la compa\u00f1\u00eda, que ve esto! Hay entre nosotros uno que s\u00f3lo acude raras veces a la oraci\u00f3n, sobre todo desde hace alg\u00fan tiempo, que durante todo el d\u00eda no hace m\u00e1s que ir de ac\u00e1 para all\u00e1 por el claustro, por el dormitorio; si falta algo en la habitaci\u00f3n de los dem\u00e1s, se encuentra en la suya; en una palabra, lleva una vida deplorable. por esas personas es por las que hay que afligirse, padres; por ellos es por los que hay que rezar. \u00a1Dios m\u00edo, Dios m\u00edo, Salvador m\u00edo!<\/p>\n<p>Luego el padre Vicente acab\u00f3 este discurso diciendo que, no obstante, para conformarse con los deseos de la Iglesia, se rezase por todos estos queridos difuntos, aunque hab\u00eda muchas razones para creer que ya son bienaventurados.<\/p>\n","protected":false},"excerpt":{"rendered":"<p>Estragos causados por la peste en G\u00e9nova. Muerte de Maturino de Belleville en el mar, de Claudio Dufour y Nicol\u00e1s Pr\u00e9vost en Madagascar. A pesar de estas p\u00e9rdidas, la compa\u00f1\u00eda tiene que seguir evangelizando esta &#8230; <a href=\"https:\/\/vincentians.com\/es\/vicente-de-paul-conferencia-095-repeticion-de-la-oracion-del-30-de-agosto-de-1657\/\" class=\"more-link\">Read More<\/a><\/p>\n","protected":false},"author":4,"featured_media":393753,"comment_status":"open","ping_status":"open","sticky":false,"template":"","format":"standard","meta":{"jetpack_post_was_ever_published":false,"_jetpack_newsletter_access":"","_jetpack_dont_email_post_to_subs":false,"_jetpack_newsletter_tier_id":0,"_jetpack_memberships_contains_paywalled_content":false,"_jetpack_memberships_contains_paid_content":false,"footnotes":"","jetpack_publicize_message":"","jetpack_publicize_feature_enabled":true,"jetpack_social_post_already_shared":true,"jetpack_social_options":{"image_generator_settings":{"template":"highway","default_image_id":0,"font":"","enabled":false},"version":2}},"categories":[65],"tags":[144],"class_list":["post-12302","post","type-post","status-publish","format-standard","has-post-thumbnail","hentry","category-escritos-de-vicente-de-paul","tag-lambert"],"yoast_head":"<!-- This site is optimized with the Yoast SEO plugin v26.3 - https:\/\/yoast.com\/wordpress\/plugins\/seo\/ -->\n<title>Vicente de Pa\u00fal, Conferencia 095: Repetici\u00f3n De La Oraci\u00f3n Del 30 De Agosto De 1657 - Somos Vicencianos<\/title>\n<meta name=\"robots\" content=\"index, follow, max-snippet:-1, max-image-preview:large, max-video-preview:-1\" \/>\n<link rel=\"canonical\" href=\"https:\/\/vincentians.com\/es\/vicente-de-paul-conferencia-095-repeticion-de-la-oracion-del-30-de-agosto-de-1657\/\" \/>\n<meta property=\"og:locale\" content=\"es_ES\" \/>\n<meta property=\"og:type\" content=\"article\" \/>\n<meta property=\"og:title\" content=\"Vicente de Pa\u00fal, Conferencia 095: Repetici\u00f3n De La Oraci\u00f3n Del 30 De Agosto De 1657 - Somos Vicencianos\" \/>\n<meta property=\"og:description\" content=\"Estragos causados por la peste en G\u00e9nova. Muerte de Maturino de Belleville en el mar, de Claudio Dufour y Nicol\u00e1s Pr\u00e9vost en Madagascar. A pesar de estas p\u00e9rdidas, la compa\u00f1\u00eda tiene que seguir evangelizando esta ... Read More\" \/>\n<meta property=\"og:url\" content=\"https:\/\/vincentians.com\/es\/vicente-de-paul-conferencia-095-repeticion-de-la-oracion-del-30-de-agosto-de-1657\/\" \/>\n<meta property=\"og:site_name\" content=\"Somos Vicencianos\" \/>\n<meta property=\"article:publisher\" content=\"https:\/\/www.facebook.com\/WeAreVincentians\/\" \/>\n<meta property=\"article:author\" content=\"https:\/\/www.facebook.com\/JavierChento\" \/>\n<meta property=\"article:published_time\" content=\"2009-09-03T19:17:03+00:00\" \/>\n<meta property=\"article:modified_time\" content=\"2016-07-26T09:01:22+00:00\" \/>\n<meta property=\"og:image\" content=\"https:\/\/i0.wp.com\/vincentians.com\/es\/wp-content\/uploads\/sites\/11\/2016\/07\/escritos-vicente-de-paul.jpg?fit=1200%2C630&ssl=1\" \/>\n\t<meta property=\"og:image:width\" content=\"1200\" \/>\n\t<meta property=\"og:image:height\" content=\"630\" \/>\n\t<meta property=\"og:image:type\" content=\"image\/jpeg\" \/>\n<meta name=\"author\" content=\"Francisco Javier Fern\u00e1ndez Chento\" \/>\n<meta name=\"twitter:card\" content=\"summary_large_image\" \/>\n<meta name=\"twitter:creator\" content=\"@https:\/\/twitter.com\/javierchento\" \/>\n<meta name=\"twitter:site\" content=\"@WeVincentians\" \/>\n<meta name=\"twitter:label1\" content=\"Escrito por\" \/>\n\t<meta name=\"twitter:data1\" content=\"Francisco Javier Fern\u00e1ndez Chento\" \/>\n\t<meta name=\"twitter:label2\" content=\"Tiempo de lectura\" \/>\n\t<meta name=\"twitter:data2\" content=\"13 minutos\" \/>\n<script type=\"application\/ld+json\" class=\"yoast-schema-graph\">{\"@context\":\"https:\/\/schema.org\",\"@graph\":[{\"@type\":\"Article\",\"@id\":\"https:\/\/vincentians.com\/es\/vicente-de-paul-conferencia-095-repeticion-de-la-oracion-del-30-de-agosto-de-1657\/#article\",\"isPartOf\":{\"@id\":\"https:\/\/vincentians.com\/es\/vicente-de-paul-conferencia-095-repeticion-de-la-oracion-del-30-de-agosto-de-1657\/\"},\"author\":{\"name\":\"Francisco Javier Fern\u00e1ndez Chento\",\"@id\":\"http:\/\/vincentians.com\/es\/#\/schema\/person\/9623ef4d9aa3b2dfb8c061f1499288f2\"},\"headline\":\"Vicente de Pa\u00fal, Conferencia 095: Repetici\u00f3n De La Oraci\u00f3n Del 30 De Agosto De 1657\",\"datePublished\":\"2009-09-03T19:17:03+00:00\",\"dateModified\":\"2016-07-26T09:01:22+00:00\",\"mainEntityOfPage\":{\"@id\":\"https:\/\/vincentians.com\/es\/vicente-de-paul-conferencia-095-repeticion-de-la-oracion-del-30-de-agosto-de-1657\/\"},\"wordCount\":2576,\"commentCount\":0,\"publisher\":{\"@id\":\"http:\/\/vincentians.com\/es\/#organization\"},\"image\":{\"@id\":\"https:\/\/vincentians.com\/es\/vicente-de-paul-conferencia-095-repeticion-de-la-oracion-del-30-de-agosto-de-1657\/#primaryimage\"},\"thumbnailUrl\":\"https:\/\/i0.wp.com\/vincentians.com\/es\/wp-content\/uploads\/sites\/11\/2016\/07\/escritos-vicente-de-paul.jpg?fit=1200%2C630&ssl=1\",\"keywords\":[\"Lambert\"],\"articleSection\":[\"Escritos de Vicente de Pa\u00fal\"],\"inLanguage\":\"es\",\"potentialAction\":[{\"@type\":\"CommentAction\",\"name\":\"Comment\",\"target\":[\"https:\/\/vincentians.com\/es\/vicente-de-paul-conferencia-095-repeticion-de-la-oracion-del-30-de-agosto-de-1657\/#respond\"]}]},{\"@type\":\"WebPage\",\"@id\":\"https:\/\/vincentians.com\/es\/vicente-de-paul-conferencia-095-repeticion-de-la-oracion-del-30-de-agosto-de-1657\/\",\"url\":\"https:\/\/vincentians.com\/es\/vicente-de-paul-conferencia-095-repeticion-de-la-oracion-del-30-de-agosto-de-1657\/\",\"name\":\"Vicente de Pa\u00fal, Conferencia 095: Repetici\u00f3n De La Oraci\u00f3n Del 30 De Agosto De 1657 - Somos Vicencianos\",\"isPartOf\":{\"@id\":\"http:\/\/vincentians.com\/es\/#website\"},\"primaryImageOfPage\":{\"@id\":\"https:\/\/vincentians.com\/es\/vicente-de-paul-conferencia-095-repeticion-de-la-oracion-del-30-de-agosto-de-1657\/#primaryimage\"},\"image\":{\"@id\":\"https:\/\/vincentians.com\/es\/vicente-de-paul-conferencia-095-repeticion-de-la-oracion-del-30-de-agosto-de-1657\/#primaryimage\"},\"thumbnailUrl\":\"https:\/\/i0.wp.com\/vincentians.com\/es\/wp-content\/uploads\/sites\/11\/2016\/07\/escritos-vicente-de-paul.jpg?fit=1200%2C630&ssl=1\",\"datePublished\":\"2009-09-03T19:17:03+00:00\",\"dateModified\":\"2016-07-26T09:01:22+00:00\",\"breadcrumb\":{\"@id\":\"https:\/\/vincentians.com\/es\/vicente-de-paul-conferencia-095-repeticion-de-la-oracion-del-30-de-agosto-de-1657\/#breadcrumb\"},\"inLanguage\":\"es\",\"potentialAction\":[{\"@type\":\"ReadAction\",\"target\":[\"https:\/\/vincentians.com\/es\/vicente-de-paul-conferencia-095-repeticion-de-la-oracion-del-30-de-agosto-de-1657\/\"]}]},{\"@type\":\"ImageObject\",\"inLanguage\":\"es\",\"@id\":\"https:\/\/vincentians.com\/es\/vicente-de-paul-conferencia-095-repeticion-de-la-oracion-del-30-de-agosto-de-1657\/#primaryimage\",\"url\":\"https:\/\/i0.wp.com\/vincentians.com\/es\/wp-content\/uploads\/sites\/11\/2016\/07\/escritos-vicente-de-paul.jpg?fit=1200%2C630&ssl=1\",\"contentUrl\":\"https:\/\/i0.wp.com\/vincentians.com\/es\/wp-content\/uploads\/sites\/11\/2016\/07\/escritos-vicente-de-paul.jpg?fit=1200%2C630&ssl=1\",\"width\":1200,\"height\":630},{\"@type\":\"BreadcrumbList\",\"@id\":\"https:\/\/vincentians.com\/es\/vicente-de-paul-conferencia-095-repeticion-de-la-oracion-del-30-de-agosto-de-1657\/#breadcrumb\",\"itemListElement\":[{\"@type\":\"ListItem\",\"position\":1,\"name\":\"Portada\",\"item\":\"http:\/\/vincentians.com\/es\/\"},{\"@type\":\"ListItem\",\"position\":2,\"name\":\"Vicente de Pa\u00fal, Conferencia 095: Repetici\u00f3n De La Oraci\u00f3n Del 30 De Agosto De 1657\"}]},{\"@type\":\"WebSite\",\"@id\":\"http:\/\/vincentians.com\/es\/#website\",\"url\":\"http:\/\/vincentians.com\/es\/\",\"name\":\"Somos Vicencianos\",\"description\":\"Know more to serve more\",\"publisher\":{\"@id\":\"http:\/\/vincentians.com\/es\/#organization\"},\"potentialAction\":[{\"@type\":\"SearchAction\",\"target\":{\"@type\":\"EntryPoint\",\"urlTemplate\":\"http:\/\/vincentians.com\/es\/?s={search_term_string}\"},\"query-input\":{\"@type\":\"PropertyValueSpecification\",\"valueRequired\":true,\"valueName\":\"search_term_string\"}}],\"inLanguage\":\"es\"},{\"@type\":\"Organization\",\"@id\":\"http:\/\/vincentians.com\/es\/#organization\",\"name\":\"The Vincentian Network\",\"url\":\"http:\/\/vincentians.com\/es\/\",\"logo\":{\"@type\":\"ImageObject\",\"inLanguage\":\"es\",\"@id\":\"http:\/\/vincentians.com\/es\/#\/schema\/logo\/image\/\",\"url\":\"https:\/\/i1.wp.com\/vincentians.com\/es\/wp-content\/uploads\/sites\/11\/2016\/06\/Vincentian-Network-logo-big.png?fit=778%2C778\",\"contentUrl\":\"https:\/\/i1.wp.com\/vincentians.com\/es\/wp-content\/uploads\/sites\/11\/2016\/06\/Vincentian-Network-logo-big.png?fit=778%2C778\",\"width\":778,\"height\":778,\"caption\":\"The Vincentian Network\"},\"image\":{\"@id\":\"http:\/\/vincentians.com\/es\/#\/schema\/logo\/image\/\"},\"sameAs\":[\"https:\/\/www.facebook.com\/WeAreVincentians\/\",\"https:\/\/x.com\/WeVincentians\"]},{\"@type\":\"Person\",\"@id\":\"http:\/\/vincentians.com\/es\/#\/schema\/person\/9623ef4d9aa3b2dfb8c061f1499288f2\",\"name\":\"Francisco Javier Fern\u00e1ndez Chento\",\"image\":{\"@type\":\"ImageObject\",\"inLanguage\":\"es\",\"@id\":\"http:\/\/vincentians.com\/es\/#\/schema\/person\/image\/\",\"url\":\"https:\/\/secure.gravatar.com\/avatar\/497d5cde87b4c3d097d0315953521681ba2cd523ee66e5077c3711f7021e65de?s=96&d=mm&r=g\",\"contentUrl\":\"https:\/\/secure.gravatar.com\/avatar\/497d5cde87b4c3d097d0315953521681ba2cd523ee66e5077c3711f7021e65de?s=96&d=mm&r=g\",\"caption\":\"Francisco Javier Fern\u00e1ndez Chento\"},\"description\":\"Director General y cofundador de La Red de Formaci\u00f3n Vicenciana. Javier es laico vicenciano, afiliado a la Congregaci\u00f3n de la Misi\u00f3n y miembro del Equipo de Misiones Populares de la provincia can\u00f3nica de Zaragoza (Espa\u00f1a) de la Congregaci\u00f3n de la Misi\u00f3n. Graduado en la Universidad Oberta de Catalunya con cuatro grados (Asistente de direcci\u00f3n, Gesti\u00f3n Administrativa, Recursos Humanos y Contabilidad Avanzada). Bil\u00edng\u00fce Espa\u00f1ol\/Ingl\u00e9s. gestiona y mantiene varias p\u00e1ginas web cristianas y vicencianas, incluida including La Red de Formaci\u00f3n Vicenciana, de la que es cofundador. Actualmente es responsable del \u00e1rea de Espa\u00f1ol de .famvin, la Red de Noticias de la Familia Vicenciana. Tambi\u00e9n es m\u00fasico cat\u00f3lico y ha editado varios discos. Es Director General y cofundador de Trovador, una reconocida compa\u00f1\u00eda discogr\u00e1fica critiana de Espa\u00f1a. Trabaja en las Tecnolog\u00edas de la Informaci\u00f3n, ofreciendo servicios de alojamiento, dise\u00f1o y mantenimiento Web, as\u00ed como asesoramiento, formaci\u00f3n y soluciones inform\u00e1ticas, gesti\u00f3n documental y digitalizaci\u00f3n de textos, edici\u00f3n y maquetaci\u00f3n de libros, revistas, flyers, etc.\",\"sameAs\":[\"http:\/\/chento.org\",\"https:\/\/www.facebook.com\/JavierChento\",\"https:\/\/x.com\/https:\/\/twitter.com\/javierchento\"],\"url\":\"https:\/\/vincentians.com\/es\/author\/chento\/\"}]}<\/script>\n<!-- \/ Yoast SEO plugin. -->","yoast_head_json":{"title":"Vicente de Pa\u00fal, Conferencia 095: Repetici\u00f3n De La Oraci\u00f3n Del 30 De Agosto De 1657 - Somos Vicencianos","robots":{"index":"index","follow":"follow","max-snippet":"max-snippet:-1","max-image-preview":"max-image-preview:large","max-video-preview":"max-video-preview:-1"},"canonical":"https:\/\/vincentians.com\/es\/vicente-de-paul-conferencia-095-repeticion-de-la-oracion-del-30-de-agosto-de-1657\/","og_locale":"es_ES","og_type":"article","og_title":"Vicente de Pa\u00fal, Conferencia 095: Repetici\u00f3n De La Oraci\u00f3n Del 30 De Agosto De 1657 - Somos Vicencianos","og_description":"Estragos causados por la peste en G\u00e9nova. Muerte de Maturino de Belleville en el mar, de Claudio Dufour y Nicol\u00e1s Pr\u00e9vost en Madagascar. A pesar de estas p\u00e9rdidas, la compa\u00f1\u00eda tiene que seguir evangelizando esta ... Read More","og_url":"https:\/\/vincentians.com\/es\/vicente-de-paul-conferencia-095-repeticion-de-la-oracion-del-30-de-agosto-de-1657\/","og_site_name":"Somos Vicencianos","article_publisher":"https:\/\/www.facebook.com\/WeAreVincentians\/","article_author":"https:\/\/www.facebook.com\/JavierChento","article_published_time":"2009-09-03T19:17:03+00:00","article_modified_time":"2016-07-26T09:01:22+00:00","og_image":[{"width":1200,"height":630,"url":"https:\/\/i0.wp.com\/vincentians.com\/es\/wp-content\/uploads\/sites\/11\/2016\/07\/escritos-vicente-de-paul.jpg?fit=1200%2C630&ssl=1","type":"image\/jpeg"}],"author":"Francisco Javier Fern\u00e1ndez Chento","twitter_card":"summary_large_image","twitter_creator":"@https:\/\/twitter.com\/javierchento","twitter_site":"@WeVincentians","twitter_misc":{"Escrito por":"Francisco Javier Fern\u00e1ndez Chento","Tiempo de lectura":"13 minutos"},"schema":{"@context":"https:\/\/schema.org","@graph":[{"@type":"Article","@id":"https:\/\/vincentians.com\/es\/vicente-de-paul-conferencia-095-repeticion-de-la-oracion-del-30-de-agosto-de-1657\/#article","isPartOf":{"@id":"https:\/\/vincentians.com\/es\/vicente-de-paul-conferencia-095-repeticion-de-la-oracion-del-30-de-agosto-de-1657\/"},"author":{"name":"Francisco Javier Fern\u00e1ndez Chento","@id":"http:\/\/vincentians.com\/es\/#\/schema\/person\/9623ef4d9aa3b2dfb8c061f1499288f2"},"headline":"Vicente de Pa\u00fal, Conferencia 095: Repetici\u00f3n De La Oraci\u00f3n Del 30 De Agosto De 1657","datePublished":"2009-09-03T19:17:03+00:00","dateModified":"2016-07-26T09:01:22+00:00","mainEntityOfPage":{"@id":"https:\/\/vincentians.com\/es\/vicente-de-paul-conferencia-095-repeticion-de-la-oracion-del-30-de-agosto-de-1657\/"},"wordCount":2576,"commentCount":0,"publisher":{"@id":"http:\/\/vincentians.com\/es\/#organization"},"image":{"@id":"https:\/\/vincentians.com\/es\/vicente-de-paul-conferencia-095-repeticion-de-la-oracion-del-30-de-agosto-de-1657\/#primaryimage"},"thumbnailUrl":"https:\/\/i0.wp.com\/vincentians.com\/es\/wp-content\/uploads\/sites\/11\/2016\/07\/escritos-vicente-de-paul.jpg?fit=1200%2C630&ssl=1","keywords":["Lambert"],"articleSection":["Escritos de Vicente de Pa\u00fal"],"inLanguage":"es","potentialAction":[{"@type":"CommentAction","name":"Comment","target":["https:\/\/vincentians.com\/es\/vicente-de-paul-conferencia-095-repeticion-de-la-oracion-del-30-de-agosto-de-1657\/#respond"]}]},{"@type":"WebPage","@id":"https:\/\/vincentians.com\/es\/vicente-de-paul-conferencia-095-repeticion-de-la-oracion-del-30-de-agosto-de-1657\/","url":"https:\/\/vincentians.com\/es\/vicente-de-paul-conferencia-095-repeticion-de-la-oracion-del-30-de-agosto-de-1657\/","name":"Vicente de Pa\u00fal, Conferencia 095: Repetici\u00f3n De La Oraci\u00f3n Del 30 De Agosto De 1657 - Somos Vicencianos","isPartOf":{"@id":"http:\/\/vincentians.com\/es\/#website"},"primaryImageOfPage":{"@id":"https:\/\/vincentians.com\/es\/vicente-de-paul-conferencia-095-repeticion-de-la-oracion-del-30-de-agosto-de-1657\/#primaryimage"},"image":{"@id":"https:\/\/vincentians.com\/es\/vicente-de-paul-conferencia-095-repeticion-de-la-oracion-del-30-de-agosto-de-1657\/#primaryimage"},"thumbnailUrl":"https:\/\/i0.wp.com\/vincentians.com\/es\/wp-content\/uploads\/sites\/11\/2016\/07\/escritos-vicente-de-paul.jpg?fit=1200%2C630&ssl=1","datePublished":"2009-09-03T19:17:03+00:00","dateModified":"2016-07-26T09:01:22+00:00","breadcrumb":{"@id":"https:\/\/vincentians.com\/es\/vicente-de-paul-conferencia-095-repeticion-de-la-oracion-del-30-de-agosto-de-1657\/#breadcrumb"},"inLanguage":"es","potentialAction":[{"@type":"ReadAction","target":["https:\/\/vincentians.com\/es\/vicente-de-paul-conferencia-095-repeticion-de-la-oracion-del-30-de-agosto-de-1657\/"]}]},{"@type":"ImageObject","inLanguage":"es","@id":"https:\/\/vincentians.com\/es\/vicente-de-paul-conferencia-095-repeticion-de-la-oracion-del-30-de-agosto-de-1657\/#primaryimage","url":"https:\/\/i0.wp.com\/vincentians.com\/es\/wp-content\/uploads\/sites\/11\/2016\/07\/escritos-vicente-de-paul.jpg?fit=1200%2C630&ssl=1","contentUrl":"https:\/\/i0.wp.com\/vincentians.com\/es\/wp-content\/uploads\/sites\/11\/2016\/07\/escritos-vicente-de-paul.jpg?fit=1200%2C630&ssl=1","width":1200,"height":630},{"@type":"BreadcrumbList","@id":"https:\/\/vincentians.com\/es\/vicente-de-paul-conferencia-095-repeticion-de-la-oracion-del-30-de-agosto-de-1657\/#breadcrumb","itemListElement":[{"@type":"ListItem","position":1,"name":"Portada","item":"http:\/\/vincentians.com\/es\/"},{"@type":"ListItem","position":2,"name":"Vicente de Pa\u00fal, Conferencia 095: Repetici\u00f3n De La Oraci\u00f3n Del 30 De Agosto De 1657"}]},{"@type":"WebSite","@id":"http:\/\/vincentians.com\/es\/#website","url":"http:\/\/vincentians.com\/es\/","name":"Somos Vicencianos","description":"Know more to serve more","publisher":{"@id":"http:\/\/vincentians.com\/es\/#organization"},"potentialAction":[{"@type":"SearchAction","target":{"@type":"EntryPoint","urlTemplate":"http:\/\/vincentians.com\/es\/?s={search_term_string}"},"query-input":{"@type":"PropertyValueSpecification","valueRequired":true,"valueName":"search_term_string"}}],"inLanguage":"es"},{"@type":"Organization","@id":"http:\/\/vincentians.com\/es\/#organization","name":"The Vincentian Network","url":"http:\/\/vincentians.com\/es\/","logo":{"@type":"ImageObject","inLanguage":"es","@id":"http:\/\/vincentians.com\/es\/#\/schema\/logo\/image\/","url":"https:\/\/i1.wp.com\/vincentians.com\/es\/wp-content\/uploads\/sites\/11\/2016\/06\/Vincentian-Network-logo-big.png?fit=778%2C778","contentUrl":"https:\/\/i1.wp.com\/vincentians.com\/es\/wp-content\/uploads\/sites\/11\/2016\/06\/Vincentian-Network-logo-big.png?fit=778%2C778","width":778,"height":778,"caption":"The Vincentian Network"},"image":{"@id":"http:\/\/vincentians.com\/es\/#\/schema\/logo\/image\/"},"sameAs":["https:\/\/www.facebook.com\/WeAreVincentians\/","https:\/\/x.com\/WeVincentians"]},{"@type":"Person","@id":"http:\/\/vincentians.com\/es\/#\/schema\/person\/9623ef4d9aa3b2dfb8c061f1499288f2","name":"Francisco Javier Fern\u00e1ndez Chento","image":{"@type":"ImageObject","inLanguage":"es","@id":"http:\/\/vincentians.com\/es\/#\/schema\/person\/image\/","url":"https:\/\/secure.gravatar.com\/avatar\/497d5cde87b4c3d097d0315953521681ba2cd523ee66e5077c3711f7021e65de?s=96&d=mm&r=g","contentUrl":"https:\/\/secure.gravatar.com\/avatar\/497d5cde87b4c3d097d0315953521681ba2cd523ee66e5077c3711f7021e65de?s=96&d=mm&r=g","caption":"Francisco Javier Fern\u00e1ndez Chento"},"description":"Director General y cofundador de La Red de Formaci\u00f3n Vicenciana. Javier es laico vicenciano, afiliado a la Congregaci\u00f3n de la Misi\u00f3n y miembro del Equipo de Misiones Populares de la provincia can\u00f3nica de Zaragoza (Espa\u00f1a) de la Congregaci\u00f3n de la Misi\u00f3n. Graduado en la Universidad Oberta de Catalunya con cuatro grados (Asistente de direcci\u00f3n, Gesti\u00f3n Administrativa, Recursos Humanos y Contabilidad Avanzada). Bil\u00edng\u00fce Espa\u00f1ol\/Ingl\u00e9s. gestiona y mantiene varias p\u00e1ginas web cristianas y vicencianas, incluida including La Red de Formaci\u00f3n Vicenciana, de la que es cofundador. Actualmente es responsable del \u00e1rea de Espa\u00f1ol de .famvin, la Red de Noticias de la Familia Vicenciana. Tambi\u00e9n es m\u00fasico cat\u00f3lico y ha editado varios discos. Es Director General y cofundador de Trovador, una reconocida compa\u00f1\u00eda discogr\u00e1fica critiana de Espa\u00f1a. Trabaja en las Tecnolog\u00edas de la Informaci\u00f3n, ofreciendo servicios de alojamiento, dise\u00f1o y mantenimiento Web, as\u00ed como asesoramiento, formaci\u00f3n y soluciones inform\u00e1ticas, gesti\u00f3n documental y digitalizaci\u00f3n de textos, edici\u00f3n y maquetaci\u00f3n de libros, revistas, flyers, etc.","sameAs":["http:\/\/chento.org","https:\/\/www.facebook.com\/JavierChento","https:\/\/x.com\/https:\/\/twitter.com\/javierchento"],"url":"https:\/\/vincentians.com\/es\/author\/chento\/"}]}},"jetpack_publicize_connections":[],"jetpack_featured_media_url":"https:\/\/i0.wp.com\/vincentians.com\/es\/wp-content\/uploads\/sites\/11\/2016\/07\/escritos-vicente-de-paul.jpg?fit=1200%2C630&ssl=1","jetpack_sharing_enabled":true,"jetpack_shortlink":"https:\/\/wp.me\/p7ETMF-3cq","jetpack-related-posts":[{"id":113453,"url":"https:\/\/vincentians.com\/es\/vicente-de-paul-carta-0988-a-juan-martin\/","url_meta":{"origin":12302,"position":0},"title":"Vicente de Pa\u00fal, Carta 0988: A Juan Martin","author":"Francisco Javier Fern\u00e1ndez Chento","date":"23\/10\/2012","format":false,"excerpt":"Par\u00eds, 10 mayo 1647. Padre: La gracia de Nuestro Se\u00f1or sea siempre con nosotros. No puedo dejar de escribirle, a pesar de que no tengo nada muevo que decirle. Por la presente le encomiendo de veras el cuidado de su salud y la del padre Blatiron; es lo mismo que\u2026","rel":"","context":"En \u00abEscritos de Vicente de Pa\u00fal\u00bb","block_context":{"text":"Escritos de Vicente de Pa\u00fal","link":"https:\/\/vincentians.com\/es\/category\/escritos\/escritos-de-vicente-de-paul\/"},"img":{"alt_text":"","src":"https:\/\/i0.wp.com\/vincentians.com\/es\/wp-content\/uploads\/sites\/11\/2016\/07\/escritos-vicente-de-paul.jpg?fit=1200%2C630&ssl=1&resize=350%2C200","width":350,"height":200,"srcset":"https:\/\/i0.wp.com\/vincentians.com\/es\/wp-content\/uploads\/sites\/11\/2016\/07\/escritos-vicente-de-paul.jpg?fit=1200%2C630&ssl=1&resize=350%2C200 1x, https:\/\/i0.wp.com\/vincentians.com\/es\/wp-content\/uploads\/sites\/11\/2016\/07\/escritos-vicente-de-paul.jpg?fit=1200%2C630&ssl=1&resize=525%2C300 1.5x, https:\/\/i0.wp.com\/vincentians.com\/es\/wp-content\/uploads\/sites\/11\/2016\/07\/escritos-vicente-de-paul.jpg?fit=1200%2C630&ssl=1&resize=700%2C400 2x, https:\/\/i0.wp.com\/vincentians.com\/es\/wp-content\/uploads\/sites\/11\/2016\/07\/escritos-vicente-de-paul.jpg?fit=1200%2C630&ssl=1&resize=1050%2C600 3x"},"classes":[]},{"id":118419,"url":"https:\/\/vincentians.com\/es\/vicente-de-paul-carta-1086-a-juan-martin-sacerdote-de-la-mision-en-genova\/","url_meta":{"origin":12302,"position":1},"title":"Vicente de Pa\u00fal, Carta 1086: A Juan Martin, Sacerdote De La Misi\u00f3n En G\u00e9nova","author":"Francisco Javier Fern\u00e1ndez Chento","date":"09\/03\/2013","format":false,"excerpt":"Par\u00eds 12 junio 1648. Padre: La gracia de Nuestro Se\u00f1or sea siempre con nosotros. Le agradezco la molestia que se toma en escribirme, en ausencia del padre Blatiron. Estoy a punto de encontrar la manera de que le lleguen cartas nuestras, sin que le cueste a usted nada. No es\u2026","rel":"","context":"En \u00abEscritos de Vicente de Pa\u00fal\u00bb","block_context":{"text":"Escritos de Vicente de Pa\u00fal","link":"https:\/\/vincentians.com\/es\/category\/escritos\/escritos-de-vicente-de-paul\/"},"img":{"alt_text":"","src":"https:\/\/i0.wp.com\/vincentians.com\/es\/wp-content\/uploads\/sites\/11\/2016\/07\/escritos-vicente-de-paul.jpg?fit=1200%2C630&ssl=1&resize=350%2C200","width":350,"height":200,"srcset":"https:\/\/i0.wp.com\/vincentians.com\/es\/wp-content\/uploads\/sites\/11\/2016\/07\/escritos-vicente-de-paul.jpg?fit=1200%2C630&ssl=1&resize=350%2C200 1x, https:\/\/i0.wp.com\/vincentians.com\/es\/wp-content\/uploads\/sites\/11\/2016\/07\/escritos-vicente-de-paul.jpg?fit=1200%2C630&ssl=1&resize=525%2C300 1.5x, https:\/\/i0.wp.com\/vincentians.com\/es\/wp-content\/uploads\/sites\/11\/2016\/07\/escritos-vicente-de-paul.jpg?fit=1200%2C630&ssl=1&resize=700%2C400 2x, https:\/\/i0.wp.com\/vincentians.com\/es\/wp-content\/uploads\/sites\/11\/2016\/07\/escritos-vicente-de-paul.jpg?fit=1200%2C630&ssl=1&resize=1050%2C600 3x"},"classes":[]},{"id":100634,"url":"https:\/\/vincentians.com\/es\/vicente-de-paul-carta-0943-a-antonio-portail\/","url_meta":{"origin":12302,"position":2},"title":"Vicente de Pa\u00fal, Carta 0943: A Antonio Portail","author":"Francisco Javier Fern\u00e1ndez Chento","date":"21\/08\/2012","format":false,"excerpt":"Par\u00eds, 8 diciembre [1646] Padre: La gracia de Nuestro Se\u00f1or sea [siempre] con nosotros. Aunque estoy en dudas de si \u00e9sta le [encontrar\u00e1] en Cahors o en La Rose, no dejo de [escribirle] para asistir espiritualmente a su partida, si la recibe usted all\u00ed, y [desearle para el viaje] una\u2026","rel":"","context":"En \u00abEscritos de Vicente de Pa\u00fal\u00bb","block_context":{"text":"Escritos de Vicente de Pa\u00fal","link":"https:\/\/vincentians.com\/es\/category\/escritos\/escritos-de-vicente-de-paul\/"},"img":{"alt_text":"","src":"https:\/\/i0.wp.com\/vincentians.com\/es\/wp-content\/uploads\/sites\/11\/2016\/07\/escritos-vicente-de-paul.jpg?fit=1200%2C630&ssl=1&resize=350%2C200","width":350,"height":200,"srcset":"https:\/\/i0.wp.com\/vincentians.com\/es\/wp-content\/uploads\/sites\/11\/2016\/07\/escritos-vicente-de-paul.jpg?fit=1200%2C630&ssl=1&resize=350%2C200 1x, https:\/\/i0.wp.com\/vincentians.com\/es\/wp-content\/uploads\/sites\/11\/2016\/07\/escritos-vicente-de-paul.jpg?fit=1200%2C630&ssl=1&resize=525%2C300 1.5x, https:\/\/i0.wp.com\/vincentians.com\/es\/wp-content\/uploads\/sites\/11\/2016\/07\/escritos-vicente-de-paul.jpg?fit=1200%2C630&ssl=1&resize=700%2C400 2x, https:\/\/i0.wp.com\/vincentians.com\/es\/wp-content\/uploads\/sites\/11\/2016\/07\/escritos-vicente-de-paul.jpg?fit=1200%2C630&ssl=1&resize=1050%2C600 3x"},"classes":[]},{"id":100656,"url":"https:\/\/vincentians.com\/es\/vicente-de-paul-carta-0956-a-juan-martin\/","url_meta":{"origin":12302,"position":3},"title":"Vicente de Pa\u00fal, Carta 0956: A Juan Martin","author":"Francisco Javier Fern\u00e1ndez Chento","date":"03\/09\/2012","format":false,"excerpt":"Par\u00eds, 11 enero 1647. Padre: La gracia de Nuestro Se\u00f1or sea siempre con nosotros. Recib\u00ed su querida carta con un afecto muy sincero y cari\u00f1oso por su querida alma, que cada vez me parece m\u00e1s bendecida y escogida por la mano de Dios para procurar su gloria en las almas\u2026","rel":"","context":"En \u00abEscritos de Vicente de Pa\u00fal\u00bb","block_context":{"text":"Escritos de Vicente de Pa\u00fal","link":"https:\/\/vincentians.com\/es\/category\/escritos\/escritos-de-vicente-de-paul\/"},"img":{"alt_text":"","src":"https:\/\/i0.wp.com\/vincentians.com\/es\/wp-content\/uploads\/sites\/11\/2016\/07\/escritos-vicente-de-paul.jpg?fit=1200%2C630&ssl=1&resize=350%2C200","width":350,"height":200,"srcset":"https:\/\/i0.wp.com\/vincentians.com\/es\/wp-content\/uploads\/sites\/11\/2016\/07\/escritos-vicente-de-paul.jpg?fit=1200%2C630&ssl=1&resize=350%2C200 1x, https:\/\/i0.wp.com\/vincentians.com\/es\/wp-content\/uploads\/sites\/11\/2016\/07\/escritos-vicente-de-paul.jpg?fit=1200%2C630&ssl=1&resize=525%2C300 1.5x, https:\/\/i0.wp.com\/vincentians.com\/es\/wp-content\/uploads\/sites\/11\/2016\/07\/escritos-vicente-de-paul.jpg?fit=1200%2C630&ssl=1&resize=700%2C400 2x, https:\/\/i0.wp.com\/vincentians.com\/es\/wp-content\/uploads\/sites\/11\/2016\/07\/escritos-vicente-de-paul.jpg?fit=1200%2C630&ssl=1&resize=1050%2C600 3x"},"classes":[]},{"id":126082,"url":"https:\/\/vincentians.com\/es\/vicente-de-paul-carta-1173-a-esteban-blatiron-superior-de-genova\/","url_meta":{"origin":12302,"position":4},"title":"Vicente de Pa\u00fal, Carta 1173: A Esteban Blatiron, Superior De G\u00e9nova","author":"Francisco Javier Fern\u00e1ndez Chento","date":"13\/12\/2013","format":false,"excerpt":"9 julio 1 649. No hay remedio, padre; se encuentra usted enfermo, y enfermo fuera de G\u00e9nova, lejos de todo socorro, en un lugar donde las enfermedades son grandes y peligrosas por la intemperie del aire, tal como usted me escribe. \uf028Bendito sea Dios! Sin embargo, usted me oculta su\u2026","rel":"","context":"En \u00abEscritos de Vicente de Pa\u00fal\u00bb","block_context":{"text":"Escritos de Vicente de Pa\u00fal","link":"https:\/\/vincentians.com\/es\/category\/escritos\/escritos-de-vicente-de-paul\/"},"img":{"alt_text":"","src":"https:\/\/i0.wp.com\/vincentians.com\/es\/wp-content\/uploads\/sites\/11\/2016\/07\/escritos-vicente-de-paul.jpg?fit=1200%2C630&ssl=1&resize=350%2C200","width":350,"height":200,"srcset":"https:\/\/i0.wp.com\/vincentians.com\/es\/wp-content\/uploads\/sites\/11\/2016\/07\/escritos-vicente-de-paul.jpg?fit=1200%2C630&ssl=1&resize=350%2C200 1x, https:\/\/i0.wp.com\/vincentians.com\/es\/wp-content\/uploads\/sites\/11\/2016\/07\/escritos-vicente-de-paul.jpg?fit=1200%2C630&ssl=1&resize=525%2C300 1.5x, https:\/\/i0.wp.com\/vincentians.com\/es\/wp-content\/uploads\/sites\/11\/2016\/07\/escritos-vicente-de-paul.jpg?fit=1200%2C630&ssl=1&resize=700%2C400 2x, https:\/\/i0.wp.com\/vincentians.com\/es\/wp-content\/uploads\/sites\/11\/2016\/07\/escritos-vicente-de-paul.jpg?fit=1200%2C630&ssl=1&resize=1050%2C600 3x"},"classes":[]},{"id":116625,"url":"https:\/\/vincentians.com\/es\/vicente-de-paul-carta-1031-a-esteban-blatiron-superior-en-genova\/","url_meta":{"origin":12302,"position":5},"title":"Vicente de Pa\u00fal, Carta 1031: A Esteban Blatiron, Superior en G\u00e9nova","author":"Francisco Javier Fern\u00e1ndez Chento","date":"22\/12\/2012","format":false,"excerpt":"27 septiembre 1647. Siempre les recuerdo a usted y a todos los suyos con gran cari\u00f1o. Desea ser usted totalmente de Dios, y Dios tambi\u00e9n les quiere a todos ustedes para el; son los primeros que \u00e9l llam\u00f3 a G\u00e9nova para el servicio que espera de la Compa\u00f1\u00eda en aquel\u2026","rel":"","context":"En \u00abEscritos de Vicente de Pa\u00fal\u00bb","block_context":{"text":"Escritos de Vicente de Pa\u00fal","link":"https:\/\/vincentians.com\/es\/category\/escritos\/escritos-de-vicente-de-paul\/"},"img":{"alt_text":"","src":"https:\/\/i0.wp.com\/vincentians.com\/es\/wp-content\/uploads\/sites\/11\/2016\/07\/escritos-vicente-de-paul.jpg?fit=1200%2C630&ssl=1&resize=350%2C200","width":350,"height":200,"srcset":"https:\/\/i0.wp.com\/vincentians.com\/es\/wp-content\/uploads\/sites\/11\/2016\/07\/escritos-vicente-de-paul.jpg?fit=1200%2C630&ssl=1&resize=350%2C200 1x, https:\/\/i0.wp.com\/vincentians.com\/es\/wp-content\/uploads\/sites\/11\/2016\/07\/escritos-vicente-de-paul.jpg?fit=1200%2C630&ssl=1&resize=525%2C300 1.5x, https:\/\/i0.wp.com\/vincentians.com\/es\/wp-content\/uploads\/sites\/11\/2016\/07\/escritos-vicente-de-paul.jpg?fit=1200%2C630&ssl=1&resize=700%2C400 2x, https:\/\/i0.wp.com\/vincentians.com\/es\/wp-content\/uploads\/sites\/11\/2016\/07\/escritos-vicente-de-paul.jpg?fit=1200%2C630&ssl=1&resize=1050%2C600 3x"},"classes":[]}],"_links":{"self":[{"href":"https:\/\/vincentians.com\/es\/wp-json\/wp\/v2\/posts\/12302","targetHints":{"allow":["GET"]}}],"collection":[{"href":"https:\/\/vincentians.com\/es\/wp-json\/wp\/v2\/posts"}],"about":[{"href":"https:\/\/vincentians.com\/es\/wp-json\/wp\/v2\/types\/post"}],"author":[{"embeddable":true,"href":"https:\/\/vincentians.com\/es\/wp-json\/wp\/v2\/users\/4"}],"replies":[{"embeddable":true,"href":"https:\/\/vincentians.com\/es\/wp-json\/wp\/v2\/comments?post=12302"}],"version-history":[{"count":0,"href":"https:\/\/vincentians.com\/es\/wp-json\/wp\/v2\/posts\/12302\/revisions"}],"wp:featuredmedia":[{"embeddable":true,"href":"https:\/\/vincentians.com\/es\/wp-json\/wp\/v2\/media\/393753"}],"wp:attachment":[{"href":"https:\/\/vincentians.com\/es\/wp-json\/wp\/v2\/media?parent=12302"}],"wp:term":[{"taxonomy":"category","embeddable":true,"href":"https:\/\/vincentians.com\/es\/wp-json\/wp\/v2\/categories?post=12302"},{"taxonomy":"post_tag","embeddable":true,"href":"https:\/\/vincentians.com\/es\/wp-json\/wp\/v2\/tags?post=12302"}],"curies":[{"name":"wp","href":"https:\/\/api.w.org\/{rel}","templated":true}]}}