{"id":12290,"date":"2009-08-21T20:16:53","date_gmt":"2009-08-21T19:16:53","guid":{"rendered":"http:\/\/www.vicencianos.org\/web\/2009\/08\/21\/vicente-de-paul-conferencia-083-repeticion-de-la-oracion-del-12-de-noviembre-de-1656\/"},"modified":"2016-07-26T11:01:23","modified_gmt":"2016-07-26T09:01:23","slug":"vicente-de-paul-conferencia-083-repeticion-de-la-oracion-del-12-de-noviembre-de-1656","status":"publish","type":"post","link":"https:\/\/vincentians.com\/es\/vicente-de-paul-conferencia-083-repeticion-de-la-oracion-del-12-de-noviembre-de-1656\/","title":{"rendered":"Vicente de Pa\u00fal, Conferencia 083: Repetici\u00f3n De La Oraci\u00f3n Del 12 De Noviembre De 1656"},"content":{"rendered":"<p><em>Noticias de los misioneros de Berber\u00eda. Los misioneros han de estar dispuestos a sufrirlo todo por la gloria de Dios.<\/em><\/p>\n<p>En la repetici\u00f3n de la oraci\u00f3n dijo el padre Vicente, entre otras cosas, que el padre Le Vacher, el mayor, sacerdote de la compa\u00f1\u00eda, que est\u00e1 en T\u00fanez con el se\u00f1or c\u00f3nsul, se encontraba por entonces en paz y tranquilidad, tanto respecto a los turcos como respecto al c\u00f3nsul ingl\u00e9s y los comerciantes franceses; que ped\u00eda a la compa\u00f1\u00eda que diera gracias a Dios por ello; que no ocurr\u00eda lo mismo en Argel, ya que desde que est\u00e1 all\u00ed como c\u00f3nsul nuestro hermano Barreau, ha tenido que sufrir persecuciones casi continuamente, al menos muy frecuentes, por los ultrajes y malos tratos que le han hecho sufrir los turcos y por las ingratitudes de algunos cristianos, por los que hab\u00eda prestado su fianza, de forma que actualmente se encuentra muy comprometido en todo esto. Y me dice que est\u00e1 ahora amenazado por causa del mal trato a que ha sometido un franc\u00e9s a ciertos jud\u00edos, y dicen los turcos que la responsabilidad recae sobre el c\u00f3nsul de los franceses, sin tener en consideraci\u00f3n que se trata de faltas personales.<\/p>\n<p>Luego, el padre Vicente exclam\u00f3, diciendo:<\/p>\n<p>\u00a1Quiera Dios, mis querid\u00edsimos padres y hermanos, que todos los que vengan a entrar en la compa\u00f1\u00eda acudan con el pensamiento del martirio, con el deseo de sufrir en ella el martirio y de consagrarse por entero al servicio de Dios, tanto en los pa\u00edses lejanos como aqu\u00ed, en cualquier lugar donde \u00e9l quiera servirse de esta pobre y peque\u00f1a compa\u00f1\u00eda! S\u00ed, con el pensamiento del martirio. Deber\u00edamos pedirle muchas veces a Dios esta gracia y esta disposici\u00f3n, de estar dispuestos a exponer nuestras vidas por su gloria y por la salvaci\u00f3n del pr\u00f3jimo, todos los que aqu\u00ed estamos, los hermanos, los estudiantes, los sacerdotes, en una palabra toda la compa\u00f1\u00eda. \u00a1Ay, padres! \u00bfPuede haber algo m\u00e1s razonable que dar nuestra vida por aquel que entreg\u00f3 tan libremente la suya por todos nosotros? Si nuestro Se\u00f1or nos ama hasta el punto de morir por nosotros, \u00bfpor qu\u00e9 no vamos a desear tener esa misma disposici\u00f3n por \u00e9l, para morir efectivamente si se presenta la ocasi\u00f3n? Vemos c\u00f3mo tantos papas fueron martirizados uno tras otro; se cuentan hasta treinta y cinco seguidos. No es extra\u00f1o ver c\u00f3mo algunos comerciantes, por obtener una peque\u00f1a ganancia, atraviesan los mares y se exponen a mil peligros. El domingo pasado hablaba con uno de ellos, que vino a verme, y me dec\u00eda que le hab\u00edan propuesto ir hasta las Indias y que se hab\u00eda decidido a ir, con la esperanza de obtener alguna ganancia. Le pregunt\u00e9 si hab\u00eda muchos peligros y me contest\u00f3 que s\u00ed, que era muy peligroso, pero que conoc\u00eda a cierta persona que hab\u00eda vuelto de all\u00ed, y que otra, a la verdad, se hab\u00eda quedado. Entonces me dije a m\u00ed mismo: si esa persona, por una peque\u00f1a ganancia, por traer alguna piedra preciosa, se expone a tantos peligros, \u00bfcon cu\u00e1nta m\u00e1s raz\u00f3n hemos de hacerlo nosotros para llevar esa piedra preciosa del evangelio?<\/p>\n","protected":false},"excerpt":{"rendered":"<p>Noticias de los misioneros de Berber\u00eda. Los misioneros han de estar dispuestos a sufrirlo todo por la gloria de Dios. En la repetici\u00f3n de la oraci\u00f3n dijo el padre Vicente, entre otras cosas, que el &#8230; <a href=\"https:\/\/vincentians.com\/es\/vicente-de-paul-conferencia-083-repeticion-de-la-oracion-del-12-de-noviembre-de-1656\/\" class=\"more-link\">Read More<\/a><\/p>\n","protected":false},"author":4,"featured_media":393753,"comment_status":"open","ping_status":"open","sticky":false,"template":"","format":"standard","meta":{"jetpack_post_was_ever_published":false,"_jetpack_newsletter_access":"","_jetpack_dont_email_post_to_subs":false,"_jetpack_newsletter_tier_id":0,"_jetpack_memberships_contains_paywalled_content":false,"_jetpack_memberships_contains_paid_content":false,"footnotes":"","jetpack_publicize_message":"","jetpack_publicize_feature_enabled":true,"jetpack_social_post_already_shared":true,"jetpack_social_options":{"image_generator_settings":{"template":"highway","default_image_id":0,"font":"","enabled":false},"version":2}},"categories":[65],"tags":[168,116],"class_list":["post-12290","post","type-post","status-publish","format-standard","has-post-thumbnail","hentry","category-escritos-de-vicente-de-paul","tag-argel","tag-tunez"],"yoast_head":"<!-- This site is optimized with the Yoast SEO plugin v26.3 - https:\/\/yoast.com\/wordpress\/plugins\/seo\/ -->\n<title>Vicente de Pa\u00fal, Conferencia 083: Repetici\u00f3n De La Oraci\u00f3n Del 12 De Noviembre De 1656 - Somos Vicencianos<\/title>\n<meta name=\"robots\" content=\"index, follow, max-snippet:-1, max-image-preview:large, max-video-preview:-1\" \/>\n<link rel=\"canonical\" href=\"https:\/\/vincentians.com\/es\/vicente-de-paul-conferencia-083-repeticion-de-la-oracion-del-12-de-noviembre-de-1656\/\" \/>\n<meta property=\"og:locale\" content=\"es_ES\" \/>\n<meta property=\"og:type\" content=\"article\" \/>\n<meta property=\"og:title\" content=\"Vicente de Pa\u00fal, Conferencia 083: Repetici\u00f3n De La Oraci\u00f3n Del 12 De Noviembre De 1656 - Somos Vicencianos\" \/>\n<meta property=\"og:description\" content=\"Noticias de los misioneros de Berber\u00eda. Los misioneros han de estar dispuestos a sufrirlo todo por la gloria de Dios. En la repetici\u00f3n de la oraci\u00f3n dijo el padre Vicente, entre otras cosas, que el ... Read More\" \/>\n<meta property=\"og:url\" content=\"https:\/\/vincentians.com\/es\/vicente-de-paul-conferencia-083-repeticion-de-la-oracion-del-12-de-noviembre-de-1656\/\" \/>\n<meta property=\"og:site_name\" content=\"Somos Vicencianos\" \/>\n<meta property=\"article:publisher\" content=\"https:\/\/www.facebook.com\/WeAreVincentians\/\" \/>\n<meta property=\"article:author\" content=\"https:\/\/www.facebook.com\/JavierChento\" \/>\n<meta property=\"article:published_time\" content=\"2009-08-21T19:16:53+00:00\" \/>\n<meta property=\"article:modified_time\" content=\"2016-07-26T09:01:23+00:00\" \/>\n<meta property=\"og:image\" content=\"https:\/\/i0.wp.com\/vincentians.com\/es\/wp-content\/uploads\/sites\/11\/2016\/07\/escritos-vicente-de-paul.jpg?fit=1200%2C630&ssl=1\" \/>\n\t<meta property=\"og:image:width\" content=\"1200\" \/>\n\t<meta property=\"og:image:height\" content=\"630\" \/>\n\t<meta property=\"og:image:type\" content=\"image\/jpeg\" \/>\n<meta name=\"author\" content=\"Francisco Javier Fern\u00e1ndez Chento\" \/>\n<meta name=\"twitter:card\" content=\"summary_large_image\" \/>\n<meta name=\"twitter:creator\" content=\"@https:\/\/twitter.com\/javierchento\" \/>\n<meta name=\"twitter:site\" content=\"@WeVincentians\" \/>\n<meta name=\"twitter:label1\" content=\"Escrito por\" \/>\n\t<meta name=\"twitter:data1\" content=\"Francisco Javier Fern\u00e1ndez Chento\" \/>\n\t<meta name=\"twitter:label2\" content=\"Tiempo de lectura\" \/>\n\t<meta name=\"twitter:data2\" content=\"3 minutos\" \/>\n<script type=\"application\/ld+json\" class=\"yoast-schema-graph\">{\"@context\":\"https:\/\/schema.org\",\"@graph\":[{\"@type\":\"Article\",\"@id\":\"https:\/\/vincentians.com\/es\/vicente-de-paul-conferencia-083-repeticion-de-la-oracion-del-12-de-noviembre-de-1656\/#article\",\"isPartOf\":{\"@id\":\"https:\/\/vincentians.com\/es\/vicente-de-paul-conferencia-083-repeticion-de-la-oracion-del-12-de-noviembre-de-1656\/\"},\"author\":{\"name\":\"Francisco Javier Fern\u00e1ndez Chento\",\"@id\":\"https:\/\/vincentians.com\/es\/#\/schema\/person\/9623ef4d9aa3b2dfb8c061f1499288f2\"},\"headline\":\"Vicente de Pa\u00fal, Conferencia 083: Repetici\u00f3n De La Oraci\u00f3n Del 12 De Noviembre De 1656\",\"datePublished\":\"2009-08-21T19:16:53+00:00\",\"dateModified\":\"2016-07-26T09:01:23+00:00\",\"mainEntityOfPage\":{\"@id\":\"https:\/\/vincentians.com\/es\/vicente-de-paul-conferencia-083-repeticion-de-la-oracion-del-12-de-noviembre-de-1656\/\"},\"wordCount\":578,\"commentCount\":0,\"publisher\":{\"@id\":\"https:\/\/vincentians.com\/es\/#organization\"},\"image\":{\"@id\":\"https:\/\/vincentians.com\/es\/vicente-de-paul-conferencia-083-repeticion-de-la-oracion-del-12-de-noviembre-de-1656\/#primaryimage\"},\"thumbnailUrl\":\"https:\/\/i0.wp.com\/vincentians.com\/es\/wp-content\/uploads\/sites\/11\/2016\/07\/escritos-vicente-de-paul.jpg?fit=1200%2C630&ssl=1\",\"keywords\":[\"Argel\",\"T\u00fanez\"],\"articleSection\":[\"Escritos de Vicente de Pa\u00fal\"],\"inLanguage\":\"es\",\"potentialAction\":[{\"@type\":\"CommentAction\",\"name\":\"Comment\",\"target\":[\"https:\/\/vincentians.com\/es\/vicente-de-paul-conferencia-083-repeticion-de-la-oracion-del-12-de-noviembre-de-1656\/#respond\"]}]},{\"@type\":\"WebPage\",\"@id\":\"https:\/\/vincentians.com\/es\/vicente-de-paul-conferencia-083-repeticion-de-la-oracion-del-12-de-noviembre-de-1656\/\",\"url\":\"https:\/\/vincentians.com\/es\/vicente-de-paul-conferencia-083-repeticion-de-la-oracion-del-12-de-noviembre-de-1656\/\",\"name\":\"Vicente de Pa\u00fal, Conferencia 083: Repetici\u00f3n De La Oraci\u00f3n Del 12 De Noviembre De 1656 - Somos Vicencianos\",\"isPartOf\":{\"@id\":\"https:\/\/vincentians.com\/es\/#website\"},\"primaryImageOfPage\":{\"@id\":\"https:\/\/vincentians.com\/es\/vicente-de-paul-conferencia-083-repeticion-de-la-oracion-del-12-de-noviembre-de-1656\/#primaryimage\"},\"image\":{\"@id\":\"https:\/\/vincentians.com\/es\/vicente-de-paul-conferencia-083-repeticion-de-la-oracion-del-12-de-noviembre-de-1656\/#primaryimage\"},\"thumbnailUrl\":\"https:\/\/i0.wp.com\/vincentians.com\/es\/wp-content\/uploads\/sites\/11\/2016\/07\/escritos-vicente-de-paul.jpg?fit=1200%2C630&ssl=1\",\"datePublished\":\"2009-08-21T19:16:53+00:00\",\"dateModified\":\"2016-07-26T09:01:23+00:00\",\"breadcrumb\":{\"@id\":\"https:\/\/vincentians.com\/es\/vicente-de-paul-conferencia-083-repeticion-de-la-oracion-del-12-de-noviembre-de-1656\/#breadcrumb\"},\"inLanguage\":\"es\",\"potentialAction\":[{\"@type\":\"ReadAction\",\"target\":[\"https:\/\/vincentians.com\/es\/vicente-de-paul-conferencia-083-repeticion-de-la-oracion-del-12-de-noviembre-de-1656\/\"]}]},{\"@type\":\"ImageObject\",\"inLanguage\":\"es\",\"@id\":\"https:\/\/vincentians.com\/es\/vicente-de-paul-conferencia-083-repeticion-de-la-oracion-del-12-de-noviembre-de-1656\/#primaryimage\",\"url\":\"https:\/\/i0.wp.com\/vincentians.com\/es\/wp-content\/uploads\/sites\/11\/2016\/07\/escritos-vicente-de-paul.jpg?fit=1200%2C630&ssl=1\",\"contentUrl\":\"https:\/\/i0.wp.com\/vincentians.com\/es\/wp-content\/uploads\/sites\/11\/2016\/07\/escritos-vicente-de-paul.jpg?fit=1200%2C630&ssl=1\",\"width\":1200,\"height\":630},{\"@type\":\"BreadcrumbList\",\"@id\":\"https:\/\/vincentians.com\/es\/vicente-de-paul-conferencia-083-repeticion-de-la-oracion-del-12-de-noviembre-de-1656\/#breadcrumb\",\"itemListElement\":[{\"@type\":\"ListItem\",\"position\":1,\"name\":\"Portada\",\"item\":\"https:\/\/vincentians.com\/es\/\"},{\"@type\":\"ListItem\",\"position\":2,\"name\":\"Vicente de Pa\u00fal, Conferencia 083: Repetici\u00f3n De La Oraci\u00f3n Del 12 De Noviembre De 1656\"}]},{\"@type\":\"WebSite\",\"@id\":\"https:\/\/vincentians.com\/es\/#website\",\"url\":\"https:\/\/vincentians.com\/es\/\",\"name\":\"Somos Vicencianos\",\"description\":\"Know more to serve more\",\"publisher\":{\"@id\":\"https:\/\/vincentians.com\/es\/#organization\"},\"potentialAction\":[{\"@type\":\"SearchAction\",\"target\":{\"@type\":\"EntryPoint\",\"urlTemplate\":\"https:\/\/vincentians.com\/es\/?s={search_term_string}\"},\"query-input\":{\"@type\":\"PropertyValueSpecification\",\"valueRequired\":true,\"valueName\":\"search_term_string\"}}],\"inLanguage\":\"es\"},{\"@type\":\"Organization\",\"@id\":\"https:\/\/vincentians.com\/es\/#organization\",\"name\":\"The Vincentian Network\",\"url\":\"https:\/\/vincentians.com\/es\/\",\"logo\":{\"@type\":\"ImageObject\",\"inLanguage\":\"es\",\"@id\":\"https:\/\/vincentians.com\/es\/#\/schema\/logo\/image\/\",\"url\":\"https:\/\/i1.wp.com\/vincentians.com\/es\/wp-content\/uploads\/sites\/11\/2016\/06\/Vincentian-Network-logo-big.png?fit=778%2C778\",\"contentUrl\":\"https:\/\/i1.wp.com\/vincentians.com\/es\/wp-content\/uploads\/sites\/11\/2016\/06\/Vincentian-Network-logo-big.png?fit=778%2C778\",\"width\":778,\"height\":778,\"caption\":\"The Vincentian Network\"},\"image\":{\"@id\":\"https:\/\/vincentians.com\/es\/#\/schema\/logo\/image\/\"},\"sameAs\":[\"https:\/\/www.facebook.com\/WeAreVincentians\/\",\"https:\/\/x.com\/WeVincentians\"]},{\"@type\":\"Person\",\"@id\":\"https:\/\/vincentians.com\/es\/#\/schema\/person\/9623ef4d9aa3b2dfb8c061f1499288f2\",\"name\":\"Francisco Javier Fern\u00e1ndez Chento\",\"image\":{\"@type\":\"ImageObject\",\"inLanguage\":\"es\",\"@id\":\"https:\/\/vincentians.com\/es\/#\/schema\/person\/image\/\",\"url\":\"https:\/\/secure.gravatar.com\/avatar\/497d5cde87b4c3d097d0315953521681ba2cd523ee66e5077c3711f7021e65de?s=96&d=mm&r=g\",\"contentUrl\":\"https:\/\/secure.gravatar.com\/avatar\/497d5cde87b4c3d097d0315953521681ba2cd523ee66e5077c3711f7021e65de?s=96&d=mm&r=g\",\"caption\":\"Francisco Javier Fern\u00e1ndez Chento\"},\"description\":\"Director General y cofundador de La Red de Formaci\u00f3n Vicenciana. Javier es laico vicenciano, afiliado a la Congregaci\u00f3n de la Misi\u00f3n y miembro del Equipo de Misiones Populares de la provincia can\u00f3nica de Zaragoza (Espa\u00f1a) de la Congregaci\u00f3n de la Misi\u00f3n. Graduado en la Universidad Oberta de Catalunya con cuatro grados (Asistente de direcci\u00f3n, Gesti\u00f3n Administrativa, Recursos Humanos y Contabilidad Avanzada). Bil\u00edng\u00fce Espa\u00f1ol\/Ingl\u00e9s. gestiona y mantiene varias p\u00e1ginas web cristianas y vicencianas, incluida including La Red de Formaci\u00f3n Vicenciana, de la que es cofundador. Actualmente es responsable del \u00e1rea de Espa\u00f1ol de .famvin, la Red de Noticias de la Familia Vicenciana. Tambi\u00e9n es m\u00fasico cat\u00f3lico y ha editado varios discos. Es Director General y cofundador de Trovador, una reconocida compa\u00f1\u00eda discogr\u00e1fica critiana de Espa\u00f1a. Trabaja en las Tecnolog\u00edas de la Informaci\u00f3n, ofreciendo servicios de alojamiento, dise\u00f1o y mantenimiento Web, as\u00ed como asesoramiento, formaci\u00f3n y soluciones inform\u00e1ticas, gesti\u00f3n documental y digitalizaci\u00f3n de textos, edici\u00f3n y maquetaci\u00f3n de libros, revistas, flyers, etc.\",\"sameAs\":[\"http:\/\/chento.org\",\"https:\/\/www.facebook.com\/JavierChento\",\"https:\/\/x.com\/https:\/\/twitter.com\/javierchento\"],\"url\":\"https:\/\/vincentians.com\/es\/author\/chento\/\"}]}<\/script>\n<!-- \/ Yoast SEO plugin. -->","yoast_head_json":{"title":"Vicente de Pa\u00fal, Conferencia 083: Repetici\u00f3n De La Oraci\u00f3n Del 12 De Noviembre De 1656 - Somos Vicencianos","robots":{"index":"index","follow":"follow","max-snippet":"max-snippet:-1","max-image-preview":"max-image-preview:large","max-video-preview":"max-video-preview:-1"},"canonical":"https:\/\/vincentians.com\/es\/vicente-de-paul-conferencia-083-repeticion-de-la-oracion-del-12-de-noviembre-de-1656\/","og_locale":"es_ES","og_type":"article","og_title":"Vicente de Pa\u00fal, Conferencia 083: Repetici\u00f3n De La Oraci\u00f3n Del 12 De Noviembre De 1656 - Somos Vicencianos","og_description":"Noticias de los misioneros de Berber\u00eda. Los misioneros han de estar dispuestos a sufrirlo todo por la gloria de Dios. En la repetici\u00f3n de la oraci\u00f3n dijo el padre Vicente, entre otras cosas, que el ... Read More","og_url":"https:\/\/vincentians.com\/es\/vicente-de-paul-conferencia-083-repeticion-de-la-oracion-del-12-de-noviembre-de-1656\/","og_site_name":"Somos Vicencianos","article_publisher":"https:\/\/www.facebook.com\/WeAreVincentians\/","article_author":"https:\/\/www.facebook.com\/JavierChento","article_published_time":"2009-08-21T19:16:53+00:00","article_modified_time":"2016-07-26T09:01:23+00:00","og_image":[{"width":1200,"height":630,"url":"https:\/\/i0.wp.com\/vincentians.com\/es\/wp-content\/uploads\/sites\/11\/2016\/07\/escritos-vicente-de-paul.jpg?fit=1200%2C630&ssl=1","type":"image\/jpeg"}],"author":"Francisco Javier Fern\u00e1ndez Chento","twitter_card":"summary_large_image","twitter_creator":"@https:\/\/twitter.com\/javierchento","twitter_site":"@WeVincentians","twitter_misc":{"Escrito por":"Francisco Javier Fern\u00e1ndez Chento","Tiempo de lectura":"3 minutos"},"schema":{"@context":"https:\/\/schema.org","@graph":[{"@type":"Article","@id":"https:\/\/vincentians.com\/es\/vicente-de-paul-conferencia-083-repeticion-de-la-oracion-del-12-de-noviembre-de-1656\/#article","isPartOf":{"@id":"https:\/\/vincentians.com\/es\/vicente-de-paul-conferencia-083-repeticion-de-la-oracion-del-12-de-noviembre-de-1656\/"},"author":{"name":"Francisco Javier Fern\u00e1ndez Chento","@id":"https:\/\/vincentians.com\/es\/#\/schema\/person\/9623ef4d9aa3b2dfb8c061f1499288f2"},"headline":"Vicente de Pa\u00fal, Conferencia 083: Repetici\u00f3n De La Oraci\u00f3n Del 12 De Noviembre De 1656","datePublished":"2009-08-21T19:16:53+00:00","dateModified":"2016-07-26T09:01:23+00:00","mainEntityOfPage":{"@id":"https:\/\/vincentians.com\/es\/vicente-de-paul-conferencia-083-repeticion-de-la-oracion-del-12-de-noviembre-de-1656\/"},"wordCount":578,"commentCount":0,"publisher":{"@id":"https:\/\/vincentians.com\/es\/#organization"},"image":{"@id":"https:\/\/vincentians.com\/es\/vicente-de-paul-conferencia-083-repeticion-de-la-oracion-del-12-de-noviembre-de-1656\/#primaryimage"},"thumbnailUrl":"https:\/\/i0.wp.com\/vincentians.com\/es\/wp-content\/uploads\/sites\/11\/2016\/07\/escritos-vicente-de-paul.jpg?fit=1200%2C630&ssl=1","keywords":["Argel","T\u00fanez"],"articleSection":["Escritos de Vicente de Pa\u00fal"],"inLanguage":"es","potentialAction":[{"@type":"CommentAction","name":"Comment","target":["https:\/\/vincentians.com\/es\/vicente-de-paul-conferencia-083-repeticion-de-la-oracion-del-12-de-noviembre-de-1656\/#respond"]}]},{"@type":"WebPage","@id":"https:\/\/vincentians.com\/es\/vicente-de-paul-conferencia-083-repeticion-de-la-oracion-del-12-de-noviembre-de-1656\/","url":"https:\/\/vincentians.com\/es\/vicente-de-paul-conferencia-083-repeticion-de-la-oracion-del-12-de-noviembre-de-1656\/","name":"Vicente de Pa\u00fal, Conferencia 083: Repetici\u00f3n De La Oraci\u00f3n Del 12 De Noviembre De 1656 - Somos Vicencianos","isPartOf":{"@id":"https:\/\/vincentians.com\/es\/#website"},"primaryImageOfPage":{"@id":"https:\/\/vincentians.com\/es\/vicente-de-paul-conferencia-083-repeticion-de-la-oracion-del-12-de-noviembre-de-1656\/#primaryimage"},"image":{"@id":"https:\/\/vincentians.com\/es\/vicente-de-paul-conferencia-083-repeticion-de-la-oracion-del-12-de-noviembre-de-1656\/#primaryimage"},"thumbnailUrl":"https:\/\/i0.wp.com\/vincentians.com\/es\/wp-content\/uploads\/sites\/11\/2016\/07\/escritos-vicente-de-paul.jpg?fit=1200%2C630&ssl=1","datePublished":"2009-08-21T19:16:53+00:00","dateModified":"2016-07-26T09:01:23+00:00","breadcrumb":{"@id":"https:\/\/vincentians.com\/es\/vicente-de-paul-conferencia-083-repeticion-de-la-oracion-del-12-de-noviembre-de-1656\/#breadcrumb"},"inLanguage":"es","potentialAction":[{"@type":"ReadAction","target":["https:\/\/vincentians.com\/es\/vicente-de-paul-conferencia-083-repeticion-de-la-oracion-del-12-de-noviembre-de-1656\/"]}]},{"@type":"ImageObject","inLanguage":"es","@id":"https:\/\/vincentians.com\/es\/vicente-de-paul-conferencia-083-repeticion-de-la-oracion-del-12-de-noviembre-de-1656\/#primaryimage","url":"https:\/\/i0.wp.com\/vincentians.com\/es\/wp-content\/uploads\/sites\/11\/2016\/07\/escritos-vicente-de-paul.jpg?fit=1200%2C630&ssl=1","contentUrl":"https:\/\/i0.wp.com\/vincentians.com\/es\/wp-content\/uploads\/sites\/11\/2016\/07\/escritos-vicente-de-paul.jpg?fit=1200%2C630&ssl=1","width":1200,"height":630},{"@type":"BreadcrumbList","@id":"https:\/\/vincentians.com\/es\/vicente-de-paul-conferencia-083-repeticion-de-la-oracion-del-12-de-noviembre-de-1656\/#breadcrumb","itemListElement":[{"@type":"ListItem","position":1,"name":"Portada","item":"https:\/\/vincentians.com\/es\/"},{"@type":"ListItem","position":2,"name":"Vicente de Pa\u00fal, Conferencia 083: Repetici\u00f3n De La Oraci\u00f3n Del 12 De Noviembre De 1656"}]},{"@type":"WebSite","@id":"https:\/\/vincentians.com\/es\/#website","url":"https:\/\/vincentians.com\/es\/","name":"Somos Vicencianos","description":"Know more to serve more","publisher":{"@id":"https:\/\/vincentians.com\/es\/#organization"},"potentialAction":[{"@type":"SearchAction","target":{"@type":"EntryPoint","urlTemplate":"https:\/\/vincentians.com\/es\/?s={search_term_string}"},"query-input":{"@type":"PropertyValueSpecification","valueRequired":true,"valueName":"search_term_string"}}],"inLanguage":"es"},{"@type":"Organization","@id":"https:\/\/vincentians.com\/es\/#organization","name":"The Vincentian Network","url":"https:\/\/vincentians.com\/es\/","logo":{"@type":"ImageObject","inLanguage":"es","@id":"https:\/\/vincentians.com\/es\/#\/schema\/logo\/image\/","url":"https:\/\/i1.wp.com\/vincentians.com\/es\/wp-content\/uploads\/sites\/11\/2016\/06\/Vincentian-Network-logo-big.png?fit=778%2C778","contentUrl":"https:\/\/i1.wp.com\/vincentians.com\/es\/wp-content\/uploads\/sites\/11\/2016\/06\/Vincentian-Network-logo-big.png?fit=778%2C778","width":778,"height":778,"caption":"The Vincentian Network"},"image":{"@id":"https:\/\/vincentians.com\/es\/#\/schema\/logo\/image\/"},"sameAs":["https:\/\/www.facebook.com\/WeAreVincentians\/","https:\/\/x.com\/WeVincentians"]},{"@type":"Person","@id":"https:\/\/vincentians.com\/es\/#\/schema\/person\/9623ef4d9aa3b2dfb8c061f1499288f2","name":"Francisco Javier Fern\u00e1ndez Chento","image":{"@type":"ImageObject","inLanguage":"es","@id":"https:\/\/vincentians.com\/es\/#\/schema\/person\/image\/","url":"https:\/\/secure.gravatar.com\/avatar\/497d5cde87b4c3d097d0315953521681ba2cd523ee66e5077c3711f7021e65de?s=96&d=mm&r=g","contentUrl":"https:\/\/secure.gravatar.com\/avatar\/497d5cde87b4c3d097d0315953521681ba2cd523ee66e5077c3711f7021e65de?s=96&d=mm&r=g","caption":"Francisco Javier Fern\u00e1ndez Chento"},"description":"Director General y cofundador de La Red de Formaci\u00f3n Vicenciana. Javier es laico vicenciano, afiliado a la Congregaci\u00f3n de la Misi\u00f3n y miembro del Equipo de Misiones Populares de la provincia can\u00f3nica de Zaragoza (Espa\u00f1a) de la Congregaci\u00f3n de la Misi\u00f3n. Graduado en la Universidad Oberta de Catalunya con cuatro grados (Asistente de direcci\u00f3n, Gesti\u00f3n Administrativa, Recursos Humanos y Contabilidad Avanzada). Bil\u00edng\u00fce Espa\u00f1ol\/Ingl\u00e9s. gestiona y mantiene varias p\u00e1ginas web cristianas y vicencianas, incluida including La Red de Formaci\u00f3n Vicenciana, de la que es cofundador. Actualmente es responsable del \u00e1rea de Espa\u00f1ol de .famvin, la Red de Noticias de la Familia Vicenciana. Tambi\u00e9n es m\u00fasico cat\u00f3lico y ha editado varios discos. Es Director General y cofundador de Trovador, una reconocida compa\u00f1\u00eda discogr\u00e1fica critiana de Espa\u00f1a. Trabaja en las Tecnolog\u00edas de la Informaci\u00f3n, ofreciendo servicios de alojamiento, dise\u00f1o y mantenimiento Web, as\u00ed como asesoramiento, formaci\u00f3n y soluciones inform\u00e1ticas, gesti\u00f3n documental y digitalizaci\u00f3n de textos, edici\u00f3n y maquetaci\u00f3n de libros, revistas, flyers, etc.","sameAs":["http:\/\/chento.org","https:\/\/www.facebook.com\/JavierChento","https:\/\/x.com\/https:\/\/twitter.com\/javierchento"],"url":"https:\/\/vincentians.com\/es\/author\/chento\/"}]}},"jetpack_publicize_connections":[],"jetpack_featured_media_url":"https:\/\/i0.wp.com\/vincentians.com\/es\/wp-content\/uploads\/sites\/11\/2016\/07\/escritos-vicente-de-paul.jpg?fit=1200%2C630&ssl=1","jetpack_sharing_enabled":true,"jetpack_shortlink":"https:\/\/wp.me\/p7ETMF-3ce","jetpack-related-posts":[{"id":129647,"url":"https:\/\/vincentians.com\/es\/san-vicente-de-paul-su-vida-su-tiempo-sus-obras-su-influencia-libro-3-capitulo-2-b\/","url_meta":{"origin":12290,"position":0},"title":"San Vicente de Pa\u00fal. Su vida, su tiempo; sus obras, su influencia. Libro 3, cap\u00edtulo 2 (b)","author":"Francisco Javier Fern\u00e1ndez Chento","date":"07\/01\/2015","format":false,"excerpt":"Cap\u00edtulo II: Berber\u00eda (cont.) Art\u00edculo II. La Obra de san Vicente de Pa\u00fal I.Misi\u00f3n de T\u00fanez. \u2013C\u00f3nsules y Misioneros. \u2013Luis Gu\u00e9rin. \u00c9se era el pasado de Berber\u00eda, \u00e9sa su constituci\u00f3n presente, en su doble punto de vista pol\u00edtico y religioso, y en sus relaciones con la Iglesia y los gobiernos,\u2026","rel":"","context":"En \u00abVicente de Pa\u00fal\u00bb","block_context":{"text":"Vicente de Pa\u00fal","link":"https:\/\/vincentians.com\/es\/category\/la-familia-vicenciana\/fundadores\/vicente-de-paul\/"},"img":{"alt_text":"","src":"","width":0,"height":0},"classes":[]},{"id":129651,"url":"https:\/\/vincentians.com\/es\/san-vicente-de-paul-su-vida-su-tiempo-sus-obras-su-influencia-libro-3-capitulo-2-c\/","url_meta":{"origin":12290,"position":1},"title":"San Vicente de Pa\u00fal. Su vida, su tiempo; sus obras, su influencia. Libro 3, cap\u00edtulo 2 (c)","author":"Francisco Javier Fern\u00e1ndez Chento","date":"08\/01\/2015","format":false,"excerpt":"Cap\u00edtulo II: Berber\u00eda (cont.) Art\u00edculo III. Misi\u00f3n de Argel desde la muerte de san Vicente de Pa\u00fal. I. Expedici\u00f3n del duque de Beaufort. \u2013Juan Le Vacher en Argel. Vicente muri\u00f3 con el dolor de no haber visto castigada la pirater\u00eda, vengados la sangre de los m\u00e1rtires y el honor franc\u00e9s,\u2026","rel":"","context":"En \u00abVicente de Pa\u00fal\u00bb","block_context":{"text":"Vicente de Pa\u00fal","link":"https:\/\/vincentians.com\/es\/category\/la-familia-vicenciana\/fundadores\/vicente-de-paul\/"},"img":{"alt_text":"","src":"","width":0,"height":0},"classes":[]},{"id":155867,"url":"https:\/\/vincentians.com\/es\/vicente-de-paul-carta-1319-a-juan-barreau-consul-en-argel\/","url_meta":{"origin":12290,"position":2},"title":"Vicente de Pa\u00fal, Carta 1319: A Juan Barreau, Consul En Argel","author":"Francisco Javier Fern\u00e1ndez Chento","date":"03\/06\/2015","format":false,"excerpt":"Par\u00eds, 15 de septiembre de 1650 Mi querido Hermano: La gracia de Nuestro Se\u00f1or sea siempre con nosotros. Con gran dolor me hago cargo del estado en que est\u00e1, que es motivo de pena para la Compa\u00f1\u00eda y para usted de m\u00e9rito ante Dios, ya que sufre como inocente .\u2026","rel":"","context":"En \u00abEscritos de Vicente de Pa\u00fal\u00bb","block_context":{"text":"Escritos de Vicente de Pa\u00fal","link":"https:\/\/vincentians.com\/es\/category\/escritos\/escritos-de-vicente-de-paul\/"},"img":{"alt_text":"","src":"https:\/\/i0.wp.com\/vincentians.com\/es\/wp-content\/uploads\/sites\/11\/2016\/07\/escritos-vicente-de-paul.jpg?fit=1200%2C630&ssl=1&resize=350%2C200","width":350,"height":200,"srcset":"https:\/\/i0.wp.com\/vincentians.com\/es\/wp-content\/uploads\/sites\/11\/2016\/07\/escritos-vicente-de-paul.jpg?fit=1200%2C630&ssl=1&resize=350%2C200 1x, https:\/\/i0.wp.com\/vincentians.com\/es\/wp-content\/uploads\/sites\/11\/2016\/07\/escritos-vicente-de-paul.jpg?fit=1200%2C630&ssl=1&resize=525%2C300 1.5x, https:\/\/i0.wp.com\/vincentians.com\/es\/wp-content\/uploads\/sites\/11\/2016\/07\/escritos-vicente-de-paul.jpg?fit=1200%2C630&ssl=1&resize=700%2C400 2x, https:\/\/i0.wp.com\/vincentians.com\/es\/wp-content\/uploads\/sites\/11\/2016\/07\/escritos-vicente-de-paul.jpg?fit=1200%2C630&ssl=1&resize=1050%2C600 3x"},"classes":[]},{"id":116626,"url":"https:\/\/vincentians.com\/es\/vicente-de-paul-carta-1032-a-juan-barreau-consul-de-francia-en-argel\/","url_meta":{"origin":12290,"position":3},"title":"Vicente de Pa\u00fal, Carta 1032: A Juan Barreau, C\u00f3nsul de Francia, en Argel","author":"Francisco Javier Fern\u00e1ndez Chento","date":"23\/12\/2012","format":false,"excerpt":"[Fines de septiembre o principios de octubre, 1647] Ayer tarde recib\u00ed la triste, pero feliz, noticia de la muerte del padre Nouelly, que me ha hecho derramar muchas l\u00e1grimas en varias ocasiones, pero l\u00e1grimas de gratitud a Dios por su bondad con la Compa\u00f1\u00eda, al haberle dado un sacerdote que\u2026","rel":"","context":"En \u00abEscritos de Vicente de Pa\u00fal\u00bb","block_context":{"text":"Escritos de Vicente de Pa\u00fal","link":"https:\/\/vincentians.com\/es\/category\/escritos\/escritos-de-vicente-de-paul\/"},"img":{"alt_text":"","src":"https:\/\/i0.wp.com\/vincentians.com\/es\/wp-content\/uploads\/sites\/11\/2016\/07\/escritos-vicente-de-paul.jpg?fit=1200%2C630&ssl=1&resize=350%2C200","width":350,"height":200,"srcset":"https:\/\/i0.wp.com\/vincentians.com\/es\/wp-content\/uploads\/sites\/11\/2016\/07\/escritos-vicente-de-paul.jpg?fit=1200%2C630&ssl=1&resize=350%2C200 1x, https:\/\/i0.wp.com\/vincentians.com\/es\/wp-content\/uploads\/sites\/11\/2016\/07\/escritos-vicente-de-paul.jpg?fit=1200%2C630&ssl=1&resize=525%2C300 1.5x, https:\/\/i0.wp.com\/vincentians.com\/es\/wp-content\/uploads\/sites\/11\/2016\/07\/escritos-vicente-de-paul.jpg?fit=1200%2C630&ssl=1&resize=700%2C400 2x, https:\/\/i0.wp.com\/vincentians.com\/es\/wp-content\/uploads\/sites\/11\/2016\/07\/escritos-vicente-de-paul.jpg?fit=1200%2C630&ssl=1&resize=1050%2C600 3x"},"classes":[]},{"id":12234,"url":"https:\/\/vincentians.com\/es\/vicente-de-paul-conferencia-063-repeticion-de-la-oracion-del-12-de-septiembre-de-1655\/","url_meta":{"origin":12290,"position":4},"title":"Vicente de Pa\u00fal, Conferencia 063: Repetici\u00f3n De La Oraci\u00f3n Del 12 De Septiembre De 1655","author":"Francisco Javier Fern\u00e1ndez Chento","date":"02\/08\/2009","format":false,"excerpt":"NOTICIAS DE LAS MISIONES DE POLONIA Y DE BERBERIA El padre Vicente pide oraciones por Polonia. Alaba a los misioneros que trabajan en Berber\u00eda. Hablando sobre las desgracias y las guerras de Polonia, el padre Vicente dijo que el cuerpo de la compa\u00f1\u00eda padec\u00eda en alguno de sus miembros, aludiendo\u2026","rel":"","context":"En \u00abEscritos de Vicente de Pa\u00fal\u00bb","block_context":{"text":"Escritos de Vicente de Pa\u00fal","link":"https:\/\/vincentians.com\/es\/category\/escritos\/escritos-de-vicente-de-paul\/"},"img":{"alt_text":"","src":"https:\/\/i0.wp.com\/vincentians.com\/es\/wp-content\/uploads\/sites\/11\/2016\/07\/escritos-vicente-de-paul.jpg?fit=1200%2C630&ssl=1&resize=350%2C200","width":350,"height":200,"srcset":"https:\/\/i0.wp.com\/vincentians.com\/es\/wp-content\/uploads\/sites\/11\/2016\/07\/escritos-vicente-de-paul.jpg?fit=1200%2C630&ssl=1&resize=350%2C200 1x, https:\/\/i0.wp.com\/vincentians.com\/es\/wp-content\/uploads\/sites\/11\/2016\/07\/escritos-vicente-de-paul.jpg?fit=1200%2C630&ssl=1&resize=525%2C300 1.5x, https:\/\/i0.wp.com\/vincentians.com\/es\/wp-content\/uploads\/sites\/11\/2016\/07\/escritos-vicente-de-paul.jpg?fit=1200%2C630&ssl=1&resize=700%2C400 2x, https:\/\/i0.wp.com\/vincentians.com\/es\/wp-content\/uploads\/sites\/11\/2016\/07\/escritos-vicente-de-paul.jpg?fit=1200%2C630&ssl=1&resize=1050%2C600 3x"},"classes":[]},{"id":131349,"url":"https:\/\/vincentians.com\/es\/el-senor-vicente-evolucion-de-un-santo-iv\/","url_meta":{"origin":12290,"position":5},"title":"El se\u00f1or Vicente, evoluci\u00f3n de un santo (IV)","author":"Francisco Javier Fern\u00e1ndez Chento","date":"24\/09\/2014","format":false,"excerpt":"4. EL AVENTURERO 1. Pirater\u00eda en el Mediterr\u00e1neo.- 2. Las cartas del se\u00f1or Vicente sobre T\u00fanez.- 3. Donaciones.- 4. Supuesta esclavitud.- 5. La liberaci\u00f3n; el vice-legado Montorio; magia de la \u00e9poca.- 6. Necesidad de la constancia de ordenaci\u00f3n para el se\u00f1or Vicente.- 7. Cr\u00edtica del se\u00f1or Grandchamp a las cartas\u2026","rel":"","context":"En \u00abVicente de Pa\u00fal\u00bb","block_context":{"text":"Vicente de Pa\u00fal","link":"https:\/\/vincentians.com\/es\/category\/la-familia-vicenciana\/fundadores\/vicente-de-paul\/"},"img":{"alt_text":"coraz\u00f3n","src":"https:\/\/i0.wp.com\/vicencianos.org\/wp-content\/2014\/03\/coraz%C3%B3n.jpg?resize=350%2C200","width":350,"height":200},"classes":[]}],"_links":{"self":[{"href":"https:\/\/vincentians.com\/es\/wp-json\/wp\/v2\/posts\/12290","targetHints":{"allow":["GET"]}}],"collection":[{"href":"https:\/\/vincentians.com\/es\/wp-json\/wp\/v2\/posts"}],"about":[{"href":"https:\/\/vincentians.com\/es\/wp-json\/wp\/v2\/types\/post"}],"author":[{"embeddable":true,"href":"https:\/\/vincentians.com\/es\/wp-json\/wp\/v2\/users\/4"}],"replies":[{"embeddable":true,"href":"https:\/\/vincentians.com\/es\/wp-json\/wp\/v2\/comments?post=12290"}],"version-history":[{"count":0,"href":"https:\/\/vincentians.com\/es\/wp-json\/wp\/v2\/posts\/12290\/revisions"}],"wp:featuredmedia":[{"embeddable":true,"href":"https:\/\/vincentians.com\/es\/wp-json\/wp\/v2\/media\/393753"}],"wp:attachment":[{"href":"https:\/\/vincentians.com\/es\/wp-json\/wp\/v2\/media?parent=12290"}],"wp:term":[{"taxonomy":"category","embeddable":true,"href":"https:\/\/vincentians.com\/es\/wp-json\/wp\/v2\/categories?post=12290"},{"taxonomy":"post_tag","embeddable":true,"href":"https:\/\/vincentians.com\/es\/wp-json\/wp\/v2\/tags?post=12290"}],"curies":[{"name":"wp","href":"https:\/\/api.w.org\/{rel}","templated":true}]}}