{"id":12244,"date":"2009-08-12T19:54:42","date_gmt":"2009-08-12T18:54:42","guid":{"rendered":"http:\/\/www.vicencianos.org\/web\/2009\/08\/12\/vicente-de-paul-conferencia-074-extracto-de-la-conferencia-del-7-de-mayo-de-1656\/"},"modified":"2016-07-26T11:01:24","modified_gmt":"2016-07-26T09:01:24","slug":"vicente-de-paul-conferencia-074-extracto-de-la-conferencia-del-7-de-mayo-de-1656","status":"publish","type":"post","link":"https:\/\/vincentians.com\/es\/vicente-de-paul-conferencia-074-extracto-de-la-conferencia-del-7-de-mayo-de-1656\/","title":{"rendered":"Vicente de Pa\u00fal, Conferencia 074: Extracto De La Conferencia Del [7 De Mayo De 1656]"},"content":{"rendered":"<p>PERSECUCION SUSCITADA CONTRA JUAN LE VACHER POR EL BEY DE TUNEZ<\/p>\n<p><em>Diferencias surgidas entre Juan Le Vacher y el bey de T\u00fanez por un asunto de velas para los barcos. Juan Le Vacher se asemeja a nuestro Se\u00f1or, ya que es perseguido.<\/em><\/p>\n<p>Hace unos d\u00edas os hice saber que el bey de T\u00fanez deseaba que el c\u00f3nsul le proporcionase tela de algod\u00f3n de Francia (cierta tela gruesa, con la que se hacen velas para los barcos); \u00e9l se excus\u00f3, no s\u00f3lo porque lo proh\u00edben las leyes de este reino, sino porque en bulas expresas de la Santa Sede apost\u00f3lica se proh\u00edbe bajo pena de excomuni\u00f3n proporcionar a los turcos cosas que les sirvan para hacer la guerra a los cristianos. El bey, al verse as\u00ed tratado, se dirigi\u00f3 a un comerciante de Marsella que trafica en Berberia, que se comprometi\u00f3 a tra\u00e9rselas, a pesar de todo lo que hizo el c\u00f3nsul por disuadirle, exponi\u00e9ndole la injuria que comet\u00eda contra Dios y contra los cristianos, el da\u00f1o que se har\u00eda a si mismo y el castigo que podr\u00eda recibir si el rey de Francia se enteraba de aquel tr\u00e1fico ilegal. Pero como aquel comerciante no cej\u00f3 en sus planes, el c\u00f3nsul redact\u00f3 una acusaci\u00f3n y la envi\u00f3 ac\u00e1; y el rey ha ordenado a los oficiales de los puertos de Provenza y del Languedoc que vigilen estrechamente para que nadie cargue ninguna mercanc\u00eda de contrabando para Berberia; esto seguramente habr\u00e1 llegado a o\u00eddos del bey y le habr\u00e1 indignado m\u00e1s todav\u00eda contra el c\u00f3nsul franc\u00e9s y contra los misioneros.<\/p>\n<p>Efectivamente, poco despu\u00e9s les humill\u00f3 p\u00fablicamente, busc\u00f3 la ocasi\u00f3n de armar camorra, mand\u00f3 venir al padre Le Vacher y le dijo: \u00abQuiero que me pagues las doscientas setenta y cinco piastras que me debe el caballero de La Ferriere, ya que t\u00fa eres de una religi\u00f3n que tiene en com\u00fan los bienes y los males, y por esta raz\u00f3n yo quiero cobr\u00e1rmelos de ti\u00bb. El padre Le Vacher respondi\u00f3 que los cristianos no estaban obligados a pagar las deudas unos de otros, y que \u00e9l no deb\u00eda ni pod\u00eda pagar las de un caballero de Malta y capit\u00e1n de nav\u00edo, como es el se\u00f1or de La Ferriere; que apenas ten\u00eda medios para vivir, pues era un morabito de los cristianos (esto es, un sacerdote, seg\u00fan la manera de hablar de ellos), venido expresamente de T\u00fanez para asistir a los pobres esclavos. \u00abDi lo que quieras, replic\u00f3 el bey, yo lo que quiero es que me paguen\u00bb. Y utilizando la violencia para ello, le oblig\u00f3 a pagar dicha suma.<\/p>\n<p>Pero esto no es m\u00e1s que el comienzo; pues, si Dios no cambia el humor de ese bey, van a tener que sufrir opresiones mayores todav\u00eda. En fin, ahora pueden decir que empiezan a ser m\u00e1s realmente cristianos, puesto que empiezan a sufrir como siervos de Jesucristo, tal como dec\u00eda el m\u00e1rtir san Ignacio cuando le llevaban al martirio. Y nosotros, hermanos m\u00edos, seremos disc\u00edpulos de Jesucristo cuando nos conceda la gracia de padecer alguna persecuci\u00f3n o alg\u00fan da\u00f1o por su nombre. \u00abLos mundanos se alegrar\u00e1n\u00bb, dice el evangelio de hoy; si, las gentes buscar\u00e1n sus placeres y evitar\u00e1n todo lo que contradiga a la naturaleza. \u00a1Quiera Dios que yo, miserable, no haga lo mismo y que sea del n\u00famero de los que buscan su dulzura y su consuelo en el servicio de Jesucristo, amando las tribulaciones y la cruz! De lo contrario, no seria verdaderamente cristiano; para que pueda serlo, Dios me reserva la ocasi\u00f3n de sufrir, y me la enviar\u00e1 cuando \u00e9l quiera. Esa es la disposici\u00f3n que hemos de tener todos, si queremos ser verdaderos servidores de Jesucristo.<\/p>\n","protected":false},"excerpt":{"rendered":"<p>PERSECUCION SUSCITADA CONTRA JUAN LE VACHER POR EL BEY DE TUNEZ Diferencias surgidas entre Juan Le Vacher y el bey de T\u00fanez por un asunto de velas para los barcos. Juan Le Vacher se asemeja &#8230; <a href=\"https:\/\/vincentians.com\/es\/vicente-de-paul-conferencia-074-extracto-de-la-conferencia-del-7-de-mayo-de-1656\/\" class=\"more-link\">Read More<\/a><\/p>\n","protected":false},"author":4,"featured_media":393753,"comment_status":"open","ping_status":"open","sticky":false,"template":"","format":"standard","meta":{"jetpack_post_was_ever_published":false,"_jetpack_newsletter_access":"","_jetpack_dont_email_post_to_subs":false,"_jetpack_newsletter_tier_id":0,"_jetpack_memberships_contains_paywalled_content":false,"_jetpack_memberships_contains_paid_content":false,"footnotes":"","jetpack_publicize_message":"","jetpack_publicize_feature_enabled":true,"jetpack_social_post_already_shared":true,"jetpack_social_options":{"image_generator_settings":{"template":"highway","default_image_id":0,"font":"","enabled":false},"version":2}},"categories":[65],"tags":[116],"class_list":["post-12244","post","type-post","status-publish","format-standard","has-post-thumbnail","hentry","category-escritos-de-vicente-de-paul","tag-tunez"],"yoast_head":"<!-- This site is optimized with the Yoast SEO plugin v26.3 - https:\/\/yoast.com\/wordpress\/plugins\/seo\/ -->\n<title>Vicente de Pa\u00fal, Conferencia 074: Extracto De La Conferencia Del [7 De Mayo De 1656] - Somos Vicencianos<\/title>\n<meta name=\"robots\" content=\"index, follow, max-snippet:-1, max-image-preview:large, max-video-preview:-1\" \/>\n<link rel=\"canonical\" href=\"https:\/\/vincentians.com\/es\/vicente-de-paul-conferencia-074-extracto-de-la-conferencia-del-7-de-mayo-de-1656\/\" \/>\n<meta property=\"og:locale\" content=\"es_ES\" \/>\n<meta property=\"og:type\" content=\"article\" \/>\n<meta property=\"og:title\" content=\"Vicente de Pa\u00fal, Conferencia 074: Extracto De La Conferencia Del [7 De Mayo De 1656] - Somos Vicencianos\" \/>\n<meta property=\"og:description\" content=\"PERSECUCION SUSCITADA CONTRA JUAN LE VACHER POR EL BEY DE TUNEZ Diferencias surgidas entre Juan Le Vacher y el bey de T\u00fanez por un asunto de velas para los barcos. Juan Le Vacher se asemeja ... Read More\" \/>\n<meta property=\"og:url\" content=\"https:\/\/vincentians.com\/es\/vicente-de-paul-conferencia-074-extracto-de-la-conferencia-del-7-de-mayo-de-1656\/\" \/>\n<meta property=\"og:site_name\" content=\"Somos Vicencianos\" \/>\n<meta property=\"article:publisher\" content=\"https:\/\/www.facebook.com\/WeAreVincentians\/\" \/>\n<meta property=\"article:author\" content=\"https:\/\/www.facebook.com\/JavierChento\" \/>\n<meta property=\"article:published_time\" content=\"2009-08-12T18:54:42+00:00\" \/>\n<meta property=\"article:modified_time\" content=\"2016-07-26T09:01:24+00:00\" \/>\n<meta property=\"og:image\" content=\"https:\/\/i0.wp.com\/vincentians.com\/es\/wp-content\/uploads\/sites\/11\/2016\/07\/escritos-vicente-de-paul.jpg?fit=1200%2C630&ssl=1\" \/>\n\t<meta property=\"og:image:width\" content=\"1200\" \/>\n\t<meta property=\"og:image:height\" content=\"630\" \/>\n\t<meta property=\"og:image:type\" content=\"image\/jpeg\" \/>\n<meta name=\"author\" content=\"Francisco Javier Fern\u00e1ndez Chento\" \/>\n<meta name=\"twitter:card\" content=\"summary_large_image\" \/>\n<meta name=\"twitter:creator\" content=\"@https:\/\/twitter.com\/javierchento\" \/>\n<meta name=\"twitter:site\" content=\"@WeVincentians\" \/>\n<meta name=\"twitter:label1\" content=\"Escrito por\" \/>\n\t<meta name=\"twitter:data1\" content=\"Francisco Javier Fern\u00e1ndez Chento\" \/>\n\t<meta name=\"twitter:label2\" content=\"Tiempo de lectura\" \/>\n\t<meta name=\"twitter:data2\" content=\"3 minutos\" \/>\n<script type=\"application\/ld+json\" class=\"yoast-schema-graph\">{\"@context\":\"https:\/\/schema.org\",\"@graph\":[{\"@type\":\"Article\",\"@id\":\"https:\/\/vincentians.com\/es\/vicente-de-paul-conferencia-074-extracto-de-la-conferencia-del-7-de-mayo-de-1656\/#article\",\"isPartOf\":{\"@id\":\"https:\/\/vincentians.com\/es\/vicente-de-paul-conferencia-074-extracto-de-la-conferencia-del-7-de-mayo-de-1656\/\"},\"author\":{\"name\":\"Francisco Javier Fern\u00e1ndez Chento\",\"@id\":\"https:\/\/vincentians.com\/es\/#\/schema\/person\/9623ef4d9aa3b2dfb8c061f1499288f2\"},\"headline\":\"Vicente de Pa\u00fal, Conferencia 074: Extracto De La Conferencia Del [7 De Mayo De 1656]\",\"datePublished\":\"2009-08-12T18:54:42+00:00\",\"dateModified\":\"2016-07-26T09:01:24+00:00\",\"mainEntityOfPage\":{\"@id\":\"https:\/\/vincentians.com\/es\/vicente-de-paul-conferencia-074-extracto-de-la-conferencia-del-7-de-mayo-de-1656\/\"},\"wordCount\":678,\"commentCount\":0,\"publisher\":{\"@id\":\"https:\/\/vincentians.com\/es\/#organization\"},\"image\":{\"@id\":\"https:\/\/vincentians.com\/es\/vicente-de-paul-conferencia-074-extracto-de-la-conferencia-del-7-de-mayo-de-1656\/#primaryimage\"},\"thumbnailUrl\":\"https:\/\/i0.wp.com\/vincentians.com\/es\/wp-content\/uploads\/sites\/11\/2016\/07\/escritos-vicente-de-paul.jpg?fit=1200%2C630&ssl=1\",\"keywords\":[\"T\u00fanez\"],\"articleSection\":[\"Escritos de Vicente de Pa\u00fal\"],\"inLanguage\":\"es\",\"potentialAction\":[{\"@type\":\"CommentAction\",\"name\":\"Comment\",\"target\":[\"https:\/\/vincentians.com\/es\/vicente-de-paul-conferencia-074-extracto-de-la-conferencia-del-7-de-mayo-de-1656\/#respond\"]}]},{\"@type\":\"WebPage\",\"@id\":\"https:\/\/vincentians.com\/es\/vicente-de-paul-conferencia-074-extracto-de-la-conferencia-del-7-de-mayo-de-1656\/\",\"url\":\"https:\/\/vincentians.com\/es\/vicente-de-paul-conferencia-074-extracto-de-la-conferencia-del-7-de-mayo-de-1656\/\",\"name\":\"Vicente de Pa\u00fal, Conferencia 074: Extracto De La Conferencia Del [7 De Mayo De 1656] - Somos Vicencianos\",\"isPartOf\":{\"@id\":\"https:\/\/vincentians.com\/es\/#website\"},\"primaryImageOfPage\":{\"@id\":\"https:\/\/vincentians.com\/es\/vicente-de-paul-conferencia-074-extracto-de-la-conferencia-del-7-de-mayo-de-1656\/#primaryimage\"},\"image\":{\"@id\":\"https:\/\/vincentians.com\/es\/vicente-de-paul-conferencia-074-extracto-de-la-conferencia-del-7-de-mayo-de-1656\/#primaryimage\"},\"thumbnailUrl\":\"https:\/\/i0.wp.com\/vincentians.com\/es\/wp-content\/uploads\/sites\/11\/2016\/07\/escritos-vicente-de-paul.jpg?fit=1200%2C630&ssl=1\",\"datePublished\":\"2009-08-12T18:54:42+00:00\",\"dateModified\":\"2016-07-26T09:01:24+00:00\",\"breadcrumb\":{\"@id\":\"https:\/\/vincentians.com\/es\/vicente-de-paul-conferencia-074-extracto-de-la-conferencia-del-7-de-mayo-de-1656\/#breadcrumb\"},\"inLanguage\":\"es\",\"potentialAction\":[{\"@type\":\"ReadAction\",\"target\":[\"https:\/\/vincentians.com\/es\/vicente-de-paul-conferencia-074-extracto-de-la-conferencia-del-7-de-mayo-de-1656\/\"]}]},{\"@type\":\"ImageObject\",\"inLanguage\":\"es\",\"@id\":\"https:\/\/vincentians.com\/es\/vicente-de-paul-conferencia-074-extracto-de-la-conferencia-del-7-de-mayo-de-1656\/#primaryimage\",\"url\":\"https:\/\/i0.wp.com\/vincentians.com\/es\/wp-content\/uploads\/sites\/11\/2016\/07\/escritos-vicente-de-paul.jpg?fit=1200%2C630&ssl=1\",\"contentUrl\":\"https:\/\/i0.wp.com\/vincentians.com\/es\/wp-content\/uploads\/sites\/11\/2016\/07\/escritos-vicente-de-paul.jpg?fit=1200%2C630&ssl=1\",\"width\":1200,\"height\":630},{\"@type\":\"BreadcrumbList\",\"@id\":\"https:\/\/vincentians.com\/es\/vicente-de-paul-conferencia-074-extracto-de-la-conferencia-del-7-de-mayo-de-1656\/#breadcrumb\",\"itemListElement\":[{\"@type\":\"ListItem\",\"position\":1,\"name\":\"Portada\",\"item\":\"https:\/\/vincentians.com\/es\/\"},{\"@type\":\"ListItem\",\"position\":2,\"name\":\"Vicente de Pa\u00fal, Conferencia 074: Extracto De La Conferencia Del [7 De Mayo De 1656]\"}]},{\"@type\":\"WebSite\",\"@id\":\"https:\/\/vincentians.com\/es\/#website\",\"url\":\"https:\/\/vincentians.com\/es\/\",\"name\":\"Somos Vicencianos\",\"description\":\"Know more to serve more\",\"publisher\":{\"@id\":\"https:\/\/vincentians.com\/es\/#organization\"},\"potentialAction\":[{\"@type\":\"SearchAction\",\"target\":{\"@type\":\"EntryPoint\",\"urlTemplate\":\"https:\/\/vincentians.com\/es\/?s={search_term_string}\"},\"query-input\":{\"@type\":\"PropertyValueSpecification\",\"valueRequired\":true,\"valueName\":\"search_term_string\"}}],\"inLanguage\":\"es\"},{\"@type\":\"Organization\",\"@id\":\"https:\/\/vincentians.com\/es\/#organization\",\"name\":\"The Vincentian Network\",\"url\":\"https:\/\/vincentians.com\/es\/\",\"logo\":{\"@type\":\"ImageObject\",\"inLanguage\":\"es\",\"@id\":\"https:\/\/vincentians.com\/es\/#\/schema\/logo\/image\/\",\"url\":\"https:\/\/i1.wp.com\/vincentians.com\/es\/wp-content\/uploads\/sites\/11\/2016\/06\/Vincentian-Network-logo-big.png?fit=778%2C778\",\"contentUrl\":\"https:\/\/i1.wp.com\/vincentians.com\/es\/wp-content\/uploads\/sites\/11\/2016\/06\/Vincentian-Network-logo-big.png?fit=778%2C778\",\"width\":778,\"height\":778,\"caption\":\"The Vincentian Network\"},\"image\":{\"@id\":\"https:\/\/vincentians.com\/es\/#\/schema\/logo\/image\/\"},\"sameAs\":[\"https:\/\/www.facebook.com\/WeAreVincentians\/\",\"https:\/\/x.com\/WeVincentians\"]},{\"@type\":\"Person\",\"@id\":\"https:\/\/vincentians.com\/es\/#\/schema\/person\/9623ef4d9aa3b2dfb8c061f1499288f2\",\"name\":\"Francisco Javier Fern\u00e1ndez Chento\",\"image\":{\"@type\":\"ImageObject\",\"inLanguage\":\"es\",\"@id\":\"https:\/\/vincentians.com\/es\/#\/schema\/person\/image\/\",\"url\":\"https:\/\/secure.gravatar.com\/avatar\/497d5cde87b4c3d097d0315953521681ba2cd523ee66e5077c3711f7021e65de?s=96&d=mm&r=g\",\"contentUrl\":\"https:\/\/secure.gravatar.com\/avatar\/497d5cde87b4c3d097d0315953521681ba2cd523ee66e5077c3711f7021e65de?s=96&d=mm&r=g\",\"caption\":\"Francisco Javier Fern\u00e1ndez Chento\"},\"description\":\"Director General y cofundador de La Red de Formaci\u00f3n Vicenciana. Javier es laico vicenciano, afiliado a la Congregaci\u00f3n de la Misi\u00f3n y miembro del Equipo de Misiones Populares de la provincia can\u00f3nica de Zaragoza (Espa\u00f1a) de la Congregaci\u00f3n de la Misi\u00f3n. Graduado en la Universidad Oberta de Catalunya con cuatro grados (Asistente de direcci\u00f3n, Gesti\u00f3n Administrativa, Recursos Humanos y Contabilidad Avanzada). Bil\u00edng\u00fce Espa\u00f1ol\/Ingl\u00e9s. gestiona y mantiene varias p\u00e1ginas web cristianas y vicencianas, incluida including La Red de Formaci\u00f3n Vicenciana, de la que es cofundador. Actualmente es responsable del \u00e1rea de Espa\u00f1ol de .famvin, la Red de Noticias de la Familia Vicenciana. Tambi\u00e9n es m\u00fasico cat\u00f3lico y ha editado varios discos. Es Director General y cofundador de Trovador, una reconocida compa\u00f1\u00eda discogr\u00e1fica critiana de Espa\u00f1a. Trabaja en las Tecnolog\u00edas de la Informaci\u00f3n, ofreciendo servicios de alojamiento, dise\u00f1o y mantenimiento Web, as\u00ed como asesoramiento, formaci\u00f3n y soluciones inform\u00e1ticas, gesti\u00f3n documental y digitalizaci\u00f3n de textos, edici\u00f3n y maquetaci\u00f3n de libros, revistas, flyers, etc.\",\"sameAs\":[\"http:\/\/chento.org\",\"https:\/\/www.facebook.com\/JavierChento\",\"https:\/\/x.com\/https:\/\/twitter.com\/javierchento\"],\"url\":\"https:\/\/vincentians.com\/es\/author\/chento\/\"}]}<\/script>\n<!-- \/ Yoast SEO plugin. -->","yoast_head_json":{"title":"Vicente de Pa\u00fal, Conferencia 074: Extracto De La Conferencia Del [7 De Mayo De 1656] - Somos Vicencianos","robots":{"index":"index","follow":"follow","max-snippet":"max-snippet:-1","max-image-preview":"max-image-preview:large","max-video-preview":"max-video-preview:-1"},"canonical":"https:\/\/vincentians.com\/es\/vicente-de-paul-conferencia-074-extracto-de-la-conferencia-del-7-de-mayo-de-1656\/","og_locale":"es_ES","og_type":"article","og_title":"Vicente de Pa\u00fal, Conferencia 074: Extracto De La Conferencia Del [7 De Mayo De 1656] - Somos Vicencianos","og_description":"PERSECUCION SUSCITADA CONTRA JUAN LE VACHER POR EL BEY DE TUNEZ Diferencias surgidas entre Juan Le Vacher y el bey de T\u00fanez por un asunto de velas para los barcos. Juan Le Vacher se asemeja ... Read More","og_url":"https:\/\/vincentians.com\/es\/vicente-de-paul-conferencia-074-extracto-de-la-conferencia-del-7-de-mayo-de-1656\/","og_site_name":"Somos Vicencianos","article_publisher":"https:\/\/www.facebook.com\/WeAreVincentians\/","article_author":"https:\/\/www.facebook.com\/JavierChento","article_published_time":"2009-08-12T18:54:42+00:00","article_modified_time":"2016-07-26T09:01:24+00:00","og_image":[{"width":1200,"height":630,"url":"https:\/\/i0.wp.com\/vincentians.com\/es\/wp-content\/uploads\/sites\/11\/2016\/07\/escritos-vicente-de-paul.jpg?fit=1200%2C630&ssl=1","type":"image\/jpeg"}],"author":"Francisco Javier Fern\u00e1ndez Chento","twitter_card":"summary_large_image","twitter_creator":"@https:\/\/twitter.com\/javierchento","twitter_site":"@WeVincentians","twitter_misc":{"Escrito por":"Francisco Javier Fern\u00e1ndez Chento","Tiempo de lectura":"3 minutos"},"schema":{"@context":"https:\/\/schema.org","@graph":[{"@type":"Article","@id":"https:\/\/vincentians.com\/es\/vicente-de-paul-conferencia-074-extracto-de-la-conferencia-del-7-de-mayo-de-1656\/#article","isPartOf":{"@id":"https:\/\/vincentians.com\/es\/vicente-de-paul-conferencia-074-extracto-de-la-conferencia-del-7-de-mayo-de-1656\/"},"author":{"name":"Francisco Javier Fern\u00e1ndez Chento","@id":"https:\/\/vincentians.com\/es\/#\/schema\/person\/9623ef4d9aa3b2dfb8c061f1499288f2"},"headline":"Vicente de Pa\u00fal, Conferencia 074: Extracto De La Conferencia Del [7 De Mayo De 1656]","datePublished":"2009-08-12T18:54:42+00:00","dateModified":"2016-07-26T09:01:24+00:00","mainEntityOfPage":{"@id":"https:\/\/vincentians.com\/es\/vicente-de-paul-conferencia-074-extracto-de-la-conferencia-del-7-de-mayo-de-1656\/"},"wordCount":678,"commentCount":0,"publisher":{"@id":"https:\/\/vincentians.com\/es\/#organization"},"image":{"@id":"https:\/\/vincentians.com\/es\/vicente-de-paul-conferencia-074-extracto-de-la-conferencia-del-7-de-mayo-de-1656\/#primaryimage"},"thumbnailUrl":"https:\/\/i0.wp.com\/vincentians.com\/es\/wp-content\/uploads\/sites\/11\/2016\/07\/escritos-vicente-de-paul.jpg?fit=1200%2C630&ssl=1","keywords":["T\u00fanez"],"articleSection":["Escritos de Vicente de Pa\u00fal"],"inLanguage":"es","potentialAction":[{"@type":"CommentAction","name":"Comment","target":["https:\/\/vincentians.com\/es\/vicente-de-paul-conferencia-074-extracto-de-la-conferencia-del-7-de-mayo-de-1656\/#respond"]}]},{"@type":"WebPage","@id":"https:\/\/vincentians.com\/es\/vicente-de-paul-conferencia-074-extracto-de-la-conferencia-del-7-de-mayo-de-1656\/","url":"https:\/\/vincentians.com\/es\/vicente-de-paul-conferencia-074-extracto-de-la-conferencia-del-7-de-mayo-de-1656\/","name":"Vicente de Pa\u00fal, Conferencia 074: Extracto De La Conferencia Del [7 De Mayo De 1656] - Somos Vicencianos","isPartOf":{"@id":"https:\/\/vincentians.com\/es\/#website"},"primaryImageOfPage":{"@id":"https:\/\/vincentians.com\/es\/vicente-de-paul-conferencia-074-extracto-de-la-conferencia-del-7-de-mayo-de-1656\/#primaryimage"},"image":{"@id":"https:\/\/vincentians.com\/es\/vicente-de-paul-conferencia-074-extracto-de-la-conferencia-del-7-de-mayo-de-1656\/#primaryimage"},"thumbnailUrl":"https:\/\/i0.wp.com\/vincentians.com\/es\/wp-content\/uploads\/sites\/11\/2016\/07\/escritos-vicente-de-paul.jpg?fit=1200%2C630&ssl=1","datePublished":"2009-08-12T18:54:42+00:00","dateModified":"2016-07-26T09:01:24+00:00","breadcrumb":{"@id":"https:\/\/vincentians.com\/es\/vicente-de-paul-conferencia-074-extracto-de-la-conferencia-del-7-de-mayo-de-1656\/#breadcrumb"},"inLanguage":"es","potentialAction":[{"@type":"ReadAction","target":["https:\/\/vincentians.com\/es\/vicente-de-paul-conferencia-074-extracto-de-la-conferencia-del-7-de-mayo-de-1656\/"]}]},{"@type":"ImageObject","inLanguage":"es","@id":"https:\/\/vincentians.com\/es\/vicente-de-paul-conferencia-074-extracto-de-la-conferencia-del-7-de-mayo-de-1656\/#primaryimage","url":"https:\/\/i0.wp.com\/vincentians.com\/es\/wp-content\/uploads\/sites\/11\/2016\/07\/escritos-vicente-de-paul.jpg?fit=1200%2C630&ssl=1","contentUrl":"https:\/\/i0.wp.com\/vincentians.com\/es\/wp-content\/uploads\/sites\/11\/2016\/07\/escritos-vicente-de-paul.jpg?fit=1200%2C630&ssl=1","width":1200,"height":630},{"@type":"BreadcrumbList","@id":"https:\/\/vincentians.com\/es\/vicente-de-paul-conferencia-074-extracto-de-la-conferencia-del-7-de-mayo-de-1656\/#breadcrumb","itemListElement":[{"@type":"ListItem","position":1,"name":"Portada","item":"https:\/\/vincentians.com\/es\/"},{"@type":"ListItem","position":2,"name":"Vicente de Pa\u00fal, Conferencia 074: Extracto De La Conferencia Del [7 De Mayo De 1656]"}]},{"@type":"WebSite","@id":"https:\/\/vincentians.com\/es\/#website","url":"https:\/\/vincentians.com\/es\/","name":"Somos Vicencianos","description":"Know more to serve more","publisher":{"@id":"https:\/\/vincentians.com\/es\/#organization"},"potentialAction":[{"@type":"SearchAction","target":{"@type":"EntryPoint","urlTemplate":"https:\/\/vincentians.com\/es\/?s={search_term_string}"},"query-input":{"@type":"PropertyValueSpecification","valueRequired":true,"valueName":"search_term_string"}}],"inLanguage":"es"},{"@type":"Organization","@id":"https:\/\/vincentians.com\/es\/#organization","name":"The Vincentian Network","url":"https:\/\/vincentians.com\/es\/","logo":{"@type":"ImageObject","inLanguage":"es","@id":"https:\/\/vincentians.com\/es\/#\/schema\/logo\/image\/","url":"https:\/\/i1.wp.com\/vincentians.com\/es\/wp-content\/uploads\/sites\/11\/2016\/06\/Vincentian-Network-logo-big.png?fit=778%2C778","contentUrl":"https:\/\/i1.wp.com\/vincentians.com\/es\/wp-content\/uploads\/sites\/11\/2016\/06\/Vincentian-Network-logo-big.png?fit=778%2C778","width":778,"height":778,"caption":"The Vincentian Network"},"image":{"@id":"https:\/\/vincentians.com\/es\/#\/schema\/logo\/image\/"},"sameAs":["https:\/\/www.facebook.com\/WeAreVincentians\/","https:\/\/x.com\/WeVincentians"]},{"@type":"Person","@id":"https:\/\/vincentians.com\/es\/#\/schema\/person\/9623ef4d9aa3b2dfb8c061f1499288f2","name":"Francisco Javier Fern\u00e1ndez Chento","image":{"@type":"ImageObject","inLanguage":"es","@id":"https:\/\/vincentians.com\/es\/#\/schema\/person\/image\/","url":"https:\/\/secure.gravatar.com\/avatar\/497d5cde87b4c3d097d0315953521681ba2cd523ee66e5077c3711f7021e65de?s=96&d=mm&r=g","contentUrl":"https:\/\/secure.gravatar.com\/avatar\/497d5cde87b4c3d097d0315953521681ba2cd523ee66e5077c3711f7021e65de?s=96&d=mm&r=g","caption":"Francisco Javier Fern\u00e1ndez Chento"},"description":"Director General y cofundador de La Red de Formaci\u00f3n Vicenciana. Javier es laico vicenciano, afiliado a la Congregaci\u00f3n de la Misi\u00f3n y miembro del Equipo de Misiones Populares de la provincia can\u00f3nica de Zaragoza (Espa\u00f1a) de la Congregaci\u00f3n de la Misi\u00f3n. Graduado en la Universidad Oberta de Catalunya con cuatro grados (Asistente de direcci\u00f3n, Gesti\u00f3n Administrativa, Recursos Humanos y Contabilidad Avanzada). Bil\u00edng\u00fce Espa\u00f1ol\/Ingl\u00e9s. gestiona y mantiene varias p\u00e1ginas web cristianas y vicencianas, incluida including La Red de Formaci\u00f3n Vicenciana, de la que es cofundador. Actualmente es responsable del \u00e1rea de Espa\u00f1ol de .famvin, la Red de Noticias de la Familia Vicenciana. Tambi\u00e9n es m\u00fasico cat\u00f3lico y ha editado varios discos. Es Director General y cofundador de Trovador, una reconocida compa\u00f1\u00eda discogr\u00e1fica critiana de Espa\u00f1a. Trabaja en las Tecnolog\u00edas de la Informaci\u00f3n, ofreciendo servicios de alojamiento, dise\u00f1o y mantenimiento Web, as\u00ed como asesoramiento, formaci\u00f3n y soluciones inform\u00e1ticas, gesti\u00f3n documental y digitalizaci\u00f3n de textos, edici\u00f3n y maquetaci\u00f3n de libros, revistas, flyers, etc.","sameAs":["http:\/\/chento.org","https:\/\/www.facebook.com\/JavierChento","https:\/\/x.com\/https:\/\/twitter.com\/javierchento"],"url":"https:\/\/vincentians.com\/es\/author\/chento\/"}]}},"jetpack_publicize_connections":[],"jetpack_featured_media_url":"https:\/\/i0.wp.com\/vincentians.com\/es\/wp-content\/uploads\/sites\/11\/2016\/07\/escritos-vicente-de-paul.jpg?fit=1200%2C630&ssl=1","jetpack_sharing_enabled":true,"jetpack_shortlink":"https:\/\/wp.me\/p7ETMF-3bu","jetpack-related-posts":[{"id":12238,"url":"https:\/\/vincentians.com\/es\/vicente-de-paul-conferencia-068-extracto-de-una-conferencia\/","url_meta":{"origin":12244,"position":0},"title":"Vicente de Pa\u00fal, Conferencia 068: Extracto De Una Conferencia","author":"Francisco Javier Fern\u00e1ndez Chento","date":"06\/08\/2009","format":false,"excerpt":"ELOGIO DEL CELO DE JUAN LE VACHER El bey expulsa y vuelve a llamar a Juan Le Vacher. Celo desplegado por el jubileo. Encomiendo a las oraciones de la compa\u00f1\u00eda a nuestros misioneros de Berber\u00eda, de quienes he recibido noticias: unas nos dan motivos de consuelo y otras de aflicci\u00f3n:\u2026","rel":"","context":"En \u00abEscritos de Vicente de Pa\u00fal\u00bb","block_context":{"text":"Escritos de Vicente de Pa\u00fal","link":"https:\/\/vincentians.com\/es\/category\/escritos\/escritos-de-vicente-de-paul\/"},"img":{"alt_text":"","src":"https:\/\/i0.wp.com\/vincentians.com\/es\/wp-content\/uploads\/sites\/11\/2016\/07\/escritos-vicente-de-paul.jpg?fit=1200%2C630&ssl=1&resize=350%2C200","width":350,"height":200,"srcset":"https:\/\/i0.wp.com\/vincentians.com\/es\/wp-content\/uploads\/sites\/11\/2016\/07\/escritos-vicente-de-paul.jpg?fit=1200%2C630&ssl=1&resize=350%2C200 1x, https:\/\/i0.wp.com\/vincentians.com\/es\/wp-content\/uploads\/sites\/11\/2016\/07\/escritos-vicente-de-paul.jpg?fit=1200%2C630&ssl=1&resize=525%2C300 1.5x, https:\/\/i0.wp.com\/vincentians.com\/es\/wp-content\/uploads\/sites\/11\/2016\/07\/escritos-vicente-de-paul.jpg?fit=1200%2C630&ssl=1&resize=700%2C400 2x, https:\/\/i0.wp.com\/vincentians.com\/es\/wp-content\/uploads\/sites\/11\/2016\/07\/escritos-vicente-de-paul.jpg?fit=1200%2C630&ssl=1&resize=1050%2C600 3x"},"classes":[]},{"id":122035,"url":"https:\/\/vincentians.com\/es\/vicente-de-paul-carta-1138-a-antonio-portail\/","url_meta":{"origin":12244,"position":1},"title":"Vicente de Pa\u00fal, Carta 1138: A Antonio Portail","author":"Francisco Javier Fern\u00e1ndez Chento","date":"05\/05\/2013","format":false,"excerpt":"Villepreux, 22 enero 1649. Padre: La gracia de Nuestro Se\u00f1or sea siempre con nosotros. No s\u00e9 si me escribi\u00f3 usted en el \u00faltimo correo que lleg\u00f3 la semana pasada; lo cierto es que no he recibido carta suya, aunque s\u00ed del padre Chr\u00e9tien y de T\u00fanez. No le escrib\u00ed la\u2026","rel":"","context":"En \u00abEscritos de Vicente de Pa\u00fal\u00bb","block_context":{"text":"Escritos de Vicente de Pa\u00fal","link":"https:\/\/vincentians.com\/es\/category\/escritos\/escritos-de-vicente-de-paul\/"},"img":{"alt_text":"","src":"https:\/\/i0.wp.com\/vincentians.com\/es\/wp-content\/uploads\/sites\/11\/2016\/07\/escritos-vicente-de-paul.jpg?fit=1200%2C630&ssl=1&resize=350%2C200","width":350,"height":200,"srcset":"https:\/\/i0.wp.com\/vincentians.com\/es\/wp-content\/uploads\/sites\/11\/2016\/07\/escritos-vicente-de-paul.jpg?fit=1200%2C630&ssl=1&resize=350%2C200 1x, https:\/\/i0.wp.com\/vincentians.com\/es\/wp-content\/uploads\/sites\/11\/2016\/07\/escritos-vicente-de-paul.jpg?fit=1200%2C630&ssl=1&resize=525%2C300 1.5x, https:\/\/i0.wp.com\/vincentians.com\/es\/wp-content\/uploads\/sites\/11\/2016\/07\/escritos-vicente-de-paul.jpg?fit=1200%2C630&ssl=1&resize=700%2C400 2x, https:\/\/i0.wp.com\/vincentians.com\/es\/wp-content\/uploads\/sites\/11\/2016\/07\/escritos-vicente-de-paul.jpg?fit=1200%2C630&ssl=1&resize=1050%2C600 3x"},"classes":[]},{"id":12234,"url":"https:\/\/vincentians.com\/es\/vicente-de-paul-conferencia-063-repeticion-de-la-oracion-del-12-de-septiembre-de-1655\/","url_meta":{"origin":12244,"position":2},"title":"Vicente de Pa\u00fal, Conferencia 063: Repetici\u00f3n De La Oraci\u00f3n Del 12 De Septiembre De 1655","author":"Francisco Javier Fern\u00e1ndez Chento","date":"02\/08\/2009","format":false,"excerpt":"NOTICIAS DE LAS MISIONES DE POLONIA Y DE BERBERIA El padre Vicente pide oraciones por Polonia. Alaba a los misioneros que trabajan en Berber\u00eda. Hablando sobre las desgracias y las guerras de Polonia, el padre Vicente dijo que el cuerpo de la compa\u00f1\u00eda padec\u00eda en alguno de sus miembros, aludiendo\u2026","rel":"","context":"En \u00abEscritos de Vicente de Pa\u00fal\u00bb","block_context":{"text":"Escritos de Vicente de Pa\u00fal","link":"https:\/\/vincentians.com\/es\/category\/escritos\/escritos-de-vicente-de-paul\/"},"img":{"alt_text":"","src":"https:\/\/i0.wp.com\/vincentians.com\/es\/wp-content\/uploads\/sites\/11\/2016\/07\/escritos-vicente-de-paul.jpg?fit=1200%2C630&ssl=1&resize=350%2C200","width":350,"height":200,"srcset":"https:\/\/i0.wp.com\/vincentians.com\/es\/wp-content\/uploads\/sites\/11\/2016\/07\/escritos-vicente-de-paul.jpg?fit=1200%2C630&ssl=1&resize=350%2C200 1x, https:\/\/i0.wp.com\/vincentians.com\/es\/wp-content\/uploads\/sites\/11\/2016\/07\/escritos-vicente-de-paul.jpg?fit=1200%2C630&ssl=1&resize=525%2C300 1.5x, https:\/\/i0.wp.com\/vincentians.com\/es\/wp-content\/uploads\/sites\/11\/2016\/07\/escritos-vicente-de-paul.jpg?fit=1200%2C630&ssl=1&resize=700%2C400 2x, https:\/\/i0.wp.com\/vincentians.com\/es\/wp-content\/uploads\/sites\/11\/2016\/07\/escritos-vicente-de-paul.jpg?fit=1200%2C630&ssl=1&resize=1050%2C600 3x"},"classes":[]},{"id":46864,"url":"https:\/\/vincentians.com\/es\/jean-le-vacher-1619-1683-primera-parte\/","url_meta":{"origin":12244,"position":3},"title":"Jean Le Vacher (1619-1683) (Primera parte)","author":"Mitxel Olabu\u00e9naga","date":"08\/08\/2011","format":false,"excerpt":"I.\u2014 Nacimiento Como un mes despu\u00e9s del nombramiento de san Vicente de Pa\u00fal para el cargo de\u00a0 capell\u00e1n real de todas las galeras de Francia (8 de febrero de 1619), ven\u00eda al mundo un ni\u00f1o a quien la Providencia le reservaba para la realizaci\u00f3n\u00a0 de sus intenciones caritativas para con\u2026","rel":"","context":"En \u00abBiograf\u00edas de Misioneros Pa\u00fales\u00bb","block_context":{"text":"Biograf\u00edas de Misioneros Pa\u00fales","link":"https:\/\/vincentians.com\/es\/category\/la-familia-vicenciana\/biografias-vicencianas\/biografias-de-misioneros-paules\/"},"img":{"alt_text":"","src":"https:\/\/i0.wp.com\/vincentians.com\/es\/wp-content\/uploads\/sites\/11\/2016\/07\/bio-cm.jpg?fit=1200%2C630&ssl=1&resize=350%2C200","width":350,"height":200,"srcset":"https:\/\/i0.wp.com\/vincentians.com\/es\/wp-content\/uploads\/sites\/11\/2016\/07\/bio-cm.jpg?fit=1200%2C630&ssl=1&resize=350%2C200 1x, https:\/\/i0.wp.com\/vincentians.com\/es\/wp-content\/uploads\/sites\/11\/2016\/07\/bio-cm.jpg?fit=1200%2C630&ssl=1&resize=525%2C300 1.5x, https:\/\/i0.wp.com\/vincentians.com\/es\/wp-content\/uploads\/sites\/11\/2016\/07\/bio-cm.jpg?fit=1200%2C630&ssl=1&resize=700%2C400 2x, https:\/\/i0.wp.com\/vincentians.com\/es\/wp-content\/uploads\/sites\/11\/2016\/07\/bio-cm.jpg?fit=1200%2C630&ssl=1&resize=1050%2C600 3x"},"classes":[]},{"id":119345,"url":"https:\/\/vincentians.com\/es\/vicente-de-paul-carta-1111-juan-le-vacher-sacerdote-de-la-mision-a-san-vicente\/","url_meta":{"origin":12244,"position":4},"title":"Vicente de Pa\u00fal, Carta 1111: Juan Le Vacher, Sacerdote De La Misi\u00f3n, A San Vicente","author":"Francisco Javier Fern\u00e1ndez Chento","date":"07\/04\/2013","format":false,"excerpt":"[T\u00fanez, 1648] Gracias a un poco de dinero que les he entregado a los amos o a los guardianes de estos pobres esclavos, los he podido reunir en varios lugares y les he instruido, consolado, confesado y confirmado en la fe, por la gracia de Dios. Y tras preparar los\u2026","rel":"","context":"En \u00abEscritos de Vicente de Pa\u00fal\u00bb","block_context":{"text":"Escritos de Vicente de Pa\u00fal","link":"https:\/\/vincentians.com\/es\/category\/escritos\/escritos-de-vicente-de-paul\/"},"img":{"alt_text":"","src":"https:\/\/i0.wp.com\/vincentians.com\/es\/wp-content\/uploads\/sites\/11\/2016\/07\/escritos-vicente-de-paul.jpg?fit=1200%2C630&ssl=1&resize=350%2C200","width":350,"height":200,"srcset":"https:\/\/i0.wp.com\/vincentians.com\/es\/wp-content\/uploads\/sites\/11\/2016\/07\/escritos-vicente-de-paul.jpg?fit=1200%2C630&ssl=1&resize=350%2C200 1x, https:\/\/i0.wp.com\/vincentians.com\/es\/wp-content\/uploads\/sites\/11\/2016\/07\/escritos-vicente-de-paul.jpg?fit=1200%2C630&ssl=1&resize=525%2C300 1.5x, https:\/\/i0.wp.com\/vincentians.com\/es\/wp-content\/uploads\/sites\/11\/2016\/07\/escritos-vicente-de-paul.jpg?fit=1200%2C630&ssl=1&resize=700%2C400 2x, https:\/\/i0.wp.com\/vincentians.com\/es\/wp-content\/uploads\/sites\/11\/2016\/07\/escritos-vicente-de-paul.jpg?fit=1200%2C630&ssl=1&resize=1050%2C600 3x"},"classes":[]},{"id":118544,"url":"https:\/\/vincentians.com\/es\/vicente-de-paul-carta-1097-juan-le-vacher-sacerdote-de-la-mision-a-san-vicente\/","url_meta":{"origin":12244,"position":5},"title":"Vicente de Pa\u00fal, Carta 1097: Juan Le Vacher, Sacerdote De La Misi\u00f3n, A San Vicente","author":"Francisco Javier Fern\u00e1ndez Chento","date":"20\/03\/2013","format":false,"excerpt":"T\u00fanez, 1648. Entre los esclavos capturados por los corsarios y tra\u00eddos a T\u00fanez hab\u00eda dos muchachos, de unos quince a\u00f1os, uno franc\u00e9s y otro ingl\u00e9s; como las casas de sus amos estaban muy cerca, ten\u00edan oportunidad de verse con frecuencia; se amaban como hermanos. El ingl\u00e9s, convertido del luteranismo por\u2026","rel":"","context":"En \u00abEscritos de Vicente de Pa\u00fal\u00bb","block_context":{"text":"Escritos de Vicente de Pa\u00fal","link":"https:\/\/vincentians.com\/es\/category\/escritos\/escritos-de-vicente-de-paul\/"},"img":{"alt_text":"","src":"https:\/\/i0.wp.com\/vincentians.com\/es\/wp-content\/uploads\/sites\/11\/2016\/07\/escritos-vicente-de-paul.jpg?fit=1200%2C630&ssl=1&resize=350%2C200","width":350,"height":200,"srcset":"https:\/\/i0.wp.com\/vincentians.com\/es\/wp-content\/uploads\/sites\/11\/2016\/07\/escritos-vicente-de-paul.jpg?fit=1200%2C630&ssl=1&resize=350%2C200 1x, https:\/\/i0.wp.com\/vincentians.com\/es\/wp-content\/uploads\/sites\/11\/2016\/07\/escritos-vicente-de-paul.jpg?fit=1200%2C630&ssl=1&resize=525%2C300 1.5x, https:\/\/i0.wp.com\/vincentians.com\/es\/wp-content\/uploads\/sites\/11\/2016\/07\/escritos-vicente-de-paul.jpg?fit=1200%2C630&ssl=1&resize=700%2C400 2x, https:\/\/i0.wp.com\/vincentians.com\/es\/wp-content\/uploads\/sites\/11\/2016\/07\/escritos-vicente-de-paul.jpg?fit=1200%2C630&ssl=1&resize=1050%2C600 3x"},"classes":[]}],"_links":{"self":[{"href":"https:\/\/vincentians.com\/es\/wp-json\/wp\/v2\/posts\/12244","targetHints":{"allow":["GET"]}}],"collection":[{"href":"https:\/\/vincentians.com\/es\/wp-json\/wp\/v2\/posts"}],"about":[{"href":"https:\/\/vincentians.com\/es\/wp-json\/wp\/v2\/types\/post"}],"author":[{"embeddable":true,"href":"https:\/\/vincentians.com\/es\/wp-json\/wp\/v2\/users\/4"}],"replies":[{"embeddable":true,"href":"https:\/\/vincentians.com\/es\/wp-json\/wp\/v2\/comments?post=12244"}],"version-history":[{"count":0,"href":"https:\/\/vincentians.com\/es\/wp-json\/wp\/v2\/posts\/12244\/revisions"}],"wp:featuredmedia":[{"embeddable":true,"href":"https:\/\/vincentians.com\/es\/wp-json\/wp\/v2\/media\/393753"}],"wp:attachment":[{"href":"https:\/\/vincentians.com\/es\/wp-json\/wp\/v2\/media?parent=12244"}],"wp:term":[{"taxonomy":"category","embeddable":true,"href":"https:\/\/vincentians.com\/es\/wp-json\/wp\/v2\/categories?post=12244"},{"taxonomy":"post_tag","embeddable":true,"href":"https:\/\/vincentians.com\/es\/wp-json\/wp\/v2\/tags?post=12244"}],"curies":[{"name":"wp","href":"https:\/\/api.w.org\/{rel}","templated":true}]}}