{"id":12237,"date":"2009-08-05T19:54:37","date_gmt":"2009-08-05T18:54:37","guid":{"rendered":"http:\/\/www.vicencianos.org\/web\/2009\/08\/05\/vicente-de-paul-conferencia-067-extracto-de-una-conferencia\/"},"modified":"2016-07-26T11:01:25","modified_gmt":"2016-07-26T09:01:25","slug":"vicente-de-paul-conferencia-067-extracto-de-una-conferencia","status":"publish","type":"post","link":"https:\/\/vincentians.com\/es\/vicente-de-paul-conferencia-067-extracto-de-una-conferencia\/","title":{"rendered":"Vicente de Pa\u00fal, Conferencia 067: Extracto De Una Conferencia"},"content":{"rendered":"<p>RELATO DEL MARTIRIO DE PEDRO BORGUNY EN ARGEL, 1654-1655<\/p>\n<p><em>Coraje y fe de este joven, que prefiri\u00f3 la muerte antes que abrazar el Islam.<\/em> No puedo menos de expresaros los sentimientos que Dios me da ante este joven del que os he hablado, y al que han matado en la ciudad de Argel. Se llamaba Pedro Borguny, natural de la isla de Mallorca, de veintiuno o veintid\u00f3s a\u00f1os solamente. El due\u00f1o, del que era esclavo, pensaba venderlo para enviarlo a las galeras de Constantinopla, de donde ya no habr\u00eda salido jam\u00e1s. Con este temor, se fue a buscar al pach\u00e1 para pedirle que tuviera piedad de \u00e9l y no permitiese que le enviaran a aquellas galeras. El pach\u00e1 prometi\u00f3 que as\u00ed lo har\u00eda, con tal que tomase el turbante. Para obligarle a cometer esta apostas\u00eda, utiliz\u00f3 todas las persecuciones que se le ocurrieron y finalmente, a\u00f1adiendo las amenazas a las promesas, lo asust\u00f3 de tal forma que le hizo renegar.<\/p>\n<p>Pero aquel pobre muchacho conservaba siempre en su coraz\u00f3n los sentimientos de estima y de amor a su religi\u00f3n y cometi\u00f3 aquella falta solamente por miedo a caer en aquella cruel esclavitud y por deseo de facilitar la recuperaci\u00f3n de su libertad. Incluso les declar\u00f3 a algunos esclavos cristianos que le reprochaban su crimen que, si era turco por fuera, en el alma segu\u00eda siendo cristiano. Y poco a poco, reflexionando en el grave pecado que hab\u00eda cometido renunciando externamente a su religi\u00f3n, se sinti\u00f3 tocado de un verdadero arrepentimiento. Y al ver que s\u00f3lo pod\u00eda expiar su cobard\u00eda con la muerte, se decidi\u00f3 a ello, antes que vivir m\u00e1s tiempo en aquel estado de infidelidad. Les manifest\u00f3 a algunos este plan y para poder ejecutarlo empez\u00f3 a hablar abiertamente en favor de la religi\u00f3n cristiana y en contra del mahometismo, y dec\u00eda de este asunto todo lo que le pod\u00eda sugerir una fe viva, en presencia incluso de algunos turcos, y sobre todo de los cristianos. Segu\u00eda temiendo sin embargo la crueldad de aquellos b\u00e1rbaros y, al pensar en el castigo tan riguroso que le har\u00edan sufrir, temblaba de terror. \u00abA pesar de todo dec\u00eda , espero que nuestro Se\u00f1or me asistir\u00e1; \u00e9l muri\u00f3 por m\u00ed; es justo que yo muera por \u00e9l\u00bb. Finalmente, impulsado por los remordimientos de su conciencia y por el deseo de reparar la injuria que le hab\u00eda hecho a Jesucristo, tom\u00f3 la generosa resoluci\u00f3n de ir a ver al pach\u00e1 y, una vez en su presencia, le dijo: \u00abT\u00fa me has seducido, oblig\u00e1ndome a renunciar a mi religi\u00f3n, que es la buena y la verdadera, y haci\u00e9ndome pasar a la tuya, que es falsa. Pues bien, te declaro que soy cristiano; y para mostrarte que abjuro de buena gana tu creencia y la religi\u00f3n de los turcos, rechazo y detesto el turbante que me has dado\u00bb. Y con estas palabras tir\u00f3 por tierra el turbante y lo pisote\u00f3, diciendo: \u00abS\u00e9 que me har\u00e1s morir, pero no me importa, porque estoy dispuesto a sufrir toda clase de tormentos por Jesucristo, mi Salvador\u00bb.<\/p>\n<p>Efectivamente, el pach\u00e1, irritado por aquel atrevimiento, lo conden\u00f3 inmediatamente a ser quemado vivo. Le desnudaron, dej\u00e1ndole solamente un calz\u00f3n, le pusieron una cadena al cuello y le cargaron con un gran poste, donde ser\u00eda atado y quemado. Al salir de esta forma de la casa del pach\u00e1 para ser llevado al lugar del suplicio, al verse rodeado de turcos, de renegados y hasta de cristianos, dijo en voz alta estas hermosas palabras: \u00ab\u00a1Viva Jesucristo y triunfe para siempre la fe cat\u00f3lica, apost\u00f3lica y romana! No hay ninguna otra en la que sea posible salvarse\u00bb. Y dicho esto, se fue a sufrir el fuego y a recibir la muerte por Jesucristo.<\/p>\n<p>Pues bien, el sentimiento mayor que me inspira esta acci\u00f3n tan hermosa, es que aquel valiente joven hab\u00eda dicho a sus compa\u00f1eros: \u00abAunque temo la muerte, siento sin embargo algo aqu\u00ed dentro \u00a1se\u00f1alando entonces su frente\u00bf que me dice que Dios me dar\u00e1 la gracia de sufrir el suplicio que me preparen. Tambi\u00e9n nuestro Se\u00f1or tuvo miedo de morir, pero acept\u00f3 voluntariamente dolores m\u00e1s intensos que los que yo tendr\u00e9 que sufrir; espero en su fuerza y en su bondad\u00bb. Le ataron al poste y encendieron fuego a su alrededor: pronto entreg\u00f3 a las manos de Dios su alma pura como el oro limpio en el crisol. El padre Le Vacher, que le hab\u00eda seguido, estuvo presente en su martirio; aunque algo alejado, le levant\u00f3 la excomuni\u00f3n en que hab\u00eda incurrido y le dio la absoluci\u00f3n con la se\u00f1al que hab\u00eda convenido antes con \u00e9l, mientras sufr\u00eda con tanta constancia.<\/p>\n<p>Eso es ser cristiano; \u00e9se es el coraje que hemos de tener para sufrir y para morir, si es preciso, por Jesucristo. Pid\u00e1mosle esta gracia y rogu\u00e9mosle a este santo joven que la pida para nosotros, a \u00e9l que fue alumno tan aventajado de tan valiente maestro, que en tres horas de tiempo se hizo verdadero disc\u00edpulo y perfecto imitador suyo, muriendo por \u00e9l.<\/p>\n<p>\u00a1Animo, padres y hermanos m\u00edos! Esperemos que nuestro Se\u00f1or nos dar\u00e1 fuerzas en las cruces que nos vengan, por grandes que sean, si ve que las amamos y que confiamos en \u00e9l. Dig\u00e1mosle a la enfermedad, cuando se presente, y a la persecuci\u00f3n cuando llegue, a las penas exteriores e interiores, a las tentaciones y a la propia muerte, cuando \u00e9l nos la env\u00ede: \u00abSed bienvenidos, favores celestiales, gracias de Dios, santos ejercicios, que ven\u00eds de una mano paternal y deseosa de mi bien; os recibo con un coraz\u00f3n lleno de respeto, de sumisi\u00f3n y de confianza para con aquel que os env\u00eda; me entrego a vosotros para darme a \u00e9l\u00bb. Aceptemos, pues, estos sentimientos, padres y hermanos m\u00edos y sobre todo confiemos mucho, lo mismo que este nuevo m\u00e1rtir en la ayuda de nuestro Se\u00f1or, a quien encomendaremos todos, si os parece, a esos buenos misioneros de Argel y de T\u00fanez.<\/p>\n","protected":false},"excerpt":{"rendered":"<p>RELATO DEL MARTIRIO DE PEDRO BORGUNY EN ARGEL, 1654-1655 Coraje y fe de este joven, que prefiri\u00f3 la muerte antes que abrazar el Islam. No puedo menos de expresaros los sentimientos que Dios me da &#8230; <a href=\"https:\/\/vincentians.com\/es\/vicente-de-paul-conferencia-067-extracto-de-una-conferencia\/\" class=\"more-link\">Read More<\/a><\/p>\n","protected":false},"author":4,"featured_media":393753,"comment_status":"open","ping_status":"open","sticky":false,"template":"","format":"standard","meta":{"jetpack_post_was_ever_published":false,"_jetpack_newsletter_access":"","_jetpack_dont_email_post_to_subs":false,"_jetpack_newsletter_tier_id":0,"_jetpack_memberships_contains_paywalled_content":false,"_jetpack_memberships_contains_paid_content":false,"footnotes":"","jetpack_publicize_message":"","jetpack_publicize_feature_enabled":true,"jetpack_social_post_already_shared":true,"jetpack_social_options":{"image_generator_settings":{"template":"highway","default_image_id":0,"font":"","enabled":false},"version":2}},"categories":[65],"tags":[168,116],"class_list":["post-12237","post","type-post","status-publish","format-standard","has-post-thumbnail","hentry","category-escritos-de-vicente-de-paul","tag-argel","tag-tunez"],"yoast_head":"<!-- This site is optimized with the Yoast SEO plugin v26.3 - https:\/\/yoast.com\/wordpress\/plugins\/seo\/ -->\n<title>Vicente de Pa\u00fal, Conferencia 067: Extracto De Una Conferencia - Somos Vicencianos<\/title>\n<meta name=\"robots\" content=\"index, follow, max-snippet:-1, max-image-preview:large, max-video-preview:-1\" \/>\n<link rel=\"canonical\" href=\"https:\/\/vincentians.com\/es\/vicente-de-paul-conferencia-067-extracto-de-una-conferencia\/\" \/>\n<meta property=\"og:locale\" content=\"es_ES\" \/>\n<meta property=\"og:type\" content=\"article\" \/>\n<meta property=\"og:title\" content=\"Vicente de Pa\u00fal, Conferencia 067: Extracto De Una Conferencia - Somos Vicencianos\" \/>\n<meta property=\"og:description\" content=\"RELATO DEL MARTIRIO DE PEDRO BORGUNY EN ARGEL, 1654-1655 Coraje y fe de este joven, que prefiri\u00f3 la muerte antes que abrazar el Islam. No puedo menos de expresaros los sentimientos que Dios me da ... Read More\" \/>\n<meta property=\"og:url\" content=\"https:\/\/vincentians.com\/es\/vicente-de-paul-conferencia-067-extracto-de-una-conferencia\/\" \/>\n<meta property=\"og:site_name\" content=\"Somos Vicencianos\" \/>\n<meta property=\"article:publisher\" content=\"https:\/\/www.facebook.com\/WeAreVincentians\/\" \/>\n<meta property=\"article:author\" content=\"https:\/\/www.facebook.com\/JavierChento\" \/>\n<meta property=\"article:published_time\" content=\"2009-08-05T18:54:37+00:00\" \/>\n<meta property=\"article:modified_time\" content=\"2016-07-26T09:01:25+00:00\" \/>\n<meta property=\"og:image\" content=\"https:\/\/i0.wp.com\/vincentians.com\/es\/wp-content\/uploads\/sites\/11\/2016\/07\/escritos-vicente-de-paul.jpg?fit=1200%2C630&ssl=1\" \/>\n\t<meta property=\"og:image:width\" content=\"1200\" \/>\n\t<meta property=\"og:image:height\" content=\"630\" \/>\n\t<meta property=\"og:image:type\" content=\"image\/jpeg\" \/>\n<meta name=\"author\" content=\"Francisco Javier Fern\u00e1ndez Chento\" \/>\n<meta name=\"twitter:card\" content=\"summary_large_image\" \/>\n<meta name=\"twitter:creator\" content=\"@https:\/\/twitter.com\/javierchento\" \/>\n<meta name=\"twitter:site\" content=\"@WeVincentians\" \/>\n<meta name=\"twitter:label1\" content=\"Escrito por\" \/>\n\t<meta name=\"twitter:data1\" content=\"Francisco Javier Fern\u00e1ndez Chento\" \/>\n\t<meta name=\"twitter:label2\" content=\"Tiempo de lectura\" \/>\n\t<meta name=\"twitter:data2\" content=\"5 minutos\" \/>\n<script type=\"application\/ld+json\" class=\"yoast-schema-graph\">{\"@context\":\"https:\/\/schema.org\",\"@graph\":[{\"@type\":\"Article\",\"@id\":\"https:\/\/vincentians.com\/es\/vicente-de-paul-conferencia-067-extracto-de-una-conferencia\/#article\",\"isPartOf\":{\"@id\":\"https:\/\/vincentians.com\/es\/vicente-de-paul-conferencia-067-extracto-de-una-conferencia\/\"},\"author\":{\"name\":\"Francisco Javier Fern\u00e1ndez Chento\",\"@id\":\"https:\/\/vincentians.com\/es\/#\/schema\/person\/9623ef4d9aa3b2dfb8c061f1499288f2\"},\"headline\":\"Vicente de Pa\u00fal, Conferencia 067: Extracto De Una Conferencia\",\"datePublished\":\"2009-08-05T18:54:37+00:00\",\"dateModified\":\"2016-07-26T09:01:25+00:00\",\"mainEntityOfPage\":{\"@id\":\"https:\/\/vincentians.com\/es\/vicente-de-paul-conferencia-067-extracto-de-una-conferencia\/\"},\"wordCount\":1060,\"commentCount\":0,\"publisher\":{\"@id\":\"https:\/\/vincentians.com\/es\/#organization\"},\"image\":{\"@id\":\"https:\/\/vincentians.com\/es\/vicente-de-paul-conferencia-067-extracto-de-una-conferencia\/#primaryimage\"},\"thumbnailUrl\":\"https:\/\/i0.wp.com\/vincentians.com\/es\/wp-content\/uploads\/sites\/11\/2016\/07\/escritos-vicente-de-paul.jpg?fit=1200%2C630&ssl=1\",\"keywords\":[\"Argel\",\"T\u00fanez\"],\"articleSection\":[\"Escritos de Vicente de Pa\u00fal\"],\"inLanguage\":\"es\",\"potentialAction\":[{\"@type\":\"CommentAction\",\"name\":\"Comment\",\"target\":[\"https:\/\/vincentians.com\/es\/vicente-de-paul-conferencia-067-extracto-de-una-conferencia\/#respond\"]}]},{\"@type\":\"WebPage\",\"@id\":\"https:\/\/vincentians.com\/es\/vicente-de-paul-conferencia-067-extracto-de-una-conferencia\/\",\"url\":\"https:\/\/vincentians.com\/es\/vicente-de-paul-conferencia-067-extracto-de-una-conferencia\/\",\"name\":\"Vicente de Pa\u00fal, Conferencia 067: Extracto De Una Conferencia - Somos Vicencianos\",\"isPartOf\":{\"@id\":\"https:\/\/vincentians.com\/es\/#website\"},\"primaryImageOfPage\":{\"@id\":\"https:\/\/vincentians.com\/es\/vicente-de-paul-conferencia-067-extracto-de-una-conferencia\/#primaryimage\"},\"image\":{\"@id\":\"https:\/\/vincentians.com\/es\/vicente-de-paul-conferencia-067-extracto-de-una-conferencia\/#primaryimage\"},\"thumbnailUrl\":\"https:\/\/i0.wp.com\/vincentians.com\/es\/wp-content\/uploads\/sites\/11\/2016\/07\/escritos-vicente-de-paul.jpg?fit=1200%2C630&ssl=1\",\"datePublished\":\"2009-08-05T18:54:37+00:00\",\"dateModified\":\"2016-07-26T09:01:25+00:00\",\"breadcrumb\":{\"@id\":\"https:\/\/vincentians.com\/es\/vicente-de-paul-conferencia-067-extracto-de-una-conferencia\/#breadcrumb\"},\"inLanguage\":\"es\",\"potentialAction\":[{\"@type\":\"ReadAction\",\"target\":[\"https:\/\/vincentians.com\/es\/vicente-de-paul-conferencia-067-extracto-de-una-conferencia\/\"]}]},{\"@type\":\"ImageObject\",\"inLanguage\":\"es\",\"@id\":\"https:\/\/vincentians.com\/es\/vicente-de-paul-conferencia-067-extracto-de-una-conferencia\/#primaryimage\",\"url\":\"https:\/\/i0.wp.com\/vincentians.com\/es\/wp-content\/uploads\/sites\/11\/2016\/07\/escritos-vicente-de-paul.jpg?fit=1200%2C630&ssl=1\",\"contentUrl\":\"https:\/\/i0.wp.com\/vincentians.com\/es\/wp-content\/uploads\/sites\/11\/2016\/07\/escritos-vicente-de-paul.jpg?fit=1200%2C630&ssl=1\",\"width\":1200,\"height\":630},{\"@type\":\"BreadcrumbList\",\"@id\":\"https:\/\/vincentians.com\/es\/vicente-de-paul-conferencia-067-extracto-de-una-conferencia\/#breadcrumb\",\"itemListElement\":[{\"@type\":\"ListItem\",\"position\":1,\"name\":\"Portada\",\"item\":\"https:\/\/vincentians.com\/es\/\"},{\"@type\":\"ListItem\",\"position\":2,\"name\":\"Vicente de Pa\u00fal, Conferencia 067: Extracto De Una Conferencia\"}]},{\"@type\":\"WebSite\",\"@id\":\"https:\/\/vincentians.com\/es\/#website\",\"url\":\"https:\/\/vincentians.com\/es\/\",\"name\":\"Somos Vicencianos\",\"description\":\"Know more to serve more\",\"publisher\":{\"@id\":\"https:\/\/vincentians.com\/es\/#organization\"},\"potentialAction\":[{\"@type\":\"SearchAction\",\"target\":{\"@type\":\"EntryPoint\",\"urlTemplate\":\"https:\/\/vincentians.com\/es\/?s={search_term_string}\"},\"query-input\":{\"@type\":\"PropertyValueSpecification\",\"valueRequired\":true,\"valueName\":\"search_term_string\"}}],\"inLanguage\":\"es\"},{\"@type\":\"Organization\",\"@id\":\"https:\/\/vincentians.com\/es\/#organization\",\"name\":\"The Vincentian Network\",\"url\":\"https:\/\/vincentians.com\/es\/\",\"logo\":{\"@type\":\"ImageObject\",\"inLanguage\":\"es\",\"@id\":\"https:\/\/vincentians.com\/es\/#\/schema\/logo\/image\/\",\"url\":\"https:\/\/i1.wp.com\/vincentians.com\/es\/wp-content\/uploads\/sites\/11\/2016\/06\/Vincentian-Network-logo-big.png?fit=778%2C778\",\"contentUrl\":\"https:\/\/i1.wp.com\/vincentians.com\/es\/wp-content\/uploads\/sites\/11\/2016\/06\/Vincentian-Network-logo-big.png?fit=778%2C778\",\"width\":778,\"height\":778,\"caption\":\"The Vincentian Network\"},\"image\":{\"@id\":\"https:\/\/vincentians.com\/es\/#\/schema\/logo\/image\/\"},\"sameAs\":[\"https:\/\/www.facebook.com\/WeAreVincentians\/\",\"https:\/\/x.com\/WeVincentians\"]},{\"@type\":\"Person\",\"@id\":\"https:\/\/vincentians.com\/es\/#\/schema\/person\/9623ef4d9aa3b2dfb8c061f1499288f2\",\"name\":\"Francisco Javier Fern\u00e1ndez Chento\",\"image\":{\"@type\":\"ImageObject\",\"inLanguage\":\"es\",\"@id\":\"https:\/\/vincentians.com\/es\/#\/schema\/person\/image\/\",\"url\":\"https:\/\/secure.gravatar.com\/avatar\/497d5cde87b4c3d097d0315953521681ba2cd523ee66e5077c3711f7021e65de?s=96&d=mm&r=g\",\"contentUrl\":\"https:\/\/secure.gravatar.com\/avatar\/497d5cde87b4c3d097d0315953521681ba2cd523ee66e5077c3711f7021e65de?s=96&d=mm&r=g\",\"caption\":\"Francisco Javier Fern\u00e1ndez Chento\"},\"description\":\"Director General y cofundador de La Red de Formaci\u00f3n Vicenciana. Javier es laico vicenciano, afiliado a la Congregaci\u00f3n de la Misi\u00f3n y miembro del Equipo de Misiones Populares de la provincia can\u00f3nica de Zaragoza (Espa\u00f1a) de la Congregaci\u00f3n de la Misi\u00f3n. Graduado en la Universidad Oberta de Catalunya con cuatro grados (Asistente de direcci\u00f3n, Gesti\u00f3n Administrativa, Recursos Humanos y Contabilidad Avanzada). Bil\u00edng\u00fce Espa\u00f1ol\/Ingl\u00e9s. gestiona y mantiene varias p\u00e1ginas web cristianas y vicencianas, incluida including La Red de Formaci\u00f3n Vicenciana, de la que es cofundador. Actualmente es responsable del \u00e1rea de Espa\u00f1ol de .famvin, la Red de Noticias de la Familia Vicenciana. Tambi\u00e9n es m\u00fasico cat\u00f3lico y ha editado varios discos. Es Director General y cofundador de Trovador, una reconocida compa\u00f1\u00eda discogr\u00e1fica critiana de Espa\u00f1a. Trabaja en las Tecnolog\u00edas de la Informaci\u00f3n, ofreciendo servicios de alojamiento, dise\u00f1o y mantenimiento Web, as\u00ed como asesoramiento, formaci\u00f3n y soluciones inform\u00e1ticas, gesti\u00f3n documental y digitalizaci\u00f3n de textos, edici\u00f3n y maquetaci\u00f3n de libros, revistas, flyers, etc.\",\"sameAs\":[\"http:\/\/chento.org\",\"https:\/\/www.facebook.com\/JavierChento\",\"https:\/\/x.com\/https:\/\/twitter.com\/javierchento\"],\"url\":\"https:\/\/vincentians.com\/es\/author\/chento\/\"}]}<\/script>\n<!-- \/ Yoast SEO plugin. -->","yoast_head_json":{"title":"Vicente de Pa\u00fal, Conferencia 067: Extracto De Una Conferencia - Somos Vicencianos","robots":{"index":"index","follow":"follow","max-snippet":"max-snippet:-1","max-image-preview":"max-image-preview:large","max-video-preview":"max-video-preview:-1"},"canonical":"https:\/\/vincentians.com\/es\/vicente-de-paul-conferencia-067-extracto-de-una-conferencia\/","og_locale":"es_ES","og_type":"article","og_title":"Vicente de Pa\u00fal, Conferencia 067: Extracto De Una Conferencia - Somos Vicencianos","og_description":"RELATO DEL MARTIRIO DE PEDRO BORGUNY EN ARGEL, 1654-1655 Coraje y fe de este joven, que prefiri\u00f3 la muerte antes que abrazar el Islam. No puedo menos de expresaros los sentimientos que Dios me da ... Read More","og_url":"https:\/\/vincentians.com\/es\/vicente-de-paul-conferencia-067-extracto-de-una-conferencia\/","og_site_name":"Somos Vicencianos","article_publisher":"https:\/\/www.facebook.com\/WeAreVincentians\/","article_author":"https:\/\/www.facebook.com\/JavierChento","article_published_time":"2009-08-05T18:54:37+00:00","article_modified_time":"2016-07-26T09:01:25+00:00","og_image":[{"width":1200,"height":630,"url":"https:\/\/i0.wp.com\/vincentians.com\/es\/wp-content\/uploads\/sites\/11\/2016\/07\/escritos-vicente-de-paul.jpg?fit=1200%2C630&ssl=1","type":"image\/jpeg"}],"author":"Francisco Javier Fern\u00e1ndez Chento","twitter_card":"summary_large_image","twitter_creator":"@https:\/\/twitter.com\/javierchento","twitter_site":"@WeVincentians","twitter_misc":{"Escrito por":"Francisco Javier Fern\u00e1ndez Chento","Tiempo de lectura":"5 minutos"},"schema":{"@context":"https:\/\/schema.org","@graph":[{"@type":"Article","@id":"https:\/\/vincentians.com\/es\/vicente-de-paul-conferencia-067-extracto-de-una-conferencia\/#article","isPartOf":{"@id":"https:\/\/vincentians.com\/es\/vicente-de-paul-conferencia-067-extracto-de-una-conferencia\/"},"author":{"name":"Francisco Javier Fern\u00e1ndez Chento","@id":"https:\/\/vincentians.com\/es\/#\/schema\/person\/9623ef4d9aa3b2dfb8c061f1499288f2"},"headline":"Vicente de Pa\u00fal, Conferencia 067: Extracto De Una Conferencia","datePublished":"2009-08-05T18:54:37+00:00","dateModified":"2016-07-26T09:01:25+00:00","mainEntityOfPage":{"@id":"https:\/\/vincentians.com\/es\/vicente-de-paul-conferencia-067-extracto-de-una-conferencia\/"},"wordCount":1060,"commentCount":0,"publisher":{"@id":"https:\/\/vincentians.com\/es\/#organization"},"image":{"@id":"https:\/\/vincentians.com\/es\/vicente-de-paul-conferencia-067-extracto-de-una-conferencia\/#primaryimage"},"thumbnailUrl":"https:\/\/i0.wp.com\/vincentians.com\/es\/wp-content\/uploads\/sites\/11\/2016\/07\/escritos-vicente-de-paul.jpg?fit=1200%2C630&ssl=1","keywords":["Argel","T\u00fanez"],"articleSection":["Escritos de Vicente de Pa\u00fal"],"inLanguage":"es","potentialAction":[{"@type":"CommentAction","name":"Comment","target":["https:\/\/vincentians.com\/es\/vicente-de-paul-conferencia-067-extracto-de-una-conferencia\/#respond"]}]},{"@type":"WebPage","@id":"https:\/\/vincentians.com\/es\/vicente-de-paul-conferencia-067-extracto-de-una-conferencia\/","url":"https:\/\/vincentians.com\/es\/vicente-de-paul-conferencia-067-extracto-de-una-conferencia\/","name":"Vicente de Pa\u00fal, Conferencia 067: Extracto De Una Conferencia - Somos Vicencianos","isPartOf":{"@id":"https:\/\/vincentians.com\/es\/#website"},"primaryImageOfPage":{"@id":"https:\/\/vincentians.com\/es\/vicente-de-paul-conferencia-067-extracto-de-una-conferencia\/#primaryimage"},"image":{"@id":"https:\/\/vincentians.com\/es\/vicente-de-paul-conferencia-067-extracto-de-una-conferencia\/#primaryimage"},"thumbnailUrl":"https:\/\/i0.wp.com\/vincentians.com\/es\/wp-content\/uploads\/sites\/11\/2016\/07\/escritos-vicente-de-paul.jpg?fit=1200%2C630&ssl=1","datePublished":"2009-08-05T18:54:37+00:00","dateModified":"2016-07-26T09:01:25+00:00","breadcrumb":{"@id":"https:\/\/vincentians.com\/es\/vicente-de-paul-conferencia-067-extracto-de-una-conferencia\/#breadcrumb"},"inLanguage":"es","potentialAction":[{"@type":"ReadAction","target":["https:\/\/vincentians.com\/es\/vicente-de-paul-conferencia-067-extracto-de-una-conferencia\/"]}]},{"@type":"ImageObject","inLanguage":"es","@id":"https:\/\/vincentians.com\/es\/vicente-de-paul-conferencia-067-extracto-de-una-conferencia\/#primaryimage","url":"https:\/\/i0.wp.com\/vincentians.com\/es\/wp-content\/uploads\/sites\/11\/2016\/07\/escritos-vicente-de-paul.jpg?fit=1200%2C630&ssl=1","contentUrl":"https:\/\/i0.wp.com\/vincentians.com\/es\/wp-content\/uploads\/sites\/11\/2016\/07\/escritos-vicente-de-paul.jpg?fit=1200%2C630&ssl=1","width":1200,"height":630},{"@type":"BreadcrumbList","@id":"https:\/\/vincentians.com\/es\/vicente-de-paul-conferencia-067-extracto-de-una-conferencia\/#breadcrumb","itemListElement":[{"@type":"ListItem","position":1,"name":"Portada","item":"https:\/\/vincentians.com\/es\/"},{"@type":"ListItem","position":2,"name":"Vicente de Pa\u00fal, Conferencia 067: Extracto De Una Conferencia"}]},{"@type":"WebSite","@id":"https:\/\/vincentians.com\/es\/#website","url":"https:\/\/vincentians.com\/es\/","name":"Somos Vicencianos","description":"Know more to serve more","publisher":{"@id":"https:\/\/vincentians.com\/es\/#organization"},"potentialAction":[{"@type":"SearchAction","target":{"@type":"EntryPoint","urlTemplate":"https:\/\/vincentians.com\/es\/?s={search_term_string}"},"query-input":{"@type":"PropertyValueSpecification","valueRequired":true,"valueName":"search_term_string"}}],"inLanguage":"es"},{"@type":"Organization","@id":"https:\/\/vincentians.com\/es\/#organization","name":"The Vincentian Network","url":"https:\/\/vincentians.com\/es\/","logo":{"@type":"ImageObject","inLanguage":"es","@id":"https:\/\/vincentians.com\/es\/#\/schema\/logo\/image\/","url":"https:\/\/i1.wp.com\/vincentians.com\/es\/wp-content\/uploads\/sites\/11\/2016\/06\/Vincentian-Network-logo-big.png?fit=778%2C778","contentUrl":"https:\/\/i1.wp.com\/vincentians.com\/es\/wp-content\/uploads\/sites\/11\/2016\/06\/Vincentian-Network-logo-big.png?fit=778%2C778","width":778,"height":778,"caption":"The Vincentian Network"},"image":{"@id":"https:\/\/vincentians.com\/es\/#\/schema\/logo\/image\/"},"sameAs":["https:\/\/www.facebook.com\/WeAreVincentians\/","https:\/\/x.com\/WeVincentians"]},{"@type":"Person","@id":"https:\/\/vincentians.com\/es\/#\/schema\/person\/9623ef4d9aa3b2dfb8c061f1499288f2","name":"Francisco Javier Fern\u00e1ndez Chento","image":{"@type":"ImageObject","inLanguage":"es","@id":"https:\/\/vincentians.com\/es\/#\/schema\/person\/image\/","url":"https:\/\/secure.gravatar.com\/avatar\/497d5cde87b4c3d097d0315953521681ba2cd523ee66e5077c3711f7021e65de?s=96&d=mm&r=g","contentUrl":"https:\/\/secure.gravatar.com\/avatar\/497d5cde87b4c3d097d0315953521681ba2cd523ee66e5077c3711f7021e65de?s=96&d=mm&r=g","caption":"Francisco Javier Fern\u00e1ndez Chento"},"description":"Director General y cofundador de La Red de Formaci\u00f3n Vicenciana. Javier es laico vicenciano, afiliado a la Congregaci\u00f3n de la Misi\u00f3n y miembro del Equipo de Misiones Populares de la provincia can\u00f3nica de Zaragoza (Espa\u00f1a) de la Congregaci\u00f3n de la Misi\u00f3n. Graduado en la Universidad Oberta de Catalunya con cuatro grados (Asistente de direcci\u00f3n, Gesti\u00f3n Administrativa, Recursos Humanos y Contabilidad Avanzada). Bil\u00edng\u00fce Espa\u00f1ol\/Ingl\u00e9s. gestiona y mantiene varias p\u00e1ginas web cristianas y vicencianas, incluida including La Red de Formaci\u00f3n Vicenciana, de la que es cofundador. Actualmente es responsable del \u00e1rea de Espa\u00f1ol de .famvin, la Red de Noticias de la Familia Vicenciana. Tambi\u00e9n es m\u00fasico cat\u00f3lico y ha editado varios discos. Es Director General y cofundador de Trovador, una reconocida compa\u00f1\u00eda discogr\u00e1fica critiana de Espa\u00f1a. Trabaja en las Tecnolog\u00edas de la Informaci\u00f3n, ofreciendo servicios de alojamiento, dise\u00f1o y mantenimiento Web, as\u00ed como asesoramiento, formaci\u00f3n y soluciones inform\u00e1ticas, gesti\u00f3n documental y digitalizaci\u00f3n de textos, edici\u00f3n y maquetaci\u00f3n de libros, revistas, flyers, etc.","sameAs":["http:\/\/chento.org","https:\/\/www.facebook.com\/JavierChento","https:\/\/x.com\/https:\/\/twitter.com\/javierchento"],"url":"https:\/\/vincentians.com\/es\/author\/chento\/"}]}},"jetpack_publicize_connections":[],"jetpack_featured_media_url":"https:\/\/i0.wp.com\/vincentians.com\/es\/wp-content\/uploads\/sites\/11\/2016\/07\/escritos-vicente-de-paul.jpg?fit=1200%2C630&ssl=1","jetpack_sharing_enabled":true,"jetpack_shortlink":"https:\/\/wp.me\/p7ETMF-3bn","jetpack-related-posts":[{"id":22562,"url":"https:\/\/vincentians.com\/es\/san-vicente-cuenta-el-martirio-de-pedro-borguny\/","url_meta":{"origin":12237,"position":0},"title":"San Vicente cuenta el martirio de Pedro Borguny","author":"Francisco Javier Fern\u00e1ndez Chento","date":"15\/08\/2013","format":false,"excerpt":"\"El padre Le Vacher me dice desde Argel que un joven cristiano de 21\u00a0\u00f3 22 a\u00f1os, mallorqu\u00edn de nacimiento, se hab\u00eda hecho turco, pero enseguida sinti\u00f3 tanto remordimiento que fue a buscar al pach\u00e1, pisote\u00f3 su turbante ante sus pies detestando de Mahoma y de su religi\u00f3n, proclamando que era\u2026","rel":"","context":"En \u00abCongregaci\u00f3n de la Misi\u00f3n\u00bb","block_context":{"text":"Congregaci\u00f3n de la Misi\u00f3n","link":"https:\/\/vincentians.com\/es\/category\/la-familia-vicenciana\/ramas\/congregacion-de-la-mision\/"},"img":{"alt_text":"","src":"https:\/\/i0.wp.com\/vicencianos.org\/wp-content\/2011\/10\/logo_cm3-232x300.jpg?resize=350%2C200","width":350,"height":200},"classes":[]},{"id":22594,"url":"https:\/\/vincentians.com\/es\/pedro-borguny-un-fruto-maduro-de-la-mision-de-los-hijos-de-vicente-de-paul-en-argel\/","url_meta":{"origin":12237,"position":1},"title":"Pedro Borguny, un fruto maduro de la Misi\u00f3n de los hijos de Vicente de Pa\u00fal en Argel","author":"Mitxel Olabu\u00e9naga","date":"16\/08\/2013","format":false,"excerpt":"No sabemos a ciencia cierta si San Vicente anduvo por tierras africanas, hecho un esclavo de tantos. Lo que no se puede negar es el conocimiento que ten\u00eda de la pirater\u00eda mediterr\u00e1nea y de los males que aflig\u00edan a los pobres esclavos. T\u00fanez y Argel flotaban en su mente como\u2026","rel":"","context":"En \u00abBiograf\u00edas de Misioneros Pa\u00fales\u00bb","block_context":{"text":"Biograf\u00edas de Misioneros Pa\u00fales","link":"https:\/\/vincentians.com\/es\/category\/la-familia-vicenciana\/biografias-vicencianas\/biografias-de-misioneros-paules\/"},"img":{"alt_text":"","src":"https:\/\/i0.wp.com\/vincentians.com\/es\/wp-content\/uploads\/sites\/11\/2016\/07\/bio-cm.jpg?fit=1200%2C630&ssl=1&resize=350%2C200","width":350,"height":200,"srcset":"https:\/\/i0.wp.com\/vincentians.com\/es\/wp-content\/uploads\/sites\/11\/2016\/07\/bio-cm.jpg?fit=1200%2C630&ssl=1&resize=350%2C200 1x, https:\/\/i0.wp.com\/vincentians.com\/es\/wp-content\/uploads\/sites\/11\/2016\/07\/bio-cm.jpg?fit=1200%2C630&ssl=1&resize=525%2C300 1.5x, https:\/\/i0.wp.com\/vincentians.com\/es\/wp-content\/uploads\/sites\/11\/2016\/07\/bio-cm.jpg?fit=1200%2C630&ssl=1&resize=700%2C400 2x, https:\/\/i0.wp.com\/vincentians.com\/es\/wp-content\/uploads\/sites\/11\/2016\/07\/bio-cm.jpg?fit=1200%2C630&ssl=1&resize=1050%2C600 3x"},"classes":[]},{"id":22577,"url":"https:\/\/vincentians.com\/es\/breve-biografia-de-pedro-borguny\/","url_meta":{"origin":12237,"position":2},"title":"Breve biograf\u00eda de Pedro Borguny","author":"Francisco Javier Fern\u00e1ndez Chento","date":"23\/11\/2022","format":false,"excerpt":"\"\u00bfA qu\u00e9 esper\u00e1is? No obedecer\u00e9 nunca a lo mandado por el rey. Yo har\u00e9 caso de la Ley dada a nuestros padres. Y t\u00fa, que has inventado todas las desgracias, no escapar\u00e1s de las manos de Dios\". (Macabeus, 7, 30-31) As\u00ed, con la valent\u00eda que da la fuerza de la\u2026","rel":"","context":"En \u00abCongregaci\u00f3n de la Misi\u00f3n\u00bb","block_context":{"text":"Congregaci\u00f3n de la Misi\u00f3n","link":"https:\/\/vincentians.com\/es\/category\/la-familia-vicenciana\/ramas\/congregacion-de-la-mision\/"},"img":{"alt_text":"","src":"https:\/\/i0.wp.com\/vincentians.com\/es\/wp-content\/uploads\/sites\/11\/2016\/09\/ojos-jesucristo.jpg?fit=1200%2C630&ssl=1&resize=350%2C200","width":350,"height":200,"srcset":"https:\/\/i0.wp.com\/vincentians.com\/es\/wp-content\/uploads\/sites\/11\/2016\/09\/ojos-jesucristo.jpg?fit=1200%2C630&ssl=1&resize=350%2C200 1x, https:\/\/i0.wp.com\/vincentians.com\/es\/wp-content\/uploads\/sites\/11\/2016\/09\/ojos-jesucristo.jpg?fit=1200%2C630&ssl=1&resize=525%2C300 1.5x, https:\/\/i0.wp.com\/vincentians.com\/es\/wp-content\/uploads\/sites\/11\/2016\/09\/ojos-jesucristo.jpg?fit=1200%2C630&ssl=1&resize=700%2C400 2x, https:\/\/i0.wp.com\/vincentians.com\/es\/wp-content\/uploads\/sites\/11\/2016\/09\/ojos-jesucristo.jpg?fit=1200%2C630&ssl=1&resize=1050%2C600 3x"},"classes":[]},{"id":387345,"url":"https:\/\/vincentians.com\/es\/fechas-en-la-vida-de-san-vicente\/","url_meta":{"origin":12237,"position":3},"title":"Fechas en la vida de San Vicente","author":"Francisco Javier Fern\u00e1ndez Chento","date":"21\/12\/2017","format":false,"excerpt":"1581: En Pouy (Landas) nace Vicente de Pa\u00fal, tercer hijo de la familia de Pa\u00fal. 1595: Vicente sale de Pouy para ir a Dax, donde vivir\u00e1 en casa del Se\u00f1or de Comet, abogado en Dax y juez en Pouy. Cursa estudios en el colegio de los Franciscanos. 1596: Vicente inicia\u2026","rel":"","context":"En \u00abVicente de Pa\u00fal\u00bb","block_context":{"text":"Vicente de Pa\u00fal","link":"https:\/\/vincentians.com\/es\/category\/la-familia-vicenciana\/fundadores\/vicente-de-paul\/"},"img":{"alt_text":"","src":"https:\/\/i0.wp.com\/vincentians.com\/es\/wp-content\/uploads\/sites\/11\/2016\/08\/con-damas-de-la-caridad.jpg?fit=1200%2C630&ssl=1&resize=350%2C200","width":350,"height":200,"srcset":"https:\/\/i0.wp.com\/vincentians.com\/es\/wp-content\/uploads\/sites\/11\/2016\/08\/con-damas-de-la-caridad.jpg?fit=1200%2C630&ssl=1&resize=350%2C200 1x, https:\/\/i0.wp.com\/vincentians.com\/es\/wp-content\/uploads\/sites\/11\/2016\/08\/con-damas-de-la-caridad.jpg?fit=1200%2C630&ssl=1&resize=525%2C300 1.5x, https:\/\/i0.wp.com\/vincentians.com\/es\/wp-content\/uploads\/sites\/11\/2016\/08\/con-damas-de-la-caridad.jpg?fit=1200%2C630&ssl=1&resize=700%2C400 2x, https:\/\/i0.wp.com\/vincentians.com\/es\/wp-content\/uploads\/sites\/11\/2016\/08\/con-damas-de-la-caridad.jpg?fit=1200%2C630&ssl=1&resize=1050%2C600 3x"},"classes":[]},{"id":117490,"url":"https:\/\/vincentians.com\/es\/vicente-de-paul-carta-1060-a-antonio-portail-sacerdote-de-la-mision-en-marsella\/","url_meta":{"origin":12237,"position":4},"title":"Vicente de Pa\u00fal, Carta 1060: A Antonio Portail, Sacerdote De La Misi\u00f3n, En Marsella","author":"Francisco Javier Fern\u00e1ndez Chento","date":"23\/01\/2013","format":false,"excerpt":"Par\u00eds. 7 febrero 1648. Padre: La gracia de Nuestro Se\u00f1or sea siempre con nosotros. \u00a1Dios m\u00edo! \u00a1Cu\u00e1nto me consuela la conferencia que ha tenido usted sobre los defectos de las misiones en las galeras! El fruto que se ha sacado es una se\u00f1al de que Dios ha visto con agrado\u2026","rel":"","context":"En \u00abEscritos de Vicente de Pa\u00fal\u00bb","block_context":{"text":"Escritos de Vicente de Pa\u00fal","link":"https:\/\/vincentians.com\/es\/category\/escritos\/escritos-de-vicente-de-paul\/"},"img":{"alt_text":"","src":"https:\/\/i0.wp.com\/vincentians.com\/es\/wp-content\/uploads\/sites\/11\/2016\/07\/escritos-vicente-de-paul.jpg?fit=1200%2C630&ssl=1&resize=350%2C200","width":350,"height":200,"srcset":"https:\/\/i0.wp.com\/vincentians.com\/es\/wp-content\/uploads\/sites\/11\/2016\/07\/escritos-vicente-de-paul.jpg?fit=1200%2C630&ssl=1&resize=350%2C200 1x, https:\/\/i0.wp.com\/vincentians.com\/es\/wp-content\/uploads\/sites\/11\/2016\/07\/escritos-vicente-de-paul.jpg?fit=1200%2C630&ssl=1&resize=525%2C300 1.5x, https:\/\/i0.wp.com\/vincentians.com\/es\/wp-content\/uploads\/sites\/11\/2016\/07\/escritos-vicente-de-paul.jpg?fit=1200%2C630&ssl=1&resize=700%2C400 2x, https:\/\/i0.wp.com\/vincentians.com\/es\/wp-content\/uploads\/sites\/11\/2016\/07\/escritos-vicente-de-paul.jpg?fit=1200%2C630&ssl=1&resize=1050%2C600 3x"},"classes":[]},{"id":399433,"url":"https:\/\/vincentians.com\/es\/vicente-paul-carta-1371-juan-barreau-consul-francia-argel\/","url_meta":{"origin":12237,"position":5},"title":"Vicente de Pa\u00fal, Carta 1371: A Juan Barreau, C\u00f3nsul de Francia en Argel","author":"Francisco Javier Fern\u00e1ndez Chento","date":"19\/01\/2017","format":false,"excerpt":"15 de enero de 1651 Su \u00faltima carta, del mes de octubre, nos dio grandes sentimientos de ternura y de consuelo al ver que no le abandona la paciencia y que sigue usted soportando con mucha paciencia las penas presentes, dispuesto a aceptar tambi\u00e9n todas las que Dios le mande\u2026","rel":"","context":"En \u00abEscritos de Vicente de Pa\u00fal\u00bb","block_context":{"text":"Escritos de Vicente de Pa\u00fal","link":"https:\/\/vincentians.com\/es\/category\/escritos\/escritos-de-vicente-de-paul\/"},"img":{"alt_text":"","src":"https:\/\/i0.wp.com\/vincentians.com\/es\/wp-content\/uploads\/sites\/11\/2016\/07\/escritos-vicente-de-paul.jpg?fit=1200%2C630&ssl=1&resize=350%2C200","width":350,"height":200,"srcset":"https:\/\/i0.wp.com\/vincentians.com\/es\/wp-content\/uploads\/sites\/11\/2016\/07\/escritos-vicente-de-paul.jpg?fit=1200%2C630&ssl=1&resize=350%2C200 1x, https:\/\/i0.wp.com\/vincentians.com\/es\/wp-content\/uploads\/sites\/11\/2016\/07\/escritos-vicente-de-paul.jpg?fit=1200%2C630&ssl=1&resize=525%2C300 1.5x, https:\/\/i0.wp.com\/vincentians.com\/es\/wp-content\/uploads\/sites\/11\/2016\/07\/escritos-vicente-de-paul.jpg?fit=1200%2C630&ssl=1&resize=700%2C400 2x, https:\/\/i0.wp.com\/vincentians.com\/es\/wp-content\/uploads\/sites\/11\/2016\/07\/escritos-vicente-de-paul.jpg?fit=1200%2C630&ssl=1&resize=1050%2C600 3x"},"classes":[]}],"_links":{"self":[{"href":"https:\/\/vincentians.com\/es\/wp-json\/wp\/v2\/posts\/12237","targetHints":{"allow":["GET"]}}],"collection":[{"href":"https:\/\/vincentians.com\/es\/wp-json\/wp\/v2\/posts"}],"about":[{"href":"https:\/\/vincentians.com\/es\/wp-json\/wp\/v2\/types\/post"}],"author":[{"embeddable":true,"href":"https:\/\/vincentians.com\/es\/wp-json\/wp\/v2\/users\/4"}],"replies":[{"embeddable":true,"href":"https:\/\/vincentians.com\/es\/wp-json\/wp\/v2\/comments?post=12237"}],"version-history":[{"count":0,"href":"https:\/\/vincentians.com\/es\/wp-json\/wp\/v2\/posts\/12237\/revisions"}],"wp:featuredmedia":[{"embeddable":true,"href":"https:\/\/vincentians.com\/es\/wp-json\/wp\/v2\/media\/393753"}],"wp:attachment":[{"href":"https:\/\/vincentians.com\/es\/wp-json\/wp\/v2\/media?parent=12237"}],"wp:term":[{"taxonomy":"category","embeddable":true,"href":"https:\/\/vincentians.com\/es\/wp-json\/wp\/v2\/categories?post=12237"},{"taxonomy":"post_tag","embeddable":true,"href":"https:\/\/vincentians.com\/es\/wp-json\/wp\/v2\/tags?post=12237"}],"curies":[{"name":"wp","href":"https:\/\/api.w.org\/{rel}","templated":true}]}}