{"id":12232,"date":"2009-07-31T19:54:33","date_gmt":"2009-07-31T18:54:33","guid":{"rendered":"http:\/\/www.vicencianos.org\/web\/2009\/07\/31\/vicente-de-paul-conferencia-061-repeticion-de-la-oracion-del-25-de-agosto-de-1655\/"},"modified":"2016-07-26T11:01:25","modified_gmt":"2016-07-26T09:01:25","slug":"vicente-de-paul-conferencia-061-repeticion-de-la-oracion-del-25-de-agosto-de-1655","status":"publish","type":"post","link":"https:\/\/vincentians.com\/es\/vicente-de-paul-conferencia-061-repeticion-de-la-oracion-del-25-de-agosto-de-1655\/","title":{"rendered":"Vicente de Pa\u00fal, Conferencia 061: Repetici\u00f3n De La Oraci\u00f3n Del 25 De Agosto De 1655"},"content":{"rendered":"<p><em>En la oraci\u00f3n conviene atender detalladamente a nuestros defectos. Elogio de la virtud de san Luis. Graves peligros que amenazan a Polonia<\/em>.<\/p>\n<p>El padre Vicente alab\u00f3 a un sacerdote y a dos cl\u00e9rigos seminaristas por haber bajado a concretar sus defectos, en su oraci\u00f3n, y le pidi\u00f3 al padre Delespiney, director del seminario, que los mantuviese siempre en esa pr\u00e1ctica, ya que de esta forma, seg\u00fan dijo, es como debe hacerse la oraci\u00f3n, mientras que obrar de otro modo no es una verdadera oraci\u00f3n. \u00bfNo es admirable eso que acabamos de o\u00edr de aquel gran santo rey de Francia, san Luis, de quien refiere el autor de esta meditaci\u00f3n que ten\u00eda sujetas a sus pies todas sus pasiones, para hacerlas sumisas y obedientes a la raz\u00f3n? Por eso san Luis ha sido el rey m\u00e1s generoso que hemos tenido en Francia, tal como lo demostr\u00f3 dejando su reino para ir a conquistar la Tierra santa, reduciendo a la raz\u00f3n al conde de la Marca. Este conde no quiso rendir a san Luis la obediencia que le deb\u00eda y ensoberbeci\u00f3 su coraz\u00f3n, al verse asistido por el rey de Inglaterra, cu\u00f1ado suyo, que le proteg\u00eda; san Luis pele\u00f3 contra \u00e9l y le oblig\u00f3 a entrar en raz\u00f3n, junto con el rey de Inglaterra; ciertamente los meti\u00f3 en raz\u00f3n a los dos.<\/p>\n<p>\u00bfY qu\u00e9 es lo que no hizo este gran santo y generoso rey de la guerra contra los albigenses? Se hab\u00eda sublevado el conde de Tolosa y las regiones de Languedoc, Gascu\u00f1a, gran parte de la Guyena y la Provenza, con ocasi\u00f3n de una herej\u00eda que se hab\u00eda desparramado en poco tiempo por todas esas provincias. San Luis envi\u00f3 all\u00e1 predicadores; acudi\u00f3 santo Domingo y esos doctores que sab\u00e9is y de los que se dec\u00eda en la meditaci\u00f3n que consiguieron frutos maravillosos, y luego fue \u00e9l mismo con su ej\u00e9rcito para someter a todas esas provincias que se hab\u00edan rebelado; todo ello con una decisi\u00f3n y una generosidad admirable. Meti\u00f3 en vereda al conde y a todos sus aliados, le oblig\u00f3 a entrar en raz\u00f3n y cumplir con su deber, a pesar de todas las grandes fuerzas que ten\u00eda.<\/p>\n<p>Pues bien, hermanos m\u00edos, todo esto nos hace ver c\u00f3mo la humildad no est\u00e1 en contra de la generosidad y que es una locura y un error defender lo contrario: que un hombre, por ser humilde, no tiene ya que ser generoso; es una equivocaci\u00f3n de algunos, pues vemos c\u00f3mo san Luis fue al mismo tiempo muy humilde y muy generoso. Hace alg\u00fan tiempo tuve el honor de encontrarme con un se\u00f1or distinguido y hablando de las leyes del Estado y c\u00f3mo proced\u00edan del tiempo de san Luis, me dijo: \u00abPadre, \u00bfcree usted que fue generoso san Luis al dejar y abandonar su reino para ir a una tierra extra\u00f1a, donde sabe usted lo que pas\u00f3? \u00abDesde luego, se\u00f1or; \u00bfes que san Luis hizo ver su generosidad solamente fuera de su reino? \u00bfNo venci\u00f3 a los albigenses? \u00bfY no demostr\u00f3 tambi\u00e9n mucha valent\u00eda al reducir al conde de la Marca, hermano del rey de Inglaterra, a su deber y obligaci\u00f3n, as\u00ed como al conde de Tolosa?\u00bb. \u00abDesde luego, padre, me dijo; tiene usted raz\u00f3n\u00bb.<\/p>\n<p>Bien, \u00a1bendito sea Dios! En los archivos del H\u00f4tel-Dieu de Par\u00eds, adonde este buen rey iba dos o tres veces por semana a servir a los pobres, lo mismo que sab\u00e9is hacen actualmente las damas de la Caridad, consta que este santo rey ten\u00eda la costumbre de pedir que le indicasen cu\u00e1les eran los que ten\u00edan enfermedades peores y m\u00e1s repugnantes. Un d\u00eda, al ense\u00f1arle a uno cuyo mal exhalaba tan mal olor que casi no pod\u00eda \u00e9l soportarse a s\u00ed mismo, nos dice la historia que san Luis dej\u00f3 su manto y se acerc\u00f3 a aquel pobre para asistirlo, a pesar de que aquel enfermo rogaba y conjuraba al rey que no se ]e acercase, debido al hedor insoportable de su cuerpo, ya que \u00e9l mismo no pod\u00eda resistirlo; los que formaban el s\u00e9quito de su majestad no pudieron acercarse, y todos se tapaban la nariz o se retiraban de aquel lugar; y el rey respondi\u00f3 a aquel pobre hombre: \u00abBien, amigo m\u00edo, espero que nuestro Se\u00f1or cambiar\u00e1 toda esa pestilencia en olores tan buenos, que dar\u00e1 gusto servirle\u00bb. Realmente, padres, \u00bfno les parece esto muy hermoso? Pidamos a Dios, hermanos m\u00edos, que nos haga participar del esp\u00edritu de san Luis, ese gran rey que amaba tanto a los pobres y que ten\u00eda un esp\u00edritu tan mortificado. \u00a1Bendito sea Dios!<\/p>\n<p>Supe ayer que Polonia se encuentra en muy grave peligro, debido a todos los enemigos que pelean contra ella. Resulta que el rey de Suecia ha atacado a ese reino por aquella parte, que se ha rebelado el palatino de Poznan y se ha juntado con el rey de Suecia, y que otro pr\u00edncipe palatino ha hecho lo mismo. El: se\u00f1or L\u00e9veque, un seglar agente de los asuntos de Polonia, que vino ayer a verme, me ha dado estas noticias; as\u00ed que ya veis el estado tan lamentable a que se ha visto reducido ese pobre reino y cu\u00e1nta necesidad tenemos de interesarnos delante de Dios para pedirle que quiera su divina Majestad proteger al rey, a la reina y a su reino. \u00a1Un rey tan bueno y una reina tan buena y tan piadosa! Pero Dios los prueba y se encuentran en la situaci\u00f3n que acabo de indicaros: los moscovitas por un lado, los cosacos por otro; y todos ellos griegos, luteranos y cism\u00e1ticos. Ved a qu\u00e9 quedar\u00e1 reducido ese pobre reino, si Dios no pone la mano. Me han dicho que en algunas ciudades que tomaron al principio, han obligado incluso a los religiosos y religiosas a abrazar su religi\u00f3n, a observar sus ceremonias, a que vuelvan a bautizarse. Por eso pido a la compa\u00f1\u00eda que se interese por ese pobre reino, tanto m\u00e1s cuanto que se trata de la gloria de Dios y de la religi\u00f3n cat\u00f3lica, que probablemente ser\u00eda abolida; por el rey, que ha tenido con nosotros tanta consideraci\u00f3n y estaba a punto de hacer una nueva fundaci\u00f3n de la compa\u00f1\u00eda en Varsovia. Realmente, padres, cuando me han dado estas noticias, he quedado tan afligido que no s\u00e9 si alguna vez he sentido tanto alguna cosa; y en este mismo momento, siento una especie de dolor muy sensible, etc.<\/p>\n","protected":false},"excerpt":{"rendered":"<p>En la oraci\u00f3n conviene atender detalladamente a nuestros defectos. Elogio de la virtud de san Luis. Graves peligros que amenazan a Polonia. El padre Vicente alab\u00f3 a un sacerdote y a dos cl\u00e9rigos seminaristas por &#8230; <a href=\"https:\/\/vincentians.com\/es\/vicente-de-paul-conferencia-061-repeticion-de-la-oracion-del-25-de-agosto-de-1655\/\" class=\"more-link\">Read More<\/a><\/p>\n","protected":false},"author":4,"featured_media":393753,"comment_status":"open","ping_status":"open","sticky":false,"template":"","format":"standard","meta":{"jetpack_post_was_ever_published":false,"_jetpack_newsletter_access":"","_jetpack_dont_email_post_to_subs":false,"_jetpack_newsletter_tier_id":0,"_jetpack_memberships_contains_paywalled_content":false,"_jetpack_memberships_contains_paid_content":false,"footnotes":"","jetpack_publicize_message":"","jetpack_publicize_feature_enabled":true,"jetpack_social_post_already_shared":true,"jetpack_social_options":{"image_generator_settings":{"template":"highway","default_image_id":0,"font":"","enabled":false},"version":2}},"categories":[65],"tags":[147],"class_list":["post-12232","post","type-post","status-publish","format-standard","has-post-thumbnail","hentry","category-escritos-de-vicente-de-paul","tag-santo-domingo"],"yoast_head":"<!-- This site is optimized with the Yoast SEO plugin v26.3 - https:\/\/yoast.com\/wordpress\/plugins\/seo\/ -->\n<title>Vicente de Pa\u00fal, Conferencia 061: Repetici\u00f3n De La Oraci\u00f3n Del 25 De Agosto De 1655 - Somos Vicencianos<\/title>\n<meta name=\"robots\" content=\"index, follow, max-snippet:-1, max-image-preview:large, max-video-preview:-1\" \/>\n<link rel=\"canonical\" href=\"http:\/\/vincentians.com\/es\/vicente-de-paul-conferencia-061-repeticion-de-la-oracion-del-25-de-agosto-de-1655\/\" \/>\n<meta property=\"og:locale\" content=\"es_ES\" \/>\n<meta property=\"og:type\" content=\"article\" \/>\n<meta property=\"og:title\" content=\"Vicente de Pa\u00fal, Conferencia 061: Repetici\u00f3n De La Oraci\u00f3n Del 25 De Agosto De 1655 - Somos Vicencianos\" \/>\n<meta property=\"og:description\" content=\"En la oraci\u00f3n conviene atender detalladamente a nuestros defectos. Elogio de la virtud de san Luis. Graves peligros que amenazan a Polonia. El padre Vicente alab\u00f3 a un sacerdote y a dos cl\u00e9rigos seminaristas por ... Read More\" \/>\n<meta property=\"og:url\" content=\"http:\/\/vincentians.com\/es\/vicente-de-paul-conferencia-061-repeticion-de-la-oracion-del-25-de-agosto-de-1655\/\" \/>\n<meta property=\"og:site_name\" content=\"Somos Vicencianos\" \/>\n<meta property=\"article:publisher\" content=\"https:\/\/www.facebook.com\/WeAreVincentians\/\" \/>\n<meta property=\"article:author\" content=\"https:\/\/www.facebook.com\/JavierChento\" \/>\n<meta property=\"article:published_time\" content=\"2009-07-31T18:54:33+00:00\" \/>\n<meta property=\"article:modified_time\" content=\"2016-07-26T09:01:25+00:00\" \/>\n<meta property=\"og:image\" content=\"https:\/\/i0.wp.com\/vincentians.com\/es\/wp-content\/uploads\/sites\/11\/2016\/07\/escritos-vicente-de-paul.jpg?fit=1200%2C630\" \/>\n\t<meta property=\"og:image:width\" content=\"1200\" \/>\n\t<meta property=\"og:image:height\" content=\"630\" \/>\n\t<meta property=\"og:image:type\" content=\"image\/jpeg\" \/>\n<meta name=\"author\" content=\"Francisco Javier Fern\u00e1ndez Chento\" \/>\n<meta name=\"twitter:card\" content=\"summary_large_image\" \/>\n<meta name=\"twitter:creator\" content=\"@https:\/\/twitter.com\/javierchento\" \/>\n<meta name=\"twitter:site\" content=\"@WeVincentians\" \/>\n<meta name=\"twitter:label1\" content=\"Escrito por\" \/>\n\t<meta name=\"twitter:data1\" content=\"Francisco Javier Fern\u00e1ndez Chento\" \/>\n\t<meta name=\"twitter:label2\" content=\"Tiempo de lectura\" \/>\n\t<meta name=\"twitter:data2\" content=\"6 minutos\" \/>\n<script type=\"application\/ld+json\" class=\"yoast-schema-graph\">{\"@context\":\"https:\/\/schema.org\",\"@graph\":[{\"@type\":\"Article\",\"@id\":\"http:\/\/vincentians.com\/es\/vicente-de-paul-conferencia-061-repeticion-de-la-oracion-del-25-de-agosto-de-1655\/#article\",\"isPartOf\":{\"@id\":\"http:\/\/vincentians.com\/es\/vicente-de-paul-conferencia-061-repeticion-de-la-oracion-del-25-de-agosto-de-1655\/\"},\"author\":{\"name\":\"Francisco Javier Fern\u00e1ndez Chento\",\"@id\":\"https:\/\/vincentians.com\/es\/#\/schema\/person\/9623ef4d9aa3b2dfb8c061f1499288f2\"},\"headline\":\"Vicente de Pa\u00fal, Conferencia 061: Repetici\u00f3n De La Oraci\u00f3n Del 25 De Agosto De 1655\",\"datePublished\":\"2009-07-31T18:54:33+00:00\",\"dateModified\":\"2016-07-26T09:01:25+00:00\",\"mainEntityOfPage\":{\"@id\":\"http:\/\/vincentians.com\/es\/vicente-de-paul-conferencia-061-repeticion-de-la-oracion-del-25-de-agosto-de-1655\/\"},\"wordCount\":1152,\"commentCount\":0,\"publisher\":{\"@id\":\"https:\/\/vincentians.com\/es\/#organization\"},\"image\":{\"@id\":\"http:\/\/vincentians.com\/es\/vicente-de-paul-conferencia-061-repeticion-de-la-oracion-del-25-de-agosto-de-1655\/#primaryimage\"},\"thumbnailUrl\":\"https:\/\/i0.wp.com\/vincentians.com\/es\/wp-content\/uploads\/sites\/11\/2016\/07\/escritos-vicente-de-paul.jpg?fit=1200%2C630&ssl=1\",\"keywords\":[\"Santo Domingo\"],\"articleSection\":[\"Escritos de Vicente de Pa\u00fal\"],\"inLanguage\":\"es\",\"potentialAction\":[{\"@type\":\"CommentAction\",\"name\":\"Comment\",\"target\":[\"http:\/\/vincentians.com\/es\/vicente-de-paul-conferencia-061-repeticion-de-la-oracion-del-25-de-agosto-de-1655\/#respond\"]}]},{\"@type\":\"WebPage\",\"@id\":\"http:\/\/vincentians.com\/es\/vicente-de-paul-conferencia-061-repeticion-de-la-oracion-del-25-de-agosto-de-1655\/\",\"url\":\"http:\/\/vincentians.com\/es\/vicente-de-paul-conferencia-061-repeticion-de-la-oracion-del-25-de-agosto-de-1655\/\",\"name\":\"Vicente de Pa\u00fal, Conferencia 061: Repetici\u00f3n De La Oraci\u00f3n Del 25 De Agosto De 1655 - Somos Vicencianos\",\"isPartOf\":{\"@id\":\"https:\/\/vincentians.com\/es\/#website\"},\"primaryImageOfPage\":{\"@id\":\"http:\/\/vincentians.com\/es\/vicente-de-paul-conferencia-061-repeticion-de-la-oracion-del-25-de-agosto-de-1655\/#primaryimage\"},\"image\":{\"@id\":\"http:\/\/vincentians.com\/es\/vicente-de-paul-conferencia-061-repeticion-de-la-oracion-del-25-de-agosto-de-1655\/#primaryimage\"},\"thumbnailUrl\":\"https:\/\/i0.wp.com\/vincentians.com\/es\/wp-content\/uploads\/sites\/11\/2016\/07\/escritos-vicente-de-paul.jpg?fit=1200%2C630&ssl=1\",\"datePublished\":\"2009-07-31T18:54:33+00:00\",\"dateModified\":\"2016-07-26T09:01:25+00:00\",\"breadcrumb\":{\"@id\":\"http:\/\/vincentians.com\/es\/vicente-de-paul-conferencia-061-repeticion-de-la-oracion-del-25-de-agosto-de-1655\/#breadcrumb\"},\"inLanguage\":\"es\",\"potentialAction\":[{\"@type\":\"ReadAction\",\"target\":[\"http:\/\/vincentians.com\/es\/vicente-de-paul-conferencia-061-repeticion-de-la-oracion-del-25-de-agosto-de-1655\/\"]}]},{\"@type\":\"ImageObject\",\"inLanguage\":\"es\",\"@id\":\"http:\/\/vincentians.com\/es\/vicente-de-paul-conferencia-061-repeticion-de-la-oracion-del-25-de-agosto-de-1655\/#primaryimage\",\"url\":\"https:\/\/i0.wp.com\/vincentians.com\/es\/wp-content\/uploads\/sites\/11\/2016\/07\/escritos-vicente-de-paul.jpg?fit=1200%2C630&ssl=1\",\"contentUrl\":\"https:\/\/i0.wp.com\/vincentians.com\/es\/wp-content\/uploads\/sites\/11\/2016\/07\/escritos-vicente-de-paul.jpg?fit=1200%2C630&ssl=1\",\"width\":1200,\"height\":630},{\"@type\":\"BreadcrumbList\",\"@id\":\"http:\/\/vincentians.com\/es\/vicente-de-paul-conferencia-061-repeticion-de-la-oracion-del-25-de-agosto-de-1655\/#breadcrumb\",\"itemListElement\":[{\"@type\":\"ListItem\",\"position\":1,\"name\":\"Portada\",\"item\":\"https:\/\/vincentians.com\/es\/\"},{\"@type\":\"ListItem\",\"position\":2,\"name\":\"Vicente de Pa\u00fal, Conferencia 061: Repetici\u00f3n De La Oraci\u00f3n Del 25 De Agosto De 1655\"}]},{\"@type\":\"WebSite\",\"@id\":\"https:\/\/vincentians.com\/es\/#website\",\"url\":\"https:\/\/vincentians.com\/es\/\",\"name\":\"Somos Vicencianos\",\"description\":\"Know more to serve more\",\"publisher\":{\"@id\":\"https:\/\/vincentians.com\/es\/#organization\"},\"potentialAction\":[{\"@type\":\"SearchAction\",\"target\":{\"@type\":\"EntryPoint\",\"urlTemplate\":\"https:\/\/vincentians.com\/es\/?s={search_term_string}\"},\"query-input\":{\"@type\":\"PropertyValueSpecification\",\"valueRequired\":true,\"valueName\":\"search_term_string\"}}],\"inLanguage\":\"es\"},{\"@type\":\"Organization\",\"@id\":\"https:\/\/vincentians.com\/es\/#organization\",\"name\":\"The Vincentian Network\",\"url\":\"https:\/\/vincentians.com\/es\/\",\"logo\":{\"@type\":\"ImageObject\",\"inLanguage\":\"es\",\"@id\":\"https:\/\/vincentians.com\/es\/#\/schema\/logo\/image\/\",\"url\":\"https:\/\/i1.wp.com\/vincentians.com\/es\/wp-content\/uploads\/sites\/11\/2016\/06\/Vincentian-Network-logo-big.png?fit=778%2C778\",\"contentUrl\":\"https:\/\/i1.wp.com\/vincentians.com\/es\/wp-content\/uploads\/sites\/11\/2016\/06\/Vincentian-Network-logo-big.png?fit=778%2C778\",\"width\":778,\"height\":778,\"caption\":\"The Vincentian Network\"},\"image\":{\"@id\":\"https:\/\/vincentians.com\/es\/#\/schema\/logo\/image\/\"},\"sameAs\":[\"https:\/\/www.facebook.com\/WeAreVincentians\/\",\"https:\/\/x.com\/WeVincentians\"]},{\"@type\":\"Person\",\"@id\":\"https:\/\/vincentians.com\/es\/#\/schema\/person\/9623ef4d9aa3b2dfb8c061f1499288f2\",\"name\":\"Francisco Javier Fern\u00e1ndez Chento\",\"image\":{\"@type\":\"ImageObject\",\"inLanguage\":\"es\",\"@id\":\"https:\/\/vincentians.com\/es\/#\/schema\/person\/image\/\",\"url\":\"https:\/\/secure.gravatar.com\/avatar\/497d5cde87b4c3d097d0315953521681ba2cd523ee66e5077c3711f7021e65de?s=96&d=mm&r=g\",\"contentUrl\":\"https:\/\/secure.gravatar.com\/avatar\/497d5cde87b4c3d097d0315953521681ba2cd523ee66e5077c3711f7021e65de?s=96&d=mm&r=g\",\"caption\":\"Francisco Javier Fern\u00e1ndez Chento\"},\"description\":\"Director General y cofundador de La Red de Formaci\u00f3n Vicenciana. Javier es laico vicenciano, afiliado a la Congregaci\u00f3n de la Misi\u00f3n y miembro del Equipo de Misiones Populares de la provincia can\u00f3nica de Zaragoza (Espa\u00f1a) de la Congregaci\u00f3n de la Misi\u00f3n. Graduado en la Universidad Oberta de Catalunya con cuatro grados (Asistente de direcci\u00f3n, Gesti\u00f3n Administrativa, Recursos Humanos y Contabilidad Avanzada). Bil\u00edng\u00fce Espa\u00f1ol\/Ingl\u00e9s. gestiona y mantiene varias p\u00e1ginas web cristianas y vicencianas, incluida including La Red de Formaci\u00f3n Vicenciana, de la que es cofundador. Actualmente es responsable del \u00e1rea de Espa\u00f1ol de .famvin, la Red de Noticias de la Familia Vicenciana. Tambi\u00e9n es m\u00fasico cat\u00f3lico y ha editado varios discos. Es Director General y cofundador de Trovador, una reconocida compa\u00f1\u00eda discogr\u00e1fica critiana de Espa\u00f1a. Trabaja en las Tecnolog\u00edas de la Informaci\u00f3n, ofreciendo servicios de alojamiento, dise\u00f1o y mantenimiento Web, as\u00ed como asesoramiento, formaci\u00f3n y soluciones inform\u00e1ticas, gesti\u00f3n documental y digitalizaci\u00f3n de textos, edici\u00f3n y maquetaci\u00f3n de libros, revistas, flyers, etc.\",\"sameAs\":[\"http:\/\/chento.org\",\"https:\/\/www.facebook.com\/JavierChento\",\"https:\/\/x.com\/https:\/\/twitter.com\/javierchento\"],\"url\":\"https:\/\/vincentians.com\/es\/author\/chento\/\"}]}<\/script>\n<!-- \/ Yoast SEO plugin. -->","yoast_head_json":{"title":"Vicente de Pa\u00fal, Conferencia 061: Repetici\u00f3n De La Oraci\u00f3n Del 25 De Agosto De 1655 - Somos Vicencianos","robots":{"index":"index","follow":"follow","max-snippet":"max-snippet:-1","max-image-preview":"max-image-preview:large","max-video-preview":"max-video-preview:-1"},"canonical":"http:\/\/vincentians.com\/es\/vicente-de-paul-conferencia-061-repeticion-de-la-oracion-del-25-de-agosto-de-1655\/","og_locale":"es_ES","og_type":"article","og_title":"Vicente de Pa\u00fal, Conferencia 061: Repetici\u00f3n De La Oraci\u00f3n Del 25 De Agosto De 1655 - Somos Vicencianos","og_description":"En la oraci\u00f3n conviene atender detalladamente a nuestros defectos. Elogio de la virtud de san Luis. Graves peligros que amenazan a Polonia. El padre Vicente alab\u00f3 a un sacerdote y a dos cl\u00e9rigos seminaristas por ... Read More","og_url":"http:\/\/vincentians.com\/es\/vicente-de-paul-conferencia-061-repeticion-de-la-oracion-del-25-de-agosto-de-1655\/","og_site_name":"Somos Vicencianos","article_publisher":"https:\/\/www.facebook.com\/WeAreVincentians\/","article_author":"https:\/\/www.facebook.com\/JavierChento","article_published_time":"2009-07-31T18:54:33+00:00","article_modified_time":"2016-07-26T09:01:25+00:00","og_image":[{"width":1200,"height":630,"url":"https:\/\/i0.wp.com\/vincentians.com\/es\/wp-content\/uploads\/sites\/11\/2016\/07\/escritos-vicente-de-paul.jpg?fit=1200%2C630","type":"image\/jpeg"}],"author":"Francisco Javier Fern\u00e1ndez Chento","twitter_card":"summary_large_image","twitter_creator":"@https:\/\/twitter.com\/javierchento","twitter_site":"@WeVincentians","twitter_misc":{"Escrito por":"Francisco Javier Fern\u00e1ndez Chento","Tiempo de lectura":"6 minutos"},"schema":{"@context":"https:\/\/schema.org","@graph":[{"@type":"Article","@id":"http:\/\/vincentians.com\/es\/vicente-de-paul-conferencia-061-repeticion-de-la-oracion-del-25-de-agosto-de-1655\/#article","isPartOf":{"@id":"http:\/\/vincentians.com\/es\/vicente-de-paul-conferencia-061-repeticion-de-la-oracion-del-25-de-agosto-de-1655\/"},"author":{"name":"Francisco Javier Fern\u00e1ndez Chento","@id":"https:\/\/vincentians.com\/es\/#\/schema\/person\/9623ef4d9aa3b2dfb8c061f1499288f2"},"headline":"Vicente de Pa\u00fal, Conferencia 061: Repetici\u00f3n De La Oraci\u00f3n Del 25 De Agosto De 1655","datePublished":"2009-07-31T18:54:33+00:00","dateModified":"2016-07-26T09:01:25+00:00","mainEntityOfPage":{"@id":"http:\/\/vincentians.com\/es\/vicente-de-paul-conferencia-061-repeticion-de-la-oracion-del-25-de-agosto-de-1655\/"},"wordCount":1152,"commentCount":0,"publisher":{"@id":"https:\/\/vincentians.com\/es\/#organization"},"image":{"@id":"http:\/\/vincentians.com\/es\/vicente-de-paul-conferencia-061-repeticion-de-la-oracion-del-25-de-agosto-de-1655\/#primaryimage"},"thumbnailUrl":"https:\/\/i0.wp.com\/vincentians.com\/es\/wp-content\/uploads\/sites\/11\/2016\/07\/escritos-vicente-de-paul.jpg?fit=1200%2C630&ssl=1","keywords":["Santo Domingo"],"articleSection":["Escritos de Vicente de Pa\u00fal"],"inLanguage":"es","potentialAction":[{"@type":"CommentAction","name":"Comment","target":["http:\/\/vincentians.com\/es\/vicente-de-paul-conferencia-061-repeticion-de-la-oracion-del-25-de-agosto-de-1655\/#respond"]}]},{"@type":"WebPage","@id":"http:\/\/vincentians.com\/es\/vicente-de-paul-conferencia-061-repeticion-de-la-oracion-del-25-de-agosto-de-1655\/","url":"http:\/\/vincentians.com\/es\/vicente-de-paul-conferencia-061-repeticion-de-la-oracion-del-25-de-agosto-de-1655\/","name":"Vicente de Pa\u00fal, Conferencia 061: Repetici\u00f3n De La Oraci\u00f3n Del 25 De Agosto De 1655 - Somos Vicencianos","isPartOf":{"@id":"https:\/\/vincentians.com\/es\/#website"},"primaryImageOfPage":{"@id":"http:\/\/vincentians.com\/es\/vicente-de-paul-conferencia-061-repeticion-de-la-oracion-del-25-de-agosto-de-1655\/#primaryimage"},"image":{"@id":"http:\/\/vincentians.com\/es\/vicente-de-paul-conferencia-061-repeticion-de-la-oracion-del-25-de-agosto-de-1655\/#primaryimage"},"thumbnailUrl":"https:\/\/i0.wp.com\/vincentians.com\/es\/wp-content\/uploads\/sites\/11\/2016\/07\/escritos-vicente-de-paul.jpg?fit=1200%2C630&ssl=1","datePublished":"2009-07-31T18:54:33+00:00","dateModified":"2016-07-26T09:01:25+00:00","breadcrumb":{"@id":"http:\/\/vincentians.com\/es\/vicente-de-paul-conferencia-061-repeticion-de-la-oracion-del-25-de-agosto-de-1655\/#breadcrumb"},"inLanguage":"es","potentialAction":[{"@type":"ReadAction","target":["http:\/\/vincentians.com\/es\/vicente-de-paul-conferencia-061-repeticion-de-la-oracion-del-25-de-agosto-de-1655\/"]}]},{"@type":"ImageObject","inLanguage":"es","@id":"http:\/\/vincentians.com\/es\/vicente-de-paul-conferencia-061-repeticion-de-la-oracion-del-25-de-agosto-de-1655\/#primaryimage","url":"https:\/\/i0.wp.com\/vincentians.com\/es\/wp-content\/uploads\/sites\/11\/2016\/07\/escritos-vicente-de-paul.jpg?fit=1200%2C630&ssl=1","contentUrl":"https:\/\/i0.wp.com\/vincentians.com\/es\/wp-content\/uploads\/sites\/11\/2016\/07\/escritos-vicente-de-paul.jpg?fit=1200%2C630&ssl=1","width":1200,"height":630},{"@type":"BreadcrumbList","@id":"http:\/\/vincentians.com\/es\/vicente-de-paul-conferencia-061-repeticion-de-la-oracion-del-25-de-agosto-de-1655\/#breadcrumb","itemListElement":[{"@type":"ListItem","position":1,"name":"Portada","item":"https:\/\/vincentians.com\/es\/"},{"@type":"ListItem","position":2,"name":"Vicente de Pa\u00fal, Conferencia 061: Repetici\u00f3n De La Oraci\u00f3n Del 25 De Agosto De 1655"}]},{"@type":"WebSite","@id":"https:\/\/vincentians.com\/es\/#website","url":"https:\/\/vincentians.com\/es\/","name":"Somos Vicencianos","description":"Know more to serve more","publisher":{"@id":"https:\/\/vincentians.com\/es\/#organization"},"potentialAction":[{"@type":"SearchAction","target":{"@type":"EntryPoint","urlTemplate":"https:\/\/vincentians.com\/es\/?s={search_term_string}"},"query-input":{"@type":"PropertyValueSpecification","valueRequired":true,"valueName":"search_term_string"}}],"inLanguage":"es"},{"@type":"Organization","@id":"https:\/\/vincentians.com\/es\/#organization","name":"The Vincentian Network","url":"https:\/\/vincentians.com\/es\/","logo":{"@type":"ImageObject","inLanguage":"es","@id":"https:\/\/vincentians.com\/es\/#\/schema\/logo\/image\/","url":"https:\/\/i1.wp.com\/vincentians.com\/es\/wp-content\/uploads\/sites\/11\/2016\/06\/Vincentian-Network-logo-big.png?fit=778%2C778","contentUrl":"https:\/\/i1.wp.com\/vincentians.com\/es\/wp-content\/uploads\/sites\/11\/2016\/06\/Vincentian-Network-logo-big.png?fit=778%2C778","width":778,"height":778,"caption":"The Vincentian Network"},"image":{"@id":"https:\/\/vincentians.com\/es\/#\/schema\/logo\/image\/"},"sameAs":["https:\/\/www.facebook.com\/WeAreVincentians\/","https:\/\/x.com\/WeVincentians"]},{"@type":"Person","@id":"https:\/\/vincentians.com\/es\/#\/schema\/person\/9623ef4d9aa3b2dfb8c061f1499288f2","name":"Francisco Javier Fern\u00e1ndez Chento","image":{"@type":"ImageObject","inLanguage":"es","@id":"https:\/\/vincentians.com\/es\/#\/schema\/person\/image\/","url":"https:\/\/secure.gravatar.com\/avatar\/497d5cde87b4c3d097d0315953521681ba2cd523ee66e5077c3711f7021e65de?s=96&d=mm&r=g","contentUrl":"https:\/\/secure.gravatar.com\/avatar\/497d5cde87b4c3d097d0315953521681ba2cd523ee66e5077c3711f7021e65de?s=96&d=mm&r=g","caption":"Francisco Javier Fern\u00e1ndez Chento"},"description":"Director General y cofundador de La Red de Formaci\u00f3n Vicenciana. Javier es laico vicenciano, afiliado a la Congregaci\u00f3n de la Misi\u00f3n y miembro del Equipo de Misiones Populares de la provincia can\u00f3nica de Zaragoza (Espa\u00f1a) de la Congregaci\u00f3n de la Misi\u00f3n. Graduado en la Universidad Oberta de Catalunya con cuatro grados (Asistente de direcci\u00f3n, Gesti\u00f3n Administrativa, Recursos Humanos y Contabilidad Avanzada). Bil\u00edng\u00fce Espa\u00f1ol\/Ingl\u00e9s. gestiona y mantiene varias p\u00e1ginas web cristianas y vicencianas, incluida including La Red de Formaci\u00f3n Vicenciana, de la que es cofundador. Actualmente es responsable del \u00e1rea de Espa\u00f1ol de .famvin, la Red de Noticias de la Familia Vicenciana. Tambi\u00e9n es m\u00fasico cat\u00f3lico y ha editado varios discos. Es Director General y cofundador de Trovador, una reconocida compa\u00f1\u00eda discogr\u00e1fica critiana de Espa\u00f1a. Trabaja en las Tecnolog\u00edas de la Informaci\u00f3n, ofreciendo servicios de alojamiento, dise\u00f1o y mantenimiento Web, as\u00ed como asesoramiento, formaci\u00f3n y soluciones inform\u00e1ticas, gesti\u00f3n documental y digitalizaci\u00f3n de textos, edici\u00f3n y maquetaci\u00f3n de libros, revistas, flyers, etc.","sameAs":["http:\/\/chento.org","https:\/\/www.facebook.com\/JavierChento","https:\/\/x.com\/https:\/\/twitter.com\/javierchento"],"url":"https:\/\/vincentians.com\/es\/author\/chento\/"}]}},"jetpack_publicize_connections":[],"jetpack_featured_media_url":"https:\/\/i0.wp.com\/vincentians.com\/es\/wp-content\/uploads\/sites\/11\/2016\/07\/escritos-vicente-de-paul.jpg?fit=1200%2C630&ssl=1","jetpack_sharing_enabled":true,"jetpack_shortlink":"https:\/\/wp.me\/p7ETMF-3bi","jetpack-related-posts":[{"id":129151,"url":"https:\/\/vincentians.com\/es\/vida-contemplativa\/","url_meta":{"origin":12232,"position":0},"title":"Vida contemplativa","author":"Francisco Javier Fern\u00e1ndez Chento","date":"02\/03\/2014","format":false,"excerpt":"Aunque parezca extra\u00f1o, la exorbitante actividad de Luisa no destruy\u00f3 su experiencia de Dios, al contrario, la complet\u00f3. Luisa aparece en la historia de la espiritualidad como una de las mujeres m\u00e1s contemplativas; tan contemplativa como San Pablo, Santa Teresa o San Vicente de Pa\u00fal y tan activa como ellos.\u2026","rel":"","context":"En \u00abFormaci\u00f3n Vicenciana\u00bb","block_context":{"text":"Formaci\u00f3n Vicenciana","link":"https:\/\/vincentians.com\/es\/category\/formacion-vicenciana\/"},"img":{"alt_text":"cartel","src":"https:\/\/i0.wp.com\/vicencianos.org\/wp-content\/2014\/01\/cartel.jpg?resize=350%2C200","width":350,"height":200},"classes":[]},{"id":114809,"url":"https:\/\/vincentians.com\/es\/vicente-de-paul-carta-0994-luisa-de-marillac-a-san-vicente\/","url_meta":{"origin":12232,"position":1},"title":"Vicente de Pa\u00fal, Carta 0994: Luisa De Marillac A San Vicente","author":"Francisco Javier Fern\u00e1ndez Chento","date":"05\/11\/2012","format":false,"excerpt":"[Junio 1647] Padre: Si quisiera su caridad proponerle al due\u00f1o de la casa pr\u00f3xima a San Lorenzo que se alojase en los locales que tiene arrendados al cervecero, con la debida indemnizaci\u00f3n que la har\u00edan las damas, podr\u00edamos acomodar bien las cosas para los ni\u00f1os. No tengo m\u00e1s remedio que\u2026","rel":"","context":"En \u00abEscritos de Vicente de Pa\u00fal\u00bb","block_context":{"text":"Escritos de Vicente de Pa\u00fal","link":"https:\/\/vincentians.com\/es\/category\/escritos\/escritos-de-vicente-de-paul\/"},"img":{"alt_text":"","src":"https:\/\/i0.wp.com\/vincentians.com\/es\/wp-content\/uploads\/sites\/11\/2016\/07\/escritos-vicente-de-paul.jpg?fit=1200%2C630&ssl=1&resize=350%2C200","width":350,"height":200,"srcset":"https:\/\/i0.wp.com\/vincentians.com\/es\/wp-content\/uploads\/sites\/11\/2016\/07\/escritos-vicente-de-paul.jpg?fit=1200%2C630&ssl=1&resize=350%2C200 1x, https:\/\/i0.wp.com\/vincentians.com\/es\/wp-content\/uploads\/sites\/11\/2016\/07\/escritos-vicente-de-paul.jpg?fit=1200%2C630&ssl=1&resize=525%2C300 1.5x, https:\/\/i0.wp.com\/vincentians.com\/es\/wp-content\/uploads\/sites\/11\/2016\/07\/escritos-vicente-de-paul.jpg?fit=1200%2C630&ssl=1&resize=700%2C400 2x, https:\/\/i0.wp.com\/vincentians.com\/es\/wp-content\/uploads\/sites\/11\/2016\/07\/escritos-vicente-de-paul.jpg?fit=1200%2C630&ssl=1&resize=1050%2C600 3x"},"classes":[]},{"id":116635,"url":"https:\/\/vincentians.com\/es\/vicente-de-paul-carta-1041-luisa-de-marillac-a-san-vicente\/","url_meta":{"origin":12232,"position":2},"title":"Vicente de Pa\u00fal, Carta 1041: Luisa de Marillac a San Vicente","author":"Francisco Javier Fern\u00e1ndez Chento","date":"01\/01\/2013","format":false,"excerpt":"[Octubre 1647] Padre: Una buena se\u00f1ora, animada por la se\u00f1orita de Lamoignon y la disposici\u00f3n de la divina providencia, nos ha enviado cien escudos para los ni\u00f1os pobres. D\u00e9 gracias al Se\u00f1or en mi nombre y perm\u00edtame que le recuerde a usted el asunto de la hermana Juana Lepeintre. Le\u2026","rel":"","context":"En \u00abEscritos de Vicente de Pa\u00fal\u00bb","block_context":{"text":"Escritos de Vicente de Pa\u00fal","link":"https:\/\/vincentians.com\/es\/category\/escritos\/escritos-de-vicente-de-paul\/"},"img":{"alt_text":"","src":"https:\/\/i0.wp.com\/vincentians.com\/es\/wp-content\/uploads\/sites\/11\/2016\/07\/escritos-vicente-de-paul.jpg?fit=1200%2C630&ssl=1&resize=350%2C200","width":350,"height":200,"srcset":"https:\/\/i0.wp.com\/vincentians.com\/es\/wp-content\/uploads\/sites\/11\/2016\/07\/escritos-vicente-de-paul.jpg?fit=1200%2C630&ssl=1&resize=350%2C200 1x, https:\/\/i0.wp.com\/vincentians.com\/es\/wp-content\/uploads\/sites\/11\/2016\/07\/escritos-vicente-de-paul.jpg?fit=1200%2C630&ssl=1&resize=525%2C300 1.5x, https:\/\/i0.wp.com\/vincentians.com\/es\/wp-content\/uploads\/sites\/11\/2016\/07\/escritos-vicente-de-paul.jpg?fit=1200%2C630&ssl=1&resize=700%2C400 2x, https:\/\/i0.wp.com\/vincentians.com\/es\/wp-content\/uploads\/sites\/11\/2016\/07\/escritos-vicente-de-paul.jpg?fit=1200%2C630&ssl=1&resize=1050%2C600 3x"},"classes":[]},{"id":119354,"url":"https:\/\/vincentians.com\/es\/vicente-de-paul-carta-1118-luisa-de-marillac-a-san-vicente\/","url_meta":{"origin":12232,"position":3},"title":"Vicente de Pa\u00fal, Carta 1118: Luisa De Marillac A San Vicente","author":"Francisco Javier Fern\u00e1ndez Chento","date":"14\/04\/2013","format":false,"excerpt":"[Octubre 1648] Padre. No me acuerdo muy bien del asunto de que le escrib\u00eda el se\u00f1or p\u00e1rroco de Serqueux, pero me parece que se trataba de algo de las religiosas de cerca de Forges, a las que se acusa de una gran falta, por la que me parece que le\u2026","rel":"","context":"En \u00abEscritos de Vicente de Pa\u00fal\u00bb","block_context":{"text":"Escritos de Vicente de Pa\u00fal","link":"https:\/\/vincentians.com\/es\/category\/escritos\/escritos-de-vicente-de-paul\/"},"img":{"alt_text":"","src":"https:\/\/i0.wp.com\/vincentians.com\/es\/wp-content\/uploads\/sites\/11\/2016\/07\/escritos-vicente-de-paul.jpg?fit=1200%2C630&ssl=1&resize=350%2C200","width":350,"height":200,"srcset":"https:\/\/i0.wp.com\/vincentians.com\/es\/wp-content\/uploads\/sites\/11\/2016\/07\/escritos-vicente-de-paul.jpg?fit=1200%2C630&ssl=1&resize=350%2C200 1x, https:\/\/i0.wp.com\/vincentians.com\/es\/wp-content\/uploads\/sites\/11\/2016\/07\/escritos-vicente-de-paul.jpg?fit=1200%2C630&ssl=1&resize=525%2C300 1.5x, https:\/\/i0.wp.com\/vincentians.com\/es\/wp-content\/uploads\/sites\/11\/2016\/07\/escritos-vicente-de-paul.jpg?fit=1200%2C630&ssl=1&resize=700%2C400 2x, https:\/\/i0.wp.com\/vincentians.com\/es\/wp-content\/uploads\/sites\/11\/2016\/07\/escritos-vicente-de-paul.jpg?fit=1200%2C630&ssl=1&resize=1050%2C600 3x"},"classes":[]},{"id":101771,"url":"https:\/\/vincentians.com\/es\/orando-con-luisa-de-marillac\/","url_meta":{"origin":12232,"position":4},"title":"Orando con Luisa de Marillac","author":"Francisco Javier Fern\u00e1ndez Chento","date":"07\/04\/2015","format":false,"excerpt":"Las primeras Hijas de la Caridad quedaron impresiona\u00addos por la actitud orante de Luisa de Marillac. En las conferencias celebradas sobre las virtudes de la Srta. Le Gras, varias Hermanas pusieron de relieve su pro\u00adfunda uni\u00f3n con Dios: \"Siempre ten\u00eda su esp\u00edritu ocupado en Dios.\" \"Ten\u00eda mucha vida Interior y\u2026","rel":"","context":"En \u00abEspiritualidad vicenciana\u00bb","block_context":{"text":"Espiritualidad vicenciana","link":"https:\/\/vincentians.com\/es\/category\/espiritualidad\/espiritualidad-vicenciana\/"},"img":{"alt_text":"","src":"https:\/\/i0.wp.com\/vicencianos.org\/wp-content\/2011\/09\/rostros_luisa_09-225x300.jpg?resize=350%2C200","width":350,"height":200},"classes":[]},{"id":6177,"url":"https:\/\/vincentians.com\/es\/vicente-de-paul-carta-0278-a-luisa-de-marillac\/","url_meta":{"origin":12232,"position":5},"title":"Vicente de Pa\u00fal, Carta 0278: A Luisa De Marillac","author":"Francisco Javier Fern\u00e1ndez Chento","date":"29\/11\/2008","format":false,"excerpt":"Se\u00f1orita: \u00a1La devoci\u00f3n de los disc\u00edpulos de Nuestro Se\u00f1or reunidos para pedir la venida del Esp\u00edritu Santo ser\u00e1 siempre muy sensible a su coraz\u00f3n!. Me hubiera gustado mucho escuchar a esa buena joven de San Benito; pero \u00bfc\u00f3mo hacerlo con el viaje que tengo por delante? Aseg\u00farele que pedir\u00e9 a\u2026","rel":"","context":"En \u00abEscritos de Vicente de Pa\u00fal\u00bb","block_context":{"text":"Escritos de Vicente de Pa\u00fal","link":"https:\/\/vincentians.com\/es\/category\/escritos\/escritos-de-vicente-de-paul\/"},"img":{"alt_text":"","src":"https:\/\/i0.wp.com\/vincentians.com\/es\/wp-content\/uploads\/sites\/11\/2016\/07\/escritos-vicente-de-paul.jpg?fit=1200%2C630&ssl=1&resize=350%2C200","width":350,"height":200,"srcset":"https:\/\/i0.wp.com\/vincentians.com\/es\/wp-content\/uploads\/sites\/11\/2016\/07\/escritos-vicente-de-paul.jpg?fit=1200%2C630&ssl=1&resize=350%2C200 1x, https:\/\/i0.wp.com\/vincentians.com\/es\/wp-content\/uploads\/sites\/11\/2016\/07\/escritos-vicente-de-paul.jpg?fit=1200%2C630&ssl=1&resize=525%2C300 1.5x, https:\/\/i0.wp.com\/vincentians.com\/es\/wp-content\/uploads\/sites\/11\/2016\/07\/escritos-vicente-de-paul.jpg?fit=1200%2C630&ssl=1&resize=700%2C400 2x, https:\/\/i0.wp.com\/vincentians.com\/es\/wp-content\/uploads\/sites\/11\/2016\/07\/escritos-vicente-de-paul.jpg?fit=1200%2C630&ssl=1&resize=1050%2C600 3x"},"classes":[]}],"_links":{"self":[{"href":"https:\/\/vincentians.com\/es\/wp-json\/wp\/v2\/posts\/12232","targetHints":{"allow":["GET"]}}],"collection":[{"href":"https:\/\/vincentians.com\/es\/wp-json\/wp\/v2\/posts"}],"about":[{"href":"https:\/\/vincentians.com\/es\/wp-json\/wp\/v2\/types\/post"}],"author":[{"embeddable":true,"href":"https:\/\/vincentians.com\/es\/wp-json\/wp\/v2\/users\/4"}],"replies":[{"embeddable":true,"href":"https:\/\/vincentians.com\/es\/wp-json\/wp\/v2\/comments?post=12232"}],"version-history":[{"count":0,"href":"https:\/\/vincentians.com\/es\/wp-json\/wp\/v2\/posts\/12232\/revisions"}],"wp:featuredmedia":[{"embeddable":true,"href":"https:\/\/vincentians.com\/es\/wp-json\/wp\/v2\/media\/393753"}],"wp:attachment":[{"href":"https:\/\/vincentians.com\/es\/wp-json\/wp\/v2\/media?parent=12232"}],"wp:term":[{"taxonomy":"category","embeddable":true,"href":"https:\/\/vincentians.com\/es\/wp-json\/wp\/v2\/categories?post=12232"},{"taxonomy":"post_tag","embeddable":true,"href":"https:\/\/vincentians.com\/es\/wp-json\/wp\/v2\/tags?post=12232"}],"curies":[{"name":"wp","href":"https:\/\/api.w.org\/{rel}","templated":true}]}}