{"id":12164,"date":"2010-03-04T06:00:05","date_gmt":"2010-03-04T05:00:05","guid":{"rendered":"http:\/\/somos.vicencianos.org\/blog\/?p=12164"},"modified":"2010-03-04T06:00:05","modified_gmt":"2010-03-04T05:00:05","slug":"al-servicio-de-la-poblacion-haitiana","status":"publish","type":"post","link":"https:\/\/vincentians.com\/es\/al-servicio-de-la-poblacion-haitiana\/","title":{"rendered":"Al servicio de la poblaci\u00f3n Haitiana"},"content":{"rendered":"<p><a href=\"https:\/\/i0.wp.com\/vicencianos.org\/vicencianos\/files\/2010\/03\/hhcc-haiti-1.jpg\"><img data-recalc-dims=\"1\" loading=\"lazy\" decoding=\"async\" class=\"alignright size-medium wp-image-12165\" src=\"https:\/\/i0.wp.com\/vicencianos.org\/vicencianos\/files\/2010\/03\/hhcc-haiti-1-300x228.jpg?resize=300%2C228\" alt=\"\" width=\"300\" height=\"228\" \/><\/a>El 12 de enero de 2010 un se\u00edsmo de 7 grados de magnitud sacudi\u00f3 Hait\u00ed. El epicentro se encuentra a 25 Km. de Port-au-Prince, la capital. El 24 de enero tuvieron lugar otras 52 sacudidas de 4,5 \u00f3 m\u00e1s de magnitud. La Cruz Roja estima que cerca de 3 millones de personas han sido damnificadas por la cat\u00e1strofe, las autoridades haitianas confirman la muerte de m\u00e1s de 150.000 personas.<\/p>\n<p>Las primeras Hijas de la Caridad llegaron a Hait\u00ed en enero de 1973; procedentes de Puerto Rico. Actualmente son 31 Hermanas de 10 nacionalidades. Catorce son haitianas. Viven en 5 comunidades: 4 est\u00e1n en Port-au-Prince o cerca; la 5\u00aa en Gona\u00efves (ciudad al Oeste de Hait\u00ed). Las Hermanas sirven a los pobres en escuelas, dispensarios, centros sociales o en la Pastoral. Despu\u00e9s del se\u00edsmo Una de nuestras Hermanas &#8211; Sor Brigitte Pierre &#8211; muri\u00f3 en el se\u00edsmo y otras dos han perdido a miembros de su familia. Adem\u00e1s las Hermanas comparten la tristeza de todos: pobres, amigos, bienhechores, miembros de la familia Vicenciana, sacerdotes, religiosos\u2026 La situaci\u00f3n es descorazonadora.<br \/>\n<a href=\"http:\/\/3.bp.blogspot.com\/_J2JbLiWILWw\/S2sMvwbSidI\/AAAAAAAAAJM\/pytwzOzKVWc\/s1600-h\/snapshot%289%29.bmp\"><\/a><\/p>\n<p><a href=\"https:\/\/i0.wp.com\/vicencianos.org\/vicencianos\/files\/2010\/03\/hhcc-haiti-2.jpg\"><img data-recalc-dims=\"1\" loading=\"lazy\" decoding=\"async\" class=\"alignleft size-medium wp-image-12166\" src=\"https:\/\/i0.wp.com\/vicencianos.org\/vicencianos\/files\/2010\/03\/hhcc-haiti-2-300x229.jpg?resize=300%2C229\" alt=\"\" width=\"300\" height=\"229\" \/><\/a>Las casas de las Hermanas situadas en Port-au-Prince han sido da\u00f1adas gravemente por lo que las Hermanas se han quedado sin casa y viven en tiendas de campa\u00f1a. En medio del caos general, las Hermanas tratan de dispensar los servicios de base: cuidado de los enfermeros, nutrici\u00f3n, acompa\u00f1amiento. Inmediatamente despu\u00e9s del se\u00edsmo las Hermanas de Santo Domingo y Puerto Rico llegaron a Port-au-Prince para auxiliar a los heridos enviaron tambi\u00e9n provisiones desde Santo Domingo por cami\u00f3n y por v\u00eda a\u00e9rea desde Miami. Equipo de socorro de las Hijas de la Caridad<br \/>\n<a href=\"http:\/\/4.bp.blogspot.com\/_J2JbLiWILWw\/S2sNUwvT1sI\/AAAAAAAAAJU\/c72sOArphJc\/s1600-h\/snapshot%2815%29.bmp\"><\/a><\/p>\n<p>En respuesta a la llamada de la Compa\u00f1\u00eda, varias Provincias han ofrecido Hermanas enfermeras para Hait\u00ed como parte de un primer equipo de emergencia. Este equipo permanecer\u00e1 all\u00ed unos 3 meses y ser\u00e1 reemplazado por otras Hermanas. La generosidad de las Provincias ha sido extraordinaria: el 20 de enero llegaron v\u00eda Santo Domingo para ayudar a la poblaci\u00f3n 4 Hermanas de las Provincias de Albani (EE.UU.) y de Gran Breta\u00f1a. A principios de febrero llegar\u00e1n 10 Hermanas de las Provincias de Argentina, Bogot\u00e1, Cuba, Ciudad de M\u00e9xico, Paraguay, Madrid San Vicente, Pamplona y Sevilla. Informe de las Hijas de la Caridad de la Provincia de Gran Breta\u00f1a Sor Rita Quinn y Sor Joanna Danson con Sor Michelle y Sor Martha atienden ahora a los habitantes de Port-au-Prince. He aqu\u00ed el testimonio de una de ellas: Hemos ido a muchas embajadas y hemos obtenido ayuda de las embajadas espa\u00f1ola y espa\u00f1ola. Tambi\u00e9n nos hemos dirigido al Socorro Cat\u00f3lico que antes nos ha ayudado muchas veces y nos obtendr\u00e1n medicamentos, agua y comida. Es dif\u00edcil saber por donde empezar pero estamos intentado lo mejor que podemos.<br \/>\n<a href=\"http:\/\/2.bp.blogspot.com\/_J2JbLiWILWw\/S2sNxn1uBNI\/AAAAAAAAAJc\/m2EFd8pBABg\/s1600-h\/snapshot%2816%29.bmp\"><\/a><br \/>\n<a href=\"https:\/\/i0.wp.com\/vicencianos.org\/vicencianos\/files\/2010\/03\/hhcc-haiti-3.jpg\"><img data-recalc-dims=\"1\" loading=\"lazy\" decoding=\"async\" class=\"alignright size-medium wp-image-12167\" src=\"https:\/\/i0.wp.com\/vicencianos.org\/vicencianos\/files\/2010\/03\/hhcc-haiti-3-300x229.jpg?resize=300%2C229\" alt=\"\" width=\"300\" height=\"229\" \/><\/a>La tierra sigue temblando, con frecuencia las sacudidas s\u00f3lo duran algunos segundos, pero la sacudida es violenta y por unos momentos te hace sentir mareado. La situaci\u00f3n ahora es m\u00e1s esperanzada. Las Hermanas de la Casa provincial de Santo Domingo han sido formidables y han realizado diversos env\u00edos de material. La Congregaci\u00f3n de las Misiones Extrajeras de Par\u00eds ha venido incluso, enviada por Par\u00eds, para ver qu\u00e9 necesitamos. Hemos visto brevemente a Sor Joanna y Sor Martha y est\u00e1n bien. Tres Hermanas de Cluny han sido halladas vivas despu\u00e9s de 9 d\u00edas del se\u00edsmo. El centro de la ciudad est\u00e1 totalmente destruido y el olor es asfixiante.<br \/>\n<a href=\"http:\/\/4.bp.blogspot.com\/_J2JbLiWILWw\/S2sMGgVI8_I\/AAAAAAAAAJE\/UIYzEu1dfzU\/s1600-h\/snapshot%287%29.bmp\"><\/a><\/p>\n<p>Mirando hacia el porvenir En todo el pa\u00eds est\u00e1 decretado el estado de emergencia. De momento las Hermanas se esfuerzan por responder a las necesidades m\u00e1s urgentes; esa es la misi\u00f3n del equipo llegado como voluntario. Esperamos que los servicios propuestos por las Hermanas antes del se\u00edsmo puedan reabrirse en breve, en particular las escuelas. Las Hermanas, entonces, tendr\u00e1n que discernir c\u00f3mo responder a las pobrezas engendradas por este terremoto y como acompa\u00f1ar a la poblaci\u00f3n tan digna, cuya fe ha impresionado a todos. Virgen del Perpetuo Socorro, Patrona de Hait\u00ed, ruega por nosotros!<\/p>\n<p style=\"text-align: right\"><em>Fuente: Blog de la Residencia \u00abSagrado Coraz\u00f3n de Jes\u00fas\u00bb de Teruel (Espa\u00f1a)<\/em><\/p>\n","protected":false},"excerpt":{"rendered":"<p>El 12 de enero de 2010 un se\u00edsmo de 7 grados de magnitud sacudi\u00f3 Hait\u00ed. El epicentro se encuentra a 25 Km. de Port-au-Prince, la capital. El 24 de enero tuvieron lugar otras 52 sacudidas &#8230; <a href=\"https:\/\/vincentians.com\/es\/al-servicio-de-la-poblacion-haitiana\/\" class=\"more-link\">Read More<\/a><\/p>\n","protected":false},"author":4,"featured_media":0,"comment_status":"open","ping_status":"open","sticky":false,"template":"","format":"standard","meta":{"jetpack_post_was_ever_published":false,"_jetpack_newsletter_access":"","_jetpack_dont_email_post_to_subs":false,"_jetpack_newsletter_tier_id":0,"_jetpack_memberships_contains_paywalled_content":false,"_jetpack_memberships_contains_paid_content":false,"footnotes":"","jetpack_publicize_message":"","jetpack_publicize_feature_enabled":true,"jetpack_social_post_already_shared":true,"jetpack_social_options":{"image_generator_settings":{"template":"highway","default_image_id":0,"font":"","enabled":false},"version":2}},"categories":[199],"tags":[147],"class_list":["post-12164","post","type-post","status-publish","format-standard","hentry","category-hijas-de-la-caridad","tag-santo-domingo","no-post-thumbnail"],"yoast_head":"<!-- This site is optimized with the Yoast SEO plugin v26.3 - https:\/\/yoast.com\/wordpress\/plugins\/seo\/ -->\n<title>Al servicio de la poblaci\u00f3n Haitiana - Somos Vicencianos<\/title>\n<meta name=\"robots\" content=\"index, follow, max-snippet:-1, max-image-preview:large, max-video-preview:-1\" \/>\n<link rel=\"canonical\" href=\"https:\/\/vincentians.com\/es\/al-servicio-de-la-poblacion-haitiana\/\" \/>\n<meta property=\"og:locale\" content=\"es_ES\" \/>\n<meta property=\"og:type\" content=\"article\" \/>\n<meta property=\"og:title\" content=\"Al servicio de la poblaci\u00f3n Haitiana - Somos Vicencianos\" \/>\n<meta property=\"og:description\" content=\"El 12 de enero de 2010 un se\u00edsmo de 7 grados de magnitud sacudi\u00f3 Hait\u00ed. El epicentro se encuentra a 25 Km. de Port-au-Prince, la capital. El 24 de enero tuvieron lugar otras 52 sacudidas ... Read More\" \/>\n<meta property=\"og:url\" content=\"https:\/\/vincentians.com\/es\/al-servicio-de-la-poblacion-haitiana\/\" \/>\n<meta property=\"og:site_name\" content=\"Somos Vicencianos\" \/>\n<meta property=\"article:publisher\" content=\"https:\/\/www.facebook.com\/WeAreVincentians\/\" \/>\n<meta property=\"article:author\" content=\"https:\/\/www.facebook.com\/JavierChento\" \/>\n<meta property=\"article:published_time\" content=\"2010-03-04T05:00:05+00:00\" \/>\n<meta property=\"og:image\" content=\"http:\/\/vicencianos.org\/vicencianos\/files\/2010\/03\/hhcc-haiti-1-300x228.jpg\" \/>\n<meta name=\"author\" content=\"Francisco Javier Fern\u00e1ndez Chento\" \/>\n<meta name=\"twitter:card\" content=\"summary_large_image\" \/>\n<meta name=\"twitter:creator\" content=\"@https:\/\/twitter.com\/javierchento\" \/>\n<meta name=\"twitter:site\" content=\"@WeVincentians\" \/>\n<meta name=\"twitter:label1\" content=\"Escrito por\" \/>\n\t<meta name=\"twitter:data1\" content=\"Francisco Javier Fern\u00e1ndez Chento\" \/>\n\t<meta name=\"twitter:label2\" content=\"Tiempo de lectura\" \/>\n\t<meta name=\"twitter:data2\" content=\"4 minutos\" \/>\n<script type=\"application\/ld+json\" class=\"yoast-schema-graph\">{\"@context\":\"https:\/\/schema.org\",\"@graph\":[{\"@type\":\"Article\",\"@id\":\"https:\/\/vincentians.com\/es\/al-servicio-de-la-poblacion-haitiana\/#article\",\"isPartOf\":{\"@id\":\"https:\/\/vincentians.com\/es\/al-servicio-de-la-poblacion-haitiana\/\"},\"author\":{\"name\":\"Francisco Javier Fern\u00e1ndez Chento\",\"@id\":\"https:\/\/vincentians.com\/es\/#\/schema\/person\/9623ef4d9aa3b2dfb8c061f1499288f2\"},\"headline\":\"Al servicio de la poblaci\u00f3n Haitiana\",\"datePublished\":\"2010-03-04T05:00:05+00:00\",\"mainEntityOfPage\":{\"@id\":\"https:\/\/vincentians.com\/es\/al-servicio-de-la-poblacion-haitiana\/\"},\"wordCount\":709,\"commentCount\":0,\"publisher\":{\"@id\":\"https:\/\/vincentians.com\/es\/#organization\"},\"image\":{\"@id\":\"https:\/\/vincentians.com\/es\/al-servicio-de-la-poblacion-haitiana\/#primaryimage\"},\"thumbnailUrl\":\"http:\/\/vicencianos.org\/vicencianos\/files\/2010\/03\/hhcc-haiti-1-300x228.jpg\",\"keywords\":[\"Santo Domingo\"],\"articleSection\":[\"Hijas de la Caridad\"],\"inLanguage\":\"es\",\"potentialAction\":[{\"@type\":\"CommentAction\",\"name\":\"Comment\",\"target\":[\"https:\/\/vincentians.com\/es\/al-servicio-de-la-poblacion-haitiana\/#respond\"]}]},{\"@type\":\"WebPage\",\"@id\":\"https:\/\/vincentians.com\/es\/al-servicio-de-la-poblacion-haitiana\/\",\"url\":\"https:\/\/vincentians.com\/es\/al-servicio-de-la-poblacion-haitiana\/\",\"name\":\"Al servicio de la poblaci\u00f3n Haitiana - Somos Vicencianos\",\"isPartOf\":{\"@id\":\"https:\/\/vincentians.com\/es\/#website\"},\"primaryImageOfPage\":{\"@id\":\"https:\/\/vincentians.com\/es\/al-servicio-de-la-poblacion-haitiana\/#primaryimage\"},\"image\":{\"@id\":\"https:\/\/vincentians.com\/es\/al-servicio-de-la-poblacion-haitiana\/#primaryimage\"},\"thumbnailUrl\":\"http:\/\/vicencianos.org\/vicencianos\/files\/2010\/03\/hhcc-haiti-1-300x228.jpg\",\"datePublished\":\"2010-03-04T05:00:05+00:00\",\"breadcrumb\":{\"@id\":\"https:\/\/vincentians.com\/es\/al-servicio-de-la-poblacion-haitiana\/#breadcrumb\"},\"inLanguage\":\"es\",\"potentialAction\":[{\"@type\":\"ReadAction\",\"target\":[\"https:\/\/vincentians.com\/es\/al-servicio-de-la-poblacion-haitiana\/\"]}]},{\"@type\":\"ImageObject\",\"inLanguage\":\"es\",\"@id\":\"https:\/\/vincentians.com\/es\/al-servicio-de-la-poblacion-haitiana\/#primaryimage\",\"url\":\"http:\/\/vicencianos.org\/vicencianos\/files\/2010\/03\/hhcc-haiti-1-300x228.jpg\",\"contentUrl\":\"http:\/\/vicencianos.org\/vicencianos\/files\/2010\/03\/hhcc-haiti-1-300x228.jpg\"},{\"@type\":\"BreadcrumbList\",\"@id\":\"https:\/\/vincentians.com\/es\/al-servicio-de-la-poblacion-haitiana\/#breadcrumb\",\"itemListElement\":[{\"@type\":\"ListItem\",\"position\":1,\"name\":\"Portada\",\"item\":\"https:\/\/vincentians.com\/es\/\"},{\"@type\":\"ListItem\",\"position\":2,\"name\":\"Al servicio de la poblaci\u00f3n Haitiana\"}]},{\"@type\":\"WebSite\",\"@id\":\"https:\/\/vincentians.com\/es\/#website\",\"url\":\"https:\/\/vincentians.com\/es\/\",\"name\":\"Somos Vicencianos\",\"description\":\"Know more to serve more\",\"publisher\":{\"@id\":\"https:\/\/vincentians.com\/es\/#organization\"},\"potentialAction\":[{\"@type\":\"SearchAction\",\"target\":{\"@type\":\"EntryPoint\",\"urlTemplate\":\"https:\/\/vincentians.com\/es\/?s={search_term_string}\"},\"query-input\":{\"@type\":\"PropertyValueSpecification\",\"valueRequired\":true,\"valueName\":\"search_term_string\"}}],\"inLanguage\":\"es\"},{\"@type\":\"Organization\",\"@id\":\"https:\/\/vincentians.com\/es\/#organization\",\"name\":\"The Vincentian Network\",\"url\":\"https:\/\/vincentians.com\/es\/\",\"logo\":{\"@type\":\"ImageObject\",\"inLanguage\":\"es\",\"@id\":\"https:\/\/vincentians.com\/es\/#\/schema\/logo\/image\/\",\"url\":\"https:\/\/i1.wp.com\/vincentians.com\/es\/wp-content\/uploads\/sites\/11\/2016\/06\/Vincentian-Network-logo-big.png?fit=778%2C778\",\"contentUrl\":\"https:\/\/i1.wp.com\/vincentians.com\/es\/wp-content\/uploads\/sites\/11\/2016\/06\/Vincentian-Network-logo-big.png?fit=778%2C778\",\"width\":778,\"height\":778,\"caption\":\"The Vincentian Network\"},\"image\":{\"@id\":\"https:\/\/vincentians.com\/es\/#\/schema\/logo\/image\/\"},\"sameAs\":[\"https:\/\/www.facebook.com\/WeAreVincentians\/\",\"https:\/\/x.com\/WeVincentians\"]},{\"@type\":\"Person\",\"@id\":\"https:\/\/vincentians.com\/es\/#\/schema\/person\/9623ef4d9aa3b2dfb8c061f1499288f2\",\"name\":\"Francisco Javier Fern\u00e1ndez Chento\",\"image\":{\"@type\":\"ImageObject\",\"inLanguage\":\"es\",\"@id\":\"https:\/\/vincentians.com\/es\/#\/schema\/person\/image\/\",\"url\":\"https:\/\/secure.gravatar.com\/avatar\/497d5cde87b4c3d097d0315953521681ba2cd523ee66e5077c3711f7021e65de?s=96&d=mm&r=g\",\"contentUrl\":\"https:\/\/secure.gravatar.com\/avatar\/497d5cde87b4c3d097d0315953521681ba2cd523ee66e5077c3711f7021e65de?s=96&d=mm&r=g\",\"caption\":\"Francisco Javier Fern\u00e1ndez Chento\"},\"description\":\"Director General y cofundador de La Red de Formaci\u00f3n Vicenciana. Javier es laico vicenciano, afiliado a la Congregaci\u00f3n de la Misi\u00f3n y miembro del Equipo de Misiones Populares de la provincia can\u00f3nica de Zaragoza (Espa\u00f1a) de la Congregaci\u00f3n de la Misi\u00f3n. Graduado en la Universidad Oberta de Catalunya con cuatro grados (Asistente de direcci\u00f3n, Gesti\u00f3n Administrativa, Recursos Humanos y Contabilidad Avanzada). Bil\u00edng\u00fce Espa\u00f1ol\/Ingl\u00e9s. gestiona y mantiene varias p\u00e1ginas web cristianas y vicencianas, incluida including La Red de Formaci\u00f3n Vicenciana, de la que es cofundador. Actualmente es responsable del \u00e1rea de Espa\u00f1ol de .famvin, la Red de Noticias de la Familia Vicenciana. Tambi\u00e9n es m\u00fasico cat\u00f3lico y ha editado varios discos. Es Director General y cofundador de Trovador, una reconocida compa\u00f1\u00eda discogr\u00e1fica critiana de Espa\u00f1a. Trabaja en las Tecnolog\u00edas de la Informaci\u00f3n, ofreciendo servicios de alojamiento, dise\u00f1o y mantenimiento Web, as\u00ed como asesoramiento, formaci\u00f3n y soluciones inform\u00e1ticas, gesti\u00f3n documental y digitalizaci\u00f3n de textos, edici\u00f3n y maquetaci\u00f3n de libros, revistas, flyers, etc.\",\"sameAs\":[\"http:\/\/chento.org\",\"https:\/\/www.facebook.com\/JavierChento\",\"https:\/\/x.com\/https:\/\/twitter.com\/javierchento\"],\"url\":\"https:\/\/vincentians.com\/es\/author\/chento\/\"}]}<\/script>\n<!-- \/ Yoast SEO plugin. -->","yoast_head_json":{"title":"Al servicio de la poblaci\u00f3n Haitiana - Somos Vicencianos","robots":{"index":"index","follow":"follow","max-snippet":"max-snippet:-1","max-image-preview":"max-image-preview:large","max-video-preview":"max-video-preview:-1"},"canonical":"https:\/\/vincentians.com\/es\/al-servicio-de-la-poblacion-haitiana\/","og_locale":"es_ES","og_type":"article","og_title":"Al servicio de la poblaci\u00f3n Haitiana - Somos Vicencianos","og_description":"El 12 de enero de 2010 un se\u00edsmo de 7 grados de magnitud sacudi\u00f3 Hait\u00ed. El epicentro se encuentra a 25 Km. de Port-au-Prince, la capital. El 24 de enero tuvieron lugar otras 52 sacudidas ... Read More","og_url":"https:\/\/vincentians.com\/es\/al-servicio-de-la-poblacion-haitiana\/","og_site_name":"Somos Vicencianos","article_publisher":"https:\/\/www.facebook.com\/WeAreVincentians\/","article_author":"https:\/\/www.facebook.com\/JavierChento","article_published_time":"2010-03-04T05:00:05+00:00","og_image":[{"url":"http:\/\/vicencianos.org\/vicencianos\/files\/2010\/03\/hhcc-haiti-1-300x228.jpg","type":"","width":"","height":""}],"author":"Francisco Javier Fern\u00e1ndez Chento","twitter_card":"summary_large_image","twitter_creator":"@https:\/\/twitter.com\/javierchento","twitter_site":"@WeVincentians","twitter_misc":{"Escrito por":"Francisco Javier Fern\u00e1ndez Chento","Tiempo de lectura":"4 minutos"},"schema":{"@context":"https:\/\/schema.org","@graph":[{"@type":"Article","@id":"https:\/\/vincentians.com\/es\/al-servicio-de-la-poblacion-haitiana\/#article","isPartOf":{"@id":"https:\/\/vincentians.com\/es\/al-servicio-de-la-poblacion-haitiana\/"},"author":{"name":"Francisco Javier Fern\u00e1ndez Chento","@id":"https:\/\/vincentians.com\/es\/#\/schema\/person\/9623ef4d9aa3b2dfb8c061f1499288f2"},"headline":"Al servicio de la poblaci\u00f3n Haitiana","datePublished":"2010-03-04T05:00:05+00:00","mainEntityOfPage":{"@id":"https:\/\/vincentians.com\/es\/al-servicio-de-la-poblacion-haitiana\/"},"wordCount":709,"commentCount":0,"publisher":{"@id":"https:\/\/vincentians.com\/es\/#organization"},"image":{"@id":"https:\/\/vincentians.com\/es\/al-servicio-de-la-poblacion-haitiana\/#primaryimage"},"thumbnailUrl":"http:\/\/vicencianos.org\/vicencianos\/files\/2010\/03\/hhcc-haiti-1-300x228.jpg","keywords":["Santo Domingo"],"articleSection":["Hijas de la Caridad"],"inLanguage":"es","potentialAction":[{"@type":"CommentAction","name":"Comment","target":["https:\/\/vincentians.com\/es\/al-servicio-de-la-poblacion-haitiana\/#respond"]}]},{"@type":"WebPage","@id":"https:\/\/vincentians.com\/es\/al-servicio-de-la-poblacion-haitiana\/","url":"https:\/\/vincentians.com\/es\/al-servicio-de-la-poblacion-haitiana\/","name":"Al servicio de la poblaci\u00f3n Haitiana - Somos Vicencianos","isPartOf":{"@id":"https:\/\/vincentians.com\/es\/#website"},"primaryImageOfPage":{"@id":"https:\/\/vincentians.com\/es\/al-servicio-de-la-poblacion-haitiana\/#primaryimage"},"image":{"@id":"https:\/\/vincentians.com\/es\/al-servicio-de-la-poblacion-haitiana\/#primaryimage"},"thumbnailUrl":"http:\/\/vicencianos.org\/vicencianos\/files\/2010\/03\/hhcc-haiti-1-300x228.jpg","datePublished":"2010-03-04T05:00:05+00:00","breadcrumb":{"@id":"https:\/\/vincentians.com\/es\/al-servicio-de-la-poblacion-haitiana\/#breadcrumb"},"inLanguage":"es","potentialAction":[{"@type":"ReadAction","target":["https:\/\/vincentians.com\/es\/al-servicio-de-la-poblacion-haitiana\/"]}]},{"@type":"ImageObject","inLanguage":"es","@id":"https:\/\/vincentians.com\/es\/al-servicio-de-la-poblacion-haitiana\/#primaryimage","url":"http:\/\/vicencianos.org\/vicencianos\/files\/2010\/03\/hhcc-haiti-1-300x228.jpg","contentUrl":"http:\/\/vicencianos.org\/vicencianos\/files\/2010\/03\/hhcc-haiti-1-300x228.jpg"},{"@type":"BreadcrumbList","@id":"https:\/\/vincentians.com\/es\/al-servicio-de-la-poblacion-haitiana\/#breadcrumb","itemListElement":[{"@type":"ListItem","position":1,"name":"Portada","item":"https:\/\/vincentians.com\/es\/"},{"@type":"ListItem","position":2,"name":"Al servicio de la poblaci\u00f3n Haitiana"}]},{"@type":"WebSite","@id":"https:\/\/vincentians.com\/es\/#website","url":"https:\/\/vincentians.com\/es\/","name":"Somos Vicencianos","description":"Know more to serve more","publisher":{"@id":"https:\/\/vincentians.com\/es\/#organization"},"potentialAction":[{"@type":"SearchAction","target":{"@type":"EntryPoint","urlTemplate":"https:\/\/vincentians.com\/es\/?s={search_term_string}"},"query-input":{"@type":"PropertyValueSpecification","valueRequired":true,"valueName":"search_term_string"}}],"inLanguage":"es"},{"@type":"Organization","@id":"https:\/\/vincentians.com\/es\/#organization","name":"The Vincentian Network","url":"https:\/\/vincentians.com\/es\/","logo":{"@type":"ImageObject","inLanguage":"es","@id":"https:\/\/vincentians.com\/es\/#\/schema\/logo\/image\/","url":"https:\/\/i1.wp.com\/vincentians.com\/es\/wp-content\/uploads\/sites\/11\/2016\/06\/Vincentian-Network-logo-big.png?fit=778%2C778","contentUrl":"https:\/\/i1.wp.com\/vincentians.com\/es\/wp-content\/uploads\/sites\/11\/2016\/06\/Vincentian-Network-logo-big.png?fit=778%2C778","width":778,"height":778,"caption":"The Vincentian Network"},"image":{"@id":"https:\/\/vincentians.com\/es\/#\/schema\/logo\/image\/"},"sameAs":["https:\/\/www.facebook.com\/WeAreVincentians\/","https:\/\/x.com\/WeVincentians"]},{"@type":"Person","@id":"https:\/\/vincentians.com\/es\/#\/schema\/person\/9623ef4d9aa3b2dfb8c061f1499288f2","name":"Francisco Javier Fern\u00e1ndez Chento","image":{"@type":"ImageObject","inLanguage":"es","@id":"https:\/\/vincentians.com\/es\/#\/schema\/person\/image\/","url":"https:\/\/secure.gravatar.com\/avatar\/497d5cde87b4c3d097d0315953521681ba2cd523ee66e5077c3711f7021e65de?s=96&d=mm&r=g","contentUrl":"https:\/\/secure.gravatar.com\/avatar\/497d5cde87b4c3d097d0315953521681ba2cd523ee66e5077c3711f7021e65de?s=96&d=mm&r=g","caption":"Francisco Javier Fern\u00e1ndez Chento"},"description":"Director General y cofundador de La Red de Formaci\u00f3n Vicenciana. Javier es laico vicenciano, afiliado a la Congregaci\u00f3n de la Misi\u00f3n y miembro del Equipo de Misiones Populares de la provincia can\u00f3nica de Zaragoza (Espa\u00f1a) de la Congregaci\u00f3n de la Misi\u00f3n. Graduado en la Universidad Oberta de Catalunya con cuatro grados (Asistente de direcci\u00f3n, Gesti\u00f3n Administrativa, Recursos Humanos y Contabilidad Avanzada). Bil\u00edng\u00fce Espa\u00f1ol\/Ingl\u00e9s. gestiona y mantiene varias p\u00e1ginas web cristianas y vicencianas, incluida including La Red de Formaci\u00f3n Vicenciana, de la que es cofundador. Actualmente es responsable del \u00e1rea de Espa\u00f1ol de .famvin, la Red de Noticias de la Familia Vicenciana. Tambi\u00e9n es m\u00fasico cat\u00f3lico y ha editado varios discos. Es Director General y cofundador de Trovador, una reconocida compa\u00f1\u00eda discogr\u00e1fica critiana de Espa\u00f1a. Trabaja en las Tecnolog\u00edas de la Informaci\u00f3n, ofreciendo servicios de alojamiento, dise\u00f1o y mantenimiento Web, as\u00ed como asesoramiento, formaci\u00f3n y soluciones inform\u00e1ticas, gesti\u00f3n documental y digitalizaci\u00f3n de textos, edici\u00f3n y maquetaci\u00f3n de libros, revistas, flyers, etc.","sameAs":["http:\/\/chento.org","https:\/\/www.facebook.com\/JavierChento","https:\/\/x.com\/https:\/\/twitter.com\/javierchento"],"url":"https:\/\/vincentians.com\/es\/author\/chento\/"}]}},"jetpack_publicize_connections":[],"jetpack_featured_media_url":"","jetpack_sharing_enabled":true,"jetpack_shortlink":"https:\/\/wp.me\/p7ETMF-3ac","jetpack-related-posts":[{"id":17339,"url":"https:\/\/vincentians.com\/es\/el-trabajo-de-las-hijas-de-la-caridad-en-haiti\/","url_meta":{"origin":12164,"position":0},"title":"El trabajo de las Hijas de la Caridad en Hait\u00ed","author":"Francisco Javier Fern\u00e1ndez Chento","date":"09\/11\/2013","format":false,"excerpt":"Cit\u00e9 Soleil es como la barriada de la pel\u00edcula 'Ciudad de Dios' de Fernando Meirelles, la trepidante cinta que muestra la miseria y la delincuencia de una de las favelas de R\u00edo de Janeiro. All\u00e1 donde la vida no vale ni un real y la venganza a tiros es moneda\u2026","rel":"","context":"En \u00abHijas de la Caridad\u00bb","block_context":{"text":"Hijas de la Caridad","link":"https:\/\/vincentians.com\/es\/category\/la-familia-vicenciana\/ramas\/hijas-de-la-caridad\/"},"img":{"alt_text":"Las Hijas de la Caridad en Hait\u00ed","src":"https:\/\/i0.wp.com\/vicencianos.org\/vicencianos\/files\/2010\/04\/Haiti-43-300x224.jpg?resize=350%2C200","width":350,"height":200},"classes":[]},{"id":11275,"url":"https:\/\/vincentians.com\/es\/hermana-metase-en-casa-que-vamos-a-empezar-a-disparar\/","url_meta":{"origin":12164,"position":1},"title":"&#8216;Hermana, m\u00e9tase en casa que vamos a empezar a disparar&#8217;","author":"Francisco Javier Fern\u00e1ndez Chento","date":"17\/02\/2010","format":false,"excerpt":"Cit\u00e9 Soleil es como la barriada de la pel\u00edcula 'Ciudad de Dios' de Fernando Meirelles, la trepidante cinta que muestra la miseria y la delincuencia de una de las favelas de R\u00edo de Janeiro. All\u00e1 donde la vida no vale ni un real y la venganza a tiros es moneda\u2026","rel":"","context":"En \u00abHijas de la Caridad\u00bb","block_context":{"text":"Hijas de la Caridad","link":"https:\/\/vincentians.com\/es\/category\/la-familia-vicenciana\/ramas\/hijas-de-la-caridad\/"},"img":{"alt_text":"","src":"https:\/\/i0.wp.com\/vicencianos.org\/vicencianos\/files\/2010\/02\/1266365765_0.jpg?resize=350%2C200","width":350,"height":200,"srcset":"https:\/\/i0.wp.com\/vicencianos.org\/vicencianos\/files\/2010\/02\/1266365765_0.jpg?resize=350%2C200 1x, https:\/\/i0.wp.com\/vicencianos.org\/vicencianos\/files\/2010\/02\/1266365765_0.jpg?resize=525%2C300 1.5x"},"classes":[]},{"id":11599,"url":"https:\/\/vincentians.com\/es\/vino-solidario-para-haiti\/","url_meta":{"origin":12164,"position":2},"title":"Vino solidario para Hait\u00ed","author":"Francisco Javier Fern\u00e1ndez Chento","date":"23\/02\/2010","format":false,"excerpt":"Las instalaciones de las Hijas de la Caridad de San Vicente de Pa\u00fal a las afueras de Puerto Pr\u00edncipe est\u00e1n muy da\u00f1adas. Tanto que las monjas duermen en tiendas de campa\u00f1a en el patio. Duermen as\u00ed desde hace una semana, cuando consiguieron las tiendas, antes apenas ten\u00edan unos toldos para\u2026","rel":"","context":"En \u00abHijas de la Caridad\u00bb","block_context":{"text":"Hijas de la Caridad","link":"https:\/\/vincentians.com\/es\/category\/la-familia-vicenciana\/ramas\/hijas-de-la-caridad\/"},"img":{"alt_text":"","src":"https:\/\/i0.wp.com\/vicencianos.org\/vicencianos\/files\/2010\/02\/citi2-300x200.jpg?resize=350%2C200","width":350,"height":200},"classes":[]},{"id":12185,"url":"https:\/\/vincentians.com\/es\/tres-hermanas-partieron-hacia-haiti-el-3-de-febrero-de-2010\/","url_meta":{"origin":12164,"position":3},"title":"Tres Hermanas partieron hacia Hait\u00ed el 3 de febrero de 2010","author":"Francisco Javier Fern\u00e1ndez Chento","date":"03\/03\/2010","format":false,"excerpt":"Entrevista (previa a su salida) hecha a Sor Asunci\u00f3n Vendrell, Sor Carmen Bazarra y Sor M\u00f3nica, Hermanas que partieron hacia Hait\u00ed el 3 de febrero. \"He o\u00eddo el clamor de mi pueblo\"\u2026 leemos en la sagrada Escritura. \u00bfQu\u00e9 clamor interior, que nace de la situaci\u00f3n externa, os ha movido o\u2026","rel":"","context":"En \u00abHijas de la Caridad\u00bb","block_context":{"text":"Hijas de la Caridad","link":"https:\/\/vincentians.com\/es\/category\/la-familia-vicenciana\/ramas\/hijas-de-la-caridad\/"},"img":{"alt_text":"","src":"https:\/\/i0.wp.com\/vicencianos.org\/vicencianos\/files\/2010\/03\/entrevista-sor.jpg?resize=350%2C200","width":350,"height":200},"classes":[]},{"id":13265,"url":"https:\/\/vincentians.com\/es\/la-dificil-tarea-de-aprender-a-ser-madre-en-haiti\/","url_meta":{"origin":12164,"position":4},"title":"La dif\u00edcil tarea de aprender a ser madre en Hait\u00ed","author":"Francisco Javier Fern\u00e1ndez Chento","date":"16\/09\/2013","format":false,"excerpt":"La ciudad de Puerto Pr\u00edncipe, una ca\u00f3tica capital que impacta por su pobreza y su insalubridad, esconde tambi\u00e9n agradables sorpresas, como un centro donde decenas de j\u00f3venes madres haitianas aprenden a \"querer\" a sus bebes, en muchos casos hijos no deseados. En medio del caos de 'Cit\u00e9 Soleil', uno de\u2026","rel":"","context":"En \u00abHijas de la Caridad\u00bb","block_context":{"text":"Hijas de la Caridad","link":"https:\/\/vincentians.com\/es\/category\/la-familia-vicenciana\/ramas\/hijas-de-la-caridad\/"},"img":{"alt_text":"","src":"https:\/\/i0.wp.com\/vicencianos.org\/vicencianos\/files\/2010\/01\/ninyo_haiti-300x198.jpg?resize=350%2C200","width":350,"height":200},"classes":[]},{"id":13273,"url":"https:\/\/vincentians.com\/es\/los-angeles-del-hospital-de-la-paz\/","url_meta":{"origin":12164,"position":5},"title":"Los \u00e1ngeles del Hospital de La Paz","author":"Francisco Javier Fern\u00e1ndez Chento","date":"24\/01\/2010","format":false,"excerpt":"Lleva 36 a\u00f1os en Hait\u00ed, conoce sus secretos y la idiosincrasia de un pueblo distinto y complejo. Su miseria cr\u00f3nica, sus ra\u00edces, su independencia pionera, su lengua, sus horizontes plagados de nubarrones, sus tragedias y cat\u00e1strofes, han forjado una identidad nacional que la hermana Sor Martina Romero, natural de Teruel,\u2026","rel":"","context":"En \u00abHijas de la Caridad\u00bb","block_context":{"text":"Hijas de la Caridad","link":"https:\/\/vincentians.com\/es\/category\/la-familia-vicenciana\/ramas\/hijas-de-la-caridad\/"},"img":{"alt_text":"","src":"https:\/\/i0.wp.com\/vicencianos.org\/vicencianos\/files\/2010\/03\/hhcc-hospital-300x225.jpg?resize=350%2C200","width":350,"height":200},"classes":[]}],"_links":{"self":[{"href":"https:\/\/vincentians.com\/es\/wp-json\/wp\/v2\/posts\/12164","targetHints":{"allow":["GET"]}}],"collection":[{"href":"https:\/\/vincentians.com\/es\/wp-json\/wp\/v2\/posts"}],"about":[{"href":"https:\/\/vincentians.com\/es\/wp-json\/wp\/v2\/types\/post"}],"author":[{"embeddable":true,"href":"https:\/\/vincentians.com\/es\/wp-json\/wp\/v2\/users\/4"}],"replies":[{"embeddable":true,"href":"https:\/\/vincentians.com\/es\/wp-json\/wp\/v2\/comments?post=12164"}],"version-history":[{"count":0,"href":"https:\/\/vincentians.com\/es\/wp-json\/wp\/v2\/posts\/12164\/revisions"}],"wp:attachment":[{"href":"https:\/\/vincentians.com\/es\/wp-json\/wp\/v2\/media?parent=12164"}],"wp:term":[{"taxonomy":"category","embeddable":true,"href":"https:\/\/vincentians.com\/es\/wp-json\/wp\/v2\/categories?post=12164"},{"taxonomy":"post_tag","embeddable":true,"href":"https:\/\/vincentians.com\/es\/wp-json\/wp\/v2\/tags?post=12164"}],"curies":[{"name":"wp","href":"https:\/\/api.w.org\/{rel}","templated":true}]}}