{"id":121269,"date":"2015-06-30T08:09:20","date_gmt":"2015-06-30T06:09:20","guid":{"rendered":"http:\/\/somos.vicencianos.org\/?p=121269"},"modified":"2016-07-26T19:17:42","modified_gmt":"2016-07-26T17:17:42","slug":"el-signo-de-estos-tiempos-tesis-3a-la-base-historica-buscar-el-reino-de-dios-y-su-justicia","status":"publish","type":"post","link":"https:\/\/vincentians.com\/es\/el-signo-de-estos-tiempos-tesis-3a-la-base-historica-buscar-el-reino-de-dios-y-su-justicia\/","title":{"rendered":"El signo de estos tiempos. Tesis 3\u00aa: La base hist\u00f3rica: buscar el reino de Dios y su justicia"},"content":{"rendered":"<h2>Tesis 3\u00aa: La base hist\u00f3rica: buscar el reino de Dios y su justicia<\/h2>\n<p style=\"padding-left: 30px\"><i>La promesa divina de liberaci\u00f3n escatol\u00f3gica, objeto de la esperanza creyente, debe estimular al seguidor de Jesucristo a trabajar con todas sus fuerzas por establecer signos de liberaci\u00f3n en este mundo, en el tiempo de la historia.<\/i><\/p>\n<p>Parecer\u00eda en buena l\u00f3gica que si la salvaci\u00f3n escatol\u00f3gica final es objeto de promesa por parte de Dios y, por tanto, pura gracia, no merecer\u00eda la pena y ser\u00eda esfuerzo perdido molestarse en traba\u00adjar por alcanzar la promesa, pues se da gratis, ni tampoco merece\u00adr\u00eda la pena el trabajar por poner en este mundo signos de la prome\u00adsa venidera, pues va a venir de todos modos. Esta conclusi\u00f3n, que parece obvia, se ha sacado con frecuencia a lo largo de la historia de la fe por muchos partidarios de teolog\u00edas de car\u00e1cter predestina\u00adcionista: algunos seguidores de Calvino, de Jansenio, y se dio in\u00adcluso en la primera generaci\u00f3n cristiana (cfr. 2 Tes 2,1; 3,40-11). En efecto: si la salvaci\u00f3n viene de Dios y se da por gracia, lo que el hombre pueda hacer tratando de conseguirla para s\u00ed o para otros parecer\u00eda a primera vista no tener importancia alguna.<\/p>\n<p>Pero la tradici\u00f3n ortodoxa siempre ha ido en este punto, como en tantos otros, en contra de la l\u00f3gica f\u00e1cil del hereje, y ha mante\u00adnido a la vez los dos extremos aparentemente contradictorios: la salvaci\u00f3n final es gracia, pero no se da m\u00e1s que cuando se trabaja por ella. Puede tambi\u00e9n la piedad fundada en la tradici\u00f3n ortodoxa desviarse por caminos m\u00e1s que un poco farisaicos y llegar a creer que su salvaci\u00f3n va a ser premio debido y merecido a sus esfuer\u00adzos; salvaci\u00f3n debida estrictamente al m\u00e9rito, y grado de salvaci\u00f3n debido al gran de m\u00e9rito, en perfecta correspondencia matem\u00e1tica, como si Dios pagara sus denarios en la media exacta de las horas invertidas y la intensidad del trabajo. El verdadero creyente espera de Dios la salvaci\u00f3n final como gracia estricta y, a la vez, procura por ello mismo vivir como si ya estuviera salvado; y adem\u00e1s da su mano, o su vida, a su hermano para que tambi\u00e9n \u00e9ste llegue a ser salvado.<\/p>\n<p>Ambos elementos, intentar vivir como salvado y ayudar a sal\u00advar, brotan de la naturaleza misma de la salvaci\u00f3n escatol\u00f3gica. Esta es, a la vez, <i>modelo <\/i>para la vida terrena (reino de paz, de verdad, de justicia y de amor) y <i>mandato: <\/i>el mandamiento del amor intenta establecer ya en este mundo un ensayo o anticipo de la vida biena\u00adventurada. El juicio de Dios sobre el mundo On 12,31) viene preci\u00adsamente porque \u00e9ste rechaza establecer este modelo de vida <i>en la historia <\/i>(Mt 2541-42; Ap., sobre todo caps. 18 y 19).<\/p>\n<p>Ya se dijo que lo mismo la teolog\u00eda de la liberaci\u00f3n que san Vi\u00adcente, que creen y esperan en la salvaci\u00f3n escatol\u00f3gica, privilegian y ponen el acento en la salvaci\u00f3n-liberaci\u00f3n terrena de los pobres. La historia ser\u00eda en su visi\u00f3n, como lo es tan claramente en la del Apocalipsis, mucho m\u00e1s que un mero escenario de ensayo de la salvaci\u00f3n escatol\u00f3gica. La visi\u00f3n de una y otro se centra, en suma, en el esfuerzo por trabajar por el reinado de Dios ya en este mundo. Ambos, teolog\u00eda y santo, saben muy bien por la fe que los signos hist\u00f3ricos, aunque temporales por ser hist\u00f3ricos, no son en manera alguna banales o deleznables (1 Cor 15,58), ni siquiera propiamen\u00adte provisionales, pues llevan dentro de s\u00ed un n\u00facleo de vida eterna anticipada (1 Cor 3,10-15; 2 Ped 3,13; Ap 21,1).<\/p>\n<p>La historia de la salvaci\u00f3n en Cristo parte de la promesa (\u00abexalt\u00f3 a los humildes, a los hambrientos colm\u00f3 de bienes\u00bb, Le 1,52-53; \u00abdi\u00adchosos los pobres, porque vuestro es el reino de Dios\u00bb, 6,20), y se consuma en su cumplimiento escatol\u00f3gico. Ambos extremos, pro\u00admesa y cumplimiento, son obra exclusiva de Dios, pura gracia. Entre ambos extremos se encuentra el tiempo hist\u00f3rico, el escenario de la acci\u00f3n del hombre. Este es el tiempo que Dios ha dejado a la \u00abindustria humana\u00bb, seg\u00fan la expresi\u00f3n de san Juan de la Cruz.<\/p>\n<p>Dios no ha dejado al hombre solo para la construcci\u00f3n del reino en el tiempo. El Hijo, hecho carne en la historia, y Palabra que anun\u00adcia la promesa en nombre del Padre, muestra con el ejemplo de su vida y con sus palabras el camino que hay que seguir para la humanizaci\u00f3n total, para la divinizaci\u00f3n de la humanidad<span id='easy-footnote-1-121269' class='easy-footnote-margin-adjust'><\/span><span class='easy-footnote'><a href='https:\/\/vincentians.com\/es\/el-signo-de-estos-tiempos-tesis-3a-la-base-historica-buscar-el-reino-de-dios-y-su-justicia\/#easy-footnote-bottom-1-121269' title='Divinizaci\u00f3n est\u00e1 bien dicho: participaci\u00f3n en la vida \u00edntima trinitaria: cfr. 1 Jn 3,2; San Atanasio, 1\u00aa&lt;i&gt; &lt;\/i&gt;&lt;i&gt;ep. ad&lt;\/i&gt;&lt;i&gt; Serap., &lt;\/i&gt;25, P.G. 26,587-590; S. Gregorio Nacianceno, &lt;i&gt;Serm\u00f3n 14 sobre el amor a los pobres, &lt;\/i&gt;23, P.G.35,887.'><sup>1<\/sup><\/a><\/span>. El Es\u00adp\u00edritu Santo apoya con su fuerza el dinamismo propio del hombre y garantiza con su inspiraci\u00f3n que el conjunto de los creyentes en la promesa no se extraviar\u00e1n por los vericuetos de la historia siguien\u00addo caminos falsos de cumplimiento. Tampoco le ha dejado a solas con sus propios recursos. El mandato del amor (plenitud de la Ley y s\u00edntesis de los profetas) es el recurso supremo, no de invenci\u00f3n humana (pues \u00abDios es amor\u00bb), para ayudar al hombre a trabajar en el tiempo de la historia mientras se espera la plenitud final de la vida. El mandato es, pues, la forma que toma la promesa para el tiempo intrahist\u00f3rico y dirige al hombre hacia su cumplimiento.<\/p>\n<p>Ahora bien, los perfiles del tiempo intrahist\u00f3rico no se encuen\u00adtran definidos ni en el evangelio ni en el resto de la revelaci\u00f3n es\u00adcrita. S\u00f3lo se dan en ella \u00absignos\u00bb que hay que saber interpretar, muestras del dedo de Dios, del actuar del Esp\u00edritu en el mundo. La construcci\u00f3n (aunque sea parcial y \u00abprovisional\u00bb) del reinado de Dios en el mundo se deja al poder creador del hombre, a su dinamismo propio, a su \u00abindustria\u00bb, sobre la base de los imperativos del Se\u00f1or.<\/p>\n<p><a href=\"https:\/\/i0.wp.com\/vicencianos.org\/wp-content\/2013\/04\/El_signo_de_estos_tiempos_tesis_3.jpg\"><img data-recalc-dims=\"1\" loading=\"lazy\" decoding=\"async\" class=\"alignnone size-large wp-image-121310\" src=\"https:\/\/i0.wp.com\/vicencianos.org\/wp-content\/2013\/04\/El_signo_de_estos_tiempos_tesis_3-1024x591.jpg?resize=600%2C346\" alt=\"El_signo_de_estos_tiempos_tesis_3\" width=\"600\" height=\"346\" \/><\/a><\/p>\n<ul>\n<li><i>Dios Padre <\/i>es el autor de la promesa y de su cumplimiento final.<\/li>\n<li><i>Dios Hijo <\/i>(encarnado en la historia) anuncia el mandato, pone \u00absig\u00adnos\u00bb de su cumplimiento, se presenta como el \u00abcamino\u00bb-modelo.<\/li>\n<li><i>Dios Esp\u00edritu Santo <\/i>impulsa e inspira; garantiza la rectitud del cami\u00adno (infalibilidad).<\/li>\n<li>Mandato-imperativos: \u00abcomo yo os he amado\u00bb, dar de comer al ham\u00adbriento, expulsar demonios, perdonar, perdonar pecados, fraternidad, no adorar el oro, mandar como quien sirve, desprendimiento, cruz&#8230;<\/li>\n<li>Ni el Padre ni el Esp\u00edritu Santo intervienen <i>visiblemente <\/i>ni en el co\u00admienzo ni en el desarrollo de la historia. Permanecen, por as\u00ed decir\u00adlo, discretamente al margen de ella. S\u00ed interviene el Hijo (encarna\u00addo) como hombre perfecto y cabal (san Pablo, concilio de Calcedo\u00adnia). Es esta intervenci\u00f3n hist\u00f3rica la que sirve de paradigma y fuente de inspiraci\u00f3n lo mismo a san Vicente que a la teolog\u00eda de la libe\u00adraci\u00f3n.<\/li>\n<\/ul>\n<p>Jes\u00fas pide al hombre que le escuche y que cambie de coraz\u00f3n (conversi\u00f3n), pero deja en sus manos el escoger los medios ade\u00adcuados para dirigir la historia y cambiar el mundo seg\u00fan el cora\u00adz\u00f3n de Dios. El mandato no es un programa sino una fuerza din\u00e1\u00admica. No tiene un contenido expl\u00edcito para encontrar las solucio\u00adnes divinas a cada momento hist\u00f3rico. El contenido lo tiene que proveer el hombre con su acci\u00f3n inspirada por el Esp\u00edritu Santo y bajo la orientaci\u00f3n del mandato y de los imperativos del Se\u00f1or. En suma: lo que Dios espera del hombre es que, en seguimiento de Jesucristo, act\u00fae en el mundo para establecer en \u00e9l signos de su rei\u00adnado. La naturaleza de estos signos ser\u00e1 cambiante, como cambiante es la sucesi\u00f3n de los tiempos hist\u00f3ricos. Al hombre le toca discer\u00adnirlos y ponerse a trabajar para encarnarlos en su propio tiempo hist\u00f3rico.<\/p>\n<p>El hombre, el creyente, tiene que actuar: \u00abSe nos dice que hay que buscar el reino de Dios\u00bb<span id='easy-footnote-2-121269' class='easy-footnote-margin-adjust'><\/span><span class='easy-footnote'><a href='https:\/\/vincentians.com\/es\/el-signo-de-estos-tiempos-tesis-3a-la-base-historica-buscar-el-reino-de-dios-y-su-justicia\/#easy-footnote-bottom-2-121269' title='XII 131 \/XI 429.'><sup>2<\/sup><\/a><\/span>. \u00abBuscar quiere decir que trabajemos incesantemente por el reino de Dios, que no nos quedemos en un estado c\u00f3modo y pasivo preocupados por tener nuestra vida inte\u00adrior bien ordenada y olvidemos dedicarnos a lo exterior. <i>Buscad, buscad: <\/i>eso pide <i>preocupaci\u00f3n, <\/i>eso pide <i>acci\u00f3n\u00bb. <\/i>El reino de Dios no viene sin el esfuerzo humano por hacer que venga al mundo. El que trabaja por el reino de Dios no debe, por supuesto, olvidar el esfuerzo por que Dios reine en \u00e9l mismo, pues \u00absan Agust\u00edn confiesa que mientras lo buscaba fuera de s\u00ed mismo nunca lo lleg\u00f3 a encontrar\u00bb. Pero \u00abno basta el conseguir que Dios reine en nosotros; debemos adem\u00e1s desear y trabajar para que el reino de Dios se ex\u00adtienda a todo el mundo, que Dios reine en todos los hombres, que sea glorificado en el tiempo y en la eternidad. Eso es lo que tene\u00admos que hacer: desear la propagaci\u00f3n del reino de Dios y <i>trabajar <\/i>por ella\u00bb<span id='easy-footnote-3-121269' class='easy-footnote-margin-adjust'><\/span><span class='easy-footnote'><a href='https:\/\/vincentians.com\/es\/el-signo-de-estos-tiempos-tesis-3a-la-base-historica-buscar-el-reino-de-dios-y-su-justicia\/#easy-footnote-bottom-3-121269' title='ib\u00edd. 138\/435.'><sup>3<\/sup><\/a><\/span>.<\/p>\n<p>El mismo, Vicente de Pa\u00fal, fue un ejemplo soberano de acci\u00f3n y de trabajo por establecer en su mundo y en su historia signos de la presencia del reinado de Dios. No hay duda de que fue esa la idea que presidi\u00f3 desde 1617 su prodigiosa y multiforme actividad, orientada siempre a hacer terrena la presencia del reino de Dios en la redenci\u00f3n de los pobres. En ellos pensaba y por ellos desarro\u00adllaba cada d\u00eda una exigente jornada de trabajo de entre doce y ca\u00adtorce horas, y en casos a\u00fan m\u00e1s. S\u00f3lo a ellos iba orientado el traba\u00adjo de todas las instituciones de que fue fundador: cofrad\u00edas parro\u00adquiales de caridad, Congregaci\u00f3n de la Misi\u00f3n, hijas de la caridad, damas de la caridad. Incluso su participaci\u00f3n, forzada pues se la impusieron, en el Consejo de Conciencia, instituci\u00f3n t\u00edpica del An\u00adtiguo R\u00e9gimen con competencias ostensiblemente religioso-eclesi\u00e1sticas, pero extra\u00f1amente imbricadas con intereses pol\u00edticos y partidistas, se limit\u00f3 conscientemente a intervenciones en que es\u00adtaba en juego s\u00f3lo \u00abel estado religioso y el de los pobres\u00bb<span id='easy-footnote-4-121269' class='easy-footnote-margin-adjust'><\/span><span class='easy-footnote'><a href='https:\/\/vincentians.com\/es\/el-signo-de-estos-tiempos-tesis-3a-la-base-historica-buscar-el-reino-de-dios-y-su-justicia\/#easy-footnote-bottom-4-121269' title='II448\/11 377-378. V\u00e9ase m\u00e1s abajo, &lt;i&gt;Tesis &lt;\/i&gt;7\u00aa.'><sup>4<\/sup><\/a><\/span>.<\/p>\n<p>Esta dedicaci\u00f3n absorbente y exigente encontraba la base justa en su visi\u00f3n teol\u00f3gica fundamental: la visi\u00f3n de un Dios que traba\u00adja desde toda la eternidad <i>ad infra <\/i>en el abismo de su vida trinita\u00adria, y que se desborda <i>ad extra <\/i>en el trabajo humano y la actividad incesante de la naturaleza:<\/p>\n<p style=\"padding-left: 30px\">\u00abDios trabaja continuamente, ha trabajado continuamen\u00adte y trabajar\u00e1. Trabaja desde toda la eternidad dentro de s\u00ed mismo por la generaci\u00f3n eterna de su Hijo, a quien nunca deja de engendrar. El amor entre el Padre y el Hijo ha produ\u00adcido eternamente al Esp\u00edritu Santo, por el que han sido, son y ser\u00e1n distribuidas todas las gracias a los hombres. Dios tra\u00adbaja adem\u00e1s fuera de s\u00ed mismo, en la producci\u00f3n y conserva\u00adci\u00f3n de este gran universo, en los movimientos del cielo&#8230; y en todo este orden tan hermoso que contemplamos en la na\u00adturaleza, y que se ver\u00eda destruido y volver\u00eda a la nada si Dios no pusiera sin cesar su mano en \u00e9l. Adem\u00e1s de este trabajo general trabaja con cada uno en particular. Trabaja con el ar\u00adtesano en su taller, con la mujer en los trabajos de casa, con la hormiga, con la abeja, incesantemente y sin parar jam\u00e1s. \u00bfY por qu\u00e9 trabaja? Por el hombre, s\u00f3lo por el hombre, por conservarle la vida y por remediar todas sus necesidades. Pues bien, si un Dios, soberano de todo el mundo, no ha estado ni un solo momento sin trabajar desde que el mundo es mundo, \u00bfno es razonable que nosotros, criaturas suyas, traba\u00adjemos con el sudor de nuestra frente?\u00bb<span id='easy-footnote-5-121269' class='easy-footnote-margin-adjust'><\/span><span class='easy-footnote'><a href='https:\/\/vincentians.com\/es\/el-signo-de-estos-tiempos-tesis-3a-la-base-historica-buscar-el-reino-de-dios-y-su-justicia\/#easy-footnote-bottom-5-121269' title='IX 489\/IX 444.'><sup>5<\/sup><\/a><\/span>.<\/p>\n<p>El trabajo de Dios en la historia no es visible, es objeto de fe. He aqu\u00ed, en estas antiguas palabras de san Vicente, un ejemplo so\u00adberano de c\u00f3mo la fe no debe ser excusa para evadirse del trabajo en el mundo y en la historia. Si se la entiende bien, se convierte la fe precisamente en un insuperable est\u00edmulo para dedicarse con perseverancia a un tal trabajo, como lo hace Dios.<\/p>\n<p>Por no ser te\u00f3logo profesional, san Vicente nunca se plante\u00f3 ex\u00adpl\u00edcitamente el problema que hoy tanto preocupa a los te\u00f3logos en general, y no s\u00f3lo a los te\u00f3logos de la liberaci\u00f3n: el problema de las relaciones entre liberaci\u00f3n-redenci\u00f3n hist\u00f3rica y liberaci\u00f3n final escatol\u00f3gica. Hay en este problema dif\u00edcil algunos puntos funda\u00admentales de consenso. Por ejemplo, se admite expl\u00edcitamente (as\u00ed, por ej., Moltmann) que el cumplimiento final de la promesa ofrece una \u00abplusval\u00eda\u00bb, un exceso por encima de toda posible realizaci\u00f3n hist\u00f3rica, por cabal que \u00e9sta sea, pues el car\u00e1cter \u00abinagotable\u00bb del Dios de la promesa garantiza un cumplimiento final mucho m\u00e1s pleno de lo que pueda el hombre no s\u00f3lo hacer sino ni siquiera so\u00f1ar. <i>Deus semper maior.<\/i><\/p>\n<p>Pero, como se observaba arriba, este \u00abexceso\u00bb no convierte en banales las parciales y contingentes realizaciones hist\u00f3ricas. Por de pronto, en ellas toma cuerpo y se hace carne hist\u00f3rica, se va confi\u00adgurando visiblemente, en la paz, en la solidaridad, en la fraterni\u00addad, el contenido de la liberaci\u00f3n final. Pero, y en esto tambi\u00e9n se da consenso, el reino de Dios <i>no se identifica <\/i>con <i>ninguna <\/i>cons\u00adtrucci\u00f3n hist\u00f3rica por perfecta que \u00e9sta aparezca<span id='easy-footnote-6-121269' class='easy-footnote-margin-adjust'><\/span><span class='easy-footnote'><a href='https:\/\/vincentians.com\/es\/el-signo-de-estos-tiempos-tesis-3a-la-base-historica-buscar-el-reino-de-dios-y-su-justicia\/#easy-footnote-bottom-6-121269' title='&lt;i&gt;Gaudium et spes, &lt;\/i&gt;43, 76.'><sup>6<\/sup><\/a><\/span>. Pretender esto \u00faltimo, cualquier identificaci\u00f3n, ser\u00eda un caso de craso reduc\u00adcionismo: la obra soberana y plena de Dios se reducir\u00eda a lo que el hombre es capaz de hacer, aun con la ayuda de Dios, en la tierra.<\/p>\n<p>Los mismos te\u00f3logos de la liberaci\u00f3n han advertido desde el co\u00admienzo los peligros de lo que alguno de ellos ha calificado como la tentaci\u00f3n de \u00abregionalizar\u00bb el sentido total del reino, tentaci\u00f3n de la que no se vio libre ni el mismo Se\u00f1or en su vida terrena: la tentaci\u00f3n de confundir liberaci\u00f3n total, por ejemplo, con abundan\u00adcia econ\u00f3mica (Mt 4,3-4), con poder pol\u00edtico (Lc 4,5-8), con f\u00e1ciles actuaciones milagreras (1 Cor 1,22) \u2014las \u00abmaravillas\u00bb de la t\u00e9cnica, por ejemplo (Mt 4,5-7)\u2014, que se constituyen en \u00eddolos y sustituyen a Dios. Nadie, ni el pol\u00edtico, ni el sabio, ni siquiera el santo, debe identificar lo que \u00e9l hace o se cree capaz de hacer con lo que Dios promete y es capaz de hacer.<\/p>\n<p>Si el mismo Cristo no se vio libre de una tal tentaci\u00f3n tampoco se van a ver libres de ella los santos; ni tampoco un santo seguidor del Se\u00f1or como Vicente de Pa\u00fal. El 24 de julio de 1655 hablaba en la oraci\u00f3n de la ma\u00f1ana a sus misioneros. Ten\u00eda 75 a\u00f1os de edad; le faltaban a\u00fan, aunque \u00e9l no lo sab\u00eda<span id='easy-footnote-7-121269' class='easy-footnote-margin-adjust'><\/span><span class='easy-footnote'><a href='https:\/\/vincentians.com\/es\/el-signo-de-estos-tiempos-tesis-3a-la-base-historica-buscar-el-reino-de-dios-y-su-justicia\/#easy-footnote-bottom-7-121269' title='Ni lo esperaba, a decir verdad: XI 89\/XI 395.'><sup>7<\/sup><\/a><\/span>, cinco a\u00f1os para morir. Desde los 37 a\u00f1os hab\u00eda tomado una \u00abopci\u00f3n por los pobres\u00bb a la que ser\u00eda fiel hasta su muerte a los 80. Hab\u00eda dedicado ya casi cua\u00adrenta a\u00f1os a vivir esa opci\u00f3n, y hab\u00eda adem\u00e1s servido de inspira\u00adci\u00f3n para vivir una opci\u00f3n parecida a cientos de sacerdotes, gentes de alta, media y baja calidad social, campesinas hijas de la cari\u00addad. Ni su admirable y constante dedicaci\u00f3n a mejorar la suerte de los pobres, ni la de sus gentes, hab\u00eda conseguido hacerlo. Veinte a\u00f1os de guerras internacionales y dos guerras civiles, las dos Fron\u00addas, hab\u00edan empeorado la situaci\u00f3n general del campesinado y ha\u00adb\u00edan producido la muerte prematura y violenta de miles de ellos. El tono pat\u00e9tico en que hablaba a sus hombres brotaba de su pro\u00adfunda compasi\u00f3n por los sufrimientos de los campesinos:<\/p>\n<p style=\"padding-left: 30px\">\u00abGuerra por todas partes, miseria por todas partes&#8230; Hace veinte a\u00f1os que sufren la guerra; si siembran, no est\u00e1n segu\u00adros de que podr\u00e1n cosechar; pasan los ej\u00e9rcitos que lo saquean y lo roban todo; lo que no han robado los soldados se lo qui\u00adtan y se lo llevan los alguaciles. Despu\u00e9s de todo esto, \u00bfqu\u00e9 pueden hacer? No les queda m\u00e1s que morir\u00bb<span id='easy-footnote-8-121269' class='easy-footnote-margin-adjust'><\/span><span class='easy-footnote'><a href='https:\/\/vincentians.com\/es\/el-signo-de-estos-tiempos-tesis-3a-la-base-historica-buscar-el-reino-de-dios-y-su-justicia\/#easy-footnote-bottom-8-121269' title='XI 200\/XI 120.'><sup>8<\/sup><\/a><\/span>.<\/p>\n<p>Lo que equival\u00eda a admitir en p\u00fablico el fracaso de su \u00abopci\u00f3n\u00bb: todos sus esfuerzos por mejorar la condici\u00f3n material, y tambi\u00e9n la espiritual, de los pobres parec\u00edan haber desembocado en la mi\u00adseria y en la muerte prematura y sin sentido. Sin embargo, \u00bfno le hab\u00eda encomendado Dios mismo a los 37 a\u00f1os esa opci\u00f3n por los pobres como se\u00f1al inequ\u00edvoca de la presencia del reino de Dios?<span id='easy-footnote-9-121269' class='easy-footnote-margin-adjust'><\/span><span class='easy-footnote'><a href='https:\/\/vincentians.com\/es\/el-signo-de-estos-tiempos-tesis-3a-la-base-historica-buscar-el-reino-de-dios-y-su-justicia\/#easy-footnote-bottom-9-121269' title='IX 61\/IX 74.'><sup>9<\/sup><\/a><\/span>\n<p>\u00bfQu\u00e9 hay, pues, del reino de Dios, qu\u00e9 hay incluso de Dios mismo, si la opci\u00f3n se ha mostrado hist\u00f3ricamente ineficaz y fraca\u00adsada? En un momento de confusi\u00f3n se le escap\u00f3 de los labios esta frase desconcertante, testimonio evidente de su profunda decepci\u00f3n: \u00abSi hay una verdadera religi\u00f3n&#8230;\u00bb<span id='easy-footnote-10-121269' class='easy-footnote-margin-adjust'><\/span><span class='easy-footnote'><a href='https:\/\/vincentians.com\/es\/el-signo-de-estos-tiempos-tesis-3a-la-base-historica-buscar-el-reino-de-dios-y-su-justicia\/#easy-footnote-bottom-10-121269' title='ib\u00edd.'><sup>10<\/sup><\/a><\/span> (\u00abDios m\u00edo, Dios m\u00edo, \u00bfpor qu\u00e9 me has desamparado?\u00bb, hab\u00eda exclamado su mismo Maestro y Se\u00f1or en un momento de desconcierto parecido).<\/p>\n<p>Ah\u00ed estaba la tentaci\u00f3n (en ambos casos): la de confundir el \u00e9xito del propio proyecto vital, de la propia opci\u00f3n, con la implantaci\u00f3n del reino de Dios en este mundo. Pero la tentaci\u00f3n es muy otra cosa que la ca\u00edda:<\/p>\n<p style=\"padding-left: 30px\">\u00ab\u00bfQu\u00e9 he dicho, infeliz de m\u00ed? \u00a1Si hay una verdadera reli\u00adgi\u00f3n&#8230;! Dios me perdone\u00bb.<\/p>\n<p>El verdadero creyente nunca acaba por confundir, aunque se vea tentado a ello, el \u00e9xito hist\u00f3rico de sus esfuerzos y de sus proyectos con \u00ablo que Dios tiene preparado para los que le aman\u00bb (1 Cor 2,9).<\/p>\n<p>No es s\u00f3lo que ninguna liberaci\u00f3n hist\u00f3rica (social, pol\u00edtica, eco\u00adn\u00f3mica, cultural&#8230;) se deba identificar con el proyecto final de Dios, aunque lo prepare y lo anticipe en la historia y aunque se deba em\u00adprender en virtud del mandato de Dios mismo. Es que, adem\u00e1s, hay una dimensi\u00f3n de la liberaci\u00f3n, que es por cierto la dimensi\u00f3n fun\u00addamental, totalmente inaccesible al poder del hombre (excepto a trav\u00e9s del ministerio apost\u00f3lico delegado por Dios: Jn 20,23): la li\u00adberaci\u00f3n del pecado. De la rebeli\u00f3n contra el plan de Dios que todo pecado supone y lleva en sus entra\u00f1as s\u00f3lo Dios puede en verdad liberar.<\/p>\n<p>Pues se puede dar con facilidad \u2014y se da, qu\u00e9 duda cabe\u2014 el caso del hombre (o de la sociedad) culto, econ\u00f3micamente suficien\u00adte, social y pol\u00edticamente emancipado, que se ve a s\u00ed mismo como t\u00e9rmino del progreso evolutivo hist\u00f3rico y modelo para los que a\u00fan no han llegado a \u00e9l, que sigue sin embargo esclavizado por sus ego\u00eds\u00admos, y aterrorizado \u2014aunque tal vez lo disimule\u2014 por la seguridad de la muerte, por la destrucci\u00f3n segura de su hermoso castillo de naipes. Verdugo y, a la vez, v\u00edctima de s\u00ed mismo. De esa esclavitud, y de cualquier otra producida por el pecado personal, s\u00f3lo Dios puede liberar. Ante la importancia de esa liberaci\u00f3n b\u00e1sica las otras liberaciones parciales son, aunque muy interesantes y nada despre\u00adciables, plenamente secundarias.<\/p>\n<p>Pero aunque secundarias, importantes, y exigidas adem\u00e1s por el mandato. Pues, personalmente pecador o inocente, el hombre puede encontrarse sometido a m\u00faltiples opresiones de un pecado estructural del que tal vez no sea culpable, sino s\u00f3lo v\u00edctima, y de las que el Dios de Jesucristo quiere que nos veamos libres, pues las estructuras de pecado son precisamente las que ponen trabas al reino de Dios en <i>este <\/i>mundo. De manera que centrarse s\u00f3lo en la liberaci\u00f3n del pecado personal y dar poca importancia, o tal vez ninguna, a trabajar por la liberaci\u00f3n del pecado estructural es una tentaci\u00f3n espiritualista de la que no siempre se ha visto libre la fe cristiana. La teolog\u00eda de la liberaci\u00f3n ha insistido con toda fuerza, y con raz\u00f3n, en ello.<\/p>\n<p>Tambi\u00e9n san Vicente conoci\u00f3 en la Iglesia de su tiempo la fuer\u00adza de esa tentaci\u00f3n, aunque \u00e9l nunca cay\u00f3 en ella ni se vio tentado a hacerlo. Es m\u00e1s, la rechaz\u00f3 expl\u00edcitamente e hizo esfuerzos por\u00adque las gentes animadas por \u00e9l vieran las trampas que una tal acti\u00adtud pon\u00eda al paso de una fe verdadera. El era, y quer\u00eda que sus gen\u00adtes lo fueran, hombre de oraci\u00f3n, un verdadero hombre de esp\u00edritu, pero en manera alguna un hombre de visi\u00f3n o de vida espiritualis\u00adta. Conoc\u00eda de sobra el peligro esterilizante de toda espiritualidad desencarnada y desgajada de la historia:<\/p>\n<p>\u00abHay muchos que, preocupados por tener el interior lleno de grandes sentimientos de Dios, se quedan en ellos; pero cuando se llega a los hechos y se presentan ocasiones de obrar, se quedan cortos. Se muestran contentos con los dulces co\u00adloquios que tienen con Dios en la oraci\u00f3n; hablan casi como los \u00e1ngeles. Pero luego, cuando se trata de trabajar por Dios, de sufrir, de instruir a los pobres, de ir a buscar la oveja perdi\u00adda, todo se viene abajo y les fallan los \u00e1nimos. No, no nos enga\u00f1emos. <i>Totum opus nostrum in operatione consistit. <\/i>En este siglo hay muchos que parecen virtuosos, y que sin duda lo son, pero que se dan a una vida tranquila y blanda, y no a una devoci\u00f3n esforzada y s\u00f3lida. La Iglesia es como una gran mies que necesita obreros, pero obreros que trabajen\u00bb<span id='easy-footnote-11-121269' class='easy-footnote-margin-adjust'><\/span><span class='easy-footnote'><a href='https:\/\/vincentians.com\/es\/el-signo-de-estos-tiempos-tesis-3a-la-base-historica-buscar-el-reino-de-dios-y-su-justicia\/#easy-footnote-bottom-11-121269' title='XI 40-41 \/XI 733-734.'><sup>11<\/sup><\/a><\/span>.<\/p>\n","protected":false},"excerpt":{"rendered":"<p>Tesis 3\u00aa: La base hist\u00f3rica: buscar el reino de Dios y su justicia La promesa divina de liberaci\u00f3n escatol\u00f3gica, objeto de la esperanza creyente, debe estimular al seguidor de Jesucristo a trabajar con todas sus &#8230; <a href=\"https:\/\/vincentians.com\/es\/el-signo-de-estos-tiempos-tesis-3a-la-base-historica-buscar-el-reino-de-dios-y-su-justicia\/\" class=\"more-link\">Read More<\/a><\/p>\n","protected":false},"author":4,"featured_media":121255,"comment_status":"open","ping_status":"open","sticky":false,"template":"","format":"standard","meta":{"jetpack_post_was_ever_published":false,"_jetpack_newsletter_access":"","_jetpack_dont_email_post_to_subs":false,"_jetpack_newsletter_tier_id":0,"_jetpack_memberships_contains_paywalled_content":false,"_jetpack_memberships_contains_paid_content":false,"footnotes":"","jetpack_publicize_message":"","jetpack_publicize_feature_enabled":true,"jetpack_social_post_already_shared":true,"jetpack_social_options":{"image_generator_settings":{"template":"highway","default_image_id":0,"font":"","enabled":false},"version":2}},"categories":[28],"tags":[280],"class_list":["post-121269","post","type-post","status-publish","format-standard","has-post-thumbnail","hentry","category-formacion-vicenciana","tag-san-juan-de-la-cruz"],"yoast_head":"<!-- This site is optimized with the Yoast SEO plugin v26.3 - https:\/\/yoast.com\/wordpress\/plugins\/seo\/ -->\n<title>El signo de estos tiempos. Tesis 3\u00aa: La base hist\u00f3rica: buscar el reino de Dios y su justicia - Somos Vicencianos<\/title>\n<meta name=\"robots\" content=\"index, follow, max-snippet:-1, max-image-preview:large, max-video-preview:-1\" \/>\n<link rel=\"canonical\" href=\"http:\/\/vincentians.com\/es\/el-signo-de-estos-tiempos-tesis-3a-la-base-historica-buscar-el-reino-de-dios-y-su-justicia\/\" \/>\n<meta property=\"og:locale\" content=\"es_ES\" \/>\n<meta property=\"og:type\" content=\"article\" \/>\n<meta property=\"og:title\" content=\"El signo de estos tiempos. Tesis 3\u00aa: La base hist\u00f3rica: buscar el reino de Dios y su justicia - Somos Vicencianos\" \/>\n<meta property=\"og:description\" content=\"Tesis 3\u00aa: La base hist\u00f3rica: buscar el reino de Dios y su justicia La promesa divina de liberaci\u00f3n escatol\u00f3gica, objeto de la esperanza creyente, debe estimular al seguidor de Jesucristo a trabajar con todas sus ... Read More\" \/>\n<meta property=\"og:url\" content=\"http:\/\/vincentians.com\/es\/el-signo-de-estos-tiempos-tesis-3a-la-base-historica-buscar-el-reino-de-dios-y-su-justicia\/\" \/>\n<meta property=\"og:site_name\" content=\"Somos Vicencianos\" \/>\n<meta property=\"article:publisher\" content=\"https:\/\/www.facebook.com\/WeAreVincentians\/\" \/>\n<meta property=\"article:author\" content=\"https:\/\/www.facebook.com\/JavierChento\" \/>\n<meta property=\"article:published_time\" content=\"2015-06-30T06:09:20+00:00\" \/>\n<meta property=\"article:modified_time\" content=\"2016-07-26T17:17:42+00:00\" \/>\n<meta name=\"author\" content=\"Francisco Javier Fern\u00e1ndez Chento\" \/>\n<meta name=\"twitter:card\" content=\"summary_large_image\" \/>\n<meta name=\"twitter:creator\" content=\"@https:\/\/twitter.com\/javierchento\" \/>\n<meta name=\"twitter:site\" content=\"@WeVincentians\" \/>\n<meta name=\"twitter:label1\" content=\"Escrito por\" \/>\n\t<meta name=\"twitter:data1\" content=\"Francisco Javier Fern\u00e1ndez Chento\" \/>\n\t<meta name=\"twitter:label2\" content=\"Tiempo de lectura\" \/>\n\t<meta name=\"twitter:data2\" content=\"19 minutos\" \/>\n<script type=\"application\/ld+json\" class=\"yoast-schema-graph\">{\"@context\":\"https:\/\/schema.org\",\"@graph\":[{\"@type\":\"Article\",\"@id\":\"http:\/\/vincentians.com\/es\/el-signo-de-estos-tiempos-tesis-3a-la-base-historica-buscar-el-reino-de-dios-y-su-justicia\/#article\",\"isPartOf\":{\"@id\":\"http:\/\/vincentians.com\/es\/el-signo-de-estos-tiempos-tesis-3a-la-base-historica-buscar-el-reino-de-dios-y-su-justicia\/\"},\"author\":{\"name\":\"Francisco Javier Fern\u00e1ndez Chento\",\"@id\":\"http:\/\/vincentians.com\/es\/#\/schema\/person\/9623ef4d9aa3b2dfb8c061f1499288f2\"},\"headline\":\"El signo de estos tiempos. Tesis 3\u00aa: La base hist\u00f3rica: buscar el reino de Dios y su justicia\",\"datePublished\":\"2015-06-30T06:09:20+00:00\",\"dateModified\":\"2016-07-26T17:17:42+00:00\",\"mainEntityOfPage\":{\"@id\":\"http:\/\/vincentians.com\/es\/el-signo-de-estos-tiempos-tesis-3a-la-base-historica-buscar-el-reino-de-dios-y-su-justicia\/\"},\"wordCount\":3799,\"commentCount\":0,\"publisher\":{\"@id\":\"http:\/\/vincentians.com\/es\/#organization\"},\"image\":{\"@id\":\"http:\/\/vincentians.com\/es\/el-signo-de-estos-tiempos-tesis-3a-la-base-historica-buscar-el-reino-de-dios-y-su-justicia\/#primaryimage\"},\"thumbnailUrl\":\"\",\"keywords\":[\"San Juan de la Cruz\"],\"articleSection\":[\"Formaci\u00f3n Vicenciana\"],\"inLanguage\":\"es\",\"potentialAction\":[{\"@type\":\"CommentAction\",\"name\":\"Comment\",\"target\":[\"http:\/\/vincentians.com\/es\/el-signo-de-estos-tiempos-tesis-3a-la-base-historica-buscar-el-reino-de-dios-y-su-justicia\/#respond\"]}]},{\"@type\":\"WebPage\",\"@id\":\"http:\/\/vincentians.com\/es\/el-signo-de-estos-tiempos-tesis-3a-la-base-historica-buscar-el-reino-de-dios-y-su-justicia\/\",\"url\":\"http:\/\/vincentians.com\/es\/el-signo-de-estos-tiempos-tesis-3a-la-base-historica-buscar-el-reino-de-dios-y-su-justicia\/\",\"name\":\"El signo de estos tiempos. Tesis 3\u00aa: La base hist\u00f3rica: buscar el reino de Dios y su justicia - Somos Vicencianos\",\"isPartOf\":{\"@id\":\"http:\/\/vincentians.com\/es\/#website\"},\"primaryImageOfPage\":{\"@id\":\"http:\/\/vincentians.com\/es\/el-signo-de-estos-tiempos-tesis-3a-la-base-historica-buscar-el-reino-de-dios-y-su-justicia\/#primaryimage\"},\"image\":{\"@id\":\"http:\/\/vincentians.com\/es\/el-signo-de-estos-tiempos-tesis-3a-la-base-historica-buscar-el-reino-de-dios-y-su-justicia\/#primaryimage\"},\"thumbnailUrl\":\"\",\"datePublished\":\"2015-06-30T06:09:20+00:00\",\"dateModified\":\"2016-07-26T17:17:42+00:00\",\"breadcrumb\":{\"@id\":\"http:\/\/vincentians.com\/es\/el-signo-de-estos-tiempos-tesis-3a-la-base-historica-buscar-el-reino-de-dios-y-su-justicia\/#breadcrumb\"},\"inLanguage\":\"es\",\"potentialAction\":[{\"@type\":\"ReadAction\",\"target\":[\"http:\/\/vincentians.com\/es\/el-signo-de-estos-tiempos-tesis-3a-la-base-historica-buscar-el-reino-de-dios-y-su-justicia\/\"]}]},{\"@type\":\"ImageObject\",\"inLanguage\":\"es\",\"@id\":\"http:\/\/vincentians.com\/es\/el-signo-de-estos-tiempos-tesis-3a-la-base-historica-buscar-el-reino-de-dios-y-su-justicia\/#primaryimage\",\"url\":\"\",\"contentUrl\":\"\"},{\"@type\":\"BreadcrumbList\",\"@id\":\"http:\/\/vincentians.com\/es\/el-signo-de-estos-tiempos-tesis-3a-la-base-historica-buscar-el-reino-de-dios-y-su-justicia\/#breadcrumb\",\"itemListElement\":[{\"@type\":\"ListItem\",\"position\":1,\"name\":\"Portada\",\"item\":\"http:\/\/vincentians.com\/es\/\"},{\"@type\":\"ListItem\",\"position\":2,\"name\":\"El signo de estos tiempos. Tesis 3\u00aa: La base hist\u00f3rica: buscar el reino de Dios y su justicia\"}]},{\"@type\":\"WebSite\",\"@id\":\"http:\/\/vincentians.com\/es\/#website\",\"url\":\"http:\/\/vincentians.com\/es\/\",\"name\":\"Somos Vicencianos\",\"description\":\"Know more to serve more\",\"publisher\":{\"@id\":\"http:\/\/vincentians.com\/es\/#organization\"},\"potentialAction\":[{\"@type\":\"SearchAction\",\"target\":{\"@type\":\"EntryPoint\",\"urlTemplate\":\"http:\/\/vincentians.com\/es\/?s={search_term_string}\"},\"query-input\":{\"@type\":\"PropertyValueSpecification\",\"valueRequired\":true,\"valueName\":\"search_term_string\"}}],\"inLanguage\":\"es\"},{\"@type\":\"Organization\",\"@id\":\"http:\/\/vincentians.com\/es\/#organization\",\"name\":\"The Vincentian Network\",\"url\":\"http:\/\/vincentians.com\/es\/\",\"logo\":{\"@type\":\"ImageObject\",\"inLanguage\":\"es\",\"@id\":\"http:\/\/vincentians.com\/es\/#\/schema\/logo\/image\/\",\"url\":\"https:\/\/i1.wp.com\/vincentians.com\/es\/wp-content\/uploads\/sites\/11\/2016\/06\/Vincentian-Network-logo-big.png?fit=778%2C778\",\"contentUrl\":\"https:\/\/i1.wp.com\/vincentians.com\/es\/wp-content\/uploads\/sites\/11\/2016\/06\/Vincentian-Network-logo-big.png?fit=778%2C778\",\"width\":778,\"height\":778,\"caption\":\"The Vincentian Network\"},\"image\":{\"@id\":\"http:\/\/vincentians.com\/es\/#\/schema\/logo\/image\/\"},\"sameAs\":[\"https:\/\/www.facebook.com\/WeAreVincentians\/\",\"https:\/\/x.com\/WeVincentians\"]},{\"@type\":\"Person\",\"@id\":\"http:\/\/vincentians.com\/es\/#\/schema\/person\/9623ef4d9aa3b2dfb8c061f1499288f2\",\"name\":\"Francisco Javier Fern\u00e1ndez Chento\",\"image\":{\"@type\":\"ImageObject\",\"inLanguage\":\"es\",\"@id\":\"http:\/\/vincentians.com\/es\/#\/schema\/person\/image\/\",\"url\":\"https:\/\/secure.gravatar.com\/avatar\/497d5cde87b4c3d097d0315953521681ba2cd523ee66e5077c3711f7021e65de?s=96&d=mm&r=g\",\"contentUrl\":\"https:\/\/secure.gravatar.com\/avatar\/497d5cde87b4c3d097d0315953521681ba2cd523ee66e5077c3711f7021e65de?s=96&d=mm&r=g\",\"caption\":\"Francisco Javier Fern\u00e1ndez Chento\"},\"description\":\"Director General y cofundador de La Red de Formaci\u00f3n Vicenciana. Javier es laico vicenciano, afiliado a la Congregaci\u00f3n de la Misi\u00f3n y miembro del Equipo de Misiones Populares de la provincia can\u00f3nica de Zaragoza (Espa\u00f1a) de la Congregaci\u00f3n de la Misi\u00f3n. Graduado en la Universidad Oberta de Catalunya con cuatro grados (Asistente de direcci\u00f3n, Gesti\u00f3n Administrativa, Recursos Humanos y Contabilidad Avanzada). Bil\u00edng\u00fce Espa\u00f1ol\/Ingl\u00e9s. gestiona y mantiene varias p\u00e1ginas web cristianas y vicencianas, incluida including La Red de Formaci\u00f3n Vicenciana, de la que es cofundador. Actualmente es responsable del \u00e1rea de Espa\u00f1ol de .famvin, la Red de Noticias de la Familia Vicenciana. Tambi\u00e9n es m\u00fasico cat\u00f3lico y ha editado varios discos. Es Director General y cofundador de Trovador, una reconocida compa\u00f1\u00eda discogr\u00e1fica critiana de Espa\u00f1a. Trabaja en las Tecnolog\u00edas de la Informaci\u00f3n, ofreciendo servicios de alojamiento, dise\u00f1o y mantenimiento Web, as\u00ed como asesoramiento, formaci\u00f3n y soluciones inform\u00e1ticas, gesti\u00f3n documental y digitalizaci\u00f3n de textos, edici\u00f3n y maquetaci\u00f3n de libros, revistas, flyers, etc.\",\"sameAs\":[\"http:\/\/chento.org\",\"https:\/\/www.facebook.com\/JavierChento\",\"https:\/\/x.com\/https:\/\/twitter.com\/javierchento\"],\"url\":\"https:\/\/vincentians.com\/es\/author\/chento\/\"}]}<\/script>\n<!-- \/ Yoast SEO plugin. -->","yoast_head_json":{"title":"El signo de estos tiempos. Tesis 3\u00aa: La base hist\u00f3rica: buscar el reino de Dios y su justicia - Somos Vicencianos","robots":{"index":"index","follow":"follow","max-snippet":"max-snippet:-1","max-image-preview":"max-image-preview:large","max-video-preview":"max-video-preview:-1"},"canonical":"http:\/\/vincentians.com\/es\/el-signo-de-estos-tiempos-tesis-3a-la-base-historica-buscar-el-reino-de-dios-y-su-justicia\/","og_locale":"es_ES","og_type":"article","og_title":"El signo de estos tiempos. Tesis 3\u00aa: La base hist\u00f3rica: buscar el reino de Dios y su justicia - Somos Vicencianos","og_description":"Tesis 3\u00aa: La base hist\u00f3rica: buscar el reino de Dios y su justicia La promesa divina de liberaci\u00f3n escatol\u00f3gica, objeto de la esperanza creyente, debe estimular al seguidor de Jesucristo a trabajar con todas sus ... Read More","og_url":"http:\/\/vincentians.com\/es\/el-signo-de-estos-tiempos-tesis-3a-la-base-historica-buscar-el-reino-de-dios-y-su-justicia\/","og_site_name":"Somos Vicencianos","article_publisher":"https:\/\/www.facebook.com\/WeAreVincentians\/","article_author":"https:\/\/www.facebook.com\/JavierChento","article_published_time":"2015-06-30T06:09:20+00:00","article_modified_time":"2016-07-26T17:17:42+00:00","author":"Francisco Javier Fern\u00e1ndez Chento","twitter_card":"summary_large_image","twitter_creator":"@https:\/\/twitter.com\/javierchento","twitter_site":"@WeVincentians","twitter_misc":{"Escrito por":"Francisco Javier Fern\u00e1ndez Chento","Tiempo de lectura":"19 minutos"},"schema":{"@context":"https:\/\/schema.org","@graph":[{"@type":"Article","@id":"http:\/\/vincentians.com\/es\/el-signo-de-estos-tiempos-tesis-3a-la-base-historica-buscar-el-reino-de-dios-y-su-justicia\/#article","isPartOf":{"@id":"http:\/\/vincentians.com\/es\/el-signo-de-estos-tiempos-tesis-3a-la-base-historica-buscar-el-reino-de-dios-y-su-justicia\/"},"author":{"name":"Francisco Javier Fern\u00e1ndez Chento","@id":"http:\/\/vincentians.com\/es\/#\/schema\/person\/9623ef4d9aa3b2dfb8c061f1499288f2"},"headline":"El signo de estos tiempos. Tesis 3\u00aa: La base hist\u00f3rica: buscar el reino de Dios y su justicia","datePublished":"2015-06-30T06:09:20+00:00","dateModified":"2016-07-26T17:17:42+00:00","mainEntityOfPage":{"@id":"http:\/\/vincentians.com\/es\/el-signo-de-estos-tiempos-tesis-3a-la-base-historica-buscar-el-reino-de-dios-y-su-justicia\/"},"wordCount":3799,"commentCount":0,"publisher":{"@id":"http:\/\/vincentians.com\/es\/#organization"},"image":{"@id":"http:\/\/vincentians.com\/es\/el-signo-de-estos-tiempos-tesis-3a-la-base-historica-buscar-el-reino-de-dios-y-su-justicia\/#primaryimage"},"thumbnailUrl":"","keywords":["San Juan de la Cruz"],"articleSection":["Formaci\u00f3n Vicenciana"],"inLanguage":"es","potentialAction":[{"@type":"CommentAction","name":"Comment","target":["http:\/\/vincentians.com\/es\/el-signo-de-estos-tiempos-tesis-3a-la-base-historica-buscar-el-reino-de-dios-y-su-justicia\/#respond"]}]},{"@type":"WebPage","@id":"http:\/\/vincentians.com\/es\/el-signo-de-estos-tiempos-tesis-3a-la-base-historica-buscar-el-reino-de-dios-y-su-justicia\/","url":"http:\/\/vincentians.com\/es\/el-signo-de-estos-tiempos-tesis-3a-la-base-historica-buscar-el-reino-de-dios-y-su-justicia\/","name":"El signo de estos tiempos. Tesis 3\u00aa: La base hist\u00f3rica: buscar el reino de Dios y su justicia - Somos Vicencianos","isPartOf":{"@id":"http:\/\/vincentians.com\/es\/#website"},"primaryImageOfPage":{"@id":"http:\/\/vincentians.com\/es\/el-signo-de-estos-tiempos-tesis-3a-la-base-historica-buscar-el-reino-de-dios-y-su-justicia\/#primaryimage"},"image":{"@id":"http:\/\/vincentians.com\/es\/el-signo-de-estos-tiempos-tesis-3a-la-base-historica-buscar-el-reino-de-dios-y-su-justicia\/#primaryimage"},"thumbnailUrl":"","datePublished":"2015-06-30T06:09:20+00:00","dateModified":"2016-07-26T17:17:42+00:00","breadcrumb":{"@id":"http:\/\/vincentians.com\/es\/el-signo-de-estos-tiempos-tesis-3a-la-base-historica-buscar-el-reino-de-dios-y-su-justicia\/#breadcrumb"},"inLanguage":"es","potentialAction":[{"@type":"ReadAction","target":["http:\/\/vincentians.com\/es\/el-signo-de-estos-tiempos-tesis-3a-la-base-historica-buscar-el-reino-de-dios-y-su-justicia\/"]}]},{"@type":"ImageObject","inLanguage":"es","@id":"http:\/\/vincentians.com\/es\/el-signo-de-estos-tiempos-tesis-3a-la-base-historica-buscar-el-reino-de-dios-y-su-justicia\/#primaryimage","url":"","contentUrl":""},{"@type":"BreadcrumbList","@id":"http:\/\/vincentians.com\/es\/el-signo-de-estos-tiempos-tesis-3a-la-base-historica-buscar-el-reino-de-dios-y-su-justicia\/#breadcrumb","itemListElement":[{"@type":"ListItem","position":1,"name":"Portada","item":"http:\/\/vincentians.com\/es\/"},{"@type":"ListItem","position":2,"name":"El signo de estos tiempos. Tesis 3\u00aa: La base hist\u00f3rica: buscar el reino de Dios y su justicia"}]},{"@type":"WebSite","@id":"http:\/\/vincentians.com\/es\/#website","url":"http:\/\/vincentians.com\/es\/","name":"Somos Vicencianos","description":"Know more to serve more","publisher":{"@id":"http:\/\/vincentians.com\/es\/#organization"},"potentialAction":[{"@type":"SearchAction","target":{"@type":"EntryPoint","urlTemplate":"http:\/\/vincentians.com\/es\/?s={search_term_string}"},"query-input":{"@type":"PropertyValueSpecification","valueRequired":true,"valueName":"search_term_string"}}],"inLanguage":"es"},{"@type":"Organization","@id":"http:\/\/vincentians.com\/es\/#organization","name":"The Vincentian Network","url":"http:\/\/vincentians.com\/es\/","logo":{"@type":"ImageObject","inLanguage":"es","@id":"http:\/\/vincentians.com\/es\/#\/schema\/logo\/image\/","url":"https:\/\/i1.wp.com\/vincentians.com\/es\/wp-content\/uploads\/sites\/11\/2016\/06\/Vincentian-Network-logo-big.png?fit=778%2C778","contentUrl":"https:\/\/i1.wp.com\/vincentians.com\/es\/wp-content\/uploads\/sites\/11\/2016\/06\/Vincentian-Network-logo-big.png?fit=778%2C778","width":778,"height":778,"caption":"The Vincentian Network"},"image":{"@id":"http:\/\/vincentians.com\/es\/#\/schema\/logo\/image\/"},"sameAs":["https:\/\/www.facebook.com\/WeAreVincentians\/","https:\/\/x.com\/WeVincentians"]},{"@type":"Person","@id":"http:\/\/vincentians.com\/es\/#\/schema\/person\/9623ef4d9aa3b2dfb8c061f1499288f2","name":"Francisco Javier Fern\u00e1ndez Chento","image":{"@type":"ImageObject","inLanguage":"es","@id":"http:\/\/vincentians.com\/es\/#\/schema\/person\/image\/","url":"https:\/\/secure.gravatar.com\/avatar\/497d5cde87b4c3d097d0315953521681ba2cd523ee66e5077c3711f7021e65de?s=96&d=mm&r=g","contentUrl":"https:\/\/secure.gravatar.com\/avatar\/497d5cde87b4c3d097d0315953521681ba2cd523ee66e5077c3711f7021e65de?s=96&d=mm&r=g","caption":"Francisco Javier Fern\u00e1ndez Chento"},"description":"Director General y cofundador de La Red de Formaci\u00f3n Vicenciana. Javier es laico vicenciano, afiliado a la Congregaci\u00f3n de la Misi\u00f3n y miembro del Equipo de Misiones Populares de la provincia can\u00f3nica de Zaragoza (Espa\u00f1a) de la Congregaci\u00f3n de la Misi\u00f3n. Graduado en la Universidad Oberta de Catalunya con cuatro grados (Asistente de direcci\u00f3n, Gesti\u00f3n Administrativa, Recursos Humanos y Contabilidad Avanzada). Bil\u00edng\u00fce Espa\u00f1ol\/Ingl\u00e9s. gestiona y mantiene varias p\u00e1ginas web cristianas y vicencianas, incluida including La Red de Formaci\u00f3n Vicenciana, de la que es cofundador. Actualmente es responsable del \u00e1rea de Espa\u00f1ol de .famvin, la Red de Noticias de la Familia Vicenciana. Tambi\u00e9n es m\u00fasico cat\u00f3lico y ha editado varios discos. Es Director General y cofundador de Trovador, una reconocida compa\u00f1\u00eda discogr\u00e1fica critiana de Espa\u00f1a. Trabaja en las Tecnolog\u00edas de la Informaci\u00f3n, ofreciendo servicios de alojamiento, dise\u00f1o y mantenimiento Web, as\u00ed como asesoramiento, formaci\u00f3n y soluciones inform\u00e1ticas, gesti\u00f3n documental y digitalizaci\u00f3n de textos, edici\u00f3n y maquetaci\u00f3n de libros, revistas, flyers, etc.","sameAs":["http:\/\/chento.org","https:\/\/www.facebook.com\/JavierChento","https:\/\/x.com\/https:\/\/twitter.com\/javierchento"],"url":"https:\/\/vincentians.com\/es\/author\/chento\/"}]}},"jetpack_publicize_connections":[],"jetpack_featured_media_url":"","jetpack_sharing_enabled":true,"jetpack_shortlink":"https:\/\/wp.me\/p7ETMF-vxX","jetpack-related-posts":[{"id":405275,"url":"https:\/\/vincentians.com\/es\/el-signo-de-estos-tiempos-vi\/","url_meta":{"origin":121269,"position":0},"title":"El signo de estos tiempos (VI)","author":"Mitxel Olabu\u00e9naga","date":"22\/07\/2024","format":false,"excerpt":"La base hist\u00f3rica: buscar el reino de Dios y su justicia La promesa divina de liberaci\u00f3n escatol\u00f3gica, objeto de la esperanza creyente, debe \u00a0estimular al seguidor de Jesucristo a trabajar con todas sus fuerzas por establecer signos de liberaci\u00f3n en este mundo, en el tiempo de la historia. Parecer\u00eda en\u2026","rel":"","context":"En \u00abFormaci\u00f3n Cristiana\u00bb","block_context":{"text":"Formaci\u00f3n Cristiana","link":"https:\/\/vincentians.com\/es\/category\/formacion-cristiana\/"},"img":{"alt_text":"","src":"","width":0,"height":0},"classes":[]},{"id":121883,"url":"https:\/\/vincentians.com\/es\/el-signo-de-estos-tiempos-tesis-7o-accion-benefica-accion-politica\/","url_meta":{"origin":121269,"position":1},"title":"El signo de estos tiempos. Tesis 7\u00ba: Acci\u00f3n ben\u00e9fica, acci\u00f3n pol\u00edtica","author":"Francisco Javier Fern\u00e1ndez Chento","date":"04\/07\/2015","format":false,"excerpt":"Tesis 7\u00ba: Acci\u00f3n ben\u00e9fica, acci\u00f3n pol\u00edtica La acci\u00f3n ben\u00e9fica en nombre de Jesucristo tiene una dimensi\u00f3n pol\u00edtica que no se debe, ni se puede, evitar. No se ha evitado en la acci\u00f3n tradicional de la Iglesia en favor de la humanidad; las condiciones del mundo moderno deben dar a esa\u2026","rel":"","context":"En \u00abFormaci\u00f3n Vicenciana\u00bb","block_context":{"text":"Formaci\u00f3n Vicenciana","link":"https:\/\/vincentians.com\/es\/category\/formacion-vicenciana\/"},"img":{"alt_text":"","src":"","width":0,"height":0},"classes":[]},{"id":121735,"url":"https:\/\/vincentians.com\/es\/el-signo-de-estos-tiempos-tesis-6a-liberacion-de-los-pobres-signo-de-todo-tiempo\/","url_meta":{"origin":121269,"position":2},"title":"El signo de estos tiempos. Tesis 6\u00aa: Liberaci\u00f3n de los pobres, signo de todo tiempo","author":"Francisco Javier Fern\u00e1ndez Chento","date":"03\/07\/2015","format":false,"excerpt":"Tesis 6\u00aa: Liberaci\u00f3n de los pobres, signo de todo tiempo \"El que es\" se revela a Mois\u00e9s como un Dios liberador de los pobres, el pueblo hebreo reducido a esclavitud. En la plenitud de los tiempos env\u00eda a su Hijo a evangelizar a los pobres, siendo pobre El mismo. Su\u2026","rel":"","context":"En \u00abFormaci\u00f3n Vicenciana\u00bb","block_context":{"text":"Formaci\u00f3n Vicenciana","link":"https:\/\/vincentians.com\/es\/category\/formacion-vicenciana\/"},"img":{"alt_text":"","src":"","width":0,"height":0},"classes":[]},{"id":14158,"url":"https:\/\/vincentians.com\/es\/el-reino-de-dios-en-la-teologia\/","url_meta":{"origin":121269,"position":3},"title":"El Reino de Dios en la Teolog\u00eda","author":"Francisco Javier Fern\u00e1ndez Chento","date":"21\/10\/2019","format":false,"excerpt":"\"Lo mismo que Jes\u00fas vino a anunciar y realizar, esto es, el reino de Dios, es lo que debe constituirse en el objeto unificador de toda la teolog\u00eda cristiana, as\u00ed como de la moral y de la pastoral cristianas: la mayor realizaci\u00f3n posible del reino de Dios en la historia\u2026","rel":"","context":"En \u00abFormaci\u00f3n Cristiana\u00bb","block_context":{"text":"Formaci\u00f3n Cristiana","link":"https:\/\/vincentians.com\/es\/category\/formacion-cristiana\/"},"img":{"alt_text":"","src":"https:\/\/i0.wp.com\/vincentians.com\/es\/wp-content\/uploads\/sites\/11\/2016\/08\/providencia.jpg?fit=1200%2C630&ssl=1&resize=350%2C200","width":350,"height":200,"srcset":"https:\/\/i0.wp.com\/vincentians.com\/es\/wp-content\/uploads\/sites\/11\/2016\/08\/providencia.jpg?fit=1200%2C630&ssl=1&resize=350%2C200 1x, https:\/\/i0.wp.com\/vincentians.com\/es\/wp-content\/uploads\/sites\/11\/2016\/08\/providencia.jpg?fit=1200%2C630&ssl=1&resize=525%2C300 1.5x, https:\/\/i0.wp.com\/vincentians.com\/es\/wp-content\/uploads\/sites\/11\/2016\/08\/providencia.jpg?fit=1200%2C630&ssl=1&resize=700%2C400 2x, https:\/\/i0.wp.com\/vincentians.com\/es\/wp-content\/uploads\/sites\/11\/2016\/08\/providencia.jpg?fit=1200%2C630&ssl=1&resize=1050%2C600 3x"},"classes":[]},{"id":121266,"url":"https:\/\/vincentians.com\/es\/el-signo-de-estos-tiempos-tesis-2a-la-base-mistica-jesucristo-modelo-de-seguimiento-en-la-opcion-por-los-pobres\/","url_meta":{"origin":121269,"position":4},"title":"El signo de estos tiempos. Tesis 2\u00aa: La base m\u00edstica: Jesucristo, modelo de seguimiento en la opci\u00f3n por los pobres","author":"Francisco Javier Fern\u00e1ndez Chento","date":"29\/06\/2015","format":false,"excerpt":"Tesis 2\u00aa: La base m\u00edstica: Jesucristo, modelo de seguimiento en la opci\u00f3n por los pobres La opci\u00f3n por los pobres es la forma privilegiada del seguimiento de Jesucristo que se propone a todos los cristianos. Privilegiada: pues \u00e9l mismo defini\u00f3 el prop\u00f3sito fundamental de su vida terrena-hist\u00f3rica (de la encarnaci\u00f3n\u2026","rel":"","context":"En \u00abFormaci\u00f3n Vicenciana\u00bb","block_context":{"text":"Formaci\u00f3n Vicenciana","link":"https:\/\/vincentians.com\/es\/category\/formacion-vicenciana\/"},"img":{"alt_text":"","src":"","width":0,"height":0},"classes":[]},{"id":405283,"url":"https:\/\/vincentians.com\/es\/el-signo-de-estos-tiempos-x\/","url_meta":{"origin":121269,"position":5},"title":"El signo de estos tiempos (X)","author":"Mitxel Olabu\u00e9naga","date":"30\/07\/2024","format":false,"excerpt":"Acci\u00f3n ben\u00e9fica, acci\u00f3n pol\u00edtica La acci\u00f3n ben\u00e9fica en nombre de Jesucristo tiene una dimensi\u00f3n pol\u00edtica que no se debe, ni se puede, evitar. No se ha evitado en la acci\u00f3n tradicional de la Iglesia en favor de la humanidad; las condiciones del mundo moderno deben dar a esa dimensi\u00f3n un\u2026","rel":"","context":"En \u00abFormaci\u00f3n Cristiana\u00bb","block_context":{"text":"Formaci\u00f3n Cristiana","link":"https:\/\/vincentians.com\/es\/category\/formacion-cristiana\/"},"img":{"alt_text":"","src":"","width":0,"height":0},"classes":[]}],"_links":{"self":[{"href":"https:\/\/vincentians.com\/es\/wp-json\/wp\/v2\/posts\/121269","targetHints":{"allow":["GET"]}}],"collection":[{"href":"https:\/\/vincentians.com\/es\/wp-json\/wp\/v2\/posts"}],"about":[{"href":"https:\/\/vincentians.com\/es\/wp-json\/wp\/v2\/types\/post"}],"author":[{"embeddable":true,"href":"https:\/\/vincentians.com\/es\/wp-json\/wp\/v2\/users\/4"}],"replies":[{"embeddable":true,"href":"https:\/\/vincentians.com\/es\/wp-json\/wp\/v2\/comments?post=121269"}],"version-history":[{"count":0,"href":"https:\/\/vincentians.com\/es\/wp-json\/wp\/v2\/posts\/121269\/revisions"}],"wp:featuredmedia":[{"embeddable":true,"href":"https:\/\/vincentians.com\/es\/wp-json\/"}],"wp:attachment":[{"href":"https:\/\/vincentians.com\/es\/wp-json\/wp\/v2\/media?parent=121269"}],"wp:term":[{"taxonomy":"category","embeddable":true,"href":"https:\/\/vincentians.com\/es\/wp-json\/wp\/v2\/categories?post=121269"},{"taxonomy":"post_tag","embeddable":true,"href":"https:\/\/vincentians.com\/es\/wp-json\/wp\/v2\/tags?post=121269"}],"curies":[{"name":"wp","href":"https:\/\/api.w.org\/{rel}","templated":true}]}}