{"id":121252,"date":"2015-04-26T13:23:41","date_gmt":"2015-04-26T11:23:41","guid":{"rendered":"http:\/\/somos.vicencianos.org\/?p=121252"},"modified":"2016-07-26T17:21:28","modified_gmt":"2016-07-26T15:21:28","slug":"san-vicente-de-paul-nacio-en-francia-i-nacimiento","status":"publish","type":"post","link":"https:\/\/vincentians.com\/es\/san-vicente-de-paul-nacio-en-francia-i-nacimiento\/","title":{"rendered":"San Vicente de Pa\u00fal naci\u00f3 en Francia. I. Nacimiento"},"content":{"rendered":"<p style=\"text-align: right\"><i>Vincentius a Pa\u00falo, natione Gallus, Podii non procul ab Aquis Tarbellis in Aquitania natus.<br \/>\n<\/i>(Breviario romano, 19 julio.)<\/p>\n<h2>Primera parte<\/h2>\n<p><a href=\"https:\/\/i0.wp.com\/vicencianos.org\/wp-content\/2013\/04\/pemartin.jpg\"><img data-recalc-dims=\"1\" loading=\"lazy\" decoding=\"async\" class=\"alignright size-medium wp-image-121501\" src=\"https:\/\/i0.wp.com\/vicencianos.org\/wp-content\/2013\/04\/pemartin-189x300.jpg?resize=189%2C300\" alt=\"pemartin\" width=\"189\" height=\"300\" \/><\/a>Se public\u00f3 en Barcelona (Espa\u00f1a), como ap\u00e9ndice<span id='easy-footnote-1-121252' class='easy-footnote-margin-adjust'><\/span><span class='easy-footnote'><a href='https:\/\/vincentians.com\/es\/san-vicente-de-paul-nacio-en-francia-i-nacimiento\/#easy-footnote-bottom-1-121252' title='&lt;i&gt;San Vicente de Pa\u00fal y su misi\u00f3n social, &lt;\/i&gt;por Arthur Loth. Obra traducida y anotada por B. Feli\u00fa y Perez. Barcelona, imprenta de Jaime Jes\u00fas Roviralta, calle del Notariado, 9. 1887.'><sup>1<\/sup><\/a><\/span> a la traducci\u00f3n de la obra del Sr. Arturo Loth: <i>San Vicente de Pa\u00fal y su misi\u00f3n social, <\/i>una tesis hist\u00f3rica en extremo sorprendente.<\/p>\n<p>Si di\u00e9semos cr\u00e9dito a las afirmaciones del ilustrado Sr. Feli\u00fa y Perez, San Vicente no naci\u00f3 en Francia, sino en Espa\u00f1a; y por consiguiente, no hay raz\u00f3n para que la primera proclame como hijo suyo este ilustre bienhechor de la humanidad, esta gran gloria de la Iglesia. Los franceses debemos contentarnos con decir que Vicente estudi\u00f3 en Fran\u00adcia (y todav\u00eda esto no es seguro)<span id='easy-footnote-2-121252' class='easy-footnote-margin-adjust'><\/span><span class='easy-footnote'><a href='https:\/\/vincentians.com\/es\/san-vicente-de-paul-nacio-en-francia-i-nacimiento\/#easy-footnote-bottom-2-121252' title='Los Espa\u00f1oles afirman que estudi\u00f3 siete a\u00f1os en Zaragoza, &lt;i&gt;San Vicente, &lt;\/i&gt;p. 468.'><sup>2<\/sup><\/a><\/span>, y leer con admiraci\u00f3n el relato de las obras prodigiosas que realiz\u00f3; pero todo se reduce a esto. Vicente de Pa\u00fal es espa\u00f1ol, y por lo tanto debe enriquecer el cat\u00e1logo de los santos, con que se glor\u00eda Espa\u00f1a, y su nombre inscribirse a continuaci\u00f3n de los de San Ignacio, Santo Domingo y San Vicente Ferrer.<\/p>\n<p>Los sabios no est\u00e1n acordes acerca de la patria de Homero, y esta divergencia no nos sorprende a la distancia a que nos encontramos del poeta griego; pero pretender que San Vicente pertenece a Espa\u00f1a, y designar a Tamarite, como el lugar del nacimiento del que Francia ha conside\u00adrado siempre como hijo suyo, es cosa estupenda.<\/p>\n<p>Las aserciones del traductor, para establecer que San Vicente es Espanol, pueden resurmirse de la siguiente manera: Los Franceses nada pueden precisar acerca del nacimiento ni de la juventud del Santo, al paso que la tra\u00addici\u00f3n espa\u00f1ola asegura que naci\u00f3 en Tamarite de Litera, Arag\u00f3n, donde fue bautizado; que estudi\u00f3 siete a\u00f1os en la universidad de Zaragoza; que all\u00ed se gradu\u00f3 de bachiller en teolog\u00eda y recibi\u00f3 m\u00e1s tarde las santas \u00f3rdenes, o por lo menos la del sacerdocio. Afirmar no es probar.<\/p>\n<p>Antes de refutar lo que antecede, que no reposa sobre prueba alguna, establezcamos que San Vicente de Pa\u00fal naci\u00f3 en Pouy<span id='easy-footnote-3-121252' class='easy-footnote-margin-adjust'><\/span><span class='easy-footnote'><a href='https:\/\/vincentians.com\/es\/san-vicente-de-paul-nacio-en-francia-i-nacimiento\/#easy-footnote-bottom-3-121252' title='Antiguamente Poy, Poy-sur-Aeqs, Pouy-sur-Acqs, Acqs es el antiguo nombre de Dax, departamento de las Landas.'><sup>3<\/sup><\/a><\/span>, en la di\u00f3cesis de Dax; que estudi\u00f3 siete a\u00f1os en la universidad de Toulouse; que all\u00ed tom\u00f3 el diploma de bachiller y explic\u00f3 el segundo libro del maestro de las Sentencias, Pedro Lombard; y finalmente, que recibi\u00f3 la tonsura y las dem\u00e1s \u00f3rdenes menores en Bidache, di\u00f3cesis de Dax, el sub-diaconado y diaconado en Tarbes, y fue con\u00adsagrado sacerdote en Ch\u00e2teau-l&#8217;\u00c9v\u00eaque, cerca de Perigueux. All\u00e1 van las pruebas.<\/p>\n<h2>I. Nacimiento<\/h2>\n<p>El 24 de abril de 4576, naci\u00f3 en Pouy, di\u00f3cesis de Dax, en la casa llamada Ranquines, Vicente de Pa\u00fal, hijo de Juan de Pa\u00fal<span id='easy-footnote-4-121252' class='easy-footnote-margin-adjust'><\/span><span class='easy-footnote'><a href='https:\/\/vincentians.com\/es\/san-vicente-de-paul-nacio-en-francia-i-nacimiento\/#easy-footnote-bottom-4-121252' title='La ortograf\u00eda ha adoptado el \u00abde Pa\u00fal\u00bb, pero el santo firm\u00f3 Depaul, como lo hacen los descendientes de la familia.'><sup>4<\/sup><\/a><\/span> y de Bertranda de Moras. Fu\u00e9 el tercero de los varones que se llamaban, Juan, Bernardo, Vicente y Do\u00admingo: tuvo tambi\u00e9n dos hermanas, Mar\u00eda y Claudia.<\/p>\n<p>Es un hecho justificado por la tradici\u00f3n local que Vicente naci\u00f3 en Pouy, y lo mismo nos dicen todos los historiadores que en ello se ocuparon. Los dos m\u00e1s c\u00e9lebres de entre los antiguos, Abelly y Collet, afirman que el santo naci\u00f3 \u00aben el pueblo de Pouy<span id='easy-footnote-5-121252' class='easy-footnote-margin-adjust'><\/span><span class='easy-footnote'><a href='https:\/\/vincentians.com\/es\/san-vicente-de-paul-nacio-en-francia-i-nacimiento\/#easy-footnote-bottom-5-121252' title='Abelly, libro I, cap. II.'><sup>5<\/sup><\/a><\/span>\u00bb \u00aben un caser\u00edo del pueblo de Pouy\u00bb, di\u00f3cesis de Dax<span id='easy-footnote-6-121252' class='easy-footnote-margin-adjust'><\/span><span class='easy-footnote'><a href='https:\/\/vincentians.com\/es\/san-vicente-de-paul-nacio-en-francia-i-nacimiento\/#easy-footnote-bottom-6-121252' title='Collet, libro I, a\u00f1o 1576.'><sup>6<\/sup><\/a><\/span>; y en las dos vidas del servidor de Dios, impresas en Par\u00eds, la una en el a\u00f1o 1729, en casa de Barois, muelle de los Agustinos, y la otra en 1733, en casa de Pedro Sim\u00f3n, y presentadas en Roma al tiempo de la cano\u00adnizaci\u00f3n, se sostiene lo mismo. Los escritores extrangeros hablan en los mismos t\u00e9rminos. En una vida del Santo escrita en portugu\u00e9s, \u00e9 impresa en el a\u00f1o 1738, se lee \u00abque el gran servidor de Dios San Vicente de Pa\u00fal, naci\u00f3 en el reino de Francia, en el pueblo de Pouy, cerca de Dax, y no lejos de los Pirineos<span id='easy-footnote-7-121252' class='easy-footnote-margin-adjust'><\/span><span class='easy-footnote'><a href='https:\/\/vincentians.com\/es\/san-vicente-de-paul-nacio-en-francia-i-nacimiento\/#easy-footnote-bottom-7-121252' title='&lt;i&gt;Vida de S. Vicente de&lt;\/i&gt;&lt;i&gt; &lt;\/i&gt;Paulo, escrita na lingua castelhana, pelo padre mestre F. Jclo do SS. Sacramento de \u00f3rden do Santo Agostinho da provincia de Castella, et traduzida em Portuguez, por D. Joze Barosa, 1738. El Sr Feli\u00fa y Perez, cuenta al P. Juan del Santisimo Sacramento, en el n\u00famero de las personas favorables a su tesis, y cita un p\u00e1rrafo del autor, sobra los estudios de S. Vi\u00adcente. (Ap\u00e9ndice primero del traductor, p. 478.)'><sup>7<\/sup><\/a><\/span><b>. <\/b>Esta obra, no es otra cosa que la traducci\u00f3n del libro espa\u00f1ol del P. Juan del Sant\u00edsimo Sacra\u00admento, religioso Agustino de la provincia de Castilla. La misma especie se hace constar en la edici\u00f3n de las Reglas comunes de la Congregaci\u00f3n dela Misi\u00f3n, impresa en Lisboa, en 1743<span id='easy-footnote-8-121252' class='easy-footnote-margin-adjust'><\/span><span class='easy-footnote'><a href='https:\/\/vincentians.com\/es\/san-vicente-de-paul-nacio-en-francia-i-nacimiento\/#easy-footnote-bottom-8-121252' title='Montibus Pyrenais adjacet magna Galliarum provincia, cui nomen Aquitania videtur dedisse civitas dicta Agua Augusta, seu Tarbellica (Acqs, hoy Dax;; justa quam natus est Podii Vincentius a Pa\u00falo, vigesima quarta die Aprilis anni 1576.'><sup>8<\/sup><\/a><\/span>. Lo propio sucede con la vida escrita en Italiano, por el P. Domingo Acami, del Oratorio de Roma<span id='easy-footnote-9-121252' class='easy-footnote-margin-adjust'><\/span><span class='easy-footnote'><a href='https:\/\/vincentians.com\/es\/san-vicente-de-paul-nacio-en-francia-i-nacimiento\/#easy-footnote-bottom-9-121252' title='Torino, 1837. 5 edizione.'><sup>9<\/sup><\/a><\/span>. Surios, en su <i>Vida de los Santos, <\/i>designa a Pouy, como lugar del nacimiento de Vicente<span id='easy-footnote-10-121252' class='easy-footnote-margin-adjust'><\/span><span class='easy-footnote'><a href='https:\/\/vincentians.com\/es\/san-vicente-de-paul-nacio-en-francia-i-nacimiento\/#easy-footnote-bottom-10-121252' title='Augusta Taurinorum, 1877.'><sup>10<\/sup><\/a><\/span>, y esto mismo sostiene C\u00e9sar Bac\u00adcaria en su obra publicada en G\u00e9nova, el a\u00f1o 1881, y dedicada al Soberano pont\u00edfice Le\u00f3n XIII, y cuyo t\u00edtulo es <i>Vidas de los Santos<\/i> Sacerdotes<span id='easy-footnote-11-121252' class='easy-footnote-margin-adjust'><\/span><span class='easy-footnote'><a href='https:\/\/vincentians.com\/es\/san-vicente-de-paul-nacio-en-francia-i-nacimiento\/#easy-footnote-bottom-11-121252' title='DD. Curionum vitaea Casare Baccaria descriptae, cura Jo. Bapt. Sanguineti et Leoni XIII, Pont. M., dicatte. \u2014 Gentia, M DCCC LXXXI.'><sup>11<\/sup><\/a><\/span>.<\/p>\n<p>Adem\u00e1s de la obra espa\u00f1ola del P. Juan del Sant\u00edsimoSacramento, ya mencionada, existe otra de un misionero de la orden de la Sant\u00edsima Trinidad para el rescate de los cautivos, el P. Eusebio del Sant\u00edsimo Sacramento. En este libro, dedicado al eminent\u00edsimo y reverend\u00edsimo Don Diego de Astorga y C\u00e9spedes, cardenal-arzobispo de Toledo, e impreso en Roma en 1730, se lee en su segunda p\u00e1gina lo siguiente: \u00abNuestro bienaventurado Padre (Vicente de Pa\u00fal), naci\u00f3 el martes 24 abril de 1576, ocupando el trono pontificio Gregorio XIII de santa e ilustre memoria. Su patria fue el lugar de Ranquines en el obispado de Dax, cuyo metropolitano se encuentra en Auch.\u00bb<\/p>\n<p>Nuestro colega espa\u00f1ol D. Manuel Cam\u00edn, en su obra que trata de la vida y virtudes de San Vicente, Madrid 1849, traduce lo que acerca de este punto dice Collet, sin formular reclamaci\u00f3n alguna, ni a nombre de Tamarite, ni a nombre de Espa\u00f1a. Otro misionero espa\u00f1ol, D. Raimundo Sanz, que ha escrito una vida del Santo<span id='easy-footnote-12-121252' class='easy-footnote-margin-adjust'><\/span><span class='easy-footnote'><a href='https:\/\/vincentians.com\/es\/san-vicente-de-paul-nacio-en-francia-i-nacimiento\/#easy-footnote-bottom-12-121252' title='De una familia oriunda de Espa\u00f1a. \u2014 Compendio de la his\u00adtoria de San Vicente de Pa\u00fal y de las Hijas de la Caridad, escrito por don Ram\u00f3n Sanz, presb\u00edtero. \u2014Madrid, 1841. 1 vol. in-l8, de 219 p\u00e1ginas.'><sup>12<\/sup><\/a><\/span>, designa a Pouy cerca de Dax, como el lugar del nacimiento; pero a\u00f1ade sin presentar prueba alguna, que los padres de Vicente eran espa\u00f1oles.<\/p>\n<p>No citamos m\u00e1s autores, por la sencilla raz\u00f3n de no tener mano sus obras; pero podemos afirmar que todos, ya franceses ya extranjeros, reconocen a Vicente como una de las glorias m\u00e1s puras de Francia.<\/p>\n<p>Vicente en sus primeros a\u00f1os ayud\u00f3 a sus padres, y empu\u00f1ando el cayado del pastor, apacentaba un reba\u00f1o en los alrededores de la casa en donde naci\u00f3, o bien, en las no lejanas landas de Buglosse. Con frecuencia recordaba sus primitivas y modestas ocupaciones. En 1633, escrib\u00eda a un misionero: \u00abEstos \u00faltimos d\u00edas, predicando en una con\u00adgregaci\u00f3n les dec\u00eda, que yo era hijo de un pobre labrador;\u00bb y en otra ocasi\u00f3n a\u00f1ad\u00eda, \u00abque hab\u00eda cuidado las bestias\u00bb<span id='easy-footnote-13-121252' class='easy-footnote-margin-adjust'><\/span><span class='easy-footnote'><a href='https:\/\/vincentians.com\/es\/san-vicente-de-paul-nacio-en-francia-i-nacimiento\/#easy-footnote-bottom-13-121252' title='Maynard, &lt;i&gt;Vertus et doctrine de saint Vincent, &lt;\/i&gt;p. 189. In-f 2, Bray, Paris, 1878.'><sup>13<\/sup><\/a><\/span>. Sin duda ninguna era en Pouy donde Vicente guardaba su ganado, y bien claramente lo di\u00f3 a entender a Monse\u00f1or de Persin de Montgaillard, en un viaje que hizo a San L\u00e1zaro. Hablando Monse\u00f1or de Montgaillard, en aquel entonces obispo de Saint-Pons, del Castillo de donde tomaba el nombre su familia, \u00a1Oh! lo conozco muy bien, interrum\u00adpi\u00f3 Vicente, con frecuencia en mi juventud encaminaba hacia ese lado mi ganado<span id='easy-footnote-14-121252' class='easy-footnote-margin-adjust'><\/span><span class='easy-footnote'><a href='https:\/\/vincentians.com\/es\/san-vicente-de-paul-nacio-en-francia-i-nacimiento\/#easy-footnote-bottom-14-121252' title='Maynard, &lt;i&gt;Vertus et doctrine spirituelle, &lt;\/i&gt;p. 188.'><sup>14<\/sup><\/a><\/span>: y el pueblo de Montgaillard se encuentra en las Landas, cerca de Saint-Sever.<\/p>\n<p>A los doce a\u00f1os de edad, en 088, entr\u00f3 el joven Vicente en el convento de Franciscanos de Dax, a quienes su padre pagaba \u00abSesenta libras al a\u00f1o, seg\u00fan la costumbre del tiempo y del pa\u00eds\u00bb<span id='easy-footnote-15-121252' class='easy-footnote-margin-adjust'><\/span><span class='easy-footnote'><a href='https:\/\/vincentians.com\/es\/san-vicente-de-paul-nacio-en-francia-i-nacimiento\/#easy-footnote-bottom-15-121252' title='Abelly, libro 1\u00b0, cap. III.'><sup>15<\/sup><\/a><\/span>. En Dax permaneci\u00f3 ocho a\u00f1os, y en diciembre de 1596, se present\u00f3 a la tonsura, siguiendo el consejo que le diera su protector el Sr. de Comet.<\/p>\n<p>He aqu\u00ed la cartilla que le entreg\u00f3 Monse\u00f1or Salvat Dibarse y de la cual se tom\u00f3 raz\u00f3n en el obispado de Dax<span id='easy-footnote-16-121252' class='easy-footnote-margin-adjust'><\/span><span class='easy-footnote'><a href='https:\/\/vincentians.com\/es\/san-vicente-de-paul-nacio-en-francia-i-nacimiento\/#easy-footnote-bottom-16-121252' title='&lt;i&gt;Litterie tonsura.&lt;\/i&gt;&lt;\/p&gt;\n&lt;p&gt;Salvatus Diharse, Dei et Sancta Sedis apostolicle gratia episcoptis Tarbiensis, omnibus notum facimus quod nos, die infraseript\u00e1, in jejuniis quatuor temporum post festum beata Lucia, sacros gene\u00adrales ordines in ecclesia collegiata de Bidachen Aquensis dieccesis, de licentia dominorum canonicorum et de- capitulo ecclesia cathe\u00addralis Aquensis, sede episcopali vacante, celebrantes, dilecto ilustro Vincentio de Pa\u00fal, filio legitimo et rmfural\u00ed R&amp;#8230; de Pa\u00fal et Ber\u00adtrandw du Moras, parochiw, de Podio, Aquens\u00eds dieecesis, ex legi\u00adtimo matrimonio procreato, ac in wtate, et litteratura sufficienti,&lt;\/p&gt;\n&lt;p&gt;tonsuram in Domino contulimus clericalem, &lt;i&gt;ac &lt;\/i&gt;eum clericali&lt;br \/&gt;\nadscripsirnus, mediantibus litteris demissioriis, in cujus rei fidem presentes sigillo nostro parvo manitas per commissum graffari dicti capituli fieri et expediri fecimus in dicta ecclesia, die vigesima mensis Decembris, auno Domini milesimo quingentesimo nonage\u00adsimo sexto.&lt;\/p&gt;\n&lt;p&gt;&lt;i&gt;(Sic signatum:) &lt;\/i&gt;E. DIHARSE, episeopus Tarbiensis;&lt;\/p&gt;\n&lt;p&gt;&lt;i&gt;(Et inferius:) &lt;\/i&gt;De mandato dicti domini episcopi Tarbiensis, DEPAGADOY, commissus graffarius, et sigillo.'><sup>16<\/sup><\/a><\/span><i>:<\/i><\/p>\n<p style=\"padding-left: 30px\">\u00abSalvat Diharse, por la gracia de Dios y de la Santa sede Ap\u00f3stolica, obispo de Tarbes; hacemos conocer a todos que, en el da abajo inscrito de las T\u00e9mporas siguientes a la fiesta de santa Luc\u00eda, confiriendo las santas \u00f3rdenes en la iglesia de Bidache, de la di\u00f3cesis de Dax, y con la autori\u00adzaci\u00f3n de los se\u00f1ores can\u00f3nigos y cap\u00edtulo de la iglesia catedral de Dax, sede vacante; hemos conferido a nuestro querido Vicente de Pa\u00fal, hijo leg\u00edtimo y natural, nacido del matrimonio de&#8230;<span id='easy-footnote-17-121252' class='easy-footnote-margin-adjust'><\/span><span class='easy-footnote'><a href='https:\/\/vincentians.com\/es\/san-vicente-de-paul-nacio-en-francia-i-nacimiento\/#easy-footnote-bottom-17-121252' title='El nombre de pila qued\u00f3 en blanco, pero los historiadores Juan y Guillermo (Jean et Iyoaflaume) lo dan.'><sup>17<\/sup><\/a><\/span> de Pa\u00fal y de Bertranda de Moras, de la parroquia de Pouy en lo di\u00f3cesis de Dax, teniendo la edad \u00e9 instruccion suficientes, la tonsura clerical y le hemos alistado en la milicia eclesi\u00e1stica, mediante la presentaci\u00f3n de sus cartas dimisorias. En fe de lo cual, hemos hecho redactar y expedir en dicha iglesia, por el vice-secretario del cap\u00edtulo, las presentes selladas con nuestro sello pe\u00adque\u00f1o, el vig\u00e9simo primero del mes de diciembre del ario del se\u00f1or, mil quinientos noventa y seis.<\/p>\n<p style=\"padding-left: 30px\">(Firmado:) \u00abE. DIHARSE, obispo de Tarbes.<\/p>\n<p style=\"padding-left: 30px\">(Abajo;) \u00abPor mandato del dicho Sr. obispo de Tarbes: DEPAGADOY, vice-secretario.\u00bb<\/p>\n<p style=\"padding-left: 30px\">Lugor del sello.<\/p>\n<p>En el mismo d\u00eda Vicente recibe las \u00f3rdenes menores. He aqu\u00ed la carta que se parece a la de tonsura, redactadas y firmadas ambas en el mismo d\u00eda.<\/p>\n<p style=\"padding-left: 30px\">Salvat Diharse, por la gracia de Dios y de la Santa Sede Ap\u00f3stolica, obispo de Tarbes: hacemos conocer a todos que, hoy viernes abajo designado, en las T\u00e9mporas de santa Luc\u00eda del a\u00f1o abajo mencionado, confiriendo las santas \u00f3rdenes en la misa solemne, en la iglesia colegiata de Eidache, di\u00f3cesis de Dax, con la autorizaci\u00f3n de los se\u00f1ores can\u00f3nigos y cap\u00edtulo de la iglesia catedral de Dax, sede vacante; hemos en debida forma y can\u00f3nicamente, elevado al orden de ac\u00f3lito y dem\u00e1s \u00f3rdenes menores, mediante las cartas dimisorias, a nuestro querido Vicente de Pa\u00fal, de la di\u00f3cesis de Dax a nos enviado, y en el cual previo examen,&#8217; hemos encontrado la aptitud y, suficiencia necesa\u00adrias.<\/p>\n<p style=\"padding-left: 30px\">En fe de lo cual, etc., etc&#8230;\u00bb<span id='easy-footnote-18-121252' class='easy-footnote-margin-adjust'><\/span><span class='easy-footnote'><a href='https:\/\/vincentians.com\/es\/san-vicente-de-paul-nacio-en-francia-i-nacimiento\/#easy-footnote-bottom-18-121252' title='&lt;i&gt;Litteree quatuor minorum ordinum. &lt;\/i&gt;Salvatus Diharse, Dei et Sanctre Sedis apostolicw gratia episcopus Tarbiensis, omnibus notum facimus quod hac die infrascripta ve\u00adneris, in jejunuis quatuor temporm beatce Luche, anno et mense infrascriptis, sacros generales ordines in ecelesia collegiata de Bi\u00addachen. di\u00f3cesis aquensis, de ]icentia dominorum canonicorum et de capitulo ecclesiw cathedralis aquensis, sede episcopali va\u00adcante, infra missarum solemnia celebrantes, dilectum nostrum Vincentium Pa\u00faltan, dicecesis aquensis, remissum, in examine sufficientem et idoneum repertum, ad acolytatum creterosque mi\u00adnores ordines rite et canonice in Domino promovimus, medianti\u2022 bus litteris dimissoriis; in cujas rei fidem prcesentes litteras sigilo parvo nostro manitas per eommissum graffarii dicti capital expe\u00addiri fecimus, in dicta ecelesia, die vigesim\u00e1 mensis decembris, anno Domini millesimo quingentesimo nonagesimo sexto, (&lt;i&gt;Sic signatum:) &lt;\/i&gt;E. DIIIARSE, episcopus Tarbiensis. &lt;i&gt;(Et inferius: &lt;\/i&gt;De mandato dicti domini episco Tarbiensis, DEPAGADOY, commissus graffarius, et sigillo.'><sup>18<\/sup><\/a><\/span>\n<p>M\u00e9d\u00edtense los dos documentos que anteceden. La orde\u00adnaci\u00f3n se hace por el obispo de Tarbes en un sujeto de la di\u00f3cesis de Dax, originario de la parroquia de Pouy seg\u00fan las dimisorias de tonsura. Son dos actos p\u00fablicos incontes\u00adtables. El notario afirma en el primero que Vicente, nacido del leg\u00edtimo matrimonio de&#8230; de Pa\u00fal y Bertranda de Moras, vio la luz en Pouy, de lo cual se infiere que all\u00ed fue bautizado. No se puede recibir la tonsura ni las \u00f3rdenes menores, sino se ha estado bautizado; y el autor del ap\u00e9n\u00addice ti\u00e9ne raz\u00f3n al decir<span id='easy-footnote-19-121252' class='easy-footnote-margin-adjust'><\/span><span class='easy-footnote'><a href='https:\/\/vincentians.com\/es\/san-vicente-de-paul-nacio-en-francia-i-nacimiento\/#easy-footnote-bottom-19-121252' title='Primer ap\u00e9ndice del traductor, p. 465.'><sup>19<\/sup><\/a><\/span>, que para ordenar a Vicente ha debido producirse su partida de bautismo. Si no se le bau\u00adtiz\u00f3 en Pouy, \u00bfd\u00f3nde pudo bautiz\u00e1rsele? Siendo este punto unas de las objeciones del traductor, m\u00e1s adelante nos ocuparemos de \u00e9l con m\u00e1s extensi\u00f3n.<\/p>\n<p>Para el sub-diaconado (19 de setiembre de 1598), y para el diaconado (19 de diciembre de 1598), el mismo Monse\u00f1or Diharse se refiere de nuevo a las dimisorias dadas leg\u00edtimamente a Vicente, en Dax, su di\u00f3cesis. El obispo de Perigueux hace lo mismo al ordenarle de sacerdote (23 de setiembre de 1600). Estos dos prelados nos autorizan a sostener que Vicente de Pa\u00fal naci\u00f3 en la di\u00f3cesis de Dax, y esta verdad se ve confirmada por Monse\u00f1or Juan Jacobo Dusault, obispo de Dax, en el testimonio puesto por \u00e9l, a continuaci\u00f3n de las cartas de \u00f3rdenes de San Vicente. Encontr\u00e1ndose este en Avi\u00f1\u00f3n<span id='easy-footnote-20-121252' class='easy-footnote-margin-adjust'><\/span><span class='easy-footnote'><a href='https:\/\/vincentians.com\/es\/san-vicente-de-paul-nacio-en-francia-i-nacimiento\/#easy-footnote-bottom-20-121252' title='Carta del 2r de julio de 1607. \u2014 V\u00e9ase la primera carta de primer volumen de &lt;i&gt;Cartas de san Vicente de Pa\u00fal, &lt;\/i&gt;p. 10.'><sup>20<\/sup><\/a><\/span> de vuelta de su cautividad en \u00c1frica, y antes de marchar a Roma con el vice-legado Monse\u00f1or Pedro Montorio, reclam\u00f3 al Sr. de Comet las dichas cartas. Como quiera que este Se\u00f1or se las enviara sin el visto bueno del obispo de Dax, no pudo Vicente utilizarlas, y pidi\u00f3 otra copia de ellas, en carta fechada en Roma<span id='easy-footnote-21-121252' class='easy-footnote-margin-adjust'><\/span><span class='easy-footnote'><a href='https:\/\/vincentians.com\/es\/san-vicente-de-paul-nacio-en-francia-i-nacimiento\/#easy-footnote-bottom-21-121252' title='&lt;i&gt;Cartas de san Vicente de Pa\u00fal, &lt;\/i&gt;t. 1, segunda carta, p. 13.'><sup>21<\/sup><\/a><\/span> el 28 de lebrero de 1608. En esta carta se lee: \u00abMe es en extremo necesario una copia de mis cartas, firmada y sellada por Monse\u00f1or de Acqs, con un testimonio del mismo se\u00f1or&#8230; Por esta raz\u00f3n, rendida\u00admente os pido, teng\u00e1is a bien sacar otra copia de mis cartas, y no abandonar este negocio, hasta obtener del obispo de Dax, el testimonio en la forma debida. Recib\u00ed por la per\u00adsona, que en nombre m\u00edo fue a veros, el diploma de ba\u00adchiller que hab\u00e9is tenido la bondad de enviarme y la copia de mis cartas dimisorias, que no han servido, por faltar la firma y sello del Sr. Obispo.\u00bb La nueva copia se sac\u00f3 y acabamos de citar dos de sus documentos. A continuaci\u00f3n de los otros, que m\u00e1s tarde citaremos, se encuentran las siguientes declaraciones:<\/p>\n<p style=\"padding-left: 30px\">\u00abEn el a\u00f1o 1604, y el vig\u00e9simo d\u00eda del presente mes de octubre, todas las antedichas cartas de \u00f3rdenes de presbiterado han sido registradas e introducidas en el cuarto registro de insinuaciones eclesi\u00e1sticas de esta di\u00f3cesis de Acqs. A petici\u00f3n de Vicente de Pa\u00fal, representado por su hermano debidamente autorizado, se ha sacado copia de ellas del dicho cuarto registro, y entregado previo cotejo de las mismas.<\/p>\n<p style=\"padding-left: 30px\">Hecho en Acqs, el d\u00eda y a\u00f1o arriba indicados. Fir\u00admado: Du Luc, secretario: hay una r\u00fabrica.<\/p>\n<p style=\"padding-left: 30px\">Juan Jacobo Dusault, por la gracia de Dios y de la Santa Sede Ap\u00f3stolica obispo de Dax; a todos los que vieren las presentes cartas, salud en el Se\u00f1or: Hacemos conocer y afirmamos que las cartas de \u00f3rdenes y dimi\u00adsorias de Vicente de Pa\u00fal, presb\u00edtero de nuestra di\u00f3\u00adcesis, arriba transcritas, han sido copiadas del original y extra\u00eddas del verdadero registro de insinuaciones de nuestra di\u00f3cesis, como lo certificamos. En fe de lo cual, hemos or\u00addenado que se expida la presente atestaci\u00f3n, autoriz\u00e1ndola con nuestro sello y r\u00fabrica y la de nuestro secretario. Dada en Dax el 17 de mayo de 1608&#8243;<span id='easy-footnote-22-121252' class='easy-footnote-margin-adjust'><\/span><span class='easy-footnote'><a href='https:\/\/vincentians.com\/es\/san-vicente-de-paul-nacio-en-francia-i-nacimiento\/#easy-footnote-bottom-22-121252' title='Joannes Jacobus Dusault, Dei et Sanctw Sedis apostolica3 gratia Aquensis episcopus, omnibus presentes litteras inspecturis salutern in Domino. Notum facimus et attestamur quod prwdictte litterle omnium ordinum et demissorim magistri Vincenti Pa\u00fali, postra: dicecesis presbyteri, suprascriptm, et in registro insinuationum ec\u00adclesiasticarum d\u00edctte nostrm diwcesis ex yero originali insinuatw, exinde extracta&amp;#8217;, fuerunt prout tenore prasentium attestamur In cujus rei fidem dictas litteras certificatorias signo et sig\u00edllo nostris, signoque secretarii nostri jussimus communiri.&lt;\/p&gt;\n&lt;p&gt;Datum Aquis die decima septima mensis Maii, anno Domini mil\u00adlesimo sexentesimo octavo.&lt;\/p&gt;\n&lt;p&gt;(Ainsi sign\u00e9:) J.-J. DUSAULT, E. Aquensis.&lt;\/p&gt;\n&lt;p&gt;(El plus :)gas De mandato prmfati Domini mei reverendissimi episcopi. (Sign\u00e9:) DucLos, secretarias, avec paraphe.'><sup>22<\/sup><\/a><\/span>\n<p>En el siguiente a\u00f1o de 1609, vernos a Vicente acusado de robo por un juez su compatriota con quien viv\u00eda en Par\u00eds. Este compatriota no pod\u00eda ser espa\u00f1ol de ning\u00fan modo; se llamaba Bertrand Dulou y era juez de Sore en las Landas. El cargo de juez se conserv\u00f3 en la familia del dicho Dulou durante el siglo diez y ocho, durante la revoluci\u00f3n de 1789, bajo el imperio y la restauraci\u00f3n, al mismo tiempo que el recuerdo de los cuatrocientos escudos perdidos por \u00e9l, mientras viv\u00eda en Par\u00eds con Vicente<span id='easy-footnote-23-121252' class='easy-footnote-margin-adjust'><\/span><span class='easy-footnote'><a href='https:\/\/vincentians.com\/es\/san-vicente-de-paul-nacio-en-francia-i-nacimiento\/#easy-footnote-bottom-23-121252' title='Datos suministrados por el presb\u00edtero Mengelatte, cura de Sore.'><sup>23<\/sup><\/a><\/span>.<\/p>\n<p>Cuando san Vicente habla del viaje a Pouy, en 1623, lo hace como del lugar de su nacimiento, y dice t\u00ed los amigos a quienes consulta: \u00abSe\u00f1ores: me voy a trabajar cerca del lugar de donde soy; no s\u00e9 si hago bien yendo a nuestro pa\u00eds\u00bb<span id='easy-footnote-24-121252' class='easy-footnote-margin-adjust'><\/span><span class='easy-footnote'><a href='https:\/\/vincentians.com\/es\/san-vicente-de-paul-nacio-en-francia-i-nacimiento\/#easy-footnote-bottom-24-121252' title='Conferencias de San Vicente a los Misioneros, 2 mayo 1659.'><sup>24<\/sup><\/a><\/span>. Collet nos dice que el servidor de Dios renov\u00f3 en la iglesia parroquial de Pouy las promesas del bautismo. \u00bfPorqu\u00e9 esto, sino fue all\u00ed bautizado?<span id='easy-footnote-25-121252' class='easy-footnote-margin-adjust'><\/span><span class='easy-footnote'><a href='https:\/\/vincentians.com\/es\/san-vicente-de-paul-nacio-en-francia-i-nacimiento\/#easy-footnote-bottom-25-121252' title='Collet. &lt;i&gt;Historia compendio, &lt;\/i&gt;libro I, p. 334.'><sup>25<\/sup><\/a><\/span>\n<p>En el acta de fundaci\u00f3n, fecha 17 abril de 1625, los se\u00f1ores de Gondi dan a \u00abVicente de Pa\u00fal, presb\u00edtero de la di\u00f3cesis de Dax, licenciado en derecho can\u00f3nico, la suma de treinta y siete mil libras\u00bb<span id='easy-footnote-26-121252' class='easy-footnote-margin-adjust'><\/span><span class='easy-footnote'><a href='https:\/\/vincentians.com\/es\/san-vicente-de-paul-nacio-en-francia-i-nacimiento\/#easy-footnote-bottom-26-121252' title='Vease el acta en Maynard, tomo I., p. 334.'><sup>26<\/sup><\/a><\/span>. En la bula de erecci\u00f3n de la congregaci\u00f3n, 12 enero de 1632, el papa Urbano VIII llama a Vicente, presb\u00edtero de la di\u00f3cesis de Dax en la provincia de Auch: y por fin; cuando en el a\u00f1o 1706 Mon\u00adse\u00f1or Bernardo de Abbadie de Arboucave, obispo de Dax, estableci\u00f3 los misioneros en Buglosse, se expresa de la ma\u00adnera siguiente: \u00abConociendo las benediciones con que Dios colma las obras de los Padres de la Congregaci\u00f3n de la Misi\u00f3n, establecida por el venerable servidor de Dios, cuyo nacimiento ilustr\u00f3 el pueblo de Pouy en nuestra di\u00f3cesis, hemos juzgado no poder elegir mejor para dicho establecimento que los nombrados padres, y para atender a su subsistencia, unimos a dicho establecimiento el curato de Pouy y la capilla de Nuestra Sra. de Buglosse, en donde este venerable servidor de Dios, Vicente de Pa\u00fal su fun\u00addador, busc\u00f3 en su infancia aquel gran fondo de piedad y devoci\u00f3n hacia la Virgen, jam\u00e1s desmentido en su vida.\u00bb<\/p>\n<p>Las cartas patentes de Luis XIV, fecha 15 noviembre 1706, aprobando la donaci\u00f3n hecha por el obispo de Dax, reproducen el lenguage de este prelado: \u00abDicha Congre\u00adgaci\u00f3n de la Misi\u00f3n, establecida por el servidor de Dios, Vicente de Pa\u00fal, cuyo nacimiento ilustr\u00f3 el pueblo de Pouy.\u00bb<\/p>\n<p>En el a\u00f1o 1705, el obispo de Dax, despu\u00e9s de firmar la carta colectiva, en la que el episcopado franc\u00e9s ped\u00eda al pon\u00adt\u00edfice la beatificaci\u00f3n de Vicente de Pa\u00fal, escribi\u00f3 otra par\u00adticular al papa Clemente XI en la cual le dec\u00eda: \u00abBeat\u00edsimo Padre: hemos aprobado con nuestra adhesi\u00f3n el magn\u00edfico testimonio, que ha dado el clero franc\u00e9s sobre la santidad del venerable Vicente de Pa\u00fal, y el voto coman de verle inscribir por la Santa Sede, en el cat\u00e1logo de los santos. Pero como quiera que fue en el seno de la iglesia de Dax, en donde naci\u00f3 y se educ\u00f3 este excelente servidor de Cristo&#8230; tendr\u00eda derecho Vuestra Santidad, a amonestarnos, sino pusieramos de relieve nuestra gratitud hacia aqu\u00e9l que se mostr\u00f3 tan bueno y tan bienhechor con nosotros, y si sus compatriotas guard\u00e1semos silencio sobre las brillantes virtudes, que proclaman los obispos de Francia y del extranjero. No s\u00f3lo Vicente ha sido el honor de nuestro pueblo, sino que por \u00e9l hemos sido colmados de toda suerte de bienes. Sin embargo, por miedo de parecer hablar s\u00f3lo por gratitud, y buscar menos la verdad y el bien de la cristiandad que el inter\u00e9s de nuestra di\u00f3cesis honrada con el nacimiento del servidor de Dios, os diremos en pocas palabras, Sant\u00edsimo Padre, lo que sobre nuestro Vicente hemos o\u00eddo repetidas veces de la boca de numerosos tes\u00adtigos oculares. Vicente de Pa\u00fal naci\u00f3 en nuestra di\u00f3cesis de una familia pobre; pero lo que la fortuna le denegara, la naturaleza lo compens\u00f3 por los cualidades del esp\u00edritu, y la gracia que ampliamente a\u00f1adi\u00f3 a sus dones. De Par\u00eds, a donde hemos sido llamados para la asamblea general del clero, el d\u00eda 13 de setiembre del a\u00f1o del Se\u00f1or 1705. \u00adBernardo, obispo de Dax.\u00bb<\/p>\n<p>\u00c1 principios de 1706, el misionero Pedro Casimiro de Ces, encargado por su superior general el Sr. &#8216;Francisco Watel, de los informes preliminares para la beatificaci\u00f3n de san Vicente, fue a Dax, y desde all\u00ed escribe con fecha 13 de febrero: \u00abHe ido a Pouy y a las parroquias vecinas, en donde el recuerdo del servidor de Dios est\u00e1 en gran vene\u00adraci\u00f3n. He elegido cierto n\u00famero de personas de entre los antiguos habitantes de esas parroquias, que ir\u00e1n a servir de testigos acerca de la cruz y oratorio erigido en memoria del lugar en que naci\u00f3, y visitado por los peregrinos que van a Buglosse.\u00bb Este oratorio se encontraba al lado de la casa nata\u00adlicia, como lo indica uno de los antiguos registros del pueblo de Pouy donde leemos: \u00abEl a\u00f1o 1728 y el 28 de julio, se ha dado sepultura en el cementerio de Pouy a un desconocido encontrado muerto en el camino, frente a la capilla de san Vicente de Pa\u00fal, constru\u00edda al lado de la casa llamada de Ranquines: firmado Mauriol, cura de Pouy.\u00bb Seg\u00fan el mismo registro, dos a\u00f1os despu\u00e9s, en 30 de mayo 1730, el mismo Sr. Mauriol superior de la Congregaci\u00f3n de la Misi\u00f3n de la casa de Buglosse, cura de Pouy-sur-Acqs, con el competente permiso del Sr. de Arboucave, obispo de Dax, bendijo una nueva capilla construida \u00absobre los ci\u00admientos del cuarto en que naci\u00f3 el bienaventurado Vicente de Pa\u00fal, en la casa llamada de Ranquines.\u00bb<\/p>\n<p>En el proceso de beatificaci\u00f3n figuran ocho testigos que declaran y certifican que Vicente de Pa\u00fal naci\u00f3 en Pouy; \u00e9stos son:<\/p>\n<ol>\n<li>Francisco Le Fort, cl\u00e9rigo de la Congregaci\u00f3n de la Misi\u00f3n, de edad de setenta y ocho a\u00f1os.<\/li>\n<li>El reverendo Sr. D. Carlos Le Blanc, sacerdote de la di\u00f3cesis de Amiens, de edad de ochenta y cinco a\u00f1os.<\/li>\n<li>El hermamo Pedro Chollier, de la Congregaci\u00f3n de la Misi\u00f3n, de sesenta y cuatro a\u00f1os de edad.<\/li>\n<li>El ilustre D. Claudio de Rochechouart de Chandenier, de la di\u00f3cesis de Clermont, abate de San Juan de Moutiers, de edad de setenta y nueve a\u00f1os.<\/li>\n<li>El Sr. D. Jacobo Le Cointe, cura p\u00e1rroco de Manoult, di\u00f3cesis de Chartres, de edad de sesenta y nueve anos.<\/li>\n<li>El Sr. D. Jacobo H\u00e9nin, de la di\u00f3cesis de Arras, mi\u00adsionero y superior de Cahors, visitador de la provincia de Aquitania, de edad de setenta y cinco a\u00f1os.<\/li>\n<li>D. Martin Humblot, de la di\u00f3cesis de Par\u00eds, doctor de la Sorbona y can\u00f3nigo de San Nicol\u00e1s de Lupara, de edad de setenta y tres a\u00f1os.<\/li>\n<li>El ilustre J. B. Chomel, de Clermont, m\u00e9dico del rey cristian\u00edsimo, de edad de setenta y tres a\u00f1os.<\/li>\n<\/ol>\n<p>En el decreto de beatificaci\u00f3n, otorgado por Bene\u00addicto XIII, en 43 de agosto del a\u00f1o 1729, se lee: \u00abEl ser\u00advidor de Dios Vicente de Pa\u00fal, cl\u00e9rigo franc\u00e9s, fundador de la Congregaci\u00f3n de sacerdotes seculares de la Misi\u00f3n y de la Compa\u00f1\u00eda de las hermanas llamada de la Caridad.\u00bb Y m\u00e1s adelante, con motivo de la fiesta del Bienaventurado fijada al 27 de setiembre, d\u00eda de su muerte: \u00abQueremos que la recitaci\u00f3n del oficio y celebraci\u00f3n de la misa tenga lugar en el sitio abajo designado, a saber: en el pueblo de Pouy, di\u00f3cesis de Dax, provincia de Auch, donde naci\u00f3 el servidor de Dios.<\/p>\n<p>La canonizaci\u00f3n tiene lugar el 16 de junio de 1737, y en la bula de Clemente XII fechada en dicho d\u00eda se declara que, \u00abnacido en un modesto caser\u00edo de la di\u00f3cesis de Dax, llamado Ranquines, de padres pobres pero piadosos, Vicente de Pa\u00fal, en su infancia, como otro inocente Abel, apacent\u00f3 las ovejas y atrajo sobre \u00e9l y sus padres las miradas de Dios.\u00bb<\/p>\n<p>En el a\u00f1o 1738 y el 10 de junio, Monse\u00f1or Luis Marie de Suarez de Aulan publica su pastoral, cuyo t\u00edtulo es: \u00abCarta pastoral de Monse\u00f1or el obispo de Dax, acerca de la canoni\u00adzaci\u00f3n y fiesta de san Vicente de Pa\u00fal, nativo de la parro\u00adquia de Pouy en esta di\u00f3cesis.\u00bb A la voz del obispo todo se pone en movimiento, nos dice Collet, desde el Bearn hasta la baja Navarra: la afluencia es tal, que hasta la gente de condici\u00f3n se ve reducida a comer el pan de centeno; y todos los d\u00edas, hasta las cuatro y a veces hasta las seis de la tarde, no se acaba de distribuir el pan eucar\u00edstico<span id='easy-footnote-27-121252' class='easy-footnote-margin-adjust'><\/span><span class='easy-footnote'><a href='https:\/\/vincentians.com\/es\/san-vicente-de-paul-nacio-en-francia-i-nacimiento\/#easy-footnote-bottom-27-121252' title='Collet. &lt;i&gt;Historia compendiada, &lt;\/i&gt;libro V, publicada en 1738.'><sup>27<\/sup><\/a><\/span>.<\/p>\n<p>Los jansenistas se indignan al ver este apresuramiento para festejar al nuevo santo y recibir la comuni\u00f3n, y de buena gana negaran, si pudieran hacerlo, el nacimiento de Vi\u00adcente en la casa de Ranquines. En su peri\u00f3dico <i>(Las Noticias eclesi\u00e1sticas), <\/i>tratando de ridiculizar las fiestas de Dax escriben: \u00abEl d\u00eda de la ceremonia, (20 julio, de 1738), los hijos de Vicente, cl\u00e9rigos y se\u00f1ores de la parroquia de Pouy, lugar del nacimiento de su padre, a una buena legua de distancia de Dax, llevaron procesionalmen te la bula de canonizaci\u00f3n metida en una fuente cubierta con un pa\u00f1o.\u00bb Los sarcasmos de los jansenistas produjeron poco resultado, y algunos a\u00f1os m\u00e1s tarde, los eclesi\u00e1sticos de la provincia de Auch a la cual pertenc\u00eda Dax, en carta colectiva piden a Collet, d\u00e9 a la estampa un resumen de la vida del santo. \u00abNo puede V, le dicen, negarse a nuestra petici\u00f3n: pedimos una cosa a la que tenemos derecho, ya que nuestra provincia eclesi\u00e1stica ha tenido la dicha de dar a la religi\u00f3n ese modelo tan perfecto de todas las virtudes.\u00bb En su contestaci\u00f3n les dec\u00eda Collet: \u00ab\u00a1Qu\u00e9 cosa tan consoladora para la Iglesia en los d\u00edas de su humillaci\u00f3n, ver a un clero tan numeroso, que sensible a los grandes ejemplos de su respetable compatriota, lo toma como modelo, y estudiando una a una sus virtudes, quiere seguirle paso a paso en el glo\u00adrioso y penoso camino por \u00e9l recorrido!\u00bb Estas dos cartas se hallan copiadas al principio de la vida por Collet.\u00bb<\/p>\n<p>Muy luego Benedicto XIV aprueba el oficio que \u00e9l mismo quiso examinar. \u00abEs, que \u00e9l mismo lo ha hecho, escribe el Sr. Couty superior general<span id='easy-footnote-28-121252' class='easy-footnote-margin-adjust'><\/span><span class='easy-footnote'><a href='https:\/\/vincentians.com\/es\/san-vicente-de-paul-nacio-en-francia-i-nacimiento\/#easy-footnote-bottom-28-121252' title='Circular del 16 junio de 1741.'><sup>28<\/sup><\/a><\/span>, a\u00f1adiendo, suprimiendo o cambiando lo que juzg\u00f3 conveniente, por manera que, el oficio tal como lo enviamos, puede decirse que es obra suya.\u00bb En este oficio, obra del gran Benedicto XIV, bien claramente se indica la patria de Vicente: \u00ab<i>Vicentius a Pa\u00falo, natione Gallus, Podii non procul ab aquis Tarbellis in Aquitania natus: <\/i>Vicente de Pa\u00fal, franc\u00e9s de origen, nacido en Pouy, no lejos de las aguas Tarbelienses en Aquitania. Si alguno pudo errar acerca de Vicente de Pa\u00fal, no fue seguramente Pr\u00f3spero Lambertini, que antes de llamarse Benedicto XIV, hab\u00eda desempe\u00f1ado las funciones de procurador de la fe, en el proceso de beatificaci\u00f3n: es decir; que fue el abogado del diablo, como dice el pueblo de Roma.<\/p>\n<p>En resumen; nada en la correspondencia del santo, nada en su historia, nada en los escritos de sus contempor\u00e1neos ni autores posteriores puede autorizar a negarle el t\u00edtulo de Franc\u00e9s, y con raz\u00f3n la Francia entera visti\u00f3 de luto el d\u00eda de su muerte, llor\u00f3le como a su bienhechor y como a uno de sus m\u00e1s ilustres hijos.<\/p>\n<p>Los documentos m\u00e1s aut\u00e9nticos; sus c\u00e9dulas de ordena\u00adci\u00f3n en primer lugar, lo proclaman natural de la di\u00f3cesis de llax, donde se encuentra el pueblo de Pouy y la casa llamada de Ranquines. El hecho es tan positivo, que los papas Benedicto XIII y Clemente XII lo reconocen en sus bulas, y el papa Benedicto XIV lo escribe en la liturgia.<\/p>\n","protected":false},"excerpt":{"rendered":"<p>Vincentius a Pa\u00falo, natione Gallus, Podii non procul ab Aquis Tarbellis in Aquitania natus. (Breviario romano, 19 julio.) Primera parte Se public\u00f3 en Barcelona (Espa\u00f1a), como ap\u00e9ndice a la traducci\u00f3n de la obra del Sr. &#8230; <a href=\"https:\/\/vincentians.com\/es\/san-vicente-de-paul-nacio-en-francia-i-nacimiento\/\" class=\"more-link\">Read More<\/a><\/p>\n","protected":false},"author":4,"featured_media":121501,"comment_status":"open","ping_status":"open","sticky":false,"template":"","format":"standard","meta":{"jetpack_post_was_ever_published":false,"_jetpack_newsletter_access":"","_jetpack_dont_email_post_to_subs":false,"_jetpack_newsletter_tier_id":0,"_jetpack_memberships_contains_paywalled_content":false,"_jetpack_memberships_contains_paid_content":false,"footnotes":"","jetpack_publicize_message":"","jetpack_publicize_feature_enabled":true,"jetpack_social_post_already_shared":true,"jetpack_social_options":{"image_generator_settings":{"template":"highway","default_image_id":0,"font":"","enabled":false},"version":2}},"categories":[5],"tags":[218,142,119,227,117,143,147,185,129],"class_list":["post-121252","post","type-post","status-publish","format-standard","has-post-thumbnail","hentry","category-vicente-de-paul","tag-abelly","tag-collet","tag-gondi","tag-maynard","tag-pouy","tag-san-lazaro","tag-santo-domingo","tag-tarbes","tag-urbano-viii"],"yoast_head":"<!-- This site is optimized with the Yoast SEO plugin v26.3 - https:\/\/yoast.com\/wordpress\/plugins\/seo\/ -->\n<title>San Vicente de Pa\u00fal naci\u00f3 en Francia. I. Nacimiento - Somos Vicencianos<\/title>\n<meta name=\"robots\" content=\"index, follow, max-snippet:-1, max-image-preview:large, max-video-preview:-1\" \/>\n<link rel=\"canonical\" href=\"http:\/\/vincentians.com\/es\/san-vicente-de-paul-nacio-en-francia-i-nacimiento\/\" \/>\n<meta property=\"og:locale\" content=\"es_ES\" \/>\n<meta property=\"og:type\" content=\"article\" \/>\n<meta property=\"og:title\" content=\"San Vicente de Pa\u00fal naci\u00f3 en Francia. I. Nacimiento - Somos Vicencianos\" \/>\n<meta property=\"og:description\" content=\"Vincentius a Pa\u00falo, natione Gallus, Podii non procul ab Aquis Tarbellis in Aquitania natus. (Breviario romano, 19 julio.) Primera parte Se public\u00f3 en Barcelona (Espa\u00f1a), como ap\u00e9ndice a la traducci\u00f3n de la obra del Sr. ... Read More\" \/>\n<meta property=\"og:url\" content=\"http:\/\/vincentians.com\/es\/san-vicente-de-paul-nacio-en-francia-i-nacimiento\/\" \/>\n<meta property=\"og:site_name\" content=\"Somos Vicencianos\" \/>\n<meta property=\"article:publisher\" content=\"https:\/\/www.facebook.com\/WeAreVincentians\/\" \/>\n<meta property=\"article:author\" content=\"https:\/\/www.facebook.com\/JavierChento\" \/>\n<meta property=\"article:published_time\" content=\"2015-04-26T11:23:41+00:00\" \/>\n<meta property=\"article:modified_time\" content=\"2016-07-26T15:21:28+00:00\" \/>\n<meta name=\"author\" content=\"Francisco Javier Fern\u00e1ndez Chento\" \/>\n<meta name=\"twitter:card\" content=\"summary_large_image\" \/>\n<meta name=\"twitter:creator\" content=\"@https:\/\/twitter.com\/javierchento\" \/>\n<meta name=\"twitter:site\" content=\"@WeVincentians\" \/>\n<meta name=\"twitter:label1\" content=\"Escrito por\" \/>\n\t<meta name=\"twitter:data1\" content=\"Francisco Javier Fern\u00e1ndez Chento\" \/>\n\t<meta name=\"twitter:label2\" content=\"Tiempo de lectura\" \/>\n\t<meta name=\"twitter:data2\" content=\"26 minutos\" \/>\n<script type=\"application\/ld+json\" class=\"yoast-schema-graph\">{\"@context\":\"https:\/\/schema.org\",\"@graph\":[{\"@type\":\"Article\",\"@id\":\"http:\/\/vincentians.com\/es\/san-vicente-de-paul-nacio-en-francia-i-nacimiento\/#article\",\"isPartOf\":{\"@id\":\"http:\/\/vincentians.com\/es\/san-vicente-de-paul-nacio-en-francia-i-nacimiento\/\"},\"author\":{\"name\":\"Francisco Javier Fern\u00e1ndez Chento\",\"@id\":\"http:\/\/vincentians.com\/es\/#\/schema\/person\/9623ef4d9aa3b2dfb8c061f1499288f2\"},\"headline\":\"San Vicente de Pa\u00fal naci\u00f3 en Francia. I. Nacimiento\",\"datePublished\":\"2015-04-26T11:23:41+00:00\",\"dateModified\":\"2016-07-26T15:21:28+00:00\",\"mainEntityOfPage\":{\"@id\":\"http:\/\/vincentians.com\/es\/san-vicente-de-paul-nacio-en-francia-i-nacimiento\/\"},\"wordCount\":5286,\"commentCount\":0,\"publisher\":{\"@id\":\"http:\/\/vincentians.com\/es\/#organization\"},\"image\":{\"@id\":\"http:\/\/vincentians.com\/es\/san-vicente-de-paul-nacio-en-francia-i-nacimiento\/#primaryimage\"},\"thumbnailUrl\":\"\",\"keywords\":[\"Abelly\",\"Collet\",\"Gondi\",\"Maynard\",\"Pouy\",\"San L\u00e1zaro\",\"Santo Domingo\",\"Tarbes\",\"Urbano VIII\"],\"articleSection\":[\"Vicente de Pa\u00fal\"],\"inLanguage\":\"es\",\"potentialAction\":[{\"@type\":\"CommentAction\",\"name\":\"Comment\",\"target\":[\"http:\/\/vincentians.com\/es\/san-vicente-de-paul-nacio-en-francia-i-nacimiento\/#respond\"]}]},{\"@type\":\"WebPage\",\"@id\":\"http:\/\/vincentians.com\/es\/san-vicente-de-paul-nacio-en-francia-i-nacimiento\/\",\"url\":\"http:\/\/vincentians.com\/es\/san-vicente-de-paul-nacio-en-francia-i-nacimiento\/\",\"name\":\"San Vicente de Pa\u00fal naci\u00f3 en Francia. I. Nacimiento - Somos Vicencianos\",\"isPartOf\":{\"@id\":\"http:\/\/vincentians.com\/es\/#website\"},\"primaryImageOfPage\":{\"@id\":\"http:\/\/vincentians.com\/es\/san-vicente-de-paul-nacio-en-francia-i-nacimiento\/#primaryimage\"},\"image\":{\"@id\":\"http:\/\/vincentians.com\/es\/san-vicente-de-paul-nacio-en-francia-i-nacimiento\/#primaryimage\"},\"thumbnailUrl\":\"\",\"datePublished\":\"2015-04-26T11:23:41+00:00\",\"dateModified\":\"2016-07-26T15:21:28+00:00\",\"breadcrumb\":{\"@id\":\"http:\/\/vincentians.com\/es\/san-vicente-de-paul-nacio-en-francia-i-nacimiento\/#breadcrumb\"},\"inLanguage\":\"es\",\"potentialAction\":[{\"@type\":\"ReadAction\",\"target\":[\"http:\/\/vincentians.com\/es\/san-vicente-de-paul-nacio-en-francia-i-nacimiento\/\"]}]},{\"@type\":\"ImageObject\",\"inLanguage\":\"es\",\"@id\":\"http:\/\/vincentians.com\/es\/san-vicente-de-paul-nacio-en-francia-i-nacimiento\/#primaryimage\",\"url\":\"\",\"contentUrl\":\"\"},{\"@type\":\"BreadcrumbList\",\"@id\":\"http:\/\/vincentians.com\/es\/san-vicente-de-paul-nacio-en-francia-i-nacimiento\/#breadcrumb\",\"itemListElement\":[{\"@type\":\"ListItem\",\"position\":1,\"name\":\"Portada\",\"item\":\"http:\/\/vincentians.com\/es\/\"},{\"@type\":\"ListItem\",\"position\":2,\"name\":\"San Vicente de Pa\u00fal naci\u00f3 en Francia. I. Nacimiento\"}]},{\"@type\":\"WebSite\",\"@id\":\"http:\/\/vincentians.com\/es\/#website\",\"url\":\"http:\/\/vincentians.com\/es\/\",\"name\":\"Somos Vicencianos\",\"description\":\"Know more to serve more\",\"publisher\":{\"@id\":\"http:\/\/vincentians.com\/es\/#organization\"},\"potentialAction\":[{\"@type\":\"SearchAction\",\"target\":{\"@type\":\"EntryPoint\",\"urlTemplate\":\"http:\/\/vincentians.com\/es\/?s={search_term_string}\"},\"query-input\":{\"@type\":\"PropertyValueSpecification\",\"valueRequired\":true,\"valueName\":\"search_term_string\"}}],\"inLanguage\":\"es\"},{\"@type\":\"Organization\",\"@id\":\"http:\/\/vincentians.com\/es\/#organization\",\"name\":\"The Vincentian Network\",\"url\":\"http:\/\/vincentians.com\/es\/\",\"logo\":{\"@type\":\"ImageObject\",\"inLanguage\":\"es\",\"@id\":\"http:\/\/vincentians.com\/es\/#\/schema\/logo\/image\/\",\"url\":\"https:\/\/i1.wp.com\/vincentians.com\/es\/wp-content\/uploads\/sites\/11\/2016\/06\/Vincentian-Network-logo-big.png?fit=778%2C778\",\"contentUrl\":\"https:\/\/i1.wp.com\/vincentians.com\/es\/wp-content\/uploads\/sites\/11\/2016\/06\/Vincentian-Network-logo-big.png?fit=778%2C778\",\"width\":778,\"height\":778,\"caption\":\"The Vincentian Network\"},\"image\":{\"@id\":\"http:\/\/vincentians.com\/es\/#\/schema\/logo\/image\/\"},\"sameAs\":[\"https:\/\/www.facebook.com\/WeAreVincentians\/\",\"https:\/\/x.com\/WeVincentians\"]},{\"@type\":\"Person\",\"@id\":\"http:\/\/vincentians.com\/es\/#\/schema\/person\/9623ef4d9aa3b2dfb8c061f1499288f2\",\"name\":\"Francisco Javier Fern\u00e1ndez Chento\",\"image\":{\"@type\":\"ImageObject\",\"inLanguage\":\"es\",\"@id\":\"http:\/\/vincentians.com\/es\/#\/schema\/person\/image\/\",\"url\":\"https:\/\/secure.gravatar.com\/avatar\/497d5cde87b4c3d097d0315953521681ba2cd523ee66e5077c3711f7021e65de?s=96&d=mm&r=g\",\"contentUrl\":\"https:\/\/secure.gravatar.com\/avatar\/497d5cde87b4c3d097d0315953521681ba2cd523ee66e5077c3711f7021e65de?s=96&d=mm&r=g\",\"caption\":\"Francisco Javier Fern\u00e1ndez Chento\"},\"description\":\"Director General y cofundador de La Red de Formaci\u00f3n Vicenciana. Javier es laico vicenciano, afiliado a la Congregaci\u00f3n de la Misi\u00f3n y miembro del Equipo de Misiones Populares de la provincia can\u00f3nica de Zaragoza (Espa\u00f1a) de la Congregaci\u00f3n de la Misi\u00f3n. Graduado en la Universidad Oberta de Catalunya con cuatro grados (Asistente de direcci\u00f3n, Gesti\u00f3n Administrativa, Recursos Humanos y Contabilidad Avanzada). Bil\u00edng\u00fce Espa\u00f1ol\/Ingl\u00e9s. gestiona y mantiene varias p\u00e1ginas web cristianas y vicencianas, incluida including La Red de Formaci\u00f3n Vicenciana, de la que es cofundador. Actualmente es responsable del \u00e1rea de Espa\u00f1ol de .famvin, la Red de Noticias de la Familia Vicenciana. Tambi\u00e9n es m\u00fasico cat\u00f3lico y ha editado varios discos. Es Director General y cofundador de Trovador, una reconocida compa\u00f1\u00eda discogr\u00e1fica critiana de Espa\u00f1a. Trabaja en las Tecnolog\u00edas de la Informaci\u00f3n, ofreciendo servicios de alojamiento, dise\u00f1o y mantenimiento Web, as\u00ed como asesoramiento, formaci\u00f3n y soluciones inform\u00e1ticas, gesti\u00f3n documental y digitalizaci\u00f3n de textos, edici\u00f3n y maquetaci\u00f3n de libros, revistas, flyers, etc.\",\"sameAs\":[\"http:\/\/chento.org\",\"https:\/\/www.facebook.com\/JavierChento\",\"https:\/\/x.com\/https:\/\/twitter.com\/javierchento\"],\"url\":\"https:\/\/vincentians.com\/es\/author\/chento\/\"}]}<\/script>\n<!-- \/ Yoast SEO plugin. -->","yoast_head_json":{"title":"San Vicente de Pa\u00fal naci\u00f3 en Francia. I. Nacimiento - Somos Vicencianos","robots":{"index":"index","follow":"follow","max-snippet":"max-snippet:-1","max-image-preview":"max-image-preview:large","max-video-preview":"max-video-preview:-1"},"canonical":"http:\/\/vincentians.com\/es\/san-vicente-de-paul-nacio-en-francia-i-nacimiento\/","og_locale":"es_ES","og_type":"article","og_title":"San Vicente de Pa\u00fal naci\u00f3 en Francia. I. Nacimiento - Somos Vicencianos","og_description":"Vincentius a Pa\u00falo, natione Gallus, Podii non procul ab Aquis Tarbellis in Aquitania natus. (Breviario romano, 19 julio.) Primera parte Se public\u00f3 en Barcelona (Espa\u00f1a), como ap\u00e9ndice a la traducci\u00f3n de la obra del Sr. ... Read More","og_url":"http:\/\/vincentians.com\/es\/san-vicente-de-paul-nacio-en-francia-i-nacimiento\/","og_site_name":"Somos Vicencianos","article_publisher":"https:\/\/www.facebook.com\/WeAreVincentians\/","article_author":"https:\/\/www.facebook.com\/JavierChento","article_published_time":"2015-04-26T11:23:41+00:00","article_modified_time":"2016-07-26T15:21:28+00:00","author":"Francisco Javier Fern\u00e1ndez Chento","twitter_card":"summary_large_image","twitter_creator":"@https:\/\/twitter.com\/javierchento","twitter_site":"@WeVincentians","twitter_misc":{"Escrito por":"Francisco Javier Fern\u00e1ndez Chento","Tiempo de lectura":"26 minutos"},"schema":{"@context":"https:\/\/schema.org","@graph":[{"@type":"Article","@id":"http:\/\/vincentians.com\/es\/san-vicente-de-paul-nacio-en-francia-i-nacimiento\/#article","isPartOf":{"@id":"http:\/\/vincentians.com\/es\/san-vicente-de-paul-nacio-en-francia-i-nacimiento\/"},"author":{"name":"Francisco Javier Fern\u00e1ndez Chento","@id":"http:\/\/vincentians.com\/es\/#\/schema\/person\/9623ef4d9aa3b2dfb8c061f1499288f2"},"headline":"San Vicente de Pa\u00fal naci\u00f3 en Francia. I. Nacimiento","datePublished":"2015-04-26T11:23:41+00:00","dateModified":"2016-07-26T15:21:28+00:00","mainEntityOfPage":{"@id":"http:\/\/vincentians.com\/es\/san-vicente-de-paul-nacio-en-francia-i-nacimiento\/"},"wordCount":5286,"commentCount":0,"publisher":{"@id":"http:\/\/vincentians.com\/es\/#organization"},"image":{"@id":"http:\/\/vincentians.com\/es\/san-vicente-de-paul-nacio-en-francia-i-nacimiento\/#primaryimage"},"thumbnailUrl":"","keywords":["Abelly","Collet","Gondi","Maynard","Pouy","San L\u00e1zaro","Santo Domingo","Tarbes","Urbano VIII"],"articleSection":["Vicente de Pa\u00fal"],"inLanguage":"es","potentialAction":[{"@type":"CommentAction","name":"Comment","target":["http:\/\/vincentians.com\/es\/san-vicente-de-paul-nacio-en-francia-i-nacimiento\/#respond"]}]},{"@type":"WebPage","@id":"http:\/\/vincentians.com\/es\/san-vicente-de-paul-nacio-en-francia-i-nacimiento\/","url":"http:\/\/vincentians.com\/es\/san-vicente-de-paul-nacio-en-francia-i-nacimiento\/","name":"San Vicente de Pa\u00fal naci\u00f3 en Francia. I. Nacimiento - Somos Vicencianos","isPartOf":{"@id":"http:\/\/vincentians.com\/es\/#website"},"primaryImageOfPage":{"@id":"http:\/\/vincentians.com\/es\/san-vicente-de-paul-nacio-en-francia-i-nacimiento\/#primaryimage"},"image":{"@id":"http:\/\/vincentians.com\/es\/san-vicente-de-paul-nacio-en-francia-i-nacimiento\/#primaryimage"},"thumbnailUrl":"","datePublished":"2015-04-26T11:23:41+00:00","dateModified":"2016-07-26T15:21:28+00:00","breadcrumb":{"@id":"http:\/\/vincentians.com\/es\/san-vicente-de-paul-nacio-en-francia-i-nacimiento\/#breadcrumb"},"inLanguage":"es","potentialAction":[{"@type":"ReadAction","target":["http:\/\/vincentians.com\/es\/san-vicente-de-paul-nacio-en-francia-i-nacimiento\/"]}]},{"@type":"ImageObject","inLanguage":"es","@id":"http:\/\/vincentians.com\/es\/san-vicente-de-paul-nacio-en-francia-i-nacimiento\/#primaryimage","url":"","contentUrl":""},{"@type":"BreadcrumbList","@id":"http:\/\/vincentians.com\/es\/san-vicente-de-paul-nacio-en-francia-i-nacimiento\/#breadcrumb","itemListElement":[{"@type":"ListItem","position":1,"name":"Portada","item":"http:\/\/vincentians.com\/es\/"},{"@type":"ListItem","position":2,"name":"San Vicente de Pa\u00fal naci\u00f3 en Francia. I. Nacimiento"}]},{"@type":"WebSite","@id":"http:\/\/vincentians.com\/es\/#website","url":"http:\/\/vincentians.com\/es\/","name":"Somos Vicencianos","description":"Know more to serve more","publisher":{"@id":"http:\/\/vincentians.com\/es\/#organization"},"potentialAction":[{"@type":"SearchAction","target":{"@type":"EntryPoint","urlTemplate":"http:\/\/vincentians.com\/es\/?s={search_term_string}"},"query-input":{"@type":"PropertyValueSpecification","valueRequired":true,"valueName":"search_term_string"}}],"inLanguage":"es"},{"@type":"Organization","@id":"http:\/\/vincentians.com\/es\/#organization","name":"The Vincentian Network","url":"http:\/\/vincentians.com\/es\/","logo":{"@type":"ImageObject","inLanguage":"es","@id":"http:\/\/vincentians.com\/es\/#\/schema\/logo\/image\/","url":"https:\/\/i1.wp.com\/vincentians.com\/es\/wp-content\/uploads\/sites\/11\/2016\/06\/Vincentian-Network-logo-big.png?fit=778%2C778","contentUrl":"https:\/\/i1.wp.com\/vincentians.com\/es\/wp-content\/uploads\/sites\/11\/2016\/06\/Vincentian-Network-logo-big.png?fit=778%2C778","width":778,"height":778,"caption":"The Vincentian Network"},"image":{"@id":"http:\/\/vincentians.com\/es\/#\/schema\/logo\/image\/"},"sameAs":["https:\/\/www.facebook.com\/WeAreVincentians\/","https:\/\/x.com\/WeVincentians"]},{"@type":"Person","@id":"http:\/\/vincentians.com\/es\/#\/schema\/person\/9623ef4d9aa3b2dfb8c061f1499288f2","name":"Francisco Javier Fern\u00e1ndez Chento","image":{"@type":"ImageObject","inLanguage":"es","@id":"http:\/\/vincentians.com\/es\/#\/schema\/person\/image\/","url":"https:\/\/secure.gravatar.com\/avatar\/497d5cde87b4c3d097d0315953521681ba2cd523ee66e5077c3711f7021e65de?s=96&d=mm&r=g","contentUrl":"https:\/\/secure.gravatar.com\/avatar\/497d5cde87b4c3d097d0315953521681ba2cd523ee66e5077c3711f7021e65de?s=96&d=mm&r=g","caption":"Francisco Javier Fern\u00e1ndez Chento"},"description":"Director General y cofundador de La Red de Formaci\u00f3n Vicenciana. Javier es laico vicenciano, afiliado a la Congregaci\u00f3n de la Misi\u00f3n y miembro del Equipo de Misiones Populares de la provincia can\u00f3nica de Zaragoza (Espa\u00f1a) de la Congregaci\u00f3n de la Misi\u00f3n. Graduado en la Universidad Oberta de Catalunya con cuatro grados (Asistente de direcci\u00f3n, Gesti\u00f3n Administrativa, Recursos Humanos y Contabilidad Avanzada). Bil\u00edng\u00fce Espa\u00f1ol\/Ingl\u00e9s. gestiona y mantiene varias p\u00e1ginas web cristianas y vicencianas, incluida including La Red de Formaci\u00f3n Vicenciana, de la que es cofundador. Actualmente es responsable del \u00e1rea de Espa\u00f1ol de .famvin, la Red de Noticias de la Familia Vicenciana. Tambi\u00e9n es m\u00fasico cat\u00f3lico y ha editado varios discos. Es Director General y cofundador de Trovador, una reconocida compa\u00f1\u00eda discogr\u00e1fica critiana de Espa\u00f1a. Trabaja en las Tecnolog\u00edas de la Informaci\u00f3n, ofreciendo servicios de alojamiento, dise\u00f1o y mantenimiento Web, as\u00ed como asesoramiento, formaci\u00f3n y soluciones inform\u00e1ticas, gesti\u00f3n documental y digitalizaci\u00f3n de textos, edici\u00f3n y maquetaci\u00f3n de libros, revistas, flyers, etc.","sameAs":["http:\/\/chento.org","https:\/\/www.facebook.com\/JavierChento","https:\/\/x.com\/https:\/\/twitter.com\/javierchento"],"url":"https:\/\/vincentians.com\/es\/author\/chento\/"}]}},"jetpack_publicize_connections":[],"jetpack_featured_media_url":"","jetpack_sharing_enabled":true,"jetpack_shortlink":"https:\/\/wp.me\/p7ETMF-vxG","jetpack-related-posts":[{"id":121425,"url":"https:\/\/vincentians.com\/es\/san-vicente-de-paul-nacio-en-francia-iv-primera-dificultad\/","url_meta":{"origin":121252,"position":0},"title":"San Vicente de Pa\u00fal naci\u00f3 en Francia. IV. Primera dificultad","author":"Francisco Javier Fern\u00e1ndez Chento","date":"29\/04\/2015","format":false,"excerpt":"Segunda Parte: Contestaci\u00f3n a las objeciones del traductor Nos proponemos seguir paso a paso al ilustrado traduc\u00adtor en su primer ap\u00e9ndice, y contestar a todos las objecio\u00adnes que revistan alguna importancia. Primera dificultad 1\u00ba Dice el Sr. Feli\u00fa y Perez: \"Entre los pueblos del mundo, pocos hay que puedan competir\u2026","rel":"","context":"En \u00abVicente de Pa\u00fal\u00bb","block_context":{"text":"Vicente de Pa\u00fal","link":"https:\/\/vincentians.com\/es\/category\/la-familia-vicenciana\/fundadores\/vicente-de-paul\/"},"img":{"alt_text":"","src":"","width":0,"height":0},"classes":[]},{"id":121437,"url":"https:\/\/vincentians.com\/es\/san-vicente-de-paul-nacio-en-francia-ix-la-prensa-periodica\/","url_meta":{"origin":121252,"position":1},"title":"San Vicente de Pa\u00fal naci\u00f3 en Francia. IX. La prensa peri\u00f3dica","author":"Francisco Javier Fern\u00e1ndez Chento","date":"04\/05\/2015","format":false,"excerpt":"La prensa peri\u00f3dica El traductor de Arturo Loth, nos ha dicho contar con el concurso de la prensa peri\u00f3dica, y nosotros hemos ofrecido examinar el apoyo que prestan al Sr Feli\u00fa, los peri\u00f3dicos El Correo Catal\u00e1n de Barcelona, La Controversia de Ma\u00addrid, y El Pilar de Zaragoza. Tenemos tres n\u00fameros\u2026","rel":"","context":"En \u00abVicente de Pa\u00fal\u00bb","block_context":{"text":"Vicente de Pa\u00fal","link":"https:\/\/vincentians.com\/es\/category\/la-familia-vicenciana\/fundadores\/vicente-de-paul\/"},"img":{"alt_text":"","src":"","width":0,"height":0},"classes":[]},{"id":121434,"url":"https:\/\/vincentians.com\/es\/san-vicente-de-paul-nacio-en-francia-v-segunda-dificultad\/","url_meta":{"origin":121252,"position":2},"title":"San Vicente de Pa\u00fal naci\u00f3 en Francia. V. Segunda dificultad","author":"Francisco Javier Fern\u00e1ndez Chento","date":"30\/04\/2015","format":false,"excerpt":"Segunda dificultad En el cap\u00edtulo titulado la vocaci\u00f3n, contin\u00faa el traduc\u00adtor: Arturo Loth afirma que el Santo naci\u00f3 en Pouy, el 24 de Abril de 1576. Afirmaci\u00f3n tan categ\u00f3rica parece que ha de tener por base el \u00fanico documento irrefragable: la partida de bautismo; pero \u00e9sta no existe en los\u2026","rel":"","context":"En \u00abVicente de Pa\u00fal\u00bb","block_context":{"text":"Vicente de Pa\u00fal","link":"https:\/\/vincentians.com\/es\/category\/la-familia-vicenciana\/fundadores\/vicente-de-paul\/"},"img":{"alt_text":"","src":"","width":0,"height":0},"classes":[]},{"id":121635,"url":"https:\/\/vincentians.com\/es\/san-vicente-de-paul-y-los-gondi-00-prefacio\/","url_meta":{"origin":121252,"position":3},"title":"San Vicente de Pa\u00fal y los Gondi: 00 Prefacio","author":"Francisco Javier Fern\u00e1ndez Chento","date":"31\/12\/2013","format":false,"excerpt":"Prefacio Los historiadores antiguos y modernos de san Vicente de Pa\u00fal. - Publicaci\u00f3n de su correspondencia - Documentos in\u00e9ditos del Oratorio y de los archivos del Ministerio de Asuntos exteriores. Dos siglos despu\u00e9s, ser\u00eda dif\u00edcil citar a un hombre ilustre, por grande que fuera su fama, cuya vida haya sido\u2026","rel":"","context":"En \u00abVicente de Pa\u00fal\u00bb","block_context":{"text":"Vicente de Pa\u00fal","link":"https:\/\/vincentians.com\/es\/category\/la-familia-vicenciana\/fundadores\/vicente-de-paul\/"},"img":{"alt_text":"Felipe-Manuel de Gondi","src":"https:\/\/i0.wp.com\/vicencianos.org\/wp-content\/2013\/12\/Felipe-Manuel_de_Gondi-185x300.jpg?resize=350%2C200","width":350,"height":200},"classes":[]},{"id":121436,"url":"https:\/\/vincentians.com\/es\/san-vicente-de-paul-nacio-en-francia-viii-quinta-dificultad\/","url_meta":{"origin":121252,"position":4},"title":"San Vicente de Pa\u00fal naci\u00f3 en Francia. VIII. Quinta dificultad","author":"Francisco Javier Fern\u00e1ndez Chento","date":"03\/05\/2015","format":false,"excerpt":"Quinta dificultad Las personas que figuran en el relato, y las circunstan\u00adcias que las rodean dan a sus palabras un car\u00e1cter de seriedad y verosimilitud tales, que inclinan el \u00e1nimo a suponer est\u00e1n en posesi\u00f3n de la verdad. \u00bfQu\u00e9 otra casa sino la verdad pod\u00eda mantener tan vivo convencimiento en\u2026","rel":"","context":"En \u00abVicente de Pa\u00fal\u00bb","block_context":{"text":"Vicente de Pa\u00fal","link":"https:\/\/vincentians.com\/es\/category\/la-familia-vicenciana\/fundadores\/vicente-de-paul\/"},"img":{"alt_text":"","src":"","width":0,"height":0},"classes":[]},{"id":119541,"url":"https:\/\/vincentians.com\/es\/san-vicente-de-paul-y-su-entronque-hispanico-i\/","url_meta":{"origin":121252,"position":5},"title":"San Vicente de Pa\u00fal y su entronque hisp\u00e1nico (I)","author":"Francisco Javier Fern\u00e1ndez Chento","date":"05\/05\/2013","format":false,"excerpt":"P\u00f3rtico En este a\u00f1o tricentenario todo el orbe cat\u00f3lico ha registrado con j\u00fabilo y exaltaci\u00f3n gozosa las gestas del -eximio h\u00e9roe de la caridad que fue San Vicente de Pa\u00fal. Pero hay naciones que durante su vida mantuvieron con \u00e9l \u00edntimos y fecundos contactos. Tal en primer lugar Francia, en\u2026","rel":"","context":"En \u00abVicente de Pa\u00fal\u00bb","block_context":{"text":"Vicente de Pa\u00fal","link":"https:\/\/vincentians.com\/es\/category\/la-familia-vicenciana\/fundadores\/vicente-de-paul\/"},"img":{"alt_text":"SANV","src":"https:\/\/i0.wp.com\/vicencianos.org\/wp-content\/2013\/04\/SANV.jpg?resize=350%2C200","width":350,"height":200},"classes":[]}],"_links":{"self":[{"href":"https:\/\/vincentians.com\/es\/wp-json\/wp\/v2\/posts\/121252","targetHints":{"allow":["GET"]}}],"collection":[{"href":"https:\/\/vincentians.com\/es\/wp-json\/wp\/v2\/posts"}],"about":[{"href":"https:\/\/vincentians.com\/es\/wp-json\/wp\/v2\/types\/post"}],"author":[{"embeddable":true,"href":"https:\/\/vincentians.com\/es\/wp-json\/wp\/v2\/users\/4"}],"replies":[{"embeddable":true,"href":"https:\/\/vincentians.com\/es\/wp-json\/wp\/v2\/comments?post=121252"}],"version-history":[{"count":0,"href":"https:\/\/vincentians.com\/es\/wp-json\/wp\/v2\/posts\/121252\/revisions"}],"wp:featuredmedia":[{"embeddable":true,"href":"https:\/\/vincentians.com\/es\/wp-json\/"}],"wp:attachment":[{"href":"https:\/\/vincentians.com\/es\/wp-json\/wp\/v2\/media?parent=121252"}],"wp:term":[{"taxonomy":"category","embeddable":true,"href":"https:\/\/vincentians.com\/es\/wp-json\/wp\/v2\/categories?post=121252"},{"taxonomy":"post_tag","embeddable":true,"href":"https:\/\/vincentians.com\/es\/wp-json\/wp\/v2\/tags?post=121252"}],"curies":[{"name":"wp","href":"https:\/\/api.w.org\/{rel}","templated":true}]}}