{"id":120723,"date":"2022-10-07T08:26:50","date_gmt":"2022-10-07T06:26:50","guid":{"rendered":"http:\/\/somos.vicencianos.org\/?p=120723"},"modified":"2022-08-09T21:11:52","modified_gmt":"2022-08-09T19:11:52","slug":"educando-con-dios-de-fondo","status":"publish","type":"post","link":"https:\/\/vincentians.com\/es\/educando-con-dios-de-fondo\/","title":{"rendered":"Educando con Dios de fondo"},"content":{"rendered":"<p>Me dispongo a compartir con ustedes c\u00f3mo intentamos trans\u00admitir y cultivar la fe de nuestros alumnos.<\/p>\n<p>Uno de los objetivos que est\u00e1 presente en nuestros centros vicencianos es que Dios se haga el encontradizo en sus vidas. Creo que una de las mejores formas para iniciar esta comunica\u00adci\u00f3n es partir de la experiencia que viven los alumnos desde las peque\u00f1as cosas que hacemos en el d\u00eda a d\u00eda de nuestros centros pero que para ellos pueden ser experiencias que les ayuden en su despertar y caminar como cristianos.<\/p>\n<p>Si cada uno de nosotros recogiera aquello que surge en el interior de sus alumnos desde el vivir diario, desde los espacios que le ofrecemos para que puedan encontrarse con el Amigo que nunca falla, creo que nuestras bibliotecas y archivos se nos que\u00addar\u00edan peque\u00f1os en poco tiempo.<\/p>\n<p>Podr\u00eda traer a la memoria algunas de las expresiones que ellos mismos han dicho al finalizar una actividad o al releer sus viven\u00adcias en el colegio, que seg\u00fan ellos son huellas que Dios ha ido dejando en sus vidas.<\/p>\n<p>Estas son algunas de sus expresiones:<\/p>\n<ul>\n<li><i>&#8230;nos hac\u00eda sentirnos seguros de que Jes\u00fas habitaba en cada uno de nosotros en los momentos en los que tendr\u00eda\u00admos que enfrentarnos a nuestro propio ser.<\/i><\/li>\n<li><i>&#8230;celebramos una vigilia todos juntos donde nos dimos cuenta que Dios est\u00e1 presente en nuestras vidas, aunque muchas veces no queramos verlo o s\u00f3lo nos acordemos de \u00c9l en aquellos momentos que son m\u00e1s dif\u00edciles.<\/i><\/li>\n<li><i>Jes\u00fas, eres quien me extiendes la mano para acercarme a Dios; me ayudas a elegir el camino correcto que debo seguir. Das valor a mi religi\u00f3n, sentido a las palabras que escucho, eres una parte de m\u00ed. Eres quien gu\u00edas mis pasos en el d\u00eda a d\u00eda y me ayudas a recordar que los pobres deben entrar dentro mis planes.<\/i><\/li>\n<li><i>Ilumina mi vida, ay\u00fadame a ser mejor persona y a mirar a los dem\u00e1s con otros ojos, desde el amor.<\/i><\/li>\n<li><i>Pero&#8230; \u00bfque pintas en mi vida? Realmente eres un amigo a quien le puedo pedir lo que quieras aunque siempre no me lo des, me escuchas en los malos y en los buenos momentos de mi vida. Eres mi apoyo, mi luz, mi fuerza, mi inc\u00f3gnita&#8230; Por ti dudo, por ti siento, eres camino para no perderme, verdad para no equivocarme.<\/i><\/li>\n<\/ul>\n<p>Quiz\u00e1s sean palabras que surgen por el clima que se crea al llevar a cabo estas actividades y encuentros, pero debemos pen\u00adsar que al menos estas expresiones han pasado por sus mentes, por sus corazones&#8230; en nuestras manos estar\u00e1 el darles la oportu\u00adnidad de afianzarlas y hacerlas cada vez m\u00e1s suyas. Debemos ofrecerles el mensaje de Dios que est\u00e1 destinado para todas las edades, hag\u00e1moslo desde su forma de comunicarse y descubrir cu\u00e1les son las huellas de Dios.<\/p>\n<p>Aunque inmersos en el mundo de hoy esto y mucho m\u00e1s es posible que ellos lo sientan y lo vivan, tienen opiniones que pue\u00adden desconcertarnos, pero en el joven existe la posibilidad de encuentro&#8230; en nuestras manos est\u00e1 el acercarlos a Dios, y que Dios se haga el encontradizo y se d\u00e9 el encuentro que puede cambiar y llenar su vida.<\/p>\n<p>Quisiera compartir con vosotros la reflexi\u00f3n que me surge al detenerme sobre la realidad que viven ni\u00f1os y j\u00f3venes en su vivir diario ya sea en su familia, en los diferentes lugares de ocio, en la sociedad donde hoy se encuentran insertos y que est\u00e1n invitan\u00addo a vivir una vida sin Dios.Muchos de ellos se est\u00e1n educando en nuestros colegios y aun as\u00ed se sit\u00faan lejos de Dios, pero podemos certificar que en sus vidas aunque sean ni\u00f1os, adolescentes o j\u00f3venes, existe hambre de Dios y necesidad de caminar junto a \u00c9l aunque quiz\u00e1s no puedan ser conscientes del todo y aunque tambi\u00e9n exista gran inter\u00e9s de que\u00adrer callar, alejarlos de Dios y que crean en cualquier otra realidad.<\/p>\n<h2>\u00abDesde que los hombres han dejado de creer en Dios, no es que no crean en nada. Ahora creen en cualquier cosa\u00bb<\/h2>\n<p><b><i>Dios ha sido eliminado de sus vidas&#8230; <\/i><\/b>la sociedad somete a los j\u00f3venes a un bombardeo continuo desde la publicidad, los medios de comunicaci\u00f3n, la educaci\u00f3n que reciben, ya sea for\u00admal como no formal e informal, van form\u00e1ndolos desde una ide\u00adolog\u00eda concreta a la que es dif\u00edcil oponerse.<\/p>\n<p>La sociedad es una ruleta que puede estar alejando a las nue\u00advas generaciones de Dios de forma directa como indirecta. La familia ya no es lugar donde se cultive la fe. A los j\u00f3venes, a los ni\u00f1os les faltan referentes para vivir desde \u00c9l. Y nosotros Iglesia debemos mostrar el rostro de un Jes\u00fas Resucitado, que sea atra\u00adyente y coherente con el mensaje que \u00c9l mismo nos dej\u00f3.<\/p>\n<p>El mundo donde se desarrolla la vida de nuestros alumnos se encuentra en continuo cambio, el cual est\u00e1 condicionando el desarrollo integral de sus personas. Creo que debemos partir de tomar conciencia de cu\u00e1l es la realidad que ellos viven hoy y donde se encuentran inmersos. Intentemos ser conscientes del mundo juvenil, cu\u00e1les son sus caracter\u00edsticas y valores.<\/p>\n<p>Podemos decir seg\u00fan los estudios realizados que en la socie\u00addad y en el mundo juvenil priman la permisividad, el ser poco tolerantes e indiferentes a los movimientos sociales. Est\u00e1 presente en ellos, quiz\u00e1s de forma oculta o algo maquillada una baja autoestima. Podemos descubrir como no se perciben con una imagen muy positiva. Se aferran a valores que son transitorios, d\u00e9biles y superficiales.Existe fragmentaci\u00f3n, no hay nada absoluto, existe una iden\u00adtidad abierta, nada est\u00e1 concluido, sus compromisos son tempo\u00adrales, se busca la inmediatez y vivir en el presente. No existe memoria hist\u00f3rica, se dulcifica lo que se vive y se pierde la capa\u00adcidad de asombro<\/p>\n<p>Este perfil es consecuencia de una sociedad marcada por los <b>valores presentes en el mundo de hoy&#8230;<\/b><\/p>\n<ul>\n<li>Increencia<\/li>\n<li>Est\u00e9tica<\/li>\n<li>Conformismo<\/li>\n<li>Placer<\/li>\n<li>Secularizaci\u00f3n<\/li>\n<li>Carencia de culpabilidad<\/li>\n<li>Realismo<\/li>\n<li>Narcisismo<\/li>\n<li>Relativo<\/li>\n<li>Pasotismo<\/li>\n<li>Humor<\/li>\n<li>Subjetividad<\/li>\n<li>Diversidad<\/li>\n<li>Pluralidad<\/li>\n<li>Sentimiento<\/li>\n<li>Individualismo<\/li>\n<li>Valores Light<\/li>\n<li>Superficial<\/li>\n<li>Accesorio<\/li>\n<\/ul>\n<p>La creciente secularizaci\u00f3n de la sociedad est\u00e1 haciendo que las nuevas generaciones se posicionen ante la Iglesia desde la desconfianza y el alejamiento.<\/p>\n<p>Los m\u00e1s j\u00f3venes de la sociedad se dejan llevar por los t\u00f3pi\u00adcos que est\u00e1n presentes en la sociedad actual y ello repercute en como se lleva a cabo la transmisi\u00f3n de valores y vivencia de la fe desde la propia familia y \u00e1mbitos donde ellos viven su d\u00eda a d\u00eda. Es dif\u00edcil recoger donde no ha sido sembrado.<\/p>\n<p>En nuestras manos est\u00e1 el transmitir a las nuevas generacio\u00adnes desde nuestros Colegios lo mejor que cada uno ha adquirido a lo largo de su vida desde el estudio, la vivencia de la Fe, los acon\u00adtecimientos vividos y las experiencias que surgen desde la relaci\u00f3n con otras personas. Debemos pasar el testigo de nuestro ser cris\u00adtiano de una generaci\u00f3n a otra y ser instrumentos para el creci\u00admiento integral de ellos y el desarrollo de una nueva humanidad.<\/p>\n<p>Debemos ofrecer todas las posibilidades que se encuentren en nuestras manos para ayudarles a descubrir como Jes\u00fas de Naza\u00adret puede ser la clave definitiva para sus VIDAS.<\/p>\n<h2>\u00bfSeremos capaces de ofrecerles y mostrarles a las nuevas generaciones qui\u00e9n llena y da sentido a la vida?<\/h2>\n<p>Anteriormente expresaba como existe un vac\u00edo en sus vidas que nada ni nadie puede llenarlo plenamente a no ser que sea el mismo Dios, aunque inconscientemente digan que no necesitan a Dios, que \u00c9l es invenci\u00f3n de los hombres&#8230; hablan desde el no experimentarlo, desde no haber vivido el encuentro cara a cara.<\/p>\n<p>En primer lugar nosotros debemos pararnos ante la cultura de los j\u00f3venes, lo que ellos viven y desde ah\u00ed crear momentos de encuentro, posibilitar el di\u00e1logo y el compartir.<\/p>\n<p>Las nuevas generaciones necesitan una nueva evangeliza\u00adci\u00f3n, pero para ello debe existir un encuentro porque no pode\u00admos hacerla desde comunicaciones vac\u00edas de significados, debemos expresarnos pero debe existir un entendimiento por\u00adque en ellos existe un profundo deseo de felicidad y nosotros podemos mostrarle en quien encontrarla. Todo ser\u00e1 cuesti\u00f3n de talante, pero hay que dar respuestas a sus preguntas no a las nuestras.<\/p>\n<p>Debemos acercarnos a ellos, comprender su mundo, descubrir sus s\u00edmbolos, aprender a escuchar su lenguaje (m\u00fasica, noche, modas, cines), para as\u00ed comprender, entender su realidad y des\u00adcubrir el sentido de nuestra vida, el proyecto de Dios que es com\u00fan para todos.<\/p>\n<p>Creo que debemos tener claro que lo m\u00e1s importante no es darles informaci\u00f3n, contenidos vac\u00edos de experiencias.<\/p>\n<p>Nuestra misi\u00f3n es la de acercar o facilitar esta vivencia en nuestros j\u00f3venes&#8230; la fe es una vivencia personal&#8230; \u00bfqui\u00e9n se la dar\u00e1?, \u00bfqui\u00e9n se la proporcionar\u00e1? Nuestros alumnos no pueden poseer ni dar aquello que nadie les ha ofrecido, le falta el humus donde poder echar ra\u00edces en su fe.Nuestros colegios deben ser plataformas de evangelizaci\u00f3n, es necesario estar EDUCANDO CON DIOS DE FONDO, poner a Dios en medio de la cultura y la ense\u00f1anza. Esto deber\u00eda ser esencial en nuestro quehacer docente. Debe ser significativa a nivel del Evangelio y mostrar una lectura creyente de las reali\u00addades m\u00e1s m\u00ednimas que pueden estar presentes en un centro educativo.<\/p>\n<p>Ofrecer a nuestros alumnos signos de identidad, estilo de vida que desemboquen en compromisos vicencianos. Una educaci\u00f3n con valores, en valores y desde valores.<\/p>\n<ul>\n<li><i>Nuestros colegios deben ser el espacio donde se invita a vivir y experimentar todas las dimensiones de la educaci\u00f3n desde una visi\u00f3n cristiana, en armon\u00eda y convivencia con otros \u00e1mbitos de expresi\u00f3n y vivencia de la fe, como puede y debe ser la familia, la parroquia o comunidades cristianas. Debemos posibilitar que se puedan realizar aut\u00e9nticas experiencias de fe. Que nuestros alumnos al finalizar su escolarizaci\u00f3n no se queden meramente con un c\u00famulo de contenidos religiosos y acad\u00e9micos de todo tipo sino con un rico bagaje de experiencias del encuentro personal con Jes\u00fas de Nazaret.<br \/>\n<\/i><i>Que ellos mismos puedan decir: no s\u00f3lo me han formado acad\u00e9micamente y ense\u00f1ado contenidos de mi religi\u00f3n sino que he visto, vivido y compartido experiencias llenas de la dimensi\u00f3n humana y cristiana.<\/i><\/li>\n<\/ul>\n<p>Debemos pasar de ofrecer teor\u00edas a ofrecer experiencias, una teor\u00eda que se convierte en vivencias de su fe. Esto es lo que piensan alg\u00fan alumno de nuestro colegio:<\/p>\n<ul>\n<li><i>En los centros de las Hijas de la Caridad, se nos transmite la fe a los alumnos no s\u00f3lo a trav\u00e9s de las clases de Religi\u00f3n, <\/i><i>sino que tambi\u00e9n tenemos celebraciones religiosas, hace\u00admos oraci\u00f3n diaria por las ma\u00f1anas al llegar, y no s\u00f3lo se nos transmite la fe ah\u00ed, sino que tambi\u00e9n se nos muestra desde la forma de vivir y de actuar de las Hermanas, de la forma en la que nos explican las cosas no s\u00f3lo para el \u00e1mbito profesional, sino tambi\u00e9n para nuestras vidas como personas cristianas que somos; teniendo presente a Cristo y las ense\u00f1anzas de nuestro fundador san Vicente de Pa\u00fal. (Alumno de bachillerato).<\/i>En los a\u00f1os que llevo inserta en la pastoral juvenil y en el d\u00eda a d\u00eda de un colegio puedo constatar que hay muchas oportunida\u00addes para cultivar la fe de nuestros ni\u00f1os y j\u00f3venes y acercarlos a Dios aunque sean desde peque\u00f1as pinceladas, sencillas acciones pero que pueden estar dejando la huella de Dios al estar educan\u00addo desde \u00c9l.<\/li>\n<\/ul>\n<p>Las peque\u00f1as acciones que podemos programar desde el ritmo diario de nuestros colegios le servir\u00e1n de referencia para el futuro si en esos momentos han experimentado a un Dios que tocaba su coraz\u00f3n desde una peque\u00f1a oraci\u00f3n de la ma\u00f1ana, una clase de religi\u00f3n significativa para ellos, un tema que ha sido tratado con detalle y de forma creativa, una celebraci\u00f3n sacramental donde ellos han podido participar de forma activa.<\/p>\n<p>Una manera de acercar a Dios a los j\u00f3venes y los j\u00f3venes a Dios, es desde nuestra presencia, cercan\u00eda aut\u00e9ntica, desde la escucha de lo que viven, sienten&#8230; y algo imprescindible, cre\u00adyendo lo que nos expresan. Hay que estar disponibles para salir de nuestro yo y acogerlos en su integridad. Ofreci\u00e9ndoles todo lo que est\u00e9 en nuestras manos sin perder nuestra identidad y abrir\u00adles horizontes hacia donde caminar.<\/p>\n<p>Ellos mismos valoran nuestra cercan\u00eda y piden nuestra dispo\u00adnibilidad y tiempo para escucharles y para que los acompa\u00f1emos en alg\u00fan tramo de su caminar, mostr\u00e1ndoles referentes que inter\u00adpelen su vivir:<\/p>\n<ul>\n<li><i>Un reto que les propondr\u00eda a las Hijas de la Caridad es que dedicaran m\u00e1s tiempo a los j\u00f3venes, ya que ellos son los que verdaderamente necesitan un acompa\u00f1amiento para seguir caminando y no perdernos. Necesitamos que nos ayud\u00e9is a descubrir el sentido de nuestras vidas..(un alumno de bachillerato).<\/i><\/li>\n<li><i>En mi vivir han sido figuras referentes para la vivencia de mi Fe, modelos de entrega: Me han mostrado la figura de san Vicente de Pa\u00fal, su preocupaci\u00f3n por los m\u00e1s pobres, las cualidades y virtudes presentes en la Virgen Mar\u00eda, pero tambi\u00e9n he podido descubrir en las Hijas de la Cari\u00addad, los profesores que me han visto crecer modelos para mi vida, signos visibles de entrega a Dios por los pobres. Todos ellos me han ayudado de una forma u otra a abrir un poco los ojos al mundo, el ser conciente que hay pobres materiales y pobres de esp\u00edritu.. y sobre todo&#8230; nos ayudan a poder plantearnos \u00bfQu\u00e9 puedo hacer yo? \u00bfQu\u00e9 est\u00e1 al alcance de mis manos? (una antigua alumna).<\/i><\/li>\n<\/ul>\n<p>En nuestros ni\u00f1os y j\u00f3venes existe una necesidad de entrar dentro de s\u00ed, de encontrarse consigo mismo, de encontrarse Con Dios. Como dec\u00eda anteriormente quiz\u00e1s ellos no sean del todo conscientes pero nosotros debemos adelantarnos y darles res\u00adpuestas. Debemos estar alertas a las necesidades que nos presen\u00adtan nuestros alumnos.<\/p>\n<p>En uno de nuestros centros se inici\u00f3 una experiencia de ora\u00adci\u00f3n con los ni\u00f1os de Primaria, creamos un peque\u00f1o oratorio donde los ni\u00f1os de primaria de forma voluntaria acud\u00edan antes de comenzar las clases. Ellos se encargaban de ir invitando a otros ni\u00f1os a que acudieran, en ocasiones ven\u00edan ni\u00f1os hasta de cuatro a\u00f1os acompa\u00f1ando a sus hermanos o amigos. En este espacio de quince minutos \u00edbamos suscitando en los ni\u00f1os un gusto por la oraci\u00f3n y de acudir a la capilla del colegio sabiendo que era lugar privilegiado para encontrarse con Jes\u00fas. En este breve ratito \u00edbamos mostrando los diferentes modos de orar desde una forma pr\u00e1ctica y din\u00e1mica.Hab\u00eda d\u00edas que al acudir a la capilla te encontrabas deposi\u00adtados en un cofre cartas y dibujos para Jes\u00fas donde hab\u00edan expresado sus peticiones y aquellas situaciones que alegraban o entristec\u00edan su vida.<\/p>\n<ul>\n<li><i>Jes\u00fas, ens\u00e9\u00f1ame a ser mejor compa\u00f1era. Quiero ser amiga tuya. Cuida de mis pap\u00e1s porque creo que est\u00e1n algo enfa\u00addados.<\/i><\/li>\n<li><i>Te regalo mi coraz\u00f3n. Tengo un secreto que contarte&#8230;<\/i><\/li>\n<li><i>En otra ocasi\u00f3n encima del altar nos encontramos un caballito de madera, un peque\u00f1o de cuatro a\u00f1os en medio de la oraci\u00f3n nos dijo que le hab\u00eda tra\u00eddo ese juguete a Jes\u00fas para que no se aburriera y para que jugara con \u00e9l. Tenemos que hacernos como ni\u00f1os para entrar en el Reino de los cielos.<\/i><\/li>\n<\/ul>\n<p>Otra de las cosas que se debe potenciar y cuidar mucho en nuestros colegios es la oraci\u00f3n de la ma\u00f1ana. Es nuestro deber como educadores cristianos proporcionarles momentos de silen\u00adcio, de oraci\u00f3n, desde la toma de conciencia de sus vidas, buscar una adecuada ambientaci\u00f3n, participaci\u00f3n en lo que celebra\u00admos&#8230; debemos hacer lo posible para que no se queden en meros espectadores sino involucrarlos.<\/p>\n<p>No podemos caer en la rutina, debemos ser personas creativas y no tener miedo si en alguna ocasi\u00f3n se alarga este momento. Debemos ayudar a que ni\u00f1os y j\u00f3venes interioricen la Palabra de Dios, personalicen su fe y no se queden en simple recitaci\u00f3n de oraciones que salen de sus labios pero sin ser conscientes de todo lo que expresan y sin tocarles el coraz\u00f3n.<\/p>\n<p>No podemos quedarnos en la superficie, creo que es impor\u00adtante llegar a lo profundo de su ser y que descubran a Jes\u00fas como un amigo a quien acudir en toda ocasi\u00f3n. He aqu\u00ed una expresi\u00f3n de una joven sobre este tiempo dedicado a la oraci\u00f3n de la ma\u00f1a\u00adna, quiz\u00e1s pensemos que pasa desapercibida por la vida de nues\u00adtros alumnos;<\/p>\n<ul>\n<li><i>&#8230;Durante estos a\u00f1os en el colegio puedo decir que se ha ido marcando y potenciando aquella figura de Jes\u00fas como amigo, aqu\u00e9l que nunca te falla y siempre podemos ir a visitarlo, que siempre nos est\u00e1 esperando, en ese lugar privilegiado, en la capilla del colegio. La oraci\u00f3n de la ma\u00f1ana tambi\u00e9n me ayud\u00f3 a tomar conciencia que Dios nos regalaba un nuevo d\u00eda, tengo que decir que en ciertos momentos se convirti\u00f3 para nosotras en una rutina el leer un libro, por lo que personalmente no me llev\u00f3 mucho a Dios. Distinto era cuando la creatividad y la espontanei\u00addad de nuestros profesores nos ayudaban a entrar en ora\u00adci\u00f3n y tomar conciencia de nuestro vivir junto a Jes\u00fas&#8230;<\/i><\/li>\n<\/ul>\n<p>Debemos comenzar a cultivar este gusto por la oraci\u00f3n desde los m\u00e1s peque\u00f1os. Tengo la experiencia, al estar con los ni\u00f1os de Infantil, de la gran facilidad que poseen para ello. No debemos decir que son peque\u00f1os, el ni\u00f1o, tiene necesidad de relaci\u00f3n, de amigos, de expresar lo que sienten a quienes saben que los cuida y quiere. \u00bfPor qu\u00e9 no mostrarle el modo de relacionarse y hablar con su gran AMIGO JES\u00daS? Creo que debemos ponerle las bases desde su infancia e irlos iniciando en su vida de relaci\u00f3n con Dios.<\/p>\n<p>Con estos ni\u00f1os tan peque\u00f1os podemos tener grandes experien\u00adcias y nos pueden ense\u00f1ar mucho sobre la oraci\u00f3n, la capacidad de sorprenderse, de expresar lo que viven en su interior de ni\u00f1o.<\/p>\n<p>Una experiencia que he tenido con ellos ha sido el llevarlos a la Capilla del Colegio. Ellos la conocen como la \u00abCasita de Jes\u00fas\u00bb, lugar donde vamos para ver a nuestro Amigo y contarle nuestras cosas. Para ellos se ha convertido en una gran fiesta, el acudir a ella es un regalo.<\/p>\n<p>Me sorprend\u00edan cuando en m\u00e1s de una ocasi\u00f3n se han enfa\u00addado o me han llamado la atenci\u00f3n porque desde hac\u00eda d\u00edas no \u00edbamos a la \u00abCasita de Jes\u00fas\u00bb, es m\u00e1s, en algunas ocasiones no me han dejado hacer la oraci\u00f3n de la ma\u00f1ana en la clase sino que nos hemos tenido que ir a la capilla.La intenci\u00f3n y objetivo que est\u00e1 bien presente cada vez que los llevo a la capilla es que se encuentren a gusto en ella y que est\u00e9 presente en ellos las mismas actitudes que cuando se encuen\u00adtran con alguien a quienes quieren.<\/p>\n<p>Creo que no debemos pretender que pierdan su espontaneidad y creatividad por guardar unas formas que pueden ahogar su ser de ni\u00f1os. Ellos desde sus gestos, canciones y expresiones se rela\u00adcionan con AQUEL que una vez dijo a sus disc\u00edpulos: \u00a1Dejad que los ni\u00f1os se acerquen a M\u00ed!<\/p>\n<p>Durante el curso escolar se tienen diferentes celebraciones, ya sea celebraci\u00f3n de la Palabra, celebraci\u00f3n de la Eucarist\u00eda o del Sacramento de la Reconciliaci\u00f3n.<\/p>\n<p>La organizaci\u00f3n de estas celebraciones depende seg\u00fan los centros y las posibilidades que exista de contar con alg\u00fan sacer\u00addote para que se lleven a cabo en los distintos tiempos lit\u00fargicos o de forma peri\u00f3dica, ya sean por curso o por ciclos.<\/p>\n<p>Podemos pensar que a los j\u00f3venes y ni\u00f1os de hoy no les lle\u00adgan estas celebraciones, que caen en la rutina o est\u00e1n carentes de sentido. Quiz\u00e1s sea necesario que sin presentar celebraciones vac\u00edas de significado y llenas de din\u00e1micas, se lleven a cabo celebraciones donde los ni\u00f1os y j\u00f3venes no sean meros especta\u00addores. Tambi\u00e9n es necesaria una cuidada preparaci\u00f3n de las cele\u00adbraciones y no un salir al paso.<\/p>\n<p>Quiz\u00e1s pueda ser una minor\u00eda, pero para algunos de nuestros alumnos es un momento para celebrar su fe con el resto de sus compa\u00f1eros de clase y vivirla en su centro, es m\u00e1s, algunos pien\u00adsan que pocas son las celebraciones que se tienen a este nivel en el colegio.<\/p>\n<ul>\n<li><i>La vivencia de los sacramentos tambi\u00e9n ha sido un medio para cultivar mi FE. Pienso que es lo m\u00ednimo que se debe de ofertar en estos colegios: El sacramento de la Reconci\u00adliaci\u00f3n y la Eucarist\u00eda. Personalmente le doy m\u00e1s impor\u00adtancia a la Eucarist\u00eda, ya que el ir a confesar para algunos era m\u00e1s bien un escaquearse de clase que una vivencia de FE, pero tambi\u00e9n nos ayud\u00f3 para vivir este sacramento con mayor frecuencia e ir saboreando el abrazo del Padre (Una antigua alumna).<\/i><\/li>\n<li><i>Tambi\u00e9n otro medio que se nos ofrece para fortalecer nuestra fe es desde las celebraciones, que en nuestros cen\u00adtros tenemos, ya sea desde el Sacramento de la Reconci\u00adliaci\u00f3n, que tenemos al menos un par de veces en el curso, o por medio de las Celebraciones Eucar\u00edsticas que vivimos y en las que participamos todos, ya que todo lo que se hace en ellas se realiza por alumnos del centro (Alumno de Secundaria).<\/i><\/li>\n<li><i>La misa dur\u00f3 un par de horas, pero sinceramente creo que a casi nadie se nos hizo larga, para m\u00ed se pas\u00f3 muy r\u00e1pi\u00adda. Una experiencia muy bonita y fuerte&#8230; un c\u00famulo de sensaciones que ni yo sab\u00eda porque las ten\u00eda, y sobre todo me sent\u00eda muy bien, Dios pas\u00f3 por mi vida y se qued\u00f3 (Alumna de 4\u00b0 ESO).<\/i><\/li>\n<li><i>Creo que en realidad nunca es demasiado cuando se trata de transmitir la fe a los ni\u00f1os y j\u00f3venes de los centros por lo que creo que se podr\u00edan aumentar el n\u00famero de Cele\u00adbraciones (Un alumno de bachillerato).<\/i><\/li>\n<\/ul>\n<p>Otro de los medios que tenemos para cultivar y cimentar la fe de las nuevas generaciones son las clases de Religi\u00f3n, en ellas se van exponiendo los contenidos para que ellos mismos vayan for\u00adjando sus convicciones de fe, ofreci\u00e9ndoles el mensaje cristiano, los valores presentes en el Evangelio. Dar a conocer las verdades fundamentales de su religi\u00f3n. Hay que alejarse de cualquier pre\u00adtensi\u00f3n de ofrecer una versi\u00f3n blanda del mensaje de Jes\u00fas y de la vida cristiana. Se debe cuidar la formaci\u00f3n del profesorado para que sean fieles a las ense\u00f1anzas de la Iglesia y de este modo nuestros alumnos puedan hacer una s\u00edntesis real entre fe y cultu\u00adra y entre fe y vida. Las clases de religi\u00f3n es una asignatura id\u00f3\u00adnea para dar raz\u00f3n de nuestra fe y cultivarla, pero no podemos limitarnos \u00fanicamente a esta asignatura.En nuestros centros se pretende que todo el curr\u00edculum est\u00e9 impregnado del mensaje cristiano y toda acci\u00f3n que se realice en el colegio pueda aportar su grano de arena para que nuestros alumnos crezcan y se desarrollen como creyentes, ya sea desde las jornadas de sensibilizaci\u00f3n que nos marcan el objetivo a tra\u00adbajar durante todo el curso desde valores que dan calidad a su vivir y convivir como en el tiempo dedicado a las tutor\u00edas.<\/p>\n<p>No podemos decir que no existen medios y recursos para ayu\u00addar a los ni\u00f1os y j\u00f3venes a ir creciendo desde un talante cristia\u00adno y posibilitar momentos para que descubran a un Dios cerca\u00adno que camina a su lado. Lo \u00fanico que tenemos que hacer es buscar y estar atentos para aprovechar todos los momentos opor\u00adtunos para hacerlo presente, ya sea en una clase religi\u00f3n o en una convivencia a nivel de centro, donde se crean lazos entre alum\u00adnos y profesores, posibilitando as\u00ed el di\u00e1logo desde otro \u00e1mbito que no es el acad\u00e9mico.<\/p>\n<p>Utilizar algunas horas de la tutor\u00eda en las que se pueden llevar a cabo diferentes actividades en coordinaci\u00f3n con el Departamento de Pastoral o en el simple estar en los patios o un encontrarse entre pasillos, pero que en toda ocasi\u00f3n estemos <i>EDUCANDO CON DIOS DE FONDO.<\/i><\/p>\n<p>Este es el sentir de nuestros alumnos y as\u00ed lo viven:<\/p>\n<ul>\n<li><i>Uno de los momentos que recuerdo aunque quiz\u00e1s sea insig\u00adnificante pero que me hizo descubrir a un Dios vivo fue en una clase de religi\u00f3n cuando est\u00e1bamos preparando los <\/i><i>cantos para la eucarist\u00eda. El canto de comuni\u00f3n se llamaba el \u00abHimno de la juventud.\u00bb Fuimos sac\u00e1ndoles el jugo a la canci\u00f3n, el saber y sentir lo que vamos diciendo en cada momento. Fue aqu\u00ed cuando descubr\u00ed que \u00abquien canta, ora dos veces\u00bb. Le dec\u00eda a Dios que supiera que estaba con \u00c9l, que quer\u00eda aprender a amar como \u00c9l lo hac\u00eda, quer\u00eda serle fiel. Fue entonces cuando una luz intermitente pas\u00f3 por mis ojos y en mi coraz\u00f3n, alert\u00e1ndome de la presencia de Dios en este momento. (Una antigua alumna).<\/i><\/li>\n<li><i>Desde las jornadas de sensibilizaci\u00f3n y desde los temas que trabajamos en las horas de tutor\u00eda, desde talleres y din\u00e1micas llenas de mensaje se nos ha inculcado vivir los valores del Evangelio, valores como el respeto, la escucha, la libertad, la entrega&#8230; Cada a\u00f1o nos centramos en uno de ellos pero despu\u00e9s daba juego para que profundiz\u00e1ra\u00admos en muchos m\u00e1s.( Alumna del centro).<\/i><\/li>\n<li><i>En momentos de silencio, oraci\u00f3n y desierto tuvimos que enfrentarnos a preguntas sobre nuestra propia vida, las cuales muchas veces, por miedo o por falta de tiempo no somos capaces de hacernos: \u00bfQu\u00e9 lugar tiene Dios en mi vida?\u00bfTengo verdaderamente la valent\u00eda de responder a la llamada de Dios? \u00bfHas percibido alguna vez la presencia de la gracia de Dios en tu vida ?\u00bf Qu\u00e9 crees que pide Dios de ti?\u00bf Qu\u00e9 temes que pueda pedir?&#8230; Fueron algunas de las tantas preguntas que pasaron por nuestras mentes en esos d\u00edas. (Alumna de 4\u00b0 de ESO).<\/i><\/li>\n<\/ul>\n<p>Cristo y su mensaje tienen que ser la referencia constante y clara desde donde eduquemos. En nuestras manos tenemos a los ni\u00f1os y ni\u00f1as de hoy, que ser\u00e1n los adultos del ma\u00f1ana.<\/p>\n<p>Esta misi\u00f3n de cultivar la fe de nuestros ni\u00f1os y j\u00f3venes se potencia desde la Provincia que apost\u00f3 por la Pastoral creando hace dos a\u00f1os el Equipo de Pastoral Provincial para animar y promocionar una pastoral conjunta que abarca la Pastoral educa\u00adtiva, Juvenil y Vocacional. Este equipo est\u00e1 formado por la Dele\u00adgada Provincial de JMV y AMVE, la consejera de ense\u00f1anza y Delegada de la Pastoral Vocacional y tres hermanas Delegadas diocesanas de JMV y de Pastoral en sus respectivos centros edu\u00adcativos.El Equipo de Pastoral Provincial est\u00e1 encargado de ofrecer a la provincia una serie de convivencias y actividades; entre ellas podr\u00edamos resaltar las convivencias vocacionales espec\u00edficas, campamentos de verano, animaci\u00f3n vocacional de las hermanas, \u00abEncuentro de Familia Vicenciana\u00bb. (El a\u00f1o pasado nos congre\u00adgamos una gran representaci\u00f3n de ella en Isla M\u00e1gica donde el amplio abanico de la familia vicenciana disfrut\u00f3 en todos los aspectos, humana y espiritualmente).<\/p>\n<p>Uno de los objetivos que tiene el Equipo de Pastoral es el apoyar a los Centros Educativos de la Provincia en la Pastoral espec\u00edfica del Centro. Para ello se han realizado una serie de convivencias con una tem\u00e1tica concreta para ser trabajada seg\u00fan los tiempos lit\u00fargicos y campa\u00f1as de la Iglesia.<\/p>\n<p>Estas convivencias las hemos llamado \u00abHuellas\u00bb y est\u00e1n orientadas a los alumnos de la Educaci\u00f3n Secundaria y Bachille\u00adrato. Los temas que se desarrollan son:<\/p>\n<ul>\n<li>Adviento<\/li>\n<li>Cuaresma<\/li>\n<li>Pascual<\/li>\n<li>Mariana<\/li>\n<li>Misionera<\/li>\n<li>Vocacional<\/li>\n<\/ul>\n<p>Para hacer posible estas convivencias las hermanas que lo componemos estamos liberadas de nuestro servicio un d\u00eda a la semana para ir a los centros y llevar a cabo las diferentes convi\u00advencias.<\/p>\n<p>Estas convivencias se realizan los viernes durante el horario escolar comenzando sobre las 9,30 y finalizando sobre las tres de la tarde. Pretendemos que sean grupos peque\u00f1os por ello se ofer\u00adtan para 1\u00b0 y 2\u00b0 de ESO o 3\u00b0 y 4\u00b0 de ESO seg\u00fan vea conveniente el centro. Antes de llevar a cabo la convivencia el equipo se pone en contacto con los responsables de la Pastoral del Centro para intercambiar expectativas, aunar criterios de actuaci\u00f3n y objetivos.El desarrollo de estas convivencias la lleva a cabo los miem\u00adbros del Equipo provincial participando tambi\u00e9n alg\u00fan profesor del centro y alguna catequista de JMV cuando los grupos son m\u00e1s numerosos.<\/p>\n<p>Podemos decir que existe una buena acogida por parte de los centros de nuestra provincia, as\u00ed lo expresan hermanas, profeso\u00adres como alumnos; es uno de los medios que ofrece la Provincia para refrescar y animar la pastoral que d\u00eda a d\u00eda y momento a momento se lleva a cabo en nuestros distintos centros e \u00abimpul\u00adsar una pastoral din\u00e1mica, creativa, abierta, que comprometa a cada Comunidad, a cada profesor, a cada Hija de la Caridad que est\u00e1 en contacto directo con ni\u00f1os y j\u00f3venes.<\/p>\n<ul>\n<li><i>Nos dimos cuenta que Dios est\u00e1 presente en nuestras vidas, aunque muchas veces no queramos verlo o s\u00f3lo nos acor\u00addemos de \u00c9l en aquellos momentos que son m\u00e1s dif\u00edciles.<\/i><\/li>\n<li><i>Nunca hubiera pensado que de un simple juego de la Oca pod\u00eda hacerme tantas preguntas y significara tanto para mi vida.<\/i><\/li>\n<li><i>Finalmente, el recuerdo que nos llevamos cada uno a nues\u00adtras casas ser\u00edan distintos, pero no cabe duda de que para todos fue algo especial que no olvidaremos, ha sido una experiencia que ha valido la pena vivir, que no cambiar\u00eda\u00admos por nada y que nos empuja a seguir a Cristo d\u00eda a d\u00eda en nuestros lugares cotidianos. <\/i>(Un alumno de 4\u00b0 ESO).<\/li>\n<\/ul>\n<p>Con todo lo expresado quiero deciros que tengo que reafirmar que para DIOS no hay nada imposible&#8230; que hay seguir adelante acogiendo la realidad que nos envuelve e ir de puntillas descu\u00adbriendo y mostrando las huellas de Dios que encontramos por todo este mundo y siendo fieles a la misi\u00f3n que se nos encomien\u00adda con las nuevas generaciones, aportando lo que est\u00e9 a nuestro alcance para despertar, cultivar y fortalecer la fe de ni\u00f1os y j\u00f3ve\u00adnes que d\u00eda a d\u00eda acuden a nuestros colegios.<\/p>\n<p>Todo lo expresado es lo que se intenta hacer vida en el d\u00eda a d\u00eda, contando con nuestras luces y con nuestras sombras quere\u00admos seguir avanzando y seguir so\u00f1ando para hacer realidad que los colegios sean plataformas de evangelizaci\u00f3n, lugar donde podemos cultivar la fe de las nuevas generaciones.<\/p>\n<p>En esta misi\u00f3n no hay nada concluido, son muchos los retos que se nos plantean:<\/p>\n<h2>Algunos retos<\/h2>\n<ul>\n<li>La Iglesia, y nosotros como miembros de ella, tenemos que hacer vida la frase del VEN y VE. Tenemos que dejar a un lado el ven y oye, ser aut\u00e9nticos y ofrecerles el ven y ve, ven y vive, VEN Y EXPERIMENTA.<br \/>\nLos j\u00f3venes se dejar\u00e1n convencer por una vida desde la VERDAD, desde algo REAL y AUTENTICO. Tenemos que ser radicales y exigentes en el seguimiento de Cristo. No podemos ofrecer un cristianismo light.<\/li>\n<li>Sentir y redescubrir nuestra vocaci\u00f3n docente y nuestra misi\u00f3n de evangelizaci\u00f3n.<\/li>\n<li>Ayudar a los j\u00f3venes a hacer espacio en sus vidas para que Dios ocupe el lugar que le corresponde. Motivarle hacia la oraci\u00f3n, inici\u00e1ndola en ella y cultivando su pr\u00e1ctica.<\/li>\n<li>Proporcionar momentos de acompa\u00f1amiento personal a los j\u00f3venes. Ellos expresan que necesitan ser acompa\u00f1ados para madurar su Fe. Busquemos el momento oportuno para aquellos que lo necesitan y piden.<\/li>\n<li>Proponer experiencia de servicio a nuestros alumnos donde ellos puedan hacer vida su ser Vicenciano. Ofrecer la opor\u00adtunidad de vivenciar el encuentro con Cristo en los pobres.<\/li>\n<li>Crear cauces de colaboraci\u00f3n con JMV sabiendo que ella es nuestra pastoral juvenil espec\u00edfica y desde ella nuestros alumnos pueden madurar su fe desde el proceso catecume\u00adnal y todas las experiencias que el Movimiento les ofrece. Redescubrir el valor de JMV y todo lo que nos puede apor\u00adtar el movimiento en nuestras acci\u00f3n educativa.<\/li>\n<li>Fomentar la implicaci\u00f3n de las familias en lo que respecta a la educaci\u00f3n integral de sus hijos humana y espiritual\u00admente. Favorecer y ofrecer los medios para la participaci\u00f3n de los mismos en grupos cristianos para la profundizaci\u00f3n de su fe. Si un hijo ve a su familia orar, celebrar los sacra\u00admentos, formar parte de la Iglesia, \u00bfque mejores referentes puede tener unos hijos que sus propios padres?<\/li>\n<li>Crear lazos y v\u00ednculos de uni\u00f3n entre nuestros colegios y las parroquias cercanas. Que junto a ellas colaboremos en la maduraci\u00f3n y vivencia de su fe desde la participaci\u00f3n en la vida parroquial y de tantas actividades que ella nos ofrece. Debemos mostrar a nuestros alumnos que somos Iglesia y que formamos parte de ella y en ella debemos celebrar nuestra Fe. \u00bfQu\u00e9 ocurrir\u00e1 si no existen unos referentes a la Iglesia local? \u00bfd\u00f3nde celebrar\u00e1n su fe cuando no est\u00e9n en el colegio? Debemos mostrarles el camino para que su parroquia tambi\u00e9n sea referente en su vivir cristiano.<\/li>\n<\/ul>\n<p>A\u00fan queda mucho camino que recorrer pero este sue\u00f1o se har\u00e1 realidad en la medida que en nuestros centros <b>EDUQUEMOS CON DIOS DE FONDO.<\/b><\/p>\n","protected":false},"excerpt":{"rendered":"<p>Me dispongo a compartir con ustedes c\u00f3mo intentamos trans\u00admitir y cultivar la fe de nuestros alumnos. Uno de los objetivos que est\u00e1 presente en nuestros centros vicencianos es que Dios se haga el encontradizo en &#8230; <a href=\"https:\/\/vincentians.com\/es\/educando-con-dios-de-fondo\/\" class=\"more-link\">Read More<\/a><\/p>\n","protected":false},"author":4,"featured_media":404122,"comment_status":"open","ping_status":"open","sticky":false,"template":"","format":"standard","meta":{"jetpack_post_was_ever_published":false,"_jetpack_newsletter_access":"","_jetpack_dont_email_post_to_subs":false,"_jetpack_newsletter_tier_id":0,"_jetpack_memberships_contains_paywalled_content":false,"_jetpack_memberships_contains_paid_content":false,"footnotes":"","jetpack_publicize_message":"","jetpack_publicize_feature_enabled":true,"jetpack_social_post_already_shared":true,"jetpack_social_options":{"image_generator_settings":{"template":"highway","default_image_id":0,"font":"","enabled":false},"version":2}},"categories":[293],"tags":[],"class_list":["post-120723","post","type-post","status-publish","format-standard","has-post-thumbnail","hentry","category-educacion"],"yoast_head":"<!-- This site is optimized with the Yoast SEO plugin v26.3 - https:\/\/yoast.com\/wordpress\/plugins\/seo\/ -->\n<title>Educando con Dios de fondo - Somos Vicencianos<\/title>\n<meta name=\"robots\" content=\"index, follow, max-snippet:-1, max-image-preview:large, max-video-preview:-1\" \/>\n<link rel=\"canonical\" href=\"https:\/\/vincentians.com\/es\/educando-con-dios-de-fondo\/\" \/>\n<meta property=\"og:locale\" content=\"es_ES\" \/>\n<meta property=\"og:type\" content=\"article\" \/>\n<meta property=\"og:title\" content=\"Educando con Dios de fondo - Somos Vicencianos\" \/>\n<meta property=\"og:description\" content=\"Me dispongo a compartir con ustedes c\u00f3mo intentamos trans\u00admitir y cultivar la fe de nuestros alumnos. Uno de los objetivos que est\u00e1 presente en nuestros centros vicencianos es que Dios se haga el encontradizo en ... Read More\" \/>\n<meta property=\"og:url\" content=\"https:\/\/vincentians.com\/es\/educando-con-dios-de-fondo\/\" \/>\n<meta property=\"og:site_name\" content=\"Somos Vicencianos\" \/>\n<meta property=\"article:publisher\" content=\"https:\/\/www.facebook.com\/WeAreVincentians\/\" \/>\n<meta property=\"article:author\" content=\"https:\/\/www.facebook.com\/JavierChento\" \/>\n<meta property=\"article:published_time\" content=\"2022-10-07T06:26:50+00:00\" \/>\n<meta property=\"og:image\" content=\"https:\/\/i0.wp.com\/vincentians.com\/es\/wp-content\/uploads\/sites\/11\/2013\/04\/formacion_permanente-1.jpg?fit=303%2C303&ssl=1\" \/>\n\t<meta property=\"og:image:width\" content=\"303\" \/>\n\t<meta property=\"og:image:height\" content=\"303\" \/>\n\t<meta property=\"og:image:type\" content=\"image\/jpeg\" \/>\n<meta name=\"author\" content=\"Francisco Javier Fern\u00e1ndez Chento\" \/>\n<meta name=\"twitter:card\" content=\"summary_large_image\" \/>\n<meta name=\"twitter:creator\" content=\"@https:\/\/twitter.com\/javierchento\" \/>\n<meta name=\"twitter:site\" content=\"@WeVincentians\" \/>\n<meta name=\"twitter:label1\" content=\"Escrito por\" \/>\n\t<meta name=\"twitter:data1\" content=\"Francisco Javier Fern\u00e1ndez Chento\" \/>\n\t<meta name=\"twitter:label2\" content=\"Tiempo de lectura\" \/>\n\t<meta name=\"twitter:data2\" content=\"29 minutos\" \/>\n<script type=\"application\/ld+json\" class=\"yoast-schema-graph\">{\"@context\":\"https:\/\/schema.org\",\"@graph\":[{\"@type\":\"Article\",\"@id\":\"https:\/\/vincentians.com\/es\/educando-con-dios-de-fondo\/#article\",\"isPartOf\":{\"@id\":\"https:\/\/vincentians.com\/es\/educando-con-dios-de-fondo\/\"},\"author\":{\"name\":\"Francisco Javier Fern\u00e1ndez Chento\",\"@id\":\"https:\/\/vincentians.com\/es\/#\/schema\/person\/9623ef4d9aa3b2dfb8c061f1499288f2\"},\"headline\":\"Educando con Dios de fondo\",\"datePublished\":\"2022-10-07T06:26:50+00:00\",\"mainEntityOfPage\":{\"@id\":\"https:\/\/vincentians.com\/es\/educando-con-dios-de-fondo\/\"},\"wordCount\":5846,\"commentCount\":0,\"publisher\":{\"@id\":\"https:\/\/vincentians.com\/es\/#organization\"},\"image\":{\"@id\":\"https:\/\/vincentians.com\/es\/educando-con-dios-de-fondo\/#primaryimage\"},\"thumbnailUrl\":\"https:\/\/i0.wp.com\/vincentians.com\/es\/wp-content\/uploads\/sites\/11\/2013\/04\/formacion_permanente-1.jpg?fit=303%2C303&ssl=1\",\"articleSection\":[\"Educaci\u00f3n\"],\"inLanguage\":\"es\",\"potentialAction\":[{\"@type\":\"CommentAction\",\"name\":\"Comment\",\"target\":[\"https:\/\/vincentians.com\/es\/educando-con-dios-de-fondo\/#respond\"]}]},{\"@type\":\"WebPage\",\"@id\":\"https:\/\/vincentians.com\/es\/educando-con-dios-de-fondo\/\",\"url\":\"https:\/\/vincentians.com\/es\/educando-con-dios-de-fondo\/\",\"name\":\"Educando con Dios de fondo - Somos Vicencianos\",\"isPartOf\":{\"@id\":\"https:\/\/vincentians.com\/es\/#website\"},\"primaryImageOfPage\":{\"@id\":\"https:\/\/vincentians.com\/es\/educando-con-dios-de-fondo\/#primaryimage\"},\"image\":{\"@id\":\"https:\/\/vincentians.com\/es\/educando-con-dios-de-fondo\/#primaryimage\"},\"thumbnailUrl\":\"https:\/\/i0.wp.com\/vincentians.com\/es\/wp-content\/uploads\/sites\/11\/2013\/04\/formacion_permanente-1.jpg?fit=303%2C303&ssl=1\",\"datePublished\":\"2022-10-07T06:26:50+00:00\",\"breadcrumb\":{\"@id\":\"https:\/\/vincentians.com\/es\/educando-con-dios-de-fondo\/#breadcrumb\"},\"inLanguage\":\"es\",\"potentialAction\":[{\"@type\":\"ReadAction\",\"target\":[\"https:\/\/vincentians.com\/es\/educando-con-dios-de-fondo\/\"]}]},{\"@type\":\"ImageObject\",\"inLanguage\":\"es\",\"@id\":\"https:\/\/vincentians.com\/es\/educando-con-dios-de-fondo\/#primaryimage\",\"url\":\"https:\/\/i0.wp.com\/vincentians.com\/es\/wp-content\/uploads\/sites\/11\/2013\/04\/formacion_permanente-1.jpg?fit=303%2C303&ssl=1\",\"contentUrl\":\"https:\/\/i0.wp.com\/vincentians.com\/es\/wp-content\/uploads\/sites\/11\/2013\/04\/formacion_permanente-1.jpg?fit=303%2C303&ssl=1\",\"width\":303,\"height\":303},{\"@type\":\"BreadcrumbList\",\"@id\":\"https:\/\/vincentians.com\/es\/educando-con-dios-de-fondo\/#breadcrumb\",\"itemListElement\":[{\"@type\":\"ListItem\",\"position\":1,\"name\":\"Portada\",\"item\":\"https:\/\/vincentians.com\/es\/\"},{\"@type\":\"ListItem\",\"position\":2,\"name\":\"Educando con Dios de fondo\"}]},{\"@type\":\"WebSite\",\"@id\":\"https:\/\/vincentians.com\/es\/#website\",\"url\":\"https:\/\/vincentians.com\/es\/\",\"name\":\"Somos Vicencianos\",\"description\":\"Know more to serve more\",\"publisher\":{\"@id\":\"https:\/\/vincentians.com\/es\/#organization\"},\"potentialAction\":[{\"@type\":\"SearchAction\",\"target\":{\"@type\":\"EntryPoint\",\"urlTemplate\":\"https:\/\/vincentians.com\/es\/?s={search_term_string}\"},\"query-input\":{\"@type\":\"PropertyValueSpecification\",\"valueRequired\":true,\"valueName\":\"search_term_string\"}}],\"inLanguage\":\"es\"},{\"@type\":\"Organization\",\"@id\":\"https:\/\/vincentians.com\/es\/#organization\",\"name\":\"The Vincentian Network\",\"url\":\"https:\/\/vincentians.com\/es\/\",\"logo\":{\"@type\":\"ImageObject\",\"inLanguage\":\"es\",\"@id\":\"https:\/\/vincentians.com\/es\/#\/schema\/logo\/image\/\",\"url\":\"https:\/\/i1.wp.com\/vincentians.com\/es\/wp-content\/uploads\/sites\/11\/2016\/06\/Vincentian-Network-logo-big.png?fit=778%2C778\",\"contentUrl\":\"https:\/\/i1.wp.com\/vincentians.com\/es\/wp-content\/uploads\/sites\/11\/2016\/06\/Vincentian-Network-logo-big.png?fit=778%2C778\",\"width\":778,\"height\":778,\"caption\":\"The Vincentian Network\"},\"image\":{\"@id\":\"https:\/\/vincentians.com\/es\/#\/schema\/logo\/image\/\"},\"sameAs\":[\"https:\/\/www.facebook.com\/WeAreVincentians\/\",\"https:\/\/x.com\/WeVincentians\"]},{\"@type\":\"Person\",\"@id\":\"https:\/\/vincentians.com\/es\/#\/schema\/person\/9623ef4d9aa3b2dfb8c061f1499288f2\",\"name\":\"Francisco Javier Fern\u00e1ndez Chento\",\"image\":{\"@type\":\"ImageObject\",\"inLanguage\":\"es\",\"@id\":\"https:\/\/vincentians.com\/es\/#\/schema\/person\/image\/\",\"url\":\"https:\/\/secure.gravatar.com\/avatar\/497d5cde87b4c3d097d0315953521681ba2cd523ee66e5077c3711f7021e65de?s=96&d=mm&r=g\",\"contentUrl\":\"https:\/\/secure.gravatar.com\/avatar\/497d5cde87b4c3d097d0315953521681ba2cd523ee66e5077c3711f7021e65de?s=96&d=mm&r=g\",\"caption\":\"Francisco Javier Fern\u00e1ndez Chento\"},\"description\":\"Director General y cofundador de La Red de Formaci\u00f3n Vicenciana. Javier es laico vicenciano, afiliado a la Congregaci\u00f3n de la Misi\u00f3n y miembro del Equipo de Misiones Populares de la provincia can\u00f3nica de Zaragoza (Espa\u00f1a) de la Congregaci\u00f3n de la Misi\u00f3n. Graduado en la Universidad Oberta de Catalunya con cuatro grados (Asistente de direcci\u00f3n, Gesti\u00f3n Administrativa, Recursos Humanos y Contabilidad Avanzada). Bil\u00edng\u00fce Espa\u00f1ol\/Ingl\u00e9s. gestiona y mantiene varias p\u00e1ginas web cristianas y vicencianas, incluida including La Red de Formaci\u00f3n Vicenciana, de la que es cofundador. Actualmente es responsable del \u00e1rea de Espa\u00f1ol de .famvin, la Red de Noticias de la Familia Vicenciana. Tambi\u00e9n es m\u00fasico cat\u00f3lico y ha editado varios discos. Es Director General y cofundador de Trovador, una reconocida compa\u00f1\u00eda discogr\u00e1fica critiana de Espa\u00f1a. Trabaja en las Tecnolog\u00edas de la Informaci\u00f3n, ofreciendo servicios de alojamiento, dise\u00f1o y mantenimiento Web, as\u00ed como asesoramiento, formaci\u00f3n y soluciones inform\u00e1ticas, gesti\u00f3n documental y digitalizaci\u00f3n de textos, edici\u00f3n y maquetaci\u00f3n de libros, revistas, flyers, etc.\",\"sameAs\":[\"http:\/\/chento.org\",\"https:\/\/www.facebook.com\/JavierChento\",\"https:\/\/x.com\/https:\/\/twitter.com\/javierchento\"],\"url\":\"https:\/\/vincentians.com\/es\/author\/chento\/\"}]}<\/script>\n<!-- \/ Yoast SEO plugin. -->","yoast_head_json":{"title":"Educando con Dios de fondo - Somos Vicencianos","robots":{"index":"index","follow":"follow","max-snippet":"max-snippet:-1","max-image-preview":"max-image-preview:large","max-video-preview":"max-video-preview:-1"},"canonical":"https:\/\/vincentians.com\/es\/educando-con-dios-de-fondo\/","og_locale":"es_ES","og_type":"article","og_title":"Educando con Dios de fondo - Somos Vicencianos","og_description":"Me dispongo a compartir con ustedes c\u00f3mo intentamos trans\u00admitir y cultivar la fe de nuestros alumnos. Uno de los objetivos que est\u00e1 presente en nuestros centros vicencianos es que Dios se haga el encontradizo en ... Read More","og_url":"https:\/\/vincentians.com\/es\/educando-con-dios-de-fondo\/","og_site_name":"Somos Vicencianos","article_publisher":"https:\/\/www.facebook.com\/WeAreVincentians\/","article_author":"https:\/\/www.facebook.com\/JavierChento","article_published_time":"2022-10-07T06:26:50+00:00","og_image":[{"width":303,"height":303,"url":"https:\/\/i0.wp.com\/vincentians.com\/es\/wp-content\/uploads\/sites\/11\/2013\/04\/formacion_permanente-1.jpg?fit=303%2C303&ssl=1","type":"image\/jpeg"}],"author":"Francisco Javier Fern\u00e1ndez Chento","twitter_card":"summary_large_image","twitter_creator":"@https:\/\/twitter.com\/javierchento","twitter_site":"@WeVincentians","twitter_misc":{"Escrito por":"Francisco Javier Fern\u00e1ndez Chento","Tiempo de lectura":"29 minutos"},"schema":{"@context":"https:\/\/schema.org","@graph":[{"@type":"Article","@id":"https:\/\/vincentians.com\/es\/educando-con-dios-de-fondo\/#article","isPartOf":{"@id":"https:\/\/vincentians.com\/es\/educando-con-dios-de-fondo\/"},"author":{"name":"Francisco Javier Fern\u00e1ndez Chento","@id":"https:\/\/vincentians.com\/es\/#\/schema\/person\/9623ef4d9aa3b2dfb8c061f1499288f2"},"headline":"Educando con Dios de fondo","datePublished":"2022-10-07T06:26:50+00:00","mainEntityOfPage":{"@id":"https:\/\/vincentians.com\/es\/educando-con-dios-de-fondo\/"},"wordCount":5846,"commentCount":0,"publisher":{"@id":"https:\/\/vincentians.com\/es\/#organization"},"image":{"@id":"https:\/\/vincentians.com\/es\/educando-con-dios-de-fondo\/#primaryimage"},"thumbnailUrl":"https:\/\/i0.wp.com\/vincentians.com\/es\/wp-content\/uploads\/sites\/11\/2013\/04\/formacion_permanente-1.jpg?fit=303%2C303&ssl=1","articleSection":["Educaci\u00f3n"],"inLanguage":"es","potentialAction":[{"@type":"CommentAction","name":"Comment","target":["https:\/\/vincentians.com\/es\/educando-con-dios-de-fondo\/#respond"]}]},{"@type":"WebPage","@id":"https:\/\/vincentians.com\/es\/educando-con-dios-de-fondo\/","url":"https:\/\/vincentians.com\/es\/educando-con-dios-de-fondo\/","name":"Educando con Dios de fondo - Somos Vicencianos","isPartOf":{"@id":"https:\/\/vincentians.com\/es\/#website"},"primaryImageOfPage":{"@id":"https:\/\/vincentians.com\/es\/educando-con-dios-de-fondo\/#primaryimage"},"image":{"@id":"https:\/\/vincentians.com\/es\/educando-con-dios-de-fondo\/#primaryimage"},"thumbnailUrl":"https:\/\/i0.wp.com\/vincentians.com\/es\/wp-content\/uploads\/sites\/11\/2013\/04\/formacion_permanente-1.jpg?fit=303%2C303&ssl=1","datePublished":"2022-10-07T06:26:50+00:00","breadcrumb":{"@id":"https:\/\/vincentians.com\/es\/educando-con-dios-de-fondo\/#breadcrumb"},"inLanguage":"es","potentialAction":[{"@type":"ReadAction","target":["https:\/\/vincentians.com\/es\/educando-con-dios-de-fondo\/"]}]},{"@type":"ImageObject","inLanguage":"es","@id":"https:\/\/vincentians.com\/es\/educando-con-dios-de-fondo\/#primaryimage","url":"https:\/\/i0.wp.com\/vincentians.com\/es\/wp-content\/uploads\/sites\/11\/2013\/04\/formacion_permanente-1.jpg?fit=303%2C303&ssl=1","contentUrl":"https:\/\/i0.wp.com\/vincentians.com\/es\/wp-content\/uploads\/sites\/11\/2013\/04\/formacion_permanente-1.jpg?fit=303%2C303&ssl=1","width":303,"height":303},{"@type":"BreadcrumbList","@id":"https:\/\/vincentians.com\/es\/educando-con-dios-de-fondo\/#breadcrumb","itemListElement":[{"@type":"ListItem","position":1,"name":"Portada","item":"https:\/\/vincentians.com\/es\/"},{"@type":"ListItem","position":2,"name":"Educando con Dios de fondo"}]},{"@type":"WebSite","@id":"https:\/\/vincentians.com\/es\/#website","url":"https:\/\/vincentians.com\/es\/","name":"Somos Vicencianos","description":"Know more to serve more","publisher":{"@id":"https:\/\/vincentians.com\/es\/#organization"},"potentialAction":[{"@type":"SearchAction","target":{"@type":"EntryPoint","urlTemplate":"https:\/\/vincentians.com\/es\/?s={search_term_string}"},"query-input":{"@type":"PropertyValueSpecification","valueRequired":true,"valueName":"search_term_string"}}],"inLanguage":"es"},{"@type":"Organization","@id":"https:\/\/vincentians.com\/es\/#organization","name":"The Vincentian Network","url":"https:\/\/vincentians.com\/es\/","logo":{"@type":"ImageObject","inLanguage":"es","@id":"https:\/\/vincentians.com\/es\/#\/schema\/logo\/image\/","url":"https:\/\/i1.wp.com\/vincentians.com\/es\/wp-content\/uploads\/sites\/11\/2016\/06\/Vincentian-Network-logo-big.png?fit=778%2C778","contentUrl":"https:\/\/i1.wp.com\/vincentians.com\/es\/wp-content\/uploads\/sites\/11\/2016\/06\/Vincentian-Network-logo-big.png?fit=778%2C778","width":778,"height":778,"caption":"The Vincentian Network"},"image":{"@id":"https:\/\/vincentians.com\/es\/#\/schema\/logo\/image\/"},"sameAs":["https:\/\/www.facebook.com\/WeAreVincentians\/","https:\/\/x.com\/WeVincentians"]},{"@type":"Person","@id":"https:\/\/vincentians.com\/es\/#\/schema\/person\/9623ef4d9aa3b2dfb8c061f1499288f2","name":"Francisco Javier Fern\u00e1ndez Chento","image":{"@type":"ImageObject","inLanguage":"es","@id":"https:\/\/vincentians.com\/es\/#\/schema\/person\/image\/","url":"https:\/\/secure.gravatar.com\/avatar\/497d5cde87b4c3d097d0315953521681ba2cd523ee66e5077c3711f7021e65de?s=96&d=mm&r=g","contentUrl":"https:\/\/secure.gravatar.com\/avatar\/497d5cde87b4c3d097d0315953521681ba2cd523ee66e5077c3711f7021e65de?s=96&d=mm&r=g","caption":"Francisco Javier Fern\u00e1ndez Chento"},"description":"Director General y cofundador de La Red de Formaci\u00f3n Vicenciana. Javier es laico vicenciano, afiliado a la Congregaci\u00f3n de la Misi\u00f3n y miembro del Equipo de Misiones Populares de la provincia can\u00f3nica de Zaragoza (Espa\u00f1a) de la Congregaci\u00f3n de la Misi\u00f3n. Graduado en la Universidad Oberta de Catalunya con cuatro grados (Asistente de direcci\u00f3n, Gesti\u00f3n Administrativa, Recursos Humanos y Contabilidad Avanzada). Bil\u00edng\u00fce Espa\u00f1ol\/Ingl\u00e9s. gestiona y mantiene varias p\u00e1ginas web cristianas y vicencianas, incluida including La Red de Formaci\u00f3n Vicenciana, de la que es cofundador. Actualmente es responsable del \u00e1rea de Espa\u00f1ol de .famvin, la Red de Noticias de la Familia Vicenciana. Tambi\u00e9n es m\u00fasico cat\u00f3lico y ha editado varios discos. Es Director General y cofundador de Trovador, una reconocida compa\u00f1\u00eda discogr\u00e1fica critiana de Espa\u00f1a. Trabaja en las Tecnolog\u00edas de la Informaci\u00f3n, ofreciendo servicios de alojamiento, dise\u00f1o y mantenimiento Web, as\u00ed como asesoramiento, formaci\u00f3n y soluciones inform\u00e1ticas, gesti\u00f3n documental y digitalizaci\u00f3n de textos, edici\u00f3n y maquetaci\u00f3n de libros, revistas, flyers, etc.","sameAs":["http:\/\/chento.org","https:\/\/www.facebook.com\/JavierChento","https:\/\/x.com\/https:\/\/twitter.com\/javierchento"],"url":"https:\/\/vincentians.com\/es\/author\/chento\/"}]}},"jetpack_publicize_connections":[],"jetpack_featured_media_url":"https:\/\/i0.wp.com\/vincentians.com\/es\/wp-content\/uploads\/sites\/11\/2013\/04\/formacion_permanente-1.jpg?fit=303%2C303&ssl=1","jetpack_sharing_enabled":true,"jetpack_shortlink":"https:\/\/wp.me\/p7ETMF-vp9","jetpack-related-posts":[{"id":125280,"url":"https:\/\/vincentians.com\/es\/la-union-cristiana-de-saint-chaumond\/","url_meta":{"origin":120723,"position":0},"title":"La Uni\u00f3n Cristiana de Saint Chaumond","author":"Francisco Javier Fern\u00e1ndez Chento","date":"29\/12\/2023","format":false,"excerpt":"La Uni\u00f3n Cristiana de Saint Chaumond es una congregaci\u00f3n fundada en 1652 por el Ap\u00f3stol de la caridad San Vicente de Pa\u00fal y su colaboradora, Mme.de Pollalion. Esta \u00faltima juega un papel fundamental al hacerse cargo de chicas j\u00f3venes en dificultad, para quienes abre una casa de caridad en Charonne\u2026","rel":"","context":"En \u00abFamilia Vicenciana sin categorizar\u00bb","block_context":{"text":"Familia Vicenciana sin categorizar","link":"https:\/\/vincentians.com\/es\/category\/la-familia-vicenciana\/familia-vicenciana-sin-categorizar\/"},"img":{"alt_text":"","src":"https:\/\/i0.wp.com\/vincentians.com\/es\/wp-content\/uploads\/sites\/11\/2013\/04\/f-8-scaled.jpg?fit=1200%2C570&ssl=1&resize=350%2C200","width":350,"height":200,"srcset":"https:\/\/i0.wp.com\/vincentians.com\/es\/wp-content\/uploads\/sites\/11\/2013\/04\/f-8-scaled.jpg?fit=1200%2C570&ssl=1&resize=350%2C200 1x, https:\/\/i0.wp.com\/vincentians.com\/es\/wp-content\/uploads\/sites\/11\/2013\/04\/f-8-scaled.jpg?fit=1200%2C570&ssl=1&resize=525%2C300 1.5x, https:\/\/i0.wp.com\/vincentians.com\/es\/wp-content\/uploads\/sites\/11\/2013\/04\/f-8-scaled.jpg?fit=1200%2C570&ssl=1&resize=700%2C400 2x, https:\/\/i0.wp.com\/vincentians.com\/es\/wp-content\/uploads\/sites\/11\/2013\/04\/f-8-scaled.jpg?fit=1200%2C570&ssl=1&resize=1050%2C600 3x"},"classes":[]},{"id":119192,"url":"https:\/\/vincentians.com\/es\/los-antiguos-alumnos-del-colegio-de-villafranca-del-bierzo-1963\/","url_meta":{"origin":120723,"position":1},"title":"Los antiguos alumnos del Colegio de Villafranca del Bierzo (1963)","author":"Mitxel Olabu\u00e9naga","date":"01\/04\/2022","format":false,"excerpt":"De tal (\"Jornada grandiosa\") puede calificarse la que vivi\u00f3 la se\u00f1orial e ilustre villa de Villafranca el pasado d\u00eda 31 de agosto (1963), en que se congregaron en torno al que fue Colegio de PP. Pa\u00fales \u2013hoy Seminario- cerca del centenar de antiguos alumnos, ,que cursaron en dicho centro la\u2026","rel":"","context":"En \u00abHistoria de la Congregaci\u00f3n de la Misi\u00f3n en Espa\u00f1a\u00bb","block_context":{"text":"Historia de la Congregaci\u00f3n de la Misi\u00f3n en Espa\u00f1a","link":"https:\/\/vincentians.com\/es\/category\/historia-de-la-familia-vicenciana\/historia-de-la-congregacion-de-la-mision-en-espana\/"},"img":{"alt_text":"","src":"https:\/\/i0.wp.com\/vincentians.com\/es\/wp-content\/uploads\/sites\/11\/2013\/04\/Fort-Dauphin.jpg?fit=1200%2C791&ssl=1&resize=350%2C200","width":350,"height":200,"srcset":"https:\/\/i0.wp.com\/vincentians.com\/es\/wp-content\/uploads\/sites\/11\/2013\/04\/Fort-Dauphin.jpg?fit=1200%2C791&ssl=1&resize=350%2C200 1x, https:\/\/i0.wp.com\/vincentians.com\/es\/wp-content\/uploads\/sites\/11\/2013\/04\/Fort-Dauphin.jpg?fit=1200%2C791&ssl=1&resize=525%2C300 1.5x, https:\/\/i0.wp.com\/vincentians.com\/es\/wp-content\/uploads\/sites\/11\/2013\/04\/Fort-Dauphin.jpg?fit=1200%2C791&ssl=1&resize=700%2C400 2x, https:\/\/i0.wp.com\/vincentians.com\/es\/wp-content\/uploads\/sites\/11\/2013\/04\/Fort-Dauphin.jpg?fit=1200%2C791&ssl=1&resize=1050%2C600 3x"},"classes":[]},{"id":119173,"url":"https:\/\/vincentians.com\/es\/sor-irene-garcia\/","url_meta":{"origin":120723,"position":2},"title":"Sor Irene Garc\u00eda","author":"Mitxel Olabu\u00e9naga","date":"11\/04\/2013","format":false,"excerpt":"\"Despu\u00e9s de r\u00e1pida enfermedad ha fallecido con la muer\u00adte ejemplar del justo la R. H. Sor Irene Garc\u00eda Velasco, Hija de la Caridad, Superiora que ha, venido siendo, durante un per\u00edodo de treinta y seis a\u00f1os, del Colegio de Salda\u00f1a, de esta ciudad. Nacida en Nanclares de la Oca el\u2026","rel":"","context":"En \u00abBiograf\u00edas de Hijas de la Caridad\u00bb","block_context":{"text":"Biograf\u00edas de Hijas de la Caridad","link":"https:\/\/vincentians.com\/es\/category\/la-familia-vicenciana\/biografias-vicencianas\/biografias-de-hijas-de-la-caridad\/"},"img":{"alt_text":"","src":"https:\/\/i0.wp.com\/vincentians.com\/es\/wp-content\/uploads\/sites\/11\/2016\/07\/bio-hc.jpg?fit=1200%2C630&ssl=1&resize=350%2C200","width":350,"height":200,"srcset":"https:\/\/i0.wp.com\/vincentians.com\/es\/wp-content\/uploads\/sites\/11\/2016\/07\/bio-hc.jpg?fit=1200%2C630&ssl=1&resize=350%2C200 1x, https:\/\/i0.wp.com\/vincentians.com\/es\/wp-content\/uploads\/sites\/11\/2016\/07\/bio-hc.jpg?fit=1200%2C630&ssl=1&resize=525%2C300 1.5x, https:\/\/i0.wp.com\/vincentians.com\/es\/wp-content\/uploads\/sites\/11\/2016\/07\/bio-hc.jpg?fit=1200%2C630&ssl=1&resize=700%2C400 2x, https:\/\/i0.wp.com\/vincentians.com\/es\/wp-content\/uploads\/sites\/11\/2016\/07\/bio-hc.jpg?fit=1200%2C630&ssl=1&resize=1050%2C600 3x"},"classes":[]},{"id":130368,"url":"https:\/\/vincentians.com\/es\/un-perfil-heroico-santa-luisa-de-marillac-15\/","url_meta":{"origin":120723,"position":3},"title":"Un perfil heroico: santa Luisa de Marillac (15)","author":"Francisco Javier Fern\u00e1ndez Chento","date":"09\/03\/2015","format":false,"excerpt":"Mirad c\u00f3mo yo no he trabajado s\u00f3lo para m\u00ed, sino para todos aquellos que andan en busca de verdad. (Eccl., XXIV.) La obra de Luisa de Marillac, bordeando las miserias de la sociedad, iba recogiendo todo lo que el mundo tiene por despreciable, por abyecto y por vil. Enfermos, pobres,\u2026","rel":"","context":"En \u00abLuisa de Marillac\u00bb","block_context":{"text":"Luisa de Marillac","link":"https:\/\/vincentians.com\/es\/category\/la-familia-vicenciana\/fundadores\/luisa-de-marillac\/"},"img":{"alt_text":"OLYMPUS DIGITAL CAMERA","src":"https:\/\/i0.wp.com\/vicencianos.org\/wp-content\/2014\/04\/louise-marillac-300x248.jpg?resize=350%2C200","width":350,"height":200},"classes":[]},{"id":136352,"url":"https:\/\/vincentians.com\/es\/3o-domingo-de-t-o-reflexion-de-jose-antonio-pagola\/","url_meta":{"origin":120723,"position":4},"title":"3\u00ba domingo de T.O. (reflexi\u00f3n de Jos\u00e9 Antonio Pagola)","author":"Francisco Javier Fern\u00e1ndez Chento","date":"20\/01\/2015","format":false,"excerpt":"Ir detr\u00e1s de Jes\u00fas Cuando el Bautista fue detenido, Jes\u00fas vino a Galilea y comenz\u00f3 a \u00abproclamar la Buena Noticia de Dios\u00bb. Seg\u00fan Marcos, no ense\u00f1a propiamente una doctrina para que sus disc\u00edpulos la aprendan y difundan correctamente. Jes\u00fas anuncia un acontecimiento que est\u00e1 ya ocurriendo. \u00c9l lo est\u00e1 ya\u2026","rel":"","context":"En \u00abHomil\u00edas y reflexiones, A\u00f1o B\u00bb","block_context":{"text":"Homil\u00edas y reflexiones, A\u00f1o B","link":"https:\/\/vincentians.com\/es\/category\/homilias-y-reflexiones-a-la-palabra-de-dios\/homilias-y-reflexiones-ano-b\/"},"img":{"alt_text":"","src":"https:\/\/i0.wp.com\/vincentians.com\/es\/wp-content\/uploads\/sites\/11\/2016\/07\/reflexiones-pagola.jpg?fit=1200%2C630&ssl=1&resize=350%2C200","width":350,"height":200,"srcset":"https:\/\/i0.wp.com\/vincentians.com\/es\/wp-content\/uploads\/sites\/11\/2016\/07\/reflexiones-pagola.jpg?fit=1200%2C630&ssl=1&resize=350%2C200 1x, https:\/\/i0.wp.com\/vincentians.com\/es\/wp-content\/uploads\/sites\/11\/2016\/07\/reflexiones-pagola.jpg?fit=1200%2C630&ssl=1&resize=525%2C300 1.5x, https:\/\/i0.wp.com\/vincentians.com\/es\/wp-content\/uploads\/sites\/11\/2016\/07\/reflexiones-pagola.jpg?fit=1200%2C630&ssl=1&resize=700%2C400 2x, https:\/\/i0.wp.com\/vincentians.com\/es\/wp-content\/uploads\/sites\/11\/2016\/07\/reflexiones-pagola.jpg?fit=1200%2C630&ssl=1&resize=1050%2C600 3x"},"classes":[]},{"id":46067,"url":"https:\/\/vincentians.com\/es\/el-mensaje-vicenciano-en-nuestros-centros-educativos-realidades-y-perspectivas-de-futuro\/","url_meta":{"origin":120723,"position":5},"title":"El Mensaje Vicenciano en nuestros centros educativos: realidades y perspectivas de futuro","author":"Francisco Javier Fern\u00e1ndez Chento","date":"02\/08\/2011","format":false,"excerpt":"El objetivo de la presente comunicaci\u00f3n es dar respuesta a la pregunta: De hecho, \u00bfnuestros Colegios funcionan como cauces eficaces de transmisi\u00f3n del mensaje evang\u00e9lico vicencia\u00adno a la juventud de hoy?... Por la comunicaci\u00f3n anterior, comprobamos que a nivel de principios, la Instituci\u00f3n Colegio es un cauce v\u00e1lido y eficaz\u2026","rel":"","context":"En \u00abJuventud\u00bb","block_context":{"text":"Juventud","link":"https:\/\/vincentians.com\/es\/category\/servicios-y-ministerios\/juventud\/"},"img":{"alt_text":"","src":"https:\/\/i0.wp.com\/vicencianos.org\/wp-content\/2011\/07\/cev3-300x297.jpg?resize=350%2C200","width":350,"height":200},"classes":[]}],"_links":{"self":[{"href":"https:\/\/vincentians.com\/es\/wp-json\/wp\/v2\/posts\/120723","targetHints":{"allow":["GET"]}}],"collection":[{"href":"https:\/\/vincentians.com\/es\/wp-json\/wp\/v2\/posts"}],"about":[{"href":"https:\/\/vincentians.com\/es\/wp-json\/wp\/v2\/types\/post"}],"author":[{"embeddable":true,"href":"https:\/\/vincentians.com\/es\/wp-json\/wp\/v2\/users\/4"}],"replies":[{"embeddable":true,"href":"https:\/\/vincentians.com\/es\/wp-json\/wp\/v2\/comments?post=120723"}],"version-history":[{"count":1,"href":"https:\/\/vincentians.com\/es\/wp-json\/wp\/v2\/posts\/120723\/revisions"}],"predecessor-version":[{"id":404397,"href":"https:\/\/vincentians.com\/es\/wp-json\/wp\/v2\/posts\/120723\/revisions\/404397"}],"wp:featuredmedia":[{"embeddable":true,"href":"https:\/\/vincentians.com\/es\/wp-json\/wp\/v2\/media\/404122"}],"wp:attachment":[{"href":"https:\/\/vincentians.com\/es\/wp-json\/wp\/v2\/media?parent=120723"}],"wp:term":[{"taxonomy":"category","embeddable":true,"href":"https:\/\/vincentians.com\/es\/wp-json\/wp\/v2\/categories?post=120723"},{"taxonomy":"post_tag","embeddable":true,"href":"https:\/\/vincentians.com\/es\/wp-json\/wp\/v2\/tags?post=120723"}],"curies":[{"name":"wp","href":"https:\/\/api.w.org\/{rel}","templated":true}]}}