{"id":120619,"date":"2022-04-17T08:15:50","date_gmt":"2022-04-17T06:15:50","guid":{"rendered":"http:\/\/somos.vicencianos.org\/?p=120619"},"modified":"2022-02-14T09:23:52","modified_gmt":"2022-02-14T08:23:52","slug":"la-transmision-de-la-fe-hoy","status":"publish","type":"post","link":"https:\/\/vincentians.com\/es\/la-transmision-de-la-fe-hoy\/","title":{"rendered":"La transmisi\u00f3n de la fe, hoy"},"content":{"rendered":"<h2>Introducci\u00f3n<\/h2>\n<p>La transmisi\u00f3n es un acto de comunicaci\u00f3n. Si buscamos lo que significa comunicaci\u00f3n en el diccionario de la Lengua Espa\u00ad\u00f1ola de la Real Academia, leemos que comunicar es:<\/p>\n<ul>\n<li>Hacer part\u00edcipe a otro de lo que uno tiene.<\/li>\n<li>Describir, manifestar o hacer saber a alguien alguna cosa.<\/li>\n<li>Conversar, tratar con alguien de palabra o por escrito.<\/li>\n<li>Transmitir se\u00f1ales mediante un c\u00f3digo com\u00fan al emisor y al receptor.<\/li>\n<\/ul>\n<p>En general, podr\u00edamos definir la comunicaci\u00f3n como \u00abun proceso, m\u00e1s o menos complejo, en el que dos o m\u00e1s personas se relacionan y, a trav\u00e9s de un intercambio de mensajes con c\u00f3di\u00adgos similares, tratan de comprenderse e influirse de forma que sus objetivos sean aceptados en la forma prevista, utilizando un canal que act\u00faa de soporte en la transmisi\u00f3n de la informaci\u00f3n\u00bb y, si adem\u00e1s de esto, \u00absi soy capaz de comunicarme de forma que al otro le guste hablar conmigo, si consigo que mi interlocutor se sienta escuchado, si comunico lo que quiero sin agredir a nadie y consigo transmitir una actitud estimulante y favorecedora del di\u00e1logo y el intercambio de pareceres, si consigo transmitir todo esto, adem\u00e1s de comunicarme, posiblemente est\u00e9 relacion\u00e1ndo\u00adme de forma adecuada con los dem\u00e1s\u00bb<span id='easy-footnote-1-120619' class='easy-footnote-margin-adjust'><\/span><span class='easy-footnote'><a href='https:\/\/vincentians.com\/es\/la-transmision-de-la-fe-hoy\/#easy-footnote-bottom-1-120619' title='Van-der HOFSTADT ROM\u00c1N, &lt;i&gt;El libro de las habilidades de la comunica\u00adci\u00f3n. &lt;\/i&gt;Ed. Diaz de los Santos. Espa\u00f1a, 2003, p. 9.'><sup>1<\/sup><\/a><\/span>.<\/p>\n<p>Esto que escribe Van-der Hofstadt Rom\u00e1n en <i>el libro de las habilidades de la comunicaci\u00f3n, <\/i>es quiz\u00e1s lo que deseamos y a\u00f1oramos cuando nos planteamos la transmisi\u00f3n de la fe: vivir esa transmisi\u00f3n como un encuentro y una relaci\u00f3n c\u00e1lida y res\u00adpetuosa en la que compartir una experiencia que fundamenta mi vida, \u00abhaciendo part\u00edcipe a otro de lo que yo tengo\u00bb.<\/p>\n<p>Queremos transmitir un mensaje, pero no podemos ser inge\u00adnuos creyendo que como el mensaje merece la pena todo va a resultar sencillo. El contenido de lo que queremos comunicar se inserta en ese \u00abproceso complejo\u00bb, en ese recorrido dif\u00edcil y complicado que lleva a descubrir el tesoro, y necesitamos cono\u00adcer y dominar las herramientas que hacen posible transitar ese territorio.<\/p>\n<p>Herramientas que vienen definidas en los elementos que intervienen en el proceso de comunicaci\u00f3n:<\/p>\n<ul>\n<li>Emisor<\/li>\n<li>Receptor<\/li>\n<li>Mensaje<\/li>\n<li>C\u00f3digo<\/li>\n<li>Canal<\/li>\n<li>Contexto<\/li>\n<li>Ruidos<\/li>\n<li>Filtros<\/li>\n<li>Feedback<\/li>\n<\/ul>\n<p>Pero \u00bfqu\u00e9 tiene que ver todo esto con el tema de la transmi\u00adsi\u00f3n de la fe? \u00bfConducir\u00e1 a lo que esperamos? \u00bfAyudar\u00e1 a orien\u00adtarnos? \u00bfSer\u00e1 eficaz?<\/p>\n<p>Es sana esa inquietud. Responde a una pregunta fundamental: \u00bfcoincidir\u00e1n los objetivos que se ha marcado este se\u00f1or que da la charla con los objetivos que los que escuchamos queremos conseguir?<\/p>\n<p>Porque es fundamental que el emisor defina con claridad sus objetivos; de no ser as\u00ed se producen toda una serie de problemas: ambig\u00fcedad en la transmisi\u00f3n, dificultad en valorar de forma objetiva los resultados de la transmisi\u00f3n del mensaje, dificultad de que el emisor codifique sus ideas, sentimientos o pensamien\u00adtos y que las adecue al c\u00f3digo de los que escuchan&#8230;<\/p>\n<p>\u00bfPorque el objetivo es que yo lance unos contenidos para que qued\u00e9is informados, y ya est\u00e1? \u00bfYa cumpl\u00ed con mi responsabi\u00adlidad de transmitir un mensaje? \u00bfY si no os enter\u00e1is porque no he adecuado lo que quiero transmitir a vosotros? \u00bfY si no utilizo im\u00e1genes cercanas a la realidad en la que est\u00e1is? \u00bfY si mi len\u00adguaje no es claro, y hablase un extreme\u00f1o cerrado que hiciese confusas las frases? \u00bfY si lo que os cuento no responde para nada a vuestra experiencia? \u00bfY si encima ten\u00e9is la impresi\u00f3n de que vengo de listillo a decir c\u00f3mo tienen que hacerse las cosas? \u00bfY si pens\u00e1is que no me he informado para nada de vuestra realidad y eso os hace sentir que no me interes\u00e1is m\u00e1s que para recibir pasivamente lo que yo os vengo a decir? &#8230; En realidad ser\u00eda vuestro problema si mi objetivo \u00fanico es lanzar unos contenidos para informaros; y si ni siquiera os ha llegado bien mi infor\u00admaci\u00f3n, mi problema desde luego no va a llegar a ser si no os pregunto y no recibo vuestras opiniones al respecto.<\/p>\n<p>Ahora bien, ser\u00eda mi problema, y un problema serio, si mi objetivo fuese otro: no s\u00f3lo transmitir unos contenidos para informaros, sino transmitir mi experiencia honda; y m\u00e1s a\u00fan ser\u00eda mi problema si, a ese objetivo, le a\u00f1ado, el de que os afec\u00adte lo que os digo, os genere inquietudes y preguntas&#8230; y m\u00e1s a\u00fan, si el objetivo es que provoque cambios en vuestra vida, y responda a vuestras necesidades y llegue a ser, tambi\u00e9n para vosotros, una experiencia honda capaz de transformar vuestra vida.<\/p>\n<p>Hoy, la Iglesia se plantea con seriedad la transmisi\u00f3n de la fe. Ya tenemos al emisor y ya ponemos nombre al mensaje. El receptor son los hombres y mujeres de nuestro mundo de hoy; recalco el hoy, porque en funci\u00f3n de \u00e9l hay que adecuar el c\u00f3di\u00adgo que utilicemos, es decir, las claves, las im\u00e1genes, el lenguaje&#8230; Si el c\u00f3digo no es compartido entre el emisor y el receptor es imposible que se produzca el proceso comunicativo; tambi\u00e9n en funci\u00f3n del hoy tendremos que estructurar el mensaje, jerar\u00adquizar los contenidos, priorizar determinados aspectos&#8230; Y este hoy nos va a ayudar a identificar los filtros, es decir, las barreras mentales que pueden convertir a nuestros receptores en sordos a nuestro mensaje. Y es a estos hombres y mujeres de hoy a los que habremos de preguntar c\u00f3mo les llega lo que transmitimos, si lo entienden, si lo viven como importante, si responde a sus inquietudes, si da sentido a sus vidas, o es mero ruido que no genera cambios ni en su interior ni en su exterior; y tambi\u00e9n tendremos que tener el valor de preguntarles, y m\u00e1s valor a\u00fan para escucharles, como nos ven, qu\u00e9 prejuicios se cuelan entre ellos y nosotros&#8230;<\/p>\n<p>Realmente, si nos tomamos en serio nuestra responsabilidad de anunciar y transmitir un mensaje tenemos que ser humildes para reconocer cu\u00e1nto nos queda por aprender, porque llevamos este tesoro en vasijas de barro. Si obviamos esto, la ignorancia de estas herramientas que ahora, en este mundo m\u00e1s complejo con seres humanos m\u00e1s complejos, necesitamos aprender, se vol\u00adver\u00e1 un obst\u00e1culo, y seremos nosotros mismos los que apagare\u00admos la luz y la vida de los contenidos que nos empe\u00f1amos en transmitir. Es tiempo de hacernos responsables de nuestra misi\u00f3n y dejar de culpar a los dem\u00e1s&#8230; Puede que los otros est\u00e9n ciegos, pero mal papel hace un ciego queriendo guiar a otro ciego.<\/p>\n<p>Si aceptamos estas premisas, podemos entrar m\u00e1s de lleno en el tema. Para ello, vamos a hacer el siguiente recorrido: primero, nos adentraremos en el contexto cultural, desde el que hemos de transmitir hoy la fe; segundo, analizaremos qu\u00e9 es la fe, en sus diferentes vertientes, tratando de responder a la pregunta: \u00bfes posible transmitir hoy la fe?; y por \u00faltimo, presentaremos algu\u00adnas l\u00edneas de acci\u00f3n, que nos permitan incidir en c\u00f3mo hoy hemos de proponer la fe, centr\u00e1ndonos tanto en el emisor como el receptor de la acci\u00f3n evangelizadora.<\/p>\n<h2>I. El cambio cultural<\/h2>\n<p>Sabemos, por propia experiencia, que la situaci\u00f3n cultural es totalmente nueva, vivimos en una situaci\u00f3n socio-cultural y reli\u00adgiosa que plantea exigencias nuevas al anuncio del Evangelio. Ha cambiado la situaci\u00f3n del receptor, nos encontramos con receptores totalmente indiferentes a los mensajes, que deseamos transmitir.<\/p>\n<p>Nos es necesario y fundamental reconocer las nuevas condi\u00adciones en las que debemos vivir y anunciar el Evangelio, asumir la actual situaci\u00f3n como disc\u00edpulos y ciudadanos, aceptar situar\u00adnos como cat\u00f3licos en el actual contexto socio-cultural e institu\u00adcional. Es importante que captemos bien la importancia y el sig\u00adnificado de este tiempo eclesial. Se trata de ponernos en condiciones de comunicar el Evangelio de Jesucristo al hombre de hoy, de buscar juntos c\u00f3mo hemos de revitalizar y configurar nuestra Iglesia para que sea signo e instrumento eficaz de evan\u00adgelizaci\u00f3n en la sociedad actual. Pablo II o ha expresado de este modo: \u00abEl cristianismo del tercer milenio debe responder cada vez mejor a esta <i>exigencia de inculturaci\u00f3n\u00bb<\/i><span id='easy-footnote-2-120619' class='easy-footnote-margin-adjust'><\/span><span class='easy-footnote'><a href='https:\/\/vincentians.com\/es\/la-transmision-de-la-fe-hoy\/#easy-footnote-bottom-2-120619' title='NMI, 40.'><sup>2<\/sup><\/a><\/span>.<\/p>\n<p>El an\u00e1lisis del contexto, es decir, de la situaci\u00f3n en la que se lleva a cabo un proceso de comunicaci\u00f3n, es tan importante que condiciona el resto de los elementos. No es lo mismo transmitir hoy algo que transmitirlo hace cuarenta a\u00f1os o hace dos siglos, ni ser\u00e1 igual transmitirlo en cualquier otro tiempo futuro. El con\u00adtexto que define la actual situaci\u00f3n hist\u00f3rico-social influye, e incluso a veces llega a determinar, nuestra manera de ver las cosas, de interpretarlas, de sentirlas&#8230; condiciona nuestros fil\u00adtros, hace que valoremos de una u otra manera los mensajes que recibimos&#8230;Y, nosotros, los que hoy nos preocupamos del pro\u00adblema de la transmisi\u00f3n de la fe, somos a la vez emisores y receptores; por tanto estamos condicionados exactamente igual que aquellos a los que queremos dedicar nuestro mensaje: pade\u00adcemos sus mismas cegueras y sorderas, sus mismos prejuicios, nos movemos desde las mismas necesidades b\u00e1sicas y topamos con dificultades semejantes. Sin aceptar esta pertenencia a un mismo contexto y, por tanto, esta influencia y este condiciona-miento com\u00fan, es dif\u00edcil que podamos realizar una transmisi\u00f3n con posibilidades de ser entendida y asumida.<\/p>\n<p>\u00bfQu\u00e9 aspectos podemos destacar de nuestra situaci\u00f3n actual? \u00bfCu\u00e1les son los mimbres que urden la trama de este contexto en el que todos estamos metidos, y que nos rodea, sosteni\u00e9ndonos y aprision\u00e1ndonos a la vez?<\/p>\n<h3>1.1. El cambio cultural y su incidencia en la realidad cristiana<\/h3>\n<p>No es f\u00e1cil analizar lo que est\u00e1 sucediendo. El momento actual es complejo y est\u00e1 lleno de tensiones y contradicciones. No todos hacen la misma lectura, pero casi siempre se pronuncia una palabra: <i>crisis. <\/i>Los obispos franceses nos dicen que nos encontramos en \u00abuna situaci\u00f3n cr\u00edtica, un contexto global de cambios profundos y de fracturas sociales, una crisis de transmi\u00adsi\u00f3n generalizada\u00bb, que apelan a \u00abnuestra responsabilidad de cre\u00adyentes\u00bb<span id='easy-footnote-3-120619' class='easy-footnote-margin-adjust'><\/span><span class='easy-footnote'><a href='https:\/\/vincentians.com\/es\/la-transmision-de-la-fe-hoy\/#easy-footnote-bottom-3-120619' title='Los obispos de Francia, &lt;i&gt;Proponer la fe en la sociedad actual, &lt;\/i&gt;n\u00fams. 1\u00ad5, en \u00abEcclesia\u00bb 2835-36 (5 y 12 de Abril 1997), 26-27.'><sup>3<\/sup><\/a><\/span>. Todos estamos de acuerdo en que \u00abest\u00e1 surgiendo un nuevo modelo antropol\u00f3gico y social que conlleva un replantea\u00admiento religioso. En realidad, el cambio religioso es consecuen\u00adcia y causa al mismo tiempo de la sociedad\u00bb<span id='easy-footnote-4-120619' class='easy-footnote-margin-adjust'><\/span><span class='easy-footnote'><a href='https:\/\/vincentians.com\/es\/la-transmision-de-la-fe-hoy\/#easy-footnote-bottom-4-120619' title='Juan Antonio ESTRADA, &lt;i&gt;Cambios en la religi\u00f3n y en la concepci\u00f3n de Dios, &lt;\/i&gt;en AAVV, &lt;i&gt;\u00bfHay lugar para Dios? &lt;\/i&gt;PPC, Madrid, 2005, 112.'><sup>4<\/sup><\/a><\/span>.<\/p>\n<p>Las filosof\u00edas modernas entienden que la crisis se ha conver\u00adtido en el horizonte de comprensi\u00f3n del momento actual. La apa\u00adrente armon\u00eda de un mundo unificado y coherente se ha derrum\u00adbado. Todo aparece cuestionado. Se habla de crisis total. De ah\u00ed, que la crisis de la transmisi\u00f3n de la fe haya que inscribirla en el marco de una crisis m\u00e1s amplia<span id='easy-footnote-5-120619' class='easy-footnote-margin-adjust'><\/span><span class='easy-footnote'><a href='https:\/\/vincentians.com\/es\/la-transmision-de-la-fe-hoy\/#easy-footnote-bottom-5-120619' title='Juan Mart\u00edn Velasco, &lt;i&gt;La Transmisi\u00f3n de la fe en la sociedad contempo\u00adr\u00e1nea. &lt;\/i&gt;Sal Terrae, Santander, 2002, 40.'><sup>5<\/sup><\/a><\/span>.<\/p>\n<p>La crisis afecta a todos los sectores de la vida y a todas las instituciones: hay crisis metaf\u00edsica, cultural, religiosa, econ\u00f3mi\u00adca, ecol\u00f3gica. Est\u00e1 en crisis la familia, la educaci\u00f3n y las institu\u00adciones sociales de otros tiempos. De hecho en el interior de nues\u00adtra Iglesia est\u00e1n en crisis las congregaciones religiosas, los seminarios, las parroquias, etc.<\/p>\n<p>Est\u00e1 en crisis la transmisi\u00f3n del patrimonio socio-cultural a las nuevas generaciones. Se va perdiendo la memoria hist\u00f3rica y religiosa. Emerge una cultura plural y difusa en la que las gran\u00addes tradiciones culturales, religiosas y pol\u00edticas van perdiendo la autoridad que han tenido durante siglos. Se ponen en cuesti\u00f3n los sistemas de valores que configuraban en el pasado el comporta\u00admiento \u00e9tico. Crece la indiferencia ante lo religioso, lo metaf\u00edsi\u00adco y lo pol\u00edtico. Se ha dejado de creer en \u00ablas antiguas razones de vivir\u00bb. Para Mardones \u00abla tradici\u00f3n ha perdido autoridad. Ya no se puede dar como evidente lo que era o fue cre\u00eddo, aceptado, vivido y practicado anteriormente. El criterio de la &#8216;solera&#8217; de una tradici\u00f3n no es suficiente para ser aceptada sin m\u00e1s. A menu\u00addo es una contraindicaci\u00f3n\u00bb<span id='easy-footnote-6-120619' class='easy-footnote-margin-adjust'><\/span><span class='easy-footnote'><a href='https:\/\/vincentians.com\/es\/la-transmision-de-la-fe-hoy\/#easy-footnote-bottom-6-120619' title='Jos\u00e9 Mar\u00eda MARDONES, &lt;i&gt;En el umbral del ma\u00f1ana. &lt;\/i&gt;PPC, Madrid, 2000, 48.'><sup>6<\/sup><\/a><\/span>.<\/p>\n<p>Esta nueva situaci\u00f3n est\u00e1 teniendo gran incidencia en la rea\u00adlidad cristiana. Los obispos vascos manifiestan que \u00abantes que nada, queremos que nuestras di\u00f3cesis tomen conciencia de que comienza una etapa hist\u00f3rica nueva para nuestra Iglesia. Hasta hace poco, nuestras parroquias y comunidades cristianas y todos nosotros hemos vivido en el interior de una cultura nacida m\u00e1s o menos directamente de la fe cristiana. Hoy no es as\u00ed. Todos per\u00adcibimos ya de manera clara c\u00f3mo esa situaci\u00f3n cultural est\u00e1 sien\u00addo sustituida por otra nacida, en gran parte, del agnosticismo y la increencia. Est\u00e1 concluyendo entre nosotros un ciclo cultural en el que la fe cristiana se viv\u00eda, se ense\u00f1aba y transmit\u00eda de una forma casi espont\u00e1nea\u00bb<span id='easy-footnote-7-120619' class='easy-footnote-margin-adjust'><\/span><span class='easy-footnote'><a href='https:\/\/vincentians.com\/es\/la-transmision-de-la-fe-hoy\/#easy-footnote-bottom-7-120619' title='Carta Pastoral de los obispos de Pamplona y Tudela, Bilbao, San Sebas\u00adti\u00e1n y Victoria, &lt;i&gt;Evangelizar en tiempos de increencia, &lt;\/i&gt;Idatz, Donostia, 1994, n. 7.'><sup>7<\/sup><\/a><\/span>.<\/p>\n<p>De esta manera, la fe cristiana se va debilitando implacable\u00admente en todo el occidente europeo. El clima social europeo con\u00adtempor\u00e1neo es aut\u00f3nomo e independiente respecto a lo cristiano. La sociedad europea no conduce ya a la fe cristiana. La seculari\u00adzaci\u00f3n en Europa Occidental se est\u00e1 haciendo un fen\u00f3meno de masas. \u00abEstamos pasando en Europa un riguroso invierno religio\u00adso y eclesial\u00bb<span id='easy-footnote-8-120619' class='easy-footnote-margin-adjust'><\/span><span class='easy-footnote'><a href='https:\/\/vincentians.com\/es\/la-transmision-de-la-fe-hoy\/#easy-footnote-bottom-8-120619' title='Carta Pastoral de los obispos de Pamplona y Tudela, Bilbao, San Sebas\u00adti\u00e1n y Victoria, &lt;i&gt;Renovar nuestras comunidades cristianas, &lt;\/i&gt;Idatz, Donostia, 2005, n. 15.'><sup>8<\/sup><\/a><\/span>. Seg\u00fan el an\u00e1lisis de no pocos expertos estamos entrando en una <i>era postcristiana<\/i><span id='easy-footnote-9-120619' class='easy-footnote-margin-adjust'><\/span><span class='easy-footnote'><a href='https:\/\/vincentians.com\/es\/la-transmision-de-la-fe-hoy\/#easy-footnote-bottom-9-120619' title='Cf. Lu\u00eds GONZ\u00c1LEZ-CARVAJAL, &lt;i&gt;Evangelizar en un mundo postcristiano. &lt;\/i&gt;Sal Terrae, Santander, 1993.'><sup>9<\/sup><\/a><\/span>. De hecho es f\u00e1cil constatar la p\u00e9rdida creciente de la \u00abmemoria y la herencia cristiana\u00bb<span id='easy-footnote-10-120619' class='easy-footnote-margin-adjust'><\/span><span class='easy-footnote'><a href='https:\/\/vincentians.com\/es\/la-transmision-de-la-fe-hoy\/#easy-footnote-bottom-10-120619' title='Cfr. Juan Pablo II, &lt;i&gt;Ecclesia in Europa, &lt;\/i&gt;7-8.'><sup>10<\/sup><\/a><\/span>. Cada vez son m\u00e1s los que ignoran el hecho cristiano, incluso como fen\u00f3meno hist\u00f3rico y cultural. Se desmorona delante de nuestros propios ojos un proyecto que ha tenido siglos de vigencia<span id='easy-footnote-11-120619' class='easy-footnote-margin-adjust'><\/span><span class='easy-footnote'><a href='https:\/\/vincentians.com\/es\/la-transmision-de-la-fe-hoy\/#easy-footnote-bottom-11-120619' title='Cfr. Jos\u00e9 IV? MARDONES, &lt;i&gt;Nuevo contexto de Evangelizaci\u00f3n, &lt;\/i&gt;en AAVV., &lt;i&gt;Evangelizan esa es la cuesti\u00f3n, &lt;\/i&gt;PPC, Madrid, 2006, 31-58.'><sup>11<\/sup><\/a><\/span>.<\/p>\n<h3>1.2. Rasgos culturales de la postmodernidad<\/h3>\n<p>Veamos c\u00f3mo en este tiempo desconcertante estamos llama\u00addos a anunciar el evangelio de la esperanza<span id='easy-footnote-12-120619' class='easy-footnote-margin-adjust'><\/span><span class='easy-footnote'><a href='https:\/\/vincentians.com\/es\/la-transmision-de-la-fe-hoy\/#easy-footnote-bottom-12-120619' title='Cfr. Juan Pablo II, Ib\u00eddem, cap\u00edtulo 3.'><sup>12<\/sup><\/a><\/span>.<\/p>\n<p>1.2.1.- La modernidad puso toda su fe en la raz\u00f3n; fue la diosa de la Raz\u00f3n. La postmodernidad es una reacci\u00f3n contra la dictadura de la raz\u00f3n, que no ha sido capaz de garantizar el progreso de la humanidad, ni la felicidad que tanto ansiamos. La postmodernidad se propone rectificar el rumbo de la historia: desconf\u00eda de la raz\u00f3n y de su capacidad para dirigir la humani\u00addad hacia estadios superiores de felicidad.<\/p>\n<p>Es el descr\u00e9dito y la desconfianza el primer rasgo de la pos\u00adtmodernidad. No resulta f\u00e1cil creer en el pensamiento humano. Las grandes ideolog\u00edas del siglo xx han conducido a la Humani\u00addad a las mayores tragedias de la Historia: dos guerras mundia\u00adles, el Holocausto (Shoah), Nagasaki, Hiroshima, la era estali\u00adniana, las guerras de Camboya, Yugoslavia, Ruanda.<\/p>\n<p>1.2.2.- La modernidad fue la etapa de los grandes metarrela\u00adtos (racionalismo, idealismos, marxismo&#8230; cristianismo), de las grandes ideas y utop\u00edas. La postmodernidad es una protesta con\u00adtra todo metarrelato o cosmovisi\u00f3n integral o pensamiento siste\u00adm\u00e1tico, que alberga la uniformidad y el totalitarismo; apuesta por un pensamiento d\u00e9bil, pragm\u00e1tico, fragmentario, basado en experiencias no racionales (y a veces irracionales). Nada de cos\u00admovisiones; es mejor improvisar una interpretaci\u00f3n de la reali\u00addad acomodada a las necesidades del momento.<\/p>\n<p>No se aceptan, por tanto, los grandes relatos de salvaci\u00f3n, las grandes s\u00edntesis, los sistemas unificadores, las grandes religio\u00adnes. Ya no es posible un mundo en com\u00fan. En adelante se vivir\u00e1 en el pluralismo. La verdad est\u00e1 en el fragmento. No se busca un fundamento metaf\u00edsico \u00faltimo porque no se ve que sea necesa\u00adrio. Esta ausencia de marcos de referencia agudiza la existencia de cada individuo pues le obliga a ahondar por s\u00ed mismo para encontrar sus razones para vivir y para creer.<\/p>\n<p>1.2.3.- La postmodernidad ha abandonado el mito moderno del progreso, la fe ciega de los modernos en el progreso cient\u00edfico-tecnol\u00f3gico como garant\u00eda de un futuro feliz para la humanidad. El resultado es que el ser humano se ha convertido en v\u00edctima de su propio progreso. \u00c9ste amenaza el futuro de la humanidad. Por eso la cultura postmoderna promueve la vivencia interna y a tope del presente, sin preocuparse demasiado del futuro.<\/p>\n<p>Ciertamente no es f\u00e1cil creer en el progreso humano cuando el cinismo econ\u00f3mico de los pa\u00edses m\u00e1s avanzados mantiene en el hambre y la miseria a un tercio de la Humanidad. En medio de la incertidumbre y desconfianza s\u00f3lo queda el ser humano con su fuerza creadora y tambi\u00e9n con su poder destructor.<\/p>\n<p>1.2.4.- Por consiguiente, el postmoderno no est\u00e1 preocupado por buscar fundamentos o identidades definitivas; sino lo que busca es ir construyendo su vida en retazos, por etapas cortas, con una \u00abmoral de situaci\u00f3n\u00bb.<\/p>\n<p>La crisis genera como fruto espont\u00e1neo el <i>nihilismo <\/i>que podr\u00edamos considerar como la actitud que renuncia a buscar los \u00abpor qu\u00e9\u00bb de la existencia. Ya <i>E Nietzsche <\/i>anunci\u00f3 que el nihi\u00adlismo ser\u00eda la gran enfermedad de las sociedades modernas. El proceso es el siguiente: se vive con la sensaci\u00f3n de que los valo\u00adres, las normas y principios que reg\u00edan en tiempos pasados la existencia ya no sirven; pero, una vez instalados en esta crisis, los individuos se deslizan cada vez m\u00e1s hacia actitudes impreg\u00adnadas de nihilismo.<\/p>\n<p>1.2.5.- Frente a la secularizaci\u00f3n de la modernidad, la postmo\u00addernidad ha reaccionado reclamando \u00abla vuelta a lo sagrado\u00bb o el \u00abretorno de los dioses\u00bb. El postmoderno busca la experiencia reli\u00adgiosa a cualquier precio y sin ning\u00fan canon, que no sea la medida del propio sentimiento. Sin necesidad de mantener lealtades con las religiones y las Iglesias tradicionales, sin normas ni mandamientos.<\/p>\n<h3>1.3. Una situaci\u00f3n religiosa cada vez m\u00e1s compleja<\/h3>\n<p>A la luz de estos datos, podemos observar que <i>la situaci\u00f3n religiosa <\/i>se va haciendo <i>cada vez m\u00e1s compleja. <\/i>Ya no estamos en aquella sociedad en que pr\u00e1cticamente todos estaban bautiza\u00addos, la mayor\u00eda eran cristianos practicantes y casi todos se some\u00adt\u00edan d\u00f3cilmente al magisterio de la Iglesia. Hoy podemos obser\u00advar diferentes formas de fe, de indiferencia y de increencia. Podemos encontrarnos con creyentes piadosos y con gente indi\u00adferente desinteresada totalmente de lo religioso, con ateos con\u00advencidos y con personas esc\u00e9pticas de actitud agn\u00f3stica, con adeptos a nuevas religiones y movimientos, con personas que desean creer y no aciertan a descubrir un camino, con sectores que creen vagamente en \u00abalgo\u00bb, con individuos sincretistas que viven \u00abuna religi\u00f3n a la carta\u00bb para su uso particular, con perso\u00adnas que no saben bien si creen o no creen, gente que cree en Dios sin amarlo, personas que oran sin saber muy bien a qui\u00e9n se diri\u00adgen, gente que cree a los que le hablan de Dios&#8230;<\/p>\n<p>Sin embargo, aunque convivimos en la misma sociedad y nos encontramos diariamente juntos y mezclados en el trabajo, en el ocio y las relaciones sociales, lo cierto es que apenas sabemos nada de lo que piensa el otro acerca de Dios, de la fe, del senti\u00addo \u00faltimo de la vida. Cada uno lleva en su interior cuestiones, dudas, incertidumbres y b\u00fasquedas que no conocemos. Puede ser un error definir desde fuera la postura religiosa de las personas.<\/p>\n<p>Tampoco es dif\u00edcil constatar que <i>lo religioso <\/i>se va reducien\u00addo a un sector <i>cada vez m\u00e1s restringido. <\/i>La experiencia religio\u00adsa va quedando confinada al interior de las Iglesias. El sector de practicantes es cada vez m\u00e1s minoritario y est\u00e1 constituido en buena parte por personas de edad avanzada, transmitiendo la imagen de una <i>religi\u00f3n terminal <\/i>que no pertenece a nuestros tiempos sino al pasado. Hace tiempo que la religi\u00f3n ha ido per\u00addiendo influjo en el campo pol\u00edtico, social, cultural o art\u00edstico. Lo que ahora observamos es que ocupa un lugar cada vez menor en la vida cotidiana de las personas. Aparece en momentos cru\u00adciales o significativos (nacimiento, muerte, boda&#8230;) pero la vida cotidiana se organiza sin una referencia habitual a Dios. Se dir\u00eda que se conserva la religi\u00f3n como en reserva pero sin que se vea con claridad qu\u00e9 puede aportar en la vida diaria.<\/p>\n<p>Es necesario captar la crisis religiosa en toda su hondura y gravedad para no movernos de manera ingenua en la b\u00fasqueda de nuevos caminos pastorales, pero corremos el riesgo de caer en una sensaci\u00f3n de v\u00e9rtigo e impotencia que no conduce a ningu\u00adna parte. A nosotros nos toca vivir este momento hist\u00f3rico en este \u00abrinc\u00f3n de Occidente\u00bb. Aqu\u00ed y ahora hemos de vivir y comu\u00adnicar la experiencia cristiana del Dios vivo de Jesucristo. Por ello, hemos de situarnos en la crisis religiosa dentro del contexto en el que nosotros nos movemos. Las gentes se van familiarizan\u00addo a la cultura de \u00abla ausencia de Dios\u00bb: se prescinde de Dios y no pasa nada especial. Los mismos cristianos se van acostumbrando a la nueva situaci\u00f3n de indiferencia. Convivimos sin desaz\u00f3n alguna con personas a las que Dios no atemoriza ni atrae, no cuestiona ni fascina. Sencillamente, las deja indiferentes.<\/p>\n<p>Se observa tambi\u00e9n que la <i>fe religiosa <\/i>es <i>cada vez menos definida y <\/i>m\u00e1s fluctuante. La adhesi\u00f3n a una religi\u00f3n es cada vez menos firme y m\u00e1s abierta a posibles combinaciones. La gente se siente cada vez menos obligada a dar cuenta de sus referen\u00adcias o actitudes religiosas. Se puede creer sin pertenecer institu\u00adcionalmente a una Iglesia, cada vez se acepta menos la imposi\u00adci\u00f3n de las creencias, normas \u00e9ticas o pr\u00e1cticas cultuales por parte de una instituci\u00f3n. Por ello, asistimos a una especie de <i>diseminaci\u00f3n de lo religioso. <\/i>Cada uno se busca sus fuentes y referencias, y se elabora su propia posici\u00f3n religiosa: \u00abbricolaje religioso\u00bb, \u00abreligi\u00f3n a la carta\u00bb, \u00abreligi\u00f3n de supermercado\u00bb.<\/p>\n<h4>1.3.1. <i>Cambios que se van produciendo en los cristianos<\/i><\/h4>\n<p>Es conveniente tambi\u00e9n tomar nota de algunos cambios que se van produciendo en aquellos que, en medio de esta crisis reli\u00adgiosa, se dicen cristianos. Se est\u00e1 dando estad\u00edsticamente, como veremos en el siguiente apartado, un descenso en la pr\u00e1ctica dominical, un alejamiento progresivo de la comunidad cristiana, una crisis de la transmisi\u00f3n de la fe a las nuevas generaciones, un descenso de vocaciones, envejecimiento del clero&#8230; Son, sin duda, indicadores visibles de la crisis. Nosotros vamos a recor\u00addar algunas <i>tendencias b\u00e1sicas.<\/i><\/p>\n<p>En primer lugar, va creciendo la <i>ambig\u00fcedad <\/i>de la figura del cristiano. Hace unos a\u00f1os el perfil de cristiano estaba claramen\u00adte definido por su adhesi\u00f3n a la doctrina cristiana, su aceptaci\u00f3n de la moral y la pr\u00e1ctica cultural. Hoy todo se ha desdibujado. Basta que uno conserve una cierta religiosidad o siga vinculado a alguna devoci\u00f3n o sienta un cierto atractivo por Cristo para que se siga considerando cristiano. Pero no es f\u00e1cil saber cu\u00e1l es el contenido de su fe: \u00bfqu\u00e9 ha sido de las \u00abcertezas dogm\u00e1ticas\u00bb de otros tiempos? Cada uno cree a su manera. Muchos viven llenos de dudas y confusi\u00f3n, con preguntas que casi nunca se plantean ni aclaran debidamente. Otros prescinden tranquila\u00admente de aspectos esenciales de la fe cristiana (se sustituye la fe en la resurrecci\u00f3n por la fe en la reencarnaci\u00f3n o se afirman las dos al mismo tiempo). Algo ha ido cambiando en el interior de la conciencia de los cristianos. Muchos dicen que ahora creen de otra manera. La impresi\u00f3n generalizada es que se cree menos y peor. La fe de muchos se va debilitando y descuidan\u00addo cada vez m\u00e1s.<\/p>\n<p>Por otra parte, los cat\u00f3licos no forman ya un todo homog\u00e9\u00adneo. La <i>situaci\u00f3n <\/i>se va haciendo cada vez m\u00e1s <i>compleja y diver\u00adsificada <\/i>No todos extraen de la fe las mismas conclusiones de cara a las opciones y los comportamientos. No todos se relacio\u00adnan de la misma manera con la instituci\u00f3n ni se sienten vincula\u00addos a ella en el mismo grado. Junto a los que alimentan y cele\u00adbran su fe en la comunidad cristiana (una minor\u00eda), est\u00e1n los que s\u00f3lo esperan de ella un servicio religioso puntual, un marco ritual, alguna vez referencia \u00e9tica.<\/p>\n<p>Lo que s\u00ed parece claro es que, por lo general, los que se dicen cristianos no difieren mucho en su estilo de vida de quienes no se reconocen como tales. Mezclados en las diversas situaciones de la vida familiar, laboral, social, comparten casi siempre actitudes, posicionamientos, intereses y valores muy seme\u00adjantes. Pero, \u00bfqu\u00e9 es la vida cristiana si no es praxis de seguimiento a Cristo?<\/p>\n<p>Est\u00e1 cambiando tambi\u00e9n el <i>modo de creer. <\/i>S\u00f3lo se\u00f1alar\u00e9 algunos datos de importancia. Poco a poco se abandona la lectu\u00adra literal de la Sagrada Escritura, sin que, por otra parte, se sepa bien sobre qu\u00e9 interpretaci\u00f3n b\u00edblica basar la propia fe; cada uno se va haciendo su idea del mensaje b\u00edblico. Por otra parte, a dife\u00adrencia de lo que suced\u00eda en tiempos pasados, la duda no es per\u00adcibida como algo que est\u00e1 en contradicci\u00f3n con la fe; se puede dudar de muchos aspectos del cristianismo pero sentirse cristiano. Adem\u00e1s, son cada vez m\u00e1s los que no se sienten obligados a creer todo lo que ense\u00f1a el Magisterio ni como lo ense\u00f1a; cada uno se reserva el derecho de pensar y creer por cuenta propia; no se sien\u00adte la necesidad de un alineamiento puro, simple y sistem\u00e1tico. Se vive como en tensi\u00f3n dentro de una comuni\u00f3n b\u00e1sica de fe.<\/p>\n<h4>1.3.2. <i>Radiograf\u00eda del catolicismo espa\u00f1ol<\/i><\/h4>\n<p>Jos\u00e9 Mar\u00eda Mardones en su libro de <i>La indiferencia religiosa en Espa\u00f1a<\/i><span id='easy-footnote-13-120619' class='easy-footnote-margin-adjust'><\/span><span class='easy-footnote'><a href='https:\/\/vincentians.com\/es\/la-transmision-de-la-fe-hoy\/#easy-footnote-bottom-13-120619' title='Cfr. Jos\u00e9 Mar\u00eda MARRONES, &lt;i&gt;La indiferencia religiosa en Espa\u00f1a. &lt;\/i&gt;HOAC, Madrid, 2003.'><sup>13<\/sup><\/a><\/span> nos ofrece una radiograf\u00eda del catolicismo espa\u00f1ol:<\/p>\n<ul>\n<li>Una fotograf\u00eda estad\u00edstica: 81% cat\u00f3licos: 27-29% practi\u00adcantes (van a misa dos veces al mes); 28% sesionales (en alg\u00fan tipo de acontecimiento); 24% no practicantes duros (sin relaci\u00f3n eclesial alguna); 18% indiferentes.<\/li>\n<li>Disminuci\u00f3n de la pr\u00e1ctica religiosa: ritmo, 1% anual desde 1980. Se tiende a vivir las propias creencias al mar\u00adgen de la instituci\u00f3n religiosa. Para <i>R. D\u00edaz-Salazar, <\/i>esta \u00abreligiosidad desinstitucionalizada\u00bb es <i>la tendencia m\u00e1s significativa del panorama sociorreligioso de la Espa\u00f1a de fin de siglo<\/i><span id='easy-footnote-14-120619' class='easy-footnote-margin-adjust'><\/span><span class='easy-footnote'><a href='https:\/\/vincentians.com\/es\/la-transmision-de-la-fe-hoy\/#easy-footnote-bottom-14-120619' title='R. D\u00cdAZ-SALAZAR GINER, &lt;i&gt;Religi\u00f3n y sociedad en Espa\u00f1a, &lt;\/i&gt;CIS, Madrid'><sup>14<\/sup><\/a><\/span>.<\/li>\n<li>Indiferentes: arreligiosos (de procedencia sin religi\u00f3n): 9%; desafectos (han abandonado la Iglesia): para un 9% Dios ha dejado de ser el fundamento del orden social y el principio integrador de la cultura. De una afirmaci\u00f3n social masiva, p\u00fablica e institucional de Dios se ha ido pasando a una situaci\u00f3n de indiferencia cada vez m\u00e1s generalizada. La cuesti\u00f3n de Dios ni atrae ni inquieta. Sencillamente deja indiferente a un n\u00famero cada vez mayor de personas. Se constata as\u00ed una \u00abindiferencia religiosa\u00bb vivida, por lo general, sin hostilidad hacia lo religioso; una indiferencia tranquila, ajena a todo planteamiento sobre Dios. Pero esta indiferencia hay que situarla dentro de una indiferencia m\u00e1s amplia y profunda. Lo que crece es el desinter\u00e9s y el escepticismo hacia las cuestiones m\u00e1s vitales de la existen\u00adcia: \u00bfpara qu\u00e9 vivir?, \u00bfen qu\u00e9 creer?, \u00bfpor qu\u00e9 esperar? No interesan las grandes cuestiones del ser humano sino el vivir bien.<\/li>\n<li>Sentimiento religioso: 44% no se sienten religiosos. Se est\u00e1 produciendo lo que <i>J. B. Metz <\/i>ha llamado <i>crisis de Dios. <\/i>El hecho ha sido captado de muchas formas: <i>Dios ha muerto (E Nietzsche), <\/i>estamos viviendo <i>\u00abel eclipse de Dios\u00bb (M. Buber), <\/i>nos hemos quedado <i>\u00absin noticias de Dios\u00bb. <\/i>Se sigue hablando de \u00e9l, pero \u00abDios\u00bb se ha convertido para muchos en una \u00abpalabra f\u00f3sil\u00bb: testigo de la fe de otros tiempos, pero privada hoy de significa\u00addo real.<\/li>\n<li>Pocos cristianos nucleares comprometidos: solamente un 4%.<\/li>\n<li>Estos datos se endurecen en los j\u00f3venes, tal y como nos lo ha puesto de manifiesto el estudio del a\u00f1o 2005 de la Fun\u00addaci\u00f3n de Santa Mar\u00eda. Seg\u00fan este estudio, hace diez a\u00f1os los j\u00f3venes que se consideraban cat\u00f3licos eran el 77% y hoy, por primera vez en la historia, no llegan al 50%. S\u00f3lo el 6% se declara cat\u00f3licos practicantes. El porcentaje de agn\u00f3sticos, ateos o indiferentes a la religi\u00f3n asciende al 46% (en 1994 era del 22%).<\/li>\n<\/ul>\n<h4>1.3.3. <i>Percepci\u00f3n negativa de la Iglesia<\/i><\/h4>\n<p>Son cada vez m\u00e1s amplios los sectores que <i>perciben a la Igle\u00adsia de manera negativa. <\/i>Se considera a la Iglesia como una ins\u00adtituci\u00f3n anacr\u00f3nica, preocupada por su propia conservaci\u00f3n, replegada sobre sus propios problemas, aislada de la vida moder\u00adna que evoluciona de manera acelerada; siempre en actitud con\u00adservadora y repetitiva, sin sentido alguno de creatividad. Para los j\u00f3venes, seg\u00fan el \u00faltimo estudio de la Fundaci\u00f3n de Santa Mar\u00eda, la instituci\u00f3n que menos valoran de la sociedad es la Iglesia.<\/p>\n<p>Se la percibe tambi\u00e9n como una instituci\u00f3n autoritaria, poco democr\u00e1tica, con m\u00e9todos de gobierno de una rigidez poco evan\u00adg\u00e9lica. Se considera que es una Iglesia condenadora, que no sabe reanimar la mecha que humea ni suscitar esperanza en quienes buscan a Dios, que no ofrece la imagen del Dios de la gracia y de la misericordia revelado en Cristo, sin la debida actitud dialo\u00adgante y comprensiva, de una intransigencia moral excesiva (divorciados, homosexuales); que cultiva la sospecha y la des\u00adconfianza sobre quienes buscan caminos nuevos. Dicho en pocas palabras, est\u00e1 aumentando el n\u00famero de los \u00abdecepcionados\u00bb por la Iglesia, o de aquellos que se sienten mayormente como \u00abcris\u00adtianos sin Iglesia\u00bb.<\/p>\n<h3>1.4. Signos alentadores<\/h3>\n<p>Como todos los fen\u00f3menos hist\u00f3ricos, tambi\u00e9n este de la postmodernidad nos presenta valores que ten\u00edamos un tanto olvi\u00addados: lo gratuito, las posibilidades de felicidad que ofrece esta tierra siempre que no contradigan valores superiores, la importan\u00adcia de los sentimientos, un sentido del progreso m\u00e1s humanista, la necesidad de poner l\u00edmites a la ciencia desde el personalismo y la ecolog\u00eda, la valoraci\u00f3n del presente.<\/p>\n<p>La fe en Dios nos empuja tambi\u00e9n hoy a salvar lo mejor de todas las utop\u00edas; a redescubrir la presencia de Dios desde una ciencia que se ha hecho m\u00e1s consciente de sus posibilidades y m\u00e1s humilde ante la inmensidad de las preguntas; a mantener viva la cr\u00edtica frente a un neocapitalismo, que est\u00e1 acrecentando el n\u00famero de pobres y el abismo que separa a los pobres de los ricos; a aprender a situarnos con respeto en medio del pluralismo cultural; a saber escuchar el clamor prof\u00e9tico de los grupos y colectivos que hoy reivindican un mundo m\u00e1s justo y ecol\u00f3gico; a colaborar con aquellos que hoy buscan un mundo articulado desde la tolerancia, la paz, la fraternidad, el respeto y el di\u00e1logo, y la defensa de los derechos humanos.<\/p>\n<p>Existen, por tanto, signos alentadores en el momento actual. El Papa Juan Pablo II en su exhortaci\u00f3n apost\u00f3lica <i>Ecclesia in Europa<\/i><span id='easy-footnote-15-120619' class='easy-footnote-margin-adjust'><\/span><span class='easy-footnote'><a href='https:\/\/vincentians.com\/es\/la-transmision-de-la-fe-hoy\/#easy-footnote-bottom-15-120619' title='Cfr. Juan Pablo II, Ib\u00edd., 11-23.'><sup>15<\/sup><\/a><\/span>, y los Obispos vascos nos presentan algunos de ellos en su carta pastoral <i>Renovar nuestras comunidades cristianas<\/i><span id='easy-footnote-16-120619' class='easy-footnote-margin-adjust'><\/span><span class='easy-footnote'><a href='https:\/\/vincentians.com\/es\/la-transmision-de-la-fe-hoy\/#easy-footnote-bottom-16-120619' title='Cfr. Carta Pastoral de los obispos de Pamplona y Tudela, Bilbao, San Sebasti\u00e1n y Victoria, &lt;i&gt;Renovar nuestras comunidades cristianas, &lt;\/i&gt;Idatz, Donos\u00adtia, 2005, n. 11-14.'><sup>16<\/sup><\/a><\/span>.<\/p>\n<h4>1.4.1. <i>En el \u00e1mbito de Europa<\/i><\/h4>\n<p>Resalta Juan Pablo II: la libertad de la Iglesia; la apertura rec\u00edproca de los pueblos; la reconciliaci\u00f3n entre naciones; la ampliaci\u00f3n progresiva del proceso unitario a los pa\u00edses del Este europeo; el reconocimiento de las colaboraciones e intercambios de todo tipo; una conciencia europea con mayores sentimientos de fraternidad y con voluntad de participar; los m\u00e9todos demo\u00adcr\u00e1ticos utilizados, basados en procedimientos pac\u00edficos, con respeto a las diversidades, sosteniendo el proceso de unificaci\u00f3n de Europa; el respeto a los derechos humanos, y la mejora en la calidad de vida.<\/p>\n<p>Tambi\u00e9n hay que se\u00f1alar c\u00f3mo el auge incre\u00edble de los llama\u00addos \u00abnuevos movimientos religiosos\u00bb ha sorprendido a propios y extra\u00f1os. Este \u00abrevivir de lo religioso\u00bb, a pesar de sus carencias, ambig\u00fcedades, contaminaciones y distorsiones, lejos de revelar una descomposici\u00f3n de la Religi\u00f3n, parece expresar una resisten\u00adcia y una protesta del coraz\u00f3n humano ante un clima social y cul\u00adtural asfixiante, empe\u00f1ado en explicar, dominar y parcelar la rea\u00adlidad del mundo y olvidado de contemplarlo como un todo, de respetarlo y de preguntarse por su origen y su destino. Los nuevos movimientos religiosos revelar\u00edan la apertura b\u00e1sica de los huma\u00adnos a Algo o Alguien que nos desborda.<\/p>\n<h4>1.4.2. <i>En el \u00e1mbito estricto de la Iglesia<\/i><\/h4>\n<ul>\n<li>Existen en todos los rincones de nuestras Iglesias realidades evang\u00e9licas que certifican la presencia viva y activa del Esp\u00edritu Santo. La Palabra de Dios comienza a ser mejor conocida y m\u00e1s estimada que en \u00e9pocas pasadas. A pesar de que no ocupa todav\u00eda el puesto central que se merece, va convirti\u00e9ndose efectivamente paso a paso en <i>sustento y vigor de la Iglesia<\/i><span id='easy-footnote-17-120619' class='easy-footnote-margin-adjust'><\/span><span class='easy-footnote'><a href='https:\/\/vincentians.com\/es\/la-transmision-de-la-fe-hoy\/#easy-footnote-bottom-17-120619' title='CONCILIO VATICANO II, &lt;i&gt;Dei verbum, &lt;\/i&gt;n. 21.'><sup>17<\/sup><\/a><\/span>. Se multiplican las sesiones de inicia\u00adci\u00f3n a su lectura personal y comunitaria. Muchos creyentes est\u00e1n descubriendo con alegr\u00eda la Palabra del Se\u00f1or y expe\u00adrimentan su eficacia salvadora. Devolver la Palabra al pueblo creyente es un viejo deber de sus pastores.<\/li>\n<li>Algo semejante sucede con la misma teolog\u00eda. El n\u00famero de laicos\/as que se acercan a servicios de formaci\u00f3n ofre\u00adcidos por nuestras Iglesias es notable y creciente. El deseo de conocer mejor el meollo de nuestra fe, la inquietud por disipar dudas y malentendidos, la voluntad de llevar una vida cristiana m\u00e1s coherente y la preocupaci\u00f3n por \u00abfor\u00admarse mejor para formar mejor\u00bb motivan a los que buscan este servicio eclesial.<\/li>\n<li>Es verdad que bastantes asistentes a la Eucarist\u00eda domini\u00adcal la encuentran tediosa y repetitiva. Sin embargo, a pesar del largo camino que nos queda por recorrer, es indudable que la calidad de su celebraci\u00f3n ha mejorado en muchos lugares. En general, las moniciones, los cantos, el ritmo, la participaci\u00f3n, la proclamaci\u00f3n de la Palabra, la misma pre\u00adparaci\u00f3n han ganado en dignidad y cuidado.<\/li>\n<li>La solidaridad afectiva y efectiva con los excluidos y mar\u00adginados es un signo inequ\u00edvoco de humanismo y una pie\u00addra de toque imprescindible de nuestra fe. Todos los indi\u00adcadores revelan que en este punto la \u00abtemperatura media\u00bb de los cristianos es m\u00e1s alta que la del conjunto de la socie\u00addad. Nuestras C\u00e1ritas son vigorosas y creativas y constitu\u00adyen uno de los rostros de la Iglesia m\u00e1s reconocidos por la sociedad. El n\u00famero de cristianos implicados en iniciativas de solidaridad, eclesiales y c\u00edvicas, es notable. El despren\u00addimiento econ\u00f3mico de la comunidad cristiana a favor de los necesitados alcanza una parte muy substanciosa de sus ingresos reales. La aportaci\u00f3n a \u00abManos Unidas\u00bb y otras organizaciones en favor del Tercer Mundo, es extraordina\u00adriamente generosa. Es verdad que los pobres no est\u00e1n toda\u00adv\u00eda en el centro de nuestras comunidades en torno al Se\u00f1or. Es asimismo verdad que est\u00e1n cada d\u00eda m\u00e1s cerca.<\/li>\n<li>En los veinte \u00faltimos a\u00f1os el n\u00famero de laicos implicados en tareas de colaboraci\u00f3n pastoral se ha multiplicado. Las puertas para favorecer su formaci\u00f3n y su verdadera corres\u00adponsabilidad est\u00e1n cada vez m\u00e1s abiertas. Ahora bien, el relevo de las generaciones de ayer se torna cada d\u00eda m\u00e1s dif\u00edcil. La resistencia al compromiso estable es hoy com\u00fan en toda la sociedad. Cada vez cuesta m\u00e1s encontrar gente dispuesta para formar parte de un comit\u00e9 de empresa, para militar en un partido pol\u00edtico, para presentarse en una can\u00addidatura municipal, para formar parte de un consejo esco\u00adlar, para renovar la directiva de un club deportivo. Y, por supuesto, para comprometerse en tareas y responsabilida\u00addes de una parroquia o de una obra eclesial.<\/li>\n<li>La imagen de nuestra Iglesia es \u00abdirectiva y poco partici\u00adpativa\u00bb. La realidad va cambiando paso a paso. Casi todas nuestras parroquias tienen alg\u00fan \u00f3rgano colegiado en torno a sus presb\u00edteros: un Consejo de Pastoral o una Junta parro\u00adquial. Casi todas las obras de los religiosos tienen tambi\u00e9n sus Consejos. El Consejo Pastoral Diocesano es una reali\u00addad asentada. Es cierto que quedan todav\u00eda reflejos autori\u00adtarios y decisiones tomadas en soledad. Queda un trecho para que arraigue entre nosotros una \u00abcultura\u00bb participad-va y corresponsable.<\/li>\n<li>La misma situaci\u00f3n de la Iglesia, carente del respaldo de las instituciones civiles y del \u00abviento a favor\u00bb del ambien\u00adte, nos est\u00e1 ayudando a ser m\u00e1s humildes y menos arrogan\u00adtes, m\u00e1s transparentes y menos opacos en la informaci\u00f3n y comunicaci\u00f3n.<\/li>\n<li>La intemperie religiosa que padecemos en la atm\u00f3sfera cultural de nuestro tiempo ha debilitado sin duda la fe de muchos. Los horrores de la historia de la humanidad en este \u00faltimo siglo (el holocausto nazi, los \u00abgulags\u00bb comu\u00adnistas, las matanzas de Rwanda y Sud\u00e1n, la extensi\u00f3n pavorosa del SIDA as\u00ed como las cat\u00e1strofes naturales), gol\u00adpean nuestra fe con m\u00e1s contundencia que muchos libros de los fil\u00f3sofos increyentes. Pero en muchos casos esta fe se ha purificado y ha pasado de ser simplemente heredada a ser m\u00e1s personal, m\u00e1s purificada y m\u00e1s trabajada.<\/li>\n<\/ul>\n<h3>1.5. Conclusi\u00f3n<\/h3>\n<p>Con respecto al tema que nos ocupa, podemos concluir haciendo referencia a los tres aspectos, que subraya Mart\u00edn Velasco<span id='easy-footnote-18-120619' class='easy-footnote-margin-adjust'><\/span><span class='easy-footnote'><a href='https:\/\/vincentians.com\/es\/la-transmision-de-la-fe-hoy\/#easy-footnote-bottom-18-120619' title='Juan MART\u00cdN VELASCO, &lt;i&gt;La transmisi\u00f3n de la fe en la sociedad contem\u00adpor\u00e1nea. &lt;\/i&gt;Sal Terrae, Santander, Madrid, 2002, 66.'><sup>18<\/sup><\/a><\/span>:<\/p>\n<ul>\n<li>La quiebra de la transmisi\u00f3n religiosa tal y como ven\u00eda oper\u00e1ndose en situaciones de predominio de lo religioso sobre lo social y lo cultural, cuando esa transmisi\u00f3n forma\u00adba parte de un proceso de socializaci\u00f3n que inclu\u00eda lo reli\u00adgioso como factor determinante de la realidad socio-cultu\u00adral en que se socializaba a los destinatarios de ese proceso.<\/li>\n<li>La quiebra de la tradici\u00f3n como entrega de un dep\u00f3sito de ideas, valores y normas capaces de regular el presente y de orientar el futuro de las sociedades y las personas que lo recib\u00edan dispuestas a reproducirlo.<\/li>\n<li>La p\u00e9rdida de credibilidad de las instituciones \u2014y en nues\u00adtro caso de la instituci\u00f3n religiosa\u2014 como garantes autori\u00adzadas de los contenidos transmitidos y de su car\u00e1cter nor\u00admativo sobre el presente y el futuro de los destinatarios de la transmisi\u00f3n.<\/li>\n<\/ul>\n<p>\u00abLa novedad de la situaci\u00f3n presente se puede enunciar diciendo que asistimos al fin del cristianismo de cristiandad en Europa\u00bb<span id='easy-footnote-19-120619' class='easy-footnote-margin-adjust'><\/span><span class='easy-footnote'><a href='https:\/\/vincentians.com\/es\/la-transmision-de-la-fe-hoy\/#easy-footnote-bottom-19-120619' title='Cfr. Ch. DUQUOC, &lt;i&gt;Cristianismo: memoria para el futuro. &lt;\/i&gt;Sal terrae, San\u00adtander, 2003, 11.'><sup>19<\/sup><\/a><\/span>. Y en esta nueva situaci\u00f3n, hemos de acoger el don de Dios y reencontrar el gesto inicial de la evangelizaci\u00f3n: el de la propuesta sencilla y decidida del Evangelio. \u00abDetr\u00e1s de la crisis de la transmisi\u00f3n, se lanza la invitaci\u00f3n a una inculturaci\u00f3n del anuncio\u00bb<span id='easy-footnote-20-120619' class='easy-footnote-margin-adjust'><\/span><span class='easy-footnote'><a href='https:\/\/vincentians.com\/es\/la-transmision-de-la-fe-hoy\/#easy-footnote-bottom-20-120619' title='Henri DERROITTE, &lt;i&gt;Por una nueva catequesis. Jalones para un nuevo pro\u00adyecto catequ\u00e9tico. &lt;\/i&gt;Sal Terrae, Santander, 2004, 22.'><sup>20<\/sup><\/a><\/span>.<\/p>\n<h2>II. La transmisi\u00f3n de la Fe<\/h2>\n<p>A este hombre de hoy, situado en esta cultura postmoderna, hemos de transmitir un mensaje, que pueda ser captado por \u00e9l, con un lenguaje y una pedagog\u00eda apropiada a su experiencia existencial.<\/p>\n<h3>2.1. Transmitir la Fe<span id='easy-footnote-21-120619' class='easy-footnote-margin-adjust'><\/span><span class='easy-footnote'><a href='https:\/\/vincentians.com\/es\/la-transmision-de-la-fe-hoy\/#easy-footnote-bottom-21-120619' title='Cfr. Cartas Pastorales de los obispos de Pamplona y Tudela, Bilbao, San Sebasti\u00e1n y Victoria, &lt;i&gt;Creer en tiempos de increencia, &lt;\/i&gt;1988; &lt;i&gt;Al servicio de una fe m\u00e1s viva, &lt;\/i&gt;1997; &lt;i&gt;Transmitir hoy la fe, &lt;\/i&gt;2001; &lt;i&gt;Vivir la experiencia de la &lt;\/i&gt;fe, 2003. Idat, Donostia.'><sup>21<\/sup><\/a><\/span><\/h3>\n<p>La fe es posible en la crisis actual pues Dios sigue actuando en el ser humano. Dios est\u00e1 en contacto inmediato con cada ser humano, y la crisis actual no puede impedir la gracia de Dios a cada sujeto.<\/p>\n<p>Ahora bien, ser\u00e1 necesario clarificar qu\u00e9 entendemos por fe, ya que a la luz de su definici\u00f3n podemos situarnos de manera diferente con respecto a la transmisi\u00f3n de la misma.<\/p>\n<p>Situado en la tradici\u00f3n teol\u00f3gica del Vaticano I, fiel a una concepci\u00f3n muy objetiva de la Revelaci\u00f3n, el catecismo se entend\u00eda como una transmisi\u00f3n de saberes. Para el Vaticano I, la fe es un adhesi\u00f3n, a trav\u00e9s de las f\u00f3rmulas, que no podemos com\u00adprender, pero que debemos admitir, sobre la autoridad de Dios que no puede enga\u00f1arse ni enga\u00f1arnos (Dios es la garant\u00eda de la Revelaci\u00f3n), y sobre la autoridad del magisterio, que notifica al hombre esta revelaci\u00f3n<span id='easy-footnote-22-120619' class='easy-footnote-margin-adjust'><\/span><span class='easy-footnote'><a href='https:\/\/vincentians.com\/es\/la-transmision-de-la-fe-hoy\/#easy-footnote-bottom-22-120619' title='Cfr. Concilio Vaticano I, &lt;i&gt;Dei Filius, &lt;\/i&gt;cap. 3, abril de 1870, &lt;i&gt;y Pastor Aeter\u00adnus, &lt;\/i&gt;18 de Julio de 1870.'><sup>22<\/sup><\/a><\/span>.<\/p>\n<p>Pero el Vaticano II, en la constituci\u00f3n <i>Dei Verbum <\/i>(cap. 1), adopta una perspectiva totalmente nueva: La Revelaci\u00f3n no es un conjunto de verdades propuestas al hombre para que se adhiera a ellas. La Revelaci\u00f3n es un acto en el cual Dios, en Jesucristo, que es su Palabra, se comunica al hombre en un cara a cara decisivo<span id='easy-footnote-23-120619' class='easy-footnote-margin-adjust'><\/span><span class='easy-footnote'><a href='https:\/\/vincentians.com\/es\/la-transmision-de-la-fe-hoy\/#easy-footnote-bottom-23-120619' title='Dei Verbum n. 2: &lt;i&gt;Quiso Dios, en su bondad y sabidur\u00eda, revelarse a S\u00ed mismo&amp;#8230; En esta revelaci\u00f3n, Dios invisible, movido de amor, habla a los hombres como amigos; trata con ellos para invitarlos y recibirlos en su com\u00adpa\u00f1\u00eda&amp;#8230; La verdad profunda de Dios &lt;\/i&gt;y &lt;i&gt;de la salvaci\u00f3n del hombre que trans\u00admite dicha revelaci\u00f3n, resplandece en Cristo, mediador y plenitud de toda la revelaci\u00f3n.&lt;\/i&gt;'><sup>23<\/sup><\/a><\/span>. Dios se muestra como quien quiere comunicarse a S\u00ed mismo, haciendo a la persona humana participe de su natura\u00adleza divina. Es as\u00ed como se realiza su designio de amor<span id='easy-footnote-24-120619' class='easy-footnote-margin-adjust'><\/span><span class='easy-footnote'><a href='https:\/\/vincentians.com\/es\/la-transmision-de-la-fe-hoy\/#easy-footnote-bottom-24-120619' title='Cfr. Directorio General para la catequesis, 36.'><sup>24<\/sup><\/a><\/span>.<\/p>\n<p>No se limita, como en el Vaticano I, a las verdades y a las f\u00f3r\u00admulas. La fe es la adhesi\u00f3n directa a Dios que nos salva en Jesu\u00adcristo. Dios es alguien y hay que reconocerlo y, para reconocer\u00adlo, hay que encontrarlo. Creemos y nos adherimos al Dios vivo a quien los cristianos encontramos encarnado en Jesucristo. En \u00c9l encontramos nosotros el camino para ac\u00e9rcanos al Misterio de Dios. A <i>Dios nadie lo ha visto nunca; el Hijo \u00fanico que est\u00e1 en el seno del Padre, \u00e9l lo ha contado <\/i>(Jn 1,18). En Jes\u00fas se nos ofrece la verdad de Dios, se nos comunica su vida y se nos reve\u00adla el camino que lleva hasta \u00e9l. Para acoger plenamente a Dios es necesario seguir a Jes\u00fas, vivir su experiencia, practicar su vida, dejarnos animar por su Esp\u00edritu. S\u00f3lo quien vive como Jes\u00fas acoge al Dios de la vida. S\u00f3lo quien ama como \u00e9l, se abre al Dios del amor. S\u00f3lo quien vive la fraternidad y se acerca a los aban\u00addonados, obedece al Padre de los pobres.<\/p>\n<p>Se pasa, por tanto de una concepci\u00f3n m\u00e1s voluntarista a una concepci\u00f3n m\u00e1s afectiva de la fe:<\/p>\n<ul>\n<li>Para el Vaticano I, la fe es un acto de la voluntad: Dios habla y uno se somete.<\/li>\n<li>Para el Vaticano II, la fe es un acto global del ser que desea y espera la Palabra para comulgar con ella, con un lugar privilegiado para la afectividad.<\/li>\n<\/ul>\n<p>La fe es regalo de Dios<span id='easy-footnote-25-120619' class='easy-footnote-margin-adjust'><\/span><span class='easy-footnote'><a href='https:\/\/vincentians.com\/es\/la-transmision-de-la-fe-hoy\/#easy-footnote-bottom-25-120619' title='Cfr. &lt;i&gt;Catecismo de la Iglesia Cat\u00f3lica, &lt;\/i&gt;153.'><sup>25<\/sup><\/a><\/span>, y no se debe al esfuerzo generoso que realiza la persona. \u00abLa fe es un don de Dios. S\u00f3lo puede nacer en el fondo del coraz\u00f3n humano como fruto de la &#8216;gracia que pre\u00adviene y ayuda&#8217;, y como respuesta, enteramente libre, a la moci\u00f3n del Esp\u00edritu Santo, que mueve el coraz\u00f3n y lo convierte a Dios\u00bb<span id='easy-footnote-26-120619' class='easy-footnote-margin-adjust'><\/span><span class='easy-footnote'><a href='https:\/\/vincentians.com\/es\/la-transmision-de-la-fe-hoy\/#easy-footnote-bottom-26-120619' title='&lt;i&gt;Directorio General para la Catequesis, &lt;\/i&gt;55.'><sup>26<\/sup><\/a><\/span>.<\/p>\n<p>La persona s\u00f3lo inicia su movimiento hacia Dios porque, desde el primer momento, Dios, est\u00e1 en el fondo de su ser, atray\u00e9ndola hacia su propio Misterio. Es su presencia amorosa la que origina y sostiene su itinerario hacia Dios. Buscamos a Dios <i>a tientas, <\/i>pero \u00e9l <i>no est\u00e1 lejos de ninguno de nosotros, pues en \u00e9l vivimos, nos movemos y existimos <\/i>(Hch 17,27-28). En la fe, Dios tiene siempre la iniciativa, Dios propone: se revela por y en su Palabra.<\/p>\n<p>Por eso, \u00abel esfuerzo de la persona que quiere creer no se diri\u00adge a \u00abconseguir\u00bb algo, a \u00abposeer\u00bb a Dios, a \u00abentender\u00bb por fin el misterio de la vida. Se orienta, m\u00e1s bien a hacerse disponible, a escuchar y acoger, a sintonizar con la llamada que se le hace, a dejarse buscar por Dios. No se trata de conocer a Dios, sino m\u00e1s bien, de reconocerlo: <i>Dios estaba ah\u00ed, y yo no lo sab\u00eda <\/i>(Gn 28,16)\u00bb<span id='easy-footnote-27-120619' class='easy-footnote-margin-adjust'><\/span><span class='easy-footnote'><a href='https:\/\/vincentians.com\/es\/la-transmision-de-la-fe-hoy\/#easy-footnote-bottom-27-120619' title='Carta Pastoral de los obispos de Pamplona y Tudela, Bilbao, San Sebas\u00adti\u00e1n y Victoria, &lt;i&gt;Al servicio de una fe m\u00e1s viva, &lt;\/i&gt;n. 37.'><sup>27<\/sup><\/a><\/span>. Decir \u00abcreo\u00bb es abrir mi existencia al misterio que habita dentro de m\u00ed, decir s\u00ed al misterio de la vida, y encontrar\u00adme personalmente con el Dios que me trasciende como persona y me respeta como persona, llenando de sentido mi vida. Este encuentro, basado en la confianza total en Dios <i>(me f\u00edo de ti, creo en lo que me dices), <\/i>me lleva a reconocerlo como el \u00fanico abso\u00adluto, entreg\u00e1ndome a \u00e9l (me adhiero de todo coraz\u00f3n a \u00e9l) y viviendo desde \u00e9l, teniendo a todos los hombres como hermanos, porque Dios es mi Padre.<\/p>\n<p>No llegamos a creer como resultado de un esfuerzo intelec\u00adtual. Creer y saber son dos experiencias diferentes, pero no nece\u00adsariamente opuestas<span id='easy-footnote-28-120619' class='easy-footnote-margin-adjust'><\/span><span class='easy-footnote'><a href='https:\/\/vincentians.com\/es\/la-transmision-de-la-fe-hoy\/#easy-footnote-bottom-28-120619' title='Cfr. Francois COUDREAU, &lt;i&gt;\u00bfEs posible ense\u00f1ar la fe? &lt;\/i&gt;Marova, Madrid, 1976. 113-155. &lt;i&gt;Catecismo de la Iglesia Cat\u00f3lica, &lt;\/i&gt;156-160.'><sup>28<\/sup><\/a><\/span>. Todo creer requiere un m\u00ednimo saber y se apoya en \u00e9l. La fe implica siempre un contenido. No es posible creer en Dios sin creer en lo que Dios nos revela<span id='easy-footnote-29-120619' class='easy-footnote-margin-adjust'><\/span><span class='easy-footnote'><a href='https:\/\/vincentians.com\/es\/la-transmision-de-la-fe-hoy\/#easy-footnote-bottom-29-120619' title='\u00abLa fe cristiana, por la que una persona da el &amp;#8216;s\u00ed&amp;#8217; a Jesucristo, puede ser considerada en un doble aspecto:&lt;br \/&gt;\n&amp;#8211; Como adhesi\u00f3n a Dios que se revela, hecha bajo el influjo de la gracia. En este caso la fe consiste en entregarse a la Palabra de Dios y confiarse a ella (fides qua).&lt;br \/&gt;\n&amp;#8211; Como contenido de la Revelaci\u00f3n y del mensaje evang\u00e9lico. La fe, en este sentido, significa el empe\u00f1o por conocer cada vez mejor el sentido pro\u00adfundo de esa Palabra (fides quae).&lt;br \/&gt;\nEstos dos aspectos, por su propia naturaleza, no pueden separarse\u00bb &lt;i&gt;(Direc\u00adtorio General para la Catequesis, &lt;\/i&gt;92).'><sup>29<\/sup><\/a><\/span>. Es decir, a la fe personal (yo creo en ti, me f\u00edo de ti y te creo) le acompa\u00f1a siempre la fe afirmativa: creo lo que me dices. Y lo que me dices t\u00fa, es el \u00fanico camino seguro de que dispongo para saber lo m\u00e1s \u00edntimo de ti y para conocerte en profundidad.<\/p>\n<p>La fe no es producto de la raz\u00f3n humana, pero tampoco es un salto en el vac\u00edo. La fe es razonable, pero no evidente; exige siempre una decisi\u00f3n libre. La fe responde de forma razonable y coherente a cuestiones, interrogantes y anhelos reales que lleva dentro de s\u00ed el ser humano. \u00abNos abrimos a la fe en medio de una serie de caminos de todo tipo: los de la duda y el desconcierto; los del sufrimiento y la deficiencia; e igualmente lo de la curio\u00adsidad, la b\u00fasqueda paciente o la creatividad. La fe se enra\u00edza en experiencias humanas fundamentales: el amor, una opci\u00f3n de vida, la solidaridad, la debilidad, la indigencia, la impotencia&#8230;, como otros tantos lugares de encuentro con la verdad, el abando\u00adno de s\u00ed y la libertad interior. De todas estas situaciones existen\u00adciales se pueden intentar extraer la experiencia espiritual que brota de la vida, que asombra, que hace presentir lo esencial, que despierta, que pone en camino, que hace vivir. Estas experiencias abren a la persona a una trascendencia&#8230;\u00bb<span id='easy-footnote-30-120619' class='easy-footnote-margin-adjust'><\/span><span class='easy-footnote'><a href='https:\/\/vincentians.com\/es\/la-transmision-de-la-fe-hoy\/#easy-footnote-bottom-30-120619' title='Donaciano MART\u00cdNEZ, Pelayo GONZ\u00c1LEZ, Jos\u00e9 Luis SABORIDO, &lt;i&gt;Proponer la fe hoy. &lt;\/i&gt;Sal Terrae, Santander, 2005. 136-137.'><sup>30<\/sup><\/a><\/span>\n<p>El acto de fe supone:<\/p>\n<ul>\n<li>Un encuentro y reconocimiento de Dios que habita en Jesucristo;<\/li>\n<li>Una adhesi\u00f3n a una Revelaci\u00f3n como expresi\u00f3n de un designio del amor de Dios sobre el hombre;<\/li>\n<li>Una respuesta a una invitaci\u00f3n que termina en la decisi\u00f3n de hacer una alianza de amor con Dios;<\/li>\n<li>Una comuni\u00f3n de vida con Dios en la intimidad, la dispo\u00adnibilidad que conduce a una transformaci\u00f3n de la existen\u00adcia humana seg\u00fan el Evangelio.<\/li>\n<\/ul>\n<p>La fe abarca a toda la persona, afect\u00e1ndola por entero. \u00abAl encontrar a Jesucristo, y al adherirse a El, el ser humano ve col\u00admadas sus aspiraciones m\u00e1s hondas: encuentra lo que siempre busc\u00f3 y adem\u00e1s de manera sobreabundante. La fe responde a esa `espera&#8217;, a menudo no consciente y siempre limitada, por cono\u00adcer la verdad sobre Dios, sobre el hombre mismo y sobre el des\u00adtino que le espera. Es como un agua pura que reaviva el camino del ser humano, peregrino en busca de su hogar\u00bb<span id='easy-footnote-31-120619' class='easy-footnote-margin-adjust'><\/span><span class='easy-footnote'><a href='https:\/\/vincentians.com\/es\/la-transmision-de-la-fe-hoy\/#easy-footnote-bottom-31-120619' title='DCC, 55.'><sup>31<\/sup><\/a><\/span>.<\/p>\n<h3>2.2. \u00bfEs posible transmitir la Fe?<span id='easy-footnote-32-120619' class='easy-footnote-margin-adjust'><\/span><span class='easy-footnote'><a href='https:\/\/vincentians.com\/es\/la-transmision-de-la-fe-hoy\/#easy-footnote-bottom-32-120619' title='Cfr. Juan MART\u00cdN VELASCO, &lt;i&gt;La Transmisi\u00f3n de la fe en la sociedad con\u00adtempor\u00e1nea. &lt;\/i&gt;Sal Terrae, Santander, 2002. 28-34.'><sup>32<\/sup><\/a><\/span><\/h3>\n<p>Como es bien sabido, la fe no se puede propiamente \u00abtrans\u00admitir\u00bb. Podemos exponer al otro el contenido de la fe. Pero \u00abcreer\u00bb es un acto personal; una decisi\u00f3n que cada hombre o mujer ha de tomar libremente ante Dios<span id='easy-footnote-33-120619' class='easy-footnote-margin-adjust'><\/span><span class='easy-footnote'><a href='https:\/\/vincentians.com\/es\/la-transmision-de-la-fe-hoy\/#easy-footnote-bottom-33-120619' title='\u00abLa fe es un acto personal: la respuesta libre del hombre a la iniciativa de Dios que se revela\u00bb &lt;i&gt;(Catecismo de la Iglesia Cat\u00f3lica, &lt;\/i&gt;166).'><sup>33<\/sup><\/a><\/span>. No es posible \u00abforzar\u00bb a creer.<\/p>\n<p>El servicio a la fe consiste en preparar esa relaci\u00f3n personal de cada uno con \u00e9l. No s\u00f3lo \u00abinformar\u00bb de la fe, sino ayudar a tomar una decisi\u00f3n responsable ante el Dios vivo revelado en Cristo. \u00abTransmitir o comunicar la fe consiste fundamentalmen\u00adte en ofrecer a otros nuestra ayuda, nuestra experiencia como creyentes y como miembros de la Iglesia, para que ellos, por s\u00ed mismos y desde su propia libertad, accedan a la fe movidos por la gracia de Dios. Transmitir la fe es, pues, preparar o ayudar a otros a creer, a encontrarse personalmente con Dios\u00bb<span id='easy-footnote-34-120619' class='easy-footnote-margin-adjust'><\/span><span class='easy-footnote'><a href='https:\/\/vincentians.com\/es\/la-transmision-de-la-fe-hoy\/#easy-footnote-bottom-34-120619' title='Carta Pastoral de los obispos de Pamplona y Tudela, Bilbao, San Sebas\u00adti\u00e1n y Victoria, &lt;i&gt;Transmitir hoy la fe, &lt;\/i&gt;n. 17.'><sup>34<\/sup><\/a><\/span>.<\/p>\n<p>Mart\u00edn Velasco dir\u00e1 que sin negar lo anteriormente expuesto, \u00abno se debe separar indebidamente la fe como acto personal, de las mediaciones en las que se encarna, mediaciones que, aunque, deban distinguirse, no pueden separarse de ella, porque son indispensables para su realizaci\u00f3n\u00bb<span id='easy-footnote-35-120619' class='easy-footnote-margin-adjust'><\/span><span class='easy-footnote'><a href='https:\/\/vincentians.com\/es\/la-transmision-de-la-fe-hoy\/#easy-footnote-bottom-35-120619' title='Juan MART\u00cdN VELASCO, ib\u00eddem, 28.'><sup>35<\/sup><\/a><\/span>.<\/p>\n<p>Existe todo un proceso \u2014contin\u00faa diciendo Mart\u00edn Velasco\u2014en el que el sujeto, primero hereda, y despu\u00e9s asume y hace suyo, para finalmente transmitirlo, el caudal de la humanidad en que se inscribe esa vida. De ah\u00ed, el papel tan importante que juega la tradici\u00f3n, que hace de memoria, la pone en ejercicio y la condensa: <i>La Iglesia en su doctrina, vida y culto perpet\u00faa y transmite a todas las generaciones todo lo que ella misma es, todo lo que ella misma cree (Dei Verbum, <\/i>8). Esta tradici\u00f3n com\u00adporta tres elementos fundamentales: el contenido transmitido, lo <i>traditum, <\/i>es decir, el conjunto de creencias, usos, costumbres, s\u00edmbolos&#8230; que una generaci\u00f3n entrega a la siguiente; el acto mismo de transmitir, <i>traditio <\/i>como acto de <i>tradere, <\/i>el hecho de donar o entregar; y la recepci\u00f3n que le corresponde. En ese acto complejo interviene unos agentes autorizados: familia, maestros y, en definitiva, una instituci\u00f3n religiosa que pone en juego todas las estructuras, medios y recursos de que dispone.<\/p>\n<p>El Catecismo de la Iglesia Cat\u00f3lica nos dir\u00e1 que \u00abla fe no es un acto aislado. Nadie puede creer solo, como nadie puede vivir solo. Nadie se ha dado la fe a s\u00ed mismo, como nadie se ha dado la vida a s\u00ed mismo. El creyente ha recibido la fe de otro, debe transmitirla a otro. Nuestro amor a Jes\u00fas y a los hombres nos impulsa a hablar a otros de nuestra fe. Cada creyente es como es como un eslab\u00f3n en la gran cadena de los creyentes. Yo no puedo creer sin ser sostenido por la fe de los otros, y por mi fe yo con\u00adtribuyo a sostener la fe los otros\u00bb<span id='easy-footnote-36-120619' class='easy-footnote-margin-adjust'><\/span><span class='easy-footnote'><a href='https:\/\/vincentians.com\/es\/la-transmision-de-la-fe-hoy\/#easy-footnote-bottom-36-120619' title='&lt;i&gt;Catecismo de la Iglesia Cat\u00f3lica, &lt;\/i&gt;166.'><sup>36<\/sup><\/a><\/span>.<\/p>\n<h2>III. Proponer la Fe hoy<\/h2>\n<p>Si estamos llamados a transmitir la fe, que hemos recibido, \u00bfc\u00f3mo hemos de hacerlo en las actuales circunstancias? Los obispos franceses plantean la necesidad de transformar la pasto\u00adral, que venimos desarrollando: \u00abla pastoral llamada &#8216;ordinaria&#8217; \u2014vivida a menudo como una pastoral de la acogida\u2014 debe transfor\u00admase tambi\u00e9n, cada vez m\u00e1s, en una pastoral de la propuesta\u00bb<span id='easy-footnote-37-120619' class='easy-footnote-margin-adjust'><\/span><span class='easy-footnote'><a href='https:\/\/vincentians.com\/es\/la-transmision-de-la-fe-hoy\/#easy-footnote-bottom-37-120619' title='Los obispos de Francia, &lt;i&gt;Proponer la fe en la sociedad actual, &lt;\/i&gt;n\u00fam. 2, en \u00abEcclesia\u00bb 2835-36 (5 y 12 de Abril 1997), 31.'><sup>37<\/sup><\/a><\/span>.<\/p>\n<p>Proponer no es imponer ni presionar. Es una invitaci\u00f3n. Es presentar mi fe someti\u00e9ndola a la posible adhesi\u00f3n o rechazo. Ahora bien, nosotros deseamos que nuestra propuesta llegue y sea acogida por el receptor.<\/p>\n<p>Para profundizar en esta idea, resalto algunas frases, que he ex\u00adpuesto anteriormente, referentes al mensaje que queremos transmitir:<\/p>\n<p>\u00abNo es un mensaje que consista fundamentalmente en datos, sabe\u00adres, verdades, f\u00f3rmulas\u00bb. Por tanto no se trata s\u00f3lo de informar&#8230; \u00abPorque lo esencial de este mensaje es la adhesi\u00f3n a alguien\u00bb.<\/p>\n<p>Estamos ante un mensaje cuyo n\u00facleo fundamental habla de entrega, adhesi\u00f3n, encuentro, experiencia, vida, afectos, confian\u00adza&#8230; Es una concepci\u00f3n afectiva, y es desde ah\u00ed desde donde hemos de comunicar y transmitir.<\/p>\n<p>As\u00ed, se trata m\u00e1s de caminar con&#8230; para prepararle para una relaci\u00f3n, para un encuentro. \u00bfCreemos esto de verdad? Y si lo creemos \u00bfconsideramos que nuestra manera de hablar de nuestra fe es la m\u00e1s adecuada para transmitirla?<\/p>\n<p>Porque si el acto de fe es:<\/p>\n<ul>\n<li>Encuentro y reconocimiento<\/li>\n<li>Adhesi\u00f3n<\/li>\n<li>Respuesta a una invitaci\u00f3n a una alianza de amor<\/li>\n<li>Uni\u00f3n en la intimidad<\/li>\n<li>Disponibilidad y transformaci\u00f3n&#8230;<\/li>\n<\/ul>\n<p>Entonces, el c\u00f3digo que transmita tal acto de fe tendr\u00e1 que estar constituido por palabras, im\u00e1genes, gestos, miradas, tonos y comportamientos acordes a la esencia de esa fe.<\/p>\n<p>Lo nuclear es que queremos anunciar, no un cat\u00e1logo de leyes, normas, teor\u00edas y conceptos principalmente, sino la Buena Noticia de Jesucristo, la Buena Noticia de un acontecimiento que experimentamos en nuestra vida y vemos en la de otros, y que nos afecta y nos transforma. Y no empobreci\u00e9ndonos, castr\u00e1ndo\u00adnos o fosiliz\u00e1ndonos. Nosotros queremos anunciar una Noticia Buena, positiva, gratificante&#8230; tanto, tanto, que vender\u00edamos todo lo que tenemos para conseguirla. \u00bfC\u00f3mo nos imaginamos a quien anuncia algo as\u00ed? \u00bfSomos conscientes de que para anun\u00adciar la Buena Noticia de Dios no basta s\u00f3lo con hablar? Es nece\u00adsario hablar de tal manera que ese mensaje llegue al hombre de hoy. Un lenguaje rutinario, muerto, inadaptado, puede significar falta de aut\u00e9ntica experiencia de Dios, conocimiento insuficien\u00adte de la realidad actual o pereza.<\/p>\n<p>El anuncio de Dios no s\u00f3lo exige ser ortodoxo y correcto. Ha de llegar a la gente para alcanzar su pretensi\u00f3n de ser luz y vida. Y no tiene posibilidad alguna de llegar si no es fiel a la Palabra de Dios y fiel a la experiencia de aquellos a los que va dirigido.<\/p>\n<p>Una experiencia que nos transforma haci\u00e9ndonos m\u00e1s plenos y m\u00e1s vivos, m\u00e1s aut\u00e9nticos, potenciando todo lo que hay en nosotros para llevarnos a una plenitud cada vez mayor. \u00bfC\u00f3mo se transmiten las experiencias? \u00bfQu\u00e9 tipo de lenguaje utilizar? \u00bfC\u00f3mo hacer para ser veh\u00edculos transparentes que no bloqueen, distorsionen o destruyan este mensaje?<\/p>\n<h3>3.1. Unas premisas fundamentales sobre los procesos de comunicaci\u00f3n<\/h3>\n<p>Antes de plantearnos c\u00f3mo llevar a cabo la transmisi\u00f3n de la fe, hemos de analizar cu\u00e1les son los elementos que determinan una buena transmisi\u00f3n o comunicaci\u00f3n. En los experimentos realizados sobre los procesos de comunicaci\u00f3n se aportan datos llamativos<span id='easy-footnote-38-120619' class='easy-footnote-margin-adjust'><\/span><span class='easy-footnote'><a href='https:\/\/vincentians.com\/es\/la-transmision-de-la-fe-hoy\/#easy-footnote-bottom-38-120619' title='Cfr. Van-der HOFSTADT ROM\u00c1N, &lt;i&gt;El libro de las habilidades de la comu\u00adnicaci\u00f3n. &lt;\/i&gt;Ed. Diaz de los Santos. Espa\u00f1a, 2003, p. 28-35.'><sup>38<\/sup><\/a><\/span>. Hay tres tipos de elementos:<\/p>\n<ul>\n<li>Verbales (Contenido, Humor, Atenci\u00f3n personal, Preguntas, Respuestas a preguntas).<\/li>\n<li>Paraverbales (Volumen de la voz, Tono, Timbre, Fluidez ver\u00adbal, Velocidad, Claridad, Tiempo de habla, Pausas \/ Silencios).<\/li>\n<li>No verbales (Expresi\u00f3n facial, Mirada, Sonrisas, Postura, Orientaci\u00f3n, Distancia \/ Contacto f\u00edsico, Gestos, Aparien\u00adcia personal, Automanipulaciones, Movimientos nerviosos con manos y piernas).<\/li>\n<\/ul>\n<p>Pues bien, los resultados que arrojan los diversos experimen\u00adtos sobre el peso que cada uno de estos elementos tienen sobr&#8230; el efecto del mensaje transmitido son<span id='easy-footnote-39-120619' class='easy-footnote-margin-adjust'><\/span><span class='easy-footnote'><a href='https:\/\/vincentians.com\/es\/la-transmision-de-la-fe-hoy\/#easy-footnote-bottom-39-120619' title='Cfr. Guiz, X, &lt;i&gt;Ni me explico ni me entiendes. Los laberintos de la comu\u00adnicaci\u00f3n. &lt;\/i&gt;Granica, 2004, p. 50-51.'><sup>39<\/sup><\/a><\/span>:<\/p>\n<ul>\n<li>Elementos verbales: 20% (que en algunos se reduce a un 10%).<\/li>\n<li>Elementos paraverbales: 40%.<\/li>\n<li>Elementos no verbales: 40%.<\/li>\n<\/ul>\n<p>\u00bfSorprendente? A\u00fan lo es mucho m\u00e1s lo que dice Mehrabian Albert<span id='easy-footnote-40-120619' class='easy-footnote-margin-adjust'><\/span><span class='easy-footnote'><a href='https:\/\/vincentians.com\/es\/la-transmision-de-la-fe-hoy\/#easy-footnote-bottom-40-120619' title='&lt;i&gt;Ib\u00eddem, &lt;\/i&gt;Gurz, X, Cita los experimentos de Mehrabian Albert, del a\u00f1o 1981 publicados en silent messages: implicit comunications of emotions actitudes, Belmont, CA, Wadsworth, 1981.'><sup>40<\/sup><\/a><\/span> a ra\u00edz de sus \u00faltimas investigaciones: en los mensajes que transmitimos, las palabras tienen el 7% de importancia, el tono de voz el 38% y el lenguaje corporal el 55%.<\/p>\n<p>Estos datos nos llevan a una reflexi\u00f3n seria, porque si en cual\u00adquier tipo de mensaje, los aspectos no verbales, es decir los que transmitimos desde las emociones, las convicciones, las expe\u00adriencias&#8230; tienen tanta fuerza, y si el mensaje que nosotros que\u00adremos emitir es esencialmente vivencial, entonces s\u00ed que nuestro tono y nuestro lenguaje corporal son los responsables \u00faltimos y los que van a llegar al receptor, atravesando sus filtros y barreras convenci\u00e9ndole o, bien dej\u00e1ndole indiferente o, peor a\u00fan, cre\u00e1n\u00addole resistencias, prejuicios y defensas a\u00fan mayores que las que ten\u00eda antes de empezar a escucharnos.<\/p>\n<p>Nos cuesta aceptar nuestra responsabilidad. Preferimos creer que si el mensaje no llega es por culpa del que nos oye, y espera\u00admos que sea el receptor el que cambie, el que se convierta, el que aprenda nuestro idioma. Pero no es la gente la que ha de aban\u00addonar sus categor\u00edas para tratar de captar nuestro lenguaje, apto s\u00f3lo para \u00abiniciados\u00bb. Somos nosotros los que hemos de hacer el esfuerzo propio de todo evangelizador: encarnar la noticia de Dios en las categor\u00edas y experiencias del hombre de hoy. Una pregunta para predicadores, catequistas, educadores y cuantos hablamos de Dios: nuestro lenguaje \u00bfest\u00e1 inspirado por un deseo de llegar a la gente o sigue rutinariamente el camino de lo prefijado?<\/p>\n<p>Si seguimos repitiendo f\u00f3rmulas y esquemas aprendidos, nuestra distancia con el mundo ser\u00e1 cada vez mayor. M\u00e1s a\u00fan, la distancia dentro de nosotros mismos ser\u00e1 mayor, porque si como dec\u00eda Wittgestein, \u00abmi lenguaje configura mi universo\u00bb, un len\u00adguaje interno inadecuado conseguir\u00e1 que, poco a poco, nuestra cabeza con nuestros conocimientos, vaya por caminos diferentes a nuestras emociones, y de este modo, nuestra experiencia que\u00addar\u00e1 rota, partida en dos por dos fuerzas tan poderosas, sin tener una tierra interna en la que echar ra\u00edces.<\/p>\n<p>Si mi lenguaje, y el lenguaje primero es interior, es racional, conceptual, normativo \u00fanicamente, \u00bfd\u00f3nde tendr\u00e1n espacio mis experiencias, a veces tan il\u00f3gicas, tan irracionales, tan dif\u00edciles de encajonar en conceptos y verdades dogm\u00e1ticas? Si mi lenguaje es parcial y s\u00f3lo sirve de veh\u00edculo a una parte de m\u00ed mismo (mis ideas), qui\u00e9n dar\u00e1 voz a mis experiencias? Y \u00bfc\u00f3mo enton\u00adces comunicar\u00e9 mi experiencia de Dios? Me pasar\u00e1, como nos pasa a la gran mayor\u00eda de los creyentes, que ser\u00e9 incapaz de con\u00adtar, ni siquiera a los m\u00e1s cercanos, mi experiencia&#8230; y subrayo experiencia, no digo mis ideas, mis teor\u00edas, mis pensamientos acerca de Dios.<\/p>\n<p>Y si esto es as\u00ed, lo m\u00e1s normal es que no tenga palabras ni gestos para hablar a grupos m\u00e1s numerosos, y el miedo y la inse\u00adguridad har\u00e1n que me agarre a lo ya sabido y trillado: los con\u00adceptos y las ideas. Es cierto que nuestro mensaje tambi\u00e9n est\u00e1 hecho de contenidos l\u00f3gicos, pero como durante tantos a\u00f1os se ha hecho hincapi\u00e9 en ellos, es por lo que ahora llamo la atenci\u00f3n sobre la parte experiencial del mensaje; por eso, y porque como hemos repetido, lo esencial de la fe que profesamos es la adhe\u00adsi\u00f3n a una persona y la experiencia de ese encuentro.<\/p>\n<p>Para ser testigos de algo, hemos de conocerlo y experimen\u00adtarlo. Sin conocimiento y sin experiencia no es posible el testi\u00admonio, por tanto no es posible la transmisi\u00f3n.<\/p>\n<p>Necesitamos pues, una gran coherencia entre nuestras ideas y nuestras vivencias; entre lo que decimos y lo que vivimos para que nuestra comunicaci\u00f3n sea cre\u00edble. Los expertos exponen que una comunicaci\u00f3n llegar\u00e1 a producir en el receptor efectos de escucha, interiorizaci\u00f3n, identificaci\u00f3n y sumisi\u00f3n, cuando el emisor (el comu\u00adnicante) posea las caracter\u00edsticas de credibilidad, atractivo y poder<span id='easy-footnote-41-120619' class='easy-footnote-margin-adjust'><\/span><span class='easy-footnote'><a href='https:\/\/vincentians.com\/es\/la-transmision-de-la-fe-hoy\/#easy-footnote-bottom-41-120619' title='Cfr. Jos\u00e9 Antonio GARC\u00cdA MONGE, &lt;i&gt;Unificaci\u00f3n personal y experiencia cristiana. &lt;\/i&gt;Sal Terrae, Santander, 2001, 146-148.'><sup>41<\/sup><\/a><\/span>.<\/p>\n<p>La credibilidad, es decir, cuando el comunicante es percibido como alguien experto, entendido, digno de confianza y honesto, produce en el receptor la interiorizaci\u00f3n de su mensaje, integr\u00e1n\u00addolo en el propio sistema de valores y creencias y permite su asimilaci\u00f3n y permanencia. Pero dif\u00edcilmente resultaremos cre\u00ed\u00adbles para el que nos escucha si no existe coherencia entre nuestro lenguaje verbal y no verbal. Podemos preguntarnos a nos\u00adotros mismos: \u00bfAnuncio buenas noticias con apat\u00eda y tristeza? \u00bfHablo del perd\u00f3n con rigidez y cr\u00edtica? \u00bfC\u00f3mo hablo a otros de mis ideas y c\u00f3mo les hablo de mis encuentros? \u00bfC\u00f3mo hablo de lo que pienso y c\u00f3mo hablo de los que amo? \u00bfC\u00f3mo ando de capacidad para expresar mis sentimientos, mis vivencias, mis experiencias? Si huyo de la comunicaci\u00f3n vivencial e \u00edntima \u00bfc\u00f3mo comunicar\u00e9 aquello que acontece \u00aben lo m\u00e1s \u00edntimo m\u00edo\u00bb?<\/p>\n<p>El atractivo del comunicante, es decir, una atracci\u00f3n que el receptor percibe, y sin necesidad de argumentos, por la sola rela\u00adci\u00f3n comunicante-receptor, produce el cambio. Se trata de una identificaci\u00f3n por el deseo de mantener una relaci\u00f3n gratifi\u00adcante, que le lleva a dinamizar el cambio de actitudes en su vida. Hay una identificaci\u00f3n afectiva que permite el trasvase de acti\u00adtudes del comunicante al receptor. \u00bfMe pregunto si mi mirada, mi apariencia personal, la expresi\u00f3n de mi cara, etc., resultan atractivos? \u00bfGratifica mi presencia y comunicaci\u00f3n al otro?<\/p>\n<p>Otra caracter\u00edstica es el poder del comunicante, su autoridad con respecto al receptor, que le lleva a la sumisi\u00f3n. Pero cuando la \u00fanica motivaci\u00f3n es el sometimiento a un poder o el cumpli\u00admiento de una norma, sin amor alguno, esta comunicaci\u00f3n no transforma m\u00e1s que exteriormente, y puede originar un cambio espectacular, pero que dura lo que dure el temor. \u00bfNos interesa saber c\u00f3mo ha recibido la otra persona el mensaje?, \u00bfqu\u00e9 res\u00adpuesta tiene ante lo que le estamos comunicando?<\/p>\n<h3>3.2. Una comunidad renovada en su interior<\/h3>\n<p>Hasta ahora hemos ido dando pasos progresivos: a) hemos analizado el contexto en el que se sit\u00faa las personas a las que queremos transmitirles un mensaje de vida; b) hemos profun\u00addizado en qu\u00e9 consiste este mensaje; c) hemos planteado qu\u00e9 lenguaje utilizar, para hacer que \u00e9ste sea cre\u00edble, atractivo y rea\u00adlizado con autoridad.<\/p>\n<p>Ahora, vamos a poner nuestra mirada en el emisor, que en la transmisi\u00f3n de la fe es el creyente y la comunidad de la que forma parte.<\/p>\n<p>La comunidad cristiana, <i>y <\/i>todos los cristianos que la forma\u00admos, si queremos llevar a cabo una eficaz transmisi\u00f3n de la fe, hemos de replanteamos nuestras vidas, nuestros mensajes y len\u00adguajes, nuestros gestos, nuestras estructuras, etc., para ver si hoy estamos siendo cre\u00edbles y atractivos, ver qu\u00e9 hemos de hacer para revestirnos de aquella autoridad, que pose\u00eda Jes\u00fas, y que causaba admiraci\u00f3n, entusiasmo, adhesi\u00f3n y b\u00fasqueda de la verdad.<\/p>\n<p>El desaf\u00edo que tenemos en el actual contexto religioso cristia\u00adno es el de una minor\u00eda, que deseamos que sea significativa y cre\u00edble. Iremos a menos estad\u00edsticamente, pero lo importante es preguntarse si seremos todav\u00eda significativos<span id='easy-footnote-42-120619' class='easy-footnote-margin-adjust'><\/span><span class='easy-footnote'><a href='https:\/\/vincentians.com\/es\/la-transmision-de-la-fe-hoy\/#easy-footnote-bottom-42-120619' title='Cfr. Jos\u00e9 Ma MARDONES, &lt;i&gt;Nuevo contexto de Evangelizaci\u00f3n, &lt;\/i&gt;o.c. p. 50.'><sup>42<\/sup><\/a><\/span>.<\/p>\n<h4>3.2.1. <i>Un testigo que comunica lo que vive<\/i><\/h4>\n<p>Tom\u00e1s de Aquino, citando las palabras de Hilario, dec\u00eda: \u00abSoy consciente de que el principal deber de mi vida para con Dios es esforzarme porque mi lenguaje y todos mis sentidos hablen de \u00e9l\u00bb[\/note]Tom\u00e1s DE AQUINO, <i>Contra gentes, <\/i>1.1, c 2.[\/note].<\/p>\n<p>Lo primero, para poder transmitir la fe es que exista en m\u00ed la fe. Mi credibilidad depender\u00e1 de la fe que posea. La fe requiere de m\u00ed un compromiso permanente de pensar como Jes\u00fas de Nazaret, de juzgar como \u00c9l y de vivir como \u00c9l lo hizo.<\/p>\n<p>Observemos c\u00f3mo la l\u00f3gica de Jes\u00fas difiere de la nuestra habitual. Cuando nos ponemos a hablar de comunicar la fe, nos referimos, en primer lugar, a las resistencias de la gente. Enton\u00adces f\u00e1cilmente llegamos a la conclusi\u00f3n de no hay nada que hacer&#8230; Esta es nuestra l\u00f3gica. La de Jes\u00fas se centra en la calidad de la sal y de la luz. La transmisi\u00f3n de la fe depende de la calidad, la credibilidad, y la fuerza de nuestra fe. Esto es lo prioritario<span id='easy-footnote-43-120619' class='easy-footnote-margin-adjust'><\/span><span class='easy-footnote'><a href='https:\/\/vincentians.com\/es\/la-transmision-de-la-fe-hoy\/#easy-footnote-bottom-43-120619' title='Cfr. Mon. Joan CARRERA, &lt;i&gt;Retos actuales en torno a la transmisi\u00f3n de la fe. &lt;\/i&gt;Actualidad Catequ\u00e9tica (199 de Julio-Septiembre, 2003). 65-66.'><sup>43<\/sup><\/a><\/span>.<\/p>\n<p>La fe cristiana no es en primer lugar ni fundamentalmente una doctrina que se ha de aceptar, ni un c\u00f3digo moral que se ha de cumplir; ni unas pr\u00e1cticas religiosas que se han de observar. La fe en los momentos actuales necesita con mayor apremio ser interiorizada, personalizada, pasada por el coraz\u00f3n, impregnada por la experiencia creyente. Antes que nada, la fe cristiana es una experiencia que ha de ser vivida, ofrecida y comunicada como Buena Noticia de Dios. En este sentido, J. M. Mardones, habla de la \u00abreligiosidad de la frontera\u00bb: \u00abLa religiosidad de la fronte\u00adra, que se vive en la profanidad, que desacraliza al mundo, lleva, como de vuelta, a vivir la presencia del misterio de Dios reco\u00adrriendo todos los entramados de la historia de los hombres\u00bb<span id='easy-footnote-44-120619' class='easy-footnote-margin-adjust'><\/span><span class='easy-footnote'><a href='https:\/\/vincentians.com\/es\/la-transmision-de-la-fe-hoy\/#easy-footnote-bottom-44-120619' title='J. M. MARDONES, &lt;i&gt;En el umbral del ma\u00f1ana. El cristianismo del futuro. &lt;\/i&gt;PPC, Madrid, 2000, 107-108.'><sup>44<\/sup><\/a><\/span>.<\/p>\n<p>El creyente, que ha tenido una experiencia de encuentro con Dios, y la vive y difunde, recorre el mundo siendo un testigo de Dios entre los hombres. \u00abSe trata de ser testigos de la profundi\u00addad en medio de la profanidad&#8230; Hay que vivir lo sagrado por los caminos de lo profano, pero desvelando la presencia ausente de la Fuente. La tarea que nos espera en el pr\u00f3ximo futuro es ser testigos y gu\u00edas del Misterio\u00bb<span id='easy-footnote-45-120619' class='easy-footnote-margin-adjust'><\/span><span class='easy-footnote'><a href='https:\/\/vincentians.com\/es\/la-transmision-de-la-fe-hoy\/#easy-footnote-bottom-45-120619' title='J. M. MARDONES, Ib\u00eddem, 185.'><sup>45<\/sup><\/a><\/span>. Sin testigos no es posible la transmisi\u00f3n de la experiencia de Dios vivida en Jesucristo.<\/p>\n<p>El testigo no pretende convertir a otros: vive convirti\u00e9ndose \u00e9l; no trata de salvar a los dem\u00e1s: vive su experiencia de salva\u00adci\u00f3n; no se esfuerza por hacer crecer la Iglesia mediante la adhe\u00adsi\u00f3n de nuevos miembros: vive abriendo camino al Reino de Dios en la vida de las gentes. No le mueve ning\u00fan inter\u00e9s prose\u00adlitista. Lo que motiva al testigo es la experiencia que \u00e9l mismo vive. Es lo que dice san Pablo: \u00abNosotros creemos y por eso hablamos\u00bb (2 Cor 4,13), \u00abpredicar el evangelio no es para m\u00ed un motivo de orgullo; es algo que me incumbe: pobre de m\u00ed si no lo anunciara\u00bb (1 Cor 9,16).<\/p>\n<p>El testigo comunica lo que vive, lo que est\u00e1 cambiando su vida, lo que la transforma. Ofrece su experiencia, no su sabidu\u00adr\u00eda. Irradia y contagia, no informa, no indoctrina, no instruye. Se implica en su comunicaci\u00f3n, est\u00e1 cogido por lo que comunica, no transmite un dato fr\u00edo, desde fuera. Al testigo se le ve habitado por convencimiento m\u00e1s que por grandes saberes acerca de la fe, ofreciendo lo que a \u00e9l le hace bien.<\/p>\n<p>Sin duda, en nuestras comunidades es importante contar con personas valiosas, necesitamos una organizaci\u00f3n pastoral efi\u00adciente, un mayor n\u00famero de personas comprometidas, medios eficaces, formaci\u00f3n m\u00e1s adecuada, pero fundamentalmente, lo que estamos necesitando son personas con profunda experiencia de Dios, que sepan comunicar su experiencia nueva y buena de un Dios Salvador. Se necesitan testigos con una experiencia nueva, de una vida transformada: <i>Vosotros recibir\u00e9is una fuerza, cuando el Esp\u00edritu venga sobre vosotros y de este modo ser\u00e9is mis testigos en Jerusal\u00e9n, en toda Judea, en Samaria y hasta los confines de la tierra <\/i>(Hch 1,8). Lo decisivo son los testigos, es decir, creyentes en cuya vida se pueda intuir y captar la fuerza salvadora y humanizadora que se encierra en Jesucristo cuando es acogido con fe viva y amor.<\/p>\n<p>Y para ello, hemos de tener como tarea prioritaria en nuestras comunidades fortalecer la fe de los fieles, llevando a cabo proce\u00adsos que ayuden a pasar de una fe social (poco viable hoy d\u00eda) a una fe experienciada, que nos convierta en testigos vivos de Jesucristo entre los diferentes ambientes por los que caminamos en la vida.<\/p>\n<p>Para cultivar la experiencia cristiana en los creyentes de nues\u00adtras comunidades ser\u00e1 necesario, entre otras cosas:<\/p>\n<ul>\n<li>Ense\u00f1ar a orar. Muchos de nuestros cristianos s\u00f3lo cono\u00adcen la \u00aboraci\u00f3n de emergencia\u00bb de momentos especiales y la oraci\u00f3n vocal heredada. Es preciso iniciar a ella. En nuestras comunidades hay que organizar talleres y escue\u00adlas de oraci\u00f3n; ofertar materiales oracionales para ser utili\u00adzados en familia; organizar celebraciones especiales en los arciprestazgos para la juventud, con especial implicaci\u00f3n de los movimientos, centros educativos y parroquiales; ofrecer d\u00edas de retiros, de desierto; preparar espacios, que propicien un clima de silencio, recogimiento y oraci\u00f3n.<\/li>\n<li>Preparar y purificar el coraz\u00f3n. Debemos preparar el cami\u00adno que posibilite esa experiencia creyente. Es necesario preparar el terreno antes de la siembra. La fe es un don de Dios, pero requiere una actitud de apertura para recibirlo, se requiere una cierta disposici\u00f3n interior y exterior<span id='easy-footnote-46-120619' class='easy-footnote-margin-adjust'><\/span><span class='easy-footnote'><a href='https:\/\/vincentians.com\/es\/la-transmision-de-la-fe-hoy\/#easy-footnote-bottom-46-120619' title='Cfr. Juan MART\u00cdN VELASCO, &lt;i&gt;La experiencia cristiana de Dios, &lt;\/i&gt;Ed. Trotta, Madrid, 1996, 29-35.'><sup>46<\/sup><\/a><\/span>. Para entrar en este camino, hay que superar la dicotom\u00eda \u00e9tica-m\u00edstica y descubrir que se necesitan mutuamente. Contra\u00adponerlas comporta debilitarlas. La \u00e9tica es la carne de la m\u00edstica; la m\u00edstica, el alma de la \u00e9tica. En el itinerario de la vida en el Esp\u00edritu se han distinguido tres grandes etapas: <i>la v\u00eda purificativa, iluminativa y unitiva. <\/i>Hallamos esta concepci\u00f3n a partir de los escritos de Or\u00edgenes, Evagrio P\u00f3ntico y Dionisio el Areopagita, y es retomada durante la Edad Media por autores como San Buenaventura, Hugo de Bauma y Henri de Souso. Este esquema concibe la vida espiritual como un proceso que va desde una opacidad ini\u00adcial hasta una transparencia final, pasando por grados pro\u00adgresivos de iluminaci\u00f3n a lo largo del camino.<\/li>\n<li>Llevar a cabo procesos de iniciaci\u00f3n o reiniciaci\u00f3n cristia\u00adna. Hay que replantearse seriamente en el seno de nuestras comunidades la iniciaci\u00f3n o reiniciaci\u00f3n cristiana: \u00abUna verdadera iniciaci\u00f3n es algo mucho m\u00e1s rico que un sim\u00adple adoctrinamiento mental. Iniciar es despertar a la expe\u00adriencia de la fe y desde ella enriquecer sus contenidos, orientar la vida moral, familiarizar con la Palabra de Dios y con los grandes s\u00edmbolos de la liturgia, abrir la sensibili\u00addad para servir a la sociedad\u00bb<span id='easy-footnote-47-120619' class='easy-footnote-margin-adjust'><\/span><span class='easy-footnote'><a href='https:\/\/vincentians.com\/es\/la-transmision-de-la-fe-hoy\/#easy-footnote-bottom-47-120619' title='Carta Pastoral de los obispos de Pamplona y Tudela, Bilbao, San Sebas\u00adti\u00e1n y Victoria, &lt;i&gt;Renovar nuestras comunidades cristianas, &lt;\/i&gt;n. 53. Idatz, San Sebasti\u00e1n, 2005.'><sup>47<\/sup><\/a><\/span>.<\/li>\n<li>Hacer lectura creyente de la realidad. Se trata de un instru\u00admento (una m\u00edstica) pastoral que est\u00e1 en la l\u00ednea de escru\u00adtar los signos de los tiempos y del necesario discernimiento comunitario. Parte de la certeza de que Dios est\u00e1 presente en la vida cotidiana, por lo que en todo hecho de vida, cuando se mira con la mirada de Dios, se descubre su presencia misteriosa. A trav\u00e9s de esta lectura creyente se pretende observar y analizar la realidad, constatando los aspectos que favorecen el proyecto de Dios sobre la histo\u00adria y aquellos que lo dificultan. Se interpreta esta realidad a la luz de los criterios b\u00edblicos, evang\u00e9licos y eclesiales, y se planifica un proyecto operativo, que permita incidir en la transformaci\u00f3n de esa realidad.<\/li>\n<\/ul>\n<p>A la hora de pensar en la transmisi\u00f3n de la fe y la cristianiza\u00adci\u00f3n de las nuevas generaciones, la primera condici\u00f3n requerida es la conversi\u00f3n de la Iglesia, la conversi\u00f3n de los cristianos, nuestra propia conversi\u00f3n. As\u00ed lo ha proclamado insistentemente el Papa Juan Pablo II<span id='easy-footnote-48-120619' class='easy-footnote-margin-adjust'><\/span><span class='easy-footnote'><a href='https:\/\/vincentians.com\/es\/la-transmision-de-la-fe-hoy\/#easy-footnote-bottom-48-120619' title='&lt;i&gt;Novo millennio ineunte, &lt;\/i&gt;n 23.'><sup>48<\/sup><\/a><\/span>. La necesidad m\u00e1s urgente de la Iglesia en Occidente, es la necesidad de contar con evangelizadores cre\u00edbles, gracias a un testimonio personal y colectivo de vida santa<span id='easy-footnote-49-120619' class='easy-footnote-margin-adjust'><\/span><span class='easy-footnote'><a href='https:\/\/vincentians.com\/es\/la-transmision-de-la-fe-hoy\/#easy-footnote-bottom-49-120619' title='&lt;i&gt;Ecclesia in Europa, &lt;\/i&gt;n. 49.'><sup>49<\/sup><\/a><\/span>.<\/p>\n<h4>3.2.2. <i>Una comunidad en la que se comparte la nueva forma de vida surgida del evangelio<\/i><\/h4>\n<p>La transmisi\u00f3n y educaci\u00f3n de la fe s\u00f3lo es posible cuando la comunidad que evangeliza, la Iglesia, es una manifestaci\u00f3n radiante de la fe cristina y presenta una manera de vivir que atraiga. Si la Iglesia tiene que presentar al mundo un mensaje de esperanza y de amor, de fe, de justicia y de paz, algo de esto tendr\u00eda que ser visible, audible y tangible en la Iglesia misma (cfr. Hech 2,45-47; 4,32-35). El testimonio de vida de la comu\u00adnidad creyente prepara el camino al Evangelio<span id='easy-footnote-50-120619' class='easy-footnote-margin-adjust'><\/span><span class='easy-footnote'><a href='https:\/\/vincentians.com\/es\/la-transmision-de-la-fe-hoy\/#easy-footnote-bottom-50-120619' title='Cfr. Pablo VI, &lt;i&gt;Evangelii Nuntiandi, &lt;\/i&gt;59-61.'><sup>50<\/sup><\/a><\/span>.<\/p>\n<p>La experiencia cristiana es personal y comunitaria<span id='easy-footnote-51-120619' class='easy-footnote-margin-adjust'><\/span><span class='easy-footnote'><a href='https:\/\/vincentians.com\/es\/la-transmision-de-la-fe-hoy\/#easy-footnote-bottom-51-120619' title='\u00ab&amp;#8216;Creer&amp;#8217; es un acto eclesial. La fe de la Iglesia precede, engendra, con\u00adduce y alimenta nuestra fe\u00bb &lt;i&gt;(Catecismo de la Iglesia Cat\u00f3lica, &lt;\/i&gt;181).'><sup>51<\/sup><\/a><\/span>. Siendo la fe una opci\u00f3n libre y personal, sin embargo nadie la recibe, la comunica ni la vive de forma individual y aislado de los dem\u00e1s creyentes. La fe que recibimos, comunicamos y vivimos es la fe de la Iglesia, la que hemos recibido de nuestros mayores trans\u00admitida interrumpidamente desde los tiempos apost\u00f3licos<span id='easy-footnote-52-120619' class='easy-footnote-margin-adjust'><\/span><span class='easy-footnote'><a href='https:\/\/vincentians.com\/es\/la-transmision-de-la-fe-hoy\/#easy-footnote-bottom-52-120619' title='Cfr. Ib\u00eddem, &lt;i&gt;Transmitir hoy la fe, &lt;\/i&gt;n. 39.'><sup>52<\/sup><\/a><\/span>.<\/p>\n<p>Una tentaci\u00f3n actual es \u00abcreer sin pertenecer\u00bb. Pero sin la referencia eclesial el creyente se sentir\u00eda confuso y perdido. \u00abNo se trata \u2014dicen los obispos vascos\u2014 simplemente de una nece\u00adsidad teol\u00f3gica, sino tambi\u00e9n sociol\u00f3gica: para vivir con inte\u00adgridad la vida cristina y mantener incluso la fe cat\u00f3lica hoy, en tiempos de intemperie, es cada vez m\u00e1s necesario pertenecer efectivamente a la comunidad\u00bb<span id='easy-footnote-53-120619' class='easy-footnote-margin-adjust'><\/span><span class='easy-footnote'><a href='https:\/\/vincentians.com\/es\/la-transmision-de-la-fe-hoy\/#easy-footnote-bottom-53-120619' title='Ib\u00eddem, &lt;i&gt;Renovar nuestras comunidades cristianas, &lt;\/i&gt;n. 58.'><sup>53<\/sup><\/a><\/span>.<\/p>\n<p>La fe es un proceso eminentemente social que no puede rea\u00adlizarse al margen de la comunidad. Eso supone que el primer paso de la evangelizaci\u00f3n tiene que ser una recuperaci\u00f3n del vigor espiritual de la Iglesia y de los cristianos, de las comunida\u00addes parroquiales, de las familias cristianas. El primer paso para poder evangelizar las nuevas generaciones es contar con unas comunidades cristianas que vivan del patrimonio de la Iglesia, de la \u00abfe vivida por los santos\u00bb.<\/p>\n<p>Necesitamos poner en pie unas comunidades cristianas verda\u00adderamente entusiasmadas con Cristo, conscientes de su significaci\u00f3n como Hijo de Dios encarnado para salvar la humanidad entera. Comunidades que se sientan felices por haber conocido a Cristo, verdaderamente arraigadas y centradas en \u00c9l, conscientes de su responsabilidad y de sus posibilidades como testigos de Cristo y portadores de una palabra de salvaci\u00f3n que se mantiene joven y eficaz. Este paso no ser\u00eda realista si no tuvi\u00e9ramos en cuenta los muchos cristianos sinceros que hay en la Iglesia. Es preciso llamarlos, convocarlos, hacerlos verdadera comunidad, en las parroquias, en la Iglesia local, dentro de la comuni\u00f3n cat\u00f3lica.<\/p>\n<p>En cualquier caso, una cosa es cierta. La primera condici\u00f3n para la transmisi\u00f3n o la difusi\u00f3n de la fe en la sociedad actual es la existencia de una comunidad cristiana renovada, espiritual\u00admente vigorosa, unida y consciente del tesoro que posee y de la misi\u00f3n que le incumbe. Una iglesia misionera tiene que ser una Iglesia de santos y de testigos. Esto no es ret\u00f3rica. Es la conclu\u00adsi\u00f3n m\u00e1s evidente de un razonamiento serio y responsable<span id='easy-footnote-54-120619' class='easy-footnote-margin-adjust'><\/span><span class='easy-footnote'><a href='https:\/\/vincentians.com\/es\/la-transmision-de-la-fe-hoy\/#easy-footnote-bottom-54-120619' title='Es elocuente el relieve con el que el Concilio Vaticano II considera el testimonio cristiano como el primer instrumento evangelizador. Cfr. &lt;i&gt;Ad Gentes &lt;\/i&gt;Cap. II, art. 1\u00b0, n. 11.'><sup>54<\/sup><\/a><\/span>.<\/p>\n<p>Las comunidades cristianas est\u00e1n llamadas a ser contextos vitales en los que las personas compartan la nueva forma de vida surgida del evangelio. Situadas en medio de la gran comunidad humana, estas comunidades deber\u00e1n:<\/p>\n<ul>\n<li>ser lugar de encuentro, abriendo puertas y no cerr\u00e1ndolas, sabiendo acoger gratuitamente como Jes\u00fas;<\/li>\n<li>vivir las relaciones de fraternidad y cercan\u00eda; cultivar los v\u00ednculos de conocimiento, amor, ayuda. En nuestras comu\u00adnidades hay que conjugar hogar y libertad, evitando prote\u00adger tanto dentro de ella que se infantilice a los miembros. \u00abHoy el riesgo se llama `fundamentalismo&#8217;, `integrismo&#8217;, `tradicionalismo&#8217;, es decir, incurrir en el &#8216;sectarismo&#8217; de los grupos y movimientos como atm\u00f3sferas cargadas de afectividad y de orientaci\u00f3n estricta, donde todo est\u00e1 pen\u00adsado y controlado\u00bb<span id='easy-footnote-55-120619' class='easy-footnote-margin-adjust'><\/span><span class='easy-footnote'><a href='https:\/\/vincentians.com\/es\/la-transmision-de-la-fe-hoy\/#easy-footnote-bottom-55-120619' title='J. M. MARDONES, &lt;i&gt;En el umbral del ma\u00f1ana. El cristianismo del futuro. &lt;\/i&gt;PPC, Madrid, 2000, 147.'><sup>55<\/sup><\/a><\/span>;<\/li>\n<li>ser comunidades sanantes. \u00abPromover comunidades cris\u00adtianas edificadas sobre la cultura de la comuni\u00f3n y de la solidaridad, capaces de acoger, de hacer vivible la vida, de sanar el propio tejido relacional\u00bb<span id='easy-footnote-56-120619' class='easy-footnote-margin-adjust'><\/span><span class='easy-footnote'><a href='https:\/\/vincentians.com\/es\/la-transmision-de-la-fe-hoy\/#easy-footnote-bottom-56-120619' title='Francisco \u00c1LVAREZ, &lt;i&gt;El evangelio de la salud, &lt;\/i&gt;San Pablo, Madrid, 1999, 54-55.'><sup>56<\/sup><\/a><\/span>;<\/li>\n<li>entrar a gustar el Misterio de Dios. Se trata de descubrir que \u00abya est\u00e1 y vive en nosotros\u00bb (Jn 14,27). Fomentar la m\u00edstica cristiana de los ojos abiertos, que no nos evada de la realidad. Tenemos que conjuntar m\u00edstica y pol\u00edtica, soli\u00addaridad y oraci\u00f3n. Debemos ense\u00f1ar a orar en la vida dia\u00adria, a leer y estudiar la Palabra de Dios, e iniciar en la lec\u00adtura creyente de la realidad;<\/li>\n<li>celebrar la Eucarist\u00eda, como centro y culmen de la vida comunitaria. En cada eucarist\u00eda se anuncia, se celebra y se vive el misterio pascual, pues en ella se halla el Cristo viviente, pan para el camino, alimento para la fe, cimiento para la unidad de la Iglesia, fuerza para el testimonio y el don de s\u00ed<span id='easy-footnote-57-120619' class='easy-footnote-margin-adjust'><\/span><span class='easy-footnote'><a href='https:\/\/vincentians.com\/es\/la-transmision-de-la-fe-hoy\/#easy-footnote-bottom-57-120619' title='Hay un dato que no hemos de menospreciar: muchas personas alejadas asisten varias veces a lo largo de a\u00f1o a celebraciones cristianas por razones de v\u00ednculos familiares o sociales. Algunas se sienten inc\u00f3modas y extra\u00f1as, otras indiferentes, la mayor\u00eda en actitud de respeto. Una celebraci\u00f3n vivida de mane\u00adra aut\u00e9ntica, con una participaci\u00f3n sentida por parte de los creyentes, puede tener un impacto evangelizador m\u00e1s fuerte que muchas palabras.'><sup>57<\/sup><\/a><\/span>;<\/li>\n<li>servir a los pobres. La atenci\u00f3n y servicio a los pobres debe ser primordial para ella, buscando respuestas solidarias y significativas a la exclusi\u00f3n o pobreza existente. La m\u00edsti\u00adca cristiana mira hacia la realidad doliente de la humani\u00addad, y ah\u00ed mismo experimenta la interpelaci\u00f3n de Dios, que le empuja a tomar una postura.<\/li>\n<li>ser comunidades vivas, comprometidas con el hombre de hoy, viviendo entre la gente, siendo luz y fermento de humanizaci\u00f3n, liberaci\u00f3n, sanaci\u00f3n. Su acci\u00f3n eclesial debe realizarla desde la b\u00fasqueda y promoci\u00f3n de los valo\u00adres del Reino, llevando a cabo el poder humanizador de la fe y promoviendo la justicia y la solidaridad<span id='easy-footnote-58-120619' class='easy-footnote-margin-adjust'><\/span><span class='easy-footnote'><a href='https:\/\/vincentians.com\/es\/la-transmision-de-la-fe-hoy\/#easy-footnote-bottom-58-120619' title='Cfr. Arzobispado de M\u00e9rida-Badajoz, &lt;i&gt;La Pastoral de la acogida y la misericordia. &lt;\/i&gt;Separata del Bolet\u00edn oficial del Arzobispado, cap. IV-V, (n. 3 Noviembre-Diciembre, 1999).'><sup>58<\/sup><\/a><\/span>;<\/li>\n<li>hacerse \u00abco-loquio\u00bb<span id='easy-footnote-59-120619' class='easy-footnote-margin-adjust'><\/span><span class='easy-footnote'><a href='https:\/\/vincentians.com\/es\/la-transmision-de-la-fe-hoy\/#easy-footnote-bottom-59-120619' title='Cfr. Pablo VI, &lt;i&gt;Eclesiam suam, &lt;\/i&gt;49.'><sup>59<\/sup><\/a><\/span>, haciendo su oferta evangelizadora desde el di\u00e1logo, la k\u00e9nosis y la debilidad. \u00abHace falta rea\u00advivar en nosotros el impulso de los or\u00edgenes, dej\u00e1ndonos impregnar por el ardor de la predicaci\u00f3n apost\u00f3lica des\u00adpu\u00e9s de Pentecost\u00e9s\u00bb<span id='easy-footnote-60-120619' class='easy-footnote-margin-adjust'><\/span><span class='easy-footnote'><a href='https:\/\/vincentians.com\/es\/la-transmision-de-la-fe-hoy\/#easy-footnote-bottom-60-120619' title='&lt;i&gt;Novo Millenio Ineunte, &lt;\/i&gt;40.'><sup>60<\/sup><\/a><\/span>;<\/li>\n<li>vivir en unidad y corresponsabilidad, poniendo cada cual su carisma o ministerio al servicio de los dem\u00e1s. \u00abAntes de programar iniciativas concretas, hace falta promover una espiritualidad de la comuni\u00f3n, proponi\u00e9ndola como princi\u00adpio educativo en todos los lugares donde se forma el hom\u00adbre y el cristiano\u00bb<span id='easy-footnote-61-120619' class='easy-footnote-margin-adjust'><\/span><span class='easy-footnote'><a href='https:\/\/vincentians.com\/es\/la-transmision-de-la-fe-hoy\/#easy-footnote-bottom-61-120619' title='NMI, 43.'><sup>61<\/sup><\/a><\/span>;<\/li>\n<li>formar a sus miembros, para que lleguen a superar la rup\u00adtura entre fe y vida. \u00abLa formaci\u00f3n de los laicos ha de con\u00adtribuir a vivir en la unidad dimensiones que, siendo distin\u00adtas, tienden con frecuencia a escindirse: vocaci\u00f3n a la santidad y misi\u00f3n de santificar el mundo; ser miembro de la comunidad eclesial y ciudadano de la sociedad civil; condici\u00f3n eclesial e \u00edndole secular en la unidad de la nove\u00addad cristiana; solidario con los hombres y testigo del Dios vivo; servidor y libre; comprometido en la liberaci\u00f3n de los hombres y contemplativo; empe\u00f1ado en la renovaci\u00f3n de la humanidad y en la propia conversi\u00f3n personal; vivir en el mundo, sin ser del mundo, como el alma en el cuer\u00adpo, as\u00ed los cristianos en el mundo. El cristiano laico se forma especialmente en la acci\u00f3n. Un modo eficaz en su formaci\u00f3n es la revisi\u00f3n de vida, avalado por la experien\u00adcia y recomendado por el magisterio de la Iglesia\u00bb<span id='easy-footnote-62-120619' class='easy-footnote-margin-adjust'><\/span><span class='easy-footnote'><a href='https:\/\/vincentians.com\/es\/la-transmision-de-la-fe-hoy\/#easy-footnote-bottom-62-120619' title='CEE., &lt;i&gt;Los Cristianos laicos, Iglesia en el mundo, 77.&lt;\/i&gt;'><sup>62<\/sup><\/a><\/span>;<\/li>\n<li>aprender de los increyentes. Es necesario escuchar y dejamos ense\u00f1ar por aquellos que no comparten la fe. Ellos nos ense\u00ad\u00f1an que Dios no es una evidencia sino un Misterio que nunca acabamos de comprender ni poseer nadie. Nos invitan a criti\u00adcar representaciones interesadas y utilitaristas de Dios, a puri\u00adficar nuestra fe, y nos estimulan a buscar con m\u00e1s sinceridad.<\/li>\n<\/ul>\n<p>Y en relaci\u00f3n a lo que ha de transmitir la comunidad, deberemos centrarnos en lo que es lo esencial de la fe. Por eso, es necesario reconsiderar los contenidos de la transmisi\u00f3n de la fe: el Evangelio de Dios, la Buena Noticia de Salvaci\u00f3n, que llama a una nueva forma de vivir, vinculada a la forma de vivir de Jes\u00fas, el Cristo, cru\u00adcificado injustamente por los poderes de su tiempo y resucitado de entre los muertos por la fuerza del amor del Padre Dios.<\/p>\n<p>\u00abTransmitir la fe es proponer lo nuclear del mensaje cristia\u00adno, el credo de la Iglesia, no como una f\u00f3rmula, sino como un mensaje cargado de referencia y motivos para vivir de otra manera, desde una perspectiva: la del mismo Dios\u00bb<span id='easy-footnote-63-120619' class='easy-footnote-margin-adjust'><\/span><span class='easy-footnote'><a href='https:\/\/vincentians.com\/es\/la-transmision-de-la-fe-hoy\/#easy-footnote-bottom-63-120619' title='Carta Pastoral de los obispos de Pamplona y Tudela, Bilbao, San Sebas\u00adti\u00e1n y Victoria, &lt;i&gt;Transmitir hoy la fe, n. 39.&lt;\/i&gt;'><sup>63<\/sup><\/a><\/span>.<\/p>\n<p>Toda la comunidad est\u00e1 llamada a proponer la fe, todos somos corresponsables en la transmisi\u00f3n de la fe, aunque cada uno ha de aportar su propio carisma o ministerio<span id='easy-footnote-64-120619' class='easy-footnote-margin-adjust'><\/span><span class='easy-footnote'><a href='https:\/\/vincentians.com\/es\/la-transmision-de-la-fe-hoy\/#easy-footnote-bottom-64-120619' title='\u00abTodos los miembros de la comunidad cristiana son responsables de la comuni\u00f3n y de la misi\u00f3n; sin contraposici\u00f3n. Todos y cada uno de los miem\u00adbros de nuestras comunidades han de tomar conciencia de la urgente necesi\u00addad, m\u00e1s a\u00fan, de la misi\u00f3n y correspondiente responsabilidad de participar activamente en la \u00fanica y com\u00fan misi\u00f3n de la Iglesia. Todos, sin exclusi\u00f3n&amp;#8230;\u00bb (C.E.E. &lt;i&gt;Los Cristianos Laicos, Iglesia en el mundo, &lt;\/i&gt;32).'><sup>64<\/sup><\/a><\/span>. En esta tarea los laicos han de sentirse urgidos a llevar a cabo la Nueva evangelizaci\u00f3n<span id='easy-footnote-65-120619' class='easy-footnote-margin-adjust'><\/span><span class='easy-footnote'><a href='https:\/\/vincentians.com\/es\/la-transmision-de-la-fe-hoy\/#easy-footnote-bottom-65-120619' title='\u00ab&amp;#8230; En un mundo secular los laicos \u2014hombres y mujeres, ni\u00f1os, j\u00f3venes y ancianos\u2014, son los nuevos samaritanos, protagonistas de la nueva evangeli\u00adzaci\u00f3n, con el Esp\u00edritu Santo que se les ha dado. El Esp\u00edritu Santo impulsa a los evangelizadores y hace que se conviertan, comprendan y acepten el evan\u00adgelio que se les propone. La nueva evangelizaci\u00f3n se har\u00e1, sobre todo, por los laicos, o no se har\u00e1\u00bb (C.E.E. &lt;i&gt;Los Cristianos laicos, Iglesia en el mundo, &lt;\/i&gt;148).'><sup>65<\/sup><\/a><\/span>.<\/p>\n<p>Dentro de la comunidad, quiero hacer hincapi\u00e9 en la familia, que en las actuales circunstancias ha de seguir transmitiendo la fe, sin desfallecer. La mayor\u00eda de los padres han dejado de ini\u00adciar religiosamente a sus hijos, en gran medida porque est\u00e1n ale\u00adjados de la pr\u00e1ctica religiosa e incluso de la fe. A lo sumo lo hacen las abuelas.<\/p>\n<p>Si algunos ya han renunciado a su deber de maestros, muchos m\u00e1s son los que lo han hecho a su deber de testigos. Ciertamen\u00adte, hay un sector m\u00ednimo de familias que siguen transmitiendo la experiencia de Dios, sobre todos cuando los padres son creyen\u00adtes y militantes en la parroquia o alg\u00fan movimiento o asociaci\u00f3n, con variadas visiones y experiencias de Dios. Hoy no hay la uni\u00adformidad que se dio en \u00e9pocas pasadas.<\/p>\n<p>El primer medio del anuncio de Dios para innumerables generaciones de cat\u00f3licos, hasta hace pocas d\u00e9cadas, ha sido la familia. Ella ha sido la encargada de llevar a cabo el despertar de la fe. Y hoy es quien puede ofrecer al ni\u00f1o una \u00abexperiencia reli\u00adgiosa\u00bb, pero en un clima de afecto, confianza y amor que ning\u00fan otro grupo puede f\u00e1cilmente asegurar. Los padres de familia en la transmisi\u00f3n de la fe deben ser m\u00e1s testigos que maestros. Son ellos, los que como testigos poseen una autoridad moral, que no posee otra instituci\u00f3n o grupo.<\/p>\n<p>En el hogar el ni\u00f1o puede captar conductas, valores, s\u00edmbo\u00adlos y experiencias religiosas pero no de cualquier manera, sino con afecto. Todos los estudios apuntan hacia la misma direcci\u00f3n: la fe religiosa depende, en buena parte, de que la persona haya tenido de ella una experiencia positiva. El individuo vuelve casi siempre a aquello que ha vivido en sus primeros arios con satis\u00adfacci\u00f3n, seguridad y sentido. Por el contrario, si falta esta expe\u00adriencia positiva b\u00e1sica en el hogar ser\u00e1 muy dif\u00edcil luego desper\u00adtarla en otros \u00e1mbitos como la parroquia o el colegio.<\/p>\n<p>En primer lugar, es fundamental que los padres se quieran y que los hijos lo puedan percibir as\u00ed. Ese amor entre los padres es la base para crear un clima de confianza y seguridad para la con\u00advivencia y tambi\u00e9n para el crecimiento de la fe.<\/p>\n<p>Es esencial tambi\u00e9n el afecto hacia los hijos. La atenci\u00f3n per\u00adsonal a cada uno, el respeto y la cercan\u00eda, el cuidado sol\u00edcito, el tiempo dedicado a escucharlos a solas. Los padres s\u00f3lo pueden ser modelo de identificaci\u00f3n para los hijos si \u00e9stos se sienten queridos.<\/p>\n<p>Es importante el clima de comunicaci\u00f3n. \u00c9ste s\u00f3lo es posible cuando se evita lo que genera mutua desconfianza y distancia\u00admiento. Se necesita, adem\u00e1s, asegurar momentos de conviven\u00adcia. Lo decisivo no es tener m\u00e1s tiempo para estar juntos, sino que cuando la familia se re\u00fane todos se sientan a gusto y se pueda dar un intercambio confiado.<\/p>\n<p>Hay que recordar tambi\u00e9n la coherencia entre lo que se pide a los hijos y el propio comportamiento. Los padres pueden tener errores y fallos, pero lo importante es que los hijos perciban un comportamiento de fondo, que trata de ser fiel a las propias con\u00advicciones religiosas.<\/p>\n<p>La fe pide un clima, un comportamiento, unas actitudes. Para ello, los padres han de:<\/p>\n<ul>\n<li>Confesar la propia fe manifestando lo que a uno le aporta. Narrar la propia experiencia de fe.<\/li>\n<li>Orar juntos. La dificultad est\u00e1 en que los esposos est\u00e1n condicionados por la falta de costumbre y un cierto pudor inicial. Sin embargo, una oraci\u00f3n sencilla hace bien a la pareja y es la base para suscitar la oraci\u00f3n en el hogar.<\/li>\n<li>Cuidar m\u00e1s el tono festivo del domingo y de las grandes fiestas cristianas.<\/li>\n<li>Prestar atenci\u00f3n a las necesidades de los m\u00e1s pobres, cultivar el sentido de la solidaridad, la justicia y el amor gratuito.<\/li>\n<li>Educar en c\u00f3mo ser ciudadanos creyentes.<\/li>\n<li>Compartir la experiencia del perd\u00f3n ofrecido y recibido sinceramente.<\/li>\n<li>Introducir alg\u00fan signo o imagen religiosa de buen gusto en la sala de estar o en los dormitorios.<\/li>\n<li>Ambientar el hogar en tiempos especiales como la Navidad o la Pascua. Cuando una familia se siente creyente lo refleja en su entorno.<\/li>\n<li>No olvidar que lo decisivo es siempre el amor y la perte\u00adnencia a una misma familia en la que Dios quiere a todos, creyentes y no creyentes.<\/li>\n<li>&#8230;<\/li>\n<\/ul>\n<p>Hay que aprovechar la capacidad evangelizadora de las pocas familias cristianas que hay en nuestras parroquias<span id='easy-footnote-66-120619' class='easy-footnote-margin-adjust'><\/span><span class='easy-footnote'><a href='https:\/\/vincentians.com\/es\/la-transmision-de-la-fe-hoy\/#easy-footnote-bottom-66-120619' title='Cfr. &lt;i&gt;Novo Millenio Ineunte, &lt;\/i&gt;47.'><sup>66<\/sup><\/a><\/span>. Identificar\u00adlas, invitarlas, reunirlas, concienciarlas, apoyarlas. Construir con ellas una verdadera comunidad catecumenal y catequ\u00e9tica. Hay que intentar que las parroquias sean verdaderas <i>comunidades catecumenales con capacidad de engendrar cristianos nuevos. <\/i>Por lo menos que el n\u00facleo de la comunidad parroquial sea una peque\u00f1a comunidad de cristianos convertidos, orantes, convi\u00advientes y actuantes.<\/p>\n<p>Los Movimientos tienen que sentirse llamados a colaborar en esta renovaci\u00f3n espiritual, comunitaria y apost\u00f3lica de las parro\u00adquias y de la Iglesia local entera. Para ello tiene que darse una convergencia entre Movimientos y Parroquias que ahora no se da. Esta necesidad de acercamiento real entre parroquias y movi\u00admientos aparece claramente formulado en la Exhortaci\u00f3n Apost\u00f3lica <i>Ecclesia in Europa<\/i><span id='easy-footnote-67-120619' class='easy-footnote-margin-adjust'><\/span><span class='easy-footnote'><a href='https:\/\/vincentians.com\/es\/la-transmision-de-la-fe-hoy\/#easy-footnote-bottom-67-120619' title='&lt;i&gt;Ecclesia in Europa, &lt;\/i&gt;n. 15.'><sup>67<\/sup><\/a><\/span>. Los Movimientos tienen que ser de verdad parroquiales y diocesanos. Las comunidades parroquiales y diocesanas tienen que incorporarlos sin reticencias y asimilar ellas mismas las notas m\u00e1s gen\u00e9ricas y eclesiales de los Movi\u00admientos.<\/p>\n<p>Si en la comunicaci\u00f3n de la fe hemos de tener presente no s\u00f3lo los elementos verbales, sino tambi\u00e9n los paraverbales y no verbales, se impone, como hemos querido poner de manifiesto, en este apartado sobre una comunidad renovada en su interior, lo que llamar\u00edamos pastoral de la autenticidad. Antes que un con\u00adjunto de proyectos, acciones o campa\u00f1as expresamente evange\u00adlizadoras, el medio por excelencia de la transmisi\u00f3n de la fe es la misma vida de los creyentes y de la comunidad cristiana. La vida cristiana vivida deber\u00eda presentar un determinado modelo de existencia que resultara atractivo por su calidad intr\u00ednseca<\/p>\n<h3>3.3. Una comunidad que propone la Fe<\/h3>\n<p>Anteriormente hemos hablado del emisor, ahora nos situamos en aquellos a los que va dirigido nuestro mensaje: los receptores. Independientemente de si son cat\u00f3licos o no, creyentes en algo o en nada, j\u00f3venes o adultos&#8230; todos ellos comparten algo en com\u00fan: las necesidades y los anhelos de los hombres y mujeres que habitan el contexto antes descrito. Ning\u00fan mensaje tiene sentido si no responde a las necesidades de aquellos a los que va dirigido.<\/p>\n<p>Por aqu\u00ed aparece una senda que nos puede ayudar en este recorrido: como nosotros somos tambi\u00e9n receptores, buceando en nuestras necesidades lograremos identificar las de aquellos que nos van a escuchar, y al poner nombre a c\u00f3mo el mensaje que queremos transmitir llena y satisface esas necesidades pro\u00adpias, estaremos ya articulando las palabras para formularlo.<\/p>\n<p>Para estructurar todo esto, nos vamos a ayudar de la pir\u00e1mi\u00adde de necesidades que Maslow<span id='easy-footnote-68-120619' class='easy-footnote-margin-adjust'><\/span><span class='easy-footnote'><a href='https:\/\/vincentians.com\/es\/la-transmision-de-la-fe-hoy\/#easy-footnote-bottom-68-120619' title='Maslow, A., &lt;i&gt;El hombre autorrealizado. &lt;\/i&gt;Kair\u00f3s, Barcelona. 1982.'><sup>68<\/sup><\/a><\/span> dibuja:<\/p>\n<p><a href=\"https:\/\/i0.wp.com\/vicencianos.org\/wp-content\/2013\/05\/piramide_de_maslow.jpg\"><img data-recalc-dims=\"1\" loading=\"lazy\" decoding=\"async\" class=\"aligncenter size-large wp-image-121720\" src=\"https:\/\/i0.wp.com\/vicencianos.org\/wp-content\/2013\/05\/piramide_de_maslow-1024x690.jpg?resize=600%2C404\" alt=\"piramide_de_maslow\" width=\"600\" height=\"404\" \/><\/a><\/p>\n<p>Esta teor\u00eda de Masolw, establece una jerarqu\u00eda de cinco nece\u00adsidades: Fisiol\u00f3gicas, de Seguridad, Sociales, de Estima y de Autorrealizaci\u00f3n, y, cuando se satisface una parte importante de cada una de estas necesidades domina la siguiente necesidad.<\/p>\n<p style=\"padding-left: 30px\">a) Necesidades fisiol\u00f3gicas.: Incluye hambre, sed, abrigo, sexo y otras necesidades corporales.<\/p>\n<p style=\"padding-left: 30px\">b) Necesidad de seguridad. Incluye la seguridad y protecci\u00f3n contra da\u00f1os materiales y emocionales.<\/p>\n<p style=\"padding-left: 30px\">c) Necesidades sociales. Incluyen el afecto, el sentimiento de pertenencia, de aceptaci\u00f3n y de amistad.<\/p>\n<p style=\"padding-left: 30px\">d) Necesidad de autoestima. Incluye factores de estima internos como el respeto a s\u00ed mismo, la autonom\u00eda, etc., y factores de estima externos como la posici\u00f3n, el recono\u00adcimiento, el sentirse apreciado y la atenci\u00f3n.<\/p>\n<p style=\"padding-left: 30px\">e) Necesidad de autorrealizaci\u00f3n. El impulso por llegar a ser aquello para lo cual uno tiene capacidad. Incluye creci\u00admiento, realizaci\u00f3n y aprovechamiento de todo el poten\u00adcial propio.<\/p>\n<p>\u00bfCu\u00e1les de estas necesidades tenemos todos en general, m\u00e1s insatisfechas en este momento hist\u00f3rico-social en el que vivimos?<\/p>\n<p>Si empezamos desde abajo, la comida y la higiene m\u00ednima a unos nos sobra y a otros les falta. Pero no parece que la fe vaya a satisfacer mucho estas necesidades&#8230; Aunque es curioso ver c\u00f3mo en el evangelio, Jes\u00fas da de comer, y sana&#8230; Y tambi\u00e9n es curioso ver c\u00f3mo en las sociedades de la opulencia hay tantos trastornos de alimentaci\u00f3n&#8230; \u00bfQu\u00e9 otro hambre y qu\u00e9 otra sed se mueven por debajo?<\/p>\n<p>Necesidad de seguridad. Nuestro mundo de hoy es de todo menos seguro. El ser humano actual tiene miedo, un miedo intenso en medio de tanto progreso. Nunca hab\u00edan florecido tanto las empresas de seguros, los planes de jubilaci\u00f3n, las medi\u00addas de seguridad&#8230; En momentos de cambio todo se mueve. \u00bfHabr\u00e1 algo inmutable? \u00bfExistir\u00e1 algo s\u00f3lido en lo que asentar\u00adnos? Cuando nosotros sentimos este miedo, esta inseguridad \u00bfa qu\u00e9 recurrimos? \u00bfaquello en que creemos nos aporta seguridad, nos da paz y fuerza, mantiene nuestra esperanza? \u00bfgenera cam\u00adbios en nuestros estados de \u00e1nimo, o se queda s\u00f3lo en nuestra cabeza, incidiendo en nuestras ideas, pero s\u00f3lo en ellas, dividi\u00e9n\u00addonos entre nuestra cabeza que s\u00ed cree y unas emociones y una sensibilidad que no se ven afectadas ni transformadas?<\/p>\n<p>Necesidades sociales. \u00bfQui\u00e9n no necesita en su vida del afec\u00adto? El ser humano es un ser social, es decir, necesitado de los otros para vivir y evolucionar. Y esa necesidad se expresa en nuestro deseo de ser amados, de ser deseados: El mayor deseo del ser humano es ser deseado dice Xavier Quinz\u00e1<span id='easy-footnote-69-120619' class='easy-footnote-margin-adjust'><\/span><span class='easy-footnote'><a href='https:\/\/vincentians.com\/es\/la-transmision-de-la-fe-hoy\/#easy-footnote-bottom-69-120619' title='Cfr. Xavier QUINZ\u00c1, &lt;i&gt;Desde la zarza. Para una mitolog\u00eda del deseo. &lt;\/i&gt;Ed. DDB, Bilbao, 2003.'><sup>69<\/sup><\/a><\/span>. Las pel\u00edculas, las canciones, el arte, nuestros planes y proyectos, nuestros sue\u00f1os y anhelos&#8230; \u00bfno expresan continuamente esta necesidad honda de ser queridos, aceptados y valorados por los dem\u00e1s? \u00bfNo sentimos nuestra vida con un vac\u00edo grande si nos faltan los amigos? \u00bfNo buscamos todos grupos de referencia, comunida\u00addes, espacios diversos a los que nos sintamos pertenecer? Y pre\u00adcisamente hoy, en esta \u00e9poca, esta necesidad est\u00e1 viva y palpi\u00adtante. \u00a1Cu\u00e1nto p\u00e1nico a la soledad! \u00a1Cu\u00e1nto deseo de conectar con alguien! \u00a1Cu\u00e1nta necesidad de contacto y de cercan\u00eda! Desde estas vivencias que todos experimentamos nos hacemos una pregunta: Aquello en lo que creemos \u00bfinvade nuestros afectos? \u00bfdinamiza nuestro cari\u00f1o? \u00bfnos implica en grupos? \u00bfnos hace m\u00e1s amigables? Santa Teresa dec\u00eda a las hermanas de sus comu\u00adnidades que \u00abcuanto m\u00e1s santas m\u00e1s conversables\u00bb.<\/p>\n<p>Necesidad de estima. \u00a1Ser valorados, admirados, reconocidos&#8230;! La apariencia f\u00edsica, el resultar atractivos, tener un buen tipo, vestir bien, ser aplaudidos profesionalmente, tener \u00e9xito, que nos presten atenci\u00f3n&#8230; \u00bfQui\u00e9n no aspira hoy a ello? \u00bfQui\u00e9n dir\u00eda que no le afec\u00adta nada todo esto? Desde luego, si no afectase a muchos millones de personas, nuestra sociedad de consumo dejar\u00eda de existir. Y \u00bfcu\u00e1n\u00addo se ha hablado m\u00e1s de la necesidad de una buena autoestima, cu\u00e1ndo se ha peleado m\u00e1s por lograr la autonom\u00eda personal y cu\u00e1n\u00addo se ha gritado m\u00e1s nuestro derecho a que se respete nuestra dig\u00adnidad? \u00bfTiene algo que decir a estas necesidades nuestra fe?<\/p>\n<p>Necesidad de autorrealizaci\u00f3n. Proliferan por doquier los cur\u00adsos de conocimiento personal, los libros de autoconocimiento y autoayuda, se alzan como \u00eddolos de masas los gur\u00fas de la auto\u00adrrealizaci\u00f3n personal. El hombre de hoy est\u00e1 necesitado de sen\u00adtido. Victor Frankl hablaba de lo que ser\u00eda la gran neurosis del hombre de este siglo: la falta de sentido. Ansiedades y depresio\u00adnes se colocan en los primeros lugares de los padecimientos ps\u00ed\u00adquicos de nuestro primer mundo. Rodeados de riquezas de todo tipo, no sabemos muy bien para qu\u00e9 vivimos. Cierto que no nos interesa plante\u00e1rnoslo, que hechizados y ahogados por tanto est\u00edmulo exterior creemos que no pensando y no mirando dentro de nosotros seremos m\u00e1s felices \u00a1c\u00f3mo los ni\u00f1os peque\u00f1os que creen que cuando se tapan los ojos los dem\u00e1s ya no les ven! Pero cuando nos cerca el sufrimiento, la enfermedad, el paro&#8230; cuando ya no nos sentimos \u00fatiles, o valiosos, o productivos, cuando nos quedamos solos&#8230; entonces nos rodea esa sensaci\u00f3n que tan bien conocemos los hombres y mujeres de esta \u00e9poca: esa sensaci\u00f3n hecha con la mezcla del vac\u00edo y de la angustia. Yen medio de tanta algarab\u00eda, de tanto ruido, de informaciones tan variadas, de est\u00ed\u00admulos llenos de colorido y m\u00fasica, de tanto \u00abpoder\u00edo\u00bb, los seres humanos tenemos miedo: miedo a no llegar a esa plenitud que ansiamos, miedo a no poder ser nosotros mismos, miedo de que la vida vaya pasando sin que nos sintamos realizados y satisfechos.<\/p>\n<p>Defin\u00edamos como una caracter\u00edstica de la posmodernidad la vuelta a lo sagrado. L\u00f3gicamente, al estar tan satisfechos mate\u00adrialmente necesitamos de lo espiritual para alcanzar el equilibrio, necesitamos algo que nos d\u00e9 sentido. El hombre y la mujer de hoy, todos nosotros, tenemos ansia de encontrar algo aut\u00e9ntico m\u00e1s all\u00e1 de lo exterior, tenemos sed de sentido y lo buscamos en nuestro retorno a los dioses.<\/p>\n<p>\u00a1Tenemos sed! \u00bfNo vienen a nuestra imaginaci\u00f3n ese pozo de Samaria, esa mujer con su c\u00e1ntaro y ese hombre que se atreve a ofrecer un agua que calmar\u00e1 para siempre toda nuestra sed?. \u00bfQu\u00e9 sucede pues, para que nosotros, que se supone que conoce\u00admos a ese tal Jes\u00fas, que sabemos d\u00f3nde vive y cu\u00e1l es esa agua, no s\u00f3lo no aliviemos la sed de los dem\u00e1s, sino que andemos tam\u00adbi\u00e9n despistados sin saber c\u00f3mo beber y saciarnos nosotros?<\/p>\n<h4>3.3.1. <i>La presencia y la participaci\u00f3n en la vida de la gente<\/i><\/h4>\n<p>Para detectar y tratar de responder a las necesidades concre\u00adtas de las personas que nos rodean, hemos de hacernos presentes en sus vidas, participar en su mundo y caminar con ellos, como hizo Jes\u00fas con los disc\u00edpulos de Ema\u00fas.<\/p>\n<p>Creemos en una Palabra encarnada, lo cual quiere decir que habita en la carne de la humanidad. Se ha hecho carne y se ha hecho historia. Es una Palabra que asume, ratifica, confirma lo que hay de Dios en la humanidad, lo que hay de divino, y lo que hay de verdaderamente humano en la creaci\u00f3n, en la sociedad, en la historia.<\/p>\n<p>El Dios encarnado es un Dios humano, normal, sencillo. Est\u00e1 presente y se deja ver entre personas de poca importancia, en suce\u00adsos insignificantes, en ambientes seculares. Es el Dios que respon\u00adde, desde el contacto con las personas, a sus necesidades vitales.<\/p>\n<p>La Iglesia tambi\u00e9n ha de ser una Iglesia encarnada en el mundo: \u00abEs necesario que la Iglesia est\u00e9 presente en estos grupos huma\u00adnos por medio de sus hijos, que viven entre ellos o que a ellos son enviados. Porque todos los cristianos, dondequiera que vivan, est\u00e1n obligados a manifestar con el ejemplo de su vida y el testimonio de la palabra el hombre nuevo de que se revistieron por el bautismo, y la virtud del Esp\u00edritu Santo\u00bb<span id='easy-footnote-70-120619' class='easy-footnote-margin-adjust'><\/span><span class='easy-footnote'><a href='https:\/\/vincentians.com\/es\/la-transmision-de-la-fe-hoy\/#easy-footnote-bottom-70-120619' title='&lt;i&gt;Ad Gentes, &lt;\/i&gt;11.'><sup>70<\/sup><\/a><\/span>. Se trata de vivir la espiritualidad de Nazaret como bella y profundamente ha expuesto Emmanuel Asi, en su libro <i>El rostro humano de Dios<\/i><span id='easy-footnote-71-120619' class='easy-footnote-margin-adjust'><\/span><span class='easy-footnote'><a href='https:\/\/vincentians.com\/es\/la-transmision-de-la-fe-hoy\/#easy-footnote-bottom-71-120619' title='C. Emmanuel As\u00ed, &lt;i&gt;El rostro humano de Dios. La espiritualidad de Naza\u00adret. &lt;\/i&gt;Narcea, Madrid, 2004.'><sup>71<\/sup><\/a><\/span>.<\/p>\n<p>La presencia constituye una especie de primer mandamiento de la acci\u00f3n misionera para testimoniar y anunciar el Evangelio con la vida y la palabra. Lo primero que es necesario hacer es \u00abIr\u00bb. Jes\u00fas dice a los ap\u00f3stoles: \u00a1Id! \u00a1Haced disc\u00edpulos! (Mt. 28,19-20). El ir a los otros, a los no cristianos, la presencia en medio de ellos (a menudo como uno de ellos), parece ser un prin\u00adcipio primario de todo anuncio del Evangelio. La presencia es la condici\u00f3n b\u00e1sica y, al mismo tiempo, el primer modo de anunciar el Evangelio<span id='easy-footnote-72-120619' class='easy-footnote-margin-adjust'><\/span><span class='easy-footnote'><a href='https:\/\/vincentians.com\/es\/la-transmision-de-la-fe-hoy\/#easy-footnote-bottom-72-120619' title='\u00abEl primer anuncio, que todo cristiano est\u00e1 llamado a realizar, participa del \u00abid\u00bb, que Jes\u00fas propuso a sus disc\u00edpulos: implica, por tanto, salir, adentrarse, proponer\u00bb &lt;i&gt;(Directorio General para la catequesis, &lt;\/i&gt;61).'><sup>72<\/sup><\/a><\/span>. Lo segundo, es \u00abVenid y lo ver\u00e9is\u00bb (Jn 1, 38-39). Hay que estar presentes en medio de los otros como portadores, representantes de otra realidad. Por eso, pueden invitar a los otros a \u00abvenir y ver\u00bb c\u00f3mo esa realidad evang\u00e9lica transforma al hombre en sentido positivo: conocer en directo la realidad del Evangelio que act\u00faa en la vida de personas humanas, tener expe\u00adriencia del cristianismo<span id='easy-footnote-73-120619' class='easy-footnote-margin-adjust'><\/span><span class='easy-footnote'><a href='https:\/\/vincentians.com\/es\/la-transmision-de-la-fe-hoy\/#easy-footnote-bottom-73-120619' title='Cfr. Joseph GEVAERT, &lt;i&gt;El primer anuncio. Proponer el Evangelio a quien no conoce a Cristo. &lt;\/i&gt;Sal Terrae, Santander, 2001, 44-69.'><sup>73<\/sup><\/a><\/span>.<\/p>\n<p>Se trata de una presencia gratuita, compasiva y servicial. El evangelizador s\u00f3lo podr\u00e1 ser aceptado y acogido en la medida en que primero acepte positivamente a las personas y muchos aspectos de su vida, cultura y religi\u00f3n. Y esto requiere tiempo. La comprensi\u00f3n mutua y un cierto nivel de confianza rec\u00edproca no se consiguen de un d\u00eda para otro. Hay que querer a la gente, y as\u00ed se logra hacerse querer. Para ello es necesario estar presen\u00adte en medio de ellos, participar en su vida y apreciar lo que a ellos les gusta.<\/p>\n<p>Una verdadera presencia requiere la participaci\u00f3n sincera en la cultura y en la vida de la gente, al menos del grupo local donde el evangelizador est\u00e1 presente. No se puede evangelizar desde lejos, sin implicarse con la gente, sin compartir sus preocupaciones y alegr\u00edas. Recordemos lo que anteriormente manifest\u00e1bamos, y que Juan Pablo II nos lo recordaba en la <i>Redemptoris missio: <\/i>\u00abEl hombre contempor\u00e1neo cree m\u00e1s a los testigos que a los maestros, cree m\u00e1s en la experiencia que en la doctrina, en la vida y los hechos que en las teor\u00edas. El tes\u00adtimonio de vida cristiana es la primera e insustituible forma de la misi\u00f3n\u00bb<span id='easy-footnote-74-120619' class='easy-footnote-margin-adjust'><\/span><span class='easy-footnote'><a href='https:\/\/vincentians.com\/es\/la-transmision-de-la-fe-hoy\/#easy-footnote-bottom-74-120619' title='&lt;i&gt;Redemptoris missio, 42. &lt;\/i&gt;Cfr. &lt;i&gt;Evangelii Nuntiandi, 21.&lt;\/i&gt;'><sup>74<\/sup><\/a><\/span>.<\/p>\n<p>El creyente act\u00faa desde la experiencia que vive, y es esa experiencia la que le lleva a comprometerse con el hermano, a buscar c\u00f3mo transformar la realidad en la que \u00e9l se encuentra. Porque evangelizar es transformar la realidad hacia un mundo de fraternidad, dignidad y libertad que manifiesta nuestro ser de hermanos e hijos de un Dios Padre<span id='easy-footnote-75-120619' class='easy-footnote-margin-adjust'><\/span><span class='easy-footnote'><a href='https:\/\/vincentians.com\/es\/la-transmision-de-la-fe-hoy\/#easy-footnote-bottom-75-120619' title='\u00abSupone alcanzar y transformar con la fuerza del Evangelio los criterios de juicio, los valores determinantes, los puntos de inter\u00e9s, las l\u00edneas de pen\u00adsamiento, las fuentes inspiradoras y los modelos de vida de la humanidad, que est\u00e1n en contraste con la Palabra de Dios y con el designio de salvaci\u00f3n\u00bb (EN, 19).'><sup>75<\/sup><\/a><\/span>.<\/p>\n<p>Y esta presencia transformadora ha de estar siempre animada por la caridad con que nos am\u00f3 Dios, que quiere que nos ame\u00admos con la misma caridad. En realidad, la caridad cristiana se extiende a todos sin distinci\u00f3n de raza, condici\u00f3n social o reli\u00adgi\u00f3n; no espera lucro o agradecimiento alguno. Porque as\u00ed como Dios nos am\u00f3 con amor gratuito, as\u00ed los fieles han de vivir preo\u00adcupados por el hombre mismo, am\u00e1ndole con el mismo movi\u00admiento con que Dios lo busc\u00f3\u00bb<span id='easy-footnote-76-120619' class='easy-footnote-margin-adjust'><\/span><span class='easy-footnote'><a href='https:\/\/vincentians.com\/es\/la-transmision-de-la-fe-hoy\/#easy-footnote-bottom-76-120619' title='&lt;i&gt;Ad Gentes, &lt;\/i&gt;12.'><sup>76<\/sup><\/a><\/span>. Sumergido en el amor en Dios y con Dios me dispongo a situarme ante el otro con una actitud de amor, acogida y misericordia: \u00abM\u00e1s all\u00e1 de la apariencia externa del otro descubro su anhelo interior de un gesto de amor, de atenci\u00f3n, que no le hago llegar solamente a trav\u00e9s de las orga\u00adnizaciones encargadas de ello, y acept\u00e1ndolo tal vez por exigen\u00adcias pol\u00edticas. Al verlo con los ojos de Cristo, puedo dar al otro mucho m\u00e1s que cosas externas necesarias: puedo ofrecerle la mirada de amor que necesita\u00bb<span id='easy-footnote-77-120619' class='easy-footnote-margin-adjust'><\/span><span class='easy-footnote'><a href='https:\/\/vincentians.com\/es\/la-transmision-de-la-fe-hoy\/#easy-footnote-bottom-77-120619' title='Benedicto XI, &lt;i&gt;Dios es amor, &lt;\/i&gt;18.'><sup>77<\/sup><\/a><\/span>.<\/p>\n<h4>3.3.2. <i>La acogida y la misericordia<\/i><\/h4>\n<p>Si en la comunicaci\u00f3n los elementos verbales s\u00f3lo poseen una incidencia m\u00e1xima de un 20%, los elementos paraverbales un 40%, y los no verbales otro 40%, quiere decir que hemos de cuidar todos esos elementos, que en nuestro lenguaje pas\u00adtoral hemos denominado la pastoral de la acogida y la miseri\u00adcordia.<\/p>\n<p>La pastoral de la acogida y la misericordia<span id='easy-footnote-78-120619' class='easy-footnote-margin-adjust'><\/span><span class='easy-footnote'><a href='https:\/\/vincentians.com\/es\/la-transmision-de-la-fe-hoy\/#easy-footnote-bottom-78-120619' title='El Consejo Diocesano de Pastoral del Arzobispado de M\u00e9rida-Badajoz, elabor\u00f3 una documento, titulado, &lt;i&gt;La Pastoral de la acogida y la misericordia, &lt;\/i&gt;que, redactado con gran sencillez, expone los criterios y las acciones de esta pastoral. Bolet\u00edn Oficial del Arzobispado, n. 3 (Noviembre-Diciembre, 1999).'><sup>78<\/sup><\/a><\/span> cristiana habr\u00e1 de estar siempre configurada por la \u00absym-pathia\u00bb de Jes\u00fas (Cfr. Heb 4,15); esa \u00absym-pathia\u00bb se verifica en la acogida y la mise\u00adricordia, que ha de perfilar el rostro de la Iglesia; por ello la acogida habr\u00e1 de ser un valor transversal de todas sus acciones pastorales.<\/p>\n<p>Esta pastoral, que hemos de ejercitarla en todos los \u00e1mbitos y campos de nuestra vida personal, profesional y comunitaria, deberemos efectuarla particularmente en aquellos encuentros o contactos con las personas alejadas de la fe, que vienen a nues\u00adtra comunidad por alg\u00fan motivo concreto (bodas, primeras comuniones, funerales, etc.). Para ellos, hemos de:<\/p>\n<ul>\n<li>Actuar con empat\u00eda: tener ante el otro una actitud positi\u00adva y con capacidad de escucha, dej\u00e1ndole ser \u00e9l mismo, confiando en \u00e9l. El amor estimula lo mejor que hay en el individuo.<\/li>\n<li>Tener \u00abrespeto a la situaci\u00f3n religiosa y espiritual de la per\u00adsona que se evangeliza. Respeto a su conciencia y a sus convicciones, que no hay que atropellar\u00bb<span id='easy-footnote-79-120619' class='easy-footnote-margin-adjust'><\/span><span class='easy-footnote'><a href='https:\/\/vincentians.com\/es\/la-transmision-de-la-fe-hoy\/#easy-footnote-bottom-79-120619' title='&lt;i&gt;Evangelii Nuntiandi, &lt;\/i&gt;79.'><sup>79<\/sup><\/a><\/span>.<\/li>\n<li>Ser capaces de mirar la realidad con ojos caritativos, pacientes, misericordiosos, amigos y cordiales (cfr. 1 Tes. 5,14-15). Hay que tratar de comprender lo que dicen los \u00abotros\u00bb, los que viven alejados de la fe, por quienes Dios nos habla tambi\u00e9n.<\/li>\n<li>Acoger con cari\u00f1o, serenidad y buen humor, sabiendo dar explicaciones con respeto y calma, incluso cuando sea preciso rectificar informaciones equivocadas o responder ante actitudes poco dialogantes.<\/li>\n<li>Afrontar con lucidez los conflictos pastorales que se pue\u00addan generar y procurar resolverlos con afecto fraterno, serenidad y calma, nunca con nerviosismo o impaciencia.<\/li>\n<li>Fomentar espacios de acogida, acercamiento y de fraterni\u00addad. La acogida no debe realizarse s\u00f3lo en circunstancias dolorosas o l\u00edmites, sino tambi\u00e9n en las alegres y festivas.<\/li>\n<\/ul>\n<p>La pastoral de la acogida y la misericordia es expresi\u00f3n de la ternura, acogida, fidelidad y misericordia de Dios; expresi\u00f3n de una Iglesia maternal y evangelizadora, que quiere ser hogar entra\u00f1able donde se vive y se anuncia la Buena Nueva de Jes\u00fas<span id='easy-footnote-80-120619' class='easy-footnote-margin-adjust'><\/span><span class='easy-footnote'><a href='https:\/\/vincentians.com\/es\/la-transmision-de-la-fe-hoy\/#easy-footnote-bottom-80-120619' title='Cfr. &lt;i&gt;Chritifideles laici, &lt;\/i&gt;34.'><sup>80<\/sup><\/a><\/span>.<\/p>\n<h4>3.3.3. <i>El lenguaje de los signos mesi\u00e1nicos<\/i><\/h4>\n<p>El Dios cristiano es, ante todo, el Dios de Jes\u00fas. Cuando un cristiano habla de Dios se refiere al revelado en Jes\u00fas de Naza\u00adret: el Dios Padre de amor<span id='easy-footnote-81-120619' class='easy-footnote-margin-adjust'><\/span><span class='easy-footnote'><a href='https:\/\/vincentians.com\/es\/la-transmision-de-la-fe-hoy\/#easy-footnote-bottom-81-120619' title='Cfr. Benedicto XVI, &lt;i&gt;Deus caritas est.&lt;\/i&gt;'><sup>81<\/sup><\/a><\/span>, el Dios del perd\u00f3n y la misericor\u00addia, que nos pide que tengamos su mismo coraz\u00f3n: \u00abSed compa\u00adsivos como el Padre es compasivo\u00bb (Lc 6,36). Por eso, quien quiera hablar de Dios cristianamente habr\u00e1 primero de practicar\u00adlo con vigor y con fidelidad, como lo hizo Jes\u00fas: \u00abId a contar a Juan lo que hab\u00e9is visto y o\u00eddo: los ciegos ven, los cojos andan, los leprosos quedan limpios, los sordos oyen, los muertos resu\u00adcitan, se anuncia a los pobres la Buena Nueva; y dichoso aquel que no se escandalice de m\u00ed\u00bb (Lc 7,22-23).<\/p>\n<p>Quien vaya a hablar de Dios en esta sociedad desigual, socie\u00addad de consumo y exclusi\u00f3n, deber\u00e1 utilizar el lenguaje de los signos mesi\u00e1nicos: lenguaje del amor afectivo y efectivo, len\u00adguaje de la solidaridad, el amor a los pobres, el compromiso con los excluidos, la lucha por la justicia y por la paz, la b\u00fasqueda de inserci\u00f3n de los marginados, la lectura y reflexi\u00f3n de cuanto sucede en el mundo desde el reverso de la historia, el compartir generoso, el acompa\u00f1amiento de los enfermos, la militancia pol\u00edtica, etc., s\u00f3lo as\u00ed no se llegar\u00e1 a usar el nombre de Dios en vano, y estaremos llevando a cabo la misi\u00f3n que Dios nos enco\u00admend\u00f3 de cuidar la creaci\u00f3n, de humanizarla y hacer de ella un digno hogar para todos los seres humanos.<\/p>\n<p>El lenguaje testimonial hace que surjan preguntas, que orien\u00adtan a Dios y al evangelio: \u00abEl testimonio evang\u00e9lico al que el mundo es m\u00e1s sensible es el de la atenci\u00f3n a las personas y el de la caridad para con los pobres y los peque\u00f1os, con los que sufren. La gratuidad de esta actitud y de estas acciones, que contrastan profundamente con el ego\u00edsmo presente en el hombre, hace sur\u00adgir unas preguntas precisas que orientan hacia Dios y el evange\u00adlio. Incluso el trabajar por la paz, la justicia, los derechos del hombre, la promoci\u00f3n humana, es un testimonio evang\u00e9lico si es un signo de atenci\u00f3n a las personas y est\u00e1 ordenado al desarrollo integral del hombre\u00bb<span id='easy-footnote-82-120619' class='easy-footnote-margin-adjust'><\/span><span class='easy-footnote'><a href='https:\/\/vincentians.com\/es\/la-transmision-de-la-fe-hoy\/#easy-footnote-bottom-82-120619' title='&lt;i&gt;Redemtoris Missio, &lt;\/i&gt;42.'><sup>82<\/sup><\/a><\/span>.<\/p>\n<p>Pero este lenguaje testimonial no posee un fin proselitista: \u00abLa caridad no ha de ser un medio en funci\u00f3n de lo que hoy se considera proselitismo. El amor es gratuito; no se practica para conseguir otros objetivos&#8230; Quien ejerce la caridad en nombre de la Iglesia nunca tratar\u00e1 de imponer a los dem\u00e1s la fe de la Igle\u00adsia\u00bb<span id='easy-footnote-83-120619' class='easy-footnote-margin-adjust'><\/span><span class='easy-footnote'><a href='https:\/\/vincentians.com\/es\/la-transmision-de-la-fe-hoy\/#easy-footnote-bottom-83-120619' title='&lt;i&gt;Deus caritas est, &lt;\/i&gt;31c.'><sup>83<\/sup><\/a><\/span>. Se tratar\u00e1 de saber cu\u00e1ndo es oportuno hablar de Dios y cu\u00e1ndo es oportuno callar sobre \u00c9l, dejando que hable solo el amor, pues la mejor defensa de Dios y del hombre consiste pre\u00adcisamente en el amor<span id='easy-footnote-84-120619' class='easy-footnote-margin-adjust'><\/span><span class='easy-footnote'><a href='https:\/\/vincentians.com\/es\/la-transmision-de-la-fe-hoy\/#easy-footnote-bottom-84-120619' title='Cf. &lt;i&gt;Deus caritas est, &lt;\/i&gt;31c.'><sup>84<\/sup><\/a><\/span>.<\/p>\n<p>El cristiano que se asome hoy al panorama de la pobreza en el mundo, se sentir\u00e1 llamado a promover no tanto y no s\u00f3lo la efica\u00adcia de las ayudas prestadas, sino la capacidad de hacerse cercano y solidario con quien sufre, para que el gesto de ayuda sea sentido no como limosna humillante, sino como un compartir fraterno<span id='easy-footnote-85-120619' class='easy-footnote-margin-adjust'><\/span><span class='easy-footnote'><a href='https:\/\/vincentians.com\/es\/la-transmision-de-la-fe-hoy\/#easy-footnote-bottom-85-120619' title='Cfr. &lt;i&gt;Novo Millenio Ineunte, &lt;\/i&gt;50.'><sup>85<\/sup><\/a><\/span>.<\/p>\n<p>La fe cristiana no se agota en la confesi\u00f3n o profesi\u00f3n p\u00fablica; implica tambi\u00e9n unas pr\u00e1cticas hist\u00f3ricas, un hacer acorde con los valores y exigencias de la misma fe. El ver\u00addadero cristiano no s\u00f3lo reconoce y confiesa p\u00fablicamente su condici\u00f3n de creyente; va m\u00e1s all\u00e1 e intenta poner en pr\u00e1ctica su fe, traducirla en pr\u00e1cticas y compromisos conso\u00adnantes con los valores que profesa. No se contenta con decir \u00abSe\u00f1or, Se\u00f1or\u00bb. Tambi\u00e9n procura hacer la voluntad de Dios, porque la fe sin obras es una fe muerta, como dice la carta de Santiago.<\/p>\n<p>La fe en el Dios revelado en Jes\u00fas es la que nos lleva a avi\u00advar en nosotros el amor misericordioso hacia los pobres, escu\u00adchando su llamada y prestando su voz a los que no tienen voz, porque lo pobres son sacramento de Cristo: \u00abSolo una Iglesia que se acerca a los pobres y a los oprimidos, se pone a su lado y de su lado, lucha y trabaja por su liberaci\u00f3n, por su dignidad y por su bienestar, puede dar un testimonio coherente y convincente del mensaje evang\u00e9lico. Bien puede afirmarse que el ser y el actuar de la Iglesia se juegan en el mundo de la pobreza y del dolor, de la marginaci\u00f3n y de la opresi\u00f3n, de la debilidad y del sufrimiento\u00bb<span id='easy-footnote-86-120619' class='easy-footnote-margin-adjust'><\/span><span class='easy-footnote'><a href='https:\/\/vincentians.com\/es\/la-transmision-de-la-fe-hoy\/#easy-footnote-bottom-86-120619' title='Comisi\u00f3n Episcopal de Pastoral Social, &lt;i&gt;La Iglesia y los pobres, &lt;\/i&gt;10.'><sup>86<\/sup><\/a><\/span>.<\/p>\n<p>La fe en el Dios de los pobres y peque\u00f1os debe motivar a nuestras comunidades diocesanas y parroquiales a realizar accio\u00adnes concretas dentro de un proyecto global de transformaci\u00f3n de la sociedad, que hemos de tener y asumir a la luz de Evangelio y de la dimensi\u00f3n social de la fe. Estas acciones han de tener una gran carga de calidad. Por muy sencillas y cotidianas que sean, tienen que surgir de motivaciones claras y estar impregnadas de valores alternativos que permitan traslucir su significado, que no es otra cosa que la construcci\u00f3n de una sociedad inspirada en los valores evang\u00e9licos. En una acci\u00f3n significativa los destinatarios son agentes y no objetos.<\/p>\n<h4>3.3.4. <i>El anuncio expl\u00edcito de Jesucristo<\/i><\/h4>\n<p>Pero la presencia, la participaci\u00f3n en la vida de la gente y la acogida, necesita del anuncio expl\u00edcito. \u00abSin anuncio expl\u00edcito el significado de la vida y acci\u00f3n de los cristianos queda oscure\u00adcido, ambiguo, achicado. Las pr\u00e1cticas no llevan ni remiten a Cristo ni a la Iglesia. Remiten a nosotros personalmente y punto. La activaci\u00f3n del anuncio expl\u00edcito en el proceso evangelizador hace posible que el conjunto de la acci\u00f3n evangelizadora sea m\u00e1s misionera y m\u00e1s cristofinalista\u00bb<span id='easy-footnote-87-120619' class='easy-footnote-margin-adjust'><\/span><span class='easy-footnote'><a href='https:\/\/vincentians.com\/es\/la-transmision-de-la-fe-hoy\/#easy-footnote-bottom-87-120619' title='Carlos GARC\u00cdA DE ANDOIN, &lt;i&gt;El anuncio expl\u00edcito de Jesucristo, &lt;\/i&gt;Ed. HOAC, Madrid, 1997, 50.'><sup>87<\/sup><\/a><\/span>.<\/p>\n<p>El testimonio es el comienzo del anuncio. Es un anuncio no verbalizado, no explicitado. Es palabra de vida. El testimonio aporta al anuncio credibilidad. La palabra no cre\u00edble es una palabra est\u00e9ril. La palabra no cre\u00edble es una palabra vac\u00eda. La palabra no cre\u00edble llega incluso a descalificar a aquello de lo que habla.<\/p>\n<p>Pero, \u00abla Buena Nueva proclamada por el testimonio de vida deber\u00e1 ser, pues, tarde o temprano, proclamada por la palabra de vida. No hay evangelizaci\u00f3n verdadera mientras no se anuncie el nombre, la doctrina, la vida, las promesas, el reino, el misterio de Jes\u00fas de Nazaret Hijo de Dios\u00bb<span id='easy-footnote-88-120619' class='easy-footnote-margin-adjust'><\/span><span class='easy-footnote'><a href='https:\/\/vincentians.com\/es\/la-transmision-de-la-fe-hoy\/#easy-footnote-bottom-88-120619' title='&lt;i&gt;Evangelii Nuntiandi, &lt;\/i&gt;22.'><sup>88<\/sup><\/a><\/span>. El anuncio expl\u00edcito es:<\/p>\n<ul>\n<li>la antesala, la condici\u00f3n de posibilidad de la adhesi\u00f3n per\u00adsonal a Cristo y la inserci\u00f3n a la comunidad. Sin anuncio expl\u00edcito es pr\u00e1cticamente imposible la evangelizaci\u00f3n de los no cristianos.<\/li>\n<li>El esclarecimiento, la justificaci\u00f3n y la explicitaci\u00f3n del testimonio y el compromiso transformador.<\/li>\n<\/ul>\n<p>Por consiguiente, no se debe separar nunca la palabra de la acci\u00f3n, del ejemplo, de la presencia cristiana, del testimonio de la vida. La acci\u00f3n sin palabra es muda; la palabra sin la acci\u00f3n est\u00e1 vac\u00eda. La palabra interpreta las acciones y las acciones hacen v\u00e1lida la palabra, lo cual no quiere decir que cada acci\u00f3n haya de tener una palabra que est\u00e9 ligada a ella, ni cada palabra una acci\u00f3n.<\/p>\n<p>Se necesita el testimonio oral expl\u00edcito sobre el Evangelio de Dios. Habr\u00e1 que poner de manifiesto qui\u00e9n es Dios para los cris\u00adtianos, qu\u00e9 significa la fe el \u00fanico Dios verdadero; qui\u00e9n es Jesu\u00adcristo; cu\u00e1l es el contenido central del Evangelio, y el camino de Cristo para alcanzar la Vida eterna<span id='easy-footnote-89-120619' class='easy-footnote-margin-adjust'><\/span><span class='easy-footnote'><a href='https:\/\/vincentians.com\/es\/la-transmision-de-la-fe-hoy\/#easy-footnote-bottom-89-120619' title='El decreto &lt;i&gt;Ad Gentes, &lt;\/i&gt;13, afirma solemnemente: \u00abDondequiera que Dios abre la puerta de la palabra para anunciar el misterio de Cristo (cfr. Col 4,3) a todos los hombres (cfr. Mc 16,15), confiada y constantemente (cfr. Hech 4, 13.29.31; 9,27-28), hay que anunciar (cfr. 1 Cor 9,16; Rom. 10,14) al Dios vivo y a Jesucristo, enviado por \u00c9l para salvar a todos (cfr. 1 Tes. 1, 9-10; 1 Cor 1, 18-21; Gal 1,31; Hech 14, 15-17) a fin de que los no cristianos, bajo la acci\u00f3n del Esp\u00edritu Santo que abre sus corazones (cfr. Hech 16,14), creyendo se conviertan libremente al Se\u00f1or y se unan con sinceridad a \u00c9l, el cual, por ser &amp;#8216;camino, verdad y vida&amp;#8217; (Jn 14,6), colma todas sus exigencias espirituales; m\u00e1s a\u00fan, las colma infinitamente\u00bb.'><sup>89<\/sup><\/a><\/span>. En el Nuevo Testamento hay textos que nos hablan con claridad sobre cual es la finalidad del primer anuncio del Evangelio:<\/p>\n<ul>\n<li>En primer lugar, est\u00e1 la conocida frase de Jes\u00fas: \u00abEl tiempo se ha cumplido, y el reino de Dios est\u00e1 cerca; convert\u00edos y creed en el Evangelio\u00bb (Mc. 1,15).<\/li>\n<li>En los Hechos de los Ap\u00f3stoles, san Pablo resume su pro\u00adpia misi\u00f3n del siguiente modo: \u00ab&#8230;dando testimonio tanto a jud\u00edos como a griegos para que se convirtieran a Dios y creyeran en nuestro Se\u00f1or Jesucristo\u00bb (Hch 20,21).<\/li>\n<li>El evangelio de Juan termina con la conocida afirmaci\u00f3n: \u00abJes\u00fas realiz\u00f3 en presencia de los disc\u00edpulos otros muchos signos que no est\u00e1n escritos en este libro. \u00c9stos han sido escritos para que cre\u00e1is que Jes\u00fas es el Cristo, el Hijo de Dios, y para que, creyendo, teng\u00e1is vida en su nombre\u00bb (Jn 20,30-31).<\/li>\n<\/ul>\n<p>A la luz de esto texto vemos que el primer anuncio tiene como objetivos: \u00abprimero, crear posibilidades reales para encon\u00adtrarse con Jesucristo y su Evangelio, as\u00ed como lugares en los que sea posible tener la experiencia del cristianismo; segundo, dar a conocer las propuestas y exigencias fundamentales del Evangelio de Jesucristo; tercero, invitar a realizar seriamente la conversi\u00f3n a Dios y la adhesi\u00f3n a Jesucristo y su Evangelio; cuarto, acompa\u00f1ar, si es posible, a las personas interesadas a lo largo de este proceso que deber\u00eda cambiar profundamente su vida\u00bb<span id='easy-footnote-90-120619' class='easy-footnote-margin-adjust'><\/span><span class='easy-footnote'><a href='https:\/\/vincentians.com\/es\/la-transmision-de-la-fe-hoy\/#easy-footnote-bottom-90-120619' title='Joseph GEVAER, &lt;i&gt;El primer anuncio. Proponer el Evangelio a quien no conoce a Cristo. &lt;\/i&gt;Sal Terrae, Santander, 2001, 23.'><sup>90<\/sup><\/a><\/span>.<\/p>\n<p>A la persona que de alg\u00fan modo est\u00e1 abierta y disponible, se le propone el Evangelio de tal modo que pueda hacerse una idea suficientemente correcta de esta propuesta, sienta el deseo de adherirse a la persona de Jesucristo y tome una opci\u00f3n inicial de plantear su vida de acuerdo con el camino de Jesucristo.<\/p>\n<p>El anuncio ha de proporcionar sentido al hombre y al mundo de hoy. Pero hoy est\u00e1 desapareciendo la pregunta por el sentido. \u00abEl oscurecimiento de esta pregunta por el sentido \u00faltimo de la vida es un asunto preocupante para la evangelizaci\u00f3n. Hoy la tarea de \u00e9sta no es ya simplemente dar respuestas a las grandes preguntas existentes, sino suscitar esas mismas preguntas o inducirlas en el coraz\u00f3n de una cultura secular. La nueva evan\u00adgelizaci\u00f3n ya no debe conformarse con anunciar expl\u00edcitamen\u00adte el Evangelio para contestar a las preguntas existentes. Tiene que comenzar suscitando las grandes preguntas, o debe anun\u00adciar y actualizar el Evangelio, de tal forma que pueda suscitar esas preguntas sobre el sentido \u00faltimo, preguntas que han sido anuladas y oscurecidas en esta cultura de la increencia y de la indiferencia\u00bb<span id='easy-footnote-91-120619' class='easy-footnote-margin-adjust'><\/span><span class='easy-footnote'><a href='https:\/\/vincentians.com\/es\/la-transmision-de-la-fe-hoy\/#easy-footnote-bottom-91-120619' title='Felic\u00edsimo MART\u00cdNEZ, &lt;i&gt;\u00bfQu\u00e9 es evangelizar hoy? Hacia la Evangelii Nuntiandi del a\u00f1o 2005, &lt;\/i&gt;en AAVV., Evangelizar, esa es la cuesti\u00f3n. PPC, Madrid, 2006, 76.'><sup>91<\/sup><\/a><\/span>.<\/p>\n<p>Ciertamente s\u00f3lo tiene sentido la respuesta de la fe para quien busca con sus preguntas, aunque no acierte a formularlas adecua\u00addamente. De ah\u00ed que tengamos que suscitar preguntas e interpe\u00adlar respetuosamente a otros sobre sus motivos, actitudes y com\u00adpromisos en la vida. Compartir con los dem\u00e1s las preguntas que nosotros mismos nos hacemos en la b\u00fasqueda de la fe puede motivar en ellos el inter\u00e9s por las mismas cuestiones.<\/p>\n<p>No se trata de hacer anuncio expl\u00edcito por decreto, se trata de provocar en la persona la cuesti\u00f3n del sentido, de lo que espera, de lo que le angustia, de lo que verdaderamente le mueve por dentro. Si no emerge la necesidad de Sentido, de Salvaci\u00f3n, de Liberaci\u00f3n, si no hay sed, \u00bfpara qu\u00e9 ofrecer agua?, \u00bfpara qu\u00e9 invitar a beber juntos el pozo de la vida eterna? No ha lugar al anuncio expl\u00edcito si no hay una actitud activa de b\u00fasqueda, de expectaci\u00f3n. O quiz\u00e1 mejor, el anuncio muchas veces habr\u00e1 de ser no m\u00e1s que pregunta, que interrogaci\u00f3n&#8230; o incluso silencio.<\/p>\n<p>El itinerario del primer anuncio de Jesucristo puede durar un tiempo muy variable, m\u00e1s o menos largo, que a veces, puede prolongarse incluso por varios a\u00f1os. De por s\u00ed, no se requiere tanto tiempo para hacer el primer anuncio, para presentar la Buena Noticia de Dios y de su proyecto sobre el hombre; pero la persona a la que se le hace el primer anuncio del Evangelio suele necesitar mucho tiempo antes de asumir estas actitudes iniciales de fe en Dios y en Jesucristo que son necesarias para el catecumenado.<\/p>\n<h4>3.3.5. <i>Los procesos de iniciaci\u00f3n o reiniciaci\u00f3n cristiana<\/i><\/h4>\n<p>El proceso de iniciaci\u00f3n de la fe, a trav\u00e9s de un catecume\u00adnado, lo inicia aquella persona que ya ha recibido el primer anuncio, y expresa su deseo de adherirse a Jesucristo, pidien\u00addo que se le admita al catecumenado all\u00ed donde se aprende de un modo m\u00e1s espec\u00edfico a ser cristiano y a vivir como disc\u00edpulo de Jesucristo.<\/p>\n<p>La finalidad del catecumenado es ayudar a quien empieza a creer a consolidar la fe y la conversi\u00f3n, y ofrecer al catec\u00fameno el indispensable aprendizaje para ser seguidor de Jes\u00fas en la comunidad de los creyentes y en la realidad del mundo. En \u00e9l se quiere provocar tanto una adhesi\u00f3n firme de la fe como la pro\u00adfundizaci\u00f3n en la experiencia de esa adhesi\u00f3n: \u00abTransmitir la fe es, fundamentalmente, educar a las personas a la experiencia de Dios presente en su interior, provocando en ella la adhesi\u00f3n de la fe y la experiencia de esa adhesi\u00f3n\u00bb<span id='easy-footnote-92-120619' class='easy-footnote-margin-adjust'><\/span><span class='easy-footnote'><a href='https:\/\/vincentians.com\/es\/la-transmision-de-la-fe-hoy\/#easy-footnote-bottom-92-120619' title='J. MART\u00cdN VELASCO, Ib\u00eddem, 101.'><sup>92<\/sup><\/a><\/span>.<\/p>\n<p>Para favorecer la experiencia de Dios se requiere revisar los procesos, que estamos llevando en nuestras comunidades a la hora de transmitir la fe. Los itinerarios que tenemos planificados, quiz\u00e1s no est\u00e1n siendo los m\u00e1s id\u00f3neos para personas que vienen de la indiferencia y la ignorancia religiosa. Estos procesos deber\u00e1n partir de la experiencia de vida de cada persona: \u00abLa experiencia religiosa se da en la experiencia global del ser humano. Cabe dis\u00adtinguirlas, pero no separarlas\u00bb (P. Tillich). El cristianismo es una interpretaci\u00f3n creyente de la realidad y de la historia<span id='easy-footnote-93-120619' class='easy-footnote-margin-adjust'><\/span><span class='easy-footnote'><a href='https:\/\/vincentians.com\/es\/la-transmision-de-la-fe-hoy\/#easy-footnote-bottom-93-120619' title='Cfr. Carta Pastoral de los obispos de Pamplona y Tudela, Bilbao, San Sebasti\u00e1n y Victoria, &lt;i&gt;Vivir la experiencia de la fe. &lt;\/i&gt;2003, n. 5.1.'><sup>93<\/sup><\/a><\/span>.<\/p>\n<p>Hay que idear procesos, que gu\u00eden a las personas por esos caminos personales que les conduzcan a exclamar: \u00abDios est\u00e1 aqu\u00ed y yo no lo sab\u00eda\u00bb. Para ello, es necesario preguntarse cu\u00e1les son las experiencias fundamentales que les permitan ahondar en ese contexto personal \u00edntimo, que les permita abrirse al Misterio de Dios. J. Mart\u00edn Velasco habla de las experiencias que \u00abse sit\u00faan en el orden del conocimiento, del deseo, la admiraci\u00f3n ante la belleza, el consentimiento a los valores, la lucha por la justicia, la relaci\u00f3n interpersonal, aunque en realidad abarcan la totalidad del ejercicio de la existencia\u00bb<span id='easy-footnote-94-120619' class='easy-footnote-margin-adjust'><\/span><span class='easy-footnote'><a href='https:\/\/vincentians.com\/es\/la-transmision-de-la-fe-hoy\/#easy-footnote-bottom-94-120619' title='J. MART\u00cdN VELASCO, &lt;i&gt;La teolog\u00eda de la Universidad cat\u00f3lica. Historia, razones y funci\u00f3n de una presencia necesaria. &lt;\/i&gt;Ed. Universidad Pontificia de Salamanca. Fundaci\u00f3n Pablo VI, Madrid, 1998, 20.'><sup>94<\/sup><\/a><\/span>.<\/p>\n<p>Y en estos procesos debemos ayudar a las personas a que sepan nombrar, identificar, desplegar procesos, desbloquear situaciones, detectar tentaciones&#8230; Vivimos muchas cosas que, por no saber identificarlas, no acaban nunca de emerger. Ya lo expres\u00f3 san Juan de la Cruz en el pr\u00f3logo a la <i>Subida del Monte Carmelo: <\/i>\u00abEs l\u00e1stima ver muchas almas a quien Dios da talento y favor para pasar adelante, que, si ellas quisiesen animarse, lle\u00adgar\u00edan a este alto estado, y qu\u00e9dense en un bajo modo de trato con Dios, por no querer, o no saber, o no las encaminar y ense\u00ad\u00f1ar a desasirse de aquellos principios\u00bb<span id='easy-footnote-95-120619' class='easy-footnote-margin-adjust'><\/span><span class='easy-footnote'><a href='https:\/\/vincentians.com\/es\/la-transmision-de-la-fe-hoy\/#easy-footnote-bottom-95-120619' title='Obras completas, &lt;i&gt;Subida al Monte Carmelo. &lt;\/i&gt;Ed. Espiritualidad. 173.'><sup>95<\/sup><\/a><\/span>.<\/p>\n<p>La experiencia religiosa no se aprende como llegamos a aprender un deporte cualquiera. Necesitamos tener planificado en nuestras comunidades un buen proceso de iniciaci\u00f3n, como ya indic\u00e1bamos en el apartado 3.2.1.<span id='easy-footnote-96-120619' class='easy-footnote-margin-adjust'><\/span><span class='easy-footnote'><a href='https:\/\/vincentians.com\/es\/la-transmision-de-la-fe-hoy\/#easy-footnote-bottom-96-120619' title='Para los obispos espa\u00f1oles \u00abla iniciaci\u00f3n cristiana tiene su origen en la iniciativa divina y supone la decisi\u00f3n libre de la persona que se convierte al Dios vivo y verdadero, por la gracia del Esp\u00edritu, y pide ser introducida en la Iglesia. Por otra parte, la iniciaci\u00f3n cristiana no se puede reducir a un simple proceso de ense\u00f1anza y de formaci\u00f3n doctrinal, sino que ha de ser conside\u00adrada una realidad que implica a toda la persona, la cual ha de asumir existen\u00adcialmente su condici\u00f3n de hijo de Dios en el Hijo Jesucristo, abandonando su anterior modo de vivir, mientras realiza el aprendizaje de la vida cristina y entra gozosamente en la comuni\u00f3n de la Iglesia, para ser en ella adorador del Padre y testigo del Dios vivo\u00bb (CEE, La &lt;i&gt;iniciaci\u00f3n cristiana. Reflexiones y orientaciones, &lt;\/i&gt;18).'><sup>96<\/sup><\/a><\/span>. Es necesario revisar y reno\u00advar planteamientos e itinerarios en una nueva perspectiva pasto\u00adral y buscar caminos nuevos que hagan posible una verdadera y aut\u00e9ntica iniciaci\u00f3n. Esta iniciaci\u00f3n no solo la necesitan los ale\u00adjados que buscan o los practicantes ocasionales. Tambi\u00e9n muchos practicantes habituales necesitan una reiniciaci\u00f3n a la fe y a la vida cristiana.<\/p>\n<p>Para poner en marcha estos procesos de iniciaci\u00f3n se ha de tener presente el catecumenado bautismal como modelo inspira\u00addor de toda acci\u00f3n catequizadora de la Iglesia: \u00abLa catequesis postbautismal, sin tener que reproducir mim\u00e9ticamente la confi\u00adguraci\u00f3n del catecumenado bautismal, y reconociendo el car\u00e1c\u00adter de bautizados, que tienen los catequizandos, har\u00e1 bien en ins\u00adpirarse en esta &#8216;escuela de la vida cristiana&#8217;, dej\u00e1ndose fecundar por sus principales elementos configuradores\u00bb<span id='easy-footnote-97-120619' class='easy-footnote-margin-adjust'><\/span><span class='easy-footnote'><a href='https:\/\/vincentians.com\/es\/la-transmision-de-la-fe-hoy\/#easy-footnote-bottom-97-120619' title='&lt;i&gt;Directorio General para la Catequesis, &lt;\/i&gt;91.'><sup>97<\/sup><\/a><\/span>. La iniciaci\u00f3n cristina ha de quedar organizada en un itinerario catequ\u00e9tico y sacramental, y su meta es siempre la confesi\u00f3n de fe plena y consciente integraci\u00f3n del bautizado en la comuni\u00f3n y en la misi\u00f3n de la Iglesia<span id='easy-footnote-98-120619' class='easy-footnote-margin-adjust'><\/span><span class='easy-footnote'><a href='https:\/\/vincentians.com\/es\/la-transmision-de-la-fe-hoy\/#easy-footnote-bottom-98-120619' title='Cfr. CEE, La &lt;i&gt;iniciaci\u00f3n cristiana. Reflexiones y orientaciones, &lt;\/i&gt;22.'><sup>98<\/sup><\/a><\/span>.<\/p>\n<p>Los obispos espa\u00f1oles presentan como lugares eclesiales de la iniciaci\u00f3n cristiana: la parroquia, la familia, la Acci\u00f3n Cat\u00f3li\u00adca y las asociaciones y movimientos laicales, la escuela cat\u00f3lica y la ense\u00f1anza religiosa escolar, aunque esta \u00faltima no es propia\u00admente un \u00e1mbito de iniciaci\u00f3n cristiana como los anteriores, pero puede contribuir a los objetivos de \u00e9sta.<\/p>\n<p>Urge revisar los procesos de educaci\u00f3n en la fe para acentuar esta experiencia cristiana personalizada. Para ello debemos:<\/p>\n<ul>\n<li>Replantear los procesos previos a la celebraci\u00f3n de los sacramentos de la iniciaci\u00f3n cristiana: Bautismo, Confir\u00admaci\u00f3n y Eucarist\u00eda.<\/li>\n<li>Revisar los procesos de iniciaci\u00f3n cristiana de preadoles\u00adcentes, adolescentes, y j\u00f3venes, potenciando la atenci\u00f3n personal y el crecimiento espiritual. No se puede iniciar en masa. Este delicado proceso est\u00e1 reclamando una atenci\u00f3n individual y personalizada.<\/li>\n<li>Disponer de un Plan de iniciaci\u00f3n Cristiana de Adultos. Tal vez ha llegado el momento de experimentar en algunos puntos de nuestras di\u00f3cesis un verdadero catecumenado o, al menos, encuentros con personas que inician su b\u00fasqueda de Dios \u00abdesde fuera de la Iglesia\u00bb. Pensamos en procesos donde sea importante: abordar los grandes interrogantes del ser humano; presentar lo esencial de la fe cristiana; purificar la idea de Dios; mostrar las afinidades entre el Evangelio y el coraz\u00f3n humano; concretar las principales aportaciones de la fe al crecimiento humano; iniciarse en la oraci\u00f3n a Dios.<\/li>\n<li>Garantizar que los diversos procesos de iniciaci\u00f3n a la fe est\u00e9n convenientemente engarzados.<\/li>\n<li>Ofertar narraciones y testimonios personales de experien\u00adcias de fe significativa.<\/li>\n<\/ul>\n<h4>3.3.6. <i>El acompa\u00f1amiento personal y comunitario<\/i><\/h4>\n<p>Tanto los creyentes que inician sus procesos de crecimiento en la fe, como aquellas personas que buscan a Dios y quieren creer en \u00e9l, necesitan acogida y acompa\u00f1amiento personal o en grupo. Su fe no podr\u00e1 crecer si no es acompa\u00f1ada, confirmada y fortalecida por otros creyentes. Por ello hemos de atender a quie\u00adnes vienen a los procesos de iniciaci\u00f3n, pero tambi\u00e9n hemos de aprender a acompa\u00f1ar a quienes, por diversos caminos, buscan hoy a Dios.<\/p>\n<p>Quiz\u00e1 el problema est\u00e1 en ponerse de acuerdo en lo que sig\u00adnifica eso de \u00abacom-pa\u00f1amiento\u00bb. Es claro, que no significa:<\/p>\n<p style=\"padding-left: 30px\">a) \u00abDirigir\u00bb, \u00absometer\u00bb a alguien.<\/p>\n<p style=\"padding-left: 30px\">b) No es, pues, una \u00abcomedura de coco\u00bb que una persona muy espabilada lleva a cabo en un pobre inmaduro.<\/p>\n<p style=\"padding-left: 30px\">c) Ni tratar de solucionar la vida de otro desde fuera.<\/p>\n<p>\u00abAcom-pa\u00f1-amiento\u00bb, etimol\u00f3gicamente, se refiere a alguien que comparte su pan con otros mientras hacen el camino; as\u00ed pues, un \u00abacompa\u00f1ante\u00bb es, de alg\u00fan modo, un \u00abcompa\u00f1ero\u00bb.<\/p>\n<p>El acompa\u00f1ante es el buen \u00abcom-pa\u00f1-ero\u00bb, como lo fue Jes\u00fas<span id='easy-footnote-99-120619' class='easy-footnote-margin-adjust'><\/span><span class='easy-footnote'><a href='https:\/\/vincentians.com\/es\/la-transmision-de-la-fe-hoy\/#easy-footnote-bottom-99-120619' title='Nos dice Heb 4, 15 que Jes\u00fas, es el \u00absym-p\u00e1thikos\u00bb con todos nosotros, el que es capaz de \u00abcon-sentir\u00bb con nosotros, el que \u00abcom-padece\u00bb con nosotros.'><sup>99<\/sup><\/a><\/span>, a quien \u00abse le conmueven las entra\u00f1as\u00bb, como tantas veces se nos dice de \u00e9l en el NT (cfr. s\u00f3lo en Mc.: 1, 41; 6, 34; 8, 8, 2; 9, 22) ante el sufrimiento de todo aquel que lo est\u00e1 pasando mal.<\/p>\n<p>El acompa\u00f1ante deber\u00e1:<\/p>\n<ul>\n<li>Intentar que el acompa\u00f1ado no sea como \u00e9l, sino que se pone a su servicio para que \u00e9ste un d\u00eda pueda caminar solo hacia donde crea mejor.<\/li>\n<li>Mirar \u00abcom-pasivamente\u00bb, \u00absym-p\u00e1thi-kamente\u00bb la vida, sabiendo que s\u00f3lo as\u00ed podr\u00e1 ayudar a poner nombre y a ilu\u00adminar todas esas zonas oscuras que existen en la vida de cada uno de nosotros y que preferir\u00edamos dejar tapadas, porque tocan puntos muy sensibles nuestros que nos pro\u00adducen dolor.<\/li>\n<li>Pasar por la autocr\u00edtica, por no condenar<span id='easy-footnote-100-120619' class='easy-footnote-margin-adjust'><\/span><span class='easy-footnote'><a href='https:\/\/vincentians.com\/es\/la-transmision-de-la-fe-hoy\/#easy-footnote-bottom-100-120619' title='Jn. 3, 17, &lt;i&gt;no ha venido a condenar al mundo, sino a que el mundo se salve por \u00e9l.&lt;\/i&gt;'><sup>100<\/sup><\/a><\/span>, por invitar al cambio; por \u00abcon-sentir\u00bb con el acompa\u00f1ado: no es un tra\u00adbajo m\u00e1s al que podemos acercarnos de un modo totalmen\u00adte as\u00e9ptico, sin sentirnos conmovidos, en ocasiones por el dolor y siempre por el respeto profundo ante una persona. Actuar en favor de otro, con paciencia hist\u00f3rica (cfr. la par\u00e1bola del trigo y la ciza\u00f1a: Mt 13, 24-30), respetando sus ritmos, aunque no sean como los nuestros ni como los que a nosotros nos gustan.<\/li>\n<li>Detectar rastros de vida y esperanza, donde los dem\u00e1s s\u00f3lo descubren ca\u00f1as ya del todo rotas y p\u00e1bilos por completo apagados; ha de ser siempre capaz de decir, convencido, que la ca\u00f1a a\u00fan no est\u00e1 del todo rota y puede ser recom\u00adpuesta y que el p\u00e1bilo recort\u00e1ndolo, arregl\u00e1ndolo, puede volver a iluminar (cfr. Mt 12,15-21. Is. 43, 16-21). Aunque los dem\u00e1s no lo noten, el acompa\u00f1ante siempre estar\u00e1 como un atalaya atento a la m\u00e1s peque\u00f1a brizna de hierba que pueda estar comenzando a nacer.<\/li>\n<li>Intercambiar experiencias: todos estamos en camino hacia Dios; todos podemos \u00abaprender\u00bb los unos de los otros; el aprendizaje es mutuo y la conversi\u00f3n se da por ambos lados. As\u00ed se hace patente que la fe no es resultado de la iniciativa tomada por un individuo aislado, sino acci\u00f3n de Dios en nosotros, que tiene su lugar m\u00e1s natural en una Iglesia que peregrina hacia \u00e9l.<\/li>\n<li>Ser buena Noticia para aqu\u00e9l a quien acompa\u00f1a: anuncia la Buena Noticia, y \u00e9l es Buena Noticia.<\/li>\n<\/ul>\n<p>Y un buen acompa\u00f1ado es aquel que, al igual que Samuel, sabe que no entiende los signos de la llamada de Dios y consi\u00adguientemente est\u00e1 convencido de que necesita recurrir a un El\u00ed (cfr. <b>I <\/b>Sam. 3, 8-9), que lo ayude a formular lo que le pasa y lo ponga tras la pista de Dios.<\/p>\n<p>El acompa\u00f1amiento es uno de los retos de nuestras Iglesias: \u00bfD\u00f3nde encontrar creyentes capaces de acompa\u00f1ar en el camino hacia la fe?, \u00bfd\u00f3nde hay grupos que puedan ofrecer un espacio de di\u00e1logo y de intercambio a quienes buscan a Dios?, \u00bfno hay entre nosotros catequistas y agentes de pastoral llamados a pre\u00adpararse para este servicio? Habr\u00e1 que dise\u00f1ar un plan de forma\u00adci\u00f3n para el acompa\u00f1amiento en la fe de personas y grupos, y ofertar el acompa\u00f1amiento personalizado en la fe del laicado adulto de las parroquias.<\/p>\n<h2>Conclusiones<\/h2>\n<p>Tras lo expuesto, llega el momento de presentar algunas con\u00adclusiones referentes al tipo de pastoral, que hoy nuestras comuni\u00addades han de fomentar, para llevar a cabo la transmisi\u00f3n de la fe:<\/p>\n<ol>\n<li><b>Pastoral de la inculturaci\u00f3n<\/b><span id='easy-footnote-101-120619' class='easy-footnote-margin-adjust'><\/span><span class='easy-footnote'><a href='https:\/\/vincentians.com\/es\/la-transmision-de-la-fe-hoy\/#easy-footnote-bottom-101-120619' title='Cfr. NMI, 40.'><sup>101<\/sup><\/a><\/span>: Pastoral que accede a la historia como \u00ablugar teol\u00f3gico\u00bb. La acci\u00f3n salvadora acaece en la historia concreta. Hoy es tiempo de salvaci\u00f3n. Nos corresponde discernir cu\u00e1les est\u00e1n siendo hoy los signos de los tiempos, desde los cuales Dios sigue revel\u00e1ndose, d\u00e1n\u00addose a conocer, e interpel\u00e1ndonos para que respondamos a las llamadas que \u00c9l hace a nuestras Iglesias<span id='easy-footnote-102-120619' class='easy-footnote-margin-adjust'><\/span><span class='easy-footnote'><a href='https:\/\/vincentians.com\/es\/la-transmision-de-la-fe-hoy\/#easy-footnote-bottom-102-120619' title='&lt;i&gt;Pastores Dabo Vobis, 10.&lt;\/i&gt;'><sup>102<\/sup><\/a><\/span>. Se discierne para actuar; y esta actuaci\u00f3n implica acciones pastorales.<\/li>\n<li><b>Pastoral del di\u00e1logo: <\/b>La pastoral necesita crear las condi\u00adciones para que la oferta-propuesta de un Dios que salva pueda ser entendida como algo cre\u00edble y atrayente. Desde la cercan\u00eda y el di\u00e1logo ofrecemos a otros nuestra ayuda, nuestra experiencia como creyentes y como miembros de la Iglesia, para que ellos por s\u00ed mismos y desde su propia libertad, accedan a la fe movidos por la gracia de Dios. \u00abEl di\u00e1logo no nace de una t\u00e1ctica o de un inter\u00e9s, sino que es una actividad con motivaciones, exigencias y dignidad propias: es exigido por el profundo respeto hacia todo lo que en el hombre ha obrado el Esp\u00edritu\u00bb<span id='easy-footnote-103-120619' class='easy-footnote-margin-adjust'><\/span><span class='easy-footnote'><a href='https:\/\/vincentians.com\/es\/la-transmision-de-la-fe-hoy\/#easy-footnote-bottom-103-120619' title='&lt;i&gt;Redemptoris Missio, &lt;\/i&gt;56.'><sup>103<\/sup><\/a><\/span>.<\/li>\n<li><b>Pastoral de la propuesta: <\/b>Proponer no es imponer ni presionar. Es una invitaci\u00f3n. Es proponer nuestra fe some\u00adti\u00e9ndola a la posible adhesi\u00f3n o rechazo. Ahora bien, nos\u00adotros deseamos que este anuncio llegue y sea acogido por el receptor. Y una comunicaci\u00f3n produce efectos de escucha e interiorizaci\u00f3n cuando es cre\u00edble, atractiva y realizada con autoridad<span id='easy-footnote-104-120619' class='easy-footnote-margin-adjust'><\/span><span class='easy-footnote'><a href='https:\/\/vincentians.com\/es\/la-transmision-de-la-fe-hoy\/#easy-footnote-bottom-104-120619' title='Juan Pablo II habla de una pastoral que sea actual, cre\u00edble y eficaz (Cf. PdV, 72).'><sup>104<\/sup><\/a><\/span>. Para ello, se requiere una:\n<ol>\n<li><b>Pastoral de la autenticidad y credibilidad: <\/b>Ser testigos con experiencia de Dios, que comunican lo que viven. Ser comunidades renovadas, espirituales, vigorosas, unidas y conscientes del tesoro que poseen y de la misi\u00f3n que les incumbe. Las comunidades han de pro\u00adponer hoy lo nuclear del mensaje cristiano, el credo de la Iglesia, no como una f\u00f3rmula, sino como un men\u00adsaje cargado de referencia y motivos para vivir de otra manera, desde una perspectiva: la del mismo Dios.<\/li>\n<li><b>Pastoral de la presencia significativa: <\/b>Presencia gra\u00adtuita, compasiva, participativa y servicial. \u00abEvangelizar significa para la Iglesia llevar la Buena Nueva a todos los ambientes de la humanidad y, con su influjo, trans\u00adformar desde dentro, renovar a la misma humanidad\u00bb<span id='easy-footnote-105-120619' class='easy-footnote-margin-adjust'><\/span><span class='easy-footnote'><a href='https:\/\/vincentians.com\/es\/la-transmision-de-la-fe-hoy\/#easy-footnote-bottom-105-120619' title='&lt;i&gt;Evangelii Nuntiandi, &lt;\/i&gt;18.'><sup>105<\/sup><\/a><\/span>.<\/li>\n<li><b>Pastoral de la acogida y la misericordia: <\/b>Expresi\u00f3n de la ternura, acogida, fidelidad y misericordia de Dios; expresi\u00f3n de una Iglesia maternal y evangelizadora que quiere ser hogar entra\u00f1able donde se vive y se anuncia la Buena Noticia de Jes\u00fas.<\/li>\n<li><b>Pastoral de los signos mesi\u00e1nicos: <\/b>\u00abSolo una Iglesia que se acerca a los pobres y a los oprimidos, se pone a su lado y de su lado, lucha y trabaja por su liberaci\u00f3n, por su dig\u00adnidad y por su bienestar, puede dar un testimonio cohe\u00adrente y convincente del mensaje evang\u00e9lico. Bien puede afirmarse que el ser y el actuar de la Iglesia se juegan en el mundo de la pobreza y del dolor, de la marginaci\u00f3n y de la opresi\u00f3n, de la debilidad y del sufrimiento\u00bb<span id='easy-footnote-106-120619' class='easy-footnote-margin-adjust'><\/span><span class='easy-footnote'><a href='https:\/\/vincentians.com\/es\/la-transmision-de-la-fe-hoy\/#easy-footnote-bottom-106-120619' title='Comisi\u00f3n Episcopal de Pastoral Social, &lt;i&gt;La Iglesia y los pobres, &lt;\/i&gt;10.'><sup>106<\/sup><\/a><\/span>.<\/li>\n<li><b>Pastoral del anuncio expl\u00edcito del Dios cristiano: <\/b>\u00abLa Buena Nueva proclamada por el testimonio de vida deber\u00e1 ser, pues, tarde o temprano, proclamada por la palabra de vida. No hay evangelizaci\u00f3n verdadera, mientras no se anuncie el nombre, la doctrina, la vida, las promesas, el reino, el misterio de Jes\u00fas de Nazaret Hijo de Dios\u00bb<span id='easy-footnote-107-120619' class='easy-footnote-margin-adjust'><\/span><span class='easy-footnote'><a href='https:\/\/vincentians.com\/es\/la-transmision-de-la-fe-hoy\/#easy-footnote-bottom-107-120619' title='EN, 22.'><sup>107<\/sup><\/a><\/span>.<\/li>\n<li><b>Pastoral de la iniciaci\u00f3n o reiniciaci\u00f3n cristiana: <\/b>Hay que idear procesos que gu\u00eden a las personas por esos caminos personales que les conduzcan a exclamar: \u00abDios est\u00e1 aqu\u00ed y yo no lo sab\u00eda\u00bb. Estos procesos han de tener presente el catecumenado como modelo inspi\u00adrador de toda acci\u00f3n catequizadora de la Iglesia.<\/li>\n<li><b>Pastoral del acompa\u00f1amiento personal y comuni\u00adtario: <\/b>La fe no podr\u00e1 crecer si no es acompa\u00f1ada, con\u00adfirmada y fortalecida por otros creyentes.<\/li>\n<\/ol>\n<\/li>\n<\/ol>\n<p>El Esp\u00edritu empuja hoy a la Iglesia a ir al coraz\u00f3n del mundo, porque solo desde \u00e9l se pueden percibir sus latidos e inquietudes. Por ello, la espiritualidad eclesial necesita cruzar las orillas y saltar las fronteras para poder anunciar con apasionamiento la Buena Nueva del Evangelio. Ello requiere coraje y valent\u00eda para integrar los signos de los tiempos desde una dimensi\u00f3n de Kair\u00f3s que discierne las llamadas que Dios sigue dirigiendo a su pueblo. Por ello, nos espera una apasionante tarea de rena\u00adcimiento pastoral. Una obra que implica a todos, y que ha de reavivar en nosotros el impulso de los or\u00edgenes, dej\u00e1ndonos impregnar por el ardor de la predicaci\u00f3n apost\u00f3lica despu\u00e9s de Pentecost\u00e9s<span id='easy-footnote-108-120619' class='easy-footnote-margin-adjust'><\/span><span class='easy-footnote'><a href='https:\/\/vincentians.com\/es\/la-transmision-de-la-fe-hoy\/#easy-footnote-bottom-108-120619' title='Cfr. &lt;i&gt;Novo Milenio Ineunte, &lt;\/i&gt;29. 40.'><sup>108<\/sup><\/a><\/span>.<\/p>\n","protected":false},"excerpt":{"rendered":"<p>Introducci\u00f3n La transmisi\u00f3n es un acto de comunicaci\u00f3n. Si buscamos lo que significa comunicaci\u00f3n en el diccionario de la Lengua Espa\u00ad\u00f1ola de la Real Academia, leemos que comunicar es: Hacer part\u00edcipe a otro de lo &#8230; <a href=\"https:\/\/vincentians.com\/es\/la-transmision-de-la-fe-hoy\/\" class=\"more-link\">Read More<\/a><\/p>\n","protected":false},"author":4,"featured_media":404144,"comment_status":"open","ping_status":"open","sticky":false,"template":"","format":"standard","meta":{"jetpack_post_was_ever_published":false,"_jetpack_newsletter_access":"","_jetpack_dont_email_post_to_subs":false,"_jetpack_newsletter_tier_id":0,"_jetpack_memberships_contains_paywalled_content":false,"_jetpack_memberships_contains_paid_content":false,"footnotes":"","jetpack_publicize_message":"","jetpack_publicize_feature_enabled":true,"jetpack_social_post_already_shared":true,"jetpack_social_options":{"image_generator_settings":{"template":"highway","default_image_id":0,"font":"","enabled":false},"version":2}},"categories":[29],"tags":[172,280],"class_list":["post-120619","post","type-post","status-publish","format-standard","has-post-thumbnail","hentry","category-formacion-cristiana","tag-pobreza","tag-san-juan-de-la-cruz"],"yoast_head":"<!-- This site is optimized with the Yoast SEO plugin v26.3 - https:\/\/yoast.com\/wordpress\/plugins\/seo\/ -->\n<title>La transmisi\u00f3n de la fe, hoy - Somos Vicencianos<\/title>\n<meta name=\"robots\" content=\"index, follow, max-snippet:-1, max-image-preview:large, max-video-preview:-1\" \/>\n<link rel=\"canonical\" href=\"https:\/\/vincentians.com\/es\/la-transmision-de-la-fe-hoy\/\" \/>\n<meta property=\"og:locale\" content=\"es_ES\" \/>\n<meta property=\"og:type\" content=\"article\" \/>\n<meta property=\"og:title\" content=\"La transmisi\u00f3n de la fe, hoy - Somos Vicencianos\" \/>\n<meta property=\"og:description\" content=\"Introducci\u00f3n La transmisi\u00f3n es un acto de comunicaci\u00f3n. Si buscamos lo que significa comunicaci\u00f3n en el diccionario de la Lengua Espa\u00ad\u00f1ola de la Real Academia, leemos que comunicar es: Hacer part\u00edcipe a otro de lo ... Read More\" \/>\n<meta property=\"og:url\" content=\"https:\/\/vincentians.com\/es\/la-transmision-de-la-fe-hoy\/\" \/>\n<meta property=\"og:site_name\" content=\"Somos Vicencianos\" \/>\n<meta property=\"article:publisher\" content=\"https:\/\/www.facebook.com\/WeAreVincentians\/\" \/>\n<meta property=\"article:author\" content=\"https:\/\/www.facebook.com\/JavierChento\" \/>\n<meta property=\"article:published_time\" content=\"2022-04-17T06:15:50+00:00\" \/>\n<meta property=\"og:image\" content=\"https:\/\/i0.wp.com\/vincentians.com\/es\/wp-content\/uploads\/sites\/11\/2013\/04\/Avila.jpg?fit=1280%2C960&ssl=1\" \/>\n\t<meta property=\"og:image:width\" content=\"1280\" \/>\n\t<meta property=\"og:image:height\" content=\"960\" \/>\n\t<meta property=\"og:image:type\" content=\"image\/jpeg\" \/>\n<meta name=\"author\" content=\"Francisco Javier Fern\u00e1ndez Chento\" \/>\n<meta name=\"twitter:card\" content=\"summary_large_image\" \/>\n<meta name=\"twitter:creator\" content=\"@https:\/\/twitter.com\/javierchento\" \/>\n<meta name=\"twitter:site\" content=\"@WeVincentians\" \/>\n<meta name=\"twitter:label1\" content=\"Escrito por\" \/>\n\t<meta name=\"twitter:data1\" content=\"Francisco Javier Fern\u00e1ndez Chento\" \/>\n\t<meta name=\"twitter:label2\" content=\"Tiempo de lectura\" \/>\n\t<meta name=\"twitter:data2\" content=\"118 minutos\" \/>\n<script type=\"application\/ld+json\" class=\"yoast-schema-graph\">{\"@context\":\"https:\/\/schema.org\",\"@graph\":[{\"@type\":\"Article\",\"@id\":\"https:\/\/vincentians.com\/es\/la-transmision-de-la-fe-hoy\/#article\",\"isPartOf\":{\"@id\":\"https:\/\/vincentians.com\/es\/la-transmision-de-la-fe-hoy\/\"},\"author\":{\"name\":\"Francisco Javier Fern\u00e1ndez Chento\",\"@id\":\"http:\/\/vincentians.com\/es\/#\/schema\/person\/9623ef4d9aa3b2dfb8c061f1499288f2\"},\"headline\":\"La transmisi\u00f3n de la fe, hoy\",\"datePublished\":\"2022-04-17T06:15:50+00:00\",\"mainEntityOfPage\":{\"@id\":\"https:\/\/vincentians.com\/es\/la-transmision-de-la-fe-hoy\/\"},\"wordCount\":23626,\"commentCount\":0,\"publisher\":{\"@id\":\"http:\/\/vincentians.com\/es\/#organization\"},\"image\":{\"@id\":\"https:\/\/vincentians.com\/es\/la-transmision-de-la-fe-hoy\/#primaryimage\"},\"thumbnailUrl\":\"https:\/\/i0.wp.com\/vincentians.com\/es\/wp-content\/uploads\/sites\/11\/2013\/04\/Avila.jpg?fit=1280%2C960&ssl=1\",\"keywords\":[\"Pobreza\",\"San Juan de la Cruz\"],\"articleSection\":[\"Formaci\u00f3n Cristiana\"],\"inLanguage\":\"es\",\"potentialAction\":[{\"@type\":\"CommentAction\",\"name\":\"Comment\",\"target\":[\"https:\/\/vincentians.com\/es\/la-transmision-de-la-fe-hoy\/#respond\"]}]},{\"@type\":\"WebPage\",\"@id\":\"https:\/\/vincentians.com\/es\/la-transmision-de-la-fe-hoy\/\",\"url\":\"https:\/\/vincentians.com\/es\/la-transmision-de-la-fe-hoy\/\",\"name\":\"La transmisi\u00f3n de la fe, hoy - Somos Vicencianos\",\"isPartOf\":{\"@id\":\"http:\/\/vincentians.com\/es\/#website\"},\"primaryImageOfPage\":{\"@id\":\"https:\/\/vincentians.com\/es\/la-transmision-de-la-fe-hoy\/#primaryimage\"},\"image\":{\"@id\":\"https:\/\/vincentians.com\/es\/la-transmision-de-la-fe-hoy\/#primaryimage\"},\"thumbnailUrl\":\"https:\/\/i0.wp.com\/vincentians.com\/es\/wp-content\/uploads\/sites\/11\/2013\/04\/Avila.jpg?fit=1280%2C960&ssl=1\",\"datePublished\":\"2022-04-17T06:15:50+00:00\",\"breadcrumb\":{\"@id\":\"https:\/\/vincentians.com\/es\/la-transmision-de-la-fe-hoy\/#breadcrumb\"},\"inLanguage\":\"es\",\"potentialAction\":[{\"@type\":\"ReadAction\",\"target\":[\"https:\/\/vincentians.com\/es\/la-transmision-de-la-fe-hoy\/\"]}]},{\"@type\":\"ImageObject\",\"inLanguage\":\"es\",\"@id\":\"https:\/\/vincentians.com\/es\/la-transmision-de-la-fe-hoy\/#primaryimage\",\"url\":\"https:\/\/i0.wp.com\/vincentians.com\/es\/wp-content\/uploads\/sites\/11\/2013\/04\/Avila.jpg?fit=1280%2C960&ssl=1\",\"contentUrl\":\"https:\/\/i0.wp.com\/vincentians.com\/es\/wp-content\/uploads\/sites\/11\/2013\/04\/Avila.jpg?fit=1280%2C960&ssl=1\",\"width\":1280,\"height\":960},{\"@type\":\"BreadcrumbList\",\"@id\":\"https:\/\/vincentians.com\/es\/la-transmision-de-la-fe-hoy\/#breadcrumb\",\"itemListElement\":[{\"@type\":\"ListItem\",\"position\":1,\"name\":\"Portada\",\"item\":\"http:\/\/vincentians.com\/es\/\"},{\"@type\":\"ListItem\",\"position\":2,\"name\":\"La transmisi\u00f3n de la fe, hoy\"}]},{\"@type\":\"WebSite\",\"@id\":\"http:\/\/vincentians.com\/es\/#website\",\"url\":\"http:\/\/vincentians.com\/es\/\",\"name\":\"Somos Vicencianos\",\"description\":\"Know more to serve more\",\"publisher\":{\"@id\":\"http:\/\/vincentians.com\/es\/#organization\"},\"potentialAction\":[{\"@type\":\"SearchAction\",\"target\":{\"@type\":\"EntryPoint\",\"urlTemplate\":\"http:\/\/vincentians.com\/es\/?s={search_term_string}\"},\"query-input\":{\"@type\":\"PropertyValueSpecification\",\"valueRequired\":true,\"valueName\":\"search_term_string\"}}],\"inLanguage\":\"es\"},{\"@type\":\"Organization\",\"@id\":\"http:\/\/vincentians.com\/es\/#organization\",\"name\":\"The Vincentian Network\",\"url\":\"http:\/\/vincentians.com\/es\/\",\"logo\":{\"@type\":\"ImageObject\",\"inLanguage\":\"es\",\"@id\":\"http:\/\/vincentians.com\/es\/#\/schema\/logo\/image\/\",\"url\":\"https:\/\/i1.wp.com\/vincentians.com\/es\/wp-content\/uploads\/sites\/11\/2016\/06\/Vincentian-Network-logo-big.png?fit=778%2C778\",\"contentUrl\":\"https:\/\/i1.wp.com\/vincentians.com\/es\/wp-content\/uploads\/sites\/11\/2016\/06\/Vincentian-Network-logo-big.png?fit=778%2C778\",\"width\":778,\"height\":778,\"caption\":\"The Vincentian Network\"},\"image\":{\"@id\":\"http:\/\/vincentians.com\/es\/#\/schema\/logo\/image\/\"},\"sameAs\":[\"https:\/\/www.facebook.com\/WeAreVincentians\/\",\"https:\/\/x.com\/WeVincentians\"]},{\"@type\":\"Person\",\"@id\":\"http:\/\/vincentians.com\/es\/#\/schema\/person\/9623ef4d9aa3b2dfb8c061f1499288f2\",\"name\":\"Francisco Javier Fern\u00e1ndez Chento\",\"image\":{\"@type\":\"ImageObject\",\"inLanguage\":\"es\",\"@id\":\"http:\/\/vincentians.com\/es\/#\/schema\/person\/image\/\",\"url\":\"https:\/\/secure.gravatar.com\/avatar\/497d5cde87b4c3d097d0315953521681ba2cd523ee66e5077c3711f7021e65de?s=96&d=mm&r=g\",\"contentUrl\":\"https:\/\/secure.gravatar.com\/avatar\/497d5cde87b4c3d097d0315953521681ba2cd523ee66e5077c3711f7021e65de?s=96&d=mm&r=g\",\"caption\":\"Francisco Javier Fern\u00e1ndez Chento\"},\"description\":\"Director General y cofundador de La Red de Formaci\u00f3n Vicenciana. Javier es laico vicenciano, afiliado a la Congregaci\u00f3n de la Misi\u00f3n y miembro del Equipo de Misiones Populares de la provincia can\u00f3nica de Zaragoza (Espa\u00f1a) de la Congregaci\u00f3n de la Misi\u00f3n. Graduado en la Universidad Oberta de Catalunya con cuatro grados (Asistente de direcci\u00f3n, Gesti\u00f3n Administrativa, Recursos Humanos y Contabilidad Avanzada). Bil\u00edng\u00fce Espa\u00f1ol\/Ingl\u00e9s. gestiona y mantiene varias p\u00e1ginas web cristianas y vicencianas, incluida including La Red de Formaci\u00f3n Vicenciana, de la que es cofundador. Actualmente es responsable del \u00e1rea de Espa\u00f1ol de .famvin, la Red de Noticias de la Familia Vicenciana. Tambi\u00e9n es m\u00fasico cat\u00f3lico y ha editado varios discos. Es Director General y cofundador de Trovador, una reconocida compa\u00f1\u00eda discogr\u00e1fica critiana de Espa\u00f1a. Trabaja en las Tecnolog\u00edas de la Informaci\u00f3n, ofreciendo servicios de alojamiento, dise\u00f1o y mantenimiento Web, as\u00ed como asesoramiento, formaci\u00f3n y soluciones inform\u00e1ticas, gesti\u00f3n documental y digitalizaci\u00f3n de textos, edici\u00f3n y maquetaci\u00f3n de libros, revistas, flyers, etc.\",\"sameAs\":[\"http:\/\/chento.org\",\"https:\/\/www.facebook.com\/JavierChento\",\"https:\/\/x.com\/https:\/\/twitter.com\/javierchento\"],\"url\":\"https:\/\/vincentians.com\/es\/author\/chento\/\"}]}<\/script>\n<!-- \/ Yoast SEO plugin. -->","yoast_head_json":{"title":"La transmisi\u00f3n de la fe, hoy - Somos Vicencianos","robots":{"index":"index","follow":"follow","max-snippet":"max-snippet:-1","max-image-preview":"max-image-preview:large","max-video-preview":"max-video-preview:-1"},"canonical":"https:\/\/vincentians.com\/es\/la-transmision-de-la-fe-hoy\/","og_locale":"es_ES","og_type":"article","og_title":"La transmisi\u00f3n de la fe, hoy - Somos Vicencianos","og_description":"Introducci\u00f3n La transmisi\u00f3n es un acto de comunicaci\u00f3n. Si buscamos lo que significa comunicaci\u00f3n en el diccionario de la Lengua Espa\u00ad\u00f1ola de la Real Academia, leemos que comunicar es: Hacer part\u00edcipe a otro de lo ... Read More","og_url":"https:\/\/vincentians.com\/es\/la-transmision-de-la-fe-hoy\/","og_site_name":"Somos Vicencianos","article_publisher":"https:\/\/www.facebook.com\/WeAreVincentians\/","article_author":"https:\/\/www.facebook.com\/JavierChento","article_published_time":"2022-04-17T06:15:50+00:00","og_image":[{"width":1280,"height":960,"url":"https:\/\/i0.wp.com\/vincentians.com\/es\/wp-content\/uploads\/sites\/11\/2013\/04\/Avila.jpg?fit=1280%2C960&ssl=1","type":"image\/jpeg"}],"author":"Francisco Javier Fern\u00e1ndez Chento","twitter_card":"summary_large_image","twitter_creator":"@https:\/\/twitter.com\/javierchento","twitter_site":"@WeVincentians","twitter_misc":{"Escrito por":"Francisco Javier Fern\u00e1ndez Chento","Tiempo de lectura":"118 minutos"},"schema":{"@context":"https:\/\/schema.org","@graph":[{"@type":"Article","@id":"https:\/\/vincentians.com\/es\/la-transmision-de-la-fe-hoy\/#article","isPartOf":{"@id":"https:\/\/vincentians.com\/es\/la-transmision-de-la-fe-hoy\/"},"author":{"name":"Francisco Javier Fern\u00e1ndez Chento","@id":"http:\/\/vincentians.com\/es\/#\/schema\/person\/9623ef4d9aa3b2dfb8c061f1499288f2"},"headline":"La transmisi\u00f3n de la fe, hoy","datePublished":"2022-04-17T06:15:50+00:00","mainEntityOfPage":{"@id":"https:\/\/vincentians.com\/es\/la-transmision-de-la-fe-hoy\/"},"wordCount":23626,"commentCount":0,"publisher":{"@id":"http:\/\/vincentians.com\/es\/#organization"},"image":{"@id":"https:\/\/vincentians.com\/es\/la-transmision-de-la-fe-hoy\/#primaryimage"},"thumbnailUrl":"https:\/\/i0.wp.com\/vincentians.com\/es\/wp-content\/uploads\/sites\/11\/2013\/04\/Avila.jpg?fit=1280%2C960&ssl=1","keywords":["Pobreza","San Juan de la Cruz"],"articleSection":["Formaci\u00f3n Cristiana"],"inLanguage":"es","potentialAction":[{"@type":"CommentAction","name":"Comment","target":["https:\/\/vincentians.com\/es\/la-transmision-de-la-fe-hoy\/#respond"]}]},{"@type":"WebPage","@id":"https:\/\/vincentians.com\/es\/la-transmision-de-la-fe-hoy\/","url":"https:\/\/vincentians.com\/es\/la-transmision-de-la-fe-hoy\/","name":"La transmisi\u00f3n de la fe, hoy - Somos Vicencianos","isPartOf":{"@id":"http:\/\/vincentians.com\/es\/#website"},"primaryImageOfPage":{"@id":"https:\/\/vincentians.com\/es\/la-transmision-de-la-fe-hoy\/#primaryimage"},"image":{"@id":"https:\/\/vincentians.com\/es\/la-transmision-de-la-fe-hoy\/#primaryimage"},"thumbnailUrl":"https:\/\/i0.wp.com\/vincentians.com\/es\/wp-content\/uploads\/sites\/11\/2013\/04\/Avila.jpg?fit=1280%2C960&ssl=1","datePublished":"2022-04-17T06:15:50+00:00","breadcrumb":{"@id":"https:\/\/vincentians.com\/es\/la-transmision-de-la-fe-hoy\/#breadcrumb"},"inLanguage":"es","potentialAction":[{"@type":"ReadAction","target":["https:\/\/vincentians.com\/es\/la-transmision-de-la-fe-hoy\/"]}]},{"@type":"ImageObject","inLanguage":"es","@id":"https:\/\/vincentians.com\/es\/la-transmision-de-la-fe-hoy\/#primaryimage","url":"https:\/\/i0.wp.com\/vincentians.com\/es\/wp-content\/uploads\/sites\/11\/2013\/04\/Avila.jpg?fit=1280%2C960&ssl=1","contentUrl":"https:\/\/i0.wp.com\/vincentians.com\/es\/wp-content\/uploads\/sites\/11\/2013\/04\/Avila.jpg?fit=1280%2C960&ssl=1","width":1280,"height":960},{"@type":"BreadcrumbList","@id":"https:\/\/vincentians.com\/es\/la-transmision-de-la-fe-hoy\/#breadcrumb","itemListElement":[{"@type":"ListItem","position":1,"name":"Portada","item":"http:\/\/vincentians.com\/es\/"},{"@type":"ListItem","position":2,"name":"La transmisi\u00f3n de la fe, hoy"}]},{"@type":"WebSite","@id":"http:\/\/vincentians.com\/es\/#website","url":"http:\/\/vincentians.com\/es\/","name":"Somos Vicencianos","description":"Know more to serve more","publisher":{"@id":"http:\/\/vincentians.com\/es\/#organization"},"potentialAction":[{"@type":"SearchAction","target":{"@type":"EntryPoint","urlTemplate":"http:\/\/vincentians.com\/es\/?s={search_term_string}"},"query-input":{"@type":"PropertyValueSpecification","valueRequired":true,"valueName":"search_term_string"}}],"inLanguage":"es"},{"@type":"Organization","@id":"http:\/\/vincentians.com\/es\/#organization","name":"The Vincentian Network","url":"http:\/\/vincentians.com\/es\/","logo":{"@type":"ImageObject","inLanguage":"es","@id":"http:\/\/vincentians.com\/es\/#\/schema\/logo\/image\/","url":"https:\/\/i1.wp.com\/vincentians.com\/es\/wp-content\/uploads\/sites\/11\/2016\/06\/Vincentian-Network-logo-big.png?fit=778%2C778","contentUrl":"https:\/\/i1.wp.com\/vincentians.com\/es\/wp-content\/uploads\/sites\/11\/2016\/06\/Vincentian-Network-logo-big.png?fit=778%2C778","width":778,"height":778,"caption":"The Vincentian Network"},"image":{"@id":"http:\/\/vincentians.com\/es\/#\/schema\/logo\/image\/"},"sameAs":["https:\/\/www.facebook.com\/WeAreVincentians\/","https:\/\/x.com\/WeVincentians"]},{"@type":"Person","@id":"http:\/\/vincentians.com\/es\/#\/schema\/person\/9623ef4d9aa3b2dfb8c061f1499288f2","name":"Francisco Javier Fern\u00e1ndez Chento","image":{"@type":"ImageObject","inLanguage":"es","@id":"http:\/\/vincentians.com\/es\/#\/schema\/person\/image\/","url":"https:\/\/secure.gravatar.com\/avatar\/497d5cde87b4c3d097d0315953521681ba2cd523ee66e5077c3711f7021e65de?s=96&d=mm&r=g","contentUrl":"https:\/\/secure.gravatar.com\/avatar\/497d5cde87b4c3d097d0315953521681ba2cd523ee66e5077c3711f7021e65de?s=96&d=mm&r=g","caption":"Francisco Javier Fern\u00e1ndez Chento"},"description":"Director General y cofundador de La Red de Formaci\u00f3n Vicenciana. Javier es laico vicenciano, afiliado a la Congregaci\u00f3n de la Misi\u00f3n y miembro del Equipo de Misiones Populares de la provincia can\u00f3nica de Zaragoza (Espa\u00f1a) de la Congregaci\u00f3n de la Misi\u00f3n. Graduado en la Universidad Oberta de Catalunya con cuatro grados (Asistente de direcci\u00f3n, Gesti\u00f3n Administrativa, Recursos Humanos y Contabilidad Avanzada). Bil\u00edng\u00fce Espa\u00f1ol\/Ingl\u00e9s. gestiona y mantiene varias p\u00e1ginas web cristianas y vicencianas, incluida including La Red de Formaci\u00f3n Vicenciana, de la que es cofundador. Actualmente es responsable del \u00e1rea de Espa\u00f1ol de .famvin, la Red de Noticias de la Familia Vicenciana. Tambi\u00e9n es m\u00fasico cat\u00f3lico y ha editado varios discos. Es Director General y cofundador de Trovador, una reconocida compa\u00f1\u00eda discogr\u00e1fica critiana de Espa\u00f1a. Trabaja en las Tecnolog\u00edas de la Informaci\u00f3n, ofreciendo servicios de alojamiento, dise\u00f1o y mantenimiento Web, as\u00ed como asesoramiento, formaci\u00f3n y soluciones inform\u00e1ticas, gesti\u00f3n documental y digitalizaci\u00f3n de textos, edici\u00f3n y maquetaci\u00f3n de libros, revistas, flyers, etc.","sameAs":["http:\/\/chento.org","https:\/\/www.facebook.com\/JavierChento","https:\/\/x.com\/https:\/\/twitter.com\/javierchento"],"url":"https:\/\/vincentians.com\/es\/author\/chento\/"}]}},"jetpack_publicize_connections":[],"jetpack_featured_media_url":"https:\/\/i0.wp.com\/vincentians.com\/es\/wp-content\/uploads\/sites\/11\/2013\/04\/Avila.jpg?fit=1280%2C960&ssl=1","jetpack_sharing_enabled":true,"jetpack_shortlink":"https:\/\/wp.me\/p7ETMF-vnt","jetpack-related-posts":[{"id":37062,"url":"https:\/\/vincentians.com\/es\/animacion-grupal\/","url_meta":{"origin":120619,"position":0},"title":"Animaci\u00f3n grupal","author":"Francisco Javier Fern\u00e1ndez Chento","date":"16\/07\/2014","format":false,"excerpt":"Introducci\u00f3n Hace algo m\u00e1s de 2 a\u00f1os me invitaron a hacer parte de una mesa redonda en la Universidad cat\u00f3lica Boliviana en La Paz, Bolivia. (La raz\u00f3n era simplemente que el sacerdote encargado se hab\u00eda ausentado y el asunto cay\u00f3 sobre m\u00ed). El tema era la comunicaci\u00f3n como factor de\u2026","rel":"","context":"En \u00abJuventudes Marianas Vicencianas\u00bb","block_context":{"text":"Juventudes Marianas Vicencianas","link":"https:\/\/vincentians.com\/es\/category\/la-familia-vicenciana\/ramas\/juventudes-marianas-vicencianas\/"},"img":{"alt_text":"","src":"https:\/\/i0.wp.com\/vicencianos.org\/wp-content\/2011\/05\/jmv_africa_grafico_01-1024x274.jpg?resize=350%2C200","width":350,"height":200,"srcset":"https:\/\/i0.wp.com\/vicencianos.org\/wp-content\/2011\/05\/jmv_africa_grafico_01-1024x274.jpg?resize=350%2C200 1x, https:\/\/i0.wp.com\/vicencianos.org\/wp-content\/2011\/05\/jmv_africa_grafico_01-1024x274.jpg?resize=525%2C300 1.5x"},"classes":[]},{"id":34530,"url":"https:\/\/vincentians.com\/es\/espiritualidad-vicenciana-comunicacion\/","url_meta":{"origin":120619,"position":1},"title":"Espiritualidad vicenciana: Comunicaci\u00f3n","author":"Francisco Javier Fern\u00e1ndez Chento","date":"24\/05\/2014","format":false,"excerpt":"1. Complejidad y riqueza de la comunicaci\u00f3n La comunicaci\u00f3n humana se basa en el ca\u00adr\u00e1cter del hombre, que, \"por su \u00edntima naturale\u00adza, es un ser social, no puede vivir ni desplegar sus cualidades sin relacionarse con los dem\u00e1s\" (GS 12). Por otra parte, \"la \u00edndole social del hom\u00adbre demuestra que\u2026","rel":"","context":"En \u00abEspiritualidad vicenciana\u00bb","block_context":{"text":"Espiritualidad vicenciana","link":"https:\/\/vincentians.com\/es\/category\/espiritualidad\/espiritualidad-vicenciana\/"},"img":{"alt_text":"","src":"https:\/\/i0.wp.com\/vincentians.com\/es\/wp-content\/uploads\/sites\/11\/2016\/07\/espiritualidad-vicenciana.jpg?fit=1200%2C630&ssl=1&resize=350%2C200","width":350,"height":200,"srcset":"https:\/\/i0.wp.com\/vincentians.com\/es\/wp-content\/uploads\/sites\/11\/2016\/07\/espiritualidad-vicenciana.jpg?fit=1200%2C630&ssl=1&resize=350%2C200 1x, https:\/\/i0.wp.com\/vincentians.com\/es\/wp-content\/uploads\/sites\/11\/2016\/07\/espiritualidad-vicenciana.jpg?fit=1200%2C630&ssl=1&resize=525%2C300 1.5x, https:\/\/i0.wp.com\/vincentians.com\/es\/wp-content\/uploads\/sites\/11\/2016\/07\/espiritualidad-vicenciana.jpg?fit=1200%2C630&ssl=1&resize=700%2C400 2x, https:\/\/i0.wp.com\/vincentians.com\/es\/wp-content\/uploads\/sites\/11\/2016\/07\/espiritualidad-vicenciana.jpg?fit=1200%2C630&ssl=1&resize=1050%2C600 3x"},"classes":[]},{"id":24503,"url":"https:\/\/vincentians.com\/es\/testigos-del-dios-de-la-vida-parte-1\/","url_meta":{"origin":120619,"position":2},"title":"Testigos del Dios de la vida (Parte 1)","author":"Francisco Javier Fern\u00e1ndez Chento","date":"28\/08\/2013","format":false,"excerpt":"La fe cristiana pide ser comunicada. No hay por qu\u00e9 buscar grandes razones. Cuando uno vive a gusto con un Dios amigo y salvador, no puede ocultarlo. No necesita razones y motivos par comunicar su experiencia. Sencillamente vive su experiencia de Dios y la comunica de manera espont\u00e1nea. Se le\u2026","rel":"","context":"En \u00abFormaci\u00f3n Cristiana\u00bb","block_context":{"text":"Formaci\u00f3n Cristiana","link":"https:\/\/vincentians.com\/es\/category\/formacion-cristiana\/"},"img":{"alt_text":"","src":"https:\/\/i0.wp.com\/vicencianos.org\/wp-content\/2010\/12\/dios-vida-262x300.jpg?resize=350%2C200","width":350,"height":200},"classes":[]},{"id":46067,"url":"https:\/\/vincentians.com\/es\/el-mensaje-vicenciano-en-nuestros-centros-educativos-realidades-y-perspectivas-de-futuro\/","url_meta":{"origin":120619,"position":3},"title":"El Mensaje Vicenciano en nuestros centros educativos: realidades y perspectivas de futuro","author":"Francisco Javier Fern\u00e1ndez Chento","date":"02\/08\/2011","format":false,"excerpt":"El objetivo de la presente comunicaci\u00f3n es dar respuesta a la pregunta: De hecho, \u00bfnuestros Colegios funcionan como cauces eficaces de transmisi\u00f3n del mensaje evang\u00e9lico vicencia\u00adno a la juventud de hoy?... Por la comunicaci\u00f3n anterior, comprobamos que a nivel de principios, la Instituci\u00f3n Colegio es un cauce v\u00e1lido y eficaz\u2026","rel":"","context":"En \u00abJuventud\u00bb","block_context":{"text":"Juventud","link":"https:\/\/vincentians.com\/es\/category\/servicios-y-ministerios\/juventud\/"},"img":{"alt_text":"","src":"https:\/\/i0.wp.com\/vicencianos.org\/wp-content\/2011\/07\/cev3-300x297.jpg?resize=350%2C200","width":350,"height":200},"classes":[]},{"id":46072,"url":"https:\/\/vincentians.com\/es\/medios-de-comunicacion-social-mensaje-vicenciano-y-juventud-actual\/","url_meta":{"origin":120619,"position":4},"title":"Medios de comunicaci\u00f3n social, mensaje vicenciano y juventud actual","author":"Francisco Javier Fern\u00e1ndez Chento","date":"27\/07\/2011","format":false,"excerpt":"De entrada, confieso que esta ponencia me parece un bello y dificil ejercicio de prestidigitaci\u00f3n. A uno le dicen: \"Ah\u00ed tiene usted tres realidades vitales \u2014Medios de Comunicaci\u00f3n Social, Mensaje de San Vicente de Pa\u00fal, y Juventud actual\u2014; introduz\u00adca esos tres elementos en su cabeza; ag\u00edtelos suavemente por espacio de\u2026","rel":"","context":"En \u00abJuventud\u00bb","block_context":{"text":"Juventud","link":"https:\/\/vincentians.com\/es\/category\/servicios-y-ministerios\/juventud\/"},"img":{"alt_text":"","src":"https:\/\/i0.wp.com\/vicencianos.org\/wp-content\/2011\/07\/medios_comunicacion-300x277.jpg?resize=350%2C200","width":350,"height":200},"classes":[]},{"id":12408,"url":"https:\/\/vincentians.com\/es\/vicente-de-paul-conferencia-138-conferencia-del-24-de-octubre-de-1659\/","url_meta":{"origin":120619,"position":5},"title":"Vicente de Pa\u00fal, Conferencia 138: Conferencia Del [24 De Octubre De 1659]","author":"Francisco Javier Fern\u00e1ndez Chento","date":"16\/10\/2009","format":false,"excerpt":"SOBRE LA OBLIGACION DE COMUNICAR AL SUPERIOR LAS FALTAS NOTABLES Y LAS TENTACIONES DEL PROJIMO (Reglas comunes, cap. 2, art. 16-17) Razones para esta comunicaci\u00f3n; respuesta a las objeciones. Manera de portarse en estas comunicaciones. Hermanos m\u00edos, la conferencia de esta tarde ser\u00e1 sobre una parte de la regla que\u2026","rel":"","context":"En \u00abEscritos de Vicente de Pa\u00fal\u00bb","block_context":{"text":"Escritos de Vicente de Pa\u00fal","link":"https:\/\/vincentians.com\/es\/category\/escritos\/escritos-de-vicente-de-paul\/"},"img":{"alt_text":"","src":"https:\/\/i0.wp.com\/vincentians.com\/es\/wp-content\/uploads\/sites\/11\/2016\/07\/escritos-vicente-de-paul.jpg?fit=1200%2C630&ssl=1&resize=350%2C200","width":350,"height":200,"srcset":"https:\/\/i0.wp.com\/vincentians.com\/es\/wp-content\/uploads\/sites\/11\/2016\/07\/escritos-vicente-de-paul.jpg?fit=1200%2C630&ssl=1&resize=350%2C200 1x, https:\/\/i0.wp.com\/vincentians.com\/es\/wp-content\/uploads\/sites\/11\/2016\/07\/escritos-vicente-de-paul.jpg?fit=1200%2C630&ssl=1&resize=525%2C300 1.5x, https:\/\/i0.wp.com\/vincentians.com\/es\/wp-content\/uploads\/sites\/11\/2016\/07\/escritos-vicente-de-paul.jpg?fit=1200%2C630&ssl=1&resize=700%2C400 2x, https:\/\/i0.wp.com\/vincentians.com\/es\/wp-content\/uploads\/sites\/11\/2016\/07\/escritos-vicente-de-paul.jpg?fit=1200%2C630&ssl=1&resize=1050%2C600 3x"},"classes":[]}],"_links":{"self":[{"href":"https:\/\/vincentians.com\/es\/wp-json\/wp\/v2\/posts\/120619","targetHints":{"allow":["GET"]}}],"collection":[{"href":"https:\/\/vincentians.com\/es\/wp-json\/wp\/v2\/posts"}],"about":[{"href":"https:\/\/vincentians.com\/es\/wp-json\/wp\/v2\/types\/post"}],"author":[{"embeddable":true,"href":"https:\/\/vincentians.com\/es\/wp-json\/wp\/v2\/users\/4"}],"replies":[{"embeddable":true,"href":"https:\/\/vincentians.com\/es\/wp-json\/wp\/v2\/comments?post=120619"}],"version-history":[{"count":1,"href":"https:\/\/vincentians.com\/es\/wp-json\/wp\/v2\/posts\/120619\/revisions"}],"predecessor-version":[{"id":404145,"href":"https:\/\/vincentians.com\/es\/wp-json\/wp\/v2\/posts\/120619\/revisions\/404145"}],"wp:featuredmedia":[{"embeddable":true,"href":"https:\/\/vincentians.com\/es\/wp-json\/wp\/v2\/media\/404144"}],"wp:attachment":[{"href":"https:\/\/vincentians.com\/es\/wp-json\/wp\/v2\/media?parent=120619"}],"wp:term":[{"taxonomy":"category","embeddable":true,"href":"https:\/\/vincentians.com\/es\/wp-json\/wp\/v2\/categories?post=120619"},{"taxonomy":"post_tag","embeddable":true,"href":"https:\/\/vincentians.com\/es\/wp-json\/wp\/v2\/tags?post=120619"}],"curies":[{"name":"wp","href":"https:\/\/api.w.org\/{rel}","templated":true}]}}