{"id":120461,"date":"2022-09-09T08:52:59","date_gmt":"2022-09-09T06:52:59","guid":{"rendered":"http:\/\/somos.vicencianos.org\/?p=120461"},"modified":"2022-08-09T20:35:27","modified_gmt":"2022-08-09T18:35:27","slug":"san-vicente-de-paul-y-su-entronque-hispanico-y-x","status":"publish","type":"post","link":"https:\/\/vincentians.com\/es\/san-vicente-de-paul-y-su-entronque-hispanico-y-x\/","title":{"rendered":"San Vicente de Pa\u00fal y su entronque hisp\u00e1nico (y X)"},"content":{"rendered":"<h2>Conclusiones<\/h2>\n<p>De los estudios precedentes podemos llegar a las siguien\u00adtes conclusiones acerca del \u00abentronque\u00bb de San Vicente de Pa\u00fal con Espa\u00f1a.<\/p>\n<ol>\n<li>Existen argumentos que evidencian con certeza que los padres de San Vicente de Pa\u00fal son aragoneses, proceden\u00adtes de Tamarite de Litera.<\/li>\n<li>Que el mismo Santo naciera en Tamarite o en Pouy es cosa que los documentos no deciden con absoluta certeza, si bien dan a Pouy una m\u00e1xima probabilidad. \u00abAmicus Plato, sed magis amica veritas\u00bb.<\/li>\n<li>Los argumentos, que prueban los estudios de San Vi\u00adcente en la Universidad de Zaragoza, son de tal \u00edndole, que unos engendran probabilidad; otros, certeza moral, y otros, certeza absoluta, y por lo mismo, el hecho est\u00e1 ah\u00ed, claro, resplandeciente y tan monol\u00edtico que no hay cr\u00edtica que lo mue\u00adva, como no sea ciega y apasionada. Tendr\u00eda que saltar no s\u00f3lo por encima de la autoridad m\u00e1xima de Abelly, sino del mismo Santo, que lo est\u00e1 gritando en varias de sus cartas, pero sobre todo en la conferencia a las Hijas de la Caridad, en donde les dice que estuvo en un reino donde no se mur\u00admuraba del rey; que, con evidencia apod\u00edtica, hemos demos\u00adtrado que no puede ser otro que Espa\u00f1a\u00bb.<\/li>\n<li>Que siempre tuvo en gran estima a los santos, a los te\u00f3logos y a los m\u00edsticos y ascetas de Espa\u00f1a, que enrique\u00adcieron con valiosas aportaciones su doctrina y varias de sus empresas.<\/li>\n<li>Que hubo tambi\u00e9n personajes espa\u00f1oles que conocie\u00adron sus obras y pretendieron implantarlas en nuestra patria; concretamente en Barcelona, en Toledo y en Plasencia.<\/li>\n<li>Es, pues, claro que San Vicente fue lo que hoy lla\u00admamos un hispanista, un \u00abpoco espa\u00f1ol\u00bb, a causa de la san\u00adgre aragonesa, que con certeza corri\u00f3 por sus venas, y hasta \u00abun espa\u00f1ol entero\u00bb si no porque naci\u00f3 en Tamarite, que no es cosa probada, al menos en virtud del Fuero y Derecho de Arag\u00f3n que tiene \u00abpor aragon\u00e9s\u00bb a todo hijo nacido de padres aragoneses, sin que ello prive a Francia del derecho a tenerle por suyo por el hecho moralmente cierto de haber nacido en Pouy y por haber desarrollado en ella o desde ella toda su prodigiosa actividad.<\/li>\n<\/ol>\n<h3>Probable cronolog\u00eda de la infancia y juventud de San Vicente de Pa\u00fal.<\/h3>\n<ul>\n<li>De 1570 a 1580 emigraci\u00f3n a Francia de los padres de San Vicente.<\/li>\n<li>1576\u2014seg\u00fan Coste en 1581&#8211;nace en Pouy; tal vez en Tamarite.<\/li>\n<li>1587, seg\u00fan Abelly; tal vez en 1589, seg\u00fan mis c\u00e1lcu\u00adlos, y en 1595, seg\u00fan Coste, empieza en Dax sus estudios.<\/li>\n<li>1596.\u2014Se ordena de menores y va a Zaragoza.<\/li>\n<li>1598.\u2014Despu\u00e9s de dos a\u00f1os de estudios teol\u00f3gicos recibe de la Universidad Cesaraugustana el grado y t\u00edtulo de maes\u00adtro, y vuelto a Francia se ordena de subdi\u00e1cono en las t\u00e9m\u00ad,3oras de septiembre y de di\u00e1cono en las de diciembre, y se dirige a la Universidad de Tolosa.<\/li>\n<li>1600. Se ordena de sacerdote y dice su primera misa.<\/li>\n<li>1600.\u2014Hace su primer viaje a Roma, probablemente para ganar el jubileo a fines del a\u00f1o.<\/li>\n<li>1604.\u2014Recibe de la Universidad el grado y t\u00edtulo de ba\u00adchiller, el certificado de haber cursado siete a\u00f1os de estudios teol\u00f3gicos y la facultad de explicar el segundo libro del Maes\u00adtro de las Sentencias, lo que ya supon\u00eda su t\u00edtulo de \u00abMaes\u00adtro\u00bb, adquirido en Zaragoza.<\/li>\n<\/ul>\n","protected":false},"excerpt":{"rendered":"<p>Conclusiones De los estudios precedentes podemos llegar a las siguien\u00adtes conclusiones acerca del \u00abentronque\u00bb de San Vicente de Pa\u00fal con Espa\u00f1a. Existen argumentos que evidencian con certeza que los padres de San Vicente de Pa\u00fal &#8230; <a href=\"https:\/\/vincentians.com\/es\/san-vicente-de-paul-y-su-entronque-hispanico-y-x\/\" class=\"more-link\">Read More<\/a><\/p>\n","protected":false},"author":4,"featured_media":404141,"comment_status":"open","ping_status":"open","sticky":false,"template":"","format":"standard","meta":{"jetpack_post_was_ever_published":false,"_jetpack_newsletter_access":"","_jetpack_dont_email_post_to_subs":false,"_jetpack_newsletter_tier_id":0,"_jetpack_memberships_contains_paywalled_content":false,"_jetpack_memberships_contains_paid_content":false,"footnotes":"","jetpack_publicize_message":"","jetpack_publicize_feature_enabled":true,"jetpack_social_post_already_shared":true,"jetpack_social_options":{"image_generator_settings":{"template":"highway","default_image_id":0,"font":"","enabled":false},"version":2}},"categories":[5],"tags":[218,117],"class_list":["post-120461","post","type-post","status-publish","format-standard","has-post-thumbnail","hentry","category-vicente-de-paul","tag-abelly","tag-pouy"],"yoast_head":"<!-- This site is optimized with the Yoast SEO plugin v26.3 - https:\/\/yoast.com\/wordpress\/plugins\/seo\/ -->\n<title>San Vicente de Pa\u00fal y su entronque hisp\u00e1nico (y X) - Somos Vicencianos<\/title>\n<meta name=\"robots\" content=\"index, follow, max-snippet:-1, max-image-preview:large, max-video-preview:-1\" \/>\n<link rel=\"canonical\" href=\"https:\/\/vincentians.com\/es\/san-vicente-de-paul-y-su-entronque-hispanico-y-x\/\" \/>\n<meta property=\"og:locale\" content=\"es_ES\" \/>\n<meta property=\"og:type\" content=\"article\" \/>\n<meta property=\"og:title\" content=\"San Vicente de Pa\u00fal y su entronque hisp\u00e1nico (y X) - Somos Vicencianos\" \/>\n<meta property=\"og:description\" content=\"Conclusiones De los estudios precedentes podemos llegar a las siguien\u00adtes conclusiones acerca del \u00abentronque\u00bb de San Vicente de Pa\u00fal con Espa\u00f1a. Existen argumentos que evidencian con certeza que los padres de San Vicente de Pa\u00fal ... Read More\" \/>\n<meta property=\"og:url\" content=\"https:\/\/vincentians.com\/es\/san-vicente-de-paul-y-su-entronque-hispanico-y-x\/\" \/>\n<meta property=\"og:site_name\" content=\"Somos Vicencianos\" \/>\n<meta property=\"article:publisher\" content=\"https:\/\/www.facebook.com\/WeAreVincentians\/\" \/>\n<meta property=\"article:author\" content=\"https:\/\/www.facebook.com\/JavierChento\" \/>\n<meta property=\"article:published_time\" content=\"2022-09-09T06:52:59+00:00\" \/>\n<meta property=\"og:image\" content=\"https:\/\/i0.wp.com\/vincentians.com\/es\/wp-content\/uploads\/sites\/11\/2013\/04\/msoF811D.jpg?fit=612%2C490&ssl=1\" \/>\n\t<meta property=\"og:image:width\" content=\"612\" \/>\n\t<meta property=\"og:image:height\" content=\"490\" \/>\n\t<meta property=\"og:image:type\" content=\"image\/jpeg\" \/>\n<meta name=\"author\" content=\"Francisco Javier Fern\u00e1ndez Chento\" \/>\n<meta name=\"twitter:card\" content=\"summary_large_image\" \/>\n<meta name=\"twitter:creator\" content=\"@https:\/\/twitter.com\/javierchento\" \/>\n<meta name=\"twitter:site\" content=\"@WeVincentians\" \/>\n<meta name=\"twitter:label1\" content=\"Escrito por\" \/>\n\t<meta name=\"twitter:data1\" content=\"Francisco Javier Fern\u00e1ndez Chento\" \/>\n\t<meta name=\"twitter:label2\" content=\"Tiempo de lectura\" \/>\n\t<meta name=\"twitter:data2\" content=\"3 minutos\" \/>\n<script type=\"application\/ld+json\" class=\"yoast-schema-graph\">{\"@context\":\"https:\/\/schema.org\",\"@graph\":[{\"@type\":\"Article\",\"@id\":\"https:\/\/vincentians.com\/es\/san-vicente-de-paul-y-su-entronque-hispanico-y-x\/#article\",\"isPartOf\":{\"@id\":\"https:\/\/vincentians.com\/es\/san-vicente-de-paul-y-su-entronque-hispanico-y-x\/\"},\"author\":{\"name\":\"Francisco Javier Fern\u00e1ndez Chento\",\"@id\":\"https:\/\/vincentians.com\/es\/#\/schema\/person\/9623ef4d9aa3b2dfb8c061f1499288f2\"},\"headline\":\"San Vicente de Pa\u00fal y su entronque hisp\u00e1nico (y X)\",\"datePublished\":\"2022-09-09T06:52:59+00:00\",\"mainEntityOfPage\":{\"@id\":\"https:\/\/vincentians.com\/es\/san-vicente-de-paul-y-su-entronque-hispanico-y-x\/\"},\"wordCount\":594,\"commentCount\":0,\"publisher\":{\"@id\":\"https:\/\/vincentians.com\/es\/#organization\"},\"image\":{\"@id\":\"https:\/\/vincentians.com\/es\/san-vicente-de-paul-y-su-entronque-hispanico-y-x\/#primaryimage\"},\"thumbnailUrl\":\"https:\/\/i0.wp.com\/vincentians.com\/es\/wp-content\/uploads\/sites\/11\/2013\/04\/msoF811D.jpg?fit=612%2C490&ssl=1\",\"keywords\":[\"Abelly\",\"Pouy\"],\"articleSection\":[\"Vicente de Pa\u00fal\"],\"inLanguage\":\"es\",\"potentialAction\":[{\"@type\":\"CommentAction\",\"name\":\"Comment\",\"target\":[\"https:\/\/vincentians.com\/es\/san-vicente-de-paul-y-su-entronque-hispanico-y-x\/#respond\"]}]},{\"@type\":\"WebPage\",\"@id\":\"https:\/\/vincentians.com\/es\/san-vicente-de-paul-y-su-entronque-hispanico-y-x\/\",\"url\":\"https:\/\/vincentians.com\/es\/san-vicente-de-paul-y-su-entronque-hispanico-y-x\/\",\"name\":\"San Vicente de Pa\u00fal y su entronque hisp\u00e1nico (y X) - Somos Vicencianos\",\"isPartOf\":{\"@id\":\"https:\/\/vincentians.com\/es\/#website\"},\"primaryImageOfPage\":{\"@id\":\"https:\/\/vincentians.com\/es\/san-vicente-de-paul-y-su-entronque-hispanico-y-x\/#primaryimage\"},\"image\":{\"@id\":\"https:\/\/vincentians.com\/es\/san-vicente-de-paul-y-su-entronque-hispanico-y-x\/#primaryimage\"},\"thumbnailUrl\":\"https:\/\/i0.wp.com\/vincentians.com\/es\/wp-content\/uploads\/sites\/11\/2013\/04\/msoF811D.jpg?fit=612%2C490&ssl=1\",\"datePublished\":\"2022-09-09T06:52:59+00:00\",\"breadcrumb\":{\"@id\":\"https:\/\/vincentians.com\/es\/san-vicente-de-paul-y-su-entronque-hispanico-y-x\/#breadcrumb\"},\"inLanguage\":\"es\",\"potentialAction\":[{\"@type\":\"ReadAction\",\"target\":[\"https:\/\/vincentians.com\/es\/san-vicente-de-paul-y-su-entronque-hispanico-y-x\/\"]}]},{\"@type\":\"ImageObject\",\"inLanguage\":\"es\",\"@id\":\"https:\/\/vincentians.com\/es\/san-vicente-de-paul-y-su-entronque-hispanico-y-x\/#primaryimage\",\"url\":\"https:\/\/i0.wp.com\/vincentians.com\/es\/wp-content\/uploads\/sites\/11\/2013\/04\/msoF811D.jpg?fit=612%2C490&ssl=1\",\"contentUrl\":\"https:\/\/i0.wp.com\/vincentians.com\/es\/wp-content\/uploads\/sites\/11\/2013\/04\/msoF811D.jpg?fit=612%2C490&ssl=1\",\"width\":612,\"height\":490},{\"@type\":\"BreadcrumbList\",\"@id\":\"https:\/\/vincentians.com\/es\/san-vicente-de-paul-y-su-entronque-hispanico-y-x\/#breadcrumb\",\"itemListElement\":[{\"@type\":\"ListItem\",\"position\":1,\"name\":\"Portada\",\"item\":\"https:\/\/vincentians.com\/es\/\"},{\"@type\":\"ListItem\",\"position\":2,\"name\":\"San Vicente de Pa\u00fal y su entronque hisp\u00e1nico (y X)\"}]},{\"@type\":\"WebSite\",\"@id\":\"https:\/\/vincentians.com\/es\/#website\",\"url\":\"https:\/\/vincentians.com\/es\/\",\"name\":\"Somos Vicencianos\",\"description\":\"Know more to serve more\",\"publisher\":{\"@id\":\"https:\/\/vincentians.com\/es\/#organization\"},\"potentialAction\":[{\"@type\":\"SearchAction\",\"target\":{\"@type\":\"EntryPoint\",\"urlTemplate\":\"https:\/\/vincentians.com\/es\/?s={search_term_string}\"},\"query-input\":{\"@type\":\"PropertyValueSpecification\",\"valueRequired\":true,\"valueName\":\"search_term_string\"}}],\"inLanguage\":\"es\"},{\"@type\":\"Organization\",\"@id\":\"https:\/\/vincentians.com\/es\/#organization\",\"name\":\"The Vincentian Network\",\"url\":\"https:\/\/vincentians.com\/es\/\",\"logo\":{\"@type\":\"ImageObject\",\"inLanguage\":\"es\",\"@id\":\"https:\/\/vincentians.com\/es\/#\/schema\/logo\/image\/\",\"url\":\"https:\/\/i1.wp.com\/vincentians.com\/es\/wp-content\/uploads\/sites\/11\/2016\/06\/Vincentian-Network-logo-big.png?fit=778%2C778\",\"contentUrl\":\"https:\/\/i1.wp.com\/vincentians.com\/es\/wp-content\/uploads\/sites\/11\/2016\/06\/Vincentian-Network-logo-big.png?fit=778%2C778\",\"width\":778,\"height\":778,\"caption\":\"The Vincentian Network\"},\"image\":{\"@id\":\"https:\/\/vincentians.com\/es\/#\/schema\/logo\/image\/\"},\"sameAs\":[\"https:\/\/www.facebook.com\/WeAreVincentians\/\",\"https:\/\/x.com\/WeVincentians\"]},{\"@type\":\"Person\",\"@id\":\"https:\/\/vincentians.com\/es\/#\/schema\/person\/9623ef4d9aa3b2dfb8c061f1499288f2\",\"name\":\"Francisco Javier Fern\u00e1ndez Chento\",\"image\":{\"@type\":\"ImageObject\",\"inLanguage\":\"es\",\"@id\":\"https:\/\/vincentians.com\/es\/#\/schema\/person\/image\/\",\"url\":\"https:\/\/secure.gravatar.com\/avatar\/497d5cde87b4c3d097d0315953521681ba2cd523ee66e5077c3711f7021e65de?s=96&d=mm&r=g\",\"contentUrl\":\"https:\/\/secure.gravatar.com\/avatar\/497d5cde87b4c3d097d0315953521681ba2cd523ee66e5077c3711f7021e65de?s=96&d=mm&r=g\",\"caption\":\"Francisco Javier Fern\u00e1ndez Chento\"},\"description\":\"Director General y cofundador de La Red de Formaci\u00f3n Vicenciana. Javier es laico vicenciano, afiliado a la Congregaci\u00f3n de la Misi\u00f3n y miembro del Equipo de Misiones Populares de la provincia can\u00f3nica de Zaragoza (Espa\u00f1a) de la Congregaci\u00f3n de la Misi\u00f3n. Graduado en la Universidad Oberta de Catalunya con cuatro grados (Asistente de direcci\u00f3n, Gesti\u00f3n Administrativa, Recursos Humanos y Contabilidad Avanzada). Bil\u00edng\u00fce Espa\u00f1ol\/Ingl\u00e9s. gestiona y mantiene varias p\u00e1ginas web cristianas y vicencianas, incluida including La Red de Formaci\u00f3n Vicenciana, de la que es cofundador. Actualmente es responsable del \u00e1rea de Espa\u00f1ol de .famvin, la Red de Noticias de la Familia Vicenciana. Tambi\u00e9n es m\u00fasico cat\u00f3lico y ha editado varios discos. Es Director General y cofundador de Trovador, una reconocida compa\u00f1\u00eda discogr\u00e1fica critiana de Espa\u00f1a. Trabaja en las Tecnolog\u00edas de la Informaci\u00f3n, ofreciendo servicios de alojamiento, dise\u00f1o y mantenimiento Web, as\u00ed como asesoramiento, formaci\u00f3n y soluciones inform\u00e1ticas, gesti\u00f3n documental y digitalizaci\u00f3n de textos, edici\u00f3n y maquetaci\u00f3n de libros, revistas, flyers, etc.\",\"sameAs\":[\"http:\/\/chento.org\",\"https:\/\/www.facebook.com\/JavierChento\",\"https:\/\/x.com\/https:\/\/twitter.com\/javierchento\"],\"url\":\"https:\/\/vincentians.com\/es\/author\/chento\/\"}]}<\/script>\n<!-- \/ Yoast SEO plugin. -->","yoast_head_json":{"title":"San Vicente de Pa\u00fal y su entronque hisp\u00e1nico (y X) - Somos Vicencianos","robots":{"index":"index","follow":"follow","max-snippet":"max-snippet:-1","max-image-preview":"max-image-preview:large","max-video-preview":"max-video-preview:-1"},"canonical":"https:\/\/vincentians.com\/es\/san-vicente-de-paul-y-su-entronque-hispanico-y-x\/","og_locale":"es_ES","og_type":"article","og_title":"San Vicente de Pa\u00fal y su entronque hisp\u00e1nico (y X) - Somos Vicencianos","og_description":"Conclusiones De los estudios precedentes podemos llegar a las siguien\u00adtes conclusiones acerca del \u00abentronque\u00bb de San Vicente de Pa\u00fal con Espa\u00f1a. Existen argumentos que evidencian con certeza que los padres de San Vicente de Pa\u00fal ... Read More","og_url":"https:\/\/vincentians.com\/es\/san-vicente-de-paul-y-su-entronque-hispanico-y-x\/","og_site_name":"Somos Vicencianos","article_publisher":"https:\/\/www.facebook.com\/WeAreVincentians\/","article_author":"https:\/\/www.facebook.com\/JavierChento","article_published_time":"2022-09-09T06:52:59+00:00","og_image":[{"width":612,"height":490,"url":"https:\/\/i0.wp.com\/vincentians.com\/es\/wp-content\/uploads\/sites\/11\/2013\/04\/msoF811D.jpg?fit=612%2C490&ssl=1","type":"image\/jpeg"}],"author":"Francisco Javier Fern\u00e1ndez Chento","twitter_card":"summary_large_image","twitter_creator":"@https:\/\/twitter.com\/javierchento","twitter_site":"@WeVincentians","twitter_misc":{"Escrito por":"Francisco Javier Fern\u00e1ndez Chento","Tiempo de lectura":"3 minutos"},"schema":{"@context":"https:\/\/schema.org","@graph":[{"@type":"Article","@id":"https:\/\/vincentians.com\/es\/san-vicente-de-paul-y-su-entronque-hispanico-y-x\/#article","isPartOf":{"@id":"https:\/\/vincentians.com\/es\/san-vicente-de-paul-y-su-entronque-hispanico-y-x\/"},"author":{"name":"Francisco Javier Fern\u00e1ndez Chento","@id":"https:\/\/vincentians.com\/es\/#\/schema\/person\/9623ef4d9aa3b2dfb8c061f1499288f2"},"headline":"San Vicente de Pa\u00fal y su entronque hisp\u00e1nico (y X)","datePublished":"2022-09-09T06:52:59+00:00","mainEntityOfPage":{"@id":"https:\/\/vincentians.com\/es\/san-vicente-de-paul-y-su-entronque-hispanico-y-x\/"},"wordCount":594,"commentCount":0,"publisher":{"@id":"https:\/\/vincentians.com\/es\/#organization"},"image":{"@id":"https:\/\/vincentians.com\/es\/san-vicente-de-paul-y-su-entronque-hispanico-y-x\/#primaryimage"},"thumbnailUrl":"https:\/\/i0.wp.com\/vincentians.com\/es\/wp-content\/uploads\/sites\/11\/2013\/04\/msoF811D.jpg?fit=612%2C490&ssl=1","keywords":["Abelly","Pouy"],"articleSection":["Vicente de Pa\u00fal"],"inLanguage":"es","potentialAction":[{"@type":"CommentAction","name":"Comment","target":["https:\/\/vincentians.com\/es\/san-vicente-de-paul-y-su-entronque-hispanico-y-x\/#respond"]}]},{"@type":"WebPage","@id":"https:\/\/vincentians.com\/es\/san-vicente-de-paul-y-su-entronque-hispanico-y-x\/","url":"https:\/\/vincentians.com\/es\/san-vicente-de-paul-y-su-entronque-hispanico-y-x\/","name":"San Vicente de Pa\u00fal y su entronque hisp\u00e1nico (y X) - Somos Vicencianos","isPartOf":{"@id":"https:\/\/vincentians.com\/es\/#website"},"primaryImageOfPage":{"@id":"https:\/\/vincentians.com\/es\/san-vicente-de-paul-y-su-entronque-hispanico-y-x\/#primaryimage"},"image":{"@id":"https:\/\/vincentians.com\/es\/san-vicente-de-paul-y-su-entronque-hispanico-y-x\/#primaryimage"},"thumbnailUrl":"https:\/\/i0.wp.com\/vincentians.com\/es\/wp-content\/uploads\/sites\/11\/2013\/04\/msoF811D.jpg?fit=612%2C490&ssl=1","datePublished":"2022-09-09T06:52:59+00:00","breadcrumb":{"@id":"https:\/\/vincentians.com\/es\/san-vicente-de-paul-y-su-entronque-hispanico-y-x\/#breadcrumb"},"inLanguage":"es","potentialAction":[{"@type":"ReadAction","target":["https:\/\/vincentians.com\/es\/san-vicente-de-paul-y-su-entronque-hispanico-y-x\/"]}]},{"@type":"ImageObject","inLanguage":"es","@id":"https:\/\/vincentians.com\/es\/san-vicente-de-paul-y-su-entronque-hispanico-y-x\/#primaryimage","url":"https:\/\/i0.wp.com\/vincentians.com\/es\/wp-content\/uploads\/sites\/11\/2013\/04\/msoF811D.jpg?fit=612%2C490&ssl=1","contentUrl":"https:\/\/i0.wp.com\/vincentians.com\/es\/wp-content\/uploads\/sites\/11\/2013\/04\/msoF811D.jpg?fit=612%2C490&ssl=1","width":612,"height":490},{"@type":"BreadcrumbList","@id":"https:\/\/vincentians.com\/es\/san-vicente-de-paul-y-su-entronque-hispanico-y-x\/#breadcrumb","itemListElement":[{"@type":"ListItem","position":1,"name":"Portada","item":"https:\/\/vincentians.com\/es\/"},{"@type":"ListItem","position":2,"name":"San Vicente de Pa\u00fal y su entronque hisp\u00e1nico (y X)"}]},{"@type":"WebSite","@id":"https:\/\/vincentians.com\/es\/#website","url":"https:\/\/vincentians.com\/es\/","name":"Somos Vicencianos","description":"Know more to serve more","publisher":{"@id":"https:\/\/vincentians.com\/es\/#organization"},"potentialAction":[{"@type":"SearchAction","target":{"@type":"EntryPoint","urlTemplate":"https:\/\/vincentians.com\/es\/?s={search_term_string}"},"query-input":{"@type":"PropertyValueSpecification","valueRequired":true,"valueName":"search_term_string"}}],"inLanguage":"es"},{"@type":"Organization","@id":"https:\/\/vincentians.com\/es\/#organization","name":"The Vincentian Network","url":"https:\/\/vincentians.com\/es\/","logo":{"@type":"ImageObject","inLanguage":"es","@id":"https:\/\/vincentians.com\/es\/#\/schema\/logo\/image\/","url":"https:\/\/i1.wp.com\/vincentians.com\/es\/wp-content\/uploads\/sites\/11\/2016\/06\/Vincentian-Network-logo-big.png?fit=778%2C778","contentUrl":"https:\/\/i1.wp.com\/vincentians.com\/es\/wp-content\/uploads\/sites\/11\/2016\/06\/Vincentian-Network-logo-big.png?fit=778%2C778","width":778,"height":778,"caption":"The Vincentian Network"},"image":{"@id":"https:\/\/vincentians.com\/es\/#\/schema\/logo\/image\/"},"sameAs":["https:\/\/www.facebook.com\/WeAreVincentians\/","https:\/\/x.com\/WeVincentians"]},{"@type":"Person","@id":"https:\/\/vincentians.com\/es\/#\/schema\/person\/9623ef4d9aa3b2dfb8c061f1499288f2","name":"Francisco Javier Fern\u00e1ndez Chento","image":{"@type":"ImageObject","inLanguage":"es","@id":"https:\/\/vincentians.com\/es\/#\/schema\/person\/image\/","url":"https:\/\/secure.gravatar.com\/avatar\/497d5cde87b4c3d097d0315953521681ba2cd523ee66e5077c3711f7021e65de?s=96&d=mm&r=g","contentUrl":"https:\/\/secure.gravatar.com\/avatar\/497d5cde87b4c3d097d0315953521681ba2cd523ee66e5077c3711f7021e65de?s=96&d=mm&r=g","caption":"Francisco Javier Fern\u00e1ndez Chento"},"description":"Director General y cofundador de La Red de Formaci\u00f3n Vicenciana. Javier es laico vicenciano, afiliado a la Congregaci\u00f3n de la Misi\u00f3n y miembro del Equipo de Misiones Populares de la provincia can\u00f3nica de Zaragoza (Espa\u00f1a) de la Congregaci\u00f3n de la Misi\u00f3n. Graduado en la Universidad Oberta de Catalunya con cuatro grados (Asistente de direcci\u00f3n, Gesti\u00f3n Administrativa, Recursos Humanos y Contabilidad Avanzada). Bil\u00edng\u00fce Espa\u00f1ol\/Ingl\u00e9s. gestiona y mantiene varias p\u00e1ginas web cristianas y vicencianas, incluida including La Red de Formaci\u00f3n Vicenciana, de la que es cofundador. Actualmente es responsable del \u00e1rea de Espa\u00f1ol de .famvin, la Red de Noticias de la Familia Vicenciana. Tambi\u00e9n es m\u00fasico cat\u00f3lico y ha editado varios discos. Es Director General y cofundador de Trovador, una reconocida compa\u00f1\u00eda discogr\u00e1fica critiana de Espa\u00f1a. Trabaja en las Tecnolog\u00edas de la Informaci\u00f3n, ofreciendo servicios de alojamiento, dise\u00f1o y mantenimiento Web, as\u00ed como asesoramiento, formaci\u00f3n y soluciones inform\u00e1ticas, gesti\u00f3n documental y digitalizaci\u00f3n de textos, edici\u00f3n y maquetaci\u00f3n de libros, revistas, flyers, etc.","sameAs":["http:\/\/chento.org","https:\/\/www.facebook.com\/JavierChento","https:\/\/x.com\/https:\/\/twitter.com\/javierchento"],"url":"https:\/\/vincentians.com\/es\/author\/chento\/"}]}},"jetpack_publicize_connections":[],"jetpack_featured_media_url":"https:\/\/i0.wp.com\/vincentians.com\/es\/wp-content\/uploads\/sites\/11\/2013\/04\/msoF811D.jpg?fit=612%2C490&ssl=1","jetpack_sharing_enabled":true,"jetpack_shortlink":"https:\/\/wp.me\/p7ETMF-vkV","jetpack-related-posts":[{"id":119541,"url":"https:\/\/vincentians.com\/es\/san-vicente-de-paul-y-su-entronque-hispanico-i\/","url_meta":{"origin":120461,"position":0},"title":"San Vicente de Pa\u00fal y su entronque hisp\u00e1nico (I)","author":"Francisco Javier Fern\u00e1ndez Chento","date":"05\/05\/2013","format":false,"excerpt":"P\u00f3rtico En este a\u00f1o tricentenario todo el orbe cat\u00f3lico ha registrado con j\u00fabilo y exaltaci\u00f3n gozosa las gestas del -eximio h\u00e9roe de la caridad que fue San Vicente de Pa\u00fal. Pero hay naciones que durante su vida mantuvieron con \u00e9l \u00edntimos y fecundos contactos. Tal en primer lugar Francia, en\u2026","rel":"","context":"En \u00abVicente de Pa\u00fal\u00bb","block_context":{"text":"Vicente de Pa\u00fal","link":"https:\/\/vincentians.com\/es\/category\/la-familia-vicenciana\/fundadores\/vicente-de-paul\/"},"img":{"alt_text":"SANV","src":"https:\/\/i0.wp.com\/vicencianos.org\/wp-content\/2013\/04\/SANV.jpg?resize=350%2C200","width":350,"height":200},"classes":[]},{"id":123942,"url":"https:\/\/vincentians.com\/es\/san-vicente-de-paul-y-su-entronque-hispanico-i-2\/","url_meta":{"origin":120461,"position":1},"title":"San Vicente de Pa\u00fal y su entronque hisp\u00e1nico (I)","author":"Francisco Javier Fern\u00e1ndez Chento","date":"05\/05\/2013","format":false,"excerpt":"P\u00f3rtico En este a\u00f1o tricentenario todo el orbe cat\u00f3lico ha registrado con j\u00fabilo y exaltaci\u00f3n gozosa las gestas del -eximio h\u00e9roe de la caridad que fue San Vicente de Pa\u00fal. Pero hay naciones que durante su vida mantuvieron con \u00e9l \u00edntimos y fecundos contactos. Tal en primer lugar Francia, en\u2026","rel":"","context":"En \u00abVicente de Pa\u00fal\u00bb","block_context":{"text":"Vicente de Pa\u00fal","link":"https:\/\/vincentians.com\/es\/category\/la-familia-vicenciana\/fundadores\/vicente-de-paul\/"},"img":{"alt_text":"SANV","src":"https:\/\/i0.wp.com\/vicencianos.org\/wp-content\/2013\/04\/SANV.jpg?resize=350%2C200","width":350,"height":200},"classes":[]},{"id":121433,"url":"https:\/\/vincentians.com\/es\/san-vicente-de-paul-nacio-en-francia-vi-tercera-dificultad\/","url_meta":{"origin":120461,"position":2},"title":"San Vicente de Pa\u00fal naci\u00f3 en Francia. VI. Tercera dificultad","author":"Francisco Javier Fern\u00e1ndez Chento","date":"01\/05\/2015","format":false,"excerpt":"Tercera dificultad Es Tamarite de Litera, en la provincia de Huesca, un pa\u00eds seco, y s\u00f3lo f\u00e9rtil cuando, por excepci\u00f3n, vienen a\u00f1os lluviosos. All\u00ed naci\u00f3 el \u00ednclito S. Vicente de Pa\u00fal por los a\u00f1os de 1576, de padres humildes y cristianos. Los habi\u00adtantes de Tamarite, en su mayor parte sencillos\u2026","rel":"","context":"En \u00abVicente de Pa\u00fal\u00bb","block_context":{"text":"Vicente de Pa\u00fal","link":"https:\/\/vincentians.com\/es\/category\/la-familia-vicenciana\/fundadores\/vicente-de-paul\/"},"img":{"alt_text":"","src":"","width":0,"height":0},"classes":[]},{"id":9297,"url":"https:\/\/vincentians.com\/es\/donde-nacio-vicente-de-paul\/","url_meta":{"origin":120461,"position":3},"title":"\u00bfD\u00f3nde naci\u00f3 Vicente de Pa\u00fal?","author":"Francisco Javier Fern\u00e1ndez Chento","date":"05\/08\/2016","format":false,"excerpt":"Testimonios Vicente: Es franc\u00e9s: \"se sabe que nosotros, los franceses, vamos demasiado a prisa\" (II, 197). Es gasc\u00f3n: \"le suplico que ayude a este pobre gasc\u00f3n\". (II, 60 y nota 18). Es de la di\u00f3cesis de Dax: \"El Sr. Obispo de Dax, mi obispo, que estuvo ayer aqu\u00ed...\"(XI, 224). Es\u2026","rel":"","context":"En \u00abVicente de Pa\u00fal\u00bb","block_context":{"text":"Vicente de Pa\u00fal","link":"https:\/\/vincentians.com\/es\/category\/la-familia-vicenciana\/fundadores\/vicente-de-paul\/"},"img":{"alt_text":"","src":"https:\/\/i0.wp.com\/vincentians.com\/es\/wp-content\/uploads\/sites\/11\/2012\/12\/vincent-de-paul-landes-background.jpg?fit=1200%2C630&ssl=1&resize=350%2C200","width":350,"height":200,"srcset":"https:\/\/i0.wp.com\/vincentians.com\/es\/wp-content\/uploads\/sites\/11\/2012\/12\/vincent-de-paul-landes-background.jpg?fit=1200%2C630&ssl=1&resize=350%2C200 1x, https:\/\/i0.wp.com\/vincentians.com\/es\/wp-content\/uploads\/sites\/11\/2012\/12\/vincent-de-paul-landes-background.jpg?fit=1200%2C630&ssl=1&resize=525%2C300 1.5x, https:\/\/i0.wp.com\/vincentians.com\/es\/wp-content\/uploads\/sites\/11\/2012\/12\/vincent-de-paul-landes-background.jpg?fit=1200%2C630&ssl=1&resize=700%2C400 2x, https:\/\/i0.wp.com\/vincentians.com\/es\/wp-content\/uploads\/sites\/11\/2012\/12\/vincent-de-paul-landes-background.jpg?fit=1200%2C630&ssl=1&resize=1050%2C600 3x"},"classes":[]},{"id":119544,"url":"https:\/\/vincentians.com\/es\/san-vicente-de-paul-y-su-entronque-hispanico-ii\/","url_meta":{"origin":120461,"position":4},"title":"San Vicente de Pa\u00fal y su entronque hisp\u00e1nico (II)","author":"Francisco Javier Fern\u00e1ndez Chento","date":"06\/05\/2013","format":false,"excerpt":"Art\u00edculo segundo: Oriundez hisp\u00e1nica de San Vicente de Pa\u00fal Los padres del santo se llamaban Juan de Pa\u00fal y Bel\u00adtranda de Moras, procedentes de Tamarite de Litera, regi\u00f3n del Alto Arag\u00f3n, lindante con la provincia de L\u00e9rida. R.anquines era un caser\u00edo de Pouy, en donde se hab\u00eda ins\u00adtalado el matrimonio\u2026","rel":"","context":"En \u00abVicente de Pa\u00fal\u00bb","block_context":{"text":"Vicente de Pa\u00fal","link":"https:\/\/vincentians.com\/es\/category\/la-familia-vicenciana\/fundadores\/vicente-de-paul\/"},"img":{"alt_text":"SANV","src":"https:\/\/i0.wp.com\/vicencianos.org\/wp-content\/2013\/04\/SANV.jpg?resize=350%2C200","width":350,"height":200},"classes":[]},{"id":121435,"url":"https:\/\/vincentians.com\/es\/san-vicente-de-paul-nacio-en-francia-vii-cuarta-dificultad\/","url_meta":{"origin":120461,"position":5},"title":"San Vicente de Pa\u00fal naci\u00f3 en Francia. VII. Cuarta dificultad","author":"Francisco Javier Fern\u00e1ndez Chento","date":"02\/05\/2015","format":false,"excerpt":"Cuarta dificultad Coinciden con las afirmaciones ya establecidas otras muchas de personas muy autorizadas, las unas por su cargo, las otras por ser casi contempor\u00e1neas de los sucesos, las otras por el gran predicamiento de que gozan como escri\u00adtores concienzudos y nada apasionados. Obra en nuestro poder el extracto de\u2026","rel":"","context":"En \u00abVicente de Pa\u00fal\u00bb","block_context":{"text":"Vicente de Pa\u00fal","link":"https:\/\/vincentians.com\/es\/category\/la-familia-vicenciana\/fundadores\/vicente-de-paul\/"},"img":{"alt_text":"","src":"","width":0,"height":0},"classes":[]}],"_links":{"self":[{"href":"https:\/\/vincentians.com\/es\/wp-json\/wp\/v2\/posts\/120461","targetHints":{"allow":["GET"]}}],"collection":[{"href":"https:\/\/vincentians.com\/es\/wp-json\/wp\/v2\/posts"}],"about":[{"href":"https:\/\/vincentians.com\/es\/wp-json\/wp\/v2\/types\/post"}],"author":[{"embeddable":true,"href":"https:\/\/vincentians.com\/es\/wp-json\/wp\/v2\/users\/4"}],"replies":[{"embeddable":true,"href":"https:\/\/vincentians.com\/es\/wp-json\/wp\/v2\/comments?post=120461"}],"version-history":[{"count":1,"href":"https:\/\/vincentians.com\/es\/wp-json\/wp\/v2\/posts\/120461\/revisions"}],"predecessor-version":[{"id":404383,"href":"https:\/\/vincentians.com\/es\/wp-json\/wp\/v2\/posts\/120461\/revisions\/404383"}],"wp:featuredmedia":[{"embeddable":true,"href":"https:\/\/vincentians.com\/es\/wp-json\/wp\/v2\/media\/404141"}],"wp:attachment":[{"href":"https:\/\/vincentians.com\/es\/wp-json\/wp\/v2\/media?parent=120461"}],"wp:term":[{"taxonomy":"category","embeddable":true,"href":"https:\/\/vincentians.com\/es\/wp-json\/wp\/v2\/categories?post=120461"},{"taxonomy":"post_tag","embeddable":true,"href":"https:\/\/vincentians.com\/es\/wp-json\/wp\/v2\/tags?post=120461"}],"curies":[{"name":"wp","href":"https:\/\/api.w.org\/{rel}","templated":true}]}}