{"id":119882,"date":"2015-02-16T06:05:15","date_gmt":"2015-02-16T05:05:15","guid":{"rendered":"http:\/\/somos.vicencianos.org\/?p=119882"},"modified":"2016-07-26T19:17:55","modified_gmt":"2016-07-26T17:17:55","slug":"identificacion-de-jesucristo-con-el-pobre-parte-ii-capitulo-3","status":"publish","type":"post","link":"https:\/\/vincentians.com\/es\/identificacion-de-jesucristo-con-el-pobre-parte-ii-capitulo-3\/","title":{"rendered":"Identificaci\u00f3n de Jesucristo con el pobre. Parte II, Cap\u00edtulo 3"},"content":{"rendered":"<h2>III: Jesucristo presente en los pobres<\/h2>\n<p>Estudiemos ahora de manera m\u00e1s expl\u00edcita la caridad de San Vicente en su expresi\u00f3n m\u00e1s profunda.<\/p>\n<h3><i>1. Una convicci\u00f3n apasionada<\/i><\/h3>\n<p>Servir a los pobres y predicarles no es solamente imitar a Jesucristo sino es servir a Jesucristo mismo en sus miem\u00adbros. Es doctrina de los Padres y tema de la predicaci\u00f3n cris\u00adtiana que ha impulsado siempre la pr\u00e1ctica de la caridad en la Iglesia. Lo que forma para una fe com\u00fan una creencia vaga que no alcanza a deducir las consecuencias, para San Vicente de Pa\u00fal es una convicci\u00f3n apasionada<span id='easy-footnote-1-119882' class='easy-footnote-margin-adjust'><\/span><span class='easy-footnote'><a href='https:\/\/vincentians.com\/es\/identificacion-de-jesucristo-con-el-pobre-parte-ii-capitulo-3\/#easy-footnote-bottom-1-119882' title='\u00abMontons d&amp;#8217;un degr\u00e9 dans le plan surnaturel. Servir les pauvres, ce n&amp;#8217;est pas seulement imiter le Christ dans sa d\u00e9marche essentielle, c&amp;#8217;est encore servir le Christ lui-m\u00e9me dans ses membres. C&amp;#8217;est la doctrine des P\u00e9res et c&amp;#8217;est un th\u00e9me de la pr\u00e9dication chr\u00e9tienne; chez Vincent de Paul c&amp;#8217;est une convinction passionn\u00e9e: il en a r\u00e9p\u00e9t\u00e9 mille fois l&amp;#8217;ex\u00adpression et toujours avec ardeur, avec une intensit\u00e9 de passion qui la renouvelle. Le pauvre est \u00e1 ses yeux, d&amp;#8217;une certaine mani\u00e9re, limit\u00e9e \u00e9vi\u00addemment par cette inexactitude de termes in\u00e9vitable quand on veut ren\u00addre avec des mots humains une r\u00e9alit\u00e9 surnaturelle, le pauvre est \u00e1 ses yeux une sorte d&amp;#8217;incarnation du Fils &lt;i&gt;de &lt;\/i&gt;Dieu, une sorte d&amp;#8217;Eucharistie qui lui repr\u00e9sente le Christ vivant. &lt;i&gt;Subamos un grado en el plano sobrenatu\u00adral. Servir a los pobres no es tan s\u00f3lo imitar a Cristo en su andadura esencial, es m\u00e1s a\u00fan servir al mismo Cristo en sus miembros. Es la doc\u00adtrina de lo Padres y tema de la predicaci\u00f3n cristiana; en Vicente de Pa\u00fal es una convicci\u00f3n apasionada; la ha expresado repetidamente una y mil veces &lt;\/i&gt;y &lt;i&gt;siempre con ardor, con una intensidad de sentimiento que la renueva cada vez. El pobre es a sus ojos en cierta manera, limitada evi\u00addentemente por esta inexactitud en los t\u00e9rminos inevitable cuando se quiere traducir a palabras humanas una realidad sobrenatural, el pobre es a sus ojos una especie de encarnaci\u00f3n del Hijo de Dios, una especie de Eucarist\u00eda que le hace presente a Cristo viviente\u00bb. &lt;\/i&gt;J. CALVET, &lt;i&gt;La charit\u00e9 de Monsieur Vincent, &lt;\/i&gt;art. en \u00abLa Vie Spiritue\u00adIle\u00bb, 1933, p. 32.'><sup>1<\/sup><\/a><\/span>.<\/p>\n<p>Dios est\u00e1 presente en la persona de los pobres. El mismo lo ha dicho. Luego es verdad. Vicente habla a las Her\u00admanas:\u00bbEntregaos a Dios para servirlo con gran caridad y dul\u00adzura y formad la costumbre de ver a Dios en ellos y servir\u00adlos en Dios\u00bb<span id='easy-footnote-2-119882' class='easy-footnote-margin-adjust'><\/span><span class='easy-footnote'><a href='https:\/\/vincentians.com\/es\/identificacion-de-jesucristo-con-el-pobre-parte-ii-capitulo-3\/#easy-footnote-bottom-2-119882' title='\u00abDonnez vous \u00e1 Dieu pour les servir avec grande chant\u00e9 et douceur, et prenez l&amp;#8217;habitude de voir Dieu en eux et de les servir en Dieu\u00bb. SVP X, p. 132.'><sup>2<\/sup><\/a><\/span>.<\/p>\n<p>En otra ocasi\u00f3n se deja llevar de un verdadero desbor\u00addamiento de coraz\u00f3n:<\/p>\n<p>\u00abSirviendo a los pobres se sirve a Jesucristo. \u00a1Oh, hijas m\u00edas, c\u00f3mo es \u00e9sto verdad! Vosotras serv\u00eds a Jesucristo en la persona de los pobres. Es tan cierto \u00e9sto como que esta\u00admos nosotros aqu\u00ed. Una hermana ir\u00e1 diez veces al d\u00eda a ver a los enfermos y diez veces al d\u00eda hallar\u00e1 a Dios all\u00ed\u00bb.<\/p>\n<p>El santo insiste sobre la veracidad de la palabra de Dios aplicando a ella toda la fuerza de su fe:<\/p>\n<p>\u00abComo afirma San Agust\u00edn, lo que nosotros vemos no es tan seguro porque nuestros sentidos pueden enga\u00f1arse; pero las verdades divinas no enga\u00f1an jam\u00e1s\u00bb.<\/p>\n<p>Y concluye con ejemplos minuciosos: \u00abIr\u00e9is a ver a los pobres forzados a las cadenas y hallar\u00e9is a Dios all\u00ed; servir\u00e9is a los ni\u00f1os exp\u00f3sitos y hallar\u00e9is a Dios en ellos.<\/p>\n<p>\u00a1Oh, hijas m\u00edas, qu\u00e9 hermoso es esto! Ir\u00e9is a las moradas pobres y hallar\u00e9is all\u00ed a Dios. \u00a1Oh hijas m\u00edas, una vez m\u00e1s, qu\u00e9 hermoso es esto!\u00bb<span id='easy-footnote-3-119882' class='easy-footnote-margin-adjust'><\/span><span class='easy-footnote'><a href='https:\/\/vincentians.com\/es\/identificacion-de-jesucristo-con-el-pobre-parte-ii-capitulo-3\/#easy-footnote-bottom-3-119882' title='\u00abServant les pauvres on sert J\u00e9sus-Christ. O mes filies, que cela est vrai! Vous servez J\u00e9sus-Christ en la personne des pauvres. El cela est aussi vrai que nous sommes ici. Une soeur ira dix fois le jour voir les malades, et dix fois par jour elle y trouvera Dieu. Comme dit Saint Augustin, ce que nous voyons n&amp;#8217;est pas si assure, parce que nos sens nous peuvent tromper; mais les verit\u00e9s de Dieu ne trompent jamais. Allez voir les pauvres forcats \u00e1 la ch\u00e1ine, vous trouverez Dieu. O mes filles, que cela est obligeant. Vous allez aux pauvres maisons, mais vous y trouvez Dieu. O mes filies que cela est obligeant encore une fois!\u00bb. SVP Entret., IX, 252.'><sup>3<\/sup><\/a><\/span>. Es de notar la exclamaci\u00f3n: \u00ab\u00a1Oh, qu\u00e9 hermoso (lison\u00adjero) es esto!\u00bb \u00a1Cu\u00e1nto puede confortar esta palabra la jor\u00adnada penosa de una sierva de los pobres!<\/p>\n<p>Entonces continu\u00f3 la lectura (de las Reglas) hasta el art\u00edculo que dice: \u00abSer\u00e1 una Compa\u00f1\u00eda que llevar\u00e1 el nom\u00adbre de &#8216;Cofrad\u00eda de Hermanas de la Caridad, siervas de los pobres enfermos'\u00bb. Sobre lo cual exclam\u00f3:<\/p>\n<p>\u00ab\u00a1Ah, qu\u00e9 bello t\u00edtulo, hijas m\u00edas! \u00a1Dios m\u00edo! \u00a1Qu\u00e9 t\u00ed\u00adtulo tan hermoso y qu\u00e9 cualidad tan bella! \u00bfQu\u00e9 le hab\u00e9is hecho a Dios para merecer tal? <i>Sirvientas de los pobres, <\/i>es como si dijera <i>Sirvientas de Jesucristo, <\/i>puesto que El consi\u00addera hecho a s\u00ed mismo lo que se hace a ellos, que son sus miembros\u00bb<span id='easy-footnote-4-119882' class='easy-footnote-margin-adjust'><\/span><span class='easy-footnote'><a href='https:\/\/vincentians.com\/es\/identificacion-de-jesucristo-con-el-pobre-parte-ii-capitulo-3\/#easy-footnote-bottom-4-119882' title='\u00abAh! le beau titre, mes filles! Mon Dieu! le beau titre et la belle qualit\u00e9! Qu&amp;#8217;avez vous fait \u00e1 Dieu pour m\u00e9riter cela? Servantes des pau\u00advres, c&amp;#8217;est comme si l&amp;#8217;on disait Servantes de J\u00e9sus-Christ, puisqu&amp;#8217;il r\u00e9pute fait \u00e1 lui-m\u00e9me ce que leur est fait, et que ce sont ses membres\u00bb. SVP Confer. IX, 324.'><sup>4<\/sup><\/a><\/span>.<\/p>\n<h3>2. <i>Los pobres en el Cuerpo M\u00edstico<\/i><\/h3>\n<p>Como San Pablo, San Vicente explota largamente el concepto del Cuerpo M\u00edstico para exhortar a la pr\u00e1ctica de la caridad:<\/p>\n<p>\u00abDebemos enternecernos ante nuestro pr\u00f3jimo afligido y participar de su pena. \u00a1Oh San Pablo, c\u00f3mo fuistes sensi\u00adble en este punto! \u00a1Oh Salvador! que llenasteis este ap\u00f3stol de vuestro esp\u00edritu y de vuestra ternura, haced que digamos con \u00e9l: &#8216;Quis infirmatur et ego non infirmor?&#8217;<span id='easy-footnote-5-119882' class='easy-footnote-margin-adjust'><\/span><span class='easy-footnote'><a href='https:\/\/vincentians.com\/es\/identificacion-de-jesucristo-con-el-pobre-parte-ii-capitulo-3\/#easy-footnote-bottom-5-119882' title='\u00ab\u00bfQui\u00e9n cae enfermo, que no enferme yo con \u00e9l?\u00bb.'><sup>5<\/sup><\/a><\/span>.<\/p>\n<p>\u00bfY c\u00f3mo puedo yo compadecerme de su enfermedad si no es por la participaci\u00f3n que tenemos mutuamente en Nuestro Se\u00f1or? Todos los hombres componen su cuerpo m\u00edstico; nosotros somos miembros unos de otros. No se ha o\u00eddo jam\u00e1s que un miembro ni siquiera en los animales haya sido insensible al dolor de otro miembro&#8230; Con mayor ra\u00adz\u00f3n los cristianos siendo miembros de un mismo Cuerpo\u00bb<span id='easy-footnote-6-119882' class='easy-footnote-margin-adjust'><\/span><span class='easy-footnote'><a href='https:\/\/vincentians.com\/es\/identificacion-de-jesucristo-con-el-pobre-parte-ii-capitulo-3\/#easy-footnote-bottom-6-119882' title='\u00ab0 Sauveur, qui avez rempli cet ap\u00f3tre de v\u00f3tre esprit et de v\u00f3tre tendresse, faites-nous dire comme lui: Quis infirmatur?&amp;#8230; Et comment puis-je me ressentir de sa maladie, si non par la participation que nous avons ensemble en Mitre Seigneur&amp;#8230;? Tous les hommes composent son corps mystique; nous sommes membres les uns des autres&amp;#8230; Tous nos membres ont tant de sympathie&amp;#8230; que le mal de l&amp;#8217;un est le mal de l&amp;#8217;autre. A plus forte raison, les chr\u00e9tiens \u00e9tant membres d&amp;#8217;un mame corps\u00bb. SVP Confer. XII, 271.'><sup>6<\/sup><\/a><\/span>.<\/p>\n<p>Con el alma abismada en la meditaci\u00f3n de los \u00abestados\u00bb de pobreza y de sufrimiento del Verbo Encarnado, presente en la persona de los pobres, Vicente los designa con una expresi\u00f3n m\u00e1s concreta a\u00fan: Ellos son \u00ablos miembros de Dios\u00bb, \u00ablos miembros de Nuestro Se\u00f1or Jesucristo\u00bb.<\/p>\n<p>\u00ab\u00a1Qu\u00e9 felicidad, hijas m\u00edas, servir la persona de Nuestro Se\u00f1or en sus pobres miembros! El nos ha dicho que consi\u00adderar\u00e1 este servicio como hecho a El mismo\u00bb<span id='easy-footnote-7-119882' class='easy-footnote-margin-adjust'><\/span><span class='easy-footnote'><a href='https:\/\/vincentians.com\/es\/identificacion-de-jesucristo-con-el-pobre-parte-ii-capitulo-3\/#easy-footnote-bottom-7-119882' title='\u00abQuel bonheur, mes filies, de servir la personne de Ware Seig\u00adneur en ses pauvres membres! Il nous a dit qu&amp;#8217;il r\u00e9putera ce service comme fait a lui-m\u00e9me\u00bb. SVP Confer. IX, 118.'><sup>7<\/sup><\/a><\/span>.Y describiendo un cuadro apto para impresionar la sen\u00adsibilidad femenina que sin duda deja traslucir inconsciente\u00admente su propia satisfacci\u00f3n paterna al ver en ellas las hijas predilectas de su esp\u00edritu:<\/p>\n<p>\u00abUn padre que tiene un hijo ya hombre hecho, se complace en contemplar su buena andadura desde la venta\u00adna que da a la calle y experimenta una satisfacci\u00f3n que no es imaginable.<\/p>\n<p>De igual modo Dios, hijas m\u00edas, os ve no por una ven\u00adtana, sino dondequiera que os hall\u00e9is y considera c\u00f3mo os dirig\u00eds a servir a sus pobres miembros, y tiene en ello un gozo indecible&#8230;\u00bb<span id='easy-footnote-8-119882' class='easy-footnote-margin-adjust'><\/span><span class='easy-footnote'><a href='https:\/\/vincentians.com\/es\/identificacion-de-jesucristo-con-el-pobre-parte-ii-capitulo-3\/#easy-footnote-bottom-8-119882' title='\u00abUn p\u00e9re qui a un fils d\u00e9j\u00e1 homme fait et de bonne fagon, se plait \u00e1 regarder la bonne d\u00e9marche de son fils de la fen\u00e9tre qui donne sur la rue et il \u00e9prouve une joie qui n&amp;#8217;est pas imaginable. De m\u00e9me Dieu, mes filies, vous voit&amp;#8230; et consid\u00e9re de quelle mani\u00e9re vous allez rendre service \u00e1 ses pauvres membres&amp;#8230;\u00bb. SVP Confer., IX, 471.'><sup>8<\/sup><\/a><\/span>.<\/p>\n<p>\u00abEsta v\u00eda (visitar e instruir a los pobres) es la v\u00eda de los santos, de los grandes santos, que sirven a Nuestro Se\u00f1or en sus miembros\u00bb<span id='easy-footnote-9-119882' class='easy-footnote-margin-adjust'><\/span><span class='easy-footnote'><a href='https:\/\/vincentians.com\/es\/identificacion-de-jesucristo-con-el-pobre-parte-ii-capitulo-3\/#easy-footnote-bottom-9-119882' title='SVP IV, 85, &lt;i&gt;Lettre \u00e1 Guillaume Cornaire.&lt;\/i&gt;'><sup>9<\/sup><\/a><\/span>.<\/p>\n<p>Este es el grado de caridad m\u00e1s elevado que se pueda ejercer en este mundo.<\/p>\n<p>Y si se muere en el ejercicio de esta caridad \u00abuna tal muerte es preciosa ante el cielo y la tierra&#8230;\u00bb<span id='easy-footnote-10-119882' class='easy-footnote-margin-adjust'><\/span><span class='easy-footnote'><a href='https:\/\/vincentians.com\/es\/identificacion-de-jesucristo-con-el-pobre-parte-ii-capitulo-3\/#easy-footnote-bottom-10-119882' title='SVP III, 354, &lt;i&gt;Lettre \u00e1 Denis Gautier.&lt;\/i&gt;'><sup>10<\/sup><\/a><\/span>.<\/p>\n<p>Es tambi\u00e9n un martirio de amor morir en la asistencia corporal y espiritual de los miembros vivientes de Jesucristo.<\/p>\n<h3>3. <i>Nuestros se\u00f1ores&#8230;<\/i><\/h3>\n<p>Nuestro Se\u00f1or aparece revestido de las humildes aparien\u00adcias del pobre. Para el santo \u00e9sto ten\u00eda una consecuencia m\u00e1s curiosa a\u00fan:<\/p>\n<p>Si el Hijo de Dios est\u00e1 presente en la persona del pobre no por \u00e9sto ha renunciado a su dignidad divina, a su t\u00edtulo de Rey. \u00a1El comunica sus t\u00edtulos a los pobres!<\/p>\n<p>Se da pues un verdadero intercambio. \u00a1Los pobres son <i>amos y se\u00f1ores! <\/i>El los llama con gracia \u00abnuestros pobres y queridos se\u00f1ores\u00bb<span id='easy-footnote-11-119882' class='easy-footnote-margin-adjust'><\/span><span class='easy-footnote'><a href='https:\/\/vincentians.com\/es\/identificacion-de-jesucristo-con-el-pobre-parte-ii-capitulo-3\/#easy-footnote-bottom-11-119882' title='\u00abNos pauvres chers maitres\u00bb.'><sup>11<\/sup><\/a><\/span>.<\/p>\n<p>\u00abCuando se os trata de este modo (de una manera pobre) os asemej\u00e1is a vuestros se\u00f1ores; pues son <i>vuestros se\u00f1ores y los m\u00edos\u00bb<\/i><span id='easy-footnote-12-119882' class='easy-footnote-margin-adjust'><\/span><span class='easy-footnote'><a href='https:\/\/vincentians.com\/es\/identificacion-de-jesucristo-con-el-pobre-parte-ii-capitulo-3\/#easy-footnote-bottom-12-119882' title='SVP. X, pp. 332 y 340, &lt;i&gt;Conf. sur le service des malades.&lt;\/i&gt;'><sup>12<\/sup><\/a><\/span>.<\/p>\n<p>\u00abVuestra principal ocupaci\u00f3n, dice en otra ocasi\u00f3n a las Hijas de la Caridad, lo que Dios os pide de modo especial, es tener gran cuidado en el servicio de los pobres <i>que son nuestros se\u00f1ores. <\/i>\u00a1Oh! s\u00ed, hermanas m\u00edas, ellos son nuestros amos\u00bb<span id='easy-footnote-13-119882' class='easy-footnote-margin-adjust'><\/span><span class='easy-footnote'><a href='https:\/\/vincentians.com\/es\/identificacion-de-jesucristo-con-el-pobre-parte-ii-capitulo-3\/#easy-footnote-bottom-13-119882' title='&lt;i&gt;Ibid., &lt;\/i&gt;IX, 110.'><sup>13<\/sup><\/a><\/span>.<\/p>\n<p>Hablando otra vez a las mismas, va a\u00fan m\u00e1s lejos y les explica con toda naturalidad:<\/p>\n<p>\u00abDoy gracias a Dios por ello (hablaba de una pr\u00e1ctica de piedad). Muy bien, hermana m\u00eda, continuad esta buena costumbre en cuando pod\u00e1is, caso que el servicio de los pobres no os quite este tiempo, pues es muy razonable que sirv\u00e1is a ellos primero. Los pobres son nuestros amos; <i>son nuestros reyes. <\/i>No es una exageraci\u00f3n llamarlos as\u00ed, porque Nuestro Se\u00f1or est\u00e1 en los pobres\u00bb<span id='easy-footnote-14-119882' class='easy-footnote-margin-adjust'><\/span><span class='easy-footnote'><a href='https:\/\/vincentians.com\/es\/identificacion-de-jesucristo-con-el-pobre-parte-ii-capitulo-3\/#easy-footnote-bottom-14-119882' title='\u00abJ&amp;#8217;en rends gr\u00e1ces \u00e1 Dieu. Oh bien! ma soeur, continuez cette bonne coutume en tant que vous pourrez, si ce n&amp;#8217;est que le service des pauvres vous \u00f3te ce temps-l\u00e1 caz il est raisonnable de servir les maitres les premiers. Les pauvres sont nos maitres; ce sont nos rois&amp;#8230; et ce n&amp;#8217;est pas une exag\u00e9ration de les appeler ainsi, parece que Mitre Seigneur est dans les pauvres\u00bb. SVP X, 610.'><sup>14<\/sup><\/a><\/span>.\u00a1Cu\u00e1n natural era para el Santo esta visi\u00f3n de fe!<\/p>\n<p>Su coraz\u00f3n vibraba al un\u00edsono cuando o\u00eda estos con\u00adceptos:<\/p>\n<p>\u00ab\u00a1Cu\u00e1nto consuelo tuve, mis caras hermanas, un d\u00eda de \u00e9stos! Quiero particip\u00e1roslo. O\u00ed leer la f\u00f3rmula de los votos de religiosos Hospitalarios de Italia, que era en estos t\u00e9rminos:<\/p>\n<p>&#8216;Yo N. hago voto y prometo a Dios guardar toda mi vida la pobreza, castidad y obediencia y de servir a nuestros se\u00ad\u00f1ores los pobres'\u00bb<span id='easy-footnote-15-119882' class='easy-footnote-margin-adjust'><\/span><span class='easy-footnote'><a href='https:\/\/vincentians.com\/es\/identificacion-de-jesucristo-con-el-pobre-parte-ii-capitulo-3\/#easy-footnote-bottom-15-119882' title='&lt;i&gt;Ibid., &lt;\/i&gt;IX, 25.'><sup>15<\/sup><\/a><\/span>.<\/p>\n<p>De igual modo hablando a los misioneros:<\/p>\n<p>\u00abEntregu\u00e9monos con amor renovado al servicio de los pobres&#8230;; reconozcamos en la presencia de Dios que ellos son <i>nuestros amos y se\u00f1ores <\/i>y que somos indignos de ofre\u00adcerles nuestros peque\u00f1os servicios\u00bb<span id='easy-footnote-16-119882' class='easy-footnote-margin-adjust'><\/span><span class='easy-footnote'><a href='https:\/\/vincentians.com\/es\/identificacion-de-jesucristo-con-el-pobre-parte-ii-capitulo-3\/#easy-footnote-bottom-16-119882' title='&lt;i&gt;Entretiens, &lt;\/i&gt;XI, 328.'><sup>16<\/sup><\/a><\/span>.<\/p>\n<p>Correlativamente deriva de \u00e9sto el t\u00edtulo de sirvienta de los pobres que viene tan frecuente en boca del Santo ha\u00adblando a las Hijas de la Caridad.<\/p>\n<p>Es de notar que Vicente hablaba en estos t\u00e9rminos en tiempos en que el car\u00e1cter feudal dominaba a\u00fan las relaciones entre el servidor y su se\u00f1or, relaciones imbuidas por una ley casi sagrada de sumisi\u00f3n y respeto absoluto<span id='easy-footnote-17-119882' class='easy-footnote-margin-adjust'><\/span><span class='easy-footnote'><a href='https:\/\/vincentians.com\/es\/identificacion-de-jesucristo-con-el-pobre-parte-ii-capitulo-3\/#easy-footnote-bottom-17-119882' title='Es interesante notar c\u00f3mo un insigne escriturista alude para precisar su interpretaci\u00f3n de Mt 25, 31-46 a estas expresiones del Santo: \u00ab&amp;#8230;de sorte que celui qui souffre ne soit pas seulement un objet de compassion, mais un objet de respect; ainsi les filies de la Chant\u00e9 font profession de servir les pauvres, leurs &amp;#8216;veritables maitres&amp;#8217;. &lt;i&gt;&amp;#8230;&lt;\/i&gt;&lt;i&gt;De manera que aqu\u00e9l que sufre no sea solamente objeto de compasi\u00f3n, sino tambi\u00e9n objeto de respeto; tanto es as\u00ed que las Hijas de la Caridad hacen pro\u00adfesi\u00f3n de servir a los pobres, como a sus &amp;#8216;verdaderos amos&#039;\u00bb. &lt;\/i&gt;LAGRANGE, &lt;i&gt;L&amp;#8217;Evangile selon Saint Matthieu. op. cit., &lt;\/i&gt;p. 487).'><sup>17<\/sup><\/a><\/span>.<\/p>\n<h3>4. <i>Dejar a Dios por Dios<\/i><\/h3>\n<p>San Vicente basando su doctrina sobre la caridad en la identificaci\u00f3n de Jesucristo con el pobre y su incorporaci\u00f3n al Cuerpo M\u00edstico pensaba como buen te\u00f3logo.<\/p>\n<p>En este caso cumplir un acto de caridad \u00bfno equivale a cualquier acto de piedad dirigido a Dios?<\/p>\n<p>As\u00ed concluye San Vicente y su l\u00f3gica, despu\u00e9s de o\u00edr sus anteriores expresiones, no es para maravillar: \u00abLas Hijas de la Caridad dejar\u00e1n la oraci\u00f3n, incluso la santa Misa, si es necesario para asistir a los pobres. Esto equivale a dejar a Dios por Dios\u00bb<span id='easy-footnote-18-119882' class='easy-footnote-margin-adjust'><\/span><span class='easy-footnote'><a href='https:\/\/vincentians.com\/es\/identificacion-de-jesucristo-con-el-pobre-parte-ii-capitulo-3\/#easy-footnote-bottom-18-119882' title='\u00abS&amp;#8217;il faut quitter l&amp;#8217;oraison pour aller \u00e1 ce malade, faites-le; et ainsi vous quitterez Dieu \u00e1 l&amp;#8217;oraison et vous le trouverez chez ce malade. &lt;i&gt;Si es preciso dejar la oraci\u00f3n para ir a un enfermo, hacedlo; haci\u00e9ndolo as\u00ed dejar\u00e9is a Dios en la oraci\u00f3n y lo encontrar\u00e9is en casa de este enfermo\u00bb. &lt;\/i&gt;SVP Confer., X, 554.&lt;\/p&gt;\n&lt;p&gt;\u00abMes filies, sachez que, quand vous quitterez l&amp;#8217;oraison et la Sainte Messe pour le service des pauvres, vous n&amp;#8217;y perdrez rien, puisque c&amp;#8217;est aller \u00e1 Dieu que servir les pauvres; et vous devez regarder Dieu en leurs personnes. &lt;i&gt;Hijas m\u00edas, tened bien presente que cuando dejar\u00e9is la ora\u00adci\u00f3n y a\u00fan la Santa Misa por el servicio de los pobres, no perd\u00e9is nada con \u00e9sto, puesto que servir a los pobres es ir a Dios; y deb\u00e9is mirar a Dios en sus personas\u00bb. &lt;\/i&gt;SVP Confer. IX, 5.&lt;\/p&gt;\n&lt;p&gt;Glosa bellamente un autor: \u00abVicente alcanza aqu\u00ed el pensamiento del m\u00edstico&amp;#8230; Si est\u00e1is en el m\u00e1s alto de los \u00e9xtasis a que un hombre pueda elevarse y se os viene a decir que un hermano tiene fiebre, descended &lt;i&gt;y &lt;\/i&gt;preparad un caldo. Dejad a Dios por Dios: el Dios que dej\u00e1is es menos seguro que el que vais a encontrar; pues el \u00e9xtasis est\u00e1 expuesto a ilusiones, no la caridad\u00bb. &lt;b&gt;MATHIE, &lt;\/b&gt;cit. por G. &lt;b&gt;L. COLUCCIA cm, &lt;\/b&gt;&lt;i&gt;Espi\u00adritualidad vicenciana, espiritualidad de la acci\u00f3n, &lt;\/i&gt;CEME, Salamanca, 1979, p. 191.'><sup>18<\/sup><\/a><\/span>.<\/p>\n<h3><i>5. Una sola caridad<\/i><\/h3>\n<p>Para San Vicente la caridad para con los pobres es una misma virtud teol\u00f3gica por la cual amamos a Dios y al pr\u00f3\u00adjimo. Veamos algunos aspectos de su doctrina sobre el amor a Dios y el amor al pr\u00f3jimo que explican lo que \u00e9l ha hecho y ense\u00f1ado en materia de caridad.<\/p>\n<p>El servicio de los pobres es un signo del amor a Dios: \u00ab\u00bfEn qu\u00e9 podr\u00e1 conocer, se pregunta el Santo, una Hija de la Caridad si ama a Dios?<\/p>\n<p>\u00bfQui\u00e9n podr\u00e1 dudar que esta Hermana ama a Dios si se la ve fiel al levantarse por la ma\u00f1ana, hacer bien su ora\u00adci\u00f3n, atenta que este enfermo tenga su remedio&#8230;?<\/p>\n<p>Servir a los pobres en el modo que la regla nos manda. Estad seguras que si no falt\u00e1is a \u00e9sto am\u00e1is a Dios y os ha\u00adll\u00e1is en un continuo acto de amor\u00bb<span id='easy-footnote-19-119882' class='easy-footnote-margin-adjust'><\/span><span class='easy-footnote'><a href='https:\/\/vincentians.com\/es\/identificacion-de-jesucristo-con-el-pobre-parte-ii-capitulo-3\/#easy-footnote-bottom-19-119882' title='SVP IX, 479, &lt;i&gt;Confer. sur l&amp;#8217;amour de Dieu.&lt;\/i&gt;'><sup>19<\/sup><\/a><\/span>.<\/p>\n<p>\u00bfNo es \u00e9sto un eco de las palabras del Ap\u00f3stol: \u00abQui\u00e9n ama a su pr\u00f3jimo ha cumplido la Ley?\u00bb, Rm 13, 8.<\/p>\n<p>San Vicente comenta expresamente este pasaje tan sig\u00adnificativo:<\/p>\n<p>\u00abTodos sabemos que en el amor de Dios y del pr\u00f3jimo est\u00e1 contenida la Ley y los Profetas&#8230; Este amor tiene tal fuerza&#8230; que hace practicar todo lo que Dios pide de no\u00adsotros. &#8216;Qui enim diligit proximum suum legem implevit, quien ama a su pr\u00f3jimo ha cumplido ya la ley'\u00bb<span id='easy-footnote-20-119882' class='easy-footnote-margin-adjust'><\/span><span class='easy-footnote'><a href='https:\/\/vincentians.com\/es\/identificacion-de-jesucristo-con-el-pobre-parte-ii-capitulo-3\/#easy-footnote-bottom-20-119882' title='SVP XII, 261, &lt;i&gt;Confer. sur la charit\u00e9.&lt;\/i&gt;'><sup>20<\/sup><\/a><\/span>.Despu\u00e9s de haber recordado el precepto divino seg\u00fan el cual \u00abla Ley y los Profetas est\u00e1n contenidos en el amor de Dios y del pr\u00f3jimo\u00bb el santo invoca la autoridad del Doctor Ang\u00e9lico para demostrar la importancia del amor al pr\u00f3jimo relacionado con el amor de Dios.<\/p>\n<p>Dejemos que \u00e9l mismo presente su argumento:<\/p>\n<p>\u00abSanto Tom\u00e1s se propone esta cuesti\u00f3n, a saber: \u00bfqui\u00e9n merece m\u00e1s, aqu\u00e9l que ama a Dios y descuida al pr\u00f3jimo o un segundo que ama al pr\u00f3jimo por amor de Dios? Y dan\u00addo \u00e9l mismo la soluci\u00f3n a esta duda, concluye que es m\u00e1s meritorio amar al pr\u00f3jimo por amor de Dios, que amar a Dios sin tener cuenta del pr\u00f3jimo. Y lo prueba as\u00ed, lo cual parece una paradoja: &#8216;Ir, dice, hasta el coraz\u00f3n de Dios, desbordar all\u00ed todo su amor no es lo m\u00e1s perfecto porque la perfecci\u00f3n consiste en amar a Dios y al pr\u00f3jimo&#8217;. Dadme un hombre que ama a Dios solamente, un alma elevada en contemplaci\u00f3n que no tiene cuenta alguna de sus hermanos, \u00a1oh! esta persona hallando grande gusto en esta forma de amar a Dios&#8230; se detiene en saborear esta fuente infinita de dulzura. Y he aqu\u00ed otro que ama al pr\u00f3jimo, por grosero y rudo que sea, pero que lo ama por amor de Dios. \u00bfCu\u00e1l es, os pregunto, de estos amores el menos interesado? Sin duda el segundo&#8230; Este ama a Dios y al pr\u00f3jimo, \u00bfqu\u00e9 m\u00e1s puede hacer?\u00bb<span id='easy-footnote-21-119882' class='easy-footnote-margin-adjust'><\/span><span class='easy-footnote'><a href='https:\/\/vincentians.com\/es\/identificacion-de-jesucristo-con-el-pobre-parte-ii-capitulo-3\/#easy-footnote-bottom-21-119882' title='SVP XII, 261, &lt;i&gt;Confer. sur la charit\u00e9.&lt;\/i&gt;&lt;\/p&gt;\n&lt;p&gt;San Vicente se refiere en este pasaje a la Quest. XXVII de la Ha IIae, art. VIII, de la Suma Teol\u00f3gica.'><sup>21<\/sup><\/a><\/span>.<\/p>\n","protected":false},"excerpt":{"rendered":"<p>III: Jesucristo presente en los pobres Estudiemos ahora de manera m\u00e1s expl\u00edcita la caridad de San Vicente en su expresi\u00f3n m\u00e1s profunda. 1. Una convicci\u00f3n apasionada Servir a los pobres y predicarles no es solamente &#8230; <a href=\"https:\/\/vincentians.com\/es\/identificacion-de-jesucristo-con-el-pobre-parte-ii-capitulo-3\/\" class=\"more-link\">Read More<\/a><\/p>\n","protected":false},"author":4,"featured_media":119846,"comment_status":"open","ping_status":"open","sticky":false,"template":"","format":"standard","meta":{"jetpack_post_was_ever_published":false,"_jetpack_newsletter_access":"","_jetpack_dont_email_post_to_subs":false,"_jetpack_newsletter_tier_id":0,"_jetpack_memberships_contains_paywalled_content":false,"_jetpack_memberships_contains_paid_content":false,"footnotes":"","jetpack_publicize_message":"","jetpack_publicize_feature_enabled":true,"jetpack_social_post_already_shared":true,"jetpack_social_options":{"image_generator_settings":{"template":"highway","default_image_id":0,"font":"","enabled":false},"version":2}},"categories":[28],"tags":[228,172],"class_list":["post-119882","post","type-post","status-publish","format-standard","has-post-thumbnail","hentry","category-formacion-vicenciana","tag-calvet","tag-pobreza"],"yoast_head":"<!-- This site is optimized with the Yoast SEO plugin v26.3 - https:\/\/yoast.com\/wordpress\/plugins\/seo\/ -->\n<title>Identificaci\u00f3n de Jesucristo con el pobre. Parte II, Cap\u00edtulo 3 - Somos Vicencianos<\/title>\n<meta name=\"robots\" content=\"index, follow, max-snippet:-1, max-image-preview:large, max-video-preview:-1\" \/>\n<link rel=\"canonical\" href=\"https:\/\/vincentians.com\/es\/identificacion-de-jesucristo-con-el-pobre-parte-ii-capitulo-3\/\" \/>\n<meta property=\"og:locale\" content=\"es_ES\" \/>\n<meta property=\"og:type\" content=\"article\" \/>\n<meta property=\"og:title\" content=\"Identificaci\u00f3n de Jesucristo con el pobre. Parte II, Cap\u00edtulo 3 - Somos Vicencianos\" \/>\n<meta property=\"og:description\" content=\"III: Jesucristo presente en los pobres Estudiemos ahora de manera m\u00e1s expl\u00edcita la caridad de San Vicente en su expresi\u00f3n m\u00e1s profunda. 1. Una convicci\u00f3n apasionada Servir a los pobres y predicarles no es solamente ... Read More\" \/>\n<meta property=\"og:url\" content=\"https:\/\/vincentians.com\/es\/identificacion-de-jesucristo-con-el-pobre-parte-ii-capitulo-3\/\" \/>\n<meta property=\"og:site_name\" content=\"Somos Vicencianos\" \/>\n<meta property=\"article:publisher\" content=\"https:\/\/www.facebook.com\/WeAreVincentians\/\" \/>\n<meta property=\"article:author\" content=\"https:\/\/www.facebook.com\/JavierChento\" \/>\n<meta property=\"article:published_time\" content=\"2015-02-16T05:05:15+00:00\" \/>\n<meta property=\"article:modified_time\" content=\"2016-07-26T17:17:55+00:00\" \/>\n<meta name=\"author\" content=\"Francisco Javier Fern\u00e1ndez Chento\" \/>\n<meta name=\"twitter:card\" content=\"summary_large_image\" \/>\n<meta name=\"twitter:creator\" content=\"@https:\/\/twitter.com\/javierchento\" \/>\n<meta name=\"twitter:site\" content=\"@WeVincentians\" \/>\n<meta name=\"twitter:label1\" content=\"Escrito por\" \/>\n\t<meta name=\"twitter:data1\" content=\"Francisco Javier Fern\u00e1ndez Chento\" \/>\n\t<meta name=\"twitter:label2\" content=\"Tiempo de lectura\" \/>\n\t<meta name=\"twitter:data2\" content=\"16 minutos\" \/>\n<script type=\"application\/ld+json\" class=\"yoast-schema-graph\">{\"@context\":\"https:\/\/schema.org\",\"@graph\":[{\"@type\":\"Article\",\"@id\":\"https:\/\/vincentians.com\/es\/identificacion-de-jesucristo-con-el-pobre-parte-ii-capitulo-3\/#article\",\"isPartOf\":{\"@id\":\"https:\/\/vincentians.com\/es\/identificacion-de-jesucristo-con-el-pobre-parte-ii-capitulo-3\/\"},\"author\":{\"name\":\"Francisco Javier Fern\u00e1ndez Chento\",\"@id\":\"http:\/\/vincentians.com\/es\/#\/schema\/person\/9623ef4d9aa3b2dfb8c061f1499288f2\"},\"headline\":\"Identificaci\u00f3n de Jesucristo con el pobre. Parte II, Cap\u00edtulo 3\",\"datePublished\":\"2015-02-16T05:05:15+00:00\",\"dateModified\":\"2016-07-26T17:17:55+00:00\",\"mainEntityOfPage\":{\"@id\":\"https:\/\/vincentians.com\/es\/identificacion-de-jesucristo-con-el-pobre-parte-ii-capitulo-3\/\"},\"wordCount\":3201,\"commentCount\":0,\"publisher\":{\"@id\":\"http:\/\/vincentians.com\/es\/#organization\"},\"image\":{\"@id\":\"https:\/\/vincentians.com\/es\/identificacion-de-jesucristo-con-el-pobre-parte-ii-capitulo-3\/#primaryimage\"},\"thumbnailUrl\":\"\",\"keywords\":[\"Calvet\",\"Pobreza\"],\"articleSection\":[\"Formaci\u00f3n Vicenciana\"],\"inLanguage\":\"es\",\"potentialAction\":[{\"@type\":\"CommentAction\",\"name\":\"Comment\",\"target\":[\"https:\/\/vincentians.com\/es\/identificacion-de-jesucristo-con-el-pobre-parte-ii-capitulo-3\/#respond\"]}]},{\"@type\":\"WebPage\",\"@id\":\"https:\/\/vincentians.com\/es\/identificacion-de-jesucristo-con-el-pobre-parte-ii-capitulo-3\/\",\"url\":\"https:\/\/vincentians.com\/es\/identificacion-de-jesucristo-con-el-pobre-parte-ii-capitulo-3\/\",\"name\":\"Identificaci\u00f3n de Jesucristo con el pobre. Parte II, Cap\u00edtulo 3 - Somos Vicencianos\",\"isPartOf\":{\"@id\":\"http:\/\/vincentians.com\/es\/#website\"},\"primaryImageOfPage\":{\"@id\":\"https:\/\/vincentians.com\/es\/identificacion-de-jesucristo-con-el-pobre-parte-ii-capitulo-3\/#primaryimage\"},\"image\":{\"@id\":\"https:\/\/vincentians.com\/es\/identificacion-de-jesucristo-con-el-pobre-parte-ii-capitulo-3\/#primaryimage\"},\"thumbnailUrl\":\"\",\"datePublished\":\"2015-02-16T05:05:15+00:00\",\"dateModified\":\"2016-07-26T17:17:55+00:00\",\"breadcrumb\":{\"@id\":\"https:\/\/vincentians.com\/es\/identificacion-de-jesucristo-con-el-pobre-parte-ii-capitulo-3\/#breadcrumb\"},\"inLanguage\":\"es\",\"potentialAction\":[{\"@type\":\"ReadAction\",\"target\":[\"https:\/\/vincentians.com\/es\/identificacion-de-jesucristo-con-el-pobre-parte-ii-capitulo-3\/\"]}]},{\"@type\":\"ImageObject\",\"inLanguage\":\"es\",\"@id\":\"https:\/\/vincentians.com\/es\/identificacion-de-jesucristo-con-el-pobre-parte-ii-capitulo-3\/#primaryimage\",\"url\":\"\",\"contentUrl\":\"\"},{\"@type\":\"BreadcrumbList\",\"@id\":\"https:\/\/vincentians.com\/es\/identificacion-de-jesucristo-con-el-pobre-parte-ii-capitulo-3\/#breadcrumb\",\"itemListElement\":[{\"@type\":\"ListItem\",\"position\":1,\"name\":\"Portada\",\"item\":\"http:\/\/vincentians.com\/es\/\"},{\"@type\":\"ListItem\",\"position\":2,\"name\":\"Identificaci\u00f3n de Jesucristo con el pobre. Parte II, Cap\u00edtulo 3\"}]},{\"@type\":\"WebSite\",\"@id\":\"http:\/\/vincentians.com\/es\/#website\",\"url\":\"http:\/\/vincentians.com\/es\/\",\"name\":\"Somos Vicencianos\",\"description\":\"Know more to serve more\",\"publisher\":{\"@id\":\"http:\/\/vincentians.com\/es\/#organization\"},\"potentialAction\":[{\"@type\":\"SearchAction\",\"target\":{\"@type\":\"EntryPoint\",\"urlTemplate\":\"http:\/\/vincentians.com\/es\/?s={search_term_string}\"},\"query-input\":{\"@type\":\"PropertyValueSpecification\",\"valueRequired\":true,\"valueName\":\"search_term_string\"}}],\"inLanguage\":\"es\"},{\"@type\":\"Organization\",\"@id\":\"http:\/\/vincentians.com\/es\/#organization\",\"name\":\"The Vincentian Network\",\"url\":\"http:\/\/vincentians.com\/es\/\",\"logo\":{\"@type\":\"ImageObject\",\"inLanguage\":\"es\",\"@id\":\"http:\/\/vincentians.com\/es\/#\/schema\/logo\/image\/\",\"url\":\"https:\/\/i1.wp.com\/vincentians.com\/es\/wp-content\/uploads\/sites\/11\/2016\/06\/Vincentian-Network-logo-big.png?fit=778%2C778\",\"contentUrl\":\"https:\/\/i1.wp.com\/vincentians.com\/es\/wp-content\/uploads\/sites\/11\/2016\/06\/Vincentian-Network-logo-big.png?fit=778%2C778\",\"width\":778,\"height\":778,\"caption\":\"The Vincentian Network\"},\"image\":{\"@id\":\"http:\/\/vincentians.com\/es\/#\/schema\/logo\/image\/\"},\"sameAs\":[\"https:\/\/www.facebook.com\/WeAreVincentians\/\",\"https:\/\/x.com\/WeVincentians\"]},{\"@type\":\"Person\",\"@id\":\"http:\/\/vincentians.com\/es\/#\/schema\/person\/9623ef4d9aa3b2dfb8c061f1499288f2\",\"name\":\"Francisco Javier Fern\u00e1ndez Chento\",\"image\":{\"@type\":\"ImageObject\",\"inLanguage\":\"es\",\"@id\":\"http:\/\/vincentians.com\/es\/#\/schema\/person\/image\/\",\"url\":\"https:\/\/secure.gravatar.com\/avatar\/497d5cde87b4c3d097d0315953521681ba2cd523ee66e5077c3711f7021e65de?s=96&d=mm&r=g\",\"contentUrl\":\"https:\/\/secure.gravatar.com\/avatar\/497d5cde87b4c3d097d0315953521681ba2cd523ee66e5077c3711f7021e65de?s=96&d=mm&r=g\",\"caption\":\"Francisco Javier Fern\u00e1ndez Chento\"},\"description\":\"Director General y cofundador de La Red de Formaci\u00f3n Vicenciana. Javier es laico vicenciano, afiliado a la Congregaci\u00f3n de la Misi\u00f3n y miembro del Equipo de Misiones Populares de la provincia can\u00f3nica de Zaragoza (Espa\u00f1a) de la Congregaci\u00f3n de la Misi\u00f3n. Graduado en la Universidad Oberta de Catalunya con cuatro grados (Asistente de direcci\u00f3n, Gesti\u00f3n Administrativa, Recursos Humanos y Contabilidad Avanzada). Bil\u00edng\u00fce Espa\u00f1ol\/Ingl\u00e9s. gestiona y mantiene varias p\u00e1ginas web cristianas y vicencianas, incluida including La Red de Formaci\u00f3n Vicenciana, de la que es cofundador. Actualmente es responsable del \u00e1rea de Espa\u00f1ol de .famvin, la Red de Noticias de la Familia Vicenciana. Tambi\u00e9n es m\u00fasico cat\u00f3lico y ha editado varios discos. Es Director General y cofundador de Trovador, una reconocida compa\u00f1\u00eda discogr\u00e1fica critiana de Espa\u00f1a. Trabaja en las Tecnolog\u00edas de la Informaci\u00f3n, ofreciendo servicios de alojamiento, dise\u00f1o y mantenimiento Web, as\u00ed como asesoramiento, formaci\u00f3n y soluciones inform\u00e1ticas, gesti\u00f3n documental y digitalizaci\u00f3n de textos, edici\u00f3n y maquetaci\u00f3n de libros, revistas, flyers, etc.\",\"sameAs\":[\"http:\/\/chento.org\",\"https:\/\/www.facebook.com\/JavierChento\",\"https:\/\/x.com\/https:\/\/twitter.com\/javierchento\"],\"url\":\"https:\/\/vincentians.com\/es\/author\/chento\/\"}]}<\/script>\n<!-- \/ Yoast SEO plugin. -->","yoast_head_json":{"title":"Identificaci\u00f3n de Jesucristo con el pobre. Parte II, Cap\u00edtulo 3 - Somos Vicencianos","robots":{"index":"index","follow":"follow","max-snippet":"max-snippet:-1","max-image-preview":"max-image-preview:large","max-video-preview":"max-video-preview:-1"},"canonical":"https:\/\/vincentians.com\/es\/identificacion-de-jesucristo-con-el-pobre-parte-ii-capitulo-3\/","og_locale":"es_ES","og_type":"article","og_title":"Identificaci\u00f3n de Jesucristo con el pobre. Parte II, Cap\u00edtulo 3 - Somos Vicencianos","og_description":"III: Jesucristo presente en los pobres Estudiemos ahora de manera m\u00e1s expl\u00edcita la caridad de San Vicente en su expresi\u00f3n m\u00e1s profunda. 1. Una convicci\u00f3n apasionada Servir a los pobres y predicarles no es solamente ... Read More","og_url":"https:\/\/vincentians.com\/es\/identificacion-de-jesucristo-con-el-pobre-parte-ii-capitulo-3\/","og_site_name":"Somos Vicencianos","article_publisher":"https:\/\/www.facebook.com\/WeAreVincentians\/","article_author":"https:\/\/www.facebook.com\/JavierChento","article_published_time":"2015-02-16T05:05:15+00:00","article_modified_time":"2016-07-26T17:17:55+00:00","author":"Francisco Javier Fern\u00e1ndez Chento","twitter_card":"summary_large_image","twitter_creator":"@https:\/\/twitter.com\/javierchento","twitter_site":"@WeVincentians","twitter_misc":{"Escrito por":"Francisco Javier Fern\u00e1ndez Chento","Tiempo de lectura":"16 minutos"},"schema":{"@context":"https:\/\/schema.org","@graph":[{"@type":"Article","@id":"https:\/\/vincentians.com\/es\/identificacion-de-jesucristo-con-el-pobre-parte-ii-capitulo-3\/#article","isPartOf":{"@id":"https:\/\/vincentians.com\/es\/identificacion-de-jesucristo-con-el-pobre-parte-ii-capitulo-3\/"},"author":{"name":"Francisco Javier Fern\u00e1ndez Chento","@id":"http:\/\/vincentians.com\/es\/#\/schema\/person\/9623ef4d9aa3b2dfb8c061f1499288f2"},"headline":"Identificaci\u00f3n de Jesucristo con el pobre. Parte II, Cap\u00edtulo 3","datePublished":"2015-02-16T05:05:15+00:00","dateModified":"2016-07-26T17:17:55+00:00","mainEntityOfPage":{"@id":"https:\/\/vincentians.com\/es\/identificacion-de-jesucristo-con-el-pobre-parte-ii-capitulo-3\/"},"wordCount":3201,"commentCount":0,"publisher":{"@id":"http:\/\/vincentians.com\/es\/#organization"},"image":{"@id":"https:\/\/vincentians.com\/es\/identificacion-de-jesucristo-con-el-pobre-parte-ii-capitulo-3\/#primaryimage"},"thumbnailUrl":"","keywords":["Calvet","Pobreza"],"articleSection":["Formaci\u00f3n Vicenciana"],"inLanguage":"es","potentialAction":[{"@type":"CommentAction","name":"Comment","target":["https:\/\/vincentians.com\/es\/identificacion-de-jesucristo-con-el-pobre-parte-ii-capitulo-3\/#respond"]}]},{"@type":"WebPage","@id":"https:\/\/vincentians.com\/es\/identificacion-de-jesucristo-con-el-pobre-parte-ii-capitulo-3\/","url":"https:\/\/vincentians.com\/es\/identificacion-de-jesucristo-con-el-pobre-parte-ii-capitulo-3\/","name":"Identificaci\u00f3n de Jesucristo con el pobre. Parte II, Cap\u00edtulo 3 - Somos Vicencianos","isPartOf":{"@id":"http:\/\/vincentians.com\/es\/#website"},"primaryImageOfPage":{"@id":"https:\/\/vincentians.com\/es\/identificacion-de-jesucristo-con-el-pobre-parte-ii-capitulo-3\/#primaryimage"},"image":{"@id":"https:\/\/vincentians.com\/es\/identificacion-de-jesucristo-con-el-pobre-parte-ii-capitulo-3\/#primaryimage"},"thumbnailUrl":"","datePublished":"2015-02-16T05:05:15+00:00","dateModified":"2016-07-26T17:17:55+00:00","breadcrumb":{"@id":"https:\/\/vincentians.com\/es\/identificacion-de-jesucristo-con-el-pobre-parte-ii-capitulo-3\/#breadcrumb"},"inLanguage":"es","potentialAction":[{"@type":"ReadAction","target":["https:\/\/vincentians.com\/es\/identificacion-de-jesucristo-con-el-pobre-parte-ii-capitulo-3\/"]}]},{"@type":"ImageObject","inLanguage":"es","@id":"https:\/\/vincentians.com\/es\/identificacion-de-jesucristo-con-el-pobre-parte-ii-capitulo-3\/#primaryimage","url":"","contentUrl":""},{"@type":"BreadcrumbList","@id":"https:\/\/vincentians.com\/es\/identificacion-de-jesucristo-con-el-pobre-parte-ii-capitulo-3\/#breadcrumb","itemListElement":[{"@type":"ListItem","position":1,"name":"Portada","item":"http:\/\/vincentians.com\/es\/"},{"@type":"ListItem","position":2,"name":"Identificaci\u00f3n de Jesucristo con el pobre. Parte II, Cap\u00edtulo 3"}]},{"@type":"WebSite","@id":"http:\/\/vincentians.com\/es\/#website","url":"http:\/\/vincentians.com\/es\/","name":"Somos Vicencianos","description":"Know more to serve more","publisher":{"@id":"http:\/\/vincentians.com\/es\/#organization"},"potentialAction":[{"@type":"SearchAction","target":{"@type":"EntryPoint","urlTemplate":"http:\/\/vincentians.com\/es\/?s={search_term_string}"},"query-input":{"@type":"PropertyValueSpecification","valueRequired":true,"valueName":"search_term_string"}}],"inLanguage":"es"},{"@type":"Organization","@id":"http:\/\/vincentians.com\/es\/#organization","name":"The Vincentian Network","url":"http:\/\/vincentians.com\/es\/","logo":{"@type":"ImageObject","inLanguage":"es","@id":"http:\/\/vincentians.com\/es\/#\/schema\/logo\/image\/","url":"https:\/\/i1.wp.com\/vincentians.com\/es\/wp-content\/uploads\/sites\/11\/2016\/06\/Vincentian-Network-logo-big.png?fit=778%2C778","contentUrl":"https:\/\/i1.wp.com\/vincentians.com\/es\/wp-content\/uploads\/sites\/11\/2016\/06\/Vincentian-Network-logo-big.png?fit=778%2C778","width":778,"height":778,"caption":"The Vincentian Network"},"image":{"@id":"http:\/\/vincentians.com\/es\/#\/schema\/logo\/image\/"},"sameAs":["https:\/\/www.facebook.com\/WeAreVincentians\/","https:\/\/x.com\/WeVincentians"]},{"@type":"Person","@id":"http:\/\/vincentians.com\/es\/#\/schema\/person\/9623ef4d9aa3b2dfb8c061f1499288f2","name":"Francisco Javier Fern\u00e1ndez Chento","image":{"@type":"ImageObject","inLanguage":"es","@id":"http:\/\/vincentians.com\/es\/#\/schema\/person\/image\/","url":"https:\/\/secure.gravatar.com\/avatar\/497d5cde87b4c3d097d0315953521681ba2cd523ee66e5077c3711f7021e65de?s=96&d=mm&r=g","contentUrl":"https:\/\/secure.gravatar.com\/avatar\/497d5cde87b4c3d097d0315953521681ba2cd523ee66e5077c3711f7021e65de?s=96&d=mm&r=g","caption":"Francisco Javier Fern\u00e1ndez Chento"},"description":"Director General y cofundador de La Red de Formaci\u00f3n Vicenciana. Javier es laico vicenciano, afiliado a la Congregaci\u00f3n de la Misi\u00f3n y miembro del Equipo de Misiones Populares de la provincia can\u00f3nica de Zaragoza (Espa\u00f1a) de la Congregaci\u00f3n de la Misi\u00f3n. Graduado en la Universidad Oberta de Catalunya con cuatro grados (Asistente de direcci\u00f3n, Gesti\u00f3n Administrativa, Recursos Humanos y Contabilidad Avanzada). Bil\u00edng\u00fce Espa\u00f1ol\/Ingl\u00e9s. gestiona y mantiene varias p\u00e1ginas web cristianas y vicencianas, incluida including La Red de Formaci\u00f3n Vicenciana, de la que es cofundador. Actualmente es responsable del \u00e1rea de Espa\u00f1ol de .famvin, la Red de Noticias de la Familia Vicenciana. Tambi\u00e9n es m\u00fasico cat\u00f3lico y ha editado varios discos. Es Director General y cofundador de Trovador, una reconocida compa\u00f1\u00eda discogr\u00e1fica critiana de Espa\u00f1a. Trabaja en las Tecnolog\u00edas de la Informaci\u00f3n, ofreciendo servicios de alojamiento, dise\u00f1o y mantenimiento Web, as\u00ed como asesoramiento, formaci\u00f3n y soluciones inform\u00e1ticas, gesti\u00f3n documental y digitalizaci\u00f3n de textos, edici\u00f3n y maquetaci\u00f3n de libros, revistas, flyers, etc.","sameAs":["http:\/\/chento.org","https:\/\/www.facebook.com\/JavierChento","https:\/\/x.com\/https:\/\/twitter.com\/javierchento"],"url":"https:\/\/vincentians.com\/es\/author\/chento\/"}]}},"jetpack_publicize_connections":[],"jetpack_featured_media_url":"","jetpack_sharing_enabled":true,"jetpack_shortlink":"https:\/\/wp.me\/p7ETMF-vbA","jetpack-related-posts":[{"id":119880,"url":"https:\/\/vincentians.com\/es\/identificacion-de-jesucristo-con-el-pobre-parte-ii-capitulo-1\/","url_meta":{"origin":119882,"position":0},"title":"Identificaci\u00f3n de Jesucristo con el pobre. Parte II, Cap\u00edtulo 1","author":"Francisco Javier Fern\u00e1ndez Chento","date":"14\/02\/2015","format":false,"excerpt":"Parte II: La identificaci\u00f3n en san Vicente de Pa\u00fal Hemos estudiado a la luz de las divinas p\u00e1ginas la doc\u00adtrina admirable de la identificaci\u00f3n de Jesucristo con los m\u00e1s peque\u00f1os.Veamos ahora como segunda parte esta misma doctrina realizada. Iluminada por el esplendor de la santidad. Porque los santos son \u00e9sto\u2026","rel":"","context":"En \u00abFormaci\u00f3n Vicenciana\u00bb","block_context":{"text":"Formaci\u00f3n Vicenciana","link":"https:\/\/vincentians.com\/es\/category\/formacion-vicenciana\/"},"img":{"alt_text":"","src":"","width":0,"height":0},"classes":[]},{"id":119870,"url":"https:\/\/vincentians.com\/es\/la-identificacion-de-jesucristo-con-el-pobre-parte-i-capitulo-2\/","url_meta":{"origin":119882,"position":1},"title":"Identificaci\u00f3n de Jesucristo con el pobre. Parte I, Cap\u00edtulo 2","author":"Francisco Javier Fern\u00e1ndez Chento","date":"11\/02\/2015","format":false,"excerpt":"II: La ense\u00f1anza de Mt 25, 31-46 El Maestro ha dado forma y fuerza nueva al gran man\u00addamiento, reduciendo a \u00e9l toda la Ley y los Profetas, decla\u00adrando el precepto del amor al pr\u00f3jimo semejante al amor debido a Dios. La espontaneidad de Jes\u00fas al a\u00f1adir el segun\u00addo mandamiento \u2014el\u2026","rel":"","context":"En \u00abFormaci\u00f3n Vicenciana\u00bb","block_context":{"text":"Formaci\u00f3n Vicenciana","link":"https:\/\/vincentians.com\/es\/category\/formacion-vicenciana\/"},"img":{"alt_text":"","src":"","width":0,"height":0},"classes":[]},{"id":119883,"url":"https:\/\/vincentians.com\/es\/identificacion-de-jesucristo-con-el-pobre-epilogo-y-bibliografia\/","url_meta":{"origin":119882,"position":2},"title":"Identificaci\u00f3n de Jesucristo con el pobre. Ep\u00edlogo y Bibliograf\u00eda","author":"Francisco Javier Fern\u00e1ndez Chento","date":"17\/02\/2015","format":false,"excerpt":"Ep\u00edlogo Estos breves cap\u00edtulos habr\u00e1n bastado a demostrar c\u00f3mo San Vicente comprendi\u00f3 la verdad m\u00edstica de la identifica\u00adci\u00f3n de Jes\u00fas con 'los m\u00e1s peque\u00f1os'. Hemos visto primeramente la orientaci\u00f3n marcada de la espiritualidad del Santo hacia la persona de Jesucristo, tendencia propia de la escuela francesa de su tiempo. Despu\u00e9s\u2026","rel":"","context":"En \u00abFormaci\u00f3n Vicenciana\u00bb","block_context":{"text":"Formaci\u00f3n Vicenciana","link":"https:\/\/vincentians.com\/es\/category\/formacion-vicenciana\/"},"img":{"alt_text":"","src":"","width":0,"height":0},"classes":[]},{"id":118075,"url":"https:\/\/vincentians.com\/es\/anotaciones-al-decreto-conciliar-perfectae-caritatis-iii\/","url_meta":{"origin":119882,"position":3},"title":"Anotaciones al decreto conciliar \u00abPerfectae Caritatis\u00bb (III)","author":"Francisco Javier Fern\u00e1ndez Chento","date":"17\/09\/2021","format":false,"excerpt":"VIII.\u2014Verdadera renovaci\u00f3n en Cristo por la Caridad La vida religiosa est\u00e1 unida al misterio de Cristo y de su Iglesia. El seguimiento, la imitaci\u00f3n de Cristo, mejor a\u00fan, la \"continuidad de Cris\u00adto\", en t\u00e9rminos de San Vicente, es la \"norma \u00faltima\" de la vida re\u00adligiosa, seg\u00fan el decreto conciliar. Seguir\u2026","rel":"","context":"En \u00abFormaci\u00f3n Cristiana\u00bb","block_context":{"text":"Formaci\u00f3n Cristiana","link":"https:\/\/vincentians.com\/es\/category\/formacion-cristiana\/"},"img":{"alt_text":"","src":"https:\/\/i0.wp.com\/vincentians.com\/es\/wp-content\/uploads\/sites\/11\/2016\/09\/identidad.jpg?fit=1200%2C630&ssl=1&resize=350%2C200","width":350,"height":200,"srcset":"https:\/\/i0.wp.com\/vincentians.com\/es\/wp-content\/uploads\/sites\/11\/2016\/09\/identidad.jpg?fit=1200%2C630&ssl=1&resize=350%2C200 1x, https:\/\/i0.wp.com\/vincentians.com\/es\/wp-content\/uploads\/sites\/11\/2016\/09\/identidad.jpg?fit=1200%2C630&ssl=1&resize=525%2C300 1.5x, https:\/\/i0.wp.com\/vincentians.com\/es\/wp-content\/uploads\/sites\/11\/2016\/09\/identidad.jpg?fit=1200%2C630&ssl=1&resize=700%2C400 2x, https:\/\/i0.wp.com\/vincentians.com\/es\/wp-content\/uploads\/sites\/11\/2016\/09\/identidad.jpg?fit=1200%2C630&ssl=1&resize=1050%2C600 3x"},"classes":[]},{"id":387141,"url":"https:\/\/vincentians.com\/es\/el-apostolado-fuente-de-oracion\/","url_meta":{"origin":119882,"position":4},"title":"El apostolado fuente de oraci\u00f3n","author":"Mitxel Olabu\u00e9naga","date":"01\/03\/2016","format":false,"excerpt":"\u00abOs lo aseguro: Cada vez que lo hicisteis con un her\u00admano m\u00edo de esos m\u00e1s humil\u00addes, lo hicisteis conmigo\u00bb. (Mt 25,40). \u00abEs necesario que el minis\u00adterio de la palabra, el de los sacramentos y el de la ca\u00adridad, as\u00ed como los aconte\u00adcimientos de la vida, sean para nosotros una particular\u2026","rel":"","context":"En \u00abEspiritualidad\u00bb","block_context":{"text":"Espiritualidad","link":"https:\/\/vincentians.com\/es\/category\/espiritualidad\/"},"img":{"alt_text":"asd","src":"https:\/\/i0.wp.com\/vicencianos.org\/wp-content\/uploads\/2016\/02\/asd-5.jpg?resize=350%2C200","width":350,"height":200},"classes":[]},{"id":119421,"url":"https:\/\/vincentians.com\/es\/la-espiritualidad-de-san-vicente\/","url_meta":{"origin":119882,"position":5},"title":"La espiritualidad de san Vicente","author":"Francisco Javier Fern\u00e1ndez Chento","date":"25\/02\/2015","format":false,"excerpt":"Introducci\u00f3n En \"San Vicente y la Caridad\", Andr\u00e9 Dodin muestra bien la inutilidad de la empresa, que consistir\u00eda en intentar definir la doctrina espiritual de san Vicente, y demuestra que no pod\u00eda tratarse m\u00e1s que de una doctrina en una vida. Es pues, siguiendo la vida de san Vicente, analizando\u2026","rel":"","context":"En \u00abEspiritualidad vicenciana\u00bb","block_context":{"text":"Espiritualidad vicenciana","link":"https:\/\/vincentians.com\/es\/category\/espiritualidad\/espiritualidad-vicenciana\/"},"img":{"alt_text":"nddm_vincent1","src":"https:\/\/i0.wp.com\/vicencianos.org\/wp-content\/2011\/03\/nddm_vincent1-300x242.jpg?resize=350%2C200","width":350,"height":200},"classes":[]}],"_links":{"self":[{"href":"https:\/\/vincentians.com\/es\/wp-json\/wp\/v2\/posts\/119882","targetHints":{"allow":["GET"]}}],"collection":[{"href":"https:\/\/vincentians.com\/es\/wp-json\/wp\/v2\/posts"}],"about":[{"href":"https:\/\/vincentians.com\/es\/wp-json\/wp\/v2\/types\/post"}],"author":[{"embeddable":true,"href":"https:\/\/vincentians.com\/es\/wp-json\/wp\/v2\/users\/4"}],"replies":[{"embeddable":true,"href":"https:\/\/vincentians.com\/es\/wp-json\/wp\/v2\/comments?post=119882"}],"version-history":[{"count":0,"href":"https:\/\/vincentians.com\/es\/wp-json\/wp\/v2\/posts\/119882\/revisions"}],"wp:featuredmedia":[{"embeddable":true,"href":"https:\/\/vincentians.com\/es\/wp-json\/"}],"wp:attachment":[{"href":"https:\/\/vincentians.com\/es\/wp-json\/wp\/v2\/media?parent=119882"}],"wp:term":[{"taxonomy":"category","embeddable":true,"href":"https:\/\/vincentians.com\/es\/wp-json\/wp\/v2\/categories?post=119882"},{"taxonomy":"post_tag","embeddable":true,"href":"https:\/\/vincentians.com\/es\/wp-json\/wp\/v2\/tags?post=119882"}],"curies":[{"name":"wp","href":"https:\/\/api.w.org\/{rel}","templated":true}]}}