{"id":119880,"date":"2015-02-14T03:05:15","date_gmt":"2015-02-14T02:05:15","guid":{"rendered":"http:\/\/somos.vicencianos.org\/?p=119880"},"modified":"2016-07-26T19:17:56","modified_gmt":"2016-07-26T17:17:56","slug":"identificacion-de-jesucristo-con-el-pobre-parte-ii-capitulo-1","status":"publish","type":"post","link":"https:\/\/vincentians.com\/es\/identificacion-de-jesucristo-con-el-pobre-parte-ii-capitulo-1\/","title":{"rendered":"Identificaci\u00f3n de Jesucristo con el pobre. Parte II, Cap\u00edtulo 1"},"content":{"rendered":"<h2>Parte II: La identificaci\u00f3n en san Vicente de Pa\u00fal<\/h2>\n<p>Hemos estudiado a la luz de las divinas p\u00e1ginas la doc\u00adtrina admirable de la identificaci\u00f3n de Jesucristo con los m\u00e1s peque\u00f1os.Veamos ahora como segunda parte esta misma doctrina realizada. Iluminada por el esplendor de la santidad.<\/p>\n<p>Porque los santos son \u00e9sto precisamente: el evangelio llevado a la acci\u00f3n. Ellos saben profundizar esta mina in\u00adagotable.<\/p>\n<p>Ellos llevan al l\u00edmite m\u00e1ximo de la dimensi\u00f3n humana la virtualidad evang\u00e9lica.<\/p>\n<p>El ex\u00e9geta, el te\u00f3logo nos dan el sentido preciso de un pasaje escritur\u00edstico. Pero el santo hace mucho m\u00e1s: nos lo da vivido, realizado<span id='easy-footnote-1-119880' class='easy-footnote-margin-adjust'><\/span><span class='easy-footnote'><a href='https:\/\/vincentians.com\/es\/identificacion-de-jesucristo-con-el-pobre-parte-ii-capitulo-1\/#easy-footnote-bottom-1-119880' title='\u00abSan Vicente de Pa\u00fal y Santa Luisa de Marillac dijeron m\u00e1s sobre \u00e9sto (el amor a los pobres y la pobreza) con su servicio concreto a los pobres d\u00eda y noche que con largos tratados&amp;#8230;\u00bb. &lt;b&gt;JUAN PABLO II, &lt;\/b&gt;&lt;i&gt;Alocuci\u00f3n a la As. Gen. de las HH. de la Caridad, &lt;\/i&gt;Roma, enero 1980.'><sup>1<\/sup><\/a><\/span>.<\/p>\n<p>Su fe profunda les hace tomar al pie de la letra palabras del Evangelio<span id='easy-footnote-2-119880' class='easy-footnote-margin-adjust'><\/span><span class='easy-footnote'><a href='https:\/\/vincentians.com\/es\/identificacion-de-jesucristo-con-el-pobre-parte-ii-capitulo-1\/#easy-footnote-bottom-2-119880' title='As\u00ed se expresa un autor a prop\u00f3sito de la doctrina que nos ocupa: \u00abDivine substitution que les Saints savent prendre au pied de la lettre, et dans laquelle ils voient non pas une fiction de droit, fond\u00e9e sur la volont\u00e9 arbitraire de J\u00e9sus, mais une r\u00e9alit\u00e9 reposant sur un fait ind\u00e9niable: n\u00f3tre incorporation au Christ. &lt;i&gt;Divina sustituci\u00f3n que los santos saben tomar al pie de la letra, y en la cual ellos ven, no una ficci\u00f3n jur\u00eddica fundada sobre la voluntad soberana de Jes\u00fas, sino una realidad fundamentada sobre un hecho innegable: nuestra incorporaci\u00f3n a Cristo\u00bb. &lt;\/i&gt;&lt;b&gt;JOSEPH ANGER, &lt;\/b&gt;&lt;i&gt;La doctrine du Corps Mystique de l\u00e9sus-Christ, d&amp;#8217;apr\u00e9s les principes de la th\u00e9ologie de Saint Thomas. &lt;\/i&gt;Paris 1946, p. 394.'><sup>2<\/sup><\/a><\/span><b><\/b><b>, <\/b>cuando una fe menos viva tender\u00eda a atenuar el sentido.<\/p>\n<p>Ellos son modelados por el Don de Piedad que les hace descubrir y vivir sin esfuerzo, de un modo intuitivo, verdades cuya comprensi\u00f3n para el com\u00fan de los cristianos necesita largo estudio.Este Don de Piedad y esp\u00edritu de fe resplandecen de mo\u00addo particular en el alma de San Vicente de Pa\u00fal. Por esto y porque fue por excelencia el santo de la caridad tiene en \u00e9l gran relieve la doctrina de la identificaci\u00f3n de Cristo con el pobre, una doctrina orientada a la pr\u00e1ctica de la mi\u00adsericordia.<\/p>\n<p>San Vicente estar\u00e1 en primera fila entre los de la derecha en la escena del juicio, que si preguntar\u00e1: &#8216;Se\u00f1or, \u00bfcu\u00e1ndo te vimos&#8230;?&#8217; ser\u00e1 por su humildad profunda. Ya lo hab\u00eda visto antes cuando, como Mart\u00edn de Tours, visti\u00f3 a Cristo desnudo. Ser\u00e1 tambi\u00e9n por sorpresa, por la revelaci\u00f3n paten\u00adte de una verdad que aun sabida por fe, sorprende.<\/p>\n<p>He aqu\u00ed, pues, el porqu\u00e9 de esta segunda parte.<\/p>\n<p>No intento con ello, como queda dicho, dar una visi\u00f3n completa de la vida del Santo, ni de su doctrina; sino tomar de esta vida fecunda un solo aspecto para considerar mejor la doctrina que venimos estudiando y viceversa, ver c\u00f3mo las palabras de San Vicente toman particular relieve a la luz evang\u00e9lica.<\/p>\n<h2>I. El imitador de Jesucristo<\/h2>\n<p>Al abrir el libro de la vida de San Vicente da la impre\u00adsi\u00f3n de que este hombre ha nacido para servir al hombre. Su actividad toma mil formas, cuantas son las necesidades humanas a las que ha de aportar remedio<span id='easy-footnote-3-119880' class='easy-footnote-margin-adjust'><\/span><span class='easy-footnote'><a href='https:\/\/vincentians.com\/es\/identificacion-de-jesucristo-con-el-pobre-parte-ii-capitulo-1\/#easy-footnote-bottom-3-119880' title='\u00abNullum fuit calamitatis genus cui paterne non occurrerit. &lt;i&gt;No hubo g\u00e9nero alguno de calamidad que no socorriera paternalmente\u00bb. &lt;\/i&gt;Officium S. Vicentii &lt;i&gt;a &lt;\/i&gt;Paulo, II Noct.'><sup>3<\/sup><\/a><\/span>.<\/p>\n<p>No hay duda que Vicente estaba dotado de un coraz\u00f3n ancho, profundamente humano.<\/p>\n<p>Pero como se ha dicho, Vicente de Pa\u00fal fue algo m\u00e1s que un fil\u00e1ntropo. Si bien ha sido admirado a\u00fan por los ene\u00admigos de la fe bajo este aspecto de bienhechor de la huma\u00adnidad, no obstante no bastar\u00eda el simple entusiasmo del bien, si no estuviera sostenido por la caridad evang\u00e9lica<span id='easy-footnote-4-119880' class='easy-footnote-margin-adjust'><\/span><span class='easy-footnote'><a href='https:\/\/vincentians.com\/es\/identificacion-de-jesucristo-con-el-pobre-parte-ii-capitulo-1\/#easy-footnote-bottom-4-119880' title='\u00abVous avez pr\u00e9sent\u00e9 l&amp;#8217;\u00e1me de cet humble et h\u00e9roique saint qui a trouv\u00e9 gr\u00e1ce mame aux yeux des ennemis, et qui est le mod\u00e9le des serviteurs de l&amp;#8217;humanit\u00e9 souffrante. L&amp;#8217;ardeur, l&amp;#8217;enthousiasme du bien, la bienfaisance sensible ne suffisent pas: il faut la foi vive, l&amp;#8217;humilit\u00e9 pro\u00adfonde, la charit\u00e9 \u00e9vang\u00e9lique, les vues surnaturelles pour se pr\u00e9server des sympathies, des antipathies et des d\u00e9couragements qui atteignent la philan\u00adtropie purement humaine. &lt;i&gt;Hab\u00e9is presentado el alma de este humilde y heroico sacerdote que hall\u00f3 gracia incluso a los ojos de los enemigos, &lt;\/i&gt;y &lt;i&gt;que es el modelo de los servidores de la humanidad que sufre. El ardor, el entusiasmo del bien, la beneficencia sensible no bastan: se precisa la fe viva, la humildad profunda, la caridad evang\u00e9lica, las miras sobrenatu\u00adrales para preservarse de simpat\u00edas &lt;\/i&gt;y &lt;i&gt;antipat\u00edas y del des\u00e1nimo que alcan\u00adzan a la filantrop\u00eda meramente humana\u00bb. &lt;\/i&gt;BOUDIGNON J. B., &lt;i&gt;Saint Vincent de Paul, mod\u00e9le des hommes d&amp;#8217;action et d&amp;#8217;oeuvres, &lt;\/i&gt;Paris, 1896, p. IX. Carta del Obispo de Lausanne-Gen\u00e9ve al autor.'><sup>4<\/sup><\/a><\/span>.<\/p>\n<p>Su caridad es profunda y espec\u00edficamente cristiana. Al fondo de la vida de Vicente, en su base y centro, no est\u00e1n los pobres, propiamente hablando, est\u00e1 s\u00ed el \u00fanico Pobre, Jesucristo.He aqu\u00ed la clave y explicaci\u00f3n de su fecundidad.<\/p>\n<p>Jesucristo polariza todos sus pensamientos. La vida del Hijo de Dios ha llegado a fascinar a Vicente de Pa\u00fal en sus m\u00e1s m\u00ednimos detalles. Medita y medita en ella y ese su ha\u00adblar, su venirle a la mente y a los labios a cada momento el nombre de Jesucristo nace de la abundancia de su coraz\u00f3n y nos recuerda a otro gran enamorado de Jesucristo que tiene con Vicente en com\u00fan el mismo nombre, Pablo de Tarso.<\/p>\n<p>De manera que un autor ha podido decir de \u00e9l: \u00abEste maestro que es San Vicente tiene a su vez un Maestro que es Jesucristo. Se podr\u00eda recoger en su correspondencia y sus discursos toda una serie de l\u00edneas sabrosas, a veces impre\u00advistas y formar con ello un libro que se llamar\u00eda: \u00abLa Imi\u00adtaci\u00f3n de Jesucristo seg\u00fan San Vicente de Pa\u00fal\u00bb.<\/p>\n<p>\u00abEn el horizonte de Vicente se yergue siempre el Hijo de Dios. Repasa su vida episodio por episodio, casi dir\u00eda minuto por minuto, para hallar en ella lecciones de con\u00adducta\u00bb<span id='easy-footnote-5-119880' class='easy-footnote-margin-adjust'><\/span><span class='easy-footnote'><a href='https:\/\/vincentians.com\/es\/identificacion-de-jesucristo-con-el-pobre-parte-ii-capitulo-1\/#easy-footnote-bottom-5-119880' title='GEORGES GOYAU, &lt;i&gt;La vie des libres et des lunes, &lt;\/i&gt;Paris, 1923, p. 24. En t\u00e9rminos parecidos se expresa la generalidad de bi\u00f3grafos y estudiosos del Santo antiguos y recientes. Estos, como Rom\u00e1n, Ib\u00e1\u00f1ez, Coluccia, Mezzadri, Ribot, Corera, etc., lo relacionan con la situaci\u00f3n social y corrientes espirituales de su tiempo.'><sup>5<\/sup><\/a><\/span>.<\/p>\n<p>Otro autor que ha estudiado profundamente al Santo propone tambi\u00e9n lo que podr\u00eda llamarse \u00abUna Imitaci\u00f3n de Jesucristo seg\u00fan San Vicente\u00bb, pero notando al mismo tiem\u00adpo la profunda diferencia que lo separar\u00eda del librito cl\u00e1sico del Kempis. Este en efecto trata especialmente de un tipo de perfecci\u00f3n mon\u00e1stica, se nota en sus diversas partes una especie de &#8216;santo ego\u00edsmo&#8217; que se ocupa ante todo de la pro\u00adpia vida interior prescindiendo y a\u00fan evitando el consorcio humano. San Vicente en cambio muestra una orientaci\u00f3n contraria en este punto y estudia en N. Se\u00f1or la vida apost\u00f3\u00adlica y la caridad activa<span id='easy-footnote-6-119880' class='easy-footnote-margin-adjust'><\/span><span class='easy-footnote'><a href='https:\/\/vincentians.com\/es\/identificacion-de-jesucristo-con-el-pobre-parte-ii-capitulo-1\/#easy-footnote-bottom-6-119880' title='\u00abChacun sait que l&amp;#8217;imitation de Neare-Seigneur a \u00e9t\u00e9 \u00e9crite, qu&amp;#8217;il y a pr\u00e9cis\u00e9ment sous ce titre un livre \u00e9xtraordinaire. On en a fait tous les \u00e9loges. Il les m\u00e9rite tous. Mais on ne peut s&amp;#8217;emp\u00e9cher d&amp;#8217;y remarquer comme un saint \u00e9goisme spirituel. L&amp;#8217;\u00c9coie de saintet\u00e9 des temps moder\u00adnes, avec saint Vincent pour chef, si elle ellt voulu faire prendre corps \u00e1 ses th\u00e9ories dans un livre, aurait pu lui donner pour titre aussi: l&amp;#8217;imita\u00adtion de J\u00e9sus-Christ; elle aurait pu pareillement produire un chef-d&amp;#8217;oeu\u00advre; mais il est certain que ce n&amp;#8217;e&amp;amp; pas \u00e9t\u00e9 le mame. Vincent de Paul et les saints de l&amp;#8217;\u00e9cole de l&amp;#8217;action, que nous avons appel\u00e9 ses disciples, ont vu l&amp;#8217;\u00e9ternel mod\u00e9le sous un autre jour qui est celui de la vertu labo\u00adrieuse et de la charit\u00e9 agissante. &lt;i&gt;Todos sabemos que la imitaci\u00f3n de Nuestro Se\u00f1or se ha escrito, que existe precisamente con este t\u00edtulo un libro extraordinario. Se han hecho de \u00e9l todos los elogios. Los merece todos. Pero uno no puede menos que descubrir en \u00e9l, como si dij\u00e9ramos, un ego\u00edsmo espiritual. La escuela de espiritualidad de los tiempos mo\u00addernos con San Vicente como cabeza, si hubiera querido dar cuerpo a sus doctrinas en un libro, hubiera podido tambi\u00e9n darle por t\u00edtulo: &amp;#8216;La imitaci\u00f3n de Jesucristo&amp;#8217;; hubiera de igual manera podido producir una obra maestra; pero una cosa es cierta, y es que no se tratar\u00eda de lo mismo. Vicente de Pa\u00fal y los santos de la acci\u00f3n que nosotros hemos llamado sus disc\u00edpulos, han contemplado al modelo eterno bajo otra luz, la de la virtud laboriosa y de la caridad activa\u00bb. &lt;\/i&gt;J. B. BOUDIGNON, &lt;i&gt;op. cit., &lt;\/i&gt;p. 179.'><sup>6<\/sup><\/a><\/span>.<\/p>\n<h3><i>1. Un tesoro de espiritualidad<\/i><\/h3>\n<p>Sus conferencias son una riqueza inagotable de la lite\u00adratura espiritual de su tiempo. Piezas inimitables de aquel su hablar c\u00e1lido y paterno de lo que \u00e9l hab\u00eda meditado y asimilado en su esp\u00edritu, conferencias dialogadas a veces de aire pintoresco, siempre en una atm\u00f3sfera de sencillez. Letra viva en la que se siente todav\u00eda palpitar el esp\u00edritu del Santo.Es a sus cartas y conferencias donde hay que acudir para descubrir su alma. Pues las vidas y estudios con su di\u00advisi\u00f3n m\u00e1s o menos artificiosa que impone el m\u00e9todo corren f\u00e1cilmente el riesgo de dar una visi\u00f3n fragmentaria, conven\u00adcional y envuelta en el estilo del autor que si puede ayudar a poner en relieve los rasgos de un santo tambi\u00e9n puede f\u00e1cilmente desfigurarlo.<\/p>\n<p>Es la lectura de las fuentes la que ha despertado tantas veces la admiraci\u00f3n, m\u00e1s que cualquiera de los estudios aunque escritos con arte<span id='easy-footnote-7-119880' class='easy-footnote-margin-adjust'><\/span><span class='easy-footnote'><a href='https:\/\/vincentians.com\/es\/identificacion-de-jesucristo-con-el-pobre-parte-ii-capitulo-1\/#easy-footnote-bottom-7-119880' title='As\u00ed lo confiesa el citado autor: \u00abJe lus la Vie du saint Fondateur&amp;#8230; Je fus assez heureux, surtout, pour avoir communication de l&amp;#8217;\u00e9dition compl\u00e9te, en quatre volumes, des Lettres de saint Vincent de Paul. La fut pour moi la mine aux p\u00e9pites d&amp;#8217;or; a Vincent m&amp;#8217;apparut avec tout son coeur, toute son ame, toute sa saintet\u00e9, tout son g\u00e9nie et toute son oeuvre. Au cours de cette lecture qui me captiva bient\u00f3t, je fus frapp\u00e9 par des phrases ou des demiphrases ren\u00adfermant des pens\u00e9es plus saillantes, les exprimant avec concision, nettet\u00e9, force et parfois un tour original. Je remarquai des conseils, des principes d&amp;#8217;action et des regles de conduite qui me semblaient admirables et pres\u00adque nouveaux. &lt;i&gt;Le\u00ed la vida del Santo Fundador&amp;#8230; Me sent\u00ed particularmen\u00adte dichoso al hallarme en posesi\u00f3n de la edici\u00f3n completa, en cuatro vo\u00adl\u00famenes, de las Cartas de San Vicente de Pa\u00fal. Aquello fue para m\u00ed la mina de pepitas de oro; all\u00ed aparec\u00eda Vicente con toda su alma, todo su coraz\u00f3n, toda su santidad, todo su genio y toda su obra. A lo largo de esta lectura que me cautiv\u00f3 desde el primer momento, me impresio\u00adnaban frases o medias frases que conten\u00edan pensamientos m\u00e1s relevan\u00adtes, expresadas con limpidez, concisi\u00f3n, fuerza, y a veces con un giro ori\u00adginal. Constataba consejos, principios de acci\u00f3n y reglas de conducta que me parec\u00edan admirables &lt;\/i&gt;y &lt;i&gt;punto menos que nuevos\u00bb. &lt;\/i&gt;J. B. &lt;i&gt;BouffiGNort, op. cit., &lt;\/i&gt;p 89 (Introd.).'><sup>7<\/sup><\/a><\/span>.<\/p>\n<p>Una doctrina no aprendida por cap\u00edtulos en un manual de escuela, no recitada de memoria sino vivida y sentida profundamente, calcada sobre la vida del Hijo de Dios, ob\u00adservaciones a veces con su punto de malicia, nacidas de su experiencia de los hombres<span id='easy-footnote-8-119880' class='easy-footnote-margin-adjust'><\/span><span class='easy-footnote'><a href='https:\/\/vincentians.com\/es\/identificacion-de-jesucristo-con-el-pobre-parte-ii-capitulo-1\/#easy-footnote-bottom-8-119880' title='\u00abCe qui me frappe dans les Entretiens et dans les Lettres de saint Vincent de Paul touchant la chant\u00e9 c&amp;#8217;est cette exquise connaissance des hommes et des choses qui lui permet d&amp;#8217;\u00e9viter les entrainements du coeur, sans jamais poner atteinte \u00e1 la fraicheur de ses sentiments. C&amp;#8217;est un m\u00e9lange \u00e9tonnant de douce malice et de douceur malicieuse, dont je ne trouve nulle part l&amp;#8217;\u00e9quivalent, sauf dans l&amp;#8217;incomparable Francois de Sales. &lt;i&gt;Lo que m\u00e1s me llama la atenci\u00f3n en las Conferencias y las Cartas de San Vicente de Pa\u00fal al referirse a la caridad, es este exquisito conoci\u00admiento de los hombres y las cosas que le permite evitar las efusiones de coraz\u00f3n, sin menoscabar jam\u00e1s la espontaneidad de sus sentimientos. Es una curiosa mezcla de dulce malicia y de dulzura maliciosa, de la que no hallar\u00eda equivalente en parte alguna, a no ser en el incomparable Francisco de Sales\u00bb. &lt;\/i&gt;J. CALVET, &lt;i&gt;La charit\u00e9 de Monsieur Vincent, &lt;\/i&gt;art. en \u00abLa Vie spiri\u00adtuelle\u00bb (1933) p. 132.'><sup>8<\/sup><\/a><\/span>, lenguaje que revela una psi\u00adcolog\u00eda, interpretaciones a veces envueltas en una cierta in\u00adgenuidad como acomod\u00e1ndose a la simplicidad de sus pri\u00admeras hijas espirituales.Veamos a modo de ejemplo algunos detalles de ello: Hablando de la sobriedad, como siempre el primer y m\u00e1xi\u00admo motivo es el ejemplo del Hijo de Dios:<\/p>\n<p>\u00ab\u00bfDe qu\u00e9 pens\u00e1bais que viv\u00eda el Hijo de Dios? De pan. Dice el Santo Evangelio que entr\u00f3 en casa de Sim\u00f3n el fari\u00adseo a comer pan. Tan s\u00f3lo una vez dice el Evangelio que comiese carne: el d\u00eda de la cena del cordero pascual\u00bb<span id='easy-footnote-9-119880' class='easy-footnote-margin-adjust'><\/span><span class='easy-footnote'><a href='https:\/\/vincentians.com\/es\/identificacion-de-jesucristo-con-el-pobre-parte-ii-capitulo-1\/#easy-footnote-bottom-9-119880' title='\u00abSavez-vous, mes Soeurs, de quoi vivait la Sainte Vierge quand elle \u00e9tait sur la ten&lt;sup&gt;&amp;#8211;&lt;\/sup&gt;e, de quoi vivait N\u00f3tre-Seigneur? De pain. Il est entr\u00e9 chez le pharisien, pour manger du pain; et en plusieurs autres lieux de m\u00e9me. Il n&amp;#8217;est dit qu&amp;#8217;une fois qu&amp;#8217;il ait mang\u00f3 de la viande; ce fut lorsqu&amp;#8217;il mangea l&amp;#8217;agneau pascal avec ses ap\u00f3tres; et une autre fois, du poisson rbti. &lt;i&gt;\u00bfSab\u00e9is, hermanas m\u00edas, de qu\u00e9 viv\u00eda la Santa Virgen cuan\u00addo se hallaba en la tierra, de qu\u00e9 viv\u00eda Nuestro Se\u00f1or? De pan. Entr\u00f3 en casa del fariseo a comer pan; y lo mismo en otros muchos lugares. Solamente una vez se dice que haya comido carne; fue cuando comi\u00f3 el cordero pascual con sus ap\u00f3stoles; y en otra ocasi\u00f3n, pescado asado\u00bb. &lt;\/i&gt;&lt;i&gt;SVP. &lt;\/i&gt;IX, 85: Conf. sur l&amp;#8217;imitation des filies des champs.'><sup>9<\/sup><\/a><\/span>.<\/p>\n<p>\u00bfLe objetar\u00edamos que la Escritura usa la expresi\u00f3n \u00abco\u00admer pan\u00bb para indicar cualquier comida, que puede in\u00adcluso designar todo un banquete oriental?No vamos a turbar con preocupaciones exeg\u00e9ticas la ex\u00adpresi\u00f3n y la piedad del Santo que se complac\u00eda en ella buena\u00admente. Adem\u00e1s \u00bfno era todo el contexto de la vida pobre de Jes\u00fas, \u00e9ste era en realidad el fondo, el que le induc\u00eda a meditar as\u00ed?<\/p>\n<p>De igual modo \u00bfqu\u00e9 significar\u00e1 esta misteriosa expresi\u00f3n de San Marcos, el evangelista de la realidad humana de Je\u00ads\u00fas: \u00abquoniam in furorem versus est, <i>\u00bfest\u00e1 fuera de s\u00ed?\u00bb. <\/i>Para San Vicente el sentido es claro: ante el espect\u00e1culo triste, el m\u00e1s triste quiz\u00e1 de todas las condiciones humanas, de unos pobres alienados que \u00e9l albergaba en San L\u00e1zaro, no pod\u00eda menos de llevar su pensamiento a aquel enigm\u00e1tico momento de la humanidad de Jes\u00fas para honrarlo en sus pobres<span id='easy-footnote-10-119880' class='easy-footnote-margin-adjust'><\/span><span class='easy-footnote'><a href='https:\/\/vincentians.com\/es\/identificacion-de-jesucristo-con-el-pobre-parte-ii-capitulo-1\/#easy-footnote-bottom-10-119880' title='\u00abIl faut honorer N6tre-Seigneur en l&amp;#8217;\u00e9tat auquel il s&amp;#8217;est trouv\u00e9 Iorsqu&amp;#8217;on le voulait fermer en disant \u00abquoniam in furorem versus est\u00bb pour sanctifier cet \u00e9tat en ceux que sa divine Providente y mettait. &lt;i&gt;Hay que honrar a Nuestro Se\u00f1or en el estado en que se encontr\u00f3 cuando que\u00adr\u00edan sujetarle y dec\u00edan: &amp;#8216;est\u00e1 fuera de s\u00ed&amp;#8217;, para santificar un tal estado en aquellos a quienes su divina Providencia ha colocado\u00bb. &lt;\/i&gt;SVP V, 146, &lt;i&gt;Lettre au Fr\u00e9re Jean Barreau.&lt;\/i&gt;'><sup>10<\/sup><\/a><\/span><b><\/b><b>.<\/b><\/p>\n<p>San Vicente pues se complac\u00eda en referir todos los esta\u00addos humanos de pobreza y desdicha a determinados momen\u00adtos de la vida de Nuestro Se\u00f1or, para honrarle en ellos.<\/p>\n<p>San Vicente trae en apoyo de la pr\u00e1ctica de la caridad razones que escapar\u00edan al que no tuviera como \u00e9l, junto con ingenio y coraz\u00f3n, esta vista atenta siempre al ideal ca\u00adritativo.<\/p>\n<p>A prop\u00f3sito de la asistencia a los ni\u00f1os exp\u00f3sitos explica:\u00bb\u00bfQui\u00e9n puede prever lo que pueden llegar a ser esos ni\u00f1os?<\/p>\n<p>R\u00f3mulo y Remo fueron exp\u00f3sitos.<\/p>\n<p>Mois\u00e9s fue un exp\u00f3sito puesto que lo recogi\u00f3 la hija del Fara\u00f3n de las aguas del Nilo.<\/p>\n<p>Igualmente el gran sacerdote Melchisedec, que aparece en la Sagrada Escritura &#8216;sin padre, sin madre, sin genealo\u00adg\u00eda&#8230;&#8217; Es decir, un exp\u00f3sito\u00bb.<\/p>\n<p>Se nota continuamente unida en la mente de San Vicen\u00adte el pensamiento de las miserias y pobreza que afectan a gran parte de los hombres con la consideraci\u00f3n de la vida pobre y abatida del Dios-Hombre. Son aquellas que le re\u00adcuerdan estados similares por los que pas\u00f3 el Hijo de Dios. Es la meditaci\u00f3n de los sufrimientos de Jes\u00fas durante toda su vida mortal que le mueve a consagrar su vida entera al alivio del sufrir humano.<\/p>\n<p>Su divisa era \u00e9sta: \u00abVer a Jesucristo en los pobres y a los pobres en Jesucristo\u00bb.<\/p>\n<p>Otra expresi\u00f3n que viene a su boca como un estribillo es \u00e9sta: \u00abDebemos honrar en los pobres los estados de aba\u00adtimiento del Hijo de Dios\u00bb.<\/p>\n<h3>2. <i>La devoci\u00f3n a los \u00abestados\u00bb de Jesucristo<\/i><\/h3>\n<p>Son precisamente estos estados de abatimiento como su pasi\u00f3n y su vida pobre, los que mayormente conmueven la devoci\u00f3n de Vicente.<\/p>\n<p>Su profunda piedad le llevaba a vivir en constante adhe\u00adsi\u00f3n a los estados de abatimiento del Verbo Encarnado.<\/p>\n<p>Y su fe viva le hac\u00eda ver en el pobre los rasgos divinos de Jes\u00fas.Esta devoci\u00f3n, esta \u00abadhesi\u00f3n\u00bb \u2014\u00e9ste era el t\u00e9rmino empleado\u2014 a los estados de abatimiento del Verbo Encar\u00adnado, era una doctrina propia de la escuela francesa de es\u00adpiritualidad del siglo XVII que tuvo por fundadores al Car\u00addenal B\u00e9rulle, Condren, Olier y San Juan Eudes, todos con\u00adtempor\u00e1neos.<\/p>\n<p>San Vicente disc\u00edpulo asiduo durante un tiempo de Pedro de B\u00e9rulle que tuvo bajo su direcci\u00f3n lo m\u00e1s selecto del clero de Par\u00eds, no pod\u00eda menos de ser influenciado por esta doctrina. Tanto m\u00e1s cuanto que la asimilaci\u00f3n de esta forma de devoci\u00f3n a Jesucristo encuadraba perfectamente en la l\u00ednea de espiritualidad que iba a caracterizar a San Vicente: devoci\u00f3n que no permanec\u00eda solamente en la esfera m\u00edstica como tender\u00eda en la piedad aristocr\u00e1tica de B\u00e9rulle, sino que tendr\u00eda reflejo en la devoci\u00f3n y caridad activa, en la ve\u00adneraci\u00f3n pr\u00e1ctica de estos estados de abatimiento del Hijo de Dios en sus miembros y su &#8216;memoria viva&#8217;, los pobres. Esta devoci\u00f3n que servir\u00eda m\u00e1s bien como p\u00e1bulo de la con\u00adtemplaci\u00f3n, para Vicente era adem\u00e1s de \u00e9sto y principal\u00admente un est\u00edmulo a la acci\u00f3n<span id='easy-footnote-11-119880' class='easy-footnote-margin-adjust'><\/span><span class='easy-footnote'><a href='https:\/\/vincentians.com\/es\/identificacion-de-jesucristo-con-el-pobre-parte-ii-capitulo-1\/#easy-footnote-bottom-11-119880' title='Calvet dice de su espiritualidad: \u00ab&amp;#8230;Sa spiritualit\u00e9 se trouve b\u00e9rullienne dans ses principes g\u00e9neraux&amp;#8230;; nous verrons ailleurs cambien elle est originale moins nourrit de m\u00e9\u00adtaphysique que celle de B\u00e9rulle, plus orient\u00e9e vers Pactian. &lt;i&gt;&amp;#8230;&lt;\/i&gt;&lt;i&gt;Su espiritua\u00adlidad aparece como beruliana a grandes rasgos&amp;#8230;; vamos a ver por otra parte de qu\u00e9 modo es original, menos alimentada de metaf\u00edsica que la de B\u00e9rulle, m\u00e1s orientada a la acci\u00f3n\u00bb. Op. cit., &lt;\/i&gt;p. 58.'><sup>11<\/sup><\/a><\/span>.<\/p>\n<p>\u00bfEn qu\u00e9 consist\u00eda esta forma de devoci\u00f3n?<\/p>\n<p>En el vocabulario de la escuela francesa significaba la participaci\u00f3n en los misterios del Verbo Encarnado. Estos misterios son los acontecimientos de la vida del Salvador.Para mejor entender la expresi\u00f3n \u00abestados del Verbo Encarnado\u00bb, es necesario distinguir lo <i>exterior <\/i>de lo <i>interior <\/i>de estos misterios. Lo <i>exterior <\/i>era transitorio y consist\u00eda en las acciones de Jes\u00fas durante su vida mortal. Estas acciones pertenecen al pasado, al corto per\u00edodo de la vida de Jes\u00fas y no se renuevan m\u00e1s. Al contrario el elemento <i>interior <\/i>es permanente y consist\u00eda en las disposiciones y sentimientos de Nuestro Se\u00f1or en cada uno de estos misterios. Estas dis\u00adposiciones permanecen en Jes\u00fas porque son inherentes a la Encarnaci\u00f3n.<\/p>\n<p>Este elemento interior es lo que constituye el \u00abestado\u00bb, en oposici\u00f3n a los \u00abactos\u00bb que pasan.<\/p>\n<p>He aqu\u00ed a grandes rasgos lo que los autores espirituales de esta escuela francesa quieren significar cuando hablan de \u00abcomunicar con los estados de Jesucristo\u00bb, adorarlos, imitar\u00adlos, adherirse a ellos<span id='easy-footnote-12-119880' class='easy-footnote-margin-adjust'><\/span><span class='easy-footnote'><a href='https:\/\/vincentians.com\/es\/identificacion-de-jesucristo-con-el-pobre-parte-ii-capitulo-1\/#easy-footnote-bottom-12-119880' title='Conf. JEAN GAUTIER, &lt;i&gt;La spiritualit\u00e9 de l&amp;#8217;\u00e9cole frarwaise au XVIl\u00e9m si\u00e9cle, La spiritualit\u00e9 Catholique, &lt;\/i&gt;pp. 219-261. Tambi\u00e9n los citados AA. m\u00e1s recientes.'><sup>12<\/sup><\/a><\/span>.<\/p>\n<p>\u00bfCu\u00e1l fue la influencia sobre San Vicente de estas doc\u00adtrinas?<\/p>\n<p>Aunque el alma simple del humilde sacerdote no se ave\u00adn\u00eda bien con doctrinas siempre algo sutiles, constituidas en sistema de escuela; aunque amaba con preferencia las for\u00admas m\u00e1s sencillas de la piedad cristiana, lo cierto es que su lenguaje mismo aparece influenciado con las expresiones de la escuela de B\u00e9rulle.<\/p>\n<p>De aqu\u00ed deriva sin duda alguna la devoci\u00f3n especial del Santo al Misterio de la Encarnaci\u00f3n que transmiti\u00f3 a su familia religiosa.<\/p>\n<p>Pero el punto particular de este misterio, el \u00abestado\u00bb del Verbo Encarnado que mayormente le conmueve es la vida de pobreza y humildad que quiso llevar.Podr\u00edamos multiplicar aqu\u00ed sus expresiones: \u00abHonremos la pobre condici\u00f3n del Ni\u00f1o de Bel\u00e9n y de sus santos pa\u00addres\u00bb<span id='easy-footnote-13-119880' class='easy-footnote-margin-adjust'><\/span><span class='easy-footnote'><a href='https:\/\/vincentians.com\/es\/identificacion-de-jesucristo-con-el-pobre-parte-ii-capitulo-1\/#easy-footnote-bottom-13-119880' title='SVP I, 192, &lt;i&gt;Lettre d Jean de Fonteneil.&lt;\/i&gt;'><sup>13<\/sup><\/a><\/span>. \u00abEs preciso honrar la vida escondida de Nuestro Se\u00f1or, su trabajo penoso\u00bb<span id='easy-footnote-14-119880' class='easy-footnote-margin-adjust'><\/span><span class='easy-footnote'><a href='https:\/\/vincentians.com\/es\/identificacion-de-jesucristo-con-el-pobre-parte-ii-capitulo-1\/#easy-footnote-bottom-14-119880' title='SVP X, &lt;i&gt;Confer. sur l&amp;#8217;amour du travail.&lt;\/i&gt;'><sup>14<\/sup><\/a><\/span><b><\/b><b>. <\/b>\u00abDebemos honrar el desamparo en el que se ha hallado, siendo abandonado de sus m\u00e1s alle\u00adgados y privado de todo consuelo sensible, hasta creerse abandonado de su Padre eterno\u00bb<span id='easy-footnote-15-119880' class='easy-footnote-margin-adjust'><\/span><span class='easy-footnote'><a href='https:\/\/vincentians.com\/es\/identificacion-de-jesucristo-con-el-pobre-parte-ii-capitulo-1\/#easy-footnote-bottom-15-119880' title='SVP IX, 501, &lt;i&gt;Confer. sur les difficult\u00e9s.&lt;\/i&gt;'><sup>15<\/sup><\/a><\/span><b><\/b><b>.<\/b><\/p>\n<p>\u00abEs bondad especial de Dios que tengamos ocasi\u00f3n de honrar el estado de su Hijo que no ten\u00eda morada alguna sobre la tierra\u00bb<span id='easy-footnote-16-119880' class='easy-footnote-margin-adjust'><\/span><span class='easy-footnote'><a href='https:\/\/vincentians.com\/es\/identificacion-de-jesucristo-con-el-pobre-parte-ii-capitulo-1\/#easy-footnote-bottom-16-119880' title='SVP IV, 128, &lt;i&gt;Lettre \u00e1 Ren\u00e9 Almeras.&lt;\/i&gt;'><sup>16<\/sup><\/a><\/span><b><\/b><b>. <\/b>\u00abEs preciso honrar la pobreza de Jesu\u00adcristo<span id='easy-footnote-17-119880' class='easy-footnote-margin-adjust'><\/span><span class='easy-footnote'><a href='https:\/\/vincentians.com\/es\/identificacion-de-jesucristo-con-el-pobre-parte-ii-capitulo-1\/#easy-footnote-bottom-17-119880' title='SVP III, 464, &lt;i&gt;Lettre \u00e1 Hugues Perraud.&lt;\/i&gt;'><sup>17<\/sup><\/a><\/span>, imitar su estado de pobre<span id='easy-footnote-18-119880' class='easy-footnote-margin-adjust'><\/span><span class='easy-footnote'><a href='https:\/\/vincentians.com\/es\/identificacion-de-jesucristo-con-el-pobre-parte-ii-capitulo-1\/#easy-footnote-bottom-18-119880' title='SVP VII, 392, &lt;i&gt;Lettre d Edle Jolly.&lt;\/i&gt;'><sup>18<\/sup><\/a><\/span>, y su amor por los pobres\u00bb<span id='easy-footnote-19-119880' class='easy-footnote-margin-adjust'><\/span><span class='easy-footnote'><a href='https:\/\/vincentians.com\/es\/identificacion-de-jesucristo-con-el-pobre-parte-ii-capitulo-1\/#easy-footnote-bottom-19-119880' title='SVP X, 221, &lt;i&gt;R\u00e9glement de la conf. des mardis.&lt;\/i&gt;'><sup>19<\/sup><\/a><\/span><b><\/b><b>.<\/b><\/p>\n<h3>3. <i>Dios se reserv\u00f3 para s\u00ed mismo ense\u00f1ar la pobreza<\/i><\/h3>\n<p>Es en la vida del Hijo de Dios que Vicente hallaba cons\u00adtantemente p\u00e1bulo de su apasionamiento por los pobres y la pobreza.<\/p>\n<p>Hablaba de ello hasta dar la impresi\u00f3n a veces, recorrien\u00addo las p\u00e1ginas de sus conferencias y cartas, de que el Santo \u00abllevaba siempre el agua a su molino\u00bb.<\/p>\n<p>En una conferencia dec\u00eda: \u00abDe todos los estados del Hijo de Dios no hay otro que haya amado m\u00e1s que el de la pobreza\u00bb. Y continuaba: \u00abEsta ha sido la virtud del Hijo de Dios; la ha querido tener como propia; ha sido El el pri\u00admero en ense\u00f1arla: El ha querido ser el Maestro de ella. Antes de El no se sab\u00eda qu\u00e9 cosa era la pobreza; era desco\u00adnocida. Dios no ha querido ense\u00f1\u00e1rnosla por los profetas; se reserv\u00f3 para s\u00ed mismo el ense\u00f1\u00e1rnosla&#8230;\u00bb<span id='easy-footnote-20-119880' class='easy-footnote-margin-adjust'><\/span><span class='easy-footnote'><a href='https:\/\/vincentians.com\/es\/identificacion-de-jesucristo-con-el-pobre-parte-ii-capitulo-1\/#easy-footnote-bottom-20-119880' title='\u00abCette vertu a ravi le coeur et les affections du Fils de Dieu. C&amp;#8217;a \u00e9t\u00e9 la vertu du Fils; il a voulu l&amp;#8217;avoir en propre; il a \u00e9t\u00e9 le premier qui l&amp;#8217;a enseign\u00e9e; il a voulu en \u00e9tre le maitre. Devant lui on ne savait ce que c&amp;#8217;\u00e9tait que la pauvret\u00e9; elle \u00e9tais inconnue. Dieu n&amp;#8217;a pas voulu nous l&amp;#8217;apprendre par les proph\u00e9tes; il se Test reserv\u00e9e, et lui-m\u00e9me il est venu nous l&amp;#8217;enseigner&amp;#8230;\u00bb. SVP XI, 246, &lt;i&gt;Conf. sur la pauvret\u00e9.&lt;\/i&gt;'><sup>20<\/sup><\/a><\/span>.Este pensamiento, que la primera virtud de que Jes\u00fas nos haya dado ejemplo es la pobreza y que la primera pala\u00adbra de su predicaci\u00f3n ha sido: \u00abBeati pauperes, <i>Bienaventu\u00adrados los pobres\u00bb, <\/i>viene machaconamente a sus labios.<\/p>\n<p>Dejemos a San Vicente que contin\u00fae explic\u00e1ndonos: \u00abNuestro Se\u00f1or no ten\u00eda ni bienes ni provisiones para s\u00ed ni para sus ap\u00f3stoles. Tiempo hubo en que no ten\u00eda nada abso\u00adlutamente. S\u00f3lo cuando su grupo comenz\u00f3 a aumentar fue advertido de la necesidad de tener alguna cosa para aten\u00adder a sus necesidades pues \u00e9l no quer\u00eda tener nada\u00bb<span id='easy-footnote-21-119880' class='easy-footnote-margin-adjust'><\/span><span class='easy-footnote'><a href='https:\/\/vincentians.com\/es\/identificacion-de-jesucristo-con-el-pobre-parte-ii-capitulo-1\/#easy-footnote-bottom-21-119880' title='SVP XI, 213, &lt;i&gt;Conf. sur la pauvret\u00e9.&lt;\/i&gt;'><sup>21<\/sup><\/a><\/span>.<\/p>\n<p>\u00bfY la po\u00e9tica frase de las zorras y los p\u00e1jaros del cielo? Cierto, no la olvida: \u00abEl se hizo el m\u00e1s pobre de todos los hombres, posey\u00f3 menos a\u00fan que los m\u00e1s insignificantes ani\u00admales: &#8216;las zorras tienen sus madrigueras y las aves del cielo, nidos. Pero el Hijo del hombre no tiene donde reclinar su cabeza'\u00bb, Mt 8, 20<span id='easy-footnote-22-119880' class='easy-footnote-margin-adjust'><\/span><span class='easy-footnote'><a href='https:\/\/vincentians.com\/es\/identificacion-de-jesucristo-con-el-pobre-parte-ii-capitulo-1\/#easy-footnote-bottom-22-119880' title='\u00abBien qu&amp;#8217;il fut le seigneur de tout le monde, il s&amp;#8217;est fait le plus pauvre de tous les hommes; il en a eu mame moins que les moindres animaux. &lt;i&gt;Siendo como era se\u00f1or de todo el mundo, se hizo el m\u00e1s pobre de todos los hombres; ha tenido menos posesiones a\u00fan que los menores animales\u00bb. &lt;\/i&gt;SVP. XI, 224, &lt;i&gt;Conf. sur la pauvret\u00e9.&lt;\/i&gt;'><sup>22<\/sup><\/a><\/span>.<\/p>\n<p>En fin, Vicente ha glosado, ha meditado mil veces una por una las circunstancias todas de la vida del Hijo de Dios.<\/p>\n<h3>4. <i>La escuela de S. Vicente<\/i><\/h3>\n<p>Vicente de Pa\u00fal form\u00f3 sin propon\u00e9rselo su propia escue\u00adla de espiritualidad. No de modo sistem\u00e1tico, pero repasan\u00addo su obra y sus escritos se delinea claramente en el conjun\u00adto, una concepci\u00f3n propia original en cuanto pueda hablarse de originalidad en lo que est\u00e1 basado en el Evangelio. Uno solo es vuestro Maestro, Mt 23, 8. Los santos son a su vez disc\u00edpulos y maestros.<\/p>\n<p>\u00bfEn qu\u00e9 consiste?<\/p>\n<p>Podr\u00eda definirse brevemente: \u00abLa pr\u00e1ctica efectiva de la caridad como escuela de santificaci\u00f3n propia\u00bb.<\/p>\n<p>Es decir, ir a buscar a Dios en &#8216;los m\u00e1s peque\u00f1os&#8217; del Evangelio.<\/p>\n<p>El origen de este impulso y orientaci\u00f3n de su vida que deb\u00eda dejar una larga estela de posteridad lo hallamos como todos los movimientos providenciales en la moci\u00f3n de la gracia, pero adem\u00e1s en la naturaleza de San Vicente, espe\u00adcialmente dotada, y tal vez en un episodio particular de su vida.<\/p>\n<p>San Vicente en su juventud pas\u00f3 por una de esas prue\u00adbas de esp\u00edritu en que la visi\u00f3n de la fe se oscurece y el alma queda sumergida en angustias<span id='easy-footnote-23-119880' class='easy-footnote-margin-adjust'><\/span><span class='easy-footnote'><a href='https:\/\/vincentians.com\/es\/identificacion-de-jesucristo-con-el-pobre-parte-ii-capitulo-1\/#easy-footnote-bottom-23-119880' title='Todos los historiadores del Santo, empezando por su primer bi\u00f3grafo Abelly dan particular relieve a este episodio. Valga por todos el testimonio de algunos de los m\u00e1s recientes:&lt;\/p&gt;\n&lt;p&gt;J. M.a Ib\u00e1\u00f1ez se detiene especialmente en \u00e9l. Lo designa como &amp;#8216;co\u00adyuntura decisiva de su vida&amp;#8217; que lo lleva &amp;#8216;al descubrimiento de los po\u00adbres&amp;#8217;. Punto culminante de su conversi\u00f3n que consistir\u00e1 en frase del autor &amp;#8216;en pasar en adelante a ocuparse Vicente de Pa\u00fal de los asuntos de Dios&amp;#8217; (es decir la asistencia a los pobres) &amp;#8216;en vez de que Dios debiera ocuparse de los asuntos de Vicente&amp;#8217; (es decir la consecuci\u00f3n de alg\u00fan importante beneficio eclesi\u00e1stico que le permitera una vida holgada y a\u00fan una mediocre virtud al estilo de tantos eclesi\u00e1sticos de la \u00e9poca).&lt;\/p&gt;\n&lt;p&gt;A\u00f1ade un detalle particularmente significativo: Y &lt;i&gt;es &lt;\/i&gt;que fue la expe\u00adriencia del consuelo hallado en la visita a algunos enfermos, en medio de las angustias de su prueba contra la fe, lo que le indujo a entregarse de por vida a la causa de los pobres. Resoluci\u00f3n que puso t\u00e9rmino inmediato a su prueba.&lt;\/p&gt;\n&lt;p&gt;Cfr. J. M.a IB\u00c1\u00d1EZ, &lt;i&gt;Vicente de Pa\u00fal &lt;\/i&gt;y &lt;i&gt;los pobres de su tiempo. &lt;\/i&gt;Ed. S\u00edgueme, Salamanca, 1977, pp. 209 ss.&lt;\/p&gt;\n&lt;p&gt;Cfr. tambi\u00e9n la excelente biograf\u00eda de J. M. Rom\u00c1N, &lt;i&gt;San Vicente de Pa\u00fal, &lt;\/i&gt;B.A.C., Madrid, 1981, t. I, pp. 104-5. Orcajo y P\u00e9rez Flores en la II Par\u00adte de la obra dan un relato sobrio y completo de la misma relacion\u00e1ndo\u00adla con la doctrina y experiencias de San Juan de la Cruz, San Francisco de Sales y Pascal y con expresiones posteriores del propio San Vicente. &lt;i&gt;Op. cit. &lt;\/i&gt;t. II. pp. 57-8.'><sup>23<\/sup><\/a><\/span>\n<p>Hall\u00f3 la serenidad cuando prometi\u00f3 dedicar su vida a los pobres.<\/p>\n<h3>5. <i>Un remedio eficaz para las almas inquietas<\/i><\/h3>\n<p>En adelante Vicente encaminar\u00e1 a todas las almas ator\u00admentadas que vengan bajo su direcci\u00f3n a salir de s\u00ed mismas, de sus infinitos problemas e inquietudes de esp\u00edritu e ir a buscar a Dios en los pobres. Y lo hallar\u00e1n. Como lo hall\u00f3 \u00e9l mismo. Con ello la serenidad espiritual volver\u00e1 junto con una paz indefinible.<\/p>\n<p>Este es el rasgo t\u00edpico de Vicente como director de con\u00adciencia, lo que formar\u00e1 el distintivo de su esp\u00edritu.<\/p>\n<p>As\u00ed la se\u00f1ora de Gondi, que no pod\u00eda prescindir de su director para la quietud de su conciencia. Vicente puesto como capell\u00e1n de la noble familia, no sabe estar por mucho tiempo entre paredes de un palacio. Su instinto le llama a la campa\u00f1a, a las pobres gentes de los dominios de la familia Gondi. Y all\u00e1 encamina tambi\u00e9n en pos de \u00e9l a aquella alma que buscaba a Dios sinceramente.Tambi\u00e9n Luisa de Marillac. Envuelta en inquietudes de esp\u00edritu se elevar\u00e1 a las regiones de la paz y la santidad, yendo al encuentro de Dios en los pobres<span id='easy-footnote-24-119880' class='easy-footnote-margin-adjust'><\/span><span class='easy-footnote'><a href='https:\/\/vincentians.com\/es\/identificacion-de-jesucristo-con-el-pobre-parte-ii-capitulo-1\/#easy-footnote-bottom-24-119880' title='\u00ab&amp;#8230;Louise de Marillac. C&amp;#8217;\u00e9tais le jeune veuve d&amp;#8217;un bourgeois robin, une \u00e1me fervente qui trouva dans la charit\u00e9 la r\u00e9ponle \u00e1 ses doutes et ses angoisses&amp;#8230; &lt;i&gt;Luisa de Marillac era la joven viuda de un magistrado burgu\u00e9s, una alma ferviente que hall\u00f3 en la caridad la respuesta a sus dudas v angustias\u00bb. &lt;\/i&gt;DANIEL-ROPS, &lt;i&gt;L&amp;#8217;Eglise des temps classiques, &lt;\/i&gt;Paris, Fayard, 1958, p. 40.&lt;\/p&gt;\n&lt;p&gt;Sin embargo conviene superar la imagen de un alma fr\u00e1gil y tormen\u00adtada que ha prevalecido. La realidad es m\u00e1s compleja. De hecho, al encontrar a Vicente de Pa\u00fal, Luisa de Marillac se hallaba ya en una fase de su vida de relativa madurez; hab\u00eda atravesado distintas etapas en su vida espiritual y si es cierto como afirma ella misma, que durante su vida s\u00f3lo hab\u00eda conocido el sufrimiento, que hab\u00eda llegado a debilitar su salud f\u00edsica y exacerbar su sensibilidad, tambi\u00e9n le hab\u00eda dado experiencia, maduraci\u00f3n y esta fuerza superior que nace de las pruebas. San Vicente halla en ella desde buen principio la m\u00e1s eficaz colaboradora y le conf\u00eda la direcci\u00f3n pr\u00e1ctica de lo m\u00e1s delicado de su obra, la incipiente Com\u00adpa\u00f1\u00eda de las Hijas de la Caridad. No tiene m\u00e1s que dar una nueva orien\u00adtaci\u00f3n a su espiritualidad, que hasta entonces hab\u00eda girado excesivamente en torno a s\u00ed misma. Luisa de Marillac hallar\u00e1 la plena expansi\u00f3n de su natural e incluso el gozo y prontitud de alma.&lt;\/p&gt;\n&lt;p&gt;Cfr. la excelente conferencia de BENITO MART\u00cdNEZ: &lt;i&gt;SVP y la oraci\u00f3n de Sta. Luisa de Marillac, &lt;\/i&gt;en la Semana Vicenciana de Salamanca, reco\u00adpilaci\u00f3n con el t\u00edtulo gen. &lt;i&gt;Vicente de Pa\u00fal, la inspiraci\u00f3n permanente, &lt;\/i&gt;CEME, Salamanca, 1982, pp. 317 ss.'><sup>24<\/sup><\/a><\/span>.<\/p>\n<p>De igual modo el joven Ozanam conocer\u00e1 tambi\u00e9n las torturas de la duda y una vez se haya hecho la luz en su esp\u00edritu resolver\u00e1 entregarse a la pr\u00e1ctica de la misericordia con los pobres. Siguiendo el ejemplo y el esp\u00edritu de San Vi\u00adcente bajo cuyo nombre y patrocinio puso la instituci\u00f3n ca\u00adritativa por \u00e9l fundada: \u00abLas conferencias de San Vicente de Pa\u00fal\u00bb<span id='easy-footnote-25-119880' class='easy-footnote-margin-adjust'><\/span><span class='easy-footnote'><a href='https:\/\/vincentians.com\/es\/identificacion-de-jesucristo-con-el-pobre-parte-ii-capitulo-1\/#easy-footnote-bottom-25-119880' title='\u00abFr\u00e9d\u00e9ric connut lui-m\u00e9me comme Saint Vincent les tortures du doute: &amp;#8216;Les bruits d&amp;#8217;un monde qui ne croyait pas vinrent jusqu&amp;#8217;\u00e1 moi. Je connus toute Phorreur de ces doutes qui rongent le coeur pendant le jour et qu&amp;#8217;on retrouve la nuit sur un chevet mouill\u00e9 de larmes&amp;#8230; Je m&amp;#8217;attachais avec d\u00e9sespoir aux dogmes sacr\u00e9s, et je croyais les sentir se briser sous ma main&amp;#8217;. Apr\u00e9s la victoire, il se tourne vers la pratique des oeuvres de la foi. &amp;#8216;Touch\u00e9 d&amp;#8217;un bienfait si rare, je promis \u00e1 Dieu de vouer mes jours au service de la v\u00e9rit\u00e9 qui me donnait la paix. &lt;i&gt;Federico conoci\u00f3 tambi\u00e9n como San Vicente las torturas de la duda: &amp;#8216;El fragor de un mundo incr\u00e9dulo lleg\u00f3 hasta m\u00ed. Conoc\u00ed todo el horror de estas dudas que roen el coraz\u00f3n durante el d\u00eda y que uno halla nuevamente por la noche sobre una almohada h\u00fameda de l\u00e1grimas&amp;#8230; Me aferraba con desesperaci\u00f3n a los dogmas sagrados y me parec\u00eda percibir como si se rompieran en pedazos bajo mi mano&amp;#8230;&amp;#8217; Obtenida la victoria, se da de lleno a la pr\u00e1ctica de las obras de la fe. &amp;#8216;Favorecido por un beneficio tan singular, promet\u00ed a Dios dedicar mis d\u00edas al servicio de la verdad que me daba la paz&#039;\u00bb.\u00a0&lt;\/i&gt;MGR. BAUNARD, &lt;i&gt;Fr\u00e9d\u00e9ric Ozanam, d&amp;#8217;apr\u00e9s sa correspondance, &lt;\/i&gt;pp. 14-15.'><sup>25<\/sup><\/a><\/span><b><\/b><b>. <\/b>Pues como \u00e9l dec\u00eda \u00abes preciso esforzarse en realizar este modelo como \u00e9l (S. Vicente de Pa\u00fal) imit\u00f3 el ejemplo divino de toda virtud, y hallar en este coraz\u00f3n fuer\u00adza y est\u00edmulo\u00bb.Esto es lo propio de los santos. Abrir un camino que se\u00adguir\u00e1n despu\u00e9s innumerables almas.<\/p>\n<p>San Vicente supo dar un impulso vital a la caridad en medio de las turbulencias de su tiempo, sacando partido de una sociedad fr\u00edvola y ego\u00edsta<span id='easy-footnote-26-119880' class='easy-footnote-margin-adjust'><\/span><span class='easy-footnote'><a href='https:\/\/vincentians.com\/es\/identificacion-de-jesucristo-con-el-pobre-parte-ii-capitulo-1\/#easy-footnote-bottom-26-119880' title='\u00abLe miracle de Monsieur Vincent est qu&amp;#8217;il sut faire face \u00e1 toutes les d\u00e9tresses que les \u00e9v\u00e9nements et l&amp;#8217;inconscience des hommes provo\u00adcaient, et que pour l&amp;#8217;aider dans sa grande t\u00e1che, il fit surgir de cette so\u00adci\u00e9t\u00e9 \u00e9goiste, frivole et brutale, des tr\u00e9sors de chant\u00e9. Car le myst\u00e9rieux rayonnement qui \u00e9manait de lui attira vers ses entreprises des milliers de d\u00e9vo\u00faments. &lt;i&gt;El prodigio del Seriar Vicente es que supiese hacer frente a las desgracias que los acontecimientos y la inconsciencia de los hom\u00adbres provocaban, y que para ayudarle en su gran tarea, hizo surgir de esta sociedad ego\u00edsta, fr\u00edvola y brutal, tesoros de caridad. Pues la miste\u00adriosa influencia que emanaba de \u00e9l atra\u00eda hacia sus empresas millares de generosas entregas\u00bb. &lt;\/i&gt;DANIEL-ROPS, &lt;i&gt;op. cit., &lt;\/i&gt;p. 39.'><sup>26<\/sup><\/a><\/span><b><\/b><b>.<\/b><\/p>\n<h3>6. <i>Demostraci\u00f3n de la vitalidad de la fe<\/i><\/h3>\n<p>Era \u00e9sta precisamente la acusaci\u00f3n que hab\u00eda o\u00eddo el mismo Vicente de boca de un hereje. Este dijo p\u00fablicamen\u00adte que no cre\u00eda en la Iglesia de Roma porque ve\u00eda las ciuda\u00addes llenas de sacerdotes y religiosos que no hac\u00edan nada mientras las pobres gentes del campo viv\u00edan abandonadas<span id='easy-footnote-27-119880' class='easy-footnote-margin-adjust'><\/span><span class='easy-footnote'><a href='https:\/\/vincentians.com\/es\/identificacion-de-jesucristo-con-el-pobre-parte-ii-capitulo-1\/#easy-footnote-bottom-27-119880' title='SVP XI, 34.'><sup>27<\/sup><\/a><\/span>.<\/p>\n<p>Esta acusaci\u00f3n que hizo profunda impresi\u00f3n en el \u00e1ni\u00admo del joven sacerdote acab\u00f3 de determinarle a darse a los pobres.<\/p>\n<p>\u00bfNo lo hab\u00eda dicho ya el Ap\u00f3stol Santiago?: \u00abLa reli\u00adgi\u00f3n pura e inmaculada ante Dios Padre consiste en visitar los hu\u00e9rfanos y viudas en su tribulaci\u00f3n\u00bb, St 1, 27.<\/p>\n<p>He aqu\u00ed el rasgo dominante de la escuela de San Vicen\u00adte: manifestar y hacer vivir la fe por la pr\u00e1ctica de las obras de misericordia. Porque sin la caridad \u00bfno hab\u00eda peligro de perder la misma fe? \u00abEs la caridad que se llama en Teolog\u00eda fe viva; es la llamada a las obras que la fe sincera no puede dejar de preferir&#8230; La vocaci\u00f3n de San. Vicente nos parece un triunfo puro de la fe\u00bb<span id='easy-footnote-28-119880' class='easy-footnote-margin-adjust'><\/span><span class='easy-footnote'><a href='https:\/\/vincentians.com\/es\/identificacion-de-jesucristo-con-el-pobre-parte-ii-capitulo-1\/#easy-footnote-bottom-28-119880' title='PIERRE DEFRENNES, &lt;i&gt;La vocation de Saint Vincent de Paul. &lt;\/i&gt;art. en Revue Asc. et Myst. (1932) 404-10.'><sup>28<\/sup><\/a><\/span>.<\/p>\n<p>El amor y la asistencia a los pobres, como prueba de la vitalidad de la fe, y la fecundidad de la religi\u00f3n.<\/p>\n<p>Pero no s\u00f3lo para demostraci\u00f3n externa.<\/p>\n<p>En ella hay algo m\u00e1s \u00edntimo. Vicente busca el comple\u00admento de la caridad debida a Dios amando al pr\u00f3jimo. Es decir, la parte efectiva de la caridad que \u00e9l no concibe en modo alguno como un simple afecto. En otras palabras, \u00e9l <i>ama a Dios en el pr\u00f3jimo: <\/i>La caridad \u00edntegra.<\/p>\n<p>La expresi\u00f3n m\u00e1s viva de \u00e9sto la da el mismo San Vicen\u00adte con una frase de un tono algo rudo y en\u00e9rgico: hablando un d\u00eda sobre las falsas maneras de concebir el amor de Dios que pudieran resentirse de sentimentalismo o quietismo, fue anim\u00e1ndose hasta exclamar:\u00bbAmemos a Dios, hermanos m\u00edos, amemos a Dios, pero que sea a expensas de nuestros brazos, que sea con el sudor de nuestra frente\u00bb<span id='easy-footnote-29-119880' class='easy-footnote-margin-adjust'><\/span><span class='easy-footnote'><a href='https:\/\/vincentians.com\/es\/identificacion-de-jesucristo-con-el-pobre-parte-ii-capitulo-1\/#easy-footnote-bottom-29-119880' title='\u00abAimons Dieu, mes fr\u00e9res, aimons Dieu, mais que ce soit au d\u00e9\u00adpends de nos bras, que ce soit \u00e1 la sueur de nos visages&amp;#8230;\u00bb. SVP. XI, 40, &lt;i&gt;Extrait d&amp;#8217;Entretien&lt;\/i&gt;.'><sup>29<\/sup><\/a><\/span>\n","protected":false},"excerpt":{"rendered":"<p>Parte II: La identificaci\u00f3n en san Vicente de Pa\u00fal Hemos estudiado a la luz de las divinas p\u00e1ginas la doc\u00adtrina admirable de la identificaci\u00f3n de Jesucristo con los m\u00e1s peque\u00f1os.Veamos ahora como segunda parte esta &#8230; <a href=\"https:\/\/vincentians.com\/es\/identificacion-de-jesucristo-con-el-pobre-parte-ii-capitulo-1\/\" class=\"more-link\">Read More<\/a><\/p>\n","protected":false},"author":4,"featured_media":119846,"comment_status":"open","ping_status":"open","sticky":false,"template":"","format":"standard","meta":{"jetpack_post_was_ever_published":false,"_jetpack_newsletter_access":"","_jetpack_dont_email_post_to_subs":false,"_jetpack_newsletter_tier_id":0,"_jetpack_memberships_contains_paywalled_content":false,"_jetpack_memberships_contains_paid_content":false,"footnotes":"","jetpack_publicize_message":"","jetpack_publicize_feature_enabled":true,"jetpack_social_post_already_shared":true,"jetpack_social_options":{"image_generator_settings":{"template":"highway","default_image_id":0,"font":"","enabled":false},"version":2}},"categories":[28],"tags":[218,228,119,177,172,280,143,120],"class_list":["post-119880","post","type-post","status-publish","format-standard","has-post-thumbnail","hentry","category-formacion-vicenciana","tag-abelly","tag-calvet","tag-gondi","tag-jolly","tag-pobreza","tag-san-juan-de-la-cruz","tag-san-lazaro","tag-senora-de-gondi"],"yoast_head":"<!-- This site is optimized with the Yoast SEO plugin v26.3 - https:\/\/yoast.com\/wordpress\/plugins\/seo\/ -->\n<title>Identificaci\u00f3n de Jesucristo con el pobre. Parte II, Cap\u00edtulo 1 - Somos Vicencianos<\/title>\n<meta name=\"robots\" content=\"index, follow, max-snippet:-1, max-image-preview:large, max-video-preview:-1\" \/>\n<link rel=\"canonical\" href=\"https:\/\/vincentians.com\/es\/identificacion-de-jesucristo-con-el-pobre-parte-ii-capitulo-1\/\" \/>\n<meta property=\"og:locale\" content=\"es_ES\" \/>\n<meta property=\"og:type\" content=\"article\" \/>\n<meta property=\"og:title\" content=\"Identificaci\u00f3n de Jesucristo con el pobre. Parte II, Cap\u00edtulo 1 - Somos Vicencianos\" \/>\n<meta property=\"og:description\" content=\"Parte II: La identificaci\u00f3n en san Vicente de Pa\u00fal Hemos estudiado a la luz de las divinas p\u00e1ginas la doc\u00adtrina admirable de la identificaci\u00f3n de Jesucristo con los m\u00e1s peque\u00f1os.Veamos ahora como segunda parte esta ... Read More\" \/>\n<meta property=\"og:url\" content=\"https:\/\/vincentians.com\/es\/identificacion-de-jesucristo-con-el-pobre-parte-ii-capitulo-1\/\" \/>\n<meta property=\"og:site_name\" content=\"Somos Vicencianos\" \/>\n<meta property=\"article:publisher\" content=\"https:\/\/www.facebook.com\/WeAreVincentians\/\" \/>\n<meta property=\"article:author\" content=\"https:\/\/www.facebook.com\/JavierChento\" \/>\n<meta property=\"article:published_time\" content=\"2015-02-14T02:05:15+00:00\" \/>\n<meta property=\"article:modified_time\" content=\"2016-07-26T17:17:56+00:00\" \/>\n<meta name=\"author\" content=\"Francisco Javier Fern\u00e1ndez Chento\" \/>\n<meta name=\"twitter:card\" content=\"summary_large_image\" \/>\n<meta name=\"twitter:creator\" content=\"@https:\/\/twitter.com\/javierchento\" \/>\n<meta name=\"twitter:site\" content=\"@WeVincentians\" \/>\n<meta name=\"twitter:label1\" content=\"Escrito por\" \/>\n\t<meta name=\"twitter:data1\" content=\"Francisco Javier Fern\u00e1ndez Chento\" \/>\n\t<meta name=\"twitter:label2\" content=\"Tiempo de lectura\" \/>\n\t<meta name=\"twitter:data2\" content=\"32 minutos\" \/>\n<script type=\"application\/ld+json\" class=\"yoast-schema-graph\">{\"@context\":\"https:\/\/schema.org\",\"@graph\":[{\"@type\":\"Article\",\"@id\":\"https:\/\/vincentians.com\/es\/identificacion-de-jesucristo-con-el-pobre-parte-ii-capitulo-1\/#article\",\"isPartOf\":{\"@id\":\"https:\/\/vincentians.com\/es\/identificacion-de-jesucristo-con-el-pobre-parte-ii-capitulo-1\/\"},\"author\":{\"name\":\"Francisco Javier Fern\u00e1ndez Chento\",\"@id\":\"http:\/\/vincentians.com\/es\/#\/schema\/person\/9623ef4d9aa3b2dfb8c061f1499288f2\"},\"headline\":\"Identificaci\u00f3n de Jesucristo con el pobre. Parte II, Cap\u00edtulo 1\",\"datePublished\":\"2015-02-14T02:05:15+00:00\",\"dateModified\":\"2016-07-26T17:17:56+00:00\",\"mainEntityOfPage\":{\"@id\":\"https:\/\/vincentians.com\/es\/identificacion-de-jesucristo-con-el-pobre-parte-ii-capitulo-1\/\"},\"wordCount\":6355,\"commentCount\":0,\"publisher\":{\"@id\":\"http:\/\/vincentians.com\/es\/#organization\"},\"image\":{\"@id\":\"https:\/\/vincentians.com\/es\/identificacion-de-jesucristo-con-el-pobre-parte-ii-capitulo-1\/#primaryimage\"},\"thumbnailUrl\":\"\",\"keywords\":[\"Abelly\",\"Calvet\",\"Gondi\",\"Jolly\",\"Pobreza\",\"San Juan de la Cruz\",\"San L\u00e1zaro\",\"Se\u00f1ora de Gondi\"],\"articleSection\":[\"Formaci\u00f3n Vicenciana\"],\"inLanguage\":\"es\",\"potentialAction\":[{\"@type\":\"CommentAction\",\"name\":\"Comment\",\"target\":[\"https:\/\/vincentians.com\/es\/identificacion-de-jesucristo-con-el-pobre-parte-ii-capitulo-1\/#respond\"]}]},{\"@type\":\"WebPage\",\"@id\":\"https:\/\/vincentians.com\/es\/identificacion-de-jesucristo-con-el-pobre-parte-ii-capitulo-1\/\",\"url\":\"https:\/\/vincentians.com\/es\/identificacion-de-jesucristo-con-el-pobre-parte-ii-capitulo-1\/\",\"name\":\"Identificaci\u00f3n de Jesucristo con el pobre. Parte II, Cap\u00edtulo 1 - Somos Vicencianos\",\"isPartOf\":{\"@id\":\"http:\/\/vincentians.com\/es\/#website\"},\"primaryImageOfPage\":{\"@id\":\"https:\/\/vincentians.com\/es\/identificacion-de-jesucristo-con-el-pobre-parte-ii-capitulo-1\/#primaryimage\"},\"image\":{\"@id\":\"https:\/\/vincentians.com\/es\/identificacion-de-jesucristo-con-el-pobre-parte-ii-capitulo-1\/#primaryimage\"},\"thumbnailUrl\":\"\",\"datePublished\":\"2015-02-14T02:05:15+00:00\",\"dateModified\":\"2016-07-26T17:17:56+00:00\",\"breadcrumb\":{\"@id\":\"https:\/\/vincentians.com\/es\/identificacion-de-jesucristo-con-el-pobre-parte-ii-capitulo-1\/#breadcrumb\"},\"inLanguage\":\"es\",\"potentialAction\":[{\"@type\":\"ReadAction\",\"target\":[\"https:\/\/vincentians.com\/es\/identificacion-de-jesucristo-con-el-pobre-parte-ii-capitulo-1\/\"]}]},{\"@type\":\"ImageObject\",\"inLanguage\":\"es\",\"@id\":\"https:\/\/vincentians.com\/es\/identificacion-de-jesucristo-con-el-pobre-parte-ii-capitulo-1\/#primaryimage\",\"url\":\"\",\"contentUrl\":\"\"},{\"@type\":\"BreadcrumbList\",\"@id\":\"https:\/\/vincentians.com\/es\/identificacion-de-jesucristo-con-el-pobre-parte-ii-capitulo-1\/#breadcrumb\",\"itemListElement\":[{\"@type\":\"ListItem\",\"position\":1,\"name\":\"Portada\",\"item\":\"http:\/\/vincentians.com\/es\/\"},{\"@type\":\"ListItem\",\"position\":2,\"name\":\"Identificaci\u00f3n de Jesucristo con el pobre. Parte II, Cap\u00edtulo 1\"}]},{\"@type\":\"WebSite\",\"@id\":\"http:\/\/vincentians.com\/es\/#website\",\"url\":\"http:\/\/vincentians.com\/es\/\",\"name\":\"Somos Vicencianos\",\"description\":\"Know more to serve more\",\"publisher\":{\"@id\":\"http:\/\/vincentians.com\/es\/#organization\"},\"potentialAction\":[{\"@type\":\"SearchAction\",\"target\":{\"@type\":\"EntryPoint\",\"urlTemplate\":\"http:\/\/vincentians.com\/es\/?s={search_term_string}\"},\"query-input\":{\"@type\":\"PropertyValueSpecification\",\"valueRequired\":true,\"valueName\":\"search_term_string\"}}],\"inLanguage\":\"es\"},{\"@type\":\"Organization\",\"@id\":\"http:\/\/vincentians.com\/es\/#organization\",\"name\":\"The Vincentian Network\",\"url\":\"http:\/\/vincentians.com\/es\/\",\"logo\":{\"@type\":\"ImageObject\",\"inLanguage\":\"es\",\"@id\":\"http:\/\/vincentians.com\/es\/#\/schema\/logo\/image\/\",\"url\":\"https:\/\/i1.wp.com\/vincentians.com\/es\/wp-content\/uploads\/sites\/11\/2016\/06\/Vincentian-Network-logo-big.png?fit=778%2C778\",\"contentUrl\":\"https:\/\/i1.wp.com\/vincentians.com\/es\/wp-content\/uploads\/sites\/11\/2016\/06\/Vincentian-Network-logo-big.png?fit=778%2C778\",\"width\":778,\"height\":778,\"caption\":\"The Vincentian Network\"},\"image\":{\"@id\":\"http:\/\/vincentians.com\/es\/#\/schema\/logo\/image\/\"},\"sameAs\":[\"https:\/\/www.facebook.com\/WeAreVincentians\/\",\"https:\/\/x.com\/WeVincentians\"]},{\"@type\":\"Person\",\"@id\":\"http:\/\/vincentians.com\/es\/#\/schema\/person\/9623ef4d9aa3b2dfb8c061f1499288f2\",\"name\":\"Francisco Javier Fern\u00e1ndez Chento\",\"image\":{\"@type\":\"ImageObject\",\"inLanguage\":\"es\",\"@id\":\"http:\/\/vincentians.com\/es\/#\/schema\/person\/image\/\",\"url\":\"https:\/\/secure.gravatar.com\/avatar\/497d5cde87b4c3d097d0315953521681ba2cd523ee66e5077c3711f7021e65de?s=96&d=mm&r=g\",\"contentUrl\":\"https:\/\/secure.gravatar.com\/avatar\/497d5cde87b4c3d097d0315953521681ba2cd523ee66e5077c3711f7021e65de?s=96&d=mm&r=g\",\"caption\":\"Francisco Javier Fern\u00e1ndez Chento\"},\"description\":\"Director General y cofundador de La Red de Formaci\u00f3n Vicenciana. Javier es laico vicenciano, afiliado a la Congregaci\u00f3n de la Misi\u00f3n y miembro del Equipo de Misiones Populares de la provincia can\u00f3nica de Zaragoza (Espa\u00f1a) de la Congregaci\u00f3n de la Misi\u00f3n. Graduado en la Universidad Oberta de Catalunya con cuatro grados (Asistente de direcci\u00f3n, Gesti\u00f3n Administrativa, Recursos Humanos y Contabilidad Avanzada). Bil\u00edng\u00fce Espa\u00f1ol\/Ingl\u00e9s. gestiona y mantiene varias p\u00e1ginas web cristianas y vicencianas, incluida including La Red de Formaci\u00f3n Vicenciana, de la que es cofundador. Actualmente es responsable del \u00e1rea de Espa\u00f1ol de .famvin, la Red de Noticias de la Familia Vicenciana. Tambi\u00e9n es m\u00fasico cat\u00f3lico y ha editado varios discos. Es Director General y cofundador de Trovador, una reconocida compa\u00f1\u00eda discogr\u00e1fica critiana de Espa\u00f1a. Trabaja en las Tecnolog\u00edas de la Informaci\u00f3n, ofreciendo servicios de alojamiento, dise\u00f1o y mantenimiento Web, as\u00ed como asesoramiento, formaci\u00f3n y soluciones inform\u00e1ticas, gesti\u00f3n documental y digitalizaci\u00f3n de textos, edici\u00f3n y maquetaci\u00f3n de libros, revistas, flyers, etc.\",\"sameAs\":[\"http:\/\/chento.org\",\"https:\/\/www.facebook.com\/JavierChento\",\"https:\/\/x.com\/https:\/\/twitter.com\/javierchento\"],\"url\":\"https:\/\/vincentians.com\/es\/author\/chento\/\"}]}<\/script>\n<!-- \/ Yoast SEO plugin. -->","yoast_head_json":{"title":"Identificaci\u00f3n de Jesucristo con el pobre. Parte II, Cap\u00edtulo 1 - Somos Vicencianos","robots":{"index":"index","follow":"follow","max-snippet":"max-snippet:-1","max-image-preview":"max-image-preview:large","max-video-preview":"max-video-preview:-1"},"canonical":"https:\/\/vincentians.com\/es\/identificacion-de-jesucristo-con-el-pobre-parte-ii-capitulo-1\/","og_locale":"es_ES","og_type":"article","og_title":"Identificaci\u00f3n de Jesucristo con el pobre. Parte II, Cap\u00edtulo 1 - Somos Vicencianos","og_description":"Parte II: La identificaci\u00f3n en san Vicente de Pa\u00fal Hemos estudiado a la luz de las divinas p\u00e1ginas la doc\u00adtrina admirable de la identificaci\u00f3n de Jesucristo con los m\u00e1s peque\u00f1os.Veamos ahora como segunda parte esta ... Read More","og_url":"https:\/\/vincentians.com\/es\/identificacion-de-jesucristo-con-el-pobre-parte-ii-capitulo-1\/","og_site_name":"Somos Vicencianos","article_publisher":"https:\/\/www.facebook.com\/WeAreVincentians\/","article_author":"https:\/\/www.facebook.com\/JavierChento","article_published_time":"2015-02-14T02:05:15+00:00","article_modified_time":"2016-07-26T17:17:56+00:00","author":"Francisco Javier Fern\u00e1ndez Chento","twitter_card":"summary_large_image","twitter_creator":"@https:\/\/twitter.com\/javierchento","twitter_site":"@WeVincentians","twitter_misc":{"Escrito por":"Francisco Javier Fern\u00e1ndez Chento","Tiempo de lectura":"32 minutos"},"schema":{"@context":"https:\/\/schema.org","@graph":[{"@type":"Article","@id":"https:\/\/vincentians.com\/es\/identificacion-de-jesucristo-con-el-pobre-parte-ii-capitulo-1\/#article","isPartOf":{"@id":"https:\/\/vincentians.com\/es\/identificacion-de-jesucristo-con-el-pobre-parte-ii-capitulo-1\/"},"author":{"name":"Francisco Javier Fern\u00e1ndez Chento","@id":"http:\/\/vincentians.com\/es\/#\/schema\/person\/9623ef4d9aa3b2dfb8c061f1499288f2"},"headline":"Identificaci\u00f3n de Jesucristo con el pobre. Parte II, Cap\u00edtulo 1","datePublished":"2015-02-14T02:05:15+00:00","dateModified":"2016-07-26T17:17:56+00:00","mainEntityOfPage":{"@id":"https:\/\/vincentians.com\/es\/identificacion-de-jesucristo-con-el-pobre-parte-ii-capitulo-1\/"},"wordCount":6355,"commentCount":0,"publisher":{"@id":"http:\/\/vincentians.com\/es\/#organization"},"image":{"@id":"https:\/\/vincentians.com\/es\/identificacion-de-jesucristo-con-el-pobre-parte-ii-capitulo-1\/#primaryimage"},"thumbnailUrl":"","keywords":["Abelly","Calvet","Gondi","Jolly","Pobreza","San Juan de la Cruz","San L\u00e1zaro","Se\u00f1ora de Gondi"],"articleSection":["Formaci\u00f3n Vicenciana"],"inLanguage":"es","potentialAction":[{"@type":"CommentAction","name":"Comment","target":["https:\/\/vincentians.com\/es\/identificacion-de-jesucristo-con-el-pobre-parte-ii-capitulo-1\/#respond"]}]},{"@type":"WebPage","@id":"https:\/\/vincentians.com\/es\/identificacion-de-jesucristo-con-el-pobre-parte-ii-capitulo-1\/","url":"https:\/\/vincentians.com\/es\/identificacion-de-jesucristo-con-el-pobre-parte-ii-capitulo-1\/","name":"Identificaci\u00f3n de Jesucristo con el pobre. Parte II, Cap\u00edtulo 1 - Somos Vicencianos","isPartOf":{"@id":"http:\/\/vincentians.com\/es\/#website"},"primaryImageOfPage":{"@id":"https:\/\/vincentians.com\/es\/identificacion-de-jesucristo-con-el-pobre-parte-ii-capitulo-1\/#primaryimage"},"image":{"@id":"https:\/\/vincentians.com\/es\/identificacion-de-jesucristo-con-el-pobre-parte-ii-capitulo-1\/#primaryimage"},"thumbnailUrl":"","datePublished":"2015-02-14T02:05:15+00:00","dateModified":"2016-07-26T17:17:56+00:00","breadcrumb":{"@id":"https:\/\/vincentians.com\/es\/identificacion-de-jesucristo-con-el-pobre-parte-ii-capitulo-1\/#breadcrumb"},"inLanguage":"es","potentialAction":[{"@type":"ReadAction","target":["https:\/\/vincentians.com\/es\/identificacion-de-jesucristo-con-el-pobre-parte-ii-capitulo-1\/"]}]},{"@type":"ImageObject","inLanguage":"es","@id":"https:\/\/vincentians.com\/es\/identificacion-de-jesucristo-con-el-pobre-parte-ii-capitulo-1\/#primaryimage","url":"","contentUrl":""},{"@type":"BreadcrumbList","@id":"https:\/\/vincentians.com\/es\/identificacion-de-jesucristo-con-el-pobre-parte-ii-capitulo-1\/#breadcrumb","itemListElement":[{"@type":"ListItem","position":1,"name":"Portada","item":"http:\/\/vincentians.com\/es\/"},{"@type":"ListItem","position":2,"name":"Identificaci\u00f3n de Jesucristo con el pobre. Parte II, Cap\u00edtulo 1"}]},{"@type":"WebSite","@id":"http:\/\/vincentians.com\/es\/#website","url":"http:\/\/vincentians.com\/es\/","name":"Somos Vicencianos","description":"Know more to serve more","publisher":{"@id":"http:\/\/vincentians.com\/es\/#organization"},"potentialAction":[{"@type":"SearchAction","target":{"@type":"EntryPoint","urlTemplate":"http:\/\/vincentians.com\/es\/?s={search_term_string}"},"query-input":{"@type":"PropertyValueSpecification","valueRequired":true,"valueName":"search_term_string"}}],"inLanguage":"es"},{"@type":"Organization","@id":"http:\/\/vincentians.com\/es\/#organization","name":"The Vincentian Network","url":"http:\/\/vincentians.com\/es\/","logo":{"@type":"ImageObject","inLanguage":"es","@id":"http:\/\/vincentians.com\/es\/#\/schema\/logo\/image\/","url":"https:\/\/i1.wp.com\/vincentians.com\/es\/wp-content\/uploads\/sites\/11\/2016\/06\/Vincentian-Network-logo-big.png?fit=778%2C778","contentUrl":"https:\/\/i1.wp.com\/vincentians.com\/es\/wp-content\/uploads\/sites\/11\/2016\/06\/Vincentian-Network-logo-big.png?fit=778%2C778","width":778,"height":778,"caption":"The Vincentian Network"},"image":{"@id":"http:\/\/vincentians.com\/es\/#\/schema\/logo\/image\/"},"sameAs":["https:\/\/www.facebook.com\/WeAreVincentians\/","https:\/\/x.com\/WeVincentians"]},{"@type":"Person","@id":"http:\/\/vincentians.com\/es\/#\/schema\/person\/9623ef4d9aa3b2dfb8c061f1499288f2","name":"Francisco Javier Fern\u00e1ndez Chento","image":{"@type":"ImageObject","inLanguage":"es","@id":"http:\/\/vincentians.com\/es\/#\/schema\/person\/image\/","url":"https:\/\/secure.gravatar.com\/avatar\/497d5cde87b4c3d097d0315953521681ba2cd523ee66e5077c3711f7021e65de?s=96&d=mm&r=g","contentUrl":"https:\/\/secure.gravatar.com\/avatar\/497d5cde87b4c3d097d0315953521681ba2cd523ee66e5077c3711f7021e65de?s=96&d=mm&r=g","caption":"Francisco Javier Fern\u00e1ndez Chento"},"description":"Director General y cofundador de La Red de Formaci\u00f3n Vicenciana. Javier es laico vicenciano, afiliado a la Congregaci\u00f3n de la Misi\u00f3n y miembro del Equipo de Misiones Populares de la provincia can\u00f3nica de Zaragoza (Espa\u00f1a) de la Congregaci\u00f3n de la Misi\u00f3n. Graduado en la Universidad Oberta de Catalunya con cuatro grados (Asistente de direcci\u00f3n, Gesti\u00f3n Administrativa, Recursos Humanos y Contabilidad Avanzada). Bil\u00edng\u00fce Espa\u00f1ol\/Ingl\u00e9s. gestiona y mantiene varias p\u00e1ginas web cristianas y vicencianas, incluida including La Red de Formaci\u00f3n Vicenciana, de la que es cofundador. Actualmente es responsable del \u00e1rea de Espa\u00f1ol de .famvin, la Red de Noticias de la Familia Vicenciana. Tambi\u00e9n es m\u00fasico cat\u00f3lico y ha editado varios discos. Es Director General y cofundador de Trovador, una reconocida compa\u00f1\u00eda discogr\u00e1fica critiana de Espa\u00f1a. Trabaja en las Tecnolog\u00edas de la Informaci\u00f3n, ofreciendo servicios de alojamiento, dise\u00f1o y mantenimiento Web, as\u00ed como asesoramiento, formaci\u00f3n y soluciones inform\u00e1ticas, gesti\u00f3n documental y digitalizaci\u00f3n de textos, edici\u00f3n y maquetaci\u00f3n de libros, revistas, flyers, etc.","sameAs":["http:\/\/chento.org","https:\/\/www.facebook.com\/JavierChento","https:\/\/x.com\/https:\/\/twitter.com\/javierchento"],"url":"https:\/\/vincentians.com\/es\/author\/chento\/"}]}},"jetpack_publicize_connections":[],"jetpack_featured_media_url":"","jetpack_sharing_enabled":true,"jetpack_shortlink":"https:\/\/wp.me\/p7ETMF-vby","jetpack-related-posts":[{"id":119883,"url":"https:\/\/vincentians.com\/es\/identificacion-de-jesucristo-con-el-pobre-epilogo-y-bibliografia\/","url_meta":{"origin":119880,"position":0},"title":"Identificaci\u00f3n de Jesucristo con el pobre. Ep\u00edlogo y Bibliograf\u00eda","author":"Francisco Javier Fern\u00e1ndez Chento","date":"17\/02\/2015","format":false,"excerpt":"Ep\u00edlogo Estos breves cap\u00edtulos habr\u00e1n bastado a demostrar c\u00f3mo San Vicente comprendi\u00f3 la verdad m\u00edstica de la identifica\u00adci\u00f3n de Jes\u00fas con 'los m\u00e1s peque\u00f1os'. Hemos visto primeramente la orientaci\u00f3n marcada de la espiritualidad del Santo hacia la persona de Jesucristo, tendencia propia de la escuela francesa de su tiempo. Despu\u00e9s\u2026","rel":"","context":"En \u00abFormaci\u00f3n Vicenciana\u00bb","block_context":{"text":"Formaci\u00f3n Vicenciana","link":"https:\/\/vincentians.com\/es\/category\/formacion-vicenciana\/"},"img":{"alt_text":"","src":"","width":0,"height":0},"classes":[]},{"id":119845,"url":"https:\/\/vincentians.com\/es\/la-identificacion-de-jesucristo-con-el-pobre-introduccion\/","url_meta":{"origin":119880,"position":1},"title":"Identificaci\u00f3n de Jesucristo con el pobre. Introducci\u00f3n","author":"Francisco Javier Fern\u00e1ndez Chento","date":"09\/02\/2015","format":false,"excerpt":"Si las Bienaventuranzas en Mt 5, 3 ss, son la primera exposici\u00f3n program\u00e1tica, un Manifiesto, dir\u00edamos hoy, de lo que constitu\u00eda la Buena Nueva dirigida a los pobres princi\u00adpalmente, la profec\u00eda sobre el \u00faltimo juicio en Mt 25, 31-46 es su conclusi\u00f3n l\u00f3gica, su coronamiento. Me admiraba que esta per\u00edcopa\u2026","rel":"","context":"En \u00abFormaci\u00f3n Vicenciana\u00bb","block_context":{"text":"Formaci\u00f3n Vicenciana","link":"https:\/\/vincentians.com\/es\/category\/formacion-vicenciana\/"},"img":{"alt_text":"FV-dibujo","src":"https:\/\/i0.wp.com\/vicencianos.org\/wp-content\/2013\/04\/FV-dibujo-300x224.jpg?resize=350%2C200","width":350,"height":200},"classes":[]},{"id":119882,"url":"https:\/\/vincentians.com\/es\/identificacion-de-jesucristo-con-el-pobre-parte-ii-capitulo-3\/","url_meta":{"origin":119880,"position":2},"title":"Identificaci\u00f3n de Jesucristo con el pobre. Parte II, Cap\u00edtulo 3","author":"Francisco Javier Fern\u00e1ndez Chento","date":"16\/02\/2015","format":false,"excerpt":"III: Jesucristo presente en los pobres Estudiemos ahora de manera m\u00e1s expl\u00edcita la caridad de San Vicente en su expresi\u00f3n m\u00e1s profunda. 1. Una convicci\u00f3n apasionada Servir a los pobres y predicarles no es solamente imitar a Jesucristo sino es servir a Jesucristo mismo en sus miem\u00adbros. Es doctrina de\u2026","rel":"","context":"En \u00abFormaci\u00f3n Vicenciana\u00bb","block_context":{"text":"Formaci\u00f3n Vicenciana","link":"https:\/\/vincentians.com\/es\/category\/formacion-vicenciana\/"},"img":{"alt_text":"","src":"","width":0,"height":0},"classes":[]},{"id":116232,"url":"https:\/\/vincentians.com\/es\/la-fe-de-san-vicente\/","url_meta":{"origin":119880,"position":3},"title":"La Fe de san Vicente","author":"Francisco Javier Fern\u00e1ndez Chento","date":"14\/10\/2018","format":false,"excerpt":"I. San Vicente: un creyente Para abordar cualquier tema referente a San Vicente, el m\u00e9todo m\u00e1s seguro siempre es el de volver a la experiencia y al recorrido del Fundador. Por temperamento y por formaci\u00f3n, Vicente de Pa\u00fal fue siem\u00adpre un hombre que concedi\u00f3 gran importancia a la vida, al\u2026","rel":"","context":"En \u00abFormaci\u00f3n Vicenciana\u00bb","block_context":{"text":"Formaci\u00f3n Vicenciana","link":"https:\/\/vincentians.com\/es\/category\/formacion-vicenciana\/"},"img":{"alt_text":"","src":"","width":0,"height":0},"classes":[]},{"id":130435,"url":"https:\/\/vincentians.com\/es\/las-viejas-caridades-vicencianas-y-las-modernas-conferencias-de-san-vicente-de-paul\/","url_meta":{"origin":119880,"position":4},"title":"Las viejas \u00abCaridades\u00bb y las modernas \u00abConferencias\u00bb","author":"Francisco Javier Fern\u00e1ndez Chento","date":"08\/05\/2014","format":false,"excerpt":"La cuna de las \"Caridades\" No muy lejos de Li\u00f3n, en las rientes y f\u00e9rtiles m\u00e1rgenes del Chalaronne, hay una peque\u00f1a poblaci\u00f3n, denominada Chatini les-Dombes, que en el a\u00f1o de gracia de 1617 acaba de adquirir en su nuevo y joven p\u00e1rroco, un gran tesoro. Tiene 36 a\u00f1os escasos. Llamase\u2026","rel":"","context":"En \u00abHistoria de la Sociedad de san Vicente de Pa\u00fal\u00bb","block_context":{"text":"Historia de la Sociedad de san Vicente de Pa\u00fal","link":"https:\/\/vincentians.com\/es\/category\/historia-de-la-familia-vicenciana\/historia-de-la-sociedad-de-san-vicente-de-paul\/"},"img":{"alt_text":"Retrato de Federico Ozanam en 1852, copia en miniatura del retrato hecho por Janmot Louis (1814-1892), hecha probablemente por el propio pintor.","src":"https:\/\/i0.wp.com\/vicencianos.org\/wp-content\/2014\/01\/Frederic_Ozanam.jpg?resize=350%2C200","width":350,"height":200},"classes":[]},{"id":119881,"url":"https:\/\/vincentians.com\/es\/identificacion-de-jesucristo-con-el-pobre-parte-ii-capitulo-2\/","url_meta":{"origin":119880,"position":5},"title":"Identificaci\u00f3n de Jesucristo con el pobre. Parte II, Cap\u00edtulo 2","author":"Francisco Javier Fern\u00e1ndez Chento","date":"15\/02\/2015","format":false,"excerpt":"II: La naturaleza y la gracia en san Vicente Vicente de Pa\u00fal para cumplir su misi\u00f3n estaba dotado de cualidades naturales y sobrenaturales. Es dif\u00edcil hallar un coraz\u00f3n m\u00e1s grande, junto a un gran car\u00e1cter.Am\u00f3 la parte m\u00edsera y problem\u00e1tica de la humanidad porque detr\u00e1s de un rostro sufriente, de\u2026","rel":"","context":"En \u00abFormaci\u00f3n Vicenciana\u00bb","block_context":{"text":"Formaci\u00f3n Vicenciana","link":"https:\/\/vincentians.com\/es\/category\/formacion-vicenciana\/"},"img":{"alt_text":"","src":"","width":0,"height":0},"classes":[]}],"_links":{"self":[{"href":"https:\/\/vincentians.com\/es\/wp-json\/wp\/v2\/posts\/119880","targetHints":{"allow":["GET"]}}],"collection":[{"href":"https:\/\/vincentians.com\/es\/wp-json\/wp\/v2\/posts"}],"about":[{"href":"https:\/\/vincentians.com\/es\/wp-json\/wp\/v2\/types\/post"}],"author":[{"embeddable":true,"href":"https:\/\/vincentians.com\/es\/wp-json\/wp\/v2\/users\/4"}],"replies":[{"embeddable":true,"href":"https:\/\/vincentians.com\/es\/wp-json\/wp\/v2\/comments?post=119880"}],"version-history":[{"count":0,"href":"https:\/\/vincentians.com\/es\/wp-json\/wp\/v2\/posts\/119880\/revisions"}],"wp:featuredmedia":[{"embeddable":true,"href":"https:\/\/vincentians.com\/es\/wp-json\/"}],"wp:attachment":[{"href":"https:\/\/vincentians.com\/es\/wp-json\/wp\/v2\/media?parent=119880"}],"wp:term":[{"taxonomy":"category","embeddable":true,"href":"https:\/\/vincentians.com\/es\/wp-json\/wp\/v2\/categories?post=119880"},{"taxonomy":"post_tag","embeddable":true,"href":"https:\/\/vincentians.com\/es\/wp-json\/wp\/v2\/tags?post=119880"}],"curies":[{"name":"wp","href":"https:\/\/api.w.org\/{rel}","templated":true}]}}