{"id":119879,"date":"2015-02-13T03:30:15","date_gmt":"2015-02-13T02:30:15","guid":{"rendered":"http:\/\/somos.vicencianos.org\/?p=119879"},"modified":"2016-07-26T19:17:56","modified_gmt":"2016-07-26T17:17:56","slug":"identificacion-de-jesucristo-con-el-pobre-parte-i-capitulo-4","status":"publish","type":"post","link":"https:\/\/vincentians.com\/es\/identificacion-de-jesucristo-con-el-pobre-parte-i-capitulo-4\/","title":{"rendered":"Identificaci\u00f3n de Jesucristo con el pobre. Parte I, Cap\u00edtulo 4"},"content":{"rendered":"<h2>IV: Los fundamentos de la identificaci\u00f3n en Mt 25, 31-46 y sentido de la misma<\/h2>\n<p>Examinado el pasaje evang\u00e9lico, estudiemos ahora m\u00e1s detenidamente la doctrina que se desprende de \u00e9l.Pueden proponerse varias cuestiones acerca del grado de realidad que puede revestir la identidad afirmada por el Rey:<\/p>\n<p>\u00bfTiene un sentido simplemente jur\u00eddico o moral? \u00bfIndica solamente solidaridad?<\/p>\n<p>\u00bfTiene un sentido real en alguna manera?<\/p>\n<p>En otras palabras, \u00bfsignifica la solemne afirmaci\u00f3n del Rey que de las buenas acciones realizadas por los de la derecha hab\u00eda resultado \u00e9l beneficiado personalmente?<\/p>\n<p>\u00bfO quiso simplemente decir, en un acto de benevolencia: &#8216;Lo que hab\u00e9is hecho a uno de mis hermanos m\u00e1s peque\u00f1os <i>es como si <\/i>lo hubieseis hecho a m\u00ed mismo&#8217;?<\/p>\n<p>En este caso las palabras del Rey no encerrar\u00edan especial misterio.<\/p>\n<p>Demostrar\u00eda solamente la gran benevolencia del Rey con &#8216;los m\u00e1s peque\u00f1os&#8217; a los cuales tendr\u00eda una estima tal de hacer con ellos causa com\u00fan por una identificaci\u00f3n afectiva o moral que le har\u00eda sentirse servido o despreciado, seg\u00fan fueran servidos o despreciados ellos. En un orden simple\u00admente humano conocemos ejemplos semejantes, entre los que est\u00e1n unidos por v\u00ednculos de sangre, de amistad o de con\u00addici\u00f3n.Pero la identificaci\u00f3n que revela Mt 25, 31-46 es inefa\u00adble. M\u00e1s estrecha que cualquier lazo humano<span id='easy-footnote-1-119879' class='easy-footnote-margin-adjust'><\/span><span class='easy-footnote'><a href='https:\/\/vincentians.com\/es\/identificacion-de-jesucristo-con-el-pobre-parte-i-capitulo-4\/#easy-footnote-bottom-1-119879' title='\u00abThe intensity of this oneness of Christ with manking no words can tell. Parent and child are so closely bound that the misfortune of one becomes equal misfortune of te other, but the bound between Christ and men is closer than any human tie. &lt;i&gt;La intensidad de esta uni\u00f3n de Cristo con la humanidad no se puede expresar con palabras. Padres e hijos est\u00e1n tan estrechamente unidos que la desgracia de unos se convierte en desgracia de otros, pero la relaci\u00f3n entre Cristo y los hombres es m\u00e1s estrecha que cualquier lazo humano\u00bb. The Interpreter&amp;#8217;s Bible, op. cit., &lt;\/i&gt;p. 566.'><sup>1<\/sup><\/a><\/span>.<\/p>\n<h3><i>1. Diversas identificaciones en el Evangelio<\/i><\/h3>\n<p>Los Evangelios presentan de vez en cuando frases mis\u00adteriosas que revelan una identificaci\u00f3n.<\/p>\n<p>Veamos, por ejemplo:<\/p>\n<p>\u00abQuien a vosotros recibe a m\u00ed me recibe, y quien a m\u00ed me recibe, recibe a aqu\u00e9l que me ha enviado\u00bb, Mt 10, 40.<\/p>\n<p>El paralelo de Lucas lo expresa adem\u00e1s en forma ne\u00adgativa:<\/p>\n<p>\u00abQuien a vosotros oye, a m\u00ed me oye, y quien a vosotros desprecia, a m\u00ed me desprecia; y quien a m\u00ed me desprecia, desprecia a aqu\u00e9l que me ha enviado\u00bb, Lc 10, 16.<\/p>\n<p>Citemos tambi\u00e9n como ejemplo de identificaci\u00f3n entre Cristo y sus disc\u00edpulos la alegor\u00eda de la vid en San Juan:<\/p>\n<p>\u00abYo soy la vid, vosotros los sarmientos\u00bb, Jn 15, 16.<\/p>\n<p>Jes\u00fas pues antes del pasaje de Mt 25, 31-46, situado en los \u00faltimos tiempos de su predicaci\u00f3n, ha expresado ya otras veces el concepto de una identificaci\u00f3n entre \u00e9l y sus ap\u00f3stoles o enviados, s\u00f3lo que en Mt 25, 31-46 la identidad har\u00eda relaci\u00f3n a &#8216;los m\u00e1s peque\u00f1os&#8217;.Pero meditando cada una en particular aparece clara\u00admente como se trata de diverso g\u00e9nero de identificaci\u00f3n.<\/p>\n<h3>2. <i>El Maestro y los enviados<\/i><\/h3>\n<p>Veamos por ejemplo la frase del Maestro a sus ap\u00f3s\u00adtoles:<\/p>\n<p>\u00abEl que a vosotros recibe, a m\u00ed me recibe\u00bb, Mt 10, 40. y \u00abel que a vosotros desprecia, a m\u00ed me desprecia\u00bb, Lc 10,16.<\/p>\n<p>Tr\u00e1tase aqu\u00ed evidentemente de una cierta identidad entre Jes\u00fas y sus ap\u00f3stoles, en virtud de la cual es la misma per\u00adsona del Maestro la que es recibida o despreciada en sus enviados.<\/p>\n<p>Pero \u00bfes \u00e9ste un ejemplo de identificaci\u00f3n en la misma l\u00ednea que el texto de Mt 25, 31-46 entre la Persona del Rey y &#8216;los m\u00e1s peque\u00f1os&#8217;?<\/p>\n<p>Ciertamente no. La palabra de Jes\u00fas en Mt 25, 31-46 es una revelaci\u00f3n nueva, una identificaci\u00f3n misteriosa que provoca con raz\u00f3n la sorpresa<span id='easy-footnote-2-119879' class='easy-footnote-margin-adjust'><\/span><span class='easy-footnote'><a href='https:\/\/vincentians.com\/es\/identificacion-de-jesucristo-con-el-pobre-parte-i-capitulo-4\/#easy-footnote-bottom-2-119879' title='\u00abComment comprendre l&amp;#8217;identification de J\u00e9sus&amp;#8230; avec ceux qui souffrent? On ne peut la regarder comme une simple fiction juridique du gene de celle qui permet de discerner la pr\u00e9sence de l&amp;#8217;ambassadeur en ceux qu&amp;#8217;il envoie: si ce sens peut \u00e1 la rigueur suffire pour les passages tels que Mc IX, 41, Mt X, 32, Jo XVIII, 20&amp;#8230; il ne s&amp;#8217;applique pas du tout a Mt XXV, 31-46 oil J\u00e9sus affirme faire r\u00e9ellement sien le destin de chaque homme. &lt;i&gt;\u00bfC\u00f3mo explicar la identificaci\u00f3n de Jes\u00fas con los que sufren? No puede contemplarse como una simple ficci\u00f3n jur\u00eddica, a la manera de la presencia en el embajador de aqu\u00e9l que lo env\u00eda: si tal sentido puede en rigor bastar para pasajes tales como Mc 9, 41; Mt 10, 42; ln 18, 20&amp;#8230; no cabe en modo alguno en Mt 25, 31-46, en donde Jes\u00fas afirma hacer realmente suyo el destino de cada hombre\u00bb. &lt;\/i&gt;TH\u00c9O PREISS, &lt;i&gt;op. cit., &lt;\/i&gt;p. 30.'><sup>2<\/sup><\/a><\/span>. En cambio la palabra a los Ap\u00f3stoles no es de s\u00ed sorprendente.<\/p>\n<p>Jes\u00fas enuncia simplemente un principio rab\u00ednico, mejor dicho un principio aceptado universalmente:Un principio de orden jur\u00eddico, en virtud del cual la persona del legado es en funci\u00f3n y representaci\u00f3n de la prin\u00adcipal que la env\u00eda y es \u00e9sta propiamente la que es honrada, recibida o despreciada en la persona del legado<span id='easy-footnote-3-119879' class='easy-footnote-margin-adjust'><\/span><span class='easy-footnote'><a href='https:\/\/vincentians.com\/es\/identificacion-de-jesucristo-con-el-pobre-parte-i-capitulo-4\/#easy-footnote-bottom-3-119879' title='\u00abChez tous les peuples, la r\u00e9ception bonne ou mauvaise faite aux ambassadeurs a toujours \u00e9t\u00e9 cens\u00e9e retomber sur le prince dont ils \u00e9taient les d\u00e9l\u00e9gu\u00e9s, celui qui envoie et l&amp;#8217;envoy\u00e9 \u00e9tant consider\u00e9 comme une seule personne morale. &lt;i&gt;En todos los pueblos la recepci\u00f3n buena o mala dada a los embajadores siempre se ha dado por supuesto que reca\u00eda sobre el pr\u00edncipe, cuyos eran los delegados, siendo considerados el que env\u00eda y el enviado como una \u00fanica persona moral\u00bb. &lt;\/i&gt;L&amp;#8217;ABB. L. CL. FILIA\u00bb &lt;i&gt;Evangile selon s. Matthieu, La Sainte Bible. &lt;\/i&gt;Paris. 1878, p. 215.'><sup>3<\/sup><\/a><\/span>.<\/p>\n<p>Trat\u00e1ndose de los ap\u00f3stoles el principio de tal sustitu\u00adci\u00f3n se hac\u00eda a\u00fan m\u00e1s evidente:<\/p>\n<p>Ellos hab\u00edan de ser los portadores de la doctrina del Maestro. De modo que recibirlos o despreciarlos a ellos, ser\u00eda en realidad recibir o despreciar la doctrina. Y la con\u00adducta con la doctrina era en \u00faltimo t\u00e9rmino recibir o des\u00adpreciar al Maestro, al Mes\u00edas.<\/p>\n<p>El en efecto ha hecho algo m\u00e1s que anunciar una nueva doctrina, un sistema, como pudieran hacerlo Plat\u00f3n o Arist\u00f3teles, para poner un ejemplo cl\u00e1sico.<\/p>\n<p>La doctrina del Maestro no tendr\u00eda sentido, al menos sentido pleno, considerada como algo aparte y distinto de su persona.No vino a traer la luz. El mismo es la Luz, Jn 1, 9.<\/p>\n<p>No vino a ense\u00f1ar una verdad abstracta. El mismo es el Camino y la Verdad, 14, 6.<\/p>\n<p>Pedro, Pablo, todos los ap\u00f3stoles, para evangelizar, se\u00adg\u00fan la lac\u00f3nica expresi\u00f3n del autor sagrado, anunciar\u00e1n a Jesucristo<span id='easy-footnote-4-119879' class='easy-footnote-margin-adjust'><\/span><span class='easy-footnote'><a href='https:\/\/vincentians.com\/es\/identificacion-de-jesucristo-con-el-pobre-parte-i-capitulo-4\/#easy-footnote-bottom-4-119879' title='\u00abAct 5, 42: Evangelizantes Christum Jesum; 8, 5: Philippus&amp;#8230; praedicabat illis Christum. &lt;i&gt;Act 5, 42: Evangelizando a Cristo Jes\u00fas; 8, 5: Felipe&amp;#8230; les predicaba a Cristo\u00bb&lt;\/i&gt;.'><sup>4<\/sup><\/a><\/span>.<\/p>\n<p>No es pues de admirar que Jes\u00fas se declarase recibido o despreciado en la persona de sus ap\u00f3stoles y que despreciar\u00adlo a \u00e9l signifique a su vez despreciar a su Padre del cual es la Palabra, el Enviado.<\/p>\n<p>\u00bfPero es el mismo caso al tratarse de un hambriento, que quien le da de comer, es a Jes\u00fas en realidad a quien asiste?<\/p>\n<p>No se ve tan claro. Sin embargo Jes\u00fas no lo afirma menos.<\/p>\n<h3>3. <i>La vid y los sarmientos<\/i><\/h3>\n<p>Otro g\u00e9nero de unidad nos lo ofrece tambi\u00e9n la mencio\u00adnada alegor\u00eda de la vi\u00f1a:<\/p>\n<p>\u00abYo soy la vid, vosotros los sarmientos\u00bb, Jn 15, 1 ss.<\/p>\n<p>Est\u00e1 de manifiesto en estas palabras una identificaci\u00f3n, la unidad que existe entre la vid y sus sarmientos.<\/p>\n<p>Pero tambi\u00e9n aqu\u00ed se trata de un orden diverso de Mt 25, 31-46.Lo que en la alegor\u00eda de la vi\u00f1a funda y constituye la unidad entre la vid y sus sarmientos, <i>es la identidad del prin\u00adcipio vital <\/i>que circula en su interior procedente de una mis\u00adma ra\u00edz.<\/p>\n<p>As\u00ed se desprende de la aplicaci\u00f3n misma que hace Jes\u00fas: \u00abSeparados de m\u00ed nada pod\u00e9is hacer&#8230;\u00bb, 15, 5.<\/p>\n<p>El sarmiento que no permanece unido a la vid, no lleva fruto y se seca.<\/p>\n<h3><i>4. <\/i><i>La identificaci\u00f3n de Jes\u00fas y los m\u00e1s peque\u00f1os en Mt 25, 31-46<\/i><\/h3>\n<p>Resta como tercer g\u00e9nero de identificaci\u00f3n el que forma objeto de nuestro estudio.<\/p>\n<p>\u00bfEn qu\u00e9 se funda el Rey para tan peregrina sustituci\u00f3n de s\u00ed mismo con &#8216;los m\u00e1s peque\u00f1os&#8217;?<\/p>\n<p>Veremos en los apartados siguientes los puntos que sir\u00adven de fundamento.<\/p>\n<h3><i>5. <\/i><i>Identidad de condici\u00f3n<\/i><\/h3>\n<p>Aunque el Rey aparezca en Mt 25, 31-46 rodeado de toda su gloria, no hay raz\u00f3n para negar que su afirmaci\u00f3n de haber sufrido todo g\u00e9nero de necesidades no se refiera en primer lugar a s\u00ed mismo.<\/p>\n<p>Jes\u00fas puede aqu\u00ed afirmar haber tenido hambre y sed porque en realidad durante su ministerio terrestre tuvo ham\u00adbre y sed.Podr\u00edamos aducir aqu\u00ed diversos pasajes evang\u00e9licos que lo afirman expresamente, especialmente la necesidad m\u00e1s com\u00fan: el hambre<span id='easy-footnote-5-119879' class='easy-footnote-margin-adjust'><\/span><span class='easy-footnote'><a href='https:\/\/vincentians.com\/es\/identificacion-de-jesucristo-con-el-pobre-parte-i-capitulo-4\/#easy-footnote-bottom-5-119879' title='\u00abCum jejunasset quadrinta diebus&amp;#8230; postea esuriit, Mt 4, 2. Mane autem revertens in civitatem, esuriit, 21, 18. &lt;i&gt;\u00abHabiendo ayunado durante cuarenta d\u00edas&amp;#8230; sinti\u00f3 hambre\u00bb; \u00abpor la ma\u00f1ana, volviendo a la ciudad, tuvo hambre\u00bb\u00bb.&lt;\/i&gt;&lt;\/p&gt;\n&lt;p&gt;\u00abJ\u00e9sus souffrit la faim. Plus tard, on le voit assis sur le bord du puits de Jacob, pr\u00e9s de Sichem: il demande \u00e1 boire \u00e1 la Samaritaine, il a done soif. Ses disciples sont all\u00e9s \u00e1 la ville pour y chercher des vivres et lui en apporter: il a done faim&amp;#8230; &lt;i&gt;Jes\u00fas sufri\u00f3 hambre. M\u00e1s tarde se le ve sentado al borde del pozo de Jacob en Siquem: Pide de beber a la Samaritana, es que tiene sed. Sus disc\u00edpulos han ido a la ciudad en bus\u00adca de v\u00edveres para tra\u00e9rselos, es que tiene hambre&amp;#8230;\u00bb.&lt;\/i&gt;&lt;\/p&gt;\n&lt;p&gt;MGR, BAUNARD. &lt;i&gt;L&amp;#8217;Evangile du pauvre, op. cit., &lt;\/i&gt;p. 102.'><sup>5<\/sup><\/a><\/span>.<\/p>\n<p>Pero de ello nos habla nuestro mismo texto con las palabras m\u00e1s expl\u00edcitas:<\/p>\n<p>En Mt 25, 31-46 si\u00e9ntese el eco del estado penoso en el que se ha hallado sobre la tierra.<\/p>\n<p>El mismo t\u00edtulo de Hijo del hombre con que se intro\u00adduce en la escena parece el m\u00e1s apto como sujeto de las necesidades que afirma haber padecido.<\/p>\n<p>En otro pasaje de Mateo Jes\u00fas ha empleado el mismo t\u00edtulo de Hijo del hombre para designar su condici\u00f3n de pobre:<\/p>\n<p>\u00abLas zorras tienen sus madrigueras y las aves del cielo sus nidos, pero el Hijo del hombre no tiene una piedra donde reclinar su cabeza\u00bb, Mt 8, 20<span id='easy-footnote-6-119879' class='easy-footnote-margin-adjust'><\/span><span class='easy-footnote'><a href='https:\/\/vincentians.com\/es\/identificacion-de-jesucristo-con-el-pobre-parte-i-capitulo-4\/#easy-footnote-bottom-6-119879' title='\u00abJ\u00e9sus ne fut, sur terre, ni bien ni mal log\u00e9, il ne le fut pas du tout. Il n&amp;#8217;eut pas de logement \u00e1 lui. 11 ne poss\u00e9de rien, il n&amp;#8217;a ni feu, ni lieu sur la terre dont il n&amp;#8217;est que l&amp;#8217;h\u00f3te, c&amp;#8217;est un passant&amp;#8230; &lt;i&gt;Jes\u00fas&amp;#8230; no tiene vivienda propia. No posee nada, ni hogar, ni lugar alguno sobre la tierra en que no sea m\u00e1s que un hu\u00e9sped; es un transe\u00fante\u00bb. &lt;\/i&gt;&lt;i&gt;lb., &lt;\/i&gt;p. 129.'><sup>6<\/sup><\/a><\/span>.<\/p>\n<p>Detalles evang\u00e9licos como el episodio de las espigas arrancadas, Mt 12, 1, sugiere que m\u00e1s de una vez se hab\u00eda hallado el Maestro no tener a mano m\u00e1s que unos granos de trigo para llevarse a la boca.Otro texto a\u00fan nos presenta al Hijo del hombre que vino &#8216;comiendo y bebiendo&#8217;, 11, 19.<\/p>\n<p>Directamente se trata de la comparaci\u00f3n con el ayuno del austero profeta Juan.<\/p>\n<p>Pero el texto nos muestra de rechazo a Jes\u00fas sujeto a las humildes condiciones humanas y del n\u00famero de aquellos para quienes el comer y el beber es de primer\u00edsima impor\u00adtancia.<\/p>\n<p>En cuanto a la prisi\u00f3n consta expresamente que la su\u00adfri\u00f3 en tiempo de su pasi\u00f3n, Mt 26, 50; Jn 18, 12.<\/p>\n<p>Estos detalles vividos de Jes\u00fas son de suma importancia para explicar el texto de Mt 25, 31-46.<\/p>\n<p>De la misma manera que los Evangelios afirman que el Hijo del hombre ha conocido el hambre y la sed, que se ha hallado desnudo, extranjero y en prisi\u00f3n, podr\u00edamos le\u00adg\u00edtimamente preguntamos si ha sufrido alguna enfermedad durante su existencia terrestre.<\/p>\n<p>El mismo pasaje del Serm\u00f3n de la Monta\u00f1a, sobre los cuidados excesivos puede considerarse tambi\u00e9n como una descripci\u00f3n de la existencia de Jes\u00fas:<\/p>\n<p>&#8216;\u00bfQu\u00e9 beberemos? \u00bfqu\u00e9 comeremos? \u00bfqu\u00e9 vestiremos?&#8217;. Cfr. Lc 12, 22 ss.<\/p>\n<p>Estas preguntas pod\u00edan presentarse a \u00e9l mismo tanto y m\u00e1s que a sus oyentes, puesto que se hallaba en condici\u00f3n m\u00e1s pobre &#8216;que las zorras y las aves del cielo&#8217;, y \u00e9l indica como las respond\u00eda.Jes\u00fas no habla nunca en abstracto sino que parte siem\u00adpre de situaciones humanas concretas que conoce bien por\u00adque son las suyas.<\/p>\n<p>Este estado y condici\u00f3n de vida pobre vivido en circuns\u00adtancias concretas por el Hijo del hombre son el primer fun\u00addamento para afirmar el Rey haberse hallado en tales ne\u00adcesidades.<\/p>\n<p>Si Cristo hubiera vivido en condiciones de rey durante su vida terrestre sus palabras en el juicio acerca de las ne\u00adcesidades padecidas tendr\u00edan menos sentido; a\u00fan con la ulterior aclaraci\u00f3n de que era en la persona de sus herma\u00adnos m\u00e1s peque\u00f1os.<\/p>\n<p>La existencia terrena y personal del Mes\u00edas con las di\u00adversas circunstancias y condiciones a que se vio sometida, deb\u00eda ser la ra\u00edz y fundamento de la participaci\u00f3n que de ella deb\u00edan tener &#8216;los m\u00e1s peque\u00f1os&#8217; y los hombres en ge\u00adneral.<\/p>\n<p>Supuesto \u00e9sto, es claro que Jes\u00fas pudo hacer causa co\u00adm\u00fan con los m\u00e1s peque\u00f1os por haber participado de su misma condici\u00f3n, de su vida humilde, sin nombre \u2014tam\u00adbi\u00e9n la condici\u00f3n de ser los m\u00e1s peque\u00f1os se refiere a la carencia de fama y de nombre\u2014 de sus privaciones ante todo materiales<span id='easy-footnote-7-119879' class='easy-footnote-margin-adjust'><\/span><span class='easy-footnote'><a href='https:\/\/vincentians.com\/es\/identificacion-de-jesucristo-con-el-pobre-parte-i-capitulo-4\/#easy-footnote-bottom-7-119879' title='\u00abIl a pour eux une affection sp\u00e9ciale paree que son existence sur la terre a \u00e9t\u00e9 semblable \u00e1 la leur. &lt;i&gt;Tiene por ellos un afecto especial por cuanto su existencia en la tierra ha sido semejante a la suya\u00bb. &lt;\/i&gt;ABB. L. CL. FILLON, &lt;i&gt;op. cit., &lt;\/i&gt;p. 488.'><sup>7<\/sup><\/a><\/span>.<\/p>\n<p>Es \u00e9ste sin duda un fundamento cierto, si bien no en\u00adcierra gran misterio y su comprensi\u00f3n est\u00e1 al alcance de todos. Pues m\u00e1s bien la igualdad de condici\u00f3n produce <i>solidaridad, <\/i>pero no identificaci\u00f3n como indica la declara\u00adci\u00f3n que el Rey hace sin restricciones.Pues la expresi\u00f3n &#8216;Am\u00e9n, en verdad&#8217; que repite las dos veces, vv. 40, 45, recuerda otras ocasiones, particularmente el serm\u00f3n de la Monta\u00f1a donde Jes\u00fas lo utiliza para insistir sobre la importancia de lo que va a decir. La identificaci\u00f3n est\u00e1 indicada adem\u00e1s por el simple pronombre, vv 40-45, que tiene aqu\u00ed gran relieve: <i>\u00abes a M\u00ed <\/i>a quien lo hab\u00e9is he\u00adcho\u00bb. Tambi\u00e9n por la primera persona empleada en los ver\u00adbos y el pronombre frecuentemente repetido<span id='easy-footnote-8-119879' class='easy-footnote-margin-adjust'><\/span><span class='easy-footnote'><a href='https:\/\/vincentians.com\/es\/identificacion-de-jesucristo-con-el-pobre-parte-i-capitulo-4\/#easy-footnote-bottom-8-119879' title='\u00abElle est done formelle, complete autant que solennelle la substi\u00adtution que le roi J\u00e9sus fait de lui-m\u00e9me au plus humble de ses sujets, se solidarisant avec les malheureux, et sanctionnant ce grand pacte par una b\u00e9n\u00e9diction ou une mal\u00e9diction&amp;#8230; C&amp;#8217;est le mot de la fin. Le roi vient de poser sa main&amp;#8230; sur la tete de ce pauvre: celui-ci sera d\u00e9sormais couvert par sa divinit\u00e9&amp;#8230; J\u00e9sus-Christ est derri\u00e9re lui; et du bien et du mal que lui aura \u00e9t\u00e9 fait, le royal r\u00e9pondant fera personnellement son affaire pour l&amp;#8217;\u00e9ternit\u00e9: &lt;i&gt;mihi fecistis! &lt;\/i&gt;&lt;i&gt;Es pues formal, completa y solemne la sus\u00adtituci\u00f3n que el Rey Jes\u00fas hace de s\u00ed mismo en favor del m\u00e1s humilde de sus s\u00fabditos, solidariz\u00e1ndose con los m\u00e1s desgraciados y sancionando este gran pacto con una bendici\u00f3n o una maldici\u00f3n&amp;#8230; Es la palabra defi\u00adnitiva. El rey acaba de imponer su mano sobre la cabeza de este pobre: de ahora en adelante \u00e9ste se ver\u00e1 cubierto por su divinidad&amp;#8230; Jesucristo est\u00e1 detr\u00e1s de \u00e9l; y del bien o del mal que se le haga, el garante real lo har\u00e1 personalmente asunto propio por toda la eternidad: \u00a1Es a m\u00ed que lo hab\u00e9is hecho!\u00bb. &lt;\/i&gt;MGR. BAUNARD, &lt;i&gt;L&amp;#8217;Evangile du pauvre, op. cit., &lt;\/i&gt;p. 189.'><sup>8<\/sup><\/a><\/span>.<\/p>\n<p>El Rey insiste parad\u00f3jicamente en afirmar que ha sido a \u00e9l en realidad a quien han asistido y relega a &#8216;los m\u00e1s peque\u00f1os&#8217; a un segundo plano como si no hubieran sido m\u00e1s que una figura, una representaci\u00f3n, cuando de hecho las cosas, como recuerdan los justos, han sucedido exacta\u00admente al rev\u00e9s. En \u00e9sto est\u00e1 el misterio.Es de notar este realismo con que los Padres comentan el <i>Mihi fecistis:<\/i><\/p>\n<p>\u00ab&#8230;Nosotros, ni alimentamos al hambriento, ni vestimos al desnudo, sino que al verlo mendigar pasamos de largo. Por cierto que si vierais al propio Cristo cada uno dar\u00eda con generosidad de lo suyo. Pues he aqu\u00ed que se halla El mismo presente. Ya que es El mismo quien dice: Yo soy. \u00bfC\u00f3mo pues no das todo lo que tienes? Puesto que lo oyes de veras diciendo: Es a M\u00ed, que me lo haces \u00ab.<\/p>\n<p>\u00abSolamente Cristo es quien mendiga en la multitud de los pobres\u00bb<span id='easy-footnote-9-119879' class='easy-footnote-margin-adjust'><\/span><span class='easy-footnote'><a href='https:\/\/vincentians.com\/es\/identificacion-de-jesucristo-con-el-pobre-parte-i-capitulo-4\/#easy-footnote-bottom-9-119879' title='\u00ab&amp;#8230;Nos nec esurientem alimus, nec nudum induimus sed intim mendi\u00adcantem praetercurrimus. Sane si ipsum Christum videretis sua singuli profunderent. Sed nunc idem ipse est. Ipse namque dixit, Ego sum. Cur ergo non omnia effundis? Etenim nunc dicentem audis: &lt;i&gt;Mihi facis&amp;#8230;\u00bb.&lt;\/i&gt;&lt;\/p&gt;\n&lt;p&gt;JOANN, CHRYS, &lt;i&gt;In Matthaeum hom. &lt;\/i&gt;XXXVIII, P.G. 59, p. 778.&lt;\/p&gt;\n&lt;p&gt;\u00abSolus cum esurientibus esurit, cum sitientibus sitit&amp;#8230; &lt;i&gt;Solos tantummo\u00addo Christus est qui in omnium pauperum universitate mendicet.&lt;\/i&gt;&lt;\/p&gt;\n&lt;p&gt;Salvianus. Adv. avaritiam. L. IV. P.L. 53, p. 231.'><sup>9<\/sup><\/a><\/span>.<\/p>\n<p>As\u00ed pues, si la declaraci\u00f3n del Rey hiciera tan s\u00f3lo re\u00adferencia a un estado suyo anterior semejante al de los m\u00e1s peque\u00f1os, que le hiciera solidario con ellos y provocara su benevolencia actual, su declaraci\u00f3n ser\u00eda de un orden m\u00e1s com\u00fan y asequible y no revestir\u00eda el tono de singularidad y novedad que tiene realmente.<\/p>\n<h3>6. <i>Los m\u00e1s peque\u00f1os, extensi\u00f3n y memoria de la vida pobre de Cristo<\/i><\/h3>\n<p>La vida de Jes\u00fas como dejan entrever los Evangelios y nos revelar\u00e1 San Pablo claramente, no puede limitarse al breve tiempo y espacio de su carrera terrena.<\/p>\n<p>La vida del primer Ad\u00e1n no se terminaba en s\u00ed misma sino que era tambi\u00e9n en funci\u00f3n de la humanidad entera, en cuanto la vida humana a partir de \u00e9l deb\u00eda continuarse en el tiempo. Tambi\u00e9n la vida del segundo Ad\u00e1n, Cristo, seg\u00fan el paralelismo usado por Pablo, tiene una extensi\u00f3n amplia como la humanidad de la que es cabeza, Rin 5, 15.Cristo trasciende su generaci\u00f3n y su tiempo.<\/p>\n<p>Su vida concreta pertenece a toda la humanidad y a to\u00addos los tiempos. Y no s\u00f3lo en un sentido hist\u00f3rico, est\u00e1tico, sino din\u00e1mico y viviente.<\/p>\n<p>Ello significa que la vida de Jes\u00fas, m\u00e1s a\u00fan todas las circunstancias de la vida del Dios-hombre, deb\u00edan conti\u00adnuarse en la humanidad a trav\u00e9s del tiempo.<\/p>\n<p>Cristo es m\u00e1s que un ser hist\u00f3rico, es un ser viviente en la historia, Mt 28, 20.<\/p>\n<p>Es la piedra angular de la historia y de la humanidad y punto de contradici\u00f3n, Sal 118, 22-23; Mt 21, 42.<\/p>\n<p>El privilegio de servir a Jes\u00fas no pod\u00eda limitarse a los pocos hombres de su generaci\u00f3n que trataron con \u00e9l, como Sim\u00f3n o Zaqueo. El privilegio y la responsabilidad de abrir las puertas a Cristo o de reusarlo deb\u00eda pertenecer a los hombres de todos los tiempos.<\/p>\n<p>V\u00e9ase a este respecto las palabras de San Agust\u00edn vibran\u00adtes a\u00fan de celo pastoral:<\/p>\n<p style=\"padding-left: 30px\">\u00abYa, Dios mediante, lleg\u00f3 el invierno; preocupaos de los pobres, de c\u00f3mo vestir a Cristo desnudo. Cuan\u00addo le\u00edamos el Evangelio \u00bfacaso no proclam\u00e1bamos todos feliz a Zaqueo cuando Cristo repar\u00f3 en \u00e9l subido a un \u00e1rbol para verlo pasar? \u00bfCu\u00e1ndo se lo hubiera podido es\u00adperar, hospedado en su casa? O\u00eda vuestros suspiros de fe\u00adlicitaci\u00f3n. Todos os sent\u00edais en la persona de Zaqueo, recibiendo a Cristo; y as\u00ed exclamaba vuestro coraz\u00f3n: \u00a1Oh, bienaventurado Zaqueo!, \u00bfAcaso a nosotros nos puedeacontecer otro tanto? Cristo ya se halla en el cielo&#8230;<\/p>\n<p style=\"padding-left: 30px\">Rec\u00edtame, cristiano, el Nuevo Testamento&#8230; Rec\u00edtalo para que te enteres que no te hallas privado de la presencia de Cristo. Oye al que va a juzgar: \u00abLo que hab\u00e9is hecho a uno de estos hermanos m\u00edos m\u00e1s peque\u00f1os&#8230;\u00bb. A cada uno de vosotros os gustar\u00eda recibir a Cristo sentado en su glo\u00adria del cielo; reparad en \u00e9l echado en el p\u00f3rtico; reparad en \u00e9l pasando hambre, reparad en \u00e9l muriendo de fr\u00edo\u00bb<span id='easy-footnote-10-119879' class='easy-footnote-margin-adjust'><\/span><span class='easy-footnote'><a href='https:\/\/vincentians.com\/es\/identificacion-de-jesucristo-con-el-pobre-parte-i-capitulo-4\/#easy-footnote-bottom-10-119879' title='\u00abJam ecce, Deo propitio, hiems est; de pauperibus cogitate, quomo\u00addo Christus vestiatur nudus. Quando legebatur Evangelium, numquid non omnes beatificavimus Zacchaeum, guando eum Christus suspexit in arbore intentum ut videret transeuntem? Nam guando speraret in domo sua ha\u00adbitantem? Audivi gemitus gratulationis vestrae. Quasi omnes in Zacchaeo fuistis, et Christum excepistis; sic dixit omnium vestrum cor: O beatum Zacchaeum! Numquid nobis potest ita contingere? Jam Christus in coelo est. Recita mihi, christiane, Testamentum Novum&amp;#8230; Recita, ut scias te non fraudari Christi praesentia. Audi jadicaturum: &amp;#8216;Quamdiu uni ex fratribus meis minimis&amp;#8230;&amp;#8217; Expectat unusquisque vestrum suscipere Chris\u00adtum sedentem in coelo; attendite illum jacentem in porticu; attendite esurientem, attendite frigus patientem\u00bb. S. Augustinus, sermo XXV, P.L. 38, p. 170.'><sup>10<\/sup><\/a><\/span>.<\/p>\n<p>Los hombres todos deb\u00edan ser juzgados, puestos a la iz\u00adquierda o a la derecha seg\u00fan la conducta observada con relaci\u00f3n a Cristo.<\/p>\n<p>No se trata aqu\u00ed de simple adhesi\u00f3n a una doctrina abs\u00adtracta, sino relaci\u00f3n personal y operante.<\/p>\n<p>El mismo tiene perfecta conciencia de su misi\u00f3n, de su pertenencia a todos los tiempos la afirma expresamente y se preocupa de dejar de s\u00ed una memoria:<\/p>\n<p>\u00abHaced \u00e9sto en memoria m\u00eda&#8230;\u00bb, Lc 22, 19.<\/p>\n<p>Pero la vida del Dios-hombre al proyectarse y continuar\u00adse en la humanidad m\u00e1s all\u00e1 de su existencia f\u00edsica se descompone en diversas modalidades<span id='easy-footnote-11-119879' class='easy-footnote-margin-adjust'><\/span><span class='easy-footnote'><a href='https:\/\/vincentians.com\/es\/identificacion-de-jesucristo-con-el-pobre-parte-i-capitulo-4\/#easy-footnote-bottom-11-119879' title='Esta idea es expresada por P\u00edo XII:&lt;\/p&gt;\n&lt;p&gt;\u00abChristus est enim qui in Ecclesia sua vivit, qui per em docet, regit, sanctitatemque impertit; Christus quoque est qui var\u00ede sese in variis suis socialibus membris manifestat. &lt;i&gt;Cristo es quien vive en su Iglesia, quien ense\u00f1a a trav\u00e9s de ella, gobierna y derrama santidad; Cristo es tambi\u00e9n quien se manifiesta de varias maneras en la variedad de sus miembros sociales\u00bb.&lt;\/i&gt;&lt;\/p&gt;\n&lt;p&gt;Encic. \u00abMystici Corporis\u00bb, A.A.S. 1943, p. 238.'><sup>11<\/sup><\/a><\/span>. Como la luz solar se descompone al pasar por el prisma:La autoridad docente de Jes\u00fas como testimonio del Pa\u00addre, se ve continuada a trav\u00e9s del tiempo por sus ap\u00f3stoles:<\/p>\n<p>\u00abComo el Padre me envi\u00f3, as\u00ed os env\u00edo yo a vosotros\u00bb, Jn 20, 21. \u00abId y ense\u00f1ad&#8230;\u00bb, Mt 28, 19.<\/p>\n<p>No una misi\u00f3n distinta de la suya, sino la misma con\u00adtinuada. Hay m\u00e1s, no s\u00f3lo la misma autoridad, sino su pre\u00adsencia; s\u00f3lo que en modo diverso de cuando viv\u00eda El en la tierra:<\/p>\n<p>\u00abYo estar\u00e9 con vosotros&#8230;\u00bb, 28, 20.<\/p>\n<p>La autoridad gubernativa de Cristo tiene tambi\u00e9n su ex\u00adtensi\u00f3n en el tiempo por la jerarqu\u00eda representada tambi\u00e9n por los Ap\u00f3stoles y principalmente por Pedro:<\/p>\n<p>\u00abLo que atareis en la tierra ser\u00e1 atado en el cielo&#8230;\u00bb, Mt 18, 18.<\/p>\n<p>Pablo explicar\u00e1 tambi\u00e9n con palabra velada de misterio, la continuaci\u00f3n de la pasi\u00f3n de Jes\u00fas en sus propios sufri\u00admientos: \u00abCompleto en m\u00ed lo que falta a la Pasi\u00f3n de Cris\u00adto&#8230;\u00bb, Col 1, 25.<\/p>\n<p>La \u00faltima cena, el sacrificio de la cruz, la presencia per\u00adsonal de Jes\u00fas quedar\u00e1 perpetuada por la Eucarist\u00eda.<\/p>\n<p>El sacerdocio en la Iglesia, aunque participado en n\u00fame\u00adro indefinido, no es m\u00e1s que la extensi\u00f3n y continuaci\u00f3n de un solo sacerdocio: el del \u00fanico Mediador, Jes\u00fas, como ex\u00adplica la Carta a los Hebreos.Pablo de nuevo es quien considera la muerte y la resu\u00adrrecci\u00f3n de Jes\u00fas como &#8216;primicia&#8217; de las que deben seguirse y continuarse de ella, Col 1, 18.<\/p>\n<p>Son pues todos los aspectos y circunstancias de Jes\u00fas que hallan su continuaci\u00f3n en el tiempo, que se transmiten de un modo vital.<\/p>\n<p>Ahora bien. Podemos tambi\u00e9n preguntarnos: Y la pobre\u00adza, el hambre y la sed, la desnudez de Cristo. \u00bfc\u00f3mo se continuar\u00edan?<\/p>\n<p>La respuesta es f\u00e1cil. Dada por Jes\u00fas mismo en Mt 25, 31-46:<\/p>\n<p><i>Los m\u00e1s peque\u00f1os son los continuadores, la extensi\u00f3n en el tiempo de la vida pobre de Jes\u00fas, de sus necesidades <\/i>y <i>sufrimientos.<\/i><\/p>\n<p><i>Y <\/i>si Jes\u00fas ve en ellos continuadas sus necesidades, por consiguiente las ve en ellos atendidas o despreciadas.<\/p>\n<p>Es precisamente en Mt 25, 31-46 donde Jes\u00fas da esta nueva significaci\u00f3n, este car\u00e1cter sagrado podemos decir a la pobreza de &#8216;los m\u00e1s peque\u00f1os&#8217;.<\/p>\n<p>M\u00e1s que la letra aunque inspirada, es apta a conmemo\u00adrar y transmitir a todas las edades la vida humilde y sufrida del Dios-hombre esa cadena ininterrumpida del dolor huma\u00adno que se hizo suyo Cristo.<\/p>\n<p>El es la fuente primera de este r\u00edo de aguas amargas y vivas, un solo r\u00edo al fin aunque acrecentado continuamente por la aportaci\u00f3n de nuevas fuentes y arroyos.<\/p>\n<p>Las palabras: \u00abLo que a \u00e9stos hicisteis es a M\u00ed que lo hab\u00e9is hecho\u00bb, tienen el valor creador de una especie de sacramento<span id='easy-footnote-12-119879' class='easy-footnote-margin-adjust'><\/span><span class='easy-footnote'><a href='https:\/\/vincentians.com\/es\/identificacion-de-jesucristo-con-el-pobre-parte-i-capitulo-4\/#easy-footnote-bottom-12-119879' title='En estos t\u00e9rminos se expresa Mgr. Baunard:&lt;\/p&gt;\n&lt;p&gt;\u00abVoil\u00e1 la clef du myst\u00e9re: le Christ est a derri\u00e9re eux, au-dessus d&amp;#8217;eux. Permettez une comparaison&amp;#8230;: Le pauvre est un sacrement sous lequel J\u00e9sus-Christ se cache&amp;#8230; Or, pour qu&amp;#8217;il en f\u00fat ainsi, il a fallu que pour le pauvre, lui aussi, intervint une cons\u00e9cration. Et c&amp;#8217;est cette cons\u00e9\u00adcration de laquelle J\u00e9sus-Christ prononla la formule&amp;#8230;: en v\u00e9rit\u00e9 je vous le dis, quand vous avez fait cela \u00e1 un seul de ces petits, c&amp;#8217;est \u00e1 Moi que vous l&amp;#8217;avez fait, &lt;i&gt;Mihi fecistis. &lt;\/i&gt;&lt;i&gt;He aqu\u00ed la clave del misterio: Cristo est\u00e1 all\u00ed, detr\u00e1s de ellos, por sobre de ellos. Permitidme una comparaci\u00f3n&amp;#8230; El pobre es un sacramento, bajo el cual se esconde Jesucristo&amp;#8230; Ahora bien, para que tal cosa sucediese, ha sido preciso que para el pobre, para \u00e9l tambi\u00e9n, interviniese una consagraci\u00f3n. Y es precisamente de tal con\u00adsagraci\u00f3n que Jes\u00fas pronuncia la f\u00f3rmula: &amp;#8216;En verdad os digo, cuanto hab\u00e9is hecho a uno solo de estos peque\u00f1os, es a M\u00ed, que lo hab\u00e9is hecho, &lt;\/i&gt;Mihi fecistis&#039;\u00bb.&lt;\/p&gt;\n&lt;p&gt;&lt;i&gt;L&amp;#8217;Evangile du Pauvre, op. cit., &lt;\/i&gt;pp. 187-8.'><sup>12<\/sup><\/a><\/span>.<\/p>\n<p>Estas palabras en boca de un rey de naturaleza com\u00fan significar\u00edan simplemente que considera como dirigidos a \u00e9l mismo los beneficios hechos a sus m\u00e1s insignificantes vasa\u00adllos y que por consiguiente quiere premiarlos espl\u00e9ndida\u00admente.<\/p>\n<ul>\n<li>Pero la condici\u00f3n especial del Rey que fue pobre realmente en su persona,<\/li>\n<li>el significado de su pobreza y vida toda,<\/li>\n<li>el poder creador de su palabra que convierte en realidad lo que dice,<\/li>\n<li>todo el montaje y solemnidad de la escena del juicio,<\/li>\n<li>la sorpresa misma de los juzgados, todo concuerda en decirnos que las palabras del Rey tienen el mayor grado de realidad posible.<\/li>\n<\/ul>\n<p>La vida de &#8216;los m\u00e1s peque\u00f1os&#8217; no ser\u00eda de s\u00ed una memoria viva<span id='easy-footnote-13-119879' class='easy-footnote-margin-adjust'><\/span><span class='easy-footnote'><a href='https:\/\/vincentians.com\/es\/identificacion-de-jesucristo-con-el-pobre-parte-i-capitulo-4\/#easy-footnote-bottom-13-119879' title='Bossuet compara esta memoria a la Eucarist\u00eda:&lt;\/p&gt;\n&lt;p&gt;\u00abJ\u00e9sus-Christ perp\u00e9tue en deux sortes le souvenir de sa passion pour nous y faire compartir: en l&amp;#8217;eucharistie, et dans les pauvres. &lt;i&gt;&amp;#8216;Hoc facite in meam commemorationem: &lt;\/i&gt;Faites ceci en m\u00e9moire de moi&amp;#8217; l&amp;#8217;aum\u00f3ne aussi bien que la communion. Se souvenir avec douleur de sa passion, en l&amp;#8217;un et en l&amp;#8217;autre&amp;#8230; Image des peines de J\u00e9sus-Christ dans les pau\u00advres: soulagez-les donc; &lt;i&gt;Hoc facite in meam commemorationem. &lt;\/i&gt;Voulez\u00advous baiser les plaies de J\u00e9sus? asisten les pauvres&amp;#8230; &lt;i&gt;Jesucristo perpet\u00faa de dos maneras la memoria de su pasi\u00f3n, para que nosotros podamos compartirla: en la Eucarist\u00eda y en los pobres. &lt;\/i&gt;&amp;#8216;Hoc facite in meam com\u00admemorationem, &lt;i&gt;haced \u00e9sto en memoria de m\u00ed&amp;#8217;, tanto por lo que respecta a la limosna como a la comuni\u00f3n. Acordarse con dolor de su pasi\u00f3n bajo ambos aspectos. La imagen de las penas de Jesucristo est\u00e1 en los pobres: haced pues por aliviarlas; &lt;\/i&gt;&amp;#8216;hoc facite in meam commemorationem&amp;#8217;. &lt;i&gt;\u00bfQuer\u00e9is besar las llagas de Jes\u00fas? Socorred a los pobres&amp;#8230;\u00bb&lt;\/i&gt;&lt;\/p&gt;\n&lt;p&gt;&lt;i&gt;Oeuvres &lt;\/i&gt;de Bossuet, Versailles 1816, t. XIII, p. 254.'><sup>13<\/sup><\/a><\/span>, una continuaci\u00f3n de la misma vida m\u00edsera del primer Pobre y singularmente de su pasi\u00f3n. Pero la voluntad y la palabra de Jes\u00fas lo realizan al unirlos y hacerlos continua\u00adci\u00f3n de su vida humilde.Es muy de notar que se les confiere este valor <i>de un mo\u00addo objetivo, <\/i>es decir en virtud de la vida pobre de Cristo y de su palabra,<\/p>\n<p>independientemente de las disposiciones de los m\u00e1s peque\u00f1os, de que lo sepan o lo ignoren, de que sean ellos mismos justos o pecadores, ni siquiera de que sean cristia\u00adnos o no<span id='easy-footnote-14-119879' class='easy-footnote-margin-adjust'><\/span><span class='easy-footnote'><a href='https:\/\/vincentians.com\/es\/identificacion-de-jesucristo-con-el-pobre-parte-i-capitulo-4\/#easy-footnote-bottom-14-119879' title='\u00abUni ex his minimis. Ici J\u00e9sus ne d\u00e9signe pas seulement les Ap\u00f3\u00adtres, ni les chr\u00e9tiens, mais en g\u00e9neral tous les infortun\u00e9s; ils sont ses frares, il vit en eux en tant qu&amp;#8217;il est le vrai chef de l&amp;#8217;humanit\u00e9. &lt;i&gt;&amp;#8216;Uni ex his minimis&amp;#8217;. Aqu\u00ed Jes\u00fas no designa solamente a los Ap\u00f3stoles ni a los cristianos, sino en general a todos los desafortunados; ellos son sus her\u00admanos, \u00e9l vive en ellos, por cuanto que es cabeza de la humanidad\u00bb.&lt;\/i&gt;&lt;\/p&gt;\n&lt;p&gt;&lt;i&gt;La Sainte Bible. Evangile selon Saint Matthieu &lt;\/i&gt;par 1, L&amp;#8217;Aus. L. FaLori. Paris 1878, p. 488.&lt;i&gt;&lt;\/i&gt;&lt;\/p&gt;\n&lt;p&gt;\u00abTout homme, surtout malheureux, est regard\u00e9 par J\u00e9sus comme un fr\u00e9re qu&amp;#8217;il est venu sauver et dont il fait sienne la cause. &lt;i&gt;Todo hombre, particularmente el desgraciado es mirado por Jes\u00fas como un hermano que \u00e9l ha venido a salvar, cuya causa toma \u00e9l como propia\u00bb&lt;\/i&gt;.&lt;\/p&gt;\n&lt;p&gt;P. BENOIT, O.P., &lt;i&gt;L&amp;#8217;Evangile selon Saint Matthieu. La Sainte Bible sous la dir. de l&amp;#8217;Ecole Biblique de J\u00e9rusalem. &lt;\/i&gt;Paris, 1950, p. 146.&lt;\/p&gt;\n&lt;p&gt;\u00abLe Sauveur fait sienne la cause de tour ceux qui ont objectivement besoin de secours, quelles que soient leurs dispositions subjectives. &lt;i&gt;El Sal\u00advador hace suya la causa de todos aquellos que tienen objetivamente necesidad de auxilio, sean cuales fueren sus disposiciones subjetivas\u00bb.&lt;\/i&gt;&lt;\/p&gt;\n&lt;p&gt;PREISS, &lt;i&gt;Le myst\u00e9re du Fils de l&amp;#8217;homme, op. cit., &lt;\/i&gt;p. 27.&lt;\/p&gt;\n&lt;p&gt;\u00abQuid ais? Fratres tui sunt; quomodo minimos appellas? Ideo certe fratres, quia humiles, pauperes, abjecti. &lt;i&gt;\u00bfQu\u00e9 dices? Son hermanos tuyos; \u00bfC\u00f3mo es que los llamas &amp;#8216;los m\u00e1s peque\u00f1os&amp;#8217;? Por \u00e9sto precisamente son hermanos, por cuanto que son humildes,pobres, abjectos\u00bb.&lt;\/i&gt;&lt;\/p&gt;\n&lt;p&gt;JOANN. CHRYS. &lt;i&gt;In Mattheaum hom. &lt;\/i&gt;LXXIX, P.G. 58, p. 718.'><sup>14<\/sup><\/a><\/span>.<\/p>\n<p>La \u00fanica condici\u00f3n que cuenta para el sentido de las palabras de Jes\u00fas es \u00e9sta: su vida pobre, su insignificancia, su carencia de fama y de nombre y principalmente sus nece\u00adsidades y privaciones materiales.<\/p>\n<h3>7. <i>Los m\u00e1s peque\u00f1os, memoria del misterio de la Encarnaci\u00f3n<\/i><\/h3>\n<p>En el punto anterior hemos considerado los m\u00e1s peque\u00ad\u00f1os como continuadores de la misma vida pobre de Jes\u00fas.<\/p>\n<p>Siguiendo en la misma l\u00ednea veamos ahora c\u00f3mo ellos son una memoria viviente no solamente de la vida humilde del Dios-hombre, sino del misterio mismo de la Encarnaci\u00f3n.<\/p>\n<p>Vale decir, la pobreza de Cristo fue no s\u00f3lo una con\u00addici\u00f3n de orden social, una circunstancia de su vida; en \u00e9l reviste un significado m\u00e1s profundo; est\u00e1 en la base misma del misterio del Dios hecho hombre.<\/p>\n<p>El eterno h\u00edzose temporal en la carne.<\/p>\n<p>El primog\u00e9nito nacido en el seno de Dios en esplendor de santidad, mecido en los albores de la eternidad por el amor del Padre, aparece revestido de la humilde naturaleza humana.<\/p>\n<p>\u00bfQu\u00e9 es la carne humana sino vaso de alfarero, pobres andrajos para su gloria de unig\u00e9nito del Padre?Este misterio ha conmovido profundamente a Pablo. Nadie lo ha expresado tan en\u00e9rgicamente como en el himno de la Carta a los Filipenses, 2, 5 ss:<\/p>\n<p><i>\u00abExinanivit semetipsum! <\/i>Se anonad\u00f3&#8230;\u00bb.<\/p>\n<p>\u00abSiendo de condici\u00f3n divina, se anonad\u00f3 tomando con\u00addici\u00f3n de esclavo <i>&#8216;formam servi accipiens'\u00bb.<\/i><\/p>\n<p>Pensemos qu\u00e9 condici\u00f3n pod\u00eda evocar a la mente de los oyentes de Pablo esta palabra: \u00abformam servi, condici\u00f3n de esclavo\u00bb.<\/p>\n<p>Este estado de abatimiento en Cristo forma el fondo mismo del misterio de la Encarnaci\u00f3n.<\/p>\n<p>Jes\u00fas pod\u00eda haberse considerado pobre, m\u00edsero y desnu\u00addo tan s\u00f3lo por el hecho de haber asumido la naturaleza humana.<\/p>\n<p>He ah\u00ed lo que conmueve a Pablo, el predicador de la cruz de Cristo:<\/p>\n<p><i>\u00abEgenus factus est cum esset dives. <\/i>Se hizo pobre indi\u00adgente, siendo como era rico!\u00bb, 2Co 8, 9.<\/p>\n<p>Paralelismo conmovedor que tan s\u00f3lo pudo expresar el gran ap\u00f3stol, el m\u00e1s profundo conocedor del misterio de Cristo: <i>\u00abServus&#8230; cum in forma Dei esset. <\/i>Esclavo&#8230; siendo como era de naturaleza divina\u00bb.<\/p>\n<p><i>\u00abEgenus&#8230; cum esset dives. <\/i>Pobre indigente&#8230; siendo como era rico\u00bb.<\/p>\n<p>Este es el primer fundamento de Mt 25, 31-46.<\/p>\n<p>En este sentido los m\u00e1s peque\u00f1os, los m\u00edseros, los des\u00adheredados del mundo, son ya aptos para ser una memoria viva de quien descendi\u00f3 a tal condici\u00f3n.<\/p>\n<p>De frente a este grande y fundamental empobrecimiento del heredero de la gloria de Dios,\u00bfqu\u00e9 cuenta ya una condici\u00f3n m\u00e1s o menos feliz dentro de la escala m\u00edsera de los valores humanos? \u00bfQu\u00e9 significa una condici\u00f3n m\u00e1s o menos elevada vaya \u00e9sta de rey a mendigo?<\/p>\n<p>Sin embargo para continuar en la misma l\u00ednea hasta el fin <i>\u2014in finem&#8230; <\/i>Jes\u00fas va siempre hasta el fin, cfr. Jn 13, 1\u2014 asumir\u00e1 una condici\u00f3n m\u00e1s cercana a la de mendigo que a la de rey.<\/p>\n<p>As\u00ed sufrir\u00e1 en su carne toda especie de dolor y privaci\u00f3n que lo har\u00e1n \u00abprimicia de los pobres\u00bb como se expresar\u00eda Pablo.<\/p>\n<p>La cualidad de rey quedar\u00e1 reservada como nos descri\u00adbe Mt 25, 31-46 para consuelo eterno de los m\u00e1s peque\u00f1os y de aquellos que le sirvieron en ellos.<\/p>\n<h3>8. <i>Los m\u00e1s peque\u00f1os suplen la invisibilidad de Dios<\/i><\/h3>\n<p>Amar a Dios con todas las fuerzas es el primer manda\u00admiento de la Ley.<\/p>\n<p>Pero \u00bfc\u00f3mo cumplir pr\u00e1cticamente el gran mandamien\u00adto? Parece tender\u00eda a quedar en la esfera de lo abstracto.<\/p>\n<p>Por m\u00e1s que Yahv\u00e9h es un Dios personal \u00bfc\u00f3mo llegar hasta El para demostrarle y hacerle sentir que le amamos con todas las fuerzas?<\/p>\n<p>\u00abDeum nemo vidit umquam! Dios es invisible&#8230;\u00bb, Un 4, 12.<\/p>\n<p>Aunque no lo excluye, el mandamiento no va dirigido a la parte afectiva. Los afectos del coraz\u00f3n tienen como objeto adaptado y propio los seres visibles, los semejantes.<\/p>\n<p>El mandamiento tiende a dirigir a Dios ante todo la pre\u00adferencia espiritual de la voluntad<span id='easy-footnote-15-119879' class='easy-footnote-margin-adjust'><\/span><span class='easy-footnote'><a href='https:\/\/vincentians.com\/es\/identificacion-de-jesucristo-con-el-pobre-parte-i-capitulo-4\/#easy-footnote-bottom-15-119879' title='Conf. Summa Theol. Ha IIae Q.XXIV, art. 1.'><sup>15<\/sup><\/a><\/span>.<\/p>\n<p>De aqu\u00ed nacer\u00e1n la elevaci\u00f3n del alma a Dios en la ora\u00adci\u00f3n, la acci\u00f3n de gracias, el aprecio sumo debido al Ser su\u00adpremo, la disposici\u00f3n de ofrecerse a s\u00ed mismo. Cierto, la m\u00edstica conoce los estados de uni\u00f3n \u00edntima y afectiva entre Dios y el alma.<\/p>\n<p>Pero la caridad sea afectiva, sea puramente espiritual, tiene una tendencia a manifestarse por actos exteriores, a dar de lo propio, incluso en el orden material.<\/p>\n<p>El tan conocido axioma: \u00abProbatio dilectionis, exhibitio est operis. La prueba del amor son las obras\u00bb. Dicho en cas\u00adtellano castizo: \u00abObras son amores y no buenas razones\u00bb.<\/p>\n<p>Por esto la caridad dirigida a Dios queda al parecer imposibilitada en una de sus tendencias, privada de algo tan de su complemento.<\/p>\n<p>\u00bfQu\u00e9 necesidad que Dios tenga puede satisfacer la criatura?<\/p>\n<p>\u00bfQui\u00e9n jam\u00e1s le ha dado algo? Cfr. Rm 11, 34.<\/p>\n<p>\u00bfEs siquiera posible la acci\u00f3n de dar con respecto a Dios?<\/p>\n<p>Este problema ha preocupado en todos los tiempos el sentimiento religioso de los pueblos.<\/p>\n<p>De esta tendencia naci\u00f3 una acci\u00f3n b\u00e1sica de la religi\u00f3n: el sacrificio.<\/p>\n<p>Con ingenuidad de ni\u00f1o, el hombre sent\u00eda necesidad de ofrecer a Dios algo de lo que formaba sus bienes en los tiem\u00adpos b\u00edblicos, sus bueyes, sus ovejas, su pan, su vino. Las pri\u00admeras p\u00e1ginas de la Escritura nos hablan ya de los sacrifi\u00adcios hechos a Dios. Para &#8216;darle&#8217; algo de los propios bienes al Creador, el \u00fanico medio era desprenderse de ellos, destru\u00ady\u00e9ndolos por el fuego.Pero \u00bften\u00eda acaso Yahv\u00e9h hambre para satisfacerla con aquellos dones? Y si la tuviera \u00bfqu\u00e9 necesidad tendr\u00eda de don de hombre?<\/p>\n<p>De aqu\u00ed la pintoresca r\u00e9plica ante la multiplicaci\u00f3n de los bueyes y terneros inmolados: \u00abM\u00edas son las fieras de las selvas, los millares de animales que corren por los montes&#8230; Si tuviere hambre no te lo dir\u00eda a ti&#8230;\u00bb, Sal 49.<\/p>\n<p>\u00abQuiero la misericordia y no el sacrificio\u00bb, Os 6, 6.<\/p>\n<p>He aqu\u00ed la primera insinuaci\u00f3n de una orientaci\u00f3n nueva<span id='easy-footnote-16-119879' class='easy-footnote-margin-adjust'><\/span><span class='easy-footnote'><a href='https:\/\/vincentians.com\/es\/identificacion-de-jesucristo-con-el-pobre-parte-i-capitulo-4\/#easy-footnote-bottom-16-119879' title='\u00abNam et prophetae hoc semper et ubique dicebant; misericordiam volo et non sacrificium (Osee 6, 6) et legislator tam verbis quam rebus ad hoc ubique hortatur, ipsaque natura id docet. &lt;i&gt;Pues ya los profetas dec\u00edan \u00e9sto siempre y por doquier: &amp;#8216;Quiero la misericordia y no el sa\u00adcrificio, Os 6, 6&amp;#8217;, y el legislador exhorta a lo mismo de palabra y de obra; a\u00fan la propia naturaleza lo ense\u00f1a\u00bb.&lt;\/i&gt;&lt;\/p&gt;\n&lt;p&gt;JOANN. Cmris. &lt;i&gt;In Mattheaum hom. &lt;\/i&gt;LXXIX, P.G. 58, p. 718.'><sup>16<\/sup><\/a><\/span>.<\/p>\n<p>Yahv\u00e9h, en lugar de sacrificios \u2014y notemos que el sa\u00adcrificio era esencialmente &#8216;teol\u00f3gico&#8217;, es decir dirigido a Dios directamente\u2014, reclama la misericordia, misericordia evi\u00addentemente no para s\u00ed, sino con relaci\u00f3n al pr\u00f3jimo.<\/p>\n<p>He ah\u00ed pues una verdadera sustituci\u00f3n de Dios por el hermano, como beneficiario de la tendencia humana de darle algo al Creador.<\/p>\n<p>No es dif\u00edcil adivinar en esta simple palabra &#8216;misericor\u00addia&#8217; que Dios quiere en sustituci\u00f3n al sacrificio, toda la se\u00adrie de buenas obras \u2014las obras de misericordia\u2014 ya amplia\u00admente enumeradas en el AT, Cfr. Tb 4, 8-19.<\/p>\n<p>He aqu\u00ed pues en germen una doctrina que Jes\u00fas anuncia\u00adr\u00e1 y llevar\u00e1 a su pleno desarollo: Es decir, la sustituci\u00f3n del hermano por \u00e9l mismo para la demostraci\u00f3n, la parte pr\u00e1c\u00adtica de la caridad que le es debida<span id='easy-footnote-17-119879' class='easy-footnote-margin-adjust'><\/span><span class='easy-footnote'><a href='https:\/\/vincentians.com\/es\/identificacion-de-jesucristo-con-el-pobre-parte-i-capitulo-4\/#easy-footnote-bottom-17-119879' title='\u00abJ\u00e9sus demande que l&amp;#8217;ardent amour qu&amp;#8217;on lui doit trouve son emploi dans le soin du prochain. &lt;i&gt;Jes\u00fas exige que el amor ardiente que se le debe a \u00e9l, se haga realidad en la atenci\u00f3n prestada al pr\u00f3jimo\u00bb. &lt;\/i&gt;LAGRANGE, &lt;i&gt;Evangile selon Saint Matthieu, op. cit., &lt;\/i&gt;p. 487.'><sup>17<\/sup><\/a><\/span>.<\/p>\n<p>Vale tanto como decir, identificaci\u00f3n de dos objetos al parecer tan distantes: Dios y criatura formando objeto di\u00adrecto de una \u00fanica caridad.<\/p>\n<p>La expresi\u00f3n m\u00e1s exacta y admirable de esta doctrina es la declaraci\u00f3n de Jes\u00fas:<\/p>\n<p>\u00abLo que hab\u00e9is hecho a uno de estos hermanos m\u00edos m\u00e1s peque\u00f1os es a M\u00ed que lo hab\u00e9is hecho\u00bb.<\/p>\n<p>He aqu\u00ed porque a la pregunta del doctor de la Ley sobre el primer mandamiento, Jes\u00fas a\u00f1ade inseparablemente y co\u00admo parte integrante el segundo.<\/p>\n<p>Ser\u00eda imposible poder hablar de amor a Dios si no pudi\u00e9\u00adramos demostrarlo. La demostraci\u00f3n son las obras. Dios no puede recibirlas. Por tanto no queda otro camino que prac\u00adticarlas en bien de &#8216;los m\u00e1s peque\u00f1os&#8217;.<\/p>\n<p>Y Dios mismo ha propuesto esta soluci\u00f3n.<\/p>\n<p>Jes\u00fas la ha anunciado formando parte del misterio de su Encarnaci\u00f3n y de su vida pobre.<\/p>\n<p>Los Ap\u00f3stoles comprendieron bien la doctrina del Maes\u00adtro, hasta proponerla en frases peregrinas. Como la palabra de Santiago, el amigo de los pobres:<\/p>\n<p><i>La religi\u00f3n pura e inmaculada ante Dios Padre consis\u00adte en visitar los hu\u00e9rfanos y viudas en sus tribulaciones&#8230;, St <\/i>1, 27.<\/p>\n<p>Esta frase tiene todo el tono de proponer un resumen, el meollo de la religi\u00f3n.Extra\u00f1a definici\u00f3n para quienes religi\u00f3n lleva a la men\u00adte ante todos los atrios y los altares de su templo y sus ritos.<\/p>\n<p><i>Quien no ama al hermano a quien ve, \u00bfc\u00f3mo amar\u00e1 a Dios a quien no ve?, <\/i>1 Jn 4, 20.<\/p>\n<p>Razonamiento ingenuo al parecer.<\/p>\n<p>El hermano propuesto para suplir ante nuestros ojos de carne la invisibilidad de Dios.<\/p>\n<p>El hermano propuesto para poder ofrecer a Dios un amor integral no truncado, no abstracto, no desprovisto de su virtualidad de obrar.<\/p>\n<p>La idea de ofrecer cabritos y bueyes inmolados por el fuego para \u00abdarle\u00bb algo de lo suyo a Dios era m\u00e1s bien una idea venida en mente humana, una idea ingenua al fin que Yahv\u00e9h condescendi\u00f3 por alg\u00fan tiempo en aceptar.<\/p>\n<p>La de darle en la persona de los hermanos m\u00e1s peque\u00f1os es una idea surgida de la mente divina.<\/p>\n<h3>9. <i>Los m\u00e1s peque\u00f1os en el Cuerpo M\u00edstico<\/i><\/h3>\n<p>\u00bfQu\u00e9 relaci\u00f3n tiene la identificaci\u00f3n de Jesucristo con el pobre que hemos venido estudiando a la luz de Mt 25, 31-46 con la doctrina del Cuerpo M\u00edstico<span id='easy-footnote-18-119879' class='easy-footnote-margin-adjust'><\/span><span class='easy-footnote'><a href='https:\/\/vincentians.com\/es\/identificacion-de-jesucristo-con-el-pobre-parte-i-capitulo-4\/#easy-footnote-bottom-18-119879' title='V\u00e9ase a prop\u00f3sito de \u00e9sto lo que dice Merschs:&lt;\/p&gt;\n&lt;p&gt;\u00abQu&amp;#8217;on h\u00e9site \u00e1 la qualifier de physique (esta unidad) cela se com\u00adprend: on aurait l&amp;#8217;air de la ranger dans les cadres de l&amp;#8217;ordre naturel&amp;#8230; Le mieux pour la nommer est de lui garder son nom traditionel et l&amp;#8217;appeler &lt;i&gt;mystique. &lt;\/i&gt;Mais il doit \u00e9tre bien entendu que ce terme n&amp;#8217;est nullement synonyme de vaporeux et de semir\u00e9el. Il signifie au contraire quelque chose qui d\u00e9passe, en pl\u00e9nitude et en r\u00e9alit\u00e9 les objets de la nature et aussi les id\u00e9es positives que peut s&amp;#8217;en farmer n\u00f3tre raison. &lt;i&gt;Se comprende bien que se dude de calificarla como f\u00edsica (esta unidad). Causar\u00eda la impresi\u00f3n de que se la encuadra en el orden natural&amp;#8230; La mejor manera de designarla es reservarle su nombre tradicional, y llamar\u00adla &lt;\/i&gt;m\u00edstica. &lt;i&gt;Pero enti\u00e9ndase bien que tal t\u00e9rmino no es en modo alguno sin\u00f3nimo de vaporoso o semirreal. Por el contrario, significa algo que sobrepasa en plenitud y en realidad los objetos de la naturaleza, como asimismo las ideas positivas que puede formarse nuestra raz\u00f3n\u00bb.&lt;\/i&gt;&lt;\/p&gt;\n&lt;p&gt;MERSCHS, E., &lt;i&gt;Le Corps Mistique du Crist, &lt;\/i&gt;Vol. I. Paris, Descl\u00e9e, 1936, p. XXIII ss.'><sup>18<\/sup><\/a><\/span>.<\/p>\n<p>Se comprende f\u00e1cilmente que existe una relaci\u00f3n muy estrecha: Los pobres, todos los que sufren, pueden conside\u00adrarse como parte del Cristo Total \u2014y parte muy princi\u00adpal<span id='easy-footnote-19-119879' class='easy-footnote-margin-adjust'><\/span><span class='easy-footnote'><a href='https:\/\/vincentians.com\/es\/identificacion-de-jesucristo-con-el-pobre-parte-i-capitulo-4\/#easy-footnote-bottom-19-119879' title='Bossuet los llama: \u00abMembres les plus precieux&amp;#8230; les principaux membres de J\u00e9sus-Christ et les premiers-n\u00e9s de l&amp;#8217;Eglise. &lt;i&gt;Los miembros m\u00e1s preciosos&amp;#8230; los miembros principales de Jesucristo y los primog\u00e9nitos de la Iglesia\u00bb.&lt;i&gt; Oeuvres&amp;#8230;, op. cit., &lt;\/i&gt;t. 12, pp. 8 y 10&lt;\/i&gt;.'><sup>19<\/sup><\/a><\/span>\u2014 por tanto es Cristo, la Cabeza, que sufre en sus miembros, de un modo real en el mismo grado que pueda concebirse la unidad del Cuerpo M\u00edstico <sup>19<\/sup>.Ellos son los miembros por los cuales el Salvador siente un &#8216;amor particular\u00edsimo&#8217; en frase de P\u00edo XII, quien inculca la doctrina que ha formado siempre un tema de la predica\u00adci\u00f3n cristiana: que en la pr\u00e1ctica de la caridad para con los pobres debe ser reconocida en ellos la persona misma de Jes\u00fas<span id='easy-footnote-20-119879' class='easy-footnote-margin-adjust'><\/span><span class='easy-footnote'><a href='https:\/\/vincentians.com\/es\/identificacion-de-jesucristo-con-el-pobre-parte-i-capitulo-4\/#easy-footnote-bottom-20-119879' title='\u00abChristifideles&amp;#8230; ea (membra) sibi corde habebunt erga quae Servator noster peculiarissimo amore affectus est: infirmos, dicimus, san\u00adcios et aegrotos, qui vel naturali, vel superno medicamine indigent; pue\u00adros, quorum innocentia tam facile hodie periclitatur, quorumque animula ut cera effingitur; pauperes denique, in quibus juvandis &lt;i&gt;ipsa Jesu Christi persona miseratione summa agnoscenda est. &lt;\/i&gt;&lt;i&gt;Los fieles de Cristo&amp;#8230; ten\u00addr\u00e1n presentes en su coraz\u00f3n aquellos miembros por quienes nuestro Salvador siente particular amor: nos referimos a los d\u00e9biles, disminuidos y enfermos, que se hallan necesitados de remedio natural o espiritual; los ni\u00f1os, cuya inocencia se halla hoy tan f\u00e1cilmente en peligro, cuya tierna alma capta im\u00e1genes e impresiones como la cera; los pobres en fin, en cuya asistencia &lt;\/i&gt;se ha de reconocer con suma piedad la persona misma de Jesucristo\u00bb.&lt;\/p&gt;\n&lt;p&gt;Enc. \u00abMystici Corporis\u00bb, A.A.S. (1943) p. 239.&lt;\/p&gt;\n&lt;p&gt;Parecidas palabras tiene P\u00edo X:&lt;\/p&gt;\n&lt;p&gt;\u00abIl faut voir dans les pauvres non seulement l&amp;#8217;image mais la personne m\u00e9me de n\u00f3tre Seigneur J\u00e9sus-Christ. &lt;i&gt;Es preciso ver en los pobres no solamente la imagen sino la persona misma de Nuestro Se\u00f1or Jesucristo\u00bb.&lt;\/i&gt;&lt;\/p&gt;\n&lt;p&gt;Discours aux conf\u00e9rences de Saint Vincent de Paul, 16 avril 1909 (cita de Merschs).&lt;\/p&gt;\n&lt;p&gt;Por si alguien objetase que el concepto de miembro es a\u00fan demasiado importante para significar a la multitud inmensa de los pobres, enfermos, disminuidos, los m\u00e1s peque\u00f1os, en fin, de Mt 25, 31-46, Juan Pablo II lleva la imagen paulina a su \u00faltimo desarrollo, acorde con la ciencia actual: \u00abEl Ap\u00f3stol habla de miembros, pero se podr\u00eda pensar tambi\u00e9n en hablar de &amp;#8216;los \u00f3rganos&amp;#8217; e incluso de las &amp;#8216;c\u00e9lulas&amp;#8217; del organismo&amp;#8230;\u00bb.&lt;\/p&gt;\n&lt;p&gt;JUAN PABLO II, &lt;i&gt;Ense\u00f1anzas al Pueblo de Dios, &lt;\/i&gt;B.A.C. Madrid, 1982, pp. 238-9.'><sup>20<\/sup><\/a><\/span>\n<p>Este motivo viene tambi\u00e9n con frecuencia en boca de los Padres.Valga entre todos el testimonio de San Agust\u00edn:<\/p>\n<p>\u00abHab\u00eda puesto ante vosotros en la tierra mis m\u00e1s peque\u00ad\u00f1os. Yo como cabeza estaba sentado a la diestra del Padre pero mis miembros sufr\u00edan en la tierra; mis miembros en la tierra padec\u00edan penuria; dar\u00edais a mis miembros y llegar\u00eda a la cabeza lo que dar\u00edais\u00bb<span id='easy-footnote-21-119879' class='easy-footnote-margin-adjust'><\/span><span class='easy-footnote'><a href='https:\/\/vincentians.com\/es\/identificacion-de-jesucristo-con-el-pobre-parte-i-capitulo-4\/#easy-footnote-bottom-21-119879' title='\u00abMinimos meos egentes posueram vobis in terra. Ego, tamquam caput, in coelo sedebam ad dexteram Patris, sed membra mea in terra laborabant, membra mea in terra egebant; membris meis daretis et ad caput perveniret quod daretis\u00bb.&lt;\/p&gt;\n&lt;p&gt;S. Augustinus. Sermo XVIII, P.L. 38, p. 131.'><sup>21<\/sup><\/a><\/span>.<\/p>\n<p>\u00abEn todos los cristianos debe ser amado aqu\u00e9l que dijo: &#8216;Tuve hambre y me disteis de comer&#8217;. No dijo &#8216;Les disteis a ellos&#8217;; sino, &#8216;me disteis a M\u00ed&#8217;. \u00a1Tan grande es la caridad de la cabeza para con su cuerpo!<span id='easy-footnote-22-119879' class='easy-footnote-margin-adjust'><\/span><span class='easy-footnote'><a href='https:\/\/vincentians.com\/es\/identificacion-de-jesucristo-con-el-pobre-parte-i-capitulo-4\/#easy-footnote-bottom-22-119879' title='\u00abIn omnibus ergo sanctis suis ipse est amandus qui ait: esurivi et dedistis mihi manducare (Mt 25, 35). Non enim ait: Dedistis illis; sed, dedistis mihi. Tanta est chantas capitis erga corpus suum!\u00bb.&lt;\/p&gt;\n&lt;p&gt;S. Augustinus. Sermo CXCVII, P.L. 38, p. 1024.'><sup>22<\/sup><\/a><\/span><i>.<\/i><\/p>\n<p>Los te\u00f3logos en fin, al notar los diversos miembros que componen el Cuerpo M\u00edstico de Cristo paran atenci\u00f3n a esta parte m\u00edsera de la humanidad para asignarle, si no el puesto de mayor dignidad, s\u00ed el de preferencia:\u00bbLa doctrina del Cuerpo M\u00edstico aviva el sentimiento de la caridad de unos miembros para con otros; ella reviste de los rasgos amables de Cristo&#8230; particularmente los desgra\u00adciados, todos los que sufren: ella hace comprender la pro\u00adfunda verdad de la palabra de Jes\u00fas: &#8216;lo que hag\u00e1is a estos hermanos m\u00edos m\u00e1s peque\u00f1os, <i>es a M\u00ed <\/i>que lo habr\u00e9is hecho'\u00bb<span id='easy-footnote-23-119879' class='easy-footnote-margin-adjust'><\/span><span class='easy-footnote'><a href='https:\/\/vincentians.com\/es\/identificacion-de-jesucristo-con-el-pobre-parte-i-capitulo-4\/#easy-footnote-bottom-23-119879' title='JOSEPH ANGER, &lt;i&gt;La doctrine du Corps Mystique de J\u00e9sus-Christ, d&amp;#8217;apr\u00e9s les pr\u00edncipes de la th\u00e9ologie de Saint Thomas. &lt;\/i&gt;Paris, 1946, pp. 393-94.'><sup>23<\/sup><\/a><\/span>.<\/p>\n<p>Santo Tom\u00e1s tambi\u00e9n comenta estos vers\u00edculos, dando como raz\u00f3n la uni\u00f3n de la cabeza y los miembros en el Cuerpo M\u00edstico<span id='easy-footnote-24-119879' class='easy-footnote-margin-adjust'><\/span><span class='easy-footnote'><a href='https:\/\/vincentians.com\/es\/identificacion-de-jesucristo-con-el-pobre-parte-i-capitulo-4\/#easy-footnote-bottom-24-119879' title='Cfr. S. THOMAE AQUINATrIS, &lt;i&gt;super Ev. S. Matthaei lectura, &lt;\/i&gt;Ro\u00admae, 1951.'><sup>24<\/sup><\/a><\/span>.<\/p>\n<p>Sin embargo \u00bfdebe considerarse la identificaci\u00f3n de Cristo y &#8216;los m\u00e1s peque\u00f1os&#8217; simplemente como una cuesti\u00f3n parcial en el conjunto de la doctrina del Cristo Total?<\/p>\n<p>Baste notar un punto:<\/p>\n<p>Para la incorporaci\u00f3n al Cuerpo M\u00edstico, cuenta princi\u00adpalmente la cualidad de cristiano y la particiaci\u00f3n de la gracia de Cristo, adquirida y aumentada por la recepci\u00f3n de los sacramentos.<\/p>\n<p>En cambio, para la identificaci\u00f3n de Jes\u00fas con los m\u00e1s peque\u00f1os lo que cuenta ante todo es la vida pobre y humil\u00adde, las privaciones sufridas.<\/p>\n<p>Cuentan con un t\u00edtulo propio.<\/p>\n<p>Cierto que los m\u00e1s peque\u00f1os pueden estar incorporados a Cristo por la gracia y la cualidad de cristianos. <i>Pero no ne\u00adcesariamente. <\/i>La piedad cristiana no ha entendido nunca que la caridad deba restringirse a los cristianos para ser re\u00adlacionada a Jes\u00fas.<\/p>\n<h3><i>10. Conclusi\u00f3n, seg\u00fan las categor\u00edas cl\u00e1sicas de la Cristolog\u00eda<\/i><\/h3>\n<p>A modo de conclusi\u00f3n, resumamos ahora defini\u00e9ndolos mejor los conceptos que hemos venido expresando.<\/p>\n<p>Admitido que se trata de una identificaci\u00f3n no solamen\u00adte jur\u00eddica, sino real en alg\u00fan sentido, ocurre preguntarnos:<\/p>\n<p>\u00bfHasta d\u00f3nde llega esta realidad?<span id='easy-footnote-25-119879' class='easy-footnote-margin-adjust'><\/span><span class='easy-footnote'><a href='https:\/\/vincentians.com\/es\/identificacion-de-jesucristo-con-el-pobre-parte-i-capitulo-4\/#easy-footnote-bottom-25-119879' title='Viene aqu\u00ed a prop\u00f3sito lo que Merschs advierte de buen prin\u00adcipio acerca de la unidad del Cuerpo M\u00edstico:&lt;\/p&gt;\n&lt;p&gt;\u00abCe n&amp;#8217;est pas pour rien que l&amp;#8217;unit\u00e9 dont il s&amp;#8217;agit ici a recu comme d\u00e9signation habituelle, le terme de mystique, de mysterieuse&amp;#8230; Pour la comprendre il faudrait comprendr\u00e9 toute la doctrine chr\u00e9tienne. Inutil de pr\u00e9tendre ici-bas tant de clart\u00e9&amp;#8230;&lt;\/p&gt;\n&lt;p&gt;Quand Dieu parle de cette unit\u00e9 de gr\u00e1ce dans l&amp;#8217;Ecriture et dans les P\u00e9res, A emploi bien plus les comparaisons et les expressions suggestives, mais impr\u00e9cises que les d\u00e9finitions et le expos\u00e9s rigoureux. Les formules gardent un certain vague o\u00fa la raison toujours g\u00e9ometrique, ne trouve pas les concepts clairs et distincts qui la satisfont. &lt;i&gt;No est\u00e1 desprovisto de raz\u00f3n el hecho de haber recibido la unidad de que aqu\u00ed tratamos como designaci\u00f3n habitual el t\u00e9rmino de m\u00edstica, de misteriosa&amp;#8230; Para com\u00adprenderla preciso ser\u00eda comprender toda la doctrina cristiana. In\u00fatil pre\u00adtender aqu\u00ed abajo tanta claridad&amp;#8230;&lt;\/i&gt;&lt;\/p&gt;\n&lt;p&gt;&lt;i&gt;Cuando Dios habla de esta unidad de gracia en la Escritura y en los Padres, emplea m\u00e1s bien las comparaciones y expresiones sugestivas, pero imprecisas, que las definiciones y exposiciones rigurosas. Las f\u00f3rmulas guardan siempre una cierta vaguedad, en la cual la raz\u00f3n siempre geo\u00adm\u00e9trica no halla los conceptos claros y distintos que la satisfacen\u00bb.&lt;\/i&gt;&lt;\/p&gt;\n&lt;p&gt;MERSCHS, E., &lt;i&gt;op. cit., &lt;\/i&gt;t. 1, p. XXV.'><sup>25<\/sup><\/a><\/span>\n<p>1. Es evidente que no se trata de una identificaci\u00f3n sustancial o personal.La persona de Jes\u00fas como la de los m\u00e1s peque\u00f1os per\u00admanecen incomunicables.<\/p>\n<p>Excluyamos, pues, toda unidad de orden hypost\u00e1tico en\u00adtre Jes\u00fas y los m\u00e1s peque\u00f1os a semejanza de la uni\u00f3n perso\u00adnal entre el Verbo y la naturaleza humana en Cristo, en virtud de la cual la persona divina se hace <i>\u00fanico sujeto de atribuci\u00f3n, <\/i>de manera que lo que se hace a la naturaleza humana de Jes\u00fas se hace a su persona divina, al Verbo.<\/p>\n<p>No, los m\u00e1s peque\u00f1os no est\u00e1n en la misma l\u00ednea que la naturaleza humana de Jes\u00fas hist\u00f3rico.<\/p>\n<p>2. No est\u00e1n en el mismo orden de realidad. <i>Pero son una continuaci\u00f3n y extensi\u00f3n en el tiempo por lo que res\u00adpecta a su humillaci\u00f3n, <\/i>humillaci\u00f3n que est\u00e1 en la base mis\u00adma de la Encarnaci\u00f3n (\u2014\u00bbexinanivit semetipsum, se <i>anona\u00add\u00f3\u00bb; <\/i>\u00abegenus factus est, <i>se hizo pobre\u00bb\u2014) y de su pobreza y sufrimientos.<\/i><\/p>\n<p>Una continuaci\u00f3n y extensi\u00f3n m\u00edstica para emplear un t\u00e9rmino aceptado en teolog\u00eda.<\/p>\n<p>Las privaciones, el hambre y la sed, de los m\u00e1s peque\u00ad\u00f1os, no son, es evidente, las que Jes\u00fas sufri\u00f3 f\u00edsicamente sino su extensi\u00f3n y complemento m\u00edstico \u2014\u00bbadimpleo quae de\u00adsunt, <i>suplo en m\u00ed lo que faltaba\u00bb\u2014, <\/i>las que no se extendie\u00adron m\u00e1s por la limitaci\u00f3n del tiempo de su vida y de la na\u00adturaleza f\u00edsica. Expresado de otro modo, Jes\u00fas contin\u00faa su\u00adfriendo en ellos, lo que no le es posible sufrir en su estado de gloria.<\/p>\n<p>En virtud de esta <i>comuni\u00f3n de vida humilde y penosa <\/i>podemos hablar de la persona de Jes\u00fas como <i>sujeto de atribuci\u00f3n <\/i>con relaci\u00f3n a las necesidades sufridas y la conducta de los juzgados con relaci\u00f3n a las mismas.<\/p>\n<p>3. Una identificaci\u00f3n muy clara viene por parte de la caridad que es una y la misma en cuanto Jes\u00fas y los m\u00e1s peque\u00f1os, sin confundirse, forman un solo objeto adecuado de una misma caridad.<\/p>\n<p>Jes\u00fas solo ser\u00eda objeto incompleto<span id='easy-footnote-26-119879' class='easy-footnote-margin-adjust'><\/span><span class='easy-footnote'><a href='https:\/\/vincentians.com\/es\/identificacion-de-jesucristo-con-el-pobre-parte-i-capitulo-4\/#easy-footnote-bottom-26-119879' title='Sto. Tom\u00e1s llama \u00abcaritatem insufficientem et imperfectam\u00bb la que tuviera en cuenta a Dios s\u00f3lo. Summa Theol. IIa IIae, Q.28, a8.'><sup>26<\/sup><\/a><\/span> \u2014fuera de los po\u00adcos que vivieron en torno a \u00e9l, las dem\u00e1s generaciones no hubieran podido asistirle. La caridad quedar\u00eda desvirtuada.<\/p>\n<p>Ahora bien, cuando dos cosas, o dos personas forman un <i>solo objeto, <\/i>puede hablarse de identificaci\u00f3n.<\/p>\n<p>4. As\u00ed pues Jes\u00fas en el juicio continu\u00f3 en la misma l\u00ed\u00adnea de cuando puso el mandamiento del amor al pr\u00f3jimo junto al del amor a Dios. S\u00f3lo que en Mt 25, 31-46 lo defi\u00adne a\u00fan m\u00e1s claramente y da un paso m\u00e1s hasta el final: no s\u00f3lo es semejante sino que es uno mismo. Y el pr\u00f3jimo est\u00e1 representado ante todo por los necesitados, por los m\u00e1s pe\u00adque\u00f1os.<\/p>\n<p>5. Jes\u00fas se da a s\u00ed mismo para ser amado en la persona del pobre. No como sustituci\u00f3n. Eso ser\u00eda contrario aI intento mismo de la escena del Juicio. Se seguir\u00eda que los m\u00e1s peque\u00f1os no ser\u00edan amados sino s\u00f3lo Jes\u00fas a trav\u00e9s de ellos. Jes\u00fas no intenta sustituirse sino darse a amar como complemento, como sublimaci\u00f3n de la caridad y est\u00edmulo a las obras de misericordia que es la conclusi\u00f3n pr\u00e1ctica de toda la ense\u00f1anza de Mt 25, 31-46.<\/p>\n<p>6. No s\u00f3lo amar y servir a los pobres <i>por amor a Cris\u00adto <\/i>(Jes\u00fas t\u00e9rmino indirecto).Sino que a la luz de Mt 25, 31-46 es m\u00e1s exacta la expre\u00adsi\u00f3n: Amar y servir <i>a Jes\u00fas en los pobres, <\/i>en los m\u00e1s pe\u00adque\u00f1os&#8230; (Jes\u00fas t\u00e9rmino directo).<\/p>\n<p>As\u00ed lo exige la expresi\u00f3n: <i>\u00abEs a M\u00ed <\/i>que lo hab\u00e9is hecho\u00bb. No explic\u00f3 que lo hubieran hecho por El sino <i>a El.<\/i><\/p>\n<h3>11. <i>Otra conclusi\u00f3n complementaria<\/i><\/h3>\n<p>Sin embargo estos puntos expresados a la luz del pen\u00adsamiento tradicional filos\u00f3fico-teol\u00f3gico, presente en la for\u00admulaci\u00f3n de la Cristolog\u00eda de los ss. III y IV y perpetuada despu\u00e9s por la Escol\u00e1stica, que pone particular \u00e9nfasis en los conceptos de &#8216;esencia&#8217;, &#8216;individuo&#8217;, &#8216;naturaleza&#8217;, &#8216;personalidad o hip\u00f3stasis&#8217;; si bien es correcto, queda un tanto abstracto y da lugar a una ilusi\u00f3n de falsa claridad.<\/p>\n<p>Remiti\u00e9ndonos a otra l\u00ednea de pensamiento que tambi\u00e9n se remonta a la antig\u00fcedad, concretamente al Neoplatonismo y en los tiempos modernos hallan su formulaci\u00f3n en las dis\u00adtintas filosof\u00edas no fundadas en una metaf\u00edsica de las esen\u00adcias, sino en un existencialismo o historicismo (\u00abel hombre no nace hecho sino que se construye a trav\u00e9s de sus actos y decisiones\u00bb, \u00abel hombre no es una esencia inmutable sino una historia que halla su sentido final y su culminaci\u00f3n en el momento de su muerte\u00bb). Estructuralismo (\u00abel hombre no es un ser que tenga sentido por s\u00ed, sino como parte encua\u00addrada en una estructura superior a \u00e9l, como revela su ser social y la naturaleza misma del lenguaje fuera de lo cual el hombre no es concebible como tal&#8230;\u00bb).<\/p>\n<p>Remiti\u00e9ndonos adem\u00e1s a la propia etimolog\u00eda de la pa\u00adlabra <i>persona <\/i>que lejos de designar una realidad substancial o subsistente por s\u00ed misma denota curios\u00edsimamente la &#8216;m\u00e1s\u00adcara de teatro&#8217; con que los comediantes en la antig\u00fcedad cl\u00e1sica grecorromana ocultaban en la escena su rostro real y les serv\u00eda a la vez para amplificar la voz: &#8216;Persona&#8217; = &#8216;per sonare&#8217; = &#8216;sonar m\u00e1s, amplificar la voz&#8217;.<\/p>\n<p>En tal l\u00ednea de sentido los m\u00e1s peque\u00f1os de Mt 25, 31\u00ad46 son s\u00ed la <i>&#8216;persona&#8217;, <\/i>apariencia, m\u00e1scara, que oculta un ros\u00adtro real detr\u00e1s, Cristo, que asume a trav\u00e9s de ellos expresio\u00adnes diversas, m\u00e1s o menos agraciadas y frecuentemente de\u00adformadas y aun grotescas; que vive a trav\u00e9s de ellos histo\u00adrias distintas, originales e irrepetibles en su individualidad, con su carga real de dramatismo. Y \u00e9sto hasta la consuma\u00adci\u00f3n de los tiempos.<\/p>\n<p>Ateni\u00e9ndonos al bello lenguaje de la antig\u00fcedad los m\u00e1s peque\u00f1os son una Cristofan\u00eda (del griego <i>fan\u00f3 = <\/i>manifesta\u00adci\u00f3n) en el tiempo.<\/p>\n<p>En tal l\u00ednea de pensamiento ateni\u00e9ndonos a nuestro te\u00adma se puede hablar, m\u00e1s a\u00fan que de una <i>identificaci\u00f3n <\/i>en\u00adtre Cristo y los m\u00e1s peque\u00f1os, de una <i>identidad.<\/i><\/p>\n","protected":false},"excerpt":{"rendered":"<p>IV: Los fundamentos de la identificaci\u00f3n en Mt 25, 31-46 y sentido de la misma Examinado el pasaje evang\u00e9lico, estudiemos ahora m\u00e1s detenidamente la doctrina que se desprende de \u00e9l.Pueden proponerse varias cuestiones acerca del &#8230; <a href=\"https:\/\/vincentians.com\/es\/identificacion-de-jesucristo-con-el-pobre-parte-i-capitulo-4\/\" class=\"more-link\">Read More<\/a><\/p>\n","protected":false},"author":4,"featured_media":119846,"comment_status":"open","ping_status":"open","sticky":false,"template":"","format":"standard","meta":{"jetpack_post_was_ever_published":false,"_jetpack_newsletter_access":"","_jetpack_dont_email_post_to_subs":false,"_jetpack_newsletter_tier_id":0,"_jetpack_memberships_contains_paywalled_content":false,"_jetpack_memberships_contains_paid_content":false,"footnotes":"","jetpack_publicize_message":"","jetpack_publicize_feature_enabled":true,"jetpack_social_post_already_shared":true,"jetpack_social_options":{"image_generator_settings":{"template":"highway","default_image_id":0,"font":"","enabled":false},"version":2}},"categories":[28],"tags":[172],"class_list":["post-119879","post","type-post","status-publish","format-standard","has-post-thumbnail","hentry","category-formacion-vicenciana","tag-pobreza"],"yoast_head":"<!-- This site is optimized with the Yoast SEO plugin v26.3 - https:\/\/yoast.com\/wordpress\/plugins\/seo\/ -->\n<title>Identificaci\u00f3n de Jesucristo con el pobre. Parte I, Cap\u00edtulo 4 - Somos Vicencianos<\/title>\n<meta name=\"robots\" content=\"index, follow, max-snippet:-1, max-image-preview:large, max-video-preview:-1\" \/>\n<link rel=\"canonical\" href=\"http:\/\/vincentians.com\/es\/identificacion-de-jesucristo-con-el-pobre-parte-i-capitulo-4\/\" \/>\n<meta property=\"og:locale\" content=\"es_ES\" \/>\n<meta property=\"og:type\" content=\"article\" \/>\n<meta property=\"og:title\" content=\"Identificaci\u00f3n de Jesucristo con el pobre. Parte I, Cap\u00edtulo 4 - Somos Vicencianos\" \/>\n<meta property=\"og:description\" content=\"IV: Los fundamentos de la identificaci\u00f3n en Mt 25, 31-46 y sentido de la misma Examinado el pasaje evang\u00e9lico, estudiemos ahora m\u00e1s detenidamente la doctrina que se desprende de \u00e9l.Pueden proponerse varias cuestiones acerca del ... Read More\" \/>\n<meta property=\"og:url\" content=\"http:\/\/vincentians.com\/es\/identificacion-de-jesucristo-con-el-pobre-parte-i-capitulo-4\/\" \/>\n<meta property=\"og:site_name\" content=\"Somos Vicencianos\" \/>\n<meta property=\"article:publisher\" content=\"https:\/\/www.facebook.com\/WeAreVincentians\/\" \/>\n<meta property=\"article:author\" content=\"https:\/\/www.facebook.com\/JavierChento\" \/>\n<meta property=\"article:published_time\" content=\"2015-02-13T02:30:15+00:00\" \/>\n<meta property=\"article:modified_time\" content=\"2016-07-26T17:17:56+00:00\" \/>\n<meta name=\"author\" content=\"Francisco Javier Fern\u00e1ndez Chento\" \/>\n<meta name=\"twitter:card\" content=\"summary_large_image\" \/>\n<meta name=\"twitter:creator\" content=\"@https:\/\/twitter.com\/javierchento\" \/>\n<meta name=\"twitter:site\" content=\"@WeVincentians\" \/>\n<meta name=\"twitter:label1\" content=\"Escrito por\" \/>\n\t<meta name=\"twitter:data1\" content=\"Francisco Javier Fern\u00e1ndez Chento\" \/>\n\t<meta name=\"twitter:label2\" content=\"Tiempo de lectura\" \/>\n\t<meta name=\"twitter:data2\" content=\"48 minutos\" \/>\n<script type=\"application\/ld+json\" class=\"yoast-schema-graph\">{\"@context\":\"https:\/\/schema.org\",\"@graph\":[{\"@type\":\"Article\",\"@id\":\"http:\/\/vincentians.com\/es\/identificacion-de-jesucristo-con-el-pobre-parte-i-capitulo-4\/#article\",\"isPartOf\":{\"@id\":\"http:\/\/vincentians.com\/es\/identificacion-de-jesucristo-con-el-pobre-parte-i-capitulo-4\/\"},\"author\":{\"name\":\"Francisco Javier Fern\u00e1ndez Chento\",\"@id\":\"http:\/\/vincentians.com\/es\/#\/schema\/person\/9623ef4d9aa3b2dfb8c061f1499288f2\"},\"headline\":\"Identificaci\u00f3n de Jesucristo con el pobre. Parte I, Cap\u00edtulo 4\",\"datePublished\":\"2015-02-13T02:30:15+00:00\",\"dateModified\":\"2016-07-26T17:17:56+00:00\",\"mainEntityOfPage\":{\"@id\":\"http:\/\/vincentians.com\/es\/identificacion-de-jesucristo-con-el-pobre-parte-i-capitulo-4\/\"},\"wordCount\":9631,\"commentCount\":0,\"publisher\":{\"@id\":\"http:\/\/vincentians.com\/es\/#organization\"},\"image\":{\"@id\":\"http:\/\/vincentians.com\/es\/identificacion-de-jesucristo-con-el-pobre-parte-i-capitulo-4\/#primaryimage\"},\"thumbnailUrl\":\"\",\"keywords\":[\"Pobreza\"],\"articleSection\":[\"Formaci\u00f3n Vicenciana\"],\"inLanguage\":\"es\",\"potentialAction\":[{\"@type\":\"CommentAction\",\"name\":\"Comment\",\"target\":[\"http:\/\/vincentians.com\/es\/identificacion-de-jesucristo-con-el-pobre-parte-i-capitulo-4\/#respond\"]}]},{\"@type\":\"WebPage\",\"@id\":\"http:\/\/vincentians.com\/es\/identificacion-de-jesucristo-con-el-pobre-parte-i-capitulo-4\/\",\"url\":\"http:\/\/vincentians.com\/es\/identificacion-de-jesucristo-con-el-pobre-parte-i-capitulo-4\/\",\"name\":\"Identificaci\u00f3n de Jesucristo con el pobre. Parte I, Cap\u00edtulo 4 - Somos Vicencianos\",\"isPartOf\":{\"@id\":\"http:\/\/vincentians.com\/es\/#website\"},\"primaryImageOfPage\":{\"@id\":\"http:\/\/vincentians.com\/es\/identificacion-de-jesucristo-con-el-pobre-parte-i-capitulo-4\/#primaryimage\"},\"image\":{\"@id\":\"http:\/\/vincentians.com\/es\/identificacion-de-jesucristo-con-el-pobre-parte-i-capitulo-4\/#primaryimage\"},\"thumbnailUrl\":\"\",\"datePublished\":\"2015-02-13T02:30:15+00:00\",\"dateModified\":\"2016-07-26T17:17:56+00:00\",\"breadcrumb\":{\"@id\":\"http:\/\/vincentians.com\/es\/identificacion-de-jesucristo-con-el-pobre-parte-i-capitulo-4\/#breadcrumb\"},\"inLanguage\":\"es\",\"potentialAction\":[{\"@type\":\"ReadAction\",\"target\":[\"http:\/\/vincentians.com\/es\/identificacion-de-jesucristo-con-el-pobre-parte-i-capitulo-4\/\"]}]},{\"@type\":\"ImageObject\",\"inLanguage\":\"es\",\"@id\":\"http:\/\/vincentians.com\/es\/identificacion-de-jesucristo-con-el-pobre-parte-i-capitulo-4\/#primaryimage\",\"url\":\"\",\"contentUrl\":\"\"},{\"@type\":\"BreadcrumbList\",\"@id\":\"http:\/\/vincentians.com\/es\/identificacion-de-jesucristo-con-el-pobre-parte-i-capitulo-4\/#breadcrumb\",\"itemListElement\":[{\"@type\":\"ListItem\",\"position\":1,\"name\":\"Portada\",\"item\":\"http:\/\/vincentians.com\/es\/\"},{\"@type\":\"ListItem\",\"position\":2,\"name\":\"Identificaci\u00f3n de Jesucristo con el pobre. Parte I, Cap\u00edtulo 4\"}]},{\"@type\":\"WebSite\",\"@id\":\"http:\/\/vincentians.com\/es\/#website\",\"url\":\"http:\/\/vincentians.com\/es\/\",\"name\":\"Somos Vicencianos\",\"description\":\"Know more to serve more\",\"publisher\":{\"@id\":\"http:\/\/vincentians.com\/es\/#organization\"},\"potentialAction\":[{\"@type\":\"SearchAction\",\"target\":{\"@type\":\"EntryPoint\",\"urlTemplate\":\"http:\/\/vincentians.com\/es\/?s={search_term_string}\"},\"query-input\":{\"@type\":\"PropertyValueSpecification\",\"valueRequired\":true,\"valueName\":\"search_term_string\"}}],\"inLanguage\":\"es\"},{\"@type\":\"Organization\",\"@id\":\"http:\/\/vincentians.com\/es\/#organization\",\"name\":\"The Vincentian Network\",\"url\":\"http:\/\/vincentians.com\/es\/\",\"logo\":{\"@type\":\"ImageObject\",\"inLanguage\":\"es\",\"@id\":\"http:\/\/vincentians.com\/es\/#\/schema\/logo\/image\/\",\"url\":\"https:\/\/i1.wp.com\/vincentians.com\/es\/wp-content\/uploads\/sites\/11\/2016\/06\/Vincentian-Network-logo-big.png?fit=778%2C778\",\"contentUrl\":\"https:\/\/i1.wp.com\/vincentians.com\/es\/wp-content\/uploads\/sites\/11\/2016\/06\/Vincentian-Network-logo-big.png?fit=778%2C778\",\"width\":778,\"height\":778,\"caption\":\"The Vincentian Network\"},\"image\":{\"@id\":\"http:\/\/vincentians.com\/es\/#\/schema\/logo\/image\/\"},\"sameAs\":[\"https:\/\/www.facebook.com\/WeAreVincentians\/\",\"https:\/\/x.com\/WeVincentians\"]},{\"@type\":\"Person\",\"@id\":\"http:\/\/vincentians.com\/es\/#\/schema\/person\/9623ef4d9aa3b2dfb8c061f1499288f2\",\"name\":\"Francisco Javier Fern\u00e1ndez Chento\",\"image\":{\"@type\":\"ImageObject\",\"inLanguage\":\"es\",\"@id\":\"http:\/\/vincentians.com\/es\/#\/schema\/person\/image\/\",\"url\":\"https:\/\/secure.gravatar.com\/avatar\/497d5cde87b4c3d097d0315953521681ba2cd523ee66e5077c3711f7021e65de?s=96&d=mm&r=g\",\"contentUrl\":\"https:\/\/secure.gravatar.com\/avatar\/497d5cde87b4c3d097d0315953521681ba2cd523ee66e5077c3711f7021e65de?s=96&d=mm&r=g\",\"caption\":\"Francisco Javier Fern\u00e1ndez Chento\"},\"description\":\"Director General y cofundador de La Red de Formaci\u00f3n Vicenciana. Javier es laico vicenciano, afiliado a la Congregaci\u00f3n de la Misi\u00f3n y miembro del Equipo de Misiones Populares de la provincia can\u00f3nica de Zaragoza (Espa\u00f1a) de la Congregaci\u00f3n de la Misi\u00f3n. Graduado en la Universidad Oberta de Catalunya con cuatro grados (Asistente de direcci\u00f3n, Gesti\u00f3n Administrativa, Recursos Humanos y Contabilidad Avanzada). Bil\u00edng\u00fce Espa\u00f1ol\/Ingl\u00e9s. gestiona y mantiene varias p\u00e1ginas web cristianas y vicencianas, incluida including La Red de Formaci\u00f3n Vicenciana, de la que es cofundador. Actualmente es responsable del \u00e1rea de Espa\u00f1ol de .famvin, la Red de Noticias de la Familia Vicenciana. Tambi\u00e9n es m\u00fasico cat\u00f3lico y ha editado varios discos. Es Director General y cofundador de Trovador, una reconocida compa\u00f1\u00eda discogr\u00e1fica critiana de Espa\u00f1a. Trabaja en las Tecnolog\u00edas de la Informaci\u00f3n, ofreciendo servicios de alojamiento, dise\u00f1o y mantenimiento Web, as\u00ed como asesoramiento, formaci\u00f3n y soluciones inform\u00e1ticas, gesti\u00f3n documental y digitalizaci\u00f3n de textos, edici\u00f3n y maquetaci\u00f3n de libros, revistas, flyers, etc.\",\"sameAs\":[\"http:\/\/chento.org\",\"https:\/\/www.facebook.com\/JavierChento\",\"https:\/\/x.com\/https:\/\/twitter.com\/javierchento\"],\"url\":\"https:\/\/vincentians.com\/es\/author\/chento\/\"}]}<\/script>\n<!-- \/ Yoast SEO plugin. -->","yoast_head_json":{"title":"Identificaci\u00f3n de Jesucristo con el pobre. Parte I, Cap\u00edtulo 4 - Somos Vicencianos","robots":{"index":"index","follow":"follow","max-snippet":"max-snippet:-1","max-image-preview":"max-image-preview:large","max-video-preview":"max-video-preview:-1"},"canonical":"http:\/\/vincentians.com\/es\/identificacion-de-jesucristo-con-el-pobre-parte-i-capitulo-4\/","og_locale":"es_ES","og_type":"article","og_title":"Identificaci\u00f3n de Jesucristo con el pobre. Parte I, Cap\u00edtulo 4 - Somos Vicencianos","og_description":"IV: Los fundamentos de la identificaci\u00f3n en Mt 25, 31-46 y sentido de la misma Examinado el pasaje evang\u00e9lico, estudiemos ahora m\u00e1s detenidamente la doctrina que se desprende de \u00e9l.Pueden proponerse varias cuestiones acerca del ... Read More","og_url":"http:\/\/vincentians.com\/es\/identificacion-de-jesucristo-con-el-pobre-parte-i-capitulo-4\/","og_site_name":"Somos Vicencianos","article_publisher":"https:\/\/www.facebook.com\/WeAreVincentians\/","article_author":"https:\/\/www.facebook.com\/JavierChento","article_published_time":"2015-02-13T02:30:15+00:00","article_modified_time":"2016-07-26T17:17:56+00:00","author":"Francisco Javier Fern\u00e1ndez Chento","twitter_card":"summary_large_image","twitter_creator":"@https:\/\/twitter.com\/javierchento","twitter_site":"@WeVincentians","twitter_misc":{"Escrito por":"Francisco Javier Fern\u00e1ndez Chento","Tiempo de lectura":"48 minutos"},"schema":{"@context":"https:\/\/schema.org","@graph":[{"@type":"Article","@id":"http:\/\/vincentians.com\/es\/identificacion-de-jesucristo-con-el-pobre-parte-i-capitulo-4\/#article","isPartOf":{"@id":"http:\/\/vincentians.com\/es\/identificacion-de-jesucristo-con-el-pobre-parte-i-capitulo-4\/"},"author":{"name":"Francisco Javier Fern\u00e1ndez Chento","@id":"http:\/\/vincentians.com\/es\/#\/schema\/person\/9623ef4d9aa3b2dfb8c061f1499288f2"},"headline":"Identificaci\u00f3n de Jesucristo con el pobre. Parte I, Cap\u00edtulo 4","datePublished":"2015-02-13T02:30:15+00:00","dateModified":"2016-07-26T17:17:56+00:00","mainEntityOfPage":{"@id":"http:\/\/vincentians.com\/es\/identificacion-de-jesucristo-con-el-pobre-parte-i-capitulo-4\/"},"wordCount":9631,"commentCount":0,"publisher":{"@id":"http:\/\/vincentians.com\/es\/#organization"},"image":{"@id":"http:\/\/vincentians.com\/es\/identificacion-de-jesucristo-con-el-pobre-parte-i-capitulo-4\/#primaryimage"},"thumbnailUrl":"","keywords":["Pobreza"],"articleSection":["Formaci\u00f3n Vicenciana"],"inLanguage":"es","potentialAction":[{"@type":"CommentAction","name":"Comment","target":["http:\/\/vincentians.com\/es\/identificacion-de-jesucristo-con-el-pobre-parte-i-capitulo-4\/#respond"]}]},{"@type":"WebPage","@id":"http:\/\/vincentians.com\/es\/identificacion-de-jesucristo-con-el-pobre-parte-i-capitulo-4\/","url":"http:\/\/vincentians.com\/es\/identificacion-de-jesucristo-con-el-pobre-parte-i-capitulo-4\/","name":"Identificaci\u00f3n de Jesucristo con el pobre. Parte I, Cap\u00edtulo 4 - Somos Vicencianos","isPartOf":{"@id":"http:\/\/vincentians.com\/es\/#website"},"primaryImageOfPage":{"@id":"http:\/\/vincentians.com\/es\/identificacion-de-jesucristo-con-el-pobre-parte-i-capitulo-4\/#primaryimage"},"image":{"@id":"http:\/\/vincentians.com\/es\/identificacion-de-jesucristo-con-el-pobre-parte-i-capitulo-4\/#primaryimage"},"thumbnailUrl":"","datePublished":"2015-02-13T02:30:15+00:00","dateModified":"2016-07-26T17:17:56+00:00","breadcrumb":{"@id":"http:\/\/vincentians.com\/es\/identificacion-de-jesucristo-con-el-pobre-parte-i-capitulo-4\/#breadcrumb"},"inLanguage":"es","potentialAction":[{"@type":"ReadAction","target":["http:\/\/vincentians.com\/es\/identificacion-de-jesucristo-con-el-pobre-parte-i-capitulo-4\/"]}]},{"@type":"ImageObject","inLanguage":"es","@id":"http:\/\/vincentians.com\/es\/identificacion-de-jesucristo-con-el-pobre-parte-i-capitulo-4\/#primaryimage","url":"","contentUrl":""},{"@type":"BreadcrumbList","@id":"http:\/\/vincentians.com\/es\/identificacion-de-jesucristo-con-el-pobre-parte-i-capitulo-4\/#breadcrumb","itemListElement":[{"@type":"ListItem","position":1,"name":"Portada","item":"http:\/\/vincentians.com\/es\/"},{"@type":"ListItem","position":2,"name":"Identificaci\u00f3n de Jesucristo con el pobre. Parte I, Cap\u00edtulo 4"}]},{"@type":"WebSite","@id":"http:\/\/vincentians.com\/es\/#website","url":"http:\/\/vincentians.com\/es\/","name":"Somos Vicencianos","description":"Know more to serve more","publisher":{"@id":"http:\/\/vincentians.com\/es\/#organization"},"potentialAction":[{"@type":"SearchAction","target":{"@type":"EntryPoint","urlTemplate":"http:\/\/vincentians.com\/es\/?s={search_term_string}"},"query-input":{"@type":"PropertyValueSpecification","valueRequired":true,"valueName":"search_term_string"}}],"inLanguage":"es"},{"@type":"Organization","@id":"http:\/\/vincentians.com\/es\/#organization","name":"The Vincentian Network","url":"http:\/\/vincentians.com\/es\/","logo":{"@type":"ImageObject","inLanguage":"es","@id":"http:\/\/vincentians.com\/es\/#\/schema\/logo\/image\/","url":"https:\/\/i1.wp.com\/vincentians.com\/es\/wp-content\/uploads\/sites\/11\/2016\/06\/Vincentian-Network-logo-big.png?fit=778%2C778","contentUrl":"https:\/\/i1.wp.com\/vincentians.com\/es\/wp-content\/uploads\/sites\/11\/2016\/06\/Vincentian-Network-logo-big.png?fit=778%2C778","width":778,"height":778,"caption":"The Vincentian Network"},"image":{"@id":"http:\/\/vincentians.com\/es\/#\/schema\/logo\/image\/"},"sameAs":["https:\/\/www.facebook.com\/WeAreVincentians\/","https:\/\/x.com\/WeVincentians"]},{"@type":"Person","@id":"http:\/\/vincentians.com\/es\/#\/schema\/person\/9623ef4d9aa3b2dfb8c061f1499288f2","name":"Francisco Javier Fern\u00e1ndez Chento","image":{"@type":"ImageObject","inLanguage":"es","@id":"http:\/\/vincentians.com\/es\/#\/schema\/person\/image\/","url":"https:\/\/secure.gravatar.com\/avatar\/497d5cde87b4c3d097d0315953521681ba2cd523ee66e5077c3711f7021e65de?s=96&d=mm&r=g","contentUrl":"https:\/\/secure.gravatar.com\/avatar\/497d5cde87b4c3d097d0315953521681ba2cd523ee66e5077c3711f7021e65de?s=96&d=mm&r=g","caption":"Francisco Javier Fern\u00e1ndez Chento"},"description":"Director General y cofundador de La Red de Formaci\u00f3n Vicenciana. Javier es laico vicenciano, afiliado a la Congregaci\u00f3n de la Misi\u00f3n y miembro del Equipo de Misiones Populares de la provincia can\u00f3nica de Zaragoza (Espa\u00f1a) de la Congregaci\u00f3n de la Misi\u00f3n. Graduado en la Universidad Oberta de Catalunya con cuatro grados (Asistente de direcci\u00f3n, Gesti\u00f3n Administrativa, Recursos Humanos y Contabilidad Avanzada). Bil\u00edng\u00fce Espa\u00f1ol\/Ingl\u00e9s. gestiona y mantiene varias p\u00e1ginas web cristianas y vicencianas, incluida including La Red de Formaci\u00f3n Vicenciana, de la que es cofundador. Actualmente es responsable del \u00e1rea de Espa\u00f1ol de .famvin, la Red de Noticias de la Familia Vicenciana. Tambi\u00e9n es m\u00fasico cat\u00f3lico y ha editado varios discos. Es Director General y cofundador de Trovador, una reconocida compa\u00f1\u00eda discogr\u00e1fica critiana de Espa\u00f1a. Trabaja en las Tecnolog\u00edas de la Informaci\u00f3n, ofreciendo servicios de alojamiento, dise\u00f1o y mantenimiento Web, as\u00ed como asesoramiento, formaci\u00f3n y soluciones inform\u00e1ticas, gesti\u00f3n documental y digitalizaci\u00f3n de textos, edici\u00f3n y maquetaci\u00f3n de libros, revistas, flyers, etc.","sameAs":["http:\/\/chento.org","https:\/\/www.facebook.com\/JavierChento","https:\/\/x.com\/https:\/\/twitter.com\/javierchento"],"url":"https:\/\/vincentians.com\/es\/author\/chento\/"}]}},"jetpack_publicize_connections":[],"jetpack_featured_media_url":"","jetpack_sharing_enabled":true,"jetpack_shortlink":"https:\/\/wp.me\/p7ETMF-vbx","jetpack-related-posts":[{"id":119848,"url":"https:\/\/vincentians.com\/es\/la-identificacion-de-jesucristo-con-el-pobre-parte-i-capitulo-1\/","url_meta":{"origin":119879,"position":0},"title":"Identificaci\u00f3n de Jesucristo con el pobre. Parte I, Cap\u00edtulo 1","author":"Francisco Javier Fern\u00e1ndez Chento","date":"10\/02\/2015","format":false,"excerpt":"Parte I: La identificaci\u00f3n en Mt 25, 31-46 \"Cuando el Hijo del hombre venga en su gloria acompa\u00f1ado de todos sus \u00e1ngeles, entonces se sentar\u00e1 en su trono de gloria.Pondr\u00e1 las ovejas a su derecha,Entonces dir\u00e1 el Rey a los de su derecha:'Venid benditos de mi Padre, recibid la herencia\u2026","rel":"","context":"En \u00abFormaci\u00f3n Vicenciana\u00bb","block_context":{"text":"Formaci\u00f3n Vicenciana","link":"https:\/\/vincentians.com\/es\/category\/formacion-vicenciana\/"},"img":{"alt_text":"","src":"","width":0,"height":0},"classes":[]},{"id":119878,"url":"https:\/\/vincentians.com\/es\/identificacion-de-jesucristo-con-el-pobre-parte-i-capitulo-3\/","url_meta":{"origin":119879,"position":1},"title":"Identificaci\u00f3n de Jesucristo con el pobre. Parte I, Cap\u00edtulo 3","author":"Francisco Javier Fern\u00e1ndez Chento","date":"12\/02\/2015","format":false,"excerpt":"III. Las par\u00e1bolas de la vigilancia y Mt 25, 31-46 Volviendo p\u00e1gina atr\u00e1s del evangelio de Mateo en los vers\u00edculos inmediatamente anteriores a nuestro texto halla\u00admos las par\u00e1bolas dichas \"de la vigilancia\": la del Mayor\u00addomo, 24, 45-51, de las V\u00edrgenes o Doncellas, 25, 1-13, y la de los Talentos, 25,\u2026","rel":"","context":"En \u00abFormaci\u00f3n Vicenciana\u00bb","block_context":{"text":"Formaci\u00f3n Vicenciana","link":"https:\/\/vincentians.com\/es\/category\/formacion-vicenciana\/"},"img":{"alt_text":"","src":"","width":0,"height":0},"classes":[]},{"id":386710,"url":"https:\/\/vincentians.com\/es\/3o-domingo-t-reflexion-ross-reyes-dizon\/","url_meta":{"origin":119879,"position":2},"title":"3\u00ba Domingo de T.O. (reflexi\u00f3n de Ross Reyes Dizon)","author":"Francisco Javier Fern\u00e1ndez Chento","date":"21\/01\/2016","format":false,"excerpt":"Evangelizar a los pobres con solidez Jes\u00fas ha sido enviado para evangelizar a los pobres. Para esta misi\u00f3n lo ha ungido Dios con el Esp\u00edritu. Pero evangelizar no es algo \u00abespiritual\u00bb en el sentido de \u00abirreal\u00bb e \u00abin\u00fatil\u00bb siquiera. Evangelizar no es solo anunciar por palabra y de manera abstracta\u2026","rel":"","context":"En \u00abHomil\u00edas y reflexiones, A\u00f1o C\u00bb","block_context":{"text":"Homil\u00edas y reflexiones, A\u00f1o C","link":"https:\/\/vincentians.com\/es\/category\/homilias-y-reflexiones-a-la-palabra-de-dios\/homilias-y-reflexiones-ano-c\/"},"img":{"alt_text":"","src":"https:\/\/i0.wp.com\/vincentians.com\/es\/wp-content\/uploads\/sites\/11\/2016\/07\/reflexiones-ross.jpg?fit=1200%2C630&ssl=1&resize=350%2C200","width":350,"height":200,"srcset":"https:\/\/i0.wp.com\/vincentians.com\/es\/wp-content\/uploads\/sites\/11\/2016\/07\/reflexiones-ross.jpg?fit=1200%2C630&ssl=1&resize=350%2C200 1x, https:\/\/i0.wp.com\/vincentians.com\/es\/wp-content\/uploads\/sites\/11\/2016\/07\/reflexiones-ross.jpg?fit=1200%2C630&ssl=1&resize=525%2C300 1.5x, https:\/\/i0.wp.com\/vincentians.com\/es\/wp-content\/uploads\/sites\/11\/2016\/07\/reflexiones-ross.jpg?fit=1200%2C630&ssl=1&resize=700%2C400 2x, https:\/\/i0.wp.com\/vincentians.com\/es\/wp-content\/uploads\/sites\/11\/2016\/07\/reflexiones-ross.jpg?fit=1200%2C630&ssl=1&resize=1050%2C600 3x"},"classes":[]},{"id":146151,"url":"https:\/\/vincentians.com\/es\/la-ascension-del-senor-reflexion-de-mario-yepez-c-m\/","url_meta":{"origin":119879,"position":3},"title":"La Ascensi\u00f3n del Se\u00f1or (reflexi\u00f3n de Mario Y\u00e9pez, C.M.)","author":"Francisco Javier Fern\u00e1ndez Chento","date":"16\/05\/2015","format":false,"excerpt":"Tocad con maestr\u00eda Jes\u00fas vuelve al Padre. Pareciera que su misi\u00f3n ha concluido. Pero, \u00bfquienes quedaron de aquellas multitudes que a lo largo de su vida lo siguieron? Los evangelios s\u00f3lo nos manifiestan la presencia de estos once ap\u00f3stoles, temerosos en el momento de la verdad; pero luego misteriosamente privilegiados\u2026","rel":"","context":"En \u00abHomil\u00edas y reflexiones, A\u00f1o B\u00bb","block_context":{"text":"Homil\u00edas y reflexiones, A\u00f1o B","link":"https:\/\/vincentians.com\/es\/category\/homilias-y-reflexiones-a-la-palabra-de-dios\/homilias-y-reflexiones-ano-b\/"},"img":{"alt_text":"","src":"https:\/\/i0.wp.com\/vincentians.com\/es\/wp-content\/uploads\/sites\/11\/2016\/07\/reflexiones-palabra-de-dios.jpg?fit=1200%2C630&ssl=1&resize=350%2C200","width":350,"height":200,"srcset":"https:\/\/i0.wp.com\/vincentians.com\/es\/wp-content\/uploads\/sites\/11\/2016\/07\/reflexiones-palabra-de-dios.jpg?fit=1200%2C630&ssl=1&resize=350%2C200 1x, https:\/\/i0.wp.com\/vincentians.com\/es\/wp-content\/uploads\/sites\/11\/2016\/07\/reflexiones-palabra-de-dios.jpg?fit=1200%2C630&ssl=1&resize=525%2C300 1.5x, https:\/\/i0.wp.com\/vincentians.com\/es\/wp-content\/uploads\/sites\/11\/2016\/07\/reflexiones-palabra-de-dios.jpg?fit=1200%2C630&ssl=1&resize=700%2C400 2x, https:\/\/i0.wp.com\/vincentians.com\/es\/wp-content\/uploads\/sites\/11\/2016\/07\/reflexiones-palabra-de-dios.jpg?fit=1200%2C630&ssl=1&resize=1050%2C600 3x"},"classes":[]},{"id":132868,"url":"https:\/\/vincentians.com\/es\/domingo-4o-de-adviento-reflexion-de-jose-roman-flecha\/","url_meta":{"origin":119879,"position":4},"title":"Domingo 4\u00ba de Adviento (reflexi\u00f3n de Jos\u00e9 Rom\u00e1n Flecha)","author":"Francisco Javier Fern\u00e1ndez Chento","date":"16\/12\/2014","format":false,"excerpt":"EL REY Y LA SIERVA Domingo 4\u00ba de Adviento. B 21 de diciembre de 2014 \"Afirmar\u00e9 despu\u00e9s de ti la descendencia que saldr\u00e1 de tus entra\u00f1as y consolidar\u00e9 el trono de su realeza. Yo ser\u00e9 para \u00e9l un padre y \u00e9l ser\u00e1 para m\u00ed un hijo\". Esa es la promesa\u2026","rel":"","context":"En \u00abHomil\u00edas y reflexiones, A\u00f1o B\u00bb","block_context":{"text":"Homil\u00edas y reflexiones, A\u00f1o B","link":"https:\/\/vincentians.com\/es\/category\/homilias-y-reflexiones-a-la-palabra-de-dios\/homilias-y-reflexiones-ano-b\/"},"img":{"alt_text":"","src":"https:\/\/i0.wp.com\/vincentians.com\/es\/wp-content\/uploads\/sites\/11\/2016\/07\/reflexiones-palabra-de-dios.jpg?fit=1200%2C630&ssl=1&resize=350%2C200","width":350,"height":200,"srcset":"https:\/\/i0.wp.com\/vincentians.com\/es\/wp-content\/uploads\/sites\/11\/2016\/07\/reflexiones-palabra-de-dios.jpg?fit=1200%2C630&ssl=1&resize=350%2C200 1x, https:\/\/i0.wp.com\/vincentians.com\/es\/wp-content\/uploads\/sites\/11\/2016\/07\/reflexiones-palabra-de-dios.jpg?fit=1200%2C630&ssl=1&resize=525%2C300 1.5x, https:\/\/i0.wp.com\/vincentians.com\/es\/wp-content\/uploads\/sites\/11\/2016\/07\/reflexiones-palabra-de-dios.jpg?fit=1200%2C630&ssl=1&resize=700%2C400 2x, https:\/\/i0.wp.com\/vincentians.com\/es\/wp-content\/uploads\/sites\/11\/2016\/07\/reflexiones-palabra-de-dios.jpg?fit=1200%2C630&ssl=1&resize=1050%2C600 3x"},"classes":[]},{"id":125540,"url":"https:\/\/vincentians.com\/es\/novena-a-la-virgen-milagrosa-2013-dia-sexto\/","url_meta":{"origin":119879,"position":5},"title":"Novena a la Virgen Milagrosa 2013: D\u00eda sexto","author":"Francisco Javier Fern\u00e1ndez Chento","date":"24\/11\/2013","format":false,"excerpt":"Siembra en nuestra fe la ALEGR\u00cdA DEL RESUCITADO. (Solemnidad de Cristo Rey) Clausura del A\u00f1o de la Fe - D\u00eda de la misi\u00f3n de Honduras MONICI\u00d3N DE ENTRADA Bienvenidos a la celebraci\u00f3n de la solemnidad de Cristo Rey. Jes\u00fas entra en Jerusal\u00e9n para morir en la cruz, pero tambi\u00e9n para\u2026","rel":"","context":"En \u00abVirgen Mar\u00eda\u00bb","block_context":{"text":"Virgen Mar\u00eda","link":"https:\/\/vincentians.com\/es\/category\/espiritualidad\/virgen-maria\/"},"img":{"alt_text":"Milagrosa_Pamplona_2013","src":"https:\/\/i0.wp.com\/vicencianos.org\/wp-content\/2012\/11\/Milagrosa_Pamplona_2013-201x300.jpg?resize=350%2C200","width":350,"height":200},"classes":[]}],"_links":{"self":[{"href":"https:\/\/vincentians.com\/es\/wp-json\/wp\/v2\/posts\/119879","targetHints":{"allow":["GET"]}}],"collection":[{"href":"https:\/\/vincentians.com\/es\/wp-json\/wp\/v2\/posts"}],"about":[{"href":"https:\/\/vincentians.com\/es\/wp-json\/wp\/v2\/types\/post"}],"author":[{"embeddable":true,"href":"https:\/\/vincentians.com\/es\/wp-json\/wp\/v2\/users\/4"}],"replies":[{"embeddable":true,"href":"https:\/\/vincentians.com\/es\/wp-json\/wp\/v2\/comments?post=119879"}],"version-history":[{"count":0,"href":"https:\/\/vincentians.com\/es\/wp-json\/wp\/v2\/posts\/119879\/revisions"}],"wp:featuredmedia":[{"embeddable":true,"href":"https:\/\/vincentians.com\/es\/wp-json\/"}],"wp:attachment":[{"href":"https:\/\/vincentians.com\/es\/wp-json\/wp\/v2\/media?parent=119879"}],"wp:term":[{"taxonomy":"category","embeddable":true,"href":"https:\/\/vincentians.com\/es\/wp-json\/wp\/v2\/categories?post=119879"},{"taxonomy":"post_tag","embeddable":true,"href":"https:\/\/vincentians.com\/es\/wp-json\/wp\/v2\/tags?post=119879"}],"curies":[{"name":"wp","href":"https:\/\/api.w.org\/{rel}","templated":true}]}}