{"id":119848,"date":"2015-02-10T03:05:15","date_gmt":"2015-02-10T02:05:15","guid":{"rendered":"http:\/\/somos.vicencianos.org\/?p=119848"},"modified":"2016-07-26T19:17:58","modified_gmt":"2016-07-26T17:17:58","slug":"la-identificacion-de-jesucristo-con-el-pobre-parte-i-capitulo-1","status":"publish","type":"post","link":"https:\/\/vincentians.com\/es\/la-identificacion-de-jesucristo-con-el-pobre-parte-i-capitulo-1\/","title":{"rendered":"Identificaci\u00f3n de Jesucristo con el pobre. Parte I, Cap\u00edtulo 1"},"content":{"rendered":"<h2>Parte I: La identificaci\u00f3n en Mt 25, 31-46<\/h2>\n<table border=\"0\">\n<tbody>\n<tr>\n<td valign=\"top\" width=\"50%\">\u00abCuando el Hijo del hombre venga en su gloria<br \/>\nacompa\u00f1ado de todos sus \u00e1ngeles,<br \/>\nentonces se sentar\u00e1 en su trono de gloria.Pondr\u00e1 las ovejas a su derecha,Entonces dir\u00e1 el Rey a los de su derecha:&#8217;Venid benditos de mi Padre,<br \/>\nrecibid la herencia del Reino<br \/>\npreparado para vosotros desde la creaci\u00f3n del mundo.<br \/>\nPorque tuve hambre y me disteis de comer,<br \/>\ntuve sed, y me disteis de beber;<br \/>\nEra forastero, y me acogisteis,<br \/>\nestaba desnudo, y me vestisteis;<br \/>\nEnfermo, y me visit\u00e1steis,<br \/>\nen la c\u00e1rcel, y vinisteis a verme&#8217;.Entonces los justos le responder\u00e1n:&#8217;Se\u00f1or, \u00bfcu\u00e1ndo te vimos hambriento, y te dimos de comer,<br \/>\no sediento, y te dimos de beber?<br \/>\n\u00bfCu\u00e1ndo te vimos forastero, y te acogimos,<br \/>\no desnudo y te vestimos?<br \/>\n\u00bfCu\u00e1ndo te vimos enfermo o en la c\u00e1rcel,<br \/>\ny fuimos a verte?&#8217;.Y el Rey les dir\u00e1:<\/p>\n<p>&#8216;En verdad os digo,<br \/>\ncuanto hicisteis a uno de estos hermanos m\u00edos m\u00e1s peque\u00f1os<br \/>\na m\u00ed me lo hicisteis&#8217;.<\/p>\n<p>\u2014y los justos a una vida eterna\u00bb.<\/p>\n<p>Mt 25, 31-46<\/td>\n<td valign=\"top\" width=\"50%\">\u2014Ser\u00e1n congregadas delante de \u00e9l todas las naciones,<br \/>\ny \u00e9l separar\u00e1 a los unos de los otros,<br \/>\ncomo el pastor separa las ovejas de los cabritos.\u2014y los cabritos a su izquierda.Entonces dir\u00e1 tambi\u00e9n a los de su izquierda:&#8217;Apartaos de m\u00ed, malditos,<br \/>\nal fuego eterno,<br \/>\npreparado para el Diablo y sus \u00e1ngeles.<br \/>\nPorque tuve hambre, y no me disteis de comer,<br \/>\ntuve sed, y no me disteis de beber;<br \/>\nEra forastero, y no me acogisteis,<br \/>\nEstaba desnudo, y no me vestisteis;<br \/>\nEnfermo y en la c\u00e1rcel,y no me visit\u00e1steis&#8217;.Entonces dir\u00e1n tambi\u00e9n \u00e9stos:&#8217;Se\u00f1or, \u00bfcu\u00e1ndo te vimos ham\u00adbriento<br \/>\no sediento o foras\u00adtero o desnudo<br \/>\no enfermo o en la c\u00e1rcel, y no te asistimos?&#8217;.<\/p>\n<p>Y \u00e9l entonces les responder\u00e1:<\/p>\n<p>&#8216;En verdad os digo,<br \/>\ncuanto dej\u00e1steis de hacer con uno de \u00e9stos m\u00e1s peque\u00f1os,<br \/>\ntambi\u00e9n conmigo dej\u00e1steis de hacerlo&#8217;.<\/p>\n<p>E ir\u00e1n \u00e9stos a un castigo eterno,\u2014<\/p>\n<p>(Trad de la Biblia de Jerusal\u00e9n)<span id='easy-footnote-1-119848' class='easy-footnote-margin-adjust'><\/span><span class='easy-footnote'><a href='https:\/\/vincentians.com\/es\/la-identificacion-de-jesucristo-con-el-pobre-parte-i-capitulo-1\/#easy-footnote-bottom-1-119848' title='Al contrario de otras lenguas como el alem\u00e1n o el franc\u00e9s que tienen un t\u00e9rmino preciso de significado &amp;#8216;fuerte&amp;#8217; para traducir &amp;#8216;erif\u00f3s&amp;#8217;, gr. &amp;#8216;hoedus&amp;#8217;, lat. (&amp;#8216;bocks&amp;#8217;, &amp;#8216;boucs&amp;#8217;, parecidamente el catal\u00e1n &amp;#8216;bocs&amp;#8217;), el castellano halla di\u00adficultad en la elecci\u00f3n del vocablo que designe al animal aludido. General\u00admente, cual es el caso de la traducci\u00f3n propuesta aqu\u00ed, se inclina por el t\u00e9rmino m\u00e1s delicado con evidente concesi\u00f3n a la eufon\u00eda, en detrimento del rigor y la fuerza de significado. &amp;#8216;Cabrito&amp;#8217;, en efecto, sugiere la imagen del animal tierno a\u00fan y retoz\u00f3n, que inspira simpat\u00eda; al contrario del animal adulto, de aspecto v andadura m\u00e1s bien repelente, por su pelaje, t\u00edpica barbilla, su cornamenta y hedor. Lo cual ha suscitado en el arte e imaginaci\u00f3n popular desde tiempo in\u00admemorial en diversas culturas, entre ellas la sem\u00edtica, representaciones si\u00adniestras, relacionadas con poderes mal\u00e9ficos y su conjuro. Una alternativa de traducci\u00f3n ma exacta, aunque m\u00e1s dura al o\u00eddo, o m\u00e1s pesada por requerir un doble t\u00e9rmino en una incidencia que se re\u00adpite a escasa distancia, ser\u00eda as\u00ed: \u00abY los separar\u00e1 unos de otros, como el pastor separa las ovejas de los machos cabr\u00edos; y colocar\u00e1 las ovejas a su derecha y los machos cabr\u00edos, a su izquierda\u00bb. Un sin\u00f3nimo m\u00e1s simple, &amp;#8216;chivo&amp;#8217;, no es muy com\u00fan particularmente en plural; y alg\u00fan otro vocablo de uso vulgar resultar\u00eda disonante. Acerca de la omisi\u00f3n en la Vulgata y traducciones derivadas del t\u00e9rmino &amp;#8216;agioi&amp;#8217;, santos, como adjetivo que acompa\u00f1a a &amp;#8216;anggeloi&amp;#8217;, \u00e1ngeles, v\u00e9ase m\u00e1s adelante, I, 2.'><sup>1<\/sup><\/a><\/span><\/td>\n<\/tr>\n<\/tbody>\n<\/table>\n<h2>1. El cuadro de Mt 25, 31-46<\/h2>\n<p>\u00abLa distribuci\u00f3n de este maravilloso cuadro no puede ser m\u00e1s sencilla y natural. Tras una introducci\u00f3n, 31-33, que es como su marco, sigue la doble sentencia del Rey: a los justos, 34-40, y a los injustos, 41-45, que termina con la ejecuci\u00f3n. Aun literariamente, este cuadro es una obra maes\u00adtra bajo todos sus aspectos. En \u00e9l lo grandioso de la escena se da la mano con la sobriedad y delicadeza de los rasgos; lo terrible, que sobrecoge, con lo blando que dulcemente halaga; lo natural y espont\u00e1neo, con lo perfecto&#8230; Llama la atenci\u00f3n la ausencia de tremendismo. Se presenta el juicio, no como una escena aterradora de rayos y truenos&#8230; sino como un canto de serena justicia\u00bb<span id='easy-footnote-2-119848' class='easy-footnote-margin-adjust'><\/span><span class='easy-footnote'><a href='https:\/\/vincentians.com\/es\/la-identificacion-de-jesucristo-con-el-pobre-parte-i-capitulo-1\/#easy-footnote-bottom-2-119848' title='JOS\u00c9 M. BOVER, &lt;i&gt;El Evangelio de San Mateo. &lt;\/i&gt;Barcelona, 1946, p. 432. Los dem\u00e1s ex\u00e9getas tributan tambi\u00e9n los mayores elogios a esta p\u00e1gina evang\u00e9lica: &amp;#8216;Admirable tablean&amp;#8230;&amp;#8217; (Lagrange). &amp;#8216;Merveilleuse beau\u00adt\u00e9 de l&amp;#8217;escIne&amp;#8230;\u00bbPage sublime&amp;#8230;&amp;#8217; (Feuillet).'><sup>2<\/sup><\/a><\/span>.<\/p>\n<p>Consideremos brevemente los distintos elementos de la introducci\u00f3n (v. 31).<\/p>\n<h3><i>1. El Hijo del hombre <\/i>y <i>su significado en Mt 25, 31-46<\/i><\/h3>\n<p>El t\u00edtulo de Hijo del hombre que se da a s\u00ed mismo, asu\u00adme aqu\u00ed toda la riqueza y complejidad.<\/p>\n<p>Este t\u00edtulo es apto a designar a Jes\u00fas como Represen\u00adtante de la humanidad entera<span id='easy-footnote-3-119848' class='easy-footnote-margin-adjust'><\/span><span class='easy-footnote'><a href='https:\/\/vincentians.com\/es\/la-identificacion-de-jesucristo-con-el-pobre-parte-i-capitulo-1\/#easy-footnote-bottom-3-119848' title='\u00abThere is good ground for believing that one of the reasons wich led our Lord to adopt the title &amp;#8216;Son of Man&amp;#8217; was that He regarded Him\u00adself as, in a unique manner, the Representative of Humanity. &lt;i&gt;Est\u00e1 bien fundamentado creer que una de las razones que indujeron a Nuestro Se\u00f1or a adoptar el t\u00edtulo de &amp;#8216;Hijo del hombre&amp;#8217; fue que El se consideraba de una forma \u00fanica el Representante de la humanidad\u00bb. &lt;\/i&gt;ALFRED PLUMMER, &lt;i&gt;An exegetical commentary on the Gospel according to St. Matthew. &lt;\/i&gt;London, 1909, p. 349.'><sup>3<\/sup><\/a><\/span>.<\/p>\n<p>Viene principalmente en boca de Jes\u00fas en ocasiones aptas a poner de relieve la verdad y la humildad de la carne en la persona del Mes\u00edas en contraste con la gloria eterna de su divinidad, que tambi\u00e9n presupone.<\/p>\n<p>Sugiere pues este t\u00edtulo como ning\u00fan otro la doble di\u00admensi\u00f3n eterna y temporal, humana y divina del Mes\u00edas.<\/p>\n<p>Jes\u00fas, juzgado por el Sanedr\u00edn en condici\u00f3n de reo, lo que hace m\u00e1s extra\u00f1a su palabra, afirma su gloria futura en con\u00adfirmaci\u00f3n de su cualidad de Hijo de Dios que el Sumo Sacer\u00addote le ha puesto en el trance de confesar abiertamente: \u00abAdem\u00e1s os digo que ver\u00e9is al Hijo del hombre sentado a la diestra del poder de Dios viniendo sobre las nubes del cielo\u00bb, Mt 26, 64.<\/p>\n<p>Aparece claramente el contraste de estas palabras de Je\u00ads\u00fas con las condiciones de abatimiento a las que est\u00e1 some\u00adtido en los momentos presentes<span id='easy-footnote-4-119848' class='easy-footnote-margin-adjust'><\/span><span class='easy-footnote'><a href='https:\/\/vincentians.com\/es\/la-identificacion-de-jesucristo-con-el-pobre-parte-i-capitulo-1\/#easy-footnote-bottom-4-119848' title='\u00abParte qu&amp;#8217;il est en cene nuit tragique un Messie humili\u00e9, il fait savoir au Sanhedrin qu&amp;#8217;il sera bient\u00f3t un Messie glorieux. &lt;i&gt;Por cuanto es en esta noche tr\u00e1gica un Mes\u00edas humillado, hace saber al Sanedr\u00edn que ser\u00e1 muy pronto un Mes\u00edas glorioso\u00bb. &lt;\/i&gt;BUZY, &lt;i&gt;S. Matthieu en la Sainte Bible, dir. de Louis Pirot. &lt;\/i&gt;Paris, 1935, tom. IX, p. 358.'><sup>4<\/sup><\/a><\/span>.<\/p>\n<p>En esta declaraci\u00f3n de Jes\u00fas tiene particular relieve el t\u00edtulo de Hijo del hombre, en el que podemos ver expresa\u00addas su diversa condici\u00f3n, humillada ahora, gloriosa despu\u00e9s.<\/p>\n<p>La misma doble condici\u00f3n entra\u00f1a este t\u00edtulo en nues\u00adtro texto de Mt 25, 31-46, pero en orden inverso.<\/p>\n<p>Ante el Sanedr\u00edn el estado de humillaci\u00f3n del Hijo del hombre tiene lugar en el momento <i>presente <\/i>y su gloria es anunciada para un pr\u00f3ximo tiempo <i>futuro.<\/i><\/p>\n<p>En el juicio en cambio es el estado de gloria <i>actual <\/i>del Hijo del hombre que viene como Rey a juzgar que contrasta con un <i>pasado <\/i>de humillaci\u00f3n y abatimiento en que sufri\u00f3 hambre y sed y fue preso.<\/p>\n<p>He aqu\u00ed pues que los dos textos se corresponden en de\u00adsignar una condici\u00f3n tan dispar del Hijo del hombre.<\/p>\n<p>Es precisamente esta doble cualidad del Hijo del hombre que prepara las grandes sorpresas del juicio.<\/p>\n<p>De modo parecido a aquellos dramas o piezas teatrales en que toda la acci\u00f3n gira alrededor de un protagonista, el cual reviste dos condiciones en su persona, mendigo una, pongamos por caso, noble otra, y que la trama se resuelve en el acto final cuando el personaje descubre su verdadera condici\u00f3n; o m\u00e1s bien, sin salirnos de las p\u00e1ginas de la Sa\u00adgrada Escritura, viene a la mente la escena de Jos\u00e9 en medio de su gloria d\u00e1ndose a conocer a sus hermanos, cosa que los dej\u00f3 consternados<span id='easy-footnote-5-119848' class='easy-footnote-margin-adjust'><\/span><span class='easy-footnote'><a href='https:\/\/vincentians.com\/es\/la-identificacion-de-jesucristo-con-el-pobre-parte-i-capitulo-1\/#easy-footnote-bottom-5-119848' title='\u00ab&amp;#8216;Ego sum Joseph, frater verter, quem vendidistis in Aegipto&amp;#8230;&amp;#8217; Non poterant respondere fratres nimio terrore perterriti. &amp;#8216;Yo &lt;i&gt;soy Jos\u00e9, vuestro hermano, a quien vendisteis en Egipto&amp;#8230;&amp;#8217; No pod\u00edan responder sus hermanos sobrecogidos de terror\u00bb. &lt;\/i&gt;Gn 45, 3-4.'><sup>5<\/sup><\/a><\/span>.<\/p>\n<p>As\u00ed suceder\u00e1 tambi\u00e9n aqu\u00ed, cuando ante los ojos at\u00f3ni\u00adtos de los juzgados, sean las ovejas de su derecha o los ca\u00adbritos de su izquierda, les revelar\u00e1 que \u00e9l, el Rey de ahora, era aquel mismo pobre y enfermo a quien prodigaron sus cuidados o se los negaron, cuando \u00e9l se hallaba en estado m\u00edsero.<\/p>\n<p>He aqu\u00ed pues c\u00f3mo el t\u00edtulo de Hijo del hombre con la complejidad que entra\u00f1a forma un nudo importante en la presentaci\u00f3n del juicio: \u00abYo soy aqu\u00e9l\u00bb&#8230;<\/p>\n<p>Esta figura gloriosa y miserable, es aqu\u00ed al mismo tiempo el Servidor sufriente de Isa\u00edas y el Mes\u00edas Rey anunciado por los profetas.<\/p>\n<p>Estos dos t\u00edtulos de Servidor y de Mes\u00edas vienen aqu\u00ed reunidos en la noci\u00f3n de Hijo del hombre.<\/p>\n<p>El texto de Mateo concilia admirablemente estas dos condiciones que forman la clave del juicio al resolverse el dualismo unos vers\u00edculos m\u00e1s adelante abiertamente, cuando \u00e9l mismo aparece como Rey, v. 35, y como hambriento, pobre, preso, v. 42.<\/p>\n<h3>2. <i>Los \u00e1ngeles en la escena del juicio<\/i><\/h3>\n<p>He aqu\u00ed un nuevo g\u00e9nero de personaje que tendr\u00e1 su papel en la escena del juicio. &#8216;Cuando vendr\u00e1 el Hijo del hombre&#8230; y todos los \u00e1ngeles con El&#8217;, v. 31<span id='easy-footnote-6-119848' class='easy-footnote-margin-adjust'><\/span><span class='easy-footnote'><a href='https:\/\/vincentians.com\/es\/la-identificacion-de-jesucristo-con-el-pobre-parte-i-capitulo-1\/#easy-footnote-bottom-6-119848' title='\u00abLe Fils de l&amp;#8217;homme vient dans sa propre gloire, escort\u00e9 par les anges comme Jahveh dans Zach. XIV, 5, et il s&amp;#8217;assied &amp;#8216;sur son tr\u00f3ne de gloire&amp;#8217; pour remplir une fonction essentiellement divine. &lt;i&gt;El Hijo del hombre viene en su propia glor\u00eda, escoltado por los \u00e1ngeles como Yahv\u00e9h en Za 14, 5 y se &amp;#8216;sienta sobre su trono de gloria&amp;#8217; para cumplir una funci\u00f3n esencialmente divina\u00bb. &lt;\/i&gt;FEUILLET, &lt;i&gt;La synth\u00e9se eschatologique de S. Matthieu, &lt;\/i&gt;Revue Bibli\u00adque, 1950, p. 181.'><sup>6<\/sup><\/a><\/span>.<\/p>\n<p>La aparici\u00f3n de los \u00e1ngeles induce a pensar en la analo\u00adg\u00eda que tiene este pasaje con la par\u00e1bola de la ciza\u00f1a que crece en medio del buen trigo en el campo del padre de familia, Mt 13, 24 ss, as\u00ed como en la red que congrega toda clase de peces, 13, 47 ss.<\/p>\n<p>En ambas par\u00e1bolas los \u00e1ngeles se presentan como minis\u00adtros que tienen el cargo de separar los buenos de los malos.<\/p>\n<p>Tambi\u00e9n en nuestro pasaje, Mt 25, 31-46, tienen lugar dos separaciones de los buenos y los malos: una preliminar, unos a la izquierda, otros a la derecha del Rey; y otra al final, en que se resuelve el juicio de modo definitivo, los justos van a la vida eterna, los r\u00e9probos al fuego eterno.<\/p>\n<p>A juzgar por las par\u00e1bolas mencionadas de la ciza\u00f1a y la red, tambi\u00e9n aqu\u00ed ser\u00edan los \u00e1ngeles ministros del Rey, los encargados de la separaci\u00f3n y de la ejecuci\u00f3n de la sentencia.<\/p>\n<p>Sin embargo aqu\u00ed no se les atribuye al menos expl\u00edcita\u00admente tan importante cargo.<\/p>\n<p>Es el Rey por s\u00ed mismo quien lleva a efecto la separa\u00adci\u00f3n primera &#8216;como un pastor separa las ovejas de los ca\u00adbritos&#8217;, v. 32, y al final tambi\u00e9n es la fuerza de su sentencia que entra\u00f1a por s\u00ed misma la ejecuci\u00f3n: &#8216;\u00a1Apartaos de M\u00ed&#8230;!&#8217; &#8216;E ir\u00e1n&#8230;&#8217; Deja entrever que ir\u00e1n por s\u00ed mismos.<\/p>\n<p>Los \u00e1ngeles pues aparecen aqu\u00ed principalmente con car\u00e1cter decorativo, para dar un fondo de gloria a la escena y formar la corte del Rey.<\/p>\n<p>Prueba de ello es que son introducidos en el texto tan s\u00f3lo en el vers\u00edculo preparatorio: &#8216;Cuando vendr\u00e1 el Hijo del hombre en medio de su majestad, y con El todos los \u00e1n\u00adgeles, se sentar\u00e1 en su trono de gloria&#8230;&#8217;, v. 31.<\/p>\n<p>Expresiones todas, aptas en el lenguaje b\u00edblico a poner de relieve la gloria y majestad de Dios. Por esto la men\u00adci\u00f3n de los \u00e1ngeles viene determinada como pertenecientes al Se\u00f1or o a Dios<span id='easy-footnote-7-119848' class='easy-footnote-margin-adjust'><\/span><span class='easy-footnote'><a href='https:\/\/vincentians.com\/es\/la-identificacion-de-jesucristo-con-el-pobre-parte-i-capitulo-1\/#easy-footnote-bottom-7-119848' title='Cfr. Mt 4, 6; 11, 10. Lc 12, 8. Jn 1, 51. Act 5, 19, etc.'><sup>7<\/sup><\/a><\/span>.<\/p>\n<p>Alg\u00fan comentarista ve en la menci\u00f3n de los \u00e1ngeles en Mt 25, 31-46 una de las pruebas m\u00e1s claras de la Divi\u00adnidad de Cristo que aparece aqu\u00ed como Rey a quien los \u00e1n\u00adgeles est\u00e1n sujetos<span id='easy-footnote-8-119848' class='easy-footnote-margin-adjust'><\/span><span class='easy-footnote'><a href='https:\/\/vincentians.com\/es\/la-identificacion-de-jesucristo-con-el-pobre-parte-i-capitulo-1\/#easy-footnote-bottom-8-119848' title='En otro vers\u00edculo del mismo San Mateo se dice expresamente refiri\u00e9ndose al juicio futuro, que vendr\u00e1 el Hijo del hombre con &lt;i&gt;sus &lt;\/i&gt;\u00e1ngeles, 16, 27.'><sup>8<\/sup><\/a><\/span> y vienen haci\u00e9ndole corte. Oficio que en la Escritura desempe\u00f1an s\u00f3lo con relaci\u00f3n a Dios.<\/p>\n<p>Es de notar la omisi\u00f3n ya desde la traducci\u00f3n latina de la Vulgata del t\u00e9rmino &#8216;agioi&#8217;, santos, que adjetiva al sustan\u00adtivo &#8216;anggeloi&#8217;, \u00e1ngeles, muy probablemente por parecerle al traductor o transcribiente superflua o infrecuente en la Biblia tal especificaci\u00f3n referida a los \u00e1ngeles. Y ello sin per\u00adcatarse al parecer, que el hagi\u00f3grafo especifica aqu\u00ed con el calificativo &#8216;agioi&#8217; a los \u00e1ngeles que forman la corte del Rey-pastor por oposici\u00f3n al acompa\u00f1amiento o corte del diablo designado por la misma palabra &#8216;anggeloi&#8217;, que mejor tra\u00adducir\u00edamos por &#8216;emisarios&#8217; (&#8216;el Diablo y sus emisarios&#8217;). El Diablo en efecto es presentado aqu\u00ed en perfecta ant\u00edtesis con el Rey-pastor, como el Pr\u00edncipe de los demonios, a quien acompa\u00f1an y obedecen todas las potestades mal\u00e9ficas (Cfr. Mt 12, 24 ss, donde se le atribuye expresamente un reino).<\/p>\n<h3>3. <i>El trono de gloria<\/i><\/h3>\n<p>Del mismo orden es la expresi\u00f3n que sigue a la menci\u00f3n de los \u00e1ngeles, &#8216;se sentar\u00e1 en su trono de gloria&#8217;, v. 31, figura \u00e9sta la m\u00e1s expresiva en el lenguaje sem\u00edtico<span id='easy-footnote-9-119848' class='easy-footnote-margin-adjust'><\/span><span class='easy-footnote'><a href='https:\/\/vincentians.com\/es\/la-identificacion-de-jesucristo-con-el-pobre-parte-i-capitulo-1\/#easy-footnote-bottom-9-119848' title='\u00abIl trono di gloria, su cui egli prender\u00e1 posto \u00e9 simbolo della sua potenza divina\u00bb. JOSEF SCHMID, &lt;i&gt;L&amp;#8217;Evangelo secondo Matteo, trad. ital. &lt;\/i&gt;Morcelliana, 1957, vol. I, p. 431.'><sup>9<\/sup><\/a><\/span>. La expresi\u00f3n &#8216;trono de gloria&#8217;, en la que ser\u00edamos tentados de no ver m\u00e1s que una met\u00e1fora po\u00e9tica, era para los jud\u00edos una realidad llena de sugestiones.<\/p>\n<p>La realidad designa el trono sobre el que Dios mismo estaba sentado, es decir la dignidad y gloria propia de Dios.<\/p>\n<p>As\u00ed que el Hijo del hombre anuncia aqu\u00ed como en otro pasaje, Mt 19, 28, que se sentar\u00e1 sobre el trono de gloria que la teolog\u00eda y piedad jud\u00edas reservaban hasta entonces a Dios.<\/p>\n<p>He ah\u00ed pues un cuadro completo de gloria suprema, la gloria misma de Dios.<\/p>\n<p>Lo m\u00e1s notable es que viene descrita de paso, para dar importancia a este singular juicio. El Hijo del hombre para disponerse a este acto se revestir\u00e1 de toda su gloria y ma\u00adjestad.<\/p>\n<h3>4. <i>La figura del Rey<\/i><\/h3>\n<p>&#8216;Entonces dir\u00e1 el Rey a los de su derecha: Venid, vo\u00adsotros los benditos de mi Padre, poseed el Reino preparado para vosotros desde la creaci\u00f3n del mundo&#8217;.<\/p>\n<p>Sin transici\u00f3n alguna s\u00f3lo preanunciado por la menci\u00f3n del trono, el Hijo del hombre aparece con el t\u00edtulo de rey.<\/p>\n<p>Imagen sugestiva y m\u00e1s a la mente de los inmediatos oyentes de Jes\u00fas, acostumbrados a unir a la noci\u00f3n de rey cuanto de poder, de majestad, de justicia sea imaginable. Un rey oriental efectivamente se hallaba envuelto en un halo de gloria y magnificencia que lo trasfiguraba<span id='easy-footnote-10-119848' class='easy-footnote-margin-adjust'><\/span><span class='easy-footnote'><a href='https:\/\/vincentians.com\/es\/la-identificacion-de-jesucristo-con-el-pobre-parte-i-capitulo-1\/#easy-footnote-bottom-10-119848' title='Cfr. Est 15, 9 y 16-7.'><sup>10<\/sup><\/a><\/span>.<\/p>\n<p>Todo el relato evang\u00e9lico se desenvuelve en un mundo extratemporal, de una serenidad buc\u00f3lica, donde la majestad va unida a una especie de candor y simplicidad.<\/p>\n<p>Un rey con acompa\u00f1amiento de \u00e1ngeles, figuras silencio\u00adsas y po\u00e9ticas, aptas a poner de relieve la majestad de su Se\u00f1or. No ej\u00e9rcitos, cuya sola palabra con la noci\u00f3n de lo fragoroso que incluye, turbar\u00eda la serenidad de la escena. Al contrario de otro pasaje, en que se habla de &#8216;legiones&#8217; de \u00e1ngeles, Mt 26, 53.<\/p>\n<p>Un rey que como en los cuentos id\u00edlicos se pasea por las calles de su reino, trata con todos sus s\u00fabditos personalmen\u00adte y los divide como un pastor su reba\u00f1o<span id='easy-footnote-11-119848' class='easy-footnote-margin-adjust'><\/span><span class='easy-footnote'><a href='https:\/\/vincentians.com\/es\/la-identificacion-de-jesucristo-con-el-pobre-parte-i-capitulo-1\/#easy-footnote-bottom-11-119848' title='\u00abChrist is King and the fate of all men is in this hands. But like some fabled King, he walks in beggar&amp;#8217;s disguise throught the streets of his Kingdom. &lt;i&gt;Cristo es Rey y el destino de todos los hombres est\u00e1 en sus manos. Pero como algunos reyes en los cuentos maravillosos pasea disfrazado de pastor por las calles de su Reino\u00bb. The Inrerpreter&amp;#8217;s Bible. The Holy Scriptures. &lt;\/i&gt;New York, vol. VII, p. 566.'><sup>11<\/sup><\/a><\/span>.<\/p>\n<p>Un rey singular como sobrehumano que es y eterno su reinado, que da su reino en posesi\u00f3n a sus s\u00fabditos fieles.<\/p>\n<p>De una benignidad conmovedora cuando habla a las ove\u00adjas de su derecha, que se transforma de repente en acento terrible frente a los culpables de haber omitido las obras de misericordia hacia los m\u00e1s peque\u00f1os. &#8216;Como rugido de le\u00f3n la ira del rey&#8217;, Pr 19, 12.<\/p>\n<p>La figura del pastor separando las ovejas de los cabritos de su reba\u00f1o sirve para distribuir convenientemente la esce\u00adna y preparar el doble di\u00e1logo. Unos son colocados a la izquierda, otros a la derecha, el tradicional puesto de los favorecidos.<\/p>\n<p>La raz\u00f3n de comparar los buenos a las ovejas y los malos a los cabritos aparece bien determinada por los distintos caracteres de estos animales<span id='easy-footnote-12-119848' class='easy-footnote-margin-adjust'><\/span><span class='easy-footnote'><a href='https:\/\/vincentians.com\/es\/la-identificacion-de-jesucristo-con-el-pobre-parte-i-capitulo-1\/#easy-footnote-bottom-12-119848' title='\u00abThe reasons wich led to the comparison of the good and the bad to sheep and goats seem to be two: colour and habits. Sheep are commonly white and innofensive; goats are commonly black (Cant. IV, 1. VI, 5) and mischievous. &lt;i&gt;Las razones que inducen a la comparaci\u00f3n de los buenos y los malos a las ovejas y los cabritos parecen ser dos: el color y el comportamiento. Las ovejas son comunmente blancas y d\u00f3\u00adciles; los cabritos son comunmente negros, Ct 4, 1; 6, 5, y esquivos\u00bb.&lt;\/i&gt;&lt;\/p&gt;\n&lt;p&gt;PLUMMER, &lt;i&gt;op. cit., &lt;\/i&gt;p. 350.&lt;\/p&gt;\n&lt;p&gt;V\u00e9ase la raz\u00f3n que da S. Juan Cris\u00f3stomo: Ex nominibus singulorum mores exhibet, illos hoedos, hos oyes appellans, ut illorum sterilitatem in\u00addicet: nullus enim ex hoedis fructus proficiscitur: horum yero proventus multus qui ex ovibus paritur, ut lana, lac, foetus, quibus omnibus va\u00adcuus est hoedus. &lt;i&gt;Por las denominaciones da a entender los respectivos modos de ser, llamando a aqu\u00e9llos (los de la izquierda) cabritos, a \u00e9stos (los de la derecha), ovejas para indicar la esterilidad de los primeros: efectivamente de los cabritos no proviene fruto alguno; s\u00ed en cambio de las ovejas que dan lana, leche y cr\u00edas, de lo que carece el cabrito\u00bb. &lt;\/i&gt;In Matthaeum, Hom. LXXIX, P.G. t. 58, p. 718.'><sup>12<\/sup><\/a><\/span>.<\/p>\n<p>Con el calificativo dado a los justos, Jes\u00fas nos descubre qu\u00e9 relaciones singulares le ligan a su Padre.<\/p>\n<p>A los justos, sus fieles, sus amigos, los llama &#8216;benditos de mi Padre&#8217;. \u00a1Expresi\u00f3n conmovedora! Sin duda en el pensa\u00admiento de Jes\u00fas no hab\u00eda otra m\u00e1s adecuada ni m\u00e1s bella.<\/p>\n<p>Palabras todas, aptas a recrear los o\u00eddos y hacer estallar de gozo el coraz\u00f3n de los afortunados oyentes.<\/p>\n<p>&#8216;Poseed el Reino que os est\u00e1 preparado&#8217;. Un rey oriental llegaba a prometer como recompensa y liberalidad suprema la mitad de su Reino<span id='easy-footnote-13-119848' class='easy-footnote-margin-adjust'><\/span><span class='easy-footnote'><a href='https:\/\/vincentians.com\/es\/la-identificacion-de-jesucristo-con-el-pobre-parte-i-capitulo-1\/#easy-footnote-bottom-13-119848' title='Cfr. Est 5, 3 y 7, 2; Mc 6, 23.'><sup>13<\/sup><\/a><\/span>.<\/p>\n<p>Gesto admirable el de este Rey que entrega todo su rei\u00adno. Reino singular que no tiene otro fin que servir de re\u00adcompensa a los vasallos: &#8216;preparado para vosotros&#8217;.<\/p>\n<h3><i>5. Motivo aducido por el Rey<\/i><\/h3>\n<p>El motivo de tan exorbitante recompensa, era de esperar, no pod\u00eda ser otro que un servicio muy se\u00f1alado rendido a la misma persona del Rey.<\/p>\n<p>Es precisamente \u00e9sta la raz\u00f3n que da: &#8216;Porque tuve ham\u00adbre y me disteis de comer&#8230;&#8217;. El Rey revela pues una con\u00addici\u00f3n suya anterior a la gloria de que goza actualmente, en la cual se vio reducido a las m\u00e1s extremas necesidades.<\/p>\n<p>Cuando un rey llega a la posesi\u00f3n de su trono y de su poder despu\u00e9s de haber pasado personalmente por condicio\u00adnes tan penosas como el hambre, la sed, la desnudez y la prisi\u00f3n, es para llenar de terror a los que no le acogieron y quiz\u00e1 le despreciaron. Esta es la situaci\u00f3n pat\u00e9tica de los de la izquierda. Es por el contrario para inundar de felicidad a los que le han asistido. Tanto m\u00e1s si lo hicieron desintere\u00adsadamente, sin pensar que este hombre reducido a estado m\u00edsero pod\u00eda un d\u00eda premiarles con munificencia real.<\/p>\n<p>Pueden ahora esperarlo todo. Los primeros cargos. M\u00e1s todav\u00eda: &#8216;Poseed el reino&#8230;&#8217;<span id='easy-footnote-14-119848' class='easy-footnote-margin-adjust'><\/span><span class='easy-footnote'><a href='https:\/\/vincentians.com\/es\/la-identificacion-de-jesucristo-con-el-pobre-parte-i-capitulo-1\/#easy-footnote-bottom-14-119848' title='Nota S. Juan Cris.: \u00abNon dicit accipite sed &lt;i&gt;haereditate possidete &lt;\/i&gt;quasi propium, quasi paternum et vestrum jam ohm vobis debitum. &lt;i&gt;No dice recibid, sino &lt;\/i&gt;poseed en heredad, &lt;i&gt;como propio, como un bien paterno que ya os es debido\u00bb. &lt;\/i&gt;In Matthaeum, Hom. LXXIX, P.G. 58, p. 719.'><sup>14<\/sup><\/a><\/span> \u00a1recompensa suprema!<\/p>\n<p>&#8216;Porque tuve hambre y me disteis de comer, tuve sed y me disteis de beber, era extranjero y me hospedasteis, desnudo y me cubristeis, enfermo y me visitasteis, en c\u00e1rcel y vinisteis a verme&#8217;.<\/p>\n<p>El di\u00e1logo oriental gusta de largas enumeraciones que producen la impresi\u00f3n de un ritmo a balanceo en que el pensamiento se complace y reposa un instante.<\/p>\n<p>Pero tanto y m\u00e1s a\u00fan que la magnitud de la recompensa que se les ofrece, provoca la perplejidad de los justos la raz\u00f3n dada por el Rey.<\/p>\n<p>Repasando en su memoria honradamente no hallan ha\u00adber prestado tan insignes servicios a su misma persona: &#8216;Se\u00f1or. \u00bfcu\u00e1ndo te vimos&#8230;?&#8217;<span id='easy-footnote-15-119848' class='easy-footnote-margin-adjust'><\/span><span class='easy-footnote'><a href='https:\/\/vincentians.com\/es\/la-identificacion-de-jesucristo-con-el-pobre-parte-i-capitulo-1\/#easy-footnote-bottom-15-119848' title='\u00abLa r\u00e9ponse des justes est un \u00e9l\u00e9ment du dialogue destin\u00e9 \u00e1 amener la r\u00e9ponse. Ils parlent comme ne sachant pas encore ce que le Seigneur va r\u00e9v\u00e9ler. C&amp;#8217;est l&amp;#8217;expression d&amp;#8217;\u00e9tonnement et d&amp;#8217;incomprehen\u00adsion qui se produit naturellement devant une proposition si extraordi\u00adnaire. On peut tenir compte aussi de l&amp;#8217;humilit\u00e9 des justes qui n&amp;#8217;ont pas la pr\u00e9tension d&amp;#8217;avoir oblig\u00e9 le Seigneur dans sa Personne. &lt;i&gt;La respuesta de los justos es un elemento de di\u00e1logo destinado a provocar la respues\u00adta. Hablan como no sabiendo a\u00fan lo que el Se\u00f1or va a revelar. Es la expresi\u00f3n de sorpresa y de perplejidad que se produce de s\u00ed ante una proposici\u00f3n tan extraordinaria. Tambi\u00e9n se debe a la humildad de los justos que no tienen la pretensi\u00f3n de haber favorecido al Se\u00f1or en su persona\u00bb.&lt;\/i&gt;&lt;\/p&gt;\n&lt;p&gt;LAGRANGE, &lt;i&gt;op. cit., &lt;\/i&gt;p. 488.&lt;\/p&gt;\n&lt;p&gt;\u00abThe loving folk, were so lowly that it did not occur to them that their daily Kindnesses could ever had been a personal service to the King, or that they had done anything worthy of renward. &lt;i&gt;El grupo de biena\u00adventurados era tan humilde que no se les ocurre que sus buenas obras corrientes pudiesen haber sido un servicio al Rey. o que hubiesen hecho algo digno de recompensa\u00bb.&lt;\/i&gt;&lt;\/p&gt;\n&lt;p&gt;&lt;i&gt;The Interpreter&amp;#8217;s Bible. The Holy Scriptures. &lt;\/i&gt;New York, vol. VII, p. 565.&lt;\/p&gt;\n&lt;p&gt;\u00abBonarum mentium est quod ea quae propter Deum faciunt parva reputent. &lt;i&gt;Es propio de esp\u00edritus bien nacidos que lo que hacen por res\u00adpecto a Dios lo juzguen poca cosa\u00bb.&lt;\/i&gt;&lt;\/p&gt;\n&lt;p&gt;S. Thomae Aquinatis super Evang. S. Matthaei lectura, Romae (Ma\u00adrietti) 1951, p. 325.'><sup>15<\/sup><\/a><\/span>.<\/p>\n<p>Los justos recuerdan perfectamente que ejercieron las obras de misericordia con los pobres comunes. Pero \u00bfal Rey mismo? \u00bfCu\u00e1ndo pudo ser?<\/p>\n<p>Di\u00e1logo conmovedor que provoca una ulterior aclara\u00adci\u00f3n. Entonces el Rey les responder\u00e1:<\/p>\n<p>&#8216;En verdad os digo, cu\u00e1nto hab\u00e9is hecho a uno de estos mis m\u00e1s peque\u00f1os hermanos, a M\u00ed me lo hab\u00e9is hecho&#8217;.<\/p>\n<p>He aqu\u00ed la respuesta final, la gran revelaci\u00f3n<span id='easy-footnote-16-119848' class='easy-footnote-margin-adjust'><\/span><span class='easy-footnote'><a href='https:\/\/vincentians.com\/es\/la-identificacion-de-jesucristo-con-el-pobre-parte-i-capitulo-1\/#easy-footnote-bottom-16-119848' title='\u00abIn very thruth the most poignant touch of the whole parable. &lt;i&gt;Verdaderamente el rasgo m\u00e1s conmovedor de toda la par\u00e1bola\u00bb. The Interpreter&amp;#8217;s Bible&amp;#8230;, &lt;\/i&gt;p. 565.'><sup>16<\/sup><\/a><\/span> a la cual se subordinan todos los dem\u00e1s elementos de la narraci\u00f3n tanto la preparaci\u00f3n como el ep\u00edlogo. Como en las grandes sentencias va precedida de la palabra &#8216;am\u00e9n, en verdad&#8217;<span id='easy-footnote-17-119848' class='easy-footnote-margin-adjust'><\/span><span class='easy-footnote'><a href='https:\/\/vincentians.com\/es\/la-identificacion-de-jesucristo-con-el-pobre-parte-i-capitulo-1\/#easy-footnote-bottom-17-119848' title='\u00abCette formule hi\u00e9ratique, reviendra souvent dans les discours du Sauveur&amp;#8230; J\u00e9sus fait de ce terme, un usage nouveau qu&amp;#8217;on ne rencon\u00adtre pas dans la litterature talmudique; celui d&amp;#8217;une attestation solennelle, que nous devons rendre pour lui conserver son emphase, non par n\u00f3tre adverve &lt;i&gt;vraiment, &lt;\/i&gt;mais par n\u00f3tre formule c\u00e9r\u00e9monieuse: &lt;i&gt;en verit\u00e9. &lt;\/i&gt;D&amp;#8217;apr\u00e9s S. Jean, J\u00e9sus r\u00e9p\u00e9tait volontiers le mot dans les grandes occa\u00adsions, pour donner \u00e1 sa parole encore plus de solennit\u00e9. &lt;i&gt;Esta f\u00f3rmula hier\u00e1tica vendr\u00e1 con frecuencia a los labios del Salvador en sus discursos&amp;#8230; Jes\u00fas hace un uso nuevo de este t\u00e9rmino que no se encuentra en la lite\u00adratura talm\u00fadica; el de un enunciado solemne que debe traducirse para que conserve su \u00e9nfasis no por el adverbio verdaderamente, sino por la f\u00f3rmula ceremoniosa: en verdad. En San Juan, Jes\u00fas es muy dado a repetir esta expresi\u00f3n en las grandes ocasiones, para dar a su palabra una mayor solemnidad\u00bb. &lt;\/i&gt;BuzY, &lt;i&gt;S. Mathieu: La Sainte Bible. sous la dir. de &lt;\/i&gt;&lt;i&gt;Louis Pirot, &lt;\/i&gt;Paris 1935, tom. IX, p. 61.'><sup>17<\/sup><\/a><\/span>.<\/p>\n<p>No hay duda que los justos restaron mucho m\u00e1s at\u00f3ni\u00adtos y sorprendidos, que perplejos hab\u00edan quedado ante la afirmaci\u00f3n de que hab\u00edan asistido al Rey.<\/p>\n<h3>6. <i>El porqu\u00e9 de las omisiones<\/i><\/h3>\n<p>Es de notar que la enumeraci\u00f3n de necesidades sufridas no es exhaustiva sino que se refiere a las m\u00e1s comunes. No menciona por ejemplo, una situaci\u00f3n particularmente dram\u00e1tica que puede suscitar una obra de misericordia sin duda merecedora como las restantes de figurar a la derecha del Rey y de poseer su Reino; que en paralelismo con las dem\u00e1s se expresar\u00eda as\u00ed: \u00abQued\u00e9 hu\u00e9rfano y me amparasteis\u00bb. Ni tampoco una buena obra muy apreciada y reco\u00admendada en el AT (cfr. Tb 1, 17-20): enterrar a los muertos.<\/p>\n<p>La raz\u00f3n de esta omisi\u00f3n es sin duda la misma cons\u00adtrucci\u00f3n literaria, tan sobria y equilibrada que no permite una enumeraci\u00f3n prolija de todas las posibles necesidades y situaciones penosas, sino que ya se dejan entender como incluidas en las m\u00e1s comunes, las cuales, como diremos m\u00e1s adelante, aparte de sufrirlas misteriosamente en los m\u00e1s pe\u00adque\u00f1os, pudo haberlas padecido el Rey-Mes\u00edas en su vida temporal.<\/p>\n<p>En tal contexto, el citado ejemplo, si bien puede ser real en el caso de los m\u00e1s peque\u00f1os, referido a Jes\u00fas de Nazaret en su vida hist\u00f3rica o temporal, fundamento de su continua\u00adci\u00f3n en la de los m\u00e1s peque\u00f1os, como diremos luego, resul\u00adtar\u00eda un tanto extra\u00f1a al propio evangelio de Mateo, que lo presenta como hijo del carpintero y conoce su madre y sus hermanos o parientes (13, 55-56).<\/p>\n<p>En esta l\u00ednea de sentido y refiri\u00e9ndonos al segundo ejem\u00adplo, s\u00ed dar\u00eda pie a la menci\u00f3n expresa de la obra de miseri\u00adcordia de enterrar a los muertos, por ser \u00e9sta una circunstan\u00adcia del todo com\u00fan y que aconteci\u00f3 al propio Rey en su ma\u00adnifestaci\u00f3n hist\u00f3rica como Jes\u00fas, el Profeta de Nazaret, que muri\u00f3 (y de muerte de cruz, que no dejar\u00eda de ponderar San Pablo) y fue piadosamente enterrado por Nicodemo.<\/p>\n<p>Pero tal menci\u00f3n en su formulaci\u00f3n paralela a las necesi\u00addades comunes, resultar\u00eda extra\u00f1a: \u00abEstuve muerto y me enterrasteis\u00bb. Puesto que en la escena del Juicio no se revela expresamente el misterio muerte-resurrecci\u00f3n. La idea mis\u00adma de muerte repugna al contexto evang\u00e9lico: &#8216;Dios es Dios de vivos y no de muertos&#8217;, &#8216;Dejad a los muertos que entierren a sus muertos&#8217;, &#8216;\u00bf,Por qu\u00e9 busc\u00e1is entre los muertos al que est\u00e1 vivo?&#8217; (Mt 22, 32; 8, 22; Lc 24, 5).<\/p>\n<p>Aparte de que enterrar a los muertos es m\u00e1s bien una obra de piedad que de misericordia, puesto que tal reduc\u00adci\u00f3n a la postrera condici\u00f3n humana, a\u00fan en el estado m\u00e1s lastimoso se halla libre de las angustias y perentorias nece\u00adsidades que pueden acuciar al ser viviente.<\/p>\n<p>Con el mismo lenguaje sencillo y majestuoso dictar\u00e1 sentencia en paralelismo de oposici\u00f3n a los eternamente in\u00adfelices, convintos de no haber obrado la misericordia en la persona de su Se\u00f1or.<\/p>\n<p>Le conoc\u00edan ciertamente de momento que se dirigen a \u00e9l y le hablan: &#8216;Se\u00f1or \u00bfcu\u00e1ndo te vimos hambriento o sediento o peregrino o enfermo o en c\u00e1rcel y no te asistimos?&#8217;.<\/p>\n<h3>7. <i>Ant\u00edtesis y paralelismos<\/i><\/h3>\n<p>El Evangelio de Mateo nos tiene habituados a las ant\u00ed\u00adtesis fuertes, aptas a grabar en la memoria la ense\u00f1anza co\u00admo a cincel, recordemos por ejemplo &#8216;la paja en el ojo ajeno y la viga en el propio&#8217;, Mt 7, 3-5, &#8216;arrancarse el ojo&#8217;, 5, 29, &#8216;no saber la mano izquierda lo que hace la derecha&#8217;, 6, 3, &#8216;primeros, \u00faltimos; y \u00faltimos, primeras&#8217;, 19, 30, &#8216;quienes son la madre y los hermanos de Jes\u00fas&#8217;, 3, 33.<\/p>\n<p>Este lenguaje hecho de ant\u00edtesis y dichos parad\u00f3jicos muy propios del lenguaje sem\u00edtico parece haber sido parti\u00adcularmente caro al divino Maestro. Forma un signo caracte\u00adr\u00edstico de su palabra y quiz\u00e1 sean estas formas de lenguaje en el Evangelio de Mateo las que mejor reproduzcan no s\u00f3lo el sentido, sino las palabras mismas de Jes\u00fas<span id='easy-footnote-18-119848' class='easy-footnote-margin-adjust'><\/span><span class='easy-footnote'><a href='https:\/\/vincentians.com\/es\/la-identificacion-de-jesucristo-con-el-pobre-parte-i-capitulo-1\/#easy-footnote-bottom-18-119848' title='A prop\u00f3sito de las palabras del Rey en Mt 25, 31-46 nota un autor: \u00ab&amp;#8230;on est ici en presence d&amp;#8217;une donn\u00e9e tris archaique anteri\u00e9ure a la christologie de 1&amp;#8217;Eglise. &lt;i&gt;Nos hallarnos aqu\u00ed ante un pasaje muy arcaico, anterior a la Cristolog\u00eda de la Iglesia\u00bb. &lt;\/i&gt;TH\u00c9O PREISS, &lt;i&gt;Le myst\u00e9re du Fas de Phornme, &lt;\/i&gt;en \u00abDieu vivant\u00bb, 8e cahier, p. 22.'><sup>18<\/sup><\/a><\/span>.<\/p>\n<p>La naturaleza singular del Reino de los cielos, a la vez temporal y eterno, la doctrina manifiesta a los peque\u00f1os y oculta a los grandes y soberbios, la condici\u00f3n humana y divina del Hijo del hombre, daba pie a estos dichos y ant\u00ed\u00adtesis inolvidables.<\/p>\n<p>Refiri\u00e9ndonos ahora en particular a nuestro texto vemos c\u00f3mo la descripci\u00f3n del juicio toma particular relieve y emo\u00adci\u00f3n de las ant\u00edtesis y paradojas que encierra, llevadas a su m\u00e1xima expresi\u00f3n.<\/p>\n<p>Vamos a enumerarlas en vista de conjunto:<\/p>\n<ol>\n<li>El Rey sentado en su trono de gloria es aquel men\u00addigo pobre y enfermo a quien asistieron o negaron ayuda.<\/li>\n<li>Las ovejas son separadas de los cabritos a derecha e izquierda del Pastor.<\/li>\n<li>Unos son llamados &#8216;benditos del Padre&#8217; otros, &#8216;mal\u00additos&#8217;. Unos invitados con benignidad: &#8216;Venid&#8230;&#8217; otros, echa\u00addos violentamente: &#8216;\u00a1Apartaos de M\u00ed!&#8217;.<\/li>\n<li>A unos asegura el Rey haber recibido \u00e9l mismo los beneficios hechos a los m\u00e1s peque\u00f1os. A otros dice con igua\u00adles palabras que le fue negada a \u00e9l mismo la asistencia re-usada a los m\u00e1s peque\u00f1os.<\/li>\n<li>Los justos en fin van a poseer un Reino eterno pre\u00adparado para ellos, los r\u00e9probos van al fuego eterno.<\/li>\n<\/ol>\n<p>He aqu\u00ed pues c\u00f3mo la narraci\u00f3n se va desenvolviendo en un m\u00faltiple paralelismo antit\u00e9tico llevado a escala eter\u00adna, que hacen de esta descripci\u00f3n una joya literaria del Evangelio y graban a fuego, lo que es m\u00e1s importante, la primera ense\u00f1anza evang\u00e9lica: el amor a Dios y al pr\u00f3ji\u00admo, presentada aqu\u00ed bajo una luz nueva no sospechada anteriormente<span id='easy-footnote-19-119848' class='easy-footnote-margin-adjust'><\/span><span class='easy-footnote'><a href='https:\/\/vincentians.com\/es\/la-identificacion-de-jesucristo-con-el-pobre-parte-i-capitulo-1\/#easy-footnote-bottom-19-119848' title='\u00abOn trouve en philosophes grecs et latins aforismes que presen\u00adtent la bienfaisance comme agreable aux Dieux. Aussi au V.T&amp;#8230; Ce qui est nouveau ici c&amp;#8217;est de les presenter comme actes d&amp;#8217;affection envers Dieu lui-m\u00e9me. &lt;i&gt;Hallamos en los fil\u00f3sofos griegos &lt;\/i&gt;y &lt;i&gt;latinos aforismos que pre\u00adsentan la beneficencia como agradable a los dioses. Tambi\u00e9n en el &lt;\/i&gt;&lt;i&gt;AT&amp;#8230; &lt;\/i&gt;&lt;i&gt;Lo que es nuevo aqu\u00ed es el hecho de presentarlos como actos de amor hacia Dios mismo\u00bb. &lt;\/i&gt;LAGRANGE, &lt;i&gt;Evangile s. Saint Matthieu. &lt;\/i&gt;Paris, 1923, p. 487.'><sup>19<\/sup><\/a><\/span>.<\/p>\n<p>En otra ocasi\u00f3n Jes\u00fas une en preceptos inseparables uno del otro la caridad debida a Dios y al pr\u00f3jimo, Mt 22, 36-40.<\/p>\n<p>En 25, 31-46 dar\u00e1 un paso m\u00e1s, lo reducir\u00e1 a uno solo, a la identificaci\u00f3n.<\/p>\n<p>Para nuestro estudio interesan especialmente las ant\u00edtesis fundamentales, vv. 35-6 y su correlativo 42-3, juntamente con la explicaci\u00f3n o aclaraci\u00f3n formada por el v. 40 y el paralelo v. 45:<\/p>\n<p style=\"padding-left: 30px\">\u00abPorque tuve hambre, y me disteis de comer; tuve sed, y me disteis de beber; era forastero, y me acogisteis; estaba desnudo, y me vestisteis; enfermo, y me visitasteis; en la c\u00e1rcel, y vinisteis a verme\u00bb, 35-6.<\/p>\n<p style=\"padding-left: 30px\">\u00abPorque tuve hambre, y no me disteis de comer; tuve sed, y no me disteis de beber; era forastero, y no me acogisteis; estaba desnudo, y no me vestisteis; enfermo y en la c\u00e1rcel, y no me visitasteis\u00bb, 42-3.<\/p>\n<p style=\"padding-left: 30px\">\u00abEn verdad os digo, que cuanto hicisteis a uno de estos hermanos m\u00edos m\u00e1s peque\u00f1os, a m\u00ed me lo hicisteis\u00bb, 40.<\/p>\n<p style=\"padding-left: 30px\">\u00abEn verdad os digo que cuanto dejasteis de hacer con uno de \u00e9stos m\u00e1s peque\u00f1os, conmigo dejasteis de hacerlo\u00bb, 45.<\/p>\n<p>Alrededor de estos vers\u00edculos va montada toda la narra\u00adci\u00f3n del juicio. Ser\u00eda imposible venir en mente algo m\u00e1s sublime y original<span id='easy-footnote-20-119848' class='easy-footnote-margin-adjust'><\/span><span class='easy-footnote'><a href='https:\/\/vincentians.com\/es\/la-identificacion-de-jesucristo-con-el-pobre-parte-i-capitulo-1\/#easy-footnote-bottom-20-119848' title='\u00ab&amp;#8230;Where is the second brain that could had invented anything so original an so sublime as vv. 35-40, 42-5?. &lt;i&gt;\u00bfD\u00f3nde podr\u00eda surgir por segunda vez una mente que pudiese haber proferido algo tan original y sublime como los vv. 35-40, 42-45?\u00bb. &lt;\/i&gt;Rev. A. PLUMMER, &lt;i&gt;An exegetical commentary on the Gospel acording to S. Matthew. &lt;\/i&gt;London, 1909, p. 349.'><sup>20<\/sup><\/a><\/span>.<\/p>\n<p>La enumeraci\u00f3n de necesidades atendidas por los de la derecha o ignoradas por los de la izquierda que marca la pauta y forma el n\u00facleo central de las diversas estrofas del poema, se distribuyen por pares, que guardan relaci\u00f3n en\u00adtre s\u00ed:<\/p>\n<ul>\n<li>Tuve hambre, y me disteis de comer; tuve sed, y me disteis de beber;<\/li>\n<li>fui forastero, y me hosped\u00e1steis; desnudo, y me ves\u00adtisteis;<\/li>\n<li>estuve enfermo, y me visit\u00e1steis; en c\u00e1rcel, y vinis\u00adteis a verme.<\/li>\n<\/ul>\n<p>La respuesta de los justos acent\u00faa a\u00fan m\u00e1s esta distri\u00adbuci\u00f3n, al reemprender la interrogaci\u00f3n &#8216;\u00bfO cu\u00e1ndo&#8230;?&#8217;, &#8216;p\u00f3\u00adte&#8230; d\u00e9&#8217;, por tres veces:<\/p>\n<ul>\n<li>\u00bfCu\u00e1ndo te vimos hambriento, y te dimos de comer; o sediento, y te dimos de beber?<\/li>\n<li>\u00bfO cu\u00e1ndo te vimos forastero, y te hospedamos; o desnudo, y te vestimos?<\/li>\n<li>\u00bfO cu\u00e1ndo te vimos enfermo y en c\u00e1rcel, y fuimos a verte?<\/li>\n<\/ul>\n<h3>8. <i>El juego de los sin\u00f3nimos<\/i><\/h3>\n<p>Aqu\u00ed acontece no sin especial significado, seg\u00fan iremos viendo, en un poema breve, primorosamente elaborado, lo que podr\u00edamos llamar <i>\u00abel juego de los sin\u00f3nimos\u00bb <\/i>o el por qu\u00e9 de las distintas alteraciones que se producen dentro de tan perfecta estructuraci\u00f3n.<\/p>\n<p>En efecto, en la primera locuci\u00f3n a los de la derecha, en el tercer hemistiquio, el Rey utiliza dos expresiones si\u00adn\u00f3nimas para referirse al doble favor de naturaleza similar:<\/p>\n<p>&#8230;&#8217;Me visit\u00e1steis&#8217;, &#8216;\u00e9pesk\u00e9psasz\u00e9 me&#8217; y &#8230;&#8217;vinisteis a ver\u00adme&#8217;, &#8216;\u00e9lzete pr\u00f3s me&#8217;, v. 36.<\/p>\n<p>Alguien podr\u00eda pensar que tales expresiones, sin\u00f3nimas pero no exactas, aparte exigirlas la perfecta estructuraci\u00f3n literaria de los tres grupos pares, estar\u00edan para designar su\u00adtilmente la diversidad de circunstancias que median entre el &#8216;estar enfermo&#8217; o el &#8216;hallarse en la c\u00e1rcel&#8217;. Dicho de otro mo\u00addo: A un enfermo se le puede visitar, con s\u00f3lo tener voluntad para ello; a un preso, se podr\u00e1 &#8216;ir a \u00e9l&#8217;, es decir manifestar en lo posible tal voluntad de aliviarle; aunque de hecho ra\u00adzones de otro orden \u2014rejas, muros, vigilancia\u2014 puedan im\u00adpedir la conversaci\u00f3n personal.<\/p>\n<p>Pero no es tal la significaci\u00f3n que se pretende.<\/p>\n<p>La raz\u00f3n es \u00f3bvia: En la r\u00e9plica de los justos, v. 39, se usa la expresi\u00f3n &#8216;fuimos a ti&#8217;, &#8216;\u00e9lzomen pr\u00f3s se&#8217;, para desig\u00adnar <i>globalmente <\/i>ambas acciones de ir en alivio del enfermo o del preso:<\/p>\n<p>\u00ab\u00bfO cu\u00e1ndo te vimos enfermo o en c\u00e1rcel, y fuimos a ti?\u00bb.<\/p>\n<p>De modo similar, el Rey en su interpelaci\u00f3n a los de la izquierda engloba esta vez ambas circunstancias penosas y el consuelo que le fue negado con la expresi\u00f3n &#8216;No me visit\u00e1s\u00adteis&#8217;, &#8216;ouk \u00e9pesk\u00e9psasz\u00e9 me&#8217;.<\/p>\n<p>Se usan pues ambos t\u00e9rminos sea <i>distintamente, v. <\/i>36 (locuci\u00f3n del Rey a los de la derecha); sea <i>globalmente, v. <\/i>39 (respuesta de los mismos) y v. 43 (interpelaci\u00f3n a los de la izquierda).<\/p>\n<p>Lo m\u00e1s notable es que en los dos casos \u00faltimos, es de\u00adcir los que se engloban ambas circunstancias bajo una \u00fanica expresi\u00f3n, se usa ora una, ora otra de las dos sin\u00f3nimas. Son pues aqu\u00ed de uso totalmente intercambiable.<\/p>\n<p>Esto no sucede al azar. Veamos el por qu\u00e9:<\/p>\n<p>En la primera estrofa se utiliza ambas expresiones sin\u00f3\u00adnimas en inter\u00e9s de la perfecta construcci\u00f3n literaria resul\u00adtante del paralelismo de los tres grupos pares, como dijimos arriba.<\/p>\n<p>Pero la raz\u00f3n principal <i>no es de orden literario, <\/i>el cual, como veremos, ser\u00e1 repetidamente alterado en funci\u00f3n de los matices de significado; <i>sino de orden doctrinal: <\/i>Es decir, expresar <i>la complacencia del Rey <\/i>en recordar <i>con todo por\u00admenor y distintamente <\/i>las circunstancias y favores recibidos: \u00ab&#8230;Me visit\u00e1steis&#8230; ; vinisteis a verme&#8230;\u00bb.<\/p>\n<p>Ello se echa de ver m\u00e1s claro a\u00fan por el contraste.<\/p>\n<p>Efectivamente, en la estrofa siguiente (r\u00e9plica de los jus\u00adtos) se omite el uso de sin\u00f3nimos y <i>se engloban ambas cir\u00adcunstancias bajo un \u00fanico t\u00e9rmino:<\/i><\/p>\n<p>\u00ab\u00bfO cu\u00e1ndo te vimos enfermo o en c\u00e1rcel <i>y venimos a ti. <\/i>&#8216;p\u00f3te de&#8230; \u00e9lzomen pr\u00f3s se&#8217;?\u00bb.<\/p>\n<p>Se altera aqu\u00ed la perfecta construcci\u00f3n literaria de la es\u00adtrofa <i>para expresar la humildad de los justos, <\/i>quienes se ni\u00adborizan de pormenorizar tanto como para usar de sin\u00f3nimos, en la evocaci\u00f3n de sus buenas acciones y su posible referen\u00adcia al Rey.<\/p>\n<p>Muy diversa es la raz\u00f3n de la irregularidad literaria con respecto a la estrofa correlativa, v. 43 (interpelaci\u00f3n a los de la izquierda):<\/p>\n<p>\u00abEstuve enfermo y en c\u00e1rcel <i>y no me visit\u00e1steis\u00bb.<\/i><\/p>\n<p>Esta inesperada alteraci\u00f3n de una de las estrofas que forman el n\u00facleo, con respecto a su paralela (la locuci\u00f3n a los de la derecha) \u2014n\u00f3tese aqu\u00ed que el sujeto es id\u00e9ntico en ambas, el Rey, a diferencia del ejemplo anterior\u2014 deja tras\u00adlucir sin necesidad de menci\u00f3n expresa, guardando por tanto la extrema sobriedad del relato-poema, <i>la indignaci\u00f3n del Rey <\/i>que se adivina desde la exclamaci\u00f3n inicial: Vkpartaos de m\u00ed, malditos!&#8217;.<\/p>\n<p>Efectivamente, un hablar indignado <i>no se entretiene en delicados matices y sin\u00f3nimos.<\/i><\/p>\n<p>Tal efecto de ir directamente al desenlace, salt\u00e1ndose puntualizaciones y expresiones tiernas por efecto de la ira, aparece a\u00fan m\u00e1s claro en la omisi\u00f3n de la expresi\u00f3n &#8216;herma\u00adnos m\u00edos&#8217; t\u00f3n adelf\u00f3n mou&#8217;, que reclamaba el paralelismo con el v. 40.<\/p>\n<p>Y queda as\u00ed:<\/p>\n<p>\u00abLo que no hicisteis <i>a uno de \u00e9stos m\u00e1s peque\u00f1os, <\/i>a M\u00ed dej\u00e1steis de hac\u00e9rmelo\u00bb.<\/p>\n<p>D\u00e1ndose aqu\u00ed un curioso giro gramatical por el que <i>queda sustantivado el adjetivo <\/i>&#8216;ton \u00e9lagist\u00f3n&#8217; &#8216;los m\u00e1s peque\u00f1os&#8217;, al perderse la expresi\u00f3n &#8216;t\u00f3n adelf\u00f3n mou&#8217;, &#8216;mis herma\u00adnos&#8217;, <i>quedando de mayor relieve tal condici\u00f3n.<\/i><\/p>\n<h3>9. <i>Los justos y &#8230;&#8217;\u00e9stos&#8217;<\/i><\/h3>\n<p>De otro orden de significado es la manifiesta alteraci\u00f3n del paralelismo en relaci\u00f3n al t\u00e9rmino <i>justos <\/i>con que son designados sin transici\u00f3n alguna los de la derecha, v. 37.<\/p>\n<p>La evidente expresi\u00f3n paralela con relaci\u00f3n a los de la izquierda ser\u00eda &#8216;imp\u00edos&#8217;, &#8216;malvados o injustos&#8217;.<\/p>\n<p>Pero tal paralelismo que una vez m\u00e1s reclamar\u00eda la cons\u00adtrucci\u00f3n literaria viene evitado de modo particularmente notorio.<\/p>\n<p>Veamos la raz\u00f3n de ello:<\/p>\n<p>No parecer\u00eda adecuado el t\u00e9rmino &#8216;imp\u00edo&#8217;, que denota una actitud aviesa o blasfema con relaci\u00f3n a Dios, la cual no aparece expresamente en los aludidos; &#8216;injusto o malvado&#8217; dir\u00eda relaci\u00f3n a una conducta <i>positivamente atropelladora de los m\u00e1s peque\u00f1os, <\/i>a la manera de los prepotentes, ricos, o soberbios, frecuentes en los Salmos y Profetas en el AT; y en el NT, en los Evangelios y Ep\u00edstola de Santiago, quie\u00adnes defraudan, oprimen o escandalizan a los m\u00e1s d\u00e9biles.<\/p>\n<p>No as\u00ed aqu\u00ed.<\/p>\n<p>Una vez separados a modo de los cabritos, o machos cabr\u00edos como t\u00e9rmino de comparaci\u00f3n, no de calificaci\u00f3n directa, no se les designa m\u00e1s que de un modo neutro o pu\u00adramente redaccional: &#8216;los de la izquierda&#8217;, v. 41, o &#8216;\u00e9stos&#8217; vv. 44, 45, 46.<\/p>\n<p>\u00abEntonces responder\u00e1n tambi\u00e9n &#8216;\u00e9stos\u00bbo\u00fator\u00bb, v. 44. (Cfr. Entonces responder\u00e1n <i>los justos, <\/i>&#8216;oi dikaioi&#8217;. v. 37).<\/p>\n<p>\u00abE ir\u00e1n \u00e9stos al castigo eterno, y <i>los justos, <\/i>a la vida eterna\u00bb.<\/p>\n<p>Obviamente el paralelismo reclamar\u00eda:<\/p>\n<p>\u00abE ir\u00e1n <i>los injustos, <\/i>o malvados, al castigo eterno y <i>las justos, <\/i>a la vida eterna\u00bb.<\/p>\n<p>O bien:<\/p>\n<p>\u00abE ir\u00e1n <i>\u00e9stos&#8230;; y aqu\u00e9llos&#8230;\u00bb.<\/i><\/p>\n<p>El significado de tal anomal\u00eda, como veremos m\u00e1s dete\u00adnidamente en otro contexto en el apartado siguiente, es de gran importancia:<\/p>\n<p>Los de la izquierda se ven condenados <i>no por comisi\u00f3n <\/i>(de injusticias); sino <i>por omisi\u00f3n <\/i>(de las obras de miseri\u00adcordia).<\/p>\n<p>Como resumen, notemos lo que podr\u00edamos llamar efecto <i>maximalista <\/i>con relaci\u00f3n a los de la derecha:<\/p>\n<ul>\n<li>Se usa un doble verbo para la invitaci\u00f3n: \u00abVenid&#8230;, Recibid&#8230;\u00bb.<\/li>\n<li>Se especifican uno por uno los favores recibidos, apelando incluso a sin\u00f3nimos: \u00ab&#8230;Me visit\u00e1steis; &#8230;vinisteis a verme\u00bb.<\/li>\n<li>Por dos veces se les designa como <i>justos, <\/i>vv. 37 y 46.<\/li>\n<li>Son llamados &#8216;Benditos&#8217;, con bendici\u00f3n <i>personaliza\u00adda en el Padre.<\/i><\/li>\n<li>Se menciona el Reino como <i>preparado expresamente para ellos, desde el origen mismo del mundo <\/i>(\u00abYa contaba con ello; esperaba \u00e9sto de vosotros\u00bb &#8230;).<\/li>\n<li>Se especifica de manera afectuosa y personalizada en su relaci\u00f3n con el propio Rey a &#8216;los m\u00e1s peque\u00f1os&#8217;, por ellos favorecidos, como <i>&#8216;mis hermanos&#8217;.<\/i><\/li>\n<\/ul>\n<p>Y efecto <i>minimalista, <\/i>con relaci\u00f3n a los de la izquierda: Un solo verbo expresa la reprobaci\u00f3n: \u00ab\u00a1Apartaos&#8230;!\u00bb.<\/p>\n<ul>\n<li>Su maldici\u00f3n es impersonal.<\/li>\n<li>Su designaci\u00f3n neutra: &#8216;\u00e9stos&#8217;&#8230;<\/li>\n<li>Se se\u00f1ala a los que desatendieron simplemente como &#8216;a \u00e9stos m\u00e1s peque\u00f1os&#8217;.<\/li>\n<li>Se les condena al fuego eterno <i>no previsto de ante\u00admano para ellos, <\/i>sino para el Diablo y sus \u00e1ngeles (\u00abNunca hubiera esperado esto de vosotros&#8230;\u00bb).<\/li>\n<\/ul>\n<p>Ello indica colateralmente que la pr\u00e1ctica de la mise\u00adricordia y el sentimiento de compasi\u00f3n <i>es propio de la natu\u00adraleza humana como tal; <\/i>por tanto previsto \u2014junto con su recompensa\u2014 desde la constituci\u00f3n del mundo, v. 34, es de\u00adcir, desde el origen primordial de la propia naturaleza humana.<\/p>\n<p>No as\u00ed el cerrar las entra\u00f1as a los semejantes, los m\u00e1s peque\u00f1os particularmente. No cab\u00eda tal en la previsi\u00f3n di\u00advina, por tanto al &#8216;desnaturalizarse&#8217;, comportarse de modo &#8216;inhumano&#8217;, no cabe m\u00e1s que hacerlos part\u00edcipes, como de modo ocasional o improvisado, del destino previsto para el Malo primordial, es decir el Diablo y sus \u00e1ngeles o &#8216;emi\u00adsarios&#8217;.<\/p>\n<h3>10. <i>\u00bfPor qu\u00e9 la pregunta tan precipitada?<\/i><\/h3>\n<p>Vemos que la pregunta de los de la izquierda est\u00e1 en los mismos t\u00e9rminos que su paralela, la de los justos, pero enu\u00admera m\u00e1s r\u00e1pidamente, mientras estos \u00faltimos se demoran en considerar cada una de sus partes.<\/p>\n<p style=\"padding-left: 30px\">&#8216;Se\u00f1or, \u00bfcu\u00e1ndo te vimos hambriento o sediento, o peregrino o desnudo, o enfermo o en la c\u00e1rcel, y no te asistimos?&#8217;.<\/p>\n<p>Esta forma abreviada podr\u00eda a primera vista atribuirse a la intenci\u00f3n del evangelista por parecerle superfluo repro\u00adducir de nuevo la mon\u00f3tona letan\u00eda.<\/p>\n<p>Pero el desarrollo del texto en perfecto paralelismo y si\u00admetr\u00eda de sus partes, que mide cuidadosamente cada una de las palabras y estrofas a manera de un poema; y particu\u00adlarmente la interpelaci\u00f3n del Rey a los de la izquierda, v. 42, en la que se demora punto por punto en la enumeraci\u00f3n de las distintas necesidades sufridas y nota expresamente para cada una de ellas haber sido desatendido, todo ello pone de manifiesto que tiene <i>particular sentido <\/i>la apresurada enume\u00adraci\u00f3n por parte de los de la izquierda, en contraste con el pausado recital de los de la derecha.<\/p>\n<p>Primeramente, con gran arte y fina observaci\u00f3n sicol\u00f3\u00adgica, el autor sagrado deja entrever aquel comportamiento tan humano de pasar apresuradamente &#8216;como sobre brasas&#8217; sobre un tema que no agrada y peor a\u00fan, del que puede temerse una grave acusaci\u00f3n. Al contrario de los interpela\u00addos de buen principio como &#8216;benditos de mi Padre&#8217; que hallan en todo ello justificada complacencia, aun en medio de su estupor o extra\u00f1eza.<\/p>\n<p>En segundo lugar, y m\u00e1s importante, muestra sutilmente el car\u00e1cter atolondrado o irreflexivo de los de la izquierda, por contraste con la sensibilidad meticulosa y atenta de los de la derecha.<\/p>\n<p>Es decir, que la reprobaci\u00f3n no les sobreviene necesa\u00adriamente por el hecho de ser acaso malvados o imp\u00edos, m\u00e1s bien dejan entrever una cierta voluntad de obrar bien, si lo hubieran advertido: &#8216;Se\u00f1or, \u00bfcu\u00e1ndo te vimos&#8230;?&#8217; sino por su irreflexi\u00f3n y superficialidad.<\/p>\n<p>En tal sentido su reprobaci\u00f3n es paralela a la de las v\u00edrgenes necias. No fue debida su exclusi\u00f3n del banquete a mala voluntad, rechazo de la invitaci\u00f3n o mal comporta\u00admiento con sus compa\u00f1eras, sino al descuido e imprevisi\u00f3n propia de su car\u00e1cter atolondrado.<\/p>\n<p>El Evangelio que se muestra tolerante con el administra\u00addor infiel, estafador de su amo, a causa de su presteza en procurarse amigos; y merece por ello elogio de su propio se\u00f1or, a\u00fan en acto de pedirle cuentas; el propio evangelio se muestra inflexible con aquellos que aun cumpliendo-bien-sus deberes-para-con-Dios, sin cometer positivamente injusticias o maldad, son descuidados en el buen uso de los bienes re\u00adcibidos y la pr\u00e1ctica de las obras de misericordia para con sus hermanos m\u00e1s desfavorecidos.<\/p>\n<p>Vale decir, que el ejercitar la misericordia no es simple\u00admente cuesti\u00f3n de buena o mala voluntad, sino de poner en acci\u00f3n consideraci\u00f3n atenta, cuidado, previsi\u00f3n, como sue\u00adlen los caracteres prudentes y avisados poner en los asuntos importantes que les ata\u00f1en de veras.<\/p>\n<p>\u00a1Qu\u00e9 amarga ha de resultarles a los perezosos e irrefle\u00adsivos la revelaci\u00f3n del Rey!<\/p>\n<p>Ignoraban el misterio pr\u00e1cticamente porque olvidaron que el precepto de la caridad, del amor a Dios y al hermano, formaban un mismo mandamiento. Son reos de la gran omisi\u00f3n<span id='easy-footnote-21-119848' class='easy-footnote-margin-adjust'><\/span><span class='easy-footnote'><a href='https:\/\/vincentians.com\/es\/la-identificacion-de-jesucristo-con-el-pobre-parte-i-capitulo-1\/#easy-footnote-bottom-21-119848' title='\u00abIl ne nous sert de rien de recourir \u00e1 lui, J\u00e9sus, avec des paroles onc\u00adtueuses, affect\u00e9es ou insistantes, si en m\u00e9me temps, nous ne faisons le bon plaisir du P\u00e9re. Et si quelqu&amp;#8217;un se flatte d&amp;#8217;aimer J\u00e9sus en lui disant avec tendresse: Seigneur, Seigneur, ce n&amp;#8217;est qu&amp;#8217;une sensibilit\u00e9 illusoire. &lt;i&gt;No nos sirve de nada, recurrir a \u00e9l, Jes\u00fas, con palabras llenas de unci\u00f3n, afec\u00adtuosas o insistentes, si al propio tiempo no cumplimos la voluntad del Padre. Y si alguno se jacta de amar a Jes\u00fas dici\u00e9ndole con ternura: Se\u00f1or, Se\u00f1or, no es m\u00e1s que un sentimentalismo ilusorio\u00bb. &lt;\/i&gt;BUZY. &lt;i&gt;op. cit., &lt;\/i&gt;p. 96. Igualmente Lagrange: \u00abC&amp;#8217;est une nouvelle preuve de son affirmation qu&amp;#8217;il ne suffit pas de dire: Seigneur, Seigneur (VII, 22; XV, 11), mais qu&amp;#8217;il faut pratiquer avant tout la charit\u00e9. &lt;i&gt;Es una prueba m\u00e1s de su afir\u00admaci\u00f3n, que no basta decir Se\u00f1or, Se\u00f1or, 7, 22; 15, 11, sino que es pre\u00adciso ante todo practicar la caridad\u00bb. &lt;\/i&gt;Evang. s. Saint Matthieu, &lt;i&gt;op. cit., &lt;\/i&gt;p. 485.'><sup>21<\/sup><\/a><\/span>.<\/p>\n<p>En vano le llamar\u00e1n ahora: &#8216;Se\u00f1or&#8230;&#8217;. Tambi\u00e9n las v\u00edr\u00adgenes necias exclamar\u00e1n cuando su descuido no tendr\u00e1 re\u00admedio: \u00a1Se\u00f1or, se\u00f1or, \u00e1brenos!&#8217;. Cae plenamente sobre ellos la palabra: No el que me dice: &#8216;Se\u00f1or, se\u00f1or&#8217;, entrar\u00e1 en el Reino de los cielos; sino el que cumple la voluntad de mi Padre&#8217;<span id='easy-footnote-22-119848' class='easy-footnote-margin-adjust'><\/span><span class='easy-footnote'><a href='https:\/\/vincentians.com\/es\/la-identificacion-de-jesucristo-con-el-pobre-parte-i-capitulo-1\/#easy-footnote-bottom-22-119848' title='\u00abThe unloving were so callous, their religion so perfunctory, that they never thought if Jesus as being locked with men in love, or as asking from anyone forthright deed of compassion. &lt;i&gt;Los desamadores estaban tan endurecidos, su religi\u00f3n era tan rutinaria, que no pensaron nunca que Jes\u00fas estuviese unido a los hombres en el amor, o que exigie\u00adse de cada uno de inmediato pruebas de compasi\u00f3n\u00bb. The Interpreter&amp;#8217;s Bible&amp;#8230;, op. cit., &lt;\/i&gt;p. 565. \u00abForse ideo mihi non faciebatis quia me in terca ambulare non vi\u00addebatis? &lt;i&gt;Acaso no me favorec\u00edais porque no me ve\u00edais caminar por la tierra?\u00bb. &lt;\/i&gt;S. Agustin, serm. XVIII, P.L. 38, p. 131.'><sup>22<\/sup><\/a><\/span>.<\/p>\n<p>S\u00f3lo \u00e9stos merecer\u00e1n el t\u00edtulo de &#8216;Benditos de mi Padre&#8217;. Jes\u00fas gusta de relacionar ora a S\u00ed ora a su Padre, lo que hace m\u00e1s \u00edntimo y solemne el di\u00e1logo.<\/p>\n<p>N\u00f3tese c\u00f3mo la expresi\u00f3n antit\u00e9tica dirigida a los de la izquierda rompe significativamente el paralelismo. Omite en ella la referencia al Padre dando a entender que la maldici\u00f3n les viene no de &#8216;Aqu\u00e9l de quien todo don perfecto procede&#8217;, St 1, 17, sino de su propia conducta.<\/p>\n","protected":false},"excerpt":{"rendered":"<p>Parte I: La identificaci\u00f3n en Mt 25, 31-46 \u00abCuando el Hijo del hombre venga en su gloria acompa\u00f1ado de todos sus \u00e1ngeles, entonces se sentar\u00e1 en su trono de gloria.Pondr\u00e1 las ovejas a su derecha,Entonces &#8230; <a href=\"https:\/\/vincentians.com\/es\/la-identificacion-de-jesucristo-con-el-pobre-parte-i-capitulo-1\/\" class=\"more-link\">Read More<\/a><\/p>\n","protected":false},"author":4,"featured_media":119846,"comment_status":"open","ping_status":"open","sticky":false,"template":"","format":"standard","meta":{"jetpack_post_was_ever_published":false,"_jetpack_newsletter_access":"","_jetpack_dont_email_post_to_subs":false,"_jetpack_newsletter_tier_id":0,"_jetpack_memberships_contains_paywalled_content":false,"_jetpack_memberships_contains_paid_content":false,"footnotes":"","jetpack_publicize_message":"","jetpack_publicize_feature_enabled":true,"jetpack_social_post_already_shared":true,"jetpack_social_options":{"image_generator_settings":{"template":"highway","default_image_id":0,"font":"","enabled":false},"version":2}},"categories":[28],"tags":[],"class_list":["post-119848","post","type-post","status-publish","format-standard","has-post-thumbnail","hentry","category-formacion-vicenciana"],"yoast_head":"<!-- This site is optimized with the Yoast SEO plugin v26.3 - https:\/\/yoast.com\/wordpress\/plugins\/seo\/ -->\n<title>Identificaci\u00f3n de Jesucristo con el pobre. Parte I, Cap\u00edtulo 1 - Somos Vicencianos<\/title>\n<meta name=\"robots\" content=\"index, follow, max-snippet:-1, max-image-preview:large, max-video-preview:-1\" \/>\n<link rel=\"canonical\" href=\"https:\/\/vincentians.com\/es\/la-identificacion-de-jesucristo-con-el-pobre-parte-i-capitulo-1\/\" \/>\n<meta property=\"og:locale\" content=\"es_ES\" \/>\n<meta property=\"og:type\" content=\"article\" \/>\n<meta property=\"og:title\" content=\"Identificaci\u00f3n de Jesucristo con el pobre. Parte I, Cap\u00edtulo 1 - Somos Vicencianos\" \/>\n<meta property=\"og:description\" content=\"Parte I: La identificaci\u00f3n en Mt 25, 31-46 \u00abCuando el Hijo del hombre venga en su gloria acompa\u00f1ado de todos sus \u00e1ngeles, entonces se sentar\u00e1 en su trono de gloria.Pondr\u00e1 las ovejas a su derecha,Entonces ... Read More\" \/>\n<meta property=\"og:url\" content=\"https:\/\/vincentians.com\/es\/la-identificacion-de-jesucristo-con-el-pobre-parte-i-capitulo-1\/\" \/>\n<meta property=\"og:site_name\" content=\"Somos Vicencianos\" \/>\n<meta property=\"article:publisher\" content=\"https:\/\/www.facebook.com\/WeAreVincentians\/\" \/>\n<meta property=\"article:author\" content=\"https:\/\/www.facebook.com\/JavierChento\" \/>\n<meta property=\"article:published_time\" content=\"2015-02-10T02:05:15+00:00\" \/>\n<meta property=\"article:modified_time\" content=\"2016-07-26T17:17:58+00:00\" \/>\n<meta name=\"author\" content=\"Francisco Javier Fern\u00e1ndez Chento\" \/>\n<meta name=\"twitter:card\" content=\"summary_large_image\" \/>\n<meta name=\"twitter:creator\" content=\"@https:\/\/twitter.com\/javierchento\" \/>\n<meta name=\"twitter:site\" content=\"@WeVincentians\" \/>\n<meta name=\"twitter:label1\" content=\"Escrito por\" \/>\n\t<meta name=\"twitter:data1\" content=\"Francisco Javier Fern\u00e1ndez Chento\" \/>\n\t<meta name=\"twitter:label2\" content=\"Tiempo de lectura\" \/>\n\t<meta name=\"twitter:data2\" content=\"42 minutos\" \/>\n<script type=\"application\/ld+json\" class=\"yoast-schema-graph\">{\"@context\":\"https:\/\/schema.org\",\"@graph\":[{\"@type\":\"Article\",\"@id\":\"https:\/\/vincentians.com\/es\/la-identificacion-de-jesucristo-con-el-pobre-parte-i-capitulo-1\/#article\",\"isPartOf\":{\"@id\":\"https:\/\/vincentians.com\/es\/la-identificacion-de-jesucristo-con-el-pobre-parte-i-capitulo-1\/\"},\"author\":{\"name\":\"Francisco Javier Fern\u00e1ndez Chento\",\"@id\":\"http:\/\/vincentians.com\/es\/#\/schema\/person\/9623ef4d9aa3b2dfb8c061f1499288f2\"},\"headline\":\"Identificaci\u00f3n de Jesucristo con el pobre. Parte I, Cap\u00edtulo 1\",\"datePublished\":\"2015-02-10T02:05:15+00:00\",\"dateModified\":\"2016-07-26T17:17:58+00:00\",\"mainEntityOfPage\":{\"@id\":\"https:\/\/vincentians.com\/es\/la-identificacion-de-jesucristo-con-el-pobre-parte-i-capitulo-1\/\"},\"wordCount\":8438,\"commentCount\":0,\"publisher\":{\"@id\":\"http:\/\/vincentians.com\/es\/#organization\"},\"image\":{\"@id\":\"https:\/\/vincentians.com\/es\/la-identificacion-de-jesucristo-con-el-pobre-parte-i-capitulo-1\/#primaryimage\"},\"thumbnailUrl\":\"\",\"articleSection\":[\"Formaci\u00f3n Vicenciana\"],\"inLanguage\":\"es\",\"potentialAction\":[{\"@type\":\"CommentAction\",\"name\":\"Comment\",\"target\":[\"https:\/\/vincentians.com\/es\/la-identificacion-de-jesucristo-con-el-pobre-parte-i-capitulo-1\/#respond\"]}]},{\"@type\":\"WebPage\",\"@id\":\"https:\/\/vincentians.com\/es\/la-identificacion-de-jesucristo-con-el-pobre-parte-i-capitulo-1\/\",\"url\":\"https:\/\/vincentians.com\/es\/la-identificacion-de-jesucristo-con-el-pobre-parte-i-capitulo-1\/\",\"name\":\"Identificaci\u00f3n de Jesucristo con el pobre. Parte I, Cap\u00edtulo 1 - Somos Vicencianos\",\"isPartOf\":{\"@id\":\"http:\/\/vincentians.com\/es\/#website\"},\"primaryImageOfPage\":{\"@id\":\"https:\/\/vincentians.com\/es\/la-identificacion-de-jesucristo-con-el-pobre-parte-i-capitulo-1\/#primaryimage\"},\"image\":{\"@id\":\"https:\/\/vincentians.com\/es\/la-identificacion-de-jesucristo-con-el-pobre-parte-i-capitulo-1\/#primaryimage\"},\"thumbnailUrl\":\"\",\"datePublished\":\"2015-02-10T02:05:15+00:00\",\"dateModified\":\"2016-07-26T17:17:58+00:00\",\"breadcrumb\":{\"@id\":\"https:\/\/vincentians.com\/es\/la-identificacion-de-jesucristo-con-el-pobre-parte-i-capitulo-1\/#breadcrumb\"},\"inLanguage\":\"es\",\"potentialAction\":[{\"@type\":\"ReadAction\",\"target\":[\"https:\/\/vincentians.com\/es\/la-identificacion-de-jesucristo-con-el-pobre-parte-i-capitulo-1\/\"]}]},{\"@type\":\"ImageObject\",\"inLanguage\":\"es\",\"@id\":\"https:\/\/vincentians.com\/es\/la-identificacion-de-jesucristo-con-el-pobre-parte-i-capitulo-1\/#primaryimage\",\"url\":\"\",\"contentUrl\":\"\"},{\"@type\":\"BreadcrumbList\",\"@id\":\"https:\/\/vincentians.com\/es\/la-identificacion-de-jesucristo-con-el-pobre-parte-i-capitulo-1\/#breadcrumb\",\"itemListElement\":[{\"@type\":\"ListItem\",\"position\":1,\"name\":\"Portada\",\"item\":\"http:\/\/vincentians.com\/es\/\"},{\"@type\":\"ListItem\",\"position\":2,\"name\":\"Identificaci\u00f3n de Jesucristo con el pobre. Parte I, Cap\u00edtulo 1\"}]},{\"@type\":\"WebSite\",\"@id\":\"http:\/\/vincentians.com\/es\/#website\",\"url\":\"http:\/\/vincentians.com\/es\/\",\"name\":\"Somos Vicencianos\",\"description\":\"Know more to serve more\",\"publisher\":{\"@id\":\"http:\/\/vincentians.com\/es\/#organization\"},\"potentialAction\":[{\"@type\":\"SearchAction\",\"target\":{\"@type\":\"EntryPoint\",\"urlTemplate\":\"http:\/\/vincentians.com\/es\/?s={search_term_string}\"},\"query-input\":{\"@type\":\"PropertyValueSpecification\",\"valueRequired\":true,\"valueName\":\"search_term_string\"}}],\"inLanguage\":\"es\"},{\"@type\":\"Organization\",\"@id\":\"http:\/\/vincentians.com\/es\/#organization\",\"name\":\"The Vincentian Network\",\"url\":\"http:\/\/vincentians.com\/es\/\",\"logo\":{\"@type\":\"ImageObject\",\"inLanguage\":\"es\",\"@id\":\"http:\/\/vincentians.com\/es\/#\/schema\/logo\/image\/\",\"url\":\"https:\/\/i1.wp.com\/vincentians.com\/es\/wp-content\/uploads\/sites\/11\/2016\/06\/Vincentian-Network-logo-big.png?fit=778%2C778\",\"contentUrl\":\"https:\/\/i1.wp.com\/vincentians.com\/es\/wp-content\/uploads\/sites\/11\/2016\/06\/Vincentian-Network-logo-big.png?fit=778%2C778\",\"width\":778,\"height\":778,\"caption\":\"The Vincentian Network\"},\"image\":{\"@id\":\"http:\/\/vincentians.com\/es\/#\/schema\/logo\/image\/\"},\"sameAs\":[\"https:\/\/www.facebook.com\/WeAreVincentians\/\",\"https:\/\/x.com\/WeVincentians\"]},{\"@type\":\"Person\",\"@id\":\"http:\/\/vincentians.com\/es\/#\/schema\/person\/9623ef4d9aa3b2dfb8c061f1499288f2\",\"name\":\"Francisco Javier Fern\u00e1ndez Chento\",\"image\":{\"@type\":\"ImageObject\",\"inLanguage\":\"es\",\"@id\":\"http:\/\/vincentians.com\/es\/#\/schema\/person\/image\/\",\"url\":\"https:\/\/secure.gravatar.com\/avatar\/497d5cde87b4c3d097d0315953521681ba2cd523ee66e5077c3711f7021e65de?s=96&d=mm&r=g\",\"contentUrl\":\"https:\/\/secure.gravatar.com\/avatar\/497d5cde87b4c3d097d0315953521681ba2cd523ee66e5077c3711f7021e65de?s=96&d=mm&r=g\",\"caption\":\"Francisco Javier Fern\u00e1ndez Chento\"},\"description\":\"Director General y cofundador de La Red de Formaci\u00f3n Vicenciana. Javier es laico vicenciano, afiliado a la Congregaci\u00f3n de la Misi\u00f3n y miembro del Equipo de Misiones Populares de la provincia can\u00f3nica de Zaragoza (Espa\u00f1a) de la Congregaci\u00f3n de la Misi\u00f3n. Graduado en la Universidad Oberta de Catalunya con cuatro grados (Asistente de direcci\u00f3n, Gesti\u00f3n Administrativa, Recursos Humanos y Contabilidad Avanzada). Bil\u00edng\u00fce Espa\u00f1ol\/Ingl\u00e9s. gestiona y mantiene varias p\u00e1ginas web cristianas y vicencianas, incluida including La Red de Formaci\u00f3n Vicenciana, de la que es cofundador. Actualmente es responsable del \u00e1rea de Espa\u00f1ol de .famvin, la Red de Noticias de la Familia Vicenciana. Tambi\u00e9n es m\u00fasico cat\u00f3lico y ha editado varios discos. Es Director General y cofundador de Trovador, una reconocida compa\u00f1\u00eda discogr\u00e1fica critiana de Espa\u00f1a. Trabaja en las Tecnolog\u00edas de la Informaci\u00f3n, ofreciendo servicios de alojamiento, dise\u00f1o y mantenimiento Web, as\u00ed como asesoramiento, formaci\u00f3n y soluciones inform\u00e1ticas, gesti\u00f3n documental y digitalizaci\u00f3n de textos, edici\u00f3n y maquetaci\u00f3n de libros, revistas, flyers, etc.\",\"sameAs\":[\"http:\/\/chento.org\",\"https:\/\/www.facebook.com\/JavierChento\",\"https:\/\/x.com\/https:\/\/twitter.com\/javierchento\"],\"url\":\"https:\/\/vincentians.com\/es\/author\/chento\/\"}]}<\/script>\n<!-- \/ Yoast SEO plugin. -->","yoast_head_json":{"title":"Identificaci\u00f3n de Jesucristo con el pobre. Parte I, Cap\u00edtulo 1 - Somos Vicencianos","robots":{"index":"index","follow":"follow","max-snippet":"max-snippet:-1","max-image-preview":"max-image-preview:large","max-video-preview":"max-video-preview:-1"},"canonical":"https:\/\/vincentians.com\/es\/la-identificacion-de-jesucristo-con-el-pobre-parte-i-capitulo-1\/","og_locale":"es_ES","og_type":"article","og_title":"Identificaci\u00f3n de Jesucristo con el pobre. Parte I, Cap\u00edtulo 1 - Somos Vicencianos","og_description":"Parte I: La identificaci\u00f3n en Mt 25, 31-46 \u00abCuando el Hijo del hombre venga en su gloria acompa\u00f1ado de todos sus \u00e1ngeles, entonces se sentar\u00e1 en su trono de gloria.Pondr\u00e1 las ovejas a su derecha,Entonces ... Read More","og_url":"https:\/\/vincentians.com\/es\/la-identificacion-de-jesucristo-con-el-pobre-parte-i-capitulo-1\/","og_site_name":"Somos Vicencianos","article_publisher":"https:\/\/www.facebook.com\/WeAreVincentians\/","article_author":"https:\/\/www.facebook.com\/JavierChento","article_published_time":"2015-02-10T02:05:15+00:00","article_modified_time":"2016-07-26T17:17:58+00:00","author":"Francisco Javier Fern\u00e1ndez Chento","twitter_card":"summary_large_image","twitter_creator":"@https:\/\/twitter.com\/javierchento","twitter_site":"@WeVincentians","twitter_misc":{"Escrito por":"Francisco Javier Fern\u00e1ndez Chento","Tiempo de lectura":"42 minutos"},"schema":{"@context":"https:\/\/schema.org","@graph":[{"@type":"Article","@id":"https:\/\/vincentians.com\/es\/la-identificacion-de-jesucristo-con-el-pobre-parte-i-capitulo-1\/#article","isPartOf":{"@id":"https:\/\/vincentians.com\/es\/la-identificacion-de-jesucristo-con-el-pobre-parte-i-capitulo-1\/"},"author":{"name":"Francisco Javier Fern\u00e1ndez Chento","@id":"http:\/\/vincentians.com\/es\/#\/schema\/person\/9623ef4d9aa3b2dfb8c061f1499288f2"},"headline":"Identificaci\u00f3n de Jesucristo con el pobre. Parte I, Cap\u00edtulo 1","datePublished":"2015-02-10T02:05:15+00:00","dateModified":"2016-07-26T17:17:58+00:00","mainEntityOfPage":{"@id":"https:\/\/vincentians.com\/es\/la-identificacion-de-jesucristo-con-el-pobre-parte-i-capitulo-1\/"},"wordCount":8438,"commentCount":0,"publisher":{"@id":"http:\/\/vincentians.com\/es\/#organization"},"image":{"@id":"https:\/\/vincentians.com\/es\/la-identificacion-de-jesucristo-con-el-pobre-parte-i-capitulo-1\/#primaryimage"},"thumbnailUrl":"","articleSection":["Formaci\u00f3n Vicenciana"],"inLanguage":"es","potentialAction":[{"@type":"CommentAction","name":"Comment","target":["https:\/\/vincentians.com\/es\/la-identificacion-de-jesucristo-con-el-pobre-parte-i-capitulo-1\/#respond"]}]},{"@type":"WebPage","@id":"https:\/\/vincentians.com\/es\/la-identificacion-de-jesucristo-con-el-pobre-parte-i-capitulo-1\/","url":"https:\/\/vincentians.com\/es\/la-identificacion-de-jesucristo-con-el-pobre-parte-i-capitulo-1\/","name":"Identificaci\u00f3n de Jesucristo con el pobre. Parte I, Cap\u00edtulo 1 - Somos Vicencianos","isPartOf":{"@id":"http:\/\/vincentians.com\/es\/#website"},"primaryImageOfPage":{"@id":"https:\/\/vincentians.com\/es\/la-identificacion-de-jesucristo-con-el-pobre-parte-i-capitulo-1\/#primaryimage"},"image":{"@id":"https:\/\/vincentians.com\/es\/la-identificacion-de-jesucristo-con-el-pobre-parte-i-capitulo-1\/#primaryimage"},"thumbnailUrl":"","datePublished":"2015-02-10T02:05:15+00:00","dateModified":"2016-07-26T17:17:58+00:00","breadcrumb":{"@id":"https:\/\/vincentians.com\/es\/la-identificacion-de-jesucristo-con-el-pobre-parte-i-capitulo-1\/#breadcrumb"},"inLanguage":"es","potentialAction":[{"@type":"ReadAction","target":["https:\/\/vincentians.com\/es\/la-identificacion-de-jesucristo-con-el-pobre-parte-i-capitulo-1\/"]}]},{"@type":"ImageObject","inLanguage":"es","@id":"https:\/\/vincentians.com\/es\/la-identificacion-de-jesucristo-con-el-pobre-parte-i-capitulo-1\/#primaryimage","url":"","contentUrl":""},{"@type":"BreadcrumbList","@id":"https:\/\/vincentians.com\/es\/la-identificacion-de-jesucristo-con-el-pobre-parte-i-capitulo-1\/#breadcrumb","itemListElement":[{"@type":"ListItem","position":1,"name":"Portada","item":"http:\/\/vincentians.com\/es\/"},{"@type":"ListItem","position":2,"name":"Identificaci\u00f3n de Jesucristo con el pobre. Parte I, Cap\u00edtulo 1"}]},{"@type":"WebSite","@id":"http:\/\/vincentians.com\/es\/#website","url":"http:\/\/vincentians.com\/es\/","name":"Somos Vicencianos","description":"Know more to serve more","publisher":{"@id":"http:\/\/vincentians.com\/es\/#organization"},"potentialAction":[{"@type":"SearchAction","target":{"@type":"EntryPoint","urlTemplate":"http:\/\/vincentians.com\/es\/?s={search_term_string}"},"query-input":{"@type":"PropertyValueSpecification","valueRequired":true,"valueName":"search_term_string"}}],"inLanguage":"es"},{"@type":"Organization","@id":"http:\/\/vincentians.com\/es\/#organization","name":"The Vincentian Network","url":"http:\/\/vincentians.com\/es\/","logo":{"@type":"ImageObject","inLanguage":"es","@id":"http:\/\/vincentians.com\/es\/#\/schema\/logo\/image\/","url":"https:\/\/i1.wp.com\/vincentians.com\/es\/wp-content\/uploads\/sites\/11\/2016\/06\/Vincentian-Network-logo-big.png?fit=778%2C778","contentUrl":"https:\/\/i1.wp.com\/vincentians.com\/es\/wp-content\/uploads\/sites\/11\/2016\/06\/Vincentian-Network-logo-big.png?fit=778%2C778","width":778,"height":778,"caption":"The Vincentian Network"},"image":{"@id":"http:\/\/vincentians.com\/es\/#\/schema\/logo\/image\/"},"sameAs":["https:\/\/www.facebook.com\/WeAreVincentians\/","https:\/\/x.com\/WeVincentians"]},{"@type":"Person","@id":"http:\/\/vincentians.com\/es\/#\/schema\/person\/9623ef4d9aa3b2dfb8c061f1499288f2","name":"Francisco Javier Fern\u00e1ndez Chento","image":{"@type":"ImageObject","inLanguage":"es","@id":"http:\/\/vincentians.com\/es\/#\/schema\/person\/image\/","url":"https:\/\/secure.gravatar.com\/avatar\/497d5cde87b4c3d097d0315953521681ba2cd523ee66e5077c3711f7021e65de?s=96&d=mm&r=g","contentUrl":"https:\/\/secure.gravatar.com\/avatar\/497d5cde87b4c3d097d0315953521681ba2cd523ee66e5077c3711f7021e65de?s=96&d=mm&r=g","caption":"Francisco Javier Fern\u00e1ndez Chento"},"description":"Director General y cofundador de La Red de Formaci\u00f3n Vicenciana. Javier es laico vicenciano, afiliado a la Congregaci\u00f3n de la Misi\u00f3n y miembro del Equipo de Misiones Populares de la provincia can\u00f3nica de Zaragoza (Espa\u00f1a) de la Congregaci\u00f3n de la Misi\u00f3n. Graduado en la Universidad Oberta de Catalunya con cuatro grados (Asistente de direcci\u00f3n, Gesti\u00f3n Administrativa, Recursos Humanos y Contabilidad Avanzada). Bil\u00edng\u00fce Espa\u00f1ol\/Ingl\u00e9s. gestiona y mantiene varias p\u00e1ginas web cristianas y vicencianas, incluida including La Red de Formaci\u00f3n Vicenciana, de la que es cofundador. Actualmente es responsable del \u00e1rea de Espa\u00f1ol de .famvin, la Red de Noticias de la Familia Vicenciana. Tambi\u00e9n es m\u00fasico cat\u00f3lico y ha editado varios discos. Es Director General y cofundador de Trovador, una reconocida compa\u00f1\u00eda discogr\u00e1fica critiana de Espa\u00f1a. Trabaja en las Tecnolog\u00edas de la Informaci\u00f3n, ofreciendo servicios de alojamiento, dise\u00f1o y mantenimiento Web, as\u00ed como asesoramiento, formaci\u00f3n y soluciones inform\u00e1ticas, gesti\u00f3n documental y digitalizaci\u00f3n de textos, edici\u00f3n y maquetaci\u00f3n de libros, revistas, flyers, etc.","sameAs":["http:\/\/chento.org","https:\/\/www.facebook.com\/JavierChento","https:\/\/x.com\/https:\/\/twitter.com\/javierchento"],"url":"https:\/\/vincentians.com\/es\/author\/chento\/"}]}},"jetpack_publicize_connections":[],"jetpack_featured_media_url":"","jetpack_sharing_enabled":true,"jetpack_shortlink":"https:\/\/wp.me\/p7ETMF-vb2","jetpack-related-posts":[{"id":118396,"url":"https:\/\/vincentians.com\/es\/la-hospitalidad-y-la-acogida-en-la-biblia\/","url_meta":{"origin":119848,"position":0},"title":"La hospitalidad y la acogida en la Biblia","author":"Francisco Javier Fern\u00e1ndez Chento","date":"01\/12\/2021","format":false,"excerpt":"La importancia de la hospitalidad en las culturas que han dado lugar a nuestra Biblia judeo-cristiana es significativa. En un contexto en el que los recursos eran limitados, donde la gente deb\u00eda depender unos de otros para las necesidades de la vida (principalmente cuando viajaban), la hospitalidad y la acogida\u2026","rel":"","context":"En \u00abFormaci\u00f3n Vicenciana\u00bb","block_context":{"text":"Formaci\u00f3n Vicenciana","link":"https:\/\/vincentians.com\/es\/category\/formacion-vicenciana\/"},"img":{"alt_text":"","src":"https:\/\/i0.wp.com\/vincentians.com\/es\/wp-content\/uploads\/sites\/11\/2016\/09\/voluntad-del-padre.jpg?fit=1200%2C630&ssl=1&resize=350%2C200","width":350,"height":200,"srcset":"https:\/\/i0.wp.com\/vincentians.com\/es\/wp-content\/uploads\/sites\/11\/2016\/09\/voluntad-del-padre.jpg?fit=1200%2C630&ssl=1&resize=350%2C200 1x, https:\/\/i0.wp.com\/vincentians.com\/es\/wp-content\/uploads\/sites\/11\/2016\/09\/voluntad-del-padre.jpg?fit=1200%2C630&ssl=1&resize=525%2C300 1.5x, https:\/\/i0.wp.com\/vincentians.com\/es\/wp-content\/uploads\/sites\/11\/2016\/09\/voluntad-del-padre.jpg?fit=1200%2C630&ssl=1&resize=700%2C400 2x, https:\/\/i0.wp.com\/vincentians.com\/es\/wp-content\/uploads\/sites\/11\/2016\/09\/voluntad-del-padre.jpg?fit=1200%2C630&ssl=1&resize=1050%2C600 3x"},"classes":[]},{"id":113505,"url":"https:\/\/vincentians.com\/es\/exigencias-sociales-de-la-participacion-y-adoracion-de-la-eucaristia\/","url_meta":{"origin":119848,"position":1},"title":"Exigencias sociales de la participaci\u00f3n y adoraci\u00f3n de la Eucarist\u00eda","author":"Francisco Javier Fern\u00e1ndez Chento","date":"05\/02\/2025","format":false,"excerpt":"Introducci\u00f3n Comienzo por solicitar su benevolencia y excusa por haber acep\u00adtado ocuparme de este tema digno de ser tratado por personas m\u00e1s competentes. Quiz\u00e1 me llev\u00f3 a ello, inconscientemente, mi condici\u00f3n de Hija de la Caridad, sierva de los pobres, testigo directo de la inmensa miseria e injusticia de que\u2026","rel":"","context":"En \u00abFormaci\u00f3n Vicenciana\u00bb","block_context":{"text":"Formaci\u00f3n Vicenciana","link":"https:\/\/vincentians.com\/es\/category\/formacion-vicenciana\/"},"img":{"alt_text":"","src":"https:\/\/i0.wp.com\/vincentians.com\/es\/wp-content\/uploads\/sites\/11\/2023\/08\/aa.jpg?fit=848%2C565&ssl=1&resize=350%2C200","width":350,"height":200,"srcset":"https:\/\/i0.wp.com\/vincentians.com\/es\/wp-content\/uploads\/sites\/11\/2023\/08\/aa.jpg?fit=848%2C565&ssl=1&resize=350%2C200 1x, https:\/\/i0.wp.com\/vincentians.com\/es\/wp-content\/uploads\/sites\/11\/2023\/08\/aa.jpg?fit=848%2C565&ssl=1&resize=525%2C300 1.5x, https:\/\/i0.wp.com\/vincentians.com\/es\/wp-content\/uploads\/sites\/11\/2023\/08\/aa.jpg?fit=848%2C565&ssl=1&resize=700%2C400 2x"},"classes":[]},{"id":126780,"url":"https:\/\/vincentians.com\/es\/federico-ozanam-segun-su-correspondencia-00-prologo-e-introduccion\/","url_meta":{"origin":119848,"position":2},"title":"Federico Ozanam seg\u00fan su correspondencia (00. Pr\u00f3logo e Introducci\u00f3n)","author":"Francisco Javier Fern\u00e1ndez Chento","date":"01\/03\/2024","format":false,"excerpt":"Dedicatoria A la memoria de mis padres, a quienes vi siempre practicar con fervor la caridad cristiana. A la memoria de mi hermano Miguel Alfonso Rivas, quien siempre tuvo para el pobre una caridad y un respeto tales que me atrevo a calificar de ozan\u00e1micos. A la memoria de mi\u2026","rel":"","context":"En \u00abFederico Ozanam\u00bb","block_context":{"text":"Federico Ozanam","link":"https:\/\/vincentians.com\/es\/category\/la-familia-vicenciana\/fundadores\/federico-ozanam\/"},"img":{"alt_text":"","src":"https:\/\/i0.wp.com\/vincentians.com\/es\/wp-content\/uploads\/sites\/11\/2014\/12\/ozanam-the-poet.jpg?fit=1200%2C630&ssl=1&resize=350%2C200","width":350,"height":200,"srcset":"https:\/\/i0.wp.com\/vincentians.com\/es\/wp-content\/uploads\/sites\/11\/2014\/12\/ozanam-the-poet.jpg?fit=1200%2C630&ssl=1&resize=350%2C200 1x, https:\/\/i0.wp.com\/vincentians.com\/es\/wp-content\/uploads\/sites\/11\/2014\/12\/ozanam-the-poet.jpg?fit=1200%2C630&ssl=1&resize=525%2C300 1.5x, https:\/\/i0.wp.com\/vincentians.com\/es\/wp-content\/uploads\/sites\/11\/2014\/12\/ozanam-the-poet.jpg?fit=1200%2C630&ssl=1&resize=700%2C400 2x, https:\/\/i0.wp.com\/vincentians.com\/es\/wp-content\/uploads\/sites\/11\/2014\/12\/ozanam-the-poet.jpg?fit=1200%2C630&ssl=1&resize=1050%2C600 3x"},"classes":[]},{"id":57533,"url":"https:\/\/vincentians.com\/es\/otros-rostros-para-otra-navidad\/","url_meta":{"origin":119848,"position":3},"title":"Otros rostros para otra Navidad","author":"Francisco Javier Fern\u00e1ndez Chento","date":"07\/01\/2025","format":false,"excerpt":"Si algo intenta el comentario a esta portada es subrayar la necesidad permanente que tenemos de centrar nuestra mirada en la realidad humana de nuestra sociedad global para comprometernos con la vida all\u00ed donde nos encontramos, all\u00ed donde trabajamos o all\u00ed donde surge y se va desarrollando y ampliando nuestra\u2026","rel":"","context":"En \u00abEspiritualidad vicenciana\u00bb","block_context":{"text":"Espiritualidad vicenciana","link":"https:\/\/vincentians.com\/es\/category\/espiritualidad\/espiritualidad-vicenciana\/"},"img":{"alt_text":"","src":"https:\/\/i0.wp.com\/vincentians.com\/es\/wp-content\/uploads\/sites\/11\/2023\/08\/aa.gif?fit=868%2C430&ssl=1&resize=350%2C200","width":350,"height":200,"srcset":"https:\/\/i0.wp.com\/vincentians.com\/es\/wp-content\/uploads\/sites\/11\/2023\/08\/aa.gif?fit=868%2C430&ssl=1&resize=350%2C200 1x, https:\/\/i0.wp.com\/vincentians.com\/es\/wp-content\/uploads\/sites\/11\/2023\/08\/aa.gif?fit=868%2C430&ssl=1&resize=525%2C300 1.5x, https:\/\/i0.wp.com\/vincentians.com\/es\/wp-content\/uploads\/sites\/11\/2023\/08\/aa.gif?fit=868%2C430&ssl=1&resize=700%2C400 2x"},"classes":[]},{"id":130764,"url":"https:\/\/vincentians.com\/es\/p-alberto-lopez-sanchez\/","url_meta":{"origin":119848,"position":4},"title":"P. Alberto L\u00f3pez S\u00e1nchez","author":"Mitxel Olabu\u00e9naga","date":"15\/07\/2014","format":false,"excerpt":"Ven bendito de mi Padre; hereda el reino preparado para ti desde la creaci\u00f3n del mundo. Estas palabras son las que escuch\u00f3 el P. Alberto la tarde-noche del martes 27, fiesta de la Medalla Milagrosa cuando pas\u00f3 a ocupar su lugar en la Casa del Padre. Que es el \u00faltimo\u2026","rel":"","context":"En \u00abBiograf\u00edas de Misioneros Pa\u00fales\u00bb","block_context":{"text":"Biograf\u00edas de Misioneros Pa\u00fales","link":"https:\/\/vincentians.com\/es\/category\/la-familia-vicenciana\/biografias-vicencianas\/biografias-de-misioneros-paules\/"},"img":{"alt_text":"","src":"https:\/\/i0.wp.com\/vincentians.com\/es\/wp-content\/uploads\/sites\/11\/2016\/07\/bio-cm.jpg?fit=1200%2C630&ssl=1&resize=350%2C200","width":350,"height":200,"srcset":"https:\/\/i0.wp.com\/vincentians.com\/es\/wp-content\/uploads\/sites\/11\/2016\/07\/bio-cm.jpg?fit=1200%2C630&ssl=1&resize=350%2C200 1x, https:\/\/i0.wp.com\/vincentians.com\/es\/wp-content\/uploads\/sites\/11\/2016\/07\/bio-cm.jpg?fit=1200%2C630&ssl=1&resize=525%2C300 1.5x, https:\/\/i0.wp.com\/vincentians.com\/es\/wp-content\/uploads\/sites\/11\/2016\/07\/bio-cm.jpg?fit=1200%2C630&ssl=1&resize=700%2C400 2x, https:\/\/i0.wp.com\/vincentians.com\/es\/wp-content\/uploads\/sites\/11\/2016\/07\/bio-cm.jpg?fit=1200%2C630&ssl=1&resize=1050%2C600 3x"},"classes":[]},{"id":135674,"url":"https:\/\/vincentians.com\/es\/4o-domingo-de-t-o-reflexion-de-julio-suescun-c-m\/","url_meta":{"origin":119848,"position":5},"title":"4\u00ba Domingo de T.O. (reflexi\u00f3n de Julio Suescun, C.M.)","author":"Francisco Javier Fern\u00e1ndez Chento","date":"24\/01\/2012","format":false,"excerpt":"Hablaba con autoridad La reacci\u00f3n a la ense\u00f1anza de Jes\u00fas en la sinagoga de Cafarna\u00fan es de asombro, porque no ense\u00f1aba como los letrados, sino con autoridad. Ense\u00f1ar con autoridad puede significar no hacerlo como los letrados que necesitaban citar a otros letrados y profetas para asegurar la verdad de\u2026","rel":"","context":"En \u00abHomil\u00edas y reflexiones, A\u00f1o B\u00bb","block_context":{"text":"Homil\u00edas y reflexiones, A\u00f1o B","link":"https:\/\/vincentians.com\/es\/category\/homilias-y-reflexiones-a-la-palabra-de-dios\/homilias-y-reflexiones-ano-b\/"},"img":{"alt_text":"","src":"https:\/\/i0.wp.com\/vincentians.com\/es\/wp-content\/uploads\/sites\/11\/2016\/07\/reflexiones-palabra-de-dios.jpg?fit=1200%2C630&ssl=1&resize=350%2C200","width":350,"height":200,"srcset":"https:\/\/i0.wp.com\/vincentians.com\/es\/wp-content\/uploads\/sites\/11\/2016\/07\/reflexiones-palabra-de-dios.jpg?fit=1200%2C630&ssl=1&resize=350%2C200 1x, https:\/\/i0.wp.com\/vincentians.com\/es\/wp-content\/uploads\/sites\/11\/2016\/07\/reflexiones-palabra-de-dios.jpg?fit=1200%2C630&ssl=1&resize=525%2C300 1.5x, https:\/\/i0.wp.com\/vincentians.com\/es\/wp-content\/uploads\/sites\/11\/2016\/07\/reflexiones-palabra-de-dios.jpg?fit=1200%2C630&ssl=1&resize=700%2C400 2x, https:\/\/i0.wp.com\/vincentians.com\/es\/wp-content\/uploads\/sites\/11\/2016\/07\/reflexiones-palabra-de-dios.jpg?fit=1200%2C630&ssl=1&resize=1050%2C600 3x"},"classes":[]}],"_links":{"self":[{"href":"https:\/\/vincentians.com\/es\/wp-json\/wp\/v2\/posts\/119848","targetHints":{"allow":["GET"]}}],"collection":[{"href":"https:\/\/vincentians.com\/es\/wp-json\/wp\/v2\/posts"}],"about":[{"href":"https:\/\/vincentians.com\/es\/wp-json\/wp\/v2\/types\/post"}],"author":[{"embeddable":true,"href":"https:\/\/vincentians.com\/es\/wp-json\/wp\/v2\/users\/4"}],"replies":[{"embeddable":true,"href":"https:\/\/vincentians.com\/es\/wp-json\/wp\/v2\/comments?post=119848"}],"version-history":[{"count":0,"href":"https:\/\/vincentians.com\/es\/wp-json\/wp\/v2\/posts\/119848\/revisions"}],"wp:featuredmedia":[{"embeddable":true,"href":"https:\/\/vincentians.com\/es\/wp-json\/"}],"wp:attachment":[{"href":"https:\/\/vincentians.com\/es\/wp-json\/wp\/v2\/media?parent=119848"}],"wp:term":[{"taxonomy":"category","embeddable":true,"href":"https:\/\/vincentians.com\/es\/wp-json\/wp\/v2\/categories?post=119848"},{"taxonomy":"post_tag","embeddable":true,"href":"https:\/\/vincentians.com\/es\/wp-json\/wp\/v2\/tags?post=119848"}],"curies":[{"name":"wp","href":"https:\/\/api.w.org\/{rel}","templated":true}]}}