{"id":119820,"date":"2015-05-29T08:38:26","date_gmt":"2015-05-29T06:38:26","guid":{"rendered":"http:\/\/somos.vicencianos.org\/?p=119820"},"modified":"2016-07-26T09:44:28","modified_gmt":"2016-07-26T07:44:28","slug":"mision-e-identidad-de-la-congregacion-de-la-mision","status":"publish","type":"post","link":"https:\/\/vincentians.com\/es\/mision-e-identidad-de-la-congregacion-de-la-mision\/","title":{"rendered":"Misi\u00f3n e identidad de la Congregaci\u00f3n de la Misi\u00f3n"},"content":{"rendered":"<h2>I. Introducci\u00f3n: el movimiento misionero en el siglo XVII<\/h2>\n<p><a href=\"https:\/\/i0.wp.com\/vicencianos.org\/wp-content\/2011\/12\/logocm.png\"><img data-recalc-dims=\"1\" loading=\"lazy\" decoding=\"async\" class=\"alignright size-medium wp-image-57594\" src=\"https:\/\/i0.wp.com\/vicencianos.org\/wp-content\/2011\/12\/logocm-245x300.png?resize=245%2C300\" alt=\"logocm\" width=\"245\" height=\"300\" \/><\/a>\u00abLa expansi\u00f3n del cristianismo alcanz\u00f3 en el siglo XVII franc\u00e9s un vigor extraordinario que puede medirse especial\u00admente a trav\u00e9s de los informes de las misiones del interior o parroquiales. Estos informes permiten localizar a los \u00abmargi\u00adnados\u00bb del cristianismo, dirigir una mirada profunda a la \u00abcristiandad\u00bb de entonces, comprobar la importancia que ten\u00eda la confesi\u00f3n dentro de la pastoral cat\u00f3lica y, por \u00faltimo, adivinar el hero\u00edsmo de los misioneros. Si la Reforma cat\u00f3lica obtuvo resultados cualitativos y cuantitativos importantes, se debe sin duda de manera primordial a la \u00absantidad\u00bb de sus propagandistas\u00bb, escribe Jean Delumeau<span id='easy-footnote-1-119820' class='easy-footnote-margin-adjust'><\/span><span class='easy-footnote'><a href='https:\/\/vincentians.com\/es\/mision-e-identidad-de-la-congregacion-de-la-mision\/#easy-footnote-bottom-1-119820' title='J. Delumeau, &lt;i&gt;Un chemin d&amp;#8217;histoire. Chr\u00e9tient\u00e9 et christianisation, &lt;\/i&gt;Par\u00eds 1984, p. 154.'><sup>1<\/sup><\/a><\/span>.<\/p>\n<p>Estos propagandistas, que pertenecieron tanto a \u00f3rdenes antiguas como a las nuevas comunidades religiosas o seculares, recorrieron las ciudades y los campos de Francia<span id='easy-footnote-2-119820' class='easy-footnote-margin-adjust'><\/span><span class='easy-footnote'><a href='https:\/\/vincentians.com\/es\/mision-e-identidad-de-la-congregacion-de-la-mision\/#easy-footnote-bottom-2-119820' title='Referente a las misiones del interior o parroquiales en la Francia del siglo XVII existen numerosos estudios. V\u00e9ase entre otros: &lt;i&gt;Missions catholiques \u00e1 Pinterieur de la France pendant le XVII&amp;#8217; si\u00e9cle, &lt;\/i&gt;en XVII` si\u00e9cle (41) 1958; M. Venard, &lt;i&gt;Les Missions des Oratoriens d&amp;#8217;Avignon aux XVII\u00b0 et XVIIIe si\u00e9cles, &lt;\/i&gt;en R.H.E.F., t. XLVIII, 1962, pp. 16-38; Ch. Berthelot du Chesnay, &lt;i&gt;Les missions de saint Jean Eudes, &lt;\/i&gt;Par\u00eds 1967; J.-R. Armogathe, &lt;i&gt;Le dioc\u00e9se de Mende au XVII&amp;#8217; si\u00e9cle: perspectives d&amp;#8217;histoire religieuse, &lt;\/i&gt;en &lt;i&gt;Revue du Gevaudan, des &lt;i&gt;Causses et des Cevennes (17), &lt;\/i&gt;1971, pp. 91-109; J. Mauzaize, &lt;i&gt;Le r\u00f3le et l&amp;#8217;action des capucins de la province de Paris dans la France religieuse du XVII&amp;#8217; si\u00e9cle, &lt;\/i&gt;Lille 1978, 3 vol.; L. Perouas, &lt;i&gt;La mission de Poitou des capucins pendant le premier quart du XVIIe si\u00e9cle, &lt;\/i&gt;en &lt;i&gt;Bulletin de la Soci\u00e9t\u00e9 des Antiquaires de l&amp;#8217;Ouest, &lt;\/i&gt;1964, p. 349-362; R. Sauzet, &lt;i&gt;Contre-R\u00e9forme et R\u00e9forme catholique en Bas-Languedoc au XVII&amp;#8217; si\u00e9cle, &lt;\/i&gt;Lille 1978, 2 vol.; F. Tisserand, &lt;i&gt;Les Troph\u00e9es sacr\u00e9s ou mission des capucins en Savoie, &lt;\/i&gt;Lausanne 1976, 3 vol.; J. Delumeau, &lt;i&gt;Un chemis d&amp;#8217;histoire&amp;#8230; op. cit., &lt;\/i&gt;pp. 154-187; F. Lebrun, &lt;i&gt;Les missions des Lazaristes en Haute Bretagne au XVII&amp;#8217; si\u00e9cle, &lt;\/i&gt;en &lt;i&gt;Annales de Bretagne et des Pays de I&amp;#8217; Ouest, &lt;\/i&gt;1982, pp. 15-38; Id., &lt;i&gt;La pastorale de la conversi\u00f3n et les mission int\u00e9rieures: L&amp;#8217;exemple des Lazaristes en Haute Bretagne au XVII&amp;#8217; si\u00e9cle, &lt;\/i&gt;en &lt;i&gt;La conversion au XVII&amp;#8217; si\u00e9cle, &lt;\/i&gt;Par\u00eds 1983, pp. 247-255; B. Dompnier, &lt;i&gt;Pastorale de la peur et pastorale de la s\u00e9duction. La m\u00e9thode de la\u2022conversi\u00f3n des missionnaires capucins, en La conversi\u00f3n&amp;#8230; op. cit., &lt;\/i&gt;pp. 257-273. En cada uno de estos art\u00edculos o libros puede encontrarse bibliograf\u00eda abundante.&lt;\/i&gt;'><sup>2<\/sup><\/a><\/span>.<\/p>\n<p>Su objetivo, \u2014dado que, ayer como hoy, las misiones son una forma extraordinaria y temporal de la pastoral\u2014 fue obtener el m\u00e1ximo de conversiones de pecadores y de herejes en un per\u00edodo de tiempo relativamente breve. De ah\u00ed surge una pedagog\u00eda pastoral animada por predicadores expertos en evocar el fuego del infierno o los suplicios de los condenados en raz\u00f3n de las exigencias de un Dios justiciero. Es cierto que la pastoral misionera, especialmente la popular, no se resume al miedo. Reconocer esto, equivale a multiplicar de hecho las cuestiones que suscita y propone el historiador. \u00bfC\u00f3mo se articulan entonces los diversos m\u00e9todos a veces aparentemente contradictorios? \u00bfQu\u00e9 objetivos intentan los misioneros con esta diversidad de m\u00e9todos? \u00bfQu\u00e9 concepciones del cristianis\u00admo subyacen en esta pastoral?<\/p>\n<p>La respuesta a estas cuestiones supone un conocimiento detallado de los misioneros, tanto referente a su espiritualidad, como a las regiones y per\u00edodos en los que ejercieron su activi\u00addad. Cada orden y congregaci\u00f3n utiliz\u00f3 sin duda sus propios m\u00e9todos. Por ello no es in\u00fatil analizar por separado los proce\u00addimientos de cada una de ellas. Aqu\u00ed no tratar\u00e9 m\u00e1s que de los sacerdotes de la Misi\u00f3n. De lo que no se puede dudar, es de que las misiones del \u00abinterior\u00bb o parroquiales fueron un medio de renovaci\u00f3n espiritual. Pero adem\u00e1s tambi\u00e9n tuvieron una influencia social e incluso econ\u00f3mica en la <i>\u00abcristiandad\u00bb <\/i>fran\u00adcesa del siglo XVII.<\/p>\n<h2>II. Concienciaci\u00f3n: Esp\u00edritu, fin y obras de las comunidades<\/h2>\n<p>Vicente de Pa\u00fal no s\u00f3lo fue un eminente misionero. Tam\u00adbi\u00e9n fund\u00f3 la Congregaci\u00f3n de la Misi\u00f3n y dio a sus disc\u00edpulos una ense\u00f1anza que prolonga y formula su experiencia misio\u00adnera.<\/p>\n<p>Esta triple afirmaci\u00f3n me lleva a clarificar el sentido y el contenido del tema que se me ha pedido en esta XIV Semana de Estudios Vicencianos: <i>Misi\u00f3n e identidad de la Congregaci\u00f3n de la Misi\u00f3n. <\/i>Por un deseo de precisi\u00f3n me siento forzado a desechar un peligro constante y atenazador, introducido can\u00addorosamente en muchos esp\u00edritus como bella tentaci\u00f3n: \u00bfno hay s\u00edntomas de esta tentaci\u00f3n en las Comunidades religiosas y en las Comunidades de vida apost\u00f3lica al proclamar bien en voz baja, bien a gritos \u2014todo ello reflejo de una angustia\u2014que la originalidad de las Comunidades, su especificaci\u00f3n, su \u00abcarisma\u00bb en la Iglesia y en la sociedad se encuentran en la realizaci\u00f3n concreta de tal o cual obra, trabajo, ministerio? Puesto que dicha tentaci\u00f3n puede llegar a convertirse en \u00abobse\u00adsi\u00f3n\u00bb, me permito se\u00f1alarla.<\/p>\n<p>Esta sospecha y esta desconfianza m\u00edas \u00bfno est\u00e1n refleja\u00addas, incluso, en la formulaci\u00f3n del tema que me ha sido propuesto en esta Semana?<\/p>\n<p>Para ver claro en la conciencia evolutiva de Vicente de Pa\u00fal, para eliminar esta sospecha y abandonar esta descon\u00adfianza no hay m\u00e1s que dos medios: volver a las fuentes u or\u00edgenes, para descubrir la intuici\u00f3n e intenci\u00f3n evang\u00e9licas de Vicente de Pa\u00fal, y admitir que la Congregaci\u00f3n de la Misi\u00f3n como toda Comunidad, se define por su <i>esp\u00edritu <\/i>y no por las obras que realiza.<\/p>\n<h3><i>1. La vuelta a las fuentes<\/i><\/h3>\n<p>Para percibir el pasado por el que la Congregaci\u00f3n de la Misi\u00f3n mantiene su carn\u00e9 de identidad y para cobrar concien\u00adcia del presente e incluso del futuro, al que debe abrirse, se requiere hacer una lectura hermen\u00e9utica de la historia de los or\u00edgenes de la Comunidad. Esta lectura exige un trabajo cr\u00edtico referente tanto a las coordenadas socio-culturales de la \u00e9poca de la fundaci\u00f3n, como a la inspiraci\u00f3n del Esp\u00edritu que se transmite a trav\u00e9s de ellas. Este trabajo de investigaci\u00f3n no se reduce solamente a escribir narrativamente o a leer la vida \u00abedificante\u00bb del fundador, ni a entresacar el esp\u00edritu de los or\u00edgenes. Debe intentar igualmente descubrir los <i>elementos esenciales <\/i>a trav\u00e9s de los cuales la inspiraci\u00f3n primera y origi\u00adnal de la Comunidad intentaba organizarse, encarnarse en la Iglesia y en la sociedad. Rehuir esta \u00faltima exigencia, ser\u00eda correr detr\u00e1s de una abstracci\u00f3n. Una Comunidad no puede nacer al margen del tiempo, del lugar y de las situaciones concretas de la Iglesia y de la sociedad. M\u00e1s a\u00fan estos elemen\u00adtos sociales, culturales, pol\u00edticos y religiosos constituyen en su conjunto el contexto de la fundaci\u00f3n de la Comunidad.<\/p>\n<p>La fidelidad al esp\u00edritu del fundador y a los elementos constitutivos de la Comunidad no puede, pues, prescindir del conjunto de las formas sociales y culturales en las que dicha Comunidad se desarrolla a trav\u00e9s del tiempo, incluso cuando \u00e9stas desaparecen bajo diversos aspectos, debido a la evoluci\u00f3n del contexto socio-cultural.<\/p>\n<p>Lo que hay que buscar en los or\u00edgenes de la Congregaci\u00f3n de la Misi\u00f3n no es solamente una <i>documentaci\u00f3n. <\/i>Lo que hay que encontrar sobre todo es una <i>inspiraci\u00f3n, <\/i>los elementos de la <i>inspiraci\u00f3n creadora, <\/i>que permanece viva bajo la documen\u00adtaci\u00f3n, bajo el aparato institucional.<\/p>\n<p>Esta inspiraci\u00f3n creadora permite descubrir c\u00f3mo el Evan\u00adgelio recupera un vigor nuevo, diferente y se vuelve actual y contempor\u00e1neo. Entonces se podr\u00e1 descubrir c\u00f3mo la Congregaci\u00f3n de la Misi\u00f3n intenta ser un modo visible y posible de vivir el Evangelio de Jesucristo, y constituye una nueva forma de vida evang\u00e9lica en el contexto hist\u00f3rico y geogr\u00e1fico en que nace y se desarrolla. En vista a los desaf\u00edos (purificaciones) y a las oportunidades (renovaci\u00f3n) actuales, la Congregaci\u00f3n debe volver a los or\u00edgenes, a fm de descubrir la intenci\u00f3n de la inspiraci\u00f3n originaria, la novedad y el dinamismo de la \u00abop\u00adci\u00f3n fundamental\u00bb, aquella que se encuentra en la ra\u00edz de todas las otras. Si se vuelve a la \u00abarqueolog\u00eda de la historia\u00bb de la Congregaci\u00f3n, es para descubrir la inspiraci\u00f3n viva para el presente.<\/p>\n<p>El Concilio Vaticano II, en el Decreto <i>Perfectae Caritatis <\/i>n.\u00b0 2, ha dicho m\u00e1s o menos lo mismo, cuando afirma: el principio de renovaci\u00f3n de las Comunidades se encuentra en la vuelta a las intenciones originarias del fundador y en la lectura del acontecer hist\u00f3rico o en el discernimiento de los signos de los tiempos. A trav\u00e9s de este retorno y de este discernimiento estar\u00e1n presentes a su tiempo, al mundo de hoy. Para asegurar esta uni\u00f3n, bruscamente afirmada, el Concilio utiliza el adver\u00adbio \u00absimul\u00bb, al mismo tiempo. Es la palabra exacta. Y lo hace para se\u00f1alar con claridad y profundidad que la intuici\u00f3n y la intenci\u00f3n evang\u00e9lica del fundador tienen valor permanente.<\/p>\n<p>Esta invitaci\u00f3n del Concilio Vaticano II a todas las Comu\u00adnidades a determinar con precisi\u00f3n el car\u00e1cter propio de su Instituci\u00f3n, el esp\u00edritu de sus or\u00edgenes, el esp\u00edritu de su funda\u00addor, est\u00e1 formulada en orden a llegar a hacerles cobrar con\u00adciencia clara de su <i>vocaci\u00f3n <\/i>y de su <i>misi\u00f3n <\/i>en el Pueblo de Dios. Y ello en raz\u00f3n de que toda <i>renovaci\u00f3n aut\u00e9ntica <\/i>en la Iglesia exige de las comunidades y de sus miembros <i>fidelidad <\/i>a sus <i>ra\u00edces evang\u00e9licas, <\/i>base de la experiencia inspiradora del fun\u00addador. Esta vuelta a los or\u00edgenes equivale a \u00abvolver a formu\u00adlar\u00bb la \u00abforma originaria\u00bb. Forma en que fue original y vital y que todav\u00eda hoy tiene que seguir si\u00e9ndolo en la experiencia radical de la vida cristiana.<\/p>\n<p>Para conseguirlo, se requiere que la Congregaci\u00f3n de la Misi\u00f3n lea el Evangelio desde la perspectiva propia de Vicente de Pa\u00fal <i>y <\/i>lo traduzca en un lenguaje <i>intelectualmente v\u00e1lido <\/i>para el mundo cultural de hoy teniendo en cuentra la situaci\u00f3n hist\u00f3rica de la Iglesia y de la vida social<span id='easy-footnote-3-119820' class='easy-footnote-margin-adjust'><\/span><span class='easy-footnote'><a href='https:\/\/vincentians.com\/es\/mision-e-identidad-de-la-congregacion-de-la-mision\/#easy-footnote-bottom-3-119820' title='Esta manera de leer el evangelio constituye la &lt;i&gt;intuici\u00f3n evang\u00e9lica &lt;\/i&gt;de Vicente de Pa\u00fal. Intuici\u00f3n que se articula de manera viva en torno a una idea maestra: la voluntad salv\u00edfico-liberadora de Dios en favor de los hombres que Jesucristo realiza a trav\u00e9s de la evangelizaci\u00f3n de los pobres. Al mismo tiempo determina un estado de vida en la Iglesia: \u00abel estado de caridad\u00bb y una funci\u00f3n en el pueblo de Dios: la funci\u00f3n misionera que se ejerce en la vida apost\u00f3lica. Reclama una mentalidad: el amor que realiza \u00abla confianza en Dios y la desconfianza en s\u00ed mismo\u00bb. En definitiva se trata de una manera original de comprender a Dios, a Jesucristo, a la Iglesia, a los pobres.'><sup>3<\/sup><\/a><\/span>. Y ello en raz\u00f3n de que nadie es testimonio de su tiempo, sin prestar atenci\u00f3n a lo realmente significativo y sin tomar parte en el proceso de la historia. Para saber por donde anda la humanidad, es menester descubrir los caminos por donde pasa. Al mismo tiempo es menester que tenga conciencia de que el contenido doctrinal <i>y <\/i>din\u00e1mico de su <i>esp\u00edritu <\/i>gira en torno a permitir a los sacerdotes de la Misi\u00f3n (PP. Pa\u00fales) poder responder en cualquier situa\u00adci\u00f3n hist\u00f3rica y de manera <i>sociol\u00f3gicamente v\u00e1lida <\/i>a lo que es su vocaci\u00f3n: vivir en la Iglesia y en la sociedad el \u00abestado de caridad\u00bb<span id='easy-footnote-4-119820' class='easy-footnote-margin-adjust'><\/span><span class='easy-footnote'><a href='https:\/\/vincentians.com\/es\/mision-e-identidad-de-la-congregacion-de-la-mision\/#easy-footnote-bottom-4-119820' title='S.V. XII, 275; cf. S.V. VII, 341-342 (los n\u00fameros romanos colocados detr\u00e1s de las siglas S.V. se refieren al tomo y los n\u00fameros \u00e1rabes a la p\u00e1gina o p\u00e1ginas de la obra &lt;i&gt;Saint Vincent de Paul: Correspondance, entretiens, docu\u00adments, &lt;\/i&gt;edici\u00f3n preparada por P. Coste, Par\u00eds 1920-1925, 14 vol.).'><sup>4<\/sup><\/a><\/span> continuando la misi\u00f3n de Cristo evangelizador de los pobres en un estilo de vida propio y original<span id='easy-footnote-5-119820' class='easy-footnote-margin-adjust'><\/span><span class='easy-footnote'><a href='https:\/\/vincentians.com\/es\/mision-e-identidad-de-la-congregacion-de-la-mision\/#easy-footnote-bottom-5-119820' title='Todos estos elementos: esp\u00edritu, estado de vida en la Iglesia, estilo de vida constituyen la &lt;i&gt;intenci\u00f3n evang\u00e9lica &lt;\/i&gt;de Vicente de Pa\u00fal referente a la Congregaci\u00f3n de la Misi\u00f3n.'><sup>5<\/sup><\/a><\/span>.<\/p>\n<p>La \u00abopci\u00f3n de fondo\u00bb de la Congregaci\u00f3n de la Misi\u00f3n, que <i>de hecho <\/i>orienta y da sentido al resto de sus decisiones, surge, a nuestro entender, de la decisi\u00f3n radical de vivir las exigencias del <i>don a Dios en la evangelizaci\u00f3n de los pobres. <\/i>Semejante opci\u00f3n no s\u00f3lo debe orientar a la Congregaci\u00f3n a un cambio de formas, sino tambi\u00e9n a una fidelidad a Dios vivida en su proyecto vital del <i>compromiso con la causa de los oprimidos.<\/i><\/p>\n<h3>2. <i>La Congregaci\u00f3n de la Misi\u00f3n se define por su esp\u00edritu<\/i><\/h3>\n<p>Vicente de Pa\u00fal escribe con precisi\u00f3n el 17 de enero de 1634: \u00abUna Orden exige el mismo fin, los mismos medios, y el mismo esp\u00edritu\u00bb<span id='easy-footnote-6-119820' class='easy-footnote-margin-adjust'><\/span><span class='easy-footnote'><a href='https:\/\/vincentians.com\/es\/mision-e-identidad-de-la-congregacion-de-la-mision\/#easy-footnote-bottom-6-119820' title='S.V. I, 224.'><sup>6<\/sup><\/a><\/span>. \u00bfTan fr\u00e1gil es nuestra memoria para haberlo olvidado? \u00a1Semejante olvido se puede pagar caro! Lo impor\u00adtante es no sustituir el fin por los medios, no confundir el fin con las obras. No olvidar que s\u00f3lo el esp\u00edritu especifica a las Comunidades<span id='easy-footnote-7-119820' class='easy-footnote-margin-adjust'><\/span><span class='easy-footnote'><a href='https:\/\/vincentians.com\/es\/mision-e-identidad-de-la-congregacion-de-la-mision\/#easy-footnote-bottom-7-119820' title='Cf. S.V. IX, 592&amp;#8230;'><sup>7<\/sup><\/a><\/span>, incluso si toda comunidad es una realidad necesariamente de orden sociol\u00f3gico.<\/p>\n<p>Para evitar caer en la tentaci\u00f3n de confundir el fin con las obras, el esp\u00edritu con el fin, conviene recordar la distinci\u00f3n entre <i>esp\u00edritu, fin <\/i>de las comunidades <i>y obras <\/i>en las que aqu\u00e9l se ha ido encarnando al paso del tiempo. Los miembros de las Comunidades, persuadidos por la fe de la intervenci\u00f3n de Dios en los or\u00edgenes de \u00e9stas, se encuentran rec\u00edprocamente com\u00adprometidos en el \u00abproyecto comunitario\u00bb. Este compromiso surge en ellos porque se saben responsables de prolongar en el momento actual, teniendo en cuenta las exigencias que les llegan al ritmo y a la cadencia de los d\u00edas, el \u00abproyecto originario\u00bb de la Comunidad. La fidelidad al esp\u00edritu y a la realidad con sus desafios y oportunidades conduce a los miem\u00adbros de la Comunidad a determinar, al paso de los d\u00edas y de las generaciones, c\u00f3mo seguir <i>encarnando el esp\u00edritu en las obras. <\/i>Pero hacer las obras que la Comunidad realiz\u00f3 en tiempo del fundador, no quiere decir <i>necesariamente <\/i>que \u00e9sta tenga hoy las mismas obras de entonces. Es poner los mismos actos, inspirados por la misma intuici\u00f3n e intenci\u00f3n evang\u00e9licas, que hicieron descubri r en su tiempo al fundador los medios apropiados para la realizaci\u00f3n de los objetivos que Dios le asignaba a trav\u00e9s de los acontecimientos y de las necesidades.<\/p>\n<p>Todos los miembros de la Comunidad son responsables de esta fidelidad. En ello estriba su compromiso comunitario con relaci\u00f3n a Dios y a la sociedad. Por eso pretender identificar el <i>esp\u00edritu <\/i>y el <i>fin <\/i>con las <i>obras <\/i>realizadas por la Comunidad y orientar la formaci\u00f3n de sus miembros, teniendo como punto de referencia a estas obras concretas, equivaldr\u00eda a hipotecar a una y a otras con un precio excesivamente caro. La situaci\u00f3n en que se encuentran muchas Comunidades, a causa de haber dejado de ser para el mundo de hoy <i>sociol\u00f3gicamente significa\u00adtivas <\/i>e <i>intelectualmente v\u00e1lidas, <\/i>es una prueba irrefutable del costo de dicha hipoteca.<\/p>\n<p>Ahora podremos comprender m\u00e1s clara y m\u00e1s profunda\u00admente c\u00f3mo y por qu\u00e9 la especificaci\u00f3n \u2014la identidad\u2014 de la Congregaci\u00f3n de la Misi\u00f3n proviene de su <i>esp\u00edritu, <\/i>cuyos objetivos se concretan en el <i>fin, <\/i>que se realizan a trav\u00e9s de las obras.<\/p>\n<p>El <i>esp\u00edritu <\/i>de la Congregaci\u00f3n de la Misi\u00f3n \u2014expresi\u00f3n y encarnaci\u00f3n concretas de la intuici\u00f3n e intenci\u00f3n evang\u00e9licas de Vicente de Pa\u00fal\u2014 consiste en el <i>don a Dios, para glorificar al Padre continuando la misi\u00f3n de Cristo evangelizador de los pobres con humildad, sencillez, mansedumbre, mortificaci\u00f3n y celo, vivido en una Comunidad de vida evang\u00e9lica.<\/i><\/p>\n<p>El <i>fin <\/i>de la Congregaci\u00f3n de la Misi\u00f3n es la <i>gloria de Dios<\/i><span id='easy-footnote-8-119820' class='easy-footnote-margin-adjust'><\/span><span class='easy-footnote'><a href='https:\/\/vincentians.com\/es\/mision-e-identidad-de-la-congregacion-de-la-mision\/#easy-footnote-bottom-8-119820' title='\u00abBusquemos la gloria de Dios, busquemos el reino de Jesucristo&amp;#8230; Nuestro Se\u00f1or quiere ante todo que busquemos su gloria, su reino y su justicia&amp;#8230; Si nos decidimos de una vez a buscar la gloria de Dios, estaremos seguros que el resto seguir\u00e1\u00bb: S.V. XII, 132. \u00abRuego a Dios todos los d\u00edas dos o tres veces, que nos aniquile si no somos \u00fatiles para su gloria. \u00bfC\u00f3mo padres, a\u00f1ade Vicente de Pa\u00fal, quisi\u00e9ramos estar en el mundo sin agradar a Dios y sin procurarle su mayor gloria?\u00bb: S.V. XII, 2. \u00abUn buen medio que nos ayudar\u00e1 a practicar estas m\u00e1ximas (evang\u00e9licas) ser\u00e1 considerar con frecuencia que la Compa\u00f1\u00eda, desde el comienzo, ha tenido el deseo de unirse a nuestro Se\u00f1or para hacer lo que El hizo por la pr\u00e1ctica de estas m\u00e1ximas, para hacerse como El agradable a su Padre eterno y \u00fatil a su Iglesia&amp;#8230; Los misioneros deben estar animados de manera especial por este esp\u00edritu&amp;#8230;\u00bb: S.V. XII, 128. Este aspecto es constante en la ense\u00f1anza de Vicente de Pa\u00fal.'><sup>8<\/sup><\/a><\/span> realizada a trav\u00e9s de la continuaci\u00f3n de la misi\u00f3n de Cristo evangelizador de los pobres<span id='easy-footnote-9-119820' class='easy-footnote-margin-adjust'><\/span><span class='easy-footnote'><a href='https:\/\/vincentians.com\/es\/mision-e-identidad-de-la-congregacion-de-la-mision\/#easy-footnote-bottom-9-119820' title='Cf. S.V. XI, 1-2, 23-24, 74, 77, 133-136, 212; XII, 3-5, 79-83, 84, 127, 262, 264-265, 271, 366-367, 372, 379&amp;#8230;'><sup>9<\/sup><\/a><\/span>.<\/p>\n<p>Los <i>medios, <\/i>utilizados por la Congregaci\u00f3n de la Misi\u00f3n para la realizaci\u00f3n de los objetivos concretos de su esp\u00edritu y de su fin \u2014tanto en tiempo de Vicente como hoy\u2014 son las <i>obras. <\/i>Lo que me interesa constatar ahora es que Vicente de Pa\u00fal y los primeros misioneros de la Congregaci\u00f3n de la Misi\u00f3n fueron al principio los <i>empleados de la familia de los Gondi y los art\u00edfices de una obra: la misi\u00f3n en las tierras de los Gondi. <\/i>No obstante en la conferencia a los misioneros sobre el <i>fin <\/i>de la Congregaci\u00f3n, el 6 de diciembre de 1658, Vicente se esfuerza en transmitir su intenci\u00f3n evang\u00e9lica manifestada y perfeccio\u00adnada a trav\u00e9s de su vida. Autoridad y experiencia se apoyan y se sobreponen para justificar inmediatamente ante los misione\u00adros la creaci\u00f3n de cada una de las siete obras que enumera.<\/p>\n<p>Esta vuelta a las fuentes y esta constataci\u00f3n, de que la Congregaci\u00f3n de la Misi\u00f3n se define por su esp\u00edritu, nos indican algo muy claro: no son las obras las que especifican o identifican a la Congregaci\u00f3n de la Misi\u00f3n. (Lo mismo se puede afirmar de todas las Comunidades). No son pues las misiones del interior o parroquiales \u2014lo mismo se puede decir de cualquier obra\u2014 las que constituyen la identidad de la Congregaci\u00f3n. Lo que constituye esta identidad es el <i>esp\u00edritu, <\/i>es decir el elemento <i>doctrinal, din\u00e1mico <\/i>e <i>inventivo, <\/i>en el que se constata la novedad y la energ\u00eda creadora de los or\u00edgenes de la Congregaci\u00f3n de la Misi\u00f3n. De ah\u00ed que sea preciso ajustar el <i>esp\u00edritu de la Congregaci\u00f3n al esp\u00edritu de Dios, <\/i>que atraviesa el mundo para re-crearlo, a fin de que el <i>don a Dios, vivido en la evangelizaci\u00f3n de los pobres, <\/i>no se encuentre nunca en \u00abhuelga\u00bb en las existencias laboriosas y transitorias de los sacerdotes de la Misi\u00f3n.<\/p>\n<p>Una vez exorcizada la tentaci\u00f3n de pretender identificar las obras con la intuici\u00f3n e intenci\u00f3n evang\u00e9licas de Vicente de Pa\u00fal o con el esp\u00edritu de la Compa\u00f1\u00eda, nos centramos en la <i>experiencia de Vicente de Pa\u00fal <\/i>de las misiones del interior o parroquiales, en la <i>prolongaci\u00f3n de esta experiencia <\/i>comunica\u00adda a sus misioneros y compartida con ellos en la Congregaci\u00f3n de la Misi\u00f3n, en la <i>doctrina y t\u00e9cnica <\/i>vicencianas empleadas en la pastoral misionera.<\/p>\n<h2>III. Experiencia misionera de Vicente de Pa\u00fal<\/h2>\n<p>Vicente de Pa\u00fal fue un excelente misionero. Su experiencia se encuentra m\u00e1s en la intensidad misionera de su vida que en la cantidad de misiones dadas. Se sabe que este sacerdote, profundamente evang\u00e9lico, fue requerido por m\u00faltiples llama\u00addas sociales, caritativas, religiosas. La respuesta a estas llama\u00addas hizo de \u00e9l uno de los mejores art\u00edfices de la renovaci\u00f3n cat\u00f3lica en Francia en el siglo XVII. Pero no se puede olvidar que es la hondura de su conciencia misionera, la que se encuentra en el origen y en el t\u00e9rmino de toda su actividad apost\u00f3lica y reformadora.<\/p>\n<p>Seg\u00fan su propio testimonio y el de su primer bi\u00f3grafo Luis Abelly<span id='easy-footnote-10-119820' class='easy-footnote-margin-adjust'><\/span><span class='easy-footnote'><a href='https:\/\/vincentians.com\/es\/mision-e-identidad-de-la-congregacion-de-la-mision\/#easy-footnote-bottom-10-119820' title='L. Abelly, &lt;i&gt;La vie du v\u00e9n\u00e9rable serviteur de Dieu Vincent de Paul, instituteur et premier sup\u00e9rieur G\u00e9neral de la Congregation de la Mission, &lt;\/i&gt;Par\u00eds 1664.'><sup>10<\/sup><\/a><\/span>, Vicente de Pa\u00fal misiona en Folleville, en la regi\u00f3n de Picard\u00eda, durante el mes de enero de 1617<span id='easy-footnote-11-119820' class='easy-footnote-margin-adjust'><\/span><span class='easy-footnote'><a href='https:\/\/vincentians.com\/es\/mision-e-identidad-de-la-congregacion-de-la-mision\/#easy-footnote-bottom-11-119820' title='Cf. L. Abelly, &lt;i&gt;op. cit., &lt;\/i&gt;I, pp. 33-35.'><sup>11<\/sup><\/a><\/span>. En esta primera campa\u00f1a misionera vislumbra la g\u00e9nesis de su vocaci\u00f3n y descubre su misi\u00f3n, adem\u00e1s de encontrar el punto de origen de la fundaci\u00f3n de la Congregaci\u00f3n de la Misi\u00f3n<span id='easy-footnote-12-119820' class='easy-footnote-margin-adjust'><\/span><span class='easy-footnote'><a href='https:\/\/vincentians.com\/es\/mision-e-identidad-de-la-congregacion-de-la-mision\/#easy-footnote-bottom-12-119820' title='Cf. L. Abelly, &lt;i&gt;op. cit., &lt;\/i&gt;I, pp. 33-35; S.V. XI, 2-5; IX, 58-60; XI, 169\u00ad172; XII, 7-8.'><sup>12<\/sup><\/a><\/span>. En 1618, Vicente ejerce su actividad misionera en Villepreux, en la regi\u00f3n de Ile-de-France, y en los pueblos de alrededor<span id='easy-footnote-13-119820' class='easy-footnote-margin-adjust'><\/span><span class='easy-footnote'><a href='https:\/\/vincentians.com\/es\/mision-e-identidad-de-la-congregacion-de-la-mision\/#easy-footnote-bottom-13-119820' title='Cf. L. Abelly, &lt;i&gt;op. cit., &lt;\/i&gt;I, p. 53.'><sup>13<\/sup><\/a><\/span>. En 1619-1620 predica la misi\u00f3n en los pueblos que dependen de la se\u00f1ora de Gondi<span id='easy-footnote-14-119820' class='easy-footnote-margin-adjust'><\/span><span class='easy-footnote'><a href='https:\/\/vincentians.com\/es\/mision-e-identidad-de-la-congregacion-de-la-mision\/#easy-footnote-bottom-14-119820' title='Cf. L. Abelly, &lt;i&gt;op. cit., &lt;\/i&gt;I, pp. 55-56.'><sup>14<\/sup><\/a><\/span>. En 1621 le encontramos misionando suce\u00adsivamente en Marchais, en la regi\u00f3n de Ile-de-France<span id='easy-footnote-15-119820' class='easy-footnote-margin-adjust'><\/span><span class='easy-footnote'><a href='https:\/\/vincentians.com\/es\/mision-e-identidad-de-la-congregacion-de-la-mision\/#easy-footnote-bottom-15-119820' title='Cf. L. Abelly, &lt;i&gt;op. cit., 1, &lt;\/i&gt;p. 56.'><sup>15<\/sup><\/a><\/span>, y en Montmirail, en la regi\u00f3n de Champa\u00f1a<span id='easy-footnote-16-119820' class='easy-footnote-margin-adjust'><\/span><span class='easy-footnote'><a href='https:\/\/vincentians.com\/es\/mision-e-identidad-de-la-congregacion-de-la-mision\/#easy-footnote-bottom-16-119820' title='Cf. L. Abelly, &lt;i&gt;op. cit., &lt;\/i&gt;I, pp. 55-56.'><sup>16<\/sup><\/a><\/span>. Despu\u00e9s de haber sido nombrado capell\u00e1n general de las galeras del Rey, el 8 de febrero de 1619, Vicente se desplaza en 1623 a Burdeos para predicar una misi\u00f3n a los galeotes<span id='easy-footnote-17-119820' class='easy-footnote-margin-adjust'><\/span><span class='easy-footnote'><a href='https:\/\/vincentians.com\/es\/mision-e-identidad-de-la-congregacion-de-la-mision\/#easy-footnote-bottom-17-119820' title='Cf. L. Abelly, &lt;i&gt;op. cit., &lt;\/i&gt;I, p. 60.'><sup>17<\/sup><\/a><\/span>. En 1626 misiona en Loisy-en-Brie, en la regi\u00f3n de Champa\u00f1a<span id='easy-footnote-18-119820' class='easy-footnote-margin-adjust'><\/span><span class='easy-footnote'><a href='https:\/\/vincentians.com\/es\/mision-e-identidad-de-la-congregacion-de-la-mision\/#easy-footnote-bottom-18-119820' title='Cf. S.V. I, 26-27.'><sup>18<\/sup><\/a><\/span>, y en enero de 1628 lo hace en la misma regi\u00f3n, pero en esta ocaci\u00f3n el pueblo misionado es Joigny<span id='easy-footnote-19-119820' class='easy-footnote-margin-adjust'><\/span><span class='easy-footnote'><a href='https:\/\/vincentians.com\/es\/mision-e-identidad-de-la-congregacion-de-la-mision\/#easy-footnote-bottom-19-119820' title='Cf. S.V. I, 38.'><sup>19<\/sup><\/a><\/span>. Desde noviembre de 1638 hasta enero de 1639, le encontramos de nuevo misionando en Joigny<span id='easy-footnote-20-119820' class='easy-footnote-margin-adjust'><\/span><span class='easy-footnote'><a href='https:\/\/vincentians.com\/es\/mision-e-identidad-de-la-congregacion-de-la-mision\/#easy-footnote-bottom-20-119820' title='Cf. S.V. I, 536.'><sup>20<\/sup><\/a><\/span>.<\/p>\n<p>La falta de documentaci\u00f3n nos incapacita para poder dar la lista y, menos a\u00fan, el n\u00famero de las misiones predicadas por Vicente de Pa\u00fal. Collet asegura que, en 1647, predica la misi\u00f3n de Mo\u00fci, en la di\u00f3cesis de Beauvais<span id='easy-footnote-21-119820' class='easy-footnote-margin-adjust'><\/span><span class='easy-footnote'><a href='https:\/\/vincentians.com\/es\/mision-e-identidad-de-la-congregacion-de-la-mision\/#easy-footnote-bottom-21-119820' title='Cf. P. Collet, &lt;i&gt;La vie de Saint Vincent de Paul, &lt;\/i&gt;Nancy 1748, 2 vol. t. I, p. 424.'><sup>21<\/sup><\/a><\/span>, y nosotros sabemos por dos de sus cartas, que, a sus 72 a\u00f1os, misiona en Sevran, en la regi\u00f3n de Ile-de-France<span id='easy-footnote-22-119820' class='easy-footnote-margin-adjust'><\/span><span class='easy-footnote'><a href='https:\/\/vincentians.com\/es\/mision-e-identidad-de-la-congregacion-de-la-mision\/#easy-footnote-bottom-22-119820' title='Cf. S.V. IV, 584, 586.'><sup>22<\/sup><\/a><\/span>. En una de estas cartas escribe el 3 de mayo de 1653 a Emerando Bajoue, sacerdote de la Misi\u00f3n en Montauban, expone con cierta emotividad la raz\u00f3n de su actividad misionera: \u00ab&#8230;Nos vamos diez o doce para comenzar cuatro o cinco misiones a la vez, con ocasi\u00f3n del jubileo que se est\u00e1 celebrando en esta di\u00f3cesis (Par\u00eds). Yo ser\u00e9 uno de ellos; \u00bfverdad que tengo que hacer algo?\u00bb<span id='easy-footnote-23-119820' class='easy-footnote-margin-adjust'><\/span><span class='easy-footnote'><a href='https:\/\/vincentians.com\/es\/mision-e-identidad-de-la-congregacion-de-la-mision\/#easy-footnote-bottom-23-119820' title='S.V. IV, 584.'><sup>23<\/sup><\/a><\/span>. El 14 del mismo mes, en la carta que escribe a la duquesa de Aiguillon, transparenta el arraigo y la profundidad de su compromiso misionero ante Dios y ante los pobres: \u00abMe voy a continuar la misi\u00f3n de Sevran, que ya he anunciado, a cuatro leguas de aqu\u00ed. Dudo que pueda ausentarme de all\u00ed el viernes, para asistir a la asamblea (de las Damas de la Caridad). Me parece que ofende\u00adr\u00eda a Dios si no hiciera todo lo posible por las pobres gentes del campo en este jubileo&#8230;\u00bb<span id='easy-footnote-24-119820' class='easy-footnote-margin-adjust'><\/span><span class='easy-footnote'><a href='https:\/\/vincentians.com\/es\/mision-e-identidad-de-la-congregacion-de-la-mision\/#easy-footnote-bottom-24-119820' title='S.V. IV, 586-587.'><sup>24<\/sup><\/a><\/span>.<\/p>\n<p>Las Damas de la Caridad temen que la participaci\u00f3n de Vicente de Pa\u00fal en esta campa\u00f1a misionera da\u00f1e gravemente su salud. As\u00ed lo testifica su presidenta, la duquesa de Aiguillon, en carta dirigida al Padre Portail: \u00abNo salgo de mi asombro al saber que el Padre Portail y los dem\u00e1s buenos padres de San L\u00e1zaro permiten que Vicente de Pa\u00fal vaya a misionar a la campi\u00f1a con el calor que hace, con los a\u00f1os que tiene y estando tanto tiempo al aire con este sol. Me parece que su vida es demasiado preciosa y demasiado \u00fatil a la Iglesia y para su Compa\u00f1\u00eda para que se le deje prodigarla de este modo. Me permitir\u00e1n que les suplique que le impidan abusar de esta manera de su salud. Perd\u00f3nenme si les digo que est\u00e1n obliga\u00addos en conciencia a ir a buscarle. Se les critica mucho de que se cuidan poco de su salud. Se comenta que no conocen ustedes el tesoro que Dios les ha dado y lo que supondr\u00eda su p\u00e9rdida. Me siento demasiado servidora de ustedes y de la Compa\u00f1\u00eda para dejar de darles este aviso\u00bb<span id='easy-footnote-25-119820' class='easy-footnote-margin-adjust'><\/span><span class='easy-footnote'><a href='https:\/\/vincentians.com\/es\/mision-e-identidad-de-la-congregacion-de-la-mision\/#easy-footnote-bottom-25-119820' title='S.V. IV, 587, nota 2.'><sup>25<\/sup><\/a><\/span>. Vicente de Pa\u00fal no tuvo en cuenta ni los posibles consejos del padre Portail ni la inquietud de las Damas de la Caridad. La prueba se encuentra en que en 1654 todav\u00eda sigue misionando<span id='easy-footnote-26-119820' class='easy-footnote-margin-adjust'><\/span><span class='easy-footnote'><a href='https:\/\/vincentians.com\/es\/mision-e-identidad-de-la-congregacion-de-la-mision\/#easy-footnote-bottom-26-119820' title='Cf. P. Coste, &lt;i&gt;Le grand Saint du grand si\u00e9cle, Monsieur Vincent, &lt;\/i&gt;Par\u00eds 1931, 3 vol., t. III, p. 40.'><sup>26<\/sup><\/a><\/span>.<\/p>\n<p>Hasta el final de sus d\u00edas, Vicente de Pa\u00fal aliment\u00f3 en lo m\u00e1s \u00edntimo de \u00e9l mismo su vocaci\u00f3n evang\u00e9lica y conserv\u00f3 la nostalgia de las misiones populares. El gran lamento de los \u00faltimos a\u00f1os de su vida, aquejada por la enfermedad y desgas\u00adtada por los a\u00f1os, lo centr\u00f3 en no poder trabajar en \u00abla salvaci\u00f3n de los pobres del campo<span id='easy-footnote-27-119820' class='easy-footnote-margin-adjust'><\/span><span class='easy-footnote'><a href='https:\/\/vincentians.com\/es\/mision-e-identidad-de-la-congregacion-de-la-mision\/#easy-footnote-bottom-27-119820' title='\u00abAlguno podr\u00eda quiz\u00e1s excusarse por la edad. En lo que a m\u00ed se refiere, a pesar de mi edad, delante de Dios no me siento excusado de la obligaci\u00f3n que tengo de trabajar por la salvaci\u00f3n de esas pobres gentes; porque \u00bfqu\u00e9 me lo podr\u00e1 impedir? Si no pudiera predicar todos los d\u00edas, \u00a1bien!, lo har\u00eda dos veces por semana; si no pudiera subir a los grandes p\u00falpitos, intentar\u00eda subir a los peque\u00f1os; y si no se me oyese desde los peque\u00f1os, nada me impedir\u00eda hablar familiar y amigablemente con esas buenas gentes, lo mismo que lo hago aqu\u00ed, haciendo que se pusieran alrededor de m\u00ed como est\u00e1n ahora ustedes\u00bb: S.V. XI, 136.'><sup>27<\/sup><\/a><\/span>. Su carta del 17 de octubre de 1654 a un sacerdote de la Congregaci\u00f3n de la Misi\u00f3n exhala lo m\u00e1s puro de su alma misionera y revela su deseo m\u00e1s genuino: \u00abLe escribo solamente unas palabras para testimoniarle la alegr\u00eda de mi coraz\u00f3n a prop\u00f3sito de las bendiciones extraordinarias que Dios acaba de conceder a sus trabajos y por los milagros que usted ha realizado en esa misi\u00f3n&#8230; ciertamente, padre, no soy capaz de call\u00e1rmelo: es necesario que le diga con toda sencillez que esto me da nuevos y grand\u00edsimos deseos de poder, en medio de mis peque\u00f1os achaques, ir a acabar mi vida en un chaparral, trabajando en alguna aldea, pues me parece que ser\u00eda mucho m\u00e1s feliz si Dios me concediera esta gracia\u00bb<span id='easy-footnote-28-119820' class='easy-footnote-margin-adjust'><\/span><span class='easy-footnote'><a href='https:\/\/vincentians.com\/es\/mision-e-identidad-de-la-congregacion-de-la-mision\/#easy-footnote-bottom-28-119820' title='S.V. V, 203-204.'><sup>28<\/sup><\/a><\/span>.<\/p>\n<h2>IV. Prolongaci\u00f3n de la experiencia: la fundaci\u00f3n de la Congregaci\u00f3n de la Misi\u00f3n<\/h2>\n<p>La Congregaci\u00f3n de la Misi\u00f3n, que Vicente de Pa\u00fal funda y organiza, es una instituci\u00f3n misionera, cuyo primer objetivo en sus or\u00edgenes es dar misiones populares a los campesinos. Si Vicente de Pa\u00fal accede a prolongar su experiencia en una instituci\u00f3n misionera, es porque Dios utiliz\u00f3 la voz firme y el tono amenazador de su director, el \u00absanto y sabio se\u00f1or Duval\u00bb. Despu\u00e9s de haber escuchado a su dirigido lo aconteci\u00addo en sus campa\u00f1as misioneras y la situaci\u00f3n de ignorancia y de miseria espirituales en que se encuentran los campesinos, el fruto que producen las misiones, el director le dijo: \u00abservus sciens voluntatem Domini et non faciens vapulabit multis\u00bb. Apenas pronunciadas estas palabras, la voluntad de Dios se manifiesta a Vicente de Pa\u00fal: el debe fundar la Congregaci\u00f3n de los sacerdotes de la Misi\u00f3n<span id='easy-footnote-29-119820' class='easy-footnote-margin-adjust'><\/span><span class='easy-footnote'><a href='https:\/\/vincentians.com\/es\/mision-e-identidad-de-la-congregacion-de-la-mision\/#easy-footnote-bottom-29-119820' title='&lt;i&gt;La vie de Mr. Andr\u00e9 Duval, Docteur de Sorbonne, Professeur Royal de Th\u00e9ologie, Doyen de la Facult\u00e9 et l&amp;#8217;un des Trois premiers Sup\u00e9rieurs de l&amp;#8217;Ordre de N.D. du Mont Carmel de la Reforme de Ste. Th\u00e9r\u00e9se en France, &lt;\/i&gt;par Robert Duval, son neveu, Docteur de Sorbonne et Professeur Royal en Th\u00e9ologie. &lt;i&gt;Manuscrito &lt;\/i&gt;del Carmelo de la Encarnaci\u00f3n de Clamart, 193 p\u00e1ginas, compues\u00adto de dos partes. El texto, que nos interesa, se encuentra en la Primera Parte, cap. 8, pp. 43-45. Este texto se encuentra publicado en J. M.! Ib\u00e1\u00f1ez, &lt;i&gt;Vicente de Pa\u00fal y los pobres de su tiempo, &lt;\/i&gt;Salamanca 1977, pp. 339-340.'><sup>29<\/sup><\/a><\/span>.<\/p>\n<p>Cuando, el 17 de abril de 1517, se firm\u00f3 el contrato de fundaci\u00f3n de la Congregaci\u00f3n, Vicente de Pa\u00fal no ten\u00eda otra actividad que proponer, a quienes se asociaran con \u00e9l, m\u00e1s que dar misiones en las aldeas. Los t\u00e9rminos del contrato son taxativos: \u00abla piadosa asociaci\u00f3n de algunos eclesi\u00e1sticos de reconocida doctrina, piedad y capacidad que deseasen renun\u00adciar tanto a las comodidades de las ciudades como a todos los beneficios, cargos y dignidades de la iglesia para que con el benepl\u00e1cito de los prelados en sus respectivas di\u00f3cesis se dedi\u00adcasen por entero y exclusivamente a la salvaci\u00f3n del pobre pueblo, yendo de aldea en aldea a sus propias expensas, predicando, instruyendo, exhortando y catequizando a esas pobres gentes y movi\u00e9ndolas a hacer una buena confesi\u00f3n general de toda su vida pasada, sin recibir ninguna retribuci\u00f3n de ninguna clase, sino distribuyendo gratuitamente los dones que han recibido de la mano generosa de Dios\u00bb<span id='easy-footnote-30-119820' class='easy-footnote-margin-adjust'><\/span><span class='easy-footnote'><a href='https:\/\/vincentians.com\/es\/mision-e-identidad-de-la-congregacion-de-la-mision\/#easy-footnote-bottom-30-119820' title='S.V. XIII, 198. \u00abQue los mencionados eclesi\u00e1sticos y dem\u00e1s personas, que en el presente o en el futuro deseen dedicarse a tan santa obra, se entregar\u00e1n por completo al cuidado de las pobres gentes del campo y para ello se obligar\u00e1n a no predicar ni administrar ning\u00fan sacramento en las ciudades donde haya arzobispado, obispado, a no ser en caso de notable necesidad, o a sus dom\u00e9sticos, a puertas cerradas, suponiendo que tengan alguna casa de retiro en dichas ciudades.&lt;\/p&gt;\n&lt;p&gt;\u00ab&amp;#8230;Durante los meses de junio, julio, agosto y septiembre que no son buenos para misiones, por estar entonces las gentes del campo en faenas corporales, dichos sacerdotes se ocupar\u00e1n en tener catecismos por las aldeas en las fiestas y los domingos, asistiendo a los p\u00e1rrocos que les llamen, o en estudiar para hacerse m\u00e1s capaces de asistir al pr\u00f3jimo en adelante para gloria de Dios\u00bb: S.V. XIII, 200, 201-202. Cf. tambi\u00e9n la s\u00faplica que Vicente de Pa\u00fal dirige al Papa Urbano VIII para obtener la aprobaci\u00f3n de la Congregaci\u00f3n: S.V. I, 57-62. Es conveniente, igualmente, leer las instrucciones que Vicente de Pa\u00fal escribe al padre F. du Coudray, superior de la casa de Roma, para insistir en la aprobaci\u00f3n pontificia de la Congregaci\u00f3n de la Misi\u00f3n: S.V. I, 115-116.'><sup>30<\/sup><\/a><\/span>.<\/p>\n<h3><i>1. Importancia de la obra de las misiones en la actividad de la Congregaci\u00f3n de la Misi\u00f3n<\/i><\/h3>\n<p>Tanto el nombre oficial de la Congregaci\u00f3n y la denomina\u00adci\u00f3n de sus miembros: misioneros o sacerdotes de la Misi\u00f3n como las razones que impulsaron a Vicente de Pa\u00fal a fundar esta Sociedad de sacerdotes, contenidas en el contrato de fundaci\u00f3n y ratificadas en la Bula pontificia \u00abSalvatoris nos\u00adtri\u00bb<span id='easy-footnote-31-119820' class='easy-footnote-margin-adjust'><\/span><span class='easy-footnote'><a href='https:\/\/vincentians.com\/es\/mision-e-identidad-de-la-congregacion-de-la-mision\/#easy-footnote-bottom-31-119820' title='Bula de erecci\u00f3n y aprobaci\u00f3n de la Congregaci\u00f3n de la Misi\u00f3n, por el Papa Urbano VIII, &lt;i&gt;Salvatoris nostri, &lt;\/i&gt;12 de enero de 1633: S.V. XIII, 257\u00ad-267.'><sup>31<\/sup><\/a><\/span>, se\u00f1alan que el objetivo primordial de la Instituci\u00f3n es la predicaci\u00f3n de misiones populares o del interior.<\/p>\n<p>El texto de las <i>Reglas Comunes, <\/i>impreso en 1658, declaraba expl\u00edcitamente: \u00abEl nombre de misioneros o de sacerdotes de la Misi\u00f3n que nosotros no nos hemos impuesto, sino que orde\u00adn\u00e1ndolo as\u00ed la divina Providencia, nos ha sido dado por la voz com\u00fan de los pueblos, muestra a las claras que la obra de las misiones debe ser para nosotros la primera y principal de todas nuestras actividades para con el pr\u00f3jimo. Por eso la Congrega\u00adci\u00f3n jam\u00e1s debe omitirlas so pretexto de cualquier otra obra de piedad, aunque m\u00e1s \u00fatil por otro lado; sino que todos se inclinar\u00e1n a ellas con todo el afecto de su coraz\u00f3n, de tal manera que est\u00e9n siempre preparados para salir a misiones en cualquier momento que se lo mande la obediencia\u00bb<span id='easy-footnote-32-119820' class='easy-footnote-margin-adjust'><\/span><span class='easy-footnote'><a href='https:\/\/vincentians.com\/es\/mision-e-identidad-de-la-congregacion-de-la-mision\/#easy-footnote-bottom-32-119820' title='&lt;i&gt;Regulae Communes Congregationis Missionis, cap. &lt;\/i&gt;XI, 10. Para com\u00adprender perfectamente este n\u00famero y no absolutizarlo, hay que conocer tambi\u00e9n el n.\u00b0 12 de este mismo cap\u00edtulo XI: \u00abPersu\u00e1danse todos de que las misiones no deben ser un pretexto para descuidar el ministerio que hay que ejercer en casa en relaci\u00f3n con los eclesi\u00e1sticos externos, en particular con los ordenandos y seminaristas, as\u00ed en relaci\u00f3n a los que hacen ejercicios espiritua\u00adles. Hay que hacer esto sin descuidar lo otro, pues estamos obligados por exigencia de nuestro instituto a hacer lo uno &lt;i&gt;y &lt;\/i&gt;lo otro casi por igual siempre que seamos llamados a ello por los obispos y los superiores, aunque ciertamen\u00adte hemos de preferir las misiones. Adem\u00e1s es bien sabido por larga experiencia que apenas pueden perdurar los frutos conseguidos en las misiones sin la ayuda de los p\u00e1rrocos, y a su perfecci\u00f3n contribuyendo mucho los ministerios arriba citados. Por eso nos daremos a Dios para ejercerlos bien y con convicci\u00f3n\u00bb.'><sup>32<\/sup><\/a><\/span>.<\/p>\n<p>Si, al paso de los a\u00f1os, la Congregaci\u00f3n se ocup\u00f3 de otras obras y ejerci\u00f3 otros ministerios, fue en raz\u00f3n de la evoluci\u00f3n que se da en todas las Comunidades. En la conciencia de Vicente de Pa\u00fal esta variedad d\u00e9 obras se explica no s\u00f3lo por la evoluci\u00f3n de su experiencia de Cristo, de su sentido de la evangelizaci\u00f3n de los pobres y de su visi\u00f3n de los empobreci\u00addos, sino tambi\u00e9n por su obstinaci\u00f3n en profundizar en lo inmediato, en ampliar el horizonte que se ampl\u00eda continua\u00admente y en querer llegar al fondo del mal. En ese camino suyo de ahondamiento y en ese deseo suyo de solucionar los casos particulares por una organizaci\u00f3n minuciosa de personas y de obras, descubre que se requiere sanear el cuerpo sacerdotal ignorante y vicioso. Por eso Vicente de Pa\u00fal y la Congregaci\u00f3n de la Misi\u00f3n se encargar\u00e1n, a partir de 1628, 1631, 1633 y 1642 de la formaci\u00f3n y santificaci\u00f3n de los sacerdotes, ya que algunos ignoran hasta la f\u00f3rmula de la absoluci\u00f3n, muchos desconocen lo que deben ense\u00f1ar a sus feligreses y demasiados viven en la disoluci\u00f3n, en la pereza y en el vicio<span id='easy-footnote-33-119820' class='easy-footnote-margin-adjust'><\/span><span class='easy-footnote'><a href='https:\/\/vincentians.com\/es\/mision-e-identidad-de-la-congregacion-de-la-mision\/#easy-footnote-bottom-33-119820' title='Para conocer la situaci\u00f3n intelectual y moral de los sacerdotes en tiempo de Vicente de Pa\u00fal, Cf. J. Delumeau, &lt;i&gt;Le catholicisme entre Luther et Voltaire, &lt;\/i&gt;Par\u00eds 1971, pp. 233, 234, 270-271, 272, 228, 231, 262, 263-265; J. Ferte, &lt;i&gt;La vie religieuse dans les campagnes parisiennes &lt;\/i&gt;(1622-1695), Par\u00eds 1962, pp. 145-195; M. Venard, &lt;i&gt;Le pr\u00e9tre en France au d\u00e9but de XVIIe si\u00e9cle, &lt;\/i&gt;en &lt;i&gt;Bulletin de Saint-Sulpice &lt;\/i&gt;(6) 1980, pp. 197-213, especialmente pp. 197-210; S.V. II, 428-429; IV, 42-43; V, 68; VII, 462; XI, 308-309; XII, 85-86.'><sup>33<\/sup><\/a><\/span>. No se puede olvidar que Vicente de Pa\u00fal mantiene principalmente su es\u00adfuerzo sobre dos sectores, que los juzga los m\u00e1s importantes para la vocaci\u00f3n misionera de la Iglesia: los pobres y el clero<span id='easy-footnote-34-119820' class='easy-footnote-margin-adjust'><\/span><span class='easy-footnote'><a href='https:\/\/vincentians.com\/es\/mision-e-identidad-de-la-congregacion-de-la-mision\/#easy-footnote-bottom-34-119820' title='Cf. S.V. IV, 42-43; XI, 133-135; XII, 83-84&amp;#8230; A trav\u00e9s de este doble esfuerzo Vicente de Pa\u00fal y su Congregaci\u00f3n intentan oponerse \u00aba los tres torrentes \u2014la herej\u00eda, el vicio y la ignorancia\u2014 que han inundado la tierra\u00bb, han estado a punto de \u00abhacer desaparecer a la Iglesia de Europa\u00bb y han impedido a los herejes \u00abverificar que la Iglesia era conducida por el Esp\u00edritu Santo\u00bb: Cf. S.V. XII, 85-86; III, 35, 153, 182; XI, 309, 352-356, 35-37.'><sup>34<\/sup><\/a><\/span>.<\/p>\n<p>El fundador de la Congregaci\u00f3n de la Misi\u00f3n tuvo que luchar m\u00e1s para evitar que las misiones populares dejaran de ser la obra primordial de la Compa\u00f1\u00eda que para frenar esta evoluci\u00f3n. As\u00ed lo proclama en diversas ocasiones. Y lo hace con fuerza y convicci\u00f3n. Por eso escribe el 20 de julio de 1650 a Philibert de Brandon, obispo de Perigueux, que le hab\u00eda pedi\u00addo sacerdotes de la Misi\u00f3n para encargarse \u00fanicamente del seminario: \u00ab&#8230;Le suplico con todo respeto que acepte mi observaci\u00f3n de que no basta con dos obreros para una funda\u00adci\u00f3n que est\u00e9 en conformidad con sus deseos y con nuestro Instituto. Usted tiene en perspectiva el seminario, mientras que nosotros sentimos la obligaci\u00f3n de las misiones; nuestra activi\u00addad principal es la instrucci\u00f3n del pueblo del campo, mientras que el servicio que le hacemos al estado eclesi\u00e1stico es algo accesorio. Sabemos por experiencia que los frutos de las misio\u00adnes son muy grandes, ya que las necesidades de las pobres gentes del campo son extremas; pero, como sus esp\u00edritus son rudos y mal cultivados de ordinario, f\u00e1cilmente se olvidan de los conocimientos que se les han dado y de las buenas resolu\u00adciones que han tomado, si no tienen buenos pastores que los mantengan en la buena situaci\u00f3n en que se les ha puesto. Por eso procuramos tambi\u00e9n contribuir a la formaci\u00f3n de buenos eclesi\u00e1sticos por medio de los ejercicios de los ordenandos y de los seminarios, no ya para abandonar las misiones, sino para conservar los frutos que se consiguen por ellas&#8230;\u00bb<span id='easy-footnote-35-119820' class='easy-footnote-margin-adjust'><\/span><span class='easy-footnote'><a href='https:\/\/vincentians.com\/es\/mision-e-identidad-de-la-congregacion-de-la-mision\/#easy-footnote-bottom-35-119820' title='S.V. IV, 42-43.'><sup>35<\/sup><\/a><\/span>.<\/p>\n<p>Salvo rara excepci\u00f3n, como sucedi\u00f3 en Cahors, donde el obispo Alain de Solminihac se reserv\u00f3 el derecho de encomendar las misiones a los can\u00f3nigos regulares de Chancelade<span id='easy-footnote-36-119820' class='easy-footnote-margin-adjust'><\/span><span class='easy-footnote'><a href='https:\/\/vincentians.com\/es\/mision-e-identidad-de-la-congregacion-de-la-mision\/#easy-footnote-bottom-36-119820' title='Cf. S.V. IV, 43.'><sup>36<\/sup><\/a><\/span>, Vicente se resiste a aceptar encargarse del seminario si al mismo tiempo no se admite a otros misioneros para misionar en la di\u00f3cesis. De ah\u00ed que insista el 13 de mayor de 1644 al padre Bernardo Codoing, superior de la casa de Roma: \u00ab&#8230;No es conveniente que aceptemos ninguna fundaci\u00f3n de esta clase (seminario) sin que se pueda mantener al menos a dos sacerdo\u00adtes que trabajen en las misiones; pues de lo contrario se vendr\u00eda abajo el proyecto de asistir al pobre pueblo: quod absit\u00bb<span id='easy-footnote-37-119820' class='easy-footnote-margin-adjust'><\/span><span class='easy-footnote'><a href='https:\/\/vincentians.com\/es\/mision-e-identidad-de-la-congregacion-de-la-mision\/#easy-footnote-bottom-37-119820' title='S.V. II, 460.'><sup>37<\/sup><\/a><\/span>.<\/p>\n<p>En 1642 Thevenin, p\u00e1rroco de Saint-Etienne, en el Delfina\u00addo, escribe a Vicente de Pa\u00fal para presionarle \u00abcon un mont\u00f3n de razones e incluso con los juicios de Dios\u00bb para que abando\u00adne las misiones y se dedique exclusivamente a los seminarios, porque lo juzga m\u00e1s urgente. Ello lleva al fundador de la Congregaci\u00f3n de la Misi\u00f3n a comunicar al padre B. Codoing, superior en esa \u00e9poca de la casa de Annecy, su \u00edntima convic\u00adci\u00f3n y su compromiso eclesial: \u00abMe urge (el se\u00f1or Thevenin) para que abandonemos nuestro proyecto para seguir el que me propone, lo cual yo no tendr\u00eda ninguna dificultad en hacer si fuera del agrado de Nuestro Se\u00f1or. Pero, 1.\u00b0 la Compa\u00f1\u00eda ha sido aprobada por la Santa Sede, que goza de la infabilidad para la aprobaci\u00f3n de las Ordenes que Nuestro Se\u00f1or institu\u00adye, seg\u00fan le o\u00ed decir al se\u00f1or Duval; 2.\u00b0 como la norma de los santos es que, cuando una cosa ha sido resuelta delante de Dios despu\u00e9s de muchas plegarias y despu\u00e9s de haberse acon\u00adsejado debidamente, hay que rechazar y considerar como una tentaci\u00f3n todo lo que se propone en contra de ella; 3.<sup>0<\/sup>, final\u00admente, como ha querido Dios dar una aprobaci\u00f3n universal a esta buena obra de las misiones, de forma que en todas las partes la gente empieza a gustar de ellas y a trabajar en las mismas, acompa\u00f1ando la misericordia de Dios a esta obra con sus bendiciones, me parece que casi ser\u00eda necesario un \u00e1ngel del cielo para convencernos de que es voluntad de Dios abandonar esa obra para aceptar otra, que ya se ha emprendido en otros lugares y que no ha llegado todav\u00eda a resultar bien&#8230;\u00bb<span id='easy-footnote-38-119820' class='easy-footnote-margin-adjust'><\/span><span class='easy-footnote'><a href='https:\/\/vincentians.com\/es\/mision-e-identidad-de-la-congregacion-de-la-mision\/#easy-footnote-bottom-38-119820' title='S.V. II, 224-225.'><sup>38<\/sup><\/a><\/span>.<\/p>\n<p>Vicente de Pa\u00fal no s\u00f3lo tuvo que defender la preeminencia de las misiones populares sobre cualquier otra obra ante los \u00abextra\u00f1os\u00bb y ante los \u00abprelados\u00bb, que pretendieron convencer\u00adle de lo contrario. Tambi\u00e9n tuvo que hacerlo ante sus misione\u00adros, dado que algunos quer\u00edan dedicarse a otros trabajos y abandonar las misiones en las aldeas<span id='easy-footnote-39-119820' class='easy-footnote-margin-adjust'><\/span><span class='easy-footnote'><a href='https:\/\/vincentians.com\/es\/mision-e-identidad-de-la-congregacion-de-la-mision\/#easy-footnote-bottom-39-119820' title='Francisco de Coudray, superior de la casa de Roma, comunica a Vicente de Pa\u00fal el ofrecimiento que le han hecho de \u00abtraducir la Biblia sir\u00edaca al lat\u00edn\u00bb. Este le responde: \u00ab&amp;#8230;Le suplico muy humildemente&amp;#8230; que no se detenga en la propuesta que se le hace de trabajar en la versi\u00f3n de la Biblia sir\u00edaca al lat\u00edn. S\u00e9 muy bien que la versi\u00f3n servir\u00eda para la curiosidad de algunos predicadores, pero no, seg\u00fan creo, para el bien de las almas del pobre pueblo, al que la Providencia de Dios ha predestinado a usted desde toda la eternidad. Debe bastarle, padre, el que, por la gracia de Dios, haya empleado tres o cuatro a\u00f1os en aprender el hebreo y que sepa lo bastante para sostener la causa del Hijo de Dios en su lengua original y confundir a sus enemigos en este reino. Piense, pues, padre, que hay millones de almas que le tienden la mano y que le dicen as\u00ed: \u00ab\u00a1Ah, padre du Coudray, que ha sido escogido desde toda la eternidad, por la providencia de Dios, para ser nuestro segundo redentor, tenga piedad de nosotros, que estamos sumidas en la ignorancia de las cosas necesarias para nuestra salvaci\u00f3n y en los pecados que jam\u00e1s nos hemos atrevido a confesar y que, sin su ayuda, seremos infaliblemente condena\u00addas!\u00bb&amp;#8230; y escuche, por favor, padre, que mi coraz\u00f3n le dice al suyo que se siente sumamente agitado por el deseo de ir a trabajar y a morir en los C\u00e9vennes y que se marchar\u00e1 para all\u00e1, si no viene pronto a estas monta\u00f1as, desde donde nos pide ayuda el obispo y dice que este pa\u00eds, que en otros tiempos era de los m\u00e1s devotos del reino, est\u00e1 ahora muriendo de hambre de la palabra de Dios;&amp;#8230; que hay muchas aldeas en las que no hay sacerdotes, ni iglesias, que quiz\u00e1s esperan la salvaci\u00f3n de usted y de m\u00ed&amp;#8230;\u00bb S.V. I, 251-252.'><sup>39<\/sup><\/a><\/span>.<\/p>\n<p>La preocupaci\u00f3n m\u00e1s constante del fundador de la Congre\u00adgaci\u00f3n de la Misi\u00f3n fue, sin duda alguna, clarificar la concien\u00adcia de sus sacerdotes para mantener vivo y din\u00e1mico en ellos el sentido de la, vocaci\u00f3n misionera. Dej\u00e9mosle la palabra. El 25 de octubre de 1643 les comunica: \u00ab&#8230;Lo m\u00e1s importante de nuestra vocaci\u00f3n es trabajar por la salvaci\u00f3n de las pobres gentes del campo, y todo lo dem\u00e1s no es m\u00e1s que accesorio; pues no hubi\u00e9ramos nunca trabajado con los ordenandos ni en los seminarios de eclesi\u00e1sticos, si no hubi\u00e9semos juzgado que esto era necesario para mantener al pueblo y conservar el fruto que producen las misiones cuando hay buenos eclesi\u00e1sticos, imitando en esto a los grandes conquistadores que dejan una guarnici\u00f3n en las plazas que ocupan, por miedo a perder lo que han conquistado con tanto esfuerzo. \u00bfVerdad que nos senti\u00admos dichosos, hermanos m\u00edos, de expresar al vivo la vocaci\u00f3n de Jesucristo? \u00bfQui\u00e9n manifiesta mejor la forma de vivir que Jesucristo tuvo en la tierra, sino los misioneros?&#8230; \u00a1Oh! \u00a1Qu\u00e9 felices ser\u00e1n los que puedan decir, en la hora de su muerte, aquellas palabras de Nuestro Se\u00f1or: Evangelizare pauperibus misit me Dominus! Ved, hermanos m\u00edos, c\u00f3mo lo principal para nuestro Se\u00f1or era trabajar por los pobres. Cuando se dirig\u00eda a los otros, lo hac\u00eda como de paso. \u00a1Pobres de nosotros si somos remisos en cumplir con la obligaci\u00f3n que tenemos de socorrer a las pobres almas! Porque nos hemos dado a Dios para esto y Dios cuenta con nosotros&#8230;\u00bb<span id='easy-footnote-40-119820' class='easy-footnote-margin-adjust'><\/span><span class='easy-footnote'><a href='https:\/\/vincentians.com\/es\/mision-e-identidad-de-la-congregacion-de-la-mision\/#easy-footnote-bottom-40-119820' title='S.V. XI, 133-135. \u00abPero quiz\u00e1s diga alguno: \u00ab\u00bfY si se me encarga de los ordenandos o de los seminaristas?\u00bb. Esto est\u00e1 bien, cuando Dios quiere que nos ocupemos de ellos y la obediencia nos lo ordena; entonces, que sea en buena hora; pero incluso entonces, por lo que a nosotros respecta, deber\u00edamos sentirnos como en una situaci\u00f3n violenta, ya que, como les he dicho, se trata de cosas accesorias y no principales\u00bb: S.V. XI, 135.'><sup>40<\/sup><\/a><\/span>.<\/p>\n<p>Es menester a\u00f1adir que exaltar ante los misioneros la grandeza de su vocaci\u00f3n, no tiene otra finalidad para Vicente de Pa\u00fal m\u00e1s que hacerles cobrar conciencia de su misi\u00f3n en la Iglesia. Escuch\u00e9mosle: \u00abEl estado de los misioneros es un estado conforme con las m\u00e1ximas evang\u00e9licas, que consiste en dejarlo y abandonarlo todo, como los ap\u00f3stoles, para seguir a Jesu\u00adcristo y para hacer lo que conviene, a imitaci\u00f3n suya&#8230; Porque \u00bfacaso hay algo m\u00e1s propio de un cristiano que ir de aldea en aldea ayudando al pobre pueblo a salvarse, como ven que se hace, con tantas fatigas e incomodidades?&#8230; \u00bfNo est\u00e1 esto muy cerca de lo que vino a hacer Nuestro Se\u00f1or?&#8230; El iba y ven\u00eda de un sitio a otro para ganarle almas a Dios, hasta que muri\u00f3 por ellas. Ciertamente, no pod\u00eda hacernos comprender mejor cu\u00e1n\u00adto las quiere ni convencernos con mayor eficacia para que no ahorr\u00e1ramos esfuerzos para instruirlas en su doctrina y lavar\u00adlas en la fuente de su preciosa sangre\u00bb<span id='easy-footnote-41-119820' class='easy-footnote-margin-adjust'><\/span><span class='easy-footnote'><a href='https:\/\/vincentians.com\/es\/mision-e-identidad-de-la-congregacion-de-la-mision\/#easy-footnote-bottom-41-119820' title='S.V. XI, 1.'><sup>41<\/sup><\/a><\/span>. Pero no se puede olvidar que esta misi\u00f3n es la continuaci\u00f3n de la misi\u00f3n de Cristo y la expresi\u00f3n del amor de Dios a los pobres: \u00ab\u00a1Ay, padre, le escribe a Gabriel Delespiney en 1650. \u00a1Qu\u00e9 buen servicio le hacen ustedes a Dios cuando asisten de ese modo (en misiones) al pobre pueblo que sufre, con una ayuda tan opor\u00adtuna y tan saludable. Es una se\u00f1al de la bondad de Dios sobre \u00e9l y de la predestinaci\u00f3n de muchos, cuando en lo m\u00e1s recio de sus miserias corporales los consuela con su palabra y les previene con sus gracias, como un pan santificante que da la verdadera vida&#8230;\u00bb<span id='easy-footnote-42-119820' class='easy-footnote-margin-adjust'><\/span><span class='easy-footnote'><a href='https:\/\/vincentians.com\/es\/mision-e-identidad-de-la-congregacion-de-la-mision\/#easy-footnote-bottom-42-119820' title='S.V. IV, 13.'><sup>42<\/sup><\/a><\/span>.<\/p>\n<p>El elogio de las misiones populares, que Vicente de Pa\u00fal hace de palabra y por escrito ante sus misioneros, es para ponerles en frente de su responsabilidad de \u00abhombres evang\u00e9li\u00adcos\u00bb ante la Iglesia y la sociedad: \u00abSeg\u00fan el camino ordinario de la Providencia, escribe el 6 de noviembre de 1658 a Antonio Fleury, Dios quiere salvar a los hombres por medio de otros hombres, y nuestro Se\u00f1or se hizo \u00e9l mismo hombre para salvarnos a todos\u00bb.<\/p>\n<p>\u00ab\u00a1Qu\u00e9 felicidad para usted poder trabajar en lo que El mismo hizo. El vino a evangelizar a los pobres, y \u00e9sa es tambi\u00e9n su tarea y su ocupaci\u00f3n. Si nuestra perfecci\u00f3n se encuentra en la caridad, como es una constante entre nosotros, no hay mayor caridad que la de entregarse a s\u00ed mismo para salvar a las almas y consumirse lo mismo que Jesucristo por ellas. Y a eso es a lo que usted ha sido llamado y a lo que est\u00e1 pronto a responder, gracias a Dios. Con esa idea entr\u00f3 usted en la Compa\u00f1\u00eda, que est\u00e1 totalmente dedicada a la imitaci\u00f3n de Nuestro Se\u00f1or, y es esa la resoluci\u00f3n que ahora tomar\u00eda si no la hubiese tomado ya. \u00a1Qu\u00e9 buen ejemplo da con ello a tantos eclesi\u00e1sticos, que son otros tantos obreros enviados a la vi\u00f1a del Se\u00f1or, pero que no cumplen con su tarea! \u00a1Bendito sea Dios por la gracia que le ha concedido de escogerle entre mil para contribuir a destruir la ignorancia y el pecado que est\u00e1n desolando a la Iglesia&#8230;\u00bb<span id='easy-footnote-43-119820' class='easy-footnote-margin-adjust'><\/span><span class='easy-footnote'><a href='https:\/\/vincentians.com\/es\/mision-e-identidad-de-la-congregacion-de-la-mision\/#easy-footnote-bottom-43-119820' title='S.V. VII, 341-342.'><sup>43<\/sup><\/a><\/span>. Una Iglesia que, para Vicente de Pa\u00fal, ha abandonado a la pobre gente del campo.<\/p>\n<p>Hoy sabemos que lenguaje y pr\u00e1ctica, adem\u00e1s de ser signos de un esp\u00edritu, de una experiencia interior, son la mejor traduc\u00adci\u00f3n de lo cotidiano. Quien utiliza este lenguaje y requiere semejante exigencia, es un hombre que vive y experimenta a trav\u00e9s de todo su ser. Un m\u00edstico de la acci\u00f3n revela lo m\u00e1s profundo de su existencia a trav\u00e9s de sus consignas, de su estrategia din\u00e1mica: \u00abTrabajemos, trabajemos, repite a sus misioneros, vayamos a asistir a las pobres gentes del campo que nos est\u00e1n esperando. Gracias a Dios, tenemos casas que casi siempre est\u00e1n trabajando, unas m\u00e1s y otras menos, en esta misi\u00f3n, en aquella, en esta aldea, en aquella otra, trabajando siempre por la misericordia de Dios\u00bb.<\/p>\n<p>\u00abMe acuerdo (\u00bfes menester que lo diga?) de que antigua\u00admente, cuando volv\u00eda de alguna misi\u00f3n, me parec\u00eda que, al acercarme a Par\u00eds, se iban a caer sobre m\u00ed las puertas de la ciudad para aplastarme; muy pocas veces volv\u00eda de la misi\u00f3n sin que se me ocurriera este pensamiento. La raz\u00f3n de esto es que pensaba dentro de m\u00ed mismo: Tu vuelves a Par\u00eds, y hay otras muchas aldeas que est\u00e1n esperando de ti lo que acabas de hacer aqu\u00ed y all\u00e1. Si no hubiese ido a aquella aldea, probable\u00admente tales y tales personas, al morir en el estado en que las encontraste, se habr\u00edan perdido y condenado. Si has visto eso, y en aquella parroquia se comenten tales y tales pecados, \u00bfcrees que no te encontrar\u00e1s con los mismos pecados y que no se cometer\u00e1n faltas semejantes en la parroquia vecina? Est\u00e1n esperando que vayas a hacer entre ellos lo mismo que acabas de hacer con sus vecinos; est\u00e1n esperando una misi\u00f3n, \u00a1y tu te vas y los dejas all\u00ed! Si entretanto mueren y mueren sin haberse arrepentido de sus pecados, t\u00fa ser\u00e1s en cierto modo el culpable de su p\u00e9rdida y has de temer que Dios te pida cuenta de ello! Estos eran, padres y hermanos m\u00edos, los pensamientos que ocupaban mi esp\u00edritu\u00bb<span id='easy-footnote-44-119820' class='easy-footnote-margin-adjust'><\/span><span class='easy-footnote'><a href='https:\/\/vincentians.com\/es\/mision-e-identidad-de-la-congregacion-de-la-mision\/#easy-footnote-bottom-44-119820' title='S.V. XI, 444-445.'><sup>44<\/sup><\/a><\/span>.<\/p>\n<p>En esta comunicaci\u00f3n de su experiencia misionera subya\u00adcen los grandes descubrimientos y constataciones de Vicente de Pa\u00fal, es decir: la prueba irrefutable, de que la Iglesia es conducida por el Esp\u00edritu Santo, se encuentra en que los pobres son evangelizados<span id='easy-footnote-45-119820' class='easy-footnote-margin-adjust'><\/span><span class='easy-footnote'><a href='https:\/\/vincentians.com\/es\/mision-e-identidad-de-la-congregacion-de-la-mision\/#easy-footnote-bottom-45-119820' title='Cf. L. Abelly, &lt;i&gt;op. cit., &lt;\/i&gt;I, pp. 54-57; S.V. XI, 35-37.'><sup>45<\/sup><\/a><\/span>. Puesto que la Iglesia ha abando\u00adnado a los pobres, se requiere volver a dar a esta Iglesia su verdadero sentido, el sentido de los pobres<span id='easy-footnote-46-119820' class='easy-footnote-margin-adjust'><\/span><span class='easy-footnote'><a href='https:\/\/vincentians.com\/es\/mision-e-identidad-de-la-congregacion-de-la-mision\/#easy-footnote-bottom-46-119820' title='Cf. S.V. III, 202; XI, 31, 392-393; XII, 79-84, 90&amp;#8230;'><sup>46<\/sup><\/a><\/span>. Yendo a los pobres se encuentra el Evangelio de quien fue enviado a los pobres y se adquiere la visi\u00f3n evang\u00e9lica de los desdichados<span id='easy-footnote-47-119820' class='easy-footnote-margin-adjust'><\/span><span class='easy-footnote'><a href='https:\/\/vincentians.com\/es\/mision-e-identidad-de-la-congregacion-de-la-mision\/#easy-footnote-bottom-47-119820' title='Cf. S.V. XI, 32; IX, 252-253, 324, 332; X, 126, 332, 610, 679-680; VI, 496-497.'><sup>47<\/sup><\/a><\/span>. En la actividad misionera est\u00e1 en juego \u00abla gloria del Padre, la eficacia de la palabra y de la pasi\u00f3n de Cristo\u00bb<span id='easy-footnote-48-119820' class='easy-footnote-margin-adjust'><\/span><span class='easy-footnote'><a href='https:\/\/vincentians.com\/es\/mision-e-identidad-de-la-congregacion-de-la-mision\/#easy-footnote-bottom-48-119820' title='S.V. XI, 413; Cf. S.V. XI, 74, 77, 133-134; XII, 79, 80, 82, 84, 192-193; VII, 341.'><sup>48<\/sup><\/a><\/span>.<\/p>\n<p>Las consignas y estrategia del fundador de la Congregaci\u00f3n de la Misi\u00f3n tuvieron su influencia en los misioneros. Nadie puede asegurar, por falta de documentaci\u00f3n, el n\u00famero exacto de las misiones predicadas ni las localidades misionadas por los sacerdotes de la Misi\u00f3n en tiempo de Vicente de Pa\u00fal. Sabemos por Abelly que de 1625 a 1632 la Compa\u00f1\u00eda predic\u00f3 140 misiones y de 1632 a 1660 solamente la casa de San L\u00e1zaro di\u00f3 700<span id='easy-footnote-49-119820' class='easy-footnote-margin-adjust'><\/span><span class='easy-footnote'><a href='https:\/\/vincentians.com\/es\/mision-e-identidad-de-la-congregacion-de-la-mision\/#easy-footnote-bottom-49-119820' title='Cf. L. Abelly, &lt;i&gt;op. cit., II, &lt;\/i&gt;p. 21.'><sup>49<\/sup><\/a><\/span>. M\u00e1s all\u00e1 de las cifras y contando con las lagunas de la documentaci\u00f3n existente, se puede afirmar que durante la vida de Vicente de Pa\u00fal la Congregaci\u00f3n de la Misi\u00f3n mantiene una imagen equilibrada entre la dedicaci\u00f3n a las misiones y a la formaci\u00f3n y santificaci\u00f3n del clero. La prueba la tenemos en que de las 21 casas existentes en Francia a la muerte del fundador, 9 de ellas est\u00e1n dedicadas a misiones y 12 est\u00e1n destinadas a la formaci\u00f3n del clero. Se requiere a\u00f1adir, inmediatamente,que la mayor\u00eda de los seminarios aseguran al mismo tiempo la predicaci\u00f3n de misiones en las aldeas de las di\u00f3cesis donde est\u00e1n implantados<span id='easy-footnote-50-119820' class='easy-footnote-margin-adjust'><\/span><span class='easy-footnote'><a href='https:\/\/vincentians.com\/es\/mision-e-identidad-de-la-congregacion-de-la-mision\/#easy-footnote-bottom-50-119820' title='Cf. D. Julia, &lt;i&gt;L&amp;#8217;expansion de la Congr\u00e9gation de la Missi\u00f3n de la mort de Vincent de Paul \u00e1 la Revolution Franpaise, &lt;\/i&gt;en &lt;i&gt;Vincent de Paul &lt;\/i&gt;(Actes du Colloque international d&amp;#8217;\u00e9tudes vincenciennes, Par\u00eds 25-26 septembre 1981), Roma 1983, pp. 364-365.'><sup>50<\/sup><\/a><\/span>. A finales del siglo XVII este equilibrio se romper\u00e1 en favor de los seminarios<span id='easy-footnote-51-119820' class='easy-footnote-margin-adjust'><\/span><span class='easy-footnote'><a href='https:\/\/vincentians.com\/es\/mision-e-identidad-de-la-congregacion-de-la-mision\/#easy-footnote-bottom-51-119820' title='En 1690, de las 52 casas, donde est\u00e1 implantada la Congregaci\u00f3n de la Misi\u00f3n en Francia, 36 de ellas, es decir el 70 % est\u00e1n destinadas a semina\u00adrios. A la inversa las casas, dedicadas al mismo tiempo a misiones y a otras funciones, son 30, de las cuales 12 est\u00e1n destinadas principalmente a parro\u00adquias y 3 a seminarios internos: Cf. D. Julia, &lt;i&gt;op. cit., &lt;\/i&gt;p. 371.'><sup>51<\/sup><\/a><\/span>, e ir\u00e1 aumentando en la misma l\u00ednea hasta 1789<span id='easy-footnote-52-119820' class='easy-footnote-margin-adjust'><\/span><span class='easy-footnote'><a href='https:\/\/vincentians.com\/es\/mision-e-identidad-de-la-congregacion-de-la-mision\/#easy-footnote-bottom-52-119820' title='De las 46 casas, que la Congregaci\u00f3n de la Misi\u00f3n tiene en Francia en esta fecha, 25 est\u00e1n destin\u00e1das a misiones, 7 a seminarios y parroquias, 3 \u00fanicamente a parroquias.'><sup>52<\/sup><\/a><\/span>. Es el signo de que a un \u00abtiempo de itinerancia reformadora se substituye progre\u00adsivamente una Iglesia de estabilidades\u00bb.<\/p>\n<h2>V. Objetivo de las misiones vicencianas: cristianizar a los campesinos<\/h2>\n<p>El objetivo de las misiones parroquiales vicencianas se centra en el siglo XVII franc\u00e9s en cristianizar a los campesinos \u00abignorantes y groseros\u00bb. Hemos se\u00f1alado anteriormente que, para el fundador de la Congregaci\u00f3n de la Misi\u00f3n, la predica\u00adci\u00f3n de misiones a los pobres del campo es la obra primordial de la Compa\u00f1\u00eda: \u00abLa principal para nosotros, repite una y otra vez, es la instrucci\u00f3n del pobre pueblo del campo\u00bb<span id='easy-footnote-53-119820' class='easy-footnote-margin-adjust'><\/span><span class='easy-footnote'><a href='https:\/\/vincentians.com\/es\/mision-e-identidad-de-la-congregacion-de-la-mision\/#easy-footnote-bottom-53-119820' title='S.V. IV, 42; Cf. S.V. IV, 398; XII, 4-5; 80; XI, 133-135; P. Collet, &lt;i&gt;Op. cit., &lt;\/i&gt;t. II, p. 168&amp;#8230;'><sup>53<\/sup><\/a><\/span>. Pero esta afirmaci\u00f3n de Vicente de Pa\u00fal ni es absoluta ni es incondicio\u00adnada. Es cierto que \u00e9l la interpreta estrictamente cuando la aplica a los trabajos apost\u00f3licos de predicar, catequizar, y confesar de ordinario en las ciudades<span id='easy-footnote-54-119820' class='easy-footnote-margin-adjust'><\/span><span class='easy-footnote'><a href='https:\/\/vincentians.com\/es\/mision-e-identidad-de-la-congregacion-de-la-mision\/#easy-footnote-bottom-54-119820' title='Cf. S.V. II, 76-77, 275, 367, 369&amp;#8230;'><sup>54<\/sup><\/a><\/span>. Pero, cuando la refiere a dar misiones en las ciudades, el pensamiento vicenciano aparece a veces dudoso, siempre matizado. Como en otros muchos aspectos tambi\u00e9n en este la mentalidad de Vicente de Pa\u00fal aparece evolutiva: \u00abEl pensamiento, que Dios nos ha dado, de no trabajar en las ciudades no se refiere nunca a las misiones, seg\u00fan creo, sino s\u00f3lo a predicar, tener el catecismo y confesar all\u00ed de ordinario, ni en nuestras casas ni en otras partes, para poder estar m\u00e1s libres y en situaci\u00f3n de atender al pobre pueblo\u00bb<span id='easy-footnote-55-119820' class='easy-footnote-margin-adjust'><\/span><span class='easy-footnote'><a href='https:\/\/vincentians.com\/es\/mision-e-identidad-de-la-congregacion-de-la-mision\/#easy-footnote-bottom-55-119820' title='S.V. II, 369 (20 de febrero de 1643). \u00abCreo que ser\u00e1 conveniente, escribe el 11 de julio de 1642 al padre B. Codoing, que d\u00e9 usted la misi\u00f3n en las ciudades donde hay obispado, por las razones que en otra ocasi\u00f3n le dije por escrito&amp;#8230; ya que cuando al principio de nuestra fundaci\u00f3n decidimos no trabajar en las ciudades donde hubiera obispado, nos refer\u00edamos a la predica\u00adci\u00f3n y a las confesiones, que es lo que hacen las dem\u00e1s Ordenes en sus casas y en las otras iglesias, pero que entonces no pens\u00e1bamos en dejar de tener all\u00ed la misi\u00f3n. Acaban de darse en Alet y en LuQon&amp;gt;&amp;gt;: S.V. II, 275; Cf. S.V. II, 367. Estas afirmaciones vicencianas est\u00e1n literalmente en contradicci\u00f3n con la respuesta negativa que Vicente de Pa\u00fal da a la reina Ana de Austria, cuando \u00e9sta le pide, en 1658, que la Congregaci\u00f3n de la Misi\u00f3n misione en la ciudad de Metz, cf. S.V. VII, 92, 86-87; XII, 4.'><sup>55<\/sup><\/a><\/span>.<\/p>\n<p>Nos parece que para interpretar el pensamiento vicenciano en este aspecto, se requiere no olvidar la oposici\u00f3n del clero de Par\u00eds a la aprobaci\u00f3n de la Congregaci\u00f3n<span id='easy-footnote-56-119820' class='easy-footnote-margin-adjust'><\/span><span class='easy-footnote'><a href='https:\/\/vincentians.com\/es\/mision-e-identidad-de-la-congregacion-de-la-mision\/#easy-footnote-bottom-56-119820' title='Cf. S.V. XIII, 227-232, 4 de enero de 1630.'><sup>56<\/sup><\/a><\/span> y, sobre todo, las cl\u00e1usulas del contrato de fundaci\u00f3n de la Congregaci\u00f3n de la Misi\u00f3n y el texto de la Bula <i>\u00abSalvatoris nostri\u00bb. <\/i>Cl\u00e1usulas que, al hablar exclusivamente de los pobres del campo, o mencio\u00adnarlos expresamente, trabajan constantemente el inconsciente de Vicente de Pa\u00fal y afloran a su consciente en circunstancias muy precisas. Para sobrepasar la letra del contenido de estas cl\u00e1usulas, que atenazan su esp\u00edritu \u2014sin olvidar el temor que le causa el hecho de que sus misioneros \u00abse aficionen\u00bb a predicar misiones en las ciudades y \u00abse hast\u00eden de darlas en las aldeas\u00bb\u2014 Vicente de Pa\u00fal va a utilizar dos acontecimientos, signos para \u00e9l de la expresi\u00f3n de la voluntad de Dios. Uno de estos acontecimientos ser\u00e1 la petici\u00f3n o el mandato de los obispos a la Congregaci\u00f3n de dar misiones en las ciudades<span id='easy-footnote-57-119820' class='easy-footnote-margin-adjust'><\/span><span class='easy-footnote'><a href='https:\/\/vincentians.com\/es\/mision-e-identidad-de-la-congregacion-de-la-mision\/#easy-footnote-bottom-57-119820' title='Cf. S.V. IV, 373; V, 595, 605; VII, 238, 239, 630; VII, 257. Algunos de los contratos firmados entre la Congregaci\u00f3n de la Misi\u00f3n y los obispos se\u00f1alan que \u00e9stos pueden asignar a los misioneros las parroquias rurales o ciudadanas que deber\u00e1n misionar. As\u00ed sucede en Troyes, cuando el 12 de marzo de 1638 Mons. de Breslay autoriza el establecimiento de los sacerdotes de la Misi\u00f3n en su di\u00f3cesis. El obispo les obliga a \u00abejercer sus funciones all\u00ed donde \u00e9l o sus sucesores les enviasen a predicar, catequizar y mandar hacer confesiones generales de toda la vida pasada al pobre pueblo, as\u00ed como establecer la Cofrad\u00eda de la Caridad, visitarla de vez en cuando, tratar de pacificar las disensiones existentes entre las gentes&amp;#8230;\u00bb: F. Contassot, &lt;i&gt;Mono\u00adgraphie manuscrite de Troyes, &lt;\/i&gt;II, p. 118, Archivos de San-L\u00e1zaro, 95, rue de S\u00e9vres, Par\u00eds. En la misma l\u00ednea se sit\u00faa, el 28 de junio de 1654, mons. Granguier, obispo de Tr\u00e9guier, cuando en el contrato firmado con la Congregaci\u00f3n de la Misi\u00f3n se estipula que los sacerdotes de la Misi\u00f3n: \u00abtambi\u00e9n estar\u00e1n obligados a dar misiones en los lugares que les sean prescritos por el dicho se\u00f1or obispo o sus sucesores de acuerdo con su Instituto, cuando se les requiera&amp;#8230;\u00bb: F. Contassot, &lt;i&gt;Monographie manuscrite de Tr\u00e9guier, &lt;\/i&gt;p. 79, Archivos de San-L\u00e1zaro, 95 rue de S\u00e9vres, Par\u00eds.'><sup>57<\/sup><\/a><\/span>. El otro provendr\u00e1 de la ampliaci\u00f3n de su \u00e1ngulo de visi\u00f3n referente al mundo de los pobres. Los pobres ya no ser\u00e1n para Vicente de Pa\u00fal \u00fanica y exclusivamente los pobres campesinos, tambi\u00e9n descubre a otros pobres, que est\u00e1n igualmente recha\u00adzados y marginados por la sociedad<span id='easy-footnote-58-119820' class='easy-footnote-margin-adjust'><\/span><span class='easy-footnote'><a href='https:\/\/vincentians.com\/es\/mision-e-identidad-de-la-congregacion-de-la-mision\/#easy-footnote-bottom-58-119820' title='Vicente de Pa\u00fal sabe perfectamente que la pol\u00edtica central, instalada durante 25 a\u00f1os en la guerra, en el aumento de impuestos y en el despilfarro, multiplica el n\u00famero de campesinos empobrecidos. Estos se ven obligados a abandonar sus tierras y sus casas, a lanzarse en bandas a los caminos y a huir a la ciudad, donde muchos de ellos terminan engrosando el amplio y diverso mundo de los mendigos marginados de y por la sociedad (cf. J. M &lt;sup&gt;e&lt;\/sup&gt; Ib\u00e1\u00f1ez, &lt;i&gt;Vicente de Pa\u00fal y los pobres&amp;#8230; op. cit., &lt;\/i&gt;pp. 85-113, 122-131). Ello explica que los sacerdotes de la Misi\u00f3n &lt;i&gt;misionen en las ciudades a los campesinos &lt;\/i&gt;refugiados en ellas (cf. S.V. IV, 398, 405-406). Se requiere a\u00f1adir que tambi\u00e9n misionan a los &lt;i&gt;galeotes, &lt;\/i&gt;esos rechazados sociales (cf. S.V. II, 395), a los &lt;i&gt;soldados, &lt;\/i&gt;otra categor\u00eda de abandonados social y espiritualmente (Cf. S.V. I, 344, 346-347).'><sup>58<\/sup><\/a><\/span>, a\u00fan admitiendo que aqu\u00e9llos constituir\u00e1n siempre para \u00e9l preferente y masivamente el mundo de los desheredados y empobrecidos de la sociedad de su tiempo. Una sociedad, es preciso no olvidarlo, en la que el 80 % de sus habitantes pertenece al mundo rural.<\/p>\n<p>La resistencia, que Vicente de Pa\u00fal demuestra a que los sacerdotes de la misi\u00f3n ejerzan su apostolado en las ciudades, est\u00e1 motivada por el hecho conocido de que \u00e9stas est\u00e1n reple\u00adtas de sacerdotes y de religiosos. Algunos de ellos llevan trabajando desde el principio del siglo XVII en el movimiento de transformaci\u00f3n doctrinal y de purificaci\u00f3n moral. Movi\u00admiento que parece estar reservado a la \u00e9lite religiosa y a los grupos de parlamentarios y burgueses. Espirituales y reforma\u00addores les dedican lo mejor de su tiempo. Si este trabajo no produce todos los frutos esperados, abre, al menos, los esp\u00edri\u00adtus a la riqueza de la nueva doctrina y los dispone al aut\u00e9ntico compromiso de su fe. Por el contrario se margina a los campe\u00adsinos de toda la riqueza y profundidad de este movimiento de reforma doctrinal y moral.<\/p>\n<h3><i>1. La ignorancia cristiana de los campesinos<\/i><\/h3>\n<p>En la l\u00ednea de abertura de Vicente de Pa\u00fal a los dem\u00e1s, hay una constante que aparece desde el comienzo de su estrategia din\u00e1mica de la misi\u00f3n y de la caridad: <i>la preocupaci\u00f3n por los m\u00e1s abandonados, los m\u00e1s desamparados, los m\u00e1s pobres. <\/i>Cuan\u00addo sabe que \u00e9l, Vicente de Pa\u00fal, debe remediar la <i>ignorancia de los campesinos abandonados, <\/i>\u00abla pobre gente del campo que muere de hambre y se condena por no saber las verdades necesarias para salvarse y por no confesarse\u00bb o confesarse mal<span id='easy-footnote-59-119820' class='easy-footnote-margin-adjust'><\/span><span class='easy-footnote'><a href='https:\/\/vincentians.com\/es\/mision-e-identidad-de-la-congregacion-de-la-mision\/#easy-footnote-bottom-59-119820' title='\u00abEs preciso, escribe en 1631 Vicente de Pa\u00fal al padre F. du Coudray enviado a Roma para obtener la aprobaci\u00f3n pontificia de la Congregaci\u00f3n, que haga entender que el pobre pueblo se condena, por no saber las cosas necesarias para la salvaci\u00f3n y no confesarse. Si su Santidad supiese esta necesidad, no tendr\u00eda descanso hasta hacer todo lo posible para poner orden en ello; y que ha sido el conocimiento que de esto se ha tenido lo que ha hecho erigir la Compa\u00f1\u00eda para poner remedio de alguna manera a ello&amp;#8230;\u00bb: S.V. I, 115.'><sup>59<\/sup><\/a><\/span>, lo hace porque los juzga los <i>m\u00e1s abandonados de la sociedad, <\/i>incluso aunque tengan sacerdotes en sus parroquias. Para \u00e9l, lo hemos se\u00f1alado, los pobres masiva y preferente\u00admente son los campesinos, los que no habitan en la ciudad. <i>El ve un bloqueo psicol\u00f3gico de finalidad apost\u00f3lica y social sobre el campesinado. <\/i>Fundado en esta idea, organiza la Congregaci\u00f3n de la Misi\u00f3n<span id='easy-footnote-60-119820' class='easy-footnote-margin-adjust'><\/span><span class='easy-footnote'><a href='https:\/\/vincentians.com\/es\/mision-e-identidad-de-la-congregacion-de-la-mision\/#easy-footnote-bottom-60-119820' title='Cf. S.V. XIII, 197-202; XII, 73-83&amp;#8230;'><sup>60<\/sup><\/a><\/span> para remediar la ignorancia y la miseria moral y material mediante el anuncio del mensaje cristiano <i>y <\/i>la catequesis, la pastoral de los sacramentos y el testimonio de la caridad. Los remedios, que Vicente de Pa\u00fal y la Congregaci\u00f3n de la Misi\u00f3n aportan a la situaci\u00f3n de los campesinos, permi\u00adten verificar los objetivos parciales y concretos de las misiones vicencianas y los medios empleados en ellas para conseguir el objetivo general: cristianizar a los campesinos. Por eso en torno a la preparaci\u00f3n de la confesi\u00f3n general las misiones no s\u00f3lo intentan proporcionar una somera instrucci\u00f3n sino iniciar en la vida cristiana adulta y organizar una mejor catequesis.<\/p>\n<p>Para Vicente de Pa\u00fal, c\u00f3mo para la mayor\u00eda de los te\u00f3logos de su tiempo, la ignorancia religiosa es causa suficiente de condenaci\u00f3n<span id='easy-footnote-61-119820' class='easy-footnote-margin-adjust'><\/span><span class='easy-footnote'><a href='https:\/\/vincentians.com\/es\/mision-e-identidad-de-la-congregacion-de-la-mision\/#easy-footnote-bottom-61-119820' title='Esta manera de pensar se remonta a la concepci\u00f3n agustiniana del pecado original. En efecto, para el obispo de Hipona, la ignorancia, lo mismo que la concupiscencia, forma parte del pecado. Una y otra no s\u00f3lo son consecuencias del pecado sino tambi\u00e9n aut\u00e9nticos pecados. (Cf. San Agust\u00edn, &lt;i&gt;Contra Julianum, &lt;\/i&gt;Libro VI, cap. XVI, n.\u00b0 41, P.L. XLIV, col. 850-851).&lt;\/p&gt;\n&lt;p&gt;Creer, es adherirse a la totalidad de la revelaci\u00f3n divina en la realidad de su misterio. Ning\u00fan cristiano est\u00e1 dispensado de este conocimiento. Es la condi\u00adci\u00f3n para salvarse. Por eso dice Santo Tom\u00e1s de Aquino: \u00abvidetur quod sit de necessitate salutis explicite omnia credere. Eadem modo omnia ad fidem pertinent. Ergo qua ratione oportet unum explicite credere, eadem ratione, oportet et omnia\u00bb (Santo Tom\u00e1s de Aquino, &lt;i&gt;De veritate, &lt;\/i&gt;XIV, a.11, sed contra 1). Sobre esta cuesti\u00f3n, cf. J. M. Ib\u00e1\u00f1ez, &lt;i&gt;Vicente de Pa\u00fal y los pobres&amp;#8230; op. cit., &lt;\/i&gt;pp. 310-311.&lt;\/p&gt;\n&lt;p&gt;En el siglo XVI y XVII existe toda una corriente de pensamiento que no s\u00f3lo une \u00edntimamente vicio e ignorancia sino que llega a culpabilizar a esta \u00faltima afirmando de ella que &lt;i&gt;lleva &lt;\/i&gt;infaliblemente a la, condenaci\u00f3n. Como se\u00f1ala con raz\u00f3n M. Venard \u00abla gran idea, que ha guiado todo el esfuerzo catequ\u00e9tico de la \u00e9poca moderna (cat\u00f3lico y protestante), es que un cristiano no puede salvarse sin un m\u00ednimo de conocimiento de su religi\u00f3n\u00bb: M. Venard, &lt;i&gt;Le cath\u00e9cisme au temps des R\u00e9formes, &lt;\/i&gt;en &lt;i&gt;Transmettre la foi, &lt;\/i&gt;Par\u00eds. 1980, p. 43.'><sup>61<\/sup><\/a><\/span>. En la conferencia a los misioneros del 17 de noviembre de 1656, sobre la obligaci\u00f3n de catequizar a los pobres, recuerda: \u00ab&#8230;dicen san Agust\u00edn, santo Tom\u00e1s y san Anselmo que los que no conozcan expl\u00edcitamente los misterios de la Trinidad y de la Encarnaci\u00f3n no podr\u00e1n salvarse. Esta es su opini\u00f3n. S\u00e9 muy bien, a\u00f1ade, que hay otros doctores que no son tan rigurosos y que defienden lo contrario, puesto que \u2014seg\u00fan dicen\u2014 es muy duro ver que un pobre hombre, por ejemplo, que haya vivido bien, se condene por no haberse encontrado con nadie que le ense\u00f1e esos misterios. Pues bien, en la duda, concluye Vicente de Pa\u00fal, ser\u00e1 siempre un acto de mucha caridad para nosotros, si instruimos a esas pobres personas, sean quienes fueren&#8230;\u00bb<span id='easy-footnote-62-119820' class='easy-footnote-margin-adjust'><\/span><span class='easy-footnote'><a href='https:\/\/vincentians.com\/es\/mision-e-identidad-de-la-congregacion-de-la-mision\/#easy-footnote-bottom-62-119820' title='S.V. XI, 382.'><sup>62<\/sup><\/a><\/span>. Si en esta conferencia Vicente de Pa\u00fal deja una puerta abierta para la salvaci\u00f3n de los ignorantes, en la conferencia del 6 de diciembre de 1658 sobre el fin de la Congregaci\u00f3n la cierra tajantemente: \u00abYa saben muy bien, dice a los misioneros, cu\u00e1nta es la ignorancia del pobre pueblo, una ignorancia casi incre\u00edble, y saben tambi\u00e9n que no hay salvaci\u00f3n posible para las personas que ignoran las verdades cristianas necesarias, pues seg\u00fan el parecer de san Agust\u00edn, de Santo Tom\u00e1s y de otros autores, una persona que no sabe lo que es el Padre, el Hijo y el Esp\u00edritu Santo, ni la Encarnaci\u00f3n ni los dem\u00e1s misterios no puede salvarse. Efecti\u00advamente, \u00bfc\u00f3mo puede creer, esperar y amar un alma que no conoce a Dios ni sabe lo que Dios ha hecho por su amor? Pues bien, Dios, viendo esta necesidad y las calamidades que, por culpa de los tiempos, ocurren por negligencia de los pastores y por el nacimiento de las herej\u00edas que han causado un grave da\u00f1o a la Iglesia, ha querido, por su gran misericordia, poner remedio a esto por medio de los misioneros,envi\u00e1ndolos para poner a esas pobres gentes en disposici\u00f3n de salvarse\u00bb<span id='easy-footnote-63-119820' class='easy-footnote-margin-adjust'><\/span><span class='easy-footnote'><a href='https:\/\/vincentians.com\/es\/mision-e-identidad-de-la-congregacion-de-la-mision\/#easy-footnote-bottom-63-119820' title='S.V. XII, 80-81.'><sup>63<\/sup><\/a><\/span>.<\/p>\n<p>A Vicente de Pa\u00fal nadie le ha ense\u00f1ado el estado de ignorancia en que se encuentran los pobres; lo ha conocido por \u00e9l mismo. En 1615-1616, en el serm\u00f3n que predica sobre la asistencia al catecismo<span id='easy-footnote-64-119820' class='easy-footnote-margin-adjust'><\/span><span class='easy-footnote'><a href='https:\/\/vincentians.com\/es\/mision-e-identidad-de-la-congregacion-de-la-mision\/#easy-footnote-bottom-64-119820' title='Cf. S.V. XIII, 25-30.'><sup>64<\/sup><\/a><\/span>, comienza a declarar esta ignorancia de la cual medir\u00e1 m\u00e1s tarde la profundidad, la extensi\u00f3n , las consecuencias morales<span id='easy-footnote-65-119820' class='easy-footnote-margin-adjust'><\/span><span class='easy-footnote'><a href='https:\/\/vincentians.com\/es\/mision-e-identidad-de-la-congregacion-de-la-mision\/#easy-footnote-bottom-65-119820' title='Cf. S.V. I, 115; XIII, 490-491, 494-495; XII, 80, 82&amp;#8230;'><sup>65<\/sup><\/a><\/span>.<\/p>\n<p>El organismo de la vida cristiana de los campesinos es de esta manera ro\u00eddo desde el interior por el c\u00e1ncer de la ignoran\u00adcia religiosa. Es necesario clarificar su fe, purificarla y hacerla viva, porque los actos materiales de la asistencia a la misa, a v\u00edsperas y la pr\u00e1ctica de la confesi\u00f3n, no dispensan del conoci\u00admiento de las verdades de fe<span id='easy-footnote-66-119820' class='easy-footnote-margin-adjust'><\/span><span class='easy-footnote'><a href='https:\/\/vincentians.com\/es\/mision-e-identidad-de-la-congregacion-de-la-mision\/#easy-footnote-bottom-66-119820' title='\u00abSe me objetar\u00e1, dice Vicente de Pa\u00fal: \u00bfQu\u00e9 inter\u00e9s tiene vuestro catecismo? Somos cristianos, puesto que vamos a la iglesia, asistimos a misa y a v\u00edsperas; nos confesamos en Pascua, \u00bfse necesita algo m\u00e1s?\u00bb. Y el mismo Vicente responde: \u00abNo he encontrado en toda la Sagrada Escritura que sea suficiente para un cristiano el asistir a misa, a v\u00edsperas, confesarse, por el contrario he encontrado que quien no cree en todo lo que pertenece a la fe no es salvado. Y adem\u00e1s \u00bfqu\u00e9 provecho se saca de la misa quien no sabe en qu\u00e9 consiste?\u00bb: S.V. XIII, 29.'><sup>66<\/sup><\/a><\/span>.<\/p>\n<p>En semejantes condiciones, la preparaci\u00f3n a la confesi\u00f3n general, expresi\u00f3n \u00e9sta de la conversi\u00f3n, requiere anteriormen\u00adte una instrucci\u00f3n. Por eso cada misi\u00f3n vicenciana constituye una empresa excepcional de formaci\u00f3n religiosa acelerada. Durante tres, cuatro o cinco semanas, a veces m\u00e1s, y cada d\u00eda de la semana, exceptuando generalmente el jueves<span id='easy-footnote-67-119820' class='easy-footnote-margin-adjust'><\/span><span class='easy-footnote'><a href='https:\/\/vincentians.com\/es\/mision-e-identidad-de-la-congregacion-de-la-mision\/#easy-footnote-bottom-67-119820' title='El d\u00eda de descanso semanal se debi\u00f3 a la intervenci\u00f3n del cardenal Richelieu, que rog\u00f3 a Vicente de Pa\u00fal establecerlo en todas las misiones. El cardenal fue obedecido inmediatamente: Cf. S.V. I, 469, 525.'><sup>67<\/sup><\/a><\/span>, los misio\u00adneros, presentes en una parroquia, multiplican en ella predica\u00adciones y catecismo.<\/p>\n<h3>2. <i>La evangelizaci\u00f3n de los campesinos por la instrucci\u00f3n y la catequesis<\/i><\/h3>\n<p>Para ense\u00f1ar a los pobres campesinos las verdades necesa\u00adrias para salvarse y prepararles a la confesi\u00f3n general, para iniciarles, en definitiva, en la vida cristiana adulta, Vicente de Pa\u00fal y sus misioneros aplican la estrategia de los actos de la misi\u00f3n<span id='easy-footnote-68-119820' class='easy-footnote-margin-adjust'><\/span><span class='easy-footnote'><a href='https:\/\/vincentians.com\/es\/mision-e-identidad-de-la-congregacion-de-la-mision\/#easy-footnote-bottom-68-119820' title='Cf. S.V. I, 562, 564-565; II, 150-151; IV, 42-43; XII, 80-84; XI, 2-5&amp;#8230;'><sup>68<\/sup><\/a><\/span>. Preocupado por un deseo de eficacia y continuamen\u00adte en b\u00fasqueda de nuevas formas para evangelizarlos, Vicente tratar\u00e1 siempre de iluminar, persuadir, convencer, ganar sus esp\u00edritus. \u00abBuenamente, familiar y sencillamente\u00bb, predicar\u00e1 y mandar\u00e1 predicar a sus sacerdotes \u00aba lo misionero\u00bb, \u00abde tal manera que todos, hasta el m\u00e1s modesto, puedan entender y sacar provecho&#8230;\u00bb \u00bfPara qu\u00e9 predicar, \u00absi no es para llevar al mundo a la salvaci\u00f3n\u00bb y \u00abglorificar a Dios\u00bb repetir\u00e1 Vicente de Pa\u00fal? <i>\u00abLa caridad en la predicaci\u00f3n&#8230; obliga a acomodarse a todos para ser \u00fatil a todos\u00bb. <\/i>Con <i>\u00abel peque\u00f1o m\u00e9todo\u00bb <\/i>Vicente de Pa\u00fal y sus misioneros intentar\u00e1n purificar la fe de los campesinos. Este anciano no conoce para evangelizar otro m\u00e9todo \u00abm\u00e1s eficaz, m\u00e1s excelente y por el que se pueda adquirir mayor honor, persuadiendo el esp\u00edritu, sin todos los clamores que no hacen m\u00e1s que importunar a los creyentes y provocar un poco de ruido, hacer florido el estilo y tocar la superficie\u00bb<span id='easy-footnote-69-119820' class='easy-footnote-margin-adjust'><\/span><span class='easy-footnote'><a href='https:\/\/vincentians.com\/es\/mision-e-identidad-de-la-congregacion-de-la-mision\/#easy-footnote-bottom-69-119820' title='S.V. XI, 258, 272, 274, 275, 280, 286; cf. S.V. 257-287. Sobre el sentido &lt;i&gt;y &lt;\/i&gt;el contenido del \u00abpeque\u00f1o m\u00e9todo\u00bb, cf. J. Truchet, &lt;i&gt;La pr\u00e9dication de Bossuet, &lt;\/i&gt;Par\u00eds 1960, 2 vol., t. I, pp. 19-25, 28-30, 55; Ch. Berthelot du Chesnay, &lt;i&gt;Les missions&amp;#8230; op. cit., &lt;\/i&gt;pp. 68-69, 143-144; V. Kapp, &lt;i&gt;Pr\u00e9cher selon la \u00abpetite m\u00e9thode\u00bb. Vincent de Paul et P\u00e9loquence de la chaire au XVII&amp;#8217; si\u00e9cle, &lt;\/i&gt;en &lt;i&gt;Vincent de Paul &lt;\/i&gt;(Actes du Coloque international&amp;#8230;), &lt;i&gt;op. cit., &lt;\/i&gt;pp. 206-216; B. Dompnier, &lt;i&gt;Le missionnaire et son public. Contribution \u00e1 I &amp;#8216;Etude de la Pr\u00e9dication, &lt;\/i&gt;en &lt;i&gt;Journ\u00e9es Bossuet. &lt;\/i&gt;&lt;i&gt;La pr\u00e9dication au XVII&amp;#8217; si\u00e9cle, &lt;\/i&gt;Par\u00eds 1980, pp. 105-122.'><sup>69<\/sup><\/a><\/span>.<\/p>\n<p>Este m\u00e9todo, tan apto para \u00abconvencer, ganar y persuadir los esp\u00edritus\u00bb<span id='easy-footnote-70-119820' class='easy-footnote-margin-adjust'><\/span><span class='easy-footnote'><a href='https:\/\/vincentians.com\/es\/mision-e-identidad-de-la-congregacion-de-la-mision\/#easy-footnote-bottom-70-119820' title='S.V. XI, 260, 262.'><sup>70<\/sup><\/a><\/span>, es el que utilizan los misioneros cuando anun\u00adcian el mensaje cristiano en la predicaci\u00f3n de la ma\u00f1ana. Todos los fieles de la parroquia y de las parroquias vecinas asisten a este serm\u00f3n, aunque la hora de pronunciarse sea a las cinco o a las seis de la ma\u00f1ana. Esta afluencia masiva de campesinos se dobla generalmente de una receptividad admi\u00adrable. Receptividad que se traduce concretamente por los \u00absollozos, gritos, clamores, lamentaciones\u00bb de los oyentes has\u00adta llegar a veces a ahogar la palabra del predicador oblig\u00e1ndole al silencio. Estas manifestaciones, un tanto estent\u00f3reas \u00bfno son el primer signo tangible de que la conversi\u00f3n est\u00e1 haciendo su obra en ellos?<span id='easy-footnote-71-119820' class='easy-footnote-margin-adjust'><\/span><span class='easy-footnote'><a href='https:\/\/vincentians.com\/es\/mision-e-identidad-de-la-congregacion-de-la-mision\/#easy-footnote-bottom-71-119820' title='La repetici\u00f3n de las mismas f\u00f3rmulas: llantos, suspiros, clamores de los fieles aparecen continuamente en las &lt;i&gt;relaciones &lt;\/i&gt;o &lt;i&gt;informes &lt;\/i&gt;de los misione\u00adros: Cf. L. Abelly, &lt;i&gt;op. cit., &lt;\/i&gt;II, pp. 20-54; F. Lebrun, &lt;i&gt;Les missions des Lazaristes en Haute Bretagne&amp;#8230; op. cit., &lt;\/i&gt;pp. 15-38.'><sup>71<\/sup><\/a><\/span>.<\/p>\n<p>Si las relaciones o informes de las misiones, redactados por los misioneros, nos informan de la afluencia y \u00abavidez\u00bb con que los fieles acuden a escuchar el mensaje evangelizador, apenas nos dicen nada referente al contenido de los sermones. La \u00fanica fuente que tenemos para conocer los temas de la predicaci\u00f3n misionera son los <i>\u00absermons de Saint Vincent de Pa\u00fal, de ses cooperateurs et successeurs inm\u00e9diats pour les missions des campagnes\u00bb<\/i><span id='easy-footnote-72-119820' class='easy-footnote-margin-adjust'><\/span><span class='easy-footnote'><a href='https:\/\/vincentians.com\/es\/mision-e-identidad-de-la-congregacion-de-la-mision\/#easy-footnote-bottom-72-119820' title='La primera noticia, que tenemos de una \u00abrecopilaci\u00f3n\u00bb de sermones o de predicaciones de misi\u00f3n, se encuentra en la carta de Vicente de Pa\u00fal al padre R. de Sergis, del 3 de febrero de 1639: \u00abEl padre Codoing est\u00e1 en misiones; no puede hacerle copiar sus predicaciones. Hay que esperar al verano, cuando se retire; entonces podr\u00e1 hacer las copias y quiz\u00e1s imprimir, aunque s\u00f3lo sea para la Compa\u00f1\u00eda\u00bb (S.V. I, 537). El 6 de septiembre de 1658 habla de una &lt;i&gt;\u00abrecopilaci\u00f3n\u00bb &lt;\/i&gt;de sermones de la misi\u00f3n: \u00abNos pide usted, escribe al padre J. Mart\u00edn, en sus \u00faltimas cartas del 3 y del 10 de agosto una copia de los libros y de los catecismos. No se la podemos enviar, porque nos robaron este libro. Sabemos muy bien qui\u00e9n ha sido, y no me consta que lo haya devuelto. Y aun cuando lo hubi\u00e9ramos recobrado, no resulta cosa f\u00e1cil mandarlo copiar&amp;#8230;\u00bb (S.V. VII, 256). En la conferencia del 5 de agosto de 1659, Vicente relata a los misioneros c\u00f3mo se hab\u00eda redactado esta recopilaci\u00f3n de sermones: \u00abPara la predicaci\u00f3n, al comienzo de la Compa\u00f1\u00eda nos junt\u00e1bamos, y asist\u00edan tambi\u00e9n los se\u00f1ores obispos de Boulogne y de Alet y el abate Olier. Se propon\u00eda alg\u00fan tema sobre una virtud o un vicio; cada uno tomaba papel y pluma y escrib\u00eda el motivo y la raz\u00f3n que ten\u00eda para huir de ese vicio o abrazar esa virtud, y luego se buscaba su definici\u00f3n y los medios, al final se reun\u00eda todo lo que se hab\u00eda escrito y se compon\u00eda un discurso. Lo hac\u00edamos sin ning\u00fan libro, cada uno de su cosecha. El padre Portail reuni\u00f3 todo lo que entonces se dijo por una parte y por otra y todo lo que despu\u00e9s se habl\u00f3 en otras conferencias que se tuvieron en la Compa\u00f1\u00eda, y ha compuesto un m\u00e9todo f\u00e1cil para componer \u00fatilmente sermones y explicaciones del gran catecismo, a\u00f1a\u00addiendo algo de su propia cosecha\u00bb. (S.V. XII, 292).&lt;\/p&gt;\n&lt;p&gt;En 1666 el padre Alm\u00e9ras, viendo que esta recopilaci\u00f3n de sermones o predicaciones de misi\u00f3n era demasiado difusa y que pocas personas podr\u00edan leerla con comodidad, redact\u00f3 el &lt;i&gt;Abreg\u00e9 de la m\u00e9thode de pr\u00e9cher en usage dans la Compagnie de la Mission &lt;\/i&gt;(Cf. &lt;i&gt;Recueil des principales circulaires des Sup\u00e9\u00adrieurs G\u00e9n\u00e9raux de la Congr\u00e9gation de la Mission, &lt;\/i&gt;3 vol., Par\u00eds 1877-1880, t. I, pp. 77-83).&lt;\/p&gt;\n&lt;p&gt;Durante el Generalato del padre Jolly, las copias de los sermones antiguos comenzaron a circular de nuevo entre los misioneros, pero cambiados y anotados. De Jolly, que la Asamblea General de 1673, seg\u00fan escribe el mismo padre Jolly el 27 de agosto de 1763: \u00abjuzg\u00f3 oportuno que se diese una nueva recopilaci\u00f3n de predicaciones s\u00f3lidas y met\u00f3dicas a los nuevos sacerdotes con las que se pudiesen formar. Ser\u00eda muy \u00fatil a la Compa\u00f1\u00eda, a\u00f1ade, tener un volumen perfecto de predicaciones para las misiones. Tan pronto como Dios nos d\u00e9 alguien que disponga de tiempo para ocuparse de ello, le haremos trabajar incesantemente en esto. Pero porque este trabajo no es para hacerse r\u00e1pidamente, si usted (se refiere a los visitadores y superiores) tiene en casa Sacerdotes j\u00f3venes y no experimentados, le ruego, padre, les preste, mientras tanto, las mejores predicaciones que tenga, con el fin de que hagan copias y las estudien\u00bb &lt;i&gt;( Recueil des principales circulaires&amp;#8230; op. cit., &lt;\/i&gt;t. I, p. 133).&lt;\/p&gt;\n&lt;p&gt;El trabajo proyectado no hab\u00eda sido realizado todav\u00eda en 1679, a pesar del gran inter\u00e9s del mismo padre Jolly (Cf. &lt;i&gt;Recueil des principales circulaires&amp;#8230; op. cit., &lt;\/i&gt;t. I, p. 171). Incluso en 1711 estaba sin terminarse. En la circular del 1 de enero de 1712, el superior General, padre Bonnet, comunica a la Compa\u00f1\u00eda: \u00abNuestra \u00faltima Asamblea General (1711) habi\u00e9ndose lamentado de que nuestros j\u00f3venes sacerdotes predicaban en misiones sermones poco acomoda\u00addos a la capacidad de las pobres gentes del campo, y muy alejados de la sencillez, de la claridad y del m\u00e9todo introducido en la Compa\u00f1\u00eda por el Se\u00f1or Vicente, nuestro muy honorable Padre, y nuestros primeros misioneros, he\u00admos trabajado, durante casi tres meses con nuestros consejeros y con los padres Duplein, Delanion, Capperon y Calos, en la revisi\u00f3n y correcci\u00f3n de unas 50 predicaciones de misi\u00f3n, seg\u00fan el estilo propio de la Congregaci\u00f3n. Esperamos tenerlas acabadas pronto y poder enviar uno o dos ejemplares a cada casa, con el fin de que nuestros sacerdotes j\u00f3venes puedan tener unos modelos en los que formarse en la composici\u00f3n de los sermones de misiones. Y quienes no sean capaces de componerlos con solidez, puedan al menos aprender de memoria un n\u00famero suficiente de predicaciones para trabajar \u00fatilmente en las misiones. Esta obra no ser\u00e1, sin duda, totalmente perfecta, pero ser\u00e1 s\u00f3lida y proporcionada al fin que se propone la Compa\u00f1\u00eda, &lt;i&gt;y &lt;\/i&gt;al alcance del pobre pueblo, sin ser, sin embargo, el nivel demasiado bajo. Esto es lo que la Asamblea nos ha pedido\u00bb &lt;i&gt;( Recueil del principales circulaires&amp;#8230; op. cit., &lt;\/i&gt;t. I, p. 275).&lt;\/p&gt;\n&lt;p&gt;El 16 de agosto de 1712 el padre Bonnet anunciaba a las casas de la Congregaci\u00f3n que la obra hab\u00eda sido terminada y que conten\u00eda 55 sermones. Esta recopilaci\u00f3n de sermones fue publicada en 1859 por Jeanmaire, &lt;i&gt;Sermones de Saint Vincent de Paul, de ses coop\u00e9rateurs et successeurs inm\u00e9diats pour les missions des campagnes, &lt;\/i&gt;Par\u00eds 1859, 2 vol.'><sup>72<\/sup><\/a><\/span>.<\/p>\n<p>Sabemos que estos sermones, en los que a veces predomina un vocabulario abstracto, han sido elaborados a partir de una experiencia pastoral en medio rural. Y ciertas evocaciones, que se encuentran en ellos, se refieren a una realidad que todo el mundo conoce perfectamente entonces. Algunos de ellos mencionan expresamente y en t\u00e9rminos duros y exigentes la situa\u00adci\u00f3n de injusticia que supone \u00abtener los graneros llenos y dejar morir de hambre a las personas cristianas, sin sentirse inclina\u00addos a la m\u00e1s m\u00ednima compasi\u00f3n ante sus miserias\u00bb<span id='easy-footnote-73-119820' class='easy-footnote-margin-adjust'><\/span><span class='easy-footnote'><a href='https:\/\/vincentians.com\/es\/mision-e-identidad-de-la-congregacion-de-la-mision\/#easy-footnote-bottom-73-119820' title='Jeanmaire, &lt;i&gt;Sermons&amp;#8230; op. cit., &lt;\/i&gt;t. II, p. 193 (Serm\u00f3n n.\u00b0 38).'><sup>73<\/sup><\/a><\/span>. El serm\u00f3n 40 sobre el <i>robo <\/i>o hurto deb\u00eda provocar un cierto malestar en los oyentes, dada la precisi\u00f3n de sus t\u00e9rminos y de las categor\u00edas de personas a las que se nombra<span id='easy-footnote-74-119820' class='easy-footnote-margin-adjust'><\/span><span class='easy-footnote'><a href='https:\/\/vincentians.com\/es\/mision-e-identidad-de-la-congregacion-de-la-mision\/#easy-footnote-bottom-74-119820' title='Cf. &lt;i&gt;Ibid., &lt;\/i&gt;t. II, pp. 224, 225, 228, 230-231.'><sup>74<\/sup><\/a><\/span>. Por la lista del enunciado de los sermones conocemos que \u00ablos temas m\u00e1s pr\u00e1cticos, como escribe P. Coste, y los que m\u00e1s fuertemente impresionaban al esp\u00edritu ten\u00edan preferencia sobre los temas simplemente curiosos: los nov\u00edsimos, el, pecado, el rigor de la justicia divina, el endurecimiento del coraz\u00f3n, la impenitencia final, la falsa verg\u00fcenza, las reca\u00eddas, murmuraciones, envidia, enemistades, juicios temerarios, intemperancia, buen uso de las aflicciones y de la pobreza, caridad, buen empleo del tiempo, oraci\u00f3n, confesi\u00f3n, contricci\u00f3n, satisfacci\u00f3n, conver\u00adsi\u00f3n, misa, imitaci\u00f3n de Nuestro Se\u00f1or, devoci\u00f3n a Mar\u00eda, perseverancia\u00bb<span id='easy-footnote-75-119820' class='easy-footnote-margin-adjust'><\/span><span class='easy-footnote'><a href='https:\/\/vincentians.com\/es\/mision-e-identidad-de-la-congregacion-de-la-mision\/#easy-footnote-bottom-75-119820' title='P. Coste, &lt;i&gt;Le grand saint du grand si\u00e9cle&amp;#8230; op. cit., &lt;\/i&gt;t. III, pp. 33-34.'><sup>75<\/sup><\/a><\/span>.<\/p>\n<p>Los sermones se predican por la ma\u00f1ana, y la explicaci\u00f3n del catecismo se hace por la tarde. El llamado <i>\u00abpeque\u00f1o cate\u00adcismo\u00bb <\/i>est\u00e1 orientado a catequizar a los ni\u00f1os entre seis y siete a\u00f1os y se tiene hacia las dos de la tarde. El <i>\u00abgran catecismo\u00bb, <\/i>que se da a las seis de la tarde, es para los adolescentes que se preparan a la primera comuni\u00f3n y tambi\u00e9n para los adultos<span id='easy-footnote-76-119820' class='easy-footnote-margin-adjust'><\/span><span class='easy-footnote'><a href='https:\/\/vincentians.com\/es\/mision-e-identidad-de-la-congregacion-de-la-mision\/#easy-footnote-bottom-76-119820' title='Referente al &lt;i&gt;\u00abPetit cath\u00e9chisme\u00bb y el \u00abGrand cath\u00e9chisme\u00bb, &lt;\/i&gt;cf. J. Guichard, &lt;i&gt;Saint Vincent de Paul cath\u00e9chiste, &lt;\/i&gt;Par\u00eds 1939.'><sup>76<\/sup><\/a><\/span>.<\/p>\n<p>Sabemos que la pastoral de la catequesis ser\u00e1 siempre el m\u00e9todo preferido de Vicente de Pa\u00fal para evangelizar a los campesinos. El da a la acci\u00f3n oratoria, y as\u00ed pide que lo hagan los misioneros, un matiz catequ\u00edstico. Matiz que se caracteriza por la claridad en la exposici\u00f3n, la precisi\u00f3n en las definicio\u00adnes, la insistencia en lo fundamental, la utilizaci\u00f3n de un lenguaje claro, concreto, familiar, sencillo<span id='easy-footnote-77-119820' class='easy-footnote-margin-adjust'><\/span><span class='easy-footnote'><a href='https:\/\/vincentians.com\/es\/mision-e-identidad-de-la-congregacion-de-la-mision\/#easy-footnote-bottom-77-119820' title='Cf. S.V. XI, 257-286; J. Calvet, &lt;i&gt;Histoire de la litt\u00e9rature franpaise, &lt;\/i&gt;t. V, La &lt;i&gt;litt\u00e9rature religieuse de Franvois de Sales \u00e1 F\u00e9n\u00e9lon, &lt;\/i&gt;Par\u00eds 1938, p. 126; J. Ferte, &lt;i&gt;La vie religieuse&amp;#8230; op. cit., &lt;\/i&gt;pp. 206-207.'><sup>77<\/sup><\/a><\/span>. Hasta tal punto hace de la explicaci\u00f3n del catecismo el centro de la acci\u00f3n misionera,que prefiere este ejercicio a la predicaci\u00f3n. De ah\u00ed que escriba al padre Lamberto Aux Couteaux, el 30 de enero de 1638: \u00abTodo el mundo est\u00e1 de acuerdo de que el fruto que se realiza en la misi\u00f3n se debe al catecismo; y afirmando esto \u00faltimamente una persona de calidad, a\u00f1adi\u00f3 que los misione\u00adros se esforzaban todos en predicar bien, pero que no sab\u00edan hacer el catecismo, y dijo esto en mi presencia y en la de una buena compa\u00f1\u00eda. En el nombre de Dios, padre, advierta esto a la Compa\u00f1\u00eda de all\u00ed. Mi pensamiento es que los que trabajan en misiones tienen que hacer uno el gran catecismo y el otro el peque\u00f1o catecismo solamente, y hablar dos veces al d\u00eda y se pueden contar en el catecismo algunas historias edificantes (moralit\u00e9s) para impresionar; pues, como le he dicho, se ad\u00advierte que todo el fruto viene de esto\u00bb<span id='easy-footnote-78-119820' class='easy-footnote-margin-adjust'><\/span><span class='easy-footnote'><a href='https:\/\/vincentians.com\/es\/mision-e-identidad-de-la-congregacion-de-la-mision\/#easy-footnote-bottom-78-119820' title='S.V. I, 429.'><sup>78<\/sup><\/a><\/span>.<\/p>\n<p>El convencimiento que tiene de la eficacia del m\u00e9todo catequ\u00edstico, le lleva a no permitir sustituir en las misiones el \u00abgran catecismo\u00bb por la predicaci\u00f3n. As\u00ed se lo escribe hacia 1657 a un misionero: \u00abMe han advertido que usted hace demasiados esfuerzos cuando habla al pueblo y que esto le fatiga mucho. En nombre de Dios, padre, cuide de su salud y modere su palabra y sus sentimientos. Ya le he dicho otras veces que nuestro Se\u00f1or bendice los discursos que se hacen hablando en tono com\u00fan y familiar, ya que El mismo ense\u00f1\u00f3 y predic\u00f3 de esta manera: adem\u00e1s, al ser esta forma de hablar la m\u00e1s natural, resulta tambi\u00e9n m\u00e1s f\u00e1cil que la otra, que es forzada; le gusta m\u00e1s al pueblo y aprovecha m\u00e1s que la otra. \u00bfMe creer\u00eda usted, padre, si le dijera que hasta los actores de teatro, d\u00e1ndose cuenta de esto han cambiado su manera de hablar y no recitan ya sus versos en un tono elevado, como lo hac\u00edan antes?&#8230; Pues bien, si el deseo de agradar m\u00e1s al mundo ha hecho esto en el esp\u00edritu de los actores de teatro, \u00a1qu\u00e9 motiv\u00f3 de confusi\u00f3n ser\u00eda para los predicadores de Jesucristo si el deseo y el celo de procurar la salvaci\u00f3n de las almas no tuvieran ese mismo poder sobre ellos!\u00bb.<\/p>\n<p>\u00abPor lo dem\u00e1s, he sentido mucho saber que, en vez de tener el gran catecismo por las tardes, ha pronunciado usted sermo\u00adnes en la \u00faltima misi\u00f3n. No se debe hacer eso: 1.\u00b0 porque el predicador de la ma\u00f1ana puede estar quejoso de esta segunda predicaci\u00f3n; 2.\u00b0 porque el pueblo tiene m\u00e1s necesidad de catecismo y es m\u00e1s provechoso para \u00e9l; 3.\u00b0 porque al hacer este catecismo, parece que de alguna manera se honra mejor el modo con que nuestro Se\u00f1or Jesucristo instru\u00eda y convert\u00eda a las gentes; 4.\u00b0 porque eso es lo que nosotros practicamos y ha querido nuestro Se\u00f1or dar muchas bendiciones a esta pr\u00e1ctica, en la que hay m\u00e1s medios de ejercer la humildad\u00bb<span id='easy-footnote-79-119820' class='easy-footnote-margin-adjust'><\/span><span class='easy-footnote'><a href='https:\/\/vincentians.com\/es\/mision-e-identidad-de-la-congregacion-de-la-mision\/#easy-footnote-bottom-79-119820' title='S.V. VI, 378-379; L. Abelly, &lt;i&gt;op. cit., &lt;\/i&gt;II, p. 10.'><sup>79<\/sup><\/a><\/span>.<\/p>\n<p>Como se ve por estas dos cartas, algunos misioneros des\u00adcuidaban la ense\u00f1anza del catecismo, llegando incluso a susti\u00adtuirla por la predicaci\u00f3n de sermones, en contra de las directri\u00adces del fundador. Vicente de Pa\u00fal no est\u00e1 de acuerdo con esta manera de actuar. Y ello porque sabe que la catequesis, al ser el medio m\u00e1s apto para educar en la fe y purificarla, ayuda <i>A <\/i>conservarla en las naciones cristianas y a propagarla en los pa\u00edses de misi\u00f3n<span id='easy-footnote-80-119820' class='easy-footnote-margin-adjust'><\/span><span class='easy-footnote'><a href='https:\/\/vincentians.com\/es\/mision-e-identidad-de-la-congregacion-de-la-mision\/#easy-footnote-bottom-80-119820' title='Cf. S.V. XIII, 28-29.'><sup>80<\/sup><\/a><\/span>.<\/p>\n<p>Predicaciones y catequesis tienen una importancia clave y casi exclusiva en esta ense\u00f1anza acelerada: la pastoral de la evangelizaci\u00f3n-conversi\u00f3n por la instrucci\u00f3n es una pastoral de la palabra<span id='easy-footnote-81-119820' class='easy-footnote-margin-adjust'><\/span><span class='easy-footnote'><a href='https:\/\/vincentians.com\/es\/mision-e-identidad-de-la-congregacion-de-la-mision\/#easy-footnote-bottom-81-119820' title='La pastoral de la palabra, como toda ense\u00f1anza oral, conlleva la dificultad de saber hasta donde penetra en las masas campesinas en el siglo XVII. Sobre todo si se tiene en cuenta que la &lt;i&gt;\u00abmemorizaci\u00f3n\u00bb &lt;\/i&gt;no significa forzosamente &lt;i&gt;\u00abcomprensi\u00f3n\u00bb&lt;\/i&gt;.'><sup>81<\/sup><\/a><\/span>. Ello se explica por el hecho de que la gran mayor\u00eda de los campesinos es analfabeta. La pastoral del escrito, y por consiguiente la instrucci\u00f3n por la lectura, s\u00f3lo es posible all\u00ed donde los misionados saben leer. En esos casos la pastoral de la palabra es secundada por la lectura de los <i>Ejercicios del cristiano y <\/i>los <i>Libros de oraciones <\/i>que se distribu\u00adyen por las casas durante el desarrollo de la misi\u00f3n.<\/p>\n<h3>3. <i>La evangelizaci\u00f3n de los campesinos por la celebraci\u00f3n de los sacramentos<\/i><\/h3>\n<p>El segundo objetivo parcial de las misiones parroquiales vicencianas se cifra en <i>preparar a los campesinos para hacer una confesi\u00f3n general. <\/i>Los informes o relaciones totales o parciales de las misiones, que conservamos<span id='easy-footnote-82-119820' class='easy-footnote-margin-adjust'><\/span><span class='easy-footnote'><a href='https:\/\/vincentians.com\/es\/mision-e-identidad-de-la-congregacion-de-la-mision\/#easy-footnote-bottom-82-119820' title='Estas &lt;i&gt;relaciones, &lt;\/i&gt;como los &lt;i&gt;\u00abregistros de las misiones\u00bb, &lt;\/i&gt;en las que se relataba, como ped\u00eda Vicente de Pa\u00fal, extensa o concisamente el n\u00famero de misiones dadas, las circunstancias principales en las que se hab\u00edan desarrolla\u00addo, los resultados y fracasos obtenidos y por qu\u00e9&amp;#8230; (Cf. &lt;i&gt;Recueil des principales circulaires&amp;#8230; op. cit., &lt;\/i&gt;t. I, pp. 26-27; S.V. XI, 124; VI, 614; VIII, 389), se han perdido. S\u00f3lo dos, seg\u00fan nuestra informaci\u00f3n, han llegado hasta nosotros: &lt;i&gt;Registre des missions donn\u00e9es par les missionnaires du s\u00e9minaire de Montauban &lt;\/i&gt;(Archivos de San-L\u00e1zaro, 95 rue de S\u00e9vres, Par\u00eds). &lt;i&gt;Cahier des comptes rendus des missions des Lazaristes de Saint-M\u00e9en. &lt;\/i&gt;En este \u00faltimo documento se relatan las 162 misiones predicadas, entre 1645 y 1700, en la di\u00f3cesis de Saint\u00adM\u00e9en y en las di\u00f3cesis de alrededor. Este manuscrito ha sido descubierto por F. Lebrun.&lt;\/p&gt;\n&lt;p&gt;L. Abelly nos presenta en la &lt;i&gt;Vida de Vicente de Pa\u00fal &lt;\/i&gt;un conjunto de datos edificantes y curiosos, extra\u00eddos de las &lt;i&gt;relaciones &lt;\/i&gt;o\/y de los &lt;i&gt;\u00abregistros de las misiones\u00bb, &lt;\/i&gt;hoy desaparecidos. El sentido hagiogr\u00e1fico de esta obra hace que los presente encadenados al hazar, sin sentido cr\u00edtico-hist\u00f3rico y al margen del entorno socio-religioso. A pesar de todas estas deficiencias no se puede negar el valor de los datos conservados en esta fuente de documentaci\u00f3n vicenciana. Habr\u00e1 que interpretarla, en consecuencia, haciendo de ella una lectura cr\u00edtica y entre l\u00ednea, y completarla con la &lt;i&gt;correspondencia &lt;\/i&gt;recibida y enviada por Vicente de Pa\u00fal y las &lt;i&gt;conferencias &lt;\/i&gt;de \u00e9ste a sus misioneros: Cf. L. Abelly, &lt;i&gt;op. cit., II, &lt;\/i&gt;pp. 24-54.'><sup>82<\/sup><\/a><\/span>, son prolijos a la hora de hablar de los efectos de las misiones. Es cierto que el m\u00e1s importante, las conversiones individuales, permanece \u00aboculto y s\u00f3lo Dios lo conoce\u00bb. Pero no se puede dudar de que hay signos visibles de esta conversi\u00f3n: las confesiones y las comu\u00adniones, la regulaci\u00f3n de matrimonios, las reconciliaciones y restituciones, el arreglo y\/o el abandono de procesos&#8230;<\/p>\n<h4>a) <i>El obst\u00e1culo de la confesi\u00f3n<\/i><\/h4>\n<p>La constataci\u00f3n de Vicente de Pa\u00fal: \u00abla pobre gente del campo se condena&#8230; por no confesarse\u00bb o \u00abconfesarse mal\u00bb, indica no tanto la indiferencia religiosa cuanto la repugnancia de los campesinos ante la confesi\u00f3n auricular, especialmente cuando ten\u00eda que hacerse con el cura de la parroquia. Y no se puede olvidar que generalmente no se pod\u00eda hacer con otro sacerdote<span id='easy-footnote-83-119820' class='easy-footnote-margin-adjust'><\/span><span class='easy-footnote'><a href='https:\/\/vincentians.com\/es\/mision-e-identidad-de-la-congregacion-de-la-mision\/#easy-footnote-bottom-83-119820' title='La \u00abBula de la cruzada\u00bb permit\u00eda a los espa\u00f1oles, que la adquir\u00edan, no confesarse con su p\u00e1rroco durante la Semana Santa. Se pod\u00eda comprar cada tres a\u00f1os. Este sistema ha permanecido hasta 1963.'><sup>83<\/sup><\/a><\/span>. Como afirma con raz\u00f3n, J. Delumeau, \u00abnos en\u00adcontramos aqu\u00ed ante un hecho colectivo masivo que hay que integrar dentro de la historia de las mentalidades\u00bb<span id='easy-footnote-84-119820' class='easy-footnote-margin-adjust'><\/span><span class='easy-footnote'><a href='https:\/\/vincentians.com\/es\/mision-e-identidad-de-la-congregacion-de-la-mision\/#easy-footnote-bottom-84-119820' title='J. Delumeau, &lt;i&gt;Un chemin d&amp;#8217;histoire&amp;#8230; op. cit., &lt;\/i&gt;p. 173.'><sup>84<\/sup><\/a><\/span>. Y ello porque la confesi\u00f3n privada obligatoria se ha vivido siempre como una presi\u00f3n moral que ha conducido, a veces, a los penitentes a callarse por verg\u00fcenza y por respeto humano alguno de sus pecados.<\/p>\n<p>Sabemos que Vicente de Pa\u00fal, en 1617, es requerido en Gannes, cerca de Folleville, para confesar a un moribundo. Inmediatamente despu\u00e9s de la confesi\u00f3n, el enfermo publica en presencia de la se\u00f1ora de Gondi, que viene a visitarle: \u00ab\u00a1Ah, se\u00f1ora! me hubiera condenado si no hubiera hecho confesi\u00f3n general, a causa de los muchos pecados que no me hab\u00eda atrevido a confesar\u00bb<span id='easy-footnote-85-119820' class='easy-footnote-margin-adjust'><\/span><span class='easy-footnote'><a href='https:\/\/vincentians.com\/es\/mision-e-identidad-de-la-congregacion-de-la-mision\/#easy-footnote-bottom-85-119820' title='L. Abelly, &lt;i&gt;op. cit., &lt;\/i&gt;I, p. 32.'><sup>85<\/sup><\/a><\/span>.<\/p>\n<p>A la cabecera de este enfermo, Vicente de Pa\u00fal repara que los pobres campesinos se condenan porque hacen malas confe\u00adsiones. A trav\u00e9s de la voz de la se\u00f1ora de Gondi, Dios interro\u00adga a Vicente: \u00ab\u00bfQu\u00e9 es esto? \u00bfQu\u00e9 acabamos de o\u00edr? Los dem\u00e1s campesinos se deben encontrar en la misma situaci\u00f3n. Si este hombre que pasa por bueno se encontraba en semejante estado de condenaci\u00f3n \u00bfqu\u00e9 har\u00e1n los dem\u00e1s que viven peor? \u00a1Ay! Se\u00f1or Vicente, \u00a1cu\u00e1ntas almas se pierden! \u00bfCu\u00e1l puede ser el remedio a este mal?\u00bb<span id='easy-footnote-86-119820' class='easy-footnote-margin-adjust'><\/span><span class='easy-footnote'><a href='https:\/\/vincentians.com\/es\/mision-e-identidad-de-la-congregacion-de-la-mision\/#easy-footnote-bottom-86-119820' title='&lt;i&gt;Ibid., &lt;\/i&gt;I, p. 33.'><sup>86<\/sup><\/a><\/span>. Para desarraigar el mal, Vicente no entrev\u00e9 por el momento m\u00e1s que instruir a los campesinos y prepararlos a la confesi\u00f3n general a trav\u00e9s de las misiones. Experiencias posteriores le confirmar\u00e1n que el \u00abrespeto huma\u00adno\u00bb interven\u00eda casi siempre en la confesi\u00f3n, sobre todo cuando hab\u00eda de hacerse al cura de la parroquia. De ah\u00ed esta constata\u00adci\u00f3n de Vicente de Pa\u00fal: \u00abLa verg\u00fcenza impide a varias de esas buenas gentes del campo confesar todos los pecados a sus p\u00e1rrocos, lo que las sit\u00faa en un estado de condenaci\u00f3n\u00bb<span id='easy-footnote-87-119820' class='easy-footnote-margin-adjust'><\/span><span class='easy-footnote'><a href='https:\/\/vincentians.com\/es\/mision-e-identidad-de-la-congregacion-de-la-mision\/#easy-footnote-bottom-87-119820' title='&lt;i&gt;&lt;\/i&gt;&lt;i&gt;Ibid&lt;\/i&gt;.'><sup>87<\/sup><\/a><\/span>.<\/p>\n<p>Si los misioneros insisten tanto en la confesi\u00f3n general, evidentemente es porque saben que son muy numerosas las confesiones \u00absacr\u00edlegas\u00bb, es decir incompletas, hechas, antes de que ellos pasen por el pueblo, con el cura de la parroquia. Como el misionero est\u00e1 de paso, no plantea a los habitantes de una parroquia el mismo problema psicol\u00f3gico que el sacerdote del pueblo. Un anonimato com\u00fan a ambas partes hace posible un di\u00e1logo y una acusaci\u00f3n que, ordinariamente, se ven blo\u00adqueados por un conocimiento rec\u00edproco demasiado grande. M\u00e1s a\u00fan, el misionero siente en lo m\u00e1s \u00edntimo de \u00e9l mismo la lucha, en la que se debate el penitente en el momento de la confesi\u00f3n. El peligro de \u00abcondenaci\u00f3n\u00bb, en que se puede en\u00adcontrar el penitente, horroriza al misionero. De ah\u00ed que \u00e9ste preste al penitente durante la confesi\u00f3n una ayuda amigable y le ofrezca el perd\u00f3n liberador.<\/p>\n<p>Conscientes de la dificultad que los penitentes han podido tener de declarar algunos de sus pecados en confesiones ante\u00adriores, los misioneros, al comienzo de la misi\u00f3n, hablan en las predicaciones del \u00abpoder\u00bb que tienen de \u00abperdonar toda clase de cr\u00edmenes, en cuanto a la pena y en cuanto a la culpa, incluso aquellos que est\u00e1n reservados al Obispo y a la Santa Sede\u00bb<span id='easy-footnote-88-119820' class='easy-footnote-margin-adjust'><\/span><span class='easy-footnote'><a href='https:\/\/vincentians.com\/es\/mision-e-identidad-de-la-congregacion-de-la-mision\/#easy-footnote-bottom-88-119820' title='Jeanmaire, &lt;i&gt;Sermons&amp;#8230; op. cit., &lt;\/i&gt;t. I, p. 2 (serm\u00f3n n.\u00b0 1).'><sup>88<\/sup><\/a><\/span>. Recuerdan igualmente durante la misi\u00f3n que son enviados especialmente para \u00abo\u00edr las confesiones generales de los feligre\u00adses de las parroquias en donde predican\u00bb<span id='easy-footnote-89-119820' class='easy-footnote-margin-adjust'><\/span><span class='easy-footnote'><a href='https:\/\/vincentians.com\/es\/mision-e-identidad-de-la-congregacion-de-la-mision\/#easy-footnote-bottom-89-119820' title='&lt;i&gt;Ibid., &lt;\/i&gt;t. I, p. 195 (serm\u00f3n n.\u00b0 10).'><sup>89<\/sup><\/a><\/span>. Insisten en que \u00abla misericordia de Dios no tiene l\u00edmites\u00bb<span id='easy-footnote-90-119820' class='easy-footnote-margin-adjust'><\/span><span class='easy-footnote'><a href='https:\/\/vincentians.com\/es\/mision-e-identidad-de-la-congregacion-de-la-mision\/#easy-footnote-bottom-90-119820' title='&lt;i&gt;Ibid., t. &lt;\/i&gt;I, p. 64 (serm\u00f3n n.\u00b0 3).'><sup>90<\/sup><\/a><\/span>. Y a\u00f1aden: \u00abSi hace\u00admos penitencia seremos salvados infaliblemente\u00bb<span id='easy-footnote-91-119820' class='easy-footnote-margin-adjust'><\/span><span class='easy-footnote'><a href='https:\/\/vincentians.com\/es\/mision-e-identidad-de-la-congregacion-de-la-mision\/#easy-footnote-bottom-91-119820' title='&lt;i&gt;Ibid., &lt;\/i&gt;t. I, p. 67.'><sup>91<\/sup><\/a><\/span>. El inter\u00e9s de los misioneros por liberar a los penitentes de la \u00abfalsa verg\u00fcenza\u00bb, les lleva a declarar en la predicaci\u00f3n: \u00abnunca hemos dejado de consolar y tratar con ternura maternal a todos los que hemos visto con buenas disposiciones, por m\u00e1s pecadores que fuesen, a todos los que se han presentado a nosotros con los sentimientos de un coraz\u00f3n verdaderamente arrepentido\u00bb<span id='easy-footnote-92-119820' class='easy-footnote-margin-adjust'><\/span><span class='easy-footnote'><a href='https:\/\/vincentians.com\/es\/mision-e-identidad-de-la-congregacion-de-la-mision\/#easy-footnote-bottom-92-119820' title='&lt;i&gt;Ibid., &lt;\/i&gt;t. I, pp. 31-32 (serm\u00f3n n.\u00b0 1).'><sup>92<\/sup><\/a><\/span>.<\/p>\n<p>A pesar del esfuerzo de los misioneros por crear un clima: de confianza en el auditorio de los pr\u00f3ximos penitentes, la confesi\u00f3n para \u00e9stos sigue siendo problem\u00e1tica. Un \u00abfalso pudor\u00bb termina por bloquear la confesi\u00f3n. Este bloqueo, que dificulta al penitente la confesi\u00f3n de todos sus pecados, explica el empleo masivo de la \u00abpastoral del miedo\u00bb en los misione\u00adros<span id='easy-footnote-93-119820' class='easy-footnote-margin-adjust'><\/span><span class='easy-footnote'><a href='https:\/\/vincentians.com\/es\/mision-e-identidad-de-la-congregacion-de-la-mision\/#easy-footnote-bottom-93-119820' title='Cf. J. Delumeau, &lt;i&gt;La peur en Occident, &lt;\/i&gt;Par\u00eds 1978; &lt;i&gt;Id. Le catholicisme entre Luther et Voltaire&amp;#8230; op. cit., &lt;\/i&gt;pp. 280, 326-330; &lt;i&gt;Id. &lt;\/i&gt;&lt;i&gt;Un chemin d&amp;#8217;histoire&amp;#8230; op. cit., &lt;\/i&gt;p. 127.'><sup>93<\/sup><\/a><\/span>. Unos misioneros celosos, sin duda, pero igualmente persuadidos de que numerosos cristianos se condenan porque ocultan algunos pecados en la confesi\u00f3n. El obst\u00e1culo, que hay que eliminar, es enorme. Los misioneros lo saben y utilizan, para conseguirlo, todos los registros. En los sermones de los sacerdotes de la Misi\u00f3n \u2014dicho sea de paso menos terror\u00edficos que los de los Capuchinos\u2014<span id='easy-footnote-94-119820' class='easy-footnote-margin-adjust'><\/span><span class='easy-footnote'><a href='https:\/\/vincentians.com\/es\/mision-e-identidad-de-la-congregacion-de-la-mision\/#easy-footnote-bottom-94-119820' title='Cf. B. Dompnier, &lt;i&gt;Pastorale de la peur et pastorale de la s\u00e9duction&amp;#8230; op. cit., &lt;\/i&gt;2.257-273; J. Delumeau, &lt;i&gt;Un chemin d&amp;#8217;histoire&amp;#8230; op. cit., &lt;\/i&gt;pp. 178-179.'><sup>94<\/sup><\/a><\/span> la amenaza aparece con fre\u00adcuencia. En el serm\u00f3n 46, el predicador aborda finalmente el tema del <i>Para\u00edso <\/i>y confiesa claramente: \u00abBastante hemos hecho ya resonar en este p\u00falpito los rayos y truenos de la justicia de Dios. Bastante os hemos atemorizado ya y santa\u00admente horrorizado con los temores de su c\u00f3lera; no es necesa\u00adrio hablaros siempre de la muerte, del juicio y de las penas del pecado; es preciso deciros algo tanto de la vida del cielo como de la del infierno&#8230; La finalidad y el objetivo de todas nuestras misiones es conducir a los pueblos al horror del pecado, al amor y a la consecuci\u00f3n de la virtud. Hasta ahora hemos tratado de excitaros a ello por motivos de temor, represent\u00e1n\u00addoos los terribles rigores de la justicia de Dios que ejerce sobre el pecado y sobre los pecadores. Hoy quiero conduciros a ello por caminos m\u00e1s suaves, es decir por la idea y la representa\u00adci\u00f3n de la recompensa eterna que espera en el cielo a quienes sean fieles a Dios en la tierra\u00bb<span id='easy-footnote-95-119820' class='easy-footnote-margin-adjust'><\/span><span class='easy-footnote'><a href='https:\/\/vincentians.com\/es\/mision-e-identidad-de-la-congregacion-de-la-mision\/#easy-footnote-bottom-95-119820' title='Jeanmaire, &lt;i&gt;Sermons&amp;#8230; op. cit., t. &lt;\/i&gt;II, p. 461 (serm\u00f3n n.\u00b0 46).'><sup>95<\/sup><\/a><\/span>. Todav\u00eda en uno de los sermones sobre la <i>comuni\u00f3n <\/i>se encuentra esta advertencia terrible: \u00ab\u00a1Ah lobo cruel, no devores a este cordero de Dios! Jes\u00fas es un cordero, ciertamente, pero se convertir\u00e1 en ese le\u00f3n terrible, que un d\u00eda sabr\u00e1 vengarse de los sacrilegios que hab\u00e9is cometido\u00bb<span id='easy-footnote-96-119820' class='easy-footnote-margin-adjust'><\/span><span class='easy-footnote'><a href='https:\/\/vincentians.com\/es\/mision-e-identidad-de-la-congregacion-de-la-mision\/#easy-footnote-bottom-96-119820' title='&lt;i&gt;&lt;\/i&gt;&lt;i&gt;Ibid., &lt;\/i&gt;t. II, p. 461.'><sup>96<\/sup><\/a><\/span>.<\/p>\n<p>Se requiere a\u00f1adir inmediatamente que si estos sermones son amenazadores, lo son generalmente de manera abstracta. Al estar totalmente y de antemano redactados, constituyen sobre todo un modelo estereotipado. El orador tendr\u00e1, sospe\u00adchamos, que modificarlos y enriquecerlos de acuerdo con el auditorio concreto de cada misi\u00f3n. Por otra parte no nos parece veros\u00edmil que los primeros disc\u00edpulos de Vicente de Pa\u00fal hayan olvidado una norma muy querida de la pedagog\u00eda vicenciana en la predicaci\u00f3n misionera: \u00abTrabajemos humilde y respetuosamente&#8230; con esp\u00edritu de humildad y de compasi\u00f3n; si no, Dios no bendecir\u00e1 nuestro trabajo. Alejaremos a las pobres gentes de nosotros&#8230; Ha sido preciso que nuestro Se\u00f1or haya prevenido con su amor a los que ha querido que crean en El. Hagamos lo que queramos; jam\u00e1s creer\u00e1n en nosotros, si no mostramos amor y compasi\u00f3n a quienes queramos que crean en nosotros\u00bb<span id='easy-footnote-97-119820' class='easy-footnote-margin-adjust'><\/span><span class='easy-footnote'><a href='https:\/\/vincentians.com\/es\/mision-e-identidad-de-la-congregacion-de-la-mision\/#easy-footnote-bottom-97-119820' title='S.V. I, 295. Hay que instruir a los campesinos \u00abmansa y humildemen\u00adte demostrando que lo que se les dice brota de unas entra\u00f1as de compasi\u00f3n, de caridad y no de indignaci\u00f3n\u00bb: S.V. I, 429.'><sup>97<\/sup><\/a><\/span>. Finalmente, es preciso tener en cuenta que si el misionero emplea en sus predicaciones todos los registros para conmover el coraz\u00f3n del auditorio, entre otros el del miedo, en el tribunal de la penitencia, por el contrario, utiliza la indulgencia y la bondad para no desanimar al peni\u00adtente. Por eso quiz\u00e1s sea m\u00e1s exacto decir que los misioneros en las predicaciones \u00abmoderan el temor con el amor y sostie\u00adnen el amor con el temor\u00bb, como escribir\u00e1 en el siglo XVIII P. Collet, sacerdote de la Misi\u00f3n.<\/p>\n<h4>b) <i>Sentido de las confesiones en las misiones<\/i><\/h4>\n<p>Hemos se\u00f1alado que en la misi\u00f3n se intentan dos objetivos parciales concretos: la <i>instrucci\u00f3n <\/i>por la predicaci\u00f3n y la catequesis y la <i>confesi\u00f3n. <\/i>La primera est\u00e1 esencialmente desti\u00adnada a provocar la segunda y las dos no tienen otra finalidad m\u00e1s que ayudar a los campesinos a comprender m\u00e1s profunda\u00admente los \u00abmisterios de la fe\u00bb y los deberes que implican y a estimularles a la conversi\u00f3n.<\/p>\n<p>Las confesiones individuales no son confesiones ordina\u00adrias, sino \u00abconfesiones generales de toda la vida pasada\u00bb. Hacer una buena confesi\u00f3n general, es el testimonio expl\u00edcito de la conversi\u00f3n del penitente que a la vez rompe con su pasado, liquid\u00e1ndolo, y se compromete a vivir cristianamente en el futuro.<\/p>\n<p>La confesi\u00f3n individual desemboca obviamente en la co\u00admuni\u00f3n. Comuni\u00f3n que se recibe colectivamente el \u00faltimo domingo, antes de la procesi\u00f3n de clausura. Esta comuni\u00f3n general manifiesta claramente el fruto de la misi\u00f3n: La suma de las conversiones individuales constituye una verdadera con\u00adversi\u00f3n colectiva de la parroquia y de las parroquias de los alrededores. El n\u00famero de los comulgantes, signo visible y materialmente contabilizado, se anota siempre en las relacio\u00adnes. La procesi\u00f3n con el Sant\u00edsimo prolonga esta manifesta\u00adci\u00f3n grandiosa de masas. A veces se ve realzada por la presen\u00adcia del obispo. Sin embargo siempre se desarrolla de manera muy sobria, de acuerdo con las consignas dadas por Vicente de Pa\u00fal<span id='easy-footnote-98-119820' class='easy-footnote-margin-adjust'><\/span><span class='easy-footnote'><a href='https:\/\/vincentians.com\/es\/mision-e-identidad-de-la-congregacion-de-la-mision\/#easy-footnote-bottom-98-119820' title='Vicente de Pa\u00fal insiste en la sobriedad y en \u00abhuir de la pomposidad\u00bb en las procesiones y comuniones de los adolescentes: cf. S.V. XI, 104; S.V. I, 448, 457, 464.'><sup>98<\/sup><\/a><\/span>. Las reconciliaciones y las restituciones, la supresi\u00f3n o\/y el arreglo amigable de pleitos y de procesos en curso aparecen como exigencias y efectos de la conversi\u00f3n, de la iniciaci\u00f3n de la vida cristiana de la comunidad parroquial campesina. Constituye la primera manifestaci\u00f3n de esta con\u00adversi\u00f3n, de esta vida cristiana adulta. Por eso los confesores pueden imponerlas a los penitentes como condici\u00f3n previa a recibir la absoluci\u00f3n. Los sacerdotes de la Misi\u00f3n dan mucha importancia a esta condici\u00f3n. Y ello, porque, en la medida que conciernen a muchas personas, no permanecen ocultas en el secreto del confesonario, sino que testimonian clara y profun\u00addamente los resultados beneficiosos de la conversi\u00f3n. Adem\u00e1s estas expresiones colectivas pueden servir de acicate a otros que tienen dificultades de reconciliarse o de restituir lo injusta\u00admente apropiado. Es significativo que casi todas las relaciones de misiones, que conservamos, se\u00f1alan m\u00faltiples casos alusi\u00advos a enemigos irreductibles, finalmente reconciliados, a pro\u00adcesos interminables concluidos en unas horas, nos ayudan a comprender con mayor exactitud la atm\u00f3sfera en que viv\u00edan tantas aldeas en la Francia del siglo XVII. Una atm\u00f3sfera cargada de tensiones,odios, sospechas, enemistades, vengan\u00adzas, pleitos y procesos,que separan a vecinos, amigos, familia\u00adres e infectan la vida social. Lo m\u00e1s grave es que son bastante numerosos los que viven de esta mentalidad litigiosa y pleitis\u00adta. Restituciones y reconciliaciones aparecen ciertamente co\u00admo expresiones colectivas de conversi\u00f3n, pero constituyen tambi\u00e9n \u00abuno de los grandes hechos sociales\u00bb y \u00absorprenden\u00adtes\u00bb, uno de los resultados mayores de las misiones<span id='easy-footnote-99-119820' class='easy-footnote-margin-adjust'><\/span><span class='easy-footnote'><a href='https:\/\/vincentians.com\/es\/mision-e-identidad-de-la-congregacion-de-la-mision\/#easy-footnote-bottom-99-119820' title='Cf. S.V. II, 52, 242-243; L. Abelly, &lt;i&gt;op. cit., II, &lt;\/i&gt;pp. 24-54; J. Delumeau, &lt;i&gt;Un chemin d&amp;#8217;histoire&amp;#8230; op. cit., &lt;\/i&gt;pp. 181-184; &lt;i&gt;Id. &lt;\/i&gt;&lt;i&gt;La peur&amp;#8230; op. cit., &lt;\/i&gt;pp. 48-52.'><sup>99<\/sup><\/a><\/span>.<\/p>\n<p>La conversi\u00f3n de una parroquia a trav\u00e9s de la misi\u00f3n no se traduce solamente por el establecimiento de la paz y de la concordia, all\u00ed donde reinaba la enemistad y la reyerta. Tam\u00adbi\u00e9n puede traslucirse en la eliminaci\u00f3n o disminuci\u00f3n de todo lo que en las costumbres y comportamientos colectivos es contrario a las virtudes cristianas y a la prescirpciones episco\u00adpales. Los bailes, las veladas nocturnas de j\u00f3venes, la frecuen\u00adtaci\u00f3n de bares, las blasfemias, los excesos del carnaval, los concubinatos etc. constituyen las grandes preocupaciones de los reformadores del siglo XVII franc\u00e9s y de Vicente de Pa\u00fal y de sus misioneros.<\/p>\n<p>Si los sacerdotes de la Misi\u00f3n dan tanta importancia a los actos colectivos, a las restituciones, a las reconciliaciones, a la supresi\u00f3n de determinados comportamientos de toda comuni\u00addad parroquial, es que para ellos la <i>conversi\u00f3n individual, <\/i>que se traduce por la confesi\u00f3n y la comuni\u00f3n de cada fiel, tiene sentido y valor cuando se inscribe en una conversi\u00f3n colectiva de toda la parroquia. S\u00f3lo en esta perspectiva se puede com\u00adprender la importancia que dan a determinadas conversiones particulares. De ah\u00ed que las utilicen al m\u00e1ximo en raz\u00f3n de la resonancia, influjo y consecuencias que tienen en la vida social y cristiana de la comunidad campesina.<\/p>\n<h3>4. <i>La evangelizaci\u00f3n de los campesinos por la caridad<\/i><\/h3>\n<p>Los sacerdotes de la Misi\u00f3n, adem\u00e1s de instruir a los campesinos en la doctrina cristiana y llevarles a hacer una confesi\u00f3n general,se proponen b\u00e1sicamente un tercer objetiyo en las misiones rurales: instituir al final de \u00e9stas, despu\u00e9s de haber obtenido el consentimiento del obispo y del p\u00e1rroco, <i>una Cofrad\u00eda de la Caridad<\/i><span id='easy-footnote-100-119820' class='easy-footnote-margin-adjust'><\/span><span class='easy-footnote'><a href='https:\/\/vincentians.com\/es\/mision-e-identidad-de-la-congregacion-de-la-mision\/#easy-footnote-bottom-100-119820' title='Cf. S.V. I, 127, 134&amp;#8230; \u00abNuestra peque\u00f1a Compa\u00f1\u00eda, escribe Vicente de Pa\u00fal a Juana F. de Chantal el 14 de julio de 1639, se ha instituido para ir de aldea en aldea&amp;#8230; a predicar, catequizar&amp;#8230; y hacer todo lo posible para que los pobres sean asistidos corporal y espiritualmente por la Cofrad\u00eda de la Cari\u00addad&amp;#8230; que establecemos en los lugares donde hacemos la misi\u00f3n y que lo deseen\u00bb: S.V. I, 562; Cf. &lt;i&gt;Regulae Communes Congregationis Missionis, cap. &lt;\/i&gt;I, n.\u00b0 2.'><sup>100<\/sup><\/a><\/span>, all\u00ed donde se constata que es posible y \u00fatil<span id='easy-footnote-101-119820' class='easy-footnote-margin-adjust'><\/span><span class='easy-footnote'><a href='https:\/\/vincentians.com\/es\/mision-e-identidad-de-la-congregacion-de-la-mision\/#easy-footnote-bottom-101-119820' title='Una vez obtenido este consentimiento, a partir de la segunda semana de la misi\u00f3n, el Director de \u00e9sta se informa para saber si se puede instituir la Cofrad\u00eda de la Caridad en la parroquia misionada. Por ello habla con discreci\u00f3n y en particular con algunas personas caritativas y las invita a visitar y a asistir a algunos enfermos. Al final de la misi\u00f3n se predica un serm\u00f3n sobre la caridad para con los pobres y poco despu\u00e9s se establece la Cofrad\u00eda, cf. &lt;i&gt;Directoire pour les Confr\u00e9ries de la Charit\u00e9, les pr\u00e9dications, missions, excercitants, etc., manuscrito &lt;\/i&gt;n.\u00b0 632, sin fecha, hacia 1668: Archivos de San-L\u00e1zaro, 95, rue de S\u00e9vres, Par\u00eds.'><sup>101<\/sup><\/a><\/span>. Por ellos, as\u00ed se los transmite su fundador, se trata de evangelizar la vida de los campesinos no s\u00f3lo por la verdad que reclama la conversi\u00f3n y salva, sino tambi\u00e9n por la <i>caridad <\/i>que completa y <i>fortifica esta evangelizaci\u00f3n. <\/i>Los misionados, com\u00adprometidos en este movimiento de caridad, intentan \u00abhonrar el amor que nuestro Se\u00f1or tiene a los pobres\u00bb y \u00abasistirlos corporal y espiritualmente\u00bb. Estas Cofrad\u00edas de la Caridad son una forma flexible y abierta a toda miseria que aparece, y a la que hay que remediar de manera organizada<span id='easy-footnote-102-119820' class='easy-footnote-margin-adjust'><\/span><span class='easy-footnote'><a href='https:\/\/vincentians.com\/es\/mision-e-identidad-de-la-congregacion-de-la-mision\/#easy-footnote-bottom-102-119820' title='Para constatar la evoluci\u00f3n de las Cofrad\u00edas de la Caridad, cf. &lt;i&gt;Reglamentos de las Cofrad\u00edas de la Caridad: S.V. &lt;\/i&gt;XIII, 417-537, 761-831.'><sup>102<\/sup><\/a><\/span>. En definitiva es un aspecto del contenido <i>y <\/i>objeto de la evangelizaci\u00f3n vicenciana lo que aparece en ellas. La vida de caridad, vivida en profundidad, es para Vicente de Pa\u00fal y sus misioneros, el mejor medio de revelar a Dios y a Cristo a los hombres y especialmente a los pobres; es la manifestaci\u00f3n del deseo de vivir en la pureza de la fe y en la verdad del hombre.<\/p>\n<h2>VI. Conclusi\u00f3n: inteligencia y fidelidad<\/h2>\n<p>Hemos dicho al principio, despu\u00e9s de haberlo comprobado de manera material, con los textos en la mano, que Vicente de Pa\u00fal y los primeros misioneros de la Congregaci\u00f3n de la Misi\u00f3n fueron al principio los <i>empleados de la familia de los Gondi y los art\u00edfices de una obra: <\/i>la misi\u00f3n en las tierras de los Gondi. No obstante en la Conferencia sobre la finalidad de la Congregaci\u00f3n de la Misi\u00f3n, del 6 de diciembre de 1658, Vicen\u00adte justifica ante los misioneros la creaci\u00f3n de cada una de las siete obras que enumera. Y esto de dos formas:<\/p>\n<h3><i>1. <\/i><i>Uniendo su obra a la evangelizaci\u00f3n comenzada por Jesucristo<\/i><\/h3>\n<p>\u00abEvangelizar a los pobres no se entiende solamente por ense\u00f1arles las verdades necesarias para salvarse, sino realizar las cosas anunciadas y figuradas por los profetas, <i>hacer efecti\u00advo el Evangelio\u00bb<\/i><span id='easy-footnote-103-119820' class='easy-footnote-margin-adjust'><\/span><span class='easy-footnote'><a href='https:\/\/vincentians.com\/es\/mision-e-identidad-de-la-congregacion-de-la-mision\/#easy-footnote-bottom-103-119820' title='S.V. XII, 84.'><sup>103<\/sup><\/a><\/span>, es decir, generador de vida.<\/p>\n<h3><i>2. <\/i><i>Dando un criterio<\/i><\/h3>\n<p>\u00abDe esta manera se piensa en el mundo que esta Compa\u00f1\u00eda es de Dios, porque se ve que acude a socorrer a las <i>necesidades m\u00e1s urgentes y m\u00e1s abandonadas<\/i><span id='easy-footnote-104-119820' class='easy-footnote-margin-adjust'><\/span><span class='easy-footnote'><a href='https:\/\/vincentians.com\/es\/mision-e-identidad-de-la-congregacion-de-la-mision\/#easy-footnote-bottom-104-119820' title='S.V. XII, 90.'><sup>104<\/sup><\/a><\/span>. La \u00abpura necesidad\u00bb, confiesa Vicente de Pa\u00fal a los misioneros, es el camino utilizado por Dios para comprometernos en la realizaci\u00f3n de sus designios\u00bb<span id='easy-footnote-105-119820' class='easy-footnote-margin-adjust'><\/span><span class='easy-footnote'><a href='https:\/\/vincentians.com\/es\/mision-e-identidad-de-la-congregacion-de-la-mision\/#easy-footnote-bottom-105-119820' title='S.V. XII, 90.'><sup>105<\/sup><\/a><\/span>.<\/p>\n<p>Dos observaciones nos interesa hacer constar en la evolu\u00adci\u00f3n psicol\u00f3gica y ministerial de Vicente de Pa\u00fal, comunicada y compartida con los sacerdotes de la Misi\u00f3n:<\/p>\n<p>La primera consiste en se\u00f1alar que, no obstante haber comenzado por una obra precisa y determinada, Vicente des\u00adcubre que la vitalidad de dicha obra, su perfecci\u00f3n, depende de un conjunto de elementos y de personas, de una gesti\u00f3n conjunta de obras.<\/p>\n<p>La segunda consiste en declarar que, habiendo optado por una perspectiva muy particular \u2014capell\u00e1n que misiona las tierras de los Gondi\u2014 Vicente llega a ser un hombre de Iglesia, que responde a las necesidades de la sociedad de su tiempo. Como fecha clave, recordemos 1643, a\u00f1o en el que Vicente de Pa\u00fal entra en el Consejo de Conciencia.<\/p>\n<p>A estas dos observaciones es preciso a\u00f1adir, para compren\u00adder la intuici\u00f3n <i>evang\u00e9lica <\/i>de Vicente de Pa\u00fal,que la variedad de obras existentes en la Congregaci\u00f3n de la Misi\u00f3n encuentra su solidaridad y perfecci\u00f3n en el <i>fin <\/i>de la misma Compa\u00f1\u00eda. Para mantener la unidad de \u00e9sta, m\u00e1s all\u00e1 de las diferentes orientaciones adoptadas, es indispensable se\u00f1alar los <i>elemen\u00adtos esenciales <\/i>de la <i>intenci\u00f3n evang\u00e9lica <\/i>de Vicente de Pa\u00fal, encarnada en la realizaci\u00f3n concreta del \u00abproyecto original\u00bb de la Congregaci\u00f3n de la Misi\u00f3n. Estos elementos se concretan, lo hemos se\u00f1alado anteriormente, en: el <i>don a Dios, para glorifi\u00adcar al Padre continuando la misi\u00f3n de Cristo evangelizador de los pobres con humildad, sencillez, mansedumbre, mortificaci\u00f3n y celo, vivido en una comunidad de vida evang\u00e9lica.<\/i><\/p>\n<p>En un aspecto que podr\u00edamos llamar global, el <i>fin <\/i>o <i>finali\u00addad <\/i>de la Congregaci\u00f3n de la Misi\u00f3n se precisa en la afirma\u00adci\u00f3n siguiente: la <i>continuaci\u00f3n de la misi\u00f3n de Cristo. Misi\u00f3n <\/i>que, tal como se define y se presenta en el Evangelio y es adoptada por Vicente de Pa\u00fal, <i>se centra en la evangelizaci\u00f3n de los pobres<\/i><span id='easy-footnote-106-119820' class='easy-footnote-margin-adjust'><\/span><span class='easy-footnote'><a href='https:\/\/vincentians.com\/es\/mision-e-identidad-de-la-congregacion-de-la-mision\/#easy-footnote-bottom-106-119820' title='Cf. S.V. XII, 79-83, 84, 3-5; XI, 133-136&amp;#8230;'><sup>106<\/sup><\/a><\/span>.<\/p>\n<p>Vicente de Pa\u00fal y sus primeros disc\u00edpulos continuaron esta misi\u00f3n de Cristo evangelizador de los pobres en el siglo XVII franc\u00e9s especialmente a trav\u00e9s de las misiones rurales del interior o parroquiales. En ellas emplearon una doctrina y una t\u00e9cnica, a las que unieron un estilo de vida abnegado y austero que respondi\u00f3 a lo que esperaban de ellos las multitudes. Esta forma de evangelizaci\u00f3n, inserta en un movimiento general de reforma religiosa, constituy\u00f3 un esfuerzo de cristianizaci\u00f3n y de renovaci\u00f3n cat\u00f3lica. Los pobres campesinos pudieron estar agradecidos a Vicente de Pa\u00fal y a la Congregaci\u00f3n de la Misi\u00f3n \u2014lo mismo que a otros excelentes misioneros y a diferentes comunidades sacerdotales y religiosas\u2014 por haber\u00adlos sacado de su aislamiento socio-religioso y haber trabajado para hacer de ellos cristianos m\u00e1s instruidos, m\u00e1s fieles a las exigencias de la vida cristiana adulta, m\u00e1s solidarios y compro\u00admetidos con los pobres. Ser\u00eda ingenuo pensar que las misiones del interior o parroquiales renovaron todo el catolicismo fran\u00adc\u00e9s, pero tampoco se puede olvidar la influencia preponderan\u00adte y decisiva que ejercieron en el esp\u00edritu de las gentes y en la vida social de la cristiandad de esa \u00e9poca hist\u00f3rica.<\/p>\n","protected":false},"excerpt":{"rendered":"<p>I. Introducci\u00f3n: el movimiento misionero en el siglo XVII \u00abLa expansi\u00f3n del cristianismo alcanz\u00f3 en el siglo XVII franc\u00e9s un vigor extraordinario que puede medirse especial\u00admente a trav\u00e9s de los informes de las misiones del &#8230; <a href=\"https:\/\/vincentians.com\/es\/mision-e-identidad-de-la-congregacion-de-la-mision\/\" class=\"more-link\">Read More<\/a><\/p>\n","protected":false},"author":4,"featured_media":57594,"comment_status":"open","ping_status":"open","sticky":false,"template":"","format":"standard","meta":{"jetpack_post_was_ever_published":false,"_jetpack_newsletter_access":"","_jetpack_dont_email_post_to_subs":false,"_jetpack_newsletter_tier_id":0,"_jetpack_memberships_contains_paywalled_content":false,"_jetpack_memberships_contains_paid_content":false,"footnotes":"","jetpack_publicize_message":"","jetpack_publicize_feature_enabled":true,"jetpack_social_post_already_shared":true,"jetpack_social_options":{"image_generator_settings":{"template":"highway","default_image_id":0,"font":"","enabled":false},"version":2}},"categories":[16],"tags":[218,130,228,141,142,124,152,161,175,145,119,125,177,176,131,127,143,120,129,135],"class_list":["post-119820","post","type-post","status-publish","format-standard","has-post-thumbnail","hentry","category-congregacion-de-la-mision","tag-abelly","tag-beauvais","tag-calvet","tag-cevennes","tag-collet","tag-du-coudray","tag-duquesa-de-aiguillon","tag-etienne","tag-folleville","tag-gannes","tag-gondi","tag-joigny","tag-jolly","tag-misiones-populares","tag-montmirail","tag-portail","tag-san-lazaro","tag-senora-de-gondi","tag-urbano-viii","tag-villepreux"],"yoast_head":"<!-- This site is optimized with the Yoast SEO plugin v26.3 - https:\/\/yoast.com\/wordpress\/plugins\/seo\/ -->\n<title>Misi\u00f3n e identidad de la Congregaci\u00f3n de la Misi\u00f3n - Somos Vicencianos<\/title>\n<meta name=\"robots\" content=\"index, follow, max-snippet:-1, max-image-preview:large, max-video-preview:-1\" \/>\n<link rel=\"canonical\" href=\"http:\/\/vincentians.com\/es\/mision-e-identidad-de-la-congregacion-de-la-mision\/\" \/>\n<meta property=\"og:locale\" content=\"es_ES\" \/>\n<meta property=\"og:type\" content=\"article\" \/>\n<meta property=\"og:title\" content=\"Misi\u00f3n e identidad de la Congregaci\u00f3n de la Misi\u00f3n - Somos Vicencianos\" \/>\n<meta property=\"og:description\" content=\"I. Introducci\u00f3n: el movimiento misionero en el siglo XVII \u00abLa expansi\u00f3n del cristianismo alcanz\u00f3 en el siglo XVII franc\u00e9s un vigor extraordinario que puede medirse especial\u00admente a trav\u00e9s de los informes de las misiones del ... Read More\" \/>\n<meta property=\"og:url\" content=\"http:\/\/vincentians.com\/es\/mision-e-identidad-de-la-congregacion-de-la-mision\/\" \/>\n<meta property=\"og:site_name\" content=\"Somos Vicencianos\" \/>\n<meta property=\"article:publisher\" content=\"https:\/\/www.facebook.com\/WeAreVincentians\/\" \/>\n<meta property=\"article:author\" content=\"https:\/\/www.facebook.com\/JavierChento\" \/>\n<meta property=\"article:published_time\" content=\"2015-05-29T06:38:26+00:00\" \/>\n<meta property=\"article:modified_time\" content=\"2016-07-26T07:44:28+00:00\" \/>\n<meta name=\"author\" content=\"Francisco Javier Fern\u00e1ndez Chento\" \/>\n<meta name=\"twitter:card\" content=\"summary_large_image\" \/>\n<meta name=\"twitter:creator\" content=\"@https:\/\/twitter.com\/javierchento\" \/>\n<meta name=\"twitter:site\" content=\"@WeVincentians\" \/>\n<meta name=\"twitter:label1\" content=\"Escrito por\" \/>\n\t<meta name=\"twitter:data1\" content=\"Francisco Javier Fern\u00e1ndez Chento\" \/>\n\t<meta name=\"twitter:label2\" content=\"Tiempo de lectura\" \/>\n\t<meta name=\"twitter:data2\" content=\"95 minutos\" \/>\n<script type=\"application\/ld+json\" class=\"yoast-schema-graph\">{\"@context\":\"https:\/\/schema.org\",\"@graph\":[{\"@type\":\"Article\",\"@id\":\"http:\/\/vincentians.com\/es\/mision-e-identidad-de-la-congregacion-de-la-mision\/#article\",\"isPartOf\":{\"@id\":\"http:\/\/vincentians.com\/es\/mision-e-identidad-de-la-congregacion-de-la-mision\/\"},\"author\":{\"name\":\"Francisco Javier Fern\u00e1ndez Chento\",\"@id\":\"http:\/\/vincentians.com\/es\/#\/schema\/person\/9623ef4d9aa3b2dfb8c061f1499288f2\"},\"headline\":\"Misi\u00f3n e identidad de la Congregaci\u00f3n de la Misi\u00f3n\",\"datePublished\":\"2015-05-29T06:38:26+00:00\",\"dateModified\":\"2016-07-26T07:44:28+00:00\",\"mainEntityOfPage\":{\"@id\":\"http:\/\/vincentians.com\/es\/mision-e-identidad-de-la-congregacion-de-la-mision\/\"},\"wordCount\":18921,\"commentCount\":0,\"publisher\":{\"@id\":\"http:\/\/vincentians.com\/es\/#organization\"},\"image\":{\"@id\":\"http:\/\/vincentians.com\/es\/mision-e-identidad-de-la-congregacion-de-la-mision\/#primaryimage\"},\"thumbnailUrl\":\"\",\"keywords\":[\"Abelly\",\"Beauvais\",\"Calvet\",\"Cevennes\",\"Collet\",\"Du Coudray\",\"Duquesa de Aiguillon\",\"Etienne\",\"Folleville\",\"Gannes\",\"Gondi\",\"Joigny\",\"Jolly\",\"Misiones Populares\",\"Montmirail\",\"Portail\",\"San L\u00e1zaro\",\"Se\u00f1ora de Gondi\",\"Urbano VIII\",\"Villepreux\"],\"articleSection\":[\"Congregaci\u00f3n de la Misi\u00f3n\"],\"inLanguage\":\"es\",\"potentialAction\":[{\"@type\":\"CommentAction\",\"name\":\"Comment\",\"target\":[\"http:\/\/vincentians.com\/es\/mision-e-identidad-de-la-congregacion-de-la-mision\/#respond\"]}]},{\"@type\":\"WebPage\",\"@id\":\"http:\/\/vincentians.com\/es\/mision-e-identidad-de-la-congregacion-de-la-mision\/\",\"url\":\"http:\/\/vincentians.com\/es\/mision-e-identidad-de-la-congregacion-de-la-mision\/\",\"name\":\"Misi\u00f3n e identidad de la Congregaci\u00f3n de la Misi\u00f3n - Somos Vicencianos\",\"isPartOf\":{\"@id\":\"http:\/\/vincentians.com\/es\/#website\"},\"primaryImageOfPage\":{\"@id\":\"http:\/\/vincentians.com\/es\/mision-e-identidad-de-la-congregacion-de-la-mision\/#primaryimage\"},\"image\":{\"@id\":\"http:\/\/vincentians.com\/es\/mision-e-identidad-de-la-congregacion-de-la-mision\/#primaryimage\"},\"thumbnailUrl\":\"\",\"datePublished\":\"2015-05-29T06:38:26+00:00\",\"dateModified\":\"2016-07-26T07:44:28+00:00\",\"breadcrumb\":{\"@id\":\"http:\/\/vincentians.com\/es\/mision-e-identidad-de-la-congregacion-de-la-mision\/#breadcrumb\"},\"inLanguage\":\"es\",\"potentialAction\":[{\"@type\":\"ReadAction\",\"target\":[\"http:\/\/vincentians.com\/es\/mision-e-identidad-de-la-congregacion-de-la-mision\/\"]}]},{\"@type\":\"ImageObject\",\"inLanguage\":\"es\",\"@id\":\"http:\/\/vincentians.com\/es\/mision-e-identidad-de-la-congregacion-de-la-mision\/#primaryimage\",\"url\":\"\",\"contentUrl\":\"\"},{\"@type\":\"BreadcrumbList\",\"@id\":\"http:\/\/vincentians.com\/es\/mision-e-identidad-de-la-congregacion-de-la-mision\/#breadcrumb\",\"itemListElement\":[{\"@type\":\"ListItem\",\"position\":1,\"name\":\"Portada\",\"item\":\"http:\/\/vincentians.com\/es\/\"},{\"@type\":\"ListItem\",\"position\":2,\"name\":\"Misi\u00f3n e identidad de la Congregaci\u00f3n de la Misi\u00f3n\"}]},{\"@type\":\"WebSite\",\"@id\":\"http:\/\/vincentians.com\/es\/#website\",\"url\":\"http:\/\/vincentians.com\/es\/\",\"name\":\"Somos Vicencianos\",\"description\":\"Know more to serve more\",\"publisher\":{\"@id\":\"http:\/\/vincentians.com\/es\/#organization\"},\"potentialAction\":[{\"@type\":\"SearchAction\",\"target\":{\"@type\":\"EntryPoint\",\"urlTemplate\":\"http:\/\/vincentians.com\/es\/?s={search_term_string}\"},\"query-input\":{\"@type\":\"PropertyValueSpecification\",\"valueRequired\":true,\"valueName\":\"search_term_string\"}}],\"inLanguage\":\"es\"},{\"@type\":\"Organization\",\"@id\":\"http:\/\/vincentians.com\/es\/#organization\",\"name\":\"The Vincentian Network\",\"url\":\"http:\/\/vincentians.com\/es\/\",\"logo\":{\"@type\":\"ImageObject\",\"inLanguage\":\"es\",\"@id\":\"http:\/\/vincentians.com\/es\/#\/schema\/logo\/image\/\",\"url\":\"https:\/\/i1.wp.com\/vincentians.com\/es\/wp-content\/uploads\/sites\/11\/2016\/06\/Vincentian-Network-logo-big.png?fit=778%2C778\",\"contentUrl\":\"https:\/\/i1.wp.com\/vincentians.com\/es\/wp-content\/uploads\/sites\/11\/2016\/06\/Vincentian-Network-logo-big.png?fit=778%2C778\",\"width\":778,\"height\":778,\"caption\":\"The Vincentian Network\"},\"image\":{\"@id\":\"http:\/\/vincentians.com\/es\/#\/schema\/logo\/image\/\"},\"sameAs\":[\"https:\/\/www.facebook.com\/WeAreVincentians\/\",\"https:\/\/x.com\/WeVincentians\"]},{\"@type\":\"Person\",\"@id\":\"http:\/\/vincentians.com\/es\/#\/schema\/person\/9623ef4d9aa3b2dfb8c061f1499288f2\",\"name\":\"Francisco Javier Fern\u00e1ndez Chento\",\"image\":{\"@type\":\"ImageObject\",\"inLanguage\":\"es\",\"@id\":\"http:\/\/vincentians.com\/es\/#\/schema\/person\/image\/\",\"url\":\"https:\/\/secure.gravatar.com\/avatar\/497d5cde87b4c3d097d0315953521681ba2cd523ee66e5077c3711f7021e65de?s=96&d=mm&r=g\",\"contentUrl\":\"https:\/\/secure.gravatar.com\/avatar\/497d5cde87b4c3d097d0315953521681ba2cd523ee66e5077c3711f7021e65de?s=96&d=mm&r=g\",\"caption\":\"Francisco Javier Fern\u00e1ndez Chento\"},\"description\":\"Director General y cofundador de La Red de Formaci\u00f3n Vicenciana. Javier es laico vicenciano, afiliado a la Congregaci\u00f3n de la Misi\u00f3n y miembro del Equipo de Misiones Populares de la provincia can\u00f3nica de Zaragoza (Espa\u00f1a) de la Congregaci\u00f3n de la Misi\u00f3n. Graduado en la Universidad Oberta de Catalunya con cuatro grados (Asistente de direcci\u00f3n, Gesti\u00f3n Administrativa, Recursos Humanos y Contabilidad Avanzada). Bil\u00edng\u00fce Espa\u00f1ol\/Ingl\u00e9s. gestiona y mantiene varias p\u00e1ginas web cristianas y vicencianas, incluida including La Red de Formaci\u00f3n Vicenciana, de la que es cofundador. Actualmente es responsable del \u00e1rea de Espa\u00f1ol de .famvin, la Red de Noticias de la Familia Vicenciana. Tambi\u00e9n es m\u00fasico cat\u00f3lico y ha editado varios discos. Es Director General y cofundador de Trovador, una reconocida compa\u00f1\u00eda discogr\u00e1fica critiana de Espa\u00f1a. Trabaja en las Tecnolog\u00edas de la Informaci\u00f3n, ofreciendo servicios de alojamiento, dise\u00f1o y mantenimiento Web, as\u00ed como asesoramiento, formaci\u00f3n y soluciones inform\u00e1ticas, gesti\u00f3n documental y digitalizaci\u00f3n de textos, edici\u00f3n y maquetaci\u00f3n de libros, revistas, flyers, etc.\",\"sameAs\":[\"http:\/\/chento.org\",\"https:\/\/www.facebook.com\/JavierChento\",\"https:\/\/x.com\/https:\/\/twitter.com\/javierchento\"],\"url\":\"https:\/\/vincentians.com\/es\/author\/chento\/\"}]}<\/script>\n<!-- \/ Yoast SEO plugin. -->","yoast_head_json":{"title":"Misi\u00f3n e identidad de la Congregaci\u00f3n de la Misi\u00f3n - Somos Vicencianos","robots":{"index":"index","follow":"follow","max-snippet":"max-snippet:-1","max-image-preview":"max-image-preview:large","max-video-preview":"max-video-preview:-1"},"canonical":"http:\/\/vincentians.com\/es\/mision-e-identidad-de-la-congregacion-de-la-mision\/","og_locale":"es_ES","og_type":"article","og_title":"Misi\u00f3n e identidad de la Congregaci\u00f3n de la Misi\u00f3n - Somos Vicencianos","og_description":"I. Introducci\u00f3n: el movimiento misionero en el siglo XVII \u00abLa expansi\u00f3n del cristianismo alcanz\u00f3 en el siglo XVII franc\u00e9s un vigor extraordinario que puede medirse especial\u00admente a trav\u00e9s de los informes de las misiones del ... Read More","og_url":"http:\/\/vincentians.com\/es\/mision-e-identidad-de-la-congregacion-de-la-mision\/","og_site_name":"Somos Vicencianos","article_publisher":"https:\/\/www.facebook.com\/WeAreVincentians\/","article_author":"https:\/\/www.facebook.com\/JavierChento","article_published_time":"2015-05-29T06:38:26+00:00","article_modified_time":"2016-07-26T07:44:28+00:00","author":"Francisco Javier Fern\u00e1ndez Chento","twitter_card":"summary_large_image","twitter_creator":"@https:\/\/twitter.com\/javierchento","twitter_site":"@WeVincentians","twitter_misc":{"Escrito por":"Francisco Javier Fern\u00e1ndez Chento","Tiempo de lectura":"95 minutos"},"schema":{"@context":"https:\/\/schema.org","@graph":[{"@type":"Article","@id":"http:\/\/vincentians.com\/es\/mision-e-identidad-de-la-congregacion-de-la-mision\/#article","isPartOf":{"@id":"http:\/\/vincentians.com\/es\/mision-e-identidad-de-la-congregacion-de-la-mision\/"},"author":{"name":"Francisco Javier Fern\u00e1ndez Chento","@id":"http:\/\/vincentians.com\/es\/#\/schema\/person\/9623ef4d9aa3b2dfb8c061f1499288f2"},"headline":"Misi\u00f3n e identidad de la Congregaci\u00f3n de la Misi\u00f3n","datePublished":"2015-05-29T06:38:26+00:00","dateModified":"2016-07-26T07:44:28+00:00","mainEntityOfPage":{"@id":"http:\/\/vincentians.com\/es\/mision-e-identidad-de-la-congregacion-de-la-mision\/"},"wordCount":18921,"commentCount":0,"publisher":{"@id":"http:\/\/vincentians.com\/es\/#organization"},"image":{"@id":"http:\/\/vincentians.com\/es\/mision-e-identidad-de-la-congregacion-de-la-mision\/#primaryimage"},"thumbnailUrl":"","keywords":["Abelly","Beauvais","Calvet","Cevennes","Collet","Du Coudray","Duquesa de Aiguillon","Etienne","Folleville","Gannes","Gondi","Joigny","Jolly","Misiones Populares","Montmirail","Portail","San L\u00e1zaro","Se\u00f1ora de Gondi","Urbano VIII","Villepreux"],"articleSection":["Congregaci\u00f3n de la Misi\u00f3n"],"inLanguage":"es","potentialAction":[{"@type":"CommentAction","name":"Comment","target":["http:\/\/vincentians.com\/es\/mision-e-identidad-de-la-congregacion-de-la-mision\/#respond"]}]},{"@type":"WebPage","@id":"http:\/\/vincentians.com\/es\/mision-e-identidad-de-la-congregacion-de-la-mision\/","url":"http:\/\/vincentians.com\/es\/mision-e-identidad-de-la-congregacion-de-la-mision\/","name":"Misi\u00f3n e identidad de la Congregaci\u00f3n de la Misi\u00f3n - Somos Vicencianos","isPartOf":{"@id":"http:\/\/vincentians.com\/es\/#website"},"primaryImageOfPage":{"@id":"http:\/\/vincentians.com\/es\/mision-e-identidad-de-la-congregacion-de-la-mision\/#primaryimage"},"image":{"@id":"http:\/\/vincentians.com\/es\/mision-e-identidad-de-la-congregacion-de-la-mision\/#primaryimage"},"thumbnailUrl":"","datePublished":"2015-05-29T06:38:26+00:00","dateModified":"2016-07-26T07:44:28+00:00","breadcrumb":{"@id":"http:\/\/vincentians.com\/es\/mision-e-identidad-de-la-congregacion-de-la-mision\/#breadcrumb"},"inLanguage":"es","potentialAction":[{"@type":"ReadAction","target":["http:\/\/vincentians.com\/es\/mision-e-identidad-de-la-congregacion-de-la-mision\/"]}]},{"@type":"ImageObject","inLanguage":"es","@id":"http:\/\/vincentians.com\/es\/mision-e-identidad-de-la-congregacion-de-la-mision\/#primaryimage","url":"","contentUrl":""},{"@type":"BreadcrumbList","@id":"http:\/\/vincentians.com\/es\/mision-e-identidad-de-la-congregacion-de-la-mision\/#breadcrumb","itemListElement":[{"@type":"ListItem","position":1,"name":"Portada","item":"http:\/\/vincentians.com\/es\/"},{"@type":"ListItem","position":2,"name":"Misi\u00f3n e identidad de la Congregaci\u00f3n de la Misi\u00f3n"}]},{"@type":"WebSite","@id":"http:\/\/vincentians.com\/es\/#website","url":"http:\/\/vincentians.com\/es\/","name":"Somos Vicencianos","description":"Know more to serve more","publisher":{"@id":"http:\/\/vincentians.com\/es\/#organization"},"potentialAction":[{"@type":"SearchAction","target":{"@type":"EntryPoint","urlTemplate":"http:\/\/vincentians.com\/es\/?s={search_term_string}"},"query-input":{"@type":"PropertyValueSpecification","valueRequired":true,"valueName":"search_term_string"}}],"inLanguage":"es"},{"@type":"Organization","@id":"http:\/\/vincentians.com\/es\/#organization","name":"The Vincentian Network","url":"http:\/\/vincentians.com\/es\/","logo":{"@type":"ImageObject","inLanguage":"es","@id":"http:\/\/vincentians.com\/es\/#\/schema\/logo\/image\/","url":"https:\/\/i1.wp.com\/vincentians.com\/es\/wp-content\/uploads\/sites\/11\/2016\/06\/Vincentian-Network-logo-big.png?fit=778%2C778","contentUrl":"https:\/\/i1.wp.com\/vincentians.com\/es\/wp-content\/uploads\/sites\/11\/2016\/06\/Vincentian-Network-logo-big.png?fit=778%2C778","width":778,"height":778,"caption":"The Vincentian Network"},"image":{"@id":"http:\/\/vincentians.com\/es\/#\/schema\/logo\/image\/"},"sameAs":["https:\/\/www.facebook.com\/WeAreVincentians\/","https:\/\/x.com\/WeVincentians"]},{"@type":"Person","@id":"http:\/\/vincentians.com\/es\/#\/schema\/person\/9623ef4d9aa3b2dfb8c061f1499288f2","name":"Francisco Javier Fern\u00e1ndez Chento","image":{"@type":"ImageObject","inLanguage":"es","@id":"http:\/\/vincentians.com\/es\/#\/schema\/person\/image\/","url":"https:\/\/secure.gravatar.com\/avatar\/497d5cde87b4c3d097d0315953521681ba2cd523ee66e5077c3711f7021e65de?s=96&d=mm&r=g","contentUrl":"https:\/\/secure.gravatar.com\/avatar\/497d5cde87b4c3d097d0315953521681ba2cd523ee66e5077c3711f7021e65de?s=96&d=mm&r=g","caption":"Francisco Javier Fern\u00e1ndez Chento"},"description":"Director General y cofundador de La Red de Formaci\u00f3n Vicenciana. Javier es laico vicenciano, afiliado a la Congregaci\u00f3n de la Misi\u00f3n y miembro del Equipo de Misiones Populares de la provincia can\u00f3nica de Zaragoza (Espa\u00f1a) de la Congregaci\u00f3n de la Misi\u00f3n. Graduado en la Universidad Oberta de Catalunya con cuatro grados (Asistente de direcci\u00f3n, Gesti\u00f3n Administrativa, Recursos Humanos y Contabilidad Avanzada). Bil\u00edng\u00fce Espa\u00f1ol\/Ingl\u00e9s. gestiona y mantiene varias p\u00e1ginas web cristianas y vicencianas, incluida including La Red de Formaci\u00f3n Vicenciana, de la que es cofundador. Actualmente es responsable del \u00e1rea de Espa\u00f1ol de .famvin, la Red de Noticias de la Familia Vicenciana. Tambi\u00e9n es m\u00fasico cat\u00f3lico y ha editado varios discos. Es Director General y cofundador de Trovador, una reconocida compa\u00f1\u00eda discogr\u00e1fica critiana de Espa\u00f1a. Trabaja en las Tecnolog\u00edas de la Informaci\u00f3n, ofreciendo servicios de alojamiento, dise\u00f1o y mantenimiento Web, as\u00ed como asesoramiento, formaci\u00f3n y soluciones inform\u00e1ticas, gesti\u00f3n documental y digitalizaci\u00f3n de textos, edici\u00f3n y maquetaci\u00f3n de libros, revistas, flyers, etc.","sameAs":["http:\/\/chento.org","https:\/\/www.facebook.com\/JavierChento","https:\/\/x.com\/https:\/\/twitter.com\/javierchento"],"url":"https:\/\/vincentians.com\/es\/author\/chento\/"}]}},"jetpack_publicize_connections":[],"jetpack_featured_media_url":"","jetpack_sharing_enabled":true,"jetpack_shortlink":"https:\/\/wp.me\/p7ETMF-vaA","jetpack-related-posts":[{"id":120365,"url":"https:\/\/vincentians.com\/es\/dinamica-y-contenidos-de-la-mision-popular\/","url_meta":{"origin":119820,"position":0},"title":"Din\u00e1mica y contenidos de la misi\u00f3n popular","author":"Francisco Javier Fern\u00e1ndez Chento","date":"10\/05\/2013","format":false,"excerpt":"Abordar la din\u00e1mica y contenidos de la misi\u00f3n popular es arriesgado, por lo mucho vivido y por lo poco sistematizado en publicaciones. Estas p\u00e1ginas van a correr, pues, un riesgo. Salen alentadas por el deseo de contribuci\u00f3n a la s\u00edntesis de una riqueza pastoral escondida en la historia, y a\u2026","rel":"","context":"En \u00abMisiones \u00abAd gentes\u00bb\u00bb","block_context":{"text":"Misiones \u00abAd gentes\u00bb","link":"https:\/\/vincentians.com\/es\/category\/servicios-y-ministerios\/misiones-ad-gentes\/"},"img":{"alt_text":"granados","src":"https:\/\/i0.wp.com\/vicencianos.org\/wp-content\/2013\/04\/granados-300x186.jpg?resize=350%2C200","width":350,"height":200},"classes":[]},{"id":124197,"url":"https:\/\/vincentians.com\/es\/vicente-de-paul-el-fundador\/","url_meta":{"origin":119820,"position":1},"title":"Vicente de Pa\u00fal: El fundador","author":"Francisco Javier Fern\u00e1ndez Chento","date":"03\/03\/2023","format":false,"excerpt":"Por a\u00f1os, Vicente hab\u00eda compartido con sacerdotes y seglares su atenci\u00f3n a los pobres. Ahora empieza por reunir a estos compa\u00f1eros en una comunidad permanente. Es decir, como Jesucristo, o el ap\u00f3stol Pablo, empieza a juntar sacerdotes y ayudantes para que compartan no s\u00f3lo sus deberes sino tambi\u00e9n toda su\u2026","rel":"","context":"En \u00abVicente de Pa\u00fal\u00bb","block_context":{"text":"Vicente de Pa\u00fal","link":"https:\/\/vincentians.com\/es\/category\/la-familia-vicenciana\/fundadores\/vicente-de-paul\/"},"img":{"alt_text":"","src":"https:\/\/i0.wp.com\/vincentians.com\/es\/wp-content\/uploads\/sites\/11\/2013\/04\/d.jpg?fit=1200%2C799&ssl=1&resize=350%2C200","width":350,"height":200,"srcset":"https:\/\/i0.wp.com\/vincentians.com\/es\/wp-content\/uploads\/sites\/11\/2013\/04\/d.jpg?fit=1200%2C799&ssl=1&resize=350%2C200 1x, https:\/\/i0.wp.com\/vincentians.com\/es\/wp-content\/uploads\/sites\/11\/2013\/04\/d.jpg?fit=1200%2C799&ssl=1&resize=525%2C300 1.5x, https:\/\/i0.wp.com\/vincentians.com\/es\/wp-content\/uploads\/sites\/11\/2013\/04\/d.jpg?fit=1200%2C799&ssl=1&resize=700%2C400 2x, https:\/\/i0.wp.com\/vincentians.com\/es\/wp-content\/uploads\/sites\/11\/2013\/04\/d.jpg?fit=1200%2C799&ssl=1&resize=1050%2C600 3x"},"classes":[]},{"id":124193,"url":"https:\/\/vincentians.com\/es\/vicente-de-paul-la-fe-del-hombre-maduro\/","url_meta":{"origin":119820,"position":2},"title":"Vicente de Pa\u00fal: La Fe de un hombre maduro","author":"Francisco Javier Fern\u00e1ndez Chento","date":"23\/02\/2023","format":false,"excerpt":"UN NOVICIADO Cuando Vicente lleg\u00f3 a Par\u00eds empez\u00f3 a ocuparse de su vida espiritual. Comprendi\u00f3 que aunque no hab\u00eda sido malo, hab\u00eda v\u00edvido su vida a lo mundano prestando poca atenci\u00f3n a su fe. Al iniciar su peregrinaci\u00f3n a Roma, un a\u00f1o despu\u00e9s de su ordenaci\u00f3n, se hab\u00eda dado cuenta\u2026","rel":"","context":"En \u00abVicente de Pa\u00fal\u00bb","block_context":{"text":"Vicente de Pa\u00fal","link":"https:\/\/vincentians.com\/es\/category\/la-familia-vicenciana\/fundadores\/vicente-de-paul\/"},"img":{"alt_text":"","src":"https:\/\/i0.wp.com\/vincentians.com\/es\/wp-content\/uploads\/sites\/11\/2015\/02\/St_Vincent_De_Paul_-bible-1.jpg?fit=1200%2C630&ssl=1&resize=350%2C200","width":350,"height":200,"srcset":"https:\/\/i0.wp.com\/vincentians.com\/es\/wp-content\/uploads\/sites\/11\/2015\/02\/St_Vincent_De_Paul_-bible-1.jpg?fit=1200%2C630&ssl=1&resize=350%2C200 1x, https:\/\/i0.wp.com\/vincentians.com\/es\/wp-content\/uploads\/sites\/11\/2015\/02\/St_Vincent_De_Paul_-bible-1.jpg?fit=1200%2C630&ssl=1&resize=525%2C300 1.5x, https:\/\/i0.wp.com\/vincentians.com\/es\/wp-content\/uploads\/sites\/11\/2015\/02\/St_Vincent_De_Paul_-bible-1.jpg?fit=1200%2C630&ssl=1&resize=700%2C400 2x, https:\/\/i0.wp.com\/vincentians.com\/es\/wp-content\/uploads\/sites\/11\/2015\/02\/St_Vincent_De_Paul_-bible-1.jpg?fit=1200%2C630&ssl=1&resize=1050%2C600 3x"},"classes":[]},{"id":124206,"url":"https:\/\/vincentians.com\/es\/vicente-de-paul-id-por-todo-el-mundo\/","url_meta":{"origin":119820,"position":3},"title":"Vicente de Pa\u00fal: Id por todo el mundo","author":"Francisco Javier Fern\u00e1ndez Chento","date":"23\/03\/2023","format":false,"excerpt":"El gran ideal del P. Vicente de Pa\u00fal era la renovaci\u00f3n de la Iglesia cat\u00f3lica de Francia. Pero sab\u00eda que la Iglesia es una instituci\u00f3n universal enviada por el Se\u00f1or al mundo entero. Por ello valoraba en gran manera la posici\u00f3n del Santo Padre dentro del sistema eclesial y sosten\u00eda\u2026","rel":"","context":"En \u00abVicente de Pa\u00fal\u00bb","block_context":{"text":"Vicente de Pa\u00fal","link":"https:\/\/vincentians.com\/es\/category\/la-familia-vicenciana\/fundadores\/vicente-de-paul\/"},"img":{"alt_text":"","src":"https:\/\/i0.wp.com\/vincentians.com\/es\/wp-content\/uploads\/sites\/11\/2013\/05\/d.jpg?fit=1200%2C799&ssl=1&resize=350%2C200","width":350,"height":200,"srcset":"https:\/\/i0.wp.com\/vincentians.com\/es\/wp-content\/uploads\/sites\/11\/2013\/05\/d.jpg?fit=1200%2C799&ssl=1&resize=350%2C200 1x, https:\/\/i0.wp.com\/vincentians.com\/es\/wp-content\/uploads\/sites\/11\/2013\/05\/d.jpg?fit=1200%2C799&ssl=1&resize=525%2C300 1.5x, https:\/\/i0.wp.com\/vincentians.com\/es\/wp-content\/uploads\/sites\/11\/2013\/05\/d.jpg?fit=1200%2C799&ssl=1&resize=700%2C400 2x, https:\/\/i0.wp.com\/vincentians.com\/es\/wp-content\/uploads\/sites\/11\/2013\/05\/d.jpg?fit=1200%2C799&ssl=1&resize=1050%2C600 3x"},"classes":[]},{"id":102741,"url":"https:\/\/vincentians.com\/es\/san-vicente-de-paul-biografia-breve\/","url_meta":{"origin":119820,"position":4},"title":"San Vicente de Pa\u00fal: biograf\u00eda breve","author":"Francisco Javier Fern\u00e1ndez Chento","date":"23\/06\/2023","format":false,"excerpt":"Nace el 24 de abril de 1580 \u00f3 1581, en Ranquine, cerca de Dax, en el S.O. de Francia. Tercer hijo del campesino Juan de Pa\u00fal. Los hijos de los campesinos del siglo XVI apenas ten\u00edan tiempo para divertirse; ya desde muy j\u00f3venes se ve\u00edan obligados a trabajar. Vicente, llevaba\u2026","rel":"","context":"En \u00abVicente de Pa\u00fal\u00bb","block_context":{"text":"Vicente de Pa\u00fal","link":"https:\/\/vincentians.com\/es\/category\/la-familia-vicenciana\/fundadores\/vicente-de-paul\/"},"img":{"alt_text":"","src":"https:\/\/i0.wp.com\/vincentians.com\/es\/wp-content\/uploads\/sites\/11\/2013\/04\/f-8-scaled.jpg?fit=1200%2C570&ssl=1&resize=350%2C200","width":350,"height":200,"srcset":"https:\/\/i0.wp.com\/vincentians.com\/es\/wp-content\/uploads\/sites\/11\/2013\/04\/f-8-scaled.jpg?fit=1200%2C570&ssl=1&resize=350%2C200 1x, https:\/\/i0.wp.com\/vincentians.com\/es\/wp-content\/uploads\/sites\/11\/2013\/04\/f-8-scaled.jpg?fit=1200%2C570&ssl=1&resize=525%2C300 1.5x, https:\/\/i0.wp.com\/vincentians.com\/es\/wp-content\/uploads\/sites\/11\/2013\/04\/f-8-scaled.jpg?fit=1200%2C570&ssl=1&resize=700%2C400 2x, https:\/\/i0.wp.com\/vincentians.com\/es\/wp-content\/uploads\/sites\/11\/2013\/04\/f-8-scaled.jpg?fit=1200%2C570&ssl=1&resize=1050%2C600 3x"},"classes":[]},{"id":109321,"url":"https:\/\/vincentians.com\/es\/la-congregacion-de-la-mision-secular-o-religiosa\/","url_meta":{"origin":119820,"position":5},"title":"La Congregaci\u00f3n de la Misi\u00f3n \u00bfSecular o Religiosa?","author":"Francisco Javier Fern\u00e1ndez Chento","date":"02\/06\/2021","format":false,"excerpt":"Nuestra Compa\u00f1\u00eda \u00bfes secular o regular? Dicho de otro modo: nosotros \u00bfsomos seculares o religiosos? Pensar\u00e1n algunos que aqu\u00ed se trata s\u00f3lo de una pol\u00e9mica de palabras. Falso. La respuesta que demos a la cuesti\u00f3n condicionar\u00e1 m\u00e1s de una de las opciones que adoptemos en vistas al futuro de la\u2026","rel":"","context":"En \u00abFormaci\u00f3n Vicenciana\u00bb","block_context":{"text":"Formaci\u00f3n Vicenciana","link":"https:\/\/vincentians.com\/es\/category\/formacion-vicenciana\/"},"img":{"alt_text":"","src":"https:\/\/i0.wp.com\/vincentians.com\/es\/wp-content\/uploads\/sites\/11\/2016\/09\/espiritu-de-jesus.jpg?fit=1200%2C630&ssl=1&resize=350%2C200","width":350,"height":200,"srcset":"https:\/\/i0.wp.com\/vincentians.com\/es\/wp-content\/uploads\/sites\/11\/2016\/09\/espiritu-de-jesus.jpg?fit=1200%2C630&ssl=1&resize=350%2C200 1x, https:\/\/i0.wp.com\/vincentians.com\/es\/wp-content\/uploads\/sites\/11\/2016\/09\/espiritu-de-jesus.jpg?fit=1200%2C630&ssl=1&resize=525%2C300 1.5x, https:\/\/i0.wp.com\/vincentians.com\/es\/wp-content\/uploads\/sites\/11\/2016\/09\/espiritu-de-jesus.jpg?fit=1200%2C630&ssl=1&resize=700%2C400 2x, https:\/\/i0.wp.com\/vincentians.com\/es\/wp-content\/uploads\/sites\/11\/2016\/09\/espiritu-de-jesus.jpg?fit=1200%2C630&ssl=1&resize=1050%2C600 3x"},"classes":[]}],"_links":{"self":[{"href":"https:\/\/vincentians.com\/es\/wp-json\/wp\/v2\/posts\/119820","targetHints":{"allow":["GET"]}}],"collection":[{"href":"https:\/\/vincentians.com\/es\/wp-json\/wp\/v2\/posts"}],"about":[{"href":"https:\/\/vincentians.com\/es\/wp-json\/wp\/v2\/types\/post"}],"author":[{"embeddable":true,"href":"https:\/\/vincentians.com\/es\/wp-json\/wp\/v2\/users\/4"}],"replies":[{"embeddable":true,"href":"https:\/\/vincentians.com\/es\/wp-json\/wp\/v2\/comments?post=119820"}],"version-history":[{"count":0,"href":"https:\/\/vincentians.com\/es\/wp-json\/wp\/v2\/posts\/119820\/revisions"}],"wp:featuredmedia":[{"embeddable":true,"href":"https:\/\/vincentians.com\/es\/wp-json\/"}],"wp:attachment":[{"href":"https:\/\/vincentians.com\/es\/wp-json\/wp\/v2\/media?parent=119820"}],"wp:term":[{"taxonomy":"category","embeddable":true,"href":"https:\/\/vincentians.com\/es\/wp-json\/wp\/v2\/categories?post=119820"},{"taxonomy":"post_tag","embeddable":true,"href":"https:\/\/vincentians.com\/es\/wp-json\/wp\/v2\/tags?post=119820"}],"curies":[{"name":"wp","href":"https:\/\/api.w.org\/{rel}","templated":true}]}}