{"id":119708,"date":"2022-03-29T08:06:22","date_gmt":"2022-03-29T06:06:22","guid":{"rendered":"http:\/\/somos.vicencianos.org\/?p=119708"},"modified":"2022-02-12T12:45:05","modified_gmt":"2022-02-12T11:45:05","slug":"el-senor-vicente-relee-su-vida-todo-entregado-a-dios","status":"publish","type":"post","link":"https:\/\/vincentians.com\/es\/el-senor-vicente-relee-su-vida-todo-entregado-a-dios\/","title":{"rendered":"El Se\u00f1or Vicente relee su vida: \u201cTodo entregado a Dios\u201d"},"content":{"rendered":"<blockquote><p>1618: se pasa una p\u00e1gina grande\u2026 Despu\u00e9s de una larga preparaci\u00f3n, hab\u00eda encontrado confirmaci\u00f3n de mi camino: \u00ab<i>entregado a Dios tras los pasos de Jesucristo, para el servicio de los<\/i> pobres\u00bb<span id='easy-footnote-1-119708' class='easy-footnote-margin-adjust'><\/span><span class='easy-footnote'><a href='https:\/\/vincentians.com\/es\/el-senor-vicente-relee-su-vida-todo-entregado-a-dios\/#easy-footnote-bottom-1-119708' title='Asociaci\u00f3n de las f\u00f3rmulas de S. V. IX 26; 534X, 124; Comb17; 352; 550.'><sup>1<\/sup><\/a><\/span>. Este movimiento de entrega, prometido en 1615 o 1616, hab\u00eda coincidido con la desaparici\u00f3n de las tentaciones contra la fe que me hab\u00edan atormentado durante tres o cuatro a\u00f1os\u2026Ahora, gracias a la confirmaci\u00f3n por los acontecimientos, los \u00e1nimos de la Se\u00f1ora de Gondi y la generosidad de las damas de Ch\u00e2tillon, yo ve\u00eda casi con claridad este resorte de mi vida cristiana y apost\u00f3lica:<\/p>\n<p><i>\u00abEl pobre pueblo se condena por no saber las cosas necesarias para la salvaci\u00f3n y por no<\/i> confesarse\u00bb<span id='easy-footnote-2-119708' class='easy-footnote-margin-adjust'><\/span><span class='easy-footnote'><a href='https:\/\/vincentians.com\/es\/el-senor-vicente-relee-su-vida-todo-entregado-a-dios\/#easy-footnote-bottom-2-119708' title='S. V. I,115, 1631, a Fran\u00e7ois du Coudray.'><sup>2<\/sup><\/a><\/span>.<\/p>\n<p><i>\u00abTrabajar por la salvaci\u00f3n de la pobre gente de los campos, ah\u00ed est\u00e1 el capital de nuestra vocaci\u00f3n, y todo lo dem\u00e1s es accesorio. [\u2026] Es expresar la vocaci\u00f3n de Jesucristo [\u2026]. Lo principal de Nuestro Se\u00f1or era trabajar por los pobres.<br \/>\nNuestro Se\u00f1or est\u00e1 en los pobres.<br \/>\nSirviendo a los pobres, se sirve a Jesucristo<\/i><span id='easy-footnote-3-119708' class='easy-footnote-margin-adjust'><\/span><span class='easy-footnote'><a href='https:\/\/vincentians.com\/es\/el-senor-vicente-relee-su-vida-todo-entregado-a-dios\/#easy-footnote-bottom-3-119708' title='S. V. XI, 133, 135; E. S. 73, 75; -S. V. X, 610; IX, 252.'><sup>3<\/sup><\/a><\/span>\u00ab.<\/p>\n<p>De mis experiencias de Folleville y de Ch\u00e2tillon, conservaba un objetivo, de doble cara: salvar las almas y aliviar los cuerpos, pero sobre todo por medios precisos: en primer lugar la importancia de un tiempo fuerte de despertar, para una parroquia, con la llamada a la confesi\u00f3n general. Luego la importancia de actuar varios a la vez: con otros sacerdotes y con los laicos. Evangelizar es tambi\u00e9n proponerse hacer o rehacer un tejido humano, impregnar de fe y de oraci\u00f3n toda la vida, la vida del oficio, y la vida caritativa. Por \u00faltimo yo reten\u00eda la importancia de vivir de Dios, con Dios, ya que, en verdad, es \u00e9l quien obra. Aquello, con toda seguridad, no era una conversi\u00f3n brusca, ya lo hab\u00e9is visto: mi larga preparaci\u00f3n me hab\u00eda dado verdaderamente pie para pasar a las obras: una profunda armaz\u00f3n espiritual y una corriente viva de la gracia divina, a la que la s\u00faplica, la oraci\u00f3n nos abre as\u00ed como el olvido de s\u00ed\u2026 En una palabra, para ser misionero de verdad, hay que \u00ab<i>vaciarnos de nosotros mismos para revestirnos de<\/i> Jesucristo\u00bb<span id='easy-footnote-4-119708' class='easy-footnote-margin-adjust'><\/span><span class='easy-footnote'><a href='https:\/\/vincentians.com\/es\/el-senor-vicente-relee-su-vida-todo-entregado-a-dios\/#easy-footnote-bottom-4-119708' title='S. V. XI, 343; E. S. 73, 307. \u2013Cf. S. V. XI, 2; 312; XII, 107-108; E. S. 860, 269, 524.'><sup>4<\/sup><\/a><\/span>.<\/p>\n<p>S\u00ed, ten\u00eda ya los fundamentos doctrinales de mi vida y de mi acci\u00f3n, que despu\u00e9s he ido desarrollando ampliamente:<\/p>\n<p>&#8211; Unir la contemplaci\u00f3n y la vida concreta, activa. Hab\u00eda conocido a los Cartujos, la sola Orden que no hab\u00eda necesitado de reforma, y que, en la contemplaci\u00f3n, un\u00eda el apostolado mediante la publicaci\u00f3n de libros, y a m\u00ed me gustaba particularmente la f\u00f3rmula: \u00ab<i>Cartujo en la casa, ap\u00f3stol en la<\/i> campa\u00f1a\u00bb<span id='easy-footnote-5-119708' class='easy-footnote-margin-adjust'><\/span><span class='easy-footnote'><a href='https:\/\/vincentians.com\/es\/el-senor-vicente-relee-su-vida-todo-entregado-a-dios\/#easy-footnote-bottom-5-119708' title='Ab. \u00bf ?; S. V..'><sup>5<\/sup><\/a><\/span>.<\/p>\n<p><i>\u00a0&#8211; <\/i>Creados a semejanza de la Trinidad, unidad de tres personas que se comunican todo, tenemos que vivir entre nosotros esta comunicaci\u00f3n<span id='easy-footnote-6-119708' class='easy-footnote-margin-adjust'><\/span><span class='easy-footnote'><a href='https:\/\/vincentians.com\/es\/el-senor-vicente-relee-su-vida-todo-entregado-a-dios\/#easy-footnote-bottom-6-119708' title='S. V. XIII, 31,34-35. Cf. 198, 260.'><sup>6<\/sup><\/a><\/span>.<\/p>\n<p>&#8211; Constituidos en el cuerpo m\u00edstico de Cristo por el Bautismo<span id='easy-footnote-7-119708' class='easy-footnote-margin-adjust'><\/span><span class='easy-footnote'><a href='https:\/\/vincentians.com\/es\/el-senor-vicente-relee-su-vida-todo-entregado-a-dios\/#easy-footnote-bottom-7-119708' title='S. V. XII, 271; E. S. 690.'><sup>7<\/sup><\/a><\/span>, tenemos que continuar su encarnaci\u00f3n. En pos de \u00e9l, estamos \u00ab<i>destinados a representar la bondad de Dios para con estos pobres<\/i> enfermos\u00bb<span id='easy-footnote-8-119708' class='easy-footnote-margin-adjust'><\/span><span class='easy-footnote'><a href='https:\/\/vincentians.com\/es\/el-senor-vicente-relee-su-vida-todo-entregado-a-dios\/#easy-footnote-bottom-8-119708' title='S. V.332; Comb. 686.'><sup>8<\/sup><\/a><\/span>.<\/p>\n<p>Comprendo tambi\u00e9n la importancia de una buena base humana, mi aptitud en las relaciones y mi conocimiento del derecho, de los procesos y de la gesti\u00f3n, que yo utilizaba primero para con mi familia, descubro que es muy \u00fatil para el bien de los pobres. E incluso, comienzo a ver una significaci\u00f3n providencial en mi carrera a los beneficios; sin desinteresarme de mi familia, comprendo ahora el sentido del dinero: Sin \u00e9l, los pobres no pueden nada, y no se puede nada para ellos\u2026 El dinero es su vida\u2026 Para servirles, es necesario poder vivir sin pedirles nada, y m\u00e1s a\u00fan, hay que poder ofrecerles recursos y remedios\u2026 De aqu\u00ed en adelante, voy pues a continuar buscando rentas! Pero no ser\u00e1 ya para gratificar a mi familia. Ser\u00e1 para poder ayudar a los pobres, pues el dinero, \u00ab<i>el bien de la casa, [\u2026] es el bien de Dios, el bien de los<\/i> pobres\u00bb<span id='easy-footnote-9-119708' class='easy-footnote-margin-adjust'><\/span><span class='easy-footnote'><a href='https:\/\/vincentians.com\/es\/el-senor-vicente-relee-su-vida-todo-entregado-a-dios\/#easy-footnote-bottom-9-119708' title='S. V. XI, 30; D; 824. Cf. S. V. 316-317; S. V. XIII, 695.'><sup>9<\/sup><\/a><\/span>. Y pues, \u00ab<i>estamos obligados a tener alg\u00fan bien, y hacerle producir para subvencionar<\/i> todo\u00bb<span id='easy-footnote-10-119708' class='easy-footnote-margin-adjust'><\/span><span class='easy-footnote'><a href='https:\/\/vincentians.com\/es\/el-senor-vicente-relee-su-vida-todo-entregado-a-dios\/#easy-footnote-bottom-10-119708' title='S. V. 143; E. S.. 559.'><sup>10<\/sup><\/a><\/span>.<\/p><\/blockquote>\n","protected":false},"excerpt":{"rendered":"<p>1618: se pasa una p\u00e1gina grande\u2026 Despu\u00e9s de una larga preparaci\u00f3n, hab\u00eda encontrado confirmaci\u00f3n de mi camino: \u00abentregado a Dios tras los pasos de Jesucristo, para el servicio de los pobres\u00bb. Este movimiento de entrega, &#8230; <a href=\"https:\/\/vincentians.com\/es\/el-senor-vicente-relee-su-vida-todo-entregado-a-dios\/\" class=\"more-link\">Read More<\/a><\/p>\n","protected":false},"author":4,"featured_media":404119,"comment_status":"open","ping_status":"open","sticky":false,"template":"","format":"standard","meta":{"jetpack_post_was_ever_published":false,"_jetpack_newsletter_access":"","_jetpack_dont_email_post_to_subs":false,"_jetpack_newsletter_tier_id":0,"_jetpack_memberships_contains_paywalled_content":false,"_jetpack_memberships_contains_paid_content":false,"footnotes":"","jetpack_publicize_message":"","jetpack_publicize_feature_enabled":true,"jetpack_social_post_already_shared":true,"jetpack_social_options":{"image_generator_settings":{"template":"highway","default_image_id":0,"font":"","enabled":false},"version":2}},"categories":[5],"tags":[173,124,175,119,120],"class_list":["post-119708","post","type-post","status-publish","format-standard","has-post-thumbnail","hentry","category-vicente-de-paul","tag-chatillon-les-dombes","tag-du-coudray","tag-folleville","tag-gondi","tag-senora-de-gondi"],"yoast_head":"<!-- This site is optimized with the Yoast SEO plugin v26.3 - https:\/\/yoast.com\/wordpress\/plugins\/seo\/ -->\n<title>El Se\u00f1or Vicente relee su vida: \u201cTodo entregado a Dios\u201d - Somos Vicencianos<\/title>\n<meta name=\"robots\" content=\"index, follow, max-snippet:-1, max-image-preview:large, max-video-preview:-1\" \/>\n<link rel=\"canonical\" href=\"https:\/\/vincentians.com\/es\/el-senor-vicente-relee-su-vida-todo-entregado-a-dios\/\" \/>\n<meta property=\"og:locale\" content=\"es_ES\" \/>\n<meta property=\"og:type\" content=\"article\" \/>\n<meta property=\"og:title\" content=\"El Se\u00f1or Vicente relee su vida: \u201cTodo entregado a Dios\u201d - Somos Vicencianos\" \/>\n<meta property=\"og:description\" content=\"1618: se pasa una p\u00e1gina grande\u2026 Despu\u00e9s de una larga preparaci\u00f3n, hab\u00eda encontrado confirmaci\u00f3n de mi camino: \u00abentregado a Dios tras los pasos de Jesucristo, para el servicio de los pobres\u00bb. Este movimiento de entrega, ... Read More\" \/>\n<meta property=\"og:url\" content=\"https:\/\/vincentians.com\/es\/el-senor-vicente-relee-su-vida-todo-entregado-a-dios\/\" \/>\n<meta property=\"og:site_name\" content=\"Somos Vicencianos\" \/>\n<meta property=\"article:publisher\" content=\"https:\/\/www.facebook.com\/WeAreVincentians\/\" \/>\n<meta property=\"article:author\" content=\"https:\/\/www.facebook.com\/JavierChento\" \/>\n<meta property=\"article:published_time\" content=\"2022-03-29T06:06:22+00:00\" \/>\n<meta property=\"og:image\" content=\"https:\/\/i0.wp.com\/vincentians.com\/es\/wp-content\/uploads\/sites\/11\/2013\/04\/f-7-scaled.jpg?fit=2560%2C1216&ssl=1\" \/>\n\t<meta property=\"og:image:width\" content=\"2560\" \/>\n\t<meta property=\"og:image:height\" content=\"1216\" \/>\n\t<meta property=\"og:image:type\" content=\"image\/jpeg\" \/>\n<meta name=\"author\" content=\"Francisco Javier Fern\u00e1ndez Chento\" \/>\n<meta name=\"twitter:card\" content=\"summary_large_image\" \/>\n<meta name=\"twitter:creator\" content=\"@https:\/\/twitter.com\/javierchento\" \/>\n<meta name=\"twitter:site\" content=\"@WeVincentians\" \/>\n<meta name=\"twitter:label1\" content=\"Escrito por\" \/>\n\t<meta name=\"twitter:data1\" content=\"Francisco Javier Fern\u00e1ndez Chento\" \/>\n\t<meta name=\"twitter:label2\" content=\"Tiempo de lectura\" \/>\n\t<meta name=\"twitter:data2\" content=\"4 minutos\" \/>\n<script type=\"application\/ld+json\" class=\"yoast-schema-graph\">{\"@context\":\"https:\/\/schema.org\",\"@graph\":[{\"@type\":\"Article\",\"@id\":\"https:\/\/vincentians.com\/es\/el-senor-vicente-relee-su-vida-todo-entregado-a-dios\/#article\",\"isPartOf\":{\"@id\":\"https:\/\/vincentians.com\/es\/el-senor-vicente-relee-su-vida-todo-entregado-a-dios\/\"},\"author\":{\"name\":\"Francisco Javier Fern\u00e1ndez Chento\",\"@id\":\"http:\/\/vincentians.com\/es\/#\/schema\/person\/9623ef4d9aa3b2dfb8c061f1499288f2\"},\"headline\":\"El Se\u00f1or Vicente relee su vida: \u201cTodo entregado a Dios\u201d\",\"datePublished\":\"2022-03-29T06:06:22+00:00\",\"mainEntityOfPage\":{\"@id\":\"https:\/\/vincentians.com\/es\/el-senor-vicente-relee-su-vida-todo-entregado-a-dios\/\"},\"wordCount\":797,\"commentCount\":1,\"publisher\":{\"@id\":\"http:\/\/vincentians.com\/es\/#organization\"},\"image\":{\"@id\":\"https:\/\/vincentians.com\/es\/el-senor-vicente-relee-su-vida-todo-entregado-a-dios\/#primaryimage\"},\"thumbnailUrl\":\"https:\/\/i0.wp.com\/vincentians.com\/es\/wp-content\/uploads\/sites\/11\/2013\/04\/f-7-scaled.jpg?fit=2560%2C1216&ssl=1\",\"keywords\":[\"Chatillon\",\"Du Coudray\",\"Folleville\",\"Gondi\",\"Se\u00f1ora de Gondi\"],\"articleSection\":[\"Vicente de Pa\u00fal\"],\"inLanguage\":\"es\",\"potentialAction\":[{\"@type\":\"CommentAction\",\"name\":\"Comment\",\"target\":[\"https:\/\/vincentians.com\/es\/el-senor-vicente-relee-su-vida-todo-entregado-a-dios\/#respond\"]}]},{\"@type\":\"WebPage\",\"@id\":\"https:\/\/vincentians.com\/es\/el-senor-vicente-relee-su-vida-todo-entregado-a-dios\/\",\"url\":\"https:\/\/vincentians.com\/es\/el-senor-vicente-relee-su-vida-todo-entregado-a-dios\/\",\"name\":\"El Se\u00f1or Vicente relee su vida: \u201cTodo entregado a Dios\u201d - Somos Vicencianos\",\"isPartOf\":{\"@id\":\"http:\/\/vincentians.com\/es\/#website\"},\"primaryImageOfPage\":{\"@id\":\"https:\/\/vincentians.com\/es\/el-senor-vicente-relee-su-vida-todo-entregado-a-dios\/#primaryimage\"},\"image\":{\"@id\":\"https:\/\/vincentians.com\/es\/el-senor-vicente-relee-su-vida-todo-entregado-a-dios\/#primaryimage\"},\"thumbnailUrl\":\"https:\/\/i0.wp.com\/vincentians.com\/es\/wp-content\/uploads\/sites\/11\/2013\/04\/f-7-scaled.jpg?fit=2560%2C1216&ssl=1\",\"datePublished\":\"2022-03-29T06:06:22+00:00\",\"breadcrumb\":{\"@id\":\"https:\/\/vincentians.com\/es\/el-senor-vicente-relee-su-vida-todo-entregado-a-dios\/#breadcrumb\"},\"inLanguage\":\"es\",\"potentialAction\":[{\"@type\":\"ReadAction\",\"target\":[\"https:\/\/vincentians.com\/es\/el-senor-vicente-relee-su-vida-todo-entregado-a-dios\/\"]}]},{\"@type\":\"ImageObject\",\"inLanguage\":\"es\",\"@id\":\"https:\/\/vincentians.com\/es\/el-senor-vicente-relee-su-vida-todo-entregado-a-dios\/#primaryimage\",\"url\":\"https:\/\/i0.wp.com\/vincentians.com\/es\/wp-content\/uploads\/sites\/11\/2013\/04\/f-7-scaled.jpg?fit=2560%2C1216&ssl=1\",\"contentUrl\":\"https:\/\/i0.wp.com\/vincentians.com\/es\/wp-content\/uploads\/sites\/11\/2013\/04\/f-7-scaled.jpg?fit=2560%2C1216&ssl=1\",\"width\":2560,\"height\":1216},{\"@type\":\"BreadcrumbList\",\"@id\":\"https:\/\/vincentians.com\/es\/el-senor-vicente-relee-su-vida-todo-entregado-a-dios\/#breadcrumb\",\"itemListElement\":[{\"@type\":\"ListItem\",\"position\":1,\"name\":\"Portada\",\"item\":\"http:\/\/vincentians.com\/es\/\"},{\"@type\":\"ListItem\",\"position\":2,\"name\":\"El Se\u00f1or Vicente relee su vida: \u201cTodo entregado a Dios\u201d\"}]},{\"@type\":\"WebSite\",\"@id\":\"http:\/\/vincentians.com\/es\/#website\",\"url\":\"http:\/\/vincentians.com\/es\/\",\"name\":\"Somos Vicencianos\",\"description\":\"Know more to serve more\",\"publisher\":{\"@id\":\"http:\/\/vincentians.com\/es\/#organization\"},\"potentialAction\":[{\"@type\":\"SearchAction\",\"target\":{\"@type\":\"EntryPoint\",\"urlTemplate\":\"http:\/\/vincentians.com\/es\/?s={search_term_string}\"},\"query-input\":{\"@type\":\"PropertyValueSpecification\",\"valueRequired\":true,\"valueName\":\"search_term_string\"}}],\"inLanguage\":\"es\"},{\"@type\":\"Organization\",\"@id\":\"http:\/\/vincentians.com\/es\/#organization\",\"name\":\"The Vincentian Network\",\"url\":\"http:\/\/vincentians.com\/es\/\",\"logo\":{\"@type\":\"ImageObject\",\"inLanguage\":\"es\",\"@id\":\"http:\/\/vincentians.com\/es\/#\/schema\/logo\/image\/\",\"url\":\"https:\/\/i1.wp.com\/vincentians.com\/es\/wp-content\/uploads\/sites\/11\/2016\/06\/Vincentian-Network-logo-big.png?fit=778%2C778\",\"contentUrl\":\"https:\/\/i1.wp.com\/vincentians.com\/es\/wp-content\/uploads\/sites\/11\/2016\/06\/Vincentian-Network-logo-big.png?fit=778%2C778\",\"width\":778,\"height\":778,\"caption\":\"The Vincentian Network\"},\"image\":{\"@id\":\"http:\/\/vincentians.com\/es\/#\/schema\/logo\/image\/\"},\"sameAs\":[\"https:\/\/www.facebook.com\/WeAreVincentians\/\",\"https:\/\/x.com\/WeVincentians\"]},{\"@type\":\"Person\",\"@id\":\"http:\/\/vincentians.com\/es\/#\/schema\/person\/9623ef4d9aa3b2dfb8c061f1499288f2\",\"name\":\"Francisco Javier Fern\u00e1ndez Chento\",\"image\":{\"@type\":\"ImageObject\",\"inLanguage\":\"es\",\"@id\":\"http:\/\/vincentians.com\/es\/#\/schema\/person\/image\/\",\"url\":\"https:\/\/secure.gravatar.com\/avatar\/497d5cde87b4c3d097d0315953521681ba2cd523ee66e5077c3711f7021e65de?s=96&d=mm&r=g\",\"contentUrl\":\"https:\/\/secure.gravatar.com\/avatar\/497d5cde87b4c3d097d0315953521681ba2cd523ee66e5077c3711f7021e65de?s=96&d=mm&r=g\",\"caption\":\"Francisco Javier Fern\u00e1ndez Chento\"},\"description\":\"Director General y cofundador de La Red de Formaci\u00f3n Vicenciana. Javier es laico vicenciano, afiliado a la Congregaci\u00f3n de la Misi\u00f3n y miembro del Equipo de Misiones Populares de la provincia can\u00f3nica de Zaragoza (Espa\u00f1a) de la Congregaci\u00f3n de la Misi\u00f3n. Graduado en la Universidad Oberta de Catalunya con cuatro grados (Asistente de direcci\u00f3n, Gesti\u00f3n Administrativa, Recursos Humanos y Contabilidad Avanzada). Bil\u00edng\u00fce Espa\u00f1ol\/Ingl\u00e9s. gestiona y mantiene varias p\u00e1ginas web cristianas y vicencianas, incluida including La Red de Formaci\u00f3n Vicenciana, de la que es cofundador. Actualmente es responsable del \u00e1rea de Espa\u00f1ol de .famvin, la Red de Noticias de la Familia Vicenciana. Tambi\u00e9n es m\u00fasico cat\u00f3lico y ha editado varios discos. Es Director General y cofundador de Trovador, una reconocida compa\u00f1\u00eda discogr\u00e1fica critiana de Espa\u00f1a. Trabaja en las Tecnolog\u00edas de la Informaci\u00f3n, ofreciendo servicios de alojamiento, dise\u00f1o y mantenimiento Web, as\u00ed como asesoramiento, formaci\u00f3n y soluciones inform\u00e1ticas, gesti\u00f3n documental y digitalizaci\u00f3n de textos, edici\u00f3n y maquetaci\u00f3n de libros, revistas, flyers, etc.\",\"sameAs\":[\"http:\/\/chento.org\",\"https:\/\/www.facebook.com\/JavierChento\",\"https:\/\/x.com\/https:\/\/twitter.com\/javierchento\"],\"url\":\"https:\/\/vincentians.com\/es\/author\/chento\/\"}]}<\/script>\n<!-- \/ Yoast SEO plugin. -->","yoast_head_json":{"title":"El Se\u00f1or Vicente relee su vida: \u201cTodo entregado a Dios\u201d - Somos Vicencianos","robots":{"index":"index","follow":"follow","max-snippet":"max-snippet:-1","max-image-preview":"max-image-preview:large","max-video-preview":"max-video-preview:-1"},"canonical":"https:\/\/vincentians.com\/es\/el-senor-vicente-relee-su-vida-todo-entregado-a-dios\/","og_locale":"es_ES","og_type":"article","og_title":"El Se\u00f1or Vicente relee su vida: \u201cTodo entregado a Dios\u201d - Somos Vicencianos","og_description":"1618: se pasa una p\u00e1gina grande\u2026 Despu\u00e9s de una larga preparaci\u00f3n, hab\u00eda encontrado confirmaci\u00f3n de mi camino: \u00abentregado a Dios tras los pasos de Jesucristo, para el servicio de los pobres\u00bb. Este movimiento de entrega, ... Read More","og_url":"https:\/\/vincentians.com\/es\/el-senor-vicente-relee-su-vida-todo-entregado-a-dios\/","og_site_name":"Somos Vicencianos","article_publisher":"https:\/\/www.facebook.com\/WeAreVincentians\/","article_author":"https:\/\/www.facebook.com\/JavierChento","article_published_time":"2022-03-29T06:06:22+00:00","og_image":[{"width":2560,"height":1216,"url":"https:\/\/i0.wp.com\/vincentians.com\/es\/wp-content\/uploads\/sites\/11\/2013\/04\/f-7-scaled.jpg?fit=2560%2C1216&ssl=1","type":"image\/jpeg"}],"author":"Francisco Javier Fern\u00e1ndez Chento","twitter_card":"summary_large_image","twitter_creator":"@https:\/\/twitter.com\/javierchento","twitter_site":"@WeVincentians","twitter_misc":{"Escrito por":"Francisco Javier Fern\u00e1ndez Chento","Tiempo de lectura":"4 minutos"},"schema":{"@context":"https:\/\/schema.org","@graph":[{"@type":"Article","@id":"https:\/\/vincentians.com\/es\/el-senor-vicente-relee-su-vida-todo-entregado-a-dios\/#article","isPartOf":{"@id":"https:\/\/vincentians.com\/es\/el-senor-vicente-relee-su-vida-todo-entregado-a-dios\/"},"author":{"name":"Francisco Javier Fern\u00e1ndez Chento","@id":"http:\/\/vincentians.com\/es\/#\/schema\/person\/9623ef4d9aa3b2dfb8c061f1499288f2"},"headline":"El Se\u00f1or Vicente relee su vida: \u201cTodo entregado a Dios\u201d","datePublished":"2022-03-29T06:06:22+00:00","mainEntityOfPage":{"@id":"https:\/\/vincentians.com\/es\/el-senor-vicente-relee-su-vida-todo-entregado-a-dios\/"},"wordCount":797,"commentCount":1,"publisher":{"@id":"http:\/\/vincentians.com\/es\/#organization"},"image":{"@id":"https:\/\/vincentians.com\/es\/el-senor-vicente-relee-su-vida-todo-entregado-a-dios\/#primaryimage"},"thumbnailUrl":"https:\/\/i0.wp.com\/vincentians.com\/es\/wp-content\/uploads\/sites\/11\/2013\/04\/f-7-scaled.jpg?fit=2560%2C1216&ssl=1","keywords":["Chatillon","Du Coudray","Folleville","Gondi","Se\u00f1ora de Gondi"],"articleSection":["Vicente de Pa\u00fal"],"inLanguage":"es","potentialAction":[{"@type":"CommentAction","name":"Comment","target":["https:\/\/vincentians.com\/es\/el-senor-vicente-relee-su-vida-todo-entregado-a-dios\/#respond"]}]},{"@type":"WebPage","@id":"https:\/\/vincentians.com\/es\/el-senor-vicente-relee-su-vida-todo-entregado-a-dios\/","url":"https:\/\/vincentians.com\/es\/el-senor-vicente-relee-su-vida-todo-entregado-a-dios\/","name":"El Se\u00f1or Vicente relee su vida: \u201cTodo entregado a Dios\u201d - Somos Vicencianos","isPartOf":{"@id":"http:\/\/vincentians.com\/es\/#website"},"primaryImageOfPage":{"@id":"https:\/\/vincentians.com\/es\/el-senor-vicente-relee-su-vida-todo-entregado-a-dios\/#primaryimage"},"image":{"@id":"https:\/\/vincentians.com\/es\/el-senor-vicente-relee-su-vida-todo-entregado-a-dios\/#primaryimage"},"thumbnailUrl":"https:\/\/i0.wp.com\/vincentians.com\/es\/wp-content\/uploads\/sites\/11\/2013\/04\/f-7-scaled.jpg?fit=2560%2C1216&ssl=1","datePublished":"2022-03-29T06:06:22+00:00","breadcrumb":{"@id":"https:\/\/vincentians.com\/es\/el-senor-vicente-relee-su-vida-todo-entregado-a-dios\/#breadcrumb"},"inLanguage":"es","potentialAction":[{"@type":"ReadAction","target":["https:\/\/vincentians.com\/es\/el-senor-vicente-relee-su-vida-todo-entregado-a-dios\/"]}]},{"@type":"ImageObject","inLanguage":"es","@id":"https:\/\/vincentians.com\/es\/el-senor-vicente-relee-su-vida-todo-entregado-a-dios\/#primaryimage","url":"https:\/\/i0.wp.com\/vincentians.com\/es\/wp-content\/uploads\/sites\/11\/2013\/04\/f-7-scaled.jpg?fit=2560%2C1216&ssl=1","contentUrl":"https:\/\/i0.wp.com\/vincentians.com\/es\/wp-content\/uploads\/sites\/11\/2013\/04\/f-7-scaled.jpg?fit=2560%2C1216&ssl=1","width":2560,"height":1216},{"@type":"BreadcrumbList","@id":"https:\/\/vincentians.com\/es\/el-senor-vicente-relee-su-vida-todo-entregado-a-dios\/#breadcrumb","itemListElement":[{"@type":"ListItem","position":1,"name":"Portada","item":"http:\/\/vincentians.com\/es\/"},{"@type":"ListItem","position":2,"name":"El Se\u00f1or Vicente relee su vida: \u201cTodo entregado a Dios\u201d"}]},{"@type":"WebSite","@id":"http:\/\/vincentians.com\/es\/#website","url":"http:\/\/vincentians.com\/es\/","name":"Somos Vicencianos","description":"Know more to serve more","publisher":{"@id":"http:\/\/vincentians.com\/es\/#organization"},"potentialAction":[{"@type":"SearchAction","target":{"@type":"EntryPoint","urlTemplate":"http:\/\/vincentians.com\/es\/?s={search_term_string}"},"query-input":{"@type":"PropertyValueSpecification","valueRequired":true,"valueName":"search_term_string"}}],"inLanguage":"es"},{"@type":"Organization","@id":"http:\/\/vincentians.com\/es\/#organization","name":"The Vincentian Network","url":"http:\/\/vincentians.com\/es\/","logo":{"@type":"ImageObject","inLanguage":"es","@id":"http:\/\/vincentians.com\/es\/#\/schema\/logo\/image\/","url":"https:\/\/i1.wp.com\/vincentians.com\/es\/wp-content\/uploads\/sites\/11\/2016\/06\/Vincentian-Network-logo-big.png?fit=778%2C778","contentUrl":"https:\/\/i1.wp.com\/vincentians.com\/es\/wp-content\/uploads\/sites\/11\/2016\/06\/Vincentian-Network-logo-big.png?fit=778%2C778","width":778,"height":778,"caption":"The Vincentian Network"},"image":{"@id":"http:\/\/vincentians.com\/es\/#\/schema\/logo\/image\/"},"sameAs":["https:\/\/www.facebook.com\/WeAreVincentians\/","https:\/\/x.com\/WeVincentians"]},{"@type":"Person","@id":"http:\/\/vincentians.com\/es\/#\/schema\/person\/9623ef4d9aa3b2dfb8c061f1499288f2","name":"Francisco Javier Fern\u00e1ndez Chento","image":{"@type":"ImageObject","inLanguage":"es","@id":"http:\/\/vincentians.com\/es\/#\/schema\/person\/image\/","url":"https:\/\/secure.gravatar.com\/avatar\/497d5cde87b4c3d097d0315953521681ba2cd523ee66e5077c3711f7021e65de?s=96&d=mm&r=g","contentUrl":"https:\/\/secure.gravatar.com\/avatar\/497d5cde87b4c3d097d0315953521681ba2cd523ee66e5077c3711f7021e65de?s=96&d=mm&r=g","caption":"Francisco Javier Fern\u00e1ndez Chento"},"description":"Director General y cofundador de La Red de Formaci\u00f3n Vicenciana. Javier es laico vicenciano, afiliado a la Congregaci\u00f3n de la Misi\u00f3n y miembro del Equipo de Misiones Populares de la provincia can\u00f3nica de Zaragoza (Espa\u00f1a) de la Congregaci\u00f3n de la Misi\u00f3n. Graduado en la Universidad Oberta de Catalunya con cuatro grados (Asistente de direcci\u00f3n, Gesti\u00f3n Administrativa, Recursos Humanos y Contabilidad Avanzada). Bil\u00edng\u00fce Espa\u00f1ol\/Ingl\u00e9s. gestiona y mantiene varias p\u00e1ginas web cristianas y vicencianas, incluida including La Red de Formaci\u00f3n Vicenciana, de la que es cofundador. Actualmente es responsable del \u00e1rea de Espa\u00f1ol de .famvin, la Red de Noticias de la Familia Vicenciana. Tambi\u00e9n es m\u00fasico cat\u00f3lico y ha editado varios discos. Es Director General y cofundador de Trovador, una reconocida compa\u00f1\u00eda discogr\u00e1fica critiana de Espa\u00f1a. Trabaja en las Tecnolog\u00edas de la Informaci\u00f3n, ofreciendo servicios de alojamiento, dise\u00f1o y mantenimiento Web, as\u00ed como asesoramiento, formaci\u00f3n y soluciones inform\u00e1ticas, gesti\u00f3n documental y digitalizaci\u00f3n de textos, edici\u00f3n y maquetaci\u00f3n de libros, revistas, flyers, etc.","sameAs":["http:\/\/chento.org","https:\/\/www.facebook.com\/JavierChento","https:\/\/x.com\/https:\/\/twitter.com\/javierchento"],"url":"https:\/\/vincentians.com\/es\/author\/chento\/"}]}},"jetpack_publicize_connections":[],"jetpack_featured_media_url":"https:\/\/i0.wp.com\/vincentians.com\/es\/wp-content\/uploads\/sites\/11\/2013\/04\/f-7-scaled.jpg?fit=2560%2C1216&ssl=1","jetpack_sharing_enabled":true,"jetpack_shortlink":"https:\/\/wp.me\/p7ETMF-v8M","jetpack-related-posts":[{"id":119707,"url":"https:\/\/vincentians.com\/es\/el-senor-vicente-relee-su-vida-chatillon\/","url_meta":{"origin":119708,"position":0},"title":"El Se\u00f1or Vicente relee su vida: Ch\u00e2tillon","author":"Francisco Javier Fern\u00e1ndez Chento","date":"25\/03\/2022","format":false,"excerpt":"En los mismos inicios de 1617, yo quer\u00eda darme plenamente a la evangelizaci\u00f3n, ahora bien era dif\u00edcil de llevar al mismo tiempo el cargo de preceptor, de capell\u00e1n personal de la Se\u00f1ora de Gondi y el de pastor. El Padre de B\u00e9rulle me propon\u00eda este curato de Buenens y Ch\u00e2tillon.\u2026","rel":"","context":"En \u00abVicente de Pa\u00fal\u00bb","block_context":{"text":"Vicente de Pa\u00fal","link":"https:\/\/vincentians.com\/es\/category\/la-familia-vicenciana\/fundadores\/vicente-de-paul\/"},"img":{"alt_text":"","src":"https:\/\/i0.wp.com\/vincentians.com\/es\/wp-content\/uploads\/sites\/11\/2013\/04\/e-4.jpg?fit=976%2C570&ssl=1&resize=350%2C200","width":350,"height":200,"srcset":"https:\/\/i0.wp.com\/vincentians.com\/es\/wp-content\/uploads\/sites\/11\/2013\/04\/e-4.jpg?fit=976%2C570&ssl=1&resize=350%2C200 1x, https:\/\/i0.wp.com\/vincentians.com\/es\/wp-content\/uploads\/sites\/11\/2013\/04\/e-4.jpg?fit=976%2C570&ssl=1&resize=525%2C300 1.5x, https:\/\/i0.wp.com\/vincentians.com\/es\/wp-content\/uploads\/sites\/11\/2013\/04\/e-4.jpg?fit=976%2C570&ssl=1&resize=700%2C400 2x"},"classes":[]},{"id":119706,"url":"https:\/\/vincentians.com\/es\/el-senor-vicente-relee-su-vida-folleville\/","url_meta":{"origin":119708,"position":1},"title":"El Se\u00f1or Vicente relee su vida: Folleville","author":"Francisco Javier Fern\u00e1ndez Chento","date":"03\/03\/2022","format":false,"excerpt":"Mi celo pastoral aumentaba, yo me ocupaba entonces de los campesinos de los pueblos en las tierras de los Gondi. En efecto, los se\u00f1ores llevaban tambi\u00e9n la responsabilidad espiritual de sus s\u00fabditos. El se\u00f1or de Gondi era consciente de ello. Despu\u00e9s de su entrada solemne en Joigny, para encargarse del\u2026","rel":"","context":"En \u00abVicente de Pa\u00fal\u00bb","block_context":{"text":"Vicente de Pa\u00fal","link":"https:\/\/vincentians.com\/es\/category\/la-familia-vicenciana\/fundadores\/vicente-de-paul\/"},"img":{"alt_text":"","src":"https:\/\/i0.wp.com\/vincentians.com\/es\/wp-content\/uploads\/sites\/11\/2013\/04\/f-4-scaled.jpg?fit=1200%2C570&ssl=1&resize=350%2C200","width":350,"height":200,"srcset":"https:\/\/i0.wp.com\/vincentians.com\/es\/wp-content\/uploads\/sites\/11\/2013\/04\/f-4-scaled.jpg?fit=1200%2C570&ssl=1&resize=350%2C200 1x, https:\/\/i0.wp.com\/vincentians.com\/es\/wp-content\/uploads\/sites\/11\/2013\/04\/f-4-scaled.jpg?fit=1200%2C570&ssl=1&resize=525%2C300 1.5x, https:\/\/i0.wp.com\/vincentians.com\/es\/wp-content\/uploads\/sites\/11\/2013\/04\/f-4-scaled.jpg?fit=1200%2C570&ssl=1&resize=700%2C400 2x, https:\/\/i0.wp.com\/vincentians.com\/es\/wp-content\/uploads\/sites\/11\/2013\/04\/f-4-scaled.jpg?fit=1200%2C570&ssl=1&resize=1050%2C600 3x"},"classes":[]},{"id":119709,"url":"https:\/\/vincentians.com\/es\/el-senor-vicente-relee-su-vida-misionero\/","url_meta":{"origin":119708,"position":2},"title":"El Se\u00f1or Vicente relee su vida: Misionero","author":"Francisco Javier Fern\u00e1ndez Chento","date":"19\/04\/2022","format":false,"excerpt":"Siete largos a\u00f1os van ante todo a transcurrir, en la misma l\u00ednea que los tres precedentes: misionar s\u00f3lo en los pueblos de las tierras de los Gondi, y sin embargo de manera muy diferente. Entregado del todo a estas misiones a las pobres gentes de los campos, tengo ahora mi\u2026","rel":"","context":"En \u00abVicente de Pa\u00fal\u00bb","block_context":{"text":"Vicente de Pa\u00fal","link":"https:\/\/vincentians.com\/es\/category\/la-familia-vicenciana\/fundadores\/vicente-de-paul\/"},"img":{"alt_text":"","src":"https:\/\/i0.wp.com\/vincentians.com\/es\/wp-content\/uploads\/sites\/11\/2013\/04\/f-8-scaled.jpg?fit=1200%2C570&ssl=1&resize=350%2C200","width":350,"height":200,"srcset":"https:\/\/i0.wp.com\/vincentians.com\/es\/wp-content\/uploads\/sites\/11\/2013\/04\/f-8-scaled.jpg?fit=1200%2C570&ssl=1&resize=350%2C200 1x, https:\/\/i0.wp.com\/vincentians.com\/es\/wp-content\/uploads\/sites\/11\/2013\/04\/f-8-scaled.jpg?fit=1200%2C570&ssl=1&resize=525%2C300 1.5x, https:\/\/i0.wp.com\/vincentians.com\/es\/wp-content\/uploads\/sites\/11\/2013\/04\/f-8-scaled.jpg?fit=1200%2C570&ssl=1&resize=700%2C400 2x, https:\/\/i0.wp.com\/vincentians.com\/es\/wp-content\/uploads\/sites\/11\/2013\/04\/f-8-scaled.jpg?fit=1200%2C570&ssl=1&resize=1050%2C600 3x"},"classes":[]},{"id":121638,"url":"https:\/\/vincentians.com\/es\/san-vicente-de-paul-y-los-gondi-capitulo-05\/","url_meta":{"origin":119708,"position":3},"title":"San Vicente de Pa\u00fal y los Gondi: Cap\u00edtulo 05","author":"Francisco Javier Fern\u00e1ndez Chento","date":"07\/07\/2024","format":false,"excerpt":"Cap\u00edtulo V Vicente de Pa\u00fal y la Sra. de Gondi en el castillo de Folleville. - Nacimiento de la obra de las Misiones. - Salida de Vicente de la casa de Gondi. - Vicente, p\u00e1rroco de Chatillon-lez-Dombes. A comienzos del a\u00f1o de 1617, la familia de Gondi se hallaba reunida\u2026","rel":"","context":"En \u00abVicente de Pa\u00fal\u00bb","block_context":{"text":"Vicente de Pa\u00fal","link":"https:\/\/vincentians.com\/es\/category\/la-familia-vicenciana\/fundadores\/vicente-de-paul\/"},"img":{"alt_text":"","src":"https:\/\/i0.wp.com\/vincentians.com\/es\/wp-content\/uploads\/sites\/11\/2023\/08\/aaaf.jpg?fit=1200%2C827&ssl=1&resize=350%2C200","width":350,"height":200,"srcset":"https:\/\/i0.wp.com\/vincentians.com\/es\/wp-content\/uploads\/sites\/11\/2023\/08\/aaaf.jpg?fit=1200%2C827&ssl=1&resize=350%2C200 1x, https:\/\/i0.wp.com\/vincentians.com\/es\/wp-content\/uploads\/sites\/11\/2023\/08\/aaaf.jpg?fit=1200%2C827&ssl=1&resize=525%2C300 1.5x, https:\/\/i0.wp.com\/vincentians.com\/es\/wp-content\/uploads\/sites\/11\/2023\/08\/aaaf.jpg?fit=1200%2C827&ssl=1&resize=700%2C400 2x, https:\/\/i0.wp.com\/vincentians.com\/es\/wp-content\/uploads\/sites\/11\/2023\/08\/aaaf.jpg?fit=1200%2C827&ssl=1&resize=1050%2C600 3x"},"classes":[]},{"id":131902,"url":"https:\/\/vincentians.com\/es\/el-senor-vicente-relee-su-vida-viii\/","url_meta":{"origin":119708,"position":4},"title":"El se\u00f1or Vicente relee su vida (VIII)","author":"Francisco Javier Fern\u00e1ndez Chento","date":"15\/12\/2014","format":false,"excerpt":"Ch\u00e2tillon En los mismos inicios de 1617, yo quer\u00eda darme plenamente a la evangelizaci\u00f3n, ahora bien era dif\u00edcil de llevar al mismo tiempo el cargo de preceptor, de capell\u00e1n personal de la Se\u00f1ora de Gondi y el de pastor. El Padre de B\u00e9rulle me propon\u00eda este curato de Buenens y\u2026","rel":"","context":"En \u00abVicente de Pa\u00fal\u00bb","block_context":{"text":"Vicente de Pa\u00fal","link":"https:\/\/vincentians.com\/es\/category\/la-familia-vicenciana\/fundadores\/vicente-de-paul\/"},"img":{"alt_text":"corazon","src":"https:\/\/i0.wp.com\/vicencianos.org\/wp-content\/2014\/12\/corazon-289x300.jpg?resize=350%2C200","width":350,"height":200},"classes":[]},{"id":387854,"url":"https:\/\/vincentians.com\/es\/san-vicente-amigo-de-los-pobres-anos-de-busqueda-1613-1617\/","url_meta":{"origin":119708,"position":5},"title":"San Vicente: Amigo de los pobres: a\u00f1os de b\u00fasqueda (1613-1617)","author":"Mitxel Olabu\u00e9naga","date":"12\/10\/2016","format":false,"excerpt":"El se\u00f1or Vicente abandona Clichy El pueblo de Clichy guard\u00f3 siempre un grato recuerdo del mejor de sus p\u00e1rrocos. Pero, cuando m\u00e1s entusiasmado estaba \u00e9ste en sus proyectos, le lleg\u00f3 una carta de Berulle: Deb\u00eda cam\u00adbiar sus actividades. El director espiritual le ped\u00eda que volviera a Par\u00eds. Argumenta\u00adba que ser\u00eda\u2026","rel":"","context":"En \u00abFormaci\u00f3n Vicenciana\u00bb","block_context":{"text":"Formaci\u00f3n Vicenciana","link":"https:\/\/vincentians.com\/es\/category\/formacion-vicenciana\/"},"img":{"alt_text":"","src":"https:\/\/i0.wp.com\/vincentians.com\/es\/wp-content\/uploads\/sites\/11\/2016\/07\/st-vincent-de-paul.jpg?fit=1200%2C630&ssl=1&resize=350%2C200","width":350,"height":200,"srcset":"https:\/\/i0.wp.com\/vincentians.com\/es\/wp-content\/uploads\/sites\/11\/2016\/07\/st-vincent-de-paul.jpg?fit=1200%2C630&ssl=1&resize=350%2C200 1x, https:\/\/i0.wp.com\/vincentians.com\/es\/wp-content\/uploads\/sites\/11\/2016\/07\/st-vincent-de-paul.jpg?fit=1200%2C630&ssl=1&resize=525%2C300 1.5x, https:\/\/i0.wp.com\/vincentians.com\/es\/wp-content\/uploads\/sites\/11\/2016\/07\/st-vincent-de-paul.jpg?fit=1200%2C630&ssl=1&resize=700%2C400 2x, https:\/\/i0.wp.com\/vincentians.com\/es\/wp-content\/uploads\/sites\/11\/2016\/07\/st-vincent-de-paul.jpg?fit=1200%2C630&ssl=1&resize=1050%2C600 3x"},"classes":[]}],"_links":{"self":[{"href":"https:\/\/vincentians.com\/es\/wp-json\/wp\/v2\/posts\/119708","targetHints":{"allow":["GET"]}}],"collection":[{"href":"https:\/\/vincentians.com\/es\/wp-json\/wp\/v2\/posts"}],"about":[{"href":"https:\/\/vincentians.com\/es\/wp-json\/wp\/v2\/types\/post"}],"author":[{"embeddable":true,"href":"https:\/\/vincentians.com\/es\/wp-json\/wp\/v2\/users\/4"}],"replies":[{"embeddable":true,"href":"https:\/\/vincentians.com\/es\/wp-json\/wp\/v2\/comments?post=119708"}],"version-history":[{"count":1,"href":"https:\/\/vincentians.com\/es\/wp-json\/wp\/v2\/posts\/119708\/revisions"}],"predecessor-version":[{"id":404120,"href":"https:\/\/vincentians.com\/es\/wp-json\/wp\/v2\/posts\/119708\/revisions\/404120"}],"wp:featuredmedia":[{"embeddable":true,"href":"https:\/\/vincentians.com\/es\/wp-json\/wp\/v2\/media\/404119"}],"wp:attachment":[{"href":"https:\/\/vincentians.com\/es\/wp-json\/wp\/v2\/media?parent=119708"}],"wp:term":[{"taxonomy":"category","embeddable":true,"href":"https:\/\/vincentians.com\/es\/wp-json\/wp\/v2\/categories?post=119708"},{"taxonomy":"post_tag","embeddable":true,"href":"https:\/\/vincentians.com\/es\/wp-json\/wp\/v2\/tags?post=119708"}],"curies":[{"name":"wp","href":"https:\/\/api.w.org\/{rel}","templated":true}]}}