{"id":119697,"date":"2022-02-09T08:02:22","date_gmt":"2022-02-09T07:02:22","guid":{"rendered":"http:\/\/somos.vicencianos.org\/?p=119697"},"modified":"2022-01-05T11:30:59","modified_gmt":"2022-01-05T10:30:59","slug":"el-senor-vicente-relee-su-vida-influencias","status":"publish","type":"post","link":"https:\/\/vincentians.com\/es\/el-senor-vicente-relee-su-vida-influencias\/","title":{"rendered":"El Se\u00f1or Vicente relee su vida: Influencias"},"content":{"rendered":"<blockquote><p>Podr\u00eda tratar de deciros un poco lo que esto me ha supuesto. Hab\u00e9is podido advertir que desde mis comienzos en el mundo he conocido m\u00e1s sinsabores que \u00e9xitos en mis empresas\u2026 Hab\u00eda que tomar conciencia, pero yo mezclaba las vistas insondables de la Providencia de las que habla San Pablo con el lenguaje corriente y los conceptos de los autores paganos, sobre los vaivenes de la fortuna, como se lo hab\u00eda expuesto al Sr. de Comet, el 24 de julio de 1607:<\/p>\n<p><i>\u00a0\u00abSi la fortuna no se empe\u00f1aba m\u00e1s que en hacerme m\u00e1s envidiado que imitado, ay, no era m\u00e1s que para exponer en m\u00ed su vicisitud e inconstancia, convirtiendo su gracia en desgracia y su dicha en<\/i> desdicha\u00bb<span id='easy-footnote-1-119697' class='easy-footnote-margin-adjust'><\/span><span class='easy-footnote'><a href='https:\/\/vincentians.com\/es\/el-senor-vicente-relee-su-vida-influencias\/#easy-footnote-bottom-1-119697' title='S. V. I, 1-2. Se encuentra esta identificaci\u00f3n entre la fortuna y la Providencia expl\u00edcitamente enunciada por Richelieu, en su &lt;i&gt;Testamento Pol\u00edtico, &lt;\/i&gt;Elaborado probablemente en el transcurso de los a\u00f1os 1634-1640, edici\u00f3n cr\u00edticas por Fran\u00e7ois Hildesheimer, Sociedad de la historia de Francia, Librer\u00eda Champion, Par\u00eds, 1995, p. 70: \u00abA veces resulta imposible guarecerse de ciertos males si no se encomienda algo a la fortuna, o por mejor decir a la providencia de Dios, etc.\u00bb'><sup>1<\/sup><\/a><\/span>.<\/p>\n<p><i>\u00a0<\/i>En 1610, cuando escrib\u00eda a mi madre, el 17 de febrero, ten\u00eda la esperanza de que Dios bendecir\u00eda mi labor, pero me quedaba todav\u00eda en la perspectiva de los vaivenes de fortuna. \u00c9l aconsejando que empujara a mi hermano que hiciera estudiar a uno de mis sobrinos, yo a\u00f1ad\u00eda:<\/p>\n<p>\u00ab<i>Mis infortunios y el escaso servicio que he podido hacer todav\u00eda en la casa podr\u00e1n posiblemente quitarle la voluntad; pero que se figure que el infortunio presente presupone un bienestar en el<\/i> porvenir\u00bb<span id='easy-footnote-2-119697' class='easy-footnote-margin-adjust'><\/span><span class='easy-footnote'><a href='https:\/\/vincentians.com\/es\/el-senor-vicente-relee-su-vida-influencias\/#easy-footnote-bottom-2-119697' title='S. V. I, 19.'><sup>2<\/sup><\/a><\/span>.<\/p>\n<p>Dicho de otro modo, mientras me confiaba a Dios, continuaba aceptando los acaecimientos simplemente y con filosof\u00eda, como los sabios griegos y latinos de mis estudios en el colegio. Por el contrario, a partir de 1611, yo conoc\u00eda a entrever que todas estas decepciones que se acumulaban pueden ser signos de Dios que nos gu\u00eda por su intermediario. La manera como reaccion\u00e9 a la acusaci\u00f3n falsa del compatriota era ya un comienzo\u2026Mis conversaciones del Se\u00f1or de B\u00e9rulle y de otros, y mis lecturas m\u00e1s asiduas, van poco a poco a ayudarme a mirar los acontecimientos en la fe y el abandono en Dios. Oh necesitar\u00e9 todav\u00eda mucho tiempo antes de integrarlo en mi personalidad, antes de vivir verdaderamente\u2026 Mucho tiempo, y muchas gracias de Dios! Llegar\u00e1 un d\u00eda en que tratar\u00e9 en serio de ver las cosas bajo esta mirada de Dios, y en que se lo explicar\u00e9 a otros\u2026 As\u00ed, muy recientemente, he empleado una imagen esclarecedora, con las hijas de la Caridad, el 23 de julio de 1656:<\/p>\n<p><i>\u00a0\u00abSucede con nosotros como con una piedra de la que se quiere tallar una bella imagen de Nuestra Se\u00f1ora, de San Juan, o de alg\u00fan otro santo. \u00bfQu\u00e9 debe hacer el escultor, para realizar su plan? Debe tomar el martillo y quitar de esta piedra todo lo superfluo. Y para ello, golpea en ella a grandes martillazos, de manera que al verle dir\u00edais que la quiere deshacer. [\u2026] Lo veis, Dios hace lo mismo con<\/i> nosotros\u00bb<span id='easy-footnote-3-119697' class='easy-footnote-margin-adjust'><\/span><span class='easy-footnote'><a href='https:\/\/vincentians.com\/es\/el-senor-vicente-relee-su-vida-influencias\/#easy-footnote-bottom-3-119697' title='S. V. X, 182-183; Comb. 588.'><sup>3<\/sup><\/a><\/span>.<\/p>\n<p>Y \u00e9l no ha parado de hacer lo mismo conmigo!<\/p>\n<p>Yo frecuentaba tambi\u00e9n a los sacerdotes que el Se\u00f1or de B\u00e9rulle re\u00fane en su casa. Se encuentra entre otros Adri\u00e1n Bourdoise, que s\u00f3lo ten\u00eda 27 a\u00f1os(y yo 30, Andr\u00e9 Duval, 47 a\u00f1os, doctor en Sorbona, y superior con el Se\u00f1os de B\u00e9rulle, de las Carmelitas de Francia, como Fran\u00e7ois Bourgoing, que tiene cuatro a\u00f1os menos que yo, pero era ya p\u00e1rroco de Clichy<span id='easy-footnote-4-119697' class='easy-footnote-margin-adjust'><\/span><span class='easy-footnote'><a href='https:\/\/vincentians.com\/es\/el-senor-vicente-relee-su-vida-influencias\/#easy-footnote-bottom-4-119697' title='S. V. I, 73.'><sup>4<\/sup><\/a><\/span>. Con ellos, no solamente profundizaba mi discernimiento espiritual, sino que ensanchaba por igual mis vistas apost\u00f3licas: Era preciso que cumpliese verdaderamente con las tareas de un pastor. Pues bien el Se\u00f1or de B\u00e9rulle estaba a punto de fundar la asociaci\u00f3n de los Sacerdotes del Oratorio, inspir\u00e1ndose en la de Felipe Neri en Roma<span id='easy-footnote-5-119697' class='easy-footnote-margin-adjust'><\/span><span class='easy-footnote'><a href='https:\/\/vincentians.com\/es\/el-senor-vicente-relee-su-vida-influencias\/#easy-footnote-bottom-5-119697' title='B\u00e9rulle, &lt;i&gt;Correspondencia&lt;\/i&gt;, edici\u00f3n Dagens, I, 129.'><sup>5<\/sup><\/a><\/span>, y justamente Fran\u00e7ois Bourgoing formaba parte de los cinco que compart\u00edan este proyecto. Le faltaba pues un reemplazante. Y as\u00ed fue como pensaron en m\u00ed Parroquia!<\/p>\n<p>El 13 de octubre de 1611, Fran\u00e7ois Bourgoing firm\u00f3 la renuncia de su parroquia en mi favor: por fin p\u00e1rroco! Y sin embargo, en el fondo, no ten\u00eda tantas prisas en ir a evangelizar de esta manera. Ten\u00eda todav\u00eda esperanzas de superar la dificultades para mi abad\u00eda de Saint L\u00e9onard de Chaumes\u2026Deseaba tambi\u00e9n participar por alg\u00fan tiempo en la pr\u00f3xima comunidad del Oratorio, ya que el Padre de B\u00e9rulle preve\u00eda aceptar en ella tambi\u00e9n a sacerdotes que no se compromet\u00edan definitivamente con ella, pero que, buscaban durante un tiempo limitado una profundizaci\u00f3n espiritual<span id='easy-footnote-6-119697' class='easy-footnote-margin-adjust'><\/span><span class='easy-footnote'><a href='https:\/\/vincentians.com\/es\/el-senor-vicente-relee-su-vida-influencias\/#easy-footnote-bottom-6-119697' title='Ab. I, 24; Coll. I, 36, nota u. En cuanto a la posibilidad de estancias pasajeras en el Oratorio, &lt;i&gt;Correspondencia&lt;\/i&gt;, edici\u00f3n Dagens, I, 118-119, cf, Yves Krumenacker, &lt;i&gt;La Escuela francesa de espiritualidad&lt;\/i&gt;, Cerf, 1998, p. 139 (que parece haber restringido el 3er grupo a cl\u00e9rigos en formaci\u00f3n, mientras que B\u00e9rulle ha escrito: \u00abpersonas simplemente asociadas [\u2026] que quisieran formarse en las costumbres y condiciones m\u00e1s regladas de la vida eclesi\u00e1stica\u00bb despu\u00e9s precisa bien que se trata de sacerdotes).'><sup>6<\/sup><\/a><\/span>. Mis compromisos con los Hermanos de San Juan de Dios me importaban mucho tambi\u00e9n: Como prueba, exactamente una semana despu\u00e9s, el 20 de octubre de 1611, les transmit\u00eda quince mil libras, que acababa de recibir la v\u00edspera. Veis en el acta notarial la enumeraci\u00f3n de mis t\u00edtulos!<\/p>\n<p><i>En presencia de Pierre de Briquet y Denis Turgis, notarios y guarda notas del rey, nuestro se\u00f1or, en su Ch\u00e2telet de Par\u00eds, abajo firmantes, [\u2026] Se\u00f1or Vicente de Pa\u00fal, abate comanditario de la abad\u00eda Saint L\u00e9onard, pa\u00eds de Aunis, di\u00f3cesis de Saintes, consejero y capell\u00e1n de la reina Margarita, hall\u00e1ndose presente en esta ciudad de Par\u00eds, alojado[\u2026] calle de Sena, [\u2026] por la devoci\u00f3n y afecto que ha mostrado al hospital, de la orden del Bienaventurado Juan de Dios, [\u2026] y para dar m\u00e1s medios a los prior y religiosos del dicho hospital de tratar y curar a los pobres enfermos que van y vienen diariamente a refugiarse y hacerse vendar en dicho lugar, tambi\u00e9n incluso para socorrerlos, tanto en el pago de lo debido por dicho hospital por el resto de la edificaci\u00f3n que han mandado hacer, como para continuar este edificio, [\u2026] ha dado, [\u2026] la suma de quince mil libras que dicho se\u00f1or abad donante ha dicho y afirma que le pertenecen, como teniendo derecho de transporte del se\u00f1or Jean de la Thane, maestro particular de la moneda en esta ciudad de Par\u00eds, por acta pasada ante Choguillot y Tulloue, notarios en dicho Ch\u00e2telet, el diecinueve de los presentes mes y a\u00f1o, al cual La Thane dicha suma<\/i> pertenec\u00eda\u00bb<span id='easy-footnote-7-119697' class='easy-footnote-margin-adjust'><\/span><span class='easy-footnote'><a href='https:\/\/vincentians.com\/es\/el-senor-vicente-relee-su-vida-influencias\/#easy-footnote-bottom-7-119697' title='S. V.14-15. Jean de la Thane aparece tambi\u00e9n el 14 de mayo de 1610 (Ann. CM, Tomo 106-107, 1941-1942, p. 260-262) y el 17 de mayo de 1610 (S. V. XIII, p. 11).'><sup>7<\/sup><\/a><\/span>.<\/p>\n<p>El acta explica tambi\u00e9n que esta suma proven\u00eda, despu\u00e9s de dos intermediarios, de una indemnizaci\u00f3n debida por el rey a los propietarios de un nav\u00edo hundido por los Espa\u00f1oles en 1594! Yo no me sent\u00eda habilitado a hacer que mi familia se aprovechase de este dinero cuyos beneficiarios sucesivos parec\u00edan m\u00e1s bien querer desprenderse mediante buenas obras!<\/p>\n<p>El 11 de noviembre, el Se\u00f1or de B\u00e9rulle, el Se\u00f1or Bourgoing y cuatro sacerdotes m\u00e1s se instalaban en una nueva casa, instituyendo en ella el Oratorio de Francia. Yo he continuado trat\u00e1ndolos. Incluso he pasado all\u00ed varios meses, con gran aprovechamiento. M\u00e1s tarde, me inspir\u00e9, para las Reglas de mi Congregaci\u00f3n, en diversos puntos de su reglamento de vida y en sus pr\u00e1cticas, as\u00ed como en las conferencias semanales con B\u00e9rulle<span id='easy-footnote-8-119697' class='easy-footnote-margin-adjust'><\/span><span class='easy-footnote'><a href='https:\/\/vincentians.com\/es\/el-senor-vicente-relee-su-vida-influencias\/#easy-footnote-bottom-8-119697' title='B\u00e9rulle comenz\u00f3 por algunos proyectos de reglamento e indicaciones de pr\u00e1cticas, en las &lt;i&gt;Conferencias&lt;\/i&gt; semanales, de 1611 a 1615 \u2013de las que se encuentran tambi\u00e9n rasgos en San Vicente (tomos I y II de las &lt;i&gt;Obras&lt;\/i&gt; &lt;i&gt;Completas&lt;\/i&gt;, Cerf 1995. La s\u00edntesis de la Edici\u00f3n Migne, columnas 1627-1672, es posterior.'><sup>8<\/sup><\/a><\/span>. 1612 fue un a\u00f1o de revueltas graves en el reino. Los Pr\u00edncipes se levantan contra Mar\u00eda de M\u00e9dicis, la Regente y sus favoritos, en particular Concini. Por mi parte, no es m\u00e1s que el 2 de mayo de 1612 cuando fui a tomar posesi\u00f3n de mi curato de Clichy, qued\u00e1ndome con mi habitaci\u00f3n de la calle de Sena y continuando las visitas al Oratorio<span id='easy-footnote-9-119697' class='easy-footnote-margin-adjust'><\/span><span class='easy-footnote'><a href='https:\/\/vincentians.com\/es\/el-senor-vicente-relee-su-vida-influencias\/#easy-footnote-bottom-9-119697' title='S. V. XIII, 17-18. Su alojamiento en la calle de Sena se lee en varias actas notariadas ulteriores.'><sup>9<\/sup><\/a><\/span>. Era la primera vez desde hac\u00eda quince a\u00f1os que me encontraba en medio de las buenas gentes sencillas de los campos, y ten\u00eda 31 a\u00f1os! Por fin descubr\u00ed el sencillo gozo de ser pastor, sumergido en un pueblo:<\/p>\n<p><i>\u00a0\u00abTen\u00eda un pueblo tan bueno y tan obediente para hacer cuanto le mandaba que, cuando les dije que hab\u00eda que venir a confesarse los primeros domingos de mes, no fallaban. Ven\u00edan y se confesaban, y yo ve\u00eda d\u00eda a d\u00eda el progreso que hac\u00edan estas almas. Ello me produc\u00eda tal consuelo, y me sent\u00eda tan contento que me dec\u00eda a m\u00ed mismo: \u2018Dios m\u00edo, qu\u00e9 feliz eres teniendo un pueblo tan bueno!\u2019 Y a\u00f1ad\u00eda: \u2018Pienso que el Papa no es tan feliz como un p\u00e1rroco en medio de un pueblo de tan buen<\/i> coraz\u00f3n\u00bb<span id='easy-footnote-10-119697' class='easy-footnote-margin-adjust'><\/span><span class='easy-footnote'><a href='https:\/\/vincentians.com\/es\/el-senor-vicente-relee-su-vida-influencias\/#easy-footnote-bottom-10-119697' title='S. V. IX, 646, 27 de julio 53; Comb. 426.'><sup>10<\/sup><\/a><\/span>.<\/p>\n<p>Pero qu\u00e9 complejo es el hombre! Uno no se convierte en un momento, ni en todas las partes de nuestro ser\u2026 Podemos llegar a pensamientos profundos y muy sobrenaturales, y no hacerlos pasar todos a nuestros actos; podemos realizar actos muy evang\u00e9licos y sobrenaturales en ciertos dominios, y seguir siendo muy humanos y terrestres en otros sectores. Era mi caso: P\u00e1rroco de Clichy y amante de mi pueblo, hab\u00eda conservado sin embargo mi alojamiento calle de Sena y continuaba contrayendo deudas, en particular a causa de de los gastos de mis procesos por San Leonardo de Chaumes, cerca de La Rochelle, donde Jacques Gasteaud sab\u00eda ayudarme, Ved esta acta del 7 de diciembre de 1612, pasada ante notario:<\/p>\n<p><i>\u00a0\u00abEl se\u00f1or Vicente de Pa\u00fal, sacerdote, abad de Saint-L\u00e9onard, residente en esta ciudad de Par\u00eds, calle de Sena, confiesa deber al Se\u00f1or Jacques Gasteaud, doctor en teolog\u00eda, residente en La Rochelle, la suma de trescientas veinte libras turenas<\/i>\u00ab<span id='easy-footnote-11-119697' class='easy-footnote-margin-adjust'><\/span><span class='easy-footnote'><a href='https:\/\/vincentians.com\/es\/el-senor-vicente-relee-su-vida-influencias\/#easy-footnote-bottom-11-119697' title='S. V. XIII, 19. V\u00e9ase la nota precedente sobre Jacques Gasteaud.'><sup>11<\/sup><\/a><\/span>.<\/p>\n<p>Me qued\u00e9 seis meses en Clichy, catequizando a los ni\u00f1os socorriendo a los pobres y a los enfermos, animando a la frecuentaci\u00f3n de los sacramentos, fundando la Cofrad\u00eda del Rosario. Mand\u00e9 comenzar la restauraci\u00f3n de la iglesia, que no se acab\u00f3 hasta 1630<span id='easy-footnote-12-119697' class='easy-footnote-margin-adjust'><\/span><span class='easy-footnote'><a href='https:\/\/vincentians.com\/es\/el-senor-vicente-relee-su-vida-influencias\/#easy-footnote-bottom-12-119697' title='Ab. I, 25-27; Coll. I, 36-39. Para el catecismo, cf. A. Dodin, \u00abSan Vicente de Pa\u00fal catequista, o la catequesis seg\u00fan el Se\u00f1or Vicente de Pa\u00fal?\u00bb en la revista &lt;i&gt;Catequesis, &lt;\/i&gt;y \u00abSerm\u00f3n de San Vicente de Pa\u00fal sobre el catecismo. Presentaci\u00f3n hist\u00f3rica y literaria\u00bb, Revista &lt;i&gt;Catequesis&lt;\/i&gt;, octubre de 1960, p. 58. En cuanto a la iglesia, Ab. 1, 26 dice que la iglesia era pobre; Coll. 1,38 encarece escribiendo que \u00abse ca\u00eda a pedazos\u00bb, lo que es falso. Los trabajos duraron bastante tiempo: pieza in\u00e9dita, Archivos Nacionales, Minutier Central ET XLV, 32.'><sup>12<\/sup><\/a><\/span>. Me propuse tambi\u00e9n abrir una escuela clerical para doce j\u00f3venes; uno de ellos se llamaba Antoine Portail<span id='easy-footnote-13-119697' class='easy-footnote-margin-adjust'><\/span><span class='easy-footnote'><a href='https:\/\/vincentians.com\/es\/el-senor-vicente-relee-su-vida-influencias\/#easy-footnote-bottom-13-119697' title='M. V. I, 75, citando los carnets del Hermano Robineau, Editados por A. Dodin, &lt;i&gt;El Sr Vicente contado por su secretario,&lt;\/i&gt; O. E. I, L. 1991, p. 134.'><sup>13<\/sup><\/a><\/span> -nacido en 1590 en Baucaire, vino a estudiar a Par\u00eds. hemos seguido en relaci\u00f3n despu\u00e9s de mi partida de Clichy. Fue ordenado sacerdote en 1622 y se convirti\u00f3 en mi primer fiel compa\u00f1ero en las misiones. Debo igualmente a\u00f1adir que el joven se\u00f1or de Clichy, Alexandre Hennequin, que ten\u00eda dos a\u00f1os menos que yo, hab\u00eda perdido a su padre a la edad de 6 a\u00f1os y hab\u00eda tenido por tutores a sus primos Hennequin de Vincey y a un primo por alianza, Louis de Marillac, \u00e9l mismo padre legal de una joven Louise de Marillac, nacida en 1591, que ven\u00eda quiz\u00e1s a Clichy, con ocasi\u00f3n de las reuniones de familia.<\/p>\n<p>Creo que la gracia de Dios, incluso si yo conservaba a\u00fan algunas miras humanas, hab\u00eda comenzado tambi\u00e9n a transformarme: a la paciencia frente a las adversidades, en el abandono a las directrices de la Providencia, se a\u00f1ad\u00eda el esfuerzo por la vida interior y el estudio de sus elementos y de sus principios. A la atenci\u00f3n a los pobres enfermos ven\u00eda a sumarse el celo y la pr\u00e1ctica del ministerio pastoral. El Sr. de B\u00e9rulle, que era ya para m\u00ed un gu\u00eda espiritual, juzg\u00f3 que conven\u00eda ensanchar mi campo de acci\u00f3n, al propio tiempo que se presentaba la ocasi\u00f3n de procurarme al fin, no ya un beneficio eclesi\u00e1stico sino algo mejor que eso: un puesto honroso en una de las familias de mejor condici\u00f3n de Francia.<\/p><\/blockquote>\n","protected":false},"excerpt":{"rendered":"<p>Podr\u00eda tratar de deciros un poco lo que esto me ha supuesto. Hab\u00e9is podido advertir que desde mis comienzos en el mundo he conocido m\u00e1s sinsabores que \u00e9xitos en mis empresas\u2026 Hab\u00eda que tomar conciencia, &#8230; <a href=\"https:\/\/vincentians.com\/es\/el-senor-vicente-relee-su-vida-influencias\/\" class=\"more-link\">Read More<\/a><\/p>\n","protected":false},"author":4,"featured_media":404062,"comment_status":"open","ping_status":"open","sticky":false,"template":"","format":"standard","meta":{"jetpack_post_was_ever_published":false,"_jetpack_newsletter_access":"","_jetpack_dont_email_post_to_subs":false,"_jetpack_newsletter_tier_id":0,"_jetpack_memberships_contains_paywalled_content":false,"_jetpack_memberships_contains_paid_content":false,"footnotes":"","jetpack_publicize_message":"","jetpack_publicize_feature_enabled":true,"jetpack_social_post_already_shared":true,"jetpack_social_options":{"image_generator_settings":{"template":"highway","default_image_id":0,"font":"","enabled":false},"version":2}},"categories":[5],"tags":[224,148,192,127,179,166,188],"class_list":["post-119697","post","type-post","status-publish","format-standard","has-post-thumbnail","hentry","category-vicente-de-paul","tag-berulle","tag-clichy","tag-gasteaud","tag-portail","tag-reina-margarita","tag-robineau","tag-san-leonardo"],"yoast_head":"<!-- This site is optimized with the Yoast SEO plugin v26.3 - https:\/\/yoast.com\/wordpress\/plugins\/seo\/ -->\n<title>El Se\u00f1or Vicente relee su vida: Influencias - Somos Vicencianos<\/title>\n<meta name=\"robots\" content=\"index, follow, max-snippet:-1, max-image-preview:large, max-video-preview:-1\" \/>\n<link rel=\"canonical\" href=\"https:\/\/vincentians.com\/es\/el-senor-vicente-relee-su-vida-influencias\/\" \/>\n<meta property=\"og:locale\" content=\"es_ES\" \/>\n<meta property=\"og:type\" content=\"article\" \/>\n<meta property=\"og:title\" content=\"El Se\u00f1or Vicente relee su vida: Influencias - Somos Vicencianos\" \/>\n<meta property=\"og:description\" content=\"Podr\u00eda tratar de deciros un poco lo que esto me ha supuesto. Hab\u00e9is podido advertir que desde mis comienzos en el mundo he conocido m\u00e1s sinsabores que \u00e9xitos en mis empresas\u2026 Hab\u00eda que tomar conciencia, ... Read More\" \/>\n<meta property=\"og:url\" content=\"https:\/\/vincentians.com\/es\/el-senor-vicente-relee-su-vida-influencias\/\" \/>\n<meta property=\"og:site_name\" content=\"Somos Vicencianos\" \/>\n<meta property=\"article:publisher\" content=\"https:\/\/www.facebook.com\/WeAreVincentians\/\" \/>\n<meta property=\"article:author\" content=\"https:\/\/www.facebook.com\/JavierChento\" \/>\n<meta property=\"article:published_time\" content=\"2022-02-09T07:02:22+00:00\" \/>\n<meta property=\"og:image\" content=\"https:\/\/i0.wp.com\/vincentians.com\/es\/wp-content\/uploads\/sites\/11\/2013\/04\/f-2-scaled.jpg?fit=2560%2C1216&ssl=1\" \/>\n\t<meta property=\"og:image:width\" content=\"2560\" \/>\n\t<meta property=\"og:image:height\" content=\"1216\" \/>\n\t<meta property=\"og:image:type\" content=\"image\/jpeg\" \/>\n<meta name=\"author\" content=\"Francisco Javier Fern\u00e1ndez Chento\" \/>\n<meta name=\"twitter:card\" content=\"summary_large_image\" \/>\n<meta name=\"twitter:creator\" content=\"@https:\/\/twitter.com\/javierchento\" \/>\n<meta name=\"twitter:site\" content=\"@WeVincentians\" \/>\n<meta name=\"twitter:label1\" content=\"Escrito por\" \/>\n\t<meta name=\"twitter:data1\" content=\"Francisco Javier Fern\u00e1ndez Chento\" \/>\n\t<meta name=\"twitter:label2\" content=\"Tiempo de lectura\" \/>\n\t<meta name=\"twitter:data2\" content=\"12 minutos\" \/>\n<script type=\"application\/ld+json\" class=\"yoast-schema-graph\">{\"@context\":\"https:\/\/schema.org\",\"@graph\":[{\"@type\":\"Article\",\"@id\":\"https:\/\/vincentians.com\/es\/el-senor-vicente-relee-su-vida-influencias\/#article\",\"isPartOf\":{\"@id\":\"https:\/\/vincentians.com\/es\/el-senor-vicente-relee-su-vida-influencias\/\"},\"author\":{\"name\":\"Francisco Javier Fern\u00e1ndez Chento\",\"@id\":\"http:\/\/vincentians.com\/es\/#\/schema\/person\/9623ef4d9aa3b2dfb8c061f1499288f2\"},\"headline\":\"El Se\u00f1or Vicente relee su vida: Influencias\",\"datePublished\":\"2022-02-09T07:02:22+00:00\",\"mainEntityOfPage\":{\"@id\":\"https:\/\/vincentians.com\/es\/el-senor-vicente-relee-su-vida-influencias\/\"},\"wordCount\":2330,\"commentCount\":0,\"publisher\":{\"@id\":\"http:\/\/vincentians.com\/es\/#organization\"},\"image\":{\"@id\":\"https:\/\/vincentians.com\/es\/el-senor-vicente-relee-su-vida-influencias\/#primaryimage\"},\"thumbnailUrl\":\"https:\/\/i0.wp.com\/vincentians.com\/es\/wp-content\/uploads\/sites\/11\/2013\/04\/f-2-scaled.jpg?fit=2560%2C1216&ssl=1\",\"keywords\":[\"Berulle\",\"Clichy\",\"Gasteaud\",\"Portail\",\"Reina Margarita\",\"Robineau\",\"San Leonardo\"],\"articleSection\":[\"Vicente de Pa\u00fal\"],\"inLanguage\":\"es\",\"potentialAction\":[{\"@type\":\"CommentAction\",\"name\":\"Comment\",\"target\":[\"https:\/\/vincentians.com\/es\/el-senor-vicente-relee-su-vida-influencias\/#respond\"]}]},{\"@type\":\"WebPage\",\"@id\":\"https:\/\/vincentians.com\/es\/el-senor-vicente-relee-su-vida-influencias\/\",\"url\":\"https:\/\/vincentians.com\/es\/el-senor-vicente-relee-su-vida-influencias\/\",\"name\":\"El Se\u00f1or Vicente relee su vida: Influencias - Somos Vicencianos\",\"isPartOf\":{\"@id\":\"http:\/\/vincentians.com\/es\/#website\"},\"primaryImageOfPage\":{\"@id\":\"https:\/\/vincentians.com\/es\/el-senor-vicente-relee-su-vida-influencias\/#primaryimage\"},\"image\":{\"@id\":\"https:\/\/vincentians.com\/es\/el-senor-vicente-relee-su-vida-influencias\/#primaryimage\"},\"thumbnailUrl\":\"https:\/\/i0.wp.com\/vincentians.com\/es\/wp-content\/uploads\/sites\/11\/2013\/04\/f-2-scaled.jpg?fit=2560%2C1216&ssl=1\",\"datePublished\":\"2022-02-09T07:02:22+00:00\",\"breadcrumb\":{\"@id\":\"https:\/\/vincentians.com\/es\/el-senor-vicente-relee-su-vida-influencias\/#breadcrumb\"},\"inLanguage\":\"es\",\"potentialAction\":[{\"@type\":\"ReadAction\",\"target\":[\"https:\/\/vincentians.com\/es\/el-senor-vicente-relee-su-vida-influencias\/\"]}]},{\"@type\":\"ImageObject\",\"inLanguage\":\"es\",\"@id\":\"https:\/\/vincentians.com\/es\/el-senor-vicente-relee-su-vida-influencias\/#primaryimage\",\"url\":\"https:\/\/i0.wp.com\/vincentians.com\/es\/wp-content\/uploads\/sites\/11\/2013\/04\/f-2-scaled.jpg?fit=2560%2C1216&ssl=1\",\"contentUrl\":\"https:\/\/i0.wp.com\/vincentians.com\/es\/wp-content\/uploads\/sites\/11\/2013\/04\/f-2-scaled.jpg?fit=2560%2C1216&ssl=1\",\"width\":2560,\"height\":1216},{\"@type\":\"BreadcrumbList\",\"@id\":\"https:\/\/vincentians.com\/es\/el-senor-vicente-relee-su-vida-influencias\/#breadcrumb\",\"itemListElement\":[{\"@type\":\"ListItem\",\"position\":1,\"name\":\"Portada\",\"item\":\"http:\/\/vincentians.com\/es\/\"},{\"@type\":\"ListItem\",\"position\":2,\"name\":\"El Se\u00f1or Vicente relee su vida: Influencias\"}]},{\"@type\":\"WebSite\",\"@id\":\"http:\/\/vincentians.com\/es\/#website\",\"url\":\"http:\/\/vincentians.com\/es\/\",\"name\":\"Somos Vicencianos\",\"description\":\"Know more to serve more\",\"publisher\":{\"@id\":\"http:\/\/vincentians.com\/es\/#organization\"},\"potentialAction\":[{\"@type\":\"SearchAction\",\"target\":{\"@type\":\"EntryPoint\",\"urlTemplate\":\"http:\/\/vincentians.com\/es\/?s={search_term_string}\"},\"query-input\":{\"@type\":\"PropertyValueSpecification\",\"valueRequired\":true,\"valueName\":\"search_term_string\"}}],\"inLanguage\":\"es\"},{\"@type\":\"Organization\",\"@id\":\"http:\/\/vincentians.com\/es\/#organization\",\"name\":\"The Vincentian Network\",\"url\":\"http:\/\/vincentians.com\/es\/\",\"logo\":{\"@type\":\"ImageObject\",\"inLanguage\":\"es\",\"@id\":\"http:\/\/vincentians.com\/es\/#\/schema\/logo\/image\/\",\"url\":\"https:\/\/i1.wp.com\/vincentians.com\/es\/wp-content\/uploads\/sites\/11\/2016\/06\/Vincentian-Network-logo-big.png?fit=778%2C778\",\"contentUrl\":\"https:\/\/i1.wp.com\/vincentians.com\/es\/wp-content\/uploads\/sites\/11\/2016\/06\/Vincentian-Network-logo-big.png?fit=778%2C778\",\"width\":778,\"height\":778,\"caption\":\"The Vincentian Network\"},\"image\":{\"@id\":\"http:\/\/vincentians.com\/es\/#\/schema\/logo\/image\/\"},\"sameAs\":[\"https:\/\/www.facebook.com\/WeAreVincentians\/\",\"https:\/\/x.com\/WeVincentians\"]},{\"@type\":\"Person\",\"@id\":\"http:\/\/vincentians.com\/es\/#\/schema\/person\/9623ef4d9aa3b2dfb8c061f1499288f2\",\"name\":\"Francisco Javier Fern\u00e1ndez Chento\",\"image\":{\"@type\":\"ImageObject\",\"inLanguage\":\"es\",\"@id\":\"http:\/\/vincentians.com\/es\/#\/schema\/person\/image\/\",\"url\":\"https:\/\/secure.gravatar.com\/avatar\/497d5cde87b4c3d097d0315953521681ba2cd523ee66e5077c3711f7021e65de?s=96&d=mm&r=g\",\"contentUrl\":\"https:\/\/secure.gravatar.com\/avatar\/497d5cde87b4c3d097d0315953521681ba2cd523ee66e5077c3711f7021e65de?s=96&d=mm&r=g\",\"caption\":\"Francisco Javier Fern\u00e1ndez Chento\"},\"description\":\"Director General y cofundador de La Red de Formaci\u00f3n Vicenciana. Javier es laico vicenciano, afiliado a la Congregaci\u00f3n de la Misi\u00f3n y miembro del Equipo de Misiones Populares de la provincia can\u00f3nica de Zaragoza (Espa\u00f1a) de la Congregaci\u00f3n de la Misi\u00f3n. Graduado en la Universidad Oberta de Catalunya con cuatro grados (Asistente de direcci\u00f3n, Gesti\u00f3n Administrativa, Recursos Humanos y Contabilidad Avanzada). Bil\u00edng\u00fce Espa\u00f1ol\/Ingl\u00e9s. gestiona y mantiene varias p\u00e1ginas web cristianas y vicencianas, incluida including La Red de Formaci\u00f3n Vicenciana, de la que es cofundador. Actualmente es responsable del \u00e1rea de Espa\u00f1ol de .famvin, la Red de Noticias de la Familia Vicenciana. Tambi\u00e9n es m\u00fasico cat\u00f3lico y ha editado varios discos. Es Director General y cofundador de Trovador, una reconocida compa\u00f1\u00eda discogr\u00e1fica critiana de Espa\u00f1a. Trabaja en las Tecnolog\u00edas de la Informaci\u00f3n, ofreciendo servicios de alojamiento, dise\u00f1o y mantenimiento Web, as\u00ed como asesoramiento, formaci\u00f3n y soluciones inform\u00e1ticas, gesti\u00f3n documental y digitalizaci\u00f3n de textos, edici\u00f3n y maquetaci\u00f3n de libros, revistas, flyers, etc.\",\"sameAs\":[\"http:\/\/chento.org\",\"https:\/\/www.facebook.com\/JavierChento\",\"https:\/\/x.com\/https:\/\/twitter.com\/javierchento\"],\"url\":\"https:\/\/vincentians.com\/es\/author\/chento\/\"}]}<\/script>\n<!-- \/ Yoast SEO plugin. -->","yoast_head_json":{"title":"El Se\u00f1or Vicente relee su vida: Influencias - Somos Vicencianos","robots":{"index":"index","follow":"follow","max-snippet":"max-snippet:-1","max-image-preview":"max-image-preview:large","max-video-preview":"max-video-preview:-1"},"canonical":"https:\/\/vincentians.com\/es\/el-senor-vicente-relee-su-vida-influencias\/","og_locale":"es_ES","og_type":"article","og_title":"El Se\u00f1or Vicente relee su vida: Influencias - Somos Vicencianos","og_description":"Podr\u00eda tratar de deciros un poco lo que esto me ha supuesto. Hab\u00e9is podido advertir que desde mis comienzos en el mundo he conocido m\u00e1s sinsabores que \u00e9xitos en mis empresas\u2026 Hab\u00eda que tomar conciencia, ... Read More","og_url":"https:\/\/vincentians.com\/es\/el-senor-vicente-relee-su-vida-influencias\/","og_site_name":"Somos Vicencianos","article_publisher":"https:\/\/www.facebook.com\/WeAreVincentians\/","article_author":"https:\/\/www.facebook.com\/JavierChento","article_published_time":"2022-02-09T07:02:22+00:00","og_image":[{"width":2560,"height":1216,"url":"https:\/\/i0.wp.com\/vincentians.com\/es\/wp-content\/uploads\/sites\/11\/2013\/04\/f-2-scaled.jpg?fit=2560%2C1216&ssl=1","type":"image\/jpeg"}],"author":"Francisco Javier Fern\u00e1ndez Chento","twitter_card":"summary_large_image","twitter_creator":"@https:\/\/twitter.com\/javierchento","twitter_site":"@WeVincentians","twitter_misc":{"Escrito por":"Francisco Javier Fern\u00e1ndez Chento","Tiempo de lectura":"12 minutos"},"schema":{"@context":"https:\/\/schema.org","@graph":[{"@type":"Article","@id":"https:\/\/vincentians.com\/es\/el-senor-vicente-relee-su-vida-influencias\/#article","isPartOf":{"@id":"https:\/\/vincentians.com\/es\/el-senor-vicente-relee-su-vida-influencias\/"},"author":{"name":"Francisco Javier Fern\u00e1ndez Chento","@id":"http:\/\/vincentians.com\/es\/#\/schema\/person\/9623ef4d9aa3b2dfb8c061f1499288f2"},"headline":"El Se\u00f1or Vicente relee su vida: Influencias","datePublished":"2022-02-09T07:02:22+00:00","mainEntityOfPage":{"@id":"https:\/\/vincentians.com\/es\/el-senor-vicente-relee-su-vida-influencias\/"},"wordCount":2330,"commentCount":0,"publisher":{"@id":"http:\/\/vincentians.com\/es\/#organization"},"image":{"@id":"https:\/\/vincentians.com\/es\/el-senor-vicente-relee-su-vida-influencias\/#primaryimage"},"thumbnailUrl":"https:\/\/i0.wp.com\/vincentians.com\/es\/wp-content\/uploads\/sites\/11\/2013\/04\/f-2-scaled.jpg?fit=2560%2C1216&ssl=1","keywords":["Berulle","Clichy","Gasteaud","Portail","Reina Margarita","Robineau","San Leonardo"],"articleSection":["Vicente de Pa\u00fal"],"inLanguage":"es","potentialAction":[{"@type":"CommentAction","name":"Comment","target":["https:\/\/vincentians.com\/es\/el-senor-vicente-relee-su-vida-influencias\/#respond"]}]},{"@type":"WebPage","@id":"https:\/\/vincentians.com\/es\/el-senor-vicente-relee-su-vida-influencias\/","url":"https:\/\/vincentians.com\/es\/el-senor-vicente-relee-su-vida-influencias\/","name":"El Se\u00f1or Vicente relee su vida: Influencias - Somos Vicencianos","isPartOf":{"@id":"http:\/\/vincentians.com\/es\/#website"},"primaryImageOfPage":{"@id":"https:\/\/vincentians.com\/es\/el-senor-vicente-relee-su-vida-influencias\/#primaryimage"},"image":{"@id":"https:\/\/vincentians.com\/es\/el-senor-vicente-relee-su-vida-influencias\/#primaryimage"},"thumbnailUrl":"https:\/\/i0.wp.com\/vincentians.com\/es\/wp-content\/uploads\/sites\/11\/2013\/04\/f-2-scaled.jpg?fit=2560%2C1216&ssl=1","datePublished":"2022-02-09T07:02:22+00:00","breadcrumb":{"@id":"https:\/\/vincentians.com\/es\/el-senor-vicente-relee-su-vida-influencias\/#breadcrumb"},"inLanguage":"es","potentialAction":[{"@type":"ReadAction","target":["https:\/\/vincentians.com\/es\/el-senor-vicente-relee-su-vida-influencias\/"]}]},{"@type":"ImageObject","inLanguage":"es","@id":"https:\/\/vincentians.com\/es\/el-senor-vicente-relee-su-vida-influencias\/#primaryimage","url":"https:\/\/i0.wp.com\/vincentians.com\/es\/wp-content\/uploads\/sites\/11\/2013\/04\/f-2-scaled.jpg?fit=2560%2C1216&ssl=1","contentUrl":"https:\/\/i0.wp.com\/vincentians.com\/es\/wp-content\/uploads\/sites\/11\/2013\/04\/f-2-scaled.jpg?fit=2560%2C1216&ssl=1","width":2560,"height":1216},{"@type":"BreadcrumbList","@id":"https:\/\/vincentians.com\/es\/el-senor-vicente-relee-su-vida-influencias\/#breadcrumb","itemListElement":[{"@type":"ListItem","position":1,"name":"Portada","item":"http:\/\/vincentians.com\/es\/"},{"@type":"ListItem","position":2,"name":"El Se\u00f1or Vicente relee su vida: Influencias"}]},{"@type":"WebSite","@id":"http:\/\/vincentians.com\/es\/#website","url":"http:\/\/vincentians.com\/es\/","name":"Somos Vicencianos","description":"Know more to serve more","publisher":{"@id":"http:\/\/vincentians.com\/es\/#organization"},"potentialAction":[{"@type":"SearchAction","target":{"@type":"EntryPoint","urlTemplate":"http:\/\/vincentians.com\/es\/?s={search_term_string}"},"query-input":{"@type":"PropertyValueSpecification","valueRequired":true,"valueName":"search_term_string"}}],"inLanguage":"es"},{"@type":"Organization","@id":"http:\/\/vincentians.com\/es\/#organization","name":"The Vincentian Network","url":"http:\/\/vincentians.com\/es\/","logo":{"@type":"ImageObject","inLanguage":"es","@id":"http:\/\/vincentians.com\/es\/#\/schema\/logo\/image\/","url":"https:\/\/i1.wp.com\/vincentians.com\/es\/wp-content\/uploads\/sites\/11\/2016\/06\/Vincentian-Network-logo-big.png?fit=778%2C778","contentUrl":"https:\/\/i1.wp.com\/vincentians.com\/es\/wp-content\/uploads\/sites\/11\/2016\/06\/Vincentian-Network-logo-big.png?fit=778%2C778","width":778,"height":778,"caption":"The Vincentian Network"},"image":{"@id":"http:\/\/vincentians.com\/es\/#\/schema\/logo\/image\/"},"sameAs":["https:\/\/www.facebook.com\/WeAreVincentians\/","https:\/\/x.com\/WeVincentians"]},{"@type":"Person","@id":"http:\/\/vincentians.com\/es\/#\/schema\/person\/9623ef4d9aa3b2dfb8c061f1499288f2","name":"Francisco Javier Fern\u00e1ndez Chento","image":{"@type":"ImageObject","inLanguage":"es","@id":"http:\/\/vincentians.com\/es\/#\/schema\/person\/image\/","url":"https:\/\/secure.gravatar.com\/avatar\/497d5cde87b4c3d097d0315953521681ba2cd523ee66e5077c3711f7021e65de?s=96&d=mm&r=g","contentUrl":"https:\/\/secure.gravatar.com\/avatar\/497d5cde87b4c3d097d0315953521681ba2cd523ee66e5077c3711f7021e65de?s=96&d=mm&r=g","caption":"Francisco Javier Fern\u00e1ndez Chento"},"description":"Director General y cofundador de La Red de Formaci\u00f3n Vicenciana. Javier es laico vicenciano, afiliado a la Congregaci\u00f3n de la Misi\u00f3n y miembro del Equipo de Misiones Populares de la provincia can\u00f3nica de Zaragoza (Espa\u00f1a) de la Congregaci\u00f3n de la Misi\u00f3n. Graduado en la Universidad Oberta de Catalunya con cuatro grados (Asistente de direcci\u00f3n, Gesti\u00f3n Administrativa, Recursos Humanos y Contabilidad Avanzada). Bil\u00edng\u00fce Espa\u00f1ol\/Ingl\u00e9s. gestiona y mantiene varias p\u00e1ginas web cristianas y vicencianas, incluida including La Red de Formaci\u00f3n Vicenciana, de la que es cofundador. Actualmente es responsable del \u00e1rea de Espa\u00f1ol de .famvin, la Red de Noticias de la Familia Vicenciana. Tambi\u00e9n es m\u00fasico cat\u00f3lico y ha editado varios discos. Es Director General y cofundador de Trovador, una reconocida compa\u00f1\u00eda discogr\u00e1fica critiana de Espa\u00f1a. Trabaja en las Tecnolog\u00edas de la Informaci\u00f3n, ofreciendo servicios de alojamiento, dise\u00f1o y mantenimiento Web, as\u00ed como asesoramiento, formaci\u00f3n y soluciones inform\u00e1ticas, gesti\u00f3n documental y digitalizaci\u00f3n de textos, edici\u00f3n y maquetaci\u00f3n de libros, revistas, flyers, etc.","sameAs":["http:\/\/chento.org","https:\/\/www.facebook.com\/JavierChento","https:\/\/x.com\/https:\/\/twitter.com\/javierchento"],"url":"https:\/\/vincentians.com\/es\/author\/chento\/"}]}},"jetpack_publicize_connections":[],"jetpack_featured_media_url":"https:\/\/i0.wp.com\/vincentians.com\/es\/wp-content\/uploads\/sites\/11\/2013\/04\/f-2-scaled.jpg?fit=2560%2C1216&ssl=1","jetpack_sharing_enabled":true,"jetpack_shortlink":"https:\/\/wp.me\/p7ETMF-v8B","jetpack-related-posts":[{"id":131898,"url":"https:\/\/vincentians.com\/es\/el-senor-vicente-relee-su-vida-vi\/","url_meta":{"origin":119697,"position":0},"title":"El se\u00f1or Vicente relee su vida (VI)","author":"Francisco Javier Fern\u00e1ndez Chento","date":"11\/12\/2014","format":false,"excerpt":"Influencias Podr\u00eda tratar de deciros un poco lo que esto me ha supuesto. Hab\u00e9is podido advertir que desde mis comienzos en el mundo he conocido m\u00e1s sinsabores que \u00e9xitos en mis empresas\u2026 Hab\u00eda que tomar conciencia, pero yo mezclaba las vistas insondables de la Providencia de las que habla San\u2026","rel":"","context":"En \u00abVicente de Pa\u00fal\u00bb","block_context":{"text":"Vicente de Pa\u00fal","link":"https:\/\/vincentians.com\/es\/category\/la-familia-vicenciana\/fundadores\/vicente-de-paul\/"},"img":{"alt_text":"corazon","src":"https:\/\/i0.wp.com\/vicencianos.org\/wp-content\/2014\/12\/corazon-289x300.jpg?resize=350%2C200","width":350,"height":200},"classes":[]},{"id":130444,"url":"https:\/\/vincentians.com\/es\/un-perfil-heroico-santa-luisa-de-marillac-19\/","url_meta":{"origin":119697,"position":1},"title":"Un perfil heroico: santa Luisa de Marillac (19)","author":"Francisco Javier Fern\u00e1ndez Chento","date":"13\/03\/2015","format":false,"excerpt":"Y pondr\u00e9 mi esp\u00edritu en vosotros, y har\u00e9 que guard\u00e9is mis preceptos. Y vosotros ser\u00e9is el pueblo m\u00edo, y yo ser\u00e9 vuestro Dios. (Ezequiel, XXXVI.) VICENTE de Pa\u00fal, cuyo coraz\u00f3n se regocijaba santamente al contemplar las bellas disposiciones de esp\u00edritu de las Hijas de la Caridad, y los frutos copiosos\u2026","rel":"","context":"En \u00abLuisa de Marillac\u00bb","block_context":{"text":"Luisa de Marillac","link":"https:\/\/vincentians.com\/es\/category\/la-familia-vicenciana\/fundadores\/luisa-de-marillac\/"},"img":{"alt_text":"OLYMPUS DIGITAL CAMERA","src":"https:\/\/i0.wp.com\/vicencianos.org\/wp-content\/2014\/04\/louise-marillac-300x248.jpg?resize=350%2C200","width":350,"height":200},"classes":[]},{"id":130889,"url":"https:\/\/vincentians.com\/es\/el-camino-de-san-vicente-confianza-en-la-providencia\/","url_meta":{"origin":119697,"position":2},"title":"El camino de San Vicente: Confianza en la providencia","author":"Francisco Javier Fern\u00e1ndez Chento","date":"20\/02\/2015","format":false,"excerpt":"Escucha, hermano m\u00edo, estas impresionantes palabras de san Vicente: Si alguna vez la providencia de Dios permite que la congregaci\u00f3n, o alguna de sus casa, o alguno de sus miembros, sea injustamente objeto de calumnia o de persecuci\u00f3n, nos cuidaremos muy mucho de vengarnos o de maldecir, o incluso de\u2026","rel":"","context":"En \u00abFormaci\u00f3n Vicenciana\u00bb","block_context":{"text":"Formaci\u00f3n Vicenciana","link":"https:\/\/vincentians.com\/es\/category\/formacion-vicenciana\/"},"img":{"alt_text":"Flowers of red poppy between rite wheat","src":"https:\/\/i0.wp.com\/vicencianos.org\/wp-content\/2014\/08\/providencia-300x201.jpg?resize=350%2C200","width":350,"height":200},"classes":[]},{"id":387061,"url":"https:\/\/vincentians.com\/es\/luisa-de-marillac-encuentra-a-vicente-de-paul\/","url_meta":{"origin":119697,"position":3},"title":"Luisa de Marillac encuentra a Vicente de Pa\u00fal","author":"Mitxel Olabu\u00e9naga","date":"22\/08\/2019","format":false,"excerpt":"Desde la muerte de Antonio Le Gras, el 21 de diciembre de 1625, Luisa vivi\u00f3 una nueva \u00e9poca. Fue como una vida distinta despu\u00e9s de un segundo nacimiento. Hoy podemos dividirla en cuatro etapas: de 1625 a 1633, de 1633 a 1639, de 1639 a 1650 y de 1650 hasta\u2026","rel":"","context":"En \u00abEspiritualidad\u00bb","block_context":{"text":"Espiritualidad","link":"https:\/\/vincentians.com\/es\/category\/espiritualidad\/"},"img":{"alt_text":"","src":"https:\/\/i0.wp.com\/vincentians.com\/es\/wp-content\/uploads\/sites\/11\/2013\/04\/hijas-caridad.jpg?fit=1195%2C630&ssl=1&resize=350%2C200","width":350,"height":200,"srcset":"https:\/\/i0.wp.com\/vincentians.com\/es\/wp-content\/uploads\/sites\/11\/2013\/04\/hijas-caridad.jpg?fit=1195%2C630&ssl=1&resize=350%2C200 1x, https:\/\/i0.wp.com\/vincentians.com\/es\/wp-content\/uploads\/sites\/11\/2013\/04\/hijas-caridad.jpg?fit=1195%2C630&ssl=1&resize=525%2C300 1.5x, https:\/\/i0.wp.com\/vincentians.com\/es\/wp-content\/uploads\/sites\/11\/2013\/04\/hijas-caridad.jpg?fit=1195%2C630&ssl=1&resize=700%2C400 2x, https:\/\/i0.wp.com\/vincentians.com\/es\/wp-content\/uploads\/sites\/11\/2013\/04\/hijas-caridad.jpg?fit=1195%2C630&ssl=1&resize=1050%2C600 3x"},"classes":[]},{"id":109595,"url":"https:\/\/vincentians.com\/es\/san-vicente-de-paul-su-vida-su-tiempo-sus-obras-su-influencia-libro-7-capitulo-1\/","url_meta":{"origin":119697,"position":4},"title":"San Vicente de Pa\u00fal. Su vida, su tiempo; sus obras, su influencia. Libro 7, cap\u00edtulo 1","author":"Francisco Javier Fern\u00e1ndez Chento","date":"25\/01\/2015","format":false,"excerpt":"LIBRO VII: Las Hijas y las Damas de la Caridad.2 Los Hospitales Cap\u00edtulo Primero: Las Hijas de la Caridad. Hemos advertido m\u00e1s de una vez que, en todas sus Misiones, Vicente y sus hijos dejaban siempre una cofrad\u00eda de la Caridad como monumento de su paso. Durante algunos a\u00f1os, el\u2026","rel":"","context":"En \u00abVicente de Pa\u00fal\u00bb","block_context":{"text":"Vicente de Pa\u00fal","link":"https:\/\/vincentians.com\/es\/category\/la-familia-vicenciana\/fundadores\/vicente-de-paul\/"},"img":{"alt_text":"","src":"","width":0,"height":0},"classes":[]},{"id":125783,"url":"https:\/\/vincentians.com\/es\/reencuentro-con-la-providencia\/","url_meta":{"origin":119697,"position":5},"title":"Reencuentro con la providencia","author":"Francisco Javier Fern\u00e1ndez Chento","date":"06\/12\/2013","format":false,"excerpt":"Durante su vida, san Vicente hablaba de la providencia con gran convencimiento. Ve\u00eda la mano de Dios, obrando en todas partes. Su\u00adplicaba a la providencia que animara a los que andaban a tientas en la oscuridad, que fortaleciera a los que sufr\u00edan, que frenara a los apresu\u00adrados, que iluminara a\u2026","rel":"","context":"En \u00abEspiritualidad vicenciana\u00bb","block_context":{"text":"Espiritualidad vicenciana","link":"https:\/\/vincentians.com\/es\/category\/espiritualidad\/espiritualidad-vicenciana\/"},"img":{"alt_text":"providencia","src":"https:\/\/i0.wp.com\/vicencianos.org\/wp-content\/2013\/12\/providencia-300x222.jpg?resize=350%2C200","width":350,"height":200},"classes":[]}],"_links":{"self":[{"href":"https:\/\/vincentians.com\/es\/wp-json\/wp\/v2\/posts\/119697","targetHints":{"allow":["GET"]}}],"collection":[{"href":"https:\/\/vincentians.com\/es\/wp-json\/wp\/v2\/posts"}],"about":[{"href":"https:\/\/vincentians.com\/es\/wp-json\/wp\/v2\/types\/post"}],"author":[{"embeddable":true,"href":"https:\/\/vincentians.com\/es\/wp-json\/wp\/v2\/users\/4"}],"replies":[{"embeddable":true,"href":"https:\/\/vincentians.com\/es\/wp-json\/wp\/v2\/comments?post=119697"}],"version-history":[{"count":1,"href":"https:\/\/vincentians.com\/es\/wp-json\/wp\/v2\/posts\/119697\/revisions"}],"predecessor-version":[{"id":404063,"href":"https:\/\/vincentians.com\/es\/wp-json\/wp\/v2\/posts\/119697\/revisions\/404063"}],"wp:featuredmedia":[{"embeddable":true,"href":"https:\/\/vincentians.com\/es\/wp-json\/wp\/v2\/media\/404062"}],"wp:attachment":[{"href":"https:\/\/vincentians.com\/es\/wp-json\/wp\/v2\/media?parent=119697"}],"wp:term":[{"taxonomy":"category","embeddable":true,"href":"https:\/\/vincentians.com\/es\/wp-json\/wp\/v2\/categories?post=119697"},{"taxonomy":"post_tag","embeddable":true,"href":"https:\/\/vincentians.com\/es\/wp-json\/wp\/v2\/tags?post=119697"}],"curies":[{"name":"wp","href":"https:\/\/api.w.org\/{rel}","templated":true}]}}