{"id":119472,"date":"2022-05-03T08:34:40","date_gmt":"2022-05-03T06:34:40","guid":{"rendered":"http:\/\/somos.vicencianos.org\/?p=119472"},"modified":"2022-02-14T09:40:51","modified_gmt":"2022-02-14T08:40:51","slug":"la-madre-seton","status":"publish","type":"post","link":"https:\/\/vincentians.com\/es\/la-madre-seton\/","title":{"rendered":"La Madre Seton"},"content":{"rendered":"<p>La primera beata de nacionalidad norteamericana ha sido pro\u00adclamada en la bas\u00edlica de San Pedro en el curso de una ceremonia a la cual asistieron los Cardenales Francis Spellmnan, Arzobispo de Nueva York, y Joseph Elmer Ritter, Arzobispo de San Luis, as\u00ed como otros Obispos norteamericanos y una importante y numerosa pere\u00adgrinaci\u00f3n de los Estados Unidos. Entre estos peregrinos se encontraba la se\u00f1orita Ann Therese O&#8217;Neill, quien contando quince a\u00f1os de edad cay\u00f3 enferma de leucemia y fue curada milagrosamente mediante la intercesi\u00f3n de la Madre Seton, desde hoy nueva beata de la Iglesia.<\/p>\n<p>Acompa\u00f1ado por Mons. Enrico Dante, secretario de la Congrega\u00adci\u00f3n de Ritos, el postulador de la causa de beatificaci\u00f3n se dirigi\u00f3 hacia el Cardenal prefecto de la misma para solicitar la lectura del breve pontificio, en el que se reconoce que Elizabeth Ann Bailey, la Madre Seton, puede ser considerada como bienaventurada. El Car\u00addenal Larraona contest\u00f3 en lat\u00edn, diciendo que hac\u00eda falta obtener la autorizaci\u00f3n del Cardenal Paolo Marella, arcipreste de la bas\u00edli\u00adca. Despu\u00e9s de haber recibido el consentimiento de este Prelado e] postulador se retir\u00f3, y acto seguido uno de los can\u00f3nigos de San Pe\u00addro dio lectura, en lat\u00edn, al documento pontificio de beatificaci\u00f3n, en el que se incluye una biograf\u00eda y las virtudes y milagros debidos a la Madre Seton.<\/p>\n<p>En este momento de la lectura, la gran bas\u00edlica, que estaba su\u00admida en una casi total oscuridad, se ilumin\u00f3 al encenderse todas las l\u00e1mparas de la bas\u00edlica, mientras las grandes vidrieras en las que est\u00e1 representado el Esp\u00edritu Santo eran descubiertas. Al mismo tiem\u00adpo, todas las campanas de San Pedro hac\u00edan sonar sus repiques de alegr\u00eda.<\/p>\n<p>La bas\u00edlica aparec\u00eda especialmente decorada con tapices rojos y oro, y un gran retrato de la Madre Seton aparec\u00eda colgado sobre el altar mayor y asimismo en el exterior de la iglesia.<\/p>\n<p>Despu\u00e9s de la lectura del breve pontificio de beatificaci\u00f3n se can\u00adt\u00f3 un solemne ted\u00e9um de gracias r a continuaci\u00f3n se celebr\u00f3 la misa solemne.<\/p>\n<p>La nueva beata, Elizabeth Ann, naci\u00f3 en el seno de una familia protestante en Nueva York el 28 de agosto de 1774 y falleci\u00f3 en Em\u00admitsburg (Maryland), el 4 de enero de 1821. En 1793 contrajo matri\u00admonio con William Seton, protestante, y el matrimonio tuvo cinco hijos.<\/p>\n<p>Mister Seton, importante hombre de negocios navieros, y su espo\u00adsa vivieron en el barrio de Manhattan. La salud del se\u00f1or Seton se resinti\u00f3 y el matrimonio decidi\u00f3 emprender un viaje a Europa a vi\u00adsitar a dos amigos que ten\u00edan en Liorna (Italia). Al llegar el marido, que padec\u00eda tuberculosis, empeor\u00f3, y una semana despu\u00e9s fallec\u00eda el 27 de diciembre de 1803.<\/p>\n<p>A los treinta a\u00f1os de edad, ya viuda, Elizabeth Ann comenz\u00f3 a mostrar inter\u00e9s por la Iglesia cat\u00f3lica, y al volver unos meses des\u00adpu\u00e9s a su pa\u00eds se convirti\u00f3 y abri\u00f3 una peque\u00f1a escuela en Nueva York, que hubo de cerrar pronto por falta de medios econ\u00f3micos. Por invitaci\u00f3n del rector del Colegio de Santa Mar\u00eda, en Baltimore, Elizabeth Ann se traslad\u00f3 a esta ciudad, y ya con pleno \u00e9xito abri\u00f3 una escuela, que poco m\u00e1s tarde se transformar\u00eda en el centro de la Comunidad religiosa que ella fund\u00f3 bajo el nombre de Hermanas de la Caridad de San Jos\u00e9. Andando el tiempo, el instituto adopt\u00f3 las normas de las Hermanas de la Caridad de San Vicente de Pa\u00fal.<\/p>\n<p>Elegida por primera vez Superiora general en 1812, la Madre Se- ton multiplic\u00f3 sus trabajos e iniciativas y abri\u00f3 escuelas y orfelina\u00adtos en Nueva York y Filadelfia. Finalmente, despu\u00e9s de un per\u00edodo de intensa actividad y tras breve enfermedad, la Madre Seton en\u00adtreg\u00f3 su alma a Dios el 4 de enero, de 1821.<\/p>\n<p>El P. Francisco Antonelli, que llev\u00f3 a cabo extensos trabajos en Estados Unidos y Canad\u00e1 para investigar la causa de beatificaci\u00f3n, dice que su documentaci\u00f3n oficial demuestra que la Madre Seton ten\u00eda una inteligencia viva y despierta, un temperamento abierto y franco y una exquisita sensibilidad para el bien, y asimismo una verdadera belleza f\u00edsica, no afectada por la vanidad\u00bb.<\/p>\n<p><b>Ense\u00f1anzas de un alma heroica<\/b><\/p>\n<p>Discurso del Papa en la beatificaci\u00f3n de Isabel Ana Bayley Seton: \u00abVenerables hermanos, queridos hijos: El trozo evang\u00e9lico de la dominica de hoy, tercera de cuaresma, nos trae el eco suave y consolador de la palabra del Salvador Divino: \u00abBienaventurados los que oyen la palabras de Dios y a guardan\u00bb (Luc., 11, 28). Esta bien\u00adaventuranza resume la esencia de toda la vida cristiana, armon\u00eda de fe y de obras, de pensamiento y de acci\u00f3n, que a partir de la semi\u00adlla sembrada en el bautismo marcha en pleno desarrollo hacia los esplendores de la vida eterna.<\/p>\n<p>Esta tarde le place al humilde Vicario de Cristo aplicar esas pa\u00adlabras a quien la Iglesia venera desde hoy en la gloria de los bea\u00adtos: Isabel. Ana Bayley Seton. Verdaderamente bienaventurada, por\u00adque oy\u00f3 la voz de Dios y la puso en pr\u00e1ctica.<\/p>\n<p>El Se\u00f1or nos ha concedido gozar un nuevo rayo de la divina Pro\u00advidencia, y al elevar el himno de acci\u00f3n de gracias con las notas del ted\u00e9um, nuestro \u00e1nimo se llena de emocionada gratitud. Siempre ad\u00admirable en sus santos (ps. 67-36), Dios enciende en la humanidad que peregrina hacia el cielo rayos de un nuevo esplendor.<\/p>\n<p>El pensamiento gusta detenerse en la mansa y fuerte figura de la beata, propuesta como universal ejemplo de heroica virtud, para adoptar luces de ense\u00f1anza, de aliento y de buenas inspiraciones.<\/p>\n<p>Isabel Seton es la primera flor&#8211;oficialmente reconocida\u2014de san\u00adtidad que los Estados Unidos de Am\u00e9rica ofrecen al mundo&#8217;. Hija aut\u00e9ntica de aquella naci\u00f3n, vivi\u00f3 desde 1774 a 1821, justamente cuando la joven Rep\u00fablica acababa de afianzarse en el concierto de las naciones, para dar prueba de sus inagotables posibilidades en todos los campos. Adem\u00e1s, en aquellos a\u00f1os se constitu\u00eda la jerar\u00adqu\u00eda cat\u00f3lica, y sobre la s\u00f3lida roca de la fe cristiana se pon\u00edan las bases seguras de un maravilloso desarrollo de las obras cat\u00f3licas, como hoy aparece con toda su eficacia.<\/p>\n<p>El primer pensamiento de especial aliento va dirigido, pues, a la tierra de origen de la nueva beata. En los Estados Unidos a los h\u00e9\u00adroes de las m\u00e1s nobles empresas humanas se les dedican en vida y en muerte aclamaciones y simpat\u00edas. Nos place reconocer que no menos atenci\u00f3n, respecto y amor se les dedica a los hombres y a las mujeres que se han entregado a Cristo, a su Evangelio, a la activi\u00addad de una existencia exquisitamente evang\u00e9lica, y tambi\u00e9n a las m\u00e1s r\u00edgida disciplina asc\u00e9tica, con el creciente florecimiento de las ordenes contemplativas.<\/p>\n<p>Sus ciudadanos han surcado los mares y los cielos, han realiza\u00addo empresas excelentes, han dado amplia hospitalidad de tiempo en tiempo las dificultades acaecidas, dando a su legislaci\u00f3n\u2014que se de\u00adriva de los principios de la moral cristiana\u2014un contenido que responde cada vez m\u00e1s a la dignidad de la persona humana. Nos con\u00adforta el poder rendir este testimonio a esa ilustre naci\u00f3n, como au\u00adgurio de ulteriores afanes en la afirmaci\u00f3n de lo espiritual.<\/p>\n<p>En el tercer domingo de Cuaresma de 1963 es la primera vez que sobre el altar de la c\u00e1tedra de San Pedro aparece gloriosa la ima\u00adgen de una hero\u00edna de los Estados Unidos de Am\u00e9rica. En el vario concierto de la santidad de la Iglesia se suma una nota, que apor\u00adta el elemento propio de aquel pueblo, pues, como dice San Ambro\u00adsio, es un \u00fanico cuerpo real, que se compone de diversas proceden\u00adcias: \u00abreina, de reinado indiviso, formando un \u00fanico cuerpo de di\u00adversos y distantes pueblos\u00bb (Expsit. Evangit. sec. Luc., lib. 7, cap. 2: Pl. 15. 1.700).<\/p>\n<p>De esta forma toda la Iglesia, aqu\u00ed representada por hombres de diversas procedencias y estirpes, rinden un homenaje de veneraci\u00f3n a Isabel Seton.<\/p>\n<p>Miremos de cerca a \u00e9sta que hoy se eleva a la gloria de los bea\u00adtos: Isabel Seton, prodigio de la gracia celestial.<\/p>\n<p>Dios llev\u00f3 a esta mujer a muchas experiencias y a profundas de\u00adcisiones de vida espiritual, si\u00e9ndole la fe algo habitual, como la res\u00adpiraci\u00f3n de su vida: llen\u00e1ndola de amor al pr\u00f3jimo, especialmente, en una hora doloros\u00edsima de su existencia, para que tocase con su mano la presencia de Dios, que consuela a los humildes (2 Cor., 7, 6).<\/p>\n<p>Pensamos en el apostolado, lleno de delicadeza, que desarroll\u00f3 la familia Filicchi, con que Isabel estuvo en contacto en 1803, con oca\u00adsi\u00f3n de su viaje a Italia. En Livorno se le muri\u00f3 el marido en aquel a\u00f1o. Aquella familia libornesa, instrumento f\u00e1cil para las inspira\u00adciones celestiales y verdaderamente sabias para ponerlas en pr\u00e1cti\u00adca, fue l\u00edmpido ejemplo de fidelidad a la Iglesia, presentando a los ojos de la ferviente episcopaliana\u2014como entonces era Isabel\u2014el cua\u00addro ideal de un catolicismo vivido y del que se sinti\u00f3 atra\u00edda.<\/p>\n<p>La nueva beata, como puede decirse de otros insignes persona\u00adjes del siglo pasado, lleg\u00f3 al catolicismo no a trav\u00e9s de la negaci\u00f3n del pasado, sino como a una meta providencial de estudio, de ora\u00adci\u00f3n y de caridad, a la cual la dispon\u00eda toda la orientaci\u00f3n de su vida anterior. Un paso despu\u00e9s de otro se encontr\u00f3 en el seno de la Iglesia cat\u00f3lica, fue para ella un enriquecer el patrimonio que ya po\u00adse\u00eda, un abrir el cofre cerrado que estaba en sus manos, un pene\u00adtrar en el conocimiento de la verdad plena, cerca de cuya morada Re hab\u00eda encontrado desde sus j\u00f3venes a\u00f1os.<\/p>\n<p>Los caminos del Se\u00f1or son infinitos: \u00abSe\u00f1or, est\u00e1s cercano, y la verdad, son tus caminos\u00bb (ps. 118, 151). Venerables hermanos y que\u00adridos hijos; No los recorramos con \u00e1nimo impaciente, a la espera del encuentro con tantos hermanos nuestros, que la \u00faltima oraci\u00f3n del Salvador Divino pidi\u00f3 con acentos sobrehumanos: \u00abque todos sean una sola cosa\u00bb (Juan, 17, 21). Nos basta levantar los ojos llenos de confianza hacia la nueva beata, que, desde su imagen, irradia en\u00adcantos de atracci\u00f3n espiritual sobre las almas seguros de su pode\u00adrosa intercesi\u00f3n.<\/p>\n<p>Y exhortamos al mismo tiempo a todos los hijos de la familia universal. cat\u00f3lica para que con su ejemplo de fidelidad al ideal Al\u00adt\u00edsimo, propuesto por Cristo\u2014unidos a El, y por El unidos al Padre, y en la santa Iglesia unidos al sucesor de San Pedro, cabeza visi\u00adble de la familia cat\u00f3lica\u2014sean tambi\u00e9n ellos instrumentos de sal\u00advaci\u00f3n y de verdadera alegr\u00eda.<\/p>\n<p>Isabel Seton, que fue objeto de especial amor de Dios y al pr\u00f3\u00adjimo, dio, a su vez, impulso y avance a la caridad.<\/p>\n<p>El nombre y el s\u00edmbolo de la caridad se convirti\u00f3 en el progra\u00adma, de su vida interior y de su actividad exterior; este latido se pro\u00adpag\u00f3 desde su familia natural a la extensa familia de sus herma\u00adnos de ayer y a todos los encuadrados en las bienaventuranzas de Cristo: los pobres, los perseguidos, los d\u00e9biles, los enfermos, los oprimidos.<\/p>\n<p>Con la fundaci\u00f3n de la familia religiosa de las Hermanas de la Caridad de San Jos\u00e9, cuatro a\u00f1os despu\u00e9s de su encuentro con el catolicismo, quiso dedicarse a todas las formas de la caridad con el ejercicio voluntarioso de las obras de misericordia espiritual y cor\u00adporal. Junto a las innumerables providencias en favor de los hu\u00e9r\u00adfanos y necesitados ocup\u00f3 un primer puesto su obra en pro de la educaci\u00f3n de la juventud, por la cual es justamente tenida como una de las precursoras del sistema escolar parroquial, que tantos frutos ha dado y contin\u00faa dando en los Estados Unidos, ofreciendo a la Iglesia y a la naci\u00f3n escuadras de cat\u00f3licos fervientes y de ciudadanos ejemplares.<\/p>\n<p>La, figura de Isabel Seton contin\u00faa viviendo en la entrega de sus hijas espirituales, que todav\u00eda se dedican cada una de ellas a bene\u00adficiar a innumerables escuadras de adultos y de ni\u00f1os, de necesita\u00addos en el cuerpo y en esp\u00edritu. Y gustamos de tener nuestra mirada en todas las Hermanas de la Caridad. Con h\u00e1bitos distintos y reglas adaptadas a los climas y a las costumbres de los diversos pa\u00ed\u00adses renuevan la gesta de San Vicente de Pa\u00fal y de Santa Luisa de Marillac. De la incansable actividad de cada una, movida por el amor a Dios, se levanta en todo el mundo, con m\u00faltiples aplicacio\u00adnes, el himno de San Pablo, con toda su frescura y atracci\u00f3n: \u00abLa caridad es paciente, es benigna; la caridad no es fastidiosa, no bus\u00adca su propio inter\u00e9s, se alegra en la posesi\u00f3n de la verdad, a todo se acomoda, todo lo cree, todo lo espera, todo lo soporta\u00bb (1 Cor., 13, 4-7).<\/p>\n<p>Nos sentimos afecto paternal, admiraci\u00f3n y gratitud por todas las religiosas, y estamos seguros de que ellas, particularmente en este a\u00f1o del Concilio, ser\u00e1n como las v\u00edrgenes prudentes del Evangelio. Es decir, dispuestas a aceptar todas las indicaciones de la jerar\u00adqu\u00eda en pro de un servicio que responda, cada vez m\u00e1s, en todos los campos a las necesidades y a las exigencias de nuestro tiempo.<\/p>\n<p>La glorificaci\u00f3n de una hero\u00edna de la caridad quiere infundir un nuevo af\u00e1n de entrega, no solamente a estas benem\u00e9ritas religio\u00adsas, sino tambi\u00e9n a todos los miembros de la Iglesia, sacerdotes y seglares, ancianos y j\u00f3venes, para que con la caridad sepan dar el testimonio de amor y de obras para que el mundo espera.<\/p>\n<p>\u00a1Oh, beata Isabel Seton, que brillas hoy ante el mundo por tu fidelidad a las promesas bautismales, mira con ojos de predilecci\u00f3n a tu pueblo, que de ti se gloria como primera flor de santidad! Con\u00adc\u00e9deles de Dios la gracia de guardar el sagrado patrimonio de la vocaci\u00f3n al Evangelio, la firmeza en la fe, el ardor en la caridad para que corresponda a su particular vocaci\u00f3n. Y sobre la Iglesia en\u00adtera extiende su protecci\u00f3n, ofreci\u00e9ndole como ejemplo el fuego de generosidad y amor que te impuls\u00f3 de caridad en caridad (2 Cor., 3, 18) a la glorificaci\u00f3n de hoy.<\/p>\n<p>Venerables hermanos y queridos hijos: Como hermosa corona de este d\u00eda de alegr\u00eda desciendan sobre vosotros los abundantes favo\u00adres del Se\u00f1or, a quien se le debe \u00abhonor, gloria y poder por los si\u00adglos de los siglos\u00bb (Apo., 5, 13). Prenda y reverbero de las celestia\u00adles complacencias quiere ser la bendici\u00f3n apost\u00f3lica, que de cora\u00adz\u00f3n impartimos sobre cada uno de vosotros, sobre los peregrinos de los Estados Unidos de Am\u00e9rica, del Canad\u00e1 y de los dem\u00e1s pa\u00edses, y sobre todos los hombres y mujeres que fielmente custodian la here\u00addad de la Madre Isabel Seton. iFiat, Fiat!\u00bb.<\/p>\n","protected":false},"excerpt":{"rendered":"<p>La primera beata de nacionalidad norteamericana ha sido pro\u00adclamada en la bas\u00edlica de San Pedro en el curso de una ceremonia a la cual asistieron los Cardenales Francis Spellmnan, Arzobispo de Nueva York, y Joseph &#8230; <a href=\"https:\/\/vincentians.com\/es\/la-madre-seton\/\" class=\"more-link\">Read More<\/a><\/p>\n","protected":false},"author":4,"featured_media":404166,"comment_status":"open","ping_status":"open","sticky":false,"template":"","format":"standard","meta":{"jetpack_post_was_ever_published":false,"_jetpack_newsletter_access":"","_jetpack_dont_email_post_to_subs":false,"_jetpack_newsletter_tier_id":0,"_jetpack_memberships_contains_paywalled_content":false,"_jetpack_memberships_contains_paid_content":false,"footnotes":"","jetpack_publicize_message":"","jetpack_publicize_feature_enabled":true,"jetpack_social_post_already_shared":true,"jetpack_social_options":{"image_generator_settings":{"template":"highway","default_image_id":0,"font":"","enabled":false},"version":2}},"categories":[24],"tags":[],"class_list":["post-119472","post","type-post","status-publish","format-standard","has-post-thumbnail","hentry","category-isabel-ana-bayley-seton"],"yoast_head":"<!-- This site is optimized with the Yoast SEO plugin v26.3 - https:\/\/yoast.com\/wordpress\/plugins\/seo\/ -->\n<title>La Madre Seton - Somos Vicencianos<\/title>\n<meta name=\"robots\" content=\"index, follow, max-snippet:-1, max-image-preview:large, max-video-preview:-1\" \/>\n<link rel=\"canonical\" href=\"https:\/\/vincentians.com\/es\/la-madre-seton\/\" \/>\n<meta property=\"og:locale\" content=\"es_ES\" \/>\n<meta property=\"og:type\" content=\"article\" \/>\n<meta property=\"og:title\" content=\"La Madre Seton - Somos Vicencianos\" \/>\n<meta property=\"og:description\" content=\"La primera beata de nacionalidad norteamericana ha sido pro\u00adclamada en la bas\u00edlica de San Pedro en el curso de una ceremonia a la cual asistieron los Cardenales Francis Spellmnan, Arzobispo de Nueva York, y Joseph ... Read More\" \/>\n<meta property=\"og:url\" content=\"https:\/\/vincentians.com\/es\/la-madre-seton\/\" \/>\n<meta property=\"og:site_name\" content=\"Somos Vicencianos\" \/>\n<meta property=\"article:publisher\" content=\"https:\/\/www.facebook.com\/WeAreVincentians\/\" \/>\n<meta property=\"article:author\" content=\"https:\/\/www.facebook.com\/JavierChento\" \/>\n<meta property=\"article:published_time\" content=\"2022-05-03T06:34:40+00:00\" \/>\n<meta property=\"og:image\" content=\"https:\/\/i0.wp.com\/vincentians.com\/es\/wp-content\/uploads\/sites\/11\/2013\/05\/La-milagrosa3.jpg?fit=670%2C430&ssl=1\" \/>\n\t<meta property=\"og:image:width\" content=\"670\" \/>\n\t<meta property=\"og:image:height\" content=\"430\" \/>\n\t<meta property=\"og:image:type\" content=\"image\/jpeg\" \/>\n<meta name=\"author\" content=\"Francisco Javier Fern\u00e1ndez Chento\" \/>\n<meta name=\"twitter:card\" content=\"summary_large_image\" \/>\n<meta name=\"twitter:creator\" content=\"@https:\/\/twitter.com\/javierchento\" \/>\n<meta name=\"twitter:site\" content=\"@WeVincentians\" \/>\n<meta name=\"twitter:label1\" content=\"Escrito por\" \/>\n\t<meta name=\"twitter:data1\" content=\"Francisco Javier Fern\u00e1ndez Chento\" \/>\n\t<meta name=\"twitter:label2\" content=\"Tiempo de lectura\" \/>\n\t<meta name=\"twitter:data2\" content=\"13 minutos\" \/>\n<script type=\"application\/ld+json\" class=\"yoast-schema-graph\">{\"@context\":\"https:\/\/schema.org\",\"@graph\":[{\"@type\":\"Article\",\"@id\":\"https:\/\/vincentians.com\/es\/la-madre-seton\/#article\",\"isPartOf\":{\"@id\":\"https:\/\/vincentians.com\/es\/la-madre-seton\/\"},\"author\":{\"name\":\"Francisco Javier Fern\u00e1ndez Chento\",\"@id\":\"http:\/\/vincentians.com\/es\/#\/schema\/person\/9623ef4d9aa3b2dfb8c061f1499288f2\"},\"headline\":\"La Madre Seton\",\"datePublished\":\"2022-05-03T06:34:40+00:00\",\"mainEntityOfPage\":{\"@id\":\"https:\/\/vincentians.com\/es\/la-madre-seton\/\"},\"wordCount\":2580,\"commentCount\":0,\"publisher\":{\"@id\":\"http:\/\/vincentians.com\/es\/#organization\"},\"image\":{\"@id\":\"https:\/\/vincentians.com\/es\/la-madre-seton\/#primaryimage\"},\"thumbnailUrl\":\"https:\/\/i0.wp.com\/vincentians.com\/es\/wp-content\/uploads\/sites\/11\/2013\/05\/La-milagrosa3.jpg?fit=670%2C430&ssl=1\",\"articleSection\":[\"Isabel Ana Bayley Seton\"],\"inLanguage\":\"es\",\"potentialAction\":[{\"@type\":\"CommentAction\",\"name\":\"Comment\",\"target\":[\"https:\/\/vincentians.com\/es\/la-madre-seton\/#respond\"]}]},{\"@type\":\"WebPage\",\"@id\":\"https:\/\/vincentians.com\/es\/la-madre-seton\/\",\"url\":\"https:\/\/vincentians.com\/es\/la-madre-seton\/\",\"name\":\"La Madre Seton - Somos Vicencianos\",\"isPartOf\":{\"@id\":\"http:\/\/vincentians.com\/es\/#website\"},\"primaryImageOfPage\":{\"@id\":\"https:\/\/vincentians.com\/es\/la-madre-seton\/#primaryimage\"},\"image\":{\"@id\":\"https:\/\/vincentians.com\/es\/la-madre-seton\/#primaryimage\"},\"thumbnailUrl\":\"https:\/\/i0.wp.com\/vincentians.com\/es\/wp-content\/uploads\/sites\/11\/2013\/05\/La-milagrosa3.jpg?fit=670%2C430&ssl=1\",\"datePublished\":\"2022-05-03T06:34:40+00:00\",\"breadcrumb\":{\"@id\":\"https:\/\/vincentians.com\/es\/la-madre-seton\/#breadcrumb\"},\"inLanguage\":\"es\",\"potentialAction\":[{\"@type\":\"ReadAction\",\"target\":[\"https:\/\/vincentians.com\/es\/la-madre-seton\/\"]}]},{\"@type\":\"ImageObject\",\"inLanguage\":\"es\",\"@id\":\"https:\/\/vincentians.com\/es\/la-madre-seton\/#primaryimage\",\"url\":\"https:\/\/i0.wp.com\/vincentians.com\/es\/wp-content\/uploads\/sites\/11\/2013\/05\/La-milagrosa3.jpg?fit=670%2C430&ssl=1\",\"contentUrl\":\"https:\/\/i0.wp.com\/vincentians.com\/es\/wp-content\/uploads\/sites\/11\/2013\/05\/La-milagrosa3.jpg?fit=670%2C430&ssl=1\",\"width\":670,\"height\":430},{\"@type\":\"BreadcrumbList\",\"@id\":\"https:\/\/vincentians.com\/es\/la-madre-seton\/#breadcrumb\",\"itemListElement\":[{\"@type\":\"ListItem\",\"position\":1,\"name\":\"Portada\",\"item\":\"http:\/\/vincentians.com\/es\/\"},{\"@type\":\"ListItem\",\"position\":2,\"name\":\"La Madre Seton\"}]},{\"@type\":\"WebSite\",\"@id\":\"http:\/\/vincentians.com\/es\/#website\",\"url\":\"http:\/\/vincentians.com\/es\/\",\"name\":\"Somos Vicencianos\",\"description\":\"Know more to serve more\",\"publisher\":{\"@id\":\"http:\/\/vincentians.com\/es\/#organization\"},\"potentialAction\":[{\"@type\":\"SearchAction\",\"target\":{\"@type\":\"EntryPoint\",\"urlTemplate\":\"http:\/\/vincentians.com\/es\/?s={search_term_string}\"},\"query-input\":{\"@type\":\"PropertyValueSpecification\",\"valueRequired\":true,\"valueName\":\"search_term_string\"}}],\"inLanguage\":\"es\"},{\"@type\":\"Organization\",\"@id\":\"http:\/\/vincentians.com\/es\/#organization\",\"name\":\"The Vincentian Network\",\"url\":\"http:\/\/vincentians.com\/es\/\",\"logo\":{\"@type\":\"ImageObject\",\"inLanguage\":\"es\",\"@id\":\"http:\/\/vincentians.com\/es\/#\/schema\/logo\/image\/\",\"url\":\"https:\/\/i1.wp.com\/vincentians.com\/es\/wp-content\/uploads\/sites\/11\/2016\/06\/Vincentian-Network-logo-big.png?fit=778%2C778\",\"contentUrl\":\"https:\/\/i1.wp.com\/vincentians.com\/es\/wp-content\/uploads\/sites\/11\/2016\/06\/Vincentian-Network-logo-big.png?fit=778%2C778\",\"width\":778,\"height\":778,\"caption\":\"The Vincentian Network\"},\"image\":{\"@id\":\"http:\/\/vincentians.com\/es\/#\/schema\/logo\/image\/\"},\"sameAs\":[\"https:\/\/www.facebook.com\/WeAreVincentians\/\",\"https:\/\/x.com\/WeVincentians\"]},{\"@type\":\"Person\",\"@id\":\"http:\/\/vincentians.com\/es\/#\/schema\/person\/9623ef4d9aa3b2dfb8c061f1499288f2\",\"name\":\"Francisco Javier Fern\u00e1ndez Chento\",\"image\":{\"@type\":\"ImageObject\",\"inLanguage\":\"es\",\"@id\":\"http:\/\/vincentians.com\/es\/#\/schema\/person\/image\/\",\"url\":\"https:\/\/secure.gravatar.com\/avatar\/497d5cde87b4c3d097d0315953521681ba2cd523ee66e5077c3711f7021e65de?s=96&d=mm&r=g\",\"contentUrl\":\"https:\/\/secure.gravatar.com\/avatar\/497d5cde87b4c3d097d0315953521681ba2cd523ee66e5077c3711f7021e65de?s=96&d=mm&r=g\",\"caption\":\"Francisco Javier Fern\u00e1ndez Chento\"},\"description\":\"Director General y cofundador de La Red de Formaci\u00f3n Vicenciana. Javier es laico vicenciano, afiliado a la Congregaci\u00f3n de la Misi\u00f3n y miembro del Equipo de Misiones Populares de la provincia can\u00f3nica de Zaragoza (Espa\u00f1a) de la Congregaci\u00f3n de la Misi\u00f3n. Graduado en la Universidad Oberta de Catalunya con cuatro grados (Asistente de direcci\u00f3n, Gesti\u00f3n Administrativa, Recursos Humanos y Contabilidad Avanzada). Bil\u00edng\u00fce Espa\u00f1ol\/Ingl\u00e9s. gestiona y mantiene varias p\u00e1ginas web cristianas y vicencianas, incluida including La Red de Formaci\u00f3n Vicenciana, de la que es cofundador. Actualmente es responsable del \u00e1rea de Espa\u00f1ol de .famvin, la Red de Noticias de la Familia Vicenciana. Tambi\u00e9n es m\u00fasico cat\u00f3lico y ha editado varios discos. Es Director General y cofundador de Trovador, una reconocida compa\u00f1\u00eda discogr\u00e1fica critiana de Espa\u00f1a. Trabaja en las Tecnolog\u00edas de la Informaci\u00f3n, ofreciendo servicios de alojamiento, dise\u00f1o y mantenimiento Web, as\u00ed como asesoramiento, formaci\u00f3n y soluciones inform\u00e1ticas, gesti\u00f3n documental y digitalizaci\u00f3n de textos, edici\u00f3n y maquetaci\u00f3n de libros, revistas, flyers, etc.\",\"sameAs\":[\"http:\/\/chento.org\",\"https:\/\/www.facebook.com\/JavierChento\",\"https:\/\/x.com\/https:\/\/twitter.com\/javierchento\"],\"url\":\"https:\/\/vincentians.com\/es\/author\/chento\/\"}]}<\/script>\n<!-- \/ Yoast SEO plugin. -->","yoast_head_json":{"title":"La Madre Seton - Somos Vicencianos","robots":{"index":"index","follow":"follow","max-snippet":"max-snippet:-1","max-image-preview":"max-image-preview:large","max-video-preview":"max-video-preview:-1"},"canonical":"https:\/\/vincentians.com\/es\/la-madre-seton\/","og_locale":"es_ES","og_type":"article","og_title":"La Madre Seton - Somos Vicencianos","og_description":"La primera beata de nacionalidad norteamericana ha sido pro\u00adclamada en la bas\u00edlica de San Pedro en el curso de una ceremonia a la cual asistieron los Cardenales Francis Spellmnan, Arzobispo de Nueva York, y Joseph ... Read More","og_url":"https:\/\/vincentians.com\/es\/la-madre-seton\/","og_site_name":"Somos Vicencianos","article_publisher":"https:\/\/www.facebook.com\/WeAreVincentians\/","article_author":"https:\/\/www.facebook.com\/JavierChento","article_published_time":"2022-05-03T06:34:40+00:00","og_image":[{"width":670,"height":430,"url":"https:\/\/i0.wp.com\/vincentians.com\/es\/wp-content\/uploads\/sites\/11\/2013\/05\/La-milagrosa3.jpg?fit=670%2C430&ssl=1","type":"image\/jpeg"}],"author":"Francisco Javier Fern\u00e1ndez Chento","twitter_card":"summary_large_image","twitter_creator":"@https:\/\/twitter.com\/javierchento","twitter_site":"@WeVincentians","twitter_misc":{"Escrito por":"Francisco Javier Fern\u00e1ndez Chento","Tiempo de lectura":"13 minutos"},"schema":{"@context":"https:\/\/schema.org","@graph":[{"@type":"Article","@id":"https:\/\/vincentians.com\/es\/la-madre-seton\/#article","isPartOf":{"@id":"https:\/\/vincentians.com\/es\/la-madre-seton\/"},"author":{"name":"Francisco Javier Fern\u00e1ndez Chento","@id":"http:\/\/vincentians.com\/es\/#\/schema\/person\/9623ef4d9aa3b2dfb8c061f1499288f2"},"headline":"La Madre Seton","datePublished":"2022-05-03T06:34:40+00:00","mainEntityOfPage":{"@id":"https:\/\/vincentians.com\/es\/la-madre-seton\/"},"wordCount":2580,"commentCount":0,"publisher":{"@id":"http:\/\/vincentians.com\/es\/#organization"},"image":{"@id":"https:\/\/vincentians.com\/es\/la-madre-seton\/#primaryimage"},"thumbnailUrl":"https:\/\/i0.wp.com\/vincentians.com\/es\/wp-content\/uploads\/sites\/11\/2013\/05\/La-milagrosa3.jpg?fit=670%2C430&ssl=1","articleSection":["Isabel Ana Bayley Seton"],"inLanguage":"es","potentialAction":[{"@type":"CommentAction","name":"Comment","target":["https:\/\/vincentians.com\/es\/la-madre-seton\/#respond"]}]},{"@type":"WebPage","@id":"https:\/\/vincentians.com\/es\/la-madre-seton\/","url":"https:\/\/vincentians.com\/es\/la-madre-seton\/","name":"La Madre Seton - Somos Vicencianos","isPartOf":{"@id":"http:\/\/vincentians.com\/es\/#website"},"primaryImageOfPage":{"@id":"https:\/\/vincentians.com\/es\/la-madre-seton\/#primaryimage"},"image":{"@id":"https:\/\/vincentians.com\/es\/la-madre-seton\/#primaryimage"},"thumbnailUrl":"https:\/\/i0.wp.com\/vincentians.com\/es\/wp-content\/uploads\/sites\/11\/2013\/05\/La-milagrosa3.jpg?fit=670%2C430&ssl=1","datePublished":"2022-05-03T06:34:40+00:00","breadcrumb":{"@id":"https:\/\/vincentians.com\/es\/la-madre-seton\/#breadcrumb"},"inLanguage":"es","potentialAction":[{"@type":"ReadAction","target":["https:\/\/vincentians.com\/es\/la-madre-seton\/"]}]},{"@type":"ImageObject","inLanguage":"es","@id":"https:\/\/vincentians.com\/es\/la-madre-seton\/#primaryimage","url":"https:\/\/i0.wp.com\/vincentians.com\/es\/wp-content\/uploads\/sites\/11\/2013\/05\/La-milagrosa3.jpg?fit=670%2C430&ssl=1","contentUrl":"https:\/\/i0.wp.com\/vincentians.com\/es\/wp-content\/uploads\/sites\/11\/2013\/05\/La-milagrosa3.jpg?fit=670%2C430&ssl=1","width":670,"height":430},{"@type":"BreadcrumbList","@id":"https:\/\/vincentians.com\/es\/la-madre-seton\/#breadcrumb","itemListElement":[{"@type":"ListItem","position":1,"name":"Portada","item":"http:\/\/vincentians.com\/es\/"},{"@type":"ListItem","position":2,"name":"La Madre Seton"}]},{"@type":"WebSite","@id":"http:\/\/vincentians.com\/es\/#website","url":"http:\/\/vincentians.com\/es\/","name":"Somos Vicencianos","description":"Know more to serve more","publisher":{"@id":"http:\/\/vincentians.com\/es\/#organization"},"potentialAction":[{"@type":"SearchAction","target":{"@type":"EntryPoint","urlTemplate":"http:\/\/vincentians.com\/es\/?s={search_term_string}"},"query-input":{"@type":"PropertyValueSpecification","valueRequired":true,"valueName":"search_term_string"}}],"inLanguage":"es"},{"@type":"Organization","@id":"http:\/\/vincentians.com\/es\/#organization","name":"The Vincentian Network","url":"http:\/\/vincentians.com\/es\/","logo":{"@type":"ImageObject","inLanguage":"es","@id":"http:\/\/vincentians.com\/es\/#\/schema\/logo\/image\/","url":"https:\/\/i1.wp.com\/vincentians.com\/es\/wp-content\/uploads\/sites\/11\/2016\/06\/Vincentian-Network-logo-big.png?fit=778%2C778","contentUrl":"https:\/\/i1.wp.com\/vincentians.com\/es\/wp-content\/uploads\/sites\/11\/2016\/06\/Vincentian-Network-logo-big.png?fit=778%2C778","width":778,"height":778,"caption":"The Vincentian Network"},"image":{"@id":"http:\/\/vincentians.com\/es\/#\/schema\/logo\/image\/"},"sameAs":["https:\/\/www.facebook.com\/WeAreVincentians\/","https:\/\/x.com\/WeVincentians"]},{"@type":"Person","@id":"http:\/\/vincentians.com\/es\/#\/schema\/person\/9623ef4d9aa3b2dfb8c061f1499288f2","name":"Francisco Javier Fern\u00e1ndez Chento","image":{"@type":"ImageObject","inLanguage":"es","@id":"http:\/\/vincentians.com\/es\/#\/schema\/person\/image\/","url":"https:\/\/secure.gravatar.com\/avatar\/497d5cde87b4c3d097d0315953521681ba2cd523ee66e5077c3711f7021e65de?s=96&d=mm&r=g","contentUrl":"https:\/\/secure.gravatar.com\/avatar\/497d5cde87b4c3d097d0315953521681ba2cd523ee66e5077c3711f7021e65de?s=96&d=mm&r=g","caption":"Francisco Javier Fern\u00e1ndez Chento"},"description":"Director General y cofundador de La Red de Formaci\u00f3n Vicenciana. Javier es laico vicenciano, afiliado a la Congregaci\u00f3n de la Misi\u00f3n y miembro del Equipo de Misiones Populares de la provincia can\u00f3nica de Zaragoza (Espa\u00f1a) de la Congregaci\u00f3n de la Misi\u00f3n. Graduado en la Universidad Oberta de Catalunya con cuatro grados (Asistente de direcci\u00f3n, Gesti\u00f3n Administrativa, Recursos Humanos y Contabilidad Avanzada). Bil\u00edng\u00fce Espa\u00f1ol\/Ingl\u00e9s. gestiona y mantiene varias p\u00e1ginas web cristianas y vicencianas, incluida including La Red de Formaci\u00f3n Vicenciana, de la que es cofundador. Actualmente es responsable del \u00e1rea de Espa\u00f1ol de .famvin, la Red de Noticias de la Familia Vicenciana. Tambi\u00e9n es m\u00fasico cat\u00f3lico y ha editado varios discos. Es Director General y cofundador de Trovador, una reconocida compa\u00f1\u00eda discogr\u00e1fica critiana de Espa\u00f1a. Trabaja en las Tecnolog\u00edas de la Informaci\u00f3n, ofreciendo servicios de alojamiento, dise\u00f1o y mantenimiento Web, as\u00ed como asesoramiento, formaci\u00f3n y soluciones inform\u00e1ticas, gesti\u00f3n documental y digitalizaci\u00f3n de textos, edici\u00f3n y maquetaci\u00f3n de libros, revistas, flyers, etc.","sameAs":["http:\/\/chento.org","https:\/\/www.facebook.com\/JavierChento","https:\/\/x.com\/https:\/\/twitter.com\/javierchento"],"url":"https:\/\/vincentians.com\/es\/author\/chento\/"}]}},"jetpack_publicize_connections":[],"jetpack_featured_media_url":"https:\/\/i0.wp.com\/vincentians.com\/es\/wp-content\/uploads\/sites\/11\/2013\/05\/La-milagrosa3.jpg?fit=670%2C430&ssl=1","jetpack_sharing_enabled":true,"jetpack_shortlink":"https:\/\/wp.me\/p7ETMF-v4Y","jetpack-related-posts":[{"id":127184,"url":"https:\/\/vincentians.com\/es\/santa-isabel-ana-bayley-seton\/","url_meta":{"origin":119472,"position":0},"title":"Santa Isabel Ana Bayley Seton","author":"Francisco Javier Fern\u00e1ndez Chento","date":"04\/01\/2021","format":false,"excerpt":"Elizabeth Bayley Seton, la primera estadounidense de nacimiento en ser canonizada, era de ascendencia inglesa, creci\u00f3 en una familia que se estableci\u00f3 en la Nueva York colonial. Su padre, el doctor Richard Bayley era m\u00e9dico; su madre, Catherine Charlton, era la hija de un ministro anglicano. Este matrimonio tuvo tres\u2026","rel":"","context":"En \u00abIsabel Ana Bayley Seton\u00bb","block_context":{"text":"Isabel Ana Bayley Seton","link":"https:\/\/vincentians.com\/es\/category\/la-familia-vicenciana\/fundadores\/isabel-ana-bayley-seton\/"},"img":{"alt_text":"","src":"https:\/\/i0.wp.com\/vincentians.com\/es\/wp-content\/uploads\/sites\/11\/2016\/08\/cofradias-de-caridad.jpg?fit=1200%2C630&ssl=1&resize=350%2C200","width":350,"height":200,"srcset":"https:\/\/i0.wp.com\/vincentians.com\/es\/wp-content\/uploads\/sites\/11\/2016\/08\/cofradias-de-caridad.jpg?fit=1200%2C630&ssl=1&resize=350%2C200 1x, https:\/\/i0.wp.com\/vincentians.com\/es\/wp-content\/uploads\/sites\/11\/2016\/08\/cofradias-de-caridad.jpg?fit=1200%2C630&ssl=1&resize=525%2C300 1.5x, https:\/\/i0.wp.com\/vincentians.com\/es\/wp-content\/uploads\/sites\/11\/2016\/08\/cofradias-de-caridad.jpg?fit=1200%2C630&ssl=1&resize=700%2C400 2x, https:\/\/i0.wp.com\/vincentians.com\/es\/wp-content\/uploads\/sites\/11\/2016\/08\/cofradias-de-caridad.jpg?fit=1200%2C630&ssl=1&resize=1050%2C600 3x"},"classes":[]},{"id":24309,"url":"https:\/\/vincentians.com\/es\/elizabeth-ann-seton-una-santa-para-todos\/","url_meta":{"origin":119472,"position":1},"title":"Elizabeth Ann Seton: una santa para todos","author":"Francisco Javier Fern\u00e1ndez Chento","date":"17\/11\/2018","format":false,"excerpt":"Como cat\u00f3licos, los santos son para nosotros un ejemplo de la relaci\u00f3n \u00edntima que puede tener una persona con Dios; sin embargo, de joven yo no pod\u00eda relacionarme con las biograf\u00edas de santos que le\u00eda. No sent\u00eda que ten\u00eda mucho en com\u00fan con una persona que vivi\u00f3 hace mil a\u00f1os,\u2026","rel":"","context":"En \u00abIsabel Ana Bayley Seton\u00bb","block_context":{"text":"Isabel Ana Bayley Seton","link":"https:\/\/vincentians.com\/es\/category\/la-familia-vicenciana\/fundadores\/isabel-ana-bayley-seton\/"},"img":{"alt_text":"","src":"https:\/\/i0.wp.com\/vincentians.com\/es\/wp-content\/uploads\/sites\/11\/2016\/09\/conversion.jpg?fit=1200%2C630&ssl=1&resize=350%2C200","width":350,"height":200,"srcset":"https:\/\/i0.wp.com\/vincentians.com\/es\/wp-content\/uploads\/sites\/11\/2016\/09\/conversion.jpg?fit=1200%2C630&ssl=1&resize=350%2C200 1x, https:\/\/i0.wp.com\/vincentians.com\/es\/wp-content\/uploads\/sites\/11\/2016\/09\/conversion.jpg?fit=1200%2C630&ssl=1&resize=525%2C300 1.5x, https:\/\/i0.wp.com\/vincentians.com\/es\/wp-content\/uploads\/sites\/11\/2016\/09\/conversion.jpg?fit=1200%2C630&ssl=1&resize=700%2C400 2x, https:\/\/i0.wp.com\/vincentians.com\/es\/wp-content\/uploads\/sites\/11\/2016\/09\/conversion.jpg?fit=1200%2C630&ssl=1&resize=1050%2C600 3x"},"classes":[]},{"id":24314,"url":"https:\/\/vincentians.com\/es\/santa-elizabeth-ann-seton\/","url_meta":{"origin":119472,"position":2},"title":"Santa Elizabeth Ann Seton","author":"Francisco Javier Fern\u00e1ndez Chento","date":"14\/08\/2013","format":false,"excerpt":"Elizabeth Bayley Seton, la primera estadounidense de nacimiento en ser canonizada, era de ascendencia inglesa, creci\u00f3 en una familia que se estableci\u00f3 en la Nueva York colonial. Su padre, el doctor Richard Bayley era m\u00e9dico; su madre, Catherine Charlton, era la hija de un ministro anglicano. Este matrimonio tuvo tres\u2026","rel":"","context":"En \u00abIsabel Ana Bayley Seton\u00bb","block_context":{"text":"Isabel Ana Bayley Seton","link":"https:\/\/vincentians.com\/es\/category\/la-familia-vicenciana\/fundadores\/isabel-ana-bayley-seton\/"},"img":{"alt_text":"","src":"https:\/\/i0.wp.com\/vicencianos.org\/wp-content\/2010\/12\/ElizabethSeton2-300x300.jpg?resize=350%2C200","width":350,"height":200},"classes":[]},{"id":87464,"url":"https:\/\/vincentians.com\/es\/isabel-ana-bayley-seton-mujer-de-mision-i\/","url_meta":{"origin":119472,"position":3},"title":"Isabel Ana Bayley Seton. Mujer de misi\u00f3n (I)","author":"Francisco Javier Fern\u00e1ndez Chento","date":"01\/06\/2015","format":false,"excerpt":"El 14 de septiembre de 1975, fue canonizada Isabel Ana Bayley Seton, la primera santa nativa de los Estados Unidos. Este 25 aniversario, invita a la Familia Vicenciana a reflexionar, de nuevo, sobre su vida, su herencia y su espi\u00adritualidad. Como \"ciudadana del mundo\", su herencia en materia de educaci\u00f3n\u2026","rel":"","context":"En \u00abIsabel Ana Bayley Seton\u00bb","block_context":{"text":"Isabel Ana Bayley Seton","link":"https:\/\/vincentians.com\/es\/category\/la-familia-vicenciana\/fundadores\/isabel-ana-bayley-seton\/"},"img":{"alt_text":"","src":"https:\/\/i0.wp.com\/vicencianos.org\/wp-content\/2012\/06\/200px-Saint_Elizabeth_Ann_Seton_1774_-_1821.gif?resize=350%2C200","width":350,"height":200},"classes":[]},{"id":34595,"url":"https:\/\/vincentians.com\/es\/isabel-seton-escrito-1-006-a-william-magee-seton\/","url_meta":{"origin":119472,"position":4},"title":"Isabel Seton, escrito 1-006: A William Magee Seton","author":"Francisco Javier Fern\u00e1ndez Chento","date":"28\/08\/2016","format":false,"excerpt":"(Sin fecha) Mi padre ha cenado con nosotros y se ha ido, no s\u00e9 a d\u00f3nde. No creo que le veas hasta el anochecer. Quien est\u00e1 seriamente interesada en su buena opini\u00f3n hacia ti ya ha ofrecido tu disculpa. Tu I[sabel] estar\u00e1 en Wall Street a las cinco; entonces sabr\u00e1s\u2026","rel":"","context":"En \u00abEscritos de Isabel Ana Bayley Seton\u00bb","block_context":{"text":"Escritos de Isabel Ana Bayley Seton","link":"https:\/\/vincentians.com\/es\/category\/escritos\/escritos-de-isabel-ana-bayley-seton\/"},"img":{"alt_text":"","src":"https:\/\/i0.wp.com\/vincentians.com\/es\/wp-content\/uploads\/sites\/11\/2016\/07\/escritos-isabel-seton.jpg?fit=1200%2C630&ssl=1&resize=350%2C200","width":350,"height":200,"srcset":"https:\/\/i0.wp.com\/vincentians.com\/es\/wp-content\/uploads\/sites\/11\/2016\/07\/escritos-isabel-seton.jpg?fit=1200%2C630&ssl=1&resize=350%2C200 1x, https:\/\/i0.wp.com\/vincentians.com\/es\/wp-content\/uploads\/sites\/11\/2016\/07\/escritos-isabel-seton.jpg?fit=1200%2C630&ssl=1&resize=525%2C300 1.5x, https:\/\/i0.wp.com\/vincentians.com\/es\/wp-content\/uploads\/sites\/11\/2016\/07\/escritos-isabel-seton.jpg?fit=1200%2C630&ssl=1&resize=700%2C400 2x, https:\/\/i0.wp.com\/vincentians.com\/es\/wp-content\/uploads\/sites\/11\/2016\/07\/escritos-isabel-seton.jpg?fit=1200%2C630&ssl=1&resize=1050%2C600 3x"},"classes":[]},{"id":43968,"url":"https:\/\/vincentians.com\/es\/la-federacion-de-las-hermanas-de-la-caridad-y-el-carisma-vicenciano-en-norteamerica\/","url_meta":{"origin":119472,"position":5},"title":"La Federaci\u00f3n de las Hermanas de la Caridad y el Carisma Vicenciano en Norteam\u00e9rica","author":"Francisco Javier Fern\u00e1ndez Chento","date":"30\/06\/2011","format":false,"excerpt":"Primera parte: El Carisma Vicenciano de la Caridad echa ra\u00edces\u00a0en el Nuevo Mundo En las \u00faltimas d\u00e9cadas del siglo XVIII y comienzos del XIX, tuvieron lugar una serie de eventos que cambiar\u00edan dram\u00e1ticamente el curso del Catolicismo en los Estados Unidos y que le permitir\u00edan echar ra\u00edces y florecer. En\u2026","rel":"","context":"En \u00abHijas de la Caridad\u00bb","block_context":{"text":"Hijas de la Caridad","link":"https:\/\/vincentians.com\/es\/category\/la-familia-vicenciana\/ramas\/hijas-de-la-caridad\/"},"img":{"alt_text":"Santa Elizabeth Ana Bayley Seton","src":"https:\/\/i0.wp.com\/vicencianos.org\/wp-content\/2011\/06\/isabel_seton-235x300.jpg?resize=350%2C200","width":350,"height":200},"classes":[]}],"_links":{"self":[{"href":"https:\/\/vincentians.com\/es\/wp-json\/wp\/v2\/posts\/119472","targetHints":{"allow":["GET"]}}],"collection":[{"href":"https:\/\/vincentians.com\/es\/wp-json\/wp\/v2\/posts"}],"about":[{"href":"https:\/\/vincentians.com\/es\/wp-json\/wp\/v2\/types\/post"}],"author":[{"embeddable":true,"href":"https:\/\/vincentians.com\/es\/wp-json\/wp\/v2\/users\/4"}],"replies":[{"embeddable":true,"href":"https:\/\/vincentians.com\/es\/wp-json\/wp\/v2\/comments?post=119472"}],"version-history":[{"count":2,"href":"https:\/\/vincentians.com\/es\/wp-json\/wp\/v2\/posts\/119472\/revisions"}],"predecessor-version":[{"id":404167,"href":"https:\/\/vincentians.com\/es\/wp-json\/wp\/v2\/posts\/119472\/revisions\/404167"}],"wp:featuredmedia":[{"embeddable":true,"href":"https:\/\/vincentians.com\/es\/wp-json\/wp\/v2\/media\/404166"}],"wp:attachment":[{"href":"https:\/\/vincentians.com\/es\/wp-json\/wp\/v2\/media?parent=119472"}],"wp:term":[{"taxonomy":"category","embeddable":true,"href":"https:\/\/vincentians.com\/es\/wp-json\/wp\/v2\/categories?post=119472"},{"taxonomy":"post_tag","embeddable":true,"href":"https:\/\/vincentians.com\/es\/wp-json\/wp\/v2\/tags?post=119472"}],"curies":[{"name":"wp","href":"https:\/\/api.w.org\/{rel}","templated":true}]}}