{"id":11942,"date":"2015-04-08T06:00:01","date_gmt":"2015-04-08T04:00:01","guid":{"rendered":"http:\/\/somos.vicencianos.org\/blog\/?p=11942"},"modified":"2015-04-08T06:00:01","modified_gmt":"2015-04-08T04:00:01","slug":"caracteristicas-del-misionero-a-la-luz-del-carisma-vicenciano","status":"publish","type":"post","link":"https:\/\/vincentians.com\/es\/caracteristicas-del-misionero-a-la-luz-del-carisma-vicenciano\/","title":{"rendered":"Caracter\u00edsticas del misionero a la luz del carisma vicenciano"},"content":{"rendered":"<p><a href=\"https:\/\/i0.wp.com\/vicencianos.org\/wp-content\/2010\/03\/jmv_i.jpg\"><img data-recalc-dims=\"1\" loading=\"lazy\" decoding=\"async\" class=\"alignright size-full wp-image-101365\" title=\"jmv_i\" src=\"https:\/\/i0.wp.com\/vicencianos.org\/wp-content\/2010\/03\/jmv_i.jpg?resize=264%2C264\" alt=\"\" width=\"264\" height=\"264\" \/><\/a>Por el origen de la Asociaci\u00f3n JMV, no cabe duda de que le caracterizan una serie de rasgos que la diferencian de otros movimientos juveniles laicales. Todos conocemos las notas propias que, desde el comienzo, hacen de JMV una Asociaci\u00f3n eclesial, misionera, mariana y vicenciana. De esto participan igualmente los que son llamados al servicio espec\u00edfico de misiones. Sin embargo, dentro de la nota misionera destac\u00e1is con m\u00e1s profundidad que los dem\u00e1s y ten\u00e9is que trabajar en algunas facetas muy importantes que os ayudar\u00e1n a ser verdaderos vicencianos misioneros, en una l\u00ednea de fidelidad a los or\u00edgenes y a San Vicente de Pa\u00fal.<\/p>\n<h2>Un gran respeto: como el que va de puntillas<\/h2>\n<p>Es, quiz\u00e1s, uno de los valores en los que m\u00e1s insiste San Vicente al dirigirse a quienes le siguen en su carisma. Pero, \u00bfen qu\u00e9 consistir\u00eda esta virtud entre vosotros, j\u00f3venes del siglo XXI, que quer\u00e9is dar respuesta a una exigencia interior de ayudar a los pobres en un pa\u00eds de misi\u00f3n? No ser\u00eda otra cosa que ir a aquellos a quienes quer\u00e9is evangelizar en una actitud de igualdad, no de superioridad, en una actitud de querer aprender de ellos, no de ense\u00f1arles todo, en la actitud de quien espera siempre ayuda de los dem\u00e1s, no de autosuficiencia.\u00a0 Ser un misionero humilde en clave vicenciana ser\u00eda el vivir siempre perplejo ante el descubrimiento de continuas novedades en los otros, y especialmente entre los pobres; acabar descubriendo en ellos, tan peque\u00f1os y desvalidos, tan miserables, el rostro de Cristo.<\/p>\n<p>Es un valor o una virtud que ata\u00f1e a nuestra relaci\u00f3n con los otros, pero tambi\u00e9n ata\u00f1e a la relaci\u00f3n con nosotros mismos, a nuestra autoimagen, a la aceptaci\u00f3n de nuestros l\u00edmites y nuestras posibilidades. As\u00ed, hemos de ser humildes reconociendo que nunca estaremos suficientemente preparados, que siempre nos faltar\u00e1n recursos para resolver todas las situaciones o dar respuesta a lo que los dem\u00e1s nos piden, que tenemos lagunas importantes en nuestra formaci\u00f3n, que fallamos en aspectos en los que a los dem\u00e1s exigimos fidelidad, que hay facetas de nuestra personalidad que hieren a los otros, o al menos, les hace dif\u00edcil una relaci\u00f3n fluida.<\/p>\n<p>Con respecto a Dios, aquellos que son llamados por \u00e9l a esta misi\u00f3n tan especial, deber\u00edan vivir en una estado de gratitud humilde por su elecci\u00f3n. Ante Dios y nuestra vocaci\u00f3n misionera no podemos creernos superiores a los dem\u00e1s, no estamos hechos de otra madera, no somos mejores que los dem\u00e1s en nada, no tenemos privilegios ni prerrogativas&#8230; Al contrario: ser elegidos y llamados a la misi\u00f3n <em>ad gentes <\/em>nos obliga justamente a sentirnos d\u00e9biles en muchas facetas, a preguntarnos qu\u00e9 tenemos nosotros que no tienen los dem\u00e1s, a ver en quienes conocemos muchas cualidades mejores que las nuestras que les har\u00edan muy aptos para la misi\u00f3n&#8230; tendr\u00eda que llevarnos a una gran responsabilidad ante la llamada, fidelidad ante el cometido y autenticidad para ser testigos de la fe all\u00e1 donde nos env\u00eden.<\/p>\n<h2>Tan cercanos, que vayamos en zapatillas cuando estemos con los pobres<\/h2>\n<p>En tiempos de San Vicente hab\u00eda otras muchas congregaciones que se dedicaban a la evangelizaci\u00f3n, la catequesis y la formaci\u00f3n del clero: dominicos, jesuitas, franciscanos&#8230; todos ten\u00edan ya mucho rodaje y una gran experiencia y preparaci\u00f3n que les hac\u00eda m\u00e1s f\u00e1cil el trabajo. Algunos de ellos ten\u00edan una gran cultura y utilizaban diversos m\u00e9todos para su labor. Recordemos que es la \u00e9poca del barroco y muchos sacerdotes se dedicaban a prepara homil\u00edas tremendamente complicadas donde lo importante parec\u00eda ser m\u00e1s la forma que el fondo; hasta tal punto que los oyentes muchas veces no entend\u00edan absolutamente nada de lo que escuchaban. Se hicieron muchas cr\u00edticas a este modo de presentar la fe a los cat\u00f3licos de entonces, pero tardaron mucho tiempo en volver a lo sencillo.<\/p>\n<p>San Vicente tuvo muy claro desde el principio a qui\u00e9n iba dirigida la evangelizaci\u00f3n de sus misioneros y siempre les recomendaba sencillez en la presentaci\u00f3n de las catequesis, las homil\u00edas y todo lo que necesitaban para misionar en las aldeas y en las afueras de las ciudades.<\/p>\n<p>A los laicos misioneros, de haberlos habido entonces, de seguro les hubiera hecho la misma advertencia; por eso, para ser fieles a lo vicenciano, hemos de tender a que aquellos a quienes nos dirigimos entiendan lo que les presentamos, que el mensaje sea m\u00e1s importante que las palabras que utilicemos, que recurramos a comparaciones populares para que todos comprendan, que no seamos rebuscados en nuestros argumentos y en nuestras expresiones.<\/p>\n<p>Hoy d\u00eda, en que tantos medios tecnol\u00f3gicos hay, tenemos la tentaci\u00f3n de querer utilizarlos todos para ser originales e innovadores, para impresionar a los oyentes o videntes. No podemos olvidar jam\u00e1s que los medios no pueden convertirse en fines, en cortinas de humo que ocultan el verdadero mensaje. La vitalidad de lo que decimos no depende de un soporte tecnol\u00f3gico, es m\u00e1s bien fruto de nuestra convicci\u00f3n, de nuestra autenticidad al vivirlo, de la alegr\u00eda que produce la fidelidad a la voluntad de Dios. Todos tenemos experiencia de haber recibido un gran testimonio de personas convencidas que s\u00f3lo han usado el lenguaje oral y la expresi\u00f3n de sus gestos.<\/p>\n<p>Esto no quiere decir que tengamos que renunciar a una metodolog\u00eda actualizada y que, a veces, recurramos a medios que nos ofrece la t\u00e9cnica. Sin embargo, hemos de ser l\u00facidos a la hora de usarlos y examinar nuestras motivaciones; \u00bfno ocurre a veces que nuestro mensaje es tan pobre que necesariamente necesita llamar la atenci\u00f3n sobre algo distinto a \u00e9l como son los medios?<\/p>\n<p>Pero la sencillez va m\u00e1s all\u00e1 de los medios. Prescindiendo de ellos necesitamos acercarnos a la gente de modo que seamos accesibles a ellos, que puedan dirigirse a nosotros con libertad, sin temor, con el motivo que sea: para pedir u ofrecer ayuda, para consultar o aconsejar, para desahogarse, para contarnos sus cosas cotidianas&#8230; Es muy importante que creemos espacios donde ellos se sientan como en su casa, sin necesidad de andar de puntillas&#8230; Es preciso que les acojamos con alegr\u00eda y cercan\u00eda, hasta el punto de que nos encuentren abiertos hasta para llamarnos la atenci\u00f3n sin miedo a que los echemos con cajas destempladas.<\/p>\n<p>Esta sencillez tambi\u00e9n se manifiesta en el orden del aspecto f\u00edsico, en nuestra expresi\u00f3n, en nuestra forma de vida. Dif\u00edcilmente se acercar\u00e1 a nosotros un pobre de cualquiera de los pa\u00edses en que trabajamos si nos ven vestidos de modo que su pobreza en el vestido les humilla, si utilizamos un nivel de expresi\u00f3n arcano para ellos, si nuestras casas, nuestras habitaciones no testimonian una opci\u00f3n clara por los pobres. Dec\u00eda San Vicente de esta virtud: \u00ab\u00a1Oh, la sencillez, yo la llamo mi evangelio!\u00bb, as\u00ed de efectiva es entre aquellos a quienes servimos.<\/p>\n<p>En el orden comunitario, la sencillez y la humildad son imprescindibles para vivir en verdad, para no temer decir las cosas, para aclarar otras, para expresarse con libertad y andar en zapatillas sin miedo a herir o a que te hieran. La sencillez es el \u00e1mbito obligatorio para que todos sean quienes son con naturalidad, conscientes de que van a ser aceptados \u00edntegramente. Una persona sencilla y transparente da seguridad a quien convive con ella, sabemos que dice la verdad y no tiene doblez.<\/p>\n<h2>Impulsados por una energ\u00eda muy especial<\/h2>\n<p>En este valor no podemos olvidar que la labor misionera nos viene impuesta por ser cristianos, ya que Jes\u00fas fue el primer misionero, enviado por su Padre a los hombres que andaban en tinieblas. Cristo nos fue dado por amor a la Humanidad y \u00e9l mismo nos am\u00f3 hasta el extremo. Como cristianos, el camino del amor es el m\u00e1s certero. Si no estamos motivados por el amor toda labor que realicemos no tendr\u00e1 sentido evang\u00e9lico, no ser\u00e1 una tarea bautizada, ni por tanto cristiana. Hemos de poner atenci\u00f3n en las motivaciones que nos llevan a optar por misiones; no sirve decir simplemente que hay en esos pa\u00edses mucha pobreza, o mucha injusticia, o mucho analfabetismo; no vale la excusa de que me siento realizado como persona ayudando a los dem\u00e1s; es in\u00fatil aludir a la necesidad que tiene la Iglesia de misioneros&#8230; si falta el amor.<\/p>\n<p>Pero \u00bfamor a qu\u00e9, a qui\u00e9n? Primordialmente amor a Dios, de quien hemos recibido la llamada; a Jes\u00fas, su enviado, que nos redimi\u00f3 por amor; al mensaje salvador que nos leg\u00f3 y que sigue redimiendo efectivamente al mundo. Y el amor a los hermanos m\u00e1s desfavorecidos, justamente los favoritos de Dios y de Jes\u00fas en los que, seg\u00fan Mateo 25, \u00e9l se encuentra.<\/p>\n<p>No es un amor sencillo de conseguir: supone un proceso de madurez, no s\u00f3lo respecto a la fe, sino tambi\u00e9n humano, psicol\u00f3gico. Dif\u00edcilmente se conseguir\u00e1 hacer expansivo a los dem\u00e1s un amor que no se expresa a nivel \u00edntimo en autoestima, valoraci\u00f3n positiva&#8230; un amor que no haya experimentado la correspondencia de otro amor. S\u00f3lo desde ah\u00ed se puede comenzar a sentir el impulso que nos lleva a amar incondicionalmente a los otros desde el Otro.<\/p>\n<p>La vida comunitaria exige una gran madurez en el orden del amor; de lo contrario las personas no son v\u00e1lidas para la comunidad porque no son constructivas ni de s\u00ed mismos ni del grupo, pues siempre buscar\u00e1n llenar unos huecos afectivos llamando la atenci\u00f3n de cualquier modo sobre s\u00ed, imponiendo siempre su opini\u00f3n, no aceptando lo que los dem\u00e1s le ofrecen&#8230; sus motivaciones para la misi\u00f3n nunca van a estar fundamentadas en el amor.<\/p>\n<p>Una persona adulta en el amor sabe hacer lugar a todos y sabe encontrar su sitio, sabe dar y recibir, hablar y escuchar, sufrir y gozar con y por el otro, ser actor y espectador; entiende de incondicionalidad, de sacrificio, de olvido de s\u00ed, conoce la entra\u00f1a de s\u00ed y de los dem\u00e1s, sabe de su pecado y su debilidad y de los esfuerzos de los otros para ser tambi\u00e9n mejores. Se siente inmensamente amado por Dios porque ha experimentado el amor ajeno y porque se ama a s\u00ed mismo con ternura.<\/p>\n<p>Este amor, manifestado como vicencianos a los pobres, ha de ser afectivo y efectivo; ha de traducirse en afecto y en obras concretas, de lo contrario es muy sospechoso.<\/p>\n<h2>Apasionados por el Reino: el celo apost\u00f3lico<\/h2>\n<p>Quiz\u00e1s este t\u00e9rmino nos parezca un tanto anticuado, sin embargo, San Vicente sab\u00eda bien a qu\u00e9 se refer\u00eda cuando alud\u00eda a \u00e9l y dec\u00eda: \u00abSi el amor es el fuego, el celo es la llama\u00bb. Quiere expresar con esta palabra el ansia de cada misionero de que todo hombre conozca a Dios y su salvaci\u00f3n, conozca su palabra y el camino que le lleva a la vida. Quien ha descubierto la forma de ser feliz siempre siente el deseo de que todos lo sean igualmente. Lo mismo pasa en el orden de la fe.<\/p>\n<p>Hemos de estar muy en guardia respecto a ciertas motivaciones que nos llevan a estar al lado del pobre por no s\u00e9 qu\u00e9 circunstancias te\u00f1idas de filantrop\u00eda, humanitarismo, solidaridad&#8230; Los cristianos nos movemos a otros niveles y esos tiene que notarse.<\/p>\n<h2>Capacidad de sobrellevar las cargas<\/h2>\n<p>Y con las cargas me refiero a las incomodidades que supone la misi\u00f3n: el calor, los mosquitos, una alimentaci\u00f3n deficitaria, cansancio, inclemencias del tiempo; paciencia para sobrellevar el ritmo de aquellos a quienes servimos, su forma de entender la vida, su cultura, sus costumbres tan ajenas a las nuestras, su modo de entender la religiosidad&#8230;<\/p>\n<p>Y otras cargas quiz\u00e1s m\u00e1s dolorosas: las propias crisis personales, la impotencia ante la injusticia que sufren los pobres, la propia limitaci\u00f3n que es incapaz de responder correctamente a todas las necesidades, las dificultades comunitarias, la rutina que llega a veces, el sinsentido&#8230; Todo esto y otra gran lista que cada uno podr\u00eda a\u00f1adir exigen un equilibrio afectivo adecuado para no sucumbir.<\/p>\n<p>Es igualmente preciso hacer de la oraci\u00f3n un punto fuerte en nuestra vida; que sepamos dar cuenta a Dios de nuestros progresos y nuestras ca\u00eddas; que nos dejemos en sus manos cuando ya no sabemos c\u00f3mo afrontar las situaciones; que le pidamos perd\u00f3n en las ca\u00eddas y fuerza para levantarnos&#8230; Hemos de hacer de la Escritura el texto base de nuestra oraci\u00f3n, espejo donde mirarnos, ba\u00fal donde hallar vestido a nuestra medida, interrogante que cuestione nuestro ser y nuestro hacer, tema de conversaci\u00f3n con Dios.<\/p>\n<h2>Con los pobres, pan y cebolla: opci\u00f3n exclusiva<\/h2>\n<p>Y no sirven las alusiones al cambio de los tiempos, a la sociedad actual, a un determinado tipo de nuevas pobrezas que pueden ser resueltas desde otras plataformas&#8230; la opci\u00f3n vicenciana ha de ser exclusivamente por los pobres, m\u00e1xime si adem\u00e1s hemos escogido libremente ir a pa\u00edses considerados de misi\u00f3n.\u00a0 Es preciso tambi\u00e9n que tengamos bien claro que la atenci\u00f3n a las necesidades ha de estar complementada por la evangelizaci\u00f3n.<\/p>\n<p>Hemos de estar muy en guardia con las relaciones que podamos establecer con las personas acomodadas de los pa\u00edses donde nos encontremos. Muy posiblemente algunos de ellos sean causa de injusticia que hace sufrir a los pobres que atendemos. No podemos contemporizar, sino hacernos voz de los sin voz en la medida de nuestras posibilidades y sin perjuicio de la misi\u00f3n o de los pobres.<\/p>\n","protected":false},"excerpt":{"rendered":"<p>Por el origen de la Asociaci\u00f3n JMV, no cabe duda de que le caracterizan una serie de rasgos que la diferencian de otros movimientos juveniles laicales. Todos conocemos las notas propias que, desde el comienzo, &#8230; <a href=\"https:\/\/vincentians.com\/es\/caracteristicas-del-misionero-a-la-luz-del-carisma-vicenciano\/\" class=\"more-link\">Read More<\/a><\/p>\n","protected":false},"author":4,"featured_media":101365,"comment_status":"open","ping_status":"open","sticky":false,"template":"","format":"standard","meta":{"jetpack_post_was_ever_published":false,"_jetpack_newsletter_access":"","_jetpack_dont_email_post_to_subs":false,"_jetpack_newsletter_tier_id":0,"_jetpack_memberships_contains_paywalled_content":false,"_jetpack_memberships_contains_paid_content":false,"footnotes":"","jetpack_publicize_message":"","jetpack_publicize_feature_enabled":true,"jetpack_social_post_already_shared":true,"jetpack_social_options":{"image_generator_settings":{"template":"highway","default_image_id":0,"font":"","enabled":false},"version":2}},"categories":[202],"tags":[172],"class_list":["post-11942","post","type-post","status-publish","format-standard","has-post-thumbnail","hentry","category-juventudes-marianas-vicencianas","tag-pobreza"],"yoast_head":"<!-- This site is optimized with the Yoast SEO plugin v26.3 - https:\/\/yoast.com\/wordpress\/plugins\/seo\/ -->\n<title>Caracter\u00edsticas del misionero a la luz del carisma vicenciano - Somos Vicencianos<\/title>\n<meta name=\"robots\" content=\"index, follow, max-snippet:-1, max-image-preview:large, max-video-preview:-1\" \/>\n<link rel=\"canonical\" href=\"https:\/\/vincentians.com\/es\/caracteristicas-del-misionero-a-la-luz-del-carisma-vicenciano\/\" \/>\n<meta property=\"og:locale\" content=\"es_ES\" \/>\n<meta property=\"og:type\" content=\"article\" \/>\n<meta property=\"og:title\" content=\"Caracter\u00edsticas del misionero a la luz del carisma vicenciano - Somos Vicencianos\" \/>\n<meta property=\"og:description\" content=\"Por el origen de la Asociaci\u00f3n JMV, no cabe duda de que le caracterizan una serie de rasgos que la diferencian de otros movimientos juveniles laicales. Todos conocemos las notas propias que, desde el comienzo, ... Read More\" \/>\n<meta property=\"og:url\" content=\"https:\/\/vincentians.com\/es\/caracteristicas-del-misionero-a-la-luz-del-carisma-vicenciano\/\" \/>\n<meta property=\"og:site_name\" content=\"Somos Vicencianos\" \/>\n<meta property=\"article:publisher\" content=\"https:\/\/www.facebook.com\/WeAreVincentians\/\" \/>\n<meta property=\"article:author\" content=\"https:\/\/www.facebook.com\/JavierChento\" \/>\n<meta property=\"article:published_time\" content=\"2015-04-08T04:00:01+00:00\" \/>\n<meta name=\"author\" content=\"Francisco Javier Fern\u00e1ndez Chento\" \/>\n<meta name=\"twitter:card\" content=\"summary_large_image\" \/>\n<meta name=\"twitter:creator\" content=\"@https:\/\/twitter.com\/javierchento\" \/>\n<meta name=\"twitter:site\" content=\"@WeVincentians\" \/>\n<meta name=\"twitter:label1\" content=\"Escrito por\" \/>\n\t<meta name=\"twitter:data1\" content=\"Francisco Javier Fern\u00e1ndez Chento\" \/>\n\t<meta name=\"twitter:label2\" content=\"Tiempo de lectura\" \/>\n\t<meta name=\"twitter:data2\" content=\"12 minutos\" \/>\n<script type=\"application\/ld+json\" class=\"yoast-schema-graph\">{\"@context\":\"https:\/\/schema.org\",\"@graph\":[{\"@type\":\"Article\",\"@id\":\"https:\/\/vincentians.com\/es\/caracteristicas-del-misionero-a-la-luz-del-carisma-vicenciano\/#article\",\"isPartOf\":{\"@id\":\"https:\/\/vincentians.com\/es\/caracteristicas-del-misionero-a-la-luz-del-carisma-vicenciano\/\"},\"author\":{\"name\":\"Francisco Javier Fern\u00e1ndez Chento\",\"@id\":\"https:\/\/vincentians.com\/es\/#\/schema\/person\/9623ef4d9aa3b2dfb8c061f1499288f2\"},\"headline\":\"Caracter\u00edsticas del misionero a la luz del carisma vicenciano\",\"datePublished\":\"2015-04-08T04:00:01+00:00\",\"mainEntityOfPage\":{\"@id\":\"https:\/\/vincentians.com\/es\/caracteristicas-del-misionero-a-la-luz-del-carisma-vicenciano\/\"},\"wordCount\":2347,\"commentCount\":0,\"publisher\":{\"@id\":\"https:\/\/vincentians.com\/es\/#organization\"},\"image\":{\"@id\":\"https:\/\/vincentians.com\/es\/caracteristicas-del-misionero-a-la-luz-del-carisma-vicenciano\/#primaryimage\"},\"thumbnailUrl\":\"\",\"keywords\":[\"Pobreza\"],\"articleSection\":[\"Juventudes Marianas Vicencianas\"],\"inLanguage\":\"es\",\"potentialAction\":[{\"@type\":\"CommentAction\",\"name\":\"Comment\",\"target\":[\"https:\/\/vincentians.com\/es\/caracteristicas-del-misionero-a-la-luz-del-carisma-vicenciano\/#respond\"]}]},{\"@type\":\"WebPage\",\"@id\":\"https:\/\/vincentians.com\/es\/caracteristicas-del-misionero-a-la-luz-del-carisma-vicenciano\/\",\"url\":\"https:\/\/vincentians.com\/es\/caracteristicas-del-misionero-a-la-luz-del-carisma-vicenciano\/\",\"name\":\"Caracter\u00edsticas del misionero a la luz del carisma vicenciano - Somos Vicencianos\",\"isPartOf\":{\"@id\":\"https:\/\/vincentians.com\/es\/#website\"},\"primaryImageOfPage\":{\"@id\":\"https:\/\/vincentians.com\/es\/caracteristicas-del-misionero-a-la-luz-del-carisma-vicenciano\/#primaryimage\"},\"image\":{\"@id\":\"https:\/\/vincentians.com\/es\/caracteristicas-del-misionero-a-la-luz-del-carisma-vicenciano\/#primaryimage\"},\"thumbnailUrl\":\"\",\"datePublished\":\"2015-04-08T04:00:01+00:00\",\"breadcrumb\":{\"@id\":\"https:\/\/vincentians.com\/es\/caracteristicas-del-misionero-a-la-luz-del-carisma-vicenciano\/#breadcrumb\"},\"inLanguage\":\"es\",\"potentialAction\":[{\"@type\":\"ReadAction\",\"target\":[\"https:\/\/vincentians.com\/es\/caracteristicas-del-misionero-a-la-luz-del-carisma-vicenciano\/\"]}]},{\"@type\":\"ImageObject\",\"inLanguage\":\"es\",\"@id\":\"https:\/\/vincentians.com\/es\/caracteristicas-del-misionero-a-la-luz-del-carisma-vicenciano\/#primaryimage\",\"url\":\"\",\"contentUrl\":\"\"},{\"@type\":\"BreadcrumbList\",\"@id\":\"https:\/\/vincentians.com\/es\/caracteristicas-del-misionero-a-la-luz-del-carisma-vicenciano\/#breadcrumb\",\"itemListElement\":[{\"@type\":\"ListItem\",\"position\":1,\"name\":\"Portada\",\"item\":\"https:\/\/vincentians.com\/es\/\"},{\"@type\":\"ListItem\",\"position\":2,\"name\":\"Caracter\u00edsticas del misionero a la luz del carisma vicenciano\"}]},{\"@type\":\"WebSite\",\"@id\":\"https:\/\/vincentians.com\/es\/#website\",\"url\":\"https:\/\/vincentians.com\/es\/\",\"name\":\"Somos Vicencianos\",\"description\":\"Know more to serve more\",\"publisher\":{\"@id\":\"https:\/\/vincentians.com\/es\/#organization\"},\"potentialAction\":[{\"@type\":\"SearchAction\",\"target\":{\"@type\":\"EntryPoint\",\"urlTemplate\":\"https:\/\/vincentians.com\/es\/?s={search_term_string}\"},\"query-input\":{\"@type\":\"PropertyValueSpecification\",\"valueRequired\":true,\"valueName\":\"search_term_string\"}}],\"inLanguage\":\"es\"},{\"@type\":\"Organization\",\"@id\":\"https:\/\/vincentians.com\/es\/#organization\",\"name\":\"The Vincentian Network\",\"url\":\"https:\/\/vincentians.com\/es\/\",\"logo\":{\"@type\":\"ImageObject\",\"inLanguage\":\"es\",\"@id\":\"https:\/\/vincentians.com\/es\/#\/schema\/logo\/image\/\",\"url\":\"https:\/\/i1.wp.com\/vincentians.com\/es\/wp-content\/uploads\/sites\/11\/2016\/06\/Vincentian-Network-logo-big.png?fit=778%2C778\",\"contentUrl\":\"https:\/\/i1.wp.com\/vincentians.com\/es\/wp-content\/uploads\/sites\/11\/2016\/06\/Vincentian-Network-logo-big.png?fit=778%2C778\",\"width\":778,\"height\":778,\"caption\":\"The Vincentian Network\"},\"image\":{\"@id\":\"https:\/\/vincentians.com\/es\/#\/schema\/logo\/image\/\"},\"sameAs\":[\"https:\/\/www.facebook.com\/WeAreVincentians\/\",\"https:\/\/x.com\/WeVincentians\"]},{\"@type\":\"Person\",\"@id\":\"https:\/\/vincentians.com\/es\/#\/schema\/person\/9623ef4d9aa3b2dfb8c061f1499288f2\",\"name\":\"Francisco Javier Fern\u00e1ndez Chento\",\"image\":{\"@type\":\"ImageObject\",\"inLanguage\":\"es\",\"@id\":\"https:\/\/vincentians.com\/es\/#\/schema\/person\/image\/\",\"url\":\"https:\/\/secure.gravatar.com\/avatar\/497d5cde87b4c3d097d0315953521681ba2cd523ee66e5077c3711f7021e65de?s=96&d=mm&r=g\",\"contentUrl\":\"https:\/\/secure.gravatar.com\/avatar\/497d5cde87b4c3d097d0315953521681ba2cd523ee66e5077c3711f7021e65de?s=96&d=mm&r=g\",\"caption\":\"Francisco Javier Fern\u00e1ndez Chento\"},\"description\":\"Director General y cofundador de La Red de Formaci\u00f3n Vicenciana. Javier es laico vicenciano, afiliado a la Congregaci\u00f3n de la Misi\u00f3n y miembro del Equipo de Misiones Populares de la provincia can\u00f3nica de Zaragoza (Espa\u00f1a) de la Congregaci\u00f3n de la Misi\u00f3n. Graduado en la Universidad Oberta de Catalunya con cuatro grados (Asistente de direcci\u00f3n, Gesti\u00f3n Administrativa, Recursos Humanos y Contabilidad Avanzada). Bil\u00edng\u00fce Espa\u00f1ol\/Ingl\u00e9s. gestiona y mantiene varias p\u00e1ginas web cristianas y vicencianas, incluida including La Red de Formaci\u00f3n Vicenciana, de la que es cofundador. Actualmente es responsable del \u00e1rea de Espa\u00f1ol de .famvin, la Red de Noticias de la Familia Vicenciana. Tambi\u00e9n es m\u00fasico cat\u00f3lico y ha editado varios discos. Es Director General y cofundador de Trovador, una reconocida compa\u00f1\u00eda discogr\u00e1fica critiana de Espa\u00f1a. Trabaja en las Tecnolog\u00edas de la Informaci\u00f3n, ofreciendo servicios de alojamiento, dise\u00f1o y mantenimiento Web, as\u00ed como asesoramiento, formaci\u00f3n y soluciones inform\u00e1ticas, gesti\u00f3n documental y digitalizaci\u00f3n de textos, edici\u00f3n y maquetaci\u00f3n de libros, revistas, flyers, etc.\",\"sameAs\":[\"http:\/\/chento.org\",\"https:\/\/www.facebook.com\/JavierChento\",\"https:\/\/x.com\/https:\/\/twitter.com\/javierchento\"],\"url\":\"https:\/\/vincentians.com\/es\/author\/chento\/\"}]}<\/script>\n<!-- \/ Yoast SEO plugin. -->","yoast_head_json":{"title":"Caracter\u00edsticas del misionero a la luz del carisma vicenciano - Somos Vicencianos","robots":{"index":"index","follow":"follow","max-snippet":"max-snippet:-1","max-image-preview":"max-image-preview:large","max-video-preview":"max-video-preview:-1"},"canonical":"https:\/\/vincentians.com\/es\/caracteristicas-del-misionero-a-la-luz-del-carisma-vicenciano\/","og_locale":"es_ES","og_type":"article","og_title":"Caracter\u00edsticas del misionero a la luz del carisma vicenciano - Somos Vicencianos","og_description":"Por el origen de la Asociaci\u00f3n JMV, no cabe duda de que le caracterizan una serie de rasgos que la diferencian de otros movimientos juveniles laicales. Todos conocemos las notas propias que, desde el comienzo, ... Read More","og_url":"https:\/\/vincentians.com\/es\/caracteristicas-del-misionero-a-la-luz-del-carisma-vicenciano\/","og_site_name":"Somos Vicencianos","article_publisher":"https:\/\/www.facebook.com\/WeAreVincentians\/","article_author":"https:\/\/www.facebook.com\/JavierChento","article_published_time":"2015-04-08T04:00:01+00:00","author":"Francisco Javier Fern\u00e1ndez Chento","twitter_card":"summary_large_image","twitter_creator":"@https:\/\/twitter.com\/javierchento","twitter_site":"@WeVincentians","twitter_misc":{"Escrito por":"Francisco Javier Fern\u00e1ndez Chento","Tiempo de lectura":"12 minutos"},"schema":{"@context":"https:\/\/schema.org","@graph":[{"@type":"Article","@id":"https:\/\/vincentians.com\/es\/caracteristicas-del-misionero-a-la-luz-del-carisma-vicenciano\/#article","isPartOf":{"@id":"https:\/\/vincentians.com\/es\/caracteristicas-del-misionero-a-la-luz-del-carisma-vicenciano\/"},"author":{"name":"Francisco Javier Fern\u00e1ndez Chento","@id":"https:\/\/vincentians.com\/es\/#\/schema\/person\/9623ef4d9aa3b2dfb8c061f1499288f2"},"headline":"Caracter\u00edsticas del misionero a la luz del carisma vicenciano","datePublished":"2015-04-08T04:00:01+00:00","mainEntityOfPage":{"@id":"https:\/\/vincentians.com\/es\/caracteristicas-del-misionero-a-la-luz-del-carisma-vicenciano\/"},"wordCount":2347,"commentCount":0,"publisher":{"@id":"https:\/\/vincentians.com\/es\/#organization"},"image":{"@id":"https:\/\/vincentians.com\/es\/caracteristicas-del-misionero-a-la-luz-del-carisma-vicenciano\/#primaryimage"},"thumbnailUrl":"","keywords":["Pobreza"],"articleSection":["Juventudes Marianas Vicencianas"],"inLanguage":"es","potentialAction":[{"@type":"CommentAction","name":"Comment","target":["https:\/\/vincentians.com\/es\/caracteristicas-del-misionero-a-la-luz-del-carisma-vicenciano\/#respond"]}]},{"@type":"WebPage","@id":"https:\/\/vincentians.com\/es\/caracteristicas-del-misionero-a-la-luz-del-carisma-vicenciano\/","url":"https:\/\/vincentians.com\/es\/caracteristicas-del-misionero-a-la-luz-del-carisma-vicenciano\/","name":"Caracter\u00edsticas del misionero a la luz del carisma vicenciano - Somos Vicencianos","isPartOf":{"@id":"https:\/\/vincentians.com\/es\/#website"},"primaryImageOfPage":{"@id":"https:\/\/vincentians.com\/es\/caracteristicas-del-misionero-a-la-luz-del-carisma-vicenciano\/#primaryimage"},"image":{"@id":"https:\/\/vincentians.com\/es\/caracteristicas-del-misionero-a-la-luz-del-carisma-vicenciano\/#primaryimage"},"thumbnailUrl":"","datePublished":"2015-04-08T04:00:01+00:00","breadcrumb":{"@id":"https:\/\/vincentians.com\/es\/caracteristicas-del-misionero-a-la-luz-del-carisma-vicenciano\/#breadcrumb"},"inLanguage":"es","potentialAction":[{"@type":"ReadAction","target":["https:\/\/vincentians.com\/es\/caracteristicas-del-misionero-a-la-luz-del-carisma-vicenciano\/"]}]},{"@type":"ImageObject","inLanguage":"es","@id":"https:\/\/vincentians.com\/es\/caracteristicas-del-misionero-a-la-luz-del-carisma-vicenciano\/#primaryimage","url":"","contentUrl":""},{"@type":"BreadcrumbList","@id":"https:\/\/vincentians.com\/es\/caracteristicas-del-misionero-a-la-luz-del-carisma-vicenciano\/#breadcrumb","itemListElement":[{"@type":"ListItem","position":1,"name":"Portada","item":"https:\/\/vincentians.com\/es\/"},{"@type":"ListItem","position":2,"name":"Caracter\u00edsticas del misionero a la luz del carisma vicenciano"}]},{"@type":"WebSite","@id":"https:\/\/vincentians.com\/es\/#website","url":"https:\/\/vincentians.com\/es\/","name":"Somos Vicencianos","description":"Know more to serve more","publisher":{"@id":"https:\/\/vincentians.com\/es\/#organization"},"potentialAction":[{"@type":"SearchAction","target":{"@type":"EntryPoint","urlTemplate":"https:\/\/vincentians.com\/es\/?s={search_term_string}"},"query-input":{"@type":"PropertyValueSpecification","valueRequired":true,"valueName":"search_term_string"}}],"inLanguage":"es"},{"@type":"Organization","@id":"https:\/\/vincentians.com\/es\/#organization","name":"The Vincentian Network","url":"https:\/\/vincentians.com\/es\/","logo":{"@type":"ImageObject","inLanguage":"es","@id":"https:\/\/vincentians.com\/es\/#\/schema\/logo\/image\/","url":"https:\/\/i1.wp.com\/vincentians.com\/es\/wp-content\/uploads\/sites\/11\/2016\/06\/Vincentian-Network-logo-big.png?fit=778%2C778","contentUrl":"https:\/\/i1.wp.com\/vincentians.com\/es\/wp-content\/uploads\/sites\/11\/2016\/06\/Vincentian-Network-logo-big.png?fit=778%2C778","width":778,"height":778,"caption":"The Vincentian Network"},"image":{"@id":"https:\/\/vincentians.com\/es\/#\/schema\/logo\/image\/"},"sameAs":["https:\/\/www.facebook.com\/WeAreVincentians\/","https:\/\/x.com\/WeVincentians"]},{"@type":"Person","@id":"https:\/\/vincentians.com\/es\/#\/schema\/person\/9623ef4d9aa3b2dfb8c061f1499288f2","name":"Francisco Javier Fern\u00e1ndez Chento","image":{"@type":"ImageObject","inLanguage":"es","@id":"https:\/\/vincentians.com\/es\/#\/schema\/person\/image\/","url":"https:\/\/secure.gravatar.com\/avatar\/497d5cde87b4c3d097d0315953521681ba2cd523ee66e5077c3711f7021e65de?s=96&d=mm&r=g","contentUrl":"https:\/\/secure.gravatar.com\/avatar\/497d5cde87b4c3d097d0315953521681ba2cd523ee66e5077c3711f7021e65de?s=96&d=mm&r=g","caption":"Francisco Javier Fern\u00e1ndez Chento"},"description":"Director General y cofundador de La Red de Formaci\u00f3n Vicenciana. Javier es laico vicenciano, afiliado a la Congregaci\u00f3n de la Misi\u00f3n y miembro del Equipo de Misiones Populares de la provincia can\u00f3nica de Zaragoza (Espa\u00f1a) de la Congregaci\u00f3n de la Misi\u00f3n. Graduado en la Universidad Oberta de Catalunya con cuatro grados (Asistente de direcci\u00f3n, Gesti\u00f3n Administrativa, Recursos Humanos y Contabilidad Avanzada). Bil\u00edng\u00fce Espa\u00f1ol\/Ingl\u00e9s. gestiona y mantiene varias p\u00e1ginas web cristianas y vicencianas, incluida including La Red de Formaci\u00f3n Vicenciana, de la que es cofundador. Actualmente es responsable del \u00e1rea de Espa\u00f1ol de .famvin, la Red de Noticias de la Familia Vicenciana. Tambi\u00e9n es m\u00fasico cat\u00f3lico y ha editado varios discos. Es Director General y cofundador de Trovador, una reconocida compa\u00f1\u00eda discogr\u00e1fica critiana de Espa\u00f1a. Trabaja en las Tecnolog\u00edas de la Informaci\u00f3n, ofreciendo servicios de alojamiento, dise\u00f1o y mantenimiento Web, as\u00ed como asesoramiento, formaci\u00f3n y soluciones inform\u00e1ticas, gesti\u00f3n documental y digitalizaci\u00f3n de textos, edici\u00f3n y maquetaci\u00f3n de libros, revistas, flyers, etc.","sameAs":["http:\/\/chento.org","https:\/\/www.facebook.com\/JavierChento","https:\/\/x.com\/https:\/\/twitter.com\/javierchento"],"url":"https:\/\/vincentians.com\/es\/author\/chento\/"}]}},"jetpack_publicize_connections":[],"jetpack_featured_media_url":"","jetpack_sharing_enabled":true,"jetpack_shortlink":"https:\/\/wp.me\/p7ETMF-36C","jetpack-related-posts":[{"id":120719,"url":"https:\/\/vincentians.com\/es\/mision-ad-gentes-en-la-familia-vicenciana\/","url_meta":{"origin":11942,"position":0},"title":"Misi\u00f3n Ad Gentes en la Familia Vicenciana","author":"Francisco Javier Fern\u00e1ndez Chento","date":"19\/10\/2022","format":false,"excerpt":"Propuesta Mi propuesta para el tema de la misi\u00f3n ad gentes es muy sencilla. El compromiso con \"misiones ad gentes\", est\u00e1 en los funda\u00admentos de nuestra propia espiritualidad y carisma. Forma parte de nuestro ser. Una caracter\u00edstica a la que no hemos prestado excesiva atenci\u00f3n. Pero aunque no la hemos\u2026","rel":"","context":"En \u00abMisiones \u00abAd gentes\u00bb\u00bb","block_context":{"text":"Misiones \u00abAd gentes\u00bb","link":"https:\/\/vincentians.com\/es\/category\/servicios-y-ministerios\/misiones-ad-gentes\/"},"img":{"alt_text":"","src":"https:\/\/i0.wp.com\/vincentians.com\/es\/wp-content\/uploads\/sites\/11\/2015\/02\/St_Vincent_De_Paul_-bible-1.jpg?fit=1200%2C630&ssl=1&resize=350%2C200","width":350,"height":200,"srcset":"https:\/\/i0.wp.com\/vincentians.com\/es\/wp-content\/uploads\/sites\/11\/2015\/02\/St_Vincent_De_Paul_-bible-1.jpg?fit=1200%2C630&ssl=1&resize=350%2C200 1x, https:\/\/i0.wp.com\/vincentians.com\/es\/wp-content\/uploads\/sites\/11\/2015\/02\/St_Vincent_De_Paul_-bible-1.jpg?fit=1200%2C630&ssl=1&resize=525%2C300 1.5x, https:\/\/i0.wp.com\/vincentians.com\/es\/wp-content\/uploads\/sites\/11\/2015\/02\/St_Vincent_De_Paul_-bible-1.jpg?fit=1200%2C630&ssl=1&resize=700%2C400 2x, https:\/\/i0.wp.com\/vincentians.com\/es\/wp-content\/uploads\/sites\/11\/2015\/02\/St_Vincent_De_Paul_-bible-1.jpg?fit=1200%2C630&ssl=1&resize=1050%2C600 3x"},"classes":[]},{"id":127199,"url":"https:\/\/vincentians.com\/es\/misioneros-vicencianos-con-dios-entre-los-mas-pobres\/","url_meta":{"origin":11942,"position":1},"title":"Misioneros Vicencianos: con Dios entre los m\u00e1s pobres","author":"Francisco Javier Fern\u00e1ndez Chento","date":"15\/01\/2024","format":false,"excerpt":"Bajo la denominaci\u00f3n de Misioneros Vicencianos se hace referencia en este art\u00edculo al carisma misionero de los Padres Pa\u00fales, Hijas de la Caridad y Misioneros Seglares Vicencianos. Una galer\u00eda de hombres y mujeres de talla excepcional que se encuentran all\u00ed donde m\u00e1s se les necesita \u2013entre los perseguidos, hu\u00e9rfanos, hambrientos,\u2026","rel":"","context":"En \u00abMisiones \u00abAd gentes\u00bb\u00bb","block_context":{"text":"Misiones \u00abAd gentes\u00bb","link":"https:\/\/vincentians.com\/es\/category\/servicios-y-ministerios\/misiones-ad-gentes\/"},"img":{"alt_text":"","src":"https:\/\/i0.wp.com\/vincentians.com\/es\/wp-content\/uploads\/sites\/11\/2016\/09\/enviados-evangelizar-pobres.jpg?fit=1200%2C630&ssl=1&resize=350%2C200","width":350,"height":200,"srcset":"https:\/\/i0.wp.com\/vincentians.com\/es\/wp-content\/uploads\/sites\/11\/2016\/09\/enviados-evangelizar-pobres.jpg?fit=1200%2C630&ssl=1&resize=350%2C200 1x, https:\/\/i0.wp.com\/vincentians.com\/es\/wp-content\/uploads\/sites\/11\/2016\/09\/enviados-evangelizar-pobres.jpg?fit=1200%2C630&ssl=1&resize=525%2C300 1.5x, https:\/\/i0.wp.com\/vincentians.com\/es\/wp-content\/uploads\/sites\/11\/2016\/09\/enviados-evangelizar-pobres.jpg?fit=1200%2C630&ssl=1&resize=700%2C400 2x, https:\/\/i0.wp.com\/vincentians.com\/es\/wp-content\/uploads\/sites\/11\/2016\/09\/enviados-evangelizar-pobres.jpg?fit=1200%2C630&ssl=1&resize=1050%2C600 3x"},"classes":[]},{"id":143745,"url":"https:\/\/vincentians.com\/es\/espiritualidad-de-misevi\/","url_meta":{"origin":11942,"position":2},"title":"Espiritualidad de MISEVI","author":"Francisco Javier Fern\u00e1ndez Chento","date":"22\/04\/2015","format":false,"excerpt":"1.- Esta es nuestra historia y nuestra vida Introducci\u00f3n La animaci\u00f3n misionera realizada por JMV, desde 1984, ha facilitado que los j\u00f3venes de JMV-Espa\u00f1a realizasen experiencias misioneras \"Ad Gentes\" durante los meses de vacaciones, un promedio de treinta por temporada. Tres a\u00f1os m\u00e1s tarde, en 1987, algunos de estos j\u00f3venes\u2026","rel":"","context":"En \u00abMisevi\u00bb","block_context":{"text":"Misevi","link":"https:\/\/vincentians.com\/es\/category\/la-familia-vicenciana\/ramas\/misevi\/"},"img":{"alt_text":"documento_de_espiritualidad-1","src":"https:\/\/i0.wp.com\/vicencianos.org\/wp-content\/2015\/04\/documento_de_espiritualidad-1-300x287.jpg?resize=350%2C200","width":350,"height":200},"classes":[]},{"id":33566,"url":"https:\/\/vincentians.com\/es\/nuevo-presidente-de-juventudes-marianas-vicencianas-en-espana\/","url_meta":{"origin":11942,"position":3},"title":"Nuevo presidente de Juventudes Marianas Vicencianas en Espa\u00f1a","author":"Francisco Javier Fern\u00e1ndez Chento","date":"07\/04\/2011","format":false,"excerpt":"Los d\u00edas 2 y 3 de abril JMV de Espa\u00f1a ha celebrado su V Asamblea General nacional en la Casa Provincial de las Hijas de la Caridad de Santa Luisa, con la participaci\u00f3n de unos 100 j\u00f3venes y asesores, representando a las 9 provincias can\u00f3nicas. Comenzamos en la capilla de\u2026","rel":"","context":"En \u00abJuventudes Marianas Vicencianas\u00bb","block_context":{"text":"Juventudes Marianas Vicencianas","link":"https:\/\/vincentians.com\/es\/category\/la-familia-vicenciana\/ramas\/juventudes-marianas-vicencianas\/"},"img":{"alt_text":"Irune, presidenta saliente, y Daniel, nuevo presidente de JMV","src":"https:\/\/i0.wp.com\/vicencianos.org\/wp-content\/2011\/04\/irune_y_daniel_jmv-211x300.jpg?resize=350%2C200","width":350,"height":200},"classes":[]},{"id":3797,"url":"https:\/\/vincentians.com\/es\/misevi-quienes-son\/","url_meta":{"origin":11942,"position":4},"title":"MISEVI: Qui\u00e9nes Son","author":"Francisco Javier Fern\u00e1ndez Chento","date":"13\/06\/2023","format":false,"excerpt":"Presentar ante todos ustedes este nueva asociaci\u00f3n: Mi.Se.Vi. (Misioneros Seglares Vicencianos) como miembro de la Familia Vicenciana supone una gran alegr\u00eda para todos los que hoy formamos la Comisi\u00f3n Gestora de Misevi y trabajamos con ilusi\u00f3n por que esta asociaci\u00f3n sea una realidad en el ser misionero de la Iglesia.\u2026","rel":"","context":"En \u00abMisevi\u00bb","block_context":{"text":"Misevi","link":"https:\/\/vincentians.com\/es\/category\/la-familia-vicenciana\/ramas\/misevi\/"},"img":{"alt_text":"","src":"https:\/\/i0.wp.com\/vincentians.com\/es\/wp-content\/uploads\/sites\/11\/2016\/09\/espiritu-de-jesus.jpg?fit=1200%2C630&ssl=1&resize=350%2C200","width":350,"height":200,"srcset":"https:\/\/i0.wp.com\/vincentians.com\/es\/wp-content\/uploads\/sites\/11\/2016\/09\/espiritu-de-jesus.jpg?fit=1200%2C630&ssl=1&resize=350%2C200 1x, https:\/\/i0.wp.com\/vincentians.com\/es\/wp-content\/uploads\/sites\/11\/2016\/09\/espiritu-de-jesus.jpg?fit=1200%2C630&ssl=1&resize=525%2C300 1.5x, https:\/\/i0.wp.com\/vincentians.com\/es\/wp-content\/uploads\/sites\/11\/2016\/09\/espiritu-de-jesus.jpg?fit=1200%2C630&ssl=1&resize=700%2C400 2x, https:\/\/i0.wp.com\/vincentians.com\/es\/wp-content\/uploads\/sites\/11\/2016\/09\/espiritu-de-jesus.jpg?fit=1200%2C630&ssl=1&resize=1050%2C600 3x"},"classes":[]},{"id":18033,"url":"https:\/\/vincentians.com\/es\/la-jmv-en-el-tercer-milenio-una-aventura-de-jovenes-y-para-jovenes\/","url_meta":{"origin":11942,"position":5},"title":"La JMV en el Tercer Milenio: una aventura de j\u00f3venes y para j\u00f3venes","author":"Francisco Javier Fern\u00e1ndez Chento","date":"07\/03\/2023","format":false,"excerpt":"La JMV, un deseo divino transformado en realidad cotidiana\u2026 Una aventura de j\u00f3venes\u2026. Una evoluci\u00f3n\u2026 Fue en 1830, en la Rue du Bac, donde toda una historia, un camino comenz\u00f3... (las apariciones de la Virgen) Una mirada del cielo... (Jes\u00fas y Mar\u00eda) Una escucha en la tierra... (Catalina) Una meditaci\u00f3n\u2026","rel":"","context":"En \u00abJuventudes Marianas Vicencianas\u00bb","block_context":{"text":"Juventudes Marianas Vicencianas","link":"https:\/\/vincentians.com\/es\/category\/la-familia-vicenciana\/ramas\/juventudes-marianas-vicencianas\/"},"img":{"alt_text":"","src":"https:\/\/i0.wp.com\/vincentians.com\/es\/wp-content\/uploads\/sites\/11\/2013\/04\/msoF811D.jpg?fit=612%2C490&ssl=1&resize=350%2C200","width":350,"height":200,"srcset":"https:\/\/i0.wp.com\/vincentians.com\/es\/wp-content\/uploads\/sites\/11\/2013\/04\/msoF811D.jpg?fit=612%2C490&ssl=1&resize=350%2C200 1x, https:\/\/i0.wp.com\/vincentians.com\/es\/wp-content\/uploads\/sites\/11\/2013\/04\/msoF811D.jpg?fit=612%2C490&ssl=1&resize=525%2C300 1.5x"},"classes":[]}],"_links":{"self":[{"href":"https:\/\/vincentians.com\/es\/wp-json\/wp\/v2\/posts\/11942","targetHints":{"allow":["GET"]}}],"collection":[{"href":"https:\/\/vincentians.com\/es\/wp-json\/wp\/v2\/posts"}],"about":[{"href":"https:\/\/vincentians.com\/es\/wp-json\/wp\/v2\/types\/post"}],"author":[{"embeddable":true,"href":"https:\/\/vincentians.com\/es\/wp-json\/wp\/v2\/users\/4"}],"replies":[{"embeddable":true,"href":"https:\/\/vincentians.com\/es\/wp-json\/wp\/v2\/comments?post=11942"}],"version-history":[{"count":0,"href":"https:\/\/vincentians.com\/es\/wp-json\/wp\/v2\/posts\/11942\/revisions"}],"wp:featuredmedia":[{"embeddable":true,"href":"https:\/\/vincentians.com\/es\/wp-json\/"}],"wp:attachment":[{"href":"https:\/\/vincentians.com\/es\/wp-json\/wp\/v2\/media?parent=11942"}],"wp:term":[{"taxonomy":"category","embeddable":true,"href":"https:\/\/vincentians.com\/es\/wp-json\/wp\/v2\/categories?post=11942"},{"taxonomy":"post_tag","embeddable":true,"href":"https:\/\/vincentians.com\/es\/wp-json\/wp\/v2\/tags?post=11942"}],"curies":[{"name":"wp","href":"https:\/\/api.w.org\/{rel}","templated":true}]}}