{"id":119270,"date":"2022-01-23T08:38:38","date_gmt":"2022-01-23T07:38:38","guid":{"rendered":"http:\/\/somos.vicencianos.org\/?p=119270"},"modified":"2021-12-30T16:15:59","modified_gmt":"2021-12-30T15:15:59","slug":"historia-de-los-paules-en-cuba-capitulo-v-e","status":"publish","type":"post","link":"https:\/\/vincentians.com\/es\/historia-de-los-paules-en-cuba-capitulo-v-e\/","title":{"rendered":"Historia de los Pa\u00fales en Cuba: Cap\u00edtulo V (E)"},"content":{"rendered":"<h3>5. Fundaci\u00f3n \u00abCan\u00f3nica\u00bb de la nueva Provincia de las Antillas.<\/h3>\n<p>Muchos y muy buenos trabajos hab\u00edan realizado los Misioneros Pa\u00fales en Cuba desde su llegada a estas tierras el 13 de Noviembre de 1862. Guiados y dependiendo siempre de los Superiores de la Provincia Can\u00f3nica de Madrid, a cuya jurisdicci\u00f3n pertenec\u00edan, durante esos 34 a\u00f1os hab\u00edan establecido en Cuba una s\u00f3lida base para construir su futuro como Provincia de la Congregaci\u00f3n de la Misi\u00f3n.<\/p>\n<p>Todos sus esfuerzos se hab\u00edan centrado en la atenci\u00f3n espiritual a las Hijas de la Caridad, por cierto muy numerosas durante esos a\u00f1os, a las misiones populares, a la formaci\u00f3n de los futuros sacerdotes en el Seminario de San Carlos de la Habana, a la atenci\u00f3n y culto en las Iglesias de la Merced, en la Habana y San Francisco, en Santiago de Cuba y a la educaci\u00f3n del pueblo en el Colegio del Sagrado Coraz\u00f3n, en Matanzas.<\/p>\n<p>En la Asamblea General de la Congregaci\u00f3n de la Misi\u00f3n de 1896 se decret\u00f3 la erecci\u00f3n can\u00f3nica de una Provincia nueva que se llamar\u00eda \u00abProvincia de las Antillas.\u00bb La casa Provincial estar\u00eda en la Iglesia de la Merced, de la Habana, y estar\u00eda compuesta de la siguiente manera: Por una parte las casas de Cuba, a saber, La Merced de la Habana, Convento de San Francisco en Santiago de Cuba, y el Colegio del Sagrado Coraz\u00f3n de Matanzas. Por otra parte se a\u00f1adir\u00edan a \u00e9stas las casas de San Juan de Puerto Rico y la de Ponce, siendo su primer Visitador el P. F\u00e9lix Garc\u00eda, quien hab\u00eda venido desde Puerto Rico para tratar de solucionar el problema de las Hermanas con el Obispo, tema que ya hemos visto en p\u00e1ginas anteriores.<\/p>\n","protected":false},"excerpt":{"rendered":"<p>5. Fundaci\u00f3n \u00abCan\u00f3nica\u00bb de la nueva Provincia de las Antillas. Muchos y muy buenos trabajos hab\u00edan realizado los Misioneros Pa\u00fales en Cuba desde su llegada a estas tierras el 13 de Noviembre de 1862. Guiados &#8230; <a href=\"https:\/\/vincentians.com\/es\/historia-de-los-paules-en-cuba-capitulo-v-e\/\" class=\"more-link\">Read More<\/a><\/p>\n","protected":false},"author":5,"featured_media":403965,"comment_status":"open","ping_status":"open","sticky":false,"template":"","format":"standard","meta":{"jetpack_post_was_ever_published":false,"_jetpack_newsletter_access":"","_jetpack_dont_email_post_to_subs":false,"_jetpack_newsletter_tier_id":0,"_jetpack_memberships_contains_paywalled_content":false,"_jetpack_memberships_contains_paid_content":false,"footnotes":"","jetpack_publicize_message":"","jetpack_publicize_feature_enabled":true,"jetpack_social_post_already_shared":true,"jetpack_social_options":{"image_generator_settings":{"template":"highway","default_image_id":0,"font":"","enabled":false},"version":2}},"categories":[214],"tags":[176],"class_list":["post-119270","post","type-post","status-publish","format-standard","has-post-thumbnail","hentry","category-historia-de-la-congregacion-de-la-mision","tag-misiones-populares"],"yoast_head":"<!-- This site is optimized with the Yoast SEO plugin v26.3 - https:\/\/yoast.com\/wordpress\/plugins\/seo\/ -->\n<title>Historia de los Pa\u00fales en Cuba: Cap\u00edtulo V (E) - Somos Vicencianos<\/title>\n<meta name=\"robots\" content=\"index, follow, max-snippet:-1, max-image-preview:large, max-video-preview:-1\" \/>\n<link rel=\"canonical\" href=\"https:\/\/vincentians.com\/es\/historia-de-los-paules-en-cuba-capitulo-v-e\/\" \/>\n<meta property=\"og:locale\" content=\"es_ES\" \/>\n<meta property=\"og:type\" content=\"article\" \/>\n<meta property=\"og:title\" content=\"Historia de los Pa\u00fales en Cuba: Cap\u00edtulo V (E) - Somos Vicencianos\" \/>\n<meta property=\"og:description\" content=\"5. Fundaci\u00f3n \u00abCan\u00f3nica\u00bb de la nueva Provincia de las Antillas. Muchos y muy buenos trabajos hab\u00edan realizado los Misioneros Pa\u00fales en Cuba desde su llegada a estas tierras el 13 de Noviembre de 1862. Guiados ... Read More\" \/>\n<meta property=\"og:url\" content=\"https:\/\/vincentians.com\/es\/historia-de-los-paules-en-cuba-capitulo-v-e\/\" \/>\n<meta property=\"og:site_name\" content=\"Somos Vicencianos\" \/>\n<meta property=\"article:publisher\" content=\"https:\/\/www.facebook.com\/WeAreVincentians\/\" \/>\n<meta property=\"article:published_time\" content=\"2022-01-23T07:38:38+00:00\" \/>\n<meta property=\"og:image\" content=\"https:\/\/i0.wp.com\/vincentians.com\/es\/wp-content\/uploads\/sites\/11\/2013\/04\/Entorno-de-San-Vicente-6-Berceau.jpg?fit=640%2C421&ssl=1\" \/>\n\t<meta property=\"og:image:width\" content=\"640\" \/>\n\t<meta property=\"og:image:height\" content=\"421\" \/>\n\t<meta property=\"og:image:type\" content=\"image\/jpeg\" \/>\n<meta name=\"author\" content=\"Mitxel Olabu\u00e9naga\" \/>\n<meta name=\"twitter:card\" content=\"summary_large_image\" \/>\n<meta name=\"twitter:creator\" content=\"@WeVincentians\" \/>\n<meta name=\"twitter:site\" content=\"@WeVincentians\" \/>\n<meta name=\"twitter:label1\" content=\"Escrito por\" \/>\n\t<meta name=\"twitter:data1\" content=\"Mitxel Olabu\u00e9naga\" \/>\n\t<meta name=\"twitter:label2\" content=\"Tiempo de lectura\" \/>\n\t<meta name=\"twitter:data2\" content=\"2 minutos\" \/>\n<script type=\"application\/ld+json\" class=\"yoast-schema-graph\">{\"@context\":\"https:\/\/schema.org\",\"@graph\":[{\"@type\":\"Article\",\"@id\":\"https:\/\/vincentians.com\/es\/historia-de-los-paules-en-cuba-capitulo-v-e\/#article\",\"isPartOf\":{\"@id\":\"https:\/\/vincentians.com\/es\/historia-de-los-paules-en-cuba-capitulo-v-e\/\"},\"author\":{\"name\":\"Mitxel Olabu\u00e9naga\",\"@id\":\"http:\/\/vincentians.com\/es\/#\/schema\/person\/7c2670b4445a7ca9d164ea6acdb31859\"},\"headline\":\"Historia de los Pa\u00fales en Cuba: Cap\u00edtulo V (E)\",\"datePublished\":\"2022-01-23T07:38:38+00:00\",\"mainEntityOfPage\":{\"@id\":\"https:\/\/vincentians.com\/es\/historia-de-los-paules-en-cuba-capitulo-v-e\/\"},\"wordCount\":322,\"commentCount\":0,\"publisher\":{\"@id\":\"http:\/\/vincentians.com\/es\/#organization\"},\"image\":{\"@id\":\"https:\/\/vincentians.com\/es\/historia-de-los-paules-en-cuba-capitulo-v-e\/#primaryimage\"},\"thumbnailUrl\":\"https:\/\/i0.wp.com\/vincentians.com\/es\/wp-content\/uploads\/sites\/11\/2013\/04\/Entorno-de-San-Vicente-6-Berceau.jpg?fit=640%2C421&ssl=1\",\"keywords\":[\"Misiones Populares\"],\"articleSection\":[\"Historia de la Congregaci\u00f3n de la Misi\u00f3n\"],\"inLanguage\":\"es\",\"potentialAction\":[{\"@type\":\"CommentAction\",\"name\":\"Comment\",\"target\":[\"https:\/\/vincentians.com\/es\/historia-de-los-paules-en-cuba-capitulo-v-e\/#respond\"]}]},{\"@type\":\"WebPage\",\"@id\":\"https:\/\/vincentians.com\/es\/historia-de-los-paules-en-cuba-capitulo-v-e\/\",\"url\":\"https:\/\/vincentians.com\/es\/historia-de-los-paules-en-cuba-capitulo-v-e\/\",\"name\":\"Historia de los Pa\u00fales en Cuba: Cap\u00edtulo V (E) - Somos Vicencianos\",\"isPartOf\":{\"@id\":\"http:\/\/vincentians.com\/es\/#website\"},\"primaryImageOfPage\":{\"@id\":\"https:\/\/vincentians.com\/es\/historia-de-los-paules-en-cuba-capitulo-v-e\/#primaryimage\"},\"image\":{\"@id\":\"https:\/\/vincentians.com\/es\/historia-de-los-paules-en-cuba-capitulo-v-e\/#primaryimage\"},\"thumbnailUrl\":\"https:\/\/i0.wp.com\/vincentians.com\/es\/wp-content\/uploads\/sites\/11\/2013\/04\/Entorno-de-San-Vicente-6-Berceau.jpg?fit=640%2C421&ssl=1\",\"datePublished\":\"2022-01-23T07:38:38+00:00\",\"breadcrumb\":{\"@id\":\"https:\/\/vincentians.com\/es\/historia-de-los-paules-en-cuba-capitulo-v-e\/#breadcrumb\"},\"inLanguage\":\"es\",\"potentialAction\":[{\"@type\":\"ReadAction\",\"target\":[\"https:\/\/vincentians.com\/es\/historia-de-los-paules-en-cuba-capitulo-v-e\/\"]}]},{\"@type\":\"ImageObject\",\"inLanguage\":\"es\",\"@id\":\"https:\/\/vincentians.com\/es\/historia-de-los-paules-en-cuba-capitulo-v-e\/#primaryimage\",\"url\":\"https:\/\/i0.wp.com\/vincentians.com\/es\/wp-content\/uploads\/sites\/11\/2013\/04\/Entorno-de-San-Vicente-6-Berceau.jpg?fit=640%2C421&ssl=1\",\"contentUrl\":\"https:\/\/i0.wp.com\/vincentians.com\/es\/wp-content\/uploads\/sites\/11\/2013\/04\/Entorno-de-San-Vicente-6-Berceau.jpg?fit=640%2C421&ssl=1\",\"width\":640,\"height\":421},{\"@type\":\"BreadcrumbList\",\"@id\":\"https:\/\/vincentians.com\/es\/historia-de-los-paules-en-cuba-capitulo-v-e\/#breadcrumb\",\"itemListElement\":[{\"@type\":\"ListItem\",\"position\":1,\"name\":\"Portada\",\"item\":\"http:\/\/vincentians.com\/es\/\"},{\"@type\":\"ListItem\",\"position\":2,\"name\":\"Historia de los Pa\u00fales en Cuba: Cap\u00edtulo V (E)\"}]},{\"@type\":\"WebSite\",\"@id\":\"http:\/\/vincentians.com\/es\/#website\",\"url\":\"http:\/\/vincentians.com\/es\/\",\"name\":\"Somos Vicencianos\",\"description\":\"Know more to serve more\",\"publisher\":{\"@id\":\"http:\/\/vincentians.com\/es\/#organization\"},\"potentialAction\":[{\"@type\":\"SearchAction\",\"target\":{\"@type\":\"EntryPoint\",\"urlTemplate\":\"http:\/\/vincentians.com\/es\/?s={search_term_string}\"},\"query-input\":{\"@type\":\"PropertyValueSpecification\",\"valueRequired\":true,\"valueName\":\"search_term_string\"}}],\"inLanguage\":\"es\"},{\"@type\":\"Organization\",\"@id\":\"http:\/\/vincentians.com\/es\/#organization\",\"name\":\"The Vincentian Network\",\"url\":\"http:\/\/vincentians.com\/es\/\",\"logo\":{\"@type\":\"ImageObject\",\"inLanguage\":\"es\",\"@id\":\"http:\/\/vincentians.com\/es\/#\/schema\/logo\/image\/\",\"url\":\"https:\/\/i1.wp.com\/vincentians.com\/es\/wp-content\/uploads\/sites\/11\/2016\/06\/Vincentian-Network-logo-big.png?fit=778%2C778\",\"contentUrl\":\"https:\/\/i1.wp.com\/vincentians.com\/es\/wp-content\/uploads\/sites\/11\/2016\/06\/Vincentian-Network-logo-big.png?fit=778%2C778\",\"width\":778,\"height\":778,\"caption\":\"The Vincentian Network\"},\"image\":{\"@id\":\"http:\/\/vincentians.com\/es\/#\/schema\/logo\/image\/\"},\"sameAs\":[\"https:\/\/www.facebook.com\/WeAreVincentians\/\",\"https:\/\/x.com\/WeVincentians\"]},{\"@type\":\"Person\",\"@id\":\"http:\/\/vincentians.com\/es\/#\/schema\/person\/7c2670b4445a7ca9d164ea6acdb31859\",\"name\":\"Mitxel Olabu\u00e9naga\",\"image\":{\"@type\":\"ImageObject\",\"inLanguage\":\"es\",\"@id\":\"http:\/\/vincentians.com\/es\/#\/schema\/person\/image\/\",\"url\":\"https:\/\/secure.gravatar.com\/avatar\/34137ec2e2b8939cbbed975731e71f3f4f1defc7266ded337a5ce0f925426877?s=96&d=mm&r=g\",\"contentUrl\":\"https:\/\/secure.gravatar.com\/avatar\/34137ec2e2b8939cbbed975731e71f3f4f1defc7266ded337a5ce0f925426877?s=96&d=mm&r=g\",\"caption\":\"Mitxel Olabu\u00e9naga\"},\"url\":\"https:\/\/vincentians.com\/es\/author\/mitxel\/\"}]}<\/script>\n<!-- \/ Yoast SEO plugin. -->","yoast_head_json":{"title":"Historia de los Pa\u00fales en Cuba: Cap\u00edtulo V (E) - Somos Vicencianos","robots":{"index":"index","follow":"follow","max-snippet":"max-snippet:-1","max-image-preview":"max-image-preview:large","max-video-preview":"max-video-preview:-1"},"canonical":"https:\/\/vincentians.com\/es\/historia-de-los-paules-en-cuba-capitulo-v-e\/","og_locale":"es_ES","og_type":"article","og_title":"Historia de los Pa\u00fales en Cuba: Cap\u00edtulo V (E) - Somos Vicencianos","og_description":"5. Fundaci\u00f3n \u00abCan\u00f3nica\u00bb de la nueva Provincia de las Antillas. Muchos y muy buenos trabajos hab\u00edan realizado los Misioneros Pa\u00fales en Cuba desde su llegada a estas tierras el 13 de Noviembre de 1862. Guiados ... Read More","og_url":"https:\/\/vincentians.com\/es\/historia-de-los-paules-en-cuba-capitulo-v-e\/","og_site_name":"Somos Vicencianos","article_publisher":"https:\/\/www.facebook.com\/WeAreVincentians\/","article_published_time":"2022-01-23T07:38:38+00:00","og_image":[{"width":640,"height":421,"url":"https:\/\/i0.wp.com\/vincentians.com\/es\/wp-content\/uploads\/sites\/11\/2013\/04\/Entorno-de-San-Vicente-6-Berceau.jpg?fit=640%2C421&ssl=1","type":"image\/jpeg"}],"author":"Mitxel Olabu\u00e9naga","twitter_card":"summary_large_image","twitter_creator":"@WeVincentians","twitter_site":"@WeVincentians","twitter_misc":{"Escrito por":"Mitxel Olabu\u00e9naga","Tiempo de lectura":"2 minutos"},"schema":{"@context":"https:\/\/schema.org","@graph":[{"@type":"Article","@id":"https:\/\/vincentians.com\/es\/historia-de-los-paules-en-cuba-capitulo-v-e\/#article","isPartOf":{"@id":"https:\/\/vincentians.com\/es\/historia-de-los-paules-en-cuba-capitulo-v-e\/"},"author":{"name":"Mitxel Olabu\u00e9naga","@id":"http:\/\/vincentians.com\/es\/#\/schema\/person\/7c2670b4445a7ca9d164ea6acdb31859"},"headline":"Historia de los Pa\u00fales en Cuba: Cap\u00edtulo V (E)","datePublished":"2022-01-23T07:38:38+00:00","mainEntityOfPage":{"@id":"https:\/\/vincentians.com\/es\/historia-de-los-paules-en-cuba-capitulo-v-e\/"},"wordCount":322,"commentCount":0,"publisher":{"@id":"http:\/\/vincentians.com\/es\/#organization"},"image":{"@id":"https:\/\/vincentians.com\/es\/historia-de-los-paules-en-cuba-capitulo-v-e\/#primaryimage"},"thumbnailUrl":"https:\/\/i0.wp.com\/vincentians.com\/es\/wp-content\/uploads\/sites\/11\/2013\/04\/Entorno-de-San-Vicente-6-Berceau.jpg?fit=640%2C421&ssl=1","keywords":["Misiones Populares"],"articleSection":["Historia de la Congregaci\u00f3n de la Misi\u00f3n"],"inLanguage":"es","potentialAction":[{"@type":"CommentAction","name":"Comment","target":["https:\/\/vincentians.com\/es\/historia-de-los-paules-en-cuba-capitulo-v-e\/#respond"]}]},{"@type":"WebPage","@id":"https:\/\/vincentians.com\/es\/historia-de-los-paules-en-cuba-capitulo-v-e\/","url":"https:\/\/vincentians.com\/es\/historia-de-los-paules-en-cuba-capitulo-v-e\/","name":"Historia de los Pa\u00fales en Cuba: Cap\u00edtulo V (E) - Somos Vicencianos","isPartOf":{"@id":"http:\/\/vincentians.com\/es\/#website"},"primaryImageOfPage":{"@id":"https:\/\/vincentians.com\/es\/historia-de-los-paules-en-cuba-capitulo-v-e\/#primaryimage"},"image":{"@id":"https:\/\/vincentians.com\/es\/historia-de-los-paules-en-cuba-capitulo-v-e\/#primaryimage"},"thumbnailUrl":"https:\/\/i0.wp.com\/vincentians.com\/es\/wp-content\/uploads\/sites\/11\/2013\/04\/Entorno-de-San-Vicente-6-Berceau.jpg?fit=640%2C421&ssl=1","datePublished":"2022-01-23T07:38:38+00:00","breadcrumb":{"@id":"https:\/\/vincentians.com\/es\/historia-de-los-paules-en-cuba-capitulo-v-e\/#breadcrumb"},"inLanguage":"es","potentialAction":[{"@type":"ReadAction","target":["https:\/\/vincentians.com\/es\/historia-de-los-paules-en-cuba-capitulo-v-e\/"]}]},{"@type":"ImageObject","inLanguage":"es","@id":"https:\/\/vincentians.com\/es\/historia-de-los-paules-en-cuba-capitulo-v-e\/#primaryimage","url":"https:\/\/i0.wp.com\/vincentians.com\/es\/wp-content\/uploads\/sites\/11\/2013\/04\/Entorno-de-San-Vicente-6-Berceau.jpg?fit=640%2C421&ssl=1","contentUrl":"https:\/\/i0.wp.com\/vincentians.com\/es\/wp-content\/uploads\/sites\/11\/2013\/04\/Entorno-de-San-Vicente-6-Berceau.jpg?fit=640%2C421&ssl=1","width":640,"height":421},{"@type":"BreadcrumbList","@id":"https:\/\/vincentians.com\/es\/historia-de-los-paules-en-cuba-capitulo-v-e\/#breadcrumb","itemListElement":[{"@type":"ListItem","position":1,"name":"Portada","item":"http:\/\/vincentians.com\/es\/"},{"@type":"ListItem","position":2,"name":"Historia de los Pa\u00fales en Cuba: Cap\u00edtulo V (E)"}]},{"@type":"WebSite","@id":"http:\/\/vincentians.com\/es\/#website","url":"http:\/\/vincentians.com\/es\/","name":"Somos Vicencianos","description":"Know more to serve more","publisher":{"@id":"http:\/\/vincentians.com\/es\/#organization"},"potentialAction":[{"@type":"SearchAction","target":{"@type":"EntryPoint","urlTemplate":"http:\/\/vincentians.com\/es\/?s={search_term_string}"},"query-input":{"@type":"PropertyValueSpecification","valueRequired":true,"valueName":"search_term_string"}}],"inLanguage":"es"},{"@type":"Organization","@id":"http:\/\/vincentians.com\/es\/#organization","name":"The Vincentian Network","url":"http:\/\/vincentians.com\/es\/","logo":{"@type":"ImageObject","inLanguage":"es","@id":"http:\/\/vincentians.com\/es\/#\/schema\/logo\/image\/","url":"https:\/\/i1.wp.com\/vincentians.com\/es\/wp-content\/uploads\/sites\/11\/2016\/06\/Vincentian-Network-logo-big.png?fit=778%2C778","contentUrl":"https:\/\/i1.wp.com\/vincentians.com\/es\/wp-content\/uploads\/sites\/11\/2016\/06\/Vincentian-Network-logo-big.png?fit=778%2C778","width":778,"height":778,"caption":"The Vincentian Network"},"image":{"@id":"http:\/\/vincentians.com\/es\/#\/schema\/logo\/image\/"},"sameAs":["https:\/\/www.facebook.com\/WeAreVincentians\/","https:\/\/x.com\/WeVincentians"]},{"@type":"Person","@id":"http:\/\/vincentians.com\/es\/#\/schema\/person\/7c2670b4445a7ca9d164ea6acdb31859","name":"Mitxel Olabu\u00e9naga","image":{"@type":"ImageObject","inLanguage":"es","@id":"http:\/\/vincentians.com\/es\/#\/schema\/person\/image\/","url":"https:\/\/secure.gravatar.com\/avatar\/34137ec2e2b8939cbbed975731e71f3f4f1defc7266ded337a5ce0f925426877?s=96&d=mm&r=g","contentUrl":"https:\/\/secure.gravatar.com\/avatar\/34137ec2e2b8939cbbed975731e71f3f4f1defc7266ded337a5ce0f925426877?s=96&d=mm&r=g","caption":"Mitxel Olabu\u00e9naga"},"url":"https:\/\/vincentians.com\/es\/author\/mitxel\/"}]}},"jetpack_publicize_connections":[],"jetpack_featured_media_url":"https:\/\/i0.wp.com\/vincentians.com\/es\/wp-content\/uploads\/sites\/11\/2013\/04\/Entorno-de-San-Vicente-6-Berceau.jpg?fit=640%2C421&ssl=1","jetpack_sharing_enabled":true,"jetpack_shortlink":"https:\/\/wp.me\/p7ETMF-v1I","jetpack-related-posts":[{"id":119325,"url":"https:\/\/vincentians.com\/es\/historia-de-los-paules-en-cuba-capitulo-vii-c\/","url_meta":{"origin":119270,"position":0},"title":"Historia de los Pa\u00fales en Cuba: Cap\u00edtulo VII (C)","author":"Mitxel Olabu\u00e9naga","date":"29\/04\/2022","format":false,"excerpt":"3. Separaci\u00f3n de Puerto Rico de la Provincia de las Antillas. Desde sus or\u00edgenes, a\u00f1o 1862, la casa de la Merced de la Habana no era sino una de las muchas casas de la Provincia Can\u00f3nica de Madrid. Ya vimos en el cap\u00edtulo V c\u00f3mo la Asamblea General de 1896\u2026","rel":"","context":"En \u00abHistoria de la Congregaci\u00f3n de la Misi\u00f3n\u00bb","block_context":{"text":"Historia de la Congregaci\u00f3n de la Misi\u00f3n","link":"https:\/\/vincentians.com\/es\/category\/historia-de-la-familia-vicenciana\/historia-de-la-congregacion-de-la-mision\/"},"img":{"alt_text":"","src":"https:\/\/i0.wp.com\/vincentians.com\/es\/wp-content\/uploads\/sites\/11\/2013\/05\/Cuba-Iglesia-de-La-Milagrosa-La-Habana.png?fit=1200%2C919&ssl=1&resize=350%2C200","width":350,"height":200,"srcset":"https:\/\/i0.wp.com\/vincentians.com\/es\/wp-content\/uploads\/sites\/11\/2013\/05\/Cuba-Iglesia-de-La-Milagrosa-La-Habana.png?fit=1200%2C919&ssl=1&resize=350%2C200 1x, https:\/\/i0.wp.com\/vincentians.com\/es\/wp-content\/uploads\/sites\/11\/2013\/05\/Cuba-Iglesia-de-La-Milagrosa-La-Habana.png?fit=1200%2C919&ssl=1&resize=525%2C300 1.5x, https:\/\/i0.wp.com\/vincentians.com\/es\/wp-content\/uploads\/sites\/11\/2013\/05\/Cuba-Iglesia-de-La-Milagrosa-La-Habana.png?fit=1200%2C919&ssl=1&resize=700%2C400 2x, https:\/\/i0.wp.com\/vincentians.com\/es\/wp-content\/uploads\/sites\/11\/2013\/05\/Cuba-Iglesia-de-La-Milagrosa-La-Habana.png?fit=1200%2C919&ssl=1&resize=1050%2C600 3x"},"classes":[]},{"id":124444,"url":"https:\/\/vincentians.com\/es\/historia-de-los-paules-en-cuba-capitulo-xii-d\/","url_meta":{"origin":119270,"position":1},"title":"Historia de los PA\u00daLES en Cuba (CAP\u00cdTULO XII D)","author":"Mitxel Olabu\u00e9naga","date":"21\/05\/2023","format":false,"excerpt":"4. Las Parroquias bajo m\u00ednimos despu\u00e9s del \u00e9xodo. En el a\u00f1o 1966, por ejemplo, y seg\u00fan el Cat\u00e1logo de la Congregaci\u00f3n de la Misi\u00f3n, hab\u00eda solamente 10 Padres Pa\u00fales y un Hermano, que se encontraban repartidos en siete casas de la forma siguiente. Recordemos que en tiempos de bonanza hubo\u2026","rel":"","context":"En \u00abHistoria de la Congregaci\u00f3n de la Misi\u00f3n\u00bb","block_context":{"text":"Historia de la Congregaci\u00f3n de la Misi\u00f3n","link":"https:\/\/vincentians.com\/es\/category\/historia-de-la-familia-vicenciana\/historia-de-la-congregacion-de-la-mision\/"},"img":{"alt_text":"","src":"https:\/\/i0.wp.com\/vincentians.com\/es\/wp-content\/uploads\/sites\/11\/2013\/05\/Cuba-Iglesia-de-La-Milagrosa-La-Habana.png?fit=1200%2C919&ssl=1&resize=350%2C200","width":350,"height":200,"srcset":"https:\/\/i0.wp.com\/vincentians.com\/es\/wp-content\/uploads\/sites\/11\/2013\/05\/Cuba-Iglesia-de-La-Milagrosa-La-Habana.png?fit=1200%2C919&ssl=1&resize=350%2C200 1x, https:\/\/i0.wp.com\/vincentians.com\/es\/wp-content\/uploads\/sites\/11\/2013\/05\/Cuba-Iglesia-de-La-Milagrosa-La-Habana.png?fit=1200%2C919&ssl=1&resize=525%2C300 1.5x, https:\/\/i0.wp.com\/vincentians.com\/es\/wp-content\/uploads\/sites\/11\/2013\/05\/Cuba-Iglesia-de-La-Milagrosa-La-Habana.png?fit=1200%2C919&ssl=1&resize=700%2C400 2x, https:\/\/i0.wp.com\/vincentians.com\/es\/wp-content\/uploads\/sites\/11\/2013\/05\/Cuba-Iglesia-de-La-Milagrosa-La-Habana.png?fit=1200%2C919&ssl=1&resize=1050%2C600 3x"},"classes":[]},{"id":118345,"url":"https:\/\/vincentians.com\/es\/historia-de-los-paules-en-cuba-capitulo-ii-a\/","url_meta":{"origin":119270,"position":2},"title":"Historia de los Pa\u00fales en Cuba (Cap\u00edtulo II A)","author":"Mitxel Olabu\u00e9naga","date":"17\/12\/2021","format":false,"excerpt":"Cap\u00edtulo II (A): Primeros pasos de la Congregaci\u00f3n de la Misi\u00f3n en Cuba 1. Breve historia de la Iglesia de La Merced y su Convento. Cuando llegaron los Padres Mercedarios a la Habana en el a\u00f1o 1637 adquirieron a precios muy bajos unos solares en el barrio de Campeche, en\u2026","rel":"","context":"En \u00abHistoria de la Congregaci\u00f3n de la Misi\u00f3n\u00bb","block_context":{"text":"Historia de la Congregaci\u00f3n de la Misi\u00f3n","link":"https:\/\/vincentians.com\/es\/category\/historia-de-la-familia-vicenciana\/historia-de-la-congregacion-de-la-mision\/"},"img":{"alt_text":"","src":"https:\/\/i0.wp.com\/vincentians.com\/es\/wp-content\/uploads\/sites\/11\/2016\/10\/ranquines.jpg?fit=1200%2C630&ssl=1&resize=350%2C200","width":350,"height":200,"srcset":"https:\/\/i0.wp.com\/vincentians.com\/es\/wp-content\/uploads\/sites\/11\/2016\/10\/ranquines.jpg?fit=1200%2C630&ssl=1&resize=350%2C200 1x, https:\/\/i0.wp.com\/vincentians.com\/es\/wp-content\/uploads\/sites\/11\/2016\/10\/ranquines.jpg?fit=1200%2C630&ssl=1&resize=525%2C300 1.5x, https:\/\/i0.wp.com\/vincentians.com\/es\/wp-content\/uploads\/sites\/11\/2016\/10\/ranquines.jpg?fit=1200%2C630&ssl=1&resize=700%2C400 2x, https:\/\/i0.wp.com\/vincentians.com\/es\/wp-content\/uploads\/sites\/11\/2016\/10\/ranquines.jpg?fit=1200%2C630&ssl=1&resize=1050%2C600 3x"},"classes":[]},{"id":118729,"url":"https:\/\/vincentians.com\/es\/historia-de-la-provincia-de-cuba-capitulo-iii-b\/","url_meta":{"origin":119270,"position":3},"title":"Historia de la Provincia de Cuba (Cap\u00edtulo III B)","author":"Mitxel Olabu\u00e9naga","date":"23\/12\/2021","format":false,"excerpt":"2. El Obispo Francisco Fleix y Solans decide que los Pa\u00fales se encarguen del Seminario: una iniciativa que qued\u00f3 pendiente Para el Obispo de La Habana, la situaci\u00f3n del ya antiguo Seminario de San Carlos y San Ambrosio presentaba una situaci\u00f3n grav\u00edsima que se deb\u00eda enfrentar y resolver en el\u2026","rel":"","context":"En \u00abHistoria de la Congregaci\u00f3n de la Misi\u00f3n\u00bb","block_context":{"text":"Historia de la Congregaci\u00f3n de la Misi\u00f3n","link":"https:\/\/vincentians.com\/es\/category\/historia-de-la-familia-vicenciana\/historia-de-la-congregacion-de-la-mision\/"},"img":{"alt_text":"","src":"https:\/\/i0.wp.com\/vincentians.com\/es\/wp-content\/uploads\/sites\/11\/2016\/10\/ranquines.jpg?fit=1200%2C630&ssl=1&resize=350%2C200","width":350,"height":200,"srcset":"https:\/\/i0.wp.com\/vincentians.com\/es\/wp-content\/uploads\/sites\/11\/2016\/10\/ranquines.jpg?fit=1200%2C630&ssl=1&resize=350%2C200 1x, https:\/\/i0.wp.com\/vincentians.com\/es\/wp-content\/uploads\/sites\/11\/2016\/10\/ranquines.jpg?fit=1200%2C630&ssl=1&resize=525%2C300 1.5x, https:\/\/i0.wp.com\/vincentians.com\/es\/wp-content\/uploads\/sites\/11\/2016\/10\/ranquines.jpg?fit=1200%2C630&ssl=1&resize=700%2C400 2x, https:\/\/i0.wp.com\/vincentians.com\/es\/wp-content\/uploads\/sites\/11\/2016\/10\/ranquines.jpg?fit=1200%2C630&ssl=1&resize=1050%2C600 3x"},"classes":[]},{"id":124447,"url":"https:\/\/vincentians.com\/es\/historia-de-los-paules-en-cuba-capitulo-xii-e\/","url_meta":{"origin":119270,"position":4},"title":"Historia de los PA\u00daLES en Cuba (CAP\u00cdTULO XII E)","author":"Mitxel Olabu\u00e9naga","date":"27\/05\/2023","format":false,"excerpt":"5. Despu\u00e9s del \u00e9xodo de los Misioneros. Un futuro con muchos nubarrones. En aquel momento, como ahora, uno de los temas que m\u00e1s se discut\u00edan era la cuesti\u00f3n de las vocaciones. Por m\u00e1s de cien a\u00f1os, la Iglesia Cat\u00f3lica que vive y trabaja en la Isla ha experimentado escasez de\u2026","rel":"","context":"En \u00abHistoria de la Congregaci\u00f3n de la Misi\u00f3n\u00bb","block_context":{"text":"Historia de la Congregaci\u00f3n de la Misi\u00f3n","link":"https:\/\/vincentians.com\/es\/category\/historia-de-la-familia-vicenciana\/historia-de-la-congregacion-de-la-mision\/"},"img":{"alt_text":"","src":"https:\/\/i0.wp.com\/vincentians.com\/es\/wp-content\/uploads\/sites\/11\/2013\/05\/Cuba-Iglesia-de-La-Milagrosa-La-Habana.png?fit=1200%2C919&ssl=1&resize=350%2C200","width":350,"height":200,"srcset":"https:\/\/i0.wp.com\/vincentians.com\/es\/wp-content\/uploads\/sites\/11\/2013\/05\/Cuba-Iglesia-de-La-Milagrosa-La-Habana.png?fit=1200%2C919&ssl=1&resize=350%2C200 1x, https:\/\/i0.wp.com\/vincentians.com\/es\/wp-content\/uploads\/sites\/11\/2013\/05\/Cuba-Iglesia-de-La-Milagrosa-La-Habana.png?fit=1200%2C919&ssl=1&resize=525%2C300 1.5x, https:\/\/i0.wp.com\/vincentians.com\/es\/wp-content\/uploads\/sites\/11\/2013\/05\/Cuba-Iglesia-de-La-Milagrosa-La-Habana.png?fit=1200%2C919&ssl=1&resize=700%2C400 2x, https:\/\/i0.wp.com\/vincentians.com\/es\/wp-content\/uploads\/sites\/11\/2013\/05\/Cuba-Iglesia-de-La-Milagrosa-La-Habana.png?fit=1200%2C919&ssl=1&resize=1050%2C600 3x"},"classes":[]},{"id":118951,"url":"https:\/\/vincentians.com\/es\/historia-de-los-paules-en-cuba-capitulo-iv-b\/","url_meta":{"origin":119270,"position":5},"title":"Historia de los Pa\u00fales en Cuba (Cap\u00edtulo IV B)","author":"Mitxel Olabu\u00e9naga","date":"01\/01\/2022","format":false,"excerpt":"\u00a02. Los Pa\u00fales asumen, por fin, la direcci\u00f3n del Seminario San Carlos y San Ambrosio. 1879-1890. \u00c9xitos y dificultades. El Seminario de San Carlos y San Ambrosio de San Crist\u00f3bal de La Habana es el heredero y sucesor de varias instituciones anteriores: el Seminario Tridentino fundado por el Obispo Juan\u2026","rel":"","context":"En \u00abHistoria de la Congregaci\u00f3n de la Misi\u00f3n\u00bb","block_context":{"text":"Historia de la Congregaci\u00f3n de la Misi\u00f3n","link":"https:\/\/vincentians.com\/es\/category\/historia-de-la-familia-vicenciana\/historia-de-la-congregacion-de-la-mision\/"},"img":{"alt_text":"","src":"https:\/\/i0.wp.com\/vincentians.com\/es\/wp-content\/uploads\/sites\/11\/2016\/10\/ranquines.jpg?fit=1200%2C630&ssl=1&resize=350%2C200","width":350,"height":200,"srcset":"https:\/\/i0.wp.com\/vincentians.com\/es\/wp-content\/uploads\/sites\/11\/2016\/10\/ranquines.jpg?fit=1200%2C630&ssl=1&resize=350%2C200 1x, https:\/\/i0.wp.com\/vincentians.com\/es\/wp-content\/uploads\/sites\/11\/2016\/10\/ranquines.jpg?fit=1200%2C630&ssl=1&resize=525%2C300 1.5x, https:\/\/i0.wp.com\/vincentians.com\/es\/wp-content\/uploads\/sites\/11\/2016\/10\/ranquines.jpg?fit=1200%2C630&ssl=1&resize=700%2C400 2x, https:\/\/i0.wp.com\/vincentians.com\/es\/wp-content\/uploads\/sites\/11\/2016\/10\/ranquines.jpg?fit=1200%2C630&ssl=1&resize=1050%2C600 3x"},"classes":[]}],"_links":{"self":[{"href":"https:\/\/vincentians.com\/es\/wp-json\/wp\/v2\/posts\/119270","targetHints":{"allow":["GET"]}}],"collection":[{"href":"https:\/\/vincentians.com\/es\/wp-json\/wp\/v2\/posts"}],"about":[{"href":"https:\/\/vincentians.com\/es\/wp-json\/wp\/v2\/types\/post"}],"author":[{"embeddable":true,"href":"https:\/\/vincentians.com\/es\/wp-json\/wp\/v2\/users\/5"}],"replies":[{"embeddable":true,"href":"https:\/\/vincentians.com\/es\/wp-json\/wp\/v2\/comments?post=119270"}],"version-history":[{"count":2,"href":"https:\/\/vincentians.com\/es\/wp-json\/wp\/v2\/posts\/119270\/revisions"}],"predecessor-version":[{"id":403966,"href":"https:\/\/vincentians.com\/es\/wp-json\/wp\/v2\/posts\/119270\/revisions\/403966"}],"wp:featuredmedia":[{"embeddable":true,"href":"https:\/\/vincentians.com\/es\/wp-json\/wp\/v2\/media\/403965"}],"wp:attachment":[{"href":"https:\/\/vincentians.com\/es\/wp-json\/wp\/v2\/media?parent=119270"}],"wp:term":[{"taxonomy":"category","embeddable":true,"href":"https:\/\/vincentians.com\/es\/wp-json\/wp\/v2\/categories?post=119270"},{"taxonomy":"post_tag","embeddable":true,"href":"https:\/\/vincentians.com\/es\/wp-json\/wp\/v2\/tags?post=119270"}],"curies":[{"name":"wp","href":"https:\/\/api.w.org\/{rel}","templated":true}]}}