{"id":119261,"date":"2013-04-05T08:29:00","date_gmt":"2013-04-05T06:29:00","guid":{"rendered":"http:\/\/somos.vicencianos.org\/?p=119261"},"modified":"2016-07-27T12:13:12","modified_gmt":"2016-07-27T10:13:12","slug":"historia-de-los-paules-en-cuba-capitulo-v-a","status":"publish","type":"post","link":"https:\/\/vincentians.com\/es\/historia-de-los-paules-en-cuba-capitulo-v-a\/","title":{"rendered":"Historia de los Pa\u00fales en Cuba: Cap\u00edtulo V (A)"},"content":{"rendered":"<h3><b>1. Muerte del P. Ger\u00f3nimo Vilad\u00e1s. 23 de Agosto de 1883<\/b><\/h3>\n<p><b><a href=\"http:\/\/vicencianos.org\/blog\/2013\/03\/14\/historia-de-los-paules-en-cuba-capitulo-i\/41747943_95fc4657ec\/\" rel=\"attachment wp-att-118284\"><img data-recalc-dims=\"1\" loading=\"lazy\" decoding=\"async\" class=\"size-full wp-image-118284 alignright\" alt=\"41747943_95fc4657ec\" src=\"https:\/\/i0.wp.com\/vicencianos.org\/wp-content\/2013\/02\/41747943_95fc4657ec.jpg?resize=246%2C153\" width=\"246\" height=\"153\" \/><\/a><\/b>El querido y admirado P. Jer\u00f3nimo Vilad\u00e1s Lamich fue el primer Rector de la Congregaci\u00f3n de la Misi\u00f3n que tuvo el Seminario San Carlos y San Ambrosio y el primer Superior de la Comunidad de Padres Pa\u00fales en la Iglesia de la Merced. Al mismo tiempo fue el Director de las Hijas de la Caridad. Es imposible hacer justicia en tan pocas p\u00e1ginas a la ingente figura del P. Vilad\u00e1s. Bien merece una biograf\u00eda m\u00e1s extensa, en la que se pueda resaltar la altura y la grandeza de su persona. Ojal\u00e1 tuvi\u00e9ramos el espacio suficiente para poder narrar y hacer justicia a su gran personalidad y su magn\u00edfica obra.<\/p>\n<p>De todo lo que se ha escrito sobre el P. Vilad\u00e1s lo m\u00e1s completo es la peque\u00f1a biograf\u00eda de Fernando Casanova y Gil escrita en el a\u00f1o 1883. Dice el P. Chaurrondo que quiz\u00e1s una mala entendida modestia del P. Mej\u00eda, C.M., le sugiri\u00f3 ocultar su nombre en este trabajo biogr\u00e1fico sobre el P. Vilad\u00e1s o bien su humildad crey\u00f3 que el hecho de aparecer el libro escrito por un extra\u00f1o daba mayor garant\u00eda de imparcialidad a los hechos consignados sobre el P. Vilad\u00e1s. De ah\u00ed que apareci\u00f3 con el nombre de Fernando de Casa Nova y Gil como autor del trabajo. Tanto el P. Pedro Vargas, como el P. Paradela, basan sus escritos sobre el P. Vilad\u00e1s en esa biograf\u00eda. En el Archivo de la Merced se guarda como un tesoro la autobiograf\u00eda del P. Vilad\u00e1s, escrita de su pu\u00f1o y letra.<\/p>\n<p>Uno no se explica c\u00f3mo en tan pocos a\u00f1os pudo hacer tantas cosas. Extraordinaria labor la del P. Vilad\u00e1s. Dada su altura moral, su capacidad y su disponibilidad, no dudaron los Superiores en nombrarle superior de dos casas, la de la Merced y la del Seminario de la Habana, cosa inaudita en la Congregaci\u00f3n. Adem\u00e1s de terminar la Iglesia desde la nave central hasta el altar mayor, las dos capillas laterales y la gran c\u00fapula, construy\u00f3 tambi\u00e9n el segundo piso del convento que corre a lo largo de la calle Cuba, con cinco habitaciones, el sal\u00f3n biblioteca y la escalera que da acceso a esta planta. No contento con eso tambi\u00e9n construy\u00f3 el Colegio de la Inmaculada, donde se le recuerda con un hermoso busto de bronce, situado en el patio de la casa provincial de las Hermanas.<\/p>\n<p>Fue el gran predicador de las Misiones Populares, inici\u00e1ndolas pr\u00e1cticamente desde su llegada a Cuba. Dio m\u00faltiples tandas de ejercicios a los sacerdotes y a los ordenandos, misiones a los presos de las c\u00e1rceles, y por si le sobrara tiempo, tambi\u00e9n le nombraron director de las Hijas de la Caridad, y fue precisamente este cargo el que le caus\u00f3 tanto dolor. Estando en Cuba las Hijas de la Caridad <i>\u00abde velo\u00bb <\/i>o espa\u00f1olas, un grupo de se\u00f1oras ricas obtuvo algunas Hermanas <i>\u00abde corneta\u00bb, <\/i>o francesas, para el Colegio de Santa Isabel. El P. Etienne se lo concedi\u00f3, mandando al P. Roch como su director, independiente del P. Vilad\u00e1s. Ello trajo la perturbaci\u00f3n a la Comunidad, pas\u00e1ndose a mano airada algunas espa\u00f1olas a las francesas, a pretexto de que las espa\u00f1olas no pertenec\u00edan a la obediencia del sucesor de San Vicente. El problema lo resolvi\u00f3 quien no ten\u00eda derecho a ello, dando el Capit\u00e1n General de Cuba una orden, que comunic\u00f3 al Obispo, para que este se lo pasara al P. Vilad\u00e1s, expulsando de Cuba a toda Hija de la Caridad que no hubiera venido de Espa\u00f1a e imponiendo el h\u00e1bito del velo!<\/p>\n<p>Debido a la mucha actividad que el P. Vilad\u00e1s llevaba, su salud comenz\u00f3 a deteriorarse. Sin embargo nada parec\u00eda predecir lo que se acercaba. El P. Ram\u00f3n G\u00fcell escrib\u00eda al Superior General el 24 de Febrero de 1883:<\/p>\n<p style=\"padding-left: 30px\"><i>Escrib\u00ed a V. el estado del Sr. Superior de esa casa. Ahora tengo el gusto <\/i><i>de poderle comunicar que el Sr. Vilad\u00e1s est\u00e1 mucho mejor a Dios gracias. <\/i><i>Nos parece verle como que hubiese resucitado, tal es la diferencia que <\/i><i>hallamos. Ya habla casi sin impedimento, aunque le ha quedado alguna <\/i><i>reliquia de la enfermedad. . El m\u00e9dico me ha dicho que un viaje le ser\u00eda <\/i><i>\u00fatil y provechoso y que debe abstenerse de negocios que ocupen su <\/i><i>cerebro. Seg\u00fan todos los m\u00e9dicos el Sr. Vilad\u00e1s tuvo derrame de sangre <\/i><i>en el cerebro, esto lo ignora el que lo padeci\u00f3.<\/i><\/p>\n<p>El 20 de abril del mismo a\u00f1o volv\u00eda a escribir:<\/p>\n<p style=\"padding-left: 30px\"><i>El P. Vilad\u00e1s se halla bastante regular, y me dice escriba a V que como la traves\u00eda hasta Europa es tan larga, ha determinado ha determinado ir a pasar una temporada a M\u00e9xico porque la traves\u00eda es de <\/i>3 <i>d\u00edas. Si no <\/i><i>muda de determinaci\u00f3n ir\u00e1 saldr\u00e1 de esta el d\u00eda 1 de Mayo.<\/i><\/p>\n<p>Los primeros s\u00edntomas de la enfermedad aparecieron cuando estaba dando los Ejercicios Espirituales en Santiago de Cuba a las Hijas de la Caridad. Pudo rebasar el primer ataque, regres\u00f3 a La Habana y a la Iglesia de la Merced, pero al cabo de tres meses se repiti\u00f3 la enfermedad y los m\u00e9dicos prescribieron que abandonara todo tipo de trabajo intelectual y lo convencieron de que se trasladara a M\u00e9jico para descansar.<\/p>\n<p>El Padre Vilad\u00e1s permaneci\u00f3 en M\u00e9jico de mayo a agosto, pero pronto quiso regresar a La Habana <i>\u00abpara honrar a la Se\u00f1ora\u00bb, <\/i>seg\u00fan sus propias palabras. La Se\u00f1ora era la Virgen de la Merced y Vilad\u00e1s quer\u00eda volver a Cuba para estar presente en su fiesta que se celebra todos los a\u00f1os el d\u00eda 24 de Septiembre. Se embarc\u00f3 rumbo a la Isla el 19 de agosto, muy molesto por una inflamaci\u00f3n dolorosa que le hab\u00eda salido en la nuca. Lleg\u00f3 a La Habana el 21 del mismo mes, cuando la inflamaci\u00f3n progresaba r\u00e1pidamente.<\/p>\n<p>El P. Ram\u00f3n G\u00fcell volv\u00eda a escrib\u00eda el 25 de Agosto de 1883:<\/p>\n<p style=\"padding-left: 30px\"><i>El P. Vilad\u00e1s se hallaba muy bien de modo que el 15 del corriente predic\u00f3 <\/i><i>en C\u00f3rdova de M\u00e9jico y lo hizo tan bien que el Hermano que le <\/i><i>acompa\u00f1aba qued\u00f3 admirado. El 17 me envi\u00f3 telegrama de que al d\u00eda <\/i><i>siguiente se embarcaba para la Habana. Al llegar a Vera Cruz le sali\u00f3 un <\/i><i>grano que fue creciendo en el viaje y no le dej\u00f3 descansar en todo \u00e9l. Llego a la Habana el 21 a eso de las 11 del d\u00eda. Cual fue nuestra sorpresa al verle como estaba. Se llam\u00f3 al m\u00e9dico y este se alarm\u00f3 y crey\u00f3 que todo tendr\u00eda un mal resultado. Sin embargo ten\u00eda alguna esperanza y nosotros m\u00e1s. Pero otro m\u00e9dico muy sabio y antiguo amigo del P. le visit\u00f3 el 22 por la ma\u00f1ana y me dijo que el P. est\u00e1 mal, mal, mal. La congesti\u00f3n cerebral ha empezado, sabiendo que podr\u00eda perder el conocimiento fui al lado del P. hice se\u00f1as al Hermano que se retirase, a fin de indicar al P. si quer\u00eda confesarse.<\/i><\/p>\n<p>Fernando Casanova describ\u00eda as\u00ed los \u00faltimos momentos.<\/p>\n<p style=\"padding-left: 30px\"><i>El d\u00eda 22 de Agosto lo visitaron los m\u00e9dicos. Hab\u00eda empeorado <\/i><i>declar\u00e1ndose, seg\u00fan dictamen facultativo la congesti\u00f3n cerebral por lo que se conceptu\u00f3 oportuno aprovechar el tiempo en administrarle los \u00faltimos sacramentos, toda vez que era f\u00e1cil perdiese el conocimiento de un momento a otros.<\/i><\/p>\n<p style=\"padding-left: 30px\"><i>Present\u00f3se al efecto un padre en el cuarto de su Superior, meditando la <\/i><i>mejor manera de indicarle su misi\u00f3n. Cuando se acerc\u00f3 a \u00e9l su confesor <\/i><i>ordinario para impartirle el sacramento de los enfermos, Vilad\u00e1s se le <\/i><i>adelant\u00f3 diciendo: \u00bb \u00bfNo ser\u00eda bueno, Padre, que me confesara? \u00ab; \u00abS\u00ed, <\/i><i>se\u00f1or, m\u00e1s vale estar prevenido\u00bb respondi\u00f3 el sacerdote, y de inmediato <\/i><i>Vilad\u00e1s se confes\u00f3.<\/i><\/p>\n<p style=\"padding-left: 30px\"><i>A las 8 de la noche de ese mismo d\u00eda recibi\u00f3 el Sacramento de los <\/i><i>Enfermos y la Santa Comuni\u00f3n. Ten\u00eda la cabeza inflamada y <\/i><i>ardiente. Pas\u00f3 la noche en la agon\u00eda y el Se\u00f1or a <\/i><i>las 4 de la ma\u00f1ana del 23 de agosto de 1883. Ten\u00eda 62 a\u00f1os de edad <\/i><i>y 32 de vida sacerdotal.<\/i><i><\/i><\/p>\n<p>Los restos fueron embalsamados y el P. Jer\u00f3nimo Vilad\u00e1s Lamich fue enterrado en el Cementerio de Col\u00f3n, despu\u00e9s de que el cad\u00e1ver permaneciera expuesto al p\u00fablico durante 26 horas:<\/p>\n<p style=\"padding-left: 30px\"><i>La sociedad entera de La Habana acudi\u00f3 a los claustros del Convento <\/i><i>de la Merced: nobles damas, altos funcionarios, legos, sacerdotes, <\/i><i>ricos, pobres, blancos y de color. Todos entraban y sal\u00edan sin cesar, <\/i><i>todos se postraban a orar, y todos demostraban en sus descompuestos semblantes la sincera aflicci\u00f3n con que mezclaban las plegarias a sus <\/i><i>l\u00e1grimas, al considerar que en aquel momento daban la postrer <\/i><i>despedida al que por sus virtudes y nobles prendas hab\u00eda logrado <\/i><i>conquistar el respeto universal.<\/i><\/p>\n<p>Dos d\u00edas despu\u00e9s, el 25 de agosto de 1883, los vecinos de La Habana enviaron una sentida carta al Ministro de Ultramar para pedirle el permiso necesario para trasladar los restos del P. Vilad\u00e1s, que hab\u00edan sido sepultados en el Cementerio de Col\u00f3n a la Iglesia de la Merced.<\/p>\n<p style=\"padding-left: 30px\"><i>Seguros finalmente del voto un\u00e1nime y favorable de nuestras <\/i><i>dign\u00edsimas autoridades superiores, tanto eclesi\u00e1sticas como civiles, <\/i><i>esperamos confiadamente en que V. E. se dignar\u00e1 otorgar la gracia de que los restos del <\/i><i>R. P. <\/i><i>Vilad\u00e1s, sean trasladados del Cementerio de Col\u00f3n de esta ciudad donde yacen, al templo, atrio o claustros del de Nuestras Se\u00f1ora de la Merced de La Habana.<\/i><\/p>\n<p style=\"padding-left: 30px\"><i>Dios guarde a V. E. muchos a\u00f1os. Habana, 25 de Agosto de 1883<\/i><\/p>\n<p>Pero no hubo m\u00e1s remedio que esperar treinta a\u00f1os hasta el 2 de junio de 1913, para conseguir el permiso de las autoridades civiles. Sus restos mortales fueron trasladados solemnemente para que descansaran en la Capilla de Lourdes, al lado del Evangelio, en la Iglesia de la Merced D\u00e9bese dicha traslaci\u00f3n al eminente abogado y gran amigo de los Pa\u00fales, Dr. Francisco Penichet, quien conociendo los \u00faltimos deseos del P. Vilad\u00e1s no escatim\u00f3 gastos ni sacrificios hasta conseguir el permiso de los poderes p\u00fablicos. El traslado se llev\u00f3 a efecto con gran solemnidad el 2 de junio de 1913. Los restos descansan ya definitivamente en la Capilla de Lourdes, al lado del Evangelio (izquierda del altar) en la Iglesia de la Merced. El busto del P. Vilad\u00e1s, de bronce, descansa sobre sus restos mortales.<\/p>\n","protected":false},"excerpt":{"rendered":"<p>1. Muerte del P. Ger\u00f3nimo Vilad\u00e1s. 23 de Agosto de 1883 El querido y admirado P. Jer\u00f3nimo Vilad\u00e1s Lamich fue el primer Rector de la Congregaci\u00f3n de la Misi\u00f3n que tuvo el Seminario San Carlos &#8230; <a href=\"https:\/\/vincentians.com\/es\/historia-de-los-paules-en-cuba-capitulo-v-a\/\" class=\"more-link\">Read More<\/a><\/p>\n","protected":false},"author":5,"featured_media":118284,"comment_status":"open","ping_status":"open","sticky":false,"template":"","format":"standard","meta":{"jetpack_post_was_ever_published":false,"_jetpack_newsletter_access":"","_jetpack_dont_email_post_to_subs":false,"_jetpack_newsletter_tier_id":0,"_jetpack_memberships_contains_paywalled_content":false,"_jetpack_memberships_contains_paid_content":false,"footnotes":"","jetpack_publicize_message":"","jetpack_publicize_feature_enabled":true,"jetpack_social_post_already_shared":true,"jetpack_social_options":{"image_generator_settings":{"template":"highway","default_image_id":0,"font":"","enabled":false},"version":2}},"categories":[214],"tags":[161,176],"class_list":["post-119261","post","type-post","status-publish","format-standard","has-post-thumbnail","hentry","category-historia-de-la-congregacion-de-la-mision","tag-etienne","tag-misiones-populares"],"yoast_head":"<!-- This site is optimized with the Yoast SEO plugin v26.3 - https:\/\/yoast.com\/wordpress\/plugins\/seo\/ -->\n<title>Historia de los Pa\u00fales en Cuba: Cap\u00edtulo V (A) - Somos Vicencianos<\/title>\n<meta name=\"robots\" content=\"index, follow, max-snippet:-1, max-image-preview:large, max-video-preview:-1\" \/>\n<link rel=\"canonical\" href=\"https:\/\/vincentians.com\/es\/historia-de-los-paules-en-cuba-capitulo-v-a\/\" \/>\n<meta property=\"og:locale\" content=\"es_ES\" \/>\n<meta property=\"og:type\" content=\"article\" \/>\n<meta property=\"og:title\" content=\"Historia de los Pa\u00fales en Cuba: Cap\u00edtulo V (A) - Somos Vicencianos\" \/>\n<meta property=\"og:description\" content=\"1. Muerte del P. Ger\u00f3nimo Vilad\u00e1s. 23 de Agosto de 1883 El querido y admirado P. Jer\u00f3nimo Vilad\u00e1s Lamich fue el primer Rector de la Congregaci\u00f3n de la Misi\u00f3n que tuvo el Seminario San Carlos ... Read More\" \/>\n<meta property=\"og:url\" content=\"https:\/\/vincentians.com\/es\/historia-de-los-paules-en-cuba-capitulo-v-a\/\" \/>\n<meta property=\"og:site_name\" content=\"Somos Vicencianos\" \/>\n<meta property=\"article:publisher\" content=\"https:\/\/www.facebook.com\/WeAreVincentians\/\" \/>\n<meta property=\"article:published_time\" content=\"2013-04-05T06:29:00+00:00\" \/>\n<meta property=\"article:modified_time\" content=\"2016-07-27T10:13:12+00:00\" \/>\n<meta name=\"author\" content=\"Mitxel Olabu\u00e9naga\" \/>\n<meta name=\"twitter:card\" content=\"summary_large_image\" \/>\n<meta name=\"twitter:creator\" content=\"@WeVincentians\" \/>\n<meta name=\"twitter:site\" content=\"@WeVincentians\" \/>\n<meta name=\"twitter:label1\" content=\"Escrito por\" \/>\n\t<meta name=\"twitter:data1\" content=\"Mitxel Olabu\u00e9naga\" \/>\n\t<meta name=\"twitter:label2\" content=\"Tiempo de lectura\" \/>\n\t<meta name=\"twitter:data2\" content=\"9 minutos\" \/>\n<script type=\"application\/ld+json\" class=\"yoast-schema-graph\">{\"@context\":\"https:\/\/schema.org\",\"@graph\":[{\"@type\":\"Article\",\"@id\":\"https:\/\/vincentians.com\/es\/historia-de-los-paules-en-cuba-capitulo-v-a\/#article\",\"isPartOf\":{\"@id\":\"https:\/\/vincentians.com\/es\/historia-de-los-paules-en-cuba-capitulo-v-a\/\"},\"author\":{\"name\":\"Mitxel Olabu\u00e9naga\",\"@id\":\"https:\/\/vincentians.com\/es\/#\/schema\/person\/7c2670b4445a7ca9d164ea6acdb31859\"},\"headline\":\"Historia de los Pa\u00fales en Cuba: Cap\u00edtulo V (A)\",\"datePublished\":\"2013-04-05T06:29:00+00:00\",\"dateModified\":\"2016-07-27T10:13:12+00:00\",\"mainEntityOfPage\":{\"@id\":\"https:\/\/vincentians.com\/es\/historia-de-los-paules-en-cuba-capitulo-v-a\/\"},\"wordCount\":1825,\"commentCount\":0,\"publisher\":{\"@id\":\"https:\/\/vincentians.com\/es\/#organization\"},\"image\":{\"@id\":\"https:\/\/vincentians.com\/es\/historia-de-los-paules-en-cuba-capitulo-v-a\/#primaryimage\"},\"thumbnailUrl\":\"\",\"keywords\":[\"Etienne\",\"Misiones Populares\"],\"articleSection\":[\"Historia de la Congregaci\u00f3n de la Misi\u00f3n\"],\"inLanguage\":\"es\",\"potentialAction\":[{\"@type\":\"CommentAction\",\"name\":\"Comment\",\"target\":[\"https:\/\/vincentians.com\/es\/historia-de-los-paules-en-cuba-capitulo-v-a\/#respond\"]}]},{\"@type\":\"WebPage\",\"@id\":\"https:\/\/vincentians.com\/es\/historia-de-los-paules-en-cuba-capitulo-v-a\/\",\"url\":\"https:\/\/vincentians.com\/es\/historia-de-los-paules-en-cuba-capitulo-v-a\/\",\"name\":\"Historia de los Pa\u00fales en Cuba: Cap\u00edtulo V (A) - Somos Vicencianos\",\"isPartOf\":{\"@id\":\"https:\/\/vincentians.com\/es\/#website\"},\"primaryImageOfPage\":{\"@id\":\"https:\/\/vincentians.com\/es\/historia-de-los-paules-en-cuba-capitulo-v-a\/#primaryimage\"},\"image\":{\"@id\":\"https:\/\/vincentians.com\/es\/historia-de-los-paules-en-cuba-capitulo-v-a\/#primaryimage\"},\"thumbnailUrl\":\"\",\"datePublished\":\"2013-04-05T06:29:00+00:00\",\"dateModified\":\"2016-07-27T10:13:12+00:00\",\"breadcrumb\":{\"@id\":\"https:\/\/vincentians.com\/es\/historia-de-los-paules-en-cuba-capitulo-v-a\/#breadcrumb\"},\"inLanguage\":\"es\",\"potentialAction\":[{\"@type\":\"ReadAction\",\"target\":[\"https:\/\/vincentians.com\/es\/historia-de-los-paules-en-cuba-capitulo-v-a\/\"]}]},{\"@type\":\"ImageObject\",\"inLanguage\":\"es\",\"@id\":\"https:\/\/vincentians.com\/es\/historia-de-los-paules-en-cuba-capitulo-v-a\/#primaryimage\",\"url\":\"\",\"contentUrl\":\"\"},{\"@type\":\"BreadcrumbList\",\"@id\":\"https:\/\/vincentians.com\/es\/historia-de-los-paules-en-cuba-capitulo-v-a\/#breadcrumb\",\"itemListElement\":[{\"@type\":\"ListItem\",\"position\":1,\"name\":\"Portada\",\"item\":\"https:\/\/vincentians.com\/es\/\"},{\"@type\":\"ListItem\",\"position\":2,\"name\":\"Historia de los Pa\u00fales en Cuba: Cap\u00edtulo V (A)\"}]},{\"@type\":\"WebSite\",\"@id\":\"https:\/\/vincentians.com\/es\/#website\",\"url\":\"https:\/\/vincentians.com\/es\/\",\"name\":\"Somos Vicencianos\",\"description\":\"Know more to serve more\",\"publisher\":{\"@id\":\"https:\/\/vincentians.com\/es\/#organization\"},\"potentialAction\":[{\"@type\":\"SearchAction\",\"target\":{\"@type\":\"EntryPoint\",\"urlTemplate\":\"https:\/\/vincentians.com\/es\/?s={search_term_string}\"},\"query-input\":{\"@type\":\"PropertyValueSpecification\",\"valueRequired\":true,\"valueName\":\"search_term_string\"}}],\"inLanguage\":\"es\"},{\"@type\":\"Organization\",\"@id\":\"https:\/\/vincentians.com\/es\/#organization\",\"name\":\"The Vincentian Network\",\"url\":\"https:\/\/vincentians.com\/es\/\",\"logo\":{\"@type\":\"ImageObject\",\"inLanguage\":\"es\",\"@id\":\"https:\/\/vincentians.com\/es\/#\/schema\/logo\/image\/\",\"url\":\"https:\/\/i1.wp.com\/vincentians.com\/es\/wp-content\/uploads\/sites\/11\/2016\/06\/Vincentian-Network-logo-big.png?fit=778%2C778\",\"contentUrl\":\"https:\/\/i1.wp.com\/vincentians.com\/es\/wp-content\/uploads\/sites\/11\/2016\/06\/Vincentian-Network-logo-big.png?fit=778%2C778\",\"width\":778,\"height\":778,\"caption\":\"The Vincentian Network\"},\"image\":{\"@id\":\"https:\/\/vincentians.com\/es\/#\/schema\/logo\/image\/\"},\"sameAs\":[\"https:\/\/www.facebook.com\/WeAreVincentians\/\",\"https:\/\/x.com\/WeVincentians\"]},{\"@type\":\"Person\",\"@id\":\"https:\/\/vincentians.com\/es\/#\/schema\/person\/7c2670b4445a7ca9d164ea6acdb31859\",\"name\":\"Mitxel Olabu\u00e9naga\",\"image\":{\"@type\":\"ImageObject\",\"inLanguage\":\"es\",\"@id\":\"https:\/\/vincentians.com\/es\/#\/schema\/person\/image\/\",\"url\":\"https:\/\/secure.gravatar.com\/avatar\/34137ec2e2b8939cbbed975731e71f3f4f1defc7266ded337a5ce0f925426877?s=96&d=mm&r=g\",\"contentUrl\":\"https:\/\/secure.gravatar.com\/avatar\/34137ec2e2b8939cbbed975731e71f3f4f1defc7266ded337a5ce0f925426877?s=96&d=mm&r=g\",\"caption\":\"Mitxel Olabu\u00e9naga\"},\"url\":\"https:\/\/vincentians.com\/es\/author\/mitxel\/\"}]}<\/script>\n<!-- \/ Yoast SEO plugin. -->","yoast_head_json":{"title":"Historia de los Pa\u00fales en Cuba: Cap\u00edtulo V (A) - Somos Vicencianos","robots":{"index":"index","follow":"follow","max-snippet":"max-snippet:-1","max-image-preview":"max-image-preview:large","max-video-preview":"max-video-preview:-1"},"canonical":"https:\/\/vincentians.com\/es\/historia-de-los-paules-en-cuba-capitulo-v-a\/","og_locale":"es_ES","og_type":"article","og_title":"Historia de los Pa\u00fales en Cuba: Cap\u00edtulo V (A) - Somos Vicencianos","og_description":"1. Muerte del P. Ger\u00f3nimo Vilad\u00e1s. 23 de Agosto de 1883 El querido y admirado P. Jer\u00f3nimo Vilad\u00e1s Lamich fue el primer Rector de la Congregaci\u00f3n de la Misi\u00f3n que tuvo el Seminario San Carlos ... Read More","og_url":"https:\/\/vincentians.com\/es\/historia-de-los-paules-en-cuba-capitulo-v-a\/","og_site_name":"Somos Vicencianos","article_publisher":"https:\/\/www.facebook.com\/WeAreVincentians\/","article_published_time":"2013-04-05T06:29:00+00:00","article_modified_time":"2016-07-27T10:13:12+00:00","author":"Mitxel Olabu\u00e9naga","twitter_card":"summary_large_image","twitter_creator":"@WeVincentians","twitter_site":"@WeVincentians","twitter_misc":{"Escrito por":"Mitxel Olabu\u00e9naga","Tiempo de lectura":"9 minutos"},"schema":{"@context":"https:\/\/schema.org","@graph":[{"@type":"Article","@id":"https:\/\/vincentians.com\/es\/historia-de-los-paules-en-cuba-capitulo-v-a\/#article","isPartOf":{"@id":"https:\/\/vincentians.com\/es\/historia-de-los-paules-en-cuba-capitulo-v-a\/"},"author":{"name":"Mitxel Olabu\u00e9naga","@id":"https:\/\/vincentians.com\/es\/#\/schema\/person\/7c2670b4445a7ca9d164ea6acdb31859"},"headline":"Historia de los Pa\u00fales en Cuba: Cap\u00edtulo V (A)","datePublished":"2013-04-05T06:29:00+00:00","dateModified":"2016-07-27T10:13:12+00:00","mainEntityOfPage":{"@id":"https:\/\/vincentians.com\/es\/historia-de-los-paules-en-cuba-capitulo-v-a\/"},"wordCount":1825,"commentCount":0,"publisher":{"@id":"https:\/\/vincentians.com\/es\/#organization"},"image":{"@id":"https:\/\/vincentians.com\/es\/historia-de-los-paules-en-cuba-capitulo-v-a\/#primaryimage"},"thumbnailUrl":"","keywords":["Etienne","Misiones Populares"],"articleSection":["Historia de la Congregaci\u00f3n de la Misi\u00f3n"],"inLanguage":"es","potentialAction":[{"@type":"CommentAction","name":"Comment","target":["https:\/\/vincentians.com\/es\/historia-de-los-paules-en-cuba-capitulo-v-a\/#respond"]}]},{"@type":"WebPage","@id":"https:\/\/vincentians.com\/es\/historia-de-los-paules-en-cuba-capitulo-v-a\/","url":"https:\/\/vincentians.com\/es\/historia-de-los-paules-en-cuba-capitulo-v-a\/","name":"Historia de los Pa\u00fales en Cuba: Cap\u00edtulo V (A) - Somos Vicencianos","isPartOf":{"@id":"https:\/\/vincentians.com\/es\/#website"},"primaryImageOfPage":{"@id":"https:\/\/vincentians.com\/es\/historia-de-los-paules-en-cuba-capitulo-v-a\/#primaryimage"},"image":{"@id":"https:\/\/vincentians.com\/es\/historia-de-los-paules-en-cuba-capitulo-v-a\/#primaryimage"},"thumbnailUrl":"","datePublished":"2013-04-05T06:29:00+00:00","dateModified":"2016-07-27T10:13:12+00:00","breadcrumb":{"@id":"https:\/\/vincentians.com\/es\/historia-de-los-paules-en-cuba-capitulo-v-a\/#breadcrumb"},"inLanguage":"es","potentialAction":[{"@type":"ReadAction","target":["https:\/\/vincentians.com\/es\/historia-de-los-paules-en-cuba-capitulo-v-a\/"]}]},{"@type":"ImageObject","inLanguage":"es","@id":"https:\/\/vincentians.com\/es\/historia-de-los-paules-en-cuba-capitulo-v-a\/#primaryimage","url":"","contentUrl":""},{"@type":"BreadcrumbList","@id":"https:\/\/vincentians.com\/es\/historia-de-los-paules-en-cuba-capitulo-v-a\/#breadcrumb","itemListElement":[{"@type":"ListItem","position":1,"name":"Portada","item":"https:\/\/vincentians.com\/es\/"},{"@type":"ListItem","position":2,"name":"Historia de los Pa\u00fales en Cuba: Cap\u00edtulo V (A)"}]},{"@type":"WebSite","@id":"https:\/\/vincentians.com\/es\/#website","url":"https:\/\/vincentians.com\/es\/","name":"Somos Vicencianos","description":"Know more to serve more","publisher":{"@id":"https:\/\/vincentians.com\/es\/#organization"},"potentialAction":[{"@type":"SearchAction","target":{"@type":"EntryPoint","urlTemplate":"https:\/\/vincentians.com\/es\/?s={search_term_string}"},"query-input":{"@type":"PropertyValueSpecification","valueRequired":true,"valueName":"search_term_string"}}],"inLanguage":"es"},{"@type":"Organization","@id":"https:\/\/vincentians.com\/es\/#organization","name":"The Vincentian Network","url":"https:\/\/vincentians.com\/es\/","logo":{"@type":"ImageObject","inLanguage":"es","@id":"https:\/\/vincentians.com\/es\/#\/schema\/logo\/image\/","url":"https:\/\/i1.wp.com\/vincentians.com\/es\/wp-content\/uploads\/sites\/11\/2016\/06\/Vincentian-Network-logo-big.png?fit=778%2C778","contentUrl":"https:\/\/i1.wp.com\/vincentians.com\/es\/wp-content\/uploads\/sites\/11\/2016\/06\/Vincentian-Network-logo-big.png?fit=778%2C778","width":778,"height":778,"caption":"The Vincentian Network"},"image":{"@id":"https:\/\/vincentians.com\/es\/#\/schema\/logo\/image\/"},"sameAs":["https:\/\/www.facebook.com\/WeAreVincentians\/","https:\/\/x.com\/WeVincentians"]},{"@type":"Person","@id":"https:\/\/vincentians.com\/es\/#\/schema\/person\/7c2670b4445a7ca9d164ea6acdb31859","name":"Mitxel Olabu\u00e9naga","image":{"@type":"ImageObject","inLanguage":"es","@id":"https:\/\/vincentians.com\/es\/#\/schema\/person\/image\/","url":"https:\/\/secure.gravatar.com\/avatar\/34137ec2e2b8939cbbed975731e71f3f4f1defc7266ded337a5ce0f925426877?s=96&d=mm&r=g","contentUrl":"https:\/\/secure.gravatar.com\/avatar\/34137ec2e2b8939cbbed975731e71f3f4f1defc7266ded337a5ce0f925426877?s=96&d=mm&r=g","caption":"Mitxel Olabu\u00e9naga"},"url":"https:\/\/vincentians.com\/es\/author\/mitxel\/"}]}},"jetpack_publicize_connections":[],"jetpack_featured_media_url":"","jetpack_sharing_enabled":true,"jetpack_shortlink":"https:\/\/wp.me\/p7ETMF-v1z","jetpack-related-posts":[{"id":118345,"url":"https:\/\/vincentians.com\/es\/historia-de-los-paules-en-cuba-capitulo-ii-a\/","url_meta":{"origin":119261,"position":0},"title":"Historia de los Pa\u00fales en Cuba (Cap\u00edtulo II A)","author":"Mitxel Olabu\u00e9naga","date":"17\/12\/2021","format":false,"excerpt":"Cap\u00edtulo II (A): Primeros pasos de la Congregaci\u00f3n de la Misi\u00f3n en Cuba 1. Breve historia de la Iglesia de La Merced y su Convento. Cuando llegaron los Padres Mercedarios a la Habana en el a\u00f1o 1637 adquirieron a precios muy bajos unos solares en el barrio de Campeche, en\u2026","rel":"","context":"En \u00abHistoria de la Congregaci\u00f3n de la Misi\u00f3n\u00bb","block_context":{"text":"Historia de la Congregaci\u00f3n de la Misi\u00f3n","link":"https:\/\/vincentians.com\/es\/category\/historia-de-la-familia-vicenciana\/historia-de-la-congregacion-de-la-mision\/"},"img":{"alt_text":"","src":"https:\/\/i0.wp.com\/vincentians.com\/es\/wp-content\/uploads\/sites\/11\/2016\/10\/ranquines.jpg?fit=1200%2C630&ssl=1&resize=350%2C200","width":350,"height":200,"srcset":"https:\/\/i0.wp.com\/vincentians.com\/es\/wp-content\/uploads\/sites\/11\/2016\/10\/ranquines.jpg?fit=1200%2C630&ssl=1&resize=350%2C200 1x, https:\/\/i0.wp.com\/vincentians.com\/es\/wp-content\/uploads\/sites\/11\/2016\/10\/ranquines.jpg?fit=1200%2C630&ssl=1&resize=525%2C300 1.5x, https:\/\/i0.wp.com\/vincentians.com\/es\/wp-content\/uploads\/sites\/11\/2016\/10\/ranquines.jpg?fit=1200%2C630&ssl=1&resize=700%2C400 2x, https:\/\/i0.wp.com\/vincentians.com\/es\/wp-content\/uploads\/sites\/11\/2016\/10\/ranquines.jpg?fit=1200%2C630&ssl=1&resize=1050%2C600 3x"},"classes":[]},{"id":93736,"url":"https:\/\/vincentians.com\/es\/p-jose-vila-y-mana\/","url_meta":{"origin":119261,"position":1},"title":"Jos\u00e9 Vil\u00e1 y Ma\u00f1\u00e1","author":"Mitxel Olabu\u00e9naga","date":"23\/07\/2012","format":false,"excerpt":"Recibi\u00f3 las aguas bautismales en la iglesia del Monasterio de Santa Mar\u00eda de Amer (Gerona) el 12 de octubre de 1732. A 28 de oc\u00adtubre de 1752 ingres\u00f3 en la Congregaci\u00f3n, haciendo los votos dos a\u00f1os despu\u00e9s el 29 del mes susodicho. Trabaj\u00f3 algunos a\u00f1os en las misiones de Barcelona\u2026","rel":"","context":"En \u00abBiograf\u00edas de Misioneros Pa\u00fales\u00bb","block_context":{"text":"Biograf\u00edas de Misioneros Pa\u00fales","link":"https:\/\/vincentians.com\/es\/category\/la-familia-vicenciana\/biografias-vicencianas\/biografias-de-misioneros-paules\/"},"img":{"alt_text":"","src":"https:\/\/i0.wp.com\/vincentians.com\/es\/wp-content\/uploads\/sites\/11\/2016\/07\/bio-cm.jpg?fit=1200%2C630&ssl=1&resize=350%2C200","width":350,"height":200,"srcset":"https:\/\/i0.wp.com\/vincentians.com\/es\/wp-content\/uploads\/sites\/11\/2016\/07\/bio-cm.jpg?fit=1200%2C630&ssl=1&resize=350%2C200 1x, https:\/\/i0.wp.com\/vincentians.com\/es\/wp-content\/uploads\/sites\/11\/2016\/07\/bio-cm.jpg?fit=1200%2C630&ssl=1&resize=525%2C300 1.5x, https:\/\/i0.wp.com\/vincentians.com\/es\/wp-content\/uploads\/sites\/11\/2016\/07\/bio-cm.jpg?fit=1200%2C630&ssl=1&resize=700%2C400 2x, https:\/\/i0.wp.com\/vincentians.com\/es\/wp-content\/uploads\/sites\/11\/2016\/07\/bio-cm.jpg?fit=1200%2C630&ssl=1&resize=1050%2C600 3x"},"classes":[]},{"id":118727,"url":"https:\/\/vincentians.com\/es\/historia-de-los-paules-en-cuba-capitulo-iii-a\/","url_meta":{"origin":119261,"position":2},"title":"Historia de los Pa\u00fales en Cuba (Cap\u00edtulo III A)","author":"Mitxel Olabu\u00e9naga","date":"21\/12\/2021","format":false,"excerpt":"CAP\u00cdTULO III. Preparando la futura morada 1. Reparaciones necesarias y urgentes en el Convento y en la Iglesia de la Merced La restauraci\u00f3n y puesta a punto del convento y de una Iglesia tan grande como la de La Merced, era un problema muy serio en La Habana de la\u2026","rel":"","context":"En \u00abHistoria de la Congregaci\u00f3n de la Misi\u00f3n\u00bb","block_context":{"text":"Historia de la Congregaci\u00f3n de la Misi\u00f3n","link":"https:\/\/vincentians.com\/es\/category\/historia-de-la-familia-vicenciana\/historia-de-la-congregacion-de-la-mision\/"},"img":{"alt_text":"","src":"https:\/\/i0.wp.com\/vincentians.com\/es\/wp-content\/uploads\/sites\/11\/2016\/10\/ranquines.jpg?fit=1200%2C630&ssl=1&resize=350%2C200","width":350,"height":200,"srcset":"https:\/\/i0.wp.com\/vincentians.com\/es\/wp-content\/uploads\/sites\/11\/2016\/10\/ranquines.jpg?fit=1200%2C630&ssl=1&resize=350%2C200 1x, https:\/\/i0.wp.com\/vincentians.com\/es\/wp-content\/uploads\/sites\/11\/2016\/10\/ranquines.jpg?fit=1200%2C630&ssl=1&resize=525%2C300 1.5x, https:\/\/i0.wp.com\/vincentians.com\/es\/wp-content\/uploads\/sites\/11\/2016\/10\/ranquines.jpg?fit=1200%2C630&ssl=1&resize=700%2C400 2x, https:\/\/i0.wp.com\/vincentians.com\/es\/wp-content\/uploads\/sites\/11\/2016\/10\/ranquines.jpg?fit=1200%2C630&ssl=1&resize=1050%2C600 3x"},"classes":[]},{"id":118951,"url":"https:\/\/vincentians.com\/es\/historia-de-los-paules-en-cuba-capitulo-iv-b\/","url_meta":{"origin":119261,"position":3},"title":"Historia de los Pa\u00fales en Cuba (Cap\u00edtulo IV B)","author":"Mitxel Olabu\u00e9naga","date":"01\/01\/2022","format":false,"excerpt":"\u00a02. Los Pa\u00fales asumen, por fin, la direcci\u00f3n del Seminario San Carlos y San Ambrosio. 1879-1890. \u00c9xitos y dificultades. El Seminario de San Carlos y San Ambrosio de San Crist\u00f3bal de La Habana es el heredero y sucesor de varias instituciones anteriores: el Seminario Tridentino fundado por el Obispo Juan\u2026","rel":"","context":"En \u00abHistoria de la Congregaci\u00f3n de la Misi\u00f3n\u00bb","block_context":{"text":"Historia de la Congregaci\u00f3n de la Misi\u00f3n","link":"https:\/\/vincentians.com\/es\/category\/historia-de-la-familia-vicenciana\/historia-de-la-congregacion-de-la-mision\/"},"img":{"alt_text":"","src":"https:\/\/i0.wp.com\/vincentians.com\/es\/wp-content\/uploads\/sites\/11\/2016\/10\/ranquines.jpg?fit=1200%2C630&ssl=1&resize=350%2C200","width":350,"height":200,"srcset":"https:\/\/i0.wp.com\/vincentians.com\/es\/wp-content\/uploads\/sites\/11\/2016\/10\/ranquines.jpg?fit=1200%2C630&ssl=1&resize=350%2C200 1x, https:\/\/i0.wp.com\/vincentians.com\/es\/wp-content\/uploads\/sites\/11\/2016\/10\/ranquines.jpg?fit=1200%2C630&ssl=1&resize=525%2C300 1.5x, https:\/\/i0.wp.com\/vincentians.com\/es\/wp-content\/uploads\/sites\/11\/2016\/10\/ranquines.jpg?fit=1200%2C630&ssl=1&resize=700%2C400 2x, https:\/\/i0.wp.com\/vincentians.com\/es\/wp-content\/uploads\/sites\/11\/2016\/10\/ranquines.jpg?fit=1200%2C630&ssl=1&resize=1050%2C600 3x"},"classes":[]},{"id":118731,"url":"https:\/\/vincentians.com\/es\/historia-de-los-paules-en-cuba-capitulo-iii-c\/","url_meta":{"origin":119261,"position":4},"title":"Historia de los Pa\u00fales en  Cuba (Cap\u00edtulo III C)","author":"Mitxel Olabu\u00e9naga","date":"25\/12\/2021","format":false,"excerpt":"3. Reconstrucci\u00f3n de la Iglesia y del Convento de la Merced Cuando por fin comenzaron las obras en el viejo Convento de la Merced, el Obispo de La Habana se quejaba al Capit\u00e1n General de que en el Departamento de Cuba (o sea, de Santiago de Cuba) se invert\u00edan grandes\u2026","rel":"","context":"En \u00abHistoria de la Congregaci\u00f3n de la Misi\u00f3n\u00bb","block_context":{"text":"Historia de la Congregaci\u00f3n de la Misi\u00f3n","link":"https:\/\/vincentians.com\/es\/category\/historia-de-la-familia-vicenciana\/historia-de-la-congregacion-de-la-mision\/"},"img":{"alt_text":"","src":"https:\/\/i0.wp.com\/vincentians.com\/es\/wp-content\/uploads\/sites\/11\/2016\/10\/ranquines.jpg?fit=1200%2C630&ssl=1&resize=350%2C200","width":350,"height":200,"srcset":"https:\/\/i0.wp.com\/vincentians.com\/es\/wp-content\/uploads\/sites\/11\/2016\/10\/ranquines.jpg?fit=1200%2C630&ssl=1&resize=350%2C200 1x, https:\/\/i0.wp.com\/vincentians.com\/es\/wp-content\/uploads\/sites\/11\/2016\/10\/ranquines.jpg?fit=1200%2C630&ssl=1&resize=525%2C300 1.5x, https:\/\/i0.wp.com\/vincentians.com\/es\/wp-content\/uploads\/sites\/11\/2016\/10\/ranquines.jpg?fit=1200%2C630&ssl=1&resize=700%2C400 2x, https:\/\/i0.wp.com\/vincentians.com\/es\/wp-content\/uploads\/sites\/11\/2016\/10\/ranquines.jpg?fit=1200%2C630&ssl=1&resize=1050%2C600 3x"},"classes":[]},{"id":124444,"url":"https:\/\/vincentians.com\/es\/historia-de-los-paules-en-cuba-capitulo-xii-d\/","url_meta":{"origin":119261,"position":5},"title":"Historia de los PA\u00daLES en Cuba (CAP\u00cdTULO XII D)","author":"Mitxel Olabu\u00e9naga","date":"21\/05\/2023","format":false,"excerpt":"4. Las Parroquias bajo m\u00ednimos despu\u00e9s del \u00e9xodo. En el a\u00f1o 1966, por ejemplo, y seg\u00fan el Cat\u00e1logo de la Congregaci\u00f3n de la Misi\u00f3n, hab\u00eda solamente 10 Padres Pa\u00fales y un Hermano, que se encontraban repartidos en siete casas de la forma siguiente. Recordemos que en tiempos de bonanza hubo\u2026","rel":"","context":"En \u00abHistoria de la Congregaci\u00f3n de la Misi\u00f3n\u00bb","block_context":{"text":"Historia de la Congregaci\u00f3n de la Misi\u00f3n","link":"https:\/\/vincentians.com\/es\/category\/historia-de-la-familia-vicenciana\/historia-de-la-congregacion-de-la-mision\/"},"img":{"alt_text":"","src":"https:\/\/i0.wp.com\/vincentians.com\/es\/wp-content\/uploads\/sites\/11\/2013\/05\/Cuba-Iglesia-de-La-Milagrosa-La-Habana.png?fit=1200%2C919&ssl=1&resize=350%2C200","width":350,"height":200,"srcset":"https:\/\/i0.wp.com\/vincentians.com\/es\/wp-content\/uploads\/sites\/11\/2013\/05\/Cuba-Iglesia-de-La-Milagrosa-La-Habana.png?fit=1200%2C919&ssl=1&resize=350%2C200 1x, https:\/\/i0.wp.com\/vincentians.com\/es\/wp-content\/uploads\/sites\/11\/2013\/05\/Cuba-Iglesia-de-La-Milagrosa-La-Habana.png?fit=1200%2C919&ssl=1&resize=525%2C300 1.5x, https:\/\/i0.wp.com\/vincentians.com\/es\/wp-content\/uploads\/sites\/11\/2013\/05\/Cuba-Iglesia-de-La-Milagrosa-La-Habana.png?fit=1200%2C919&ssl=1&resize=700%2C400 2x, https:\/\/i0.wp.com\/vincentians.com\/es\/wp-content\/uploads\/sites\/11\/2013\/05\/Cuba-Iglesia-de-La-Milagrosa-La-Habana.png?fit=1200%2C919&ssl=1&resize=1050%2C600 3x"},"classes":[]}],"_links":{"self":[{"href":"https:\/\/vincentians.com\/es\/wp-json\/wp\/v2\/posts\/119261","targetHints":{"allow":["GET"]}}],"collection":[{"href":"https:\/\/vincentians.com\/es\/wp-json\/wp\/v2\/posts"}],"about":[{"href":"https:\/\/vincentians.com\/es\/wp-json\/wp\/v2\/types\/post"}],"author":[{"embeddable":true,"href":"https:\/\/vincentians.com\/es\/wp-json\/wp\/v2\/users\/5"}],"replies":[{"embeddable":true,"href":"https:\/\/vincentians.com\/es\/wp-json\/wp\/v2\/comments?post=119261"}],"version-history":[{"count":0,"href":"https:\/\/vincentians.com\/es\/wp-json\/wp\/v2\/posts\/119261\/revisions"}],"wp:featuredmedia":[{"embeddable":true,"href":"https:\/\/vincentians.com\/es\/wp-json\/"}],"wp:attachment":[{"href":"https:\/\/vincentians.com\/es\/wp-json\/wp\/v2\/media?parent=119261"}],"wp:term":[{"taxonomy":"category","embeddable":true,"href":"https:\/\/vincentians.com\/es\/wp-json\/wp\/v2\/categories?post=119261"},{"taxonomy":"post_tag","embeddable":true,"href":"https:\/\/vincentians.com\/es\/wp-json\/wp\/v2\/tags?post=119261"}],"curies":[{"name":"wp","href":"https:\/\/api.w.org\/{rel}","templated":true}]}}