{"id":119165,"date":"2013-04-28T00:04:38","date_gmt":"2013-04-27T22:04:38","guid":{"rendered":"http:\/\/somos.vicencianos.org\/?p=119165"},"modified":"2016-07-27T12:10:46","modified_gmt":"2016-07-27T10:10:46","slug":"p-jaime-vehil","status":"publish","type":"post","link":"https:\/\/vincentians.com\/es\/p-jaime-vehil\/","title":{"rendered":"P. Jaime Vehil"},"content":{"rendered":"<p><a href=\"http:\/\/vicencianos.org\/blog\/2013\/03\/21\/el-p-jose-cervera\/biografias-paules-337\/\" rel=\"attachment wp-att-118287\"><img data-recalc-dims=\"1\" loading=\"lazy\" decoding=\"async\" class=\"alignleft size-full wp-image-118287\" alt=\"Biografias Pa\u00fales\" src=\"https:\/\/i0.wp.com\/vicencianos.org\/wp-content\/2013\/02\/Biografias-Pa%C3%BAles.jpg?resize=232%2C300\" width=\"232\" height=\"300\" \/><\/a>Era de Vilasar de Dalt (Barce\u00adlona); naci\u00f3 el 20 de marzo de 1786; ingres\u00f3 en la Con\u00adgregaci\u00f3n el 21 de marzo de 1806 e hizo dos a\u00f1os despu\u00e9s (22 marzo) los votos. En 1808 se retir\u00f3 con los dem\u00e1s es\u00adtudiantes a Mallorca, donde prosigui\u00f3 sus estudios. Des\u00adde 1816 a 1818 le encontramos predicando las pl\u00e1ticas en las misiones de la casa de Barcelona. Fue destinado des\u00adpu\u00e9s a la casa de Valencia, donde continu\u00f3 consagrado a la obra de las misiones rurales. En el verano de 1828 le nombraron Superior de la casa de Reus. Pas\u00f3 con el mismo cargo a la casa de Valencia en abril de 1833, y all\u00ed le cogi\u00f3 la revoluci\u00f3n de 1835, qued\u00e1ndose cuidando de las Herma\u00adnas. Cuando iba a cesar en el cargo de Director de las Hijas de la Caridad en Espa\u00f1a el P. Codina, por haber sido nom\u00adbrado Obispo de Canarias, escrib\u00eda \u00e9ste, con fecha 4 de septiembre de 1847, al P. General y, hablando de los suje\u00adtos aptos para sucederle, dice: \u00abSi el se\u00f1or Roca rehusa tomar de nuevo la carga, tiene usted, Rvmo. Padre, al se\u00f1or Vehil, antiguo Superior de nuestra casa de Valencia. Dirige hace muchos a\u00f1os las comunidades de aquel reino. Puede usted confiarle la direcci\u00f3n de las dos Familias\u00bb. Y m\u00e1s adelante, el 9 de septiembre de 1849, escrib\u00eda el P. Armengol, de paso entonces por Espa\u00f1a, y, en vista del descontento general contra el P. Santasusana, dec\u00eda al Pa\u00addre Etienne: \u00abObservo que generalmente han puesto los ojos en el se\u00f1or Vehil, como hombre muy prudente y apto para representar en Espa\u00f1a y gobernar bien vuestras dos Familias\u00bb. Ocho d\u00edas despu\u00e9s insiste en lo mismo y ase\u00adgura que para el caso vale tanto o m\u00e1s, que el P. Codina. Al restablecerse la Congregaci\u00f3n, vino a Madrid, adonde lleg\u00f3 el 22 de octubre de 1852. Como el P. Escarr\u00e1 estaba enfermo y el P. Santasusana absorbido por la direcci\u00f3n de las Hermanas, pronto recay\u00f3 sobre el P. Vehil el go\u00adbierno de la casa; pero as\u00ed las cosas no iban bien y rog\u00f3 (2 febrero 1853) al P. General, que pusiera al frente de la Comunidad tino que obrara en nombre propio y seg\u00fan las Reglas. Con el fin <i>de <\/i>atender a las Hermanas y ver el me\u00bb do de restablecer la antigua casa, sali\u00f3 para Valencia fines de 1853. A 12 de enero de 1855 escrib\u00eda el P. Armen<sup>,<\/sup> gol al P. Etienne: \u00abTengo el sentimiento de comunicarle la muerte del se\u00f1or Vehil, Superior de nuestra casa de Va\u00adlencia. Su muerte fue muy preciosa y como la de un santo. Acaeci\u00f3 el 7 de este mes en Valencia\u00bb. Seg\u00fan sus con\u00adtempor\u00e1neos fue el P. Vehil \u00abmuy instruido y virtuoso\u00bb.<\/p>\n","protected":false},"excerpt":{"rendered":"<p>Era de Vilasar de Dalt (Barce\u00adlona); naci\u00f3 el 20 de marzo de 1786; ingres\u00f3 en la Con\u00adgregaci\u00f3n el 21 de marzo de 1806 e hizo dos a\u00f1os despu\u00e9s (22 marzo) los votos. En 1808 se &#8230; <a href=\"https:\/\/vincentians.com\/es\/p-jaime-vehil\/\" class=\"more-link\">Read More<\/a><\/p>\n","protected":false},"author":5,"featured_media":391249,"comment_status":"open","ping_status":"open","sticky":false,"template":"","format":"standard","meta":{"jetpack_post_was_ever_published":false,"_jetpack_newsletter_access":"","_jetpack_dont_email_post_to_subs":false,"_jetpack_newsletter_tier_id":0,"_jetpack_memberships_contains_paywalled_content":false,"_jetpack_memberships_contains_paid_content":false,"footnotes":"","jetpack_publicize_message":"","jetpack_publicize_feature_enabled":true,"jetpack_social_post_already_shared":true,"jetpack_social_options":{"image_generator_settings":{"template":"highway","default_image_id":0,"font":"","enabled":false},"version":2}},"categories":[19],"tags":[161],"class_list":["post-119165","post","type-post","status-publish","format-standard","has-post-thumbnail","hentry","category-biografias-de-misioneros-paules","tag-etienne"],"yoast_head":"<!-- This site is optimized with the Yoast SEO plugin v26.3 - https:\/\/yoast.com\/wordpress\/plugins\/seo\/ -->\n<title>P. Jaime Vehil - Somos Vicencianos<\/title>\n<meta name=\"robots\" content=\"index, follow, max-snippet:-1, max-image-preview:large, max-video-preview:-1\" \/>\n<link rel=\"canonical\" href=\"https:\/\/vincentians.com\/es\/p-jaime-vehil\/\" \/>\n<meta property=\"og:locale\" content=\"es_ES\" \/>\n<meta property=\"og:type\" content=\"article\" \/>\n<meta property=\"og:title\" content=\"P. Jaime Vehil - Somos Vicencianos\" \/>\n<meta property=\"og:description\" content=\"Era de Vilasar de Dalt (Barce\u00adlona); naci\u00f3 el 20 de marzo de 1786; ingres\u00f3 en la Con\u00adgregaci\u00f3n el 21 de marzo de 1806 e hizo dos a\u00f1os despu\u00e9s (22 marzo) los votos. En 1808 se ... Read More\" \/>\n<meta property=\"og:url\" content=\"https:\/\/vincentians.com\/es\/p-jaime-vehil\/\" \/>\n<meta property=\"og:site_name\" content=\"Somos Vicencianos\" \/>\n<meta property=\"article:publisher\" content=\"https:\/\/www.facebook.com\/WeAreVincentians\/\" \/>\n<meta property=\"article:published_time\" content=\"2013-04-27T22:04:38+00:00\" \/>\n<meta property=\"article:modified_time\" content=\"2016-07-27T10:10:46+00:00\" \/>\n<meta property=\"og:image\" content=\"https:\/\/i0.wp.com\/vincentians.com\/es\/wp-content\/uploads\/sites\/11\/2016\/07\/bio-cm.jpg?fit=1200%2C630&ssl=1\" \/>\n\t<meta property=\"og:image:width\" content=\"1200\" \/>\n\t<meta property=\"og:image:height\" content=\"630\" \/>\n\t<meta property=\"og:image:type\" content=\"image\/jpeg\" \/>\n<meta name=\"author\" content=\"Mitxel Olabu\u00e9naga\" \/>\n<meta name=\"twitter:card\" content=\"summary_large_image\" \/>\n<meta name=\"twitter:creator\" content=\"@WeVincentians\" \/>\n<meta name=\"twitter:site\" content=\"@WeVincentians\" \/>\n<meta name=\"twitter:label1\" content=\"Escrito por\" \/>\n\t<meta name=\"twitter:data1\" content=\"Mitxel Olabu\u00e9naga\" \/>\n\t<meta name=\"twitter:label2\" content=\"Tiempo de lectura\" \/>\n\t<meta name=\"twitter:data2\" content=\"2 minutos\" \/>\n<script type=\"application\/ld+json\" class=\"yoast-schema-graph\">{\"@context\":\"https:\/\/schema.org\",\"@graph\":[{\"@type\":\"Article\",\"@id\":\"https:\/\/vincentians.com\/es\/p-jaime-vehil\/#article\",\"isPartOf\":{\"@id\":\"https:\/\/vincentians.com\/es\/p-jaime-vehil\/\"},\"author\":{\"name\":\"Mitxel Olabu\u00e9naga\",\"@id\":\"https:\/\/vincentians.com\/es\/#\/schema\/person\/7c2670b4445a7ca9d164ea6acdb31859\"},\"headline\":\"P. Jaime Vehil\",\"datePublished\":\"2013-04-27T22:04:38+00:00\",\"dateModified\":\"2016-07-27T10:10:46+00:00\",\"mainEntityOfPage\":{\"@id\":\"https:\/\/vincentians.com\/es\/p-jaime-vehil\/\"},\"wordCount\":473,\"commentCount\":0,\"publisher\":{\"@id\":\"https:\/\/vincentians.com\/es\/#organization\"},\"image\":{\"@id\":\"https:\/\/vincentians.com\/es\/p-jaime-vehil\/#primaryimage\"},\"thumbnailUrl\":\"https:\/\/i0.wp.com\/vincentians.com\/es\/wp-content\/uploads\/sites\/11\/2016\/07\/bio-cm.jpg?fit=1200%2C630&ssl=1\",\"keywords\":[\"Etienne\"],\"articleSection\":[\"Biograf\u00edas de Misioneros Pa\u00fales\"],\"inLanguage\":\"es\",\"potentialAction\":[{\"@type\":\"CommentAction\",\"name\":\"Comment\",\"target\":[\"https:\/\/vincentians.com\/es\/p-jaime-vehil\/#respond\"]}]},{\"@type\":\"WebPage\",\"@id\":\"https:\/\/vincentians.com\/es\/p-jaime-vehil\/\",\"url\":\"https:\/\/vincentians.com\/es\/p-jaime-vehil\/\",\"name\":\"P. Jaime Vehil - Somos Vicencianos\",\"isPartOf\":{\"@id\":\"https:\/\/vincentians.com\/es\/#website\"},\"primaryImageOfPage\":{\"@id\":\"https:\/\/vincentians.com\/es\/p-jaime-vehil\/#primaryimage\"},\"image\":{\"@id\":\"https:\/\/vincentians.com\/es\/p-jaime-vehil\/#primaryimage\"},\"thumbnailUrl\":\"https:\/\/i0.wp.com\/vincentians.com\/es\/wp-content\/uploads\/sites\/11\/2016\/07\/bio-cm.jpg?fit=1200%2C630&ssl=1\",\"datePublished\":\"2013-04-27T22:04:38+00:00\",\"dateModified\":\"2016-07-27T10:10:46+00:00\",\"breadcrumb\":{\"@id\":\"https:\/\/vincentians.com\/es\/p-jaime-vehil\/#breadcrumb\"},\"inLanguage\":\"es\",\"potentialAction\":[{\"@type\":\"ReadAction\",\"target\":[\"https:\/\/vincentians.com\/es\/p-jaime-vehil\/\"]}]},{\"@type\":\"ImageObject\",\"inLanguage\":\"es\",\"@id\":\"https:\/\/vincentians.com\/es\/p-jaime-vehil\/#primaryimage\",\"url\":\"https:\/\/i0.wp.com\/vincentians.com\/es\/wp-content\/uploads\/sites\/11\/2016\/07\/bio-cm.jpg?fit=1200%2C630&ssl=1\",\"contentUrl\":\"https:\/\/i0.wp.com\/vincentians.com\/es\/wp-content\/uploads\/sites\/11\/2016\/07\/bio-cm.jpg?fit=1200%2C630&ssl=1\",\"width\":1200,\"height\":630},{\"@type\":\"BreadcrumbList\",\"@id\":\"https:\/\/vincentians.com\/es\/p-jaime-vehil\/#breadcrumb\",\"itemListElement\":[{\"@type\":\"ListItem\",\"position\":1,\"name\":\"Portada\",\"item\":\"https:\/\/vincentians.com\/es\/\"},{\"@type\":\"ListItem\",\"position\":2,\"name\":\"P. Jaime Vehil\"}]},{\"@type\":\"WebSite\",\"@id\":\"https:\/\/vincentians.com\/es\/#website\",\"url\":\"https:\/\/vincentians.com\/es\/\",\"name\":\"Somos Vicencianos\",\"description\":\"Know more to serve more\",\"publisher\":{\"@id\":\"https:\/\/vincentians.com\/es\/#organization\"},\"potentialAction\":[{\"@type\":\"SearchAction\",\"target\":{\"@type\":\"EntryPoint\",\"urlTemplate\":\"https:\/\/vincentians.com\/es\/?s={search_term_string}\"},\"query-input\":{\"@type\":\"PropertyValueSpecification\",\"valueRequired\":true,\"valueName\":\"search_term_string\"}}],\"inLanguage\":\"es\"},{\"@type\":\"Organization\",\"@id\":\"https:\/\/vincentians.com\/es\/#organization\",\"name\":\"The Vincentian Network\",\"url\":\"https:\/\/vincentians.com\/es\/\",\"logo\":{\"@type\":\"ImageObject\",\"inLanguage\":\"es\",\"@id\":\"https:\/\/vincentians.com\/es\/#\/schema\/logo\/image\/\",\"url\":\"https:\/\/i1.wp.com\/vincentians.com\/es\/wp-content\/uploads\/sites\/11\/2016\/06\/Vincentian-Network-logo-big.png?fit=778%2C778\",\"contentUrl\":\"https:\/\/i1.wp.com\/vincentians.com\/es\/wp-content\/uploads\/sites\/11\/2016\/06\/Vincentian-Network-logo-big.png?fit=778%2C778\",\"width\":778,\"height\":778,\"caption\":\"The Vincentian Network\"},\"image\":{\"@id\":\"https:\/\/vincentians.com\/es\/#\/schema\/logo\/image\/\"},\"sameAs\":[\"https:\/\/www.facebook.com\/WeAreVincentians\/\",\"https:\/\/x.com\/WeVincentians\"]},{\"@type\":\"Person\",\"@id\":\"https:\/\/vincentians.com\/es\/#\/schema\/person\/7c2670b4445a7ca9d164ea6acdb31859\",\"name\":\"Mitxel Olabu\u00e9naga\",\"image\":{\"@type\":\"ImageObject\",\"inLanguage\":\"es\",\"@id\":\"https:\/\/vincentians.com\/es\/#\/schema\/person\/image\/\",\"url\":\"https:\/\/secure.gravatar.com\/avatar\/34137ec2e2b8939cbbed975731e71f3f4f1defc7266ded337a5ce0f925426877?s=96&d=mm&r=g\",\"contentUrl\":\"https:\/\/secure.gravatar.com\/avatar\/34137ec2e2b8939cbbed975731e71f3f4f1defc7266ded337a5ce0f925426877?s=96&d=mm&r=g\",\"caption\":\"Mitxel Olabu\u00e9naga\"},\"url\":\"https:\/\/vincentians.com\/es\/author\/mitxel\/\"}]}<\/script>\n<!-- \/ Yoast SEO plugin. -->","yoast_head_json":{"title":"P. Jaime Vehil - Somos Vicencianos","robots":{"index":"index","follow":"follow","max-snippet":"max-snippet:-1","max-image-preview":"max-image-preview:large","max-video-preview":"max-video-preview:-1"},"canonical":"https:\/\/vincentians.com\/es\/p-jaime-vehil\/","og_locale":"es_ES","og_type":"article","og_title":"P. Jaime Vehil - Somos Vicencianos","og_description":"Era de Vilasar de Dalt (Barce\u00adlona); naci\u00f3 el 20 de marzo de 1786; ingres\u00f3 en la Con\u00adgregaci\u00f3n el 21 de marzo de 1806 e hizo dos a\u00f1os despu\u00e9s (22 marzo) los votos. En 1808 se ... Read More","og_url":"https:\/\/vincentians.com\/es\/p-jaime-vehil\/","og_site_name":"Somos Vicencianos","article_publisher":"https:\/\/www.facebook.com\/WeAreVincentians\/","article_published_time":"2013-04-27T22:04:38+00:00","article_modified_time":"2016-07-27T10:10:46+00:00","og_image":[{"width":1200,"height":630,"url":"https:\/\/i0.wp.com\/vincentians.com\/es\/wp-content\/uploads\/sites\/11\/2016\/07\/bio-cm.jpg?fit=1200%2C630&ssl=1","type":"image\/jpeg"}],"author":"Mitxel Olabu\u00e9naga","twitter_card":"summary_large_image","twitter_creator":"@WeVincentians","twitter_site":"@WeVincentians","twitter_misc":{"Escrito por":"Mitxel Olabu\u00e9naga","Tiempo de lectura":"2 minutos"},"schema":{"@context":"https:\/\/schema.org","@graph":[{"@type":"Article","@id":"https:\/\/vincentians.com\/es\/p-jaime-vehil\/#article","isPartOf":{"@id":"https:\/\/vincentians.com\/es\/p-jaime-vehil\/"},"author":{"name":"Mitxel Olabu\u00e9naga","@id":"https:\/\/vincentians.com\/es\/#\/schema\/person\/7c2670b4445a7ca9d164ea6acdb31859"},"headline":"P. Jaime Vehil","datePublished":"2013-04-27T22:04:38+00:00","dateModified":"2016-07-27T10:10:46+00:00","mainEntityOfPage":{"@id":"https:\/\/vincentians.com\/es\/p-jaime-vehil\/"},"wordCount":473,"commentCount":0,"publisher":{"@id":"https:\/\/vincentians.com\/es\/#organization"},"image":{"@id":"https:\/\/vincentians.com\/es\/p-jaime-vehil\/#primaryimage"},"thumbnailUrl":"https:\/\/i0.wp.com\/vincentians.com\/es\/wp-content\/uploads\/sites\/11\/2016\/07\/bio-cm.jpg?fit=1200%2C630&ssl=1","keywords":["Etienne"],"articleSection":["Biograf\u00edas de Misioneros Pa\u00fales"],"inLanguage":"es","potentialAction":[{"@type":"CommentAction","name":"Comment","target":["https:\/\/vincentians.com\/es\/p-jaime-vehil\/#respond"]}]},{"@type":"WebPage","@id":"https:\/\/vincentians.com\/es\/p-jaime-vehil\/","url":"https:\/\/vincentians.com\/es\/p-jaime-vehil\/","name":"P. Jaime Vehil - Somos Vicencianos","isPartOf":{"@id":"https:\/\/vincentians.com\/es\/#website"},"primaryImageOfPage":{"@id":"https:\/\/vincentians.com\/es\/p-jaime-vehil\/#primaryimage"},"image":{"@id":"https:\/\/vincentians.com\/es\/p-jaime-vehil\/#primaryimage"},"thumbnailUrl":"https:\/\/i0.wp.com\/vincentians.com\/es\/wp-content\/uploads\/sites\/11\/2016\/07\/bio-cm.jpg?fit=1200%2C630&ssl=1","datePublished":"2013-04-27T22:04:38+00:00","dateModified":"2016-07-27T10:10:46+00:00","breadcrumb":{"@id":"https:\/\/vincentians.com\/es\/p-jaime-vehil\/#breadcrumb"},"inLanguage":"es","potentialAction":[{"@type":"ReadAction","target":["https:\/\/vincentians.com\/es\/p-jaime-vehil\/"]}]},{"@type":"ImageObject","inLanguage":"es","@id":"https:\/\/vincentians.com\/es\/p-jaime-vehil\/#primaryimage","url":"https:\/\/i0.wp.com\/vincentians.com\/es\/wp-content\/uploads\/sites\/11\/2016\/07\/bio-cm.jpg?fit=1200%2C630&ssl=1","contentUrl":"https:\/\/i0.wp.com\/vincentians.com\/es\/wp-content\/uploads\/sites\/11\/2016\/07\/bio-cm.jpg?fit=1200%2C630&ssl=1","width":1200,"height":630},{"@type":"BreadcrumbList","@id":"https:\/\/vincentians.com\/es\/p-jaime-vehil\/#breadcrumb","itemListElement":[{"@type":"ListItem","position":1,"name":"Portada","item":"https:\/\/vincentians.com\/es\/"},{"@type":"ListItem","position":2,"name":"P. Jaime Vehil"}]},{"@type":"WebSite","@id":"https:\/\/vincentians.com\/es\/#website","url":"https:\/\/vincentians.com\/es\/","name":"Somos Vicencianos","description":"Know more to serve more","publisher":{"@id":"https:\/\/vincentians.com\/es\/#organization"},"potentialAction":[{"@type":"SearchAction","target":{"@type":"EntryPoint","urlTemplate":"https:\/\/vincentians.com\/es\/?s={search_term_string}"},"query-input":{"@type":"PropertyValueSpecification","valueRequired":true,"valueName":"search_term_string"}}],"inLanguage":"es"},{"@type":"Organization","@id":"https:\/\/vincentians.com\/es\/#organization","name":"The Vincentian Network","url":"https:\/\/vincentians.com\/es\/","logo":{"@type":"ImageObject","inLanguage":"es","@id":"https:\/\/vincentians.com\/es\/#\/schema\/logo\/image\/","url":"https:\/\/i1.wp.com\/vincentians.com\/es\/wp-content\/uploads\/sites\/11\/2016\/06\/Vincentian-Network-logo-big.png?fit=778%2C778","contentUrl":"https:\/\/i1.wp.com\/vincentians.com\/es\/wp-content\/uploads\/sites\/11\/2016\/06\/Vincentian-Network-logo-big.png?fit=778%2C778","width":778,"height":778,"caption":"The Vincentian Network"},"image":{"@id":"https:\/\/vincentians.com\/es\/#\/schema\/logo\/image\/"},"sameAs":["https:\/\/www.facebook.com\/WeAreVincentians\/","https:\/\/x.com\/WeVincentians"]},{"@type":"Person","@id":"https:\/\/vincentians.com\/es\/#\/schema\/person\/7c2670b4445a7ca9d164ea6acdb31859","name":"Mitxel Olabu\u00e9naga","image":{"@type":"ImageObject","inLanguage":"es","@id":"https:\/\/vincentians.com\/es\/#\/schema\/person\/image\/","url":"https:\/\/secure.gravatar.com\/avatar\/34137ec2e2b8939cbbed975731e71f3f4f1defc7266ded337a5ce0f925426877?s=96&d=mm&r=g","contentUrl":"https:\/\/secure.gravatar.com\/avatar\/34137ec2e2b8939cbbed975731e71f3f4f1defc7266ded337a5ce0f925426877?s=96&d=mm&r=g","caption":"Mitxel Olabu\u00e9naga"},"url":"https:\/\/vincentians.com\/es\/author\/mitxel\/"}]}},"jetpack_publicize_connections":[],"jetpack_featured_media_url":"https:\/\/i0.wp.com\/vincentians.com\/es\/wp-content\/uploads\/sites\/11\/2016\/07\/bio-cm.jpg?fit=1200%2C630&ssl=1","jetpack_sharing_enabled":true,"jetpack_shortlink":"https:\/\/wp.me\/p7ETMF-v01","jetpack-related-posts":[{"id":117986,"url":"https:\/\/vincentians.com\/es\/p-teodoro-bricet\/","url_meta":{"origin":119165,"position":0},"title":"P. Teodoro Bricet","author":"Mitxel Olabu\u00e9naga","date":"26\/02\/2013","format":false,"excerpt":"Era natural de Louvive de Bais, Obispado de Rennes, y naci\u00f3 el 14 de abril de 1775. Hijo de familia distinguida y muy cristiana, tom\u00f3 parte 'en la famosa guerra de la Vende\u00e9 para defender sus creencias. Dej\u00f3 luego su pa\u00eds y tras muchas peripecias penetr\u00f3 en Espa\u00f1a, con idea\u2026","rel":"","context":"En \u00abBiograf\u00edas de Misioneros Pa\u00fales\u00bb","block_context":{"text":"Biograf\u00edas de Misioneros Pa\u00fales","link":"https:\/\/vincentians.com\/es\/category\/la-familia-vicenciana\/biografias-vicencianas\/biografias-de-misioneros-paules\/"},"img":{"alt_text":"","src":"https:\/\/i0.wp.com\/vincentians.com\/es\/wp-content\/uploads\/sites\/11\/2016\/07\/bio-cm.jpg?fit=1200%2C630&ssl=1&resize=350%2C200","width":350,"height":200,"srcset":"https:\/\/i0.wp.com\/vincentians.com\/es\/wp-content\/uploads\/sites\/11\/2016\/07\/bio-cm.jpg?fit=1200%2C630&ssl=1&resize=350%2C200 1x, https:\/\/i0.wp.com\/vincentians.com\/es\/wp-content\/uploads\/sites\/11\/2016\/07\/bio-cm.jpg?fit=1200%2C630&ssl=1&resize=525%2C300 1.5x, https:\/\/i0.wp.com\/vincentians.com\/es\/wp-content\/uploads\/sites\/11\/2016\/07\/bio-cm.jpg?fit=1200%2C630&ssl=1&resize=700%2C400 2x, https:\/\/i0.wp.com\/vincentians.com\/es\/wp-content\/uploads\/sites\/11\/2016\/07\/bio-cm.jpg?fit=1200%2C630&ssl=1&resize=1050%2C600 3x"},"classes":[]},{"id":130480,"url":"https:\/\/vincentians.com\/es\/p-arnaldo-senpau\/","url_meta":{"origin":119165,"position":1},"title":"P. Arnaldo Senpau","author":"Mitxel Olabu\u00e9naga","date":"20\/05\/2014","format":false,"excerpt":"De Isil (L\u00e9rida), naci\u00f3 el 6 de marzo de 1812, e ingres\u00f3 en la Congregaci\u00f3n en la casa de Barcelona el 22 de enero de 1830. Vino en septiembre del mismo a\u00f1o a la casa de Madrid, donde, as\u00ed que concluy\u00f3 el noviciado, hizo los votos, a 23 de enero\u2026","rel":"","context":"En \u00abBiograf\u00edas de Misioneros Pa\u00fales\u00bb","block_context":{"text":"Biograf\u00edas de Misioneros Pa\u00fales","link":"https:\/\/vincentians.com\/es\/category\/la-familia-vicenciana\/biografias-vicencianas\/biografias-de-misioneros-paules\/"},"img":{"alt_text":"","src":"https:\/\/i0.wp.com\/vincentians.com\/es\/wp-content\/uploads\/sites\/11\/2016\/07\/bio-cm.jpg?fit=1200%2C630&ssl=1&resize=350%2C200","width":350,"height":200,"srcset":"https:\/\/i0.wp.com\/vincentians.com\/es\/wp-content\/uploads\/sites\/11\/2016\/07\/bio-cm.jpg?fit=1200%2C630&ssl=1&resize=350%2C200 1x, https:\/\/i0.wp.com\/vincentians.com\/es\/wp-content\/uploads\/sites\/11\/2016\/07\/bio-cm.jpg?fit=1200%2C630&ssl=1&resize=525%2C300 1.5x, https:\/\/i0.wp.com\/vincentians.com\/es\/wp-content\/uploads\/sites\/11\/2016\/07\/bio-cm.jpg?fit=1200%2C630&ssl=1&resize=700%2C400 2x, https:\/\/i0.wp.com\/vincentians.com\/es\/wp-content\/uploads\/sites\/11\/2016\/07\/bio-cm.jpg?fit=1200%2C630&ssl=1&resize=1050%2C600 3x"},"classes":[]},{"id":123837,"url":"https:\/\/vincentians.com\/es\/p-santiago-canals\/","url_meta":{"origin":119165,"position":2},"title":"P. Santiago Canals","author":"Mitxel Olabu\u00e9naga","date":"23\/05\/2013","format":false,"excerpt":"Fue bautizado en la parroquia de San Mart\u00edn, de Madrid, el 26 de marzo de 1800, y entr\u00f3 en la Congregaci\u00f3n el 2 de mayo de 1817, haciendo los votos dos a\u00f1os despu\u00e9s (3 de mayo). Una vez concluida la carrera y ordenado sacerdote, le dedicaron a las misiones de\u2026","rel":"","context":"En \u00abBiograf\u00edas de Misioneros Pa\u00fales\u00bb","block_context":{"text":"Biograf\u00edas de Misioneros Pa\u00fales","link":"https:\/\/vincentians.com\/es\/category\/la-familia-vicenciana\/biografias-vicencianas\/biografias-de-misioneros-paules\/"},"img":{"alt_text":"","src":"https:\/\/i0.wp.com\/vincentians.com\/es\/wp-content\/uploads\/sites\/11\/2016\/07\/bio-cm.jpg?fit=1200%2C630&ssl=1&resize=350%2C200","width":350,"height":200,"srcset":"https:\/\/i0.wp.com\/vincentians.com\/es\/wp-content\/uploads\/sites\/11\/2016\/07\/bio-cm.jpg?fit=1200%2C630&ssl=1&resize=350%2C200 1x, https:\/\/i0.wp.com\/vincentians.com\/es\/wp-content\/uploads\/sites\/11\/2016\/07\/bio-cm.jpg?fit=1200%2C630&ssl=1&resize=525%2C300 1.5x, https:\/\/i0.wp.com\/vincentians.com\/es\/wp-content\/uploads\/sites\/11\/2016\/07\/bio-cm.jpg?fit=1200%2C630&ssl=1&resize=700%2C400 2x, https:\/\/i0.wp.com\/vincentians.com\/es\/wp-content\/uploads\/sites\/11\/2016\/07\/bio-cm.jpg?fit=1200%2C630&ssl=1&resize=1050%2C600 3x"},"classes":[]},{"id":117984,"url":"https:\/\/vincentians.com\/es\/p-juan-vilera\/","url_meta":{"origin":119165,"position":3},"title":"P. Juan Vilera","author":"Mitxel Olabu\u00e9naga","date":"25\/02\/2013","format":false,"excerpt":"Vio la luz en Barcelona el 1 de noviembre de 1785. Desde sus primeros a\u00f1os junt\u00f3 la pie\u00addad con el estudio, cultivando de modo especial la elo\u00adcuencia sagrada. Entr\u00f3 en la Congregaci\u00f3n el 26 de octu\u00adbre de 1802, haciendo dos a\u00f1os despu\u00e9s los votos (27 oc\u00ad1 ubre). Terminada la carrera\u2026","rel":"","context":"En \u00abBiograf\u00edas de Misioneros Pa\u00fales\u00bb","block_context":{"text":"Biograf\u00edas de Misioneros Pa\u00fales","link":"https:\/\/vincentians.com\/es\/category\/la-familia-vicenciana\/biografias-vicencianas\/biografias-de-misioneros-paules\/"},"img":{"alt_text":"","src":"https:\/\/i0.wp.com\/vincentians.com\/es\/wp-content\/uploads\/sites\/11\/2016\/07\/bio-cm.jpg?fit=1200%2C630&ssl=1&resize=350%2C200","width":350,"height":200,"srcset":"https:\/\/i0.wp.com\/vincentians.com\/es\/wp-content\/uploads\/sites\/11\/2016\/07\/bio-cm.jpg?fit=1200%2C630&ssl=1&resize=350%2C200 1x, https:\/\/i0.wp.com\/vincentians.com\/es\/wp-content\/uploads\/sites\/11\/2016\/07\/bio-cm.jpg?fit=1200%2C630&ssl=1&resize=525%2C300 1.5x, https:\/\/i0.wp.com\/vincentians.com\/es\/wp-content\/uploads\/sites\/11\/2016\/07\/bio-cm.jpg?fit=1200%2C630&ssl=1&resize=700%2C400 2x, https:\/\/i0.wp.com\/vincentians.com\/es\/wp-content\/uploads\/sites\/11\/2016\/07\/bio-cm.jpg?fit=1200%2C630&ssl=1&resize=1050%2C600 3x"},"classes":[]},{"id":109339,"url":"https:\/\/vincentians.com\/es\/la-provincia-de-barcelona-hasta-1970-i\/","url_meta":{"origin":119165,"position":4},"title":"La Provincia de Barcelona hasta 1970 (I)","author":"Mitxel Olabu\u00e9naga","date":"06\/06\/2021","format":false,"excerpt":"Llevaba 128 a\u00f1os de existencia la Provincia de Espa\u00f1a, y hac\u00eda 74 a\u00f1os que la Casa Central de la misma se hab\u00eda trasladado de Barcelona a la nueva fundaci\u00f3n de la Casa de Madrid (calle del Barquillo), cuando fue eri\u00adgida la Provincia de Barcelona A mediados de 1902 contaba la\u2026","rel":"","context":"En \u00abHistoria de la Congregaci\u00f3n de la Misi\u00f3n en Espa\u00f1a\u00bb","block_context":{"text":"Historia de la Congregaci\u00f3n de la Misi\u00f3n en Espa\u00f1a","link":"https:\/\/vincentians.com\/es\/category\/historia-de-la-familia-vicenciana\/historia-de-la-congregacion-de-la-mision-en-espana\/"},"img":{"alt_text":"","src":"https:\/\/i0.wp.com\/vincentians.com\/es\/wp-content\/uploads\/sites\/11\/2016\/09\/enviados-evangelizar-pobres.jpg?fit=1200%2C630&ssl=1&resize=350%2C200","width":350,"height":200,"srcset":"https:\/\/i0.wp.com\/vincentians.com\/es\/wp-content\/uploads\/sites\/11\/2016\/09\/enviados-evangelizar-pobres.jpg?fit=1200%2C630&ssl=1&resize=350%2C200 1x, https:\/\/i0.wp.com\/vincentians.com\/es\/wp-content\/uploads\/sites\/11\/2016\/09\/enviados-evangelizar-pobres.jpg?fit=1200%2C630&ssl=1&resize=525%2C300 1.5x, https:\/\/i0.wp.com\/vincentians.com\/es\/wp-content\/uploads\/sites\/11\/2016\/09\/enviados-evangelizar-pobres.jpg?fit=1200%2C630&ssl=1&resize=700%2C400 2x, https:\/\/i0.wp.com\/vincentians.com\/es\/wp-content\/uploads\/sites\/11\/2016\/09\/enviados-evangelizar-pobres.jpg?fit=1200%2C630&ssl=1&resize=1050%2C600 3x"},"classes":[]},{"id":130742,"url":"https:\/\/vincentians.com\/es\/p-tadeo-amat\/","url_meta":{"origin":119165,"position":5},"title":"P. Tadeo Amat","author":"Mitxel Olabu\u00e9naga","date":"06\/07\/2014","format":false,"excerpt":"En la partida de bautismo que en 1924 vimos en la parroquia del Pino, de Barcelona, consta que fue bautizado all\u00ed el 31 de diciembre de 1811 y que fueron sus padres Pedro Amat, armero, natural de la misma ciudad, y Mar\u00eda Brusi, natural de Ripoll, consortes. Ingres\u00f3 en la\u2026","rel":"","context":"En \u00abBiograf\u00edas de Misioneros Pa\u00fales\u00bb","block_context":{"text":"Biograf\u00edas de Misioneros Pa\u00fales","link":"https:\/\/vincentians.com\/es\/category\/la-familia-vicenciana\/biografias-vicencianas\/biografias-de-misioneros-paules\/"},"img":{"alt_text":"","src":"https:\/\/i0.wp.com\/vincentians.com\/es\/wp-content\/uploads\/sites\/11\/2016\/07\/bio-cm.jpg?fit=1200%2C630&ssl=1&resize=350%2C200","width":350,"height":200,"srcset":"https:\/\/i0.wp.com\/vincentians.com\/es\/wp-content\/uploads\/sites\/11\/2016\/07\/bio-cm.jpg?fit=1200%2C630&ssl=1&resize=350%2C200 1x, https:\/\/i0.wp.com\/vincentians.com\/es\/wp-content\/uploads\/sites\/11\/2016\/07\/bio-cm.jpg?fit=1200%2C630&ssl=1&resize=525%2C300 1.5x, https:\/\/i0.wp.com\/vincentians.com\/es\/wp-content\/uploads\/sites\/11\/2016\/07\/bio-cm.jpg?fit=1200%2C630&ssl=1&resize=700%2C400 2x, https:\/\/i0.wp.com\/vincentians.com\/es\/wp-content\/uploads\/sites\/11\/2016\/07\/bio-cm.jpg?fit=1200%2C630&ssl=1&resize=1050%2C600 3x"},"classes":[]}],"_links":{"self":[{"href":"https:\/\/vincentians.com\/es\/wp-json\/wp\/v2\/posts\/119165","targetHints":{"allow":["GET"]}}],"collection":[{"href":"https:\/\/vincentians.com\/es\/wp-json\/wp\/v2\/posts"}],"about":[{"href":"https:\/\/vincentians.com\/es\/wp-json\/wp\/v2\/types\/post"}],"author":[{"embeddable":true,"href":"https:\/\/vincentians.com\/es\/wp-json\/wp\/v2\/users\/5"}],"replies":[{"embeddable":true,"href":"https:\/\/vincentians.com\/es\/wp-json\/wp\/v2\/comments?post=119165"}],"version-history":[{"count":0,"href":"https:\/\/vincentians.com\/es\/wp-json\/wp\/v2\/posts\/119165\/revisions"}],"wp:featuredmedia":[{"embeddable":true,"href":"https:\/\/vincentians.com\/es\/wp-json\/wp\/v2\/media\/391249"}],"wp:attachment":[{"href":"https:\/\/vincentians.com\/es\/wp-json\/wp\/v2\/media?parent=119165"}],"wp:term":[{"taxonomy":"category","embeddable":true,"href":"https:\/\/vincentians.com\/es\/wp-json\/wp\/v2\/categories?post=119165"},{"taxonomy":"post_tag","embeddable":true,"href":"https:\/\/vincentians.com\/es\/wp-json\/wp\/v2\/tags?post=119165"}],"curies":[{"name":"wp","href":"https:\/\/api.w.org\/{rel}","templated":true}]}}