{"id":118520,"date":"2015-03-14T11:10:15","date_gmt":"2015-03-14T10:10:15","guid":{"rendered":"http:\/\/somos.vicencianos.org\/?p=118520"},"modified":"2016-07-26T17:21:40","modified_gmt":"2016-07-26T15:21:40","slug":"bibliografia-basica-sobre-san-vicente-de-paul","status":"publish","type":"post","link":"https:\/\/vincentians.com\/es\/bibliografia-basica-sobre-san-vicente-de-paul\/","title":{"rendered":"Bibliograf\u00eda b\u00e1sica sobre san Vicente de Pa\u00fal"},"content":{"rendered":"<p><a href=\"https:\/\/i0.wp.com\/vicencianos.org\/wp-content\/2012\/12\/vicentepaul.jpg\"><img data-recalc-dims=\"1\" loading=\"lazy\" decoding=\"async\" class=\"alignright size-medium wp-image-117096\" src=\"https:\/\/i0.wp.com\/vicencianos.org\/wp-content\/2012\/12\/vicentepaul-235x300.jpg?resize=235%2C300\" alt=\"vicentepaul\" width=\"235\" height=\"300\" \/><\/a>ABELLY Louis: <b>Vida del Venerable Siervo de Dios Vicente de Pa\u00fal, Fundador y primer Superior General de la Congregaci\u00f3n de la Misi\u00f3n<\/b>. Salamanca: CEME. 1994. 814p 25cm. <em>Abelly public\u00f3 esta obra s\u00f3lo cuatro a\u00f1os despu\u00e9s de la muerte de San Vicente, a quien conoci\u00f3 durante m\u00e1s de veinte a\u00f1os. Ha servido de base a todas las biograf\u00edas posteriores<\/em><\/p>\n<p>CALVET Jean: <b>San Vicente de Pa\u00fal<\/b>. Salamanca: CEME, 1979. 236p. 24cm. <em>Excelente biograf\u00eda escrita por un gran conocedor de San Vicente, a quien encuadra en el marco hist\u00f3rico y literario de su tiempo.<\/em><\/p>\n<p>CORERA Jaime C.M.: <b>Vida del Se\u00f1or Vicente de Pa\u00fal<\/b>. Salamanca: CEME 1998 225p. 24cm. <em>A diferencia del estilo com\u00fan en las vidas de San Vicente de Pa\u00fal, este libro desarrolla su biograf\u00eda en una detallada secuencia cronol\u00f3gica y con un estilo muy peculiar.<\/em><\/p>\n<p>COSTE Pierre, C.M.: <b>El Gran Santo del Gran Siglo. El Se\u00f1or Vicente. <\/b>Obra en 3 tomos (316p, 444p, 399p, 24cm). Salamanca: CEME. 1990-2. <em>La biograf\u00eda m\u00e1s completa de San Vicente de Pa\u00fal. Tiene en cuenta todas las cartas y documentos que public\u00f3 el mismo Coste en los 13 tomos de las Obras Completas de San Vicente de Pa\u00fal<\/em><\/p>\n<p>DODIN Andr\u00e9, C.M.: <b>San Vicente de Pa\u00fal y la caridad. <\/b>Salamanca: CEME. 1977. 202p. 18cm. <em>Precioso libro de no gran tama\u00f1o, pero de contenido denso. Contiene otras muchas cosas, adem\u00e1s de una biograf\u00eda condensada del Santo.<\/em><\/p>\n<p>H\u00daNERMANN Wilhelm: <b>El padre de los pobres. Vida de San Vicente de Pa\u00fal. <\/b>Madrid: Ediciones Palabra. 1995. 368p. 22cm. <em>Biograf\u00eda novelada escrita por un autor muy conocido por otras vidas de otros santos. Traducido a 14 idiomas. Aunque novelada, esta biograf\u00eda no es fantasiosa, sino que se atiene a los documentos hist\u00f3ricos conocidos sobre San Vicente de Pa\u00fal.<\/em><\/p>\n<p>IBA\u00d1EZ, Jos\u00e9 Mar\u00eda, C.M.: <b>Vicente de Pa\u00fal. Realismo y Encarnaci\u00f3n. <\/b>Salamanca: SIGUEME. 1982. 317p. 20cm. <em>Estudio denso sobre lo que sugiere el t\u00edtulo, el sentido realista y encarnacional de la fe de Vicente de Pa\u00fal.<\/em><\/p>\n<p>MEZZADRI Luigi, C.M.: <b>Vida Breve de San Vicente. <\/b>Salamanca: CEME. 1990. 117p. 19cm. <em>Buena introducci\u00f3n para la lectura de otras biograf\u00edas m\u00e1s completas.<\/em><\/p>\n<p>NOS MURO Luis, C.M.: <b>San Vicente de Pa\u00fal. Persona, obra y pensamiento. <\/b>Madrid: Ediciones Paulinas. 1984. 270p. <em>Aparte de la biograf\u00eda, este libro da lo que promete en el t\u00edtulo: las obras y las ideas b\u00e1sicas de San Vicente de Pa\u00fal.<\/em><\/p>\n<p>ORCAJO Antonino, C.M.: <b>Vicente de Pa\u00fal a trav\u00e9s de su palabra. <\/b>Madrid: La Milagrosa. 1988. 256p. 20cm. <em>La palabra revela al hombre. Un retrato vivo de Vicente de Pa\u00fal a trav\u00e9s de su palabra dirigida a gentes que se dejaron inspirar por \u00e9l: Misioneros, Hijas de la Caridad, Voluntarias de la Caridad&#8230;<\/em><\/p>\n<p>ORCAJO Antonino, C.M. -P\u00c9REZ FORES, C.M.: <b>San Vicente de Pa\u00fal II. Espiritualidad y selecci\u00f3n de Escritos. <\/b>Madrid: BAC. 1981. 551p. 20cm.\u00a0 <em>La primera parte es una exposici\u00f3n sistem\u00e1tica de la espiritualidad de San Vicente de Pa\u00fal. La selecci\u00f3n de escritos es un florilegio entresacado de los varios miles de cartas y de las conferencias del Santo, que han llegado hasta nosotros.<\/em><\/p>\n<p>ROMAN Jos\u00e9 Mar\u00eda, C.M.: <b>San Vicente de Pa\u00fal I. Biograf\u00eda (2\u00aa ed.) <\/b>Madrid: BAC. 1982 707p. 20cm. <em>Biograf\u00eda escrita con un riguroso criterio hist\u00f3rico. Muy completa y abundante en citas que facilitan el acceso a otras obras relacionadas con San Vicente de Pa\u00fal.<\/em><\/p>\n","protected":false},"excerpt":{"rendered":"<p>ABELLY Louis: Vida del Venerable Siervo de Dios Vicente de Pa\u00fal, Fundador y primer Superior General de la Congregaci\u00f3n de la Misi\u00f3n. Salamanca: CEME. 1994. 814p 25cm. Abelly public\u00f3 esta obra s\u00f3lo cuatro a\u00f1os despu\u00e9s &#8230; <a href=\"https:\/\/vincentians.com\/es\/bibliografia-basica-sobre-san-vicente-de-paul\/\" class=\"more-link\">Read More<\/a><\/p>\n","protected":false},"author":4,"featured_media":117096,"comment_status":"open","ping_status":"open","sticky":false,"template":"","format":"standard","meta":{"jetpack_post_was_ever_published":false,"_jetpack_newsletter_access":"","_jetpack_dont_email_post_to_subs":false,"_jetpack_newsletter_tier_id":0,"_jetpack_memberships_contains_paywalled_content":false,"_jetpack_memberships_contains_paid_content":false,"footnotes":"","jetpack_publicize_message":"","jetpack_publicize_feature_enabled":true,"jetpack_social_post_already_shared":true,"jetpack_social_options":{"image_generator_settings":{"template":"highway","default_image_id":0,"font":"","enabled":false},"version":2}},"categories":[5],"tags":[218,228],"class_list":["post-118520","post","type-post","status-publish","format-standard","has-post-thumbnail","hentry","category-vicente-de-paul","tag-abelly","tag-calvet"],"yoast_head":"<!-- This site is optimized with the Yoast SEO plugin v26.3 - https:\/\/yoast.com\/wordpress\/plugins\/seo\/ -->\n<title>Bibliograf\u00eda b\u00e1sica sobre san Vicente de Pa\u00fal - Somos Vicencianos<\/title>\n<meta name=\"robots\" content=\"index, follow, max-snippet:-1, max-image-preview:large, max-video-preview:-1\" \/>\n<link rel=\"canonical\" href=\"https:\/\/vincentians.com\/es\/bibliografia-basica-sobre-san-vicente-de-paul\/\" \/>\n<meta property=\"og:locale\" content=\"es_ES\" \/>\n<meta property=\"og:type\" content=\"article\" \/>\n<meta property=\"og:title\" content=\"Bibliograf\u00eda b\u00e1sica sobre san Vicente de Pa\u00fal - Somos Vicencianos\" \/>\n<meta property=\"og:description\" content=\"ABELLY Louis: Vida del Venerable Siervo de Dios Vicente de Pa\u00fal, Fundador y primer Superior General de la Congregaci\u00f3n de la Misi\u00f3n. Salamanca: CEME. 1994. 814p 25cm. Abelly public\u00f3 esta obra s\u00f3lo cuatro a\u00f1os despu\u00e9s ... Read More\" \/>\n<meta property=\"og:url\" content=\"https:\/\/vincentians.com\/es\/bibliografia-basica-sobre-san-vicente-de-paul\/\" \/>\n<meta property=\"og:site_name\" content=\"Somos Vicencianos\" \/>\n<meta property=\"article:publisher\" content=\"https:\/\/www.facebook.com\/WeAreVincentians\/\" \/>\n<meta property=\"article:author\" content=\"https:\/\/www.facebook.com\/JavierChento\" \/>\n<meta property=\"article:published_time\" content=\"2015-03-14T10:10:15+00:00\" \/>\n<meta property=\"article:modified_time\" content=\"2016-07-26T15:21:40+00:00\" \/>\n<meta name=\"author\" content=\"Francisco Javier Fern\u00e1ndez Chento\" \/>\n<meta name=\"twitter:card\" content=\"summary_large_image\" \/>\n<meta name=\"twitter:creator\" content=\"@https:\/\/twitter.com\/javierchento\" \/>\n<meta name=\"twitter:site\" content=\"@WeVincentians\" \/>\n<meta name=\"twitter:label1\" content=\"Escrito por\" \/>\n\t<meta name=\"twitter:data1\" content=\"Francisco Javier Fern\u00e1ndez Chento\" \/>\n\t<meta name=\"twitter:label2\" content=\"Tiempo de lectura\" \/>\n\t<meta name=\"twitter:data2\" content=\"3 minutos\" \/>\n<script type=\"application\/ld+json\" class=\"yoast-schema-graph\">{\"@context\":\"https:\/\/schema.org\",\"@graph\":[{\"@type\":\"Article\",\"@id\":\"https:\/\/vincentians.com\/es\/bibliografia-basica-sobre-san-vicente-de-paul\/#article\",\"isPartOf\":{\"@id\":\"https:\/\/vincentians.com\/es\/bibliografia-basica-sobre-san-vicente-de-paul\/\"},\"author\":{\"name\":\"Francisco Javier Fern\u00e1ndez Chento\",\"@id\":\"http:\/\/vincentians.com\/es\/#\/schema\/person\/9623ef4d9aa3b2dfb8c061f1499288f2\"},\"headline\":\"Bibliograf\u00eda b\u00e1sica sobre san Vicente de Pa\u00fal\",\"datePublished\":\"2015-03-14T10:10:15+00:00\",\"dateModified\":\"2016-07-26T15:21:40+00:00\",\"mainEntityOfPage\":{\"@id\":\"https:\/\/vincentians.com\/es\/bibliografia-basica-sobre-san-vicente-de-paul\/\"},\"wordCount\":610,\"commentCount\":0,\"publisher\":{\"@id\":\"http:\/\/vincentians.com\/es\/#organization\"},\"image\":{\"@id\":\"https:\/\/vincentians.com\/es\/bibliografia-basica-sobre-san-vicente-de-paul\/#primaryimage\"},\"thumbnailUrl\":\"\",\"keywords\":[\"Abelly\",\"Calvet\"],\"articleSection\":[\"Vicente de Pa\u00fal\"],\"inLanguage\":\"es\",\"potentialAction\":[{\"@type\":\"CommentAction\",\"name\":\"Comment\",\"target\":[\"https:\/\/vincentians.com\/es\/bibliografia-basica-sobre-san-vicente-de-paul\/#respond\"]}]},{\"@type\":\"WebPage\",\"@id\":\"https:\/\/vincentians.com\/es\/bibliografia-basica-sobre-san-vicente-de-paul\/\",\"url\":\"https:\/\/vincentians.com\/es\/bibliografia-basica-sobre-san-vicente-de-paul\/\",\"name\":\"Bibliograf\u00eda b\u00e1sica sobre san Vicente de Pa\u00fal - Somos Vicencianos\",\"isPartOf\":{\"@id\":\"http:\/\/vincentians.com\/es\/#website\"},\"primaryImageOfPage\":{\"@id\":\"https:\/\/vincentians.com\/es\/bibliografia-basica-sobre-san-vicente-de-paul\/#primaryimage\"},\"image\":{\"@id\":\"https:\/\/vincentians.com\/es\/bibliografia-basica-sobre-san-vicente-de-paul\/#primaryimage\"},\"thumbnailUrl\":\"\",\"datePublished\":\"2015-03-14T10:10:15+00:00\",\"dateModified\":\"2016-07-26T15:21:40+00:00\",\"breadcrumb\":{\"@id\":\"https:\/\/vincentians.com\/es\/bibliografia-basica-sobre-san-vicente-de-paul\/#breadcrumb\"},\"inLanguage\":\"es\",\"potentialAction\":[{\"@type\":\"ReadAction\",\"target\":[\"https:\/\/vincentians.com\/es\/bibliografia-basica-sobre-san-vicente-de-paul\/\"]}]},{\"@type\":\"ImageObject\",\"inLanguage\":\"es\",\"@id\":\"https:\/\/vincentians.com\/es\/bibliografia-basica-sobre-san-vicente-de-paul\/#primaryimage\",\"url\":\"\",\"contentUrl\":\"\"},{\"@type\":\"BreadcrumbList\",\"@id\":\"https:\/\/vincentians.com\/es\/bibliografia-basica-sobre-san-vicente-de-paul\/#breadcrumb\",\"itemListElement\":[{\"@type\":\"ListItem\",\"position\":1,\"name\":\"Portada\",\"item\":\"http:\/\/vincentians.com\/es\/\"},{\"@type\":\"ListItem\",\"position\":2,\"name\":\"Bibliograf\u00eda b\u00e1sica sobre san Vicente de Pa\u00fal\"}]},{\"@type\":\"WebSite\",\"@id\":\"http:\/\/vincentians.com\/es\/#website\",\"url\":\"http:\/\/vincentians.com\/es\/\",\"name\":\"Somos Vicencianos\",\"description\":\"Know more to serve more\",\"publisher\":{\"@id\":\"http:\/\/vincentians.com\/es\/#organization\"},\"potentialAction\":[{\"@type\":\"SearchAction\",\"target\":{\"@type\":\"EntryPoint\",\"urlTemplate\":\"http:\/\/vincentians.com\/es\/?s={search_term_string}\"},\"query-input\":{\"@type\":\"PropertyValueSpecification\",\"valueRequired\":true,\"valueName\":\"search_term_string\"}}],\"inLanguage\":\"es\"},{\"@type\":\"Organization\",\"@id\":\"http:\/\/vincentians.com\/es\/#organization\",\"name\":\"The Vincentian Network\",\"url\":\"http:\/\/vincentians.com\/es\/\",\"logo\":{\"@type\":\"ImageObject\",\"inLanguage\":\"es\",\"@id\":\"http:\/\/vincentians.com\/es\/#\/schema\/logo\/image\/\",\"url\":\"https:\/\/i1.wp.com\/vincentians.com\/es\/wp-content\/uploads\/sites\/11\/2016\/06\/Vincentian-Network-logo-big.png?fit=778%2C778\",\"contentUrl\":\"https:\/\/i1.wp.com\/vincentians.com\/es\/wp-content\/uploads\/sites\/11\/2016\/06\/Vincentian-Network-logo-big.png?fit=778%2C778\",\"width\":778,\"height\":778,\"caption\":\"The Vincentian Network\"},\"image\":{\"@id\":\"http:\/\/vincentians.com\/es\/#\/schema\/logo\/image\/\"},\"sameAs\":[\"https:\/\/www.facebook.com\/WeAreVincentians\/\",\"https:\/\/x.com\/WeVincentians\"]},{\"@type\":\"Person\",\"@id\":\"http:\/\/vincentians.com\/es\/#\/schema\/person\/9623ef4d9aa3b2dfb8c061f1499288f2\",\"name\":\"Francisco Javier Fern\u00e1ndez Chento\",\"image\":{\"@type\":\"ImageObject\",\"inLanguage\":\"es\",\"@id\":\"http:\/\/vincentians.com\/es\/#\/schema\/person\/image\/\",\"url\":\"https:\/\/secure.gravatar.com\/avatar\/497d5cde87b4c3d097d0315953521681ba2cd523ee66e5077c3711f7021e65de?s=96&d=mm&r=g\",\"contentUrl\":\"https:\/\/secure.gravatar.com\/avatar\/497d5cde87b4c3d097d0315953521681ba2cd523ee66e5077c3711f7021e65de?s=96&d=mm&r=g\",\"caption\":\"Francisco Javier Fern\u00e1ndez Chento\"},\"description\":\"Director General y cofundador de La Red de Formaci\u00f3n Vicenciana. Javier es laico vicenciano, afiliado a la Congregaci\u00f3n de la Misi\u00f3n y miembro del Equipo de Misiones Populares de la provincia can\u00f3nica de Zaragoza (Espa\u00f1a) de la Congregaci\u00f3n de la Misi\u00f3n. Graduado en la Universidad Oberta de Catalunya con cuatro grados (Asistente de direcci\u00f3n, Gesti\u00f3n Administrativa, Recursos Humanos y Contabilidad Avanzada). Bil\u00edng\u00fce Espa\u00f1ol\/Ingl\u00e9s. gestiona y mantiene varias p\u00e1ginas web cristianas y vicencianas, incluida including La Red de Formaci\u00f3n Vicenciana, de la que es cofundador. Actualmente es responsable del \u00e1rea de Espa\u00f1ol de .famvin, la Red de Noticias de la Familia Vicenciana. Tambi\u00e9n es m\u00fasico cat\u00f3lico y ha editado varios discos. Es Director General y cofundador de Trovador, una reconocida compa\u00f1\u00eda discogr\u00e1fica critiana de Espa\u00f1a. Trabaja en las Tecnolog\u00edas de la Informaci\u00f3n, ofreciendo servicios de alojamiento, dise\u00f1o y mantenimiento Web, as\u00ed como asesoramiento, formaci\u00f3n y soluciones inform\u00e1ticas, gesti\u00f3n documental y digitalizaci\u00f3n de textos, edici\u00f3n y maquetaci\u00f3n de libros, revistas, flyers, etc.\",\"sameAs\":[\"http:\/\/chento.org\",\"https:\/\/www.facebook.com\/JavierChento\",\"https:\/\/x.com\/https:\/\/twitter.com\/javierchento\"],\"url\":\"https:\/\/vincentians.com\/es\/author\/chento\/\"}]}<\/script>\n<!-- \/ Yoast SEO plugin. -->","yoast_head_json":{"title":"Bibliograf\u00eda b\u00e1sica sobre san Vicente de Pa\u00fal - Somos Vicencianos","robots":{"index":"index","follow":"follow","max-snippet":"max-snippet:-1","max-image-preview":"max-image-preview:large","max-video-preview":"max-video-preview:-1"},"canonical":"https:\/\/vincentians.com\/es\/bibliografia-basica-sobre-san-vicente-de-paul\/","og_locale":"es_ES","og_type":"article","og_title":"Bibliograf\u00eda b\u00e1sica sobre san Vicente de Pa\u00fal - Somos Vicencianos","og_description":"ABELLY Louis: Vida del Venerable Siervo de Dios Vicente de Pa\u00fal, Fundador y primer Superior General de la Congregaci\u00f3n de la Misi\u00f3n. Salamanca: CEME. 1994. 814p 25cm. Abelly public\u00f3 esta obra s\u00f3lo cuatro a\u00f1os despu\u00e9s ... Read More","og_url":"https:\/\/vincentians.com\/es\/bibliografia-basica-sobre-san-vicente-de-paul\/","og_site_name":"Somos Vicencianos","article_publisher":"https:\/\/www.facebook.com\/WeAreVincentians\/","article_author":"https:\/\/www.facebook.com\/JavierChento","article_published_time":"2015-03-14T10:10:15+00:00","article_modified_time":"2016-07-26T15:21:40+00:00","author":"Francisco Javier Fern\u00e1ndez Chento","twitter_card":"summary_large_image","twitter_creator":"@https:\/\/twitter.com\/javierchento","twitter_site":"@WeVincentians","twitter_misc":{"Escrito por":"Francisco Javier Fern\u00e1ndez Chento","Tiempo de lectura":"3 minutos"},"schema":{"@context":"https:\/\/schema.org","@graph":[{"@type":"Article","@id":"https:\/\/vincentians.com\/es\/bibliografia-basica-sobre-san-vicente-de-paul\/#article","isPartOf":{"@id":"https:\/\/vincentians.com\/es\/bibliografia-basica-sobre-san-vicente-de-paul\/"},"author":{"name":"Francisco Javier Fern\u00e1ndez Chento","@id":"http:\/\/vincentians.com\/es\/#\/schema\/person\/9623ef4d9aa3b2dfb8c061f1499288f2"},"headline":"Bibliograf\u00eda b\u00e1sica sobre san Vicente de Pa\u00fal","datePublished":"2015-03-14T10:10:15+00:00","dateModified":"2016-07-26T15:21:40+00:00","mainEntityOfPage":{"@id":"https:\/\/vincentians.com\/es\/bibliografia-basica-sobre-san-vicente-de-paul\/"},"wordCount":610,"commentCount":0,"publisher":{"@id":"http:\/\/vincentians.com\/es\/#organization"},"image":{"@id":"https:\/\/vincentians.com\/es\/bibliografia-basica-sobre-san-vicente-de-paul\/#primaryimage"},"thumbnailUrl":"","keywords":["Abelly","Calvet"],"articleSection":["Vicente de Pa\u00fal"],"inLanguage":"es","potentialAction":[{"@type":"CommentAction","name":"Comment","target":["https:\/\/vincentians.com\/es\/bibliografia-basica-sobre-san-vicente-de-paul\/#respond"]}]},{"@type":"WebPage","@id":"https:\/\/vincentians.com\/es\/bibliografia-basica-sobre-san-vicente-de-paul\/","url":"https:\/\/vincentians.com\/es\/bibliografia-basica-sobre-san-vicente-de-paul\/","name":"Bibliograf\u00eda b\u00e1sica sobre san Vicente de Pa\u00fal - Somos Vicencianos","isPartOf":{"@id":"http:\/\/vincentians.com\/es\/#website"},"primaryImageOfPage":{"@id":"https:\/\/vincentians.com\/es\/bibliografia-basica-sobre-san-vicente-de-paul\/#primaryimage"},"image":{"@id":"https:\/\/vincentians.com\/es\/bibliografia-basica-sobre-san-vicente-de-paul\/#primaryimage"},"thumbnailUrl":"","datePublished":"2015-03-14T10:10:15+00:00","dateModified":"2016-07-26T15:21:40+00:00","breadcrumb":{"@id":"https:\/\/vincentians.com\/es\/bibliografia-basica-sobre-san-vicente-de-paul\/#breadcrumb"},"inLanguage":"es","potentialAction":[{"@type":"ReadAction","target":["https:\/\/vincentians.com\/es\/bibliografia-basica-sobre-san-vicente-de-paul\/"]}]},{"@type":"ImageObject","inLanguage":"es","@id":"https:\/\/vincentians.com\/es\/bibliografia-basica-sobre-san-vicente-de-paul\/#primaryimage","url":"","contentUrl":""},{"@type":"BreadcrumbList","@id":"https:\/\/vincentians.com\/es\/bibliografia-basica-sobre-san-vicente-de-paul\/#breadcrumb","itemListElement":[{"@type":"ListItem","position":1,"name":"Portada","item":"http:\/\/vincentians.com\/es\/"},{"@type":"ListItem","position":2,"name":"Bibliograf\u00eda b\u00e1sica sobre san Vicente de Pa\u00fal"}]},{"@type":"WebSite","@id":"http:\/\/vincentians.com\/es\/#website","url":"http:\/\/vincentians.com\/es\/","name":"Somos Vicencianos","description":"Know more to serve more","publisher":{"@id":"http:\/\/vincentians.com\/es\/#organization"},"potentialAction":[{"@type":"SearchAction","target":{"@type":"EntryPoint","urlTemplate":"http:\/\/vincentians.com\/es\/?s={search_term_string}"},"query-input":{"@type":"PropertyValueSpecification","valueRequired":true,"valueName":"search_term_string"}}],"inLanguage":"es"},{"@type":"Organization","@id":"http:\/\/vincentians.com\/es\/#organization","name":"The Vincentian Network","url":"http:\/\/vincentians.com\/es\/","logo":{"@type":"ImageObject","inLanguage":"es","@id":"http:\/\/vincentians.com\/es\/#\/schema\/logo\/image\/","url":"https:\/\/i1.wp.com\/vincentians.com\/es\/wp-content\/uploads\/sites\/11\/2016\/06\/Vincentian-Network-logo-big.png?fit=778%2C778","contentUrl":"https:\/\/i1.wp.com\/vincentians.com\/es\/wp-content\/uploads\/sites\/11\/2016\/06\/Vincentian-Network-logo-big.png?fit=778%2C778","width":778,"height":778,"caption":"The Vincentian Network"},"image":{"@id":"http:\/\/vincentians.com\/es\/#\/schema\/logo\/image\/"},"sameAs":["https:\/\/www.facebook.com\/WeAreVincentians\/","https:\/\/x.com\/WeVincentians"]},{"@type":"Person","@id":"http:\/\/vincentians.com\/es\/#\/schema\/person\/9623ef4d9aa3b2dfb8c061f1499288f2","name":"Francisco Javier Fern\u00e1ndez Chento","image":{"@type":"ImageObject","inLanguage":"es","@id":"http:\/\/vincentians.com\/es\/#\/schema\/person\/image\/","url":"https:\/\/secure.gravatar.com\/avatar\/497d5cde87b4c3d097d0315953521681ba2cd523ee66e5077c3711f7021e65de?s=96&d=mm&r=g","contentUrl":"https:\/\/secure.gravatar.com\/avatar\/497d5cde87b4c3d097d0315953521681ba2cd523ee66e5077c3711f7021e65de?s=96&d=mm&r=g","caption":"Francisco Javier Fern\u00e1ndez Chento"},"description":"Director General y cofundador de La Red de Formaci\u00f3n Vicenciana. Javier es laico vicenciano, afiliado a la Congregaci\u00f3n de la Misi\u00f3n y miembro del Equipo de Misiones Populares de la provincia can\u00f3nica de Zaragoza (Espa\u00f1a) de la Congregaci\u00f3n de la Misi\u00f3n. Graduado en la Universidad Oberta de Catalunya con cuatro grados (Asistente de direcci\u00f3n, Gesti\u00f3n Administrativa, Recursos Humanos y Contabilidad Avanzada). Bil\u00edng\u00fce Espa\u00f1ol\/Ingl\u00e9s. gestiona y mantiene varias p\u00e1ginas web cristianas y vicencianas, incluida including La Red de Formaci\u00f3n Vicenciana, de la que es cofundador. Actualmente es responsable del \u00e1rea de Espa\u00f1ol de .famvin, la Red de Noticias de la Familia Vicenciana. Tambi\u00e9n es m\u00fasico cat\u00f3lico y ha editado varios discos. Es Director General y cofundador de Trovador, una reconocida compa\u00f1\u00eda discogr\u00e1fica critiana de Espa\u00f1a. Trabaja en las Tecnolog\u00edas de la Informaci\u00f3n, ofreciendo servicios de alojamiento, dise\u00f1o y mantenimiento Web, as\u00ed como asesoramiento, formaci\u00f3n y soluciones inform\u00e1ticas, gesti\u00f3n documental y digitalizaci\u00f3n de textos, edici\u00f3n y maquetaci\u00f3n de libros, revistas, flyers, etc.","sameAs":["http:\/\/chento.org","https:\/\/www.facebook.com\/JavierChento","https:\/\/x.com\/https:\/\/twitter.com\/javierchento"],"url":"https:\/\/vincentians.com\/es\/author\/chento\/"}]}},"jetpack_publicize_connections":[],"jetpack_featured_media_url":"","jetpack_sharing_enabled":true,"jetpack_shortlink":"https:\/\/wp.me\/p7ETMF-uPC","jetpack-related-posts":[{"id":101815,"url":"https:\/\/vincentians.com\/es\/vida-del-senor-vicente-de-paul-nota-bibliografica-2\/","url_meta":{"origin":118520,"position":0},"title":"Vida del Se\u00f1or Vicente de Pa\u00fal: Nota bibliogr\u00e1fica","author":"Francisco Javier Fern\u00e1ndez Chento","date":"21\/05\/2015","format":false,"excerpt":"Nota bibliogr\u00e1fica Esta biograf\u00eda de san Vicente de Pa\u00fal se dedica a la memoria de Pierre Coste, C.M. (1873-1935), sin cuyo trabajo previo no hubiera podido ser escrita. Coste recogi\u00f3 pacientemente y public\u00f3 en trece vol\u00famenes pr\u00e1cticamente todos los es\u00adcritos procedentes de Vicente de Pa\u00fal o que se refieren a\u2026","rel":"","context":"En \u00abVicente de Pa\u00fal\u00bb","block_context":{"text":"Vicente de Pa\u00fal","link":"https:\/\/vincentians.com\/es\/category\/la-familia-vicenciana\/fundadores\/vicente-de-paul\/"},"img":{"alt_text":"sanvibiblia","src":"https:\/\/i0.wp.com\/vicencianos.org\/wp-content\/2012\/08\/sanvibiblia-300x300.png?resize=350%2C200","width":350,"height":200},"classes":[]},{"id":398639,"url":"https:\/\/vincentians.com\/es\/aportacion-del-carisma-vicenciano-la-mision-la-iglesia-3\/","url_meta":{"origin":118520,"position":1},"title":"Aportaci\u00f3n del carisma vicenciano a la Misi\u00f3n de la Iglesia (3)","author":"Francisco Javier Fern\u00e1ndez Chento","date":"06\/08\/2016","format":false,"excerpt":"3.- La participaci\u00f3n de los laicos, y particularmente de la mujer, en la Misi\u00f3n de los ap\u00f3stoles. Los bi\u00f3grafos de San Vicente de Pa\u00fal y de Santa Luisa de Marillac destacan su importante contribuci\u00f3n a la promoci\u00f3n de los laicos, y particularmente de la mujer, al apostolado en la Iglesia.\u2026","rel":"","context":"En \u00abFormaci\u00f3n Vicenciana\u00bb","block_context":{"text":"Formaci\u00f3n Vicenciana","link":"https:\/\/vincentians.com\/es\/category\/formacion-vicenciana\/"},"img":{"alt_text":"","src":"https:\/\/i0.wp.com\/vincentians.com\/es\/wp-content\/uploads\/sites\/11\/2016\/06\/contributions-charism.jpg?fit=1200%2C630&ssl=1&resize=350%2C200","width":350,"height":200,"srcset":"https:\/\/i0.wp.com\/vincentians.com\/es\/wp-content\/uploads\/sites\/11\/2016\/06\/contributions-charism.jpg?fit=1200%2C630&ssl=1&resize=350%2C200 1x, https:\/\/i0.wp.com\/vincentians.com\/es\/wp-content\/uploads\/sites\/11\/2016\/06\/contributions-charism.jpg?fit=1200%2C630&ssl=1&resize=525%2C300 1.5x, https:\/\/i0.wp.com\/vincentians.com\/es\/wp-content\/uploads\/sites\/11\/2016\/06\/contributions-charism.jpg?fit=1200%2C630&ssl=1&resize=700%2C400 2x, https:\/\/i0.wp.com\/vincentians.com\/es\/wp-content\/uploads\/sites\/11\/2016\/06\/contributions-charism.jpg?fit=1200%2C630&ssl=1&resize=1050%2C600 3x"},"classes":[]},{"id":943,"url":"https:\/\/vincentians.com\/es\/biografias-sobre-san-vicente-de-paul\/","url_meta":{"origin":118520,"position":2},"title":"Biograf\u00edas sobre san Vicente de Pa\u00fal","author":"Francisco Javier Fern\u00e1ndez Chento","date":"25\/05\/2023","format":false,"excerpt":"ABELLY Louis: Vida del Venerable Siervo de Dios Vicente de Pa\u00fal, Fundador y primer Superior General de la Congregaci\u00f3n de la Misi\u00f3n. Salamanca: CEME. 1994. 814p 25cm. Abelly public\u00f3 esta obra s\u00f3lo cuatro a\u00f1os despu\u00e9s de la muerte de San Vicente, a quien conoci\u00f3 durante m\u00e1s de veinte a\u00f1os. Ha\u2026","rel":"","context":"En \u00abCongregaci\u00f3n de la Misi\u00f3n\u00bb","block_context":{"text":"Congregaci\u00f3n de la Misi\u00f3n","link":"https:\/\/vincentians.com\/es\/category\/la-familia-vicenciana\/ramas\/congregacion-de-la-mision\/"},"img":{"alt_text":"","src":"https:\/\/i0.wp.com\/vincentians.com\/es\/wp-content\/uploads\/sites\/11\/2013\/04\/p.jpg?fit=550%2C289&ssl=1&resize=350%2C200","width":350,"height":200,"srcset":"https:\/\/i0.wp.com\/vincentians.com\/es\/wp-content\/uploads\/sites\/11\/2013\/04\/p.jpg?fit=550%2C289&ssl=1&resize=350%2C200 1x, https:\/\/i0.wp.com\/vincentians.com\/es\/wp-content\/uploads\/sites\/11\/2013\/04\/p.jpg?fit=550%2C289&ssl=1&resize=525%2C300 1.5x"},"classes":[]},{"id":129046,"url":"https:\/\/vincentians.com\/es\/las-fuentes-de-la-oracion-vicenciana\/","url_meta":{"origin":118520,"position":3},"title":"Las fuentes de la oraci\u00f3n vicenciana","author":"Francisco Javier Fern\u00e1ndez Chento","date":"09\/07\/2016","format":false,"excerpt":"1. Panor\u00e1mica sobre los estudios vicencianos Si confrontamos la bibliograf\u00eda vicenciana con la de otros fundadores, nos damos cuenta que nuestro fundador ha sido estudiado muy poco, y que las aportaciones sobre su pensa\u00admiento son escasas. Somos una comunidad m\u00e1s bien grande. Sin embargo, no tenemos una revista de car\u00e1cter\u2026","rel":"","context":"En \u00abEspiritualidad vicenciana\u00bb","block_context":{"text":"Espiritualidad vicenciana","link":"https:\/\/vincentians.com\/es\/category\/espiritualidad\/espiritualidad-vicenciana\/"},"img":{"alt_text":"orando","src":"https:\/\/i0.wp.com\/vicencianos.org\/wp-content\/uploads\/2016\/01\/orando.jpg?resize=350%2C200","width":350,"height":200},"classes":[]},{"id":119883,"url":"https:\/\/vincentians.com\/es\/identificacion-de-jesucristo-con-el-pobre-epilogo-y-bibliografia\/","url_meta":{"origin":118520,"position":4},"title":"Identificaci\u00f3n de Jesucristo con el pobre. Ep\u00edlogo y Bibliograf\u00eda","author":"Francisco Javier Fern\u00e1ndez Chento","date":"17\/02\/2015","format":false,"excerpt":"Ep\u00edlogo Estos breves cap\u00edtulos habr\u00e1n bastado a demostrar c\u00f3mo San Vicente comprendi\u00f3 la verdad m\u00edstica de la identifica\u00adci\u00f3n de Jes\u00fas con 'los m\u00e1s peque\u00f1os'. Hemos visto primeramente la orientaci\u00f3n marcada de la espiritualidad del Santo hacia la persona de Jesucristo, tendencia propia de la escuela francesa de su tiempo. Despu\u00e9s\u2026","rel":"","context":"En \u00abFormaci\u00f3n Vicenciana\u00bb","block_context":{"text":"Formaci\u00f3n Vicenciana","link":"https:\/\/vincentians.com\/es\/category\/formacion-vicenciana\/"},"img":{"alt_text":"","src":"","width":0,"height":0},"classes":[]},{"id":101805,"url":"https:\/\/vincentians.com\/es\/vida-del-senor-vicente-de-paul-interludio\/","url_meta":{"origin":118520,"position":5},"title":"Vida del Se\u00f1or Vicente de Pa\u00fal: Interludio","author":"Francisco Javier Fern\u00e1ndez Chento","date":"11\/05\/2015","format":false,"excerpt":"Interludio Mientras hace su d\u00eda de retiro el se\u00f1or Vicente vamos tambi\u00e9n nosotros a hacer un alto de descanso en la narraci\u00f3n de su vida. La na\u00adrraci\u00f3n contin\u00faa en 1634. El lector apresurado puede -saltarse limpiamente este in\u00adterludio y continuar a partir de ese punto. No sufrir\u00e1 mucho con ello\u2026","rel":"","context":"En \u00abVicente de Pa\u00fal\u00bb","block_context":{"text":"Vicente de Pa\u00fal","link":"https:\/\/vincentians.com\/es\/category\/la-familia-vicenciana\/fundadores\/vicente-de-paul\/"},"img":{"alt_text":"sanvibiblia","src":"https:\/\/i0.wp.com\/vicencianos.org\/wp-content\/2012\/08\/sanvibiblia-300x300.png?resize=350%2C200","width":350,"height":200},"classes":[]}],"_links":{"self":[{"href":"https:\/\/vincentians.com\/es\/wp-json\/wp\/v2\/posts\/118520","targetHints":{"allow":["GET"]}}],"collection":[{"href":"https:\/\/vincentians.com\/es\/wp-json\/wp\/v2\/posts"}],"about":[{"href":"https:\/\/vincentians.com\/es\/wp-json\/wp\/v2\/types\/post"}],"author":[{"embeddable":true,"href":"https:\/\/vincentians.com\/es\/wp-json\/wp\/v2\/users\/4"}],"replies":[{"embeddable":true,"href":"https:\/\/vincentians.com\/es\/wp-json\/wp\/v2\/comments?post=118520"}],"version-history":[{"count":0,"href":"https:\/\/vincentians.com\/es\/wp-json\/wp\/v2\/posts\/118520\/revisions"}],"wp:featuredmedia":[{"embeddable":true,"href":"https:\/\/vincentians.com\/es\/wp-json\/"}],"wp:attachment":[{"href":"https:\/\/vincentians.com\/es\/wp-json\/wp\/v2\/media?parent=118520"}],"wp:term":[{"taxonomy":"category","embeddable":true,"href":"https:\/\/vincentians.com\/es\/wp-json\/wp\/v2\/categories?post=118520"},{"taxonomy":"post_tag","embeddable":true,"href":"https:\/\/vincentians.com\/es\/wp-json\/wp\/v2\/tags?post=118520"}],"curies":[{"name":"wp","href":"https:\/\/api.w.org\/{rel}","templated":true}]}}