{"id":118401,"date":"2021-10-21T08:20:53","date_gmt":"2021-10-21T06:20:53","guid":{"rendered":"http:\/\/somos.vicencianos.org\/?p=118401"},"modified":"2021-07-12T19:50:10","modified_gmt":"2021-07-12T17:50:10","slug":"el-puro-amor-en-san-vicente-y-santa-luisa","status":"publish","type":"post","link":"https:\/\/vincentians.com\/es\/el-puro-amor-en-san-vicente-y-santa-luisa\/","title":{"rendered":"El &quot;puro amor&quot; en san Vicente y santa Luisa"},"content":{"rendered":"<h2><b>Introducci\u00f3n hist\u00f3rica<\/b><\/h2>\n<p>No es f\u00e1cil saber de qui\u00e9n hab\u00edan tomado esta doctrina y este t\u00e9rmino el se\u00f1or Vicente y la se\u00f1orita Legras, Luisa de Marillac. Muchos autores de su \u00e9poca hab\u00edan publicado libros en los que aparec\u00eda esta doctrina del <b>amor desinteresado de Dios, <\/b>pero sin duda el t\u00e9rmino proced\u00eda del Obispo de Belley, amigo de san Francisco de Sales y director espiritual de santa Luisa durante varios a\u00f1os.<\/p>\n<p>Es necesario aclarar el contexto en el qu\u00e9 viv\u00edan, recordando brevemente todo lo que le prepar\u00f3 a lo largo del siglo.<\/p>\n<p>Encontramos la exhortaci\u00f3n al amor desinteresado sin las palabras \u00abpuro amor\u00bb, en el Nuevo Testamento; Jes\u00fas nos invita a este amor y nos exhorta a no imitar a los que rezan o dan limosna para les vean y admiren. (Mt 6, 1, 5 ; 23, 5 ; Jn 12, 25).<\/p>\n<p>Estas ense\u00f1anzas est\u00e1n presentes en algunos Padres de la Iglesia: el amor interesado no es un verdadero amor, amar a Dios y al pr\u00f3jimo pensando en una recompensa no es amar verdaderamente ni a Dios ni al pr\u00f3jimo, sino a uno mismo. Citemos entre otros muchos a:<\/p>\n<p>San Gregorio de Nisa, en sus Homil\u00edas sobre el Cantar de los cantares:<\/p>\n<p style=\"padding-left: 30px\"><i>\u00abEl que corre en su alma para subir hacia la perfecci\u00f3n,\u2026desprecia las recompensas, para no parecer que encuentra la recompensa m\u00e1s estimable que aquel que da el salario.\u00bb<\/i>[1]<i><\/i><\/p>\n<p>San Agustin en sus comentarios sobre los Salmos:<\/p>\n<p style=\"padding-left: 30px\"><b> <\/b><b><i>\u00abEntonces, se ama a Dios gratuitamente, no se le pide otra recompensa. <\/i><\/b><i>El que pide otra recompensa y quiere servir a Dios por ella, da m\u00e1s precio a lo que quiere recibir, que Aquel de quien le quiere recibir. \u00bfEntonces, no hay ninguna recompensa de Dios? ninguna, excepto \u00e9l mismo. <b>La recompensa de Dios, es Dios mismo.\u00bb<\/b> <\/i><b><b>[1]<\/b><\/b><i><\/i><\/p>\n<p style=\"padding-left: 30px\"><i>\u00abEsto es <b>amar gratuitamente, <\/b>no para recibir una recompensa propuesta, porque tu <b>suprema recompensa ser\u00e1 Dios mismo, al que amas gratuitamente<\/b><\/i><b>\u00ab<\/b><b><b>[1]<\/b><\/b><b><i><\/i><\/b><\/p>\n<p>A ejemplo de los Padres de la Iglesia, este aspecto es tomado de nuevo por numerosos autores espirituales y te\u00f3logos de la Edad Media.<\/p>\n<p>San Bernardo, en su <i>Tratado del amor de Dios<\/i> y a lo largo de sus <i>Comentarios del Cantar de los Cantares, <\/i>luego Santa Catalina de Siena, en sus <i>cartas <\/i>no cesa de suplicar se renuncie al amor de uno mismo, al amor propio.<\/p>\n<p>Hab\u00eda ya entonces un problema del Puro Amor. Para algunos, si amamos alg\u00fan objeto, es para nuestro propio bien, por lo tanto, Dios por recompensa, entonces ser\u00eda imposible o inhumano amar a Dios sin este deseo.<\/p>\n<p>Santo Tom\u00e1s de Aquino resume sus opiniones en su <i>Suma Teol\u00f3gica, Secunda Secundae<\/i>, <i>Cuesti\u00f3n 26<\/i>, art\u00edculo 3, <i>\u00ab\u00bfDebe el hombre amar en caridad m\u00e1s a Dios que a s\u00ed mismo ?<\/i>\u00bb a la <i>2\u00aa objeci\u00f3n<\/i>: \u00ab<i>una cosa cualquiera que sea, es amada en cuanto bien propio, y el motivo de amar es m\u00e1s amado que los que se ama por ese motivo, al igual que se conocen mejor los principios de conocer. Por lo tanto, el hombre se ama a s\u00ed mismo m\u00e1s que cualquier otro bien que ame. En conclusi\u00f3n, no ama a Dios m\u00e1s que a s\u00ed mismo.\u00bb<\/i> \u00c9l dice que en efecto, amamos un bien porque nos conviene, pero como no somos m\u00e1s que una parte dependiente de un todo, finalmente somos nosotros mismos los que nos relacionamos con Dios. Adem\u00e1s, desear disfrutar de Dios, es amarle con un amor de concupiscencia, para nuestro placer, pero debemos amar a Dios por amistad, para su gozo, m\u00e1s que para beneficiarnos de ello. De hecho, es por la virtud de caridad por la que amamos a Dios m\u00e1s que a nosotros mismos, amarle para obtener una recompensa es bastante ego\u00edsta, la gracia nos sit\u00faa por encima<\/p>\n<p>Los grandes m\u00edsticos del siglo XVI, Juan de \u00c1vila, Teresa de Jes\u00fas, Juan de la Cruz insistieron, a su vez, sobre la necesidad de purificar toda b\u00fasqueda personal, para poder amar a Dios en verdad y unirnos a El.<\/p>\n<p>Llegamos a San Francisco de Sales, que trata de ello primero en su <i>Introducci\u00f3n a la vida devota, <\/i>en 1609 y m\u00e1s tarde sobre todo en los dos grandes tomos de su <i>Tratado del amor de Dios, <\/i>en 1616.<\/p>\n<p>Despu\u00e9s, su gran amigo, Monse\u00f1or <b>Jean Pierre<\/b> <b>Camus<\/b>, Obispo de Belley, sobrino de Antoinette Camus, madrastra de santa Luisa, segunda esposa de Luis de Marillac de Ferri\u00e8res, padre de Luisa de Marillac, nacida de madre desconocida; Camus es un escritor prol\u00edfico, en todos los campos, desde novelas a escritos de vida espiritual: 115 t\u00edtulos en 6 grandes p\u00e1ginas de gran formato en peque\u00f1os caracteres, de 1619 a 1652 por un total de 217 obras.<\/p>\n<p>Es bastante m\u00e1s tarde cuando escribi\u00f3 sobre el puro amor, \u00abla pura dilecci\u00f3n\u00bb, cuyo t\u00e9rmino crear\u00e1 escuela, primero <i>De la pura dilecci\u00f3n, <\/i>en 1632, despu\u00e9s, para responder a los ataques del jesuita Antoine Sirmond, <i>La defensa del puro amor contra los ataques del amor propio<\/i>, en 1640, y en 1641 <i>La caridad, o el retrato de la verdadera caridad, historia devota extraida de la vida de san Luis, <\/i>puro amor de Dios y del pr\u00f3jimo, sin b\u00fasqueda personal. <i><\/i><\/p>\n<p>El mismo a\u00f1o 1641, aparece <i>El esp\u00edritu de San Francisco de Sales, <\/i>en 6 vol\u00famenes. Recoge recuerdos de su vida y sus palabras, con frecuencia como conversaciones. Probablemente hab\u00eda preparado este gran tratado de vida espiritual desde hac\u00eda mucho tiempo y que lo hiciera aparecer con motivo de esta controversia, porque desde la primera parte el tema de la caridad aparece varias veces.<\/p>\n<p>Me inclinar\u00eda a pensar que santa Luisa, es la primera que emple\u00f3 la expresi\u00f3n \u00abpuro amor\u00bb en los escritos que nos quedan y san Vicente, alimentados los dos por la lectura de los Padres y de numerosos autores espirituales, usaban la expresi\u00f3n de \u00abpuro amor\u00bb as\u00ed como la doctrina de este amigo de San Francisco de Sales, Monse\u00f1or de Camus (su director antes de 1620). Tenemos diez de sus cartas dirigidas a Luisa, por ejemplo la del 26 de julio de 1625 en la que al final a\u00f1ade: \u00ab\u00bfolvidar\u00e9 a la virtuosa viuda Se\u00f1ora de Marillac? \u00bb [Antoinette Camus], lo que nos muestra su profunda relaci\u00f3n.<\/p>\n<p>Los textos de santa Luisa y de san Vicente en su brevedad valen como los textos m\u00e1s desarrollados de los m\u00edsticos, como santa Teresa de Jes\u00fas, citada por San Vicente, ya que ten\u00eda sus obras en espa\u00f1ol en la edici\u00f3n princeps, y san Juan de la Cruz.<\/p>\n<h2 align=\"left\"><b>La corriente anti m\u00edstica<\/b><\/h2>\n<p>Los escritos de Jean Pierre Camus llegan despu\u00e9s de los de B\u00e9rulle y de otros autores, y como ellos, son combatidos por los adversarios de la m\u00edstica, quienes predicaban \u00fanicamente la ascesis, o la simple pr\u00e1ctica de la moral, con miras a la recompensa Divina.<\/p>\n<p>Camus fue atacado en particular por el Jesuita Antoine Sirmond, y los intercambios de publicaciones, incluso de panfletos, constituyeron la primera \u00abPelea del Puro amor\u00bb<\/p>\n<p>No era la primera vez que los m\u00edsticos eran atacados, confundidos con m\u00edsticos fan\u00e1ticos o desviados.<\/p>\n<p>En el siglo XIII, en la corriente franciscana ya hubo \u00abEspirituales\u00bb desmesurados y con falta de juicio, condenables, que llevaron a los equilibrados a sospechar de herej\u00eda.<\/p>\n<p>A partir del siglo XVI, como reacci\u00f3n contra los excesos de los iluminados y despu\u00e9s de las acusaciones de quietismo, tuvieron lugar los ataques contra los m\u00edsticos, sufri\u00e9ndolo entre ellos san Juan de la Cruz y otros.<\/p>\n<p>A partir del siglo XVI, Espa\u00f1a tuvo sus \u00abIluminados\u00bb, en efecto condenables, pero fueron perseguidos; hasta las sospechas y persecuciones a Juan de \u00c1vila, Teresa de Jes\u00fas y Juan de la Cruz, por tratarlos de iluminados.<\/p>\n<p>En tiempo de Vicente y Luisa, encontramos de nuevo a los iluminados, por ejemplo los \u00abgu\u00e9rinets\u00bb y \u00abgu\u00e9rinettes\u00bb de Pedro Gu\u00e9rin, p\u00e1rroco de Roye, en Picard\u00eda, que en 1624 instituy\u00f3 una escuela de ni\u00f1as dirigida por algunas mujeres. Fue acusado de iluminismo, especialmente por Richelieu, a partir de 1630 pero finalmente fue exculpado.<\/p>\n<p>San Vicente y santa Luisa tuvieron la suerte de que su servicio a los pobres los hiciera respetables, con m\u00e1s raz\u00f3n cuando este servicio limitaba los riesgos de motines que a veces surg\u00edan desde Normand\u00eda hasta Gascu\u00f1a, all\u00ed donde no interven\u00edan los vicencianos. Richelieu encontraba que Vicente era \u00fatil. No es nuevo que la pol\u00edtica se mezcle con lo religioso\u2026<\/p>\n<p>Algo m\u00e1s tarde, despu\u00e9s de la muerte de Luisa y de Vicente, tuvieron lugar conflictos muy graves y dolorosos contra <b>Miguel de Molinos<\/b>, espa\u00f1ol establecido en Roma, acusado de Quietismo, es decir, de ense\u00f1ar que, desde el momento en que estamos unidos a Dios desde lo m\u00e1s profundo del coraz\u00f3n por el amor y la contemplaci\u00f3n, el cuerpo puede hacer lo que sea, el alma no participa; esto era interpretar mal el sentido verdadero de lo que \u00e9l dec\u00eda y escrib\u00eda; se lleg\u00f3 a acusarle de acostarse con las dirigidas; lo detuvieron en 1685, en 1687 lo condenaron y lo encarcelaron para toda la vida.<\/p>\n<p>Una situaci\u00f3n parecida se produjo en Francia contra los escritos de <b>Fenelon <\/b>arzobispo de Cambrai; \u00e9l tambi\u00e9n aspiraba a un desprendimiento completo de s\u00ed mismo para amar pura y gratuitamente, y contra los escritos de su dirigida, la <b>Se\u00f1ora<\/b> <b>Guyon<\/b><b>, <\/b> ciertamente de un estilo a veces un poco exaltado, pero relacionado con la Sagrada Escritura y los Padres de la Iglesia. <i>Los<\/i><i> Torrentes<\/i><i> espirituales, <\/i>por ejemplo, titulo inspirado en su admiraci\u00f3n por los torrentes de los Alpes: son comentarios de los Profetas. La Se\u00f1ora Guyon no hab\u00eda estudiado teolog\u00eda, pero hab\u00eda asimilado muy bien los autores espirituales. Durante mucho tiempo fue apreciada por la se\u00f1ora de Maintenon, directora del pensionado de San Cyr, fundado en 1686 por el Rey Luis XIV y por ella misma, animada por unas religiosas fundadas para el internado y por la Se\u00f1ora Guyon, siguiendo ella misma los pensamientos de Fenelon infund\u00eda en ello este esp\u00edritu de puro amor y de abandono en la Providencia.<\/p>\n<p>En la correspondencia entre la Se\u00f1ora Guyon y Fenelon, no siempre es f\u00e1cil ver qui\u00e9n es el director espiritual de qui\u00e9n. En otros es tambi\u00e9n frecuente que los consejos sean mutuos, como en san Vicente y santa Luisa y santa Juana de Chantal.<\/p>\n<p>Result\u00f3 que algunas religiosas utilizaron estos pensamientos de manera irreflexiva, llev\u00e1ndoles a criticar las directivas m\u00e1s asc\u00e9ticas de la Se\u00f1ora de Maintenon y del capell\u00e1n, Godet des Marais, Obispo de Chartres; aparentemente eran discusiones como las que puede haber en toda comunidad y familia, sin embargo, la se\u00f1ora de Maintenon las tom\u00f3, cada vez peor, como un atentado a su autoridad. Finalmente la Se\u00f1ora de Maintenon hizo entrar a Bossuet en la batalla, \u00e9l, que tanto quer\u00eda tener el favor del rey. Fue el m\u00e1s duro contra Fenelon y la Se\u00f1ora Guyon, ayudado por el reciente Arzobispo de Paris, Monse\u00f1or De Noailles.<\/p>\n<p>Bossuet rechazaba el amor puro, desinteresado, gratuito, para no predicar m\u00e1s que el amor de Dios, como recompensa para nuestra salvaci\u00f3n.<\/p>\n<p>Hay que saber tambi\u00e9n que la rivalidad de <b>Bossuet<\/b>, y posteriormente la de <b>De Noailles<\/b> contra <b>Fenelon<\/b>, no era solamente doctrinal, sobre una moralidad centrada en la recompensa contra el amor desinteresado, sino que tambi\u00e9n era prosaica, verdaderamente muy interesada. Bossuet hizo todo por suplantar a Fenelon junto a Madame de Maintenon, de Saint Cyr y de la Corte, feliz al encontrar el pretexto de la presencia de la Se\u00f1ora Guyon para hacer apartar a Fenelon por Luis XIV y ocupar su lugar, puesto que hab\u00eda sido preceptor del nieto de Luis XIV; historia oscura. El sobrino de Bossuet, el padre Bossuet, establecido en Roma, lleg\u00f3 a acusar a Fenelon ante el Papa, de acostarse con la Se\u00f1ora Guyon. Como la del Antiguo Testamento, la historia de la Iglesia no siempre ha sido edificante.<\/p>\n<p>Lograron alejar a Fenelon haci\u00e9ndolo nombrar Obispo de Cambrai, e intentando un largo procedimiento contra \u00e9l y la Se\u00f1ora Guyon, acusados de \u00abquietismo\u00bb\u2026<\/p>\n<p>En 1688 la Se\u00f1ora Guyon estuvo seis meses arrestada en la Visitaci\u00f3n; tras su liberaci\u00f3n su libro <i>Le moyen court<\/i> (<i>M\u00e9todo de oraci\u00f3n breve y f\u00e1cil)<\/i><i>, <\/i>se incluy\u00f3 en 1689 en el \u00cdndice de libros prohibidos y de nuevo es encarcelada en la Bastilla en 1695.<\/p>\n<p>Para defenderse y defenderla, Fenelon publica <i>las m\u00e1ximas de los santos <\/i>en 1697. El Rey Luis XIV lo puso bajo arresto en su di\u00f3cesis, luego, con Bossuet logr\u00f3 que en 1699 el Papa Inocencio XII condenara <i>Las m\u00e1ximas de los santos, <\/i>cuando en realidad no contiene m\u00e1s que aut\u00e9nticas citas de los Padres de la Iglesia, tales como San Gregorio Magno, quien ya predicaba sobre el amor desinteresado.<\/p>\n<p>Bossuet se mostr\u00f3 particularmente detestable, de mala fe, haciendo uso de malos procedimientos y de intimidaci\u00f3n, queriendo arrastrar a Godet des Maris en la misma l\u00ednea, lo que le repugnaba\u2026<\/p>\n<p>En 1703 la Se\u00f1ora Guyon es liberada de la Bastilla, Bossuet muere en 1704. F\u00e9nelon, quien desde hac\u00eda muchos a\u00f1os no ten\u00eda correspondencia con la Se\u00f1ora Guyon, le escribe una vez m\u00e1s en 1710, muere en 1715 y la Se\u00f1ora Guyon en 1717, no se hab\u00edan vuelto a ver.<\/p>\n<p>Al mismo tiempo, tuvo lugar la querella jansenista, que tambi\u00e9n se hab\u00eda agravado, al estar mezclada igualmente en pol\u00edtica, dividiendo todav\u00eda m\u00e1s a la Iglesia en Francia.<\/p>\n<p>Dicho de otro modo, la influencia de B\u00e9rulle, Vicente de Paul, Juan Eudes, Juan Santiago Olier no durar\u00eda mucho tiempo.<\/p>\n<p>Ser\u00e1 preciso un siglo para que la vida espiritual vuelva a ser verdaderamente viva, profunda y fecunda. Hab\u00eda habido algunos autores y algunos santos, como Lu\u00eds M\u00aa Grignon de Montfort, cuya influencia no fue muy amplia en su tiempo; las dos obras fundamentales de Montfort, <i>El amor de la Sabidur\u00eda eterna<\/i> y <i>El Tratado de la Verdadera Devoci\u00f3n a la Sant\u00edsima Virgen<\/i>, no fueron publicados hasta el siglo XIX, mucho tiempo despu\u00e9s de su muerte.<\/p>\n<p>M\u00e1s tarde, en el siglo XIX, algunos escritores se inspiraron en Fenelon, como nos lo presenta Sabine Melchior-Bonnet. Las frases que ella cita de Stendhal podr\u00e1n servirnos de conclusi\u00f3n; s\u00f3lo podemos hacerla nuestras, primero en la p\u00e1gina 427 de su <i>Fenelon<\/i><\/p>\n<p style=\"padding-left: 30px\"><i> \u00abS\u00f3lo hay que tener fe para temer las frases de Bossuet; hay que tener alma para saborear a F\u00e9nelon\u00bb<\/i><\/p>\n<p>Y en la p\u00e1gina 428, podemos captar el ambiente de este per\u00edodo en esta frase de las \u00faltimas p\u00e1ginas del <i>Diario <\/i> de Stendhal:<\/p>\n<p style=\"padding-left: 30px\"><i>\u00abSi Magdalena y Mar\u00eda, las amigas de Jes\u00fas, hubieran vivido en tiempos de Luis XIV, habr\u00edan sido enviadas a la Bastilla\u00bb <\/i><\/p>\n<p>Podr\u00edamos decir lo mismo de san Vicente y de santa Luisa si hubieran vivido m\u00e1s tiempo bajo el reinado de Luis XIV\u2026<\/p>\n<p>Los ataques contra los m\u00edsticos y el puro amor siguieron renov\u00e1ndose hasta el siglo XX, como el c\u00e9lebre ataque al te\u00f3logo luterano sueco Anders Nygren, en <i>Eros y Agap\u00e9,<\/i> en 1930, traducido al franc\u00e9s en 1962, en la editorial Aubier Montaigne: <i>Eros y Agap\u00e9, la noci\u00f3n cristiana del amor y sus transformaciones. <\/i><\/p>\n<p>San Pablo se hubiera opuesto a la aspiraci\u00f3n m\u00edstica Eros designando la aspiraci\u00f3n a lo m\u00e1s elevado, a llegar hasta Dios, el verdadero bien, el Agape, al ser el descenso de Dios hacia el hombre por la Encarnaci\u00f3n y la Cruz, para salvar al hombre sin otra respuesta que la fe pura. Nygren pretend\u00eda que san Pablo ya hab\u00eda establecido esta doctrina de oposici\u00f3n entre las dos, s\u00f3lo el \u00c1gape, la caridad, siendo cristiana, la uni\u00f3n con el amor sentimiento, el Eros, siendo una intrusi\u00f3n del paganismo griego en las Obras de d\u2019Orig\u00e8ne y del Pseudo-Denys.<\/p>\n<p>Pero es falso que san Pablo haya opuesto las dos. Es cierto que no emplea la palabra Eros, pero proclama su amor efectivo por Jes\u00fas: \u00ab<i>para m\u00ed vivir es Cristo,\u00bb<\/i> (Flp. 1, 21) y sabemos c\u00f3mo habla Jes\u00fas del amor efectivo, y a partir de Jes\u00fas, <i>\u00abel disc\u00edpulo amado\u00bb<\/i>, y el gran mandamiento es frecuentemente prolongado en <i>\u00abAmar\u00e1s a tu pr\u00f3jimo como a ti mismo\u00bb<\/i> (Mt 12, 19 ; 22, 39 ; Mc 12, 31 ; Rom 13,9 ; Gal 5, 14 ; Jc 2, 8) ; \u00bfc\u00f3mo atrevernos a afirmar que la Escritura opone los dos amores?<\/p>\n<p>En cambio, en su querella contra F\u00e9nelon, Bossuet rechazar\u00e1 el amor puro, desinteresado, gratuito, para predicar s\u00f3lo el amor de Dios por la recompensa, para nuestra salvaci\u00f3n. San Vicente y santa Luisa supieron conservar la s\u00edntesis de los dos.<\/p>\n","protected":false},"excerpt":{"rendered":"<p>Introducci\u00f3n hist\u00f3rica No es f\u00e1cil saber de qui\u00e9n hab\u00edan tomado esta doctrina y este t\u00e9rmino el se\u00f1or Vicente y la se\u00f1orita Legras, Luisa de Marillac. Muchos autores de su \u00e9poca hab\u00edan publicado libros en los &#8230; <a href=\"https:\/\/vincentians.com\/es\/el-puro-amor-en-san-vicente-y-santa-luisa\/\" class=\"more-link\">Read More<\/a><\/p>\n","protected":false},"author":4,"featured_media":150279,"comment_status":"open","ping_status":"open","sticky":false,"template":"","format":"standard","meta":{"jetpack_post_was_ever_published":false,"_jetpack_newsletter_access":"","_jetpack_dont_email_post_to_subs":false,"_jetpack_newsletter_tier_id":0,"_jetpack_memberships_contains_paywalled_content":false,"_jetpack_memberships_contains_paid_content":false,"footnotes":"","jetpack_publicize_message":"","jetpack_publicize_feature_enabled":true,"jetpack_social_post_already_shared":true,"jetpack_social_options":{"image_generator_settings":{"template":"highway","default_image_id":0,"font":"","enabled":false},"version":2}},"categories":[28],"tags":[224,280],"class_list":["post-118401","post","type-post","status-publish","format-standard","has-post-thumbnail","hentry","category-formacion-vicenciana","tag-berulle","tag-san-juan-de-la-cruz"],"yoast_head":"<!-- This site is optimized with the Yoast SEO plugin v26.3 - https:\/\/yoast.com\/wordpress\/plugins\/seo\/ -->\n<title>El &quot;puro amor&quot; en san Vicente y santa Luisa - Somos Vicencianos<\/title>\n<meta name=\"robots\" content=\"index, follow, max-snippet:-1, max-image-preview:large, max-video-preview:-1\" \/>\n<link rel=\"canonical\" href=\"https:\/\/vincentians.com\/es\/el-puro-amor-en-san-vicente-y-santa-luisa\/\" \/>\n<meta property=\"og:locale\" content=\"es_ES\" \/>\n<meta property=\"og:type\" content=\"article\" \/>\n<meta property=\"og:title\" content=\"El &quot;puro amor&quot; en san Vicente y santa Luisa - Somos Vicencianos\" \/>\n<meta property=\"og:description\" content=\"Introducci\u00f3n hist\u00f3rica No es f\u00e1cil saber de qui\u00e9n hab\u00edan tomado esta doctrina y este t\u00e9rmino el se\u00f1or Vicente y la se\u00f1orita Legras, Luisa de Marillac. Muchos autores de su \u00e9poca hab\u00edan publicado libros en los ... Read More\" \/>\n<meta property=\"og:url\" content=\"https:\/\/vincentians.com\/es\/el-puro-amor-en-san-vicente-y-santa-luisa\/\" \/>\n<meta property=\"og:site_name\" content=\"Somos Vicencianos\" \/>\n<meta property=\"article:publisher\" content=\"https:\/\/www.facebook.com\/WeAreVincentians\/\" \/>\n<meta property=\"article:author\" content=\"https:\/\/www.facebook.com\/JavierChento\" \/>\n<meta property=\"article:published_time\" content=\"2021-10-21T06:20:53+00:00\" \/>\n<meta property=\"og:image\" content=\"https:\/\/i0.wp.com\/vincentians.com\/es\/wp-content\/uploads\/sites\/11\/2014\/12\/humility-daughter-of-charity.jpg?fit=1200%2C630&ssl=1\" \/>\n\t<meta property=\"og:image:width\" content=\"1200\" \/>\n\t<meta property=\"og:image:height\" content=\"630\" \/>\n\t<meta property=\"og:image:type\" content=\"image\/jpeg\" \/>\n<meta name=\"author\" content=\"Francisco Javier Fern\u00e1ndez Chento\" \/>\n<meta name=\"twitter:card\" content=\"summary_large_image\" \/>\n<meta name=\"twitter:creator\" content=\"@https:\/\/twitter.com\/javierchento\" \/>\n<meta name=\"twitter:site\" content=\"@WeVincentians\" \/>\n<meta name=\"twitter:label1\" content=\"Escrito por\" \/>\n\t<meta name=\"twitter:data1\" content=\"Francisco Javier Fern\u00e1ndez Chento\" \/>\n\t<meta name=\"twitter:label2\" content=\"Tiempo de lectura\" \/>\n\t<meta name=\"twitter:data2\" content=\"12 minutos\" \/>\n<script type=\"application\/ld+json\" class=\"yoast-schema-graph\">{\"@context\":\"https:\/\/schema.org\",\"@graph\":[{\"@type\":\"Article\",\"@id\":\"https:\/\/vincentians.com\/es\/el-puro-amor-en-san-vicente-y-santa-luisa\/#article\",\"isPartOf\":{\"@id\":\"https:\/\/vincentians.com\/es\/el-puro-amor-en-san-vicente-y-santa-luisa\/\"},\"author\":{\"name\":\"Francisco Javier Fern\u00e1ndez Chento\",\"@id\":\"http:\/\/vincentians.com\/es\/#\/schema\/person\/9623ef4d9aa3b2dfb8c061f1499288f2\"},\"headline\":\"El &quot;puro amor&quot; en san Vicente y santa Luisa\",\"datePublished\":\"2021-10-21T06:20:53+00:00\",\"mainEntityOfPage\":{\"@id\":\"https:\/\/vincentians.com\/es\/el-puro-amor-en-san-vicente-y-santa-luisa\/\"},\"wordCount\":2857,\"commentCount\":0,\"publisher\":{\"@id\":\"http:\/\/vincentians.com\/es\/#organization\"},\"image\":{\"@id\":\"https:\/\/vincentians.com\/es\/el-puro-amor-en-san-vicente-y-santa-luisa\/#primaryimage\"},\"thumbnailUrl\":\"https:\/\/i0.wp.com\/vincentians.com\/es\/wp-content\/uploads\/sites\/11\/2014\/12\/humility-daughter-of-charity.jpg?fit=1200%2C630&ssl=1\",\"keywords\":[\"Berulle\",\"San Juan de la Cruz\"],\"articleSection\":[\"Formaci\u00f3n Vicenciana\"],\"inLanguage\":\"es\",\"potentialAction\":[{\"@type\":\"CommentAction\",\"name\":\"Comment\",\"target\":[\"https:\/\/vincentians.com\/es\/el-puro-amor-en-san-vicente-y-santa-luisa\/#respond\"]}]},{\"@type\":\"WebPage\",\"@id\":\"https:\/\/vincentians.com\/es\/el-puro-amor-en-san-vicente-y-santa-luisa\/\",\"url\":\"https:\/\/vincentians.com\/es\/el-puro-amor-en-san-vicente-y-santa-luisa\/\",\"name\":\"El &quot;puro amor&quot; en san Vicente y santa Luisa - Somos Vicencianos\",\"isPartOf\":{\"@id\":\"http:\/\/vincentians.com\/es\/#website\"},\"primaryImageOfPage\":{\"@id\":\"https:\/\/vincentians.com\/es\/el-puro-amor-en-san-vicente-y-santa-luisa\/#primaryimage\"},\"image\":{\"@id\":\"https:\/\/vincentians.com\/es\/el-puro-amor-en-san-vicente-y-santa-luisa\/#primaryimage\"},\"thumbnailUrl\":\"https:\/\/i0.wp.com\/vincentians.com\/es\/wp-content\/uploads\/sites\/11\/2014\/12\/humility-daughter-of-charity.jpg?fit=1200%2C630&ssl=1\",\"datePublished\":\"2021-10-21T06:20:53+00:00\",\"breadcrumb\":{\"@id\":\"https:\/\/vincentians.com\/es\/el-puro-amor-en-san-vicente-y-santa-luisa\/#breadcrumb\"},\"inLanguage\":\"es\",\"potentialAction\":[{\"@type\":\"ReadAction\",\"target\":[\"https:\/\/vincentians.com\/es\/el-puro-amor-en-san-vicente-y-santa-luisa\/\"]}]},{\"@type\":\"ImageObject\",\"inLanguage\":\"es\",\"@id\":\"https:\/\/vincentians.com\/es\/el-puro-amor-en-san-vicente-y-santa-luisa\/#primaryimage\",\"url\":\"https:\/\/i0.wp.com\/vincentians.com\/es\/wp-content\/uploads\/sites\/11\/2014\/12\/humility-daughter-of-charity.jpg?fit=1200%2C630&ssl=1\",\"contentUrl\":\"https:\/\/i0.wp.com\/vincentians.com\/es\/wp-content\/uploads\/sites\/11\/2014\/12\/humility-daughter-of-charity.jpg?fit=1200%2C630&ssl=1\",\"width\":1200,\"height\":630},{\"@type\":\"BreadcrumbList\",\"@id\":\"https:\/\/vincentians.com\/es\/el-puro-amor-en-san-vicente-y-santa-luisa\/#breadcrumb\",\"itemListElement\":[{\"@type\":\"ListItem\",\"position\":1,\"name\":\"Portada\",\"item\":\"http:\/\/vincentians.com\/es\/\"},{\"@type\":\"ListItem\",\"position\":2,\"name\":\"El &quot;puro amor&quot; en san Vicente y santa Luisa\"}]},{\"@type\":\"WebSite\",\"@id\":\"http:\/\/vincentians.com\/es\/#website\",\"url\":\"http:\/\/vincentians.com\/es\/\",\"name\":\"Somos Vicencianos\",\"description\":\"Know more to serve more\",\"publisher\":{\"@id\":\"http:\/\/vincentians.com\/es\/#organization\"},\"potentialAction\":[{\"@type\":\"SearchAction\",\"target\":{\"@type\":\"EntryPoint\",\"urlTemplate\":\"http:\/\/vincentians.com\/es\/?s={search_term_string}\"},\"query-input\":{\"@type\":\"PropertyValueSpecification\",\"valueRequired\":true,\"valueName\":\"search_term_string\"}}],\"inLanguage\":\"es\"},{\"@type\":\"Organization\",\"@id\":\"http:\/\/vincentians.com\/es\/#organization\",\"name\":\"The Vincentian Network\",\"url\":\"http:\/\/vincentians.com\/es\/\",\"logo\":{\"@type\":\"ImageObject\",\"inLanguage\":\"es\",\"@id\":\"http:\/\/vincentians.com\/es\/#\/schema\/logo\/image\/\",\"url\":\"https:\/\/i1.wp.com\/vincentians.com\/es\/wp-content\/uploads\/sites\/11\/2016\/06\/Vincentian-Network-logo-big.png?fit=778%2C778\",\"contentUrl\":\"https:\/\/i1.wp.com\/vincentians.com\/es\/wp-content\/uploads\/sites\/11\/2016\/06\/Vincentian-Network-logo-big.png?fit=778%2C778\",\"width\":778,\"height\":778,\"caption\":\"The Vincentian Network\"},\"image\":{\"@id\":\"http:\/\/vincentians.com\/es\/#\/schema\/logo\/image\/\"},\"sameAs\":[\"https:\/\/www.facebook.com\/WeAreVincentians\/\",\"https:\/\/x.com\/WeVincentians\"]},{\"@type\":\"Person\",\"@id\":\"http:\/\/vincentians.com\/es\/#\/schema\/person\/9623ef4d9aa3b2dfb8c061f1499288f2\",\"name\":\"Francisco Javier Fern\u00e1ndez Chento\",\"image\":{\"@type\":\"ImageObject\",\"inLanguage\":\"es\",\"@id\":\"http:\/\/vincentians.com\/es\/#\/schema\/person\/image\/\",\"url\":\"https:\/\/secure.gravatar.com\/avatar\/497d5cde87b4c3d097d0315953521681ba2cd523ee66e5077c3711f7021e65de?s=96&d=mm&r=g\",\"contentUrl\":\"https:\/\/secure.gravatar.com\/avatar\/497d5cde87b4c3d097d0315953521681ba2cd523ee66e5077c3711f7021e65de?s=96&d=mm&r=g\",\"caption\":\"Francisco Javier Fern\u00e1ndez Chento\"},\"description\":\"Director General y cofundador de La Red de Formaci\u00f3n Vicenciana. Javier es laico vicenciano, afiliado a la Congregaci\u00f3n de la Misi\u00f3n y miembro del Equipo de Misiones Populares de la provincia can\u00f3nica de Zaragoza (Espa\u00f1a) de la Congregaci\u00f3n de la Misi\u00f3n. Graduado en la Universidad Oberta de Catalunya con cuatro grados (Asistente de direcci\u00f3n, Gesti\u00f3n Administrativa, Recursos Humanos y Contabilidad Avanzada). Bil\u00edng\u00fce Espa\u00f1ol\/Ingl\u00e9s. gestiona y mantiene varias p\u00e1ginas web cristianas y vicencianas, incluida including La Red de Formaci\u00f3n Vicenciana, de la que es cofundador. Actualmente es responsable del \u00e1rea de Espa\u00f1ol de .famvin, la Red de Noticias de la Familia Vicenciana. Tambi\u00e9n es m\u00fasico cat\u00f3lico y ha editado varios discos. Es Director General y cofundador de Trovador, una reconocida compa\u00f1\u00eda discogr\u00e1fica critiana de Espa\u00f1a. Trabaja en las Tecnolog\u00edas de la Informaci\u00f3n, ofreciendo servicios de alojamiento, dise\u00f1o y mantenimiento Web, as\u00ed como asesoramiento, formaci\u00f3n y soluciones inform\u00e1ticas, gesti\u00f3n documental y digitalizaci\u00f3n de textos, edici\u00f3n y maquetaci\u00f3n de libros, revistas, flyers, etc.\",\"sameAs\":[\"http:\/\/chento.org\",\"https:\/\/www.facebook.com\/JavierChento\",\"https:\/\/x.com\/https:\/\/twitter.com\/javierchento\"],\"url\":\"https:\/\/vincentians.com\/es\/author\/chento\/\"}]}<\/script>\n<!-- \/ Yoast SEO plugin. -->","yoast_head_json":{"title":"El &quot;puro amor&quot; en san Vicente y santa Luisa - Somos Vicencianos","robots":{"index":"index","follow":"follow","max-snippet":"max-snippet:-1","max-image-preview":"max-image-preview:large","max-video-preview":"max-video-preview:-1"},"canonical":"https:\/\/vincentians.com\/es\/el-puro-amor-en-san-vicente-y-santa-luisa\/","og_locale":"es_ES","og_type":"article","og_title":"El &quot;puro amor&quot; en san Vicente y santa Luisa - Somos Vicencianos","og_description":"Introducci\u00f3n hist\u00f3rica No es f\u00e1cil saber de qui\u00e9n hab\u00edan tomado esta doctrina y este t\u00e9rmino el se\u00f1or Vicente y la se\u00f1orita Legras, Luisa de Marillac. Muchos autores de su \u00e9poca hab\u00edan publicado libros en los ... Read More","og_url":"https:\/\/vincentians.com\/es\/el-puro-amor-en-san-vicente-y-santa-luisa\/","og_site_name":"Somos Vicencianos","article_publisher":"https:\/\/www.facebook.com\/WeAreVincentians\/","article_author":"https:\/\/www.facebook.com\/JavierChento","article_published_time":"2021-10-21T06:20:53+00:00","og_image":[{"width":1200,"height":630,"url":"https:\/\/i0.wp.com\/vincentians.com\/es\/wp-content\/uploads\/sites\/11\/2014\/12\/humility-daughter-of-charity.jpg?fit=1200%2C630&ssl=1","type":"image\/jpeg"}],"author":"Francisco Javier Fern\u00e1ndez Chento","twitter_card":"summary_large_image","twitter_creator":"@https:\/\/twitter.com\/javierchento","twitter_site":"@WeVincentians","twitter_misc":{"Escrito por":"Francisco Javier Fern\u00e1ndez Chento","Tiempo de lectura":"12 minutos"},"schema":{"@context":"https:\/\/schema.org","@graph":[{"@type":"Article","@id":"https:\/\/vincentians.com\/es\/el-puro-amor-en-san-vicente-y-santa-luisa\/#article","isPartOf":{"@id":"https:\/\/vincentians.com\/es\/el-puro-amor-en-san-vicente-y-santa-luisa\/"},"author":{"name":"Francisco Javier Fern\u00e1ndez Chento","@id":"http:\/\/vincentians.com\/es\/#\/schema\/person\/9623ef4d9aa3b2dfb8c061f1499288f2"},"headline":"El &quot;puro amor&quot; en san Vicente y santa Luisa","datePublished":"2021-10-21T06:20:53+00:00","mainEntityOfPage":{"@id":"https:\/\/vincentians.com\/es\/el-puro-amor-en-san-vicente-y-santa-luisa\/"},"wordCount":2857,"commentCount":0,"publisher":{"@id":"http:\/\/vincentians.com\/es\/#organization"},"image":{"@id":"https:\/\/vincentians.com\/es\/el-puro-amor-en-san-vicente-y-santa-luisa\/#primaryimage"},"thumbnailUrl":"https:\/\/i0.wp.com\/vincentians.com\/es\/wp-content\/uploads\/sites\/11\/2014\/12\/humility-daughter-of-charity.jpg?fit=1200%2C630&ssl=1","keywords":["Berulle","San Juan de la Cruz"],"articleSection":["Formaci\u00f3n Vicenciana"],"inLanguage":"es","potentialAction":[{"@type":"CommentAction","name":"Comment","target":["https:\/\/vincentians.com\/es\/el-puro-amor-en-san-vicente-y-santa-luisa\/#respond"]}]},{"@type":"WebPage","@id":"https:\/\/vincentians.com\/es\/el-puro-amor-en-san-vicente-y-santa-luisa\/","url":"https:\/\/vincentians.com\/es\/el-puro-amor-en-san-vicente-y-santa-luisa\/","name":"El &quot;puro amor&quot; en san Vicente y santa Luisa - Somos Vicencianos","isPartOf":{"@id":"http:\/\/vincentians.com\/es\/#website"},"primaryImageOfPage":{"@id":"https:\/\/vincentians.com\/es\/el-puro-amor-en-san-vicente-y-santa-luisa\/#primaryimage"},"image":{"@id":"https:\/\/vincentians.com\/es\/el-puro-amor-en-san-vicente-y-santa-luisa\/#primaryimage"},"thumbnailUrl":"https:\/\/i0.wp.com\/vincentians.com\/es\/wp-content\/uploads\/sites\/11\/2014\/12\/humility-daughter-of-charity.jpg?fit=1200%2C630&ssl=1","datePublished":"2021-10-21T06:20:53+00:00","breadcrumb":{"@id":"https:\/\/vincentians.com\/es\/el-puro-amor-en-san-vicente-y-santa-luisa\/#breadcrumb"},"inLanguage":"es","potentialAction":[{"@type":"ReadAction","target":["https:\/\/vincentians.com\/es\/el-puro-amor-en-san-vicente-y-santa-luisa\/"]}]},{"@type":"ImageObject","inLanguage":"es","@id":"https:\/\/vincentians.com\/es\/el-puro-amor-en-san-vicente-y-santa-luisa\/#primaryimage","url":"https:\/\/i0.wp.com\/vincentians.com\/es\/wp-content\/uploads\/sites\/11\/2014\/12\/humility-daughter-of-charity.jpg?fit=1200%2C630&ssl=1","contentUrl":"https:\/\/i0.wp.com\/vincentians.com\/es\/wp-content\/uploads\/sites\/11\/2014\/12\/humility-daughter-of-charity.jpg?fit=1200%2C630&ssl=1","width":1200,"height":630},{"@type":"BreadcrumbList","@id":"https:\/\/vincentians.com\/es\/el-puro-amor-en-san-vicente-y-santa-luisa\/#breadcrumb","itemListElement":[{"@type":"ListItem","position":1,"name":"Portada","item":"http:\/\/vincentians.com\/es\/"},{"@type":"ListItem","position":2,"name":"El &quot;puro amor&quot; en san Vicente y santa Luisa"}]},{"@type":"WebSite","@id":"http:\/\/vincentians.com\/es\/#website","url":"http:\/\/vincentians.com\/es\/","name":"Somos Vicencianos","description":"Know more to serve more","publisher":{"@id":"http:\/\/vincentians.com\/es\/#organization"},"potentialAction":[{"@type":"SearchAction","target":{"@type":"EntryPoint","urlTemplate":"http:\/\/vincentians.com\/es\/?s={search_term_string}"},"query-input":{"@type":"PropertyValueSpecification","valueRequired":true,"valueName":"search_term_string"}}],"inLanguage":"es"},{"@type":"Organization","@id":"http:\/\/vincentians.com\/es\/#organization","name":"The Vincentian Network","url":"http:\/\/vincentians.com\/es\/","logo":{"@type":"ImageObject","inLanguage":"es","@id":"http:\/\/vincentians.com\/es\/#\/schema\/logo\/image\/","url":"https:\/\/i1.wp.com\/vincentians.com\/es\/wp-content\/uploads\/sites\/11\/2016\/06\/Vincentian-Network-logo-big.png?fit=778%2C778","contentUrl":"https:\/\/i1.wp.com\/vincentians.com\/es\/wp-content\/uploads\/sites\/11\/2016\/06\/Vincentian-Network-logo-big.png?fit=778%2C778","width":778,"height":778,"caption":"The Vincentian Network"},"image":{"@id":"http:\/\/vincentians.com\/es\/#\/schema\/logo\/image\/"},"sameAs":["https:\/\/www.facebook.com\/WeAreVincentians\/","https:\/\/x.com\/WeVincentians"]},{"@type":"Person","@id":"http:\/\/vincentians.com\/es\/#\/schema\/person\/9623ef4d9aa3b2dfb8c061f1499288f2","name":"Francisco Javier Fern\u00e1ndez Chento","image":{"@type":"ImageObject","inLanguage":"es","@id":"http:\/\/vincentians.com\/es\/#\/schema\/person\/image\/","url":"https:\/\/secure.gravatar.com\/avatar\/497d5cde87b4c3d097d0315953521681ba2cd523ee66e5077c3711f7021e65de?s=96&d=mm&r=g","contentUrl":"https:\/\/secure.gravatar.com\/avatar\/497d5cde87b4c3d097d0315953521681ba2cd523ee66e5077c3711f7021e65de?s=96&d=mm&r=g","caption":"Francisco Javier Fern\u00e1ndez Chento"},"description":"Director General y cofundador de La Red de Formaci\u00f3n Vicenciana. Javier es laico vicenciano, afiliado a la Congregaci\u00f3n de la Misi\u00f3n y miembro del Equipo de Misiones Populares de la provincia can\u00f3nica de Zaragoza (Espa\u00f1a) de la Congregaci\u00f3n de la Misi\u00f3n. Graduado en la Universidad Oberta de Catalunya con cuatro grados (Asistente de direcci\u00f3n, Gesti\u00f3n Administrativa, Recursos Humanos y Contabilidad Avanzada). Bil\u00edng\u00fce Espa\u00f1ol\/Ingl\u00e9s. gestiona y mantiene varias p\u00e1ginas web cristianas y vicencianas, incluida including La Red de Formaci\u00f3n Vicenciana, de la que es cofundador. Actualmente es responsable del \u00e1rea de Espa\u00f1ol de .famvin, la Red de Noticias de la Familia Vicenciana. Tambi\u00e9n es m\u00fasico cat\u00f3lico y ha editado varios discos. Es Director General y cofundador de Trovador, una reconocida compa\u00f1\u00eda discogr\u00e1fica critiana de Espa\u00f1a. Trabaja en las Tecnolog\u00edas de la Informaci\u00f3n, ofreciendo servicios de alojamiento, dise\u00f1o y mantenimiento Web, as\u00ed como asesoramiento, formaci\u00f3n y soluciones inform\u00e1ticas, gesti\u00f3n documental y digitalizaci\u00f3n de textos, edici\u00f3n y maquetaci\u00f3n de libros, revistas, flyers, etc.","sameAs":["http:\/\/chento.org","https:\/\/www.facebook.com\/JavierChento","https:\/\/x.com\/https:\/\/twitter.com\/javierchento"],"url":"https:\/\/vincentians.com\/es\/author\/chento\/"}]}},"jetpack_publicize_connections":[],"jetpack_featured_media_url":"https:\/\/i0.wp.com\/vincentians.com\/es\/wp-content\/uploads\/sites\/11\/2014\/12\/humility-daughter-of-charity.jpg?fit=1200%2C630&ssl=1","jetpack_sharing_enabled":true,"jetpack_shortlink":"https:\/\/wp.me\/p7ETMF-uNH","jetpack-related-posts":[{"id":387225,"url":"https:\/\/vincentians.com\/es\/no-resistir-al-espiritu-santo-para-las-hijas-de-la-caridad-que-van-a-renovar-los-votos\/","url_meta":{"origin":118401,"position":0},"title":"No resistir al Esp\u00edritu Santo: para las Hijas de la Caridad que van a renovar los votos","author":"Francisco Javier Fern\u00e1ndez Chento","date":"25\/03\/2016","format":false,"excerpt":"El hombre al que nada le falta El hombre moderno vive pendiente de la comodidad, de que no le falte nada, y su ideal es tener de todo sin sacrificarse en nada de lo que apetece, si no da\u00f1a a los dem\u00e1s. Esta caracter\u00edstica influye en las Hijas de la\u2026","rel":"","context":"En \u00abHijas de la Caridad\u00bb","block_context":{"text":"Hijas de la Caridad","link":"https:\/\/vincentians.com\/es\/category\/la-familia-vicenciana\/ramas\/hijas-de-la-caridad\/"},"img":{"alt_text":"renovacion","src":"https:\/\/i0.wp.com\/vicencianos.org\/wp-content\/uploads\/2016\/03\/renovacion.jpg?resize=350%2C200","width":350,"height":200,"srcset":"https:\/\/i0.wp.com\/vicencianos.org\/wp-content\/uploads\/2016\/03\/renovacion.jpg?resize=350%2C200 1x, https:\/\/i0.wp.com\/vicencianos.org\/wp-content\/uploads\/2016\/03\/renovacion.jpg?resize=525%2C300 1.5x, https:\/\/i0.wp.com\/vicencianos.org\/wp-content\/uploads\/2016\/03\/renovacion.jpg?resize=700%2C400 2x, https:\/\/i0.wp.com\/vicencianos.org\/wp-content\/uploads\/2016\/03\/renovacion.jpg?resize=1050%2C600 3x"},"classes":[]},{"id":387367,"url":"https:\/\/vincentians.com\/es\/la-provincia-espanola-de-las-hijas-de-la-caridad-preambulo\/","url_meta":{"origin":118401,"position":1},"title":"La Provincia espa\u00f1ola de las Hijas de la Caridad (Pre\u00e1mbulo)","author":"Mitxel Olabu\u00e9naga","date":"25\/04\/2016","format":false,"excerpt":"Or\u00edgenes de las Hijas de la Caridad. Corr\u00eda el primer tercio del siglo XVII y San Vicente de Pa\u00fal, cual otro Mois\u00e9s, hab\u00eda querido ya con la vara m\u00e1gica de su caridad, la fr\u00eda roca del egoismo de aquella sociedad tan olvidada de los pobres. Un r\u00edo de misericordia se\u2026","rel":"","context":"En \u00abHistoria de las Hijas de la Caridad\u00bb","block_context":{"text":"Historia de las Hijas de la Caridad","link":"https:\/\/vincentians.com\/es\/category\/historia-de-la-familia-vicenciana\/historia-de-las-hijas-de-la-caridad\/"},"img":{"alt_text":"","src":"https:\/\/i0.wp.com\/vincentians.com\/es\/wp-content\/uploads\/sites\/11\/2016\/07\/hijas-caridad-espanya.jpg?fit=1200%2C630&ssl=1&resize=350%2C200","width":350,"height":200,"srcset":"https:\/\/i0.wp.com\/vincentians.com\/es\/wp-content\/uploads\/sites\/11\/2016\/07\/hijas-caridad-espanya.jpg?fit=1200%2C630&ssl=1&resize=350%2C200 1x, https:\/\/i0.wp.com\/vincentians.com\/es\/wp-content\/uploads\/sites\/11\/2016\/07\/hijas-caridad-espanya.jpg?fit=1200%2C630&ssl=1&resize=525%2C300 1.5x, https:\/\/i0.wp.com\/vincentians.com\/es\/wp-content\/uploads\/sites\/11\/2016\/07\/hijas-caridad-espanya.jpg?fit=1200%2C630&ssl=1&resize=700%2C400 2x, https:\/\/i0.wp.com\/vincentians.com\/es\/wp-content\/uploads\/sites\/11\/2016\/07\/hijas-caridad-espanya.jpg?fit=1200%2C630&ssl=1&resize=1050%2C600 3x"},"classes":[]},{"id":130259,"url":"https:\/\/vincentians.com\/es\/un-perfil-heroico-santa-luisa-de-marillac-06\/","url_meta":{"origin":118401,"position":2},"title":"Un perfil heroico: santa Luisa de Marillac (06)","author":"Francisco Javier Fern\u00e1ndez Chento","date":"28\/02\/2015","format":false,"excerpt":"ESOS que est\u00e1n cubiertos de blancas vestiduras, \u00bfqui\u00e9nes son y de d\u00f3nde han venido? (Apocalipsis, VII.) VICENTE de Pa\u00fal ha sido uno de los mayores dones que la ca\u00adridad y la misericordiosa de Dios han concedido al mundo. Su santidad personal es tan atrayente, tan humana, tan digna de imitaci\u00f3n\u2026","rel":"","context":"En \u00abLuisa de Marillac\u00bb","block_context":{"text":"Luisa de Marillac","link":"https:\/\/vincentians.com\/es\/category\/la-familia-vicenciana\/fundadores\/luisa-de-marillac\/"},"img":{"alt_text":"OLYMPUS DIGITAL CAMERA","src":"https:\/\/i0.wp.com\/vicencianos.org\/wp-content\/2014\/04\/louise-marillac-300x248.jpg?resize=350%2C200","width":350,"height":200},"classes":[]},{"id":130265,"url":"https:\/\/vincentians.com\/es\/un-perfil-heroico-santa-luisa-de-marillac-09\/","url_meta":{"origin":118401,"position":3},"title":"Un perfil heroico: santa Luisa de Marillac (09)","author":"Francisco Javier Fern\u00e1ndez Chento","date":"03\/03\/2015","format":false,"excerpt":"EL Se\u00f1or echar\u00e1 la bendici\u00f3n sobre todas las obras de tus manos. (Deuteronomio, XXVIII.) LOS territorios que primero visit\u00f3 Santa Luisa en sus funcio\u00adnes de caridad fueron los establecidos en los dominios de la casa de Gondi, en Montmirail. En su porte distinguido podr\u00eda adivinarse algo de la belleza delicada\u2026","rel":"","context":"En \u00abLuisa de Marillac\u00bb","block_context":{"text":"Luisa de Marillac","link":"https:\/\/vincentians.com\/es\/category\/la-familia-vicenciana\/fundadores\/luisa-de-marillac\/"},"img":{"alt_text":"OLYMPUS DIGITAL CAMERA","src":"https:\/\/i0.wp.com\/vicencianos.org\/wp-content\/2014\/04\/louise-marillac-300x248.jpg?resize=350%2C200","width":350,"height":200},"classes":[]},{"id":116383,"url":"https:\/\/vincentians.com\/es\/bibliografia-vicenciana-1960-1970-en-torno-a-la-espiritualidad-de-san-vicente\/","url_meta":{"origin":118401,"position":4},"title":"Bibliograf\u00eda Vicenciana 1960-1970 en torno a la espiritualidad de San Vicente","author":"Francisco Javier Fern\u00e1ndez Chento","date":"29\/07\/2021","format":false,"excerpt":"Lo que antes se llamaba Asc\u00e9tica y M\u00edstica, hoy se llama com\u00fanmen\u00adte Espiritualidad. Es una palabra tra\u00edda de Francia, como tantas otras, que tambi\u00e9n han hecho fortuna, m\u00e1s por moda que por convencimiento. As\u00ed se bautizan los tratados de Historia, desde Pourrat (1926) hasta Bouyer-Vandenbroucke (1963). El recomendar tan insistentemente\u2026","rel":"","context":"En \u00abFormaci\u00f3n Vicenciana\u00bb","block_context":{"text":"Formaci\u00f3n Vicenciana","link":"https:\/\/vincentians.com\/es\/category\/formacion-vicenciana\/"},"img":{"alt_text":"","src":"https:\/\/i0.wp.com\/vincentians.com\/es\/wp-content\/uploads\/sites\/11\/2015\/02\/St_Vincent_De_Paul_-bible-1.jpg?fit=1200%2C630&ssl=1&resize=350%2C200","width":350,"height":200,"srcset":"https:\/\/i0.wp.com\/vincentians.com\/es\/wp-content\/uploads\/sites\/11\/2015\/02\/St_Vincent_De_Paul_-bible-1.jpg?fit=1200%2C630&ssl=1&resize=350%2C200 1x, https:\/\/i0.wp.com\/vincentians.com\/es\/wp-content\/uploads\/sites\/11\/2015\/02\/St_Vincent_De_Paul_-bible-1.jpg?fit=1200%2C630&ssl=1&resize=525%2C300 1.5x, https:\/\/i0.wp.com\/vincentians.com\/es\/wp-content\/uploads\/sites\/11\/2015\/02\/St_Vincent_De_Paul_-bible-1.jpg?fit=1200%2C630&ssl=1&resize=700%2C400 2x, https:\/\/i0.wp.com\/vincentians.com\/es\/wp-content\/uploads\/sites\/11\/2015\/02\/St_Vincent_De_Paul_-bible-1.jpg?fit=1200%2C630&ssl=1&resize=1050%2C600 3x"},"classes":[]},{"id":128927,"url":"https:\/\/vincentians.com\/es\/santa-luisa-de-marillac-una-mujer-para-nuestro-tiempo\/","url_meta":{"origin":118401,"position":5},"title":"Santa Luisa de Marillac, una mujer para nuestro tiempo","author":"Francisco Javier Fern\u00e1ndez Chento","date":"09\/05\/2025","format":false,"excerpt":"\"Hoy m\u00e1s que nunca , necesitamos, para vivir en esperanza, mirar las estrellas\" E. Tarac\u00f2n. Luisa de Marillac ha sido, es y sigue siendo en la Iglesia una estrella de primera magnitud por la luminosidad de su vida espiritual, por el brillo de su caridad y por el equilibrio y\u2026","rel":"","context":"En \u00abLuisa de Marillac\u00bb","block_context":{"text":"Luisa de Marillac","link":"https:\/\/vincentians.com\/es\/category\/la-familia-vicenciana\/fundadores\/luisa-de-marillac\/"},"img":{"alt_text":"","src":"https:\/\/i0.wp.com\/vincentians.com\/es\/wp-content\/uploads\/sites\/11\/2017\/10\/hijas-caridad1.jpg?fit=846%2C446&ssl=1&resize=350%2C200","width":350,"height":200,"srcset":"https:\/\/i0.wp.com\/vincentians.com\/es\/wp-content\/uploads\/sites\/11\/2017\/10\/hijas-caridad1.jpg?fit=846%2C446&ssl=1&resize=350%2C200 1x, https:\/\/i0.wp.com\/vincentians.com\/es\/wp-content\/uploads\/sites\/11\/2017\/10\/hijas-caridad1.jpg?fit=846%2C446&ssl=1&resize=525%2C300 1.5x, https:\/\/i0.wp.com\/vincentians.com\/es\/wp-content\/uploads\/sites\/11\/2017\/10\/hijas-caridad1.jpg?fit=846%2C446&ssl=1&resize=700%2C400 2x"},"classes":[]}],"_links":{"self":[{"href":"https:\/\/vincentians.com\/es\/wp-json\/wp\/v2\/posts\/118401","targetHints":{"allow":["GET"]}}],"collection":[{"href":"https:\/\/vincentians.com\/es\/wp-json\/wp\/v2\/posts"}],"about":[{"href":"https:\/\/vincentians.com\/es\/wp-json\/wp\/v2\/types\/post"}],"author":[{"embeddable":true,"href":"https:\/\/vincentians.com\/es\/wp-json\/wp\/v2\/users\/4"}],"replies":[{"embeddable":true,"href":"https:\/\/vincentians.com\/es\/wp-json\/wp\/v2\/comments?post=118401"}],"version-history":[{"count":1,"href":"https:\/\/vincentians.com\/es\/wp-json\/wp\/v2\/posts\/118401\/revisions"}],"predecessor-version":[{"id":403710,"href":"https:\/\/vincentians.com\/es\/wp-json\/wp\/v2\/posts\/118401\/revisions\/403710"}],"wp:featuredmedia":[{"embeddable":true,"href":"https:\/\/vincentians.com\/es\/wp-json\/wp\/v2\/media\/150279"}],"wp:attachment":[{"href":"https:\/\/vincentians.com\/es\/wp-json\/wp\/v2\/media?parent=118401"}],"wp:term":[{"taxonomy":"category","embeddable":true,"href":"https:\/\/vincentians.com\/es\/wp-json\/wp\/v2\/categories?post=118401"},{"taxonomy":"post_tag","embeddable":true,"href":"https:\/\/vincentians.com\/es\/wp-json\/wp\/v2\/tags?post=118401"}],"curies":[{"name":"wp","href":"https:\/\/api.w.org\/{rel}","templated":true}]}}