{"id":118295,"date":"2022-03-27T08:06:04","date_gmt":"2022-03-27T06:06:04","guid":{"rendered":"http:\/\/somos.vicencianos.org\/?p=118295"},"modified":"2022-02-12T12:43:51","modified_gmt":"2022-02-12T11:43:51","slug":"una-figura-discutida-el-p-vicente-lebbe","status":"publish","type":"post","link":"https:\/\/vincentians.com\/es\/una-figura-discutida-el-p-vicente-lebbe\/","title":{"rendered":"Una figura discutida: el P. Vicente Lebbe, C.M. (III)"},"content":{"rendered":"<h2>\u00daltimas actividades del P. Lebee<\/h2>\n<p>Despu\u00e9s de la consagraci\u00f3n de los seis Obispos chinos en Roma el 28 de octubre de 1926, el P. Lebbe suplic\u00f3 a Mons. Soun que le admitiese en su Vicariato de Nan-Kuo. Al Obispo no le interesaba semejante misionero, que tan\u00adtas perturbaciones hab\u00eda causado en las Misiones del Nor\u00adte. Pero presionado reiteradas veces por altas personalida<sup>\u00ad<\/sup>des, Mons. Soun cedi\u00f3. Y en la primavera de 1927, unos meses despu\u00e9s que el propio Mons. Soun, el P. Lebbe volv\u00eda a China.<\/p>\n<p>Uno de los primeros pasos del P. Lebbe fue el de adoptar la nacionalidad china. A partir de ese momento goz\u00f3 de plena libertad. Con total independencia y sin autoriza\u00adci\u00f3n alguna empez\u00f3 a desplazarse con frecuencia fuera de su Vicariato.<\/p>\n<p>Bien pronto pudo comprobarse que sus viajes ten\u00edan por fin el de buscar y reunir j\u00f3venes cristianos de buena voluntad con los que formar una comunidad de hombres a la que dar\u00eda el nombre de \u00abHermanitos de San Juan Bau\u00adtista\u00bb. M\u00e1s tarde formar\u00eda otra comunidad femenina: las \u00abTeresianas\u00bb.<\/p>\n<p>La primera instituci\u00f3n de religiosas ind\u00edgenas, las Hermanas de San Jos\u00e9 o \u00abJosefinas\u00bb, fundadas por Mons. Delaplace en 1872, hab\u00eda sido imitada no s\u00f3lo por los Obis\u00adpos Pa\u00fales, sino por un gran n\u00famero de jefes de Misi\u00f3n. As\u00ed hab\u00edan ido surgiendo en los diversos Vicariatos Co\u00admunidades religiosas chinas con reglas pr\u00e1cticamente id\u00e9nticas a las de las Josefinas. Estaba, pues, comproba\u00addo que a poco que se las fomentase, las vocaciones religio\u00adsas femeninas eran abundantes entre los fieles.<\/p>\n<p>\u00bfPodr\u00eda decirse lo mismo de las vocaciones masculinas? Es necesario ante todo tener en cuenta que los Vicarios Apost\u00f3licos, religiosos en su mayor parte, no ve\u00edan nece\u00adsidad de m\u00e1s Hermanos religiosos que los coadjutores, que en todas las religiones clericales son auxiliares de los misioneros. Cuando los Hermanos extranjeros no eran su\u00adficientes formaban en su Noviciado provincial a j\u00f3venes que se sent\u00edan llamados a esa vocaci\u00f3n de entrega y sa\u00adcrificio. Pero su n\u00famero se limitaba siempre a las necesi\u00addades de las respectivas Misiones. La principal preocupa\u00adci\u00f3n de los Obispos era el reclutamiento de vocaciones sacerdotales, y, al mismo tiempo, facilitar a los semina\u00adristas su entrada en las Congregaciones religiosas cleri\u00adcales.<\/p>\n<p>Por otra parte, los dos \u00fanicos monasterios de religio\u00adsos de vida contemplativa, los de Nuestra Se\u00f1ora de la Consolaci\u00f3n y Nuestra Se\u00f1ora de Liesse, hab\u00edan probado que el monaquismo era agradable a los chinos. Ambos dispon\u00edan, en efecto, de numerosas vocaciones.<\/p>\n<p>El P. Lebbe emprend\u00eda una obra muy hermosa. Su en\u00adtusiasmo, su elocuencia persuasiva le facilitaron la tarea entre las almas rectas. No hay duda de que muchos j\u00f3\u00advenes de ambos sexos encontraron en esas dos sociedades la realizaci\u00f3n de los ideales de perfecci\u00f3n y total entrega que su fe les hab\u00eda inspirado. Por su parte, el fundador se dedic\u00f3 con toda el alma a su formaci\u00f3n. Dej\u00f3 de usar la larga pipa de los letrados que hasta entonces hab\u00eda lle\u00advado y se entreg\u00f3 a la fiel observancia de la regla que \u00e9l mismo hab\u00eda elaborado.<\/p>\n<p>Solicit\u00f3 por los cauces legales la dispensa de los votos perpetuos de la Congregaci\u00f3n. Y como desde hac\u00eda mucho tiempo viv\u00eda por completo al margen de todo control de los Superiores, \u00e9stos se la concedieron de muy buena gana el 11 de julio de 1934.<\/p>\n<p>Si el P. Lebbe se hubiera limitado a su obra, habr\u00eda po\u00addido hacer un gran bien. Pero vino la guerra chino-japo\u00adnesa. A Lebbe se le ocurri\u00f3 entonces que deb\u00eda intervenir en ella con su reba\u00f1o, tomando parte activa en la defen\u00adsa del pa\u00eds, o mejor, de su pa\u00eds&#8230; Resulta dif\u00edcil y doloro\u00adso comprender a qu\u00e9 extremos puede conducir una ima\u00adginaci\u00f3n desbocada. Desde la primera semana del conflic\u00adto se apoder\u00f3 de \u00e9l la convicci\u00f3n de que su deber de sacer\u00addote le obligaba a ser la cabeza visible de un movimiento patri\u00f3tico. El 18 de julio de 1937 reuni\u00f3 a los Hermani\u00adtos para decirles que la \u00fanica preocupaci\u00f3n deb\u00eda ser en adelante la de servir a la patria. Todos los que no tuvie\u00adran en el monasterio un quehacer inaplazable, le acom\u00adpa\u00f1ar\u00edan al ej\u00e9rcito. Los novicios ir\u00edan al Shansi, lejos del frente, para continuar su formaci\u00f3n hasta el momento en que estuvieran preparados para reforzar el Cuerpo de ca\u00admilleros. Si a\u00fan se hubiese limitado a prestar ese hermoso oficio de camilleros a los heridos de guerra&#8230;<\/p>\n<p>Pero fu\u00e9 m\u00e1s all\u00e1: al a\u00f1o siguiente, mientras se halla\u00adba en el Shansi, organiz\u00f3 entre los cristianos de la regi\u00f3n un Cuerpo de francotiradores de m\u00e1s de 500 combatien\u00adtes. Acompa\u00f1ados en cada grupo por algunos Hermanitos, ten\u00edan como misi\u00f3n hostilizar a los japoneses en los pasos monta\u00f1osos. El P. Raimundo de Jaegher, sacerdote belga de la Sociedad de Misioneros fundada por el P. Boland con el fin de trabajar bajo la direcci\u00f3n de los Obispos chi\u00adnos, era el coronel de aquel ej\u00e9rcito.<\/p>\n<p>No nos entretendremos en relatar las peripecias de aquella aventura. Citemos simplemente una p\u00e1gina de la \u00abVida del P. Lebbe\u00bb, de Leclerc:<\/p>\n<p>\u00abEl P. Lebbe se sinti\u00f3 herido muchas veces por la actitud de muchos misioneros e incluso de algunos Obispos. Mientras \u00e9l se dedicaba a demostrar por todos los me\u2011<br \/>\ndios que el catolicismo era la m\u00e1s s\u00f3lida defensa de la patria, mientras ordenaba a los suyos sostener la moral de \u00a0los soldados, formar al pueblo en el sano patriotismo y consolar a los refugiados, la \u00fanica preocupaci\u00f3n de muchos misioneros y de bastantes Obispos era no compro\u00admeterse.<\/p>\n<p>A fin de cuentas, les era indiferente que China fuese gobernada por los chinos o por los japoneses. Aquella gue\u00adrra no era la suya: ellos hab\u00edan venido a China a predi\u00adcar el Evangelio, no a hacer pol\u00edtica\u00bb.<\/p>\n<p>\u00bfHan le\u00eddo bien?&#8230; Estos ingenuos misioneros hab\u00edan venido a China a predicar el Evangelio,, no a hacer pol\u00ed\u00adtica. En cambio, el P. Lebbe hab\u00eda venido a hacer pol\u00edtica. Es la verdad. Nunca hizo otra cosa, a despecho de todos los Papas, que sin cesar han prohibido a los misioneros de todos los pa\u00edses intervenir en la pol\u00edtica y les han or\u00addenado una y otra vez no predicar sino el Evangelio.<\/p>\n<p>M\u00e1s abajo, en la misma p\u00e1gina, Leclerc escribe: \u00abEl P. Lebbe escribi\u00f3 al Delegado Apost\u00f3lico repitiendo lo que veinte a\u00f1os antes le hab\u00eda dicho a Mons. Reynaud. Pero tambi\u00e9n el Delegado Apost\u00f3lico se preocupaba de preparar el futuro&#8230; Se limit\u00f3 a recomendar que se rezase por la salvaci\u00f3n de China y que se trabajase mancomunadamente por aliviar los infortunios&#8230;<\/p>\n<p>Siempre la misma cuesti\u00f3n. La capacidad de indignaci\u00f3n del P. Lebbe permanec\u00eda tan fresca como en su ju\u00adventud\u00bb.<\/p>\n<p>iLa indignaci\u00f3n del P. Lebbe ante la conducta del en\u00adviado directo del Papa P\u00edo XI! El autor de la apolog\u00eda pa\u00adrt ce pasmarse ante este genial misionero que ve los problemas de la evangelizaci\u00f3n con m\u00e1s claridad que el Papa y tonos sus delegados.<\/p>\n<p>Efectivamente, desde el principio de la guerra, Monse\u00f1or Zanin hab\u00eda advertido a los misioneros de China lo tomasen partido por ninguno de los bandos. Como<br \/>\nsi a de suponer, el P. Lebbe hizo caso omiso de esta advertencia. El estaba muy por encima de iniciativas tan miedosas.<\/p>\n<p>No hemos citado m\u00e1s que una de las 347 p\u00e1ginas que empollen el libro de Leclerc. Pero basta para demostrar que la gran mayor\u00eda de los misioneros de China ten\u00eda raz\u00f3n al reprobar las maniobras de este misionero que de\u00adnigr\u00f3 todo lo que le fue posible la gran obra de los mi\u00adsioneros que le precedieron o coincidieron con \u00e9l en la evangelizaci\u00f3n de China.<\/p>\n<p>Pero, hay que decirlo, el P. Lebbe sufri\u00f3 mucho en sus \u00faltimos a\u00f1os. En una ocasi\u00f3n, doce de sus Hermanos fue\u00adron detenidos, torturados y asesinados, sin que pueda de\u00adcirse si los autores de estas atrocidades fueron japoneses o guerrilleros rojos. El mismo fue maltratado hasta el pun\u00adto de que su salud se resinti\u00f3 gravemente. Gracias a Mon\u00adse\u00f1or Yu Pin, Vicario Apost\u00f3lico de Nank\u00edn, y al Presi\u00addente Chiang Kai Chek fue trasladado en avi\u00f3n a Chun\u00adKing, residencia del Gobierno durante la guerra. All\u00ed mu\u00adri\u00f3 el 24 de junio de 1940, despu\u00e9s de haber recibido los \u00faltimos sacramentos, seg\u00fan escriben los testigos de su fa\u00adllecimiento, muy escasos por otra parte.<\/p>\n<p>Surge aqu\u00ed una duda importante. Pocos meses despu\u00e9s de su muerte corri\u00f3 el rumor de que el P. Lebbe se hab\u00eda retractado antes de morir y hab\u00eda reconocido sus erro\u00adres&#8230; Si ello es verdad, si de hecho confes\u00f3 p\u00fablicamente sus faltas, por restringido que fuera el n\u00famero de testigos, todo habr\u00eda concluido del mejor modo posible. \u00abErrare humanum est\u00bb. Pero ah\u00ed est\u00e1 el problema: \u00bfSe retract\u00f3 de verdad? \u00bfReconoci\u00f3 sus faltas? Mons. Zanin se lo asegu\u00adr\u00f3 as\u00ed a Mons. Deymier, Arzobispo de Hanchow. Otros tes\u00adtimonios confirman esta creencia. Entonces podemos de\u00adducir dos conclusiones importantes:<\/p>\n<ol>\n<li>Reprobaci\u00f3n sin paliativos de ciertos m\u00e9todos y ciertas actitudes extremistas del P. Lebbe,<\/li>\n<li>Derrumbamiento del mito que se ha querido crear de \u00abLebbe o el misionero modelo\u00bb.<\/li>\n<\/ol>\n","protected":false},"excerpt":{"rendered":"<p>\u00daltimas actividades del P. Lebee Despu\u00e9s de la consagraci\u00f3n de los seis Obispos chinos en Roma el 28 de octubre de 1926, el P. Lebbe suplic\u00f3 a Mons. Soun que le admitiese en su Vicariato &#8230; <a href=\"https:\/\/vincentians.com\/es\/una-figura-discutida-el-p-vicente-lebbe\/\" class=\"more-link\">Read More<\/a><\/p>\n","protected":false},"author":5,"featured_media":391249,"comment_status":"open","ping_status":"open","sticky":false,"template":"","format":"standard","meta":{"jetpack_post_was_ever_published":false,"_jetpack_newsletter_access":"","_jetpack_dont_email_post_to_subs":false,"_jetpack_newsletter_tier_id":0,"_jetpack_memberships_contains_paywalled_content":false,"_jetpack_memberships_contains_paid_content":false,"footnotes":"","jetpack_publicize_message":"","jetpack_publicize_feature_enabled":true,"jetpack_social_post_already_shared":true,"jetpack_social_options":{"image_generator_settings":{"template":"highway","default_image_id":0,"font":"","enabled":false},"version":2}},"categories":[19],"tags":[],"class_list":["post-118295","post","type-post","status-publish","format-standard","has-post-thumbnail","hentry","category-biografias-de-misioneros-paules"],"yoast_head":"<!-- This site is optimized with the Yoast SEO plugin v26.3 - https:\/\/yoast.com\/wordpress\/plugins\/seo\/ -->\n<title>Una figura discutida: el P. Vicente Lebbe, C.M. (III) - Somos Vicencianos<\/title>\n<meta name=\"robots\" content=\"index, follow, max-snippet:-1, max-image-preview:large, max-video-preview:-1\" \/>\n<link rel=\"canonical\" href=\"https:\/\/vincentians.com\/es\/una-figura-discutida-el-p-vicente-lebbe\/\" \/>\n<meta property=\"og:locale\" content=\"es_ES\" \/>\n<meta property=\"og:type\" content=\"article\" \/>\n<meta property=\"og:title\" content=\"Una figura discutida: el P. Vicente Lebbe, C.M. (III) - Somos Vicencianos\" \/>\n<meta property=\"og:description\" content=\"\u00daltimas actividades del P. Lebee Despu\u00e9s de la consagraci\u00f3n de los seis Obispos chinos en Roma el 28 de octubre de 1926, el P. Lebbe suplic\u00f3 a Mons. Soun que le admitiese en su Vicariato ... Read More\" \/>\n<meta property=\"og:url\" content=\"https:\/\/vincentians.com\/es\/una-figura-discutida-el-p-vicente-lebbe\/\" \/>\n<meta property=\"og:site_name\" content=\"Somos Vicencianos\" \/>\n<meta property=\"article:publisher\" content=\"https:\/\/www.facebook.com\/WeAreVincentians\/\" \/>\n<meta property=\"article:published_time\" content=\"2022-03-27T06:06:04+00:00\" \/>\n<meta property=\"og:image\" content=\"https:\/\/i0.wp.com\/vincentians.com\/es\/wp-content\/uploads\/sites\/11\/2016\/07\/bio-cm.jpg?fit=1200%2C630&ssl=1\" \/>\n\t<meta property=\"og:image:width\" content=\"1200\" \/>\n\t<meta property=\"og:image:height\" content=\"630\" \/>\n\t<meta property=\"og:image:type\" content=\"image\/jpeg\" \/>\n<meta name=\"author\" content=\"Mitxel Olabu\u00e9naga\" \/>\n<meta name=\"twitter:card\" content=\"summary_large_image\" \/>\n<meta name=\"twitter:creator\" content=\"@WeVincentians\" \/>\n<meta name=\"twitter:site\" content=\"@WeVincentians\" \/>\n<meta name=\"twitter:label1\" content=\"Escrito por\" \/>\n\t<meta name=\"twitter:data1\" content=\"Mitxel Olabu\u00e9naga\" \/>\n\t<meta name=\"twitter:label2\" content=\"Tiempo de lectura\" \/>\n\t<meta name=\"twitter:data2\" content=\"8 minutos\" \/>\n<script type=\"application\/ld+json\" class=\"yoast-schema-graph\">{\"@context\":\"https:\/\/schema.org\",\"@graph\":[{\"@type\":\"Article\",\"@id\":\"https:\/\/vincentians.com\/es\/una-figura-discutida-el-p-vicente-lebbe\/#article\",\"isPartOf\":{\"@id\":\"https:\/\/vincentians.com\/es\/una-figura-discutida-el-p-vicente-lebbe\/\"},\"author\":{\"name\":\"Mitxel Olabu\u00e9naga\",\"@id\":\"https:\/\/vincentians.com\/es\/#\/schema\/person\/7c2670b4445a7ca9d164ea6acdb31859\"},\"headline\":\"Una figura discutida: el P. Vicente Lebbe, C.M. (III)\",\"datePublished\":\"2022-03-27T06:06:04+00:00\",\"mainEntityOfPage\":{\"@id\":\"https:\/\/vincentians.com\/es\/una-figura-discutida-el-p-vicente-lebbe\/\"},\"wordCount\":1639,\"commentCount\":1,\"publisher\":{\"@id\":\"https:\/\/vincentians.com\/es\/#organization\"},\"image\":{\"@id\":\"https:\/\/vincentians.com\/es\/una-figura-discutida-el-p-vicente-lebbe\/#primaryimage\"},\"thumbnailUrl\":\"https:\/\/i0.wp.com\/vincentians.com\/es\/wp-content\/uploads\/sites\/11\/2016\/07\/bio-cm.jpg?fit=1200%2C630&ssl=1\",\"articleSection\":[\"Biograf\u00edas de Misioneros Pa\u00fales\"],\"inLanguage\":\"es\",\"potentialAction\":[{\"@type\":\"CommentAction\",\"name\":\"Comment\",\"target\":[\"https:\/\/vincentians.com\/es\/una-figura-discutida-el-p-vicente-lebbe\/#respond\"]}]},{\"@type\":\"WebPage\",\"@id\":\"https:\/\/vincentians.com\/es\/una-figura-discutida-el-p-vicente-lebbe\/\",\"url\":\"https:\/\/vincentians.com\/es\/una-figura-discutida-el-p-vicente-lebbe\/\",\"name\":\"Una figura discutida: el P. Vicente Lebbe, C.M. (III) - Somos Vicencianos\",\"isPartOf\":{\"@id\":\"https:\/\/vincentians.com\/es\/#website\"},\"primaryImageOfPage\":{\"@id\":\"https:\/\/vincentians.com\/es\/una-figura-discutida-el-p-vicente-lebbe\/#primaryimage\"},\"image\":{\"@id\":\"https:\/\/vincentians.com\/es\/una-figura-discutida-el-p-vicente-lebbe\/#primaryimage\"},\"thumbnailUrl\":\"https:\/\/i0.wp.com\/vincentians.com\/es\/wp-content\/uploads\/sites\/11\/2016\/07\/bio-cm.jpg?fit=1200%2C630&ssl=1\",\"datePublished\":\"2022-03-27T06:06:04+00:00\",\"breadcrumb\":{\"@id\":\"https:\/\/vincentians.com\/es\/una-figura-discutida-el-p-vicente-lebbe\/#breadcrumb\"},\"inLanguage\":\"es\",\"potentialAction\":[{\"@type\":\"ReadAction\",\"target\":[\"https:\/\/vincentians.com\/es\/una-figura-discutida-el-p-vicente-lebbe\/\"]}]},{\"@type\":\"ImageObject\",\"inLanguage\":\"es\",\"@id\":\"https:\/\/vincentians.com\/es\/una-figura-discutida-el-p-vicente-lebbe\/#primaryimage\",\"url\":\"https:\/\/i0.wp.com\/vincentians.com\/es\/wp-content\/uploads\/sites\/11\/2016\/07\/bio-cm.jpg?fit=1200%2C630&ssl=1\",\"contentUrl\":\"https:\/\/i0.wp.com\/vincentians.com\/es\/wp-content\/uploads\/sites\/11\/2016\/07\/bio-cm.jpg?fit=1200%2C630&ssl=1\",\"width\":1200,\"height\":630},{\"@type\":\"BreadcrumbList\",\"@id\":\"https:\/\/vincentians.com\/es\/una-figura-discutida-el-p-vicente-lebbe\/#breadcrumb\",\"itemListElement\":[{\"@type\":\"ListItem\",\"position\":1,\"name\":\"Portada\",\"item\":\"https:\/\/vincentians.com\/es\/\"},{\"@type\":\"ListItem\",\"position\":2,\"name\":\"Una figura discutida: el P. Vicente Lebbe, C.M. (III)\"}]},{\"@type\":\"WebSite\",\"@id\":\"https:\/\/vincentians.com\/es\/#website\",\"url\":\"https:\/\/vincentians.com\/es\/\",\"name\":\"Somos Vicencianos\",\"description\":\"Know more to serve more\",\"publisher\":{\"@id\":\"https:\/\/vincentians.com\/es\/#organization\"},\"potentialAction\":[{\"@type\":\"SearchAction\",\"target\":{\"@type\":\"EntryPoint\",\"urlTemplate\":\"https:\/\/vincentians.com\/es\/?s={search_term_string}\"},\"query-input\":{\"@type\":\"PropertyValueSpecification\",\"valueRequired\":true,\"valueName\":\"search_term_string\"}}],\"inLanguage\":\"es\"},{\"@type\":\"Organization\",\"@id\":\"https:\/\/vincentians.com\/es\/#organization\",\"name\":\"The Vincentian Network\",\"url\":\"https:\/\/vincentians.com\/es\/\",\"logo\":{\"@type\":\"ImageObject\",\"inLanguage\":\"es\",\"@id\":\"https:\/\/vincentians.com\/es\/#\/schema\/logo\/image\/\",\"url\":\"https:\/\/i1.wp.com\/vincentians.com\/es\/wp-content\/uploads\/sites\/11\/2016\/06\/Vincentian-Network-logo-big.png?fit=778%2C778\",\"contentUrl\":\"https:\/\/i1.wp.com\/vincentians.com\/es\/wp-content\/uploads\/sites\/11\/2016\/06\/Vincentian-Network-logo-big.png?fit=778%2C778\",\"width\":778,\"height\":778,\"caption\":\"The Vincentian Network\"},\"image\":{\"@id\":\"https:\/\/vincentians.com\/es\/#\/schema\/logo\/image\/\"},\"sameAs\":[\"https:\/\/www.facebook.com\/WeAreVincentians\/\",\"https:\/\/x.com\/WeVincentians\"]},{\"@type\":\"Person\",\"@id\":\"https:\/\/vincentians.com\/es\/#\/schema\/person\/7c2670b4445a7ca9d164ea6acdb31859\",\"name\":\"Mitxel Olabu\u00e9naga\",\"image\":{\"@type\":\"ImageObject\",\"inLanguage\":\"es\",\"@id\":\"https:\/\/vincentians.com\/es\/#\/schema\/person\/image\/\",\"url\":\"https:\/\/secure.gravatar.com\/avatar\/34137ec2e2b8939cbbed975731e71f3f4f1defc7266ded337a5ce0f925426877?s=96&d=mm&r=g\",\"contentUrl\":\"https:\/\/secure.gravatar.com\/avatar\/34137ec2e2b8939cbbed975731e71f3f4f1defc7266ded337a5ce0f925426877?s=96&d=mm&r=g\",\"caption\":\"Mitxel Olabu\u00e9naga\"},\"url\":\"https:\/\/vincentians.com\/es\/author\/mitxel\/\"}]}<\/script>\n<!-- \/ Yoast SEO plugin. -->","yoast_head_json":{"title":"Una figura discutida: el P. Vicente Lebbe, C.M. (III) - Somos Vicencianos","robots":{"index":"index","follow":"follow","max-snippet":"max-snippet:-1","max-image-preview":"max-image-preview:large","max-video-preview":"max-video-preview:-1"},"canonical":"https:\/\/vincentians.com\/es\/una-figura-discutida-el-p-vicente-lebbe\/","og_locale":"es_ES","og_type":"article","og_title":"Una figura discutida: el P. Vicente Lebbe, C.M. (III) - Somos Vicencianos","og_description":"\u00daltimas actividades del P. Lebee Despu\u00e9s de la consagraci\u00f3n de los seis Obispos chinos en Roma el 28 de octubre de 1926, el P. Lebbe suplic\u00f3 a Mons. Soun que le admitiese en su Vicariato ... Read More","og_url":"https:\/\/vincentians.com\/es\/una-figura-discutida-el-p-vicente-lebbe\/","og_site_name":"Somos Vicencianos","article_publisher":"https:\/\/www.facebook.com\/WeAreVincentians\/","article_published_time":"2022-03-27T06:06:04+00:00","og_image":[{"width":1200,"height":630,"url":"https:\/\/i0.wp.com\/vincentians.com\/es\/wp-content\/uploads\/sites\/11\/2016\/07\/bio-cm.jpg?fit=1200%2C630&ssl=1","type":"image\/jpeg"}],"author":"Mitxel Olabu\u00e9naga","twitter_card":"summary_large_image","twitter_creator":"@WeVincentians","twitter_site":"@WeVincentians","twitter_misc":{"Escrito por":"Mitxel Olabu\u00e9naga","Tiempo de lectura":"8 minutos"},"schema":{"@context":"https:\/\/schema.org","@graph":[{"@type":"Article","@id":"https:\/\/vincentians.com\/es\/una-figura-discutida-el-p-vicente-lebbe\/#article","isPartOf":{"@id":"https:\/\/vincentians.com\/es\/una-figura-discutida-el-p-vicente-lebbe\/"},"author":{"name":"Mitxel Olabu\u00e9naga","@id":"https:\/\/vincentians.com\/es\/#\/schema\/person\/7c2670b4445a7ca9d164ea6acdb31859"},"headline":"Una figura discutida: el P. Vicente Lebbe, C.M. (III)","datePublished":"2022-03-27T06:06:04+00:00","mainEntityOfPage":{"@id":"https:\/\/vincentians.com\/es\/una-figura-discutida-el-p-vicente-lebbe\/"},"wordCount":1639,"commentCount":1,"publisher":{"@id":"https:\/\/vincentians.com\/es\/#organization"},"image":{"@id":"https:\/\/vincentians.com\/es\/una-figura-discutida-el-p-vicente-lebbe\/#primaryimage"},"thumbnailUrl":"https:\/\/i0.wp.com\/vincentians.com\/es\/wp-content\/uploads\/sites\/11\/2016\/07\/bio-cm.jpg?fit=1200%2C630&ssl=1","articleSection":["Biograf\u00edas de Misioneros Pa\u00fales"],"inLanguage":"es","potentialAction":[{"@type":"CommentAction","name":"Comment","target":["https:\/\/vincentians.com\/es\/una-figura-discutida-el-p-vicente-lebbe\/#respond"]}]},{"@type":"WebPage","@id":"https:\/\/vincentians.com\/es\/una-figura-discutida-el-p-vicente-lebbe\/","url":"https:\/\/vincentians.com\/es\/una-figura-discutida-el-p-vicente-lebbe\/","name":"Una figura discutida: el P. Vicente Lebbe, C.M. (III) - Somos Vicencianos","isPartOf":{"@id":"https:\/\/vincentians.com\/es\/#website"},"primaryImageOfPage":{"@id":"https:\/\/vincentians.com\/es\/una-figura-discutida-el-p-vicente-lebbe\/#primaryimage"},"image":{"@id":"https:\/\/vincentians.com\/es\/una-figura-discutida-el-p-vicente-lebbe\/#primaryimage"},"thumbnailUrl":"https:\/\/i0.wp.com\/vincentians.com\/es\/wp-content\/uploads\/sites\/11\/2016\/07\/bio-cm.jpg?fit=1200%2C630&ssl=1","datePublished":"2022-03-27T06:06:04+00:00","breadcrumb":{"@id":"https:\/\/vincentians.com\/es\/una-figura-discutida-el-p-vicente-lebbe\/#breadcrumb"},"inLanguage":"es","potentialAction":[{"@type":"ReadAction","target":["https:\/\/vincentians.com\/es\/una-figura-discutida-el-p-vicente-lebbe\/"]}]},{"@type":"ImageObject","inLanguage":"es","@id":"https:\/\/vincentians.com\/es\/una-figura-discutida-el-p-vicente-lebbe\/#primaryimage","url":"https:\/\/i0.wp.com\/vincentians.com\/es\/wp-content\/uploads\/sites\/11\/2016\/07\/bio-cm.jpg?fit=1200%2C630&ssl=1","contentUrl":"https:\/\/i0.wp.com\/vincentians.com\/es\/wp-content\/uploads\/sites\/11\/2016\/07\/bio-cm.jpg?fit=1200%2C630&ssl=1","width":1200,"height":630},{"@type":"BreadcrumbList","@id":"https:\/\/vincentians.com\/es\/una-figura-discutida-el-p-vicente-lebbe\/#breadcrumb","itemListElement":[{"@type":"ListItem","position":1,"name":"Portada","item":"https:\/\/vincentians.com\/es\/"},{"@type":"ListItem","position":2,"name":"Una figura discutida: el P. Vicente Lebbe, C.M. (III)"}]},{"@type":"WebSite","@id":"https:\/\/vincentians.com\/es\/#website","url":"https:\/\/vincentians.com\/es\/","name":"Somos Vicencianos","description":"Know more to serve more","publisher":{"@id":"https:\/\/vincentians.com\/es\/#organization"},"potentialAction":[{"@type":"SearchAction","target":{"@type":"EntryPoint","urlTemplate":"https:\/\/vincentians.com\/es\/?s={search_term_string}"},"query-input":{"@type":"PropertyValueSpecification","valueRequired":true,"valueName":"search_term_string"}}],"inLanguage":"es"},{"@type":"Organization","@id":"https:\/\/vincentians.com\/es\/#organization","name":"The Vincentian Network","url":"https:\/\/vincentians.com\/es\/","logo":{"@type":"ImageObject","inLanguage":"es","@id":"https:\/\/vincentians.com\/es\/#\/schema\/logo\/image\/","url":"https:\/\/i1.wp.com\/vincentians.com\/es\/wp-content\/uploads\/sites\/11\/2016\/06\/Vincentian-Network-logo-big.png?fit=778%2C778","contentUrl":"https:\/\/i1.wp.com\/vincentians.com\/es\/wp-content\/uploads\/sites\/11\/2016\/06\/Vincentian-Network-logo-big.png?fit=778%2C778","width":778,"height":778,"caption":"The Vincentian Network"},"image":{"@id":"https:\/\/vincentians.com\/es\/#\/schema\/logo\/image\/"},"sameAs":["https:\/\/www.facebook.com\/WeAreVincentians\/","https:\/\/x.com\/WeVincentians"]},{"@type":"Person","@id":"https:\/\/vincentians.com\/es\/#\/schema\/person\/7c2670b4445a7ca9d164ea6acdb31859","name":"Mitxel Olabu\u00e9naga","image":{"@type":"ImageObject","inLanguage":"es","@id":"https:\/\/vincentians.com\/es\/#\/schema\/person\/image\/","url":"https:\/\/secure.gravatar.com\/avatar\/34137ec2e2b8939cbbed975731e71f3f4f1defc7266ded337a5ce0f925426877?s=96&d=mm&r=g","contentUrl":"https:\/\/secure.gravatar.com\/avatar\/34137ec2e2b8939cbbed975731e71f3f4f1defc7266ded337a5ce0f925426877?s=96&d=mm&r=g","caption":"Mitxel Olabu\u00e9naga"},"url":"https:\/\/vincentians.com\/es\/author\/mitxel\/"}]}},"jetpack_publicize_connections":[],"jetpack_featured_media_url":"https:\/\/i0.wp.com\/vincentians.com\/es\/wp-content\/uploads\/sites\/11\/2016\/07\/bio-cm.jpg?fit=1200%2C630&ssl=1","jetpack_sharing_enabled":true,"jetpack_shortlink":"https:\/\/wp.me\/p7ETMF-uLZ","jetpack-related-posts":[{"id":119147,"url":"https:\/\/vincentians.com\/es\/una-figura-discutida-el-p-vicente-lebbe-ii\/","url_meta":{"origin":118295,"position":0},"title":"Una figura discutida: el P. Vicente Lebbe, C.M. (II)","author":"Francisco Javier Fern\u00e1ndez Chento","date":"18\/04\/2013","format":false,"excerpt":"Hemos le\u00eddo la correspondencia en Mons.Jarl\u00edn y nuestro misionero. Sin duda alguna que el P. Lebbe se guardaba bien de revelarla a sus compa\u00f1eros. Mons. Jarlin no estaba informado de todo. Si hubiese sabido que el Padre Lebbe hab\u00eda inaugurado salas de conferencia des\u00adde 1910 y estuviese al tanto de\u2026","rel":"","context":"En \u00abFormaci\u00f3n Vicenciana\u00bb","block_context":{"text":"Formaci\u00f3n Vicenciana","link":"https:\/\/vincentians.com\/es\/category\/formacion-vicenciana\/"},"img":{"alt_text":"vincentlebbe","src":"https:\/\/i0.wp.com\/vicencianos.org\/wp-content\/2013\/03\/vincentlebbe.jpg?resize=350%2C200","width":350,"height":200},"classes":[]},{"id":119139,"url":"https:\/\/vincentians.com\/es\/una-figura-discutida-el-p-vicente-lebbe-c-m-i\/","url_meta":{"origin":118295,"position":1},"title":"Una figura discutida: el P. Vicente Lebbe, C.M. (I)","author":"Francisco Javier Fern\u00e1ndez Chento","date":"07\/04\/2013","format":false,"excerpt":"En varias Comunidades de la Provincia se ha le\u00eddo en p\u00fablico la biograf\u00eda del P. Vicente Lebbe, escrita por el famoso can\u00f3nigo belga Jacques Le\u00adclercq. El P. Lebbe es indudablemente una de las grandes figuras de la historia de las misiones en nuestro siglo. Pero, como ocurre con toda las\u2026","rel":"","context":"En \u00abFormaci\u00f3n Vicenciana\u00bb","block_context":{"text":"Formaci\u00f3n Vicenciana","link":"https:\/\/vincentians.com\/es\/category\/formacion-vicenciana\/"},"img":{"alt_text":"vincentlebbe","src":"https:\/\/i0.wp.com\/vicencianos.org\/wp-content\/2013\/03\/vincentlebbe.jpg?resize=350%2C200","width":350,"height":200},"classes":[]},{"id":141272,"url":"https:\/\/vincentians.com\/es\/nuestro-p-vicente-lebbe-1877-1940\/","url_meta":{"origin":118295,"position":2},"title":"Nuestro P. Vicente Lebbe (1877-1940)","author":"Mitxel Olabu\u00e9naga","date":"15\/03\/2015","format":false,"excerpt":"El P. Lebbe fue un obrero evang\u00e9lico que tuvo un elevado ideal, al cual supo servir con constancia y entusiasmo el ideal de transformar todo lo mezquino y s\u00f3rdido de un pasado que caminaba r\u00e1pidamente a la tumba. El P. Lebbe inici\u00f3 en China un movimiento que acaso bien pudiera\u2026","rel":"","context":"En \u00abBiograf\u00edas de Misioneros Pa\u00fales\u00bb","block_context":{"text":"Biograf\u00edas de Misioneros Pa\u00fales","link":"https:\/\/vincentians.com\/es\/category\/la-familia-vicenciana\/biografias-vicencianas\/biografias-de-misioneros-paules\/"},"img":{"alt_text":"","src":"https:\/\/i0.wp.com\/vincentians.com\/es\/wp-content\/uploads\/sites\/11\/2016\/07\/bio-cm.jpg?fit=1200%2C630&ssl=1&resize=350%2C200","width":350,"height":200,"srcset":"https:\/\/i0.wp.com\/vincentians.com\/es\/wp-content\/uploads\/sites\/11\/2016\/07\/bio-cm.jpg?fit=1200%2C630&ssl=1&resize=350%2C200 1x, https:\/\/i0.wp.com\/vincentians.com\/es\/wp-content\/uploads\/sites\/11\/2016\/07\/bio-cm.jpg?fit=1200%2C630&ssl=1&resize=525%2C300 1.5x, https:\/\/i0.wp.com\/vincentians.com\/es\/wp-content\/uploads\/sites\/11\/2016\/07\/bio-cm.jpg?fit=1200%2C630&ssl=1&resize=700%2C400 2x, https:\/\/i0.wp.com\/vincentians.com\/es\/wp-content\/uploads\/sites\/11\/2016\/07\/bio-cm.jpg?fit=1200%2C630&ssl=1&resize=1050%2C600 3x"},"classes":[]},{"id":95839,"url":"https:\/\/vincentians.com\/es\/recuerdo-del-p-vicente-lebbe\/","url_meta":{"origin":118295,"position":3},"title":"Recuerdo del P. Vicente Lebbe","author":"Mitxel Olabu\u00e9naga","date":"25\/05\/2018","format":false,"excerpt":"En una reuni\u00f3n en la que se hablaba sobre las posibilidades de di\u00e1logo con la nueva China, uno de los interlocutores dijo: \"Habr\u00eda que seguir el m\u00e9todo del P. Lebbe\". Pero la investigaci\u00f3n en la historia de la C.M. exigir\u00eda, en lo que cabe, la publicaci\u00f3n de nuestros documentos relativos\u2026","rel":"","context":"En \u00abBiograf\u00edas de Misioneros Pa\u00fales\u00bb","block_context":{"text":"Biograf\u00edas de Misioneros Pa\u00fales","link":"https:\/\/vincentians.com\/es\/category\/la-familia-vicenciana\/biografias-vicencianas\/biografias-de-misioneros-paules\/"},"img":{"alt_text":"","src":"https:\/\/i0.wp.com\/vincentians.com\/es\/wp-content\/uploads\/sites\/11\/2016\/07\/bio-cm.jpg?fit=1200%2C630&ssl=1&resize=350%2C200","width":350,"height":200,"srcset":"https:\/\/i0.wp.com\/vincentians.com\/es\/wp-content\/uploads\/sites\/11\/2016\/07\/bio-cm.jpg?fit=1200%2C630&ssl=1&resize=350%2C200 1x, https:\/\/i0.wp.com\/vincentians.com\/es\/wp-content\/uploads\/sites\/11\/2016\/07\/bio-cm.jpg?fit=1200%2C630&ssl=1&resize=525%2C300 1.5x, https:\/\/i0.wp.com\/vincentians.com\/es\/wp-content\/uploads\/sites\/11\/2016\/07\/bio-cm.jpg?fit=1200%2C630&ssl=1&resize=700%2C400 2x, https:\/\/i0.wp.com\/vincentians.com\/es\/wp-content\/uploads\/sites\/11\/2016\/07\/bio-cm.jpg?fit=1200%2C630&ssl=1&resize=1050%2C600 3x"},"classes":[]},{"id":130660,"url":"https:\/\/vincentians.com\/es\/el-vicariato-apostolico-de-san-pedro-sula-honduras-1911-1945-iii\/","url_meta":{"origin":118295,"position":4},"title":"El Vicariato Apost\u00f3lico de San Pedro Sula (Honduras) 1911-1945 (III)","author":"Mitxel Olabu\u00e9naga","date":"06\/06\/2014","format":false,"excerpt":"III. \u2014 HIJOS DE SAN VICENTE EN EL VICARIATO Buscando obreros evang\u00e9licos. El P. Nieborowski, Pa\u00fal alem\u00e1n y Superior del Seminario de Tegucigalpa, de acuerdo con el delegado de la S. Sede en la Am\u00e9rica Central, M. Juan Cagliero, compadecido del abandono espiritual en que se hallaban los habitantes de\u2026","rel":"","context":"En \u00abHistoria de la Congregaci\u00f3n de la Misi\u00f3n en Espa\u00f1a\u00bb","block_context":{"text":"Historia de la Congregaci\u00f3n de la Misi\u00f3n en Espa\u00f1a","link":"https:\/\/vincentians.com\/es\/category\/historia-de-la-familia-vicenciana\/historia-de-la-congregacion-de-la-mision-en-espana\/"},"img":{"alt_text":"La Ceiba","src":"https:\/\/i0.wp.com\/vicencianos.org\/wp-content\/2014\/06\/La-Ceiba.jpg?resize=350%2C200","width":350,"height":200},"classes":[]},{"id":130338,"url":"https:\/\/vincentians.com\/es\/el-p-alfonso-m-morelli-c-m-1857-1941\/","url_meta":{"origin":118295,"position":5},"title":"El P. Alfonso M. Morelli, C. M. (1857-1941).","author":"Mitxel Olabu\u00e9naga","date":"05\/05\/2014","format":false,"excerpt":"El \"Bolet\u00edn Cat\u00f3lico\" de Pek\u00edn, del mes de abril, publica la noticia de la muerte de nuestro hermano el P. Alfonso M\u00aa Morelli decano de nuestros Misioneros en China, acaecida el 21 de marzo pr\u00f3ximo pasado. El P. Morelli era hijo de una noble familia de Lacee (Italia), que viv\u00eda\u2026","rel":"","context":"En \u00abBiograf\u00edas de Misioneros Pa\u00fales\u00bb","block_context":{"text":"Biograf\u00edas de Misioneros Pa\u00fales","link":"https:\/\/vincentians.com\/es\/category\/la-familia-vicenciana\/biografias-vicencianas\/biografias-de-misioneros-paules\/"},"img":{"alt_text":"","src":"https:\/\/i0.wp.com\/vincentians.com\/es\/wp-content\/uploads\/sites\/11\/2016\/07\/bio-cm.jpg?fit=1200%2C630&ssl=1&resize=350%2C200","width":350,"height":200,"srcset":"https:\/\/i0.wp.com\/vincentians.com\/es\/wp-content\/uploads\/sites\/11\/2016\/07\/bio-cm.jpg?fit=1200%2C630&ssl=1&resize=350%2C200 1x, https:\/\/i0.wp.com\/vincentians.com\/es\/wp-content\/uploads\/sites\/11\/2016\/07\/bio-cm.jpg?fit=1200%2C630&ssl=1&resize=525%2C300 1.5x, https:\/\/i0.wp.com\/vincentians.com\/es\/wp-content\/uploads\/sites\/11\/2016\/07\/bio-cm.jpg?fit=1200%2C630&ssl=1&resize=700%2C400 2x, https:\/\/i0.wp.com\/vincentians.com\/es\/wp-content\/uploads\/sites\/11\/2016\/07\/bio-cm.jpg?fit=1200%2C630&ssl=1&resize=1050%2C600 3x"},"classes":[]}],"_links":{"self":[{"href":"https:\/\/vincentians.com\/es\/wp-json\/wp\/v2\/posts\/118295","targetHints":{"allow":["GET"]}}],"collection":[{"href":"https:\/\/vincentians.com\/es\/wp-json\/wp\/v2\/posts"}],"about":[{"href":"https:\/\/vincentians.com\/es\/wp-json\/wp\/v2\/types\/post"}],"author":[{"embeddable":true,"href":"https:\/\/vincentians.com\/es\/wp-json\/wp\/v2\/users\/5"}],"replies":[{"embeddable":true,"href":"https:\/\/vincentians.com\/es\/wp-json\/wp\/v2\/comments?post=118295"}],"version-history":[{"count":1,"href":"https:\/\/vincentians.com\/es\/wp-json\/wp\/v2\/posts\/118295\/revisions"}],"predecessor-version":[{"id":404118,"href":"https:\/\/vincentians.com\/es\/wp-json\/wp\/v2\/posts\/118295\/revisions\/404118"}],"wp:featuredmedia":[{"embeddable":true,"href":"https:\/\/vincentians.com\/es\/wp-json\/wp\/v2\/media\/391249"}],"wp:attachment":[{"href":"https:\/\/vincentians.com\/es\/wp-json\/wp\/v2\/media?parent=118295"}],"wp:term":[{"taxonomy":"category","embeddable":true,"href":"https:\/\/vincentians.com\/es\/wp-json\/wp\/v2\/categories?post=118295"},{"taxonomy":"post_tag","embeddable":true,"href":"https:\/\/vincentians.com\/es\/wp-json\/wp\/v2\/tags?post=118295"}],"curies":[{"name":"wp","href":"https:\/\/api.w.org\/{rel}","templated":true}]}}