{"id":118256,"date":"2021-10-25T07:55:39","date_gmt":"2021-10-25T05:55:39","guid":{"rendered":"http:\/\/somos.vicencianos.org\/?p=118256"},"modified":"2021-07-15T12:00:07","modified_gmt":"2021-07-15T10:00:07","slug":"rabanos-espinosa-ricardo-1912-2004","status":"publish","type":"post","link":"https:\/\/vincentians.com\/es\/rabanos-espinosa-ricardo-1912-2004\/","title":{"rendered":"R\u00e1banos Espinosa, Ricardo (1912 \u2013 2004)"},"content":{"rendered":"<p>Naci\u00f3 el 7 febrero de 1912 en Pradoluengo, Burgos. Sus padres fueron D. Tiburcio y Dn\u00aa Dorotea.<\/p>\n<p>Curs\u00f3 sus primeros estudios en nuestros \u00abseminarios menores\u00bb de Tardajos y Guadalajara. Los Estudios de Eclesi\u00e1sticos los realiza en Villafranca del Bierzo y en Cuenca. M\u00e1s tarde, en Roma, se doctora en Teolog\u00eda. Ampli\u00f3 estudios en la \u00abEscuela B\u00edblica\u00bb de Jerusal\u00e9n.<\/p>\n<p>Hab\u00eda ingresado en la \u00abCongregaci\u00f3n de la Misi\u00f3n\u00bb el 14 de septiembre de 1927, en Hortaleza (Madrid). Los votos perpetuos los emiti\u00f3, en Villafranca del Bierzo, el d\u00eda 8 de febrero de 1930. Fue ordenado presb\u00edtero el 23 de abril de 1937, en Londres.<\/p>\n<p>DESTINOS:<\/p>\n<p>El P. Ricardo R\u00e1banos, durante varios a\u00f1os, fue profesor de Sagrada Escritura en el \u00abTeologado\u00bb de Cuenca y en el \u00abSeminario Diocesano\u00bb. M\u00e1s tarde, impartir\u00e1 la misma materia en nuestra casa de Salamanca.<\/p>\n<p>A partir del a\u00f1o 1966, fue p\u00e1rroco de \u00abSan Vicente de Pa\u00fal\u00bb y de \u00abCristo Salvador\u00bb, en Madrid. Finalmente, en 1990, es destinado a la Casa Central. Aqu\u00ed, en nuestra enfermer\u00eda, fallece el 9 de junio de 2004.<\/p>\n<p>&nbsp;<\/p>\n","protected":false},"excerpt":{"rendered":"<p>Naci\u00f3 el 7 febrero de 1912 en Pradoluengo, Burgos. Sus padres fueron D. Tiburcio y Dn\u00aa Dorotea. Curs\u00f3 sus primeros estudios en nuestros \u00abseminarios menores\u00bb de Tardajos y Guadalajara. Los Estudios de Eclesi\u00e1sticos los realiza &#8230; <a href=\"https:\/\/vincentians.com\/es\/rabanos-espinosa-ricardo-1912-2004\/\" class=\"more-link\">Read More<\/a><\/p>\n","protected":false},"author":5,"featured_media":391249,"comment_status":"open","ping_status":"open","sticky":false,"template":"","format":"standard","meta":{"jetpack_post_was_ever_published":false,"_jetpack_newsletter_access":"","_jetpack_dont_email_post_to_subs":false,"_jetpack_newsletter_tier_id":0,"_jetpack_memberships_contains_paywalled_content":false,"_jetpack_memberships_contains_paid_content":false,"footnotes":"","jetpack_publicize_message":"","jetpack_publicize_feature_enabled":true,"jetpack_social_post_already_shared":true,"jetpack_social_options":{"image_generator_settings":{"template":"highway","default_image_id":0,"font":"","enabled":false},"version":2}},"categories":[19],"tags":[],"class_list":["post-118256","post","type-post","status-publish","format-standard","has-post-thumbnail","hentry","category-biografias-de-misioneros-paules"],"yoast_head":"<!-- This site is optimized with the Yoast SEO plugin v26.3 - https:\/\/yoast.com\/wordpress\/plugins\/seo\/ -->\n<title>R\u00e1banos Espinosa, Ricardo (1912 \u2013 2004) - Somos Vicencianos<\/title>\n<meta name=\"robots\" content=\"index, follow, max-snippet:-1, max-image-preview:large, max-video-preview:-1\" \/>\n<link rel=\"canonical\" href=\"https:\/\/vincentians.com\/es\/rabanos-espinosa-ricardo-1912-2004\/\" \/>\n<meta property=\"og:locale\" content=\"es_ES\" \/>\n<meta property=\"og:type\" content=\"article\" \/>\n<meta property=\"og:title\" content=\"R\u00e1banos Espinosa, Ricardo (1912 \u2013 2004) - Somos Vicencianos\" \/>\n<meta property=\"og:description\" content=\"Naci\u00f3 el 7 febrero de 1912 en Pradoluengo, Burgos. Sus padres fueron D. Tiburcio y Dn\u00aa Dorotea. Curs\u00f3 sus primeros estudios en nuestros \u00abseminarios menores\u00bb de Tardajos y Guadalajara. Los Estudios de Eclesi\u00e1sticos los realiza ... Read More\" \/>\n<meta property=\"og:url\" content=\"https:\/\/vincentians.com\/es\/rabanos-espinosa-ricardo-1912-2004\/\" \/>\n<meta property=\"og:site_name\" content=\"Somos Vicencianos\" \/>\n<meta property=\"article:publisher\" content=\"https:\/\/www.facebook.com\/WeAreVincentians\/\" \/>\n<meta property=\"article:published_time\" content=\"2021-10-25T05:55:39+00:00\" \/>\n<meta property=\"og:image\" content=\"https:\/\/i0.wp.com\/vincentians.com\/es\/wp-content\/uploads\/sites\/11\/2016\/07\/bio-cm.jpg?fit=1200%2C630&ssl=1\" \/>\n\t<meta property=\"og:image:width\" content=\"1200\" \/>\n\t<meta property=\"og:image:height\" content=\"630\" \/>\n\t<meta property=\"og:image:type\" content=\"image\/jpeg\" \/>\n<meta name=\"author\" content=\"Mitxel Olabu\u00e9naga\" \/>\n<meta name=\"twitter:card\" content=\"summary_large_image\" \/>\n<meta name=\"twitter:creator\" content=\"@WeVincentians\" \/>\n<meta name=\"twitter:site\" content=\"@WeVincentians\" \/>\n<meta name=\"twitter:label1\" content=\"Escrito por\" \/>\n\t<meta name=\"twitter:data1\" content=\"Mitxel Olabu\u00e9naga\" \/>\n\t<meta name=\"twitter:label2\" content=\"Tiempo de lectura\" \/>\n\t<meta name=\"twitter:data2\" content=\"1 minuto\" \/>\n<script type=\"application\/ld+json\" class=\"yoast-schema-graph\">{\"@context\":\"https:\/\/schema.org\",\"@graph\":[{\"@type\":\"Article\",\"@id\":\"https:\/\/vincentians.com\/es\/rabanos-espinosa-ricardo-1912-2004\/#article\",\"isPartOf\":{\"@id\":\"https:\/\/vincentians.com\/es\/rabanos-espinosa-ricardo-1912-2004\/\"},\"author\":{\"name\":\"Mitxel Olabu\u00e9naga\",\"@id\":\"https:\/\/vincentians.com\/es\/#\/schema\/person\/7c2670b4445a7ca9d164ea6acdb31859\"},\"headline\":\"R\u00e1banos Espinosa, Ricardo (1912 \u2013 2004)\",\"datePublished\":\"2021-10-25T05:55:39+00:00\",\"mainEntityOfPage\":{\"@id\":\"https:\/\/vincentians.com\/es\/rabanos-espinosa-ricardo-1912-2004\/\"},\"wordCount\":184,\"commentCount\":0,\"publisher\":{\"@id\":\"https:\/\/vincentians.com\/es\/#organization\"},\"image\":{\"@id\":\"https:\/\/vincentians.com\/es\/rabanos-espinosa-ricardo-1912-2004\/#primaryimage\"},\"thumbnailUrl\":\"https:\/\/i0.wp.com\/vincentians.com\/es\/wp-content\/uploads\/sites\/11\/2016\/07\/bio-cm.jpg?fit=1200%2C630&ssl=1\",\"articleSection\":[\"Biograf\u00edas de Misioneros Pa\u00fales\"],\"inLanguage\":\"es\",\"potentialAction\":[{\"@type\":\"CommentAction\",\"name\":\"Comment\",\"target\":[\"https:\/\/vincentians.com\/es\/rabanos-espinosa-ricardo-1912-2004\/#respond\"]}]},{\"@type\":\"WebPage\",\"@id\":\"https:\/\/vincentians.com\/es\/rabanos-espinosa-ricardo-1912-2004\/\",\"url\":\"https:\/\/vincentians.com\/es\/rabanos-espinosa-ricardo-1912-2004\/\",\"name\":\"R\u00e1banos Espinosa, Ricardo (1912 \u2013 2004) - Somos Vicencianos\",\"isPartOf\":{\"@id\":\"https:\/\/vincentians.com\/es\/#website\"},\"primaryImageOfPage\":{\"@id\":\"https:\/\/vincentians.com\/es\/rabanos-espinosa-ricardo-1912-2004\/#primaryimage\"},\"image\":{\"@id\":\"https:\/\/vincentians.com\/es\/rabanos-espinosa-ricardo-1912-2004\/#primaryimage\"},\"thumbnailUrl\":\"https:\/\/i0.wp.com\/vincentians.com\/es\/wp-content\/uploads\/sites\/11\/2016\/07\/bio-cm.jpg?fit=1200%2C630&ssl=1\",\"datePublished\":\"2021-10-25T05:55:39+00:00\",\"breadcrumb\":{\"@id\":\"https:\/\/vincentians.com\/es\/rabanos-espinosa-ricardo-1912-2004\/#breadcrumb\"},\"inLanguage\":\"es\",\"potentialAction\":[{\"@type\":\"ReadAction\",\"target\":[\"https:\/\/vincentians.com\/es\/rabanos-espinosa-ricardo-1912-2004\/\"]}]},{\"@type\":\"ImageObject\",\"inLanguage\":\"es\",\"@id\":\"https:\/\/vincentians.com\/es\/rabanos-espinosa-ricardo-1912-2004\/#primaryimage\",\"url\":\"https:\/\/i0.wp.com\/vincentians.com\/es\/wp-content\/uploads\/sites\/11\/2016\/07\/bio-cm.jpg?fit=1200%2C630&ssl=1\",\"contentUrl\":\"https:\/\/i0.wp.com\/vincentians.com\/es\/wp-content\/uploads\/sites\/11\/2016\/07\/bio-cm.jpg?fit=1200%2C630&ssl=1\",\"width\":1200,\"height\":630},{\"@type\":\"BreadcrumbList\",\"@id\":\"https:\/\/vincentians.com\/es\/rabanos-espinosa-ricardo-1912-2004\/#breadcrumb\",\"itemListElement\":[{\"@type\":\"ListItem\",\"position\":1,\"name\":\"Portada\",\"item\":\"https:\/\/vincentians.com\/es\/\"},{\"@type\":\"ListItem\",\"position\":2,\"name\":\"R\u00e1banos Espinosa, Ricardo (1912 \u2013 2004)\"}]},{\"@type\":\"WebSite\",\"@id\":\"https:\/\/vincentians.com\/es\/#website\",\"url\":\"https:\/\/vincentians.com\/es\/\",\"name\":\"Somos Vicencianos\",\"description\":\"Know more to serve more\",\"publisher\":{\"@id\":\"https:\/\/vincentians.com\/es\/#organization\"},\"potentialAction\":[{\"@type\":\"SearchAction\",\"target\":{\"@type\":\"EntryPoint\",\"urlTemplate\":\"https:\/\/vincentians.com\/es\/?s={search_term_string}\"},\"query-input\":{\"@type\":\"PropertyValueSpecification\",\"valueRequired\":true,\"valueName\":\"search_term_string\"}}],\"inLanguage\":\"es\"},{\"@type\":\"Organization\",\"@id\":\"https:\/\/vincentians.com\/es\/#organization\",\"name\":\"The Vincentian Network\",\"url\":\"https:\/\/vincentians.com\/es\/\",\"logo\":{\"@type\":\"ImageObject\",\"inLanguage\":\"es\",\"@id\":\"https:\/\/vincentians.com\/es\/#\/schema\/logo\/image\/\",\"url\":\"https:\/\/i1.wp.com\/vincentians.com\/es\/wp-content\/uploads\/sites\/11\/2016\/06\/Vincentian-Network-logo-big.png?fit=778%2C778\",\"contentUrl\":\"https:\/\/i1.wp.com\/vincentians.com\/es\/wp-content\/uploads\/sites\/11\/2016\/06\/Vincentian-Network-logo-big.png?fit=778%2C778\",\"width\":778,\"height\":778,\"caption\":\"The Vincentian Network\"},\"image\":{\"@id\":\"https:\/\/vincentians.com\/es\/#\/schema\/logo\/image\/\"},\"sameAs\":[\"https:\/\/www.facebook.com\/WeAreVincentians\/\",\"https:\/\/x.com\/WeVincentians\"]},{\"@type\":\"Person\",\"@id\":\"https:\/\/vincentians.com\/es\/#\/schema\/person\/7c2670b4445a7ca9d164ea6acdb31859\",\"name\":\"Mitxel Olabu\u00e9naga\",\"image\":{\"@type\":\"ImageObject\",\"inLanguage\":\"es\",\"@id\":\"https:\/\/vincentians.com\/es\/#\/schema\/person\/image\/\",\"url\":\"https:\/\/secure.gravatar.com\/avatar\/34137ec2e2b8939cbbed975731e71f3f4f1defc7266ded337a5ce0f925426877?s=96&d=mm&r=g\",\"contentUrl\":\"https:\/\/secure.gravatar.com\/avatar\/34137ec2e2b8939cbbed975731e71f3f4f1defc7266ded337a5ce0f925426877?s=96&d=mm&r=g\",\"caption\":\"Mitxel Olabu\u00e9naga\"},\"url\":\"https:\/\/vincentians.com\/es\/author\/mitxel\/\"}]}<\/script>\n<!-- \/ Yoast SEO plugin. -->","yoast_head_json":{"title":"R\u00e1banos Espinosa, Ricardo (1912 \u2013 2004) - Somos Vicencianos","robots":{"index":"index","follow":"follow","max-snippet":"max-snippet:-1","max-image-preview":"max-image-preview:large","max-video-preview":"max-video-preview:-1"},"canonical":"https:\/\/vincentians.com\/es\/rabanos-espinosa-ricardo-1912-2004\/","og_locale":"es_ES","og_type":"article","og_title":"R\u00e1banos Espinosa, Ricardo (1912 \u2013 2004) - Somos Vicencianos","og_description":"Naci\u00f3 el 7 febrero de 1912 en Pradoluengo, Burgos. Sus padres fueron D. Tiburcio y Dn\u00aa Dorotea. Curs\u00f3 sus primeros estudios en nuestros \u00abseminarios menores\u00bb de Tardajos y Guadalajara. Los Estudios de Eclesi\u00e1sticos los realiza ... Read More","og_url":"https:\/\/vincentians.com\/es\/rabanos-espinosa-ricardo-1912-2004\/","og_site_name":"Somos Vicencianos","article_publisher":"https:\/\/www.facebook.com\/WeAreVincentians\/","article_published_time":"2021-10-25T05:55:39+00:00","og_image":[{"width":1200,"height":630,"url":"https:\/\/i0.wp.com\/vincentians.com\/es\/wp-content\/uploads\/sites\/11\/2016\/07\/bio-cm.jpg?fit=1200%2C630&ssl=1","type":"image\/jpeg"}],"author":"Mitxel Olabu\u00e9naga","twitter_card":"summary_large_image","twitter_creator":"@WeVincentians","twitter_site":"@WeVincentians","twitter_misc":{"Escrito por":"Mitxel Olabu\u00e9naga","Tiempo de lectura":"1 minuto"},"schema":{"@context":"https:\/\/schema.org","@graph":[{"@type":"Article","@id":"https:\/\/vincentians.com\/es\/rabanos-espinosa-ricardo-1912-2004\/#article","isPartOf":{"@id":"https:\/\/vincentians.com\/es\/rabanos-espinosa-ricardo-1912-2004\/"},"author":{"name":"Mitxel Olabu\u00e9naga","@id":"https:\/\/vincentians.com\/es\/#\/schema\/person\/7c2670b4445a7ca9d164ea6acdb31859"},"headline":"R\u00e1banos Espinosa, Ricardo (1912 \u2013 2004)","datePublished":"2021-10-25T05:55:39+00:00","mainEntityOfPage":{"@id":"https:\/\/vincentians.com\/es\/rabanos-espinosa-ricardo-1912-2004\/"},"wordCount":184,"commentCount":0,"publisher":{"@id":"https:\/\/vincentians.com\/es\/#organization"},"image":{"@id":"https:\/\/vincentians.com\/es\/rabanos-espinosa-ricardo-1912-2004\/#primaryimage"},"thumbnailUrl":"https:\/\/i0.wp.com\/vincentians.com\/es\/wp-content\/uploads\/sites\/11\/2016\/07\/bio-cm.jpg?fit=1200%2C630&ssl=1","articleSection":["Biograf\u00edas de Misioneros Pa\u00fales"],"inLanguage":"es","potentialAction":[{"@type":"CommentAction","name":"Comment","target":["https:\/\/vincentians.com\/es\/rabanos-espinosa-ricardo-1912-2004\/#respond"]}]},{"@type":"WebPage","@id":"https:\/\/vincentians.com\/es\/rabanos-espinosa-ricardo-1912-2004\/","url":"https:\/\/vincentians.com\/es\/rabanos-espinosa-ricardo-1912-2004\/","name":"R\u00e1banos Espinosa, Ricardo (1912 \u2013 2004) - Somos Vicencianos","isPartOf":{"@id":"https:\/\/vincentians.com\/es\/#website"},"primaryImageOfPage":{"@id":"https:\/\/vincentians.com\/es\/rabanos-espinosa-ricardo-1912-2004\/#primaryimage"},"image":{"@id":"https:\/\/vincentians.com\/es\/rabanos-espinosa-ricardo-1912-2004\/#primaryimage"},"thumbnailUrl":"https:\/\/i0.wp.com\/vincentians.com\/es\/wp-content\/uploads\/sites\/11\/2016\/07\/bio-cm.jpg?fit=1200%2C630&ssl=1","datePublished":"2021-10-25T05:55:39+00:00","breadcrumb":{"@id":"https:\/\/vincentians.com\/es\/rabanos-espinosa-ricardo-1912-2004\/#breadcrumb"},"inLanguage":"es","potentialAction":[{"@type":"ReadAction","target":["https:\/\/vincentians.com\/es\/rabanos-espinosa-ricardo-1912-2004\/"]}]},{"@type":"ImageObject","inLanguage":"es","@id":"https:\/\/vincentians.com\/es\/rabanos-espinosa-ricardo-1912-2004\/#primaryimage","url":"https:\/\/i0.wp.com\/vincentians.com\/es\/wp-content\/uploads\/sites\/11\/2016\/07\/bio-cm.jpg?fit=1200%2C630&ssl=1","contentUrl":"https:\/\/i0.wp.com\/vincentians.com\/es\/wp-content\/uploads\/sites\/11\/2016\/07\/bio-cm.jpg?fit=1200%2C630&ssl=1","width":1200,"height":630},{"@type":"BreadcrumbList","@id":"https:\/\/vincentians.com\/es\/rabanos-espinosa-ricardo-1912-2004\/#breadcrumb","itemListElement":[{"@type":"ListItem","position":1,"name":"Portada","item":"https:\/\/vincentians.com\/es\/"},{"@type":"ListItem","position":2,"name":"R\u00e1banos Espinosa, Ricardo (1912 \u2013 2004)"}]},{"@type":"WebSite","@id":"https:\/\/vincentians.com\/es\/#website","url":"https:\/\/vincentians.com\/es\/","name":"Somos Vicencianos","description":"Know more to serve more","publisher":{"@id":"https:\/\/vincentians.com\/es\/#organization"},"potentialAction":[{"@type":"SearchAction","target":{"@type":"EntryPoint","urlTemplate":"https:\/\/vincentians.com\/es\/?s={search_term_string}"},"query-input":{"@type":"PropertyValueSpecification","valueRequired":true,"valueName":"search_term_string"}}],"inLanguage":"es"},{"@type":"Organization","@id":"https:\/\/vincentians.com\/es\/#organization","name":"The Vincentian Network","url":"https:\/\/vincentians.com\/es\/","logo":{"@type":"ImageObject","inLanguage":"es","@id":"https:\/\/vincentians.com\/es\/#\/schema\/logo\/image\/","url":"https:\/\/i1.wp.com\/vincentians.com\/es\/wp-content\/uploads\/sites\/11\/2016\/06\/Vincentian-Network-logo-big.png?fit=778%2C778","contentUrl":"https:\/\/i1.wp.com\/vincentians.com\/es\/wp-content\/uploads\/sites\/11\/2016\/06\/Vincentian-Network-logo-big.png?fit=778%2C778","width":778,"height":778,"caption":"The Vincentian Network"},"image":{"@id":"https:\/\/vincentians.com\/es\/#\/schema\/logo\/image\/"},"sameAs":["https:\/\/www.facebook.com\/WeAreVincentians\/","https:\/\/x.com\/WeVincentians"]},{"@type":"Person","@id":"https:\/\/vincentians.com\/es\/#\/schema\/person\/7c2670b4445a7ca9d164ea6acdb31859","name":"Mitxel Olabu\u00e9naga","image":{"@type":"ImageObject","inLanguage":"es","@id":"https:\/\/vincentians.com\/es\/#\/schema\/person\/image\/","url":"https:\/\/secure.gravatar.com\/avatar\/34137ec2e2b8939cbbed975731e71f3f4f1defc7266ded337a5ce0f925426877?s=96&d=mm&r=g","contentUrl":"https:\/\/secure.gravatar.com\/avatar\/34137ec2e2b8939cbbed975731e71f3f4f1defc7266ded337a5ce0f925426877?s=96&d=mm&r=g","caption":"Mitxel Olabu\u00e9naga"},"url":"https:\/\/vincentians.com\/es\/author\/mitxel\/"}]}},"jetpack_publicize_connections":[],"jetpack_featured_media_url":"https:\/\/i0.wp.com\/vincentians.com\/es\/wp-content\/uploads\/sites\/11\/2016\/07\/bio-cm.jpg?fit=1200%2C630&ssl=1","jetpack_sharing_enabled":true,"jetpack_shortlink":"https:\/\/wp.me\/p7ETMF-uLm","jetpack-related-posts":[{"id":118258,"url":"https:\/\/vincentians.com\/es\/orcajo-casado-alejandro-1909-2004\/","url_meta":{"origin":118256,"position":0},"title":"Orcajo Casado, Alejandro (1909 \u2013 2004)","author":"Mitxel Olabu\u00e9naga","date":"03\/11\/2021","format":false,"excerpt":"Naci\u00f3 el 29 de mayo de 1909 en Yudego, Burgos. Sus padres fueron D. Antonino y Do\u00f1a Rosa. Curs\u00f3 sus primeros estudios en nuestros \"seminarios menores\" de Tardajos y Guadalajara. Los Estudios de Eclesi\u00e1sticos los realiza en Villafranca del Bierzo y en Cuenca. \u00a0Hab\u00eda ingresado en la \"Congregaci\u00f3n de la\u2026","rel":"","context":"En \u00abBiograf\u00edas de Misioneros Pa\u00fales\u00bb","block_context":{"text":"Biograf\u00edas de Misioneros Pa\u00fales","link":"https:\/\/vincentians.com\/es\/category\/la-familia-vicenciana\/biografias-vicencianas\/biografias-de-misioneros-paules\/"},"img":{"alt_text":"","src":"https:\/\/i0.wp.com\/vincentians.com\/es\/wp-content\/uploads\/sites\/11\/2016\/07\/bio-cm.jpg?fit=1200%2C630&ssl=1&resize=350%2C200","width":350,"height":200,"srcset":"https:\/\/i0.wp.com\/vincentians.com\/es\/wp-content\/uploads\/sites\/11\/2016\/07\/bio-cm.jpg?fit=1200%2C630&ssl=1&resize=350%2C200 1x, https:\/\/i0.wp.com\/vincentians.com\/es\/wp-content\/uploads\/sites\/11\/2016\/07\/bio-cm.jpg?fit=1200%2C630&ssl=1&resize=525%2C300 1.5x, https:\/\/i0.wp.com\/vincentians.com\/es\/wp-content\/uploads\/sites\/11\/2016\/07\/bio-cm.jpg?fit=1200%2C630&ssl=1&resize=700%2C400 2x, https:\/\/i0.wp.com\/vincentians.com\/es\/wp-content\/uploads\/sites\/11\/2016\/07\/bio-cm.jpg?fit=1200%2C630&ssl=1&resize=1050%2C600 3x"},"classes":[]},{"id":130488,"url":"https:\/\/vincentians.com\/es\/carlos-corcuera-hermosilla-1920-2012\/","url_meta":{"origin":118256,"position":1},"title":"CARLOS CORCUERA HERMOSILLA (1920 \u2013 2012)","author":"Mitxel Olabu\u00e9naga","date":"24\/05\/2014","format":false,"excerpt":"El P. Carlos Corcuera Hermosilla naci\u00f3 el 20 de julio de 1920 en Pamplona (Navarra). Sus padres fueron: D. Nicol\u00e1s y D\u00f1a. Mar\u00eda. Recibi\u00f3 el Bautismo en la parroquia de \"San Lorenzo\", en la misma ciudad, a los siete d\u00edas de su nacimiento. El P. Carlos cursa estudios secundarios (1931-1935)\u2026","rel":"","context":"En \u00abBiograf\u00edas de Misioneros Pa\u00fales\u00bb","block_context":{"text":"Biograf\u00edas de Misioneros Pa\u00fales","link":"https:\/\/vincentians.com\/es\/category\/la-familia-vicenciana\/biografias-vicencianas\/biografias-de-misioneros-paules\/"},"img":{"alt_text":"","src":"https:\/\/i0.wp.com\/vincentians.com\/es\/wp-content\/uploads\/sites\/11\/2016\/07\/bio-cm.jpg?fit=1200%2C630&ssl=1&resize=350%2C200","width":350,"height":200,"srcset":"https:\/\/i0.wp.com\/vincentians.com\/es\/wp-content\/uploads\/sites\/11\/2016\/07\/bio-cm.jpg?fit=1200%2C630&ssl=1&resize=350%2C200 1x, https:\/\/i0.wp.com\/vincentians.com\/es\/wp-content\/uploads\/sites\/11\/2016\/07\/bio-cm.jpg?fit=1200%2C630&ssl=1&resize=525%2C300 1.5x, https:\/\/i0.wp.com\/vincentians.com\/es\/wp-content\/uploads\/sites\/11\/2016\/07\/bio-cm.jpg?fit=1200%2C630&ssl=1&resize=700%2C400 2x, https:\/\/i0.wp.com\/vincentians.com\/es\/wp-content\/uploads\/sites\/11\/2016\/07\/bio-cm.jpg?fit=1200%2C630&ssl=1&resize=1050%2C600 3x"},"classes":[]},{"id":95638,"url":"https:\/\/vincentians.com\/es\/p-antonio-gomez-vences\/","url_meta":{"origin":118256,"position":2},"title":"Antonio G\u00f3mez Vences","author":"Mitxel Olabu\u00e9naga","date":"20\/08\/2012","format":false,"excerpt":"P. Antonio G\u00f3mez Vences: Nacido en Arnuid, provincia de Oren\u00adse, estudi\u00f3 tambi\u00e9n (1916-1920) en la apost\u00f3lica de Los Milagros; hizo su noviciado (1920-22) en Madrid, los estu\u00addios de filosof\u00eda en Hortaleza y en Vi\u00adllafranca del Bierzo (1922-25), los tres primeros a\u00f1os de teolog\u00eda (1925-28) en el seminario de San Pablo,\u2026","rel":"","context":"En \u00abBiograf\u00edas de Misioneros Pa\u00fales\u00bb","block_context":{"text":"Biograf\u00edas de Misioneros Pa\u00fales","link":"https:\/\/vincentians.com\/es\/category\/la-familia-vicenciana\/biografias-vicencianas\/biografias-de-misioneros-paules\/"},"img":{"alt_text":"","src":"https:\/\/i0.wp.com\/vincentians.com\/es\/wp-content\/uploads\/sites\/11\/2016\/07\/bio-cm.jpg?fit=1200%2C630&ssl=1&resize=350%2C200","width":350,"height":200,"srcset":"https:\/\/i0.wp.com\/vincentians.com\/es\/wp-content\/uploads\/sites\/11\/2016\/07\/bio-cm.jpg?fit=1200%2C630&ssl=1&resize=350%2C200 1x, https:\/\/i0.wp.com\/vincentians.com\/es\/wp-content\/uploads\/sites\/11\/2016\/07\/bio-cm.jpg?fit=1200%2C630&ssl=1&resize=525%2C300 1.5x, https:\/\/i0.wp.com\/vincentians.com\/es\/wp-content\/uploads\/sites\/11\/2016\/07\/bio-cm.jpg?fit=1200%2C630&ssl=1&resize=700%2C400 2x, https:\/\/i0.wp.com\/vincentians.com\/es\/wp-content\/uploads\/sites\/11\/2016\/07\/bio-cm.jpg?fit=1200%2C630&ssl=1&resize=1050%2C600 3x"},"classes":[]},{"id":118252,"url":"https:\/\/vincentians.com\/es\/jacinto-fernandez-martinez-1911-2005\/","url_meta":{"origin":118256,"position":3},"title":"Jacinto Fern\u00e1ndez Mart\u00ednez (1911 \u2013 2005)","author":"Mitxel Olabu\u00e9naga","date":"09\/03\/2013","format":false,"excerpt":"Nacido el 16 de agosto de 1911 en Y\u00e9lamos de Abajo, Guadalajara. Sus padres fueron D. Francisco Fern\u00e1dez y D\u00f1\u00aa Julia Mart\u00ednez. Ingres\u00f3 en la Congregaci\u00f3n de la Misi\u00f3n el 14 de septiembre de 1926, en Hortaleza, Madrid. Realiz\u00f3 sus primeros estudios en Alcorisa, Teruel. En Villafranca del Bierzo, curs\u00f3\u2026","rel":"","context":"En \u00abBiograf\u00edas de Misioneros Pa\u00fales\u00bb","block_context":{"text":"Biograf\u00edas de Misioneros Pa\u00fales","link":"https:\/\/vincentians.com\/es\/category\/la-familia-vicenciana\/biografias-vicencianas\/biografias-de-misioneros-paules\/"},"img":{"alt_text":"","src":"https:\/\/i0.wp.com\/vincentians.com\/es\/wp-content\/uploads\/sites\/11\/2016\/07\/bio-cm.jpg?fit=1200%2C630&ssl=1&resize=350%2C200","width":350,"height":200,"srcset":"https:\/\/i0.wp.com\/vincentians.com\/es\/wp-content\/uploads\/sites\/11\/2016\/07\/bio-cm.jpg?fit=1200%2C630&ssl=1&resize=350%2C200 1x, https:\/\/i0.wp.com\/vincentians.com\/es\/wp-content\/uploads\/sites\/11\/2016\/07\/bio-cm.jpg?fit=1200%2C630&ssl=1&resize=525%2C300 1.5x, https:\/\/i0.wp.com\/vincentians.com\/es\/wp-content\/uploads\/sites\/11\/2016\/07\/bio-cm.jpg?fit=1200%2C630&ssl=1&resize=700%2C400 2x, https:\/\/i0.wp.com\/vincentians.com\/es\/wp-content\/uploads\/sites\/11\/2016\/07\/bio-cm.jpg?fit=1200%2C630&ssl=1&resize=1050%2C600 3x"},"classes":[]},{"id":95875,"url":"https:\/\/vincentians.com\/es\/los-obispos-de-astorga-y-el-colegio-de-villafranca-del-bierzo\/","url_meta":{"origin":118256,"position":4},"title":"Los Obispos de Astorga y el Colegio de Villafranca del Bierzo","author":"Mitxel Olabu\u00e9naga","date":"15\/09\/2018","format":false,"excerpt":"Padre Vicente Alonso Salgado Las relaciones de los prelados asturi\u00adcenses con el Colegio de Villafranca y la Comunidad de Padres Pa\u00fales que lo reg\u00eda fueron siempre sumamente cor\u00addiales. Ya antes de su llegada a Villa- franca, el Prelado que entonces reg\u00eda la di\u00f3cesis de San Genadio, Rvdmo. P. Vicente Alonso\u2026","rel":"","context":"En \u00abHistoria de la Congregaci\u00f3n de la Misi\u00f3n en Espa\u00f1a\u00bb","block_context":{"text":"Historia de la Congregaci\u00f3n de la Misi\u00f3n en Espa\u00f1a","link":"https:\/\/vincentians.com\/es\/category\/historia-de-la-familia-vicenciana\/historia-de-la-congregacion-de-la-mision-en-espana\/"},"img":{"alt_text":"","src":"","width":0,"height":0},"classes":[]},{"id":95854,"url":"https:\/\/vincentians.com\/es\/manuel-gonzalez-ruiz\/","url_meta":{"origin":118256,"position":5},"title":"Manuel Gonz\u00e1lez Ruiz","author":"Mitxel Olabu\u00e9naga","date":"03\/09\/2012","format":false,"excerpt":"El d\u00eda de Ntra. Se\u00f1ora del Carmen, 16 de julio de 2010, en la enfermer\u00eda de los Padres Pa\u00fales de Santa Marta de Tormes, Salamanca, a las 15'45, el P. Manuel Gonz\u00e1lez Ruiz (1922-2010) nos dej\u00f3 para entrar en la casa del Padre, despu\u00e9s de casi cuatro a\u00f1os de situaci\u00f3n\u2026","rel":"","context":"En \u00abBiograf\u00edas de Misioneros Pa\u00fales\u00bb","block_context":{"text":"Biograf\u00edas de Misioneros Pa\u00fales","link":"https:\/\/vincentians.com\/es\/category\/la-familia-vicenciana\/biografias-vicencianas\/biografias-de-misioneros-paules\/"},"img":{"alt_text":"","src":"https:\/\/i0.wp.com\/vincentians.com\/es\/wp-content\/uploads\/sites\/11\/2016\/07\/bio-cm.jpg?fit=1200%2C630&ssl=1&resize=350%2C200","width":350,"height":200,"srcset":"https:\/\/i0.wp.com\/vincentians.com\/es\/wp-content\/uploads\/sites\/11\/2016\/07\/bio-cm.jpg?fit=1200%2C630&ssl=1&resize=350%2C200 1x, https:\/\/i0.wp.com\/vincentians.com\/es\/wp-content\/uploads\/sites\/11\/2016\/07\/bio-cm.jpg?fit=1200%2C630&ssl=1&resize=525%2C300 1.5x, https:\/\/i0.wp.com\/vincentians.com\/es\/wp-content\/uploads\/sites\/11\/2016\/07\/bio-cm.jpg?fit=1200%2C630&ssl=1&resize=700%2C400 2x, https:\/\/i0.wp.com\/vincentians.com\/es\/wp-content\/uploads\/sites\/11\/2016\/07\/bio-cm.jpg?fit=1200%2C630&ssl=1&resize=1050%2C600 3x"},"classes":[]}],"_links":{"self":[{"href":"https:\/\/vincentians.com\/es\/wp-json\/wp\/v2\/posts\/118256","targetHints":{"allow":["GET"]}}],"collection":[{"href":"https:\/\/vincentians.com\/es\/wp-json\/wp\/v2\/posts"}],"about":[{"href":"https:\/\/vincentians.com\/es\/wp-json\/wp\/v2\/types\/post"}],"author":[{"embeddable":true,"href":"https:\/\/vincentians.com\/es\/wp-json\/wp\/v2\/users\/5"}],"replies":[{"embeddable":true,"href":"https:\/\/vincentians.com\/es\/wp-json\/wp\/v2\/comments?post=118256"}],"version-history":[{"count":1,"href":"https:\/\/vincentians.com\/es\/wp-json\/wp\/v2\/posts\/118256\/revisions"}],"predecessor-version":[{"id":403717,"href":"https:\/\/vincentians.com\/es\/wp-json\/wp\/v2\/posts\/118256\/revisions\/403717"}],"wp:featuredmedia":[{"embeddable":true,"href":"https:\/\/vincentians.com\/es\/wp-json\/wp\/v2\/media\/391249"}],"wp:attachment":[{"href":"https:\/\/vincentians.com\/es\/wp-json\/wp\/v2\/media?parent=118256"}],"wp:term":[{"taxonomy":"category","embeddable":true,"href":"https:\/\/vincentians.com\/es\/wp-json\/wp\/v2\/categories?post=118256"},{"taxonomy":"post_tag","embeddable":true,"href":"https:\/\/vincentians.com\/es\/wp-json\/wp\/v2\/tags?post=118256"}],"curies":[{"name":"wp","href":"https:\/\/api.w.org\/{rel}","templated":true}]}}