{"id":118131,"date":"2013-03-08T02:40:35","date_gmt":"2013-03-08T01:40:35","guid":{"rendered":"http:\/\/somos.vicencianos.org\/?p=118131"},"modified":"2016-07-27T12:11:00","modified_gmt":"2016-07-27T10:11:00","slug":"centenario-de-las-hermanas-de-la-caridad-en-el-hospicio-de-san-jose-manila-1965","status":"publish","type":"post","link":"https:\/\/vincentians.com\/es\/centenario-de-las-hermanas-de-la-caridad-en-el-hospicio-de-san-jose-manila-1965\/","title":{"rendered":"Centenario de las Hermanas de la Caridad en el Hospicio de San Jos\u00e9 (Manila 1965)"},"content":{"rendered":"<p><a href=\"http:\/\/vicencianos.org\/blog\/2013\/03\/08\/centenario-de-las-hermanas-de-la-caridad-en-el-hospicio-de-san-jose-manila-1965\/sam_0993\/\" rel=\"attachment wp-att-118132\"><img data-recalc-dims=\"1\" loading=\"lazy\" decoding=\"async\" class=\"alignleft size-full wp-image-118132\" alt=\"sam_0993\" src=\"https:\/\/i0.wp.com\/vicencianos.org\/wp-content\/2013\/02\/sam_0993.jpg?resize=250%2C187\" width=\"250\" height=\"187\" \/><\/a>En el Hospicio de San Jos\u00e9, donde \u00aba ning\u00fan pobre le falt\u00f3 el pan de la tierra ni a ning\u00fan moribundo le falt\u00f3 el pan del Cielo\u00bb, se tuvo en los d\u00edas 27, 28 y 29 de junio de 1965 grandiosa celebra\u00adci\u00f3n del Centenario de la llegada de las Hermanas de la Caridad al Hospicio de San Jos\u00e9, de Manila, establecimiento que luci\u00f3 en el triduo sus mejores galas&#8230; con banquetes espirituales de alum\u00adnos y ex alumnos, de pupilos y protegidos con tutores y protec\u00adtores, todo en medio de la m\u00e1s genuina alegr\u00eda de quienes, por muchos a\u00f1os separados en los azares de la vida, se vieron reuni\u00addos en aquella casa solariega de los pobres.<\/p>\n<p>\u00abDonde a ning\u00fan pobre le falt\u00f3 el pan de la tierra ni a nin\u00adg\u00fan moribundo le falt\u00f3 el pan del Cielo\u00bb fueron palabras del ins\u00adpirad\u00edsimo serm\u00f3n pronunciado en la Misa solemne del lunes, d\u00eda 28, por el R. P. Adolfo Gabriel, Capell\u00e1n del Hospicio de San Jos\u00e9 y ex alumno del mismo. Su emocionante alocuci\u00f3n tuvo por tema la instituci\u00f3n de caridad en torno a, m\u00e1s bien, dentro de la esfera de acci\u00f3n apost\u00f3lica, did\u00e1ctica y social de los gloriosos hijos de San Vicente de Pa\u00fal, los PP. Pa\u00fales y las Hermanas de la Caridad. M\u00e1s de un ex alumno se llev\u00f3 el pa\u00f1uelo a los ojos, humedecidos por las palabras del P. Gabriel. La Misa cantada fue oficiada por Mons. Guillermo Mendoza con di\u00e1cono (el P. Ledes\u00adma, S. J.) y subdi\u00e1cono (el P. Garduce, O. S. B., que entre los tutelares muros del Hospicio fue varios a\u00f1os sol\u00edcito instructor).<\/p>\n<p>El domingo, 27, tuvo la Misa armonizada su excelencia ilustr\u00edsi\u00adma monse\u00f1or Casas, Obispo de Imus, en representaci\u00f3n del Pro\u00adtector del Hospicio, su eminencia el Cardenal Arzobispo de Ma\u00adnila, R. Santos, y el s\u00e1bado tambi\u00e9n Misa armonizada, que fue celebrada por el ilustr\u00edsimo y reverend\u00edsimo <b>Vicario General, mon\u00ad<\/b><b>se\u00f1or Jos\u00e9 <\/b><b>N.<\/b><b> Jovellanos, una de cuyas glorias piadosas es el ser <\/b><b>hijo<\/b><b> de una santa hospiciana y de un Javell<\/b><b>a<\/b><b>nos <\/b><b>que fue uno de los <\/b><b>amigos de la Juventud <\/b>del h\u00e9roe nacional doctor Jos\u00e9 Rizal. El triduo de actos piadosos fue la expresi\u00f3n m\u00e1s fiel del esp\u00edritu cristiano que impera en el Hospicio.<\/p>\n<p>Pero grat\u00edsimo acontecimiento humano fue el jolgorio que ni\u00ad\u00f1os y viejos que estuvieron en el Hospicio a trav\u00e9s de los \u00fal\u00adtimos sesenta a\u00f1os tuvieron con recuerdos de su infancia, aten\u00addidos sol\u00edcitamente por las Hermanitas, todas filipinas, y su Su\u00adperiora, la reverenda Sor Cristina Nicolao, \u00fanica Madre espa\u00f1ola que hay en aquel remanso de paz de la isla de la Convalecencia, besada por las aguas del Pasig, que completamente la rodean.<\/p>\n<p>Broche de oro de los festejos fue el Programa Literario Mu\u00adsical en el auditorium del Colegio de Santa Isabel, en la avenida Taft, precedido por las marchas filipina y espa\u00f1ola, ejecutadas por la mejor de las rondallas infantiles de Filipinas, la rondalla \u00abEl Lirio\u00bb, dirigida brillantemente por el se\u00f1or Leo Macariola y asistida al piano por la se\u00f1orita Elizabeth Basilio, que adem\u00e1s ejecut\u00f3, en medio de nutridos aplausos, \u00abPoet &amp; Peasant\u00bb, \u00abPhili\u00adpine Air\u00bb y \u00abMalague\u00f1a\u00bb, teniendo como complemento el \u00abHimno Nacional\u00bb, cantado por el coro de ni\u00f1os y ni\u00f1as del Hospital de San Jos\u00e9.<\/p>\n<p>Cap\u00edtulo aparte debiera darse al sainete c\u00f3mico \u00abJes\u00fas, que an\u00adtip\u00e1ticas\u00bb, por las ex alumnas.<\/p>\n<p>El n\u00famero de la poes\u00eda \u00abEvocaci\u00f3n\u00bb, por la se\u00f1orita Luisa Aranda, agua cristalina de dicci\u00f3n y donaire en su gesto y en su palabra; las Hijas de la Caridad, representadas por las se\u00f1o\u00adritas Lourdes Eizmendi, Mariana Aranda, Lourdes P\u00e9rez, Anto\u00adnia Cavanna y Ofelia Fajardo, con sus tocas y viejo h\u00e1bito de ayer de las Hijas de San Vicente; los bailes \u00abEspa\u00f1a Ca\u00f1\u00ed\u00bb y \u00abSevillanas\u00bb, etc.<\/p>\n<p>En el \u00abSaludo\u00bb del programa se rindi\u00f3 homenaje a la Supe\u00adriora actual del Hospicio de San Jos\u00e9, Sor Cristina, con evoca\u00adci\u00f3n piadosa a las Superioras que ya se fueron y apreciadas re\u00adligiosas, como Sor Margarita Berruezo, Sor Matilde Romero y Sor Magdalena Cornejo, las dos primeras ahora en Ceb\u00fa, y la \u00faltima en el \u00abWhite Cruss\u00bb, de San Juan del Monte; Sor Cristina, la actual Superiora, fue objeto de grandes y sinceras felicitacio\u00adnes por haber sido el alma de la celebraci\u00f3n del inolvidable Cen\u00adtenario.<\/p>\n<p>De <b>\u00abEl <\/b>Debate\u00bb.<\/p>\n","protected":false},"excerpt":{"rendered":"<p>En el Hospicio de San Jos\u00e9, donde \u00aba ning\u00fan pobre le falt\u00f3 el pan de la tierra ni a ning\u00fan moribundo le falt\u00f3 el pan del Cielo\u00bb, se tuvo en los d\u00edas 27, 28 y &#8230; <a href=\"https:\/\/vincentians.com\/es\/centenario-de-las-hermanas-de-la-caridad-en-el-hospicio-de-san-jose-manila-1965\/\" class=\"more-link\">Read More<\/a><\/p>\n","protected":false},"author":5,"featured_media":118132,"comment_status":"open","ping_status":"open","sticky":false,"template":"","format":"standard","meta":{"jetpack_post_was_ever_published":false,"_jetpack_newsletter_access":"","_jetpack_dont_email_post_to_subs":false,"_jetpack_newsletter_tier_id":0,"_jetpack_memberships_contains_paywalled_content":false,"_jetpack_memberships_contains_paid_content":false,"footnotes":"","jetpack_publicize_message":"","jetpack_publicize_feature_enabled":true,"jetpack_social_post_already_shared":true,"jetpack_social_options":{"image_generator_settings":{"template":"highway","default_image_id":0,"font":"","enabled":false},"version":2}},"categories":[237],"tags":[],"class_list":["post-118131","post","type-post","status-publish","format-standard","has-post-thumbnail","hentry","category-historia-de-las-hijas-de-la-caridad"],"yoast_head":"<!-- This site is optimized with the Yoast SEO plugin v26.3 - https:\/\/yoast.com\/wordpress\/plugins\/seo\/ -->\n<title>Centenario de las Hermanas de la Caridad en el Hospicio de San Jos\u00e9 (Manila 1965) - Somos Vicencianos<\/title>\n<meta name=\"robots\" content=\"index, follow, max-snippet:-1, max-image-preview:large, max-video-preview:-1\" \/>\n<link rel=\"canonical\" href=\"https:\/\/vincentians.com\/es\/centenario-de-las-hermanas-de-la-caridad-en-el-hospicio-de-san-jose-manila-1965\/\" \/>\n<meta property=\"og:locale\" content=\"es_ES\" \/>\n<meta property=\"og:type\" content=\"article\" \/>\n<meta property=\"og:title\" content=\"Centenario de las Hermanas de la Caridad en el Hospicio de San Jos\u00e9 (Manila 1965) - Somos Vicencianos\" \/>\n<meta property=\"og:description\" content=\"En el Hospicio de San Jos\u00e9, donde \u00aba ning\u00fan pobre le falt\u00f3 el pan de la tierra ni a ning\u00fan moribundo le falt\u00f3 el pan del Cielo\u00bb, se tuvo en los d\u00edas 27, 28 y ... Read More\" \/>\n<meta property=\"og:url\" content=\"https:\/\/vincentians.com\/es\/centenario-de-las-hermanas-de-la-caridad-en-el-hospicio-de-san-jose-manila-1965\/\" \/>\n<meta property=\"og:site_name\" content=\"Somos Vicencianos\" \/>\n<meta property=\"article:publisher\" content=\"https:\/\/www.facebook.com\/WeAreVincentians\/\" \/>\n<meta property=\"article:published_time\" content=\"2013-03-08T01:40:35+00:00\" \/>\n<meta property=\"article:modified_time\" content=\"2016-07-27T10:11:00+00:00\" \/>\n<meta name=\"author\" content=\"Mitxel Olabu\u00e9naga\" \/>\n<meta name=\"twitter:card\" content=\"summary_large_image\" \/>\n<meta name=\"twitter:creator\" content=\"@WeVincentians\" \/>\n<meta name=\"twitter:site\" content=\"@WeVincentians\" \/>\n<meta name=\"twitter:label1\" content=\"Escrito por\" \/>\n\t<meta name=\"twitter:data1\" content=\"Mitxel Olabu\u00e9naga\" \/>\n\t<meta name=\"twitter:label2\" content=\"Tiempo de lectura\" \/>\n\t<meta name=\"twitter:data2\" content=\"4 minutos\" \/>\n<script type=\"application\/ld+json\" class=\"yoast-schema-graph\">{\"@context\":\"https:\/\/schema.org\",\"@graph\":[{\"@type\":\"Article\",\"@id\":\"https:\/\/vincentians.com\/es\/centenario-de-las-hermanas-de-la-caridad-en-el-hospicio-de-san-jose-manila-1965\/#article\",\"isPartOf\":{\"@id\":\"https:\/\/vincentians.com\/es\/centenario-de-las-hermanas-de-la-caridad-en-el-hospicio-de-san-jose-manila-1965\/\"},\"author\":{\"name\":\"Mitxel Olabu\u00e9naga\",\"@id\":\"http:\/\/vincentians.com\/es\/#\/schema\/person\/7c2670b4445a7ca9d164ea6acdb31859\"},\"headline\":\"Centenario de las Hermanas de la Caridad en el Hospicio de San Jos\u00e9 (Manila 1965)\",\"datePublished\":\"2013-03-08T01:40:35+00:00\",\"dateModified\":\"2016-07-27T10:11:00+00:00\",\"mainEntityOfPage\":{\"@id\":\"https:\/\/vincentians.com\/es\/centenario-de-las-hermanas-de-la-caridad-en-el-hospicio-de-san-jose-manila-1965\/\"},\"wordCount\":796,\"commentCount\":0,\"publisher\":{\"@id\":\"http:\/\/vincentians.com\/es\/#organization\"},\"image\":{\"@id\":\"https:\/\/vincentians.com\/es\/centenario-de-las-hermanas-de-la-caridad-en-el-hospicio-de-san-jose-manila-1965\/#primaryimage\"},\"thumbnailUrl\":\"\",\"articleSection\":[\"Historia de las Hijas de la Caridad\"],\"inLanguage\":\"es\",\"potentialAction\":[{\"@type\":\"CommentAction\",\"name\":\"Comment\",\"target\":[\"https:\/\/vincentians.com\/es\/centenario-de-las-hermanas-de-la-caridad-en-el-hospicio-de-san-jose-manila-1965\/#respond\"]}]},{\"@type\":\"WebPage\",\"@id\":\"https:\/\/vincentians.com\/es\/centenario-de-las-hermanas-de-la-caridad-en-el-hospicio-de-san-jose-manila-1965\/\",\"url\":\"https:\/\/vincentians.com\/es\/centenario-de-las-hermanas-de-la-caridad-en-el-hospicio-de-san-jose-manila-1965\/\",\"name\":\"Centenario de las Hermanas de la Caridad en el Hospicio de San Jos\u00e9 (Manila 1965) - Somos Vicencianos\",\"isPartOf\":{\"@id\":\"http:\/\/vincentians.com\/es\/#website\"},\"primaryImageOfPage\":{\"@id\":\"https:\/\/vincentians.com\/es\/centenario-de-las-hermanas-de-la-caridad-en-el-hospicio-de-san-jose-manila-1965\/#primaryimage\"},\"image\":{\"@id\":\"https:\/\/vincentians.com\/es\/centenario-de-las-hermanas-de-la-caridad-en-el-hospicio-de-san-jose-manila-1965\/#primaryimage\"},\"thumbnailUrl\":\"\",\"datePublished\":\"2013-03-08T01:40:35+00:00\",\"dateModified\":\"2016-07-27T10:11:00+00:00\",\"breadcrumb\":{\"@id\":\"https:\/\/vincentians.com\/es\/centenario-de-las-hermanas-de-la-caridad-en-el-hospicio-de-san-jose-manila-1965\/#breadcrumb\"},\"inLanguage\":\"es\",\"potentialAction\":[{\"@type\":\"ReadAction\",\"target\":[\"https:\/\/vincentians.com\/es\/centenario-de-las-hermanas-de-la-caridad-en-el-hospicio-de-san-jose-manila-1965\/\"]}]},{\"@type\":\"ImageObject\",\"inLanguage\":\"es\",\"@id\":\"https:\/\/vincentians.com\/es\/centenario-de-las-hermanas-de-la-caridad-en-el-hospicio-de-san-jose-manila-1965\/#primaryimage\",\"url\":\"\",\"contentUrl\":\"\"},{\"@type\":\"BreadcrumbList\",\"@id\":\"https:\/\/vincentians.com\/es\/centenario-de-las-hermanas-de-la-caridad-en-el-hospicio-de-san-jose-manila-1965\/#breadcrumb\",\"itemListElement\":[{\"@type\":\"ListItem\",\"position\":1,\"name\":\"Portada\",\"item\":\"http:\/\/vincentians.com\/es\/\"},{\"@type\":\"ListItem\",\"position\":2,\"name\":\"Centenario de las Hermanas de la Caridad en el Hospicio de San Jos\u00e9 (Manila 1965)\"}]},{\"@type\":\"WebSite\",\"@id\":\"http:\/\/vincentians.com\/es\/#website\",\"url\":\"http:\/\/vincentians.com\/es\/\",\"name\":\"Somos Vicencianos\",\"description\":\"Know more to serve more\",\"publisher\":{\"@id\":\"http:\/\/vincentians.com\/es\/#organization\"},\"potentialAction\":[{\"@type\":\"SearchAction\",\"target\":{\"@type\":\"EntryPoint\",\"urlTemplate\":\"http:\/\/vincentians.com\/es\/?s={search_term_string}\"},\"query-input\":{\"@type\":\"PropertyValueSpecification\",\"valueRequired\":true,\"valueName\":\"search_term_string\"}}],\"inLanguage\":\"es\"},{\"@type\":\"Organization\",\"@id\":\"http:\/\/vincentians.com\/es\/#organization\",\"name\":\"The Vincentian Network\",\"url\":\"http:\/\/vincentians.com\/es\/\",\"logo\":{\"@type\":\"ImageObject\",\"inLanguage\":\"es\",\"@id\":\"http:\/\/vincentians.com\/es\/#\/schema\/logo\/image\/\",\"url\":\"https:\/\/i1.wp.com\/vincentians.com\/es\/wp-content\/uploads\/sites\/11\/2016\/06\/Vincentian-Network-logo-big.png?fit=778%2C778\",\"contentUrl\":\"https:\/\/i1.wp.com\/vincentians.com\/es\/wp-content\/uploads\/sites\/11\/2016\/06\/Vincentian-Network-logo-big.png?fit=778%2C778\",\"width\":778,\"height\":778,\"caption\":\"The Vincentian Network\"},\"image\":{\"@id\":\"http:\/\/vincentians.com\/es\/#\/schema\/logo\/image\/\"},\"sameAs\":[\"https:\/\/www.facebook.com\/WeAreVincentians\/\",\"https:\/\/x.com\/WeVincentians\"]},{\"@type\":\"Person\",\"@id\":\"http:\/\/vincentians.com\/es\/#\/schema\/person\/7c2670b4445a7ca9d164ea6acdb31859\",\"name\":\"Mitxel Olabu\u00e9naga\",\"image\":{\"@type\":\"ImageObject\",\"inLanguage\":\"es\",\"@id\":\"http:\/\/vincentians.com\/es\/#\/schema\/person\/image\/\",\"url\":\"https:\/\/secure.gravatar.com\/avatar\/34137ec2e2b8939cbbed975731e71f3f4f1defc7266ded337a5ce0f925426877?s=96&d=mm&r=g\",\"contentUrl\":\"https:\/\/secure.gravatar.com\/avatar\/34137ec2e2b8939cbbed975731e71f3f4f1defc7266ded337a5ce0f925426877?s=96&d=mm&r=g\",\"caption\":\"Mitxel Olabu\u00e9naga\"},\"url\":\"https:\/\/vincentians.com\/es\/author\/mitxel\/\"}]}<\/script>\n<!-- \/ Yoast SEO plugin. -->","yoast_head_json":{"title":"Centenario de las Hermanas de la Caridad en el Hospicio de San Jos\u00e9 (Manila 1965) - Somos Vicencianos","robots":{"index":"index","follow":"follow","max-snippet":"max-snippet:-1","max-image-preview":"max-image-preview:large","max-video-preview":"max-video-preview:-1"},"canonical":"https:\/\/vincentians.com\/es\/centenario-de-las-hermanas-de-la-caridad-en-el-hospicio-de-san-jose-manila-1965\/","og_locale":"es_ES","og_type":"article","og_title":"Centenario de las Hermanas de la Caridad en el Hospicio de San Jos\u00e9 (Manila 1965) - Somos Vicencianos","og_description":"En el Hospicio de San Jos\u00e9, donde \u00aba ning\u00fan pobre le falt\u00f3 el pan de la tierra ni a ning\u00fan moribundo le falt\u00f3 el pan del Cielo\u00bb, se tuvo en los d\u00edas 27, 28 y ... Read More","og_url":"https:\/\/vincentians.com\/es\/centenario-de-las-hermanas-de-la-caridad-en-el-hospicio-de-san-jose-manila-1965\/","og_site_name":"Somos Vicencianos","article_publisher":"https:\/\/www.facebook.com\/WeAreVincentians\/","article_published_time":"2013-03-08T01:40:35+00:00","article_modified_time":"2016-07-27T10:11:00+00:00","author":"Mitxel Olabu\u00e9naga","twitter_card":"summary_large_image","twitter_creator":"@WeVincentians","twitter_site":"@WeVincentians","twitter_misc":{"Escrito por":"Mitxel Olabu\u00e9naga","Tiempo de lectura":"4 minutos"},"schema":{"@context":"https:\/\/schema.org","@graph":[{"@type":"Article","@id":"https:\/\/vincentians.com\/es\/centenario-de-las-hermanas-de-la-caridad-en-el-hospicio-de-san-jose-manila-1965\/#article","isPartOf":{"@id":"https:\/\/vincentians.com\/es\/centenario-de-las-hermanas-de-la-caridad-en-el-hospicio-de-san-jose-manila-1965\/"},"author":{"name":"Mitxel Olabu\u00e9naga","@id":"http:\/\/vincentians.com\/es\/#\/schema\/person\/7c2670b4445a7ca9d164ea6acdb31859"},"headline":"Centenario de las Hermanas de la Caridad en el Hospicio de San Jos\u00e9 (Manila 1965)","datePublished":"2013-03-08T01:40:35+00:00","dateModified":"2016-07-27T10:11:00+00:00","mainEntityOfPage":{"@id":"https:\/\/vincentians.com\/es\/centenario-de-las-hermanas-de-la-caridad-en-el-hospicio-de-san-jose-manila-1965\/"},"wordCount":796,"commentCount":0,"publisher":{"@id":"http:\/\/vincentians.com\/es\/#organization"},"image":{"@id":"https:\/\/vincentians.com\/es\/centenario-de-las-hermanas-de-la-caridad-en-el-hospicio-de-san-jose-manila-1965\/#primaryimage"},"thumbnailUrl":"","articleSection":["Historia de las Hijas de la Caridad"],"inLanguage":"es","potentialAction":[{"@type":"CommentAction","name":"Comment","target":["https:\/\/vincentians.com\/es\/centenario-de-las-hermanas-de-la-caridad-en-el-hospicio-de-san-jose-manila-1965\/#respond"]}]},{"@type":"WebPage","@id":"https:\/\/vincentians.com\/es\/centenario-de-las-hermanas-de-la-caridad-en-el-hospicio-de-san-jose-manila-1965\/","url":"https:\/\/vincentians.com\/es\/centenario-de-las-hermanas-de-la-caridad-en-el-hospicio-de-san-jose-manila-1965\/","name":"Centenario de las Hermanas de la Caridad en el Hospicio de San Jos\u00e9 (Manila 1965) - Somos Vicencianos","isPartOf":{"@id":"http:\/\/vincentians.com\/es\/#website"},"primaryImageOfPage":{"@id":"https:\/\/vincentians.com\/es\/centenario-de-las-hermanas-de-la-caridad-en-el-hospicio-de-san-jose-manila-1965\/#primaryimage"},"image":{"@id":"https:\/\/vincentians.com\/es\/centenario-de-las-hermanas-de-la-caridad-en-el-hospicio-de-san-jose-manila-1965\/#primaryimage"},"thumbnailUrl":"","datePublished":"2013-03-08T01:40:35+00:00","dateModified":"2016-07-27T10:11:00+00:00","breadcrumb":{"@id":"https:\/\/vincentians.com\/es\/centenario-de-las-hermanas-de-la-caridad-en-el-hospicio-de-san-jose-manila-1965\/#breadcrumb"},"inLanguage":"es","potentialAction":[{"@type":"ReadAction","target":["https:\/\/vincentians.com\/es\/centenario-de-las-hermanas-de-la-caridad-en-el-hospicio-de-san-jose-manila-1965\/"]}]},{"@type":"ImageObject","inLanguage":"es","@id":"https:\/\/vincentians.com\/es\/centenario-de-las-hermanas-de-la-caridad-en-el-hospicio-de-san-jose-manila-1965\/#primaryimage","url":"","contentUrl":""},{"@type":"BreadcrumbList","@id":"https:\/\/vincentians.com\/es\/centenario-de-las-hermanas-de-la-caridad-en-el-hospicio-de-san-jose-manila-1965\/#breadcrumb","itemListElement":[{"@type":"ListItem","position":1,"name":"Portada","item":"http:\/\/vincentians.com\/es\/"},{"@type":"ListItem","position":2,"name":"Centenario de las Hermanas de la Caridad en el Hospicio de San Jos\u00e9 (Manila 1965)"}]},{"@type":"WebSite","@id":"http:\/\/vincentians.com\/es\/#website","url":"http:\/\/vincentians.com\/es\/","name":"Somos Vicencianos","description":"Know more to serve more","publisher":{"@id":"http:\/\/vincentians.com\/es\/#organization"},"potentialAction":[{"@type":"SearchAction","target":{"@type":"EntryPoint","urlTemplate":"http:\/\/vincentians.com\/es\/?s={search_term_string}"},"query-input":{"@type":"PropertyValueSpecification","valueRequired":true,"valueName":"search_term_string"}}],"inLanguage":"es"},{"@type":"Organization","@id":"http:\/\/vincentians.com\/es\/#organization","name":"The Vincentian Network","url":"http:\/\/vincentians.com\/es\/","logo":{"@type":"ImageObject","inLanguage":"es","@id":"http:\/\/vincentians.com\/es\/#\/schema\/logo\/image\/","url":"https:\/\/i1.wp.com\/vincentians.com\/es\/wp-content\/uploads\/sites\/11\/2016\/06\/Vincentian-Network-logo-big.png?fit=778%2C778","contentUrl":"https:\/\/i1.wp.com\/vincentians.com\/es\/wp-content\/uploads\/sites\/11\/2016\/06\/Vincentian-Network-logo-big.png?fit=778%2C778","width":778,"height":778,"caption":"The Vincentian Network"},"image":{"@id":"http:\/\/vincentians.com\/es\/#\/schema\/logo\/image\/"},"sameAs":["https:\/\/www.facebook.com\/WeAreVincentians\/","https:\/\/x.com\/WeVincentians"]},{"@type":"Person","@id":"http:\/\/vincentians.com\/es\/#\/schema\/person\/7c2670b4445a7ca9d164ea6acdb31859","name":"Mitxel Olabu\u00e9naga","image":{"@type":"ImageObject","inLanguage":"es","@id":"http:\/\/vincentians.com\/es\/#\/schema\/person\/image\/","url":"https:\/\/secure.gravatar.com\/avatar\/34137ec2e2b8939cbbed975731e71f3f4f1defc7266ded337a5ce0f925426877?s=96&d=mm&r=g","contentUrl":"https:\/\/secure.gravatar.com\/avatar\/34137ec2e2b8939cbbed975731e71f3f4f1defc7266ded337a5ce0f925426877?s=96&d=mm&r=g","caption":"Mitxel Olabu\u00e9naga"},"url":"https:\/\/vincentians.com\/es\/author\/mitxel\/"}]}},"jetpack_publicize_connections":[],"jetpack_featured_media_url":"","jetpack_sharing_enabled":true,"jetpack_shortlink":"https:\/\/wp.me\/p7ETMF-uJl","jetpack-related-posts":[{"id":127443,"url":"https:\/\/vincentians.com\/es\/la-soledad-de-los-ancianos-ii\/","url_meta":{"origin":118131,"position":0},"title":"La soledad de los ancianos (II)","author":"Francisco Javier Fern\u00e1ndez Chento","date":"27\/02\/2024","format":false,"excerpt":"Elecci\u00f3n de los hospitalizados Santa Luisa concede una importancia capital, sobre todo al principio, al crear un ambiente de paz serena en la que se pueda colocar a estos pobres queridos. \"Qu\u00e9 grande es esta obra, escribe, y qu\u00e9 importante po\u00adnerle unos buenos cimientos, tanto para hacerla lo m\u00e1s per\u00adfecta\u2026","rel":"","context":"En \u00abFormaci\u00f3n Vicenciana\u00bb","block_context":{"text":"Formaci\u00f3n Vicenciana","link":"https:\/\/vincentians.com\/es\/category\/formacion-vicenciana\/"},"img":{"alt_text":"","src":"https:\/\/i0.wp.com\/vincentians.com\/es\/wp-content\/uploads\/sites\/11\/2023\/08\/aa.gif?fit=868%2C430&ssl=1&resize=350%2C200","width":350,"height":200,"srcset":"https:\/\/i0.wp.com\/vincentians.com\/es\/wp-content\/uploads\/sites\/11\/2023\/08\/aa.gif?fit=868%2C430&ssl=1&resize=350%2C200 1x, https:\/\/i0.wp.com\/vincentians.com\/es\/wp-content\/uploads\/sites\/11\/2023\/08\/aa.gif?fit=868%2C430&ssl=1&resize=525%2C300 1.5x, https:\/\/i0.wp.com\/vincentians.com\/es\/wp-content\/uploads\/sites\/11\/2023\/08\/aa.gif?fit=868%2C430&ssl=1&resize=700%2C400 2x"},"classes":[]},{"id":130372,"url":"https:\/\/vincentians.com\/es\/un-perfil-heroico-santa-luisa-de-marillac-17\/","url_meta":{"origin":118131,"position":1},"title":"Un perfil heroico: santa Luisa de Marillac (17)","author":"Francisco Javier Fern\u00e1ndez Chento","date":"11\/03\/2015","format":false,"excerpt":"Id, pues, a las salidas de los caminos, y a todos cuantos encontr\u00e9is convidadlos a las bodas. (Mat., XXII.) Las obras emprendidas en la Caridad se afianzaban por todas partes bajo el prudente cuidado de los santos fundadores. Parec\u00eda imposible que dos vidas tan llenas pudieran multiplicarse nuevamente en el\u2026","rel":"","context":"En \u00abLuisa de Marillac\u00bb","block_context":{"text":"Luisa de Marillac","link":"https:\/\/vincentians.com\/es\/category\/la-familia-vicenciana\/fundadores\/luisa-de-marillac\/"},"img":{"alt_text":"OLYMPUS DIGITAL CAMERA","src":"https:\/\/i0.wp.com\/vicencianos.org\/wp-content\/2014\/04\/louise-marillac-300x248.jpg?resize=350%2C200","width":350,"height":200},"classes":[]},{"id":115059,"url":"https:\/\/vincentians.com\/es\/casas-de-las-hijas-de-la-caridad-en-paris-en-tiempos-de-san-vicente-iii\/","url_meta":{"origin":118131,"position":2},"title":"Casas de las Hijas de la Caridad en Par\u00eds en tiempos de San Vicente (III)","author":"Mitxel Olabu\u00e9naga","date":"21\/02\/2019","format":false,"excerpt":"2) Otras casas en Par\u00eds a) Hospicio de Quinze-Vingts (15 x 20 = 300) (II, 425) Era un hospicio para ciegos. Fundado entre 1254 y 1261 por el rey San Luis en recuerdo de la mutilaci\u00f3n de 300 cruzados a quienes les sacaron los ojos en Tierra Santa. Era un\u2026","rel":"","context":"En \u00abEn tiempos de Vicente de Pa\u00fal\u00bb","block_context":{"text":"En tiempos de Vicente de Pa\u00fal","link":"https:\/\/vincentians.com\/es\/category\/historia-de-la-familia-vicenciana\/en-tiempos-de-vicente-de-paul\/"},"img":{"alt_text":"","src":"https:\/\/i0.wp.com\/vincentians.com\/es\/wp-content\/uploads\/sites\/11\/2016\/08\/con-damas-de-la-caridad.jpg?fit=1200%2C630&ssl=1&resize=350%2C200","width":350,"height":200,"srcset":"https:\/\/i0.wp.com\/vincentians.com\/es\/wp-content\/uploads\/sites\/11\/2016\/08\/con-damas-de-la-caridad.jpg?fit=1200%2C630&ssl=1&resize=350%2C200 1x, https:\/\/i0.wp.com\/vincentians.com\/es\/wp-content\/uploads\/sites\/11\/2016\/08\/con-damas-de-la-caridad.jpg?fit=1200%2C630&ssl=1&resize=525%2C300 1.5x, https:\/\/i0.wp.com\/vincentians.com\/es\/wp-content\/uploads\/sites\/11\/2016\/08\/con-damas-de-la-caridad.jpg?fit=1200%2C630&ssl=1&resize=700%2C400 2x, https:\/\/i0.wp.com\/vincentians.com\/es\/wp-content\/uploads\/sites\/11\/2016\/08\/con-damas-de-la-caridad.jpg?fit=1200%2C630&ssl=1&resize=1050%2C600 3x"},"classes":[]},{"id":120717,"url":"https:\/\/vincentians.com\/es\/santidad-en-catalina-laboure\/","url_meta":{"origin":118131,"position":3},"title":"Santidad en Catalina Labour\u00e9","author":"Francisco Javier Fern\u00e1ndez Chento","date":"19\/05\/2013","format":false,"excerpt":"Los Santos son los verdaderos portadores de luz en la historia, porque son hombres y mujeres de fe, esperanza y amor. Los Santos no nacen se hacen. Catalina se va haciendo Santa, ya desde ni\u00f1a vamos viendo rasgos de esa santidad que luego desarrollara. Catalina nace en Fain-les-Moutier, una aldea\u2026","rel":"","context":"En \u00abCatalina Labour\u00e9\u00bb","block_context":{"text":"Catalina Labour\u00e9","link":"https:\/\/vincentians.com\/es\/category\/la-familia-vicenciana\/la-familia-vicenciana-en-los-altares\/santos\/catalina-laboure\/"},"img":{"alt_text":"CLaboure","src":"https:\/\/i0.wp.com\/vicencianos.org\/wp-content\/2013\/05\/CLaboure-300x225.jpg?resize=350%2C200","width":350,"height":200},"classes":[]},{"id":118063,"url":"https:\/\/vincentians.com\/es\/sor-isidora-ollo-ilizarbe\/","url_meta":{"origin":118131,"position":4},"title":"Sor Isidora Ollo Ilizarbe","author":"Mitxel Olabu\u00e9naga","date":"12\/03\/2013","format":false,"excerpt":"Naci\u00f3 el 7 de junio de 1890 en un pueblecito navarro, Ara\u00faza. En su casa se reun\u00edan todos los sacerdotes del contorno, y cuan\u00addo el P\u00e1rroco del pueblo no ten\u00eda qui\u00e9n le sirviera, era un familiar m\u00e1s en la casa de los 011o. Con ellos estuvo mucho tiempo don Bruno,\u2026","rel":"","context":"En \u00abBiograf\u00edas de Hijas de la Caridad\u00bb","block_context":{"text":"Biograf\u00edas de Hijas de la Caridad","link":"https:\/\/vincentians.com\/es\/category\/la-familia-vicenciana\/biografias-vicencianas\/biografias-de-hijas-de-la-caridad\/"},"img":{"alt_text":"","src":"https:\/\/i0.wp.com\/vincentians.com\/es\/wp-content\/uploads\/sites\/11\/2016\/07\/bio-hc.jpg?fit=1200%2C630&ssl=1&resize=350%2C200","width":350,"height":200,"srcset":"https:\/\/i0.wp.com\/vincentians.com\/es\/wp-content\/uploads\/sites\/11\/2016\/07\/bio-hc.jpg?fit=1200%2C630&ssl=1&resize=350%2C200 1x, https:\/\/i0.wp.com\/vincentians.com\/es\/wp-content\/uploads\/sites\/11\/2016\/07\/bio-hc.jpg?fit=1200%2C630&ssl=1&resize=525%2C300 1.5x, https:\/\/i0.wp.com\/vincentians.com\/es\/wp-content\/uploads\/sites\/11\/2016\/07\/bio-hc.jpg?fit=1200%2C630&ssl=1&resize=700%2C400 2x, https:\/\/i0.wp.com\/vincentians.com\/es\/wp-content\/uploads\/sites\/11\/2016\/07\/bio-hc.jpg?fit=1200%2C630&ssl=1&resize=1050%2C600 3x"},"classes":[]},{"id":127431,"url":"https:\/\/vincentians.com\/es\/la-ignorancia-de-la-juventud-pobre-iii\/","url_meta":{"origin":118131,"position":5},"title":"La ignorancia de la juventud pobre (III)","author":"Francisco Javier Fern\u00e1ndez Chento","date":"15\/08\/2024","format":false,"excerpt":"Instrucci\u00f3n de las \"ni\u00f1as pobres\" y de todos los pobres, quienes quiera que sean La obra de las \"peque\u00f1as escuelas\", como la obra entera de san Vicente y de santa Luisa, est\u00e1 dotada de flexibilidad y de adaptaci\u00f3n. A falta de maestras para instruirlos, los ni\u00f1os de familia acomodada ser\u00edan\u2026","rel":"","context":"En \u00abFormaci\u00f3n Vicenciana\u00bb","block_context":{"text":"Formaci\u00f3n Vicenciana","link":"https:\/\/vincentians.com\/es\/category\/formacion-vicenciana\/"},"img":{"alt_text":"","src":"","width":0,"height":0},"classes":[]}],"_links":{"self":[{"href":"https:\/\/vincentians.com\/es\/wp-json\/wp\/v2\/posts\/118131","targetHints":{"allow":["GET"]}}],"collection":[{"href":"https:\/\/vincentians.com\/es\/wp-json\/wp\/v2\/posts"}],"about":[{"href":"https:\/\/vincentians.com\/es\/wp-json\/wp\/v2\/types\/post"}],"author":[{"embeddable":true,"href":"https:\/\/vincentians.com\/es\/wp-json\/wp\/v2\/users\/5"}],"replies":[{"embeddable":true,"href":"https:\/\/vincentians.com\/es\/wp-json\/wp\/v2\/comments?post=118131"}],"version-history":[{"count":0,"href":"https:\/\/vincentians.com\/es\/wp-json\/wp\/v2\/posts\/118131\/revisions"}],"wp:featuredmedia":[{"embeddable":true,"href":"https:\/\/vincentians.com\/es\/wp-json\/"}],"wp:attachment":[{"href":"https:\/\/vincentians.com\/es\/wp-json\/wp\/v2\/media?parent=118131"}],"wp:term":[{"taxonomy":"category","embeddable":true,"href":"https:\/\/vincentians.com\/es\/wp-json\/wp\/v2\/categories?post=118131"},{"taxonomy":"post_tag","embeddable":true,"href":"https:\/\/vincentians.com\/es\/wp-json\/wp\/v2\/tags?post=118131"}],"curies":[{"name":"wp","href":"https:\/\/api.w.org\/{rel}","templated":true}]}}