{"id":118024,"date":"2013-02-28T07:03:53","date_gmt":"2013-02-28T06:03:53","guid":{"rendered":"http:\/\/somos.vicencianos.org\/?p=118024"},"modified":"2016-07-27T12:11:00","modified_gmt":"2016-07-27T10:11:00","slug":"estampa-en-el-dia-del-cambio-de-habito-1964","status":"publish","type":"post","link":"https:\/\/vincentians.com\/es\/estampa-en-el-dia-del-cambio-de-habito-1964\/","title":{"rendered":"Estampa en el d\u00eda del cambio de h\u00e1bito (1964)"},"content":{"rendered":"<p>El d\u00eda 20 de septiembre el M. R. P. General envi\u00f3 a todas y cada una de las Hijas de la Caridad una preciosa estampa-fotograf\u00eda de la fachada de la catedral de Estrasburgo y el lema \u00abCongregavit nos in unum Christi amor\u00bb, con un breve mensaje que, traducido al castellano, dice as\u00ed:<\/p>\n<blockquote><p><a href=\"http:\/\/vicencianos.org\/blog\/2013\/01\/28\/power-point-sobre-sor-lorenza-diaz-bolanos-h-c\/sor_lorenza_diaz_bolanos\/\" rel=\"attachment wp-att-117815\"><img data-recalc-dims=\"1\" loading=\"lazy\" decoding=\"async\" class=\"size-full wp-image-117815 alignright\" alt=\"sor_lorenza_diaz_bolanos\" src=\"https:\/\/i0.wp.com\/vicencianos.org\/wp-content\/2013\/01\/sor_lorenza_diaz_bolanos.jpg?resize=256%2C299\" width=\"256\" height=\"299\" \/><\/a>\u00abEnv\u00edo la bendici\u00f3n de San Vicente a cada Hija de la Caridad para el d\u00eda del cambio de su santo h\u00e1bito. iCu\u00e1n\u00adtos m\u00e9ritos para la eternidad supone el sacrificio del an\u00adtiguo, que les es tan querido! \u00a1Cu\u00e1n apreciada por Nues\u00adtro Se\u00f1or, por Nuestra Madre Inmaculada, por San Vicente y Santa Luisa esta conformidad con la Santa Sede, que quiere se vaya adaptando el h\u00e1bito religioso a las exigen\u00adcias modernas para mejor servir a Nuestro Se\u00f1or en los pobres, en los enfermos y en todas las obras de caridad!<\/p>\n<p>William M. SLATTERY, i. p. d. c. m.<br \/>\nSuperior General<\/p><\/blockquote>\n<p><i>Prensa y Televisi\u00f3n ante el <\/i><i>cambio de h\u00e1bito de las <\/i><i>Hijas de la Caridad<\/i><\/p>\n<p>Hubiera sido interesante hacer un inventario de todo lo publicado en la prensa nacional a prop\u00f3sito del cambio de h\u00e1bito de las Hijas de la Caridad, Pero el que esto es\u00adcribe, ausente un mes de Madrid, quiso ausentarse tam\u00adbi\u00e9n de su habitual preocupaci\u00f3n period\u00edstica, y los re\u00adcortes que despu\u00e9s ha podido recoger son pocos y algunos sin fecha ni procedencia.<\/p>\n<p>Bien pensado, la empresa hubiera resultado dif\u00edcil, casi imposible. Es muy probable que no haya habido en Ma\u00addrid y provincias publicaci\u00f3n period\u00edstica\u2014diarios y re\u00advistas\u2014que no se hayan ocupado del caso. Lo cual demues\u00adtra que la noticia interesaba al gran p\u00fablico y que tal in\u00adter\u00e9s estaba informado de una gran simpat\u00eda.<\/p>\n<p>Por comentar algo, nos podemos limitar a la prensa madrile\u00f1a de la ma\u00f1ana, la m\u00e1s importante en conjunto de la naci\u00f3n. Creo que abri\u00f3 fuego el art\u00edculo \u00abDama de las blancas tocas\u00bb, de Eugenia Serrano, en \u00abArriba\u00bb del 3 de julio, con demasiadas reminiscencias literarias, in\u00adexacto y de buena voluntad; ya diremos c\u00f3mo hay que in\u00adterpretar esta clase de colaboraciones en los peri\u00f3dicos. El mismo diario public\u00f3 el d\u00eda 19 de agosto, a toda portada, la foto de los h\u00e1bitos nuevo y antiguo, vestidos respecti\u00advamente por Sor Regina y Sor Superiora, ambas de una residencia de San Luis, Estados Unidos. Quiz\u00e1 fuera \u00e9sta la foto m\u00e1s divulgada, seguramente por proceder de una Agencia, la Cifra, seg\u00fan unas indicaciones, la Associated Press, seg\u00fan otras, Y el d\u00eda 22 aparec\u00eda una bell\u00edsima glo\u00adsa de Salvador Jim\u00e9nez a una foto de dos Hermanas sor\u00adprendidas en plena calle por la Agencia Fiel.<\/p>\n<p>\u00abYa\u00bb fue el diario que ofreci\u00f3 la informaci\u00f3n m\u00e1s acep\u00adtable. El d\u00eda 20 de agosto se public\u00f3 un reportaje del Pa\u00addre Vicente de Dios, ilustrado con las mejores fotograf\u00edas del h\u00e1bito nuevo que han aparecido hasta ahora; el art\u00edcu\u00adlo ten\u00eda una intenci\u00f3n de equilibrio y objetividad y se ex\u00adtend\u00eda sumariamente sobre la historia y el esp\u00edritu de las Hijas de la Caridad. El 6 de septiembre vio la luz p\u00fablica una colaboraci\u00f3n de Manuel Santaella, \u00abLas 45.000 Hijas del Capit\u00e1n\u00bb; dejando a un lado este \u00faltimo t\u00e9rmino, el art\u00edculo, como colaboraci\u00f3n literaria, estaba bien conce\u00adbido y mejor escrito. Dos d\u00edas despu\u00e9s aparec\u00eda una nota de prensa con car\u00e1cter de informaci\u00f3n oficial, que dec\u00eda as, en su p\u00e1rrafo central: \u00abHoy, con el fin de entrar en el movimiento de renovaci\u00f3n de la Iglesia y adaptarse me\u00adjor a las necesidades del mundo contempor\u00e1neo, las Hijas de la Caridad simplifican su h\u00e1bito, que ha llegado a ser un tanto arcaico, a pesar de cuanto evoca de pureza y ca\u00adridad a los ojos de los que a trav\u00e9s de los siglos han con\u00adtemplado su vida.\u00bb La \u00fanica deficiencia, hasta cierto pun\u00adto natural, de esta nota, era no tener en cuenta la reali\u00addad espa\u00f1ola de las Hijas de la Caridad, distinta de la do los dem\u00e1s pa\u00edses. El mismo d\u00eda del cambio de h\u00e1bito, San\u00adtos Yubero nos proporcionaba dos mal\u00edsimas fotograf\u00edas, a las que acompa\u00f1aba en la secci\u00f3n \u00abVida Religiosa\u00bb un breve y acertado comentario de Ricardo Cobas.<\/p>\n<p>Que sepamos, \u00abABC\u00bb se conform\u00f3 con un pie y un chiste gr\u00e1fico. Un pie a unas espl\u00e9ndidas fotograf\u00edas, el mismo d\u00eda 20 de septiembre, con el objeto principal de puntualizar errores sobre la asignaci\u00f3n de la paternidad del nuevo h\u00e1bito; como tales puntualizaciones se publica\u00adron sin aval ninguno y no muy en consonancia con la pre\u00adsentaci\u00f3n de los patrones por el \u00abEcho de la Mode, Editions de Montsouris\u00bb, no sabemos a qu\u00e9 atenernos en cuanto a su intenci\u00f3n y exactitud. Citemos a la Agencia Europa Press, que divulg\u00f3 por medio de diversos peri\u00f3dicos un serio art\u00edculo de Rafael Lucena can detalles del h\u00e1bito y generalidades del Insti\u00adtuto, acompa\u00f1ado de uno de los dibujos del folleto de pa\u00adtrones. Y como curiosidad, aludamos a la espectacular foto \u00abKeystone\u00bb, donde una Hermana, vestida de nuevo, nos mira de frente, mientras tres a cada uno de sus lados, to\u00addas de antiguo, nos vuelven graciosamente la espalda, en una especie de ejercicio gimn\u00e1stico o coreogr\u00e1fico.<\/p>\n<p style=\"text-align: center\">***<\/p>\n<p>Quiz\u00e1 lo m\u00e1s importante de todo este asunto no sea el recuento de las informaciones dadas, sino las considera\u00adciones que a estas alturas podemos hacernos. La aparici\u00f3n de cualquier nota period\u00edstica relativa al tema sol\u00eda pro\u00adducir una serie de comentarios generalmente desfavorables. Pero, evidentemente, tales comentarios carec\u00edan mu\u00adchas veces de sentido com\u00fan.<\/p>\n<p>Unos parec\u00edan pretender que no se hablara del tema en absoluto, como si ello constituyera una maldad. Pretensi\u00f3n il\u00f3gica, injusta e inmoral. Lo primero, porque ocultar 13.000 tocas como aqu\u00e9llas no era f\u00e1cil hacerlo sin que al\u00adguno lo viera. Lo segundo, porque el p\u00fablico tiene derecho a que se le informe de lo que le interesa. Y lo tercero, por\u00adque el periodista tiene el deber, en conciencia, de hacerlo.<\/p>\n<p>Otros hubieran querido que, de darse alguna informa\u00adci\u00f3n, sus conceptos y t\u00e9rminos hubieran sido exactos, per\u00adfectos, sin pega posible. Cosa dif\u00edcilmente realizable. Por un lado, el punto de vista del periodista bien puede ser dis\u00adtinto del nuestro, Nosotros tenemos\u2014o ten\u00edamos\u2014 nues\u00adtros bizantinismos caseros sobre religiosas o no religiosas, tocas o cornetas, azul o negro, esto o aquello. Cosas que le tienen sin cuidado al periodista. Y no sin m\u00e1s ni m\u00e1s, sino porque al gran p\u00fablico tampoco le importan demasiado. Por tanto, no hab\u00eda por qu\u00e9 pedir una total exactitud. Mu\u00adchas veces al com\u00fan de los lectores le ir\u00e1 mejor lo po\u00e9tica\u00admente libre que lo jur\u00eddicamente exacto.<\/p>\n<p>Por otro lado, tampoco solemos preocuparnos por dar\u00adle al periodista los datos suficientes para que sus necesa\u00adrias informaciones sean cual nosotros las quisi\u00e9ramos. 7. esto es algo que hay que hacer hoy d\u00eda con sentido de anticipaci\u00f3n, Porque nosotros a priori no queramos, no va a dejar el periodista de actuar. Porque nosotros a posterio\u00adri critiquemos, no se van a remediar las cosas,<\/p>\n<p>Quiz\u00e1 convenga a\u00f1adir que, en el tejemaneje de las me\u00adsas de redacci\u00f3n, los periodistas son muy due\u00f1os, ante una colaboraci\u00f3n que acaba de llegar, de poner \u00e9stos o los otros titulares, elegir \u00e9stas o las otras fotograf\u00edas, poner \u00e9stos o los otros pies. Detalles que, por tanto, no se podr\u00e1n achacar al colaborador.<\/p>\n<p>Creemos, en resumen, que la Prensa nacional ha ac\u00adtuado de manera positiva ante este acontecimiento tan importante en la historia de las Hijas de la Caridad, Le ha dado la consideraci\u00f3n que merec\u00eda, lo ha tratado con la mayor simpat\u00eda y delicadeza, ha reflejado el indudable cari\u00f1o del pueblo espa\u00f1ol hacia las Hermanas. Sus peque\u00ad\u00f1os e involuntarios defectos bien se le pueden perdonar.<\/p>\n<p style=\"text-align: center\">* * *<\/p>\n<p>Cap\u00edtulo aparte merece el espacio televisivo \u00abEl D\u00eda del Se\u00f1or\u00bb del 20 de septiembre, de 2 a 2,30 de la tarde. Lo prepar\u00f3 con su sabia y amable sencillez don Javier Mar\u00eda Echenique. Tuvo una primera parte de comentario a di\u00adversos fotogramas que iban apareciendo en la peque\u00f1a pantalla y una segunda parte de intervi\u00fa a dos Hermanas, que fueron Sor Monserrat Pedr\u00e9s, Directora de la Escuela de Asistentas Sociales de Eduardo Dato, y Sor Milagros Lera, Directora del Colegio de la Inmaculada de Mart\u00ed\u00adnez Campos. Seguramente que todas las Hermanas y Pa\u00addres, a quienes nos fue posible, estuvimos pegados al tele\u00advisor y quedamos gratamente satisfechos, incluso emocio\u00adnados. Para constancia, traspasamos a ANALES lo que all\u00ed se dijo, tomado al pie de la letra de la cinta magnetof\u00f3nica que lo recogi\u00f3, aunque sin la luz de aquellos fotogramas y pel\u00edculas ni el calor de aquellas voces y de aquellos c\u00e1nticos entonados por las Hermanitas del Seminario.<\/p>\n<blockquote>\n<p align=\"center\"><i>(PELICULA)<\/i><\/p>\n<p><i>&#8230;Desde hace tres siglos brilla en el firmamento del cristia\u00ad<\/i><i>nismo una de las fuerzas de amor cristiano m\u00e1s conmovedoras en <\/i><i>toda la historia humana. Hoy nuestro programa se engalana y se enorgullece al presentar a ustedes este testimonio viviente de la caridad cristiana que se llaman las Hijas de la Caridad.<\/i><\/p>\n<p><i>En el siglo XVII, ante el espect\u00e1culo desolador de la pobreza <\/i><i>y la miseria, San Vicente de Pa\u00fal, misionero infatigable por los <\/i><i>caminos y pueblos de Francia, fue constituyendo como fruto de <\/i><i>sus misiones populares unas asociaciones que recibieron el nom\u00ad<\/i><i>bre de Caridades.<\/i><\/p>\n<p><i>Este documento es el proceso de la erecci\u00f3n can\u00f3nica de la <\/i><i>primera Caridad, fundada el 8 de diciembre de 1617, la Caridad <\/i><i>de Chatillon. El documento es de pu\u00f1o y letra de San Vicente.<\/i><\/p>\n<p><i>El desarrollo de estas asociaciones de Damas de la Caridad <\/i><i>suscit\u00f3 en San Vicente de Pa\u00fal una idea genial, audaz, verdade\u00adramente revolucionaria: organizar en comunidad a aquellas mu\u00adjeres que, consagr\u00e1ndose a Dios por los votos religiosos, se en\u00adtregaran exclusivamente al servicio de los ni\u00f1os abandonados, los pobres, los ignorantes, los enfermos, los presos, los deste\u00adrrados.<\/i><\/p>\n<p><i>Para llevar a cabo esta empresa, la Providencia puso al alcan\u00ad<\/i><i>ce de San Vicente de Pa\u00fal a una mujer excepcional, Luisa de <\/i><i>Marillac, hoy Santa Luisa de Marillac. Y as\u00ed, el 29 de noviembre <\/i><i>de 1633, nac\u00eda la Compa\u00f1\u00eda de las Hijas de la Caridad.<\/i><\/p>\n<p><i>San Vicente de Pa\u00fal y Santa Luisa de Marillac inventaron la <\/i><i>primera f\u00f3rmula de vida religiosa femenina en com\u00fan, pero en <\/i><i>medio del mundo. Hasta el nacimiento de las Hijas de la Cari\u00ad<\/i><i>dad no exist\u00edan en la Iglesia Cat\u00f3lica m\u00e1s religiosas que las con\u00ad<\/i><i>templativas, encerradas en la paz y el silencio de sus claustros.<\/i><\/p>\n<p><i>Las alas blancas de las Hijas de la Caridad desde hace tres <\/i><i>siglos se han convertido en uno de los s\u00edmbolos m\u00e1s expresivos <\/i><i>y conmovedores de la caridad por todo el mundo.<\/i><\/p>\n<p><i>Las alas blancas del amor cubren y acogen a los ni\u00f1os. En cen\u00ad<\/i><i>tenares de guarder\u00edas, orfanatorios, hospitales y casas cunas las Hijas de la Caridad se transforman en, madres de los m\u00e1s pe\u00adque\u00f1os y los m\u00e1s necesitados de la tierra. Ellas realizan as\u00ed en toda la redondez del mundo el conmovedor deseo de Jes\u00fas: \u00abDe<\/i><i>jad que los ni\u00f1os se acerquen a m\u00ed.\u00bb Ellas saben que en el \u00fal\u00ad<\/i><i>timo d\u00eda ser\u00e1n examinadas de amor y Cristo, Juez misericordio\u00ad<\/i><i>so, les dir\u00e1: \u00abLo que hicisteis a uno de estos peque\u00f1uelos a M\u00ed lo <\/i><i>hicisteis.\u00bb<\/i><\/p><\/blockquote>\n<p>Las Hijas de la Caridad se inclinan y cubren, principalmen\u00adte con las alas del amor, el dolor de todos los que sufren.<\/p>\n<p>En todo el mundo cristiano y en anchas zonas del mundo no cristiano, la caridad de Cristo es algo m\u00e1s que una palabra; es una realidad tangible, viva y cotidiana gracias al ejemplo y a la actividad incansable y en ocasiones heroica de millares de mujeres que, como las Hijas de la Caridad, montan la guardia permanente del amor a la cabecera de todos los sufrimientos, de todos los abandonos y de todas las soledades en millares de hos\u00adpitales, sanatorios, dispensarios y leproser\u00edas diseminados en los cinco continentes.<\/p>\n<p>Esta es la urna que contiene los restos de San Vicente de Pa\u00fal. A su muerte, acaecida como la de Santa Luisa de Marillac en el mismo a\u00f1o de 1660, las Hijas de la Caridad contaban con 51 Ca\u00adsas. En 1700 las Casas son 300, con 1.000 Hermanas. En tiempo de la Revoluci\u00f3n Francesa, las Hijas de la Caridad rebasaban la cifra de 4.500. Todas estas fundaciones se realizaron en Europa.<\/p>\n<p>Pero el amor cristiano no tiene fronteras. Ya en los a\u00f1os de la fundaci\u00f3n las Hijas de la Caridad se ofrecieron a partir como misioneras a Madagascar. Pero aquel bendito viaje que so\u00f1\u00f3 San\u00adta Luisa de Marillac no pudo realizarse. En 1830 el sue\u00f1o de la fundadora se hizo realidad. Las Hijas de la Caridad part\u00edan para Madagascar y abr\u00edan un gran cap\u00edtulo en la historia de la Igle\u00adsia: comenzaba la epopeya de las religiosas misioneras.<\/p>\n<p>Desde esta fecha, el desarrollo de la Compa\u00f1\u00eda y su expan\u00adsi\u00f3n por el mundo entero alcanza un ritmo magn\u00edfico e inconte\u00adnible. En 1847 las Hijas de la Caridad llegan a China. En 1850 nace la rama norteamericana de la Congregaci\u00f3n. En 1879 apare\u00adcen en Turqu\u00eda.<\/p>\n<p>Impulsadas por el viento del amor, ellas cabalgan por todos los caminos de la tierra, buscando a todos los pobres, a todos los que sufren, para ungir y curar las llagas de los cuerpos y las al\u00admas con el b\u00e1lsamo de la caridad.<\/p>\n<p>Desde 1925 hasta hoy las fundaciones se suceden ininterrum\u00adpidamente. En Sudam\u00e9rica, El Congo, Australia, Indochina, Java, Jap\u00f3n, La India, Mozambique, etc., etc.<\/p>\n<p>Desde hace ya muchos a\u00f1os, las Hijas de la Caridad son la Ins\u00adtituci\u00f3n religiosa femenina m\u00e1s numerosa de la Iglesia Cat\u00f3lica. Actualmente son 48.000 establecidas en m\u00e1s de 100 pa\u00edses y di\u00advididas en 48 Provincias o regiones, con un total de 4.254 Casas.<\/p>\n<p>Espa\u00f1a es el pa\u00eds que m\u00e1s miembros ha dado a las Hijas de la Caridad. De las 48.000 que hoy integran la Congregaci\u00f3n, 14.000 son espa\u00f1olas, y trabajan en Espa\u00f1a divididas en dos Provincias con un total de 960 Casas.<\/p>\n<p>Pero, adem\u00e1s, como ustedes ven, fuera de Espa\u00f1a hay m\u00e1s de 1.000 Hijas de la Caridad espa\u00f1olas, distribuidas en la siguien\u00adte forma: 43 en Europa, 48 en Asia, 136 en \u00c1frica, 329 en el Ex\u00adtremo Oriente y 470 en Am\u00e9rica.<\/p>\n<blockquote>\n<p align=\"center\">(ENTREVISTA)<\/p>\n<p><em>SR. ECHENIQUE.\u2014El amor siempre es actualidad. Por eso, las Hijas de la Caridad siempre son noticia. Pero hoy son noticia por partida doble. Porque esta ma\u00f1ana, cuando la campana del alba ha despertado a las Hijas de la Caridad en las cuatro mil Casas de la Congregaci\u00f3n, ellas, por primera vez, han vestido un h\u00e1\u00adbito nuevo. Y aqu\u00ed tienen ustedes a las Hijas de la Caridad con el h\u00e1bito nuevo reci\u00e9n estrenado. Yo les quiero agradecer su doble sacrificio, Hermanas: en primer lugar, la renuncia a ese s\u00edmbolo tradicional de la Caridad que era el h\u00e1bito antiguo, y en segun\u00addo lugar, a ustedes, el sacrificio de haber venido hoy aqu\u00ed, ante las c\u00e1maras de Televisi\u00f3n. Sor Monserrat y Sor Milagros. Repre\u00adsentan a toda la gran, familia de San Vicente de Pa\u00fal y Santa Luisa de Marillac. Primera pregunta, Sor Monserrat: \u00bfQu\u00e9 ca\u00adracter\u00edsticas tiene la Compa\u00f1\u00eda de las Hijas de la Caridad?<\/em><\/p>\n<p>SOR MONSERRAT.\u2014Yo creo que pueden resumirse, en pri\u00admer lugar, en nuestro cuarto voto. Al igual que las dem\u00e1s reli\u00adgiosas, tenemos tres votos: pobreza, castidad y obediencia. Pero, adem\u00e1s, tenemos un cuarto voto, por el cual nos obligamos a ser\u00advir corporal y espiritualmente a los pobres en la Compa\u00f1\u00eda de las Hijas de la Caridad. Y otra nota muy caracter\u00edstica nuestra es que nuestros votos son anuales, de manera que el veinticinco de marzo de cada a\u00f1o, todas las Hijas de la Caridad del mundo en\u00adtero quedan sin votos y libre y voluntariamente los renovamos. Para esto San Vicente nos traz\u00f3 un programa muy original. Nos di\u00f3 por claustro las calles de la ciudad y las casas de los pobres y por clausura la obediencia. Por eso, cuando se ve a una Hija de la Caridad ir y venir por las calles, se le puede decir que est\u00e1 dentro de su claustro y dentro de la obediencia, como la carme\u00adlita en su convento. Y siguiendo el paralelo con las de clausure, nos dijo tambi\u00e9n que ten\u00edamos por rejas el temor de Dios y por velo la modestia.<\/p>\n<p><em>SR. ECHENIQUE.\u2014Muy bien, Hermana. Vamos a ver, Sor Mi\u00adlagros. Entonces, el objetivo propio del Instituto de ustedes, \u00bfcu\u00e1l es?<\/em><\/p>\n<p>SOR MILAGROS. Para ser m\u00e1s exacta, voy a emplear las mismas palabras con que San Vicente defini\u00f3 la misi\u00f3n de las Hijas de la Caridad en el art\u00edculo primero de nuestras Reglas. El dice: \u00abEl fin principal por el que Dios 1. a llamado y reunido a las Hijas de la Caridad, es para honrar a Nuestro Se\u00f1or Jesu\u00adcristo como<sup>&#8211;<\/sup> manantial y modelo de toda caridad, sirvi\u00e9ndole cor\u00adporal y espiritualmente en la persona de los pobres, ya sean en\u00adfermos, ni\u00f1os, encarcelados u otros cualesquiera que por rubor no se atreven a manifestar sus necesidades.\u00bb<\/p>\n<p><em>SR. ECHENIQUE.\u2014M\u00e1s preciso no pod\u00eda ser el texto. Herma\u00adna, hoy d\u00eda se habla de la crisis de la juventud religiosa y fe\u00admenina en el campo religioso y moral. Pero las Hijas de la Ca\u00adridad parece que no han recibido el impacto de una crisis voca\u00adcional; son 48.000, las m\u00e1s numerosas de todas. \u00bfA qu\u00e9 atribuye usted, Hermana, este atractivo de la vocaci\u00f3n de las Hijas de la Caridad?<\/em><\/p>\n<p>SOR MONSERRAT. En los diecisiete a\u00f1os que llevo de con\u00adtacto con la juventud, he podido se\u00f1alar en ella dos caracter\u00eds\u00adticas peculiares: una, es el af\u00e1n de autenticidad, y la otra, el af\u00e1n de entregarse. Y la Hija de la Caridad ha de entregarse to\u00adtalmente a oficios en apariencia los m\u00e1s diversos, como son los ni\u00f1os o los ancianos; los tuberculosos o los leprosos; los pa<sup>&#8211;<\/sup>ses de misiones de infieles o el oficio en el casco de una ciudad. Y la autenticidad, tambi\u00e9n respondemos a este af\u00e1n, porque en esa diversidad de oficios buscamos solamente una cosa: dar respues\u00adta a aquella palabra de Cristo: \u00abCualquier cosa que hag\u00e1is a uno de esos peque\u00f1os, a M\u00ed me lo hac\u00e9is.\u00bb<\/p>\n<p><em>SR. ECHENIQUE.\u2014Hemos dado una referencia curiosa. Espa\u00f1a responde con un n\u00famero impresionante. Son 14.000 espa\u00f1o\u00adlas. \u00bfEn qu\u00e9 proporci\u00f3n entran durante el a\u00f1o?<\/em><\/p>\n<p>SOR MONSERRAT.\u2014Durante el a\u00f1o, sacando la proporci\u00f3n, hay fechas fijas para entrar en el Seminario, viene a resultar m\u00e1s de una vocaci\u00f3n por cada d\u00eda del a\u00f1o.<\/p>\n<p><em>SR. ECHENIQUE.\u2014Cada d\u00eda, una joven espa\u00f1ola&#8230;<\/em><\/p>\n<p>SOR MONSERRAT. \u2014Y alg\u00fan d\u00eda, m\u00e1s.<\/p>\n<p><em>SR. ECHENIQUE.\u2014Vamos a ver, Sor Milagros. Hoy d\u00eda la Igle\u00adsia tiene un problema: que en algunas zonas del mundo su ac\u00adci\u00f3n directa, su proselitismo, es enormemente dif\u00edcil, cuando no imposible. Me refiero al mundo marxista, de m\u00e1s all\u00e1 del tel\u00f3n de acero y tambi\u00e9n otras anchas zonas del mundo no cristiano. Las Hijas de la Caridad que se dedican a los pobres, a los m\u00e1s necesi\u00adtados, \u00bfHan tenido tambi\u00e9n que abandonar absolutamente estas zonas donde la otra acci\u00f3n del proselitismo es totalmente im\u00adposible para la Iglesia?<\/em><\/p>\n<p>SOR MILAGROS. Pues no. Las Hermanas siguen trabajan\u00addo tras el tel\u00f3n de acero y de bamb\u00fa, en Centros a\u00fan estatales como ocurre en China, Polonia, Hungr\u00eda, Checoslovaquia. Ese esp\u00edritu de servicio, la atenci\u00f3n a todas las necesidades sociales, abre las puertas a las Hermanas, de tal modo que ese af\u00e1n que tienen de servicio y de trabajo, prescindiendo incluso de la dis\u00adcrepancia o discriminaci\u00f3n que haya de razas y de religiones, les abre las puertas y son, tras el tel\u00f3n de acero y en la Iglesia del Silencio, el testimonio aut\u00e9ntico de la caridad de Cristo. Es m\u00e1s. en pa\u00edses no cristianos, las Hermanas est\u00e1n ocupando Centros no estatales, como ocurre en pa\u00edses en los que se practica la reli\u00adgi\u00f3n del Islam. Y hay un caso curioso: es que los musulmanes llaman a las Hermanas \u00ablas golondrinas de Al\u00e1\u00bb.<\/p>\n<p><em>SR. ECHENIQUE.\u2014iQu\u00e9 maravilla! Parece que es todo el per\u00adfume po\u00e9tico del Oriente aplicado a esta realidad maravillosa. \u00a1\u00bbLas golondrinas de Al\u00e1\u00bb! Realmente esto es un reconocimiento maravilloso de la labor de ustedes, sobre todo, y de todas las otras Hermanas de Congregaciones semejantes a la de ustedes. Ahora bien, esta imantaci\u00f3n, esta seducci\u00f3n dir\u00edamos, del ejercicio de la caridad, Hermana, quiz\u00e1 haya de atribuirse a este misterio: la Hija de la Caridad, \u00bfqu\u00e9 ve en el pobre?<\/em><\/p>\n<p>SOR MONSERRAT. La Hija de la Caridad en el pobre Ve a Jesucristo. Y el pobre para la Hija de la Caridad es la raz\u00f3n &#8216;de su vida. Si no hubiera pobres, no habr\u00eda Hijas de la Caridad. Aho\u00adra bien, nosotras no es que deseemos que haya pobres. Precisa\u00admente, con ellos queremos ejercer la aut\u00e9ntica caridad, y la aut\u00e9ntica caridad consiste en intentar ayudarlos para que salgan por sus propios medios de la situaci\u00f3n en que se encuentren. Que\u00adremos conseguir la promoci\u00f3n social de los necesitados. Y en esto seguimos el esp\u00edritu de San Vicente, que nos hace atender a sus necesidades materiales para que as\u00ed, libres de la angustia que tie\u00adnen ahora, puedan dedicarse mejor a los quehaceres espirituales y puedan as\u00ed llegar a Dios.<\/p>\n<p><em>SR. ECHENIQUE.\u2014O sea, que siempre en San Vicente se ad\u00advirti\u00f3 una especie de sentido prof\u00e9tico para vivir adaptado a los tiempos en que viv\u00eda&#8230;<\/em><\/p>\n<p>SOR MONSERRAT.\u2014No hemos tenido que modificar nada des\u00adde hace trescientos a\u00f1os&#8230;<\/p>\n<p><em>SR. ECHENIQUE.\u2014Aunque el trato al pobre hoy d\u00eda sea t\u00e9c\u00adnicamente diferente&#8230;<\/em><\/p>\n<p>SOR MONSERRAT.\u2014T\u00e9cnicamente diferente. Sin embargo, el esp\u00edritu de San Vicente, yo he buceado un poquit\u00edn para ver los principios del servicio social reflejados ya en los planos de San Vicente, y he encontrado los principios\u2022 del servicio social refle\u00adjados en el esp\u00edritu de San Vicente.<\/p>\n<p><em>SR. ECHENIQUE.\u2014Hermana, una peque\u00f1a objeci\u00f3n: San Vi\u00adcente dice en una frase que se ha hecho cl\u00e1sica: <sup>&#8211;<\/sup>La Hija de la Caridad tiene que dejar a Dios por Dios.\u00bb En el sentido de que parece que indica que debe renunciar, o reducir por lo menos, los actos de la capilla, de la adoraci\u00f3n directa, de la meditaci\u00f3n, para dedicarse a la acci\u00f3n del servicio a los pobres. \u00bfEsto quiere decir que ustedes recortan notablemente la vida de oraci\u00f3n di\u00adrecta en beneficio del servicio a los pobres, o no?<\/em><\/p>\n<p>SOR MILAGROS.\u2014De ninguna manera. Traicionar\u00edamos el es\u00adp\u00edritu de San Vicente. El quer\u00eda que nuestra vida fuese apost\u00f3li\u00adca: una integraci\u00f3n perfecta de la vida de Marta y de Mar\u00eda. Sin embargo, nosotras no separamos la oraci\u00f3n de la caridad. Y es en la oraci\u00f3n donde encontramos la fuerza para darnos. Por eso, San Vicente quiso mantenernos en ese alto nivel espiritual que es de donde sacamos todo el impulso para darnos a los dem\u00e1s.<\/p>\n<p><em>SR. ECHENIQUE.\u2014\u00bfQu\u00e9 tiempo dedican ustedes a la oraci\u00f3n?<\/em><\/p>\n<p>SOR MILAGROS. Pues, Padre, nos levantamos a las cinco de la ma\u00f1ana para tener la seguridad de que la oraci\u00f3n no se pierda. Y lo primero que hacemos es una hora de oraci\u00f3n. A continua\u00adci\u00f3n tenemos la santa misa y la sagrada comuni\u00f3n. Un total de dos horas. Terminado esto, hacemos, en gran silencio, para no interrumpir nuestro coloquio con Dios, los ejercicios dom\u00e9sticos porque no tenemos legas. Y a continuaci\u00f3n empezamos ya nues\u00adtra jornada, alimentadas ya con esta vida espiritual. Termina\u00admos la ma\u00f1ana con un examen particular sobre la virtud que tenemos por pr\u00e1ctica, y a continuaci\u00f3n hacemos un breve recreo seguido de la lectura espiritual. Para nosotras es una hora sagra\u00adda la hora de dos a tres, dedicada a honrar la Pasi\u00f3n y la Muerte de Nuestro Se\u00f1or&#8230;<\/p>\n<p><em>SR. ECHENIQUE.\u2014\u00bfTodas las Hijas de la Caridad se ponen en oraci\u00f3n&#8230;?<\/em><\/p>\n<p>SOR MILAGROS.\u2014Las 48.000 Hijas de la Caridad del mundo entero, a las tres, s\u00ed; a ser posible, nos ponemos de rodillas y ha\u00adcemos un acto de adoraci\u00f3n, en el cual ofrecemos a Dios la muer\u00adte de su Hijo por la salvaci\u00f3n del mundo. No olvidamos, como es natural, en \u00e9l a los pobres. La jornada de la tarde se clausura con media hora de meditaci\u00f3n. Terminada la cual, volvemos a tener lectura espiritual en el refectorio, seguida de una breve recreaci\u00f3n. Y a las nueve volvemos otra vez a la capilla a hacer nuestra plegaria. All\u00ed pedimos a Dios que sea el Reparador de nuestros defectos, y terminamos siempre con la Salve, en la cual las 48.000 Hijas de la Caridad ofrecen la jornada del d\u00eda, con todos sus sacrificios, a la Se\u00f1ora.<\/p>\n<p><em>SR. ECHENIQUE.&#8211;Pues muchas gracias, Hermanas. Realmente, el testimonio es magn\u00edfico. Las Hijas de la Caridad cierran su jornada con el himno de la Salve a Nuestra Se\u00f1ora. Nosotros tam\u00adbi\u00e9n, hoy vemos con nostalgia que desaparece en la geograf\u00eda del amor esta estampa, pero los tiempos exigen unas adaptaciones al ritmo de la vida moderna. Yo quiero recoger el rumor de esa Salve de las 48.000 Hijas de la Caridad que hoy, con h\u00e1bito di\u00adferente, cantar\u00e1n cuando caiga ya la tarde. Esta Salve de las Hi\u00adjas de la Caridad representa el s\u00edmbolo de la continuidad. Herma\u00adnas, muchas gracias. Ustedes cambian de h\u00e1bito. Ustedes mues\u00adtran hoy un h\u00e1bito nuevo. Pero su esp\u00edritu no puede terminar jam\u00e1s. Es el esp\u00edritu de San Vicente de Pa\u00fal, de Santa Luisa de Marillac; es el esp\u00edritu mismo, el m\u00e1s puro, del Evangelio. Yo, en nombre de todos los que les est\u00e1n contemplando, me permito recoger el rumor de la gratitud y decirles a ustedes, Hijas de la Caridad: En nombre de todos los enfermos, de todos las pobres, de todos los que sufren, de todos a los que han cobijado ustedes con sus tocas y ahora seguir\u00e1n cobijando con su amor, muchas gracias y que Dios se lo pague.<\/em><\/p><\/blockquote>\n","protected":false},"excerpt":{"rendered":"<p>El d\u00eda 20 de septiembre el M. R. P. General envi\u00f3 a todas y cada una de las Hijas de la Caridad una preciosa estampa-fotograf\u00eda de la fachada de la catedral de Estrasburgo y el &#8230; <a href=\"https:\/\/vincentians.com\/es\/estampa-en-el-dia-del-cambio-de-habito-1964\/\" class=\"more-link\">Read More<\/a><\/p>\n","protected":false},"author":5,"featured_media":117815,"comment_status":"open","ping_status":"open","sticky":false,"template":"","format":"standard","meta":{"jetpack_post_was_ever_published":false,"_jetpack_newsletter_access":"","_jetpack_dont_email_post_to_subs":false,"_jetpack_newsletter_tier_id":0,"_jetpack_memberships_contains_paywalled_content":false,"_jetpack_memberships_contains_paid_content":false,"footnotes":"","jetpack_publicize_message":"","jetpack_publicize_feature_enabled":true,"jetpack_social_post_already_shared":true,"jetpack_social_options":{"image_generator_settings":{"template":"highway","default_image_id":0,"font":"","enabled":false},"version":2}},"categories":[237],"tags":[173,176,172],"class_list":["post-118024","post","type-post","status-publish","format-standard","has-post-thumbnail","hentry","category-historia-de-las-hijas-de-la-caridad","tag-chatillon-les-dombes","tag-misiones-populares","tag-pobreza"],"yoast_head":"<!-- This site is optimized with the Yoast SEO plugin v26.3 - https:\/\/yoast.com\/wordpress\/plugins\/seo\/ -->\n<title>Estampa en el d\u00eda del cambio de h\u00e1bito (1964) - Somos Vicencianos<\/title>\n<meta name=\"robots\" content=\"index, follow, max-snippet:-1, max-image-preview:large, max-video-preview:-1\" \/>\n<link rel=\"canonical\" href=\"https:\/\/vincentians.com\/es\/estampa-en-el-dia-del-cambio-de-habito-1964\/\" \/>\n<meta property=\"og:locale\" content=\"es_ES\" \/>\n<meta property=\"og:type\" content=\"article\" \/>\n<meta property=\"og:title\" content=\"Estampa en el d\u00eda del cambio de h\u00e1bito (1964) - Somos Vicencianos\" \/>\n<meta property=\"og:description\" content=\"El d\u00eda 20 de septiembre el M. R. P. General envi\u00f3 a todas y cada una de las Hijas de la Caridad una preciosa estampa-fotograf\u00eda de la fachada de la catedral de Estrasburgo y el ... Read More\" \/>\n<meta property=\"og:url\" content=\"https:\/\/vincentians.com\/es\/estampa-en-el-dia-del-cambio-de-habito-1964\/\" \/>\n<meta property=\"og:site_name\" content=\"Somos Vicencianos\" \/>\n<meta property=\"article:publisher\" content=\"https:\/\/www.facebook.com\/WeAreVincentians\/\" \/>\n<meta property=\"article:published_time\" content=\"2013-02-28T06:03:53+00:00\" \/>\n<meta property=\"article:modified_time\" content=\"2016-07-27T10:11:00+00:00\" \/>\n<meta name=\"author\" content=\"Mitxel Olabu\u00e9naga\" \/>\n<meta name=\"twitter:card\" content=\"summary_large_image\" \/>\n<meta name=\"twitter:creator\" content=\"@WeVincentians\" \/>\n<meta name=\"twitter:site\" content=\"@WeVincentians\" \/>\n<meta name=\"twitter:label1\" content=\"Escrito por\" \/>\n\t<meta name=\"twitter:data1\" content=\"Mitxel Olabu\u00e9naga\" \/>\n\t<meta name=\"twitter:label2\" content=\"Tiempo de lectura\" \/>\n\t<meta name=\"twitter:data2\" content=\"23 minutos\" \/>\n<script type=\"application\/ld+json\" class=\"yoast-schema-graph\">{\"@context\":\"https:\/\/schema.org\",\"@graph\":[{\"@type\":\"Article\",\"@id\":\"https:\/\/vincentians.com\/es\/estampa-en-el-dia-del-cambio-de-habito-1964\/#article\",\"isPartOf\":{\"@id\":\"https:\/\/vincentians.com\/es\/estampa-en-el-dia-del-cambio-de-habito-1964\/\"},\"author\":{\"name\":\"Mitxel Olabu\u00e9naga\",\"@id\":\"http:\/\/vincentians.com\/es\/#\/schema\/person\/7c2670b4445a7ca9d164ea6acdb31859\"},\"headline\":\"Estampa en el d\u00eda del cambio de h\u00e1bito (1964)\",\"datePublished\":\"2013-02-28T06:03:53+00:00\",\"dateModified\":\"2016-07-27T10:11:00+00:00\",\"mainEntityOfPage\":{\"@id\":\"https:\/\/vincentians.com\/es\/estampa-en-el-dia-del-cambio-de-habito-1964\/\"},\"wordCount\":4623,\"commentCount\":3,\"publisher\":{\"@id\":\"http:\/\/vincentians.com\/es\/#organization\"},\"image\":{\"@id\":\"https:\/\/vincentians.com\/es\/estampa-en-el-dia-del-cambio-de-habito-1964\/#primaryimage\"},\"thumbnailUrl\":\"\",\"keywords\":[\"Chatillon\",\"Misiones Populares\",\"Pobreza\"],\"articleSection\":[\"Historia de las Hijas de la Caridad\"],\"inLanguage\":\"es\",\"potentialAction\":[{\"@type\":\"CommentAction\",\"name\":\"Comment\",\"target\":[\"https:\/\/vincentians.com\/es\/estampa-en-el-dia-del-cambio-de-habito-1964\/#respond\"]}]},{\"@type\":\"WebPage\",\"@id\":\"https:\/\/vincentians.com\/es\/estampa-en-el-dia-del-cambio-de-habito-1964\/\",\"url\":\"https:\/\/vincentians.com\/es\/estampa-en-el-dia-del-cambio-de-habito-1964\/\",\"name\":\"Estampa en el d\u00eda del cambio de h\u00e1bito (1964) - Somos Vicencianos\",\"isPartOf\":{\"@id\":\"http:\/\/vincentians.com\/es\/#website\"},\"primaryImageOfPage\":{\"@id\":\"https:\/\/vincentians.com\/es\/estampa-en-el-dia-del-cambio-de-habito-1964\/#primaryimage\"},\"image\":{\"@id\":\"https:\/\/vincentians.com\/es\/estampa-en-el-dia-del-cambio-de-habito-1964\/#primaryimage\"},\"thumbnailUrl\":\"\",\"datePublished\":\"2013-02-28T06:03:53+00:00\",\"dateModified\":\"2016-07-27T10:11:00+00:00\",\"breadcrumb\":{\"@id\":\"https:\/\/vincentians.com\/es\/estampa-en-el-dia-del-cambio-de-habito-1964\/#breadcrumb\"},\"inLanguage\":\"es\",\"potentialAction\":[{\"@type\":\"ReadAction\",\"target\":[\"https:\/\/vincentians.com\/es\/estampa-en-el-dia-del-cambio-de-habito-1964\/\"]}]},{\"@type\":\"ImageObject\",\"inLanguage\":\"es\",\"@id\":\"https:\/\/vincentians.com\/es\/estampa-en-el-dia-del-cambio-de-habito-1964\/#primaryimage\",\"url\":\"\",\"contentUrl\":\"\"},{\"@type\":\"BreadcrumbList\",\"@id\":\"https:\/\/vincentians.com\/es\/estampa-en-el-dia-del-cambio-de-habito-1964\/#breadcrumb\",\"itemListElement\":[{\"@type\":\"ListItem\",\"position\":1,\"name\":\"Portada\",\"item\":\"http:\/\/vincentians.com\/es\/\"},{\"@type\":\"ListItem\",\"position\":2,\"name\":\"Estampa en el d\u00eda del cambio de h\u00e1bito (1964)\"}]},{\"@type\":\"WebSite\",\"@id\":\"http:\/\/vincentians.com\/es\/#website\",\"url\":\"http:\/\/vincentians.com\/es\/\",\"name\":\"Somos Vicencianos\",\"description\":\"Know more to serve more\",\"publisher\":{\"@id\":\"http:\/\/vincentians.com\/es\/#organization\"},\"potentialAction\":[{\"@type\":\"SearchAction\",\"target\":{\"@type\":\"EntryPoint\",\"urlTemplate\":\"http:\/\/vincentians.com\/es\/?s={search_term_string}\"},\"query-input\":{\"@type\":\"PropertyValueSpecification\",\"valueRequired\":true,\"valueName\":\"search_term_string\"}}],\"inLanguage\":\"es\"},{\"@type\":\"Organization\",\"@id\":\"http:\/\/vincentians.com\/es\/#organization\",\"name\":\"The Vincentian Network\",\"url\":\"http:\/\/vincentians.com\/es\/\",\"logo\":{\"@type\":\"ImageObject\",\"inLanguage\":\"es\",\"@id\":\"http:\/\/vincentians.com\/es\/#\/schema\/logo\/image\/\",\"url\":\"https:\/\/i1.wp.com\/vincentians.com\/es\/wp-content\/uploads\/sites\/11\/2016\/06\/Vincentian-Network-logo-big.png?fit=778%2C778\",\"contentUrl\":\"https:\/\/i1.wp.com\/vincentians.com\/es\/wp-content\/uploads\/sites\/11\/2016\/06\/Vincentian-Network-logo-big.png?fit=778%2C778\",\"width\":778,\"height\":778,\"caption\":\"The Vincentian Network\"},\"image\":{\"@id\":\"http:\/\/vincentians.com\/es\/#\/schema\/logo\/image\/\"},\"sameAs\":[\"https:\/\/www.facebook.com\/WeAreVincentians\/\",\"https:\/\/x.com\/WeVincentians\"]},{\"@type\":\"Person\",\"@id\":\"http:\/\/vincentians.com\/es\/#\/schema\/person\/7c2670b4445a7ca9d164ea6acdb31859\",\"name\":\"Mitxel Olabu\u00e9naga\",\"image\":{\"@type\":\"ImageObject\",\"inLanguage\":\"es\",\"@id\":\"http:\/\/vincentians.com\/es\/#\/schema\/person\/image\/\",\"url\":\"https:\/\/secure.gravatar.com\/avatar\/34137ec2e2b8939cbbed975731e71f3f4f1defc7266ded337a5ce0f925426877?s=96&d=mm&r=g\",\"contentUrl\":\"https:\/\/secure.gravatar.com\/avatar\/34137ec2e2b8939cbbed975731e71f3f4f1defc7266ded337a5ce0f925426877?s=96&d=mm&r=g\",\"caption\":\"Mitxel Olabu\u00e9naga\"},\"url\":\"https:\/\/vincentians.com\/es\/author\/mitxel\/\"}]}<\/script>\n<!-- \/ Yoast SEO plugin. -->","yoast_head_json":{"title":"Estampa en el d\u00eda del cambio de h\u00e1bito (1964) - Somos Vicencianos","robots":{"index":"index","follow":"follow","max-snippet":"max-snippet:-1","max-image-preview":"max-image-preview:large","max-video-preview":"max-video-preview:-1"},"canonical":"https:\/\/vincentians.com\/es\/estampa-en-el-dia-del-cambio-de-habito-1964\/","og_locale":"es_ES","og_type":"article","og_title":"Estampa en el d\u00eda del cambio de h\u00e1bito (1964) - Somos Vicencianos","og_description":"El d\u00eda 20 de septiembre el M. R. P. General envi\u00f3 a todas y cada una de las Hijas de la Caridad una preciosa estampa-fotograf\u00eda de la fachada de la catedral de Estrasburgo y el ... Read More","og_url":"https:\/\/vincentians.com\/es\/estampa-en-el-dia-del-cambio-de-habito-1964\/","og_site_name":"Somos Vicencianos","article_publisher":"https:\/\/www.facebook.com\/WeAreVincentians\/","article_published_time":"2013-02-28T06:03:53+00:00","article_modified_time":"2016-07-27T10:11:00+00:00","author":"Mitxel Olabu\u00e9naga","twitter_card":"summary_large_image","twitter_creator":"@WeVincentians","twitter_site":"@WeVincentians","twitter_misc":{"Escrito por":"Mitxel Olabu\u00e9naga","Tiempo de lectura":"23 minutos"},"schema":{"@context":"https:\/\/schema.org","@graph":[{"@type":"Article","@id":"https:\/\/vincentians.com\/es\/estampa-en-el-dia-del-cambio-de-habito-1964\/#article","isPartOf":{"@id":"https:\/\/vincentians.com\/es\/estampa-en-el-dia-del-cambio-de-habito-1964\/"},"author":{"name":"Mitxel Olabu\u00e9naga","@id":"http:\/\/vincentians.com\/es\/#\/schema\/person\/7c2670b4445a7ca9d164ea6acdb31859"},"headline":"Estampa en el d\u00eda del cambio de h\u00e1bito (1964)","datePublished":"2013-02-28T06:03:53+00:00","dateModified":"2016-07-27T10:11:00+00:00","mainEntityOfPage":{"@id":"https:\/\/vincentians.com\/es\/estampa-en-el-dia-del-cambio-de-habito-1964\/"},"wordCount":4623,"commentCount":3,"publisher":{"@id":"http:\/\/vincentians.com\/es\/#organization"},"image":{"@id":"https:\/\/vincentians.com\/es\/estampa-en-el-dia-del-cambio-de-habito-1964\/#primaryimage"},"thumbnailUrl":"","keywords":["Chatillon","Misiones Populares","Pobreza"],"articleSection":["Historia de las Hijas de la Caridad"],"inLanguage":"es","potentialAction":[{"@type":"CommentAction","name":"Comment","target":["https:\/\/vincentians.com\/es\/estampa-en-el-dia-del-cambio-de-habito-1964\/#respond"]}]},{"@type":"WebPage","@id":"https:\/\/vincentians.com\/es\/estampa-en-el-dia-del-cambio-de-habito-1964\/","url":"https:\/\/vincentians.com\/es\/estampa-en-el-dia-del-cambio-de-habito-1964\/","name":"Estampa en el d\u00eda del cambio de h\u00e1bito (1964) - Somos Vicencianos","isPartOf":{"@id":"http:\/\/vincentians.com\/es\/#website"},"primaryImageOfPage":{"@id":"https:\/\/vincentians.com\/es\/estampa-en-el-dia-del-cambio-de-habito-1964\/#primaryimage"},"image":{"@id":"https:\/\/vincentians.com\/es\/estampa-en-el-dia-del-cambio-de-habito-1964\/#primaryimage"},"thumbnailUrl":"","datePublished":"2013-02-28T06:03:53+00:00","dateModified":"2016-07-27T10:11:00+00:00","breadcrumb":{"@id":"https:\/\/vincentians.com\/es\/estampa-en-el-dia-del-cambio-de-habito-1964\/#breadcrumb"},"inLanguage":"es","potentialAction":[{"@type":"ReadAction","target":["https:\/\/vincentians.com\/es\/estampa-en-el-dia-del-cambio-de-habito-1964\/"]}]},{"@type":"ImageObject","inLanguage":"es","@id":"https:\/\/vincentians.com\/es\/estampa-en-el-dia-del-cambio-de-habito-1964\/#primaryimage","url":"","contentUrl":""},{"@type":"BreadcrumbList","@id":"https:\/\/vincentians.com\/es\/estampa-en-el-dia-del-cambio-de-habito-1964\/#breadcrumb","itemListElement":[{"@type":"ListItem","position":1,"name":"Portada","item":"http:\/\/vincentians.com\/es\/"},{"@type":"ListItem","position":2,"name":"Estampa en el d\u00eda del cambio de h\u00e1bito (1964)"}]},{"@type":"WebSite","@id":"http:\/\/vincentians.com\/es\/#website","url":"http:\/\/vincentians.com\/es\/","name":"Somos Vicencianos","description":"Know more to serve more","publisher":{"@id":"http:\/\/vincentians.com\/es\/#organization"},"potentialAction":[{"@type":"SearchAction","target":{"@type":"EntryPoint","urlTemplate":"http:\/\/vincentians.com\/es\/?s={search_term_string}"},"query-input":{"@type":"PropertyValueSpecification","valueRequired":true,"valueName":"search_term_string"}}],"inLanguage":"es"},{"@type":"Organization","@id":"http:\/\/vincentians.com\/es\/#organization","name":"The Vincentian Network","url":"http:\/\/vincentians.com\/es\/","logo":{"@type":"ImageObject","inLanguage":"es","@id":"http:\/\/vincentians.com\/es\/#\/schema\/logo\/image\/","url":"https:\/\/i1.wp.com\/vincentians.com\/es\/wp-content\/uploads\/sites\/11\/2016\/06\/Vincentian-Network-logo-big.png?fit=778%2C778","contentUrl":"https:\/\/i1.wp.com\/vincentians.com\/es\/wp-content\/uploads\/sites\/11\/2016\/06\/Vincentian-Network-logo-big.png?fit=778%2C778","width":778,"height":778,"caption":"The Vincentian Network"},"image":{"@id":"http:\/\/vincentians.com\/es\/#\/schema\/logo\/image\/"},"sameAs":["https:\/\/www.facebook.com\/WeAreVincentians\/","https:\/\/x.com\/WeVincentians"]},{"@type":"Person","@id":"http:\/\/vincentians.com\/es\/#\/schema\/person\/7c2670b4445a7ca9d164ea6acdb31859","name":"Mitxel Olabu\u00e9naga","image":{"@type":"ImageObject","inLanguage":"es","@id":"http:\/\/vincentians.com\/es\/#\/schema\/person\/image\/","url":"https:\/\/secure.gravatar.com\/avatar\/34137ec2e2b8939cbbed975731e71f3f4f1defc7266ded337a5ce0f925426877?s=96&d=mm&r=g","contentUrl":"https:\/\/secure.gravatar.com\/avatar\/34137ec2e2b8939cbbed975731e71f3f4f1defc7266ded337a5ce0f925426877?s=96&d=mm&r=g","caption":"Mitxel Olabu\u00e9naga"},"url":"https:\/\/vincentians.com\/es\/author\/mitxel\/"}]}},"jetpack_publicize_connections":[],"jetpack_featured_media_url":"","jetpack_sharing_enabled":true,"jetpack_shortlink":"https:\/\/wp.me\/p7ETMF-uHC","jetpack-related-posts":[{"id":134948,"url":"https:\/\/vincentians.com\/es\/los-votos-no-religiosos-y-el-habito-como-las-campesinas\/","url_meta":{"origin":118024,"position":0},"title":"Los votos \u00abno religiosos\u00bb y el h\u00e1bito \u00abcomo las campesinas\u00bb","author":"Francisco Javier Fern\u00e1ndez Chento","date":"12\/01\/2015","format":false,"excerpt":"Al tratar del car\u00e1cter secular de las Hijas de la Caridad (c. III), he afirmado que los Fundadores, en orden a salvaguardar la identidad, evitaron cuidadosamente cuanto era propio de la vida religiosa: votos, h\u00e1bito, terminolog\u00eda, usos, como rejas en el locutorio, cambio del nombre del bautismo, etc. \u00bfC\u00f3mo, entonces,\u2026","rel":"","context":"En \u00abHijas de la Caridad\u00bb","block_context":{"text":"Hijas de la Caridad","link":"https:\/\/vincentians.com\/es\/category\/la-familia-vicenciana\/ramas\/hijas-de-la-caridad\/"},"img":{"alt_text":"guardame","src":"https:\/\/i0.wp.com\/vicencianos.org\/wp-content\/2015\/01\/guardame-300x246.jpg?resize=350%2C200","width":350,"height":200},"classes":[]},{"id":125956,"url":"https:\/\/vincentians.com\/es\/las-hijas-de-la-caridad\/","url_meta":{"origin":118024,"position":1},"title":"Las Hijas de la Caridad","author":"Francisco Javier Fern\u00e1ndez Chento","date":"07\/12\/2013","format":false,"excerpt":"Evoluci\u00f3n de las Caridades Aunque las Caridades estaban fundadas desde 1617, los dos santos las van a perfec\u00adcionar, acomod\u00e1ndolas a la realidad concreta de las se\u00f1oras de Par\u00eds y a los pobres de la ciudad. Sin cambiar ni el fin ni la naturaleza, las Caridades de Vicente de Pa\u00fal evolucio\u00adnaron\u2026","rel":"","context":"En \u00abLuisa de Marillac\u00bb","block_context":{"text":"Luisa de Marillac","link":"https:\/\/vincentians.com\/es\/category\/la-familia-vicenciana\/fundadores\/luisa-de-marillac\/"},"img":{"alt_text":"Santa Luisa de Marillac","src":"https:\/\/i0.wp.com\/vicencianos.org\/wp-content\/2013\/09\/santaluisa3.jpg?resize=350%2C200","width":350,"height":200},"classes":[]},{"id":387215,"url":"https:\/\/vincentians.com\/es\/las-hijas-de-la-caridad-2\/","url_meta":{"origin":118024,"position":2},"title":"Las Hijas de la Caridad","author":"Mitxel Olabu\u00e9naga","date":"16\/03\/2016","format":false,"excerpt":"Evoluci\u00f3n de las Caridades Aunque las Caridades estaban fundadas desde 1617, los dos cantos las van a perfeccionar, acomod\u00e1ndolas a la realidad concreta de las se\u00f1oras de Paris y a los pobres de la ciudad. Sin cambiar ni el fin ni la naturaleza, las Caridades de Vicente de Pa\u00fal evolucionaron\u2026","rel":"","context":"En \u00abHistoria de las Hijas de la Caridad\u00bb","block_context":{"text":"Historia de las Hijas de la Caridad","link":"https:\/\/vincentians.com\/es\/category\/historia-de-la-familia-vicenciana\/historia-de-las-hijas-de-la-caridad\/"},"img":{"alt_text":"HIjas-Caridad","src":"https:\/\/i0.wp.com\/vicencianos.org\/wp-content\/uploads\/2016\/03\/HIjas-Caridad-300x150.jpg?resize=350%2C200","width":350,"height":200},"classes":[]},{"id":387367,"url":"https:\/\/vincentians.com\/es\/la-provincia-espanola-de-las-hijas-de-la-caridad-preambulo\/","url_meta":{"origin":118024,"position":3},"title":"La Provincia espa\u00f1ola de las Hijas de la Caridad (Pre\u00e1mbulo)","author":"Mitxel Olabu\u00e9naga","date":"25\/04\/2016","format":false,"excerpt":"Or\u00edgenes de las Hijas de la Caridad. Corr\u00eda el primer tercio del siglo XVII y San Vicente de Pa\u00fal, cual otro Mois\u00e9s, hab\u00eda querido ya con la vara m\u00e1gica de su caridad, la fr\u00eda roca del egoismo de aquella sociedad tan olvidada de los pobres. Un r\u00edo de misericordia se\u2026","rel":"","context":"En \u00abHistoria de las Hijas de la Caridad\u00bb","block_context":{"text":"Historia de las Hijas de la Caridad","link":"https:\/\/vincentians.com\/es\/category\/historia-de-la-familia-vicenciana\/historia-de-las-hijas-de-la-caridad\/"},"img":{"alt_text":"","src":"https:\/\/i0.wp.com\/vincentians.com\/es\/wp-content\/uploads\/sites\/11\/2016\/07\/hijas-caridad-espanya.jpg?fit=1200%2C630&ssl=1&resize=350%2C200","width":350,"height":200,"srcset":"https:\/\/i0.wp.com\/vincentians.com\/es\/wp-content\/uploads\/sites\/11\/2016\/07\/hijas-caridad-espanya.jpg?fit=1200%2C630&ssl=1&resize=350%2C200 1x, https:\/\/i0.wp.com\/vincentians.com\/es\/wp-content\/uploads\/sites\/11\/2016\/07\/hijas-caridad-espanya.jpg?fit=1200%2C630&ssl=1&resize=525%2C300 1.5x, https:\/\/i0.wp.com\/vincentians.com\/es\/wp-content\/uploads\/sites\/11\/2016\/07\/hijas-caridad-espanya.jpg?fit=1200%2C630&ssl=1&resize=700%2C400 2x, https:\/\/i0.wp.com\/vincentians.com\/es\/wp-content\/uploads\/sites\/11\/2016\/07\/hijas-caridad-espanya.jpg?fit=1200%2C630&ssl=1&resize=1050%2C600 3x"},"classes":[]},{"id":130538,"url":"https:\/\/vincentians.com\/es\/inauguracion-del-hospital-de-la-villa-de-cisneros-palencia-1903\/","url_meta":{"origin":118024,"position":4},"title":"Inauguraci\u00f3n del Hospital de la Villa de Cisneros (Palencia)  (1903)","author":"Mitxel Olabu\u00e9naga","date":"22\/05\/2014","format":false,"excerpt":"Con mucho agrado damos cabida en nuestros ANALES a la siguiente relaci\u00f3n de la inauguraci\u00f3n del Hospital de Cisneros, que nos ha enviado Sor Mar\u00eda Leoz, Superiora del hospital de Paredes de Nava, de la misma provincia de Palencia. Dice as\u00ed: MI MUY RESPETABLE PADRE ARN\u00c1IZ: Con el coraz\u00f3n rebosando\u2026","rel":"","context":"En \u00abHistoria de las Hijas de la Caridad\u00bb","block_context":{"text":"Historia de las Hijas de la Caridad","link":"https:\/\/vincentians.com\/es\/category\/historia-de-la-familia-vicenciana\/historia-de-las-hijas-de-la-caridad\/"},"img":{"alt_text":"Cisneros","src":"https:\/\/i0.wp.com\/vicencianos.org\/wp-content\/2014\/05\/CisnerosIgla.parroquial2.jpg?resize=350%2C200","width":350,"height":200},"classes":[]},{"id":130030,"url":"https:\/\/vincentians.com\/es\/el-final-santa-luisa\/","url_meta":{"origin":118024,"position":5},"title":"El final (Santa Luisa)","author":"Francisco Javier Fern\u00e1ndez Chento","date":"26\/03\/2014","format":false,"excerpt":"Desprendimiento amoroso \"A la tarde, te examinar\u00e1n en el amor. Aprende a amar como Dios quiere ser amado y deja tu condici\u00f3n\", dijo San Juan de la Cruz. Luisa hab\u00eda llegado ya a ese atardecer y sab\u00eda que iba a ser examinada en el amor, en sus cuatro amores: en\u2026","rel":"","context":"En \u00abFormaci\u00f3n Vicenciana\u00bb","block_context":{"text":"Formaci\u00f3n Vicenciana","link":"https:\/\/vincentians.com\/es\/category\/formacion-vicenciana\/"},"img":{"alt_text":"cartel","src":"https:\/\/i0.wp.com\/vicencianos.org\/wp-content\/2014\/02\/cartel.jpg?resize=350%2C200","width":350,"height":200},"classes":[]}],"_links":{"self":[{"href":"https:\/\/vincentians.com\/es\/wp-json\/wp\/v2\/posts\/118024","targetHints":{"allow":["GET"]}}],"collection":[{"href":"https:\/\/vincentians.com\/es\/wp-json\/wp\/v2\/posts"}],"about":[{"href":"https:\/\/vincentians.com\/es\/wp-json\/wp\/v2\/types\/post"}],"author":[{"embeddable":true,"href":"https:\/\/vincentians.com\/es\/wp-json\/wp\/v2\/users\/5"}],"replies":[{"embeddable":true,"href":"https:\/\/vincentians.com\/es\/wp-json\/wp\/v2\/comments?post=118024"}],"version-history":[{"count":0,"href":"https:\/\/vincentians.com\/es\/wp-json\/wp\/v2\/posts\/118024\/revisions"}],"wp:featuredmedia":[{"embeddable":true,"href":"https:\/\/vincentians.com\/es\/wp-json\/"}],"wp:attachment":[{"href":"https:\/\/vincentians.com\/es\/wp-json\/wp\/v2\/media?parent=118024"}],"wp:term":[{"taxonomy":"category","embeddable":true,"href":"https:\/\/vincentians.com\/es\/wp-json\/wp\/v2\/categories?post=118024"},{"taxonomy":"post_tag","embeddable":true,"href":"https:\/\/vincentians.com\/es\/wp-json\/wp\/v2\/tags?post=118024"}],"curies":[{"name":"wp","href":"https:\/\/api.w.org\/{rel}","templated":true}]}}