{"id":1173,"date":"2016-09-09T19:10:56","date_gmt":"2016-09-09T17:10:56","guid":{"rendered":"http:\/\/somos.vicencianos.org\/blog\/?p=1173"},"modified":"2016-09-09T07:36:23","modified_gmt":"2016-09-09T05:36:23","slug":"nuevo-la-biblioteca-federico-ozanam-seglar-comprometido","status":"publish","type":"post","link":"https:\/\/vincentians.com\/es\/nuevo-la-biblioteca-federico-ozanam-seglar-comprometido\/","title":{"rendered":"Nuevo en la Biblioteca: \u00abFederico Ozanam, un seglar comprometido\u00bb"},"content":{"rendered":"<p>Jes\u00fas les dijo otra vez: \u00abLa paz con vosotros. Como el Padre me envi\u00f3, tambi\u00e9n yo os env\u00edo\u00bb (Juan 20.21)<\/p>\n<p>Durante su largu\u00edsima y fecunda historia al servicio de los seres humanos, de su salvaci\u00f3n, entendida esta \u00faltima como entera, completa y no \u00fanicamente espiritual, la Iglesia extendi\u00f3 el mandato de Cristo que precede a estas l\u00edneas, no siempre del mismo modo.<\/p>\n<p>Ci\u00f1\u00e9ndonos a los \u00faltimos tres siglos de su historia, que son los que realmente interesan a la intenci\u00f3n de presentar este importante texto de Sor Mar\u00eda Teresa Candelas, H. C., el vuelco en su interpretaci\u00f3n eclesial es realmente formidable. Efectivamente, de una misi\u00f3n que se entiende en la pr\u00e1ctica como vinculada exclusivamente a aquellos que han dedicado su vida a seguir los consejos evang\u00e9licos con la intensidad de la consagraci\u00f3n, el Concilio Vaticano II vuelve a las ra\u00edces mismas del Evangelio y nos recuerda que es misi\u00f3n de todos aquellos que, a trav\u00e9s del Bautismo, hemos recibido el sacerdocio com\u00fan y real de Cristo afirmando: \u00ab&#8230;incumbe a todos los laicos colaborar en la hermosa empresa de que el divino designio de salvaci\u00f3n alcance m\u00e1s a m\u00e1s a todos los hombres de todos los tiempos y de todas las tierras. \u00c1braseles, pues, camino por doquier para que, a la medida de sus fuerzas y de las necesidades de los tiempos, participen tambi\u00e9n ellos, celosamente, en la misi\u00f3n salvadora de la Iglesia\u00bb (Constituci\u00f3n Dogm\u00e1tica Lumen Gentium 33).<\/p>\n<p>Varios siglos atr\u00e1s, San Vicente de Pa\u00fal irrumpe en la vida de la Iglesia suscitando una conmoci\u00f3n profund\u00edsima. La visi\u00f3n del Cristo pobre y abandonado, servido desde la secularidad que, aun asumiendo votos anuales, es una aut\u00e9ntica revoluci\u00f3n en un mundo que no conceb\u00eda, en la pr\u00e1ctica, la acci\u00f3n de la Iglesia, mas que a trav\u00e9s de los sacerdotes (seculares o regulares), ni otra f\u00f3rmula de vida religiosa femenina que aquella protegida por los muros del claustro. El nacimiento de las Hijas de la Caridad, con aquel esp\u00edritu que resum\u00eda as\u00ed San Vicente: \u00ablas Hijas de la Caridad no son religiosas sino personas que van y vienen como seglares&#8230;\u00bb, supuso un paso de gigante en una concepci\u00f3n de la responsabilidad de los laicos en la vida de la Iglesia, que retomar\u00eda m\u00e1s tarde Federico Ozanam, ya en el siglo XIX, para ser plenamente confirmada su validez y necesidad a la universalidad eclesial, en el Concilio Vaticano II.<\/p>\n<p>De este importante servidor de la Iglesia, Federico Ozanam, escribe una Hija de la Caridad. Las p\u00e1ginas que siguen a continuaci\u00f3n, son el resultado de a\u00f1os de trabajo, tambi\u00e9n de enamoramiento de Federico y de todo lo que \u00e9l represent\u00f3, de una hermana de aquella Sor Rosal\u00eda Rendu H.C., sin cuya existencia dif\u00edcilmente se comprender\u00eda la historia de las \u00abConferencias de San Vicente de Pa\u00fal\u00bb que Federico y sus compa\u00f1eros fundan en el Par\u00eds de 1833 y que hoy son, posiblemente, el movimiento organizado cat\u00f3lico m\u00e1s importante del mundo.<\/p>\n<p>De Federico Ozanam, catedr\u00e1tico, pol\u00edtico, padre de familia, seglar comprometido, profundo convencido de la misi\u00f3n de los laicos en la Iglesia, el Padre Jaime Corera C.M. ha escrito: \u00ab&#8230;que el original esp\u00edritu vicenciano pod\u00eda ser adaptado con cierta facilidad a los cambios radicales de la historia, lo prueba hasta la saciedad el caso de Federico Ozanam. El suyo nos parece el \u00fanico intento serio llevado a cabo de adaptaci\u00f3n afortunada del original esp\u00edritu vicenciano a un tiempo social e hist\u00f3rico muy diferente del que le toc\u00f3 vivir a San Vicente.\u00bb De \u00e9l, de Federico, tratan las p\u00e1ginas a las que quieren servir de presentaci\u00f3n estas l\u00edneas. Cuando el lector las recorra, le sugiero que las saboree despacio. Que intente situarse en la \u00e9poca hist\u00f3rica que sirve de marco a la vida de aquellos j\u00f3venes fundadores. Pues, si bien Federico es el principal de ellos, de los fundadores, Sor Mar\u00eda Teresa nos deja abierto un campo ampl\u00edsimo en el que se adivina la acci\u00f3n del Esp\u00edritu en un grupo eclesial que, en aquella \u00e9poca, no era desde luego \u00abal uso:&#8217; Tendr\u00e1n a\u00fan que pasar muchos a\u00f1os, como antes se\u00f1al\u00e9, para que al menos desde el pensamiento y la regla escrita, la Iglesia admita la posibilidad din\u00e1mica de la responsabilidad de los laicos en su vida y escriba l\u00edneas tan exigentes en ambas direcciones: hacia la jerarqu\u00eda y hacia los seglares, como las m\u00e1s arriba citadas de la Constituci\u00f3n Dogm\u00e1tica.<\/p>\n<p>Del deber de los seglares como evangelizadores y no \u00fanicamente como sujetos pasivos de evangelizaci\u00f3n.<\/p>\n<p>Aquel grupo de cristianos comprometidos con su tiempo, con visi\u00f3n prof\u00e9tica de su responsabilidad eclesial, recorre todos los campos con su actuaci\u00f3n y, singular mente, Federico Ozanam. Hasta tal punto profundiza \u00e9ste en su denuncia, denuncia de cristiano, que la autora escribe en las p\u00e1ginas que siguen: \u00ab&#8230;este art\u00edculo podr\u00eda catalogarse dentro de los sermones de un cl\u00e9rigo&#8230;\u00bb Se refiere al escrito por Federico bajo el t\u00edtulo \u00abA las gentes de bien\u00bb (publicado en L\u00bbEre Nouvelle, el 15 de septiembre de 1848), que sin duda habr\u00eda de ser un importante revulsivo para la sociedad de su \u00e9poca.<\/p>\n<p>Aquel grupo de intelectuales cristianos, de cuyo esfuerzo intelectual nacer\u00eda el Instituto Cat\u00f3lico de Par\u00eds, fue capaz de entregarse con responsabilidad, a la cooperaci\u00f3n directa en la Historia de la Salvaci\u00f3n.<\/p>\n<p>Cuando hoy el mundo sigue caminando y colaborando en la misma historia salv\u00edfica, se hace necesario presentar personas no consagradas, mujeres y hombres, de un talante tal que, al margen de su estado civil y profesional, sin reduccionismos, sean capaces de entregarse y contribuir a tan hermosa misi\u00f3n, sinti\u00e9ndola suya, haci\u00e9ndola suya y en plena comuni\u00f3n de oraci\u00f3n y acci\u00f3n con sus pastores. Potenciando al m\u00e1ximo toda la riqueza de la Iglesia, para decir a los hombres que Dios los ama.<\/p>\n<p>Lo hace perfectamente Sor Mar\u00eda Teresa Candelas H.C. al escribir sobre Ozanam. Por ello, a todas las personas de buena voluntad, a todos los que siguen creyendo en la capacidad del hombre para ser mejor cada d\u00eda, a todos los que tienen a Cristo como modelo de vida, les auguro una feliz lectura. Una lectura que ser\u00e1 tambi\u00e9n oraci\u00f3n en el literal sentido de elevar el alma a Dios pues, hablando de Federico, Dios est\u00e1 continuamente presente. En particular, los seglares comprometidos, encontrar\u00e1n un texto que les abrir\u00e1 nuevos caminos y convertir\u00e1n en libro de consulta frecuente.<\/p>\n<p style=\"text-align: right;\">Jos\u00e9 Ram\u00f3n D\u00edaz-Torremocha VIII Presidente de la Sociedad de San Vicente de Pa\u00fal en Espa\u00f1a<\/p>\n[wpfilebase tag=file id=145 \/]\n","protected":false},"excerpt":{"rendered":"<p>Jes\u00fas les dijo otra vez: \u00abLa paz con vosotros. Como el Padre me envi\u00f3, tambi\u00e9n yo os env\u00edo\u00bb (Juan 20.21) Durante su largu\u00edsima y fecunda historia al servicio de los seres humanos, de su salvaci\u00f3n, &#8230; <a href=\"https:\/\/vincentians.com\/es\/nuevo-la-biblioteca-federico-ozanam-seglar-comprometido\/\" class=\"more-link\">Read More<\/a><\/p>\n","protected":false},"author":4,"featured_media":148812,"comment_status":"open","ping_status":"open","sticky":false,"template":"","format":"standard","meta":{"jetpack_post_was_ever_published":false,"_jetpack_newsletter_access":"","_jetpack_dont_email_post_to_subs":false,"_jetpack_newsletter_tier_id":0,"_jetpack_memberships_contains_paywalled_content":false,"_jetpack_memberships_contains_paid_content":false,"footnotes":"","jetpack_publicize_message":"","jetpack_publicize_feature_enabled":true,"jetpack_social_post_already_shared":true,"jetpack_social_options":{"image_generator_settings":{"template":"highway","default_image_id":0,"font":"","enabled":false},"version":2}},"categories":[11,250],"tags":[],"class_list":["post-1173","post","type-post","status-publish","format-standard","has-post-thumbnail","hentry","category-federico-ozanam","category-sociedad-de-san-vicente-de-paul"],"yoast_head":"<!-- This site is optimized with the Yoast SEO plugin v26.3 - https:\/\/yoast.com\/wordpress\/plugins\/seo\/ -->\n<title>Nuevo en la Biblioteca: &quot;Federico Ozanam, un seglar comprometido&quot; - Somos Vicencianos<\/title>\n<meta name=\"robots\" content=\"index, follow, max-snippet:-1, max-image-preview:large, max-video-preview:-1\" \/>\n<link rel=\"canonical\" href=\"https:\/\/vincentians.com\/es\/nuevo-la-biblioteca-federico-ozanam-seglar-comprometido\/\" \/>\n<meta property=\"og:locale\" content=\"es_ES\" \/>\n<meta property=\"og:type\" content=\"article\" \/>\n<meta property=\"og:title\" content=\"Nuevo en la Biblioteca: &quot;Federico Ozanam, un seglar comprometido&quot; - Somos Vicencianos\" \/>\n<meta property=\"og:description\" content=\"Jes\u00fas les dijo otra vez: \u00abLa paz con vosotros. Como el Padre me envi\u00f3, tambi\u00e9n yo os env\u00edo\u00bb (Juan 20.21) Durante su largu\u00edsima y fecunda historia al servicio de los seres humanos, de su salvaci\u00f3n, ... Read More\" \/>\n<meta property=\"og:url\" content=\"https:\/\/vincentians.com\/es\/nuevo-la-biblioteca-federico-ozanam-seglar-comprometido\/\" \/>\n<meta property=\"og:site_name\" content=\"Somos Vicencianos\" \/>\n<meta property=\"article:publisher\" content=\"https:\/\/www.facebook.com\/WeAreVincentians\/\" \/>\n<meta property=\"article:author\" content=\"https:\/\/www.facebook.com\/JavierChento\" \/>\n<meta property=\"article:published_time\" content=\"2016-09-09T17:10:56+00:00\" \/>\n<meta property=\"og:image\" content=\"https:\/\/i0.wp.com\/vincentians.com\/es\/wp-content\/uploads\/sites\/11\/2016\/06\/ozanam_1.jpg?fit=1200%2C630&ssl=1\" \/>\n\t<meta property=\"og:image:width\" content=\"1200\" \/>\n\t<meta property=\"og:image:height\" content=\"630\" \/>\n\t<meta property=\"og:image:type\" content=\"image\/jpeg\" \/>\n<meta name=\"author\" content=\"Francisco Javier Fern\u00e1ndez Chento\" \/>\n<meta name=\"twitter:card\" content=\"summary_large_image\" \/>\n<meta name=\"twitter:creator\" content=\"@https:\/\/twitter.com\/javierchento\" \/>\n<meta name=\"twitter:site\" content=\"@WeVincentians\" \/>\n<meta name=\"twitter:label1\" content=\"Escrito por\" \/>\n\t<meta name=\"twitter:data1\" content=\"Francisco Javier Fern\u00e1ndez Chento\" \/>\n\t<meta name=\"twitter:label2\" content=\"Tiempo de lectura\" \/>\n\t<meta name=\"twitter:data2\" content=\"6 minutos\" \/>\n<script type=\"application\/ld+json\" class=\"yoast-schema-graph\">{\"@context\":\"https:\/\/schema.org\",\"@graph\":[{\"@type\":\"Article\",\"@id\":\"https:\/\/vincentians.com\/es\/nuevo-la-biblioteca-federico-ozanam-seglar-comprometido\/#article\",\"isPartOf\":{\"@id\":\"https:\/\/vincentians.com\/es\/nuevo-la-biblioteca-federico-ozanam-seglar-comprometido\/\"},\"author\":{\"name\":\"Francisco Javier Fern\u00e1ndez Chento\",\"@id\":\"http:\/\/vincentians.com\/es\/#\/schema\/person\/9623ef4d9aa3b2dfb8c061f1499288f2\"},\"headline\":\"Nuevo en la Biblioteca: \u00abFederico Ozanam, un seglar comprometido\u00bb\",\"datePublished\":\"2016-09-09T17:10:56+00:00\",\"mainEntityOfPage\":{\"@id\":\"https:\/\/vincentians.com\/es\/nuevo-la-biblioteca-federico-ozanam-seglar-comprometido\/\"},\"wordCount\":1184,\"commentCount\":0,\"publisher\":{\"@id\":\"http:\/\/vincentians.com\/es\/#organization\"},\"image\":{\"@id\":\"https:\/\/vincentians.com\/es\/nuevo-la-biblioteca-federico-ozanam-seglar-comprometido\/#primaryimage\"},\"thumbnailUrl\":\"https:\/\/i0.wp.com\/vincentians.com\/es\/wp-content\/uploads\/sites\/11\/2016\/06\/ozanam_1.jpg?fit=1200%2C630&ssl=1\",\"articleSection\":[\"Federico Ozanam\",\"Sociedad de San Vicente de Pa\u00fal\"],\"inLanguage\":\"es\",\"potentialAction\":[{\"@type\":\"CommentAction\",\"name\":\"Comment\",\"target\":[\"https:\/\/vincentians.com\/es\/nuevo-la-biblioteca-federico-ozanam-seglar-comprometido\/#respond\"]}]},{\"@type\":\"WebPage\",\"@id\":\"https:\/\/vincentians.com\/es\/nuevo-la-biblioteca-federico-ozanam-seglar-comprometido\/\",\"url\":\"https:\/\/vincentians.com\/es\/nuevo-la-biblioteca-federico-ozanam-seglar-comprometido\/\",\"name\":\"Nuevo en la Biblioteca: \\\"Federico Ozanam, un seglar comprometido\\\" - Somos Vicencianos\",\"isPartOf\":{\"@id\":\"http:\/\/vincentians.com\/es\/#website\"},\"primaryImageOfPage\":{\"@id\":\"https:\/\/vincentians.com\/es\/nuevo-la-biblioteca-federico-ozanam-seglar-comprometido\/#primaryimage\"},\"image\":{\"@id\":\"https:\/\/vincentians.com\/es\/nuevo-la-biblioteca-federico-ozanam-seglar-comprometido\/#primaryimage\"},\"thumbnailUrl\":\"https:\/\/i0.wp.com\/vincentians.com\/es\/wp-content\/uploads\/sites\/11\/2016\/06\/ozanam_1.jpg?fit=1200%2C630&ssl=1\",\"datePublished\":\"2016-09-09T17:10:56+00:00\",\"breadcrumb\":{\"@id\":\"https:\/\/vincentians.com\/es\/nuevo-la-biblioteca-federico-ozanam-seglar-comprometido\/#breadcrumb\"},\"inLanguage\":\"es\",\"potentialAction\":[{\"@type\":\"ReadAction\",\"target\":[\"https:\/\/vincentians.com\/es\/nuevo-la-biblioteca-federico-ozanam-seglar-comprometido\/\"]}]},{\"@type\":\"ImageObject\",\"inLanguage\":\"es\",\"@id\":\"https:\/\/vincentians.com\/es\/nuevo-la-biblioteca-federico-ozanam-seglar-comprometido\/#primaryimage\",\"url\":\"https:\/\/i0.wp.com\/vincentians.com\/es\/wp-content\/uploads\/sites\/11\/2016\/06\/ozanam_1.jpg?fit=1200%2C630&ssl=1\",\"contentUrl\":\"https:\/\/i0.wp.com\/vincentians.com\/es\/wp-content\/uploads\/sites\/11\/2016\/06\/ozanam_1.jpg?fit=1200%2C630&ssl=1\",\"width\":1200,\"height\":630},{\"@type\":\"BreadcrumbList\",\"@id\":\"https:\/\/vincentians.com\/es\/nuevo-la-biblioteca-federico-ozanam-seglar-comprometido\/#breadcrumb\",\"itemListElement\":[{\"@type\":\"ListItem\",\"position\":1,\"name\":\"Portada\",\"item\":\"http:\/\/vincentians.com\/es\/\"},{\"@type\":\"ListItem\",\"position\":2,\"name\":\"Nuevo en la Biblioteca: \u00abFederico Ozanam, un seglar comprometido\u00bb\"}]},{\"@type\":\"WebSite\",\"@id\":\"http:\/\/vincentians.com\/es\/#website\",\"url\":\"http:\/\/vincentians.com\/es\/\",\"name\":\"Somos Vicencianos\",\"description\":\"Know more to serve more\",\"publisher\":{\"@id\":\"http:\/\/vincentians.com\/es\/#organization\"},\"potentialAction\":[{\"@type\":\"SearchAction\",\"target\":{\"@type\":\"EntryPoint\",\"urlTemplate\":\"http:\/\/vincentians.com\/es\/?s={search_term_string}\"},\"query-input\":{\"@type\":\"PropertyValueSpecification\",\"valueRequired\":true,\"valueName\":\"search_term_string\"}}],\"inLanguage\":\"es\"},{\"@type\":\"Organization\",\"@id\":\"http:\/\/vincentians.com\/es\/#organization\",\"name\":\"The Vincentian Network\",\"url\":\"http:\/\/vincentians.com\/es\/\",\"logo\":{\"@type\":\"ImageObject\",\"inLanguage\":\"es\",\"@id\":\"http:\/\/vincentians.com\/es\/#\/schema\/logo\/image\/\",\"url\":\"https:\/\/i1.wp.com\/vincentians.com\/es\/wp-content\/uploads\/sites\/11\/2016\/06\/Vincentian-Network-logo-big.png?fit=778%2C778\",\"contentUrl\":\"https:\/\/i1.wp.com\/vincentians.com\/es\/wp-content\/uploads\/sites\/11\/2016\/06\/Vincentian-Network-logo-big.png?fit=778%2C778\",\"width\":778,\"height\":778,\"caption\":\"The Vincentian Network\"},\"image\":{\"@id\":\"http:\/\/vincentians.com\/es\/#\/schema\/logo\/image\/\"},\"sameAs\":[\"https:\/\/www.facebook.com\/WeAreVincentians\/\",\"https:\/\/x.com\/WeVincentians\"]},{\"@type\":\"Person\",\"@id\":\"http:\/\/vincentians.com\/es\/#\/schema\/person\/9623ef4d9aa3b2dfb8c061f1499288f2\",\"name\":\"Francisco Javier Fern\u00e1ndez Chento\",\"image\":{\"@type\":\"ImageObject\",\"inLanguage\":\"es\",\"@id\":\"http:\/\/vincentians.com\/es\/#\/schema\/person\/image\/\",\"url\":\"https:\/\/secure.gravatar.com\/avatar\/497d5cde87b4c3d097d0315953521681ba2cd523ee66e5077c3711f7021e65de?s=96&d=mm&r=g\",\"contentUrl\":\"https:\/\/secure.gravatar.com\/avatar\/497d5cde87b4c3d097d0315953521681ba2cd523ee66e5077c3711f7021e65de?s=96&d=mm&r=g\",\"caption\":\"Francisco Javier Fern\u00e1ndez Chento\"},\"description\":\"Director General y cofundador de La Red de Formaci\u00f3n Vicenciana. Javier es laico vicenciano, afiliado a la Congregaci\u00f3n de la Misi\u00f3n y miembro del Equipo de Misiones Populares de la provincia can\u00f3nica de Zaragoza (Espa\u00f1a) de la Congregaci\u00f3n de la Misi\u00f3n. Graduado en la Universidad Oberta de Catalunya con cuatro grados (Asistente de direcci\u00f3n, Gesti\u00f3n Administrativa, Recursos Humanos y Contabilidad Avanzada). Bil\u00edng\u00fce Espa\u00f1ol\/Ingl\u00e9s. gestiona y mantiene varias p\u00e1ginas web cristianas y vicencianas, incluida including La Red de Formaci\u00f3n Vicenciana, de la que es cofundador. Actualmente es responsable del \u00e1rea de Espa\u00f1ol de .famvin, la Red de Noticias de la Familia Vicenciana. Tambi\u00e9n es m\u00fasico cat\u00f3lico y ha editado varios discos. Es Director General y cofundador de Trovador, una reconocida compa\u00f1\u00eda discogr\u00e1fica critiana de Espa\u00f1a. Trabaja en las Tecnolog\u00edas de la Informaci\u00f3n, ofreciendo servicios de alojamiento, dise\u00f1o y mantenimiento Web, as\u00ed como asesoramiento, formaci\u00f3n y soluciones inform\u00e1ticas, gesti\u00f3n documental y digitalizaci\u00f3n de textos, edici\u00f3n y maquetaci\u00f3n de libros, revistas, flyers, etc.\",\"sameAs\":[\"http:\/\/chento.org\",\"https:\/\/www.facebook.com\/JavierChento\",\"https:\/\/x.com\/https:\/\/twitter.com\/javierchento\"],\"url\":\"https:\/\/vincentians.com\/es\/author\/chento\/\"}]}<\/script>\n<!-- \/ Yoast SEO plugin. -->","yoast_head_json":{"title":"Nuevo en la Biblioteca: \"Federico Ozanam, un seglar comprometido\" - Somos Vicencianos","robots":{"index":"index","follow":"follow","max-snippet":"max-snippet:-1","max-image-preview":"max-image-preview:large","max-video-preview":"max-video-preview:-1"},"canonical":"https:\/\/vincentians.com\/es\/nuevo-la-biblioteca-federico-ozanam-seglar-comprometido\/","og_locale":"es_ES","og_type":"article","og_title":"Nuevo en la Biblioteca: \"Federico Ozanam, un seglar comprometido\" - Somos Vicencianos","og_description":"Jes\u00fas les dijo otra vez: \u00abLa paz con vosotros. Como el Padre me envi\u00f3, tambi\u00e9n yo os env\u00edo\u00bb (Juan 20.21) Durante su largu\u00edsima y fecunda historia al servicio de los seres humanos, de su salvaci\u00f3n, ... Read More","og_url":"https:\/\/vincentians.com\/es\/nuevo-la-biblioteca-federico-ozanam-seglar-comprometido\/","og_site_name":"Somos Vicencianos","article_publisher":"https:\/\/www.facebook.com\/WeAreVincentians\/","article_author":"https:\/\/www.facebook.com\/JavierChento","article_published_time":"2016-09-09T17:10:56+00:00","og_image":[{"width":1200,"height":630,"url":"https:\/\/i0.wp.com\/vincentians.com\/es\/wp-content\/uploads\/sites\/11\/2016\/06\/ozanam_1.jpg?fit=1200%2C630&ssl=1","type":"image\/jpeg"}],"author":"Francisco Javier Fern\u00e1ndez Chento","twitter_card":"summary_large_image","twitter_creator":"@https:\/\/twitter.com\/javierchento","twitter_site":"@WeVincentians","twitter_misc":{"Escrito por":"Francisco Javier Fern\u00e1ndez Chento","Tiempo de lectura":"6 minutos"},"schema":{"@context":"https:\/\/schema.org","@graph":[{"@type":"Article","@id":"https:\/\/vincentians.com\/es\/nuevo-la-biblioteca-federico-ozanam-seglar-comprometido\/#article","isPartOf":{"@id":"https:\/\/vincentians.com\/es\/nuevo-la-biblioteca-federico-ozanam-seglar-comprometido\/"},"author":{"name":"Francisco Javier Fern\u00e1ndez Chento","@id":"http:\/\/vincentians.com\/es\/#\/schema\/person\/9623ef4d9aa3b2dfb8c061f1499288f2"},"headline":"Nuevo en la Biblioteca: \u00abFederico Ozanam, un seglar comprometido\u00bb","datePublished":"2016-09-09T17:10:56+00:00","mainEntityOfPage":{"@id":"https:\/\/vincentians.com\/es\/nuevo-la-biblioteca-federico-ozanam-seglar-comprometido\/"},"wordCount":1184,"commentCount":0,"publisher":{"@id":"http:\/\/vincentians.com\/es\/#organization"},"image":{"@id":"https:\/\/vincentians.com\/es\/nuevo-la-biblioteca-federico-ozanam-seglar-comprometido\/#primaryimage"},"thumbnailUrl":"https:\/\/i0.wp.com\/vincentians.com\/es\/wp-content\/uploads\/sites\/11\/2016\/06\/ozanam_1.jpg?fit=1200%2C630&ssl=1","articleSection":["Federico Ozanam","Sociedad de San Vicente de Pa\u00fal"],"inLanguage":"es","potentialAction":[{"@type":"CommentAction","name":"Comment","target":["https:\/\/vincentians.com\/es\/nuevo-la-biblioteca-federico-ozanam-seglar-comprometido\/#respond"]}]},{"@type":"WebPage","@id":"https:\/\/vincentians.com\/es\/nuevo-la-biblioteca-federico-ozanam-seglar-comprometido\/","url":"https:\/\/vincentians.com\/es\/nuevo-la-biblioteca-federico-ozanam-seglar-comprometido\/","name":"Nuevo en la Biblioteca: \"Federico Ozanam, un seglar comprometido\" - Somos Vicencianos","isPartOf":{"@id":"http:\/\/vincentians.com\/es\/#website"},"primaryImageOfPage":{"@id":"https:\/\/vincentians.com\/es\/nuevo-la-biblioteca-federico-ozanam-seglar-comprometido\/#primaryimage"},"image":{"@id":"https:\/\/vincentians.com\/es\/nuevo-la-biblioteca-federico-ozanam-seglar-comprometido\/#primaryimage"},"thumbnailUrl":"https:\/\/i0.wp.com\/vincentians.com\/es\/wp-content\/uploads\/sites\/11\/2016\/06\/ozanam_1.jpg?fit=1200%2C630&ssl=1","datePublished":"2016-09-09T17:10:56+00:00","breadcrumb":{"@id":"https:\/\/vincentians.com\/es\/nuevo-la-biblioteca-federico-ozanam-seglar-comprometido\/#breadcrumb"},"inLanguage":"es","potentialAction":[{"@type":"ReadAction","target":["https:\/\/vincentians.com\/es\/nuevo-la-biblioteca-federico-ozanam-seglar-comprometido\/"]}]},{"@type":"ImageObject","inLanguage":"es","@id":"https:\/\/vincentians.com\/es\/nuevo-la-biblioteca-federico-ozanam-seglar-comprometido\/#primaryimage","url":"https:\/\/i0.wp.com\/vincentians.com\/es\/wp-content\/uploads\/sites\/11\/2016\/06\/ozanam_1.jpg?fit=1200%2C630&ssl=1","contentUrl":"https:\/\/i0.wp.com\/vincentians.com\/es\/wp-content\/uploads\/sites\/11\/2016\/06\/ozanam_1.jpg?fit=1200%2C630&ssl=1","width":1200,"height":630},{"@type":"BreadcrumbList","@id":"https:\/\/vincentians.com\/es\/nuevo-la-biblioteca-federico-ozanam-seglar-comprometido\/#breadcrumb","itemListElement":[{"@type":"ListItem","position":1,"name":"Portada","item":"http:\/\/vincentians.com\/es\/"},{"@type":"ListItem","position":2,"name":"Nuevo en la Biblioteca: \u00abFederico Ozanam, un seglar comprometido\u00bb"}]},{"@type":"WebSite","@id":"http:\/\/vincentians.com\/es\/#website","url":"http:\/\/vincentians.com\/es\/","name":"Somos Vicencianos","description":"Know more to serve more","publisher":{"@id":"http:\/\/vincentians.com\/es\/#organization"},"potentialAction":[{"@type":"SearchAction","target":{"@type":"EntryPoint","urlTemplate":"http:\/\/vincentians.com\/es\/?s={search_term_string}"},"query-input":{"@type":"PropertyValueSpecification","valueRequired":true,"valueName":"search_term_string"}}],"inLanguage":"es"},{"@type":"Organization","@id":"http:\/\/vincentians.com\/es\/#organization","name":"The Vincentian Network","url":"http:\/\/vincentians.com\/es\/","logo":{"@type":"ImageObject","inLanguage":"es","@id":"http:\/\/vincentians.com\/es\/#\/schema\/logo\/image\/","url":"https:\/\/i1.wp.com\/vincentians.com\/es\/wp-content\/uploads\/sites\/11\/2016\/06\/Vincentian-Network-logo-big.png?fit=778%2C778","contentUrl":"https:\/\/i1.wp.com\/vincentians.com\/es\/wp-content\/uploads\/sites\/11\/2016\/06\/Vincentian-Network-logo-big.png?fit=778%2C778","width":778,"height":778,"caption":"The Vincentian Network"},"image":{"@id":"http:\/\/vincentians.com\/es\/#\/schema\/logo\/image\/"},"sameAs":["https:\/\/www.facebook.com\/WeAreVincentians\/","https:\/\/x.com\/WeVincentians"]},{"@type":"Person","@id":"http:\/\/vincentians.com\/es\/#\/schema\/person\/9623ef4d9aa3b2dfb8c061f1499288f2","name":"Francisco Javier Fern\u00e1ndez Chento","image":{"@type":"ImageObject","inLanguage":"es","@id":"http:\/\/vincentians.com\/es\/#\/schema\/person\/image\/","url":"https:\/\/secure.gravatar.com\/avatar\/497d5cde87b4c3d097d0315953521681ba2cd523ee66e5077c3711f7021e65de?s=96&d=mm&r=g","contentUrl":"https:\/\/secure.gravatar.com\/avatar\/497d5cde87b4c3d097d0315953521681ba2cd523ee66e5077c3711f7021e65de?s=96&d=mm&r=g","caption":"Francisco Javier Fern\u00e1ndez Chento"},"description":"Director General y cofundador de La Red de Formaci\u00f3n Vicenciana. Javier es laico vicenciano, afiliado a la Congregaci\u00f3n de la Misi\u00f3n y miembro del Equipo de Misiones Populares de la provincia can\u00f3nica de Zaragoza (Espa\u00f1a) de la Congregaci\u00f3n de la Misi\u00f3n. Graduado en la Universidad Oberta de Catalunya con cuatro grados (Asistente de direcci\u00f3n, Gesti\u00f3n Administrativa, Recursos Humanos y Contabilidad Avanzada). Bil\u00edng\u00fce Espa\u00f1ol\/Ingl\u00e9s. gestiona y mantiene varias p\u00e1ginas web cristianas y vicencianas, incluida including La Red de Formaci\u00f3n Vicenciana, de la que es cofundador. Actualmente es responsable del \u00e1rea de Espa\u00f1ol de .famvin, la Red de Noticias de la Familia Vicenciana. Tambi\u00e9n es m\u00fasico cat\u00f3lico y ha editado varios discos. Es Director General y cofundador de Trovador, una reconocida compa\u00f1\u00eda discogr\u00e1fica critiana de Espa\u00f1a. Trabaja en las Tecnolog\u00edas de la Informaci\u00f3n, ofreciendo servicios de alojamiento, dise\u00f1o y mantenimiento Web, as\u00ed como asesoramiento, formaci\u00f3n y soluciones inform\u00e1ticas, gesti\u00f3n documental y digitalizaci\u00f3n de textos, edici\u00f3n y maquetaci\u00f3n de libros, revistas, flyers, etc.","sameAs":["http:\/\/chento.org","https:\/\/www.facebook.com\/JavierChento","https:\/\/x.com\/https:\/\/twitter.com\/javierchento"],"url":"https:\/\/vincentians.com\/es\/author\/chento\/"}]}},"jetpack_publicize_connections":[],"jetpack_featured_media_url":"https:\/\/i0.wp.com\/vincentians.com\/es\/wp-content\/uploads\/sites\/11\/2016\/06\/ozanam_1.jpg?fit=1200%2C630&ssl=1","jetpack_sharing_enabled":true,"jetpack_shortlink":"https:\/\/wp.me\/p7ETMF-iV","jetpack-related-posts":[{"id":399008,"url":"https:\/\/vincentians.com\/es\/federico-ozanam-carta-0008-hippolyte-fortoul\/","url_meta":{"origin":1173,"position":0},"title":"Federico Ozanam, Carta 0008: A Hippolyte Fortoul","author":"Francisco Javier Fern\u00e1ndez Chento","date":"26\/08\/2016","format":false,"excerpt":"Satisfacci\u00f3n por las noticias recibidas de su amigo. Colaboraci\u00f3n en un trabajo com\u00fan. Noticias del abate Noirot. Cuires, cerca de Lyon, 14 de octubre de 1829. Mi querido amigo: No podr\u00edas creer qu\u00e9 agradable sorpresa he tenido al recibir tu carta. Sucede demasiado a menudo que las amistades del colegio\u2026","rel":"","context":"En \u00abEscritos de Federico Ozanam\u00bb","block_context":{"text":"Escritos de Federico Ozanam","link":"https:\/\/vincentians.com\/es\/category\/escritos\/escritos-de-federico-ozanam\/"},"img":{"alt_text":"","src":"https:\/\/i0.wp.com\/vincentians.com\/es\/wp-content\/uploads\/sites\/11\/2016\/07\/escritos-federico-ozanam.jpg?fit=1200%2C630&ssl=1&resize=350%2C200","width":350,"height":200,"srcset":"https:\/\/i0.wp.com\/vincentians.com\/es\/wp-content\/uploads\/sites\/11\/2016\/07\/escritos-federico-ozanam.jpg?fit=1200%2C630&ssl=1&resize=350%2C200 1x, https:\/\/i0.wp.com\/vincentians.com\/es\/wp-content\/uploads\/sites\/11\/2016\/07\/escritos-federico-ozanam.jpg?fit=1200%2C630&ssl=1&resize=525%2C300 1.5x, https:\/\/i0.wp.com\/vincentians.com\/es\/wp-content\/uploads\/sites\/11\/2016\/07\/escritos-federico-ozanam.jpg?fit=1200%2C630&ssl=1&resize=700%2C400 2x, https:\/\/i0.wp.com\/vincentians.com\/es\/wp-content\/uploads\/sites\/11\/2016\/07\/escritos-federico-ozanam.jpg?fit=1200%2C630&ssl=1&resize=1050%2C600 3x"},"classes":[]},{"id":104291,"url":"https:\/\/vincentians.com\/es\/novena-biblica-en-honor-al-beato-federico-ozanam-dia-noveno\/","url_meta":{"origin":1173,"position":1},"title":"Novena b\u00edblica en honor al beato Federico Ozanam: D\u00eda noveno","author":"Francisco Javier Fern\u00e1ndez Chento","date":"09\/09\/2012","format":false,"excerpt":"Oraci\u00f3n Oh Dios de Caridad infinita, que no dejas de compadecerte de nosotros y contin\u00faas la obra misericordiosa de tu Divino Hijo Jesucristo en la historia de cada hombre. Te damos infinitas gracias por el amor que se hace manifiesto por medio de la gracia bautismal en todos y cada\u2026","rel":"","context":"En \u00abFederico Ozanam\u00bb","block_context":{"text":"Federico Ozanam","link":"https:\/\/vincentians.com\/es\/category\/la-familia-vicenciana\/fundadores\/federico-ozanam\/"},"img":{"alt_text":"","src":"https:\/\/i0.wp.com\/vicencianos.org\/wp-content\/2012\/09\/beato_ozanam_pobre-225x300.jpg?resize=350%2C200","width":350,"height":200},"classes":[]},{"id":399077,"url":"https:\/\/vincentians.com\/es\/federico-ozanam-carta-023-ernest-falconnet\/","url_meta":{"origin":1173,"position":2},"title":"Federico Ozanam, Carta 023: A Ernest Falconnet","author":"Francisco Javier Fern\u00e1ndez Chento","date":"30\/09\/2016","format":false,"excerpt":"Consejos a Falconnet para su salud, sus estudios y sus investigaciones hist\u00f3ricas comunes. Lyon, 28 de julio de 1830. Mi querido Falconnet: He recibido tu carta, que me ha agradado mucho. Lo \u00fanico que no me ha gustado es que tu salud no haya mejorado de una manera decisiva. Me\u2026","rel":"","context":"En \u00abEscritos de Federico Ozanam\u00bb","block_context":{"text":"Escritos de Federico Ozanam","link":"https:\/\/vincentians.com\/es\/category\/escritos\/escritos-de-federico-ozanam\/"},"img":{"alt_text":"","src":"https:\/\/i0.wp.com\/vincentians.com\/es\/wp-content\/uploads\/sites\/11\/2016\/07\/escritos-federico-ozanam.jpg?fit=1200%2C630&ssl=1&resize=350%2C200","width":350,"height":200,"srcset":"https:\/\/i0.wp.com\/vincentians.com\/es\/wp-content\/uploads\/sites\/11\/2016\/07\/escritos-federico-ozanam.jpg?fit=1200%2C630&ssl=1&resize=350%2C200 1x, https:\/\/i0.wp.com\/vincentians.com\/es\/wp-content\/uploads\/sites\/11\/2016\/07\/escritos-federico-ozanam.jpg?fit=1200%2C630&ssl=1&resize=525%2C300 1.5x, https:\/\/i0.wp.com\/vincentians.com\/es\/wp-content\/uploads\/sites\/11\/2016\/07\/escritos-federico-ozanam.jpg?fit=1200%2C630&ssl=1&resize=700%2C400 2x, https:\/\/i0.wp.com\/vincentians.com\/es\/wp-content\/uploads\/sites\/11\/2016\/07\/escritos-federico-ozanam.jpg?fit=1200%2C630&ssl=1&resize=1050%2C600 3x"},"classes":[]},{"id":387466,"url":"https:\/\/vincentians.com\/es\/federico-ozanam-1813-1853-vii\/","url_meta":{"origin":1173,"position":3},"title":"Federico Ozanam (1813-1853) (VII)","author":"Mitxel Olabu\u00e9naga","date":"21\/05\/2016","format":false,"excerpt":"EL PROFESOR Y EL HISTORIADOR \"Querido amigo, despu\u00e9s de los consuelos infinitos que un cat\u00f3lico halla al pie de los altares, despu\u00e9s de las alegr\u00edas de la familia, no conozco felicidad mayor que la de hablar a j\u00f3venes que tienen inteligencia y coraz\u00f3n.\" En esta carta escrita a su suplente\u2026","rel":"","context":"En \u00abFederico Ozanam\u00bb","block_context":{"text":"Federico Ozanam","link":"https:\/\/vincentians.com\/es\/category\/la-familia-vicenciana\/fundadores\/federico-ozanam\/"},"img":{"alt_text":"","src":"https:\/\/i0.wp.com\/vincentians.com\/es\/wp-content\/uploads\/sites\/11\/2016\/07\/young-ozanam.jpg?fit=1200%2C630&ssl=1&resize=350%2C200","width":350,"height":200,"srcset":"https:\/\/i0.wp.com\/vincentians.com\/es\/wp-content\/uploads\/sites\/11\/2016\/07\/young-ozanam.jpg?fit=1200%2C630&ssl=1&resize=350%2C200 1x, https:\/\/i0.wp.com\/vincentians.com\/es\/wp-content\/uploads\/sites\/11\/2016\/07\/young-ozanam.jpg?fit=1200%2C630&ssl=1&resize=525%2C300 1.5x, https:\/\/i0.wp.com\/vincentians.com\/es\/wp-content\/uploads\/sites\/11\/2016\/07\/young-ozanam.jpg?fit=1200%2C630&ssl=1&resize=700%2C400 2x, https:\/\/i0.wp.com\/vincentians.com\/es\/wp-content\/uploads\/sites\/11\/2016\/07\/young-ozanam.jpg?fit=1200%2C630&ssl=1&resize=1050%2C600 3x"},"classes":[]},{"id":2334,"url":"https:\/\/vincentians.com\/es\/federico-ozanam-compromiso-con-los-pobres\/","url_meta":{"origin":1173,"position":4},"title":"Federico Ozanam: compromiso con los pobres","author":"Francisco Javier Fern\u00e1ndez Chento","date":"09\/09\/2023","format":false,"excerpt":"La Iglesia celebra hoy la fiesta del beato Federico Ozanam, un seglar comprometido con su sociedad, con la Iglesia y con los pobres. Recorrer su vida es acercarse a una persona fielmente seguidora de Jesucristo en los pasos de Vicente de Pa\u00fal. De la introducci\u00f3n de la biograf\u00eda de Federico\u2026","rel":"","context":"En \u00abFederico Ozanam\u00bb","block_context":{"text":"Federico Ozanam","link":"https:\/\/vincentians.com\/es\/category\/la-familia-vicenciana\/fundadores\/federico-ozanam\/"},"img":{"alt_text":"","src":"https:\/\/i0.wp.com\/vincentians.com\/es\/wp-content\/uploads\/sites\/11\/2016\/10\/cara-ozanam.jpg?fit=1200%2C630&ssl=1&resize=350%2C200","width":350,"height":200,"srcset":"https:\/\/i0.wp.com\/vincentians.com\/es\/wp-content\/uploads\/sites\/11\/2016\/10\/cara-ozanam.jpg?fit=1200%2C630&ssl=1&resize=350%2C200 1x, https:\/\/i0.wp.com\/vincentians.com\/es\/wp-content\/uploads\/sites\/11\/2016\/10\/cara-ozanam.jpg?fit=1200%2C630&ssl=1&resize=525%2C300 1.5x, https:\/\/i0.wp.com\/vincentians.com\/es\/wp-content\/uploads\/sites\/11\/2016\/10\/cara-ozanam.jpg?fit=1200%2C630&ssl=1&resize=700%2C400 2x, https:\/\/i0.wp.com\/vincentians.com\/es\/wp-content\/uploads\/sites\/11\/2016\/10\/cara-ozanam.jpg?fit=1200%2C630&ssl=1&resize=1050%2C600 3x"},"classes":[]},{"id":399081,"url":"https:\/\/vincentians.com\/es\/federico-ozanam-carta-0046-padres\/","url_meta":{"origin":1173,"position":5},"title":"Federico Ozanam, Carta 0046: A su[s] padre[s]","author":"Francisco Javier Fern\u00e1ndez Chento","date":"23\/11\/2016","format":false,"excerpt":"No le gusta la pensi\u00f3n en la que se hospeda. Su habitaci\u00f3n en casa de Amp\u00e8re. Encargos diversos. Par\u00eds, noviembre [y diciembre] de 1831[1]. Mi querido pap\u00e1: Recib\u00ed el domingo pasado su \u00faltima carta, que me ha venido muy bien. Me acechan dos inquietudes grandes, y usted ha calmado las\u2026","rel":"","context":"En \u00abEscritos de Federico Ozanam\u00bb","block_context":{"text":"Escritos de Federico Ozanam","link":"https:\/\/vincentians.com\/es\/category\/escritos\/escritos-de-federico-ozanam\/"},"img":{"alt_text":"","src":"https:\/\/i0.wp.com\/vincentians.com\/es\/wp-content\/uploads\/sites\/11\/2016\/07\/escritos-federico-ozanam.jpg?fit=1200%2C630&ssl=1&resize=350%2C200","width":350,"height":200,"srcset":"https:\/\/i0.wp.com\/vincentians.com\/es\/wp-content\/uploads\/sites\/11\/2016\/07\/escritos-federico-ozanam.jpg?fit=1200%2C630&ssl=1&resize=350%2C200 1x, https:\/\/i0.wp.com\/vincentians.com\/es\/wp-content\/uploads\/sites\/11\/2016\/07\/escritos-federico-ozanam.jpg?fit=1200%2C630&ssl=1&resize=525%2C300 1.5x, https:\/\/i0.wp.com\/vincentians.com\/es\/wp-content\/uploads\/sites\/11\/2016\/07\/escritos-federico-ozanam.jpg?fit=1200%2C630&ssl=1&resize=700%2C400 2x, https:\/\/i0.wp.com\/vincentians.com\/es\/wp-content\/uploads\/sites\/11\/2016\/07\/escritos-federico-ozanam.jpg?fit=1200%2C630&ssl=1&resize=1050%2C600 3x"},"classes":[]}],"_links":{"self":[{"href":"https:\/\/vincentians.com\/es\/wp-json\/wp\/v2\/posts\/1173","targetHints":{"allow":["GET"]}}],"collection":[{"href":"https:\/\/vincentians.com\/es\/wp-json\/wp\/v2\/posts"}],"about":[{"href":"https:\/\/vincentians.com\/es\/wp-json\/wp\/v2\/types\/post"}],"author":[{"embeddable":true,"href":"https:\/\/vincentians.com\/es\/wp-json\/wp\/v2\/users\/4"}],"replies":[{"embeddable":true,"href":"https:\/\/vincentians.com\/es\/wp-json\/wp\/v2\/comments?post=1173"}],"version-history":[{"count":0,"href":"https:\/\/vincentians.com\/es\/wp-json\/wp\/v2\/posts\/1173\/revisions"}],"wp:featuredmedia":[{"embeddable":true,"href":"https:\/\/vincentians.com\/es\/wp-json\/wp\/v2\/media\/148812"}],"wp:attachment":[{"href":"https:\/\/vincentians.com\/es\/wp-json\/wp\/v2\/media?parent=1173"}],"wp:term":[{"taxonomy":"category","embeddable":true,"href":"https:\/\/vincentians.com\/es\/wp-json\/wp\/v2\/categories?post=1173"},{"taxonomy":"post_tag","embeddable":true,"href":"https:\/\/vincentians.com\/es\/wp-json\/wp\/v2\/tags?post=1173"}],"curies":[{"name":"wp","href":"https:\/\/api.w.org\/{rel}","templated":true}]}}