{"id":11728,"date":"2023-09-01T08:00:42","date_gmt":"2023-09-01T06:00:42","guid":{"rendered":"http:\/\/somos.vicencianos.org\/blog\/2010\/03\/05\/analisis-hermeneutico-de-tres-conferencias-de-san-vicente-de-paul-y-su-actualidad-en-la-situacion-de-pobreza-en-centro-america-9\/"},"modified":"2023-08-02T17:30:59","modified_gmt":"2023-08-02T15:30:59","slug":"analisis-hermeneutico-de-tres-conferencias-de-san-vicente-de-paul-y-su-actualidad-en-la-situacion-de-pobreza-en-centro-america-9-y-ultimo","status":"publish","type":"post","link":"https:\/\/vincentians.com\/es\/analisis-hermeneutico-de-tres-conferencias-de-san-vicente-de-paul-y-su-actualidad-en-la-situacion-de-pobreza-en-centro-america-9-y-ultimo\/","title":{"rendered":"An\u00e1lisis Hermen\u00e9utico de Tres Conferencias de San Vicente de Pa\u00fal y su Actualidad en la Situaci\u00f3n de Pobreza en Centro Am\u00e9rica (9 y \u00faltimo)"},"content":{"rendered":"<h1 style=\"text-align: center\">VI. Referencias Bibliogr\u00e1ficas<\/h1>\n<ul>\n<li><strong>Asamblea Mundial de Carisma Vicentino<\/strong> (1995) <span style=\"text-decoration: underline\">La Familia Vicenciana.<\/span> Roma.<\/li>\n<li><strong>Bastiaensen, Adri\u00e1n C.M. <\/strong>(1990, CLAPVI, No. 68, Julio-Septiembre) <span style=\"text-decoration: underline\">Breves Apuntes al Carisma y la Espiritualidad Vicencianos<\/span>, CLAPVI, Colombia.<\/li>\n<li><strong>Bermudez, Fernando <\/strong>(1997) <span style=\"text-decoration: underline\">Los Cristianos Frente al Neoliberalismo<\/span>, Departamento de Educaci\u00f3n, Oficina Derechos Humanos del Arzobispado de Guatemala.<\/li>\n<li><strong>Brugger, W.<\/strong> (1976), <span style=\"text-decoration: underline\">Diccionario de Filosof\u00eda<\/span>, Friburgo, Alemania. Traducci\u00f3n de J.M. V\u00e9lez Cantarell, Editorial Herder, Barcelona 1983.<\/li>\n<li><span style=\"text-decoration: underline\">Acta Apostolicae Sedis, (C\u00f3digo de Derecho Can\u00f3nico), <\/span>Revisi\u00f3n 1983, Traducci\u00f3n del original en lat\u00edn, de los profesores de la Universidad Pontificia de Salamanca y de la Universidad de Navarra. Biblioteca de Autores Cristianos, Madrid, Espa\u00f1a 1992.<\/li>\n<li><strong>Comte, Antonio C.M<\/strong>. (1960) <span style=\"text-decoration: underline\">100 A\u00f1os de Labores<\/span>, Imprenta Santa Isabel Guatemala 1960.<\/li>\n<li><strong>Congratio Missionis<\/strong>, (1981) <span style=\"text-decoration: underline\">Vicentiana<\/span>, Roma.<\/li>\n<li><strong>Congratio Missionis<\/strong>, (1995) <span style=\"text-decoration: underline\">Catalogus Provinciarum<\/span>, Roma.<\/li>\n<li><strong>Conferencia Latinoamericana de Provincias Vicentinas (CLAPVI)<\/strong> (1971-1996) <span style=\"text-decoration: underline\">Revista CLAPVI<\/span>, N\u00fameros 32, 68, 72, 90. Santaf\u00e9 de Bogot\u00e1, Colombia.<\/li>\n<li><strong>Caballero, Carlos C.M. <\/strong>(1990, CLAPVI, No.68, Julio-Septiembre) <span style=\"text-decoration: underline\">Parroquia Nuestra Se\u00f1ora de Guadalupe,<\/span> CLAPVI, Colombia.<\/li>\n<li><strong>Corera, Jaime C.M. <\/strong>(1988) <span style=\"text-decoration: underline\">Vida del Se\u00f1or Vicente de Pa\u00fal. <\/span>CEME, Salamanca, Espa\u00f1a.<\/li>\n<li><strong>Coste, Pedro C.M. <\/strong>(1909). <span style=\"text-decoration: underline\">Obras Completas de San Vicente de Pa\u00fal<\/span>, Tomo XI. Compilaci\u00f3n (1657-1659) Par\u00eds. Traducci\u00f3n de A. Ort\u00edz Garc\u00eda, sobre los originales franceses, seg\u00fan la edici\u00f3n Cr\u00edtica de Pedro Coste C.M.. Ediciones S\u00edgueme, Espa\u00f1a 1972.<\/li>\n<li><strong>Coste, Pedro C.M<\/strong>. Par\u00eds (1909) <span style=\"text-decoration: underline\">El Gran Santo del Gran Siglo El Se\u00f1or Vicente<\/span>, traducci\u00f3n del original franc\u00e9s por Alfonso Ort\u00edz Garc\u00eda, Editorial CEME, Salamanca 1991.<\/li>\n<li><strong>Fundaci\u00f3n Myrna Mack<\/strong> (1997, Bolet\u00edn No.6) <span style=\"text-decoration: underline\">Notas de la Coyuntura en Guatemala, <\/span>Programa de Investigaci\u00f3n y An\u00e1lisis de la Fundaci\u00f3n Myrna Mack, junio 1997. Guatemala.<\/li>\n<li><strong>Gallo, Antonio S.J. <\/strong>(1992) <span style=\"text-decoration: underline\">Manual de Hermen\u00e9utica. <\/span>Guatemala. Documento no publicado.<\/li>\n<li><strong>Maloney, Robert C.M.<\/strong> (1993) <span style=\"text-decoration: underline\">El Camino de Vicente de Pa\u00fal<\/span>, Traducido del ingl\u00e9s por Jaime Corera, Editorial CEME, Salamanca, Espa\u00f1a.<\/li>\n<li><strong>Prager, Juan Patricio C.M. (<\/strong>1990) <span style=\"text-decoration: underline\">Curso de Iniciaci\u00f3n Vicentina, <\/span>(No editado), Panam\u00e1.<\/li>\n<li><strong>Petrosillo, Piero <\/strong>(1996) <span style=\"text-decoration: underline\">El Cristianismo de la A a la Z. <\/span>Edtorial San Pablo, Espa\u00f1a.<\/li>\n<li><strong>Rivas, Juan Jos\u00e9<\/strong> (1996) <span style=\"text-decoration: underline\">Los Grupos \u00c9tnicos en el Pensamiento de Antonio Gallo <\/span>Tesis de Letras y Filosof\u00eda, Universidad Rafael Land\u00edvar, Guatemala. (Licencia obispado de Salamanca 8 XI 1986)<\/li>\n<\/ul>\n","protected":false},"excerpt":{"rendered":"<p>VI. Referencias Bibliogr\u00e1ficas Asamblea Mundial de Carisma Vicentino (1995) La Familia Vicenciana. Roma. Bastiaensen, Adri\u00e1n C.M. (1990, CLAPVI, No. 68, Julio-Septiembre) Breves Apuntes al Carisma y la Espiritualidad Vicencianos, CLAPVI, Colombia. Bermudez, Fernando (1997) Los &#8230; <a href=\"https:\/\/vincentians.com\/es\/analisis-hermeneutico-de-tres-conferencias-de-san-vicente-de-paul-y-su-actualidad-en-la-situacion-de-pobreza-en-centro-america-9-y-ultimo\/\" class=\"more-link\">Read More<\/a><\/p>\n","protected":false},"author":4,"featured_media":393753,"comment_status":"open","ping_status":"open","sticky":false,"template":"","format":"standard","meta":{"jetpack_post_was_ever_published":false,"_jetpack_newsletter_access":"","_jetpack_dont_email_post_to_subs":false,"_jetpack_newsletter_tier_id":0,"_jetpack_memberships_contains_paywalled_content":false,"_jetpack_memberships_contains_paid_content":false,"footnotes":"","jetpack_publicize_message":"","jetpack_publicize_feature_enabled":true,"jetpack_social_post_already_shared":true,"jetpack_social_options":{"image_generator_settings":{"template":"highway","default_image_id":0,"font":"","enabled":false},"version":2}},"categories":[28],"tags":[172,323],"class_list":["post-11728","post","type-post","status-publish","format-standard","has-post-thumbnail","hentry","category-formacion-vicenciana","tag-pobreza","tag-vicentiana"],"yoast_head":"<!-- This site is optimized with the Yoast SEO plugin v26.3 - https:\/\/yoast.com\/wordpress\/plugins\/seo\/ -->\n<title>An\u00e1lisis Hermen\u00e9utico de Tres Conferencias de San Vicente de Pa\u00fal y su Actualidad en la Situaci\u00f3n de Pobreza en Centro Am\u00e9rica (9 y \u00faltimo) - Somos Vicencianos<\/title>\n<meta name=\"robots\" content=\"index, follow, max-snippet:-1, max-image-preview:large, max-video-preview:-1\" \/>\n<link rel=\"canonical\" href=\"https:\/\/vincentians.com\/es\/analisis-hermeneutico-de-tres-conferencias-de-san-vicente-de-paul-y-su-actualidad-en-la-situacion-de-pobreza-en-centro-america-9-y-ultimo\/\" \/>\n<meta property=\"og:locale\" content=\"es_ES\" \/>\n<meta property=\"og:type\" content=\"article\" \/>\n<meta property=\"og:title\" content=\"An\u00e1lisis Hermen\u00e9utico de Tres Conferencias de San Vicente de Pa\u00fal y su Actualidad en la Situaci\u00f3n de Pobreza en Centro Am\u00e9rica (9 y \u00faltimo) - Somos Vicencianos\" \/>\n<meta property=\"og:description\" content=\"VI. Referencias Bibliogr\u00e1ficas Asamblea Mundial de Carisma Vicentino (1995) La Familia Vicenciana. Roma. Bastiaensen, Adri\u00e1n C.M. (1990, CLAPVI, No. 68, Julio-Septiembre) Breves Apuntes al Carisma y la Espiritualidad Vicencianos, CLAPVI, Colombia. Bermudez, Fernando (1997) Los ... Read More\" \/>\n<meta property=\"og:url\" content=\"https:\/\/vincentians.com\/es\/analisis-hermeneutico-de-tres-conferencias-de-san-vicente-de-paul-y-su-actualidad-en-la-situacion-de-pobreza-en-centro-america-9-y-ultimo\/\" \/>\n<meta property=\"og:site_name\" content=\"Somos Vicencianos\" \/>\n<meta property=\"article:publisher\" content=\"https:\/\/www.facebook.com\/WeAreVincentians\/\" \/>\n<meta property=\"article:author\" content=\"https:\/\/www.facebook.com\/JavierChento\" \/>\n<meta property=\"article:published_time\" content=\"2023-09-01T06:00:42+00:00\" \/>\n<meta property=\"og:image\" content=\"https:\/\/i0.wp.com\/vincentians.com\/es\/wp-content\/uploads\/sites\/11\/2016\/07\/escritos-vicente-de-paul.jpg?fit=1200%2C630&ssl=1\" \/>\n\t<meta property=\"og:image:width\" content=\"1200\" \/>\n\t<meta property=\"og:image:height\" content=\"630\" \/>\n\t<meta property=\"og:image:type\" content=\"image\/jpeg\" \/>\n<meta name=\"author\" content=\"Francisco Javier Fern\u00e1ndez Chento\" \/>\n<meta name=\"twitter:card\" content=\"summary_large_image\" \/>\n<meta name=\"twitter:creator\" content=\"@https:\/\/twitter.com\/javierchento\" \/>\n<meta name=\"twitter:site\" content=\"@WeVincentians\" \/>\n<meta name=\"twitter:label1\" content=\"Escrito por\" \/>\n\t<meta name=\"twitter:data1\" content=\"Francisco Javier Fern\u00e1ndez Chento\" \/>\n\t<meta name=\"twitter:label2\" content=\"Tiempo de lectura\" \/>\n\t<meta name=\"twitter:data2\" content=\"2 minutos\" \/>\n<script type=\"application\/ld+json\" class=\"yoast-schema-graph\">{\"@context\":\"https:\/\/schema.org\",\"@graph\":[{\"@type\":\"Article\",\"@id\":\"https:\/\/vincentians.com\/es\/analisis-hermeneutico-de-tres-conferencias-de-san-vicente-de-paul-y-su-actualidad-en-la-situacion-de-pobreza-en-centro-america-9-y-ultimo\/#article\",\"isPartOf\":{\"@id\":\"https:\/\/vincentians.com\/es\/analisis-hermeneutico-de-tres-conferencias-de-san-vicente-de-paul-y-su-actualidad-en-la-situacion-de-pobreza-en-centro-america-9-y-ultimo\/\"},\"author\":{\"name\":\"Francisco Javier Fern\u00e1ndez Chento\",\"@id\":\"http:\/\/vincentians.com\/es\/#\/schema\/person\/9623ef4d9aa3b2dfb8c061f1499288f2\"},\"headline\":\"An\u00e1lisis Hermen\u00e9utico de Tres Conferencias de San Vicente de Pa\u00fal y su Actualidad en la Situaci\u00f3n de Pobreza en Centro Am\u00e9rica (9 y \u00faltimo)\",\"datePublished\":\"2023-09-01T06:00:42+00:00\",\"mainEntityOfPage\":{\"@id\":\"https:\/\/vincentians.com\/es\/analisis-hermeneutico-de-tres-conferencias-de-san-vicente-de-paul-y-su-actualidad-en-la-situacion-de-pobreza-en-centro-america-9-y-ultimo\/\"},\"wordCount\":401,\"commentCount\":0,\"publisher\":{\"@id\":\"http:\/\/vincentians.com\/es\/#organization\"},\"image\":{\"@id\":\"https:\/\/vincentians.com\/es\/analisis-hermeneutico-de-tres-conferencias-de-san-vicente-de-paul-y-su-actualidad-en-la-situacion-de-pobreza-en-centro-america-9-y-ultimo\/#primaryimage\"},\"thumbnailUrl\":\"https:\/\/i0.wp.com\/vincentians.com\/es\/wp-content\/uploads\/sites\/11\/2016\/07\/escritos-vicente-de-paul.jpg?fit=1200%2C630&ssl=1\",\"keywords\":[\"Pobreza\",\"Vicentiana\"],\"articleSection\":[\"Formaci\u00f3n Vicenciana\"],\"inLanguage\":\"es\",\"potentialAction\":[{\"@type\":\"CommentAction\",\"name\":\"Comment\",\"target\":[\"https:\/\/vincentians.com\/es\/analisis-hermeneutico-de-tres-conferencias-de-san-vicente-de-paul-y-su-actualidad-en-la-situacion-de-pobreza-en-centro-america-9-y-ultimo\/#respond\"]}]},{\"@type\":\"WebPage\",\"@id\":\"https:\/\/vincentians.com\/es\/analisis-hermeneutico-de-tres-conferencias-de-san-vicente-de-paul-y-su-actualidad-en-la-situacion-de-pobreza-en-centro-america-9-y-ultimo\/\",\"url\":\"https:\/\/vincentians.com\/es\/analisis-hermeneutico-de-tres-conferencias-de-san-vicente-de-paul-y-su-actualidad-en-la-situacion-de-pobreza-en-centro-america-9-y-ultimo\/\",\"name\":\"An\u00e1lisis Hermen\u00e9utico de Tres Conferencias de San Vicente de Pa\u00fal y su Actualidad en la Situaci\u00f3n de Pobreza en Centro Am\u00e9rica (9 y \u00faltimo) - Somos Vicencianos\",\"isPartOf\":{\"@id\":\"http:\/\/vincentians.com\/es\/#website\"},\"primaryImageOfPage\":{\"@id\":\"https:\/\/vincentians.com\/es\/analisis-hermeneutico-de-tres-conferencias-de-san-vicente-de-paul-y-su-actualidad-en-la-situacion-de-pobreza-en-centro-america-9-y-ultimo\/#primaryimage\"},\"image\":{\"@id\":\"https:\/\/vincentians.com\/es\/analisis-hermeneutico-de-tres-conferencias-de-san-vicente-de-paul-y-su-actualidad-en-la-situacion-de-pobreza-en-centro-america-9-y-ultimo\/#primaryimage\"},\"thumbnailUrl\":\"https:\/\/i0.wp.com\/vincentians.com\/es\/wp-content\/uploads\/sites\/11\/2016\/07\/escritos-vicente-de-paul.jpg?fit=1200%2C630&ssl=1\",\"datePublished\":\"2023-09-01T06:00:42+00:00\",\"breadcrumb\":{\"@id\":\"https:\/\/vincentians.com\/es\/analisis-hermeneutico-de-tres-conferencias-de-san-vicente-de-paul-y-su-actualidad-en-la-situacion-de-pobreza-en-centro-america-9-y-ultimo\/#breadcrumb\"},\"inLanguage\":\"es\",\"potentialAction\":[{\"@type\":\"ReadAction\",\"target\":[\"https:\/\/vincentians.com\/es\/analisis-hermeneutico-de-tres-conferencias-de-san-vicente-de-paul-y-su-actualidad-en-la-situacion-de-pobreza-en-centro-america-9-y-ultimo\/\"]}]},{\"@type\":\"ImageObject\",\"inLanguage\":\"es\",\"@id\":\"https:\/\/vincentians.com\/es\/analisis-hermeneutico-de-tres-conferencias-de-san-vicente-de-paul-y-su-actualidad-en-la-situacion-de-pobreza-en-centro-america-9-y-ultimo\/#primaryimage\",\"url\":\"https:\/\/i0.wp.com\/vincentians.com\/es\/wp-content\/uploads\/sites\/11\/2016\/07\/escritos-vicente-de-paul.jpg?fit=1200%2C630&ssl=1\",\"contentUrl\":\"https:\/\/i0.wp.com\/vincentians.com\/es\/wp-content\/uploads\/sites\/11\/2016\/07\/escritos-vicente-de-paul.jpg?fit=1200%2C630&ssl=1\",\"width\":1200,\"height\":630},{\"@type\":\"BreadcrumbList\",\"@id\":\"https:\/\/vincentians.com\/es\/analisis-hermeneutico-de-tres-conferencias-de-san-vicente-de-paul-y-su-actualidad-en-la-situacion-de-pobreza-en-centro-america-9-y-ultimo\/#breadcrumb\",\"itemListElement\":[{\"@type\":\"ListItem\",\"position\":1,\"name\":\"Portada\",\"item\":\"http:\/\/vincentians.com\/es\/\"},{\"@type\":\"ListItem\",\"position\":2,\"name\":\"An\u00e1lisis Hermen\u00e9utico de Tres Conferencias de San Vicente de Pa\u00fal y su Actualidad en la Situaci\u00f3n de Pobreza en Centro Am\u00e9rica (9 y \u00faltimo)\"}]},{\"@type\":\"WebSite\",\"@id\":\"http:\/\/vincentians.com\/es\/#website\",\"url\":\"http:\/\/vincentians.com\/es\/\",\"name\":\"Somos Vicencianos\",\"description\":\"Know more to serve more\",\"publisher\":{\"@id\":\"http:\/\/vincentians.com\/es\/#organization\"},\"potentialAction\":[{\"@type\":\"SearchAction\",\"target\":{\"@type\":\"EntryPoint\",\"urlTemplate\":\"http:\/\/vincentians.com\/es\/?s={search_term_string}\"},\"query-input\":{\"@type\":\"PropertyValueSpecification\",\"valueRequired\":true,\"valueName\":\"search_term_string\"}}],\"inLanguage\":\"es\"},{\"@type\":\"Organization\",\"@id\":\"http:\/\/vincentians.com\/es\/#organization\",\"name\":\"The Vincentian Network\",\"url\":\"http:\/\/vincentians.com\/es\/\",\"logo\":{\"@type\":\"ImageObject\",\"inLanguage\":\"es\",\"@id\":\"http:\/\/vincentians.com\/es\/#\/schema\/logo\/image\/\",\"url\":\"https:\/\/i1.wp.com\/vincentians.com\/es\/wp-content\/uploads\/sites\/11\/2016\/06\/Vincentian-Network-logo-big.png?fit=778%2C778\",\"contentUrl\":\"https:\/\/i1.wp.com\/vincentians.com\/es\/wp-content\/uploads\/sites\/11\/2016\/06\/Vincentian-Network-logo-big.png?fit=778%2C778\",\"width\":778,\"height\":778,\"caption\":\"The Vincentian Network\"},\"image\":{\"@id\":\"http:\/\/vincentians.com\/es\/#\/schema\/logo\/image\/\"},\"sameAs\":[\"https:\/\/www.facebook.com\/WeAreVincentians\/\",\"https:\/\/x.com\/WeVincentians\"]},{\"@type\":\"Person\",\"@id\":\"http:\/\/vincentians.com\/es\/#\/schema\/person\/9623ef4d9aa3b2dfb8c061f1499288f2\",\"name\":\"Francisco Javier Fern\u00e1ndez Chento\",\"image\":{\"@type\":\"ImageObject\",\"inLanguage\":\"es\",\"@id\":\"http:\/\/vincentians.com\/es\/#\/schema\/person\/image\/\",\"url\":\"https:\/\/secure.gravatar.com\/avatar\/497d5cde87b4c3d097d0315953521681ba2cd523ee66e5077c3711f7021e65de?s=96&d=mm&r=g\",\"contentUrl\":\"https:\/\/secure.gravatar.com\/avatar\/497d5cde87b4c3d097d0315953521681ba2cd523ee66e5077c3711f7021e65de?s=96&d=mm&r=g\",\"caption\":\"Francisco Javier Fern\u00e1ndez Chento\"},\"description\":\"Director General y cofundador de La Red de Formaci\u00f3n Vicenciana. Javier es laico vicenciano, afiliado a la Congregaci\u00f3n de la Misi\u00f3n y miembro del Equipo de Misiones Populares de la provincia can\u00f3nica de Zaragoza (Espa\u00f1a) de la Congregaci\u00f3n de la Misi\u00f3n. Graduado en la Universidad Oberta de Catalunya con cuatro grados (Asistente de direcci\u00f3n, Gesti\u00f3n Administrativa, Recursos Humanos y Contabilidad Avanzada). Bil\u00edng\u00fce Espa\u00f1ol\/Ingl\u00e9s. gestiona y mantiene varias p\u00e1ginas web cristianas y vicencianas, incluida including La Red de Formaci\u00f3n Vicenciana, de la que es cofundador. Actualmente es responsable del \u00e1rea de Espa\u00f1ol de .famvin, la Red de Noticias de la Familia Vicenciana. Tambi\u00e9n es m\u00fasico cat\u00f3lico y ha editado varios discos. Es Director General y cofundador de Trovador, una reconocida compa\u00f1\u00eda discogr\u00e1fica critiana de Espa\u00f1a. Trabaja en las Tecnolog\u00edas de la Informaci\u00f3n, ofreciendo servicios de alojamiento, dise\u00f1o y mantenimiento Web, as\u00ed como asesoramiento, formaci\u00f3n y soluciones inform\u00e1ticas, gesti\u00f3n documental y digitalizaci\u00f3n de textos, edici\u00f3n y maquetaci\u00f3n de libros, revistas, flyers, etc.\",\"sameAs\":[\"http:\/\/chento.org\",\"https:\/\/www.facebook.com\/JavierChento\",\"https:\/\/x.com\/https:\/\/twitter.com\/javierchento\"],\"url\":\"https:\/\/vincentians.com\/es\/author\/chento\/\"}]}<\/script>\n<!-- \/ Yoast SEO plugin. -->","yoast_head_json":{"title":"An\u00e1lisis Hermen\u00e9utico de Tres Conferencias de San Vicente de Pa\u00fal y su Actualidad en la Situaci\u00f3n de Pobreza en Centro Am\u00e9rica (9 y \u00faltimo) - Somos Vicencianos","robots":{"index":"index","follow":"follow","max-snippet":"max-snippet:-1","max-image-preview":"max-image-preview:large","max-video-preview":"max-video-preview:-1"},"canonical":"https:\/\/vincentians.com\/es\/analisis-hermeneutico-de-tres-conferencias-de-san-vicente-de-paul-y-su-actualidad-en-la-situacion-de-pobreza-en-centro-america-9-y-ultimo\/","og_locale":"es_ES","og_type":"article","og_title":"An\u00e1lisis Hermen\u00e9utico de Tres Conferencias de San Vicente de Pa\u00fal y su Actualidad en la Situaci\u00f3n de Pobreza en Centro Am\u00e9rica (9 y \u00faltimo) - Somos Vicencianos","og_description":"VI. Referencias Bibliogr\u00e1ficas Asamblea Mundial de Carisma Vicentino (1995) La Familia Vicenciana. Roma. Bastiaensen, Adri\u00e1n C.M. (1990, CLAPVI, No. 68, Julio-Septiembre) Breves Apuntes al Carisma y la Espiritualidad Vicencianos, CLAPVI, Colombia. Bermudez, Fernando (1997) Los ... Read More","og_url":"https:\/\/vincentians.com\/es\/analisis-hermeneutico-de-tres-conferencias-de-san-vicente-de-paul-y-su-actualidad-en-la-situacion-de-pobreza-en-centro-america-9-y-ultimo\/","og_site_name":"Somos Vicencianos","article_publisher":"https:\/\/www.facebook.com\/WeAreVincentians\/","article_author":"https:\/\/www.facebook.com\/JavierChento","article_published_time":"2023-09-01T06:00:42+00:00","og_image":[{"width":1200,"height":630,"url":"https:\/\/i0.wp.com\/vincentians.com\/es\/wp-content\/uploads\/sites\/11\/2016\/07\/escritos-vicente-de-paul.jpg?fit=1200%2C630&ssl=1","type":"image\/jpeg"}],"author":"Francisco Javier Fern\u00e1ndez Chento","twitter_card":"summary_large_image","twitter_creator":"@https:\/\/twitter.com\/javierchento","twitter_site":"@WeVincentians","twitter_misc":{"Escrito por":"Francisco Javier Fern\u00e1ndez Chento","Tiempo de lectura":"2 minutos"},"schema":{"@context":"https:\/\/schema.org","@graph":[{"@type":"Article","@id":"https:\/\/vincentians.com\/es\/analisis-hermeneutico-de-tres-conferencias-de-san-vicente-de-paul-y-su-actualidad-en-la-situacion-de-pobreza-en-centro-america-9-y-ultimo\/#article","isPartOf":{"@id":"https:\/\/vincentians.com\/es\/analisis-hermeneutico-de-tres-conferencias-de-san-vicente-de-paul-y-su-actualidad-en-la-situacion-de-pobreza-en-centro-america-9-y-ultimo\/"},"author":{"name":"Francisco Javier Fern\u00e1ndez Chento","@id":"http:\/\/vincentians.com\/es\/#\/schema\/person\/9623ef4d9aa3b2dfb8c061f1499288f2"},"headline":"An\u00e1lisis Hermen\u00e9utico de Tres Conferencias de San Vicente de Pa\u00fal y su Actualidad en la Situaci\u00f3n de Pobreza en Centro Am\u00e9rica (9 y \u00faltimo)","datePublished":"2023-09-01T06:00:42+00:00","mainEntityOfPage":{"@id":"https:\/\/vincentians.com\/es\/analisis-hermeneutico-de-tres-conferencias-de-san-vicente-de-paul-y-su-actualidad-en-la-situacion-de-pobreza-en-centro-america-9-y-ultimo\/"},"wordCount":401,"commentCount":0,"publisher":{"@id":"http:\/\/vincentians.com\/es\/#organization"},"image":{"@id":"https:\/\/vincentians.com\/es\/analisis-hermeneutico-de-tres-conferencias-de-san-vicente-de-paul-y-su-actualidad-en-la-situacion-de-pobreza-en-centro-america-9-y-ultimo\/#primaryimage"},"thumbnailUrl":"https:\/\/i0.wp.com\/vincentians.com\/es\/wp-content\/uploads\/sites\/11\/2016\/07\/escritos-vicente-de-paul.jpg?fit=1200%2C630&ssl=1","keywords":["Pobreza","Vicentiana"],"articleSection":["Formaci\u00f3n Vicenciana"],"inLanguage":"es","potentialAction":[{"@type":"CommentAction","name":"Comment","target":["https:\/\/vincentians.com\/es\/analisis-hermeneutico-de-tres-conferencias-de-san-vicente-de-paul-y-su-actualidad-en-la-situacion-de-pobreza-en-centro-america-9-y-ultimo\/#respond"]}]},{"@type":"WebPage","@id":"https:\/\/vincentians.com\/es\/analisis-hermeneutico-de-tres-conferencias-de-san-vicente-de-paul-y-su-actualidad-en-la-situacion-de-pobreza-en-centro-america-9-y-ultimo\/","url":"https:\/\/vincentians.com\/es\/analisis-hermeneutico-de-tres-conferencias-de-san-vicente-de-paul-y-su-actualidad-en-la-situacion-de-pobreza-en-centro-america-9-y-ultimo\/","name":"An\u00e1lisis Hermen\u00e9utico de Tres Conferencias de San Vicente de Pa\u00fal y su Actualidad en la Situaci\u00f3n de Pobreza en Centro Am\u00e9rica (9 y \u00faltimo) - Somos Vicencianos","isPartOf":{"@id":"http:\/\/vincentians.com\/es\/#website"},"primaryImageOfPage":{"@id":"https:\/\/vincentians.com\/es\/analisis-hermeneutico-de-tres-conferencias-de-san-vicente-de-paul-y-su-actualidad-en-la-situacion-de-pobreza-en-centro-america-9-y-ultimo\/#primaryimage"},"image":{"@id":"https:\/\/vincentians.com\/es\/analisis-hermeneutico-de-tres-conferencias-de-san-vicente-de-paul-y-su-actualidad-en-la-situacion-de-pobreza-en-centro-america-9-y-ultimo\/#primaryimage"},"thumbnailUrl":"https:\/\/i0.wp.com\/vincentians.com\/es\/wp-content\/uploads\/sites\/11\/2016\/07\/escritos-vicente-de-paul.jpg?fit=1200%2C630&ssl=1","datePublished":"2023-09-01T06:00:42+00:00","breadcrumb":{"@id":"https:\/\/vincentians.com\/es\/analisis-hermeneutico-de-tres-conferencias-de-san-vicente-de-paul-y-su-actualidad-en-la-situacion-de-pobreza-en-centro-america-9-y-ultimo\/#breadcrumb"},"inLanguage":"es","potentialAction":[{"@type":"ReadAction","target":["https:\/\/vincentians.com\/es\/analisis-hermeneutico-de-tres-conferencias-de-san-vicente-de-paul-y-su-actualidad-en-la-situacion-de-pobreza-en-centro-america-9-y-ultimo\/"]}]},{"@type":"ImageObject","inLanguage":"es","@id":"https:\/\/vincentians.com\/es\/analisis-hermeneutico-de-tres-conferencias-de-san-vicente-de-paul-y-su-actualidad-en-la-situacion-de-pobreza-en-centro-america-9-y-ultimo\/#primaryimage","url":"https:\/\/i0.wp.com\/vincentians.com\/es\/wp-content\/uploads\/sites\/11\/2016\/07\/escritos-vicente-de-paul.jpg?fit=1200%2C630&ssl=1","contentUrl":"https:\/\/i0.wp.com\/vincentians.com\/es\/wp-content\/uploads\/sites\/11\/2016\/07\/escritos-vicente-de-paul.jpg?fit=1200%2C630&ssl=1","width":1200,"height":630},{"@type":"BreadcrumbList","@id":"https:\/\/vincentians.com\/es\/analisis-hermeneutico-de-tres-conferencias-de-san-vicente-de-paul-y-su-actualidad-en-la-situacion-de-pobreza-en-centro-america-9-y-ultimo\/#breadcrumb","itemListElement":[{"@type":"ListItem","position":1,"name":"Portada","item":"http:\/\/vincentians.com\/es\/"},{"@type":"ListItem","position":2,"name":"An\u00e1lisis Hermen\u00e9utico de Tres Conferencias de San Vicente de Pa\u00fal y su Actualidad en la Situaci\u00f3n de Pobreza en Centro Am\u00e9rica (9 y \u00faltimo)"}]},{"@type":"WebSite","@id":"http:\/\/vincentians.com\/es\/#website","url":"http:\/\/vincentians.com\/es\/","name":"Somos Vicencianos","description":"Know more to serve more","publisher":{"@id":"http:\/\/vincentians.com\/es\/#organization"},"potentialAction":[{"@type":"SearchAction","target":{"@type":"EntryPoint","urlTemplate":"http:\/\/vincentians.com\/es\/?s={search_term_string}"},"query-input":{"@type":"PropertyValueSpecification","valueRequired":true,"valueName":"search_term_string"}}],"inLanguage":"es"},{"@type":"Organization","@id":"http:\/\/vincentians.com\/es\/#organization","name":"The Vincentian Network","url":"http:\/\/vincentians.com\/es\/","logo":{"@type":"ImageObject","inLanguage":"es","@id":"http:\/\/vincentians.com\/es\/#\/schema\/logo\/image\/","url":"https:\/\/i1.wp.com\/vincentians.com\/es\/wp-content\/uploads\/sites\/11\/2016\/06\/Vincentian-Network-logo-big.png?fit=778%2C778","contentUrl":"https:\/\/i1.wp.com\/vincentians.com\/es\/wp-content\/uploads\/sites\/11\/2016\/06\/Vincentian-Network-logo-big.png?fit=778%2C778","width":778,"height":778,"caption":"The Vincentian Network"},"image":{"@id":"http:\/\/vincentians.com\/es\/#\/schema\/logo\/image\/"},"sameAs":["https:\/\/www.facebook.com\/WeAreVincentians\/","https:\/\/x.com\/WeVincentians"]},{"@type":"Person","@id":"http:\/\/vincentians.com\/es\/#\/schema\/person\/9623ef4d9aa3b2dfb8c061f1499288f2","name":"Francisco Javier Fern\u00e1ndez Chento","image":{"@type":"ImageObject","inLanguage":"es","@id":"http:\/\/vincentians.com\/es\/#\/schema\/person\/image\/","url":"https:\/\/secure.gravatar.com\/avatar\/497d5cde87b4c3d097d0315953521681ba2cd523ee66e5077c3711f7021e65de?s=96&d=mm&r=g","contentUrl":"https:\/\/secure.gravatar.com\/avatar\/497d5cde87b4c3d097d0315953521681ba2cd523ee66e5077c3711f7021e65de?s=96&d=mm&r=g","caption":"Francisco Javier Fern\u00e1ndez Chento"},"description":"Director General y cofundador de La Red de Formaci\u00f3n Vicenciana. Javier es laico vicenciano, afiliado a la Congregaci\u00f3n de la Misi\u00f3n y miembro del Equipo de Misiones Populares de la provincia can\u00f3nica de Zaragoza (Espa\u00f1a) de la Congregaci\u00f3n de la Misi\u00f3n. Graduado en la Universidad Oberta de Catalunya con cuatro grados (Asistente de direcci\u00f3n, Gesti\u00f3n Administrativa, Recursos Humanos y Contabilidad Avanzada). Bil\u00edng\u00fce Espa\u00f1ol\/Ingl\u00e9s. gestiona y mantiene varias p\u00e1ginas web cristianas y vicencianas, incluida including La Red de Formaci\u00f3n Vicenciana, de la que es cofundador. Actualmente es responsable del \u00e1rea de Espa\u00f1ol de .famvin, la Red de Noticias de la Familia Vicenciana. Tambi\u00e9n es m\u00fasico cat\u00f3lico y ha editado varios discos. Es Director General y cofundador de Trovador, una reconocida compa\u00f1\u00eda discogr\u00e1fica critiana de Espa\u00f1a. Trabaja en las Tecnolog\u00edas de la Informaci\u00f3n, ofreciendo servicios de alojamiento, dise\u00f1o y mantenimiento Web, as\u00ed como asesoramiento, formaci\u00f3n y soluciones inform\u00e1ticas, gesti\u00f3n documental y digitalizaci\u00f3n de textos, edici\u00f3n y maquetaci\u00f3n de libros, revistas, flyers, etc.","sameAs":["http:\/\/chento.org","https:\/\/www.facebook.com\/JavierChento","https:\/\/x.com\/https:\/\/twitter.com\/javierchento"],"url":"https:\/\/vincentians.com\/es\/author\/chento\/"}]}},"jetpack_publicize_connections":[],"jetpack_featured_media_url":"https:\/\/i0.wp.com\/vincentians.com\/es\/wp-content\/uploads\/sites\/11\/2016\/07\/escritos-vicente-de-paul.jpg?fit=1200%2C630&ssl=1","jetpack_sharing_enabled":true,"jetpack_shortlink":"https:\/\/wp.me\/p7ETMF-33a","jetpack-related-posts":[{"id":398637,"url":"https:\/\/vincentians.com\/es\/aportacion-del-carisma-vicenciano-la-mision-la-iglesia-1\/","url_meta":{"origin":11728,"position":0},"title":"Aportaci\u00f3n del carisma vicenciano a la Misi\u00f3n de la Iglesia (1)","author":"Francisco Javier Fern\u00e1ndez Chento","date":"04\/08\/2016","format":false,"excerpt":"Introducci\u00f3n: Al reflexionar sobre la aportaci\u00f3n del carisma vicenciano a la Misi\u00f3n de la Iglesia, me parece necesario formular previamente algunas precisiones. 1.- Cuando hablamos de carisma vicenciano, nos referimos al don del Esp\u00edritu suscitado por Dios en su Iglesia en las personas de Vicente de Pa\u00fal y de Luisa\u2026","rel":"","context":"En \u00abFormaci\u00f3n Vicenciana\u00bb","block_context":{"text":"Formaci\u00f3n Vicenciana","link":"https:\/\/vincentians.com\/es\/category\/formacion-vicenciana\/"},"img":{"alt_text":"","src":"https:\/\/i0.wp.com\/vincentians.com\/es\/wp-content\/uploads\/sites\/11\/2016\/06\/contributions-charism.jpg?fit=1200%2C630&ssl=1&resize=350%2C200","width":350,"height":200,"srcset":"https:\/\/i0.wp.com\/vincentians.com\/es\/wp-content\/uploads\/sites\/11\/2016\/06\/contributions-charism.jpg?fit=1200%2C630&ssl=1&resize=350%2C200 1x, https:\/\/i0.wp.com\/vincentians.com\/es\/wp-content\/uploads\/sites\/11\/2016\/06\/contributions-charism.jpg?fit=1200%2C630&ssl=1&resize=525%2C300 1.5x, https:\/\/i0.wp.com\/vincentians.com\/es\/wp-content\/uploads\/sites\/11\/2016\/06\/contributions-charism.jpg?fit=1200%2C630&ssl=1&resize=700%2C400 2x, https:\/\/i0.wp.com\/vincentians.com\/es\/wp-content\/uploads\/sites\/11\/2016\/06\/contributions-charism.jpg?fit=1200%2C630&ssl=1&resize=1050%2C600 3x"},"classes":[]},{"id":49824,"url":"https:\/\/vincentians.com\/es\/las-conferencias-de-visitadores\/","url_meta":{"origin":11728,"position":1},"title":"Las Conferencias de Visitadores","author":"Francisco Javier Fern\u00e1ndez Chento","date":"21\/12\/2019","format":false,"excerpt":"1. Introducci\u00f3n Les pido perd\u00f3n por hablar desde el desconocimiento. Debo decir honestamente que no conozco la realidad de las Conferencias de Visitadores y que he preparado esta intervenci\u00f3n con cierta rapidez. S\u00f3lo he participado una vez en la Conferencia de Visitadores de Europa. Son los Asistentes Generales y ustedes\u2026","rel":"","context":"En \u00abCongregaci\u00f3n de la Misi\u00f3n\u00bb","block_context":{"text":"Congregaci\u00f3n de la Misi\u00f3n","link":"https:\/\/vincentians.com\/es\/category\/la-familia-vicenciana\/ramas\/congregacion-de-la-mision\/"},"img":{"alt_text":"","src":"https:\/\/i0.wp.com\/vincentians.com\/es\/wp-content\/uploads\/sites\/11\/2016\/09\/conversion.jpg?fit=1200%2C630&ssl=1&resize=350%2C200","width":350,"height":200,"srcset":"https:\/\/i0.wp.com\/vincentians.com\/es\/wp-content\/uploads\/sites\/11\/2016\/09\/conversion.jpg?fit=1200%2C630&ssl=1&resize=350%2C200 1x, https:\/\/i0.wp.com\/vincentians.com\/es\/wp-content\/uploads\/sites\/11\/2016\/09\/conversion.jpg?fit=1200%2C630&ssl=1&resize=525%2C300 1.5x, https:\/\/i0.wp.com\/vincentians.com\/es\/wp-content\/uploads\/sites\/11\/2016\/09\/conversion.jpg?fit=1200%2C630&ssl=1&resize=700%2C400 2x, https:\/\/i0.wp.com\/vincentians.com\/es\/wp-content\/uploads\/sites\/11\/2016\/09\/conversion.jpg?fit=1200%2C630&ssl=1&resize=1050%2C600 3x"},"classes":[]},{"id":140029,"url":"https:\/\/vincentians.com\/es\/aportes-vicencianos-a-la-nueva-evangelizacion-2\/","url_meta":{"origin":11728,"position":2},"title":"Aportes vicencianos a la Nueva Evangelizaci\u00f3n","author":"Francisco Javier Fern\u00e1ndez Chento","date":"19\/02\/2015","format":false,"excerpt":"Convocados por el Superior General, P. Gregory G. Gay, los misioneros de la Congregaci\u00f3n de la Misi\u00f3n celebrar\u00e1n su 42\u00aa Asamblea General, del 27 de junio al 15 de julio de 2016. El lema de la Asamblea se centra en la entra\u00f1a evangelizadora de nuestro ser y quehacer: \u201cDej\u00e9monos renovar\u2026","rel":"","context":"En \u00abEspiritualidad vicenciana\u00bb","block_context":{"text":"Espiritualidad vicenciana","link":"https:\/\/vincentians.com\/es\/category\/espiritualidad\/espiritualidad-vicenciana\/"},"img":{"alt_text":"OLYMPUS DIGITAL CAMERA","src":"https:\/\/i0.wp.com\/vicencianos.org\/wp-content\/2015\/02\/nueva-evangelizacion1-300x225.jpg?resize=350%2C200","width":350,"height":200},"classes":[]},{"id":399992,"url":"https:\/\/vincentians.com\/es\/carisma-vicenciano-la-nueva-evangelizacion-algunas-claves-vicencianas-la-evangelizacion-actual\/","url_meta":{"origin":11728,"position":3},"title":"El Carisma Vicenciano y la Nueva Evangelizaci\u00f3n: algunas claves vicencianas para la evangelizaci\u00f3n actual","author":"Francisco Javier Fern\u00e1ndez Chento","date":"16\/09\/2016","format":false,"excerpt":"Punto de partida: Confrontaci\u00f3n entre el Ser y el Quehacer Con frecuencia, en nuestros encuentros, convivencias, reuniones, asambleas... nos planteamos dos cuestiones relativas al ser y al quehacer vicencianos. Partimos de dos percepciones: por un lado, todos estamos de acuerdo en que el carisma, el ser, la identidad, el sello\u2026","rel":"","context":"En \u00abFormaci\u00f3n Vicenciana\u00bb","block_context":{"text":"Formaci\u00f3n Vicenciana","link":"https:\/\/vincentians.com\/es\/category\/formacion-vicenciana\/"},"img":{"alt_text":"","src":"https:\/\/i0.wp.com\/vincentians.com\/es\/wp-content\/uploads\/sites\/11\/2016\/09\/enviados-evangelizar-pobres.jpg?fit=1200%2C630&ssl=1&resize=350%2C200","width":350,"height":200,"srcset":"https:\/\/i0.wp.com\/vincentians.com\/es\/wp-content\/uploads\/sites\/11\/2016\/09\/enviados-evangelizar-pobres.jpg?fit=1200%2C630&ssl=1&resize=350%2C200 1x, https:\/\/i0.wp.com\/vincentians.com\/es\/wp-content\/uploads\/sites\/11\/2016\/09\/enviados-evangelizar-pobres.jpg?fit=1200%2C630&ssl=1&resize=525%2C300 1.5x, https:\/\/i0.wp.com\/vincentians.com\/es\/wp-content\/uploads\/sites\/11\/2016\/09\/enviados-evangelizar-pobres.jpg?fit=1200%2C630&ssl=1&resize=700%2C400 2x, https:\/\/i0.wp.com\/vincentians.com\/es\/wp-content\/uploads\/sites\/11\/2016\/09\/enviados-evangelizar-pobres.jpg?fit=1200%2C630&ssl=1&resize=1050%2C600 3x"},"classes":[]},{"id":128402,"url":"https:\/\/vincentians.com\/es\/aportes-vicencianos-a-la-nueva-evangelizacion\/","url_meta":{"origin":11728,"position":4},"title":"Aportes vicencianos a la nueva evangelizaci\u00f3n","author":"Francisco Javier Fern\u00e1ndez Chento","date":"15\/06\/2024","format":false,"excerpt":"Introducci\u00f3n Desde hace bastante tiempo, estamos oyendo, en la Congregaci\u00f3n de la Misi\u00f3n y en muchos c\u00edrculos de la Familia Vicenciana, dos cuestiones referentes al \"ser\" y al \"quehacer\" vicencianos. Por un lado, todos estamos plenamente de acuerdo en que el carisma, el \"ser\", la identidad, el sello caracter\u00edstico de\u2026","rel":"","context":"En \u00abFormaci\u00f3n Vicenciana\u00bb","block_context":{"text":"Formaci\u00f3n Vicenciana","link":"https:\/\/vincentians.com\/es\/category\/formacion-vicenciana\/"},"img":{"alt_text":"","src":"https:\/\/i0.wp.com\/vincentians.com\/es\/wp-content\/uploads\/sites\/11\/2016\/09\/enviados-evangelizar-pobres.jpg?fit=1200%2C630&ssl=1&resize=350%2C200","width":350,"height":200,"srcset":"https:\/\/i0.wp.com\/vincentians.com\/es\/wp-content\/uploads\/sites\/11\/2016\/09\/enviados-evangelizar-pobres.jpg?fit=1200%2C630&ssl=1&resize=350%2C200 1x, https:\/\/i0.wp.com\/vincentians.com\/es\/wp-content\/uploads\/sites\/11\/2016\/09\/enviados-evangelizar-pobres.jpg?fit=1200%2C630&ssl=1&resize=525%2C300 1.5x, https:\/\/i0.wp.com\/vincentians.com\/es\/wp-content\/uploads\/sites\/11\/2016\/09\/enviados-evangelizar-pobres.jpg?fit=1200%2C630&ssl=1&resize=700%2C400 2x, https:\/\/i0.wp.com\/vincentians.com\/es\/wp-content\/uploads\/sites\/11\/2016\/09\/enviados-evangelizar-pobres.jpg?fit=1200%2C630&ssl=1&resize=1050%2C600 3x"},"classes":[]},{"id":398646,"url":"https:\/\/vincentians.com\/es\/aportacion-del-carisma-vicenciano-la-mision-la-iglesia-10-fin\/","url_meta":{"origin":11728,"position":5},"title":"Aportaci\u00f3n del carisma vicenciano a la Misi\u00f3n de la Iglesia (10 &#8211; Fin)","author":"Francisco Javier Fern\u00e1ndez Chento","date":"13\/08\/2016","format":false,"excerpt":"10.- La circularidad vicenciana: de Cristo a los pobres, de los pobres a Cristo. Para concluir esta reflexi\u00f3n sobre la aportaci\u00f3n del carisma vicenciano a la Misi\u00f3n de la Iglesia, me parece oportuno referirme a la \u201ccircularidad\u201d vicenciana: de Cristo a los pobres, de los pobres a Cristo. \u201cAmemos al\u2026","rel":"","context":"En \u00abFormaci\u00f3n Vicenciana\u00bb","block_context":{"text":"Formaci\u00f3n Vicenciana","link":"https:\/\/vincentians.com\/es\/category\/formacion-vicenciana\/"},"img":{"alt_text":"","src":"https:\/\/i0.wp.com\/vincentians.com\/es\/wp-content\/uploads\/sites\/11\/2016\/06\/contributions-charism.jpg?fit=1200%2C630&ssl=1&resize=350%2C200","width":350,"height":200,"srcset":"https:\/\/i0.wp.com\/vincentians.com\/es\/wp-content\/uploads\/sites\/11\/2016\/06\/contributions-charism.jpg?fit=1200%2C630&ssl=1&resize=350%2C200 1x, https:\/\/i0.wp.com\/vincentians.com\/es\/wp-content\/uploads\/sites\/11\/2016\/06\/contributions-charism.jpg?fit=1200%2C630&ssl=1&resize=525%2C300 1.5x, https:\/\/i0.wp.com\/vincentians.com\/es\/wp-content\/uploads\/sites\/11\/2016\/06\/contributions-charism.jpg?fit=1200%2C630&ssl=1&resize=700%2C400 2x, https:\/\/i0.wp.com\/vincentians.com\/es\/wp-content\/uploads\/sites\/11\/2016\/06\/contributions-charism.jpg?fit=1200%2C630&ssl=1&resize=1050%2C600 3x"},"classes":[]}],"_links":{"self":[{"href":"https:\/\/vincentians.com\/es\/wp-json\/wp\/v2\/posts\/11728","targetHints":{"allow":["GET"]}}],"collection":[{"href":"https:\/\/vincentians.com\/es\/wp-json\/wp\/v2\/posts"}],"about":[{"href":"https:\/\/vincentians.com\/es\/wp-json\/wp\/v2\/types\/post"}],"author":[{"embeddable":true,"href":"https:\/\/vincentians.com\/es\/wp-json\/wp\/v2\/users\/4"}],"replies":[{"embeddable":true,"href":"https:\/\/vincentians.com\/es\/wp-json\/wp\/v2\/comments?post=11728"}],"version-history":[{"count":1,"href":"https:\/\/vincentians.com\/es\/wp-json\/wp\/v2\/posts\/11728\/revisions"}],"predecessor-version":[{"id":404855,"href":"https:\/\/vincentians.com\/es\/wp-json\/wp\/v2\/posts\/11728\/revisions\/404855"}],"wp:featuredmedia":[{"embeddable":true,"href":"https:\/\/vincentians.com\/es\/wp-json\/wp\/v2\/media\/393753"}],"wp:attachment":[{"href":"https:\/\/vincentians.com\/es\/wp-json\/wp\/v2\/media?parent=11728"}],"wp:term":[{"taxonomy":"category","embeddable":true,"href":"https:\/\/vincentians.com\/es\/wp-json\/wp\/v2\/categories?post=11728"},{"taxonomy":"post_tag","embeddable":true,"href":"https:\/\/vincentians.com\/es\/wp-json\/wp\/v2\/tags?post=11728"}],"curies":[{"name":"wp","href":"https:\/\/api.w.org\/{rel}","templated":true}]}}