{"id":117125,"date":"2021-08-17T08:01:24","date_gmt":"2021-08-17T06:01:24","guid":{"rendered":"http:\/\/somos.vicencianos.org\/?p=117125"},"modified":"2021-06-07T08:57:07","modified_gmt":"2021-06-07T06:57:07","slug":"cartas-para-la-historia-de-la-milagrosa","status":"publish","type":"post","link":"https:\/\/vincentians.com\/es\/cartas-para-la-historia-de-la-milagrosa\/","title":{"rendered":"Cartas para la historia de la Milagrosa"},"content":{"rendered":"<p>En mi fichero particular conservo cartas que pueden ser intere\u00adsantes para los lectores de ANALES y que son indudablemente fuentes de luz para los estudiosos. De ellas selecciono las tres que siguen:<\/p>\n<h2>1. Carta de Sor Mar\u00eda Margolari, franciscana misionera, supe\u00adriora en el convento de Tagaytay (Filipinas).<\/h2>\n<p style=\"padding-left: 30px\">\u00abReverendo Padre:<\/p>\n<p style=\"padding-left: 30px\">Pensando que era m\u00e1s f\u00e1cil dar una vuelta por Villa Mar\u00eda Luisa que contestar por escrito a su carta que he recibido esta ma\u00f1ana, nos hemos presentado en la casa de las Hijas de la Cari<sup>\u00ad<\/sup>dad y resulta que usted se ha marchado ya.<\/p>\n<p style=\"padding-left: 30px\">Creo que lo que m\u00e1s interesa a usted es lo relacionado con los cuadros de la Milagrosa y Virgen Misionera. En diciembre de 1959, si no recuerdo mal, se celebr\u00f3 en Santo Domingo una Exposici\u00f3n Misionera. La Congregaci\u00f3n de ustedes (C. M.) y la de las Fran\u00adciscanas Misioneras (F. M. M.) ten\u00edan en el sitio m\u00e1s visible cada una un cuadro de la Virgen muy parecido. Dije, bromeando, al R. P. Ant\u00f3n que nos la hab\u00edan copiado. El supo defender sus dere\u00adchos, y yo sab\u00eda que el original de nuestro cuadro hab\u00eda sido hecho por una F. M. M. Poco m\u00e1s tarde se aclar\u00f3 el asunto.<\/p>\n<p style=\"padding-left: 30px\">Parece que cuando S. S. Juan XXIII era todav\u00eda \u00aba minoribus\u00bb, y trabajaba en la Propaganda bajo S. E. el Cardenal Rossum, vio en Cagliari, en la casa de las Hijas de la Caridad, una reproducci\u00f3n de la Virgen que apareci\u00f3 a Santa. Catalina Labour\u00e9, y quiso adap\u00adtarla para hacer la Virgen Misionera, destinada a la <i>S. <\/i>C. de Pro\u00adpaganda, y se dirigi\u00f3 a las franciscanas (F. M. M.) para su eje\u00adcuci\u00f3n.<\/p>\n<p style=\"padding-left: 30px\">Es por eso que este cuadro lleva la consigna F. M. M.<\/p>\n<p style=\"padding-left: 30px\">Siento, Reverendo Padre, que no he tenido el gusto de darle otras explicaciones personalmente.\u00bb<\/p>\n<p>La carta va fechada el 27 de mayo de 1961 y dirigida al Semi\u00adnario Menor de San Carlos en Ceb\u00fa. La carta nos revela c\u00f3mo vino a ser la Virgen del Globo, Reina de las Misiones, Patrona de la Congregaci\u00f3n de Propaganda Fide y Virgen predilecta de las Hermanas Franciscanas Misioneras.<\/p>\n<h2>2. Carta de Sor M. J. Pilar Pemart\u00edn, Superiora el el Colegio de la B. V. Mar\u00eda, Vel\u00e1zquez, 125, Madrid. Pertenece a la Congre<sup>\u00ad<\/sup>gaci\u00f3n de las llamadas \u00abMadres Irlandesas\u00bb.<\/h2>\n<p style=\"padding-left: 30px\">\u00abMuy estimado y Reverendo Padre:<\/p>\n<p style=\"padding-left: 30px\">He recibido su apreciada carta y con mucho gusto contesto a las preguntas que en ella me hace.<\/p>\n<p style=\"padding-left: 30px\">\u00abNuestra Congregaci\u00f3n fue fundada en el siglo XVII por Mar\u00eda Ward, de nacionalidad inglesa; la fund\u00f3 en B\u00e9lgica por la perse\u00adcuci\u00f3n a los cat\u00f3licos en Inglaterra en su \u00e9poca.<\/p>\n<p style=\"padding-left: 30px\">Profesaba mucha devoci\u00f3n a la Sant\u00edsima Virgen, pero no pre<sup>\u00ad<\/sup>cisamente a la Medalla Milagrosa, por vivir mucho antes de que fuera revelada.<\/p>\n<p style=\"padding-left: 30px\">Todas las religiosas tenemos una Medalla Milagrosa de metal dorado en el extremo del rosario grande que llevamos al exterior y que es parte de nuestro h\u00e1bito.<\/p>\n<p style=\"padding-left: 30px\">La medalla de plata de nuestras Congregantes de Hijas de Mar\u00eda es tambi\u00e9n la Milagrosa.<\/p>\n<p style=\"padding-left: 30px\">Recibimos la medalla junto con el rosario en la ceremonia misma de toma de h\u00e1bito. Significa nuestro amor y devoci\u00f3n especial a la Sant\u00edsima Virgen que nos prescribe nuestra segunda regla.<\/p>\n<p style=\"padding-left: 30px\">Repartimos a nuestras colegialas y conocidos mu\u00a0 exhortando a que la lleven puesta y se encomienden a la Sant\u00edsi\u00adma Virgen diariamente.<\/p>\n<p style=\"padding-left: 30px\">Una de nuestras religiosas, la Madre Benedicta Somers, Supe<sup>\u00ad<\/sup>riora de nuestro colegio de Gorly (Irlanda), dio a un pastor protes\u00adtante una Medalla Milagrosa, suplic\u00e1ndole se la pusiera al cuello; \u00e9l la tom\u00f3 por no desairarla, pero a\u00f1adiendo que lo consideraba como una de las pr\u00e1cticas supersticiosas de los cat\u00f3licos. Meti\u00f3 la medalla en uno de sus bolsillos, pero temeroso de que alg\u00fan familiar la encontrara all\u00ed, se la puso al cuello. Al poco tiempo abjur\u00f3 del protestantismo.<\/p>\n<p style=\"padding-left: 30px\">Suplic\u00e1ndole nos encomiende en sus Santos Sacrificios y en sus oraciones a la Sant\u00edsima Virgen, para que hagamos mucho bien a las almas de nuestras colegialas, quedo suya affma. en J. C.\u00bb<\/p>\n<p>Viene fechada el 26 de enero de 1962. Las Madres Irlandesas, pues, consideran la Medalla como una se\u00f1al de su amor y devoci\u00f3n a la Virgen y como un medio de apostolado.<\/p>\n<h2>3. Carta de Sor Maura Shaun, Superiora regional del Maryknoll, en Filipinas. Est\u00e1 escrita, a m\u00e1quina, en ingl\u00e9s.<\/h2>\n<p style=\"padding-left: 30px\">\u00abReverendo y estimado Padre:<\/p>\n<p style=\"padding-left: 30px\">Tengo su carta pidiendo informaci\u00f3n acerca de nuestra devoci\u00f3n a la Medalla Milagrosa. Espero que lo que sigue le sirva para algo. Desear\u00eda saber si es para publicar. En tal caso quisiera pedir per\u00admiso a nuestros superiores mayores antes de que lo publique.<\/p>\n<p style=\"padding-left: 30px\">Nuestra Congregaci\u00f3n fue erigida can\u00f3nicamente como Co<sup>\u00ad<\/sup>munidad Religiosa el 14 de febrero de 1920. Nuestra fundadora, la Madre Mary Joseph, escogi\u00f3 la Medalla Milagrosa como parte de nuestro h\u00e1bito religioso desde los mismos principios de la Congre\u00adgaci\u00f3n, aun antes de la erecci\u00f3n can\u00f3nica.<\/p>\n<p style=\"padding-left: 30px\">Llevarnos la medalla al cuello, en una cadena de plata, pero no dise\u00f1ada en el h\u00e1bito.<\/p>\n<p style=\"padding-left: 30px\">3. El significado de la Medalla Milagrosa para las Hermanas del Maryknoll est\u00e1 contenido en la ceremonia con que se la entrega a la postulante en el momento de recibir el h\u00e1bito. Cito la f\u00f3rmula recitada por el Prelado en el momento de colocar al cuello de la postulante la medalla: \u00abRecibe esta Santa Medalla que has de lle\u00advar fielmente y amarla entra\u00f1ablemente, de forma que la Aman\u00adt\u00edsima e Inmaculada Reina del Cielo te defienda, y renovando los maravillosos favores de su oficio te conceda misericordiosa cuan\u00adto pidas a Dios, para que en vida y en muerte descanses en su abrazo Maternal\u00bb.<\/p>\n<p style=\"padding-left: 30px\">4. Nuestra Fundadora siempre profes\u00f3 una profunda devoci\u00f3n a la Medalla Milagrosa, y quiso que sus hijas participaran de este amor.<\/p>\n<p style=\"padding-left: 30px\">Sobre esta pregunta estar\u00eda mejor preguntar a los Padres del Maryknoll, que viven en 17 N. Domingo St., Quezon City&#8230;<\/p>\n<p style=\"padding-left: 30px\">Nuestra Congregaci\u00f3n celebra la fiesta de Nuestra Se\u00f1ora de la Medalla Milagrosa. Tenemos permiso para celebrar la Mis\u00e1 con rito de primera clase y para hacer la Exposici\u00f3n del Sant\u00edsimo. No celebramos la Novena Perpetua como ejercicio de Comunidad&#8230;<\/p>\n<p style=\"padding-left: 30px\">Respetuosamente en Cristo.\u00bb<\/p>\n<p>La carta lleva la fecha del 31 de mayo de 1961. Posteriormente, Sor Mar\u00eda Celeste escribi\u00f3 otra carta, el 6 de julio, en la que infor\u00admaba que la Madre General hab\u00eda autorizado para publicar la informaci\u00f3n.<\/p>\n<p>Estas tres cartas hablan por s\u00ed mismas, al igual que otras mu\u00adchas de los archivos, y est\u00e1n a disposici\u00f3n de los estudiosos de&#8217; la Medalla.<\/p>\n","protected":false},"excerpt":{"rendered":"<p>En mi fichero particular conservo cartas que pueden ser intere\u00adsantes para los lectores de ANALES y que son indudablemente fuentes de luz para los estudiosos. De ellas selecciono las tres que siguen: 1. Carta de &#8230; <a href=\"https:\/\/vincentians.com\/es\/cartas-para-la-historia-de-la-milagrosa\/\" class=\"more-link\">Read More<\/a><\/p>\n","protected":false},"author":4,"featured_media":402658,"comment_status":"open","ping_status":"open","sticky":false,"template":"","format":"standard","meta":{"jetpack_post_was_ever_published":false,"_jetpack_newsletter_access":"","_jetpack_dont_email_post_to_subs":false,"_jetpack_newsletter_tier_id":0,"_jetpack_memberships_contains_paywalled_content":false,"_jetpack_memberships_contains_paid_content":false,"footnotes":"","jetpack_publicize_message":"","jetpack_publicize_feature_enabled":true,"jetpack_social_post_already_shared":true,"jetpack_social_options":{"image_generator_settings":{"template":"highway","default_image_id":0,"font":"","enabled":false},"version":2}},"categories":[380],"tags":[],"class_list":["post-117125","post","type-post","status-publish","format-standard","has-post-thumbnail","hentry","category-asociacion-de-la-medalla-milagrosa"],"yoast_head":"<!-- This site is optimized with the Yoast SEO plugin v26.3 - https:\/\/yoast.com\/wordpress\/plugins\/seo\/ -->\n<title>Cartas para la historia de la Milagrosa - Somos Vicencianos<\/title>\n<meta name=\"robots\" content=\"index, follow, max-snippet:-1, max-image-preview:large, max-video-preview:-1\" \/>\n<link rel=\"canonical\" href=\"https:\/\/vincentians.com\/es\/cartas-para-la-historia-de-la-milagrosa\/\" \/>\n<meta property=\"og:locale\" content=\"es_ES\" \/>\n<meta property=\"og:type\" content=\"article\" \/>\n<meta property=\"og:title\" content=\"Cartas para la historia de la Milagrosa - Somos Vicencianos\" \/>\n<meta property=\"og:description\" content=\"En mi fichero particular conservo cartas que pueden ser intere\u00adsantes para los lectores de ANALES y que son indudablemente fuentes de luz para los estudiosos. De ellas selecciono las tres que siguen: 1. Carta de ... Read More\" \/>\n<meta property=\"og:url\" content=\"https:\/\/vincentians.com\/es\/cartas-para-la-historia-de-la-milagrosa\/\" \/>\n<meta property=\"og:site_name\" content=\"Somos Vicencianos\" \/>\n<meta property=\"article:publisher\" content=\"https:\/\/www.facebook.com\/WeAreVincentians\/\" \/>\n<meta property=\"article:author\" content=\"https:\/\/www.facebook.com\/JavierChento\" \/>\n<meta property=\"article:published_time\" content=\"2021-08-17T06:01:24+00:00\" \/>\n<meta property=\"og:image\" content=\"https:\/\/i0.wp.com\/vincentians.com\/es\/wp-content\/uploads\/sites\/11\/2018\/12\/Catalina-1.jpg?fit=900%2C500&ssl=1\" \/>\n\t<meta property=\"og:image:width\" content=\"900\" \/>\n\t<meta property=\"og:image:height\" content=\"500\" \/>\n\t<meta property=\"og:image:type\" content=\"image\/jpeg\" \/>\n<meta name=\"author\" content=\"Francisco Javier Fern\u00e1ndez Chento\" \/>\n<meta name=\"twitter:card\" content=\"summary_large_image\" \/>\n<meta name=\"twitter:creator\" content=\"@https:\/\/twitter.com\/javierchento\" \/>\n<meta name=\"twitter:site\" content=\"@WeVincentians\" \/>\n<meta name=\"twitter:label1\" content=\"Escrito por\" \/>\n\t<meta name=\"twitter:data1\" content=\"Francisco Javier Fern\u00e1ndez Chento\" \/>\n\t<meta name=\"twitter:label2\" content=\"Tiempo de lectura\" \/>\n\t<meta name=\"twitter:data2\" content=\"6 minutos\" \/>\n<script type=\"application\/ld+json\" class=\"yoast-schema-graph\">{\"@context\":\"https:\/\/schema.org\",\"@graph\":[{\"@type\":\"Article\",\"@id\":\"https:\/\/vincentians.com\/es\/cartas-para-la-historia-de-la-milagrosa\/#article\",\"isPartOf\":{\"@id\":\"https:\/\/vincentians.com\/es\/cartas-para-la-historia-de-la-milagrosa\/\"},\"author\":{\"name\":\"Francisco Javier Fern\u00e1ndez Chento\",\"@id\":\"http:\/\/vincentians.com\/es\/#\/schema\/person\/9623ef4d9aa3b2dfb8c061f1499288f2\"},\"headline\":\"Cartas para la historia de la Milagrosa\",\"datePublished\":\"2021-08-17T06:01:24+00:00\",\"mainEntityOfPage\":{\"@id\":\"https:\/\/vincentians.com\/es\/cartas-para-la-historia-de-la-milagrosa\/\"},\"wordCount\":1144,\"commentCount\":0,\"publisher\":{\"@id\":\"http:\/\/vincentians.com\/es\/#organization\"},\"image\":{\"@id\":\"https:\/\/vincentians.com\/es\/cartas-para-la-historia-de-la-milagrosa\/#primaryimage\"},\"thumbnailUrl\":\"https:\/\/i0.wp.com\/vincentians.com\/es\/wp-content\/uploads\/sites\/11\/2018\/12\/Catalina-1.jpg?fit=900%2C500&ssl=1\",\"articleSection\":[\"Asociaci\u00f3n de la Medalla Milagrosa\"],\"inLanguage\":\"es\",\"potentialAction\":[{\"@type\":\"CommentAction\",\"name\":\"Comment\",\"target\":[\"https:\/\/vincentians.com\/es\/cartas-para-la-historia-de-la-milagrosa\/#respond\"]}]},{\"@type\":\"WebPage\",\"@id\":\"https:\/\/vincentians.com\/es\/cartas-para-la-historia-de-la-milagrosa\/\",\"url\":\"https:\/\/vincentians.com\/es\/cartas-para-la-historia-de-la-milagrosa\/\",\"name\":\"Cartas para la historia de la Milagrosa - Somos Vicencianos\",\"isPartOf\":{\"@id\":\"http:\/\/vincentians.com\/es\/#website\"},\"primaryImageOfPage\":{\"@id\":\"https:\/\/vincentians.com\/es\/cartas-para-la-historia-de-la-milagrosa\/#primaryimage\"},\"image\":{\"@id\":\"https:\/\/vincentians.com\/es\/cartas-para-la-historia-de-la-milagrosa\/#primaryimage\"},\"thumbnailUrl\":\"https:\/\/i0.wp.com\/vincentians.com\/es\/wp-content\/uploads\/sites\/11\/2018\/12\/Catalina-1.jpg?fit=900%2C500&ssl=1\",\"datePublished\":\"2021-08-17T06:01:24+00:00\",\"breadcrumb\":{\"@id\":\"https:\/\/vincentians.com\/es\/cartas-para-la-historia-de-la-milagrosa\/#breadcrumb\"},\"inLanguage\":\"es\",\"potentialAction\":[{\"@type\":\"ReadAction\",\"target\":[\"https:\/\/vincentians.com\/es\/cartas-para-la-historia-de-la-milagrosa\/\"]}]},{\"@type\":\"ImageObject\",\"inLanguage\":\"es\",\"@id\":\"https:\/\/vincentians.com\/es\/cartas-para-la-historia-de-la-milagrosa\/#primaryimage\",\"url\":\"https:\/\/i0.wp.com\/vincentians.com\/es\/wp-content\/uploads\/sites\/11\/2018\/12\/Catalina-1.jpg?fit=900%2C500&ssl=1\",\"contentUrl\":\"https:\/\/i0.wp.com\/vincentians.com\/es\/wp-content\/uploads\/sites\/11\/2018\/12\/Catalina-1.jpg?fit=900%2C500&ssl=1\",\"width\":900,\"height\":500},{\"@type\":\"BreadcrumbList\",\"@id\":\"https:\/\/vincentians.com\/es\/cartas-para-la-historia-de-la-milagrosa\/#breadcrumb\",\"itemListElement\":[{\"@type\":\"ListItem\",\"position\":1,\"name\":\"Portada\",\"item\":\"http:\/\/vincentians.com\/es\/\"},{\"@type\":\"ListItem\",\"position\":2,\"name\":\"Cartas para la historia de la Milagrosa\"}]},{\"@type\":\"WebSite\",\"@id\":\"http:\/\/vincentians.com\/es\/#website\",\"url\":\"http:\/\/vincentians.com\/es\/\",\"name\":\"Somos Vicencianos\",\"description\":\"Know more to serve more\",\"publisher\":{\"@id\":\"http:\/\/vincentians.com\/es\/#organization\"},\"potentialAction\":[{\"@type\":\"SearchAction\",\"target\":{\"@type\":\"EntryPoint\",\"urlTemplate\":\"http:\/\/vincentians.com\/es\/?s={search_term_string}\"},\"query-input\":{\"@type\":\"PropertyValueSpecification\",\"valueRequired\":true,\"valueName\":\"search_term_string\"}}],\"inLanguage\":\"es\"},{\"@type\":\"Organization\",\"@id\":\"http:\/\/vincentians.com\/es\/#organization\",\"name\":\"The Vincentian Network\",\"url\":\"http:\/\/vincentians.com\/es\/\",\"logo\":{\"@type\":\"ImageObject\",\"inLanguage\":\"es\",\"@id\":\"http:\/\/vincentians.com\/es\/#\/schema\/logo\/image\/\",\"url\":\"https:\/\/i1.wp.com\/vincentians.com\/es\/wp-content\/uploads\/sites\/11\/2016\/06\/Vincentian-Network-logo-big.png?fit=778%2C778\",\"contentUrl\":\"https:\/\/i1.wp.com\/vincentians.com\/es\/wp-content\/uploads\/sites\/11\/2016\/06\/Vincentian-Network-logo-big.png?fit=778%2C778\",\"width\":778,\"height\":778,\"caption\":\"The Vincentian Network\"},\"image\":{\"@id\":\"http:\/\/vincentians.com\/es\/#\/schema\/logo\/image\/\"},\"sameAs\":[\"https:\/\/www.facebook.com\/WeAreVincentians\/\",\"https:\/\/x.com\/WeVincentians\"]},{\"@type\":\"Person\",\"@id\":\"http:\/\/vincentians.com\/es\/#\/schema\/person\/9623ef4d9aa3b2dfb8c061f1499288f2\",\"name\":\"Francisco Javier Fern\u00e1ndez Chento\",\"image\":{\"@type\":\"ImageObject\",\"inLanguage\":\"es\",\"@id\":\"http:\/\/vincentians.com\/es\/#\/schema\/person\/image\/\",\"url\":\"https:\/\/secure.gravatar.com\/avatar\/497d5cde87b4c3d097d0315953521681ba2cd523ee66e5077c3711f7021e65de?s=96&d=mm&r=g\",\"contentUrl\":\"https:\/\/secure.gravatar.com\/avatar\/497d5cde87b4c3d097d0315953521681ba2cd523ee66e5077c3711f7021e65de?s=96&d=mm&r=g\",\"caption\":\"Francisco Javier Fern\u00e1ndez Chento\"},\"description\":\"Director General y cofundador de La Red de Formaci\u00f3n Vicenciana. Javier es laico vicenciano, afiliado a la Congregaci\u00f3n de la Misi\u00f3n y miembro del Equipo de Misiones Populares de la provincia can\u00f3nica de Zaragoza (Espa\u00f1a) de la Congregaci\u00f3n de la Misi\u00f3n. Graduado en la Universidad Oberta de Catalunya con cuatro grados (Asistente de direcci\u00f3n, Gesti\u00f3n Administrativa, Recursos Humanos y Contabilidad Avanzada). Bil\u00edng\u00fce Espa\u00f1ol\/Ingl\u00e9s. gestiona y mantiene varias p\u00e1ginas web cristianas y vicencianas, incluida including La Red de Formaci\u00f3n Vicenciana, de la que es cofundador. Actualmente es responsable del \u00e1rea de Espa\u00f1ol de .famvin, la Red de Noticias de la Familia Vicenciana. Tambi\u00e9n es m\u00fasico cat\u00f3lico y ha editado varios discos. Es Director General y cofundador de Trovador, una reconocida compa\u00f1\u00eda discogr\u00e1fica critiana de Espa\u00f1a. Trabaja en las Tecnolog\u00edas de la Informaci\u00f3n, ofreciendo servicios de alojamiento, dise\u00f1o y mantenimiento Web, as\u00ed como asesoramiento, formaci\u00f3n y soluciones inform\u00e1ticas, gesti\u00f3n documental y digitalizaci\u00f3n de textos, edici\u00f3n y maquetaci\u00f3n de libros, revistas, flyers, etc.\",\"sameAs\":[\"http:\/\/chento.org\",\"https:\/\/www.facebook.com\/JavierChento\",\"https:\/\/x.com\/https:\/\/twitter.com\/javierchento\"],\"url\":\"https:\/\/vincentians.com\/es\/author\/chento\/\"}]}<\/script>\n<!-- \/ Yoast SEO plugin. -->","yoast_head_json":{"title":"Cartas para la historia de la Milagrosa - Somos Vicencianos","robots":{"index":"index","follow":"follow","max-snippet":"max-snippet:-1","max-image-preview":"max-image-preview:large","max-video-preview":"max-video-preview:-1"},"canonical":"https:\/\/vincentians.com\/es\/cartas-para-la-historia-de-la-milagrosa\/","og_locale":"es_ES","og_type":"article","og_title":"Cartas para la historia de la Milagrosa - Somos Vicencianos","og_description":"En mi fichero particular conservo cartas que pueden ser intere\u00adsantes para los lectores de ANALES y que son indudablemente fuentes de luz para los estudiosos. De ellas selecciono las tres que siguen: 1. Carta de ... Read More","og_url":"https:\/\/vincentians.com\/es\/cartas-para-la-historia-de-la-milagrosa\/","og_site_name":"Somos Vicencianos","article_publisher":"https:\/\/www.facebook.com\/WeAreVincentians\/","article_author":"https:\/\/www.facebook.com\/JavierChento","article_published_time":"2021-08-17T06:01:24+00:00","og_image":[{"width":900,"height":500,"url":"https:\/\/i0.wp.com\/vincentians.com\/es\/wp-content\/uploads\/sites\/11\/2018\/12\/Catalina-1.jpg?fit=900%2C500&ssl=1","type":"image\/jpeg"}],"author":"Francisco Javier Fern\u00e1ndez Chento","twitter_card":"summary_large_image","twitter_creator":"@https:\/\/twitter.com\/javierchento","twitter_site":"@WeVincentians","twitter_misc":{"Escrito por":"Francisco Javier Fern\u00e1ndez Chento","Tiempo de lectura":"6 minutos"},"schema":{"@context":"https:\/\/schema.org","@graph":[{"@type":"Article","@id":"https:\/\/vincentians.com\/es\/cartas-para-la-historia-de-la-milagrosa\/#article","isPartOf":{"@id":"https:\/\/vincentians.com\/es\/cartas-para-la-historia-de-la-milagrosa\/"},"author":{"name":"Francisco Javier Fern\u00e1ndez Chento","@id":"http:\/\/vincentians.com\/es\/#\/schema\/person\/9623ef4d9aa3b2dfb8c061f1499288f2"},"headline":"Cartas para la historia de la Milagrosa","datePublished":"2021-08-17T06:01:24+00:00","mainEntityOfPage":{"@id":"https:\/\/vincentians.com\/es\/cartas-para-la-historia-de-la-milagrosa\/"},"wordCount":1144,"commentCount":0,"publisher":{"@id":"http:\/\/vincentians.com\/es\/#organization"},"image":{"@id":"https:\/\/vincentians.com\/es\/cartas-para-la-historia-de-la-milagrosa\/#primaryimage"},"thumbnailUrl":"https:\/\/i0.wp.com\/vincentians.com\/es\/wp-content\/uploads\/sites\/11\/2018\/12\/Catalina-1.jpg?fit=900%2C500&ssl=1","articleSection":["Asociaci\u00f3n de la Medalla Milagrosa"],"inLanguage":"es","potentialAction":[{"@type":"CommentAction","name":"Comment","target":["https:\/\/vincentians.com\/es\/cartas-para-la-historia-de-la-milagrosa\/#respond"]}]},{"@type":"WebPage","@id":"https:\/\/vincentians.com\/es\/cartas-para-la-historia-de-la-milagrosa\/","url":"https:\/\/vincentians.com\/es\/cartas-para-la-historia-de-la-milagrosa\/","name":"Cartas para la historia de la Milagrosa - Somos Vicencianos","isPartOf":{"@id":"http:\/\/vincentians.com\/es\/#website"},"primaryImageOfPage":{"@id":"https:\/\/vincentians.com\/es\/cartas-para-la-historia-de-la-milagrosa\/#primaryimage"},"image":{"@id":"https:\/\/vincentians.com\/es\/cartas-para-la-historia-de-la-milagrosa\/#primaryimage"},"thumbnailUrl":"https:\/\/i0.wp.com\/vincentians.com\/es\/wp-content\/uploads\/sites\/11\/2018\/12\/Catalina-1.jpg?fit=900%2C500&ssl=1","datePublished":"2021-08-17T06:01:24+00:00","breadcrumb":{"@id":"https:\/\/vincentians.com\/es\/cartas-para-la-historia-de-la-milagrosa\/#breadcrumb"},"inLanguage":"es","potentialAction":[{"@type":"ReadAction","target":["https:\/\/vincentians.com\/es\/cartas-para-la-historia-de-la-milagrosa\/"]}]},{"@type":"ImageObject","inLanguage":"es","@id":"https:\/\/vincentians.com\/es\/cartas-para-la-historia-de-la-milagrosa\/#primaryimage","url":"https:\/\/i0.wp.com\/vincentians.com\/es\/wp-content\/uploads\/sites\/11\/2018\/12\/Catalina-1.jpg?fit=900%2C500&ssl=1","contentUrl":"https:\/\/i0.wp.com\/vincentians.com\/es\/wp-content\/uploads\/sites\/11\/2018\/12\/Catalina-1.jpg?fit=900%2C500&ssl=1","width":900,"height":500},{"@type":"BreadcrumbList","@id":"https:\/\/vincentians.com\/es\/cartas-para-la-historia-de-la-milagrosa\/#breadcrumb","itemListElement":[{"@type":"ListItem","position":1,"name":"Portada","item":"http:\/\/vincentians.com\/es\/"},{"@type":"ListItem","position":2,"name":"Cartas para la historia de la Milagrosa"}]},{"@type":"WebSite","@id":"http:\/\/vincentians.com\/es\/#website","url":"http:\/\/vincentians.com\/es\/","name":"Somos Vicencianos","description":"Know more to serve more","publisher":{"@id":"http:\/\/vincentians.com\/es\/#organization"},"potentialAction":[{"@type":"SearchAction","target":{"@type":"EntryPoint","urlTemplate":"http:\/\/vincentians.com\/es\/?s={search_term_string}"},"query-input":{"@type":"PropertyValueSpecification","valueRequired":true,"valueName":"search_term_string"}}],"inLanguage":"es"},{"@type":"Organization","@id":"http:\/\/vincentians.com\/es\/#organization","name":"The Vincentian Network","url":"http:\/\/vincentians.com\/es\/","logo":{"@type":"ImageObject","inLanguage":"es","@id":"http:\/\/vincentians.com\/es\/#\/schema\/logo\/image\/","url":"https:\/\/i1.wp.com\/vincentians.com\/es\/wp-content\/uploads\/sites\/11\/2016\/06\/Vincentian-Network-logo-big.png?fit=778%2C778","contentUrl":"https:\/\/i1.wp.com\/vincentians.com\/es\/wp-content\/uploads\/sites\/11\/2016\/06\/Vincentian-Network-logo-big.png?fit=778%2C778","width":778,"height":778,"caption":"The Vincentian Network"},"image":{"@id":"http:\/\/vincentians.com\/es\/#\/schema\/logo\/image\/"},"sameAs":["https:\/\/www.facebook.com\/WeAreVincentians\/","https:\/\/x.com\/WeVincentians"]},{"@type":"Person","@id":"http:\/\/vincentians.com\/es\/#\/schema\/person\/9623ef4d9aa3b2dfb8c061f1499288f2","name":"Francisco Javier Fern\u00e1ndez Chento","image":{"@type":"ImageObject","inLanguage":"es","@id":"http:\/\/vincentians.com\/es\/#\/schema\/person\/image\/","url":"https:\/\/secure.gravatar.com\/avatar\/497d5cde87b4c3d097d0315953521681ba2cd523ee66e5077c3711f7021e65de?s=96&d=mm&r=g","contentUrl":"https:\/\/secure.gravatar.com\/avatar\/497d5cde87b4c3d097d0315953521681ba2cd523ee66e5077c3711f7021e65de?s=96&d=mm&r=g","caption":"Francisco Javier Fern\u00e1ndez Chento"},"description":"Director General y cofundador de La Red de Formaci\u00f3n Vicenciana. Javier es laico vicenciano, afiliado a la Congregaci\u00f3n de la Misi\u00f3n y miembro del Equipo de Misiones Populares de la provincia can\u00f3nica de Zaragoza (Espa\u00f1a) de la Congregaci\u00f3n de la Misi\u00f3n. Graduado en la Universidad Oberta de Catalunya con cuatro grados (Asistente de direcci\u00f3n, Gesti\u00f3n Administrativa, Recursos Humanos y Contabilidad Avanzada). Bil\u00edng\u00fce Espa\u00f1ol\/Ingl\u00e9s. gestiona y mantiene varias p\u00e1ginas web cristianas y vicencianas, incluida including La Red de Formaci\u00f3n Vicenciana, de la que es cofundador. Actualmente es responsable del \u00e1rea de Espa\u00f1ol de .famvin, la Red de Noticias de la Familia Vicenciana. Tambi\u00e9n es m\u00fasico cat\u00f3lico y ha editado varios discos. Es Director General y cofundador de Trovador, una reconocida compa\u00f1\u00eda discogr\u00e1fica critiana de Espa\u00f1a. Trabaja en las Tecnolog\u00edas de la Informaci\u00f3n, ofreciendo servicios de alojamiento, dise\u00f1o y mantenimiento Web, as\u00ed como asesoramiento, formaci\u00f3n y soluciones inform\u00e1ticas, gesti\u00f3n documental y digitalizaci\u00f3n de textos, edici\u00f3n y maquetaci\u00f3n de libros, revistas, flyers, etc.","sameAs":["http:\/\/chento.org","https:\/\/www.facebook.com\/JavierChento","https:\/\/x.com\/https:\/\/twitter.com\/javierchento"],"url":"https:\/\/vincentians.com\/es\/author\/chento\/"}]}},"jetpack_publicize_connections":[],"jetpack_featured_media_url":"https:\/\/i0.wp.com\/vincentians.com\/es\/wp-content\/uploads\/sites\/11\/2018\/12\/Catalina-1.jpg?fit=900%2C500&ssl=1","jetpack_sharing_enabled":true,"jetpack_shortlink":"https:\/\/wp.me\/p7ETMF-ut7","jetpack-related-posts":[{"id":32061,"url":"https:\/\/vincentians.com\/es\/para-la-senorita-le-gras\/","url_meta":{"origin":117125,"position":0},"title":"Para la se\u00f1orita Le Gras","author":"Francisco Javier Fern\u00e1ndez Chento","date":"03\/04\/2014","format":false,"excerpt":"Se\u00f1orita: Perd\u00f3neme por comenzar de esta manera tan seca, pero no sab\u00eda c\u00f3mo tratar a una santa que ya est\u00e1 sumergida en el oc\u00e9ano de la divinidad, identificada totalmente con Jesucristo crucificado, pero feliz, como meditaba usted en vida. Y ya que soy un misionero de la Congregaci\u00f3n que fund\u00f3\u2026","rel":"","context":"En \u00abLuisa de Marillac\u00bb","block_context":{"text":"Luisa de Marillac","link":"https:\/\/vincentians.com\/es\/category\/la-familia-vicenciana\/fundadores\/luisa-de-marillac\/"},"img":{"alt_text":"Luisa de Marillac","src":"https:\/\/i0.wp.com\/vicencianos.org\/wp-content\/2011\/02\/luisa_marillac-181x300.jpg?resize=350%2C200","width":350,"height":200},"classes":[]},{"id":115978,"url":"https:\/\/vincentians.com\/es\/familia-vicenciana-y-medalla-milagrosa\/","url_meta":{"origin":117125,"position":1},"title":"Familia Vicenciana y Medalla Milagrosa","author":"Francisco Javier Fern\u00e1ndez Chento","date":"27\/11\/2022","format":false,"excerpt":"Lo que ha sido este legado desde 1830 El testimonio de la Historia nos dice que, si bien la Virgen se aparece a Santa Catalina Labour\u00e9, \u00e9sta, cumpliendo los deseos manifestados por la Madre de Dios, permanece oculta, desconocida, en el silencio m\u00e1s incomprensible; un silencio que a veces se\u2026","rel":"","context":"En \u00abVirgen Mar\u00eda\u00bb","block_context":{"text":"Virgen Mar\u00eda","link":"https:\/\/vincentians.com\/es\/category\/espiritualidad\/virgen-maria\/"},"img":{"alt_text":"","src":"https:\/\/i0.wp.com\/vincentians.com\/es\/wp-content\/uploads\/sites\/11\/2016\/08\/hijas-caridad.jpg?fit=1200%2C630&ssl=1&resize=350%2C200","width":350,"height":200,"srcset":"https:\/\/i0.wp.com\/vincentians.com\/es\/wp-content\/uploads\/sites\/11\/2016\/08\/hijas-caridad.jpg?fit=1200%2C630&ssl=1&resize=350%2C200 1x, https:\/\/i0.wp.com\/vincentians.com\/es\/wp-content\/uploads\/sites\/11\/2016\/08\/hijas-caridad.jpg?fit=1200%2C630&ssl=1&resize=525%2C300 1.5x, https:\/\/i0.wp.com\/vincentians.com\/es\/wp-content\/uploads\/sites\/11\/2016\/08\/hijas-caridad.jpg?fit=1200%2C630&ssl=1&resize=700%2C400 2x, https:\/\/i0.wp.com\/vincentians.com\/es\/wp-content\/uploads\/sites\/11\/2016\/08\/hijas-caridad.jpg?fit=1200%2C630&ssl=1&resize=1050%2C600 3x"},"classes":[]},{"id":73071,"url":"https:\/\/vincentians.com\/es\/cuatro-temas-de-la-espiritualidad-de-san-juan-gabriel-perboyre\/","url_meta":{"origin":117125,"position":2},"title":"Cuatro temas de la espiritualidad de san Juan Gabriel Perboyre","author":"Francisco Javier Fern\u00e1ndez Chento","date":"11\/09\/2024","format":false,"excerpt":"\u00bfLo creer\u00e1n ustedes, Hermanas? Durante el a\u00f1o que ha terminado anoche, ha habido m\u00e1s matanzas de misioneros, hombres y mujeres, que en cualquier otro a\u00f1o desde que la Iglesia lleva estad\u00edsticas. Yo dec\u00eda y lo he dicho con frecuen\u00adcia en p\u00fablico\u2014 que es raro que haya m\u00e1rtires; pero hoy esto\u2026","rel":"","context":"En \u00abEspiritualidad vicenciana\u00bb","block_context":{"text":"Espiritualidad vicenciana","link":"https:\/\/vincentians.com\/es\/category\/espiritualidad\/espiritualidad-vicenciana\/"},"img":{"alt_text":"","src":"https:\/\/i0.wp.com\/vincentians.com\/es\/wp-content\/uploads\/sites\/11\/2015\/06\/Gabriel-Perboyre-2.jpg?fit=635%2C300&ssl=1&resize=350%2C200","width":350,"height":200,"srcset":"https:\/\/i0.wp.com\/vincentians.com\/es\/wp-content\/uploads\/sites\/11\/2015\/06\/Gabriel-Perboyre-2.jpg?fit=635%2C300&ssl=1&resize=350%2C200 1x, https:\/\/i0.wp.com\/vincentians.com\/es\/wp-content\/uploads\/sites\/11\/2015\/06\/Gabriel-Perboyre-2.jpg?fit=635%2C300&ssl=1&resize=525%2C300 1.5x"},"classes":[]},{"id":34093,"url":"https:\/\/vincentians.com\/es\/regis-clet-carta-39-a-pablo-song-c-m\/","url_meta":{"origin":117125,"position":3},"title":"R\u00e9gis Clet, Carta 39: A Pablo Song, C.M.","author":"Francisco Javier Fern\u00e1ndez Chento","date":"24\/04\/2011","format":false,"excerpt":"Tcha-yuen-ke\u00fa, 30 de la 2\u00aa luna de 1809 14 de abril de 1809 Padre y muy querido hermano, Ocho o diez d\u00edas antes de Pascua, lleg\u00f3 el hermano Uang a nuestra casa con Yuen Lorenzo y su hijo. Al primero nos lo manda el Padre Ghislain para guardar y llevar\u2026","rel":"","context":"En \u00abEscritos de Francisco R\u00e9gis Clet\u00bb","block_context":{"text":"Escritos de Francisco R\u00e9gis Clet","link":"https:\/\/vincentians.com\/es\/category\/escritos\/escritos-de-francisco-regis-clet\/"},"img":{"alt_text":"","src":"https:\/\/i0.wp.com\/vincentians.com\/es\/wp-content\/uploads\/sites\/11\/2016\/07\/escritos-regis-clet.jpg?fit=1200%2C630&ssl=1&resize=350%2C200","width":350,"height":200,"srcset":"https:\/\/i0.wp.com\/vincentians.com\/es\/wp-content\/uploads\/sites\/11\/2016\/07\/escritos-regis-clet.jpg?fit=1200%2C630&ssl=1&resize=350%2C200 1x, https:\/\/i0.wp.com\/vincentians.com\/es\/wp-content\/uploads\/sites\/11\/2016\/07\/escritos-regis-clet.jpg?fit=1200%2C630&ssl=1&resize=525%2C300 1.5x, https:\/\/i0.wp.com\/vincentians.com\/es\/wp-content\/uploads\/sites\/11\/2016\/07\/escritos-regis-clet.jpg?fit=1200%2C630&ssl=1&resize=700%2C400 2x, https:\/\/i0.wp.com\/vincentians.com\/es\/wp-content\/uploads\/sites\/11\/2016\/07\/escritos-regis-clet.jpg?fit=1200%2C630&ssl=1&resize=1050%2C600 3x"},"classes":[]},{"id":115218,"url":"https:\/\/vincentians.com\/es\/carta-de-gregory-gay-superior-general-de-la-c-m-con-motivo-de-la-fiesta-de-la-medalla-milagrosa-2012\/","url_meta":{"origin":117125,"position":4},"title":"Carta de Gregory Gay, Superior General de la C.M., con motivo de la fiesta de la Medalla Milagrosa 2012","author":"Francisco Javier Fern\u00e1ndez Chento","date":"26\/11\/2012","format":false,"excerpt":"Llamada a la Familia Vicenciana a una mayor devoci\u00f3n a Nuestra Se\u00f1ora de la Medalla Milagrosa. \u00a1La gracia de Nuestro Se\u00f1or Jesucristo est\u00e9 siempre con nosotros! Me da mucha alegr\u00eda dirigirme a Ustedes especialmente en este mes en el que celebramos, dentro del A\u00f1o de la Fe, a la Virgen\u2026","rel":"","context":"En \u00abVirgen Mar\u00eda\u00bb","block_context":{"text":"Virgen Mar\u00eda","link":"https:\/\/vincentians.com\/es\/category\/espiritualidad\/virgen-maria\/"},"img":{"alt_text":"P. Gregory Gay, C.M.","src":"https:\/\/i0.wp.com\/vicencianos.org\/wp-content\/2009\/12\/gregory_felicita_la_navidad11-300x300.jpg?resize=350%2C200","width":350,"height":200},"classes":[]},{"id":119293,"url":"https:\/\/vincentians.com\/es\/p-jesus-taboada-laborra\/","url_meta":{"origin":117125,"position":5},"title":"P. Jes\u00fas Taboada Laborra","author":"Mitxel Olabu\u00e9naga","date":"29\/04\/2013","format":false,"excerpt":"Corr\u00edan los dif\u00edciles a\u00f1os de la guerra civil cuando Jes\u00fas Taboada Laborra culminaba su carrera eclesi\u00e1stica. El nuevo \u00f3leo le infund\u00eda fuerza para aceptar, con riesgo, su estreno\u00a0 del sacerdocio. As\u00ed que solicit\u00f3 Cuttak (India) como su destino. Para familiarizarse con el ingl\u00e9s, pas\u00f3 una no muy prolongada estancia en\u2026","rel":"","context":"En \u00abBiograf\u00edas de Misioneros Pa\u00fales\u00bb","block_context":{"text":"Biograf\u00edas de Misioneros Pa\u00fales","link":"https:\/\/vincentians.com\/es\/category\/la-familia-vicenciana\/biografias-vicencianas\/biografias-de-misioneros-paules\/"},"img":{"alt_text":"","src":"https:\/\/i0.wp.com\/vincentians.com\/es\/wp-content\/uploads\/sites\/11\/2016\/07\/bio-cm.jpg?fit=1200%2C630&ssl=1&resize=350%2C200","width":350,"height":200,"srcset":"https:\/\/i0.wp.com\/vincentians.com\/es\/wp-content\/uploads\/sites\/11\/2016\/07\/bio-cm.jpg?fit=1200%2C630&ssl=1&resize=350%2C200 1x, https:\/\/i0.wp.com\/vincentians.com\/es\/wp-content\/uploads\/sites\/11\/2016\/07\/bio-cm.jpg?fit=1200%2C630&ssl=1&resize=525%2C300 1.5x, https:\/\/i0.wp.com\/vincentians.com\/es\/wp-content\/uploads\/sites\/11\/2016\/07\/bio-cm.jpg?fit=1200%2C630&ssl=1&resize=700%2C400 2x, https:\/\/i0.wp.com\/vincentians.com\/es\/wp-content\/uploads\/sites\/11\/2016\/07\/bio-cm.jpg?fit=1200%2C630&ssl=1&resize=1050%2C600 3x"},"classes":[]}],"_links":{"self":[{"href":"https:\/\/vincentians.com\/es\/wp-json\/wp\/v2\/posts\/117125","targetHints":{"allow":["GET"]}}],"collection":[{"href":"https:\/\/vincentians.com\/es\/wp-json\/wp\/v2\/posts"}],"about":[{"href":"https:\/\/vincentians.com\/es\/wp-json\/wp\/v2\/types\/post"}],"author":[{"embeddable":true,"href":"https:\/\/vincentians.com\/es\/wp-json\/wp\/v2\/users\/4"}],"replies":[{"embeddable":true,"href":"https:\/\/vincentians.com\/es\/wp-json\/wp\/v2\/comments?post=117125"}],"version-history":[{"count":1,"href":"https:\/\/vincentians.com\/es\/wp-json\/wp\/v2\/posts\/117125\/revisions"}],"predecessor-version":[{"id":403646,"href":"https:\/\/vincentians.com\/es\/wp-json\/wp\/v2\/posts\/117125\/revisions\/403646"}],"wp:featuredmedia":[{"embeddable":true,"href":"https:\/\/vincentians.com\/es\/wp-json\/wp\/v2\/media\/402658"}],"wp:attachment":[{"href":"https:\/\/vincentians.com\/es\/wp-json\/wp\/v2\/media?parent=117125"}],"wp:term":[{"taxonomy":"category","embeddable":true,"href":"https:\/\/vincentians.com\/es\/wp-json\/wp\/v2\/categories?post=117125"},{"taxonomy":"post_tag","embeddable":true,"href":"https:\/\/vincentians.com\/es\/wp-json\/wp\/v2\/tags?post=117125"}],"curies":[{"name":"wp","href":"https:\/\/api.w.org\/{rel}","templated":true}]}}