{"id":116984,"date":"2021-08-01T08:11:46","date_gmt":"2021-08-01T06:11:46","guid":{"rendered":"http:\/\/somos.vicencianos.org\/?p=116984"},"modified":"2021-05-19T10:02:27","modified_gmt":"2021-05-19T08:02:27","slug":"la-provincia-de-cuba-1967","status":"publish","type":"post","link":"https:\/\/vincentians.com\/es\/la-provincia-de-cuba-1967\/","title":{"rendered":"La provincia de Cuba (1967)"},"content":{"rendered":"<div>\n<p>Vamos a dar por vez primera unos datos sobre nuestra Provin\u00adcia de Cuba y su evoluci\u00f3n en estos \u00faltimos a\u00f1os.<\/p>\n<p>SITUACION EN 1960<\/p>\n<p>La Viceprovincia de Cuba, dirigida inmediatamente por Sor Ma\u00adr\u00eda del Carmen Cuevas, constaba en 1960 de 35 Casas, con 325 Her\u00admanas.<\/p>\n<p>En La Habana hab\u00eda 11 Casas: Colegio \u00abLa Inmaculada\u00bb, con 41 Hermanas; Casa \u00abBeneficencia\u00bb, con 22 Hermanas; Hospital \u00abSan Francisco de&#8217; Paula\u00bb, con ocho Hermanas; Colegio-Asilo \u00abSan Vicen\u00adte de Pa\u00fal\u00bb, con ocho Hermanas; Colegio \u00abLa Domiciliaria\u00bb, con ocho Hermanas; Colegio \u00abJes\u00fas Mar\u00eda\u00bb, con nueve Hermanas; Asilo Menocal, con cinco Hermanas; Asilo \u00abCreche del Vedado\u00bb, con ocho Hermanas; Sanatorio \u00abLa Milagrosa\u00bb, con 16 Hermanas; Hospital del C\u00e1ncer, con cuatro Hermanas, y Hogar, con 11 Hermanas.<\/p>\n<p>En Santiago de Cuba hab\u00eda cuatro Casas: Casa \u00abBeneficencia\u00bb, con seis Hermanas; Colegio \u00abNuestra Se\u00f1ora de Bel\u00e9n\u00bb, con siete Hermanas; Colegio \u00abHijas de Mar\u00eda\u00bb, con ocho Hermanas, y Sana\u00adtorio Colonia Espa\u00f1ola, con 21 Hermanas.<\/p>\n<p>En Matanzas, tres: Colegio \u00abLa Milagrosa\u00bb, con seis Hermanas; Asilo \u00abSan Vicente\u00bb, con seis Hermanas, y Casa \u00abSagrada Familia\u00bb, con tres Hermanas.<\/p>\n<p>En Camag\u00fcey, dos: Asilo, con tres Hermanas, y Dispensario, con tres Hermanas,<\/p>\n<p>En Marianao, dos: Colegio \u00abSan Francisco de Sales\u00bb, con ocho Hermanas, y Asilo, con siete.<\/p>\n<p>Y una en cada una de las siguiente localidades: Baracoa, con tres Hermanas; Bejucal, con cinco; Caibari\u00e9n, con tres; Cienfuegos, con tres; Guanabacoa, con nueve; G\u00fcines, con siete; Guira, con cuatro; Madruga, con siete; Nueva Gerona (Pinos), con cinco; Pi\u00adnar del R\u00edo, con cuatro; Rinc\u00f3n, con 11; San Antonio de los Ba\u00f1os, con cinco, y Santa Clara, con cuatro.<\/p>\n<p>VICISITUDES EN el A\u00d1O 1961 Y SIGUIENTES<\/p>\n<p>Desde el 7 de abril al 21 de julio de 1961 salieron 255 Hermanas, quedando solamente 70, Las Casas quedaron reducidas a nueve.<\/p>\n<p>El 13 de febrero de 1963 se volvi\u00f3 a abrir el Seminario Interno con cuatro Hermanitas.<\/p>\n<p>En enero de 1965 la Viceprovincia de Cuba fue erigida en Pro\u00advincia, siendo nombrada primera Visitadora Sor Rosal\u00eda Feito.<\/p>\n<\/div>\n<p>&nbsp;<\/p>\n<p>En los a\u00f1os sucesivos entraron en el Seminario ocho, seis, tres y cuatro Hermanitas, respectivamente.<\/p>\n<p>Tambi\u00e9n fueron muriendo: Sor Carmen Logomasino (29-IX-61), Sor Evangelina Fonseca (10-1-62), Sor Serafina Ferr\u00e9s (8-11-63), Sor Carmen Cuevas (13-VIII-64) y Sor Mercedes S\u00e1nchez (6-XII<sup>&#8211;<\/sup>66). Regresaron algunas: cuatro en 1964, tres en 1965 y dos en 1966.<\/p>\n<p>ESTADO ACTUAL DE LAS CASAS EN ENERO DE 1966<\/p>\n<p>Casa Provincial: Visitadora, Sor Rosal\u00eda Feito, y 19 Hermanas; Director General, Rvdo. P. Juli\u00e1n P\u00e9rez, C. M.<\/p>\n<p>Hospital \u00abSan Francisco de Paula\u00bb: Hermana Sirvienta, Sor Car<sup>\u00ad<\/sup>men Geijo, y ocho Hermanas.<\/p>\n<p>Casa \u00abSanta Luisa de Marillac\u00bb (Pinar del R\u00edo): Hermana Sir\u00advienta Sor Alicia Delgado y tres Hermanas.<\/p>\n<p>Hospital \u00abSanta Susana\u00bb (Bejucal): Hermana Sivienta Sor C\u00e1n\u00addida Larumbe y cinco Hermanas.<\/p>\n<p>Sanatorio \u00abLa Milagrosa\u00bb: Hermana Sirvienta. Sor Genoveva del Aguila y 10 Hermanas.<\/p>\n<p>Hogar-Cuna \u00abLos Zapaticos de Rosa\u00bb: Hermana Sirvienta Sor Adelaida Maroto y 10 Hermanas.<\/p>\n<p>Hogar-Cuna \u00abLa Edad de Oro\u00bb: Hermana Sirvienta Sor Antonia Go\u00f1i y ocho Hermanas.<\/p>\n<p>Quinta \u00abSan Vicente\u00bb (Madruga): Hermana Sirvienta. Sor Ana Mar\u00eda M\u00e9ndez y cuatro Hermanas.<\/p>\n<p>NOTAS DE ESTOS A\u00d1OS Y OBRAS DE ACTUALIDAD<\/p>\n<p>En nuestra Provincia de Cuba se siguen actualmente los tra\u00adbajos de la caridad Vicenciana, desde los nueve establecimientos que actualmente permanecen en funciones ben\u00e9ficas, hospitalarias y religiosas.<\/p>\n<p>Dos Hogares-Cunas que albergan un promedio de 280 a 300 ni\u00f1os cada una, desde reci\u00e9n nacidos hasta los cuatro a\u00f1os, y que son atendidos por un peque\u00f1o grupo de Hermanas y numeroso personal auxiliar y t\u00e9cnico subvencionado y fiscalizado por el Estado.<\/p>\n<p>Dos hospitales ubicados fuera de la ciudad para enfermos de lepra y convalecientes de avanzada edad, al frente de los cuales nuestras Hermanas realizan conjuntamente con la labor profesio\u00adnal, algunas tareas apost\u00f3licas en la medida de sus posibilidades.<\/p>\n<p>Un Hogar para ancianos, en uno de los pueblos circunvecinos, con un n\u00famero aproximado de cien asilados; cuenta, adem\u00e1s, con empleados y profesionales que desempe\u00f1an sus trabajos con el re\u00adducido n\u00famero de Hermanas, que atienden dicho establecimiento ben\u00e9fico, con recursos suficientes para el sostenimiento de los be\u00adneficiarios.<\/p>\n<p>En el centro de la ciudad radica el nuevo Consolidado de Cl\u00ed\u00adnicas Mutualistas, con un total de 45.000 socios, y en el que fun\u00adcionan distintas dependencias del ramo de salubridad, tales como: Medicina General, Cirug\u00eda, Ortopedia, Pediatr\u00eda, Servicio M\u00e9dico<sup>&#8211; <\/sup>Social, Laboratorios y Secci\u00f3n de Consultas para cada tipo de ser\u00advicio y suministro.<\/p>\n<p>Un numeroso personal t\u00e9cnico y de administraci\u00f3n asume la to\u00adtal responsabilidad del establecimiento, con los que nuestras Her\u00admanas rinden su labor al m\u00e1ximo de sus fuerzas, por la escasez de n\u00famero que actualmente constituye la problem\u00e1tica incuestio<sup>\u00ad<\/sup>nable.<\/p>\n<p>Una casa en Madruga para Hermanas enfermas y descanso de las mismas, que irradian su labor a los distintos pueblos vecinos, realizando labores extraordinarias con los enfermos y Catequesis. Es propiedad de la Comunidad.<\/p>\n<p>En el extremo occidental de la isla se desarrollan otros tipos de actividades sociales y religiosas, a trav\u00e9s de la Casa Social \u00abSan\u00adta Luisa de Marillac\u00bb para el servicio de los pobres a domicilio, cuya labor se multiplica a trav\u00e9s de las distintas obras de apos\u00adtolado parroquial, y que abarca, entre otras, la visita de enfermos, preparaci\u00f3n a los sacramentos, santificaci\u00f3n de matrimonios, cate\u00adquesis, ayuda material y econ\u00f3mica a familias pobres y vergon\u00adzantes, en cooperaci\u00f3n con el clero parroquial y bajo la dependencia del se\u00f1or Obispo Diocesano. Los trabajos se realizan con la consi\u00adguiente capacitaci\u00f3n que permiten los Cursillos B\u00edblicos y clases explicativas de las nuevas normas conciliares.<\/p>\n<p>Y, por \u00faltimo, nuestra Casa Provincial, que mantiene en cons\u00adtante correspondencia de espiritualidad vicenciana las Casas y las obras, trabajando intensamente por la superaci\u00f3n y puesta en pr\u00e1c\u00adtica de los m\u00e9todos y directivas conciliares, trabajo que tan des<sup>\u00ad<\/sup>pierto y entusiasta mantiene nuestra Rble. Visitadora con sus ma\u00adternales y sabias orientaciones.<\/p>\n<p>Las Hermanas de la Casa Provincial realizan, en la medida de sus probabilidades y de su edad \u2014casi todas son mayores y deli\u00adcadas\u2014, su labor de apostolado. Catequesis en la Casa, con un pro\u00admedio de asistencia de 90 a 100 muchachos, aprovechando la opor<sup>\u00ad<\/sup>tunidad para instruir a los pap\u00e1s mientras esperan a sus hijos.<\/p>\n<p>Dos Catequesis, m\u00e1s una en el pueblo vecino de Regla, otra en una de las Iglesias de nuestros Padres, est\u00e1n a cargo de las Her\u00admanas, colaborando con ellas un grupo muy entusiasta de cate\u00adquistas. Se visita a algunas familias y una casa de ancianas: se trata de la Merced.<\/p>\n<p>Pero, sobre todo, se realiza el apostolado de t\u00fa a t\u00fa. Muchas son las personas, antiguas alumnas y a\u00fan desconocidas, que vienen buscando una palabra de orientaci\u00f3n.<\/p>\n<p>No quiero dejar de citar a las Hijas de Mar\u00eda que, en grupo todav\u00eda numeroso, asisten mensualmente a participar de su. Misa especial y en la que reciben las orientaciones del Director Padre Alfredo Enr\u00edquez. La mayor\u00eda ayudan en las Parroquias realizando labores de verdadero apostolado. Se mantiene abierta al culto la Iglesia, con misa los domingos para el pueblo a las nueve, y a Pri\u00admera hora para las Hermanas, entre semana.<\/p>\n<p>Sin prescindir nunca del poco tiempo y excesivo trabajo que pesa sobre el reducido reba\u00f1o de la reci\u00e9n nacida y pobre Pro\u00advincia de Cuba, mantiene entre sus Hermanas el clima de coopera\u00adci\u00f3n y trabajo a nivel paternal, que nos hace exclamar con San Pablo: \u00abVerdaderamente somos los colaboradores de Dios\u00bb.<\/p>\n<p>Sor Mercedes Llanuza, H. C. La Habana, diciembre 1966<\/p>\n","protected":false},"excerpt":{"rendered":"<p>Vamos a dar por vez primera unos datos sobre nuestra Provin\u00adcia de Cuba y su evoluci\u00f3n en estos \u00faltimos a\u00f1os. SITUACION EN 1960 La Viceprovincia de Cuba, dirigida inmediatamente por Sor Ma\u00adr\u00eda del Carmen Cuevas, &#8230; <a href=\"https:\/\/vincentians.com\/es\/la-provincia-de-cuba-1967\/\" class=\"more-link\">Read More<\/a><\/p>\n","protected":false},"author":5,"featured_media":402667,"comment_status":"open","ping_status":"open","sticky":false,"template":"","format":"standard","meta":{"jetpack_post_was_ever_published":false,"_jetpack_newsletter_access":"","_jetpack_dont_email_post_to_subs":false,"_jetpack_newsletter_tier_id":0,"_jetpack_memberships_contains_paywalled_content":false,"_jetpack_memberships_contains_paid_content":false,"footnotes":"","jetpack_publicize_message":"","jetpack_publicize_feature_enabled":true,"jetpack_social_post_already_shared":true,"jetpack_social_options":{"image_generator_settings":{"template":"highway","default_image_id":0,"font":"","enabled":false},"version":2}},"categories":[237],"tags":[],"class_list":["post-116984","post","type-post","status-publish","format-standard","has-post-thumbnail","hentry","category-historia-de-las-hijas-de-la-caridad"],"yoast_head":"<!-- This site is optimized with the Yoast SEO plugin v26.3 - https:\/\/yoast.com\/wordpress\/plugins\/seo\/ -->\n<title>La provincia de Cuba (1967) - Somos Vicencianos<\/title>\n<meta name=\"robots\" content=\"index, follow, max-snippet:-1, max-image-preview:large, max-video-preview:-1\" \/>\n<link rel=\"canonical\" href=\"https:\/\/vincentians.com\/es\/la-provincia-de-cuba-1967\/\" \/>\n<meta property=\"og:locale\" content=\"es_ES\" \/>\n<meta property=\"og:type\" content=\"article\" \/>\n<meta property=\"og:title\" content=\"La provincia de Cuba (1967) - Somos Vicencianos\" \/>\n<meta property=\"og:description\" content=\"Vamos a dar por vez primera unos datos sobre nuestra Provin\u00adcia de Cuba y su evoluci\u00f3n en estos \u00faltimos a\u00f1os. SITUACION EN 1960 La Viceprovincia de Cuba, dirigida inmediatamente por Sor Ma\u00adr\u00eda del Carmen Cuevas, ... Read More\" \/>\n<meta property=\"og:url\" content=\"https:\/\/vincentians.com\/es\/la-provincia-de-cuba-1967\/\" \/>\n<meta property=\"og:site_name\" content=\"Somos Vicencianos\" \/>\n<meta property=\"article:publisher\" content=\"https:\/\/www.facebook.com\/WeAreVincentians\/\" \/>\n<meta property=\"article:published_time\" content=\"2021-08-01T06:11:46+00:00\" \/>\n<meta property=\"og:image\" content=\"https:\/\/i0.wp.com\/vincentians.com\/es\/wp-content\/uploads\/sites\/11\/2019\/11\/hijas-caridaqd.jpg?fit=1280%2C720&ssl=1\" \/>\n\t<meta property=\"og:image:width\" content=\"1280\" \/>\n\t<meta property=\"og:image:height\" content=\"720\" \/>\n\t<meta property=\"og:image:type\" content=\"image\/jpeg\" \/>\n<meta name=\"author\" content=\"Mitxel Olabu\u00e9naga\" \/>\n<meta name=\"twitter:card\" content=\"summary_large_image\" \/>\n<meta name=\"twitter:creator\" content=\"@WeVincentians\" \/>\n<meta name=\"twitter:site\" content=\"@WeVincentians\" \/>\n<meta name=\"twitter:label1\" content=\"Escrito por\" \/>\n\t<meta name=\"twitter:data1\" content=\"Mitxel Olabu\u00e9naga\" \/>\n\t<meta name=\"twitter:label2\" content=\"Tiempo de lectura\" \/>\n\t<meta name=\"twitter:data2\" content=\"6 minutos\" \/>\n<script type=\"application\/ld+json\" class=\"yoast-schema-graph\">{\"@context\":\"https:\/\/schema.org\",\"@graph\":[{\"@type\":\"Article\",\"@id\":\"https:\/\/vincentians.com\/es\/la-provincia-de-cuba-1967\/#article\",\"isPartOf\":{\"@id\":\"https:\/\/vincentians.com\/es\/la-provincia-de-cuba-1967\/\"},\"author\":{\"name\":\"Mitxel Olabu\u00e9naga\",\"@id\":\"http:\/\/vincentians.com\/es\/#\/schema\/person\/7c2670b4445a7ca9d164ea6acdb31859\"},\"headline\":\"La provincia de Cuba (1967)\",\"datePublished\":\"2021-08-01T06:11:46+00:00\",\"mainEntityOfPage\":{\"@id\":\"https:\/\/vincentians.com\/es\/la-provincia-de-cuba-1967\/\"},\"wordCount\":1288,\"commentCount\":0,\"publisher\":{\"@id\":\"http:\/\/vincentians.com\/es\/#organization\"},\"image\":{\"@id\":\"https:\/\/vincentians.com\/es\/la-provincia-de-cuba-1967\/#primaryimage\"},\"thumbnailUrl\":\"https:\/\/i0.wp.com\/vincentians.com\/es\/wp-content\/uploads\/sites\/11\/2019\/11\/hijas-caridaqd.jpg?fit=1280%2C720&ssl=1\",\"articleSection\":[\"Historia de las Hijas de la Caridad\"],\"inLanguage\":\"es\",\"potentialAction\":[{\"@type\":\"CommentAction\",\"name\":\"Comment\",\"target\":[\"https:\/\/vincentians.com\/es\/la-provincia-de-cuba-1967\/#respond\"]}]},{\"@type\":\"WebPage\",\"@id\":\"https:\/\/vincentians.com\/es\/la-provincia-de-cuba-1967\/\",\"url\":\"https:\/\/vincentians.com\/es\/la-provincia-de-cuba-1967\/\",\"name\":\"La provincia de Cuba (1967) - Somos Vicencianos\",\"isPartOf\":{\"@id\":\"http:\/\/vincentians.com\/es\/#website\"},\"primaryImageOfPage\":{\"@id\":\"https:\/\/vincentians.com\/es\/la-provincia-de-cuba-1967\/#primaryimage\"},\"image\":{\"@id\":\"https:\/\/vincentians.com\/es\/la-provincia-de-cuba-1967\/#primaryimage\"},\"thumbnailUrl\":\"https:\/\/i0.wp.com\/vincentians.com\/es\/wp-content\/uploads\/sites\/11\/2019\/11\/hijas-caridaqd.jpg?fit=1280%2C720&ssl=1\",\"datePublished\":\"2021-08-01T06:11:46+00:00\",\"breadcrumb\":{\"@id\":\"https:\/\/vincentians.com\/es\/la-provincia-de-cuba-1967\/#breadcrumb\"},\"inLanguage\":\"es\",\"potentialAction\":[{\"@type\":\"ReadAction\",\"target\":[\"https:\/\/vincentians.com\/es\/la-provincia-de-cuba-1967\/\"]}]},{\"@type\":\"ImageObject\",\"inLanguage\":\"es\",\"@id\":\"https:\/\/vincentians.com\/es\/la-provincia-de-cuba-1967\/#primaryimage\",\"url\":\"https:\/\/i0.wp.com\/vincentians.com\/es\/wp-content\/uploads\/sites\/11\/2019\/11\/hijas-caridaqd.jpg?fit=1280%2C720&ssl=1\",\"contentUrl\":\"https:\/\/i0.wp.com\/vincentians.com\/es\/wp-content\/uploads\/sites\/11\/2019\/11\/hijas-caridaqd.jpg?fit=1280%2C720&ssl=1\",\"width\":1280,\"height\":720},{\"@type\":\"BreadcrumbList\",\"@id\":\"https:\/\/vincentians.com\/es\/la-provincia-de-cuba-1967\/#breadcrumb\",\"itemListElement\":[{\"@type\":\"ListItem\",\"position\":1,\"name\":\"Portada\",\"item\":\"http:\/\/vincentians.com\/es\/\"},{\"@type\":\"ListItem\",\"position\":2,\"name\":\"La provincia de Cuba (1967)\"}]},{\"@type\":\"WebSite\",\"@id\":\"http:\/\/vincentians.com\/es\/#website\",\"url\":\"http:\/\/vincentians.com\/es\/\",\"name\":\"Somos Vicencianos\",\"description\":\"Know more to serve more\",\"publisher\":{\"@id\":\"http:\/\/vincentians.com\/es\/#organization\"},\"potentialAction\":[{\"@type\":\"SearchAction\",\"target\":{\"@type\":\"EntryPoint\",\"urlTemplate\":\"http:\/\/vincentians.com\/es\/?s={search_term_string}\"},\"query-input\":{\"@type\":\"PropertyValueSpecification\",\"valueRequired\":true,\"valueName\":\"search_term_string\"}}],\"inLanguage\":\"es\"},{\"@type\":\"Organization\",\"@id\":\"http:\/\/vincentians.com\/es\/#organization\",\"name\":\"The Vincentian Network\",\"url\":\"http:\/\/vincentians.com\/es\/\",\"logo\":{\"@type\":\"ImageObject\",\"inLanguage\":\"es\",\"@id\":\"http:\/\/vincentians.com\/es\/#\/schema\/logo\/image\/\",\"url\":\"https:\/\/i1.wp.com\/vincentians.com\/es\/wp-content\/uploads\/sites\/11\/2016\/06\/Vincentian-Network-logo-big.png?fit=778%2C778\",\"contentUrl\":\"https:\/\/i1.wp.com\/vincentians.com\/es\/wp-content\/uploads\/sites\/11\/2016\/06\/Vincentian-Network-logo-big.png?fit=778%2C778\",\"width\":778,\"height\":778,\"caption\":\"The Vincentian Network\"},\"image\":{\"@id\":\"http:\/\/vincentians.com\/es\/#\/schema\/logo\/image\/\"},\"sameAs\":[\"https:\/\/www.facebook.com\/WeAreVincentians\/\",\"https:\/\/x.com\/WeVincentians\"]},{\"@type\":\"Person\",\"@id\":\"http:\/\/vincentians.com\/es\/#\/schema\/person\/7c2670b4445a7ca9d164ea6acdb31859\",\"name\":\"Mitxel Olabu\u00e9naga\",\"image\":{\"@type\":\"ImageObject\",\"inLanguage\":\"es\",\"@id\":\"http:\/\/vincentians.com\/es\/#\/schema\/person\/image\/\",\"url\":\"https:\/\/secure.gravatar.com\/avatar\/34137ec2e2b8939cbbed975731e71f3f4f1defc7266ded337a5ce0f925426877?s=96&d=mm&r=g\",\"contentUrl\":\"https:\/\/secure.gravatar.com\/avatar\/34137ec2e2b8939cbbed975731e71f3f4f1defc7266ded337a5ce0f925426877?s=96&d=mm&r=g\",\"caption\":\"Mitxel Olabu\u00e9naga\"},\"url\":\"https:\/\/vincentians.com\/es\/author\/mitxel\/\"}]}<\/script>\n<!-- \/ Yoast SEO plugin. -->","yoast_head_json":{"title":"La provincia de Cuba (1967) - Somos Vicencianos","robots":{"index":"index","follow":"follow","max-snippet":"max-snippet:-1","max-image-preview":"max-image-preview:large","max-video-preview":"max-video-preview:-1"},"canonical":"https:\/\/vincentians.com\/es\/la-provincia-de-cuba-1967\/","og_locale":"es_ES","og_type":"article","og_title":"La provincia de Cuba (1967) - Somos Vicencianos","og_description":"Vamos a dar por vez primera unos datos sobre nuestra Provin\u00adcia de Cuba y su evoluci\u00f3n en estos \u00faltimos a\u00f1os. SITUACION EN 1960 La Viceprovincia de Cuba, dirigida inmediatamente por Sor Ma\u00adr\u00eda del Carmen Cuevas, ... Read More","og_url":"https:\/\/vincentians.com\/es\/la-provincia-de-cuba-1967\/","og_site_name":"Somos Vicencianos","article_publisher":"https:\/\/www.facebook.com\/WeAreVincentians\/","article_published_time":"2021-08-01T06:11:46+00:00","og_image":[{"width":1280,"height":720,"url":"https:\/\/i0.wp.com\/vincentians.com\/es\/wp-content\/uploads\/sites\/11\/2019\/11\/hijas-caridaqd.jpg?fit=1280%2C720&ssl=1","type":"image\/jpeg"}],"author":"Mitxel Olabu\u00e9naga","twitter_card":"summary_large_image","twitter_creator":"@WeVincentians","twitter_site":"@WeVincentians","twitter_misc":{"Escrito por":"Mitxel Olabu\u00e9naga","Tiempo de lectura":"6 minutos"},"schema":{"@context":"https:\/\/schema.org","@graph":[{"@type":"Article","@id":"https:\/\/vincentians.com\/es\/la-provincia-de-cuba-1967\/#article","isPartOf":{"@id":"https:\/\/vincentians.com\/es\/la-provincia-de-cuba-1967\/"},"author":{"name":"Mitxel Olabu\u00e9naga","@id":"http:\/\/vincentians.com\/es\/#\/schema\/person\/7c2670b4445a7ca9d164ea6acdb31859"},"headline":"La provincia de Cuba (1967)","datePublished":"2021-08-01T06:11:46+00:00","mainEntityOfPage":{"@id":"https:\/\/vincentians.com\/es\/la-provincia-de-cuba-1967\/"},"wordCount":1288,"commentCount":0,"publisher":{"@id":"http:\/\/vincentians.com\/es\/#organization"},"image":{"@id":"https:\/\/vincentians.com\/es\/la-provincia-de-cuba-1967\/#primaryimage"},"thumbnailUrl":"https:\/\/i0.wp.com\/vincentians.com\/es\/wp-content\/uploads\/sites\/11\/2019\/11\/hijas-caridaqd.jpg?fit=1280%2C720&ssl=1","articleSection":["Historia de las Hijas de la Caridad"],"inLanguage":"es","potentialAction":[{"@type":"CommentAction","name":"Comment","target":["https:\/\/vincentians.com\/es\/la-provincia-de-cuba-1967\/#respond"]}]},{"@type":"WebPage","@id":"https:\/\/vincentians.com\/es\/la-provincia-de-cuba-1967\/","url":"https:\/\/vincentians.com\/es\/la-provincia-de-cuba-1967\/","name":"La provincia de Cuba (1967) - Somos Vicencianos","isPartOf":{"@id":"http:\/\/vincentians.com\/es\/#website"},"primaryImageOfPage":{"@id":"https:\/\/vincentians.com\/es\/la-provincia-de-cuba-1967\/#primaryimage"},"image":{"@id":"https:\/\/vincentians.com\/es\/la-provincia-de-cuba-1967\/#primaryimage"},"thumbnailUrl":"https:\/\/i0.wp.com\/vincentians.com\/es\/wp-content\/uploads\/sites\/11\/2019\/11\/hijas-caridaqd.jpg?fit=1280%2C720&ssl=1","datePublished":"2021-08-01T06:11:46+00:00","breadcrumb":{"@id":"https:\/\/vincentians.com\/es\/la-provincia-de-cuba-1967\/#breadcrumb"},"inLanguage":"es","potentialAction":[{"@type":"ReadAction","target":["https:\/\/vincentians.com\/es\/la-provincia-de-cuba-1967\/"]}]},{"@type":"ImageObject","inLanguage":"es","@id":"https:\/\/vincentians.com\/es\/la-provincia-de-cuba-1967\/#primaryimage","url":"https:\/\/i0.wp.com\/vincentians.com\/es\/wp-content\/uploads\/sites\/11\/2019\/11\/hijas-caridaqd.jpg?fit=1280%2C720&ssl=1","contentUrl":"https:\/\/i0.wp.com\/vincentians.com\/es\/wp-content\/uploads\/sites\/11\/2019\/11\/hijas-caridaqd.jpg?fit=1280%2C720&ssl=1","width":1280,"height":720},{"@type":"BreadcrumbList","@id":"https:\/\/vincentians.com\/es\/la-provincia-de-cuba-1967\/#breadcrumb","itemListElement":[{"@type":"ListItem","position":1,"name":"Portada","item":"http:\/\/vincentians.com\/es\/"},{"@type":"ListItem","position":2,"name":"La provincia de Cuba (1967)"}]},{"@type":"WebSite","@id":"http:\/\/vincentians.com\/es\/#website","url":"http:\/\/vincentians.com\/es\/","name":"Somos Vicencianos","description":"Know more to serve more","publisher":{"@id":"http:\/\/vincentians.com\/es\/#organization"},"potentialAction":[{"@type":"SearchAction","target":{"@type":"EntryPoint","urlTemplate":"http:\/\/vincentians.com\/es\/?s={search_term_string}"},"query-input":{"@type":"PropertyValueSpecification","valueRequired":true,"valueName":"search_term_string"}}],"inLanguage":"es"},{"@type":"Organization","@id":"http:\/\/vincentians.com\/es\/#organization","name":"The Vincentian Network","url":"http:\/\/vincentians.com\/es\/","logo":{"@type":"ImageObject","inLanguage":"es","@id":"http:\/\/vincentians.com\/es\/#\/schema\/logo\/image\/","url":"https:\/\/i1.wp.com\/vincentians.com\/es\/wp-content\/uploads\/sites\/11\/2016\/06\/Vincentian-Network-logo-big.png?fit=778%2C778","contentUrl":"https:\/\/i1.wp.com\/vincentians.com\/es\/wp-content\/uploads\/sites\/11\/2016\/06\/Vincentian-Network-logo-big.png?fit=778%2C778","width":778,"height":778,"caption":"The Vincentian Network"},"image":{"@id":"http:\/\/vincentians.com\/es\/#\/schema\/logo\/image\/"},"sameAs":["https:\/\/www.facebook.com\/WeAreVincentians\/","https:\/\/x.com\/WeVincentians"]},{"@type":"Person","@id":"http:\/\/vincentians.com\/es\/#\/schema\/person\/7c2670b4445a7ca9d164ea6acdb31859","name":"Mitxel Olabu\u00e9naga","image":{"@type":"ImageObject","inLanguage":"es","@id":"http:\/\/vincentians.com\/es\/#\/schema\/person\/image\/","url":"https:\/\/secure.gravatar.com\/avatar\/34137ec2e2b8939cbbed975731e71f3f4f1defc7266ded337a5ce0f925426877?s=96&d=mm&r=g","contentUrl":"https:\/\/secure.gravatar.com\/avatar\/34137ec2e2b8939cbbed975731e71f3f4f1defc7266ded337a5ce0f925426877?s=96&d=mm&r=g","caption":"Mitxel Olabu\u00e9naga"},"url":"https:\/\/vincentians.com\/es\/author\/mitxel\/"}]}},"jetpack_publicize_connections":[],"jetpack_featured_media_url":"https:\/\/i0.wp.com\/vincentians.com\/es\/wp-content\/uploads\/sites\/11\/2019\/11\/hijas-caridaqd.jpg?fit=1280%2C720&ssl=1","jetpack_sharing_enabled":true,"jetpack_shortlink":"https:\/\/wp.me\/p7ETMF-uqQ","jetpack-related-posts":[{"id":115279,"url":"https:\/\/vincentians.com\/es\/celebracion-de-un-centenario-el-colegio-de-la-purisima-concepcion-de-murguia-ii\/","url_meta":{"origin":116984,"position":0},"title":"Celebraci\u00f3n de un centenario: el colegio de la Pur\u00edsima Concepci\u00f3n de Murgu\u00eda (II)","author":"Mitxel Olabu\u00e9naga","date":"02\/12\/2012","format":false,"excerpt":"Estando, pues, ya terminados las obras y casi del todo dispuesta la casa, determin\u00f3 ir \u00e9l mismo a su inauguraci\u00f3n. La ida de las Her\u00admanas destinadas para la fundaci\u00f3n se cuenta as\u00ed, sencillamente, en el Libro del personal de la Casa, que es un simple cuaderno escolar, que lleva por\u2026","rel":"","context":"En \u00abHistoria de las Hijas de la Caridad\u00bb","block_context":{"text":"Historia de las Hijas de la Caridad","link":"https:\/\/vincentians.com\/es\/category\/historia-de-la-familia-vicenciana\/historia-de-las-hijas-de-la-caridad\/"},"img":{"alt_text":"murguia","src":"https:\/\/i0.wp.com\/vicencianos.org\/wp-content\/2012\/12\/murguia1.jpg?resize=350%2C200","width":350,"height":200},"classes":[]},{"id":119274,"url":"https:\/\/vincentians.com\/es\/historia-de-los-paules-en-cuba-capitulo-vi-a\/","url_meta":{"origin":116984,"position":1},"title":"Historia de los Pa\u00fales en Cuba: Cap\u00edtulo VI (A)","author":"Mitxel Olabu\u00e9naga","date":"15\/04\/2013","format":false,"excerpt":"1. Repercusiones de la Guerra de 1895 en las casas de Santiago de Cuba, Matanzas y La Habana. El 15 de febrero de 1898 ocurri\u00f3 un incidente anterior a la guerra hispano- estadounidense, en el cual, una explosi\u00f3n misteriosa hundi\u00f3 el acorazado estadounidense Maine que estaba anclando en la bah\u00eda\u2026","rel":"","context":"En \u00abHistoria de la Congregaci\u00f3n de la Misi\u00f3n\u00bb","block_context":{"text":"Historia de la Congregaci\u00f3n de la Misi\u00f3n","link":"https:\/\/vincentians.com\/es\/category\/historia-de-la-familia-vicenciana\/historia-de-la-congregacion-de-la-mision\/"},"img":{"alt_text":"41747943_95fc4657ec","src":"https:\/\/i0.wp.com\/vicencianos.org\/wp-content\/2013\/02\/41747943_95fc4657ec.jpg?resize=350%2C200","width":350,"height":200},"classes":[]},{"id":387081,"url":"https:\/\/vincentians.com\/es\/la-diaspora-de-la-cm-espanola-tras-las-disoluciones-del-siglo-xix\/","url_meta":{"origin":116984,"position":2},"title":"La di\u00e1spora de la CM espa\u00f1ola tras las disoluciones del siglo XIX","author":"Mitxel Olabu\u00e9naga","date":"29\/02\/2016","format":false,"excerpt":"Introducci\u00f3n El convulso siglo XIX supuso un antes y un despu\u00e9s a la desfasada sociedad espa\u00f1ola. La Iglesia no se qued\u00f3 al margen de los profundos cambios ocurridos y, como no pod\u00eda ser menos, la Congregaci\u00f3n de la Misi\u00f3n sigui\u00f3 los mismos derroteros. En este sentido debemos afirmar que las\u2026","rel":"","context":"En \u00abHistoria de la Congregaci\u00f3n de la Misi\u00f3n en Espa\u00f1a\u00bb","block_context":{"text":"Historia de la Congregaci\u00f3n de la Misi\u00f3n en Espa\u00f1a","link":"https:\/\/vincentians.com\/es\/category\/historia-de-la-familia-vicenciana\/historia-de-la-congregacion-de-la-mision-en-espana\/"},"img":{"alt_text":"LOGO SEMINARIO HISTORIA 2 color","src":"https:\/\/i0.wp.com\/vicencianos.org\/wp-content\/uploads\/2016\/02\/LOGO-SEMINARIO-HISTORIA-2-color-300x300.jpg?resize=350%2C200","width":350,"height":200},"classes":[]},{"id":114080,"url":"https:\/\/vincentians.com\/es\/sor-asuncion-massot\/","url_meta":{"origin":116984,"position":3},"title":"Sor Asunci\u00f3n Massot","author":"Mitxel Olabu\u00e9naga","date":"06\/11\/2012","format":false,"excerpt":"Cuando a los sesenta y nueve a\u00f1os se mira al pasado, interesa ya mu\u00adcho m\u00e1s lo que se espera al otro lado que lo que queda ac\u00e1 abajo. Intere\u00adsan m\u00e1s los amigos idos que los presentes. Pero, al mismo tiempo, se pegan m\u00e1s y m\u00e1s los pocos que quedan todav\u00eda.\u2026","rel":"","context":"En \u00abBiograf\u00edas de Hijas de la Caridad\u00bb","block_context":{"text":"Biograf\u00edas de Hijas de la Caridad","link":"https:\/\/vincentians.com\/es\/category\/la-familia-vicenciana\/biografias-vicencianas\/biografias-de-hijas-de-la-caridad\/"},"img":{"alt_text":"","src":"https:\/\/i0.wp.com\/vincentians.com\/es\/wp-content\/uploads\/sites\/11\/2016\/07\/bio-hc.jpg?fit=1200%2C630&ssl=1&resize=350%2C200","width":350,"height":200,"srcset":"https:\/\/i0.wp.com\/vincentians.com\/es\/wp-content\/uploads\/sites\/11\/2016\/07\/bio-hc.jpg?fit=1200%2C630&ssl=1&resize=350%2C200 1x, https:\/\/i0.wp.com\/vincentians.com\/es\/wp-content\/uploads\/sites\/11\/2016\/07\/bio-hc.jpg?fit=1200%2C630&ssl=1&resize=525%2C300 1.5x, https:\/\/i0.wp.com\/vincentians.com\/es\/wp-content\/uploads\/sites\/11\/2016\/07\/bio-hc.jpg?fit=1200%2C630&ssl=1&resize=700%2C400 2x, https:\/\/i0.wp.com\/vincentians.com\/es\/wp-content\/uploads\/sites\/11\/2016\/07\/bio-hc.jpg?fit=1200%2C630&ssl=1&resize=1050%2C600 3x"},"classes":[]},{"id":387754,"url":"https:\/\/vincentians.com\/es\/la-provincia-espanola-de-las-hijas-de-la-caridad-xxxviii\/","url_meta":{"origin":116984,"position":4},"title":"La Provincia espa\u00f1ola de las Hijas de la Caridad (XXXVIII)","author":"Mitxel Olabu\u00e9naga","date":"13\/08\/2016","format":false,"excerpt":"Durante aquellos a\u00f1os turbulentos 1836\u20111840, s\u00f3lo tres nuevas fundaciones de Hijas de la Caridad pudieron establecerse y fueron las de Toledo, \u00c1vila y Sevilla. En 18 de enero se hizo la escritura de fundaci\u00f3n del Hospital de la Misericordia de Toledo, que dice as\u00ed: \"Certifico que, en el Cabildo celebrado\u2026","rel":"","context":"En \u00abHistoria de las Hijas de la Caridad\u00bb","block_context":{"text":"Historia de las Hijas de la Caridad","link":"https:\/\/vincentians.com\/es\/category\/historia-de-la-familia-vicenciana\/historia-de-las-hijas-de-la-caridad\/"},"img":{"alt_text":"","src":"https:\/\/i0.wp.com\/vincentians.com\/es\/wp-content\/uploads\/sites\/11\/2016\/07\/hijas-caridad-espanya.jpg?fit=1200%2C630&ssl=1&resize=350%2C200","width":350,"height":200,"srcset":"https:\/\/i0.wp.com\/vincentians.com\/es\/wp-content\/uploads\/sites\/11\/2016\/07\/hijas-caridad-espanya.jpg?fit=1200%2C630&ssl=1&resize=350%2C200 1x, https:\/\/i0.wp.com\/vincentians.com\/es\/wp-content\/uploads\/sites\/11\/2016\/07\/hijas-caridad-espanya.jpg?fit=1200%2C630&ssl=1&resize=525%2C300 1.5x, https:\/\/i0.wp.com\/vincentians.com\/es\/wp-content\/uploads\/sites\/11\/2016\/07\/hijas-caridad-espanya.jpg?fit=1200%2C630&ssl=1&resize=700%2C400 2x, https:\/\/i0.wp.com\/vincentians.com\/es\/wp-content\/uploads\/sites\/11\/2016\/07\/hijas-caridad-espanya.jpg?fit=1200%2C630&ssl=1&resize=1050%2C600 3x"},"classes":[]},{"id":124444,"url":"https:\/\/vincentians.com\/es\/historia-de-los-paules-en-cuba-capitulo-xii-d\/","url_meta":{"origin":116984,"position":5},"title":"Historia de los PA\u00daLES en Cuba (CAP\u00cdTULO XII D)","author":"Mitxel Olabu\u00e9naga","date":"21\/05\/2023","format":false,"excerpt":"4. Las Parroquias bajo m\u00ednimos despu\u00e9s del \u00e9xodo. En el a\u00f1o 1966, por ejemplo, y seg\u00fan el Cat\u00e1logo de la Congregaci\u00f3n de la Misi\u00f3n, hab\u00eda solamente 10 Padres Pa\u00fales y un Hermano, que se encontraban repartidos en siete casas de la forma siguiente. Recordemos que en tiempos de bonanza hubo\u2026","rel":"","context":"En \u00abHistoria de la Congregaci\u00f3n de la Misi\u00f3n\u00bb","block_context":{"text":"Historia de la Congregaci\u00f3n de la Misi\u00f3n","link":"https:\/\/vincentians.com\/es\/category\/historia-de-la-familia-vicenciana\/historia-de-la-congregacion-de-la-mision\/"},"img":{"alt_text":"","src":"https:\/\/i0.wp.com\/vincentians.com\/es\/wp-content\/uploads\/sites\/11\/2013\/05\/Cuba-Iglesia-de-La-Milagrosa-La-Habana.png?fit=1200%2C919&ssl=1&resize=350%2C200","width":350,"height":200,"srcset":"https:\/\/i0.wp.com\/vincentians.com\/es\/wp-content\/uploads\/sites\/11\/2013\/05\/Cuba-Iglesia-de-La-Milagrosa-La-Habana.png?fit=1200%2C919&ssl=1&resize=350%2C200 1x, https:\/\/i0.wp.com\/vincentians.com\/es\/wp-content\/uploads\/sites\/11\/2013\/05\/Cuba-Iglesia-de-La-Milagrosa-La-Habana.png?fit=1200%2C919&ssl=1&resize=525%2C300 1.5x, https:\/\/i0.wp.com\/vincentians.com\/es\/wp-content\/uploads\/sites\/11\/2013\/05\/Cuba-Iglesia-de-La-Milagrosa-La-Habana.png?fit=1200%2C919&ssl=1&resize=700%2C400 2x, https:\/\/i0.wp.com\/vincentians.com\/es\/wp-content\/uploads\/sites\/11\/2013\/05\/Cuba-Iglesia-de-La-Milagrosa-La-Habana.png?fit=1200%2C919&ssl=1&resize=1050%2C600 3x"},"classes":[]}],"_links":{"self":[{"href":"https:\/\/vincentians.com\/es\/wp-json\/wp\/v2\/posts\/116984","targetHints":{"allow":["GET"]}}],"collection":[{"href":"https:\/\/vincentians.com\/es\/wp-json\/wp\/v2\/posts"}],"about":[{"href":"https:\/\/vincentians.com\/es\/wp-json\/wp\/v2\/types\/post"}],"author":[{"embeddable":true,"href":"https:\/\/vincentians.com\/es\/wp-json\/wp\/v2\/users\/5"}],"replies":[{"embeddable":true,"href":"https:\/\/vincentians.com\/es\/wp-json\/wp\/v2\/comments?post=116984"}],"version-history":[{"count":1,"href":"https:\/\/vincentians.com\/es\/wp-json\/wp\/v2\/posts\/116984\/revisions"}],"predecessor-version":[{"id":403628,"href":"https:\/\/vincentians.com\/es\/wp-json\/wp\/v2\/posts\/116984\/revisions\/403628"}],"wp:featuredmedia":[{"embeddable":true,"href":"https:\/\/vincentians.com\/es\/wp-json\/wp\/v2\/media\/402667"}],"wp:attachment":[{"href":"https:\/\/vincentians.com\/es\/wp-json\/wp\/v2\/media?parent=116984"}],"wp:term":[{"taxonomy":"category","embeddable":true,"href":"https:\/\/vincentians.com\/es\/wp-json\/wp\/v2\/categories?post=116984"},{"taxonomy":"post_tag","embeddable":true,"href":"https:\/\/vincentians.com\/es\/wp-json\/wp\/v2\/tags?post=116984"}],"curies":[{"name":"wp","href":"https:\/\/api.w.org\/{rel}","templated":true}]}}