{"id":116700,"date":"2018-10-26T08:53:58","date_gmt":"2018-10-26T06:53:58","guid":{"rendered":"http:\/\/somos.vicencianos.org\/?p=116700"},"modified":"2018-10-05T11:25:35","modified_gmt":"2018-10-05T09:25:35","slug":"caridad-en-san-vicente-de-paul","status":"publish","type":"post","link":"https:\/\/vincentians.com\/es\/caridad-en-san-vicente-de-paul\/","title":{"rendered":"Caridad en San Vicente de Pa\u00fal"},"content":{"rendered":"<h2><i>Introducci\u00f3n<\/i><\/h2>\n<p>Hablar de la caridad en Vicente de Pa\u00fal en esta semana de Estudios Vicencianos significa hacer una \u00abrelectura\u00bb de la misma. Esta relectura implica no una simple exposici\u00f3n de lo que dijo e hizo Vicente de Pa\u00fal referente a la caridad, sino un volver a leer su ense\u00f1anza y a interpretar su acci\u00f3n socio-caritativa a la luz de los problemas actuales para descubrir en ellas dimensiones que en su tiempo pudieron pasar desapercibidas.<\/p>\n<p>Al tener que encarnar la inspiraci\u00f3n creadora del decir y del hacer de Vicente de Pa\u00fal referente a la caridad en la situaci\u00f3n actual de la Iglesia, de la vida social y contrastarla con ellas, se hace imprescindible profundizar en su comprensi\u00f3n. S\u00f3lo as\u00ed se podr\u00e1 entender cada vez con mayor hondura y ser\u00e1 posible traducirla con mayor precisi\u00f3n en un lenguaje intelectualmente v\u00e1lido, sociol\u00f3gicamente significativo y eclesialmente prof\u00e9tico para el mundo cultural, social y eclesial de hoy.<\/p>\n<p>Intuyo que algo de esto debi\u00f3 correr por la mente de los organi\u00adzadores de la Semana, al proponerme el enunciado del tema. Sospecho, igualmente, que ustedes esperan de mi intervenci\u00f3n algo parecido. Y, por supuesto, les confieso que esta \u00abrelectura\u00bb ha constituido para mi un aguij\u00f3n a lo largo de la elaboraci\u00f3n de la conferencia.<\/p>\n<h2>I. \u00ab\u00c9sta es mi fe y mi experiencia\u00bb<\/h2>\n<p>Vicente de Pa\u00fal utiliza, en circunstancias muy concretas y com\u00adprometidas, una f\u00f3rmula clara y excesivamente rica: \u00abEsta es mi fe y mi experiencia\u00bb<span id='easy-footnote-1-116700' class='easy-footnote-margin-adjust'><\/span><span class='easy-footnote'><a href='https:\/\/vincentians.com\/es\/caridad-en-san-vicente-de-paul\/#easy-footnote-bottom-1-116700' title='S.V. II, 282; ES II, 237; cf. S.V. I, 69, 78, 116; II, 419, 459; XI, 30, 31, 39; XII, 106; XIII, 620, 681; IX, 104; X, 225-226; cf. ES I, 132, 141, 177; II, 350-351, 386; XI, 723, 724, 732, 409; X, 755, 806-807; CE 170, 1572.'><sup>1<\/sup><\/a><\/span>. No es una frase m\u00e1s. Es una confesi\u00f3n que sale de lo profundo de su ser. Ella nos ilumina, incluso, si permanece en el secreto de su alma, despu\u00e9s de haber clarificado su esp\u00edritu y movi\u00adlizado toda su energ\u00eda vital. A trav\u00e9s del contenido de esta fe y de esta experiencia tendremos alguna posibilidad de descubrir las moti\u00advaciones profundas que orientan sus palabras y sus hechos con relaci\u00f3n a la caridad. Dicho de otra manera, su forma evang\u00e9lica de vivirla en lo m\u00e1s \u00edntimo de \u00e9l mismo y en la conflictividad social y pol\u00edtica de su tiempo.<\/p>\n<p>Cuando se aborda a Vicente de Pa\u00fal, ser\u00eda mejor buscar a un hombre que encontrar a un autor. Sin embargo, cuando se le frecuenta, se descubre que la precisi\u00f3n intelectual no est\u00e1 ausente de \u00e9l<span id='easy-footnote-2-116700' class='easy-footnote-margin-adjust'><\/span><span class='easy-footnote'><a href='https:\/\/vincentians.com\/es\/caridad-en-san-vicente-de-paul\/#easy-footnote-bottom-2-116700' title='\u00abEn la espiritualidad de San Vicente de Pa\u00fal no es coherencia lo que falta\u00bb, se\u00f1ala con precisi\u00f3n P. Deffrennes, &lt;i&gt;La vocation de saint Vicent de Paul: &lt;\/i&gt;Revue d&amp;#8217;Asc\u00e9tique et de Mystique 50 (1932) 182.'><sup>2<\/sup><\/a><\/span>, a\u00fan cuando utilice preferentemente el registro de la sensibilidad y de la emoci\u00f3n, \u00abel arte de ser elocuente\u00bb. Su secretario particular nos declara tranquila e ingenuamente: \u00abSe dice que Vicente de Pa\u00fal no dice m\u00e1s que cosas comunes. Sin embargo, a\u00f1ade \u00e9l, cuando habla de algunos temas, su expresi\u00f3n y su exigencia est\u00e1n muy por encima de lo co\u00adm\u00fan\u00bb<span id='easy-footnote-3-116700' class='easy-footnote-margin-adjust'><\/span><span class='easy-footnote'><a href='https:\/\/vincentians.com\/es\/caridad-en-san-vicente-de-paul\/#easy-footnote-bottom-3-116700' title='S. V. XII, 447, 48; ES XI, 835, 836.'><sup>3<\/sup><\/a><\/span>. Hoy sabemos que lenguaje y pr\u00e1ctica, adem\u00e1s de ser signos de un esp\u00edritu, de una experiencia interior, son la mejor traducci\u00f3n de lo cotidiano. Quien utiliza este lenguaje y requiere semejante exigen\u00adcia, es un hombre que vive y experimenta a trav\u00e9s de todo su ser. Un m\u00edstico de la caridad revela lo m\u00e1s profundo de su existencia a trav\u00e9s de sus consignas, de su estrategia din\u00e1mica. Consignas y estrategias pueden ayudarnos a interpretar el dinamismo de su vida caritativa y a trav\u00e9s de este dinamismo llegar a descubrir la significaci\u00f3n de sus palabras relativas a la caridad. Olvidarlo, ser\u00eda desconocer que Vicente de Pa\u00fal pertenece a la categor\u00eda de hombres cuya vida y pensamiento se gestan y se desarrollan en inter-acci\u00f3n rec\u00edproca. El dato de lo vivido, la circunstancia que lo ocasiona, la experiencia que engendra y prolonga se convierten en fuente fecunda de reflexi\u00f3n y \u00e9sta de comportamiento pr\u00e1ctico. Por ello la.vida, de Vicente de Pa\u00fal se cons\u00adtituye en pauta hermen\u00e9utica de su pensamiento, y su doctrina es la formulaci\u00f3n de su fe y de su experiencia. Ve\u00e1moslo.<\/p>\n<h2>II. Vicente de Pa\u00fal y la caridad<\/h2>\n<p>Cuando se habla de la caridad en Vicente de Pa\u00fal, es menester no separarla de la realidad social de la pobreza y de los pobres, de Dios y de Cristo. Para \u00e9l, caridad, Dios, Jesucristo, pobres y pobreza son cinco realidades que se entremezclan y se clarifican desde el interior. Disociarlas, ser\u00eda impedirse descubrir el significado y el contenido de la caridad, vicencianamente entendida.<\/p>\n<h3><i>1. La experiencia de la pobreza y de los pobres en Vicente de Pa\u00fal<\/i><\/h3>\n<p>La experiencia de la pobreza y de los pobres en Vicente de Pa\u00fal no se puede encerrar en unas cuantas frases por muy pulidas y brillantes que sean. Esta experiencia evolutiva camina al ritmo cambiante de la realidad econ\u00f3mica, financiera, social, pol\u00edtica de su tiempo y de la trayectoria vivencial de su fe. Para caracterizarla, lo menos imperfec\u00adtamente posible, es rigurosamente necesario analizar los momentos claves que se\u00f1alan esta evoluci\u00f3n y a partir de ellos descubrir c\u00f3mo se acelera su ritmo, crece en progresi\u00f3n y aumenta en extensi\u00f3n. He tratado el tema en otros lugares y a ellos me remito de una vez por todas<span id='easy-footnote-4-116700' class='easy-footnote-margin-adjust'><\/span><span class='easy-footnote'><a href='https:\/\/vincentians.com\/es\/caridad-en-san-vicente-de-paul\/#easy-footnote-bottom-4-116700' title='Cf. J. Ib\u00e1\u00f1ez, &lt;i&gt;Vicente de Pa\u00fal y los pobres de su tiempo, &lt;\/i&gt;S\u00edgueme, &lt;i&gt;Salamanca &lt;\/i&gt;1977; &lt;i&gt;Vicente de Pa\u00fal, realismo &lt;\/i&gt;y &lt;i&gt;encarnaci\u00f3n, &lt;\/i&gt;S\u00edgueme, Salamanca 1982, 221-292.'><sup>4<\/sup><\/a><\/span>.<\/p>\n<p>Del an\u00e1lisis de esta experiencia se deduce lo siguiente: La <i>pobreza <\/i>fue para \u00e9l, hasta 1617, el resultado de no saber defenderse en la vida, esto es, atribuible a razones personales. A partir de esta fecha, es\u00adpecialmente desde 1635, la pobreza pasa a ser para \u00e9l una <i>realidad social, <\/i>causada por las crisis agr\u00edcolas, el aumento enorme de las cargas fiscales, la pol\u00edtica de guerra adoptada por el Estado, las re\u00adbeliones populares, la repartici\u00f3n injusta de la tierra, la subida cons\u00adtante de los arrendamientos de la misma, los salarios de miseria per\u00adcibidos por los obreros de la ciudad y los a\u00fan m\u00e1s paup\u00e9rrimos pagados a los jornaleros del campo, es decir, atribuible a la pol\u00edtica de un Gobierno instalado en la guerra y en el despilfarro y a las operaciones financieras de la parte m\u00e1s rica y m\u00e1s fraudulenta de la sociedad.<\/p>\n<p>El resultado del an\u00e1lisis de esta misma experiencia se\u00f1ala, igual\u00admente, algo muy claro: Los <i>pobres <\/i>pasaron para \u00e9l de ser unas miserias ambulantes, que no le merec\u00edan ninguna atenci\u00f3n, a im\u00e1genes al natural de Cristo<span id='easy-footnote-5-116700' class='easy-footnote-margin-adjust'><\/span><span class='easy-footnote'><a href='https:\/\/vincentians.com\/es\/caridad-en-san-vicente-de-paul\/#easy-footnote-bottom-5-116700' title='Cf. S.V. XI, 32; cf. ES XI, 725.'><sup>5<\/sup><\/a><\/span>. Im\u00e1genes que, es necesario se\u00f1alarlo, fueron despiada\u00addamente oprimidas por la pol\u00edtica econ\u00f3mica y social del Estado, tenazmente explotadas por la voracidad financiera de los burgueses y necesariamente mantenidas en la miseria por el \u00abdulce encanto\u00bb de la necesidad de lo superfluo de los grandes y poderosos de la sociedad.<\/p>\n<h4>a) <i>Caridad, pobreza, pobres<\/i><\/h4>\n<p>Vicente de Pa\u00fal jam\u00e1s separa la caridad de la realidad social de la pobreza y de los pobres. De ah\u00ed que al hablar de la caridad vicenciana se\u00f1ale lo siguiente:<\/p>\n<p><i>En primer lugar, <\/i>para comprenderla en su dimensi\u00f3n social, se requiere tener una informaci\u00f3n lo m\u00e1s exacta posible de la pobreza. Vicente de Pa\u00fal fue, sin ning\u00fan g\u00e9nero de duda, el hombre mejor informado en su \u00e9poca de la miseria que invad\u00eda a la mayor\u00eda de sus contempor\u00e1neos. Por eso pudo constatar: \u00abEl pobre pueblo muere de hambre y se condena\u00bb<span id='easy-footnote-6-116700' class='easy-footnote-margin-adjust'><\/span><span class='easy-footnote'><a href='https:\/\/vincentians.com\/es\/caridad-en-san-vicente-de-paul\/#easy-footnote-bottom-6-116700' title='S.V. IV, 458; I, 115; ES IV, 427; I, 176.'><sup>6<\/sup><\/a><\/span>.<\/p>\n<p><i>En segundo lugar, <\/i>para profundizar en ella, es imprescindible, despu\u00e9s de haber realizado el an\u00e1lisis riguroso de la pobreza y de los pobres, adquirir una conciencia social. En Vicente de Pa\u00fal esta con\u00adciencia se agudiz\u00f3 de tal manera, que le llev\u00f3 a hacer suya la situaci\u00f3n de miseria injustamente impuesta a los pobres e injustamente sufrida por ellos. Por eso pudo declarar: \u00abLos pobres que no saben a d\u00f3nde ir ni qu\u00e9 hacer, que sufren y que se multiplican todos los d\u00edas, cons\u00adtituyen mi peso y mi dolor\u00bb<span id='easy-footnote-7-116700' class='easy-footnote-margin-adjust'><\/span><span class='easy-footnote'><a href='https:\/\/vincentians.com\/es\/caridad-en-san-vicente-de-paul\/#easy-footnote-bottom-7-116700' title='Carta de Vicente de Pa\u00fal al padre Alm\u00e9ras: P. Collet, &lt;i&gt;La vie de Saint Vicent de Paul, &lt;\/i&gt;Nancy 1874, 2 vols., I, 479; cf. L. Abelly, &lt;i&gt;La vie du venerable serviteur de Dieu, Vicent de Paul, &lt;\/i&gt;Paris 1664, III, 120.'><sup>7<\/sup><\/a><\/span>.<\/p>\n<p><i>En tercer lugar, <\/i>para hacerla eficaz en todos los frentes donde aparece la miseria, es preciso conocer las causas inmediatas que de\u00adsencadenan la situaci\u00f3n de injusticia que padecen los pobres: \u00ab\u00a1Guerra por todas partes, miseria por todas partes!\u00bb, comenta Vicente de Pa\u00fal en la repetici\u00f3n de oraci\u00f3n del 24 de junio de 1655, cuando la pol\u00edtica belicista y partidista desencadena una miseria atroz en el pueblo<span id='easy-footnote-8-116700' class='easy-footnote-margin-adjust'><\/span><span class='easy-footnote'><a href='https:\/\/vincentians.com\/es\/caridad-en-san-vicente-de-paul\/#easy-footnote-bottom-8-116700' title='S.V. XI, 200; EX XI, 120; cf. S.V. XI, 200-202; cf. ES XI, 120-121.'><sup>8<\/sup><\/a><\/span>.<\/p>\n<p><i>Finalmente, <\/i>para socializarla, es indispensable proponer a los po\u00adderes pol\u00edticos, econ\u00f3micos y sociales, hasta urg\u00edrselo, que utilicen esos poderes para proteger a los grupos m\u00e1s d\u00e9biles de la sociedad y ayudar a salir de la miseria a los que nada o casi nada tienen.<\/p>\n<p>Dif\u00edcilmente se cobrar\u00e1 y se har\u00e1 cobrar esta conciencia a los poderes pol\u00edticos y a las fuerzas sociales, si no se est\u00e1 convencido, como lo estuvo Vicente de Pa\u00fal, de que \u00absomos gerentes y no pro\u00adpietarios de los bienes\u00bb<span id='easy-footnote-9-116700' class='easy-footnote-margin-adjust'><\/span><span class='easy-footnote'><a href='https:\/\/vincentians.com\/es\/caridad-en-san-vicente-de-paul\/#easy-footnote-bottom-9-116700' title='S.V. XI, 30; ES XI, 723.'><sup>9<\/sup><\/a><\/span>. El propietario es Dios. Y, por a\u00f1adidura, ese mismo Dios nos manda que los hagamos fructificar en beneficio de los pobres<span id='easy-footnote-10-116700' class='easy-footnote-margin-adjust'><\/span><span class='easy-footnote'><a href='https:\/\/vincentians.com\/es\/caridad-en-san-vicente-de-paul\/#easy-footnote-bottom-10-116700' title='Cf. S.V. III, 409-410, 253, 523, 524; XI, 30; XIII, 774-778, 782-785, 797\u00ad800, 801; cf. ES III, 373-374, 230, 480. 481; XI, 723-724; X, 918-922, 924-927, 940\u00ad943.'><sup>10<\/sup><\/a><\/span>.<\/p>\n<p>A Vicente de Pa\u00fal, que declar\u00f3 a los misioneros: \u00abSomos culpables de todo lo que sufren los pobres, si no sacrificamos toda nuestra vida para instruirles\u00bb<span id='easy-footnote-11-116700' class='easy-footnote-margin-adjust'><\/span><span class='easy-footnote'><a href='https:\/\/vincentians.com\/es\/caridad-en-san-vicente-de-paul\/#easy-footnote-bottom-11-116700' title='S.V. XI, 202; ES XI, 121.'><sup>11<\/sup><\/a><\/span>, le hubiera agradado haber podido leer en su tiempo, lo que escribi\u00f3 Juan XXIII, el 11 de abril de 1963: \u00abLa experiencia ense\u00f1a que son muchas y muy grandes las diferencias entre los hombres en ciencia, virtud, inteligencia y bienes materiales. Sin embargo, este hecho no puede justificar nunca el prop\u00f3sito de servirse de la supe\u00adrioridad propia para someter de cualquier modo a los dem\u00e1s. Todo lo contrario: esta superioridad implica una obligaci\u00f3n social m\u00e1s grave para ayudar a los dem\u00e1s a que logren, con el esfuerzo com\u00fan, la perfecci\u00f3n propia\u00bb<span id='easy-footnote-12-116700' class='easy-footnote-margin-adjust'><\/span><span class='easy-footnote'><a href='https:\/\/vincentians.com\/es\/caridad-en-san-vicente-de-paul\/#easy-footnote-bottom-12-116700' title='Enc\u00edclica &lt;i&gt;Pacem in terris, &lt;\/i&gt;87.'><sup>12<\/sup><\/a><\/span>.<\/p>\n<p>A este hombre, dotado con un talante financiero y un gran sentido de las realidades econ\u00f3micas, le hubiera contentado haber podido leer en su \u00e9poca, lo que escribi\u00f3 Juan Pablo II, el 30 de diciembre de 1987: \u00abEs necesario recordar, una vez m\u00e1s, aquel principio peculiar de la doctrina cristiana: los bienes de este mundo est\u00e1n <i>originariamente destinados a todos. <\/i>El derecho a la propiedad privada es <i>v\u00e1lido <\/i>y necesario, pero no anula el valor de tal principio. En efecto, sobre ella grava \u00abuna hipoteca social\u00bb, es decir, posee, como cualidad in\u00adtr\u00ednseca, una funci\u00f3n social fundada y justificada precisamente sobre el destino universal de los bienes\u00bb<span id='easy-footnote-13-116700' class='easy-footnote-margin-adjust'><\/span><span class='easy-footnote'><a href='https:\/\/vincentians.com\/es\/caridad-en-san-vicente-de-paul\/#easy-footnote-bottom-13-116700' title='Enc\u00edclica &lt;i&gt;Sollicitudo rei socialis, &lt;\/i&gt;42; cf. GS 69, 71; PP 22; LE 14; CA 6, 30, 31.'><sup>13<\/sup><\/a><\/span>.<\/p>\n<h4>b) <i>Relectura de la caridad vicenciana desde la pobreza <\/i>y <i>los pobres de hoy<\/i><\/h4>\n<p>La \u00abrelectura\u00bb de la caridad en Vicente de Pa\u00fal nos indica, <i>en primer lugar, <\/i>que, para comprender su sentido y objeto, es condici\u00f3n absolutamente necesaria el conocimiento de la realidad, es decir, el VER de las situaciones hist\u00f3ricas. En efecto, al hombre caritativo le interesa analizar y conocer la realidad desde la perspectiva de los mecanismos de justicia e injusticia que operan en ellos. No es un conocimiento puramente descriptivo, sino dirigido por la \u00abfinalidad\u00bb de conocer c\u00f3mo operan en los mecanismos y decisiones adoptados los valores que afectan a la justicia o injusticia social. M\u00e1s a\u00fan, ser\u00e1 necesario conocer el \u00e1mbito de acci\u00f3n discrecional que en los mismos existe, a fin de poder incorporar la racionalidad \u00e9tica y la exigencia moral.<\/p>\n<p><i>El an\u00e1lisis evang\u00e9lico de la realidad <\/i>no ignora que la pobreza y las \u00abestructuras de pecado\u00bb<span id='easy-footnote-14-116700' class='easy-footnote-margin-adjust'><\/span><span class='easy-footnote'><a href='https:\/\/vincentians.com\/es\/caridad-en-san-vicente-de-paul\/#easy-footnote-bottom-14-116700' title='S.R.S. 38, 39, 16.'><sup>14<\/sup><\/a><\/span>, generadoras de injusticia, tienen su ra\u00edz en la cultura dominante, el orden econ\u00f3mico, social y pol\u00edtico, la libertad del hombre y el pecado. Este an\u00e1lisis, que respeta la autonom\u00eda de las ciencias econ\u00f3micas y sociales, busca, m\u00e1s all\u00e1 de un mero an\u00e1lisis cient\u00edfico, discernir los signos de la caridad que har\u00edan presente el Reino de Dios en la sociedad.<\/p>\n<p>La misma \u00abrelectura\u00bb nos descubre, en <i>segundo lugar, <\/i>no s\u00f3lo que el mundo de los empobrecidos y marginados forman parte de la sociedad en general, sino tambi\u00e9n que deben ayudarnos a introducirnos en ella por su l\u00ednea fronteriza o marginal. Esta percepci\u00f3n de la so\u00adciedad y la introducci\u00f3n en ella, desde sus m\u00e1rgenes, son sumamente clarificadoras para comprender el sentido vicenciano de la caridad, ya que nos, hacen cobrar conciencia de que los pobres son el subproducto de la sociedad de la que formamos parte.<\/p>\n<p><i>Finalmente, <\/i>la \u00abrelectura\u00bb de la caridad en Vicente de Pa\u00fal nos manifiesta algo muy claro: No se puede comprender la caridad social ni ejercerla en todas sus dimensiones si, al mismo tiempo, no se hace una lectura de las causas sociales y pol\u00edticas que producen la pobreza y los pobres.<\/p>\n<p>La pobreza del mundo de hoy, adem\u00e1s de nutrirse de decisiones concretas en las que la intervenci\u00f3n de los hombres desde el poder econ\u00f3mico, social y pol\u00edtico resulta decisiva, es fundamentalmente estructural, motivada por un reparto inadecuado de la riqueza y por la desigualdad de oportunidades. Es un asunto de justicia e injusticia y los pobres son personas que est\u00e1n sufriendo una gran injusticia. Necesitamos todos ser muy conscientes de ello.<\/p>\n<p>Lo nuevo, lo determinante hoy, es que la pobreza y la marginaci\u00f3n han llegado a ser para muchos una \u00ablacra social\u00bb, \u00e9ticamente inacep\u00adtable y pol\u00edticamente inadmisible. De ser, como en tiempo de Vicente de Pa\u00fal, un fen\u00f3meno \u00abnatural\u00bb sin remedio y sin soluci\u00f3n, la pobreza y la marginaci\u00f3n se convierten autom\u00e1ticamente en mala conciencia que reclama encontrar respuestas solidarias y colectivas en el \u00e1mbito local, regional, nacional e internacional. Pobreza y marginaci\u00f3n ex\u00adpresan con autonom\u00eda incomparable la irracionalidad de, un sistema pretendidamente social y de bienestar. Tambi\u00e9n con las nuevas formas de pobreza ocurre como con la pobreza del siglo XVII: que se des\u00adpliegan en un conjunto complejo de fen\u00f3menos que dan como resultado una efectiva exclusi\u00f3n social.<\/p>\n<p>Nuestra insistencia en estos datos quiere testimoniar una vez m\u00e1s que la <i>pobreza <\/i>es una <i>situaci\u00f3n estructural, <\/i>es decir, que hay que hacer una lectura socio-pol\u00edtica de la pobreza. Nuestra sociedad, como toda sociedad, es una m\u00e1quina de fabricar pobres. La nuestra produce los suyos, los llamados \u00abnuevos pobres\u00bb. Mucha gente no acaba de enterarse.<\/p>\n<p>Atribuir la pobreza a razones personales de quien la padece: de\u00adsinter\u00e9s, incultura, enfermedad, conlleva ejercer la caridad en unas \u00abrelaciones cortas\u00bb, de persona a persona, y, en consecuencia, a re\u00adducirla a su dimensi\u00f3n asistencial. Atribuir la pobreza a causas socia\u00adles, implica, por el contrario, ejercer la caridad en unas \u00abrelaciones largas\u00bb y, en consecuencia, abrirla a su dimensi\u00f3n social y pol\u00edtica. As\u00ed, pues, no se puede comprender la caridad, vicencianamente en\u00adtendida, ni ejercerla en todas sus dimensiones si, al mismo tiempo, no se hace una lectura socio-pol\u00edtica de la pobreza.<\/p>\n<h3>2. <i>La experiencia de Dios y de Cristo en Vicente de Pa\u00fal<\/i><\/h3>\n<p>La revelaci\u00f3n b\u00edblica, cuya plenitud es Jesucristo, nos habla no tanto de Dios en s\u00ed mismo cuanto de su proyecto en favor nuestro. El Dios de la revelaci\u00f3n se hace presente en los combates en favor del hombre. As\u00ed sucedi\u00f3 desde que Mois\u00e9s encontrase a Dios en la libe\u00adraci\u00f3n de su pueblo (EX 3, 7-10). Y sigue siendo verdad todav\u00eda hoy. Es el mensaje central del Evangelio, que nos ofrece la verdad de Dios en su relaci\u00f3n con la historia humana y el camino que la Iglesia debe emprender para conseguir su vida plena.<\/p>\n<p>Lo m\u00e1s \u00edntimo y aut\u00e9ntico de la experiencia b\u00edblica de Dios se encuentra en la frase de Juan: \u00abDios es amor\u00bb (1 Jn 4, 8). La afir\u00admaci\u00f3n, adem\u00e1s de querer expresar el ser de Dios, equivale a implantar en el amor toda su relaci\u00f3n con el hombre. Por eso el mismo Juan escribe un poco m\u00e1s adelante: \u00abNosotros hemos conocido y cre\u00eddo el amor que Dios nos tiene. Dios es amor, y el que permanece en el amor permanece en Dios y Dios en \u00e9l\u00bb (1 Jn 4, 16). \u00abEl amor, comenta Torres Queiruga, se ha colocado en el centro mismo de la relaci\u00f3n, convirti\u00e9ndose en criterio \u00faltimo y definitivo en ambas direcciones.<\/p>\n<p>No hay m\u00e1s Dios que el Dios que ama, y no hay m\u00e1s hombre aut\u00e9ntico que el que se sit\u00faa en ese amor y permanece en \u00e9l como en una morada de donde saca fuerza, vida y sentido\u00bb<span id='easy-footnote-15-116700' class='easy-footnote-margin-adjust'><\/span><span class='easy-footnote'><a href='https:\/\/vincentians.com\/es\/caridad-en-san-vicente-de-paul\/#easy-footnote-bottom-15-116700' title='A. Torres Queiruga, &lt;i&gt;La caridad, dimensi\u00f3n esencial de la vida cristiana: &lt;\/i&gt;Co\u00adrintios XIII 33 (1985) 10-11.'><sup>15<\/sup><\/a><\/span>. Para el cristiano el centro din\u00e1mico, desde el que se organiza su inteligibilidad y se coordinan todos sus datos y manifestaciones, es el amor<span id='easy-footnote-16-116700' class='easy-footnote-margin-adjust'><\/span><span class='easy-footnote'><a href='https:\/\/vincentians.com\/es\/caridad-en-san-vicente-de-paul\/#easy-footnote-bottom-16-116700' title='Cf. Id., &lt;i&gt;El amor, principio del cristianismo: &lt;\/i&gt;Corintios XIII 6 (1978) 1-55.'><sup>16<\/sup><\/a><\/span>.<\/p>\n<p>Afirmar que \u00abDios es amor\u00bb equivale a decir que: Dios escucha el clamor de los pobres y se siente solidario con \u00e9l (EX 3, 7-10. 12; 20, 2; Dt 26, 5-9). Dios defiende a los pobres y les hace justicia (EX 6, 6-7; Jer 9, 23; Os 10, 12; Sal 146, 7-9) Dios, en Jes\u00fas de Nazaret, opta preferentemente por los pobres (Lc 4, 18-20; 6, 20; 7, 18-23). Lo que est\u00e1 en juego, realmente, en el contenido de estos enunciados<span id='easy-footnote-17-116700' class='easy-footnote-margin-adjust'><\/span><span class='easy-footnote'><a href='https:\/\/vincentians.com\/es\/caridad-en-san-vicente-de-paul\/#easy-footnote-bottom-17-116700' title='Cf. J. M.\u00aa Ib\u00e1\u00f1ez, &lt;i&gt;La fe verificada en el amor, &lt;\/i&gt;Paulinas, Madrid 1993, pp. 116\u00ad124.'><sup>17<\/sup><\/a><\/span>, es la idea que nos hacemos de Dios. Y el Dios de Jesucristo, es un Dios que se caracteriza por su predilecci\u00f3n por los pobres, los des\u00advalidos. Un Dios que hace siempre justicia a los pobres, porque su amor es <i>oblativo <\/i>(Rom 5, 8. 10; Mc 2, 17), necesariamente <i>universal <\/i>(Gal 3, 28; Mt 5, 43-48) y si se atreve a hacer alguna acepci\u00f3n de personas ser\u00e1 siempre a favor de los que la sociedad desprecia: los pobres (Lc 6, 20) y los pecadores (Mt 9, 10-13). Las cosas son as\u00ed por el hecho de que la justicia y el amor est\u00e1n \u00edntimamente vinculados al centro del misterio del Dios revelado.<\/p>\n<h4>A) <i>La experiencia de Dios en Vicente de Pa\u00fal<\/i><\/h4>\n<p>La experiencia humano-cristiana de Vicente de Pa\u00fal surge y se alimenta de un encuentro fuerte con Dios y con Cristo en el mundo de los pobres<span id='easy-footnote-18-116700' class='easy-footnote-margin-adjust'><\/span><span class='easy-footnote'><a href='https:\/\/vincentians.com\/es\/caridad-en-san-vicente-de-paul\/#easy-footnote-bottom-18-116700' title='Cf. Id., 29-69.'><sup>18<\/sup><\/a><\/span>. De ah\u00ed que en la larga trayectoria de la experiencia de fe del fundador de la Congregaci\u00f3n de la Misi\u00f3n y de las Hijas de la Caridad se encuentren continuamente interrelacionados el Dios de los pobres y los pobres de Dios. Es obvio, entonces, que Vicente de Pa\u00fal declare con sencillez: \u00abDios no ama m\u00e1s que la caridad\u00bb<span id='easy-footnote-19-116700' class='easy-footnote-margin-adjust'><\/span><span class='easy-footnote'><a href='https:\/\/vincentians.com\/es\/caridad-en-san-vicente-de-paul\/#easy-footnote-bottom-19-116700' title='S.V. X, 531; CE 2054.'><sup>19<\/sup><\/a><\/span>. La frase significa que Dios se rige por el principio-caridad. En esta misma l\u00ednea de pensamiento confiesa con precisi\u00f3n: \u00abLa perfecci\u00f3n se en\u00adcuentra en la caridad\u00bb<span id='easy-footnote-20-116700' class='easy-footnote-margin-adjust'><\/span><span class='easy-footnote'><a href='https:\/\/vincentians.com\/es\/caridad-en-san-vicente-de-paul\/#easy-footnote-bottom-20-116700' title='S.V. VII, 382; ES VII, 326.'><sup>20<\/sup><\/a><\/span>. La afirmaci\u00f3n equivale a decir que el hombre aut\u00e9ntico se rige por el mismo principio-caridad. En ambas frases nos transmite que su experiencia de fe coincide con la experiencia b\u00edblica de Dios, de la que hemos hablado anteriormente. Veamos ahora que el Dios, de quien vive y habla Vicente de Pa\u00fal, no se puede, separar de la caridad y de los pobres.<\/p>\n<p>a) <i>\u00abEl esp\u00edritu de Dios es un esp\u00edritu de amor, de caridad\u00bb<\/i><\/p>\n<p>Lo que caracteriza al esp\u00edritu de Dios en la experiencia de fe de Vicente de Pa\u00fal, es un esp\u00edritu de amor, de caridad: \u00abQuiera la bondad de Dios, mis querid\u00edsimas hijas, repartiros en abundancia su esp\u00edritu, que es solamente un esp\u00edritu de amor, de mansedumbre, de suavidad y de caridad\u00bb<span id='easy-footnote-21-116700' class='easy-footnote-margin-adjust'><\/span><span class='easy-footnote'><a href='https:\/\/vincentians.com\/es\/caridad-en-san-vicente-de-paul\/#easy-footnote-bottom-21-116700' title='S.V. IX, 279; CE 456.'><sup>21<\/sup><\/a><\/span>. Afirmar que el esp\u00edritu de Dios es amor, equivale a decir que es don. Por eso se da a los hombres. M\u00e1s a\u00fan, al entregar a su Hijo a la muerte por nosotros, Dios nos muestra que es amor para nosotros (Rom 5, 8) y, adem\u00e1s, que podemos amar con el amor que El nos da (Jn 13, 34).<\/p>\n<p>El amor en su plenitud consiste en amar a Dios en el hombre y al hombre en Dios (1 Jn 4, 20-21). Desde esta convicci\u00f3n se comprende mejor lo que dice Vicente de Pa\u00fal: \u00abSi tenemos amor, hemos de demostrarlo llevando a los hombres a que amen a Dios y al pr\u00f3jimo, a que amen al pr\u00f3jimo por Dios y a Dios por el pr\u00f3jimo\u00bb<span id='easy-footnote-22-116700' class='easy-footnote-margin-adjust'><\/span><span class='easy-footnote'><a href='https:\/\/vincentians.com\/es\/caridad-en-san-vicente-de-paul\/#easy-footnote-bottom-22-116700' title='S.V. XII, 262; ES XI, 553.'><sup>22<\/sup><\/a><\/span>. Y a\u00f1ade: \u00abHe de amar a mi pr\u00f3jimo, como imagen de Dios y objeto de su amor, y obrar de manera que a su vez los hombres amen a su Creador, que les conoce y reconoce como hermanos, que les ha salvado, para que con una caridad mutua tambi\u00e9n ellos se amen entre s\u00ed por amor de Dios, que les ha amado hasta el punto de entregar por ellos a la muerte a su propio Hijo\u00bb<span id='easy-footnote-23-116700' class='easy-footnote-margin-adjust'><\/span><span class='easy-footnote'><a href='https:\/\/vincentians.com\/es\/caridad-en-san-vicente-de-paul\/#easy-footnote-bottom-23-116700' title='S.V. XII, 262-263; ES XI, 553-554.'><sup>23<\/sup><\/a><\/span>.<\/p>\n<p>As\u00ed, pues, es el <i>amor de Dios <\/i>el que da sentido a la acci\u00f3n de ese mismo Dios en el hombre. Por eso no hay m\u00e1s que un amor: el realizado por Dios en Cristo para liberar al hombre de todo lo que le oprime y salvarle por la caridad, hecha servicio.<\/p>\n<p>b) <i>\u00abDios es un abismo de ternura\u00bb<\/i><\/p>\n<p>Vivir el amor a Dios en el hombre y el amor al hombre en Dios no tiene otro sentido para Vicente de Pa\u00fal m\u00e1s que \u00abbuscar y realizar el reino de Dios\u00bb<span id='easy-footnote-24-116700' class='easy-footnote-margin-adjust'><\/span><span class='easy-footnote'><a href='https:\/\/vincentians.com\/es\/caridad-en-san-vicente-de-paul\/#easy-footnote-bottom-24-116700' title='S.V. XII, 139; ES XI, 434.'><sup>24<\/sup><\/a><\/span>, es decir, hacer la voluntad de Dios. Una voluntad que hace experimentar, a quien la realiza, el contraste con lo que se opone a ella: marginaci\u00f3n, opresi\u00f3n y muerte para los pobres<span id='easy-footnote-25-116700' class='easy-footnote-margin-adjust'><\/span><span class='easy-footnote'><a href='https:\/\/vincentians.com\/es\/caridad-en-san-vicente-de-paul\/#easy-footnote-bottom-25-116700' title='Cf. S.V. XI, 315; X, 549, 581; cf. ES XI, 209-210; CE 2077, 2140.'><sup>25<\/sup><\/a><\/span>. Ello equivale para los vicencianos no s\u00f3lo a manifestar lo que Dios quiere de ellos en tal momento cr\u00edtico, sino a comprometerse en cualquiera de las encrucijadas donde se juega el ser y el porvenir del hombre. M\u00e1s a\u00fan, equivale a declarar y prometer que Dios <i>juega <\/i>en ese mo\u00admento decisivo a favor del pobre, del marginado. Por eso los vicen\u00adcianos que leen la voluntad de Dios en la historia asumen la <i>\u00e9tica <\/i>desde la <i>ternura de Dios <\/i>y aportan esperanza transcendente y liberaci\u00f3n concreta a aquellos \u00abpredilectos de Dios\u00bb que son ciertamente los pobres, los desechados del mundo<span id='easy-footnote-26-116700' class='easy-footnote-margin-adjust'><\/span><span class='easy-footnote'><a href='https:\/\/vincentians.com\/es\/caridad-en-san-vicente-de-paul\/#easy-footnote-bottom-26-116700' title='Cf. S.V. XI, 392-393; X, 127-128, 512-513, 557, 666; cf. ES XI, 273; CE 1398, 2014, 2092, 2278.'><sup>26<\/sup><\/a><\/span>.<\/p>\n<p>El mundo conoce el amor de Dios, cuando alguien evita que se pierdan aquellos a quienes la sociedad margina u oprime<span id='easy-footnote-27-116700' class='easy-footnote-margin-adjust'><\/span><span class='easy-footnote'><a href='https:\/\/vincentians.com\/es\/caridad-en-san-vicente-de-paul\/#easy-footnote-bottom-27-116700' title='Cf. S.V. XI, 202; ES XI, 121.'><sup>27<\/sup><\/a><\/span>. Los con\u00adtinuadores de Vicente de Pa\u00fal, que hacen la lectura creyente del acon\u00adtecer hist\u00f3rico, no s\u00f3lo descifran sino que realizan la voluntad de Dios a trav\u00e9s de la caridad que ejercen a favor de los m\u00e1s pobres de esos hombres. Y ello porque el amor de Dios se hace universal \u2014para todos los hombres\u2014 a partir de lo d\u00e9bil y maltrecho del mundo. Por eso, el amor a los pobres, expresi\u00f3n de la voluntad de Dios, establece a los vicencianos en uni\u00f3n con Dios. Con un Dios que favorece a los pobres. Todo esto tiene su fundamento en que para Vicente de Pa\u00fal \u00abDios es un abismo de ternura\u00bb<span id='easy-footnote-28-116700' class='easy-footnote-margin-adjust'><\/span><span class='easy-footnote'><a href='https:\/\/vincentians.com\/es\/caridad-en-san-vicente-de-paul\/#easy-footnote-bottom-28-116700' title='S.V. XII, 110; ES XI, 412.'><sup>28<\/sup><\/a><\/span>, o lo que es lo mismo, Dios se rige por el principio-misericordia.<\/p>\n<p>c) <i>\u00abDios es el protector de los pobres\u00bb<\/i><\/p>\n<p>En la trayectoria de la experiencia de fe de Vicente de Pa\u00fal aparece con claridad la parcialidad de Dios por los desvalidos: \u00abDios se llena de compasi\u00f3n por los pobres, al verlos abandonados en manos de personas que no tienen piedad de ellos\u00bb<span id='easy-footnote-29-116700' class='easy-footnote-margin-adjust'><\/span><span class='easy-footnote'><a href='https:\/\/vincentians.com\/es\/caridad-en-san-vicente-de-paul\/#easy-footnote-bottom-29-116700' title='S. V. X, 125; CE 1394.'><sup>29<\/sup><\/a><\/span>. Ante la situaci\u00f3n inhumana, en la que se encuentran los desheredados, Dios-amor-misericordioso se hace su defensor a trav\u00e9s de la justicia interhumana. Desde esta experiencia de fe se comprende que su fundador diga confidencial\u00admente a las Hijas de la Caridad: \u00abEs Dios el que os ha encomendado el cuidado de sus pobres y ten\u00e9is que comportaros con ellos con su mismo esp\u00edritu, compadeciendo sus miserias y sinti\u00e9ndolas en vosotras mismas en la medida de lo posible, como aquel que dec\u00eda: &#8216;Yo soy perseguido con los perseguidos, maldito con los malditos, esclavo con los esclavos, afligido con los afligidos y enfermo con los enfermos&#8217; (1 Cor 9, 19-22)\u00bb<span id='easy-footnote-30-116700' class='easy-footnote-margin-adjust'><\/span><span class='easy-footnote'><a href='https:\/\/vincentians.com\/es\/caridad-en-san-vicente-de-paul\/#easy-footnote-bottom-30-116700' title='S.V. X, 127; CE 1398.'><sup>30<\/sup><\/a><\/span>.<\/p>\n<p>En la misma l\u00ednea de pensamiento Vicente de Pa\u00fal aduce ante los misioneros la raz\u00f3n primordial de la opci\u00f3n preferencial de Dios por los pobres: su predilecci\u00f3n por ellos. Escuch\u00e9mosle: \u00abDios ama a los pobres y, en consecuencia, ama a quienes aman a los pobres, porque, cuando se quiere a alguien, se tiene afecto por sus amigos .y servidores. Pero la peque\u00f1a Compa\u00f1\u00eda de la Misi\u00f3n trata de ocuparse con afecto de servir a los pobres, que son los predilectos de Dios, y de esta manera tenemos motivos de esperar que por amor a ellos, Dios nos amar\u00e1. Vayamos, pues, hermanos m\u00edos, y dediqu\u00e9monos con nuevo amor a servir a los pobres, e incluso busquemos a los m\u00e1s pobres y a los m\u00e1s abandonados; reconozcamos delante de Dios que son nuestros se\u00f1ores y maestros y que somos indignos de ofrecerles nuestros pe\u00adque\u00f1os servicios\u00bb<span id='easy-footnote-31-116700' class='easy-footnote-margin-adjust'><\/span><span class='easy-footnote'><a href='https:\/\/vincentians.com\/es\/caridad-en-san-vicente-de-paul\/#easy-footnote-bottom-31-116700' title='S.V. XI, 392-393; ES XI, 273.'><sup>31<\/sup><\/a><\/span>.<\/p>\n<p>El verdadero alcance de estas declaraciones lo descubrimos, cuan\u00addo somos conscientes de que los pobres, ayer como hoy, son los que pagan, a causa del ego\u00edsmo de otros hombres y de las estructuras sociales injustas, las consecuencias de la no realizaci\u00f3n del plan amo\u00adroso de Dios en beneficio de todos los hombres.<\/p>\n<p>La predilecci\u00f3n y parcialidad de Dios por los que sufren pobreza y marginaci\u00f3n se precisan a\u00fan m\u00e1s y se hacen m\u00e1s incisivas, cuando Vicente de Pa\u00fal comunica a las Hijas de la Caridad: \u00ab\u00bfSab\u00e9is, her\u00admanas m\u00edas, que me he enterado que esas pobres gentes est\u00e1n muy agradecidas a la gracia que Dios les ha hecho y, al ver que se va a asistirles y que esas hermanas no tienen m\u00e1s inter\u00e9s en ello que el amor de Dios, dicen que se dan cuenta entonces que Dios es el protector de los pobres? \u00a1Ved qu\u00e9 hermoso es ayudar a esas pobres gentes a reconocer la bondad de Dios! Pues comprenden perfectamente que es \u00e9l quien las mueve a hacer ese servicio. Y entonces conciben elevados pensamientos de piedad y dicen: \u00a1 &#8216;Dios m\u00edo, ahora nos damos cuenta de que es cierto lo que tantas veces hemos o\u00eddo predicar, que te acuerdas de todos los que necesitan socorro y que no abandonas nunca a una persona que est\u00e1 en peligro, puesto que cuidas a unos pobres miserables que han ofendido tanto a tu bondad!&#8217;. He sabido incluso por personas que fueron atendidas por nuestras hermanas, y por medio de otras muchas que se sent\u00edan muy edificadas al ver c\u00f3mo esas hermanas se preocupaban de visitarles, reconociendo en ello la divina bondad y vi\u00e9ndose obligadas a alabarle y darle gracias. S\u00ed, hermanas m\u00edas, las personas que os ven y aquellas a quienes asist\u00edais alaban a Dios y con raz\u00f3n\u00bb<span id='easy-footnote-32-116700' class='easy-footnote-margin-adjust'><\/span><span class='easy-footnote'><a href='https:\/\/vincentians.com\/es\/caridad-en-san-vicente-de-paul\/#easy-footnote-bottom-32-116700' title='S.V. X, 512-513; CE 2024; cf. S.V. X, 557, 666; cf. CE 2092, 2278.'><sup>32<\/sup><\/a><\/span>.<\/p>\n<p>El lugar de la inspiraci\u00f3n de este Dios, defensor de los pobres, y de esta caridad en favor de los necesitados, Vicente de Pa\u00fal lo en\u00adcuentra en Isa\u00edas. El mismo nos lo cuenta, cuando afirma: \u00abCada vez, desde hace veinte a\u00f1os, que leo el cap\u00edtulo 58 de Isa\u00edas, me siento profundamente perturbado\u00bb<span id='easy-footnote-33-116700' class='easy-footnote-margin-adjust'><\/span><span class='easy-footnote'><a href='https:\/\/vincentians.com\/es\/caridad-en-san-vicente-de-paul\/#easy-footnote-bottom-33-116700' title='S.V. XII, 156; ES XI, 450.'><sup>33<\/sup><\/a><\/span>, aguijoneado por un Dios que manda \u00abclamar a voz en grito\u00bb a su profeta:<\/p>\n<p style=\"padding-left: 30px\">\u00abEl ayuno que yo quiero es<br \/>\n\u2014or\u00e1culo de Yahv\u00e9 \u2014<br \/>\ndesatar los lazos de maldad,<br \/>\ndeshacer las coyundas del yugo,<br \/>\ndar libertad a los quebrantados<br \/>\ny arrancar todo yugo.<br \/>\nPartir al hambriento el pan,<br \/>\ny a los pobres sin hogar recibir en tu casa.<br \/>\nQue cuando veas un desnudo lo cubras<br \/>\ny de tu semejanza no te apartes\u00bb<br \/>\n(Is 58, 6-7).<\/p>\n<p>El servicio de las Hijas de la Caridad, que \u00abhace presente la bondad de Dios ante los pobres\u00bb<span id='easy-footnote-34-116700' class='easy-footnote-margin-adjust'><\/span><span class='easy-footnote'><a href='https:\/\/vincentians.com\/es\/caridad-en-san-vicente-de-paul\/#easy-footnote-bottom-34-116700' title='S.V. X, 332; CE 1759; cf. S.V. X, 512, 557; cf. CE 2024, 2092.'><sup>34<\/sup><\/a><\/span>, verifica entre nosotros que Dios es el protector, el defensor de los empobrecidos, explotados y desechados del mundo.<\/p>\n<p>Queda claro, pues, que un Dios separado de la caridad y de los pobres es cualquier cosa menos el Dios vivido y anunciado por Vicente de Pa\u00fal.<\/p>\n<h4>B) <i>La experiencia de Cristo en Vicente de Pa\u00fal<\/i><\/h4>\n<p>Dirijimos ahora nuestra mirada al Cristo vicenciano y descubri\u00adremos que en la experiencia de fe de Vicente de Pa\u00fal aparecen rela\u00adcionados desde el interior Cristo-caridad-pobres, pobres-caridad-Cris\u00adto. Esta interrelaci\u00f3n significa que al Hijo de Dios no se le puede disociar de la caridad y de los pobres. Ve\u00e1moslo.<\/p>\n<p>a) <i>\u00abEl esp\u00edritu de nuestro Se\u00f1or es un esp\u00edritu de caridad perfecta\u00bb<\/i><\/p>\n<p><i>Para <\/i>llegar a descubrir la fisonom\u00eda del Cristo vicenciano, es ne\u00adcesario referirse al movimiento de la encarnaci\u00f3n. Este Mes\u00edas es Dios encarnado en la historia. Por esta encarnaci\u00f3n, a trav\u00e9s de este mo\u00advimiento de <i>anonadamiento, <\/i>Jesucristo es un ser hist\u00f3rico, enviado por el Padre para realizar su voluntad, que es una voluntad de servicio al hombre.<\/p>\n<p>En el centro de la cristolog\u00eda de Vicente de Pa\u00fal aparece un Cristo-Amor, que pretende ser el Hijo de Dios-Amor. Este Cristo se carac\u00adteriza por un \u00abesp\u00edritu de caridad perfecta\u00bb, que se traduce en una actitud fundamental de dependencia y amor en relaci\u00f3n al Padre. Es\u00adcuchemos a Vicente de Pa\u00fal: \u00ab\u00bfQu\u00e9 es el esp\u00edritu de nuestro Se\u00f1or? Es un esp\u00edritu de caridad perfecta, lleno de una estima maravillosa a la divinidad y de un deseo infinito de honrarla dignamente, un co\u00adnocimiento de las grandezas del Padre, para admirarlas y ensalzarlas incesantemente. Jesucristo ten\u00eda de \u00e9l una estima tan alta que le rend\u00eda homenaje en todas las cosas que hab\u00eda en su sagrada persona y en todo lo que hac\u00eda; se lo atribu\u00eda todo a \u00e9l; no quer\u00eda decir que fuese suya su doctrina, sino que la refer\u00eda a su Padre: <i>Doctrina mea non est mea, sed ejus qui misit me Patris <\/i>(Jn 7, 16). \u00bfHay una estima tan elevada como la del Hijo, que es igual al Padre, pero que reconoce al Padre como \u00fanico autor y principio de todo el bien que hay en \u00e9l? Y su amor, \u00bfc\u00f3mo era? \u00a1Oh, qu\u00e9 amor! \u00a1Salvador m\u00edo, cu\u00e1n grande era el amor que ten\u00edas a tu Padre! \u00bfPodr\u00eda acaso tener un amor m\u00e1s grande, hermanos m\u00edos, que anonadarse por \u00e9l? Pues San Pablo, al hablar del nacimiento del Hijo de Dios en la tierra, dice que se anonad\u00f3. \u00bfPodr\u00eda testimoniar un amor mayor que muriendo por su amor de la forma en que lo hizo? \u00a1Oh, amor de mi Salvador! \u00a1Oh, amor! \u00a1Tu eres incomparablemente m\u00e1s grande que cuanto los \u00e1ngeles pudieron comprender y comprender\u00e1n jam\u00e1s: (&#8230;). Sus humillaciones no eran m\u00e1s que amor; su trabajo era amor, sus sufrimientos, amor, sus ora\u00adciones, amor, y todas sus operaciones exteriores e interiores no eran m\u00e1s que actos repetidos de su amor. Su amor le dio un gran desprecio del mundo, desprecio del esp\u00edritu del mundo, desprecio de los bienes, desprecio de los placeres y desprecio de los honores\u00bb<span id='easy-footnote-35-116700' class='easy-footnote-margin-adjust'><\/span><span class='easy-footnote'><a href='https:\/\/vincentians.com\/es\/caridad-en-san-vicente-de-paul\/#easy-footnote-bottom-35-116700' title='S.V. XII 108-109; ES XI, 411-412.'><sup>35<\/sup><\/a><\/span>.<\/p>\n<p>El \u00abesp\u00edritu de caridad perfecta\u00bb de Cristo se manifiesta, igual\u00admente, en un \u00abanonadamiento\u00bb de amor fiel y misericordioso con relaci\u00f3n a los hombres. Dejemos, una vez m\u00e1s, la palabra a Vicente de Pa\u00fal: \u00abMiremos al Hijo de Dios: \u00a1qu\u00e9 coraz\u00f3n tan caritativo! \u00a1Qu\u00e9 llama de amor! Jes\u00fas m\u00edo, dinos por favor, \u00bfqu\u00e9 es lo que te ha sacado del cielo para venir a sufrir la maldici\u00f3n de la tierra y todas las persecuciones y tormentos que has recibido? \u00a1Oh Salvador! \u00a1Fuente del amor humillado hasta nosotros y hasta llegar a sufrir un suplicio infame por nosotros! \u00bfQui\u00e9n ha amado en esto al pr\u00f3jimo m\u00e1s que t\u00fa? Viniste a exponerte a todas nuestras miserias, a tomar la forma de pecador, a llevar una vida de sufrimiento y a padecer por nosotros una muerte ignominiosa; \u00bfhay amor semejante? S\u00f3lo nuestro Se\u00f1or ha podido dejarse arrastrar por el amor a las criaturas hasta dejar el trono de su Padre para venir a tomar un cuerpo sujeto a las debilidades. \u00bfY para qu\u00e9? Para establecer entre nosotros, por su ejemplo y su palabra, la caridad para con el pr\u00f3jimo. Este amor fue el que le crucific\u00f3 y el que hizo esta obra admirable de nuestra redenci\u00f3n. Si tuvi\u00e9ramos un poco de ese amor, \u00bfnos quedar\u00edamos con los brazos cruzados? \u00bfDe\u00adjar\u00edamos morir a todos los que podr\u00edamos asistir? No, la caridad no puede permanecer ociosa, sino que nos mueve a la salvaci\u00f3n de los dem\u00e1s y a su ayuda\u00bb<span id='easy-footnote-36-116700' class='easy-footnote-margin-adjust'><\/span><span class='easy-footnote'><a href='https:\/\/vincentians.com\/es\/caridad-en-san-vicente-de-paul\/#easy-footnote-bottom-36-116700' title='S.V. XII, 264-265; &lt;i&gt;ES &lt;\/i&gt;XI, 555.'><sup>36<\/sup><\/a><\/span>.<\/p>\n<p>Seg\u00fan estos textos, el Jes\u00fas de Vicente de Pa\u00fal tiene un \u00abcoraz\u00f3n tan caritativo\u00bb que le lleva a entrar en el padecimiento del hombre. Semejante padecimiento le conduce al \u00abanonadamiento\u00bb de la encar\u00adnaci\u00f3n y de la muerte. Pero este anonadamiento expresa hasta donde le conduce su amor solidario con el desvalimiento y el sufrimiento de los hombres. Su pasi\u00f3n por el hombre, por el pobre, la vive desde la caridad y la humildad y esta pasi\u00f3n le lleva a dar su vida por ellos. En el esp\u00edritu, vida y misi\u00f3n de Jes\u00fas, tal y como Vicente lo expe\u00adrimenta, no hay m\u00e1s l\u00edmites en el amor a los hombres que el que impone la entrega de la propia vida en favor de ellos.<\/p>\n<p>El amor al hombre no es, entonces, una pasi\u00f3n in\u00fatil. \u00abEstar enamorado del amor a las criaturas\u00bb no es un \u00abpasatiempo\u00bb pascaliano del esp\u00edritu sino que implica hacer propia la situaci\u00f3n de pobreza de los dem\u00e1s, reaccionar contra ella y contra las causas que la provocan hasta sacar a los que se encuentran inmersos en ella. Un amor as\u00ed no solamente no evade del amor a Dios sino que conduce a su Hijo, y a quienes entran en el dinamismo de su encarnaci\u00f3n, de su esp\u00edritu y de su misi\u00f3n, al \u00abamor supereminente\u00bb, o lo que es lo mismo, al grado m\u00e1s alto de uni\u00f3n con Dios, de amor a Dios, al que el hombre puede llegar seg\u00fan la expresi\u00f3n del gran m\u00edstico de la contemplaci\u00f3n, Herp. El salvado no es alguien que no tiene importancia, puesto que el Hijo de Dios, que ha llevado a cabo su salvaci\u00f3n, le ha amado solidaria y gratuitamente hasta dar su vida por \u00e9l. Amar de esta manera, hasta el anonadamiento total de s\u00ed mismo, es testimoniar hasta donde conduce a Jes\u00fas el amor que tiene al hombre.<\/p>\n<p>Las palabras de Vicente de Pa\u00fal, pronunciadas el 7 de junio de 1660, dos meses y veinte d\u00edas antes de su muerte, confirman, una vez m\u00e1s, lo que acabamos de decir: \u00abConsumirse por Dios, no tener ni bienes ni fuerzas sino para gastarlos por Dios, es lo que hizo nuestro Se\u00f1or, que se consumi\u00f3 por amor a su Padre\u00bb<span id='easy-footnote-37-116700' class='easy-footnote-margin-adjust'><\/span><span class='easy-footnote'><a href='https:\/\/vincentians.com\/es\/caridad-en-san-vicente-de-paul\/#easy-footnote-bottom-37-116700' title='S.V. XIII, 179; ES X, 222.'><sup>37<\/sup><\/a><\/span>. Con anterioridad, el 24 de noviembre de 1658, ya hab\u00eda precisado c\u00f3mo se consumi\u00f3 Jes\u00fas por amor al Padre: entregando su vida por la causa en que la empe\u00f1\u00f3: \u00ab\u00a1Por la caridad, por Dios, por los pobres!\u00bb<span id='easy-footnote-38-116700' class='easy-footnote-margin-adjust'><\/span><span class='easy-footnote'><a href='https:\/\/vincentians.com\/es\/caridad-en-san-vicente-de-paul\/#easy-footnote-bottom-38-116700' title='S.V. VII, 382; ES VII, 326.'><sup>38<\/sup><\/a><\/span>.<\/p>\n<p>Est\u00e1 claro, pues, que en la experiencia de fe cristol\u00f3gica de Vicente de Pa\u00fal se vincula la necesidad sentida de Jes\u00fas de ser para Dios con la necesidad de ser igualmente para los hombres. Por eso el Jes\u00fas de Vicente de Pa\u00fal es \u00abreligi\u00f3n en orden al Padre y caridad con relaci\u00f3n a los hombres\u00bb<span id='easy-footnote-39-116700' class='easy-footnote-margin-adjust'><\/span><span class='easy-footnote'><a href='https:\/\/vincentians.com\/es\/caridad-en-san-vicente-de-paul\/#easy-footnote-bottom-39-116700' title='S.V. VI, 393; ES VII, 370.'><sup>39<\/sup><\/a><\/span>. Religi\u00f3n y caridad que, es preciso se\u00f1alarlo, las vive a trav\u00e9s de <i>un amor humillado y sencillo. <\/i>Un amor que conduce al anonadamiento porque as\u00ed lo requiere la voluntad del Padre que, vicencianamente hablando, juega siempre a favor de los pobres y, a trav\u00e9s de estos, a favor de todos los hombres.<\/p>\n<p>b) <i>Jesucristo \u00abes compasivo y tierno\u00bb<\/i><\/p>\n<p>En una \u00e9poca, en la que predomina la dureza de costumbres junto a una pedagog\u00eda de la represi\u00f3n en el trato dado a los ni\u00f1os, los dementes, los pobres y una espiritualidad impregnada de severidad y ascetismo, aparece el rostro del Cristo de Vicente de Pa\u00fal caracterizado por dos rasgos fundamentales: \u00abla compasi\u00f3n y la ternura\u00bb. Dos rasgos, cincelados tanto por la experiencia que Vicente de Pa\u00fal tiene de los pobres, a quienes \u00abha visto ser tratados como bestias\u00bb<span id='easy-footnote-40-116700' class='easy-footnote-margin-adjust'><\/span><span class='easy-footnote'><a href='https:\/\/vincentians.com\/es\/caridad-en-san-vicente-de-paul\/#easy-footnote-bottom-40-116700' title='S.V. X, 125; CE 1394.'><sup>40<\/sup><\/a><\/span>, como por su experiencia del cuerpo m\u00edstico de Cristo<span id='easy-footnote-41-116700' class='easy-footnote-margin-adjust'><\/span><span class='easy-footnote'><a href='https:\/\/vincentians.com\/es\/caridad-en-san-vicente-de-paul\/#easy-footnote-bottom-41-116700' title='\u00abTodos los hombres componen un cuerpo m\u00edstico; todos somos miembros unos de otros. Nunca se ha o\u00eddo que un miembro, ni siquiera en los animales, haya sido insensible al dolor de los dem\u00e1s miembros; que una parte del hombre haya quedado magullada, herida o violentada, y que las dem\u00e1s no lo hayan sentido. Es imposible. Todos nuestros miembros est\u00e1n tan unidos y trabados que el mal del uno es el mal de los otros. Con mucha m\u00e1s raz\u00f3n, los cristianos, que son miembros de un mismo cuerpo y miembros entre s\u00ed, tienen que padecer juntos. \u00a1C\u00f3mo! \u00a1Ser cristiano y ver afligido a un hermano, sin llorar con \u00e9l ni sentirse enfermo con \u00e9l! Esto es no tener caridad; es ser cristiano en pintura; es carecer de humanidad; es ser peor que las bestias\u00bb, S.V. XII, 271; ES XI, 560-561.'><sup>41<\/sup><\/a><\/span>. Una vez m\u00e1s sociolog\u00eda y cristolog\u00eda, pobres-caridad-Cristo se entremezclan, y se clarifican en la experiencia humano-cristiana de Vicente de Pa\u00fal:<\/p>\n<p style=\"padding-left: 30px\">\u00ab\u00a1Qu\u00e9 tierno era el Hijo de Dios! Le llaman para que vaya a ver a L\u00e1zaro; va; la Magdalena se levanta y acude a su encuentro llorando; la siguen los jud\u00edos llorando tambi\u00e9n; todos se ponen a llorar. \u00bfQu\u00e9 es lo que hace nuestro Se\u00f1or? Dada su gran ternura y compasi\u00f3n, se pone a llorar con ellos (Jn 11, 35). Esta ternura es la que le hizo venir del cielo; ve\u00eda a los hombres privados de su gloria (Rom 3, 23) y se sinti\u00f3 afectado por su desgracia\u00bb<span id='easy-footnote-42-116700' class='easy-footnote-margin-adjust'><\/span><span class='easy-footnote'><a href='https:\/\/vincentians.com\/es\/caridad-en-san-vicente-de-paul\/#easy-footnote-bottom-42-116700' title='S.V. XII, 270-271; ES XI, 560.'><sup>42<\/sup><\/a><\/span>.<\/p>\n<p>El Cristo aut\u00e9ntico para Vicente de Pa\u00fal es el de la misericordia ante la desdicha que afecta a los empobrecidos y excluidos de la sociedad<span id='easy-footnote-43-116700' class='easy-footnote-margin-adjust'><\/span><span class='easy-footnote'><a href='https:\/\/vincentians.com\/es\/caridad-en-san-vicente-de-paul\/#easy-footnote-bottom-43-116700' title='Cf. S.V. XI, 23-24, 77, 145-146; X, 85-86; cf. ES XI, 717, 771, 65-66; CE 1311.'><sup>43<\/sup><\/a><\/span>. El \u00abcompadecerse de las multitudes\u00bb, es lo que configura su vida y su misi\u00f3n y le acarrea su destino. Es tambi\u00e9n lo que configura su visi\u00f3n de Dios y del hombre: \u00abDios, comenta Vicente de Pa\u00fal, ha decidido compadecerse del mundo, en lugar de dejar que se pierda, por eso su mismo Hijo dar\u00e1 su vida por ellos\u00bb<span id='easy-footnote-44-116700' class='easy-footnote-margin-adjust'><\/span><span class='easy-footnote'><a href='https:\/\/vincentians.com\/es\/caridad-en-san-vicente-de-paul\/#easy-footnote-bottom-44-116700' title='S.V. XI, 377; ES XI, 263.'><sup>44<\/sup><\/a><\/span>.<\/p>\n<p>La compasi\u00f3n y ternura de Jes\u00fas, su misericordia, no se limitan a obrar en lo m\u00e1s \u00edntimo del hombre, sino que act\u00faan tambi\u00e9n reaccio\u00adnando contra la situaci\u00f3n violenta en la que se encuentran los pobres a causa de la extorsi\u00f3n ejercida sobre ellos por otros hombres. Para erradicar el sufrimiento de los violentados no hay seg\u00fan Jes\u00fas m\u00e1s que una raz\u00f3n: reaccionar ante la existencia misma de ese sufrimiento y sin poder encontrar ninguna excusa para no hacerlo:<\/p>\n<p style=\"padding-left: 30px\">\u00abEl Hijo de Dios, al no poder tener sentimientos de compasi\u00f3n en el estado glorioso que posee desde toda la eternidad en el cielo, quiso hacerse hombre y pont\u00edfice nuestro, para compadecer nuestras miserias (Hebr 5, 2). Para reinar con \u00e9l en el cielo, hemos de compadecer, como \u00e9l, a sus miembros que est\u00e1n en la tierra (Rom 8, 17). Los misioneros, m\u00e1s que los dem\u00e1s Sacerdotes, deben estar llenos de este esp\u00edritu de compasi\u00f3n, ya que est\u00e1n obligados, por su estado y su vocaci\u00f3n, a servir a los m\u00e1s miserables, a los m\u00e1s abandonados y a los m\u00e1s hundidos en miserias corporales y espirituales. Y en primer lugar, han de sentirse afectados en lo m\u00e1s vivo y afligidos en sus corazones por las miserias del pr\u00f3jimo. Segundo, es menester que esta compasi\u00f3n y misericordia aparezca en su exterior y en su rostro, a ejemplo de nuestro Se\u00f1or, que llor\u00f3 sobre la ciudad de Jerusal\u00e9n, por las calamidades que la amena\u00adzaban (Lc 19, 41). Tercero, hay que emplear palabras compasivas que le hagan ver al pr\u00f3jimo c\u00f3mo nos interesamos por sus penas y sufri\u00admientos. Finalmente, hemos de socorrerle y asistirle, en la medida en que podamos, en todas sus necesidades y miserias, procurando liberarle de ellas en todo o en parte, ya que la mano tiene que hacer todo lo posible para conformarse con el coraz\u00f3n\u00bb<span id='easy-footnote-45-116700' class='easy-footnote-margin-adjust'><\/span><span class='easy-footnote'><a href='https:\/\/vincentians.com\/es\/caridad-en-san-vicente-de-paul\/#easy-footnote-bottom-45-116700' title='S.V. XI, 77; ES XI, 771.'><sup>45<\/sup><\/a><\/span>.<\/p>\n<p>De acuerdo con el contenido de estos textos, para Jesucristo, la misericordia est\u00e1 en el origen fundante de la experiencia de lo divino y de lo humano. Seg\u00fan ese principio-misericordia se rige Dios y deben regirse los vicencianos. M\u00e1s a\u00fan, a ese principio se supedita todo lo dem\u00e1s.<\/p>\n<p>c) <i>Cristo, evangelizador de los pobres<\/i><\/p>\n<p>El texto preferido por Vicente de Pa\u00fal, en el que Jes\u00fas hace de la opci\u00f3n por los pobres el distintivo de su misi\u00f3n, se encuentra en el evangelio de Lucas: \u00abEl esp\u00edritu del Se\u00f1or sobre m\u00ed, porque me ha ungido para anunciar a los pobres la buena noticia, para proclamar la liberaci\u00f3n a los cautivos y la vista a los ciegos, para dar libertad a los oprimidos y proclamar un a\u00f1o de gracia del Se\u00f1or\u00bb (Lc 4, 18-19). Este Cristo pobre, que se dirige preferentemente a los pobres y se declara su evangelizador (Cf. Lc 6, 20-23; 7, 18-23; Mc 1, 14-15), polariza la conciencia vicenciana<span id='easy-footnote-46-116700' class='easy-footnote-margin-adjust'><\/span><span class='easy-footnote'><a href='https:\/\/vincentians.com\/es\/caridad-en-san-vicente-de-paul\/#easy-footnote-bottom-46-116700' title='Cf. S.V. XII, 3-5, 79-83; XI, 23-24, 74; Cf. ES XI, 323-324, 386-390, 717, 762.'><sup>46<\/sup><\/a><\/span>.<\/p>\n<p>Lo original en la experiencia de fe y en la opci\u00f3n de Vicente de Pa\u00fal se encuentra en que la realizaci\u00f3n de la voluntad de Dios, por parte de Jes\u00fas, se identifica con la evangelizaci\u00f3n de los pobres: \u00abSi queremos, comenta, podemos hacer siempre la voluntad de Dios. \u00a1Oh qu\u00e9 dicha, el hacer siempre y en todas las cosas la voluntad de Dios! \u00bfNo es hacer lo que vino a hacer en la tierra el Hijo de Dios? El Hijo de Dios vino para evangelizar a los pobres; nosotros, \u00bfno somos en\u00adviados para hacer lo mismo? S\u00ed, los misioneros son enviados para evangelizar a los pobres. \u00a1Oh, qu\u00e9 felicidad, hacer en la tierra lo mismo que hizo nuestro Se\u00f1or!\u00bb<span id='easy-footnote-47-116700' class='easy-footnote-margin-adjust'><\/span><span class='easy-footnote'><a href='https:\/\/vincentians.com\/es\/caridad-en-san-vicente-de-paul\/#easy-footnote-bottom-47-116700' title='S.V. XI, 315; ES XI, 209-210.'><sup>47<\/sup><\/a><\/span>. Vicencianamente hablando, lo que hay que hacer en la realizaci\u00f3n de la voluntad del Padre continuando la misi\u00f3n de Cristo evangelizador de los pobres es poner los signos claros del reino de Dios<span id='easy-footnote-48-116700' class='easy-footnote-margin-adjust'><\/span><span class='easy-footnote'><a href='https:\/\/vincentians.com\/es\/caridad-en-san-vicente-de-paul\/#easy-footnote-bottom-48-116700' title='Cf. S.V. XII, 139; cf. ES XI, 434.'><sup>48<\/sup><\/a><\/span>.<\/p>\n<p>Para este cristiano profundamente evang\u00e9lico, Cristo, en su misi\u00f3n de evangelizador de los pobres, cristaliza el sentido de su pertenencia y entrega al Padre, de su amor compasivo y misericordioso a los hombres. \u00abEl Hijo de Dios vino a este mundo para evangelizar a los pobres\u00bb. \u00abJesucristo no hizo en este, mundo sino servir a los pobres\u00bb. Esta convicci\u00f3n est\u00e1 tan profundamente arraigada en el pensamiento y en la vida de Vicente de Pa\u00fal que aparece con frecuencia en su correspondencia y en sus alocuciones<span id='easy-footnote-49-116700' class='easy-footnote-margin-adjust'><\/span><span class='easy-footnote'><a href='https:\/\/vincentians.com\/es\/caridad-en-san-vicente-de-paul\/#easy-footnote-bottom-49-116700' title='Cf. S.V. XI, 23-24, 74, 315; XII, 3-5. 79-83; IX, 15, 59, 324-325, 534, 583, 592; X, 113, 126, 143-144, 225, 548; cf. ES XI, 717, 762, 209-210, 323-324, 386-390; CE 39, 110, 535, 908, 957, 970, 1397, 1426, 1571, 2076.'><sup>49<\/sup><\/a><\/span>. El contenido y la realizaci\u00f3n de estos textos vicencianos suponen la creaci\u00f3n de un mundo fraternal donde tengan sitio aquellos a los que la sociedad margina y excluye de su seno y manifiestan \u00abla gran caridad de nuestro Se\u00f1or\u00bb<span id='easy-footnote-50-116700' class='easy-footnote-margin-adjust'><\/span><span class='easy-footnote'><a href='https:\/\/vincentians.com\/es\/caridad-en-san-vicente-de-paul\/#easy-footnote-bottom-50-116700' title='S.V. X, 113, 115; CE 1373, 1379.'><sup>50<\/sup><\/a><\/span> por los pobres.<\/p>\n<h3>3. <i>La Experiencia de la caridad en Vicente de Pa\u00fal<\/i><\/h3>\n<p>De lo que venimos diciendo se deduce que para conocer el sig\u00adnificado y el contenido de la caridad en Vicente de Pa\u00fal, es preciso \u00abentrar en los sentimientos m\u00e1s \u00edntimos de nuestro Se\u00f1or\u00bb<span id='easy-footnote-51-116700' class='easy-footnote-margin-adjust'><\/span><span class='easy-footnote'><a href='https:\/\/vincentians.com\/es\/caridad-en-san-vicente-de-paul\/#easy-footnote-bottom-51-116700' title='S.V. XIII, 811; ES X, 594.'><sup>51<\/sup><\/a><\/span>, \u00abhonrar su gran caridad\u00bb<span id='easy-footnote-52-116700' class='easy-footnote-margin-adjust'><\/span><span class='easy-footnote'><a href='https:\/\/vincentians.com\/es\/caridad-en-san-vicente-de-paul\/#easy-footnote-bottom-52-116700' title='S.V. X, 113, 115; CE 1373, 1379.'><sup>52<\/sup><\/a><\/span> y \u00abhacer los asuntos de Dios\u00bb<span id='easy-footnote-53-116700' class='easy-footnote-margin-adjust'><\/span><span class='easy-footnote'><a href='https:\/\/vincentians.com\/es\/caridad-en-san-vicente-de-paul\/#easy-footnote-bottom-53-116700' title='S.V. XII, 139, 145; ES XI, 437, 441; cf. S.V. III, 531-432; VII, 348; cf. ES &lt;b&gt;III, &lt;\/b&gt;488-489; VII, 298.'><sup>53<\/sup><\/a><\/span> que son los pobres<span id='easy-footnote-54-116700' class='easy-footnote-margin-adjust'><\/span><span class='easy-footnote'><a href='https:\/\/vincentians.com\/es\/caridad-en-san-vicente-de-paul\/#easy-footnote-bottom-54-116700' title='Cf. S.V. XI, 200-204, 270-271&amp;#8230;; cf. ES XI, 120-123, 560-561&amp;#8230;'><sup>54<\/sup><\/a><\/span>. Cuando se est\u00e1 arraigado de ese modo en Dios y en Cristo, se cobra conciencia de que el amor de ese Dios y de ese Cristo a los pobres implica y se da en el amor de los hombres a los pobres:<\/p>\n<p style=\"padding-left: 30px\">\u00abPara nuestro Se\u00f1or es un honor que entremos en sus sentimientos, hagamos lo que \u00e9l hizo y realicemos lo que \u00e9l ha ordenado. Pues bien, sus sentimientos m\u00e1s \u00edntimos han sido preocuparse de los pobres para curarlos, consolarlos, socorrerlos y recomendarlos. En ellos es en quie\u00adnes pon\u00eda todo su afecto. Y \u00e9l mismo quiso nacer pobre, recibir en su compa\u00f1\u00eda a los pobres, servir a los pobres, ponerse en lugar de los pobres, hasta decir que el mal y el bien que les hacemos a los pobres los considera como hechos a su divina persona. \u00bfPodr\u00eda acaso mostrar un amor m\u00e1s tierno a los pobres? Y \u00bfqu\u00e9 amor podemos nosotros tenerle a \u00e9l, si no amamos lo que \u00e9l am\u00f3? No hay ninguna diferencia entre amarle a \u00e9l y amar a los pobres de ese modo. Servirles bien a los pobres es servirle a \u00e9l; es honrarle como es debido e imitarle en nuestra con\u00adducta\u00bb<span id='easy-footnote-55-116700' class='easy-footnote-margin-adjust'><\/span><span class='easy-footnote'><a href='https:\/\/vincentians.com\/es\/caridad-en-san-vicente-de-paul\/#easy-footnote-bottom-55-116700' title='S.V. XIII, 811-812; ES X, 954-955. \u00abDif\u00edcilmente puede caber mejor teolog\u00eda en menos espacio, mientras los te\u00f3logos discut\u00edan en interminables tratados sobre la predestinaci\u00f3n y la ciencia media\u00bb, escribe, comentando este texto, J. I. Gonz\u00e1lez Faus, &lt;i&gt;Vicarios de Cristo, &lt;\/i&gt;Trotta, Madrid 1991, 243.'><sup>55<\/sup><\/a><\/span>.<\/p>\n<p>La realizaci\u00f3n de este amor requiere hoy el compromiso con la justicia en favor de los desventurados del mundo, a fin de hacer coincidir en su favor la justicia de Dios con la justicia de los hombres.<\/p>\n<p>Sin embargo, y es necesario decirlo con claridad, lo espec\u00edfica\u00admente cristiano no es el compromiso con la justicia en favor de los pobres \u2014que es irrenunciable para toda persona\u2014 sino hacer en ese compromiso la experiencia de Dios. Lo cual implica experimentar y tomarse en serio, como lo hizo Vicente de Pa\u00fal, la presencia cristo-l\u00f3gica de Dios en los pobres del cap\u00edtulo 25 de San Mateo. \u00abA m\u00ed me lo hicisteis\u00bb<span id='easy-footnote-56-116700' class='easy-footnote-margin-adjust'><\/span><span class='easy-footnote'><a href='https:\/\/vincentians.com\/es\/caridad-en-san-vicente-de-paul\/#easy-footnote-bottom-56-116700' title='Cf. S.V. XI, 32; IX, 252, 324; X, 126, 332, 610, 680; cf. ES XI, 725; CE 414, 535, 1396, 1760, 2188, 2298.'><sup>56<\/sup><\/a><\/span>. De esa experiencia profunda de su fe saca una serie de consecuencias impresionantes, referentes a la caridad, que vale la pena enumerar:<\/p>\n<h4>a) <i>La integraci\u00f3n de la caridad<\/i><\/h4>\n<p>El amor, que Vicente de Pa\u00fal concibe por Dios, est\u00e1 incluido en la donaci\u00f3n de s\u00ed mismo hecha a Dios en el servicio a los pobres<span id='easy-footnote-57-116700' class='easy-footnote-margin-adjust'><\/span><span class='easy-footnote'><a href='https:\/\/vincentians.com\/es\/caridad-en-san-vicente-de-paul\/#easy-footnote-bottom-57-116700' title='Cf. L. Abelly, &lt;i&gt;o. c., III, &lt;\/i&gt;118-119.'><sup>57<\/sup><\/a><\/span>. En esta forma de extensi\u00f3n en sus im\u00e1genes vivas, Vicente puede conferirle el bien que reclama el amor que le tiene. Son los pobres los que le ayudan a profundizar en la revelaci\u00f3n evang\u00e9lica, donde no solamente el amor a Dios aparece unido al amor al pr\u00f3jimo, sino que est\u00e1 envuelto en \u00e9l<span id='easy-footnote-58-116700' class='easy-footnote-margin-adjust'><\/span><span class='easy-footnote'><a href='https:\/\/vincentians.com\/es\/caridad-en-san-vicente-de-paul\/#easy-footnote-bottom-58-116700' title='Cf. 1 In 4, 20-21; S.V. XII, 260-276, 127; XIII, 811-812; cf. ES XI, 551-564, 426; X, 954-955.'><sup>58<\/sup><\/a><\/span>.<\/p>\n<p>La audacia de algunas de sus expresiones, como que \u00abno hay diferencia\u00bb entre amar a Dios y amar a los pobres \u00abde ese modo\u00bb, es decir, no se puede amar a Dios \u00absi no amamos lo que \u00e9l am\u00f3\u00bb: los desheredados; o que la donaci\u00f3n de uno mismo a Dios no es para darle culto sino \u00abpara cuidar a los pobres\u00bb<span id='easy-footnote-59-116700' class='easy-footnote-margin-adjust'><\/span><span class='easy-footnote'><a href='https:\/\/vincentians.com\/es\/caridad-en-san-vicente-de-paul\/#easy-footnote-bottom-59-116700' title='S.V. XIII, 812; ES X, 955; cf. S.V. XI, 135; IX, 592, 26, 222, 459; X, 124; cf. S.V. XI, 57; CE 970, 59, 363, 758, 1393.'><sup>59<\/sup><\/a><\/span>, muestra la integraci\u00f3n de la caridad. Integraci\u00f3n que consiste en amar a Dios en el pobre y amar al pobre en Dios. La clave de esta audacia radica en que para Vicente de Pa\u00fal no son nuestros sentimientos sobre Dios lo que cuenta y es decisivo, sino los sentimientos \u00abdel mismo Dios\u00bb. Y estos sentimientos de Dios se revelan en que Jes\u00fas fue como los pobres, estuvo con los pobres y se puso en lugar de los pobres. De ah\u00ed que este hombre de Dios y este amigo de los pobres declare apaciblemente: \u00abNuestra perfecci\u00f3n consiste en la caridad\u00bb<span id='easy-footnote-60-116700' class='easy-footnote-margin-adjust'><\/span><span class='easy-footnote'><a href='https:\/\/vincentians.com\/es\/caridad-en-san-vicente-de-paul\/#easy-footnote-bottom-60-116700' title='S.V. VII, 341; ES VII, 292-293.'><sup>60<\/sup><\/a><\/span>.<\/p>\n<p>A partir de esta experiencia profunda y creadora de fe, en la que se da la identificaci\u00f3n de Cristo con el pobre y del pobre con Cristo y en la que no hay diferencia entre amar a Dios y a los pobres, se instaura para este creyente la maravillosa y sobrenatural continuidad e interdependencia entre Dios, Cristo, caridad, pobres. Pero tambi\u00e9n se crea en \u00e9l una interrelaci\u00f3n desde el interior entre dos mundos que con demasiada frecuencia se consideran distintos, cuando no separados e incluso antag\u00f3nicos. Para Vicente de Pa\u00fal Dios y Cristo, a quienes se les busca y ama en la oraci\u00f3n, se hacen igualmente presentes y se les ama en los pobres y adem\u00e1s con menos posibilidad de enga\u00f1o:<\/p>\n<p style=\"padding-left: 30px\">\u00abCuando se sirve a los pobres, dice a las Hijas de la Caridad, se sirve a Jesucristo. Hijas m\u00edas, \u00a1qu\u00e9 gran verdad es esta! Serv\u00eds a Jesucristo en la persona de los pobres. Y esto es tan cierto como que estamos aqu\u00ed. Una hermana ir\u00e1 diez veces cada d\u00eda a ver a los enfermos, y diez veces cada d\u00eda encontrar\u00e1 en ellos a Dios (&#8230;). Id a ver a los pobres condenados a galeras, y en ellos encontrar\u00e9is a Dios; servid a los ni\u00f1os exp\u00f3sitos, y en ellos encontrar\u00e9is a Dios (&#8230;). Vais a las casas pobres, pero all\u00ed encontr\u00e1is a Dios. Una vez m\u00e1s, hijas m\u00edas, \u00a1qu\u00e9 admirable es esto! S\u00ed, Dios acoge con agrado el servicio que hac\u00e9is a esos enfermos y lo considera hecho a \u00e9l mismo\u00bb<span id='easy-footnote-61-116700' class='easy-footnote-margin-adjust'><\/span><span class='easy-footnote'><a href='https:\/\/vincentians.com\/es\/caridad-en-san-vicente-de-paul\/#easy-footnote-bottom-61-116700' title='S.V. IX, 252; CE 414.'><sup>61<\/sup><\/a><\/span>.<\/p>\n<p>Este camino evita la llamada \u00abesquizofrenia de la vida cristiana\u00bb que pone, por un lado, el amor a Dios y, por otro lado, el compromiso socio-pol\u00edtico en favor de los pobres. La fe y la experiencia de Vicente de Pa\u00fal le hacen descubrir que no se puede separar la lucha por la justicia en favor de los pobres y la experiencia de Dios. Y conste que separan ambas cosas no s\u00f3lo los comprometidos por la justicia que se olvidan de rezar, sino tambi\u00e9n los que son muy \u00abespirituales\u00bb y re\u00adzadores pero se desentienden de las cuestiones relativas a la justicia. Mientras se sigan separando estas dos realidades, la defensa de los pobres ir\u00e1 por otros caminos muy distintos a los de la Iglesia de Jesucristo.<\/p>\n<p>Ante semejante \u00abesquizofrenia\u00bb de la vida cristiana Vicente de Pa\u00fal coloca un anuncio que indica: \u00abPeligro de muerte\u00bb para el cris\u00adtianismo. El mismo advierte de dicho peligro mortal cuando dice: \u00abAmemos a Dios, hermanos m\u00edos, amemos a Dios, pero que sea a costa de nuestros brazos, que sea con el sudor de nuestra frente. Pues muchas veces los actos de amor a Dios, de complacencia, de bene\u00advolencia y otros semejantes afectos y pr\u00e1cticas interiores de un coraz\u00f3n amante, aunque muy buenos y deseables, resultan sin embargo muy sospechosos cuando no llegan a la pr\u00e1ctica del amor efectivo. &#8216;Mi Padre es glorificado \u2014dice nuestro Se\u00f1or\u2014 en que deis mucho fruto&#8217; (Jn 15, 8). Hemos de tener mucho cuidado en esto, porque hay muchos que, preocupados de tener un aspecto externo de compostura y el interior lleno de grandes sentimientos de Dios, se detienen en esto; y cuando se llega a los hechos y se presentan ocasiones de obrar, se quedan cortos. Se muestran satisfechos de su imaginaci\u00f3n calentu\u00adrienta, contentos con los dulces coloquios que tienen con Dios en la oraci\u00f3n; hablan de eso mismo como si fuesen \u00e1ngeles; pero luego, cuando se trata de trabajar por Dios (&#8230;), de instruir a los pobres, de ir a buscar a la oveja descarriada, de desear que les falte alguna cosa, de aceptar las enfermedades o cualquier cosa desagradable, \u00a1ay!, todo se viene abajo y les faltan los \u00e1nimos. No, no nos enga\u00f1emos: todo nuestro quehacer consiste en la acci\u00f3n\u00bb<span id='easy-footnote-62-116700' class='easy-footnote-margin-adjust'><\/span><span class='easy-footnote'><a href='https:\/\/vincentians.com\/es\/caridad-en-san-vicente-de-paul\/#easy-footnote-bottom-62-116700' title='L. Abelly, &lt;i&gt;o. c., &lt;\/i&gt;I, 81-82; S.V. XI, 40-41; ES XI, 733-734.'><sup>62<\/sup><\/a><\/span>.<\/p>\n<p>Abelly, que nos transmite este texto, comenta: \u00ab\u00c9l (Vicente) repet\u00eda con frecuencia estas palabras y dec\u00eda que las hab\u00eda aprendido de un gran servidor de Dios. Como este se encontraba muy pr\u00f3ximo a la muerte, (Vicente) le pidi\u00f3 alguna palabra de edificaci\u00f3n. Aquel accedi\u00f3 dici\u00e9ndole que en esos momentos ve\u00eda con claridad que lo que algunos juzgaban ser, con frecuencia, contemplaci\u00f3n, arrebatos, \u00e9xtasis, y lo que llamaban movimientos anag\u00f3gicos, visiones deificas, no eran m\u00e1s que humo. Que todo esto proced\u00eda de una curiosidad enga\u00f1osa o de resortes naturales de esp\u00edritus que ten\u00edan cierta inclinaci\u00f3n y facilidad hacia el bien. Cuando, por el contrario, la verdadera se\u00f1al del amor de Dios es la acci\u00f3n buena y perfecta\u00bb<span id='easy-footnote-63-116700' class='easy-footnote-margin-adjust'><\/span><span class='easy-footnote'><a href='https:\/\/vincentians.com\/es\/caridad-en-san-vicente-de-paul\/#easy-footnote-bottom-63-116700' title='L. Abelly, &lt;i&gt;o. c., &lt;\/i&gt;I, 82.'><sup>63<\/sup><\/a><\/span>.<\/p>\n<p>Despu\u00e9s de este comentario, Abelly contin\u00faa citando el texto de Vicente de Pa\u00fal: \u00abY esto es tan cierto que el santo ap\u00f3stol nos declara que solamente nuestras obras son las que nos acompa\u00f1an a la otra vida (Ap 14, 13). Pensemos, pues, en esto; sobre todo teniendo en cuenta que en este siglo hay muchos que parecen virtuosos, y que lo son efectivamente, pero se inclinan a una vida tranquila y muelle, antes que a una devoci\u00f3n esforzada y s\u00f3lida. La Iglesia es como una gran mies que requiere obreros, pero obreros que trabajen (&#8230;). Esto es lo que hemos de hacer nosotros y la forma con que hemos de demostrar a Dios, con las obras, que le amamos\u00bb<span id='easy-footnote-64-116700' class='easy-footnote-margin-adjust'><\/span><span class='easy-footnote'><a href='https:\/\/vincentians.com\/es\/caridad-en-san-vicente-de-paul\/#easy-footnote-bottom-64-116700' title='&lt;i&gt;64. &lt;\/i&gt;&lt;i&gt;Ibid.; S.V. &lt;\/i&gt;XI, 41; ES, 733-734.'><sup>64<\/sup><\/a><\/span>.<\/p>\n<p>La cita ha sido larga, pero merec\u00eda la pena. Vicente nos declara en ella que la verdadera prueba del amor a Dios es la acci\u00f3n buena y perfecta.<\/p>\n<p>La alternativa de vida evang\u00e9lica, que Vicente de Pa\u00fal expresa con la f\u00f3rmula rica y densa de \u00abestado de caridad\u00bb<span id='easy-footnote-65-116700' class='easy-footnote-margin-adjust'><\/span><span class='easy-footnote'><a href='https:\/\/vincentians.com\/es\/caridad-en-san-vicente-de-paul\/#easy-footnote-bottom-65-116700' title='S.V. VII, 382; XII, 275; ES VII, 326; XI, 564.'><sup>65<\/sup><\/a><\/span>, impide separar el \u00abamor afectivo\u00bb del \u00abamor efectivo\u00bb<span id='easy-footnote-66-116700' class='easy-footnote-margin-adjust'><\/span><span class='easy-footnote'><a href='https:\/\/vincentians.com\/es\/caridad-en-san-vicente-de-paul\/#easy-footnote-bottom-66-116700' title='Cf. S.V. IX, 475, 592-594, 599; cf. CE 787-789, 972-975, 983.'><sup>66<\/sup><\/a><\/span>. Ambos son necesarios. Sin embargo, es preciso se\u00f1alar, vicencianamente hablando, que el \u00abamor afectivo\u00bb es culpable si no pasa a ser \u00abefectivo\u00bb. As\u00ed de claro se lo dice el fundador a las hermanas: \u00abEl amor afectivo es la ternura en el amor. Ten\u00e9is que amar a nuestro Se\u00f1or con ternura y con afecto (&#8230;). Un coraz\u00f3n que ama a nuestro Se\u00f1or no puede sufrir su ausencia y tiene que unirse con \u00e9l por ese amor afectivo, que produce a su vez el amor efectivo. Porque no basta con el primero, hermanas; hay que tener los dos. Hay que pasar del amor afectivo al amor efectivo, que consiste en el ejercicio de obras de caridad, en el servicio a los pobres emprendido con alegr\u00eda, entusiasmo, constancia y amor. Estas dos clases de amor son como la vida de una Hermana de la caridad\u00bb<span id='easy-footnote-67-116700' class='easy-footnote-margin-adjust'><\/span><span class='easy-footnote'><a href='https:\/\/vincentians.com\/es\/caridad-en-san-vicente-de-paul\/#easy-footnote-bottom-67-116700' title='S.V. IX, 592-593; CE 972-973.'><sup>67<\/sup><\/a><\/span>. Y las cosas son as\u00ed en la experiencia de fe de Vicente de Pa\u00fal, porque Jesucristo es un \u00abesp\u00edritu de caridad perfecta\u00bb<span id='easy-footnote-68-116700' class='easy-footnote-margin-adjust'><\/span><span class='easy-footnote'><a href='https:\/\/vincentians.com\/es\/caridad-en-san-vicente-de-paul\/#easy-footnote-bottom-68-116700' title='S.V. XII, 108; ES XI, 411.'><sup>68<\/sup><\/a><\/span> en relaci\u00f3n a Dios y a los hombres, principalmente a los pobres.<\/p>\n<p>La m\u00edstica del anonadamiento es para Vicente de Pa\u00fal como para los m\u00edsticos renanoflamencos, San Juan de la Cruz, Santa Teresa de Jes\u00fas y Benito de Canfield, el medio de llegar a la uni\u00f3n con Dios. Una precisi\u00f3n se impone: la m\u00edstica del anonadamiento en Vicente de Pa\u00fal se vive a trav\u00e9s de la m\u00edstica de la caridad. Y ello porque la continuaci\u00f3n de la misi\u00f3n de Cristo evangelizador de los pobres es una obra de amor y de anonadamiento<span id='easy-footnote-69-116700' class='easy-footnote-margin-adjust'><\/span><span class='easy-footnote'><a href='https:\/\/vincentians.com\/es\/caridad-en-san-vicente-de-paul\/#easy-footnote-bottom-69-116700' title='Cf. S.V. XII, 264-265; cf. ES XI, 555.'><sup>69<\/sup><\/a><\/span>. As\u00ed nos lo confiesa cuando afirma: \u00abDebemos desprendemos de todo aquello que no es Dios y unirnos con el pr\u00f3jimo por caridad para unimos con Dios por Jesu\u00adcristo\u00bb<span id='easy-footnote-70-116700' class='easy-footnote-margin-adjust'><\/span><span class='easy-footnote'><a href='https:\/\/vincentians.com\/es\/caridad-en-san-vicente-de-paul\/#easy-footnote-bottom-70-116700' title='S.V. XII, 127; ES XI, 426.'><sup>70<\/sup><\/a><\/span>. El desprendimiento o anonadamiento en la experiencia de fe de este cristiano comprometido es una exigencia de la caridad requerida por Dios ante la situaci\u00f3n de pobreza en que viven los necesitados. El amor a Dios se vive desvivi\u00e9ndose por los dem\u00e1s. El anonadamiento se toma desprendimiento, empobrecimiento \u2014la lla\u00admada pobreza solidaria\u2014 compartiendo lo que se es y se tiene con quienes carecen de lo necesario para poder vivir en la dignidad humana: \u00ab\u00a1Ah, tendr\u00edamos que vendemos a nosotros mismos para sacar a nues\u00adtros hermanos de la pobreza!\u00bb<span id='easy-footnote-71-116700' class='easy-footnote-margin-adjust'><\/span><span class='easy-footnote'><a href='https:\/\/vincentians.com\/es\/caridad-en-san-vicente-de-paul\/#easy-footnote-bottom-71-116700' title='S. V. IX, 497; CE 821.'><sup>71<\/sup><\/a><\/span>, declara su fundador a las Hijas de la Caridad.<\/p>\n<h4>b) <i>Organizaci\u00f3n y socializaci\u00f3n de la caridad<\/i><\/h4>\n<p>No se puede estar con los pobres, si al mismo tiempo no se lucha contra su pobreza y la causa profunda que la genera: la desigualdad injusta. Esta perogrullada ha sido y sigue siendo olvidada con de\u00admasiada frecuencia por los creyentes. Semejante olvido equivale para Vicente de Pa\u00fal a dejar de ser cristiano: \u00abVer a alguien que sufre y no participar con \u00e9l en su miseria es ser cristiano en pintura, no tener humanidad, ser peor que las bestias\u00bb<span id='easy-footnote-72-116700' class='easy-footnote-margin-adjust'><\/span><span class='easy-footnote'><a href='https:\/\/vincentians.com\/es\/caridad-en-san-vicente-de-paul\/#easy-footnote-bottom-72-116700' title='S.V. XII, 271; ES XI, 561.'><sup>72<\/sup><\/a><\/span>.<\/p>\n<p>En consecuencia, para hacer que la caridad sea eficaz en la lucha contra la pobreza, tendremos que utilizar todas sus mediaciones y no s\u00f3lo una o algunas de ellas. As\u00ed lo entendi\u00f3 Vicente de Pa\u00fal. Por eso, despu\u00e9s de haber constatado: \u00abhe aqu\u00ed una gran caridad, pero est\u00e1 mal organizada\u00bb<span id='easy-footnote-73-116700' class='easy-footnote-margin-adjust'><\/span><span class='easy-footnote'><a href='https:\/\/vincentians.com\/es\/caridad-en-san-vicente-de-paul\/#easy-footnote-bottom-73-116700' title='L. Abelly, &lt;i&gt;o. c., &lt;\/i&gt;I, 46.'><sup>73<\/sup><\/a><\/span>, empez\u00f3 a poner en marcha, el ario 1617, un sistema de acci\u00f3n caritativo-social que todav\u00eda hoy a muchos les parece re\u00advolucionario.<\/p>\n<p>Para hacer operativo este sistema, Vicente de Pa\u00fal afronta las exigencias del compromiso social en cuanto tarea permanente en la construcci\u00f3n del reino de Dios. Al mismo tiempo realiza un denodado esfuerzo por remediar las necesidades de los pobres y por actuar contra las causas que producen la pobreza. Su sentido agudo de las realidades econ\u00f3micas, de los intermediarios, de la coordinaci\u00f3n, unido a su capacidad de organizaci\u00f3n minuciosa de personas y de dones, le per\u00admiten rodearse de magn\u00edficos colaboradores. Colaboradores que sirven a la voz, a la acci\u00f3n, de este genio organizador l\u00facido e inventivo de la caridad. En definitiva, lo que Vicente de Pa\u00fal intenta con su sistema de acci\u00f3n socio-caritativa, es organizar y socializar la caridad, es decir, concienciar a la sociedad entera para que se organice en favor de los pobres y se movilice para liberarles de su pobreza. Uno piensa que le hubiera contentado haber podido leer en su tiempo este texto de la Constituci\u00f3n <i>Gaudium et Spes: <\/i>\u00abla ley fundamental de la perfecci\u00f3n humana, y, por tanto, de la transformaci\u00f3n del mundo, es el man\u00addamiento nuevo del amor\u00bb<span id='easy-footnote-74-116700' class='easy-footnote-margin-adjust'><\/span><span class='easy-footnote'><a href='https:\/\/vincentians.com\/es\/caridad-en-san-vicente-de-paul\/#easy-footnote-bottom-74-116700' title='GS 38.'><sup>74<\/sup><\/a><\/span>.<\/p>\n<p>Enumeramos las dimensiones de la caridad que se encuentran en el sistema de acci\u00f3n social organizado por Vicente de Pa\u00fal:<\/p>\n<p>1.\u00b0 En absoluto prescinde de la <i>acci\u00f3n asistencia. <\/i>Es el nivel elemental ante la urgencia de la enfermedad, el abandono pertinaz, la guerra. Una acci\u00f3n que nunca desaparecer\u00e1 de su vida, de su ense\u00f1anza ni tampoco de las instituciones que funda. Con su sentido agudo de las cooperaciones y de la coordinaci\u00f3n en el plano caritativo-asistencial organiza durante la guerra de los Treinta A\u00f1os y de las dos Frondas una inmensa red de acogida, almacenamiento y distribuci\u00f3n de ayudas que llegan a una parte importante de Francia<span id='easy-footnote-75-116700' class='easy-footnote-margin-adjust'><\/span><span class='easy-footnote'><a href='https:\/\/vincentians.com\/es\/caridad-en-san-vicente-de-paul\/#easy-footnote-bottom-75-116700' title='S.V. IX, 192; CE 308.'><sup>75<\/sup><\/a><\/span>.<\/p>\n<p>La <i>acci\u00f3n asistencial <\/i>equivale para Vicente de Pa\u00fal a hacer justicia a quienes no se la hacen los hombres. Por eso, consciente de la responsabilidad social de toda persona ante la miseria de los pobres proclama: \u00abDios nos conceda la gracia de conmover nuestros corazones para con los pobres y de pensar que ayud\u00e1ndoles \u00a1practicamos la justicia y no la misericordia!\u00bb<span id='easy-footnote-76-116700' class='easy-footnote-margin-adjust'><\/span><span class='easy-footnote'><a href='https:\/\/vincentians.com\/es\/caridad-en-san-vicente-de-paul\/#easy-footnote-bottom-76-116700' title='S.V. &lt;i&gt;N, &lt;\/i&gt;409; ES IV, 383-384; cf. S.V. M. 409; cf. ES III, 373-374.'><sup>76<\/sup><\/a><\/span>. Lo que equivale a decir que si desde la justicia de los hombres la acci\u00f3n caritativo-asistencial es un acto voluntario, desde la justicia de Dios se torna obligatorio.<\/p>\n<p>2.\u00b0 No se detiene en este primer nivel. Como una evoluci\u00f3n natural e inevitable lo completa con el segundo nivel: <i>la acci\u00f3n pro\u00admocional. <\/i>Con ello intenta proporcionar los medios para que el pobre, personal y colectivamente, sea agente de su propio desarrollo humano. Y ello porque sabe que <i>la pobreza generalizada tiene causas sociales. <\/i>Esta organizaci\u00f3n promocional de la caridad se hace en \u00e9l ingenio\u00adsamente inventiva. Como escribe en su correspondencia: \u00abNo hay que asistir m\u00e1s que a aquellos que no pueden trabajar ni buscar su sustento, y estar\u00edan en peligro de morir de hambre si no se les socorre. En efecto, apenas tenga alguno algunas fuerzas para trabajar, habr\u00e1 que comprarles algunos utensilios conformes con su profesi\u00f3n, pero sin darles nada m\u00e1s. Las limosnas no son para los que pueden trabajar (&#8230;) sino para los enfermos pobres, los hu\u00e9rfanos y los ancianos\u00bb<span id='easy-footnote-77-116700' class='easy-footnote-margin-adjust'><\/span><span class='easy-footnote'><a href='https:\/\/vincentians.com\/es\/caridad-en-san-vicente-de-paul\/#easy-footnote-bottom-77-116700' title='S.V. IV. 182; ES IV, 180-'><sup>77<\/sup><\/a><\/span>.<\/p>\n<p>Esta acci\u00f3n promocional act\u00faa sobre las causas de la pobreza ge\u00adneralizada de diferentes sectores de la sociedad: campesinos, ni\u00f1os abandonados, hu\u00e9rfanos, refugiados&#8230; Y se prolonga hasta que \u00e9stos sean capaces de poder salir por s\u00ed mismos de su situaci\u00f3n<span id='easy-footnote-78-116700' class='easy-footnote-margin-adjust'><\/span><span class='easy-footnote'><a href='https:\/\/vincentians.com\/es\/caridad-en-san-vicente-de-paul\/#easy-footnote-bottom-78-116700' title='Cf. J. M.&amp;#8217; Ib\u00e1\u00f1ez, &lt;i&gt;Las obras de las Hijas de la Caridad en sus or\u00edgenes, &lt;\/i&gt;Vincentiana 4-5-6 (1990) 589-607.'><sup>78<\/sup><\/a><\/span>.<\/p>\n<p>3.\u00b0 La realizaci\u00f3n de su plan social incluye un tercer nivel: <i>la denuncia prof\u00e9tica de las injusticias. <\/i>Comprende que el cristiano, urgido por el amor de Cristo y de sus hermanos, no s\u00f3lo debe ser justo. Debe adem\u00e1s comprometerse en favor de la justicia, como exi\u00adgencia de la caridad.<\/p>\n<p>Cualquiera que se acerque sin prejuicios a la vida de Vicente de Pa\u00fal encontrar\u00e1 palabras, actitudes y opciones por las que intenta impedir a la sociedad continuar siendo una m\u00e1quina de fabricaci\u00f3n de pobres. Por eso se complace en presentar como modelo, \u00aba las que vengan despu\u00e9s\u00bb, a Sor Juana Dalmagne, quien, \u00abal saber que algunas personas ricas se hab\u00edan eximido de los impuestos, para sobrecargar a los pobres, les dijo libremente que era contra la justicia y que Dios les juzgar\u00eda por esos abusos\u00bb<span id='easy-footnote-79-116700' class='easy-footnote-margin-adjust'><\/span><span class='easy-footnote'><a href='https:\/\/vincentians.com\/es\/caridad-en-san-vicente-de-paul\/#easy-footnote-bottom-79-116700' title='S.V. IX, 192; CE 308.'><sup>79<\/sup><\/a><\/span>.<\/p>\n<p>4.\u00b0 En su sistema de acci\u00f3n social se encuentra un cuarto aspecto: <i>atacar lo que hoy llamamos \u00abcausas estructurales de la pobreza\u00bb <\/i>o \u00abra\u00edces de la injusticia estructural\u00bb. Su postura en este campo es com\u00adpartir la historia de los pobres y, desde ellos, se propone firmemente cambiar la realidad social. Se esfuerza para que la caridad entre dentro de la historia de su tiempo y ofrezca la claridad que conlleva la di\u00admensi\u00f3n social <i>y <\/i>pol\u00edtica de su experiencia de fe.<\/p>\n<p>Es obvio, entonces, que Vicente de Pa\u00fal no dude en lanzarse a la arena de la pol\u00edtica en situaciones en las que los primeros mi\u00adnistros, Richelieu y Mazarino, son los responsables de la miseria del pueblo. Por eso se entrevista con Richelieu para pedirle abier\u00adtamente el cese de la guerra<span id='easy-footnote-80-116700' class='easy-footnote-margin-adjust'><\/span><span class='easy-footnote'><a href='https:\/\/vincentians.com\/es\/caridad-en-san-vicente-de-paul\/#easy-footnote-bottom-80-116700' title='L. Abelly, &lt;i&gt;o. c., &lt;\/i&gt;169-170.'><sup>80<\/sup><\/a><\/span>, se opone a Mazarino en 1649<span id='easy-footnote-81-116700' class='easy-footnote-margin-adjust'><\/span><span class='easy-footnote'><a href='https:\/\/vincentians.com\/es\/caridad-en-san-vicente-de-paul\/#easy-footnote-bottom-81-116700' title='Cf. S.V. III, 402; cf. ES III, 368; L. Robineau, &lt;i&gt;Remarques sur les actions et paroles de feu Monsieur Vicente, &lt;\/i&gt;man., 60, L. Abelly, &lt;i&gt;o. c., &lt;\/i&gt;I, 181.'><sup>81<\/sup><\/a><\/span>, permanece exiliado de Par\u00eds durante cinco meses<span id='easy-footnote-82-116700' class='easy-footnote-margin-adjust'><\/span><span class='easy-footnote'><a href='https:\/\/vincentians.com\/es\/caridad-en-san-vicente-de-paul\/#easy-footnote-bottom-82-116700' title='Durante la Fronda del Parlamento, Vicente de Pa\u00fal, el 13 de enero de 1649, sale de Par\u00eds para hablar con la reina Ana de Austria y con Mazarino (cf. S.V. III, 402; cf. ES III, 368) de la situaci\u00f3n pol\u00edtica y de la miseria que provoca en los pobres, de Par\u00eds y en los campesinos de la regi\u00f3n parisina. El \u00abservicio\u00bb, que Vicente de Pa\u00fal quiere prestar a los parisinos, es mal interpretado por los dos partidos. El resultado es el alejamiento de la capital desde finales de enero hasta el 13 de junio de 1649 (cf. S.V. lII, 408, 416, 434, 436, 452, 456; cf. ES NI, 373, 380, 394, 396, 413, 417).'><sup>82<\/sup><\/a><\/span>, apela al Papa Inocencio X, el 16 de agosto de 1653, para que intervenga en favor de la paz durante la Fronda de los Pr\u00edncipes<span id='easy-footnote-83-116700' class='easy-footnote-margin-adjust'><\/span><span class='easy-footnote'><a href='https:\/\/vincentians.com\/es\/caridad-en-san-vicente-de-paul\/#easy-footnote-bottom-83-116700' title='Cf. S.V. 1V, 455-459; cf. ES IV, 425-429.'><sup>83<\/sup><\/a><\/span>, y escribe a Mazarino para que salga del reino<span id='easy-footnote-84-116700' class='easy-footnote-margin-adjust'><\/span><span class='easy-footnote'><a href='https:\/\/vincentians.com\/es\/caridad-en-san-vicente-de-paul\/#easy-footnote-bottom-84-116700' title='Cf. S.V. IV, 473-478; cf. ES IV, 440-444.'><sup>84<\/sup><\/a><\/span>, sencillamente porque le juzga el principal causante de la miseria y del sufrimiento del pueblo. Si se hace cr\u00edtico de la pol\u00edtica de guerra de Mazarino, es para ser constructivo en la prospecci\u00f3n de una paz que ayudar\u00eda a los pobres a salir de la miseria. Esta actitud cr\u00edtica no es una palabra vac\u00eda. Es un com\u00adpromiso, a su vez expresi\u00f3n de una <i>caridad, <\/i>que, desde la realidad social, econ\u00f3mica y pol\u00edtica de su tiempo, incita a Vicente de Pa\u00fal a interesarse por \u00ablas pobres gentes\u00bb del campo y de la ciudad, a las que la pol\u00edtica de guerra y la insolidaridad partidista van mar\u00adginando, anulando de la sociedad.<\/p>\n<p>Hay que preguntarse a qu\u00e9 niveles esta dimensi\u00f3n socio-pol\u00edtica de la caridad est\u00e1 influyendo en el planteamiento y desarrollo de la comunidad cristiana, de los vicencian\u00f3s, en la lucha contra la pobreza de los empobrecidos y excluidos. Es una dimensi\u00f3n que va unida al tema de la denuncia de las injusticias. Se puede perder fuerza al denunciar, cuando a las instituciones de la Iglesia les falta un bagaje socio-religioso para hacer un an\u00e1lisis serio de la realidad de la pobreza y extraer las necesarias consecuencias. Sin este bagaje dichas insti\u00adtuciones quedan desarmadas para hacer frente al desaf\u00edo de las nuevas pobrezas.<\/p>\n<p>En este sentido las personas e instituciones, que est\u00e1n implicadas en la <i>asistencia, <\/i>tendr\u00edan que estar haciendo continuamente el paso desde la denuncia, desde la protesta, al compromiso con la justicia en la ayuda a los pobres. Para ello hay que evitar tanto los <i>bloqueos de car\u00e1cter ideol\u00f3gico <\/i>\u2014quienes piensan que eso es pol\u00edtica y pretenden permanecer al margen \u2014como los <i>bloqueos de orden religioso\u2014 <\/i>quie\u00adnes piensan que no existe ninguna relaci\u00f3n entre caridad y justicia. Juan Pablo II nos ha recordado en la <i>Centesimus annus <\/i>que: \u00abel amor por el hombre y, en primer lugar por el pobre, en el que la Iglesia ve a Cristo, se concreta en la promoci\u00f3n de la justicia\u00bb<span id='easy-footnote-85-116700' class='easy-footnote-margin-adjust'><\/span><span class='easy-footnote'><a href='https:\/\/vincentians.com\/es\/caridad-en-san-vicente-de-paul\/#easy-footnote-bottom-85-116700' title='C. A. 58.'><sup>85<\/sup><\/a><\/span>.<\/p>\n<p>Se trata de una <i>justicia arraigada en la caridad, <\/i>que constituye su suprema motivaci\u00f3n. Una justicia que, consiguientemente, es <i>parte integrante de la caridad. <\/i>Por otra parte, <i>la caridad es capaz de hacer descubrir sin cesar nuevas exigencias de la justicia, <\/i>la.cual no es, por lo tanto, algo fijo e inmutable. Finalmente, <i>la caridad (a <\/i>la que nunca est\u00e1 permitido da\u00f1ar, ni siquiera por reivindicar la justicia) desborda siempre a la justicia misma. \u00bfPuede acaso fundamentarse la justicia en otra cosa que no sea el amor, si verdaderamente desea uno hacer justicia, ser justo, y no simplemente reivindicar su propio derecho? Se trata de una <i>justicia integrada en el amor al pr\u00f3jimo, <\/i>determinada por dicho amor y envuelta en \u00e9l<span id='easy-footnote-86-116700' class='easy-footnote-margin-adjust'><\/span><span class='easy-footnote'><a href='https:\/\/vincentians.com\/es\/caridad-en-san-vicente-de-paul\/#easy-footnote-bottom-86-116700' title='Cf. L. Gonz\u00e1lez-Carvajal, &lt;i&gt;Con los pobres contra la pobreza, &lt;\/i&gt;Paulinas, Madrid 1991, 115-123, donde habla de caridad-justicia.'><sup>86<\/sup><\/a><\/span>.<\/p>\n<p>5.\u00b0 Hay otro aspecto en el sistema vicenciano de acci\u00f3n social, no suficientemente resaltado: <i>clarificar, convertir las conciencias <\/i>de los poderes pol\u00edticos, sociales y econ\u00f3micos. La prueba la tenemos en la abundante correspondencia y en las m\u00faltiples relaciones que Vicente de Pa\u00fal mantiene con muchos de ellos.<\/p>\n<p>Este quinto aspecto o nivel de la lucha contra la pobreza tiene dos caracter\u00edsticas: la <i>capacidad cr\u00edtica <\/i>para descubrir y hacer descubrir las injusticias, explotaciones y marginaciones, y la capacidad de <i>con\u00adcienciar <\/i>y de <i>animar <\/i>a personas, grupos e instituciones sociales, eco\u00adn\u00f3micas y pol\u00edticas para que hagan lo posible para favorecer a los pobres.<\/p>\n<p>Es necesario generar en el conjunto de la sociedad una cultura de la solidaridad que persiga la superaci\u00f3n de las desigualdades sociales irritantes y cuyo objetivo prioritario sea la inserci\u00f3n de los colectivos m\u00e1s desfavorecidos. La pol\u00edtica social debe centrarse en una respuesta adecuada de los gobiernos a las situaciones de necesidad de los ciu\u00addadanos, no convertirse en un parcheo producido por el sistema para seguir subsistiendo, e incluso en un medio de la administraci\u00f3n para controlar a la sociedad<span id='easy-footnote-87-116700' class='easy-footnote-margin-adjust'><\/span><span class='easy-footnote'><a href='https:\/\/vincentians.com\/es\/caridad-en-san-vicente-de-paul\/#easy-footnote-bottom-87-116700' title='Cf. J. Hern\u00e1ndez i P\u00e9rez, &lt;i&gt;El modelo burocr\u00e1tico de servicios sociales en el Estado Espa\u00f1ol: &lt;\/i&gt;Revista de Servicios Sociales y Pol\u00edtica Social 27 (1992) 49-57.'><sup>87<\/sup><\/a><\/span>.<\/p>\n<p>6.\u00b0 En el vasto plan de acci\u00f3n social, organizado y realizado por Vicente de Pa\u00fal, se encuentra, finalmente, un sexto aspecto: <i>la coor\u00addinaci\u00f3n de la caridad.<\/i><\/p>\n<p>Si hay alg\u00fan criterio para suprimir la pobreza, es el amor solidario a los pobres vivido en la verdadera fraternidad. De ah\u00ed que Vicente de Pa\u00fal lance un llamamiento a todos los que enfrentan la diversidad de opiniones, de inter\u00e9s y de situaci\u00f3n social: jesuitas y port-royalistas, Compa\u00f1\u00eda del Sant\u00edsimo Sacramento y \u00f3rdenes religiosas, hombres de gobierno y gobernadores, ricos y pobres, a fin de impedir morir a los seres que todav\u00eda respiran<span id='easy-footnote-88-116700' class='easy-footnote-margin-adjust'><\/span><span class='easy-footnote'><a href='https:\/\/vincentians.com\/es\/caridad-en-san-vicente-de-paul\/#easy-footnote-bottom-88-116700' title='Cf. &lt;i&gt;Relations mars-avril, mai, septembre-octobre 1652; Le Magasin charitable, janvier, 1653; &lt;\/i&gt;(Estos documentos se encuentran publicados en M. M.&amp;#8217; Ib\u00e1\u00f1ez, &lt;i&gt;Vicente de Pata y los pobres, &lt;\/i&gt;o. c., 387-393; 417-429); &lt;b&gt;R. &lt;\/b&gt;Voyer d&amp;#8217;Argenson, &lt;i&gt;Annales de la Com\u00adpagnie du St. Sacrement &lt;\/i&gt;(Publicados y anotados por Dom Beauchet-Fileau), Marseille 1900, 127, 132, 158; P. Coste, &lt;i&gt;Le grand Saint du grand siecle, Monsieur Vincent, &lt;\/i&gt;Paris 1932, 3 Vols. II, 716-717; S.V. IV, 392, 401-402, 539-540, 542; cf. ES IV, 369, 377\u00ad378, 503-504, 506.'><sup>88<\/sup><\/a><\/span>. S\u00f3lo la prodigiosa actividad de Vicente de Pa\u00fal explica la gracia de su arte y el car\u00e1cter \u00fanico y convincente de su caridad. Este m\u00edstico de la caridad habla a otro, habla de otro y en su nombre, de Cristo, a quien suplica: \u00ab\u00a1Ah, Se\u00f1or!, atr\u00e1enos hacia ti, conc\u00e9denos la gracia de entrar en la pr\u00e1ctica de tu ejemplo y de tu regla que nos lleva a buscar el reino de Dios y su justicia (&#8230;). Mi buen Jes\u00fas, ens\u00e9\u00f1ame a hacerlo y haz que lo haga\u00bb<span id='easy-footnote-89-116700' class='easy-footnote-margin-adjust'><\/span><span class='easy-footnote'><a href='https:\/\/vincentians.com\/es\/caridad-en-san-vicente-de-paul\/#easy-footnote-bottom-89-116700' title='S.V. J\u00fcI, 147-148; ES XI, 442-443.'><sup>89<\/sup><\/a><\/span>.<\/p>\n<p>Este es el Cristo que presenta a sus interlocutores. De ah\u00ed su persuasi\u00f3n y su eficacia. La continuaci\u00f3n del \u00abamor compasivo\u00bb del Hijo de Dios da sentido y unidad a la fraternidad. Una fraternidad que crea una conciencia com\u00fan de solidaridad para responder a las nece\u00adsidades de los pobres.<\/p>\n<p>La llamada de Vicente de Pa\u00fal a vivir la caridad desde las exigencias cristianas de fraternidad contiene una fuerza \u00abrevolucio\u00adnaria\u00bb en la acci\u00f3n social que \u00e9l organiza y coordina. Con esta llamada a la fraternidad, a la coordinaci\u00f3n, pretende que todos los grupos cristianos vivan su fe en la caridad, creadora de justicia. En el pensamiento y en la vida de Vicente de Pa\u00fal no existe ning\u00fan otro motivo de justicia que no sea el amor de fraternidad del hombre por el hombre, que ciertamente se fundamenta, en \u00faltimo t\u00e9rmino, en el amor a Dios.<\/p>\n<p>Todo este plan organizado de la <i>caridad vicenciana <\/i>en la lucha contra la pobreza es la <i>expresi\u00f3n de la dimensi\u00f3n social y pol\u00edtica de la fe <\/i>de Vicente de Pa\u00fal. Los vicencianos pueden apoyarse hoy, cuando viven en el servicio a los pobres la dimensi\u00f3n pol\u00edtica y social de la caridad, en unas palabras que a su fundador le hubiera gustado que se hubieran pronunciado en su tiempo. Me refiero a las palabras pro\u00adnunciadas por P\u00edo XI ante la Federaci\u00f3n universitaria cat\u00f3lica italiana: \u00abEl campo pol\u00edtico abarca los intereses de la sociedad entera; y en este sentido, es el campo de la m\u00e1s vasta caridad, de la caridad pol\u00edtica, de la caridad de la sociedad\u00bb<span id='easy-footnote-90-116700' class='easy-footnote-margin-adjust'><\/span><span class='easy-footnote'><a href='https:\/\/vincentians.com\/es\/caridad-en-san-vicente-de-paul\/#easy-footnote-bottom-90-116700' title='P\u00edo XI, 18 de diciembre de 1927, &lt;i&gt;Documentation Catholique, &lt;\/i&gt;1930, col,. 358. En esta &lt;i&gt;misma &lt;\/i&gt;l\u00ednea de pensamiento los obispos espa\u00f1oles declararon el 22 de agosto de 1986: \u00abLa dimensi\u00f3n social y pol\u00edtica de la caridad\u00bb consiste en \u00abun compromiso activo y operante (&amp;#8230;) en favor de un mundo m\u00e1s justo y m\u00e1s fraterno con especial atenci\u00f3n a las necesidades de los m\u00e1s pobres\u00bb, &lt;i&gt;Los cat\u00f3licos en la vida p\u00fablica, &lt;\/i&gt;EDICE, Madrid 1986, p. 61.'><sup>90<\/sup><\/a><\/span>. Una caridad que, para ser vivida en plenitud, reclama <i>la donaci\u00f3n de uno mismo. <\/i>As\u00ed lo entiende Vicente de Pa\u00fal y as\u00ed se lo comunica a las Hijas de la Caridad: \u00abHac\u00e9is profesi\u00f3n de dar la vida por el servicio al pr\u00f3jimo, por amor a Dios. \u00bfHay alg\u00fan acto de amor que sea superior a este? No, pues es evidente que el mayor testimonio de amor es dar la vida por lo que se ama (Jn 15, 13); y vosotras dais toda vuestra vida por la pr\u00e1ctica de la caridad; por tanto, la dais por Dios\u00bb<span id='easy-footnote-91-116700' class='easy-footnote-margin-adjust'><\/span><span class='easy-footnote'><a href='https:\/\/vincentians.com\/es\/caridad-en-san-vicente-de-paul\/#easy-footnote-bottom-91-116700' title='S.V. IX, 459; CE 758.'><sup>91<\/sup><\/a><\/span>.<\/p>\n<p>Esta manera de comprender y de vivir la caridad puede conducir, y de hecho as\u00ed ha sucedido en la historia, a ser \u00abm\u00e1rtires de la cari\u00addad\u00bb<span id='easy-footnote-92-116700' class='easy-footnote-margin-adjust'><\/span><span class='easy-footnote'><a href='https:\/\/vincentians.com\/es\/caridad-en-san-vicente-de-paul\/#easy-footnote-bottom-92-116700' title='Cf. S.V. IX 270; X, 510, 550-551; cf. CE 442, 2020, 2079-2082.'><sup>92<\/sup><\/a><\/span>. Todos sabemos lo que eso implica hoy.<\/p>\n<h2>Conclusi\u00f3n<\/h2>\n<p>El valor de una ense\u00f1anza no se mide por lo que concentra o guarda, sino por lo que evoca e interroga. La ense\u00f1anza de Vicente de Pa\u00fal nos indica que para comprender el sentido y el objeto de la caridad vicenciana, es preciso experimentar que Dios se rige por el principio-caridad, arraigarse en el movimiento de la encarnaci\u00f3n de Cristo y hacer suya la situaci\u00f3n de injusticia a la que est\u00e1n sometidos los pobres a causa del ego\u00edsmo y la insolidaridad de los que en la sociedad saben que tienen las de ganar. Al margen de esta triple realidad: Dios-Cristo-pobres, la caridad vicenciana se desvanece y pierde su consistencia teol\u00f3gica, cristol\u00f3gica, eclesial y social.<\/p>\n<p>Para Vicente de Pa\u00fal no es suficiente ejercer la caridad indivi\u00addualmente. Es preciso tambi\u00e9n ejercerla colectivamente. La raz\u00f3n es\u00adtriba en que para \u00e9l la Iglesia, m\u00e1s que una comunidad de culto, es una comunidad de caridad. Esta experiencia puede y debe conducir hoy a la comunidad cristiana a dar pruebas eficaces de su compromiso en favor de la justicia y de la fraternidad. De lo contrario su testimonio de Dios no tendr\u00e1 cabida en quienes se encuentran comprometidos en crear una sociedad m\u00e1s igualitaria y m\u00e1s solidaria.<\/p>\n<p>En esta l\u00ednea de pensamiento y de acci\u00f3n, Vicente de Pa\u00fal es un precursor. Ha comprendido el papel esencial que tiene la caridad en la Iglesia, su car\u00e1cter nuclear y estructurante de la comunidad cristiana. Todo en el cristianismo, vicencianamente hablando, tiene un horizonte: amar a Dios en el hombre, en el pobre, y amar al hombre, al pobre, en Dios. De ah\u00ed que tenga que ser cada vez mayor la vinculaci\u00f3n existente entre la comunidad cristiana y el testimonio de caridad. No se puede olvidar que la caridad hace visible y cre\u00edble a la Iglesia de Cristo.<\/p>\n<p>La caridad, para que sea eficaz, necesita utilizar todas su me\u00addiaciones. Vicente de Pa\u00fal se sirve tanto de la dimensi\u00f3n asistencial como de la dimensi\u00f3n social y pol\u00edtica de la caridad en la lucha contra la pobreza. Querer reducirla a su dimensi\u00f3n asistencial, ser\u00eda eliminar imprudentemente la audacia y la creatividad de la caridad vicenciana.<\/p>\n<p>Vicente de Pa\u00fal insiste en que no se puede cerrar los ojos ante los pobres, no se puede negar los hechos. Utilizar este recurso habitual del ser humano, ser\u00eda no querer ver la pobreza para as\u00ed quedarse con la conciencia tranquila. Ante la pobreza, que dificulta y acorta la vida a los pobres, Vicente de Pa\u00fal juzga que habr\u00eda que dar incluso \u00abde lo necesario\u00bb. En realidad piensa tambi\u00e9n que las cosas pueden arreglarse dando lo superfluo. Con una condici\u00f3n: no cerrar tampoco los ojos para dejar de ver que la pobreza existe porque, los que no somos pobres, nos hemos instalado apaciblemente en el dulce encanto de la necesidad de lo superfluo.<\/p>\n","protected":false},"excerpt":{"rendered":"<p>Introducci\u00f3n Hablar de la caridad en Vicente de Pa\u00fal en esta semana de Estudios Vicencianos significa hacer una \u00abrelectura\u00bb de la misma. Esta relectura implica no una simple exposici\u00f3n de lo que dijo e hizo &#8230; <a href=\"https:\/\/vincentians.com\/es\/caridad-en-san-vicente-de-paul\/\" class=\"more-link\">Read More<\/a><\/p>\n","protected":false},"author":4,"featured_media":401146,"comment_status":"open","ping_status":"open","sticky":false,"template":"","format":"standard","meta":{"jetpack_post_was_ever_published":false,"_jetpack_newsletter_access":"","_jetpack_dont_email_post_to_subs":false,"_jetpack_newsletter_tier_id":0,"_jetpack_memberships_contains_paywalled_content":false,"_jetpack_memberships_contains_paid_content":false,"footnotes":"","jetpack_publicize_message":"","jetpack_publicize_feature_enabled":true,"jetpack_social_post_already_shared":true,"jetpack_social_options":{"image_generator_settings":{"template":"highway","default_image_id":0,"font":"","enabled":false},"version":2}},"categories":[28],"tags":[218,230,142,172],"class_list":["post-116700","post","type-post","status-publish","format-standard","has-post-thumbnail","hentry","category-formacion-vicenciana","tag-abelly","tag-almeras","tag-collet","tag-pobreza"],"yoast_head":"<!-- This site is optimized with the Yoast SEO plugin v26.3 - https:\/\/yoast.com\/wordpress\/plugins\/seo\/ -->\n<title>Caridad en San Vicente de Pa\u00fal - Somos Vicencianos<\/title>\n<meta name=\"robots\" content=\"index, follow, max-snippet:-1, max-image-preview:large, max-video-preview:-1\" \/>\n<link rel=\"canonical\" href=\"https:\/\/vincentians.com\/es\/caridad-en-san-vicente-de-paul\/\" \/>\n<meta property=\"og:locale\" content=\"es_ES\" \/>\n<meta property=\"og:type\" content=\"article\" \/>\n<meta property=\"og:title\" content=\"Caridad en San Vicente de Pa\u00fal - Somos Vicencianos\" \/>\n<meta property=\"og:description\" content=\"Introducci\u00f3n Hablar de la caridad en Vicente de Pa\u00fal en esta semana de Estudios Vicencianos significa hacer una \u00abrelectura\u00bb de la misma. Esta relectura implica no una simple exposici\u00f3n de lo que dijo e hizo ... Read More\" \/>\n<meta property=\"og:url\" content=\"https:\/\/vincentians.com\/es\/caridad-en-san-vicente-de-paul\/\" \/>\n<meta property=\"og:site_name\" content=\"Somos Vicencianos\" \/>\n<meta property=\"article:publisher\" content=\"https:\/\/www.facebook.com\/WeAreVincentians\/\" \/>\n<meta property=\"article:author\" content=\"https:\/\/www.facebook.com\/JavierChento\" \/>\n<meta property=\"article:published_time\" content=\"2018-10-26T06:53:58+00:00\" \/>\n<meta property=\"og:image\" content=\"https:\/\/i0.wp.com\/vincentians.com\/es\/wp-content\/uploads\/sites\/11\/2017\/07\/San-Vicente-7.jpg?fit=600%2C416&ssl=1\" \/>\n\t<meta property=\"og:image:width\" content=\"600\" \/>\n\t<meta property=\"og:image:height\" content=\"416\" \/>\n\t<meta property=\"og:image:type\" content=\"image\/jpeg\" \/>\n<meta name=\"author\" content=\"Francisco Javier Fern\u00e1ndez Chento\" \/>\n<meta name=\"twitter:card\" content=\"summary_large_image\" \/>\n<meta name=\"twitter:creator\" content=\"@https:\/\/twitter.com\/javierchento\" \/>\n<meta name=\"twitter:site\" content=\"@WeVincentians\" \/>\n<meta name=\"twitter:label1\" content=\"Escrito por\" \/>\n\t<meta name=\"twitter:data1\" content=\"Francisco Javier Fern\u00e1ndez Chento\" \/>\n\t<meta name=\"twitter:label2\" content=\"Tiempo de lectura\" \/>\n\t<meta name=\"twitter:data2\" content=\"67 minutos\" \/>\n<script type=\"application\/ld+json\" class=\"yoast-schema-graph\">{\"@context\":\"https:\/\/schema.org\",\"@graph\":[{\"@type\":\"Article\",\"@id\":\"https:\/\/vincentians.com\/es\/caridad-en-san-vicente-de-paul\/#article\",\"isPartOf\":{\"@id\":\"https:\/\/vincentians.com\/es\/caridad-en-san-vicente-de-paul\/\"},\"author\":{\"name\":\"Francisco Javier Fern\u00e1ndez Chento\",\"@id\":\"http:\/\/vincentians.com\/es\/#\/schema\/person\/9623ef4d9aa3b2dfb8c061f1499288f2\"},\"headline\":\"Caridad en San Vicente de Pa\u00fal\",\"datePublished\":\"2018-10-26T06:53:58+00:00\",\"mainEntityOfPage\":{\"@id\":\"https:\/\/vincentians.com\/es\/caridad-en-san-vicente-de-paul\/\"},\"wordCount\":13474,\"commentCount\":0,\"publisher\":{\"@id\":\"http:\/\/vincentians.com\/es\/#organization\"},\"image\":{\"@id\":\"https:\/\/vincentians.com\/es\/caridad-en-san-vicente-de-paul\/#primaryimage\"},\"thumbnailUrl\":\"https:\/\/i0.wp.com\/vincentians.com\/es\/wp-content\/uploads\/sites\/11\/2017\/07\/San-Vicente-7.jpg?fit=600%2C416&ssl=1\",\"keywords\":[\"Abelly\",\"Almer\u00e1s\",\"Collet\",\"Pobreza\"],\"articleSection\":[\"Formaci\u00f3n Vicenciana\"],\"inLanguage\":\"es\",\"potentialAction\":[{\"@type\":\"CommentAction\",\"name\":\"Comment\",\"target\":[\"https:\/\/vincentians.com\/es\/caridad-en-san-vicente-de-paul\/#respond\"]}]},{\"@type\":\"WebPage\",\"@id\":\"https:\/\/vincentians.com\/es\/caridad-en-san-vicente-de-paul\/\",\"url\":\"https:\/\/vincentians.com\/es\/caridad-en-san-vicente-de-paul\/\",\"name\":\"Caridad en San Vicente de Pa\u00fal - Somos Vicencianos\",\"isPartOf\":{\"@id\":\"http:\/\/vincentians.com\/es\/#website\"},\"primaryImageOfPage\":{\"@id\":\"https:\/\/vincentians.com\/es\/caridad-en-san-vicente-de-paul\/#primaryimage\"},\"image\":{\"@id\":\"https:\/\/vincentians.com\/es\/caridad-en-san-vicente-de-paul\/#primaryimage\"},\"thumbnailUrl\":\"https:\/\/i0.wp.com\/vincentians.com\/es\/wp-content\/uploads\/sites\/11\/2017\/07\/San-Vicente-7.jpg?fit=600%2C416&ssl=1\",\"datePublished\":\"2018-10-26T06:53:58+00:00\",\"breadcrumb\":{\"@id\":\"https:\/\/vincentians.com\/es\/caridad-en-san-vicente-de-paul\/#breadcrumb\"},\"inLanguage\":\"es\",\"potentialAction\":[{\"@type\":\"ReadAction\",\"target\":[\"https:\/\/vincentians.com\/es\/caridad-en-san-vicente-de-paul\/\"]}]},{\"@type\":\"ImageObject\",\"inLanguage\":\"es\",\"@id\":\"https:\/\/vincentians.com\/es\/caridad-en-san-vicente-de-paul\/#primaryimage\",\"url\":\"https:\/\/i0.wp.com\/vincentians.com\/es\/wp-content\/uploads\/sites\/11\/2017\/07\/San-Vicente-7.jpg?fit=600%2C416&ssl=1\",\"contentUrl\":\"https:\/\/i0.wp.com\/vincentians.com\/es\/wp-content\/uploads\/sites\/11\/2017\/07\/San-Vicente-7.jpg?fit=600%2C416&ssl=1\",\"width\":600,\"height\":416},{\"@type\":\"BreadcrumbList\",\"@id\":\"https:\/\/vincentians.com\/es\/caridad-en-san-vicente-de-paul\/#breadcrumb\",\"itemListElement\":[{\"@type\":\"ListItem\",\"position\":1,\"name\":\"Portada\",\"item\":\"http:\/\/vincentians.com\/es\/\"},{\"@type\":\"ListItem\",\"position\":2,\"name\":\"Caridad en San Vicente de Pa\u00fal\"}]},{\"@type\":\"WebSite\",\"@id\":\"http:\/\/vincentians.com\/es\/#website\",\"url\":\"http:\/\/vincentians.com\/es\/\",\"name\":\"Somos Vicencianos\",\"description\":\"Know more to serve more\",\"publisher\":{\"@id\":\"http:\/\/vincentians.com\/es\/#organization\"},\"potentialAction\":[{\"@type\":\"SearchAction\",\"target\":{\"@type\":\"EntryPoint\",\"urlTemplate\":\"http:\/\/vincentians.com\/es\/?s={search_term_string}\"},\"query-input\":{\"@type\":\"PropertyValueSpecification\",\"valueRequired\":true,\"valueName\":\"search_term_string\"}}],\"inLanguage\":\"es\"},{\"@type\":\"Organization\",\"@id\":\"http:\/\/vincentians.com\/es\/#organization\",\"name\":\"The Vincentian Network\",\"url\":\"http:\/\/vincentians.com\/es\/\",\"logo\":{\"@type\":\"ImageObject\",\"inLanguage\":\"es\",\"@id\":\"http:\/\/vincentians.com\/es\/#\/schema\/logo\/image\/\",\"url\":\"https:\/\/i1.wp.com\/vincentians.com\/es\/wp-content\/uploads\/sites\/11\/2016\/06\/Vincentian-Network-logo-big.png?fit=778%2C778\",\"contentUrl\":\"https:\/\/i1.wp.com\/vincentians.com\/es\/wp-content\/uploads\/sites\/11\/2016\/06\/Vincentian-Network-logo-big.png?fit=778%2C778\",\"width\":778,\"height\":778,\"caption\":\"The Vincentian Network\"},\"image\":{\"@id\":\"http:\/\/vincentians.com\/es\/#\/schema\/logo\/image\/\"},\"sameAs\":[\"https:\/\/www.facebook.com\/WeAreVincentians\/\",\"https:\/\/x.com\/WeVincentians\"]},{\"@type\":\"Person\",\"@id\":\"http:\/\/vincentians.com\/es\/#\/schema\/person\/9623ef4d9aa3b2dfb8c061f1499288f2\",\"name\":\"Francisco Javier Fern\u00e1ndez Chento\",\"image\":{\"@type\":\"ImageObject\",\"inLanguage\":\"es\",\"@id\":\"http:\/\/vincentians.com\/es\/#\/schema\/person\/image\/\",\"url\":\"https:\/\/secure.gravatar.com\/avatar\/497d5cde87b4c3d097d0315953521681ba2cd523ee66e5077c3711f7021e65de?s=96&d=mm&r=g\",\"contentUrl\":\"https:\/\/secure.gravatar.com\/avatar\/497d5cde87b4c3d097d0315953521681ba2cd523ee66e5077c3711f7021e65de?s=96&d=mm&r=g\",\"caption\":\"Francisco Javier Fern\u00e1ndez Chento\"},\"description\":\"Director General y cofundador de La Red de Formaci\u00f3n Vicenciana. Javier es laico vicenciano, afiliado a la Congregaci\u00f3n de la Misi\u00f3n y miembro del Equipo de Misiones Populares de la provincia can\u00f3nica de Zaragoza (Espa\u00f1a) de la Congregaci\u00f3n de la Misi\u00f3n. Graduado en la Universidad Oberta de Catalunya con cuatro grados (Asistente de direcci\u00f3n, Gesti\u00f3n Administrativa, Recursos Humanos y Contabilidad Avanzada). Bil\u00edng\u00fce Espa\u00f1ol\/Ingl\u00e9s. gestiona y mantiene varias p\u00e1ginas web cristianas y vicencianas, incluida including La Red de Formaci\u00f3n Vicenciana, de la que es cofundador. Actualmente es responsable del \u00e1rea de Espa\u00f1ol de .famvin, la Red de Noticias de la Familia Vicenciana. Tambi\u00e9n es m\u00fasico cat\u00f3lico y ha editado varios discos. Es Director General y cofundador de Trovador, una reconocida compa\u00f1\u00eda discogr\u00e1fica critiana de Espa\u00f1a. Trabaja en las Tecnolog\u00edas de la Informaci\u00f3n, ofreciendo servicios de alojamiento, dise\u00f1o y mantenimiento Web, as\u00ed como asesoramiento, formaci\u00f3n y soluciones inform\u00e1ticas, gesti\u00f3n documental y digitalizaci\u00f3n de textos, edici\u00f3n y maquetaci\u00f3n de libros, revistas, flyers, etc.\",\"sameAs\":[\"http:\/\/chento.org\",\"https:\/\/www.facebook.com\/JavierChento\",\"https:\/\/x.com\/https:\/\/twitter.com\/javierchento\"],\"url\":\"https:\/\/vincentians.com\/es\/author\/chento\/\"}]}<\/script>\n<!-- \/ Yoast SEO plugin. -->","yoast_head_json":{"title":"Caridad en San Vicente de Pa\u00fal - Somos Vicencianos","robots":{"index":"index","follow":"follow","max-snippet":"max-snippet:-1","max-image-preview":"max-image-preview:large","max-video-preview":"max-video-preview:-1"},"canonical":"https:\/\/vincentians.com\/es\/caridad-en-san-vicente-de-paul\/","og_locale":"es_ES","og_type":"article","og_title":"Caridad en San Vicente de Pa\u00fal - Somos Vicencianos","og_description":"Introducci\u00f3n Hablar de la caridad en Vicente de Pa\u00fal en esta semana de Estudios Vicencianos significa hacer una \u00abrelectura\u00bb de la misma. Esta relectura implica no una simple exposici\u00f3n de lo que dijo e hizo ... Read More","og_url":"https:\/\/vincentians.com\/es\/caridad-en-san-vicente-de-paul\/","og_site_name":"Somos Vicencianos","article_publisher":"https:\/\/www.facebook.com\/WeAreVincentians\/","article_author":"https:\/\/www.facebook.com\/JavierChento","article_published_time":"2018-10-26T06:53:58+00:00","og_image":[{"width":600,"height":416,"url":"https:\/\/i0.wp.com\/vincentians.com\/es\/wp-content\/uploads\/sites\/11\/2017\/07\/San-Vicente-7.jpg?fit=600%2C416&ssl=1","type":"image\/jpeg"}],"author":"Francisco Javier Fern\u00e1ndez Chento","twitter_card":"summary_large_image","twitter_creator":"@https:\/\/twitter.com\/javierchento","twitter_site":"@WeVincentians","twitter_misc":{"Escrito por":"Francisco Javier Fern\u00e1ndez Chento","Tiempo de lectura":"67 minutos"},"schema":{"@context":"https:\/\/schema.org","@graph":[{"@type":"Article","@id":"https:\/\/vincentians.com\/es\/caridad-en-san-vicente-de-paul\/#article","isPartOf":{"@id":"https:\/\/vincentians.com\/es\/caridad-en-san-vicente-de-paul\/"},"author":{"name":"Francisco Javier Fern\u00e1ndez Chento","@id":"http:\/\/vincentians.com\/es\/#\/schema\/person\/9623ef4d9aa3b2dfb8c061f1499288f2"},"headline":"Caridad en San Vicente de Pa\u00fal","datePublished":"2018-10-26T06:53:58+00:00","mainEntityOfPage":{"@id":"https:\/\/vincentians.com\/es\/caridad-en-san-vicente-de-paul\/"},"wordCount":13474,"commentCount":0,"publisher":{"@id":"http:\/\/vincentians.com\/es\/#organization"},"image":{"@id":"https:\/\/vincentians.com\/es\/caridad-en-san-vicente-de-paul\/#primaryimage"},"thumbnailUrl":"https:\/\/i0.wp.com\/vincentians.com\/es\/wp-content\/uploads\/sites\/11\/2017\/07\/San-Vicente-7.jpg?fit=600%2C416&ssl=1","keywords":["Abelly","Almer\u00e1s","Collet","Pobreza"],"articleSection":["Formaci\u00f3n Vicenciana"],"inLanguage":"es","potentialAction":[{"@type":"CommentAction","name":"Comment","target":["https:\/\/vincentians.com\/es\/caridad-en-san-vicente-de-paul\/#respond"]}]},{"@type":"WebPage","@id":"https:\/\/vincentians.com\/es\/caridad-en-san-vicente-de-paul\/","url":"https:\/\/vincentians.com\/es\/caridad-en-san-vicente-de-paul\/","name":"Caridad en San Vicente de Pa\u00fal - Somos Vicencianos","isPartOf":{"@id":"http:\/\/vincentians.com\/es\/#website"},"primaryImageOfPage":{"@id":"https:\/\/vincentians.com\/es\/caridad-en-san-vicente-de-paul\/#primaryimage"},"image":{"@id":"https:\/\/vincentians.com\/es\/caridad-en-san-vicente-de-paul\/#primaryimage"},"thumbnailUrl":"https:\/\/i0.wp.com\/vincentians.com\/es\/wp-content\/uploads\/sites\/11\/2017\/07\/San-Vicente-7.jpg?fit=600%2C416&ssl=1","datePublished":"2018-10-26T06:53:58+00:00","breadcrumb":{"@id":"https:\/\/vincentians.com\/es\/caridad-en-san-vicente-de-paul\/#breadcrumb"},"inLanguage":"es","potentialAction":[{"@type":"ReadAction","target":["https:\/\/vincentians.com\/es\/caridad-en-san-vicente-de-paul\/"]}]},{"@type":"ImageObject","inLanguage":"es","@id":"https:\/\/vincentians.com\/es\/caridad-en-san-vicente-de-paul\/#primaryimage","url":"https:\/\/i0.wp.com\/vincentians.com\/es\/wp-content\/uploads\/sites\/11\/2017\/07\/San-Vicente-7.jpg?fit=600%2C416&ssl=1","contentUrl":"https:\/\/i0.wp.com\/vincentians.com\/es\/wp-content\/uploads\/sites\/11\/2017\/07\/San-Vicente-7.jpg?fit=600%2C416&ssl=1","width":600,"height":416},{"@type":"BreadcrumbList","@id":"https:\/\/vincentians.com\/es\/caridad-en-san-vicente-de-paul\/#breadcrumb","itemListElement":[{"@type":"ListItem","position":1,"name":"Portada","item":"http:\/\/vincentians.com\/es\/"},{"@type":"ListItem","position":2,"name":"Caridad en San Vicente de Pa\u00fal"}]},{"@type":"WebSite","@id":"http:\/\/vincentians.com\/es\/#website","url":"http:\/\/vincentians.com\/es\/","name":"Somos Vicencianos","description":"Know more to serve more","publisher":{"@id":"http:\/\/vincentians.com\/es\/#organization"},"potentialAction":[{"@type":"SearchAction","target":{"@type":"EntryPoint","urlTemplate":"http:\/\/vincentians.com\/es\/?s={search_term_string}"},"query-input":{"@type":"PropertyValueSpecification","valueRequired":true,"valueName":"search_term_string"}}],"inLanguage":"es"},{"@type":"Organization","@id":"http:\/\/vincentians.com\/es\/#organization","name":"The Vincentian Network","url":"http:\/\/vincentians.com\/es\/","logo":{"@type":"ImageObject","inLanguage":"es","@id":"http:\/\/vincentians.com\/es\/#\/schema\/logo\/image\/","url":"https:\/\/i1.wp.com\/vincentians.com\/es\/wp-content\/uploads\/sites\/11\/2016\/06\/Vincentian-Network-logo-big.png?fit=778%2C778","contentUrl":"https:\/\/i1.wp.com\/vincentians.com\/es\/wp-content\/uploads\/sites\/11\/2016\/06\/Vincentian-Network-logo-big.png?fit=778%2C778","width":778,"height":778,"caption":"The Vincentian Network"},"image":{"@id":"http:\/\/vincentians.com\/es\/#\/schema\/logo\/image\/"},"sameAs":["https:\/\/www.facebook.com\/WeAreVincentians\/","https:\/\/x.com\/WeVincentians"]},{"@type":"Person","@id":"http:\/\/vincentians.com\/es\/#\/schema\/person\/9623ef4d9aa3b2dfb8c061f1499288f2","name":"Francisco Javier Fern\u00e1ndez Chento","image":{"@type":"ImageObject","inLanguage":"es","@id":"http:\/\/vincentians.com\/es\/#\/schema\/person\/image\/","url":"https:\/\/secure.gravatar.com\/avatar\/497d5cde87b4c3d097d0315953521681ba2cd523ee66e5077c3711f7021e65de?s=96&d=mm&r=g","contentUrl":"https:\/\/secure.gravatar.com\/avatar\/497d5cde87b4c3d097d0315953521681ba2cd523ee66e5077c3711f7021e65de?s=96&d=mm&r=g","caption":"Francisco Javier Fern\u00e1ndez Chento"},"description":"Director General y cofundador de La Red de Formaci\u00f3n Vicenciana. Javier es laico vicenciano, afiliado a la Congregaci\u00f3n de la Misi\u00f3n y miembro del Equipo de Misiones Populares de la provincia can\u00f3nica de Zaragoza (Espa\u00f1a) de la Congregaci\u00f3n de la Misi\u00f3n. Graduado en la Universidad Oberta de Catalunya con cuatro grados (Asistente de direcci\u00f3n, Gesti\u00f3n Administrativa, Recursos Humanos y Contabilidad Avanzada). Bil\u00edng\u00fce Espa\u00f1ol\/Ingl\u00e9s. gestiona y mantiene varias p\u00e1ginas web cristianas y vicencianas, incluida including La Red de Formaci\u00f3n Vicenciana, de la que es cofundador. Actualmente es responsable del \u00e1rea de Espa\u00f1ol de .famvin, la Red de Noticias de la Familia Vicenciana. Tambi\u00e9n es m\u00fasico cat\u00f3lico y ha editado varios discos. Es Director General y cofundador de Trovador, una reconocida compa\u00f1\u00eda discogr\u00e1fica critiana de Espa\u00f1a. Trabaja en las Tecnolog\u00edas de la Informaci\u00f3n, ofreciendo servicios de alojamiento, dise\u00f1o y mantenimiento Web, as\u00ed como asesoramiento, formaci\u00f3n y soluciones inform\u00e1ticas, gesti\u00f3n documental y digitalizaci\u00f3n de textos, edici\u00f3n y maquetaci\u00f3n de libros, revistas, flyers, etc.","sameAs":["http:\/\/chento.org","https:\/\/www.facebook.com\/JavierChento","https:\/\/x.com\/https:\/\/twitter.com\/javierchento"],"url":"https:\/\/vincentians.com\/es\/author\/chento\/"}]}},"jetpack_publicize_connections":[],"jetpack_featured_media_url":"https:\/\/i0.wp.com\/vincentians.com\/es\/wp-content\/uploads\/sites\/11\/2017\/07\/San-Vicente-7.jpg?fit=600%2C416&ssl=1","jetpack_sharing_enabled":true,"jetpack_shortlink":"https:\/\/wp.me\/p7ETMF-umg","jetpack-related-posts":[{"id":136100,"url":"https:\/\/vincentians.com\/es\/actualidad-del-carisma-vicenciano-en-nuestro-tiempo\/","url_meta":{"origin":116700,"position":0},"title":"Actualidad del carisma vicenciano en nuestro tiempo","author":"Francisco Javier Fern\u00e1ndez Chento","date":"17\/01\/2015","format":false,"excerpt":"Introducci\u00f3n Pr\u00f3ximos a la fiesta de la Fundaci\u00f3n de la Congregaci\u00f3n de la Misi\u00f3n o Misioneros Pa\u00fales, que tuvo lugar el d\u00eda 25 de Enero de 1617, d\u00eda de la Conversi\u00f3n de San Pablo; teniendo en cuenta que estamos celebrando en la Iglesia el a\u00f1o dedicado a la vida consagrada,\u2026","rel":"","context":"En \u00abFormaci\u00f3n Vicenciana\u00bb","block_context":{"text":"Formaci\u00f3n Vicenciana","link":"https:\/\/vincentians.com\/es\/category\/formacion-vicenciana\/"},"img":{"alt_text":"sataluisaysanvicente","src":"https:\/\/i0.wp.com\/vicencianos.org\/wp-content\/2015\/01\/sataluisaysanvicente-300x169.jpg?resize=350%2C200","width":350,"height":200},"classes":[]},{"id":399992,"url":"https:\/\/vincentians.com\/es\/carisma-vicenciano-la-nueva-evangelizacion-algunas-claves-vicencianas-la-evangelizacion-actual\/","url_meta":{"origin":116700,"position":1},"title":"El Carisma Vicenciano y la Nueva Evangelizaci\u00f3n: algunas claves vicencianas para la evangelizaci\u00f3n actual","author":"Francisco Javier Fern\u00e1ndez Chento","date":"16\/09\/2016","format":false,"excerpt":"Punto de partida: Confrontaci\u00f3n entre el Ser y el Quehacer Con frecuencia, en nuestros encuentros, convivencias, reuniones, asambleas... nos planteamos dos cuestiones relativas al ser y al quehacer vicencianos. Partimos de dos percepciones: por un lado, todos estamos de acuerdo en que el carisma, el ser, la identidad, el sello\u2026","rel":"","context":"En \u00abFormaci\u00f3n Vicenciana\u00bb","block_context":{"text":"Formaci\u00f3n Vicenciana","link":"https:\/\/vincentians.com\/es\/category\/formacion-vicenciana\/"},"img":{"alt_text":"","src":"https:\/\/i0.wp.com\/vincentians.com\/es\/wp-content\/uploads\/sites\/11\/2016\/09\/enviados-evangelizar-pobres.jpg?fit=1200%2C630&ssl=1&resize=350%2C200","width":350,"height":200,"srcset":"https:\/\/i0.wp.com\/vincentians.com\/es\/wp-content\/uploads\/sites\/11\/2016\/09\/enviados-evangelizar-pobres.jpg?fit=1200%2C630&ssl=1&resize=350%2C200 1x, https:\/\/i0.wp.com\/vincentians.com\/es\/wp-content\/uploads\/sites\/11\/2016\/09\/enviados-evangelizar-pobres.jpg?fit=1200%2C630&ssl=1&resize=525%2C300 1.5x, https:\/\/i0.wp.com\/vincentians.com\/es\/wp-content\/uploads\/sites\/11\/2016\/09\/enviados-evangelizar-pobres.jpg?fit=1200%2C630&ssl=1&resize=700%2C400 2x, https:\/\/i0.wp.com\/vincentians.com\/es\/wp-content\/uploads\/sites\/11\/2016\/09\/enviados-evangelizar-pobres.jpg?fit=1200%2C630&ssl=1&resize=1050%2C600 3x"},"classes":[]},{"id":128402,"url":"https:\/\/vincentians.com\/es\/aportes-vicencianos-a-la-nueva-evangelizacion\/","url_meta":{"origin":116700,"position":2},"title":"Aportes vicencianos a la nueva evangelizaci\u00f3n","author":"Francisco Javier Fern\u00e1ndez Chento","date":"15\/06\/2024","format":false,"excerpt":"Introducci\u00f3n Desde hace bastante tiempo, estamos oyendo, en la Congregaci\u00f3n de la Misi\u00f3n y en muchos c\u00edrculos de la Familia Vicenciana, dos cuestiones referentes al \"ser\" y al \"quehacer\" vicencianos. Por un lado, todos estamos plenamente de acuerdo en que el carisma, el \"ser\", la identidad, el sello caracter\u00edstico de\u2026","rel":"","context":"En \u00abFormaci\u00f3n Vicenciana\u00bb","block_context":{"text":"Formaci\u00f3n Vicenciana","link":"https:\/\/vincentians.com\/es\/category\/formacion-vicenciana\/"},"img":{"alt_text":"","src":"https:\/\/i0.wp.com\/vincentians.com\/es\/wp-content\/uploads\/sites\/11\/2016\/09\/enviados-evangelizar-pobres.jpg?fit=1200%2C630&ssl=1&resize=350%2C200","width":350,"height":200,"srcset":"https:\/\/i0.wp.com\/vincentians.com\/es\/wp-content\/uploads\/sites\/11\/2016\/09\/enviados-evangelizar-pobres.jpg?fit=1200%2C630&ssl=1&resize=350%2C200 1x, https:\/\/i0.wp.com\/vincentians.com\/es\/wp-content\/uploads\/sites\/11\/2016\/09\/enviados-evangelizar-pobres.jpg?fit=1200%2C630&ssl=1&resize=525%2C300 1.5x, https:\/\/i0.wp.com\/vincentians.com\/es\/wp-content\/uploads\/sites\/11\/2016\/09\/enviados-evangelizar-pobres.jpg?fit=1200%2C630&ssl=1&resize=700%2C400 2x, https:\/\/i0.wp.com\/vincentians.com\/es\/wp-content\/uploads\/sites\/11\/2016\/09\/enviados-evangelizar-pobres.jpg?fit=1200%2C630&ssl=1&resize=1050%2C600 3x"},"classes":[]},{"id":108324,"url":"https:\/\/vincentians.com\/es\/que-podemos-aportar-los-vicencianos-a-la-tarea-evangelizadora-de-la-iglesia\/","url_meta":{"origin":116700,"position":3},"title":"\u00bfQu\u00e9 podemos aportar los vicencianos a la tarea evangelizadora de la Iglesia?","author":"Francisco Javier Fern\u00e1ndez Chento","date":"29\/09\/2018","format":false,"excerpt":"De entrada, quiero dejar muy claro que \u00e9ste no es un art\u00edculo completo y acabado. Se trata, m\u00e1s bien, de una especie de esbozo, de borrador, de \"lluvia de ideas\". Y, evidentemente, se trata tambi\u00e9n de mi propia opini\u00f3n que no es ni mejor ni peor que otras opiniones. Por\u2026","rel":"","context":"En \u00abFormaci\u00f3n Vicenciana\u00bb","block_context":{"text":"Formaci\u00f3n Vicenciana","link":"https:\/\/vincentians.com\/es\/category\/formacion-vicenciana\/"},"img":{"alt_text":"","src":"https:\/\/i0.wp.com\/vincentians.com\/es\/wp-content\/uploads\/sites\/11\/2016\/07\/comnidad-vicenciana-para-la-mision.jpg?fit=1200%2C630&ssl=1&resize=350%2C200","width":350,"height":200,"srcset":"https:\/\/i0.wp.com\/vincentians.com\/es\/wp-content\/uploads\/sites\/11\/2016\/07\/comnidad-vicenciana-para-la-mision.jpg?fit=1200%2C630&ssl=1&resize=350%2C200 1x, https:\/\/i0.wp.com\/vincentians.com\/es\/wp-content\/uploads\/sites\/11\/2016\/07\/comnidad-vicenciana-para-la-mision.jpg?fit=1200%2C630&ssl=1&resize=525%2C300 1.5x, https:\/\/i0.wp.com\/vincentians.com\/es\/wp-content\/uploads\/sites\/11\/2016\/07\/comnidad-vicenciana-para-la-mision.jpg?fit=1200%2C630&ssl=1&resize=700%2C400 2x, https:\/\/i0.wp.com\/vincentians.com\/es\/wp-content\/uploads\/sites\/11\/2016\/07\/comnidad-vicenciana-para-la-mision.jpg?fit=1200%2C630&ssl=1&resize=1050%2C600 3x"},"classes":[]},{"id":127199,"url":"https:\/\/vincentians.com\/es\/misioneros-vicencianos-con-dios-entre-los-mas-pobres\/","url_meta":{"origin":116700,"position":4},"title":"Misioneros Vicencianos: con Dios entre los m\u00e1s pobres","author":"Francisco Javier Fern\u00e1ndez Chento","date":"15\/01\/2024","format":false,"excerpt":"Bajo la denominaci\u00f3n de Misioneros Vicencianos se hace referencia en este art\u00edculo al carisma misionero de los Padres Pa\u00fales, Hijas de la Caridad y Misioneros Seglares Vicencianos. Una galer\u00eda de hombres y mujeres de talla excepcional que se encuentran all\u00ed donde m\u00e1s se les necesita \u2013entre los perseguidos, hu\u00e9rfanos, hambrientos,\u2026","rel":"","context":"En \u00abMisiones \u00abAd gentes\u00bb\u00bb","block_context":{"text":"Misiones \u00abAd gentes\u00bb","link":"https:\/\/vincentians.com\/es\/category\/servicios-y-ministerios\/misiones-ad-gentes\/"},"img":{"alt_text":"","src":"https:\/\/i0.wp.com\/vincentians.com\/es\/wp-content\/uploads\/sites\/11\/2016\/09\/enviados-evangelizar-pobres.jpg?fit=1200%2C630&ssl=1&resize=350%2C200","width":350,"height":200,"srcset":"https:\/\/i0.wp.com\/vincentians.com\/es\/wp-content\/uploads\/sites\/11\/2016\/09\/enviados-evangelizar-pobres.jpg?fit=1200%2C630&ssl=1&resize=350%2C200 1x, https:\/\/i0.wp.com\/vincentians.com\/es\/wp-content\/uploads\/sites\/11\/2016\/09\/enviados-evangelizar-pobres.jpg?fit=1200%2C630&ssl=1&resize=525%2C300 1.5x, https:\/\/i0.wp.com\/vincentians.com\/es\/wp-content\/uploads\/sites\/11\/2016\/09\/enviados-evangelizar-pobres.jpg?fit=1200%2C630&ssl=1&resize=700%2C400 2x, https:\/\/i0.wp.com\/vincentians.com\/es\/wp-content\/uploads\/sites\/11\/2016\/09\/enviados-evangelizar-pobres.jpg?fit=1200%2C630&ssl=1&resize=1050%2C600 3x"},"classes":[]},{"id":398639,"url":"https:\/\/vincentians.com\/es\/aportacion-del-carisma-vicenciano-la-mision-la-iglesia-3\/","url_meta":{"origin":116700,"position":5},"title":"Aportaci\u00f3n del carisma vicenciano a la Misi\u00f3n de la Iglesia (3)","author":"Francisco Javier Fern\u00e1ndez Chento","date":"06\/08\/2016","format":false,"excerpt":"3.- La participaci\u00f3n de los laicos, y particularmente de la mujer, en la Misi\u00f3n de los ap\u00f3stoles. Los bi\u00f3grafos de San Vicente de Pa\u00fal y de Santa Luisa de Marillac destacan su importante contribuci\u00f3n a la promoci\u00f3n de los laicos, y particularmente de la mujer, al apostolado en la Iglesia.\u2026","rel":"","context":"En \u00abFormaci\u00f3n Vicenciana\u00bb","block_context":{"text":"Formaci\u00f3n Vicenciana","link":"https:\/\/vincentians.com\/es\/category\/formacion-vicenciana\/"},"img":{"alt_text":"","src":"https:\/\/i0.wp.com\/vincentians.com\/es\/wp-content\/uploads\/sites\/11\/2016\/06\/contributions-charism.jpg?fit=1200%2C630&ssl=1&resize=350%2C200","width":350,"height":200,"srcset":"https:\/\/i0.wp.com\/vincentians.com\/es\/wp-content\/uploads\/sites\/11\/2016\/06\/contributions-charism.jpg?fit=1200%2C630&ssl=1&resize=350%2C200 1x, https:\/\/i0.wp.com\/vincentians.com\/es\/wp-content\/uploads\/sites\/11\/2016\/06\/contributions-charism.jpg?fit=1200%2C630&ssl=1&resize=525%2C300 1.5x, https:\/\/i0.wp.com\/vincentians.com\/es\/wp-content\/uploads\/sites\/11\/2016\/06\/contributions-charism.jpg?fit=1200%2C630&ssl=1&resize=700%2C400 2x, https:\/\/i0.wp.com\/vincentians.com\/es\/wp-content\/uploads\/sites\/11\/2016\/06\/contributions-charism.jpg?fit=1200%2C630&ssl=1&resize=1050%2C600 3x"},"classes":[]}],"_links":{"self":[{"href":"https:\/\/vincentians.com\/es\/wp-json\/wp\/v2\/posts\/116700","targetHints":{"allow":["GET"]}}],"collection":[{"href":"https:\/\/vincentians.com\/es\/wp-json\/wp\/v2\/posts"}],"about":[{"href":"https:\/\/vincentians.com\/es\/wp-json\/wp\/v2\/types\/post"}],"author":[{"embeddable":true,"href":"https:\/\/vincentians.com\/es\/wp-json\/wp\/v2\/users\/4"}],"replies":[{"embeddable":true,"href":"https:\/\/vincentians.com\/es\/wp-json\/wp\/v2\/comments?post=116700"}],"version-history":[{"count":1,"href":"https:\/\/vincentians.com\/es\/wp-json\/wp\/v2\/posts\/116700\/revisions"}],"predecessor-version":[{"id":401938,"href":"https:\/\/vincentians.com\/es\/wp-json\/wp\/v2\/posts\/116700\/revisions\/401938"}],"wp:featuredmedia":[{"embeddable":true,"href":"https:\/\/vincentians.com\/es\/wp-json\/wp\/v2\/media\/401146"}],"wp:attachment":[{"href":"https:\/\/vincentians.com\/es\/wp-json\/wp\/v2\/media?parent=116700"}],"wp:term":[{"taxonomy":"category","embeddable":true,"href":"https:\/\/vincentians.com\/es\/wp-json\/wp\/v2\/categories?post=116700"},{"taxonomy":"post_tag","embeddable":true,"href":"https:\/\/vincentians.com\/es\/wp-json\/wp\/v2\/tags?post=116700"}],"curies":[{"name":"wp","href":"https:\/\/api.w.org\/{rel}","templated":true}]}}