{"id":116034,"date":"2016-06-27T08:38:20","date_gmt":"2016-06-27T06:38:20","guid":{"rendered":"http:\/\/somos.vicencianos.org\/?p=116034"},"modified":"2016-07-26T19:17:35","modified_gmt":"2016-07-26T17:17:35","slug":"bergson-y-el-padre-pouget-ii","status":"publish","type":"post","link":"https:\/\/vincentians.com\/es\/bergson-y-el-padre-pouget-ii\/","title":{"rendered":"Bergson y el Padre Pouget (II)"},"content":{"rendered":"<p><img data-recalc-dims=\"1\" loading=\"lazy\" decoding=\"async\" class=\"alignnone size-full wp-image-387500 alignleft\" src=\"https:\/\/i0.wp.com\/vicencianos.org\/wp-content\/uploads\/2012\/12\/P.-Poug%C3%A9t.jpg?resize=200%2C251\" alt=\"P. Poug\u00e9t\" width=\"200\" height=\"251\" \/>Las p\u00e1ginas que van a continuaci\u00f3n nacieron de una s\u00faplica que me formularon unos amigos.<\/p>\n<p>Corno consecuencia de la publicaci\u00f3n por Jean Guit\u00adton de sus <em>Di\u00e1logos con el padre Pouget, <\/em>en los que volv\u00eda a la vida a aquel de quien hab\u00eda dise\u00f1ado en 1941 un inolvidable <em>Retrato, <\/em>una figura \u00fanica, como nos dice Mauriac, surgi\u00f3 de repente ante una \u00e9poca, la nuestra, agobiada por demasiadas apariencias fugiti\u00advas para tener tiempo de pensar de manera duradera en lo eterno y en cuantos se alimentan de su jugo. De hecho, caminamos, sin saberlo, al lado de hombres que, en perspectiva lejana, se convertir\u00e1n en h\u00e9roes y en santos. Cuando una luz venida del m\u00e1s all\u00e1 nos los descubre, se produce un choque con esta brusca reve\u00adlaci\u00f3n, las almas aprecian lo que les falta, reconocen a qu\u00e9 aspiraban sin darse cuenta, toman en el interior de s\u00ed mismas conciencia de un universo nuevo, que estaba ah\u00ed, que no se ve\u00eda y que, sin embargo, es f\u00e1cil de contemplar donde son posibles la respiraci\u00f3n y la vida.<\/p>\n<p>Este universo, antiguo y nuevo como todo lo que es eterno, se me descubri\u00f3, hace m\u00e1s de medio siglo, en la persona del padre Pouget. Lo conoc\u00ed, lo explor\u00e9; goc\u00e9 de \u00e9l como gozo todav\u00eda ahora, porque se incor\u00adpor\u00f3 a mi sustancia desde el d\u00eda, lejano y pr\u00f3ximo, en que fui puesto a presencia del hombre que, de una vez, me introdujo dentro de s\u00ed.<\/p>\n<p>Toda verdad camina lentamente, oscuramente, en nosotros. Pero algunas veces, en el curso de esta an\u00addadura, sobreviene alg\u00fan encuentro de circunstancias imprevisibles que nos hace medir el camino recorrido, del mismo modo que en la cima de una monta\u00f1a al\u00adcanzada con esfuerzo, se descubre de repente toda la luz y todo el espacio. Esta ocasi\u00f3n, en el caso presente, no fue tan s\u00f3lo una conjunci\u00f3n de acontecimientos, fue un encuentro de hombres: \u00a1y qu\u00e9 clase de hom\u00adbres! Uno, el maestro, llegado ya al cenit de la gloria, que \u00e9l no hab\u00eda buscado, que no hab\u00eda hecho nada per adquirir, pero que hab\u00eda coronado sesenta a\u00f1os de una vida de entrega absoluta a la b\u00fasqueda de la ver\u00addad : ten\u00eda entonces setenta y tres a\u00f1os ; el otro, un hombre humilde e insignificante, desconocido de to\u00addos, privado de las falsas luces del renombre y, asi\u00admismo, de la bienhechora luz del d\u00eda, que a sus ochenta y seis a\u00f1os hab\u00eda pisado ya el umbral de la eter\u00adnidad.<\/p>\n<p>De este memorable encuentro, Jean Guitton, con su habitual talento, nos ha dejado un ligero esbozo en su <em>Retrato <\/em>y en sus <em>Di\u00e1logos. <\/em>Se me ha pedido, sin embargo, en mi calidad de instigador y testigo prin\u00adcipal, que vuelva a ofrecerlo tal como tuvo lugar, sin a\u00f1adirle ni quitarle nada. No podr\u00eda negarme a ello. Me rend\u00ed, pues, a este deseo que combinaba tan bien con mi secreto pensamiento. Confi\u00e9 la escena a la voz de las ondas.<\/p>\n<p>Pero esta voz, que alcanza al p\u00fablico m\u00e1s hetero\u00adg\u00e9neo, hubo de prolongarse en los esp\u00edritus afectados por ella. Quienes tuvieron conocimiento de mi relato antes que \u00e9ste se difundiese\u2014Jeanne Bergson, la hija del fil\u00f3sofo; sus amigos Henry Bordeaux y L\u00e9on B\u00e9rard, los hermanos de Orden del padre Pouget\u2014, me impusieron el deber de fijar por escrito la escena que yo evocaba, evocando a la vez la figura de dos hombres que fueron, en el sentido pleno de la palabra, sus actores. Lo hago ahora, para ellos y para m\u00ed mis\u00admo, tratando de que nada se interponga entre lo que digo y lo que realmente fue.<\/p>\n<p>Escribe Bossuet profundamente, en su <em>Pol\u00edtica sa\u00ad<\/em><em>cada de la Sagrada Escritura: <\/em>\u00abLo que llamamos azar con respecto a los hombres es designio con respecto a Dios.\u00bb Los encuentros que consideramos accidentales o fortuitos, por desconocimiento de sus causas, no son sin duda otra cosa que la manera de actuar de Dios en este mundo, sin alterar el orden que El estableci\u00f3, pero sirvi\u00e9ndose de las series regulares de causas y de efectos para introducir, por su encuentro, un aconte\u00adcimiento que no contaba en su trama. He podido veri\u00adficarlo en el curso de una existencia cuyos hechos decisivos fueron precisamente de esta naturaleza. El acontecimiento que constituy\u00f3 el encuentro de Bergson y del padre Pouget es una ilustraci\u00f3n de esta ley.<\/p>\n<p>\u00bfC\u00f3mo no pude preverlo con anterioridad? Ser\u00eda incapaz de decirlo. Sin embargo, conoc\u00eda desde hac\u00eda treinta y dos a\u00f1os a estos dos hombres, que fueron los verdaderos maestros de mi esp\u00edritu : esto es indudable con relaci\u00f3n al padre Pouget, que me form\u00f3, aunque no hubiese consentido en ser llamado mi maestro. Y no es menos verdad con respecto a Bergson, aunque \u00e9ste me reprochase con frecuencia el que me denomi\u00adnase su disc\u00edpulo, porque ser\u00eda m\u00e1s exacto decir, a\u00f1a\u00add\u00eda, que \u00abentre usted y yo hay armon\u00eda preestablecida\u00bb. Sus dos acciones se completaban, se conjugaban de tal suerte que era preciso se conociesen alg\u00fan d\u00eda, que el padre Pouget tuviese ante s\u00ed al hombre cuyos libros hab\u00eda amado y practicado, que Bergson recibiese de \u00e9l el suplemento decisivo de luz que esperaba y que no pod\u00eda venirle de otra persona.<\/p>\n<p>Lo que yo no hab\u00eda premeditado se produjo por efecto de un accidente en el que no cont\u00e9 para nada.<\/p>\n<p>Profesor en la Facultad de Letras de Grenoble des\u00adde el a\u00f1o 1919, elegido decano en 1931, hab\u00eda sido propuesto diecisiete veces para la Legi\u00f3n de Honor y otras tantas rechazado, por \u00abreservas pol\u00edticas\u00bb for\u00admuladas por un senador del Is\u00e9re, ciertamente leal y convencido, que no me perdonaba haber votado en el Consejo de la Universidad contra la devoluci\u00f3n de la Cartuja a la Universidad de Grenoble, al uso de los \u00abintelectuales fatigados\u00bb. Bergson se sent\u00eda todav\u00eda m\u00e1s afligido que yo por lo que se le aparec\u00eda como una injusticia, y, cuando Anatole de Monzie fue nom\u00adbrado ministro de Educaci\u00f3n Nacional, le escribi\u00f3 una c rta en la que expresaba su indignaci\u00f3n. De Monzie le despach\u00f3 en seguida un ordenanza, portador de estas simples palabras: \u00abContesto a la llamada del h\u00e9\u00adroe.\u00bb (Acababa de aparecer el libro <em>Las dos fuentes <\/em>con hermosas p\u00e1ginas que llevaban este t\u00edtulo.) Mon\u00adzie hubo de luchar con todas sus fuerzas para que fuese mantenida mi Cruz. Pero al fin lo fue.<\/p>\n<p>En estas condiciones, era natural, por todos concep\u00adtos, que Bergson me recibiese en la Orden de la Legi\u00f3n de Honor. Se lo ped\u00ed y lo acept\u00f3 con inmenso bene\u00adpl\u00e1cito. La ceremonia qued\u00f3 fijada para el domingo 12 de febrero de 1933. Bergson convalec\u00eda de una con\u00adgesti\u00f3n pulmonar que le hab\u00eda dejado espasmos ner\u00adviosos consecutivos. El 8 me escribi\u00f3: \u00abLe espero a usted. Desde el principio sent\u00edamos una gran dicha en poder almorzar con usted, con su padre, el general Chevalier, as\u00ed como con el reverendo padre Pouget, a quienes usted mismo nos ha ense\u00f1ado a querer. Si hay alguna posibilidad de que vengan, sin exponerse a una fatiga demasiado grande, le ruego les pida, en nuestro nombre, que se re\u00fanan con nosotros.\u00bb Escrib\u00ed en se\u00adguida a Guitton para que hiciese lo imposible por con\u00adducir al padre Pouget a casa de Bergson. El 11 por la ma\u00f1ana, no m\u00e1s llegar de Grenoble, pas\u00e9 a verle a la celda 104 del 95 de la calle de Sevres, en compa\u00f1\u00eda de Maurice Legendre que deb\u00eda partir aquella misma tar\u00adde para Madrid. Encontramos al padre Pouget ten\u00addido en el lecho. Estaba muy debilitado: \u00abMe hallo al borde de la tumba. Pero no temo a la muerte. De\u00adjar\u00e9 aqu\u00ed, es verdad, hombres a los que estimo y res\u00adpeto. Pero los muertos y los vivos no deben ser separados .\u00bb Le condujimos a la enfermer\u00eda, le confiamos al hermano, y el 12 por la ma\u00f1ana vengo a buscarle con mi hijo Andr\u00e9s. Le apremio para que se acerque esa tarde a casa de Bergson. El conoce al fil\u00f3sofo, e estima. Asisti\u00f3 en otro tiempo a uno de sus cursos en el Colegio de Francia, en el que Bergson desaf\u00eda a un matem\u00e1tico para que pusiese en ecuaci\u00f3n el movi\u00admiento de una hormiga. Esto, realmente, le hab\u00eda agradado mucho. Hab\u00eda le\u00eddo todos sus libros, que constitu\u00edan, junto con las tesis de Boutroux y de Pierre Janet, y <em>La Acci\u00f3n, <\/em>de Maurice Blondel, obra que le seduc\u00eda grandemente, toda su biblioteca de fil\u00f3sofos contempor\u00e1neos. Hab\u00eda dictado para \u00e9l una extensa carta sobre <em>Las dos fuentes de la moral y de la reli\u00ad<\/em><em>gi\u00f3n; <\/em>me hab\u00eda pedido a la vez que le entregase su voluminoso libro sobre <em>El origen sobrenatural o divi\u00ad<\/em><em>no de la Iglesia cat\u00f3lica y <\/em>los trabajos que lo comple\u00adtaban. Bergson, por su parte, me hab\u00eda encargado en repetidas ocasiones que sometiese al padre Pouget las dificultades que experimentaba en su b\u00fasqueda de Dios, dificultades que me hab\u00eda confiado frecuente\u00admente, as\u00ed como el padre Sertillanges, luego que <em>La evoluci\u00f3n creadora <\/em>le enfrentara de lleno con el pro\u00adblema de la creaci\u00f3n. \u00abBien desear\u00eda ir a casa de Berg\u00adson\u2014me dijo el padre Pouget\u2014. Pero no es seguro que pueda hacerlo, ya que no me encuentro muy bien.\u00bb<\/p>\n<p>A pesar de todo, fue hasta all\u00ed. Y \u00e9ste es el aconte\u00adcimiento del que se hallar\u00e1 exacta relaci\u00f3n un poco m\u00e1s adelante. No pude anotar al momento sus pala\u00adbras, como ven\u00eda haciendo siempre, desde hac\u00eda trein\u00adta y un a\u00f1os, en el curso de mis conversaciones con el padre Pouget, bien porque me ofreciese la ocasi\u00f3n de escribir lo que \u00e9l dec\u00eda (tal es el caso de la maravillo\u00adsa conversaci\u00f3n del mi\u00e9rcoles de Ceniza de 1938, en que me confi\u00f3 la manera como hab\u00eda \u00abencontrado a Dios\u00bb), bien porque, al salir de su casa, me dirigiese a la peque\u00f1a estaci\u00f3n de Auteuil para anotar inme\u00addiatamente lo que \u00e9l me hab\u00eda dicho momentos antes. Podr\u00eda aplicarse a Bergson y al padre Pouget lo que Nicole, Filleau de la Chaise y el secretario de M. de Saci nos dan a conocer de Pascal, a saber, que \u00abtodo lo que \u00e9l dec\u00eda produc\u00eda una impresi\u00f3n tan viva en el esp\u00edritu que no era posible olvidarlo\u00bb.<\/p>\n<p>As\u00ed, lo que se refiere aqu\u00ed de la conversaci\u00f3n del padre Pouget y de Bergson puede ser garantizado \u00edn\u00adtegramente, porque sus palabras quedaban como tes\u00adtimonio permanente y formaban cuerpo de modo tan perfecto con su pensamiento que resultar\u00eda imposible expresarlo de manera distinta a como ellos lo hicieron.<\/p>\n","protected":false},"excerpt":{"rendered":"<p>Las p\u00e1ginas que van a continuaci\u00f3n nacieron de una s\u00faplica que me formularon unos amigos. Corno consecuencia de la publicaci\u00f3n por Jean Guit\u00adton de sus Di\u00e1logos con el padre Pouget, en los que volv\u00eda a &#8230; <a href=\"https:\/\/vincentians.com\/es\/bergson-y-el-padre-pouget-ii\/\" class=\"more-link\">Read More<\/a><\/p>\n","protected":false},"author":4,"featured_media":72935,"comment_status":"open","ping_status":"open","sticky":false,"template":"","format":"standard","meta":{"jetpack_post_was_ever_published":false,"_jetpack_newsletter_access":"","_jetpack_dont_email_post_to_subs":false,"_jetpack_newsletter_tier_id":0,"_jetpack_memberships_contains_paywalled_content":false,"_jetpack_memberships_contains_paid_content":false,"footnotes":"","jetpack_publicize_message":"","jetpack_publicize_feature_enabled":true,"jetpack_social_post_already_shared":true,"jetpack_social_options":{"image_generator_settings":{"template":"highway","default_image_id":0,"font":"","enabled":false},"version":2}},"categories":[28],"tags":[261],"class_list":["post-116034","post","type-post","status-publish","format-standard","has-post-thumbnail","hentry","category-formacion-vicenciana","tag-jean-guitton"],"yoast_head":"<!-- This site is optimized with the Yoast SEO plugin v26.3 - https:\/\/yoast.com\/wordpress\/plugins\/seo\/ -->\n<title>Bergson y el Padre Pouget (II) - Somos Vicencianos<\/title>\n<meta name=\"robots\" content=\"index, follow, max-snippet:-1, max-image-preview:large, max-video-preview:-1\" \/>\n<link rel=\"canonical\" href=\"http:\/\/vincentians.com\/es\/bergson-y-el-padre-pouget-ii\/\" \/>\n<meta property=\"og:locale\" content=\"es_ES\" \/>\n<meta property=\"og:type\" content=\"article\" \/>\n<meta property=\"og:title\" content=\"Bergson y el Padre Pouget (II) - Somos Vicencianos\" \/>\n<meta property=\"og:description\" content=\"Las p\u00e1ginas que van a continuaci\u00f3n nacieron de una s\u00faplica que me formularon unos amigos. Corno consecuencia de la publicaci\u00f3n por Jean Guit\u00adton de sus Di\u00e1logos con el padre Pouget, en los que volv\u00eda a ... Read More\" \/>\n<meta property=\"og:url\" content=\"http:\/\/vincentians.com\/es\/bergson-y-el-padre-pouget-ii\/\" \/>\n<meta property=\"og:site_name\" content=\"Somos Vicencianos\" \/>\n<meta property=\"article:publisher\" content=\"https:\/\/www.facebook.com\/WeAreVincentians\/\" \/>\n<meta property=\"article:author\" content=\"https:\/\/www.facebook.com\/JavierChento\" \/>\n<meta property=\"article:published_time\" content=\"2016-06-27T06:38:20+00:00\" \/>\n<meta property=\"article:modified_time\" content=\"2016-07-26T17:17:35+00:00\" \/>\n<meta name=\"author\" content=\"Francisco Javier Fern\u00e1ndez Chento\" \/>\n<meta name=\"twitter:card\" content=\"summary_large_image\" \/>\n<meta name=\"twitter:creator\" content=\"@https:\/\/twitter.com\/javierchento\" \/>\n<meta name=\"twitter:site\" content=\"@WeVincentians\" \/>\n<meta name=\"twitter:label1\" content=\"Escrito por\" \/>\n\t<meta name=\"twitter:data1\" content=\"Francisco Javier Fern\u00e1ndez Chento\" \/>\n\t<meta name=\"twitter:label2\" content=\"Tiempo de lectura\" \/>\n\t<meta name=\"twitter:data2\" content=\"9 minutos\" \/>\n<script type=\"application\/ld+json\" class=\"yoast-schema-graph\">{\"@context\":\"https:\/\/schema.org\",\"@graph\":[{\"@type\":\"Article\",\"@id\":\"http:\/\/vincentians.com\/es\/bergson-y-el-padre-pouget-ii\/#article\",\"isPartOf\":{\"@id\":\"http:\/\/vincentians.com\/es\/bergson-y-el-padre-pouget-ii\/\"},\"author\":{\"name\":\"Francisco Javier Fern\u00e1ndez Chento\",\"@id\":\"http:\/\/vincentians.com\/es\/#\/schema\/person\/9623ef4d9aa3b2dfb8c061f1499288f2\"},\"headline\":\"Bergson y el Padre Pouget (II)\",\"datePublished\":\"2016-06-27T06:38:20+00:00\",\"dateModified\":\"2016-07-26T17:17:35+00:00\",\"mainEntityOfPage\":{\"@id\":\"http:\/\/vincentians.com\/es\/bergson-y-el-padre-pouget-ii\/\"},\"wordCount\":1873,\"commentCount\":0,\"publisher\":{\"@id\":\"http:\/\/vincentians.com\/es\/#organization\"},\"image\":{\"@id\":\"http:\/\/vincentians.com\/es\/bergson-y-el-padre-pouget-ii\/#primaryimage\"},\"thumbnailUrl\":\"\",\"keywords\":[\"Jean Guitton\"],\"articleSection\":[\"Formaci\u00f3n Vicenciana\"],\"inLanguage\":\"es\",\"potentialAction\":[{\"@type\":\"CommentAction\",\"name\":\"Comment\",\"target\":[\"http:\/\/vincentians.com\/es\/bergson-y-el-padre-pouget-ii\/#respond\"]}]},{\"@type\":\"WebPage\",\"@id\":\"http:\/\/vincentians.com\/es\/bergson-y-el-padre-pouget-ii\/\",\"url\":\"http:\/\/vincentians.com\/es\/bergson-y-el-padre-pouget-ii\/\",\"name\":\"Bergson y el Padre Pouget (II) - Somos Vicencianos\",\"isPartOf\":{\"@id\":\"http:\/\/vincentians.com\/es\/#website\"},\"primaryImageOfPage\":{\"@id\":\"http:\/\/vincentians.com\/es\/bergson-y-el-padre-pouget-ii\/#primaryimage\"},\"image\":{\"@id\":\"http:\/\/vincentians.com\/es\/bergson-y-el-padre-pouget-ii\/#primaryimage\"},\"thumbnailUrl\":\"\",\"datePublished\":\"2016-06-27T06:38:20+00:00\",\"dateModified\":\"2016-07-26T17:17:35+00:00\",\"breadcrumb\":{\"@id\":\"http:\/\/vincentians.com\/es\/bergson-y-el-padre-pouget-ii\/#breadcrumb\"},\"inLanguage\":\"es\",\"potentialAction\":[{\"@type\":\"ReadAction\",\"target\":[\"http:\/\/vincentians.com\/es\/bergson-y-el-padre-pouget-ii\/\"]}]},{\"@type\":\"ImageObject\",\"inLanguage\":\"es\",\"@id\":\"http:\/\/vincentians.com\/es\/bergson-y-el-padre-pouget-ii\/#primaryimage\",\"url\":\"\",\"contentUrl\":\"\"},{\"@type\":\"BreadcrumbList\",\"@id\":\"http:\/\/vincentians.com\/es\/bergson-y-el-padre-pouget-ii\/#breadcrumb\",\"itemListElement\":[{\"@type\":\"ListItem\",\"position\":1,\"name\":\"Portada\",\"item\":\"http:\/\/vincentians.com\/es\/\"},{\"@type\":\"ListItem\",\"position\":2,\"name\":\"Bergson y el Padre Pouget (II)\"}]},{\"@type\":\"WebSite\",\"@id\":\"http:\/\/vincentians.com\/es\/#website\",\"url\":\"http:\/\/vincentians.com\/es\/\",\"name\":\"Somos Vicencianos\",\"description\":\"Know more to serve more\",\"publisher\":{\"@id\":\"http:\/\/vincentians.com\/es\/#organization\"},\"potentialAction\":[{\"@type\":\"SearchAction\",\"target\":{\"@type\":\"EntryPoint\",\"urlTemplate\":\"http:\/\/vincentians.com\/es\/?s={search_term_string}\"},\"query-input\":{\"@type\":\"PropertyValueSpecification\",\"valueRequired\":true,\"valueName\":\"search_term_string\"}}],\"inLanguage\":\"es\"},{\"@type\":\"Organization\",\"@id\":\"http:\/\/vincentians.com\/es\/#organization\",\"name\":\"The Vincentian Network\",\"url\":\"http:\/\/vincentians.com\/es\/\",\"logo\":{\"@type\":\"ImageObject\",\"inLanguage\":\"es\",\"@id\":\"http:\/\/vincentians.com\/es\/#\/schema\/logo\/image\/\",\"url\":\"https:\/\/i1.wp.com\/vincentians.com\/es\/wp-content\/uploads\/sites\/11\/2016\/06\/Vincentian-Network-logo-big.png?fit=778%2C778\",\"contentUrl\":\"https:\/\/i1.wp.com\/vincentians.com\/es\/wp-content\/uploads\/sites\/11\/2016\/06\/Vincentian-Network-logo-big.png?fit=778%2C778\",\"width\":778,\"height\":778,\"caption\":\"The Vincentian Network\"},\"image\":{\"@id\":\"http:\/\/vincentians.com\/es\/#\/schema\/logo\/image\/\"},\"sameAs\":[\"https:\/\/www.facebook.com\/WeAreVincentians\/\",\"https:\/\/x.com\/WeVincentians\"]},{\"@type\":\"Person\",\"@id\":\"http:\/\/vincentians.com\/es\/#\/schema\/person\/9623ef4d9aa3b2dfb8c061f1499288f2\",\"name\":\"Francisco Javier Fern\u00e1ndez Chento\",\"image\":{\"@type\":\"ImageObject\",\"inLanguage\":\"es\",\"@id\":\"http:\/\/vincentians.com\/es\/#\/schema\/person\/image\/\",\"url\":\"https:\/\/secure.gravatar.com\/avatar\/497d5cde87b4c3d097d0315953521681ba2cd523ee66e5077c3711f7021e65de?s=96&d=mm&r=g\",\"contentUrl\":\"https:\/\/secure.gravatar.com\/avatar\/497d5cde87b4c3d097d0315953521681ba2cd523ee66e5077c3711f7021e65de?s=96&d=mm&r=g\",\"caption\":\"Francisco Javier Fern\u00e1ndez Chento\"},\"description\":\"Director General y cofundador de La Red de Formaci\u00f3n Vicenciana. Javier es laico vicenciano, afiliado a la Congregaci\u00f3n de la Misi\u00f3n y miembro del Equipo de Misiones Populares de la provincia can\u00f3nica de Zaragoza (Espa\u00f1a) de la Congregaci\u00f3n de la Misi\u00f3n. Graduado en la Universidad Oberta de Catalunya con cuatro grados (Asistente de direcci\u00f3n, Gesti\u00f3n Administrativa, Recursos Humanos y Contabilidad Avanzada). Bil\u00edng\u00fce Espa\u00f1ol\/Ingl\u00e9s. gestiona y mantiene varias p\u00e1ginas web cristianas y vicencianas, incluida including La Red de Formaci\u00f3n Vicenciana, de la que es cofundador. Actualmente es responsable del \u00e1rea de Espa\u00f1ol de .famvin, la Red de Noticias de la Familia Vicenciana. Tambi\u00e9n es m\u00fasico cat\u00f3lico y ha editado varios discos. Es Director General y cofundador de Trovador, una reconocida compa\u00f1\u00eda discogr\u00e1fica critiana de Espa\u00f1a. Trabaja en las Tecnolog\u00edas de la Informaci\u00f3n, ofreciendo servicios de alojamiento, dise\u00f1o y mantenimiento Web, as\u00ed como asesoramiento, formaci\u00f3n y soluciones inform\u00e1ticas, gesti\u00f3n documental y digitalizaci\u00f3n de textos, edici\u00f3n y maquetaci\u00f3n de libros, revistas, flyers, etc.\",\"sameAs\":[\"http:\/\/chento.org\",\"https:\/\/www.facebook.com\/JavierChento\",\"https:\/\/x.com\/https:\/\/twitter.com\/javierchento\"],\"url\":\"https:\/\/vincentians.com\/es\/author\/chento\/\"}]}<\/script>\n<!-- \/ Yoast SEO plugin. -->","yoast_head_json":{"title":"Bergson y el Padre Pouget (II) - Somos Vicencianos","robots":{"index":"index","follow":"follow","max-snippet":"max-snippet:-1","max-image-preview":"max-image-preview:large","max-video-preview":"max-video-preview:-1"},"canonical":"http:\/\/vincentians.com\/es\/bergson-y-el-padre-pouget-ii\/","og_locale":"es_ES","og_type":"article","og_title":"Bergson y el Padre Pouget (II) - Somos Vicencianos","og_description":"Las p\u00e1ginas que van a continuaci\u00f3n nacieron de una s\u00faplica que me formularon unos amigos. Corno consecuencia de la publicaci\u00f3n por Jean Guit\u00adton de sus Di\u00e1logos con el padre Pouget, en los que volv\u00eda a ... Read More","og_url":"http:\/\/vincentians.com\/es\/bergson-y-el-padre-pouget-ii\/","og_site_name":"Somos Vicencianos","article_publisher":"https:\/\/www.facebook.com\/WeAreVincentians\/","article_author":"https:\/\/www.facebook.com\/JavierChento","article_published_time":"2016-06-27T06:38:20+00:00","article_modified_time":"2016-07-26T17:17:35+00:00","author":"Francisco Javier Fern\u00e1ndez Chento","twitter_card":"summary_large_image","twitter_creator":"@https:\/\/twitter.com\/javierchento","twitter_site":"@WeVincentians","twitter_misc":{"Escrito por":"Francisco Javier Fern\u00e1ndez Chento","Tiempo de lectura":"9 minutos"},"schema":{"@context":"https:\/\/schema.org","@graph":[{"@type":"Article","@id":"http:\/\/vincentians.com\/es\/bergson-y-el-padre-pouget-ii\/#article","isPartOf":{"@id":"http:\/\/vincentians.com\/es\/bergson-y-el-padre-pouget-ii\/"},"author":{"name":"Francisco Javier Fern\u00e1ndez Chento","@id":"http:\/\/vincentians.com\/es\/#\/schema\/person\/9623ef4d9aa3b2dfb8c061f1499288f2"},"headline":"Bergson y el Padre Pouget (II)","datePublished":"2016-06-27T06:38:20+00:00","dateModified":"2016-07-26T17:17:35+00:00","mainEntityOfPage":{"@id":"http:\/\/vincentians.com\/es\/bergson-y-el-padre-pouget-ii\/"},"wordCount":1873,"commentCount":0,"publisher":{"@id":"http:\/\/vincentians.com\/es\/#organization"},"image":{"@id":"http:\/\/vincentians.com\/es\/bergson-y-el-padre-pouget-ii\/#primaryimage"},"thumbnailUrl":"","keywords":["Jean Guitton"],"articleSection":["Formaci\u00f3n Vicenciana"],"inLanguage":"es","potentialAction":[{"@type":"CommentAction","name":"Comment","target":["http:\/\/vincentians.com\/es\/bergson-y-el-padre-pouget-ii\/#respond"]}]},{"@type":"WebPage","@id":"http:\/\/vincentians.com\/es\/bergson-y-el-padre-pouget-ii\/","url":"http:\/\/vincentians.com\/es\/bergson-y-el-padre-pouget-ii\/","name":"Bergson y el Padre Pouget (II) - Somos Vicencianos","isPartOf":{"@id":"http:\/\/vincentians.com\/es\/#website"},"primaryImageOfPage":{"@id":"http:\/\/vincentians.com\/es\/bergson-y-el-padre-pouget-ii\/#primaryimage"},"image":{"@id":"http:\/\/vincentians.com\/es\/bergson-y-el-padre-pouget-ii\/#primaryimage"},"thumbnailUrl":"","datePublished":"2016-06-27T06:38:20+00:00","dateModified":"2016-07-26T17:17:35+00:00","breadcrumb":{"@id":"http:\/\/vincentians.com\/es\/bergson-y-el-padre-pouget-ii\/#breadcrumb"},"inLanguage":"es","potentialAction":[{"@type":"ReadAction","target":["http:\/\/vincentians.com\/es\/bergson-y-el-padre-pouget-ii\/"]}]},{"@type":"ImageObject","inLanguage":"es","@id":"http:\/\/vincentians.com\/es\/bergson-y-el-padre-pouget-ii\/#primaryimage","url":"","contentUrl":""},{"@type":"BreadcrumbList","@id":"http:\/\/vincentians.com\/es\/bergson-y-el-padre-pouget-ii\/#breadcrumb","itemListElement":[{"@type":"ListItem","position":1,"name":"Portada","item":"http:\/\/vincentians.com\/es\/"},{"@type":"ListItem","position":2,"name":"Bergson y el Padre Pouget (II)"}]},{"@type":"WebSite","@id":"http:\/\/vincentians.com\/es\/#website","url":"http:\/\/vincentians.com\/es\/","name":"Somos Vicencianos","description":"Know more to serve more","publisher":{"@id":"http:\/\/vincentians.com\/es\/#organization"},"potentialAction":[{"@type":"SearchAction","target":{"@type":"EntryPoint","urlTemplate":"http:\/\/vincentians.com\/es\/?s={search_term_string}"},"query-input":{"@type":"PropertyValueSpecification","valueRequired":true,"valueName":"search_term_string"}}],"inLanguage":"es"},{"@type":"Organization","@id":"http:\/\/vincentians.com\/es\/#organization","name":"The Vincentian Network","url":"http:\/\/vincentians.com\/es\/","logo":{"@type":"ImageObject","inLanguage":"es","@id":"http:\/\/vincentians.com\/es\/#\/schema\/logo\/image\/","url":"https:\/\/i1.wp.com\/vincentians.com\/es\/wp-content\/uploads\/sites\/11\/2016\/06\/Vincentian-Network-logo-big.png?fit=778%2C778","contentUrl":"https:\/\/i1.wp.com\/vincentians.com\/es\/wp-content\/uploads\/sites\/11\/2016\/06\/Vincentian-Network-logo-big.png?fit=778%2C778","width":778,"height":778,"caption":"The Vincentian Network"},"image":{"@id":"http:\/\/vincentians.com\/es\/#\/schema\/logo\/image\/"},"sameAs":["https:\/\/www.facebook.com\/WeAreVincentians\/","https:\/\/x.com\/WeVincentians"]},{"@type":"Person","@id":"http:\/\/vincentians.com\/es\/#\/schema\/person\/9623ef4d9aa3b2dfb8c061f1499288f2","name":"Francisco Javier Fern\u00e1ndez Chento","image":{"@type":"ImageObject","inLanguage":"es","@id":"http:\/\/vincentians.com\/es\/#\/schema\/person\/image\/","url":"https:\/\/secure.gravatar.com\/avatar\/497d5cde87b4c3d097d0315953521681ba2cd523ee66e5077c3711f7021e65de?s=96&d=mm&r=g","contentUrl":"https:\/\/secure.gravatar.com\/avatar\/497d5cde87b4c3d097d0315953521681ba2cd523ee66e5077c3711f7021e65de?s=96&d=mm&r=g","caption":"Francisco Javier Fern\u00e1ndez Chento"},"description":"Director General y cofundador de La Red de Formaci\u00f3n Vicenciana. Javier es laico vicenciano, afiliado a la Congregaci\u00f3n de la Misi\u00f3n y miembro del Equipo de Misiones Populares de la provincia can\u00f3nica de Zaragoza (Espa\u00f1a) de la Congregaci\u00f3n de la Misi\u00f3n. Graduado en la Universidad Oberta de Catalunya con cuatro grados (Asistente de direcci\u00f3n, Gesti\u00f3n Administrativa, Recursos Humanos y Contabilidad Avanzada). Bil\u00edng\u00fce Espa\u00f1ol\/Ingl\u00e9s. gestiona y mantiene varias p\u00e1ginas web cristianas y vicencianas, incluida including La Red de Formaci\u00f3n Vicenciana, de la que es cofundador. Actualmente es responsable del \u00e1rea de Espa\u00f1ol de .famvin, la Red de Noticias de la Familia Vicenciana. Tambi\u00e9n es m\u00fasico cat\u00f3lico y ha editado varios discos. Es Director General y cofundador de Trovador, una reconocida compa\u00f1\u00eda discogr\u00e1fica critiana de Espa\u00f1a. Trabaja en las Tecnolog\u00edas de la Informaci\u00f3n, ofreciendo servicios de alojamiento, dise\u00f1o y mantenimiento Web, as\u00ed como asesoramiento, formaci\u00f3n y soluciones inform\u00e1ticas, gesti\u00f3n documental y digitalizaci\u00f3n de textos, edici\u00f3n y maquetaci\u00f3n de libros, revistas, flyers, etc.","sameAs":["http:\/\/chento.org","https:\/\/www.facebook.com\/JavierChento","https:\/\/x.com\/https:\/\/twitter.com\/javierchento"],"url":"https:\/\/vincentians.com\/es\/author\/chento\/"}]}},"jetpack_publicize_connections":[],"jetpack_featured_media_url":"","jetpack_sharing_enabled":true,"jetpack_shortlink":"https:\/\/wp.me\/p7ETMF-ubw","jetpack-related-posts":[{"id":116031,"url":"https:\/\/vincentians.com\/es\/bergson-y-el-padre-pouget-i\/","url_meta":{"origin":116034,"position":0},"title":"Bergson y el Padre Pouget (I)","author":"Francisco Javier Fern\u00e1ndez Chento","date":"24\/06\/2016","format":false,"excerpt":"Cu\u00e1ntos hombres admirables a los que nunca llegaremos a conocer!\" S\u00ed, hombres que, en cuanto al esp\u00edritu, estuvie\u00adron a la altura de Blas Pascal, al que sobrepasaban en santidad. Signo de grandeza en ellos el poner tanto cuidado en borrar sus huellas, en permanecer en la os\u00adcuridad, como en otros\u2026","rel":"","context":"En \u00abFormaci\u00f3n Vicenciana\u00bb","block_context":{"text":"Formaci\u00f3n Vicenciana","link":"https:\/\/vincentians.com\/es\/category\/formacion-vicenciana\/"},"img":{"alt_text":"P. Poug\u00e9t","src":"https:\/\/i0.wp.com\/vicencianos.org\/wp-content\/uploads\/2012\/12\/P.-Poug%C3%A9t.jpg?resize=350%2C200","width":350,"height":200},"classes":[]},{"id":116052,"url":"https:\/\/vincentians.com\/es\/bergson-y-el-padre-pouget-viii\/","url_meta":{"origin":116034,"position":1},"title":"Bergson y el Padre Pouget (VIII)","author":"Francisco Javier Fern\u00e1ndez Chento","date":"05\/01\/2013","format":false,"excerpt":"Viviendo de este modo en lo real, porque \"somos realistas\", me repet\u00eda con frecuencia; viviendo en el gran d\u00eda de la eternidad, porque \"actuamos en el tiempo, pero no vivimos en \u00e9l\"; en contacto con el Divino Crucificado, porque \"s\u00f3lo El permanece con\u00admigo, pero s\u00f3lo El cuenta: s\u00f3lo importa el\u2026","rel":"","context":"En \u00abFormaci\u00f3n Vicenciana\u00bb","block_context":{"text":"Formaci\u00f3n Vicenciana","link":"https:\/\/vincentians.com\/es\/category\/formacion-vicenciana\/"},"img":{"alt_text":"pouget","src":"https:\/\/i0.wp.com\/vicencianos.org\/wp-content\/2012\/03\/pouget.jpg?resize=350%2C200","width":350,"height":200},"classes":[]},{"id":57546,"url":"https:\/\/vincentians.com\/es\/monsieur-pouget-un-paul-demasiado-tiempo-olvidado\/","url_meta":{"origin":116034,"position":2},"title":"Monsieur Pouget, un pa\u00fal demasiado tiempo olvidado","author":"Francisco Javier Fern\u00e1ndez Chento","date":"04\/04\/2015","format":false,"excerpt":"En el mes de enero del a\u00f1o 1933, Guillaume Pouget, sacerdote de la Congregaci\u00f3n de la Misi\u00f3n de San Vicente de Pa\u00fal, acudi\u00f3 a visitar al ilustre fil\u00f3sofo Henri Bergson en su casa cerca de la Porte d\u2019Auteuil. El encuentro entre estas dos personalidades reflejaba m\u00e1s contradicciones que similitudes. Pouget,\u2026","rel":"","context":"En \u00abTestigos vicencianos\u00bb","block_context":{"text":"Testigos vicencianos","link":"https:\/\/vincentians.com\/es\/category\/la-familia-vicenciana\/testigos-vicencianos\/"},"img":{"alt_text":"","src":"https:\/\/i0.wp.com\/vicencianos.org\/wp-content\/2012\/01\/pouget_01-294x300.jpg?resize=350%2C200","width":350,"height":200},"classes":[]},{"id":57665,"url":"https:\/\/vincentians.com\/es\/mounier-y-el-padre-pouget-la-fe-y-la-razon-un-binomio-posible\/","url_meta":{"origin":116034,"position":3},"title":"Mounier y el padre Pouget. La fe y la raz\u00f3n: un binomio posible","author":"Mitxel Olabu\u00e9naga","date":"05\/01\/2012","format":false,"excerpt":"Para el joven Emmanuel Mounier el encuentro con el padre Guillaume Pouget constituye uno de los acontecimientos m\u00e1s relevantes de sus primeros a\u00f1os de vida en Par\u00eds. Despu\u00e9s de haber conseguido el diploma de Estudios Superiores de Filosof\u00eda en Grenoble, bajo la direcci\u00f3n de Jacques Chevalier, en el oto\u00f1o de\u2026","rel":"","context":"En \u00abBiograf\u00edas de Misioneros Pa\u00fales\u00bb","block_context":{"text":"Biograf\u00edas de Misioneros Pa\u00fales","link":"https:\/\/vincentians.com\/es\/category\/la-familia-vicenciana\/biografias-vicencianas\/biografias-de-misioneros-paules\/"},"img":{"alt_text":"","src":"https:\/\/i0.wp.com\/vincentians.com\/es\/wp-content\/uploads\/sites\/11\/2016\/07\/bio-cm.jpg?fit=1200%2C630&ssl=1&resize=350%2C200","width":350,"height":200,"srcset":"https:\/\/i0.wp.com\/vincentians.com\/es\/wp-content\/uploads\/sites\/11\/2016\/07\/bio-cm.jpg?fit=1200%2C630&ssl=1&resize=350%2C200 1x, https:\/\/i0.wp.com\/vincentians.com\/es\/wp-content\/uploads\/sites\/11\/2016\/07\/bio-cm.jpg?fit=1200%2C630&ssl=1&resize=525%2C300 1.5x, https:\/\/i0.wp.com\/vincentians.com\/es\/wp-content\/uploads\/sites\/11\/2016\/07\/bio-cm.jpg?fit=1200%2C630&ssl=1&resize=700%2C400 2x, https:\/\/i0.wp.com\/vincentians.com\/es\/wp-content\/uploads\/sites\/11\/2016\/07\/bio-cm.jpg?fit=1200%2C630&ssl=1&resize=1050%2C600 3x"},"classes":[]},{"id":131775,"url":"https:\/\/vincentians.com\/es\/le-portrait-de-m-pouget\/","url_meta":{"origin":116034,"position":4},"title":"Le Portrait de M. Pouget","author":"Francisco Javier Fern\u00e1ndez Chento","date":"01\/11\/2014","format":false,"excerpt":"El Retrato del Sr. Pouget ha aparecido antes de la guerra, por entregas, en una revista cuya influencia no sobrepasaba ciertos c\u00edrculos. No se puede decir que la obra en ese momento haya conocido otra cosa que una reputaci\u00f3n segura pero discreta. Acaba de ser editado en volumen y parece\u2026","rel":"","context":"En \u00abFormaci\u00f3n Vicenciana\u00bb","block_context":{"text":"Formaci\u00f3n Vicenciana","link":"https:\/\/vincentians.com\/es\/category\/formacion-vicenciana\/"},"img":{"alt_text":"Guillaume_Pouget-3cdd6","src":"https:\/\/i0.wp.com\/vicencianos.org\/wp-content\/2014\/11\/Guillaume_Pouget-3cdd6.jpg?resize=350%2C200","width":350,"height":200},"classes":[]},{"id":116046,"url":"https:\/\/vincentians.com\/es\/bergson-y-el-padre-pouget-vi\/","url_meta":{"origin":116034,"position":5},"title":"Bergson y el Padre Pouget (VI)","author":"Francisco Javier Fern\u00e1ndez Chento","date":"07\/11\/2018","format":false,"excerpt":"He conocido a hombres de genio singular: Bergson ante todo, y Henri Poincar\u00e9, Vincent d'Indy y Miguel de Unamu\u00adno, el viejo lord Halifax, el cardenal Mercier y dos o tres m\u00e1s que considero prematuro nombrar. No he conocido a ninguno que alcanzase la grandeza del padre Pouget. \"\u00bfEra, pues, un\u2026","rel":"","context":"En \u00abFormaci\u00f3n Vicenciana\u00bb","block_context":{"text":"Formaci\u00f3n Vicenciana","link":"https:\/\/vincentians.com\/es\/category\/formacion-vicenciana\/"},"img":{"alt_text":"","src":"https:\/\/i0.wp.com\/vincentians.com\/es\/wp-content\/uploads\/sites\/11\/2012\/04\/P.-Poug%C3%A9t.jpg?fit=200%2C251&ssl=1&resize=350%2C200","width":350,"height":200},"classes":[]}],"_links":{"self":[{"href":"https:\/\/vincentians.com\/es\/wp-json\/wp\/v2\/posts\/116034","targetHints":{"allow":["GET"]}}],"collection":[{"href":"https:\/\/vincentians.com\/es\/wp-json\/wp\/v2\/posts"}],"about":[{"href":"https:\/\/vincentians.com\/es\/wp-json\/wp\/v2\/types\/post"}],"author":[{"embeddable":true,"href":"https:\/\/vincentians.com\/es\/wp-json\/wp\/v2\/users\/4"}],"replies":[{"embeddable":true,"href":"https:\/\/vincentians.com\/es\/wp-json\/wp\/v2\/comments?post=116034"}],"version-history":[{"count":0,"href":"https:\/\/vincentians.com\/es\/wp-json\/wp\/v2\/posts\/116034\/revisions"}],"wp:featuredmedia":[{"embeddable":true,"href":"https:\/\/vincentians.com\/es\/wp-json\/"}],"wp:attachment":[{"href":"https:\/\/vincentians.com\/es\/wp-json\/wp\/v2\/media?parent=116034"}],"wp:term":[{"taxonomy":"category","embeddable":true,"href":"https:\/\/vincentians.com\/es\/wp-json\/wp\/v2\/categories?post=116034"},{"taxonomy":"post_tag","embeddable":true,"href":"https:\/\/vincentians.com\/es\/wp-json\/wp\/v2\/tags?post=116034"}],"curies":[{"name":"wp","href":"https:\/\/api.w.org\/{rel}","templated":true}]}}