{"id":115913,"date":"2021-05-22T08:30:00","date_gmt":"2021-05-22T06:30:00","guid":{"rendered":"http:\/\/somos.vicencianos.org\/?p=115913"},"modified":"2021-03-14T10:45:57","modified_gmt":"2021-03-14T09:45:57","slug":"obrero-de-la-primera-hora-padre-portail-en-mosaico-iii","status":"publish","type":"post","link":"https:\/\/vincentians.com\/es\/obrero-de-la-primera-hora-padre-portail-en-mosaico-iii\/","title":{"rendered":"Obrero de la primera hora: Padre Portail en mosaico (III)"},"content":{"rendered":"<h2><strong>3. Primer Director de las Hijas de la Caridad<\/strong><\/h2>\n<p>Despu\u00e9s de 1640, el Padre Portail se convierte en el primer Director de las Hijas da Caridad (cf. SV IX,507), oficio que ocupar\u00e1 hasta el fin de sus d\u00edas, concili\u00e1ndolo con la acci\u00f3n misionera al lado de los pobres y con el ejercicio de otras funciones en el interior de la Congregaci\u00f3n (cf. SV IV,391). En el desempe\u00f1o de su funci\u00f3n de Director, aprovechaba las visitas que hac\u00eda a los Misioneros repartidos por Francia, en calidad de Asistente del Superior General, para visitar las Casas de Hermanas (cf. SL C.144,149). As\u00ed lo hizo en Le Mans, Angers, Richelieu, Marsella, Brienne, Sedan, Montmirail, Nanteuil, etc., llevando a cada Casa las instrucciones y avisos de los fundadores. Antes de iniciar una visita, escribe a Luisa: <em>\u00abTratar\u00e9 de transmitir y practicar los buenos avisos dados en vuestras instrucciones\u00bb<\/em> (Doc.394). A las Hermanas de Angers, transmite las 23 recomendaciones pr\u00e1cticas enviadas por San Vicente, en 1646 (cf. Doc.408). En esas visitas, Portail realizaba un juicioso trabajo de animaci\u00f3n vocacional entre las j\u00f3venes que encontraba, animando algunas que parec\u00edan tener las aptitudes requeridas por el servicio de los pobres en la Compa\u00f1\u00eda (cf. SL C.141) y disuadiendo otras que, aunque interesadas, no se mostraban dispuestas a asumir las exigencias intr\u00ednsecas a la vocaci\u00f3n (cf. SL C.149). Una vez, le escribi\u00f3 Luisa de Marillac: <em>\u00abSi encontr\u00e1is algunas j\u00f3venes, personas de bien, presentadas por vuestros Padres, os pido el favor de hacerlas comprender lo que es la Compa\u00f1\u00eda. Verificareis se son apropiadas para nosotras\u00bb <\/em>(SL C.141). Portail se mostraba convencido de que la transparencia, la lealtad y la firmeza tendr\u00edan que favorecer el discernimiento de las j\u00f3venes vocacionadas. Fue lo que recomend\u00f3, escribiendo a la Hermana B\u00e1rbara Angiboust, empe\u00f1ada en el cuidado de los enfermos y en la educaci\u00f3n de las ni\u00f1as pobres, en Bernay (Normandie): <em>\u00abY en lo referente a esas postulantes, procurad probadlas bastante y nada les escond\u00e1is. Si, despu\u00e9s de eso, perseveran en su deseo, les dir\u00e9is, por favor, que ser\u00e1n bienvenidas, pero con la condici\u00f3n de que, si no fueren encontradas adecuadas, despu\u00e9s de experimentadas durante algunas semanas en la Casa, concuerden en volver a sus expensas. Por tanto, que ellas piensen bastante antes de venir\u00bb<\/em> (Doc.625).<\/p>\n<p>En el tiempo de los fundadores, el acompa\u00f1amiento de las Hijas de la Caridad no constitu\u00eda un ministerio exclusivo de algunos miembros de la Congregaci\u00f3n de la Misi\u00f3n. Sin duda, el reducido n\u00famero de Hermanas y la concentraci\u00f3n de la mayor\u00eda de sus Casas en Paris facilitaban la conciliaci\u00f3n de ese servicio con otras actividades apost\u00f3licas, as\u00ed como la interacci\u00f3n de un mayor n\u00famero de Padres en la asistencia a las hermanas. En una de sus cartas, Santa Luisa da noticias de la contribuci\u00f3n ofrecida por un Cohermano: <em>\u00abEl Padre Lambert nos hizo hoy la caridad de comenzar la explicaci\u00f3n del Catecismo\u00bb <\/em>(SL C.141). Y Portail, de paso por Le Mans, responde: <em>\u00abAlabo a Dios tambi\u00e9n por las instrucciones del Padre Lambert\u00bb<\/em> (Doc.394). En las regiones m\u00e1s longincuas, cuando parec\u00eda oportuno, Misioneros cuidadosamente escogidos eran encargados de visitar las Hermanas en sus Casas y orientarlas espiritualmente, como le ocurri\u00f3 al Padre Jean Dehorgny, enviado por San Vicente a visitar las Hermanas do Hospital de Angers (cf. Doc.761).<\/p>\n<p>Como Director, Portail participaba de los coloquios de San Vicente con las Hermanas (cf. SV IX,539; X,605), asumiendo, ocasionalmente, la presidencia de los mismos (cf. SV IX,58; 504). En cierta ocasi\u00f3n, una urgencia oblig\u00f3 al Padre Vicente a interrumpir una conferencia. Correspondi\u00f3 a Portail llevar adelante el di\u00e1logo. De \u00e9l, recordamos la siguiente comparaci\u00f3n: <em>\u00abLa Hija de la Caridad que deja su vocaci\u00f3n es como pez fuera del agua, muere inmediatamente. \u00bfPor qu\u00e9? Porque el agua es su elemento. Del mismo modo, la Comunidad es el elemento de las Hijas de la Caridad que a ella fueron llamadas\u00bb <\/em>(SV IX,505). En t\u00e9rminos simples y pr\u00e1cticos, el Padre Portail habla a las Hermanas de la necesidad de conformarse siempre m\u00e1s a la llamada recibida de Dios, descubriendo ah\u00ed el principio fundamental de la realizaci\u00f3n por la cual anhela todo ser humano. En otra ocasi\u00f3n, escribiendo a una Hermana Sirviente, as\u00ed se expres\u00f3: <em>\u00abOs aseguro que jam\u00e1s tendr\u00e9is una verdadera alegr\u00eda en vuestra alma, sino es mediante una verdadera conformidad con la voluntad de Dios en todas las cosas\u00bb <\/em>(Doc.761). Volviendo a la misma conferencia, encontramos un precioso consejo de Portail, haci\u00e9ndose eco de la intervenci\u00f3n de Santa Luisa de que, conforme a las Reglas, no era permitido a las Hijas de la Caridad <em>\u00abprestar servicio a las personas ricas que tienen medios de hacerse servir por otros\u00bb. <\/em>He aqu\u00ed lo que anot\u00f3 la copista, despu\u00e9s: <em>\u00abA respecto de eso, el Padre Portail dio por consejo disculparse delicadamente, alegando el peligro en que podr\u00edan caer los pobres, por falta de alimentos y medicinas en las horas debidas\u00bb <\/em>(SV IX,509). Portail hab\u00eda asimilado el significado y el alcance de la destinaci\u00f3n a los pobres en las fundaciones vicentinas y quer\u00eda que sus Hermanas estuviesen compenetradas con el mismo esp\u00edritu. Asist\u00eda tambi\u00e9n a las reuniones del Consejo, respetando las decisiones e interviniendo cuando fuese necesario (cf. SV IV,187; XIII,589; Doc. 622.675).<\/p>\n<p>Con frecuencia, Portail colaboraba con Vicente y Luisa en los encaminamientos de la Compa\u00f1\u00eda, desde las cuestiones burocr\u00e1ticas hasta las m\u00e1s cotidianas (cf. SL C.117.138.559.632). Merece destacarse su empe\u00f1o en enviar las Hijas de la Caridad al hospital de Le Mans, haci\u00e9ndose portavoz de la insistencia de los administradores locales y de las necesidades de los enfermos y de los ni\u00f1os abandonados (cf. Doc.394.397). Menos de diez a\u00f1os despu\u00e9s, en 1655, otras circunstancias lo obligaron a concordar con la retirada de las Hermanas del hospital de Nantes (cf. Doc.622). Como si no bastase, visitaba y reconfortaba a las familias de las Hijas da Caridad (cf. Doc.405), dirig\u00eda circulares y cartas particulares a las Hermanas y manten\u00eda asidua correspondencia con la fundadora, con quien compart\u00eda una profunda y bella amistad, basada en la transparencia y en la confianza mutua (cf. SL C.262.493.708). Una vez, Luisa le escribi\u00f3: <em>\u00abS\u00e9, Padre Portail, que vuestro coraz\u00f3n, transbordante de caridad, recibir\u00e1 los m\u00e1s humildes agradecimientos de nuestras Hermanas y los que os presento por los santos consejos y testimonio de benevolencia que nos distes en la carta colectiva a las Hermanas y, en particular, a m\u00ed. Ambas nos causaron gran alegr\u00eda y consuelo. Nosotras las le\u00edmos mientras esper\u00e1bamos la conferencia y, Dios sabe, Padre, que no fue sin l\u00e1grimas, aunque suavizadas por la esperanza de tenerlo en breve aqu\u00ed\u00bb <\/em>(SL C.287)<em>.<\/em> Adem\u00e1s de eso, era tambi\u00e9n consultado cuando las Hermanas ped\u00edan emitir los Votos (cf. SV V,354; VI,61; SL C.554.710), conforme esta informaci\u00f3n contenida en una carta de Luisa a San Vicente, de 1656: <em>\u00abPienso que el Padre Portail os habr\u00e1 hablado de las Hermanas que van a renovar los Votos, porque las cuatro se presentan con la aprobaci\u00f3n de \u00e9l\u00bb <\/em>(SL C.547).<\/p>\n<p>La rectitud y la sensatez de Portail enseguida le rindieron la admiraci\u00f3n y el afecto de Luisa de Marillac y de las Hermanas, como se puede observar en muchas de las numerosas cartas enviadas por la fundadora al Padre Director (cf. SL C.141). Una, sin embargo, nos parece particularmente ilustrativa: <em>\u00abHacednos el favor de darnos, de vez en cuando, vuestras queridas noticias, de cualquier lugar donde estuviere. En verdad, debo deciros que toda la Compa\u00f1\u00eda siente mucho vuestra ausencia. \u00a1Cada d\u00eda la sentimos m\u00e1s!<\/em> (&#8230;) <em>Todas las Hermanas, vuestras hijas queridas, experimentan gran alegr\u00eda al saber que os acord\u00e1is de ellas. Todas os saludan afectuosamente, asegur\u00e1ndoos que piden a Dios por usted. Su Hermana Sirviente ser\u00eda muy ingrata si dejase de hacerlo\u00bb <\/em>(SL C. 149). Portail, a su vez, manifestaba gran solicitud con Luisa y se preocupaba con su bienestar: <em>\u00abHasta que por fin, tuvimos la buena noticia de vuestro restablecimiento esperado ardientemente: \u00a1tem\u00edamos que vuestras hijas quedasen hu\u00e9rfanas!\u00bb <\/em>(Doc. 454). Pero hab\u00eda tambi\u00e9n, entre ambos, humanas divergencias, que en nada oscurec\u00edan la caridad y la confianza mutuas que los un\u00edan en el Se\u00f1or, como testimonia el propio Portail, en una humilde iniciativa de reconciliaci\u00f3n: <em>\u00abSab\u00e9is, Mademoiselle, que la santidad no es incompatible con los sentimientos contrarios<\/em> (&#8230;). <em>La santidad de vuestra vida no dejar\u00e1 de subsistir con todas las oposiciones que ten\u00e9is por los sentimientos de un hombre malo, como yo. Si falt\u00e9 al respeto y a la discreci\u00f3n, expres\u00e1ndoos mis pensamientos, os pido humildemente perd\u00f3n por eso, aunque me parezca haberlo hecho con la aprobaci\u00f3n de Dios y para su mayor gloria\u00bb <\/em>(Doc.638). As\u00ed, Antonio Portail nos ense\u00f1a que cuanto m\u00e1s sepamos cultivar nuestra sensibilidad humana, expresada en la comprensi\u00f3n, en la acogida y en el perd\u00f3n, venciendo cotidianamente nuestras contradicciones y ambig\u00fcedades, m\u00e1s generosamente corresponderemos a la llamada a la santidad que la Trinidad dirige a todos.<\/p>\n<p>No demor\u00f3 mucho para que las Hermanas descubriesen en la simplicidad del buen Padre Portail el hombre providencial con el cual siempre podr\u00edan contar para mantener encendida y crepitante la llama del carisma. En el a\u00f1o 1647, estando de visita a los Cohermanos da Italia, Portail recibi\u00f3 de Luisa una singular manifestaci\u00f3n del aprecio que toda la Comunidad sent\u00eda por \u00e9l: <em>\u00abEstoy convencida de que la perfecci\u00f3n pedida por Dios a toda la Compa\u00f1\u00eda requiere vuestra direcci\u00f3n y vuestras caritativas advertencias\u00bb <\/em>(SL C.197). En el a\u00f1o siguiente, circul\u00f3 entre las Hermanas el rumor de que Portail hab\u00eda fallecido en Roma. S\u00f3lo en septiembre, Luisa recibi\u00f3 una carta del Padre Director, anunciando su futuro regreso a Paris pero sin determinar la fecha de su llegada, una vez que a\u00fan tendr\u00eda que pasar por Marsella. Quien nos informa sobre eso es la propia Luisa de Marillac, en respuesta al Padre Portail: <em>\u00abNo sabr\u00eda expresaros la alegr\u00eda de todas las Hermanas, despu\u00e9s de la tristeza que algunas experimentaron delante del rumor de que hab\u00edais muerto. Bendito sea Dios, Padre, por haberos conservado en medio de tantos peligros y se digne esta misma Bondad en traerlo de vuelta en breve\u00bb <\/em>(SL C.262). Constante tambi\u00e9n era la preocupaci\u00f3n de Luisa con la salud del buen Director que no med\u00eda esfuerzos para cumplir sus deberes con puntualidad y exactitud (cf. SL C.553.602): <em>\u00abNo deje de cuidar de usted en sus trabajos para as\u00ed poder cumplir durante m\u00e1s tiempo, en este mundo, la santa y adorable voluntad de Dios\u00bb<\/em> (SL C.506).<\/p>\n<p>Ciertamente, el buen \u00e9xito do trabajo realizado por Portail como Director de las Hijas da Caridad contribuy\u00f3 para que el Padre Vicente incluyese este oficio entre los ministerios propios de la Comunidad (cf. RC XI,11). Y, hasta hoy, ese v\u00ednculo entre la Congregaci\u00f3n de la Misi\u00f3n y la Compa\u00f1\u00eda de las Hijas de la Caridad permanece inviolable, prolongando en el tiempo y en el espacio la profundidad, la belleza y la vitalidad del carisma que nos une alrededor de la misi\u00f3n de evangelizar y servir a los pobres.<\/p>\n","protected":false},"excerpt":{"rendered":"<p>3. Primer Director de las Hijas de la Caridad Despu\u00e9s de 1640, el Padre Portail se convierte en el primer Director de las Hijas da Caridad (cf. SV IX,507), oficio que ocupar\u00e1 hasta el fin &#8230; <a href=\"https:\/\/vincentians.com\/es\/obrero-de-la-primera-hora-padre-portail-en-mosaico-iii\/\" class=\"more-link\">Read More<\/a><\/p>\n","protected":false},"author":4,"featured_media":399998,"comment_status":"open","ping_status":"open","sticky":false,"template":"","format":"standard","meta":{"jetpack_post_was_ever_published":false,"_jetpack_newsletter_access":"","_jetpack_dont_email_post_to_subs":false,"_jetpack_newsletter_tier_id":0,"_jetpack_memberships_contains_paywalled_content":false,"_jetpack_memberships_contains_paid_content":false,"footnotes":"","jetpack_publicize_message":"","jetpack_publicize_feature_enabled":true,"jetpack_social_post_already_shared":true,"jetpack_social_options":{"image_generator_settings":{"template":"highway","default_image_id":0,"font":"","enabled":false},"version":2}},"categories":[17],"tags":[126,144,131,127],"class_list":["post-115913","post","type-post","status-publish","format-standard","has-post-thumbnail","hentry","category-en-tiempos-de-vicente-de-paul","tag-dehorgny","tag-lambert","tag-montmirail","tag-portail"],"yoast_head":"<!-- This site is optimized with the Yoast SEO plugin v26.3 - https:\/\/yoast.com\/wordpress\/plugins\/seo\/ -->\n<title>Obrero de la primera hora: Padre Portail en mosaico (III) - Somos Vicencianos<\/title>\n<meta name=\"robots\" content=\"index, follow, max-snippet:-1, max-image-preview:large, max-video-preview:-1\" \/>\n<link rel=\"canonical\" href=\"https:\/\/vincentians.com\/es\/obrero-de-la-primera-hora-padre-portail-en-mosaico-iii\/\" \/>\n<meta property=\"og:locale\" content=\"es_ES\" \/>\n<meta property=\"og:type\" content=\"article\" \/>\n<meta property=\"og:title\" content=\"Obrero de la primera hora: Padre Portail en mosaico (III) - Somos Vicencianos\" \/>\n<meta property=\"og:description\" content=\"3. Primer Director de las Hijas de la Caridad Despu\u00e9s de 1640, el Padre Portail se convierte en el primer Director de las Hijas da Caridad (cf. SV IX,507), oficio que ocupar\u00e1 hasta el fin ... Read More\" \/>\n<meta property=\"og:url\" content=\"https:\/\/vincentians.com\/es\/obrero-de-la-primera-hora-padre-portail-en-mosaico-iii\/\" \/>\n<meta property=\"og:site_name\" content=\"Somos Vicencianos\" \/>\n<meta property=\"article:publisher\" content=\"https:\/\/www.facebook.com\/WeAreVincentians\/\" \/>\n<meta property=\"article:author\" content=\"https:\/\/www.facebook.com\/JavierChento\" \/>\n<meta property=\"article:published_time\" content=\"2021-05-22T06:30:00+00:00\" \/>\n<meta property=\"og:image\" content=\"https:\/\/i0.wp.com\/vincentians.com\/es\/wp-content\/uploads\/sites\/11\/2016\/09\/enviados-evangelizar-pobres.jpg?fit=1200%2C630&ssl=1\" \/>\n\t<meta property=\"og:image:width\" content=\"1200\" \/>\n\t<meta property=\"og:image:height\" content=\"630\" \/>\n\t<meta property=\"og:image:type\" content=\"image\/jpeg\" \/>\n<meta name=\"author\" content=\"Francisco Javier Fern\u00e1ndez Chento\" \/>\n<meta name=\"twitter:card\" content=\"summary_large_image\" \/>\n<meta name=\"twitter:creator\" content=\"@https:\/\/twitter.com\/javierchento\" \/>\n<meta name=\"twitter:site\" content=\"@WeVincentians\" \/>\n<meta name=\"twitter:label1\" content=\"Escrito por\" \/>\n\t<meta name=\"twitter:data1\" content=\"Francisco Javier Fern\u00e1ndez Chento\" \/>\n\t<meta name=\"twitter:label2\" content=\"Tiempo de lectura\" \/>\n\t<meta name=\"twitter:data2\" content=\"10 minutos\" \/>\n<script type=\"application\/ld+json\" class=\"yoast-schema-graph\">{\"@context\":\"https:\/\/schema.org\",\"@graph\":[{\"@type\":\"Article\",\"@id\":\"https:\/\/vincentians.com\/es\/obrero-de-la-primera-hora-padre-portail-en-mosaico-iii\/#article\",\"isPartOf\":{\"@id\":\"https:\/\/vincentians.com\/es\/obrero-de-la-primera-hora-padre-portail-en-mosaico-iii\/\"},\"author\":{\"name\":\"Francisco Javier Fern\u00e1ndez Chento\",\"@id\":\"http:\/\/vincentians.com\/es\/#\/schema\/person\/9623ef4d9aa3b2dfb8c061f1499288f2\"},\"headline\":\"Obrero de la primera hora: Padre Portail en mosaico (III)\",\"datePublished\":\"2021-05-22T06:30:00+00:00\",\"mainEntityOfPage\":{\"@id\":\"https:\/\/vincentians.com\/es\/obrero-de-la-primera-hora-padre-portail-en-mosaico-iii\/\"},\"wordCount\":1937,\"commentCount\":0,\"publisher\":{\"@id\":\"http:\/\/vincentians.com\/es\/#organization\"},\"image\":{\"@id\":\"https:\/\/vincentians.com\/es\/obrero-de-la-primera-hora-padre-portail-en-mosaico-iii\/#primaryimage\"},\"thumbnailUrl\":\"https:\/\/i0.wp.com\/vincentians.com\/es\/wp-content\/uploads\/sites\/11\/2016\/09\/enviados-evangelizar-pobres.jpg?fit=1200%2C630&ssl=1\",\"keywords\":[\"Dehorgny\",\"Lambert\",\"Montmirail\",\"Portail\"],\"articleSection\":[\"En tiempos de Vicente de Pa\u00fal\"],\"inLanguage\":\"es\",\"potentialAction\":[{\"@type\":\"CommentAction\",\"name\":\"Comment\",\"target\":[\"https:\/\/vincentians.com\/es\/obrero-de-la-primera-hora-padre-portail-en-mosaico-iii\/#respond\"]}]},{\"@type\":\"WebPage\",\"@id\":\"https:\/\/vincentians.com\/es\/obrero-de-la-primera-hora-padre-portail-en-mosaico-iii\/\",\"url\":\"https:\/\/vincentians.com\/es\/obrero-de-la-primera-hora-padre-portail-en-mosaico-iii\/\",\"name\":\"Obrero de la primera hora: Padre Portail en mosaico (III) - Somos Vicencianos\",\"isPartOf\":{\"@id\":\"http:\/\/vincentians.com\/es\/#website\"},\"primaryImageOfPage\":{\"@id\":\"https:\/\/vincentians.com\/es\/obrero-de-la-primera-hora-padre-portail-en-mosaico-iii\/#primaryimage\"},\"image\":{\"@id\":\"https:\/\/vincentians.com\/es\/obrero-de-la-primera-hora-padre-portail-en-mosaico-iii\/#primaryimage\"},\"thumbnailUrl\":\"https:\/\/i0.wp.com\/vincentians.com\/es\/wp-content\/uploads\/sites\/11\/2016\/09\/enviados-evangelizar-pobres.jpg?fit=1200%2C630&ssl=1\",\"datePublished\":\"2021-05-22T06:30:00+00:00\",\"breadcrumb\":{\"@id\":\"https:\/\/vincentians.com\/es\/obrero-de-la-primera-hora-padre-portail-en-mosaico-iii\/#breadcrumb\"},\"inLanguage\":\"es\",\"potentialAction\":[{\"@type\":\"ReadAction\",\"target\":[\"https:\/\/vincentians.com\/es\/obrero-de-la-primera-hora-padre-portail-en-mosaico-iii\/\"]}]},{\"@type\":\"ImageObject\",\"inLanguage\":\"es\",\"@id\":\"https:\/\/vincentians.com\/es\/obrero-de-la-primera-hora-padre-portail-en-mosaico-iii\/#primaryimage\",\"url\":\"https:\/\/i0.wp.com\/vincentians.com\/es\/wp-content\/uploads\/sites\/11\/2016\/09\/enviados-evangelizar-pobres.jpg?fit=1200%2C630&ssl=1\",\"contentUrl\":\"https:\/\/i0.wp.com\/vincentians.com\/es\/wp-content\/uploads\/sites\/11\/2016\/09\/enviados-evangelizar-pobres.jpg?fit=1200%2C630&ssl=1\",\"width\":1200,\"height\":630},{\"@type\":\"BreadcrumbList\",\"@id\":\"https:\/\/vincentians.com\/es\/obrero-de-la-primera-hora-padre-portail-en-mosaico-iii\/#breadcrumb\",\"itemListElement\":[{\"@type\":\"ListItem\",\"position\":1,\"name\":\"Portada\",\"item\":\"http:\/\/vincentians.com\/es\/\"},{\"@type\":\"ListItem\",\"position\":2,\"name\":\"Obrero de la primera hora: Padre Portail en mosaico (III)\"}]},{\"@type\":\"WebSite\",\"@id\":\"http:\/\/vincentians.com\/es\/#website\",\"url\":\"http:\/\/vincentians.com\/es\/\",\"name\":\"Somos Vicencianos\",\"description\":\"Know more to serve more\",\"publisher\":{\"@id\":\"http:\/\/vincentians.com\/es\/#organization\"},\"potentialAction\":[{\"@type\":\"SearchAction\",\"target\":{\"@type\":\"EntryPoint\",\"urlTemplate\":\"http:\/\/vincentians.com\/es\/?s={search_term_string}\"},\"query-input\":{\"@type\":\"PropertyValueSpecification\",\"valueRequired\":true,\"valueName\":\"search_term_string\"}}],\"inLanguage\":\"es\"},{\"@type\":\"Organization\",\"@id\":\"http:\/\/vincentians.com\/es\/#organization\",\"name\":\"The Vincentian Network\",\"url\":\"http:\/\/vincentians.com\/es\/\",\"logo\":{\"@type\":\"ImageObject\",\"inLanguage\":\"es\",\"@id\":\"http:\/\/vincentians.com\/es\/#\/schema\/logo\/image\/\",\"url\":\"https:\/\/i1.wp.com\/vincentians.com\/es\/wp-content\/uploads\/sites\/11\/2016\/06\/Vincentian-Network-logo-big.png?fit=778%2C778\",\"contentUrl\":\"https:\/\/i1.wp.com\/vincentians.com\/es\/wp-content\/uploads\/sites\/11\/2016\/06\/Vincentian-Network-logo-big.png?fit=778%2C778\",\"width\":778,\"height\":778,\"caption\":\"The Vincentian Network\"},\"image\":{\"@id\":\"http:\/\/vincentians.com\/es\/#\/schema\/logo\/image\/\"},\"sameAs\":[\"https:\/\/www.facebook.com\/WeAreVincentians\/\",\"https:\/\/x.com\/WeVincentians\"]},{\"@type\":\"Person\",\"@id\":\"http:\/\/vincentians.com\/es\/#\/schema\/person\/9623ef4d9aa3b2dfb8c061f1499288f2\",\"name\":\"Francisco Javier Fern\u00e1ndez Chento\",\"image\":{\"@type\":\"ImageObject\",\"inLanguage\":\"es\",\"@id\":\"http:\/\/vincentians.com\/es\/#\/schema\/person\/image\/\",\"url\":\"https:\/\/secure.gravatar.com\/avatar\/497d5cde87b4c3d097d0315953521681ba2cd523ee66e5077c3711f7021e65de?s=96&d=mm&r=g\",\"contentUrl\":\"https:\/\/secure.gravatar.com\/avatar\/497d5cde87b4c3d097d0315953521681ba2cd523ee66e5077c3711f7021e65de?s=96&d=mm&r=g\",\"caption\":\"Francisco Javier Fern\u00e1ndez Chento\"},\"description\":\"Director General y cofundador de La Red de Formaci\u00f3n Vicenciana. Javier es laico vicenciano, afiliado a la Congregaci\u00f3n de la Misi\u00f3n y miembro del Equipo de Misiones Populares de la provincia can\u00f3nica de Zaragoza (Espa\u00f1a) de la Congregaci\u00f3n de la Misi\u00f3n. Graduado en la Universidad Oberta de Catalunya con cuatro grados (Asistente de direcci\u00f3n, Gesti\u00f3n Administrativa, Recursos Humanos y Contabilidad Avanzada). Bil\u00edng\u00fce Espa\u00f1ol\/Ingl\u00e9s. gestiona y mantiene varias p\u00e1ginas web cristianas y vicencianas, incluida including La Red de Formaci\u00f3n Vicenciana, de la que es cofundador. Actualmente es responsable del \u00e1rea de Espa\u00f1ol de .famvin, la Red de Noticias de la Familia Vicenciana. Tambi\u00e9n es m\u00fasico cat\u00f3lico y ha editado varios discos. Es Director General y cofundador de Trovador, una reconocida compa\u00f1\u00eda discogr\u00e1fica critiana de Espa\u00f1a. Trabaja en las Tecnolog\u00edas de la Informaci\u00f3n, ofreciendo servicios de alojamiento, dise\u00f1o y mantenimiento Web, as\u00ed como asesoramiento, formaci\u00f3n y soluciones inform\u00e1ticas, gesti\u00f3n documental y digitalizaci\u00f3n de textos, edici\u00f3n y maquetaci\u00f3n de libros, revistas, flyers, etc.\",\"sameAs\":[\"http:\/\/chento.org\",\"https:\/\/www.facebook.com\/JavierChento\",\"https:\/\/x.com\/https:\/\/twitter.com\/javierchento\"],\"url\":\"https:\/\/vincentians.com\/es\/author\/chento\/\"}]}<\/script>\n<!-- \/ Yoast SEO plugin. -->","yoast_head_json":{"title":"Obrero de la primera hora: Padre Portail en mosaico (III) - Somos Vicencianos","robots":{"index":"index","follow":"follow","max-snippet":"max-snippet:-1","max-image-preview":"max-image-preview:large","max-video-preview":"max-video-preview:-1"},"canonical":"https:\/\/vincentians.com\/es\/obrero-de-la-primera-hora-padre-portail-en-mosaico-iii\/","og_locale":"es_ES","og_type":"article","og_title":"Obrero de la primera hora: Padre Portail en mosaico (III) - Somos Vicencianos","og_description":"3. Primer Director de las Hijas de la Caridad Despu\u00e9s de 1640, el Padre Portail se convierte en el primer Director de las Hijas da Caridad (cf. SV IX,507), oficio que ocupar\u00e1 hasta el fin ... Read More","og_url":"https:\/\/vincentians.com\/es\/obrero-de-la-primera-hora-padre-portail-en-mosaico-iii\/","og_site_name":"Somos Vicencianos","article_publisher":"https:\/\/www.facebook.com\/WeAreVincentians\/","article_author":"https:\/\/www.facebook.com\/JavierChento","article_published_time":"2021-05-22T06:30:00+00:00","og_image":[{"width":1200,"height":630,"url":"https:\/\/i0.wp.com\/vincentians.com\/es\/wp-content\/uploads\/sites\/11\/2016\/09\/enviados-evangelizar-pobres.jpg?fit=1200%2C630&ssl=1","type":"image\/jpeg"}],"author":"Francisco Javier Fern\u00e1ndez Chento","twitter_card":"summary_large_image","twitter_creator":"@https:\/\/twitter.com\/javierchento","twitter_site":"@WeVincentians","twitter_misc":{"Escrito por":"Francisco Javier Fern\u00e1ndez Chento","Tiempo de lectura":"10 minutos"},"schema":{"@context":"https:\/\/schema.org","@graph":[{"@type":"Article","@id":"https:\/\/vincentians.com\/es\/obrero-de-la-primera-hora-padre-portail-en-mosaico-iii\/#article","isPartOf":{"@id":"https:\/\/vincentians.com\/es\/obrero-de-la-primera-hora-padre-portail-en-mosaico-iii\/"},"author":{"name":"Francisco Javier Fern\u00e1ndez Chento","@id":"http:\/\/vincentians.com\/es\/#\/schema\/person\/9623ef4d9aa3b2dfb8c061f1499288f2"},"headline":"Obrero de la primera hora: Padre Portail en mosaico (III)","datePublished":"2021-05-22T06:30:00+00:00","mainEntityOfPage":{"@id":"https:\/\/vincentians.com\/es\/obrero-de-la-primera-hora-padre-portail-en-mosaico-iii\/"},"wordCount":1937,"commentCount":0,"publisher":{"@id":"http:\/\/vincentians.com\/es\/#organization"},"image":{"@id":"https:\/\/vincentians.com\/es\/obrero-de-la-primera-hora-padre-portail-en-mosaico-iii\/#primaryimage"},"thumbnailUrl":"https:\/\/i0.wp.com\/vincentians.com\/es\/wp-content\/uploads\/sites\/11\/2016\/09\/enviados-evangelizar-pobres.jpg?fit=1200%2C630&ssl=1","keywords":["Dehorgny","Lambert","Montmirail","Portail"],"articleSection":["En tiempos de Vicente de Pa\u00fal"],"inLanguage":"es","potentialAction":[{"@type":"CommentAction","name":"Comment","target":["https:\/\/vincentians.com\/es\/obrero-de-la-primera-hora-padre-portail-en-mosaico-iii\/#respond"]}]},{"@type":"WebPage","@id":"https:\/\/vincentians.com\/es\/obrero-de-la-primera-hora-padre-portail-en-mosaico-iii\/","url":"https:\/\/vincentians.com\/es\/obrero-de-la-primera-hora-padre-portail-en-mosaico-iii\/","name":"Obrero de la primera hora: Padre Portail en mosaico (III) - Somos Vicencianos","isPartOf":{"@id":"http:\/\/vincentians.com\/es\/#website"},"primaryImageOfPage":{"@id":"https:\/\/vincentians.com\/es\/obrero-de-la-primera-hora-padre-portail-en-mosaico-iii\/#primaryimage"},"image":{"@id":"https:\/\/vincentians.com\/es\/obrero-de-la-primera-hora-padre-portail-en-mosaico-iii\/#primaryimage"},"thumbnailUrl":"https:\/\/i0.wp.com\/vincentians.com\/es\/wp-content\/uploads\/sites\/11\/2016\/09\/enviados-evangelizar-pobres.jpg?fit=1200%2C630&ssl=1","datePublished":"2021-05-22T06:30:00+00:00","breadcrumb":{"@id":"https:\/\/vincentians.com\/es\/obrero-de-la-primera-hora-padre-portail-en-mosaico-iii\/#breadcrumb"},"inLanguage":"es","potentialAction":[{"@type":"ReadAction","target":["https:\/\/vincentians.com\/es\/obrero-de-la-primera-hora-padre-portail-en-mosaico-iii\/"]}]},{"@type":"ImageObject","inLanguage":"es","@id":"https:\/\/vincentians.com\/es\/obrero-de-la-primera-hora-padre-portail-en-mosaico-iii\/#primaryimage","url":"https:\/\/i0.wp.com\/vincentians.com\/es\/wp-content\/uploads\/sites\/11\/2016\/09\/enviados-evangelizar-pobres.jpg?fit=1200%2C630&ssl=1","contentUrl":"https:\/\/i0.wp.com\/vincentians.com\/es\/wp-content\/uploads\/sites\/11\/2016\/09\/enviados-evangelizar-pobres.jpg?fit=1200%2C630&ssl=1","width":1200,"height":630},{"@type":"BreadcrumbList","@id":"https:\/\/vincentians.com\/es\/obrero-de-la-primera-hora-padre-portail-en-mosaico-iii\/#breadcrumb","itemListElement":[{"@type":"ListItem","position":1,"name":"Portada","item":"http:\/\/vincentians.com\/es\/"},{"@type":"ListItem","position":2,"name":"Obrero de la primera hora: Padre Portail en mosaico (III)"}]},{"@type":"WebSite","@id":"http:\/\/vincentians.com\/es\/#website","url":"http:\/\/vincentians.com\/es\/","name":"Somos Vicencianos","description":"Know more to serve more","publisher":{"@id":"http:\/\/vincentians.com\/es\/#organization"},"potentialAction":[{"@type":"SearchAction","target":{"@type":"EntryPoint","urlTemplate":"http:\/\/vincentians.com\/es\/?s={search_term_string}"},"query-input":{"@type":"PropertyValueSpecification","valueRequired":true,"valueName":"search_term_string"}}],"inLanguage":"es"},{"@type":"Organization","@id":"http:\/\/vincentians.com\/es\/#organization","name":"The Vincentian Network","url":"http:\/\/vincentians.com\/es\/","logo":{"@type":"ImageObject","inLanguage":"es","@id":"http:\/\/vincentians.com\/es\/#\/schema\/logo\/image\/","url":"https:\/\/i1.wp.com\/vincentians.com\/es\/wp-content\/uploads\/sites\/11\/2016\/06\/Vincentian-Network-logo-big.png?fit=778%2C778","contentUrl":"https:\/\/i1.wp.com\/vincentians.com\/es\/wp-content\/uploads\/sites\/11\/2016\/06\/Vincentian-Network-logo-big.png?fit=778%2C778","width":778,"height":778,"caption":"The Vincentian Network"},"image":{"@id":"http:\/\/vincentians.com\/es\/#\/schema\/logo\/image\/"},"sameAs":["https:\/\/www.facebook.com\/WeAreVincentians\/","https:\/\/x.com\/WeVincentians"]},{"@type":"Person","@id":"http:\/\/vincentians.com\/es\/#\/schema\/person\/9623ef4d9aa3b2dfb8c061f1499288f2","name":"Francisco Javier Fern\u00e1ndez Chento","image":{"@type":"ImageObject","inLanguage":"es","@id":"http:\/\/vincentians.com\/es\/#\/schema\/person\/image\/","url":"https:\/\/secure.gravatar.com\/avatar\/497d5cde87b4c3d097d0315953521681ba2cd523ee66e5077c3711f7021e65de?s=96&d=mm&r=g","contentUrl":"https:\/\/secure.gravatar.com\/avatar\/497d5cde87b4c3d097d0315953521681ba2cd523ee66e5077c3711f7021e65de?s=96&d=mm&r=g","caption":"Francisco Javier Fern\u00e1ndez Chento"},"description":"Director General y cofundador de La Red de Formaci\u00f3n Vicenciana. Javier es laico vicenciano, afiliado a la Congregaci\u00f3n de la Misi\u00f3n y miembro del Equipo de Misiones Populares de la provincia can\u00f3nica de Zaragoza (Espa\u00f1a) de la Congregaci\u00f3n de la Misi\u00f3n. Graduado en la Universidad Oberta de Catalunya con cuatro grados (Asistente de direcci\u00f3n, Gesti\u00f3n Administrativa, Recursos Humanos y Contabilidad Avanzada). Bil\u00edng\u00fce Espa\u00f1ol\/Ingl\u00e9s. gestiona y mantiene varias p\u00e1ginas web cristianas y vicencianas, incluida including La Red de Formaci\u00f3n Vicenciana, de la que es cofundador. Actualmente es responsable del \u00e1rea de Espa\u00f1ol de .famvin, la Red de Noticias de la Familia Vicenciana. Tambi\u00e9n es m\u00fasico cat\u00f3lico y ha editado varios discos. Es Director General y cofundador de Trovador, una reconocida compa\u00f1\u00eda discogr\u00e1fica critiana de Espa\u00f1a. Trabaja en las Tecnolog\u00edas de la Informaci\u00f3n, ofreciendo servicios de alojamiento, dise\u00f1o y mantenimiento Web, as\u00ed como asesoramiento, formaci\u00f3n y soluciones inform\u00e1ticas, gesti\u00f3n documental y digitalizaci\u00f3n de textos, edici\u00f3n y maquetaci\u00f3n de libros, revistas, flyers, etc.","sameAs":["http:\/\/chento.org","https:\/\/www.facebook.com\/JavierChento","https:\/\/x.com\/https:\/\/twitter.com\/javierchento"],"url":"https:\/\/vincentians.com\/es\/author\/chento\/"}]}},"jetpack_publicize_connections":[],"jetpack_featured_media_url":"https:\/\/i0.wp.com\/vincentians.com\/es\/wp-content\/uploads\/sites\/11\/2016\/09\/enviados-evangelizar-pobres.jpg?fit=1200%2C630&ssl=1","jetpack_sharing_enabled":true,"jetpack_shortlink":"https:\/\/wp.me\/p7ETMF-u9z","jetpack-related-posts":[{"id":115915,"url":"https:\/\/vincentians.com\/es\/obrero-de-la-primera-hora-padre-portail-en-mosaico-iv\/","url_meta":{"origin":115913,"position":0},"title":"Obrero de la primera hora: Padre Portail en mosaico (IV)","author":"Francisco Javier Fern\u00e1ndez Chento","date":"24\/05\/2021","format":false,"excerpt":"4. Definici\u00f3n del perfil institucional de la Misi\u00f3n La Asamblea General de 1642 se hizo c\u00e9lebre. La Congregaci\u00f3n, 17 a\u00f1os despu\u00e9s de su fundaci\u00f3n, contaba con 10 Casas y estaba a punto de iniciarse el proceso de organizaci\u00f3n de sus primeras Provincias. En esa Asamblea, el Padre Vicente present\u00f3, por\u2026","rel":"","context":"En \u00abEn tiempos de Vicente de Pa\u00fal\u00bb","block_context":{"text":"En tiempos de Vicente de Pa\u00fal","link":"https:\/\/vincentians.com\/es\/category\/historia-de-la-familia-vicenciana\/en-tiempos-de-vicente-de-paul\/"},"img":{"alt_text":"","src":"https:\/\/i0.wp.com\/vincentians.com\/es\/wp-content\/uploads\/sites\/11\/2016\/09\/enviados-evangelizar-pobres.jpg?fit=1200%2C630&ssl=1&resize=350%2C200","width":350,"height":200,"srcset":"https:\/\/i0.wp.com\/vincentians.com\/es\/wp-content\/uploads\/sites\/11\/2016\/09\/enviados-evangelizar-pobres.jpg?fit=1200%2C630&ssl=1&resize=350%2C200 1x, https:\/\/i0.wp.com\/vincentians.com\/es\/wp-content\/uploads\/sites\/11\/2016\/09\/enviados-evangelizar-pobres.jpg?fit=1200%2C630&ssl=1&resize=525%2C300 1.5x, https:\/\/i0.wp.com\/vincentians.com\/es\/wp-content\/uploads\/sites\/11\/2016\/09\/enviados-evangelizar-pobres.jpg?fit=1200%2C630&ssl=1&resize=700%2C400 2x, https:\/\/i0.wp.com\/vincentians.com\/es\/wp-content\/uploads\/sites\/11\/2016\/09\/enviados-evangelizar-pobres.jpg?fit=1200%2C630&ssl=1&resize=1050%2C600 3x"},"classes":[]},{"id":115903,"url":"https:\/\/vincentians.com\/es\/obrero-de-la-primera-hora-padre-portail-en-mosaico-ii\/","url_meta":{"origin":115913,"position":1},"title":"Obrero de la primera hora: Padre Portail en mosaico (II)","author":"Francisco Javier Fern\u00e1ndez Chento","date":"20\/05\/2021","format":false,"excerpt":"2. En los or\u00edgenes de la Misi\u00f3n En el d\u00eda 4 de septiembre de 1626, juntamente con Vicente de Pa\u00fal, Francisco du Coudray y Jean de la Salle, los dos \u00faltimos del clero de Amiens, Portail firma el Acta de Asociaci\u00f3n, certificado de nacimiento de la Congregaci\u00f3n da Misi\u00f3n (cf.\u2026","rel":"","context":"En \u00abEn tiempos de Vicente de Pa\u00fal\u00bb","block_context":{"text":"En tiempos de Vicente de Pa\u00fal","link":"https:\/\/vincentians.com\/es\/category\/historia-de-la-familia-vicenciana\/en-tiempos-de-vicente-de-paul\/"},"img":{"alt_text":"","src":"https:\/\/i0.wp.com\/vincentians.com\/es\/wp-content\/uploads\/sites\/11\/2016\/09\/enviados-evangelizar-pobres.jpg?fit=1200%2C630&ssl=1&resize=350%2C200","width":350,"height":200,"srcset":"https:\/\/i0.wp.com\/vincentians.com\/es\/wp-content\/uploads\/sites\/11\/2016\/09\/enviados-evangelizar-pobres.jpg?fit=1200%2C630&ssl=1&resize=350%2C200 1x, https:\/\/i0.wp.com\/vincentians.com\/es\/wp-content\/uploads\/sites\/11\/2016\/09\/enviados-evangelizar-pobres.jpg?fit=1200%2C630&ssl=1&resize=525%2C300 1.5x, https:\/\/i0.wp.com\/vincentians.com\/es\/wp-content\/uploads\/sites\/11\/2016\/09\/enviados-evangelizar-pobres.jpg?fit=1200%2C630&ssl=1&resize=700%2C400 2x, https:\/\/i0.wp.com\/vincentians.com\/es\/wp-content\/uploads\/sites\/11\/2016\/09\/enviados-evangelizar-pobres.jpg?fit=1200%2C630&ssl=1&resize=1050%2C600 3x"},"classes":[]},{"id":115917,"url":"https:\/\/vincentians.com\/es\/obrero-de-la-primera-hora-padre-portail-en-mosaico-vi\/","url_meta":{"origin":115913,"position":2},"title":"Obrero de la primera hora: Padre Portail en mosaico (VI)","author":"Francisco Javier Fern\u00e1ndez Chento","date":"28\/05\/2021","format":false,"excerpt":"6. Renacimiento para la Vida La salud del Padre Portail oscilaba bastante (cf. SV I,526; V,588; VI,191). Todav\u00eda en 1640, San Vicente da noticias de un problema que le afectaba a la vista (cf. SV I,288). Con el pasar de los a\u00f1os, los achaques aumentan, no s\u00f3lo para Portail, como\u2026","rel":"","context":"En \u00abEn tiempos de Vicente de Pa\u00fal\u00bb","block_context":{"text":"En tiempos de Vicente de Pa\u00fal","link":"https:\/\/vincentians.com\/es\/category\/historia-de-la-familia-vicenciana\/en-tiempos-de-vicente-de-paul\/"},"img":{"alt_text":"","src":"https:\/\/i0.wp.com\/vincentians.com\/es\/wp-content\/uploads\/sites\/11\/2016\/09\/enviados-evangelizar-pobres.jpg?fit=1200%2C630&ssl=1&resize=350%2C200","width":350,"height":200,"srcset":"https:\/\/i0.wp.com\/vincentians.com\/es\/wp-content\/uploads\/sites\/11\/2016\/09\/enviados-evangelizar-pobres.jpg?fit=1200%2C630&ssl=1&resize=350%2C200 1x, https:\/\/i0.wp.com\/vincentians.com\/es\/wp-content\/uploads\/sites\/11\/2016\/09\/enviados-evangelizar-pobres.jpg?fit=1200%2C630&ssl=1&resize=525%2C300 1.5x, https:\/\/i0.wp.com\/vincentians.com\/es\/wp-content\/uploads\/sites\/11\/2016\/09\/enviados-evangelizar-pobres.jpg?fit=1200%2C630&ssl=1&resize=700%2C400 2x, https:\/\/i0.wp.com\/vincentians.com\/es\/wp-content\/uploads\/sites\/11\/2016\/09\/enviados-evangelizar-pobres.jpg?fit=1200%2C630&ssl=1&resize=1050%2C600 3x"},"classes":[]},{"id":115916,"url":"https:\/\/vincentians.com\/es\/obrero-de-la-primera-hora-padre-portail-en-mosaico-v\/","url_meta":{"origin":115913,"position":3},"title":"Obrero de la primera hora: Padre Portail en mosaico (V)","author":"Francisco Javier Fern\u00e1ndez Chento","date":"26\/05\/2021","format":false,"excerpt":"5. Como amigos que se quieren bien La timidez caracter\u00edstica del perfil sicol\u00f3gico de Portail se hizo conocida de todos. Inicialmente, aunque ya estuviese al servicio de los pobres en las misiones, le costaba mucho presentarse delante de asambleas m\u00e1s numerosas. Mientras tanto, los desaf\u00edos de la misi\u00f3n lo convocar\u00edan\u2026","rel":"","context":"En \u00abEn tiempos de Vicente de Pa\u00fal\u00bb","block_context":{"text":"En tiempos de Vicente de Pa\u00fal","link":"https:\/\/vincentians.com\/es\/category\/historia-de-la-familia-vicenciana\/en-tiempos-de-vicente-de-paul\/"},"img":{"alt_text":"","src":"https:\/\/i0.wp.com\/vincentians.com\/es\/wp-content\/uploads\/sites\/11\/2016\/09\/enviados-evangelizar-pobres.jpg?fit=1200%2C630&ssl=1&resize=350%2C200","width":350,"height":200,"srcset":"https:\/\/i0.wp.com\/vincentians.com\/es\/wp-content\/uploads\/sites\/11\/2016\/09\/enviados-evangelizar-pobres.jpg?fit=1200%2C630&ssl=1&resize=350%2C200 1x, https:\/\/i0.wp.com\/vincentians.com\/es\/wp-content\/uploads\/sites\/11\/2016\/09\/enviados-evangelizar-pobres.jpg?fit=1200%2C630&ssl=1&resize=525%2C300 1.5x, https:\/\/i0.wp.com\/vincentians.com\/es\/wp-content\/uploads\/sites\/11\/2016\/09\/enviados-evangelizar-pobres.jpg?fit=1200%2C630&ssl=1&resize=700%2C400 2x, https:\/\/i0.wp.com\/vincentians.com\/es\/wp-content\/uploads\/sites\/11\/2016\/09\/enviados-evangelizar-pobres.jpg?fit=1200%2C630&ssl=1&resize=1050%2C600 3x"},"classes":[]},{"id":119709,"url":"https:\/\/vincentians.com\/es\/el-senor-vicente-relee-su-vida-misionero\/","url_meta":{"origin":115913,"position":4},"title":"El Se\u00f1or Vicente relee su vida: Misionero","author":"Francisco Javier Fern\u00e1ndez Chento","date":"19\/04\/2022","format":false,"excerpt":"Siete largos a\u00f1os van ante todo a transcurrir, en la misma l\u00ednea que los tres precedentes: misionar s\u00f3lo en los pueblos de las tierras de los Gondi, y sin embargo de manera muy diferente. Entregado del todo a estas misiones a las pobres gentes de los campos, tengo ahora mi\u2026","rel":"","context":"En \u00abVicente de Pa\u00fal\u00bb","block_context":{"text":"Vicente de Pa\u00fal","link":"https:\/\/vincentians.com\/es\/category\/la-familia-vicenciana\/fundadores\/vicente-de-paul\/"},"img":{"alt_text":"","src":"https:\/\/i0.wp.com\/vincentians.com\/es\/wp-content\/uploads\/sites\/11\/2013\/04\/f-8-scaled.jpg?fit=1200%2C570&ssl=1&resize=350%2C200","width":350,"height":200,"srcset":"https:\/\/i0.wp.com\/vincentians.com\/es\/wp-content\/uploads\/sites\/11\/2013\/04\/f-8-scaled.jpg?fit=1200%2C570&ssl=1&resize=350%2C200 1x, https:\/\/i0.wp.com\/vincentians.com\/es\/wp-content\/uploads\/sites\/11\/2013\/04\/f-8-scaled.jpg?fit=1200%2C570&ssl=1&resize=525%2C300 1.5x, https:\/\/i0.wp.com\/vincentians.com\/es\/wp-content\/uploads\/sites\/11\/2013\/04\/f-8-scaled.jpg?fit=1200%2C570&ssl=1&resize=700%2C400 2x, https:\/\/i0.wp.com\/vincentians.com\/es\/wp-content\/uploads\/sites\/11\/2013\/04\/f-8-scaled.jpg?fit=1200%2C570&ssl=1&resize=1050%2C600 3x"},"classes":[]},{"id":119421,"url":"https:\/\/vincentians.com\/es\/la-espiritualidad-de-san-vicente\/","url_meta":{"origin":115913,"position":5},"title":"La espiritualidad de san Vicente","author":"Francisco Javier Fern\u00e1ndez Chento","date":"25\/02\/2015","format":false,"excerpt":"Introducci\u00f3n En \"San Vicente y la Caridad\", Andr\u00e9 Dodin muestra bien la inutilidad de la empresa, que consistir\u00eda en intentar definir la doctrina espiritual de san Vicente, y demuestra que no pod\u00eda tratarse m\u00e1s que de una doctrina en una vida. Es pues, siguiendo la vida de san Vicente, analizando\u2026","rel":"","context":"En \u00abEspiritualidad vicenciana\u00bb","block_context":{"text":"Espiritualidad vicenciana","link":"https:\/\/vincentians.com\/es\/category\/espiritualidad\/espiritualidad-vicenciana\/"},"img":{"alt_text":"nddm_vincent1","src":"https:\/\/i0.wp.com\/vicencianos.org\/wp-content\/2011\/03\/nddm_vincent1-300x242.jpg?resize=350%2C200","width":350,"height":200},"classes":[]}],"_links":{"self":[{"href":"https:\/\/vincentians.com\/es\/wp-json\/wp\/v2\/posts\/115913","targetHints":{"allow":["GET"]}}],"collection":[{"href":"https:\/\/vincentians.com\/es\/wp-json\/wp\/v2\/posts"}],"about":[{"href":"https:\/\/vincentians.com\/es\/wp-json\/wp\/v2\/types\/post"}],"author":[{"embeddable":true,"href":"https:\/\/vincentians.com\/es\/wp-json\/wp\/v2\/users\/4"}],"replies":[{"embeddable":true,"href":"https:\/\/vincentians.com\/es\/wp-json\/wp\/v2\/comments?post=115913"}],"version-history":[{"count":1,"href":"https:\/\/vincentians.com\/es\/wp-json\/wp\/v2\/posts\/115913\/revisions"}],"predecessor-version":[{"id":403497,"href":"https:\/\/vincentians.com\/es\/wp-json\/wp\/v2\/posts\/115913\/revisions\/403497"}],"wp:featuredmedia":[{"embeddable":true,"href":"https:\/\/vincentians.com\/es\/wp-json\/wp\/v2\/media\/399998"}],"wp:attachment":[{"href":"https:\/\/vincentians.com\/es\/wp-json\/wp\/v2\/media?parent=115913"}],"wp:term":[{"taxonomy":"category","embeddable":true,"href":"https:\/\/vincentians.com\/es\/wp-json\/wp\/v2\/categories?post=115913"},{"taxonomy":"post_tag","embeddable":true,"href":"https:\/\/vincentians.com\/es\/wp-json\/wp\/v2\/tags?post=115913"}],"curies":[{"name":"wp","href":"https:\/\/api.w.org\/{rel}","templated":true}]}}