{"id":115578,"date":"2012-12-15T02:07:05","date_gmt":"2012-12-15T01:07:05","guid":{"rendered":"http:\/\/somos.vicencianos.org\/?p=115578"},"modified":"2016-07-26T10:09:14","modified_gmt":"2016-07-26T08:09:14","slug":"centenaria-de-las-hijas-de-maria-en-canarias","status":"publish","type":"post","link":"https:\/\/vincentians.com\/es\/centenaria-de-las-hijas-de-maria-en-canarias\/","title":{"rendered":"Centenario de las Hijas de Mar\u00eda en Canarias (1969)"},"content":{"rendered":"<p><a href=\"http:\/\/vicencianos.org\/blog\/2012\/12\/10\/centenaria-de-las-hijas-de-maria-en-canarias\/attachment\/13153616\/\" rel=\"attachment wp-att-115581\"><img data-recalc-dims=\"1\" loading=\"lazy\" decoding=\"async\" class=\"alignleft  wp-image-115581\" alt=\"\" src=\"https:\/\/i0.wp.com\/vicencianos.org\/wp-content\/2012\/12\/13153616-300x188.jpg?resize=253%2C158\" width=\"253\" height=\"158\" \/><\/a>Cien a\u00f1os de historia bien merece un recuerdo y una celebraci\u00f3n. Y esto es lo que han hecho las Hijas de Mar\u00eda en Canarias al encon\u00adtrarse en este a\u00f1o de 1969 con la fecha centenaria de su nacimiento. El acontecimiento se ven\u00eda preparando desde el Cursillo Regional, dado en Canarias en 1967 por los Padres Cort\u00e1zar, Director Nacional, Emi\u00adlio Conde, que lo era de Sevilla, y Gisbert, de Canarias, y por varias Hermanas y Dirigentes de los Consejos Nacional, Regional y Diocesa\u00adno, residentes, respectivamente en Madrid, Sevilla y Las Palmas. Fuera casi de programa, me rogaron que hiciera un resumen de la historia de las Hijas de Mar\u00eda en Canarias, que logr\u00f3 interesar de tal manera que varias Hermanas Dirigentes me pidieron una copia. El inter\u00e9s pro\u00adced\u00eda tanto de los datos aportados como del esp\u00edritu que insufl\u00f3 la asociaci\u00f3n en la cristiandad canaria a lo largo de los cien a\u00f1os. Pero la revelaci\u00f3n del a\u00f1o de la fundaci\u00f3n no pas\u00f3 inadvertida a los Diri\u00adgentes, que con el Padre Cort\u00e1zar en cabeza dispusieron que se ce\u00adlebrara el centenario con la solemnidad que se merec\u00eda.<\/p>\n<h2><strong>Peregrinaci\u00f3n nacional<\/strong><\/h2>\n<p>Y para dar m\u00e1s realce a la celebraci\u00f3n, se dispuso que la excursi\u00f3n que todos los arios tiene la Asociaci\u00f3n en plan nacional, con su tanto de peregrinaci\u00f3n y su tanto de turismo, se hiciera este a\u00f1o al Santua\u00adrio de la Virgen del Pino de Teror la peregrinaci\u00f3n, y a las Islas Afor\u00adtunadas el turismo. Y en esta direcci\u00f3n se trabaj\u00f3, se hizo la propa\u00adganda, se habl\u00f3 con la agencia de viajes, se inscribieron m\u00e1s de 200 so\u00adcias de casi todas las provincias y se concentraron en C\u00e1diz con la intenci\u00f3n de hacerse a la mar el 23 de septiembre en uno de los \u00abferris\u00bb que comunican a Canarias con la Pen\u00ednsula.<\/p>\n<h2><strong>Entre tanto, el Consejo Diocesano<\/strong><\/h2>\n<p>Por su parte, el Consejo Diocesano, que presid\u00edan el Padre Aller, Sor Carmela Penis y Ana Mar\u00eda, como Director, Directora y Presi\u00addenta, plane\u00f3, se movi\u00f3 y program\u00f3 los actos del Centenario recabando colaboraciones y moviendo voluntades, principalmente en los centros de la Asociaci\u00f3n y organismos de propaganda, como son la Radio, la Prensa y la Televisi\u00f3n. Como actos m\u00e1s importantes se consignaron en el programa la Apertura en la Catedral, la excursi\u00f3n a Tejeda y otros lugares tur\u00edsticos de la isla, descubrimiento de una l\u00e1pida con\u00admemorativa en San Mart\u00edn, cuna de la Asociaci\u00f3n, conmemoraci\u00f3n art\u00edstica en el teatro P\u00e9rez Gald\u00f3s, peregrinaci\u00f3n y clausura en Teror y excursiones a las islas de Lanzarote y Tenerife.<\/p>\n<h2><strong>La \u00fanica y compleja contrariedad<\/strong><\/h2>\n<p>Pero el hombre propone y Dios dispone, y Dios dispuso que al \u00abferris\u00bb se le ocurriera averiarse y para arreglar la aver\u00eda la salida se fue atrasando hora tras hora. El domingo, d\u00eda 24, los viajeros se des\u00adpertaron con la desagradable sorpresa de que el \u00abferris\u00bb estaba todav\u00eda anclado en el puerto de C\u00e1diz, cuando esperaban encontrarse ya en alta mar navegando hacia donde ten\u00edan sus pensamientos. Y no menos desagradable fue la sorpresa que en los isle\u00f1os caus\u00f3 la noticia de que la apertura hab\u00eda que retrasarla veinticuatro horas para que el se\u00f1or Obispo, que ven\u00eda en el mismo barco, pudiera presidirla. El retraso se difundi\u00f3 a todos los Centros por radio, prensa, tel\u00e9fono y los anun\u00adcios en las Misas del domingo: \u00abLa apertura, en vez del lunes, como reza el programa, se har\u00e1 el martes a la misma hora.\u00bb Por fin, el lunes otro telegrama anuncia que la aver\u00eda del barco es definitiva, que les van a poner otro barco, que la empecemos nosotros y que los ex\u00adpedicionarios se incorporar\u00e1n a las fiestas cuando lleguen.<\/p>\n<h2><strong>Apertura en la Catedral<\/strong><\/h2>\n<p>Atardec\u00eda. En la plaza de Santa Ana se notaba m\u00e1s bullicio que de costumbre. Sus escalinatas, las aceras, el p\u00f3rtico de la Catedral se iban llenando de j\u00f3venes, de otras no tan j\u00f3venes, de Padres, Sacerdo\u00adtes, Hermanas y hasta de alg\u00fan que otro personaje del sexo fuerte que con sus diversos atuendos pon\u00edan nota pol\u00edcroma en el paisaje aleda\u00f1o y en el tiempo inmediato a los actos, destac\u00e1ndose la graciosa blan\u00adcura de la mantilla canaria que, seg\u00fan consigna, iba cubriendo las ca\u00adbezas de las Hijas de Mar\u00eda, rememorando tiempos idos.<\/p>\n<p>A las siete la Catedral estaba llena de Hijas de Mar\u00eda y fieles sim\u00adpatizantes, en las capillas confesaban algunos grupos, las luces resplan\u00addec\u00edan como en las grandes fiestas, un coro numeroso se distribu\u00eda por las gradas del presbiterio para cantar la misa del maestro Luis Prieto, inspirada en los cantos canarios; por fin, rodearon al altar mayor los nueve concelebrantes, presididos por el Padre Aller, Director Diocesa\u00adno. Los concelebrantes eran los Padres Valent\u00edn Navarro, Director pro\u00advincial de Sevilla; Modesto Pascual, Federico Garc\u00eda, Fernando D\u00edaz Marina y Manuel Dur\u00e1n, de la Comunidad de Las Palmas; Antonio Parente, de la Orotava; Antonio Villoldo, de la Laguna; Vega Herrera, de Salamanca. La Homil\u00eda, entusiasta y fervorosa del Padre Aller, la Misa, maravillosamente dirigida por su autor y ejecutada por su coro, y la belleza de las ceremonias, religiosamente ejecutadas por los con- celebrantes, lleg\u00f3 al alma de todos y los entusiasm\u00f3 hasta el punto que encontraron un int\u00e9rprete en el genial escritor canario Juan del R\u00edo Ayala, que estaba all\u00ed, ojo avizor de lo que ocurr\u00eda, y como buen ca\u00adtador de lo cristiano y de lo canario, lo vaci\u00f3 todo en su famoso \u00abGanig\u00f3 de papel\u00bb, que sale todos los d\u00edas en \u00abEl Eco de Canarias\u00bb. Una de las cosas que m\u00e1s emocionaron fue la ofrenda floral durante de la Misa, hecha por representantes de los diversos centros de las Hijas de Mar\u00eda, tocadas todas ellas con cl\u00e1sica y virginal mantilla canaria, que arranc\u00f3 los m\u00e1s encendidos ditirambos a la pluma del ilustre escritor.<\/p>\n<h2><strong>En el teatro \u00abP\u00e9rez Gald\u00f3s\u00bb<\/strong><\/h2>\n<p>A las 7,30 de la tarde el P\u00e9rez Gald\u00f3s, el m\u00e1s grande y se\u00f1orial coliseo de Las Palmas, estaba repleto de Hijas de Mar\u00eda, Directores y simpatizantes, que calentaron sus manos en los repetidos aplausos con que premiaron multitud de veces a los m\u00faltiples actores que tomaron parte en el espect\u00e1culo; en primer lugar, a la bella y elegante presen\u00adtadora, Adela Cantalapiedra, que tambi\u00e9n lo era de la Televisi\u00f3n Es\u00adpa\u00f1ola; en segundo lugar, al Padre Aller en su discurso de introducci\u00f3n, y luego a los tres maravillosos conjuntos \u00abPeque\u00f1os m\u00fasicos\u00bb, del Co\u00adlegio de la Sagrada Familia, \u00abRondalla de Ansite\u00bb, con sus bailes y cantos canarios, y a la gran cantante Mar\u00eda S\u00e1nchez y su conjunto \u00abBandama\u00bb, con cuya colaboraci\u00f3n interpret\u00f3 muchas canciones de su invenci\u00f3n y de estilo canario m\u00e1s algunas otras de tipo internacional.<\/p>\n<p>Los \u00abPeque\u00f1os m\u00fasicos\u00bb, bien adiestrados por Sor Ttrinidad, nos dieron un espect\u00e1culo de luz, de colores, de candor y de inocencia. Unos tras otros, con graciosos e inciertos movimientos \u2014casi todos ellos ten\u00edan menos de seis a\u00f1o\u2014, trajeron y manejaron en el escenario casta\u00f1uelas, tambores, hierrillos, sonajas, panderetas y otros instrumen\u00adtos, cuyos nombres desconozco, haciendo las delicias del p\u00fablico, que termin\u00f3 por extasiarse cuando m\u00e1s tarde los contempl\u00f3 en medio de un jard\u00edn tropical, detr\u00e1s de cuyas hojas aparec\u00edan y desaparec\u00edan, se\u00adg\u00fan les tocaba actuar y tocar los diversos instrumentos. Todo all\u00ed fue tan limpio, tan claro, tan alegre, tan luminoso y pol\u00edcromo, que ser\u00eda una imagen ideal del ambiente propicio a la floraci\u00f3n de los jardines de la Virgen, que tal debe ser todo centro de las Hijas de Mar\u00eda.<\/p>\n<p>Ansite es un top\u00f3nimo de la geograf\u00eda isle\u00f1a, refugio de los \u00faltimos resistentes guanches, que convencidos por su rey, ya bautizado, don Fernando Guanarteme el Bueno, se entregaron al gran Obispo don Juan de Fr\u00edas, para ser instruidos y bautizados por \u00e9l y as\u00ed ser integrados en la Iglesia Cat\u00f3lica y en la Hispanidad. Y este es el nombre con que sus componentes hab\u00edan bautizado el conjunto que por m\u00e1s de media hora nos deleit\u00f3 con el repertorio completo de los cantos y bailes canarios, fol\u00edas, malague\u00f1as, seguidillas, saltonas, etc., todo ello limpio, juvenil, alegre y caballeroso, en que ni la letra, ni los can\u00adtos, ni los gestos dan pie a ning\u00fan mal pensamiento. Hicieron una de\u00admostraci\u00f3n art\u00edstica de c\u00f3mo los j\u00f3venes pueden alegrarse sin pecar.<\/p>\n<p>Bandama es otro top\u00f3nimo con que es nombrado un famoso volc\u00e1n apagado, delicia de los turistas, no lejos de Las Palmas, y con el que Mar\u00eda S\u00e1nchez quiso rotular el conjunto y el estilo creado por ella y que lo ha paseado triunfante por no pocos pa\u00edses, especialmente americanos. Son aires canarios modernizados, pero sin las estridencias, histerismos y meneas con que frecuentemente nos amenaza y aturde era m\u00fasica negroide que llaman moderna. El p\u00fablico no se cansaba de aplaudir y gritar: \u00ab\u00a1Otra, otra!\u00bb, ni ella de cantar con mayor entusias\u00admo la m\u00e1s bellas canciones de su repertorio.<\/p>\n<p>Durante dos horas largas los ojos vieron, las manos aplaudieron y el alma goz\u00f3 de un espect\u00e1culo juvenil, limpio, repleto de arte y su\u00adgeridor de espiritualidad.<\/p>\n<h2><strong>L\u00e1pida conmemorativa<\/strong><\/h2>\n<p>No era posible celebrar el Centenario sin que las Hijas de Mar\u00eda se acercaran a su cuna y la recordaran con una l\u00e1pida conmemorativa. Y all\u00ed, en el Hospital de San Mart\u00edn, que hac\u00eda siglo y medio que tambi\u00e9n hab\u00eda sido cuna de todas las obras de la Misi\u00f3n en Canarias, se reunieron las autoridades del establecimiento, los dirigentes de la Asociaci\u00f3n y un gran n\u00famero de Hijas de Mar\u00eda que llenaron el patio y el corredor alto, y me obligaron a hablar, una vez descorrida la cor\u00adtina por el Director del Hospital y el Padre Navarro, para que les ex\u00adplicara la g\u00e9nesis y primeras andaduras de la Asociaci\u00f3n que ya hab\u00eda llegado a centenaria. Aunque a m\u00ed personalmente la charla me pareci\u00f3 fr\u00eda y deslavazada, la gente aplaudi\u00f3 y dijo que estaba interesante, aca\u00adso por lo desconocido del tema.<\/p>\n<h2><strong>La clausura<\/strong><\/h2>\n<p>La clausura tuvo lugar en Teror, y tuvo dos fases: la conferencia del Padre Navarro en el teatro y la Misa en la Bas\u00edlica.<\/p>\n<p>El acto del teatro fue a las diez de la ma\u00f1ana. Hubo representan\u00adtes de muchos Centros isle\u00f1os que llenaban el amplio patio de buta\u00adcas. El P. Navarro mantuvo la atenci\u00f3n de todos con su dicci\u00f3n co\u00adrrecta y la profundidad teol\u00f3gica de su doctrina casi durante una hora acerca de la Virgen nuestro modelo. En una \u00e9poca en que lo exterior lo invocado todo y el movimiento llega hasta el histerismo, de que la m\u00fasica y los bailes modernos son expresi\u00f3n y trasunto, fue muy oportuna aquella llamada del P. Navarro a la interioridad y sobrena\u00adturalizaci\u00f3n de la vida, que tiene su hontanar inagotable en los escon\u00addidos y altos misterios de la Religi\u00f3n. Los manantiales superficiales pronto se secan <em>y <\/em>no son capaces de fecundar y mantener la vida en los campos circundantes. Por eso toda aquella juvenil Asamblea aban\u00addon\u00f3 el cine y llen\u00f3 la Bas\u00edlica de la Virgen del Pino para inclinarse sobre el manantial de la vida que iba a brotar a sus plantas, cuando el \u00abverum Corpus natum ex Maria Virgine\u00bb se hiciera en la misa alimen\u00adto de sus almas. Presidi\u00f3 la misma el P. Navarro y concelebraron casi todos concelebrantes del d\u00eda de la apertura m\u00e1s el P. Modesto Leal, Su\u00adperior de la Comunidad de Las Palmas. Terminada la misa, las Hijas de Mar\u00eda hicieron a la Virgen del Pino la ofrenda de una placa con\u00admemorativa, que recogi\u00f3 el Rector del Santuario, Mons. Socorro, que en su juventud hab\u00eda sido uno de los m\u00e1s activos Directores de la Aso\u00adciaci\u00f3n, el cual pronunci\u00f3 una emocionante alocuci\u00f3n, recordando a los Padres y Hermanas que m\u00e1s han trabajado en la Asociaci\u00f3n, como Sor Agustina Jim\u00e9nez, la primera Directora, natural de Teror; Sor Fe\u00adlipa Salarich y Sor Petra Aul\u00e9s, de santa y feliz recordaci\u00f3n, lo mismo que los Padres Trepiana, Pascual y Coello, de no menos santa me\u00admoria, a los que puso por modelos de los Directores de hoy, como las primitivas Hijas de Mar\u00eda lo fueron de las de hoy en su vida interior y en su acci\u00f3n apost\u00f3lica. En ciertos momentos hubo en \u00e9l un poco de \u00abllantina\u00bb y una emoci\u00f3n que se comunic\u00f3 a todos.<\/p>\n<p>Y despu\u00e9s de la Misa, la mesa, que fue a mantel tendido a la som\u00adbra de los pinos y casta\u00f1os que cubr\u00edan las laderas pr\u00f3ximas o sobre algunas mesas en los patios de las casas de campo de nuestras Her\u00admanas.<\/p>\n<h2><strong>Cuando se apagan las velas<\/strong><\/h2>\n<p>Est\u00e1bamos de sobremesa, cuando se difundi\u00f3 la noticia de que las de la pen\u00ednsula llegaban a las cuatro; la noticia moviliz\u00f3 a todos y antes de las cuatro el puerto empez\u00f3 a poblarse de Padres, Hermanas e Hijas de Mar\u00eda; pero pasaron las cuatro y las cinco y el \u00abCiudad de Burgos\u00bb no asomaba por el horizonte. El plant\u00f3n dur\u00f3 hasta las ocho, en que unas y otras pudieron saludarse y dar y recibir la bien\u00advenida. Todav\u00eda las viajeras tuvieron el buen humor de dirigirse a Teror y cantar la Salve a la Virgen, que luc\u00eda sus mejores galas, y re\u00adcibir los agasajos de Monse\u00f1or Socorro, que las atendi\u00f3 con la caba\u00adllerosidad con que \u00e9l sabe hacerlo. Como este fue el \u00faltimo acto del Centenario, no falt\u00f3 quien, no s\u00e9 si madrile\u00f1a o andaluza, que co\u00admentara susurrando: \u00abHemos llegado cuando se apagaban las velas.\u00bb<\/p>\n<h2><strong>Dos monumentos<\/strong><\/h2>\n<p>Adem\u00e1s de la l\u00e1pida conmemorativa en San Mart\u00edn, las Hijas de Mar\u00eda han dejado como recuerdo de la celebraci\u00f3n centenaria dos monumentos: uno escrito, sus \u00abCincuenta a\u00f1os de Historia\u00bb, que les escribi\u00f3 este cronista, y dos asociaciones nuevas incorporadas a su obra, la de T\u00edas, en Lanzarote que es una resurrecci\u00f3n de las funda\u00addas a principios de este siglo por el Padre Pazos, y la de la Graciosa, que es totalmente nueva, que son dos s\u00edmbolos que las compromete a resucitar los centros desaparecidos y a plantar otros nuevos en las pa\u00adrroquias que carecen de ellos. Y para que ello pueda ser, el Consejo Diocesano intenta crear un din\u00e1mico y apost\u00f3lico equipo de propaganda.<\/p>\n<h2><strong>Se concluye el periplo<\/strong><\/h2>\n<p>El periplo de las peninsulares y sus dirigentes prosigui\u00f3 y se ter\u00admin\u00f3 con algunos recortes y variantes. Desde luego, hubieron de pres\u00adcindir del viaje a Fuerteventura y reducir su estancia en Gran Canaria a veinticuatro horas, durante las cuales pudieron ver Las Palmas, el Centro y Norte, desde Bandama hasta la monta\u00f1a de Arucas, y las grandiosas instalaciones tur\u00edsticas de San Agust\u00edn y Maspalomas. El programa de Tenerife fue m\u00e1s completo. Sus ojos pudieron contemplar en diversas etapas los bell\u00edsimos panoramas que van desde Santa Cruz a Icod, pasando por La Laguna, La Orotava y Puerto de la Cruz, los que se ven desde la carretera que va por la cumbre y la dantesca pla\u00adtaforma de las Ca\u00f1adas, que el Teide preside y se\u00f1orea.<\/p>\n<p>Es de esperar que si esta celebraci\u00f3n es el broche que cierra cien a\u00f1os de historia, tambi\u00e9n ser\u00e1 la llave que abra y d\u00e9 paso a otros cien a\u00f1os no menos gloriosos.<\/p>\n","protected":false},"excerpt":{"rendered":"<p>Cien a\u00f1os de historia bien merece un recuerdo y una celebraci\u00f3n. Y esto es lo que han hecho las Hijas de Mar\u00eda en Canarias al encon\u00adtrarse en este a\u00f1o de 1969 con la fecha centenaria &#8230; <a href=\"https:\/\/vincentians.com\/es\/centenaria-de-las-hijas-de-maria-en-canarias\/\" class=\"more-link\">Read More<\/a><\/p>\n","protected":false},"author":4,"featured_media":115581,"comment_status":"open","ping_status":"open","sticky":false,"template":"","format":"standard","meta":{"jetpack_post_was_ever_published":false,"_jetpack_newsletter_access":"","_jetpack_dont_email_post_to_subs":false,"_jetpack_newsletter_tier_id":0,"_jetpack_memberships_contains_paywalled_content":false,"_jetpack_memberships_contains_paid_content":false,"footnotes":"","jetpack_publicize_message":"","jetpack_publicize_feature_enabled":true,"jetpack_social_post_already_shared":true,"jetpack_social_options":{"image_generator_settings":{"template":"highway","default_image_id":0,"font":"","enabled":false},"version":2}},"categories":[380],"tags":[],"class_list":["post-115578","post","type-post","status-publish","format-standard","has-post-thumbnail","hentry","category-asociacion-de-la-medalla-milagrosa"],"yoast_head":"<!-- This site is optimized with the Yoast SEO plugin v26.3 - https:\/\/yoast.com\/wordpress\/plugins\/seo\/ -->\n<title>Centenario de las Hijas de Mar\u00eda en Canarias (1969) - Somos Vicencianos<\/title>\n<meta name=\"robots\" content=\"index, follow, max-snippet:-1, max-image-preview:large, max-video-preview:-1\" \/>\n<link rel=\"canonical\" href=\"https:\/\/vincentians.com\/es\/centenaria-de-las-hijas-de-maria-en-canarias\/\" \/>\n<meta property=\"og:locale\" content=\"es_ES\" \/>\n<meta property=\"og:type\" content=\"article\" \/>\n<meta property=\"og:title\" content=\"Centenario de las Hijas de Mar\u00eda en Canarias (1969) - Somos Vicencianos\" \/>\n<meta property=\"og:description\" content=\"Cien a\u00f1os de historia bien merece un recuerdo y una celebraci\u00f3n. Y esto es lo que han hecho las Hijas de Mar\u00eda en Canarias al encon\u00adtrarse en este a\u00f1o de 1969 con la fecha centenaria ... Read More\" \/>\n<meta property=\"og:url\" content=\"https:\/\/vincentians.com\/es\/centenaria-de-las-hijas-de-maria-en-canarias\/\" \/>\n<meta property=\"og:site_name\" content=\"Somos Vicencianos\" \/>\n<meta property=\"article:publisher\" content=\"https:\/\/www.facebook.com\/WeAreVincentians\/\" \/>\n<meta property=\"article:author\" content=\"https:\/\/www.facebook.com\/JavierChento\" \/>\n<meta property=\"article:published_time\" content=\"2012-12-15T01:07:05+00:00\" \/>\n<meta property=\"article:modified_time\" content=\"2016-07-26T08:09:14+00:00\" \/>\n<meta name=\"author\" content=\"Francisco Javier Fern\u00e1ndez Chento\" \/>\n<meta name=\"twitter:card\" content=\"summary_large_image\" \/>\n<meta name=\"twitter:creator\" content=\"@https:\/\/twitter.com\/javierchento\" \/>\n<meta name=\"twitter:site\" content=\"@WeVincentians\" \/>\n<meta name=\"twitter:label1\" content=\"Escrito por\" \/>\n\t<meta name=\"twitter:data1\" content=\"Francisco Javier Fern\u00e1ndez Chento\" \/>\n\t<meta name=\"twitter:label2\" content=\"Tiempo de lectura\" \/>\n\t<meta name=\"twitter:data2\" content=\"14 minutos\" \/>\n<script type=\"application\/ld+json\" class=\"yoast-schema-graph\">{\"@context\":\"https:\/\/schema.org\",\"@graph\":[{\"@type\":\"Article\",\"@id\":\"https:\/\/vincentians.com\/es\/centenaria-de-las-hijas-de-maria-en-canarias\/#article\",\"isPartOf\":{\"@id\":\"https:\/\/vincentians.com\/es\/centenaria-de-las-hijas-de-maria-en-canarias\/\"},\"author\":{\"name\":\"Francisco Javier Fern\u00e1ndez Chento\",\"@id\":\"http:\/\/vincentians.com\/es\/#\/schema\/person\/9623ef4d9aa3b2dfb8c061f1499288f2\"},\"headline\":\"Centenario de las Hijas de Mar\u00eda en Canarias (1969)\",\"datePublished\":\"2012-12-15T01:07:05+00:00\",\"dateModified\":\"2016-07-26T08:09:14+00:00\",\"mainEntityOfPage\":{\"@id\":\"https:\/\/vincentians.com\/es\/centenaria-de-las-hijas-de-maria-en-canarias\/\"},\"wordCount\":2736,\"commentCount\":0,\"publisher\":{\"@id\":\"http:\/\/vincentians.com\/es\/#organization\"},\"image\":{\"@id\":\"https:\/\/vincentians.com\/es\/centenaria-de-las-hijas-de-maria-en-canarias\/#primaryimage\"},\"thumbnailUrl\":\"\",\"articleSection\":[\"Asociaci\u00f3n de la Medalla Milagrosa\"],\"inLanguage\":\"es\",\"potentialAction\":[{\"@type\":\"CommentAction\",\"name\":\"Comment\",\"target\":[\"https:\/\/vincentians.com\/es\/centenaria-de-las-hijas-de-maria-en-canarias\/#respond\"]}]},{\"@type\":\"WebPage\",\"@id\":\"https:\/\/vincentians.com\/es\/centenaria-de-las-hijas-de-maria-en-canarias\/\",\"url\":\"https:\/\/vincentians.com\/es\/centenaria-de-las-hijas-de-maria-en-canarias\/\",\"name\":\"Centenario de las Hijas de Mar\u00eda en Canarias (1969) - Somos Vicencianos\",\"isPartOf\":{\"@id\":\"http:\/\/vincentians.com\/es\/#website\"},\"primaryImageOfPage\":{\"@id\":\"https:\/\/vincentians.com\/es\/centenaria-de-las-hijas-de-maria-en-canarias\/#primaryimage\"},\"image\":{\"@id\":\"https:\/\/vincentians.com\/es\/centenaria-de-las-hijas-de-maria-en-canarias\/#primaryimage\"},\"thumbnailUrl\":\"\",\"datePublished\":\"2012-12-15T01:07:05+00:00\",\"dateModified\":\"2016-07-26T08:09:14+00:00\",\"breadcrumb\":{\"@id\":\"https:\/\/vincentians.com\/es\/centenaria-de-las-hijas-de-maria-en-canarias\/#breadcrumb\"},\"inLanguage\":\"es\",\"potentialAction\":[{\"@type\":\"ReadAction\",\"target\":[\"https:\/\/vincentians.com\/es\/centenaria-de-las-hijas-de-maria-en-canarias\/\"]}]},{\"@type\":\"ImageObject\",\"inLanguage\":\"es\",\"@id\":\"https:\/\/vincentians.com\/es\/centenaria-de-las-hijas-de-maria-en-canarias\/#primaryimage\",\"url\":\"\",\"contentUrl\":\"\"},{\"@type\":\"BreadcrumbList\",\"@id\":\"https:\/\/vincentians.com\/es\/centenaria-de-las-hijas-de-maria-en-canarias\/#breadcrumb\",\"itemListElement\":[{\"@type\":\"ListItem\",\"position\":1,\"name\":\"Portada\",\"item\":\"http:\/\/vincentians.com\/es\/\"},{\"@type\":\"ListItem\",\"position\":2,\"name\":\"Centenario de las Hijas de Mar\u00eda en Canarias (1969)\"}]},{\"@type\":\"WebSite\",\"@id\":\"http:\/\/vincentians.com\/es\/#website\",\"url\":\"http:\/\/vincentians.com\/es\/\",\"name\":\"Somos Vicencianos\",\"description\":\"Know more to serve more\",\"publisher\":{\"@id\":\"http:\/\/vincentians.com\/es\/#organization\"},\"potentialAction\":[{\"@type\":\"SearchAction\",\"target\":{\"@type\":\"EntryPoint\",\"urlTemplate\":\"http:\/\/vincentians.com\/es\/?s={search_term_string}\"},\"query-input\":{\"@type\":\"PropertyValueSpecification\",\"valueRequired\":true,\"valueName\":\"search_term_string\"}}],\"inLanguage\":\"es\"},{\"@type\":\"Organization\",\"@id\":\"http:\/\/vincentians.com\/es\/#organization\",\"name\":\"The Vincentian Network\",\"url\":\"http:\/\/vincentians.com\/es\/\",\"logo\":{\"@type\":\"ImageObject\",\"inLanguage\":\"es\",\"@id\":\"http:\/\/vincentians.com\/es\/#\/schema\/logo\/image\/\",\"url\":\"https:\/\/i1.wp.com\/vincentians.com\/es\/wp-content\/uploads\/sites\/11\/2016\/06\/Vincentian-Network-logo-big.png?fit=778%2C778\",\"contentUrl\":\"https:\/\/i1.wp.com\/vincentians.com\/es\/wp-content\/uploads\/sites\/11\/2016\/06\/Vincentian-Network-logo-big.png?fit=778%2C778\",\"width\":778,\"height\":778,\"caption\":\"The Vincentian Network\"},\"image\":{\"@id\":\"http:\/\/vincentians.com\/es\/#\/schema\/logo\/image\/\"},\"sameAs\":[\"https:\/\/www.facebook.com\/WeAreVincentians\/\",\"https:\/\/x.com\/WeVincentians\"]},{\"@type\":\"Person\",\"@id\":\"http:\/\/vincentians.com\/es\/#\/schema\/person\/9623ef4d9aa3b2dfb8c061f1499288f2\",\"name\":\"Francisco Javier Fern\u00e1ndez Chento\",\"image\":{\"@type\":\"ImageObject\",\"inLanguage\":\"es\",\"@id\":\"http:\/\/vincentians.com\/es\/#\/schema\/person\/image\/\",\"url\":\"https:\/\/secure.gravatar.com\/avatar\/497d5cde87b4c3d097d0315953521681ba2cd523ee66e5077c3711f7021e65de?s=96&d=mm&r=g\",\"contentUrl\":\"https:\/\/secure.gravatar.com\/avatar\/497d5cde87b4c3d097d0315953521681ba2cd523ee66e5077c3711f7021e65de?s=96&d=mm&r=g\",\"caption\":\"Francisco Javier Fern\u00e1ndez Chento\"},\"description\":\"Director General y cofundador de La Red de Formaci\u00f3n Vicenciana. Javier es laico vicenciano, afiliado a la Congregaci\u00f3n de la Misi\u00f3n y miembro del Equipo de Misiones Populares de la provincia can\u00f3nica de Zaragoza (Espa\u00f1a) de la Congregaci\u00f3n de la Misi\u00f3n. Graduado en la Universidad Oberta de Catalunya con cuatro grados (Asistente de direcci\u00f3n, Gesti\u00f3n Administrativa, Recursos Humanos y Contabilidad Avanzada). Bil\u00edng\u00fce Espa\u00f1ol\/Ingl\u00e9s. gestiona y mantiene varias p\u00e1ginas web cristianas y vicencianas, incluida including La Red de Formaci\u00f3n Vicenciana, de la que es cofundador. Actualmente es responsable del \u00e1rea de Espa\u00f1ol de .famvin, la Red de Noticias de la Familia Vicenciana. Tambi\u00e9n es m\u00fasico cat\u00f3lico y ha editado varios discos. Es Director General y cofundador de Trovador, una reconocida compa\u00f1\u00eda discogr\u00e1fica critiana de Espa\u00f1a. Trabaja en las Tecnolog\u00edas de la Informaci\u00f3n, ofreciendo servicios de alojamiento, dise\u00f1o y mantenimiento Web, as\u00ed como asesoramiento, formaci\u00f3n y soluciones inform\u00e1ticas, gesti\u00f3n documental y digitalizaci\u00f3n de textos, edici\u00f3n y maquetaci\u00f3n de libros, revistas, flyers, etc.\",\"sameAs\":[\"http:\/\/chento.org\",\"https:\/\/www.facebook.com\/JavierChento\",\"https:\/\/x.com\/https:\/\/twitter.com\/javierchento\"],\"url\":\"https:\/\/vincentians.com\/es\/author\/chento\/\"}]}<\/script>\n<!-- \/ Yoast SEO plugin. -->","yoast_head_json":{"title":"Centenario de las Hijas de Mar\u00eda en Canarias (1969) - Somos Vicencianos","robots":{"index":"index","follow":"follow","max-snippet":"max-snippet:-1","max-image-preview":"max-image-preview:large","max-video-preview":"max-video-preview:-1"},"canonical":"https:\/\/vincentians.com\/es\/centenaria-de-las-hijas-de-maria-en-canarias\/","og_locale":"es_ES","og_type":"article","og_title":"Centenario de las Hijas de Mar\u00eda en Canarias (1969) - Somos Vicencianos","og_description":"Cien a\u00f1os de historia bien merece un recuerdo y una celebraci\u00f3n. Y esto es lo que han hecho las Hijas de Mar\u00eda en Canarias al encon\u00adtrarse en este a\u00f1o de 1969 con la fecha centenaria ... Read More","og_url":"https:\/\/vincentians.com\/es\/centenaria-de-las-hijas-de-maria-en-canarias\/","og_site_name":"Somos Vicencianos","article_publisher":"https:\/\/www.facebook.com\/WeAreVincentians\/","article_author":"https:\/\/www.facebook.com\/JavierChento","article_published_time":"2012-12-15T01:07:05+00:00","article_modified_time":"2016-07-26T08:09:14+00:00","author":"Francisco Javier Fern\u00e1ndez Chento","twitter_card":"summary_large_image","twitter_creator":"@https:\/\/twitter.com\/javierchento","twitter_site":"@WeVincentians","twitter_misc":{"Escrito por":"Francisco Javier Fern\u00e1ndez Chento","Tiempo de lectura":"14 minutos"},"schema":{"@context":"https:\/\/schema.org","@graph":[{"@type":"Article","@id":"https:\/\/vincentians.com\/es\/centenaria-de-las-hijas-de-maria-en-canarias\/#article","isPartOf":{"@id":"https:\/\/vincentians.com\/es\/centenaria-de-las-hijas-de-maria-en-canarias\/"},"author":{"name":"Francisco Javier Fern\u00e1ndez Chento","@id":"http:\/\/vincentians.com\/es\/#\/schema\/person\/9623ef4d9aa3b2dfb8c061f1499288f2"},"headline":"Centenario de las Hijas de Mar\u00eda en Canarias (1969)","datePublished":"2012-12-15T01:07:05+00:00","dateModified":"2016-07-26T08:09:14+00:00","mainEntityOfPage":{"@id":"https:\/\/vincentians.com\/es\/centenaria-de-las-hijas-de-maria-en-canarias\/"},"wordCount":2736,"commentCount":0,"publisher":{"@id":"http:\/\/vincentians.com\/es\/#organization"},"image":{"@id":"https:\/\/vincentians.com\/es\/centenaria-de-las-hijas-de-maria-en-canarias\/#primaryimage"},"thumbnailUrl":"","articleSection":["Asociaci\u00f3n de la Medalla Milagrosa"],"inLanguage":"es","potentialAction":[{"@type":"CommentAction","name":"Comment","target":["https:\/\/vincentians.com\/es\/centenaria-de-las-hijas-de-maria-en-canarias\/#respond"]}]},{"@type":"WebPage","@id":"https:\/\/vincentians.com\/es\/centenaria-de-las-hijas-de-maria-en-canarias\/","url":"https:\/\/vincentians.com\/es\/centenaria-de-las-hijas-de-maria-en-canarias\/","name":"Centenario de las Hijas de Mar\u00eda en Canarias (1969) - Somos Vicencianos","isPartOf":{"@id":"http:\/\/vincentians.com\/es\/#website"},"primaryImageOfPage":{"@id":"https:\/\/vincentians.com\/es\/centenaria-de-las-hijas-de-maria-en-canarias\/#primaryimage"},"image":{"@id":"https:\/\/vincentians.com\/es\/centenaria-de-las-hijas-de-maria-en-canarias\/#primaryimage"},"thumbnailUrl":"","datePublished":"2012-12-15T01:07:05+00:00","dateModified":"2016-07-26T08:09:14+00:00","breadcrumb":{"@id":"https:\/\/vincentians.com\/es\/centenaria-de-las-hijas-de-maria-en-canarias\/#breadcrumb"},"inLanguage":"es","potentialAction":[{"@type":"ReadAction","target":["https:\/\/vincentians.com\/es\/centenaria-de-las-hijas-de-maria-en-canarias\/"]}]},{"@type":"ImageObject","inLanguage":"es","@id":"https:\/\/vincentians.com\/es\/centenaria-de-las-hijas-de-maria-en-canarias\/#primaryimage","url":"","contentUrl":""},{"@type":"BreadcrumbList","@id":"https:\/\/vincentians.com\/es\/centenaria-de-las-hijas-de-maria-en-canarias\/#breadcrumb","itemListElement":[{"@type":"ListItem","position":1,"name":"Portada","item":"http:\/\/vincentians.com\/es\/"},{"@type":"ListItem","position":2,"name":"Centenario de las Hijas de Mar\u00eda en Canarias (1969)"}]},{"@type":"WebSite","@id":"http:\/\/vincentians.com\/es\/#website","url":"http:\/\/vincentians.com\/es\/","name":"Somos Vicencianos","description":"Know more to serve more","publisher":{"@id":"http:\/\/vincentians.com\/es\/#organization"},"potentialAction":[{"@type":"SearchAction","target":{"@type":"EntryPoint","urlTemplate":"http:\/\/vincentians.com\/es\/?s={search_term_string}"},"query-input":{"@type":"PropertyValueSpecification","valueRequired":true,"valueName":"search_term_string"}}],"inLanguage":"es"},{"@type":"Organization","@id":"http:\/\/vincentians.com\/es\/#organization","name":"The Vincentian Network","url":"http:\/\/vincentians.com\/es\/","logo":{"@type":"ImageObject","inLanguage":"es","@id":"http:\/\/vincentians.com\/es\/#\/schema\/logo\/image\/","url":"https:\/\/i1.wp.com\/vincentians.com\/es\/wp-content\/uploads\/sites\/11\/2016\/06\/Vincentian-Network-logo-big.png?fit=778%2C778","contentUrl":"https:\/\/i1.wp.com\/vincentians.com\/es\/wp-content\/uploads\/sites\/11\/2016\/06\/Vincentian-Network-logo-big.png?fit=778%2C778","width":778,"height":778,"caption":"The Vincentian Network"},"image":{"@id":"http:\/\/vincentians.com\/es\/#\/schema\/logo\/image\/"},"sameAs":["https:\/\/www.facebook.com\/WeAreVincentians\/","https:\/\/x.com\/WeVincentians"]},{"@type":"Person","@id":"http:\/\/vincentians.com\/es\/#\/schema\/person\/9623ef4d9aa3b2dfb8c061f1499288f2","name":"Francisco Javier Fern\u00e1ndez Chento","image":{"@type":"ImageObject","inLanguage":"es","@id":"http:\/\/vincentians.com\/es\/#\/schema\/person\/image\/","url":"https:\/\/secure.gravatar.com\/avatar\/497d5cde87b4c3d097d0315953521681ba2cd523ee66e5077c3711f7021e65de?s=96&d=mm&r=g","contentUrl":"https:\/\/secure.gravatar.com\/avatar\/497d5cde87b4c3d097d0315953521681ba2cd523ee66e5077c3711f7021e65de?s=96&d=mm&r=g","caption":"Francisco Javier Fern\u00e1ndez Chento"},"description":"Director General y cofundador de La Red de Formaci\u00f3n Vicenciana. Javier es laico vicenciano, afiliado a la Congregaci\u00f3n de la Misi\u00f3n y miembro del Equipo de Misiones Populares de la provincia can\u00f3nica de Zaragoza (Espa\u00f1a) de la Congregaci\u00f3n de la Misi\u00f3n. Graduado en la Universidad Oberta de Catalunya con cuatro grados (Asistente de direcci\u00f3n, Gesti\u00f3n Administrativa, Recursos Humanos y Contabilidad Avanzada). Bil\u00edng\u00fce Espa\u00f1ol\/Ingl\u00e9s. gestiona y mantiene varias p\u00e1ginas web cristianas y vicencianas, incluida including La Red de Formaci\u00f3n Vicenciana, de la que es cofundador. Actualmente es responsable del \u00e1rea de Espa\u00f1ol de .famvin, la Red de Noticias de la Familia Vicenciana. Tambi\u00e9n es m\u00fasico cat\u00f3lico y ha editado varios discos. Es Director General y cofundador de Trovador, una reconocida compa\u00f1\u00eda discogr\u00e1fica critiana de Espa\u00f1a. Trabaja en las Tecnolog\u00edas de la Informaci\u00f3n, ofreciendo servicios de alojamiento, dise\u00f1o y mantenimiento Web, as\u00ed como asesoramiento, formaci\u00f3n y soluciones inform\u00e1ticas, gesti\u00f3n documental y digitalizaci\u00f3n de textos, edici\u00f3n y maquetaci\u00f3n de libros, revistas, flyers, etc.","sameAs":["http:\/\/chento.org","https:\/\/www.facebook.com\/JavierChento","https:\/\/x.com\/https:\/\/twitter.com\/javierchento"],"url":"https:\/\/vincentians.com\/es\/author\/chento\/"}]}},"jetpack_publicize_connections":[],"jetpack_featured_media_url":"","jetpack_sharing_enabled":true,"jetpack_shortlink":"https:\/\/wp.me\/p7ETMF-u4a","jetpack-related-posts":[{"id":115588,"url":"https:\/\/vincentians.com\/es\/venida-a-espana-del-padre-general-1969-ii\/","url_meta":{"origin":115578,"position":0},"title":"Venida a Espa\u00f1a del Padre General. 1969. (II)","author":"Mitxel Olabu\u00e9naga","date":"12\/12\/2012","format":false,"excerpt":"A continuaci\u00f3n lee \u2014tambi\u00e9n en lat\u00edn\u2014 el texto del Decreto de la divisi\u00f3n de la Provincia, el cual no parece necesario poner aqu\u00ed porque todo \u00e9l est\u00e1 contenido en la carta que m\u00e1s tarde ley\u00f3 el Secretario del Consejo provincial y que ponemos a continuaci\u00f3n. Roma, 9 de octubre de\u2026","rel":"","context":"En \u00abHistoria de la Congregaci\u00f3n de la Misi\u00f3n en Espa\u00f1a\u00bb","block_context":{"text":"Historia de la Congregaci\u00f3n de la Misi\u00f3n en Espa\u00f1a","link":"https:\/\/vincentians.com\/es\/category\/historia-de-la-familia-vicenciana\/historia-de-la-congregacion-de-la-mision-en-espana\/"},"img":{"alt_text":"ESCUDOCM","src":"https:\/\/i0.wp.com\/vicencianos.org\/wp-content\/2012\/12\/ESCUDOCM5-237x300.jpg?resize=350%2C200","width":350,"height":200},"classes":[]},{"id":115275,"url":"https:\/\/vincentians.com\/es\/celebracion-de-un-centenario-el-colegio-de-la-purisima-concepcion-de-murguiai\/","url_meta":{"origin":115578,"position":1},"title":"Celebraci\u00f3n de un centenario: el colegio de la Pur\u00edsima Concepci\u00f3n de Murgu\u00eda (I)","author":"Mitxel Olabu\u00e9naga","date":"01\/12\/2012","format":false,"excerpt":"El Colegio de las Hijas de la Caridad, establecido hace cien a\u00f1os en la villa de Murgu\u00eda (\u00c1lava) es una fundaci\u00f3n suficientemente interesante para que ANALES se crea en la obligaci\u00f3n de conme\u00admorar esa fecha centenaria, m\u00e1xime habiendo estado su actual Di\u00adrector tan relacionado durante toda su vida con ella.\u2026","rel":"","context":"En \u00abHistoria de las Hijas de la Caridad\u00bb","block_context":{"text":"Historia de las Hijas de la Caridad","link":"https:\/\/vincentians.com\/es\/category\/historia-de-la-familia-vicenciana\/historia-de-las-hijas-de-la-caridad\/"},"img":{"alt_text":"murguia","src":"https:\/\/i0.wp.com\/vicencianos.org\/wp-content\/2012\/12\/murguia1.jpg?resize=350%2C200","width":350,"height":200},"classes":[]},{"id":387727,"url":"https:\/\/vincentians.com\/es\/la-provincia-espanola-de-las-hijas-de-la-caridad-xxviii\/","url_meta":{"origin":115578,"position":2},"title":"La Provincia espa\u00f1ola de las Hijas de la Caridad (XXVIII)","author":"Mitxel Olabu\u00e9naga","date":"16\/07\/2016","format":false,"excerpt":"La Junta de Caridad de la Ciudad de las Palmas, Canarias, que trabajaba con celo por mejorar la suerte de sus pobres, ya, desde 1815 suspiraba por la venida de las Hijas de la Caridad de San Vicente de Pa\u00fal para el Hospital de San Mart\u00edn. En sesi\u00f3n de 30\u2026","rel":"","context":"En \u00abHistoria de las Hijas de la Caridad\u00bb","block_context":{"text":"Historia de las Hijas de la Caridad","link":"https:\/\/vincentians.com\/es\/category\/historia-de-la-familia-vicenciana\/historia-de-las-hijas-de-la-caridad\/"},"img":{"alt_text":"","src":"https:\/\/i0.wp.com\/vincentians.com\/es\/wp-content\/uploads\/sites\/11\/2016\/07\/hijas-caridad-espanya.jpg?fit=1200%2C630&ssl=1&resize=350%2C200","width":350,"height":200,"srcset":"https:\/\/i0.wp.com\/vincentians.com\/es\/wp-content\/uploads\/sites\/11\/2016\/07\/hijas-caridad-espanya.jpg?fit=1200%2C630&ssl=1&resize=350%2C200 1x, https:\/\/i0.wp.com\/vincentians.com\/es\/wp-content\/uploads\/sites\/11\/2016\/07\/hijas-caridad-espanya.jpg?fit=1200%2C630&ssl=1&resize=525%2C300 1.5x, https:\/\/i0.wp.com\/vincentians.com\/es\/wp-content\/uploads\/sites\/11\/2016\/07\/hijas-caridad-espanya.jpg?fit=1200%2C630&ssl=1&resize=700%2C400 2x, https:\/\/i0.wp.com\/vincentians.com\/es\/wp-content\/uploads\/sites\/11\/2016\/07\/hijas-caridad-espanya.jpg?fit=1200%2C630&ssl=1&resize=1050%2C600 3x"},"classes":[]},{"id":387887,"url":"https:\/\/vincentians.com\/es\/la-provincia-espanola-de-las-hijas-de-la-caridad-xlix\/","url_meta":{"origin":115578,"position":3},"title":"La Provincia espa\u00f1ola de las Hijas de la Caridad (XLIX)","author":"Mitxel Olabu\u00e9naga","date":"18\/09\/2016","format":false,"excerpt":"Por entonces se comenz\u00f3 a propagar en Espa\u00f1a la devoci\u00f3n a la Medalla Milagrosa. Las primeras en conocerla fueron naturalmente las Hijas de la Caridad. Las apariciones llegaron a noticia de \u00e9stas por una relaci\u00f3n manuscrita enviada en 1833 a Madrid y publicada por el P. Nieto, en \"La Beata\u2026","rel":"","context":"En \u00abHistoria de las Hijas de la Caridad\u00bb","block_context":{"text":"Historia de las Hijas de la Caridad","link":"https:\/\/vincentians.com\/es\/category\/historia-de-la-familia-vicenciana\/historia-de-las-hijas-de-la-caridad\/"},"img":{"alt_text":"","src":"https:\/\/i0.wp.com\/vincentians.com\/es\/wp-content\/uploads\/sites\/11\/2016\/07\/hijas-caridad-espanya.jpg?fit=1200%2C630&ssl=1&resize=350%2C200","width":350,"height":200,"srcset":"https:\/\/i0.wp.com\/vincentians.com\/es\/wp-content\/uploads\/sites\/11\/2016\/07\/hijas-caridad-espanya.jpg?fit=1200%2C630&ssl=1&resize=350%2C200 1x, https:\/\/i0.wp.com\/vincentians.com\/es\/wp-content\/uploads\/sites\/11\/2016\/07\/hijas-caridad-espanya.jpg?fit=1200%2C630&ssl=1&resize=525%2C300 1.5x, https:\/\/i0.wp.com\/vincentians.com\/es\/wp-content\/uploads\/sites\/11\/2016\/07\/hijas-caridad-espanya.jpg?fit=1200%2C630&ssl=1&resize=700%2C400 2x, https:\/\/i0.wp.com\/vincentians.com\/es\/wp-content\/uploads\/sites\/11\/2016\/07\/hijas-caridad-espanya.jpg?fit=1200%2C630&ssl=1&resize=1050%2C600 3x"},"classes":[]},{"id":115963,"url":"https:\/\/vincentians.com\/es\/bodas-de-plata-de-la-fundacion-de-montellano-sevilla-1969\/","url_meta":{"origin":115578,"position":4},"title":"Bodas de Plata de la Fundaci\u00f3n de Montellano (Sevilla) (1969)","author":"Francisco Javier Fern\u00e1ndez Chento","date":"15\/12\/2012","format":false,"excerpt":"Montellano dista de Sevilla 65 kil\u00f3metros. Su monumento prin\u00adcipal es el Castillo de las aguzaderas. El d\u00eda 1 de noviembre de 1969 se cumplieron los veinticinco a\u00f1os de la creaci\u00f3n en esta poblaci\u00f3n de la casa de S. Fernando y Santa Elisa. Se celebraron solemnes fies\u00adtas religiosas de acci\u00f3n de\u2026","rel":"","context":"En \u00abHijas de la Caridad\u00bb","block_context":{"text":"Hijas de la Caridad","link":"https:\/\/vincentians.com\/es\/category\/la-familia-vicenciana\/ramas\/hijas-de-la-caridad\/"},"img":{"alt_text":"montellano_capilla de la safa","src":"https:\/\/i0.wp.com\/vicencianos.org\/wp-content\/2012\/12\/montellano_capilla-de-la-safa-225x300.jpg?resize=350%2C200","width":350,"height":200},"classes":[]},{"id":115266,"url":"https:\/\/vincentians.com\/es\/anales-direccion-del-p-mauricio-horcajada-1901-22\/","url_meta":{"origin":115578,"position":5},"title":"Anales: Direcci\u00f3n del P. Mauricio Horcajada (1901-22)","author":"Mitxel Olabu\u00e9naga","date":"11\/07\/2021","format":false,"excerpt":"Al P. Horcajada le conocieron todos los Padres que pasan un poco de los sesenta, incluido el cronista, que todav\u00eda le tuvo de profesor en el ultimo curso de su carrera. Su ficha nos dice que residi\u00f3 en la Casa Central toda su vida, desde su ingreso en 1880 hasta\u2026","rel":"","context":"En \u00abHistoria de la Congregaci\u00f3n de la Misi\u00f3n\u00bb","block_context":{"text":"Historia de la Congregaci\u00f3n de la Misi\u00f3n","link":"https:\/\/vincentians.com\/es\/category\/historia-de-la-familia-vicenciana\/historia-de-la-congregacion-de-la-mision\/"},"img":{"alt_text":"","src":"https:\/\/i0.wp.com\/vincentians.com\/es\/wp-content\/uploads\/sites\/11\/2016\/09\/ojos-jesucristo.jpg?fit=1200%2C630&ssl=1&resize=350%2C200","width":350,"height":200,"srcset":"https:\/\/i0.wp.com\/vincentians.com\/es\/wp-content\/uploads\/sites\/11\/2016\/09\/ojos-jesucristo.jpg?fit=1200%2C630&ssl=1&resize=350%2C200 1x, https:\/\/i0.wp.com\/vincentians.com\/es\/wp-content\/uploads\/sites\/11\/2016\/09\/ojos-jesucristo.jpg?fit=1200%2C630&ssl=1&resize=525%2C300 1.5x, https:\/\/i0.wp.com\/vincentians.com\/es\/wp-content\/uploads\/sites\/11\/2016\/09\/ojos-jesucristo.jpg?fit=1200%2C630&ssl=1&resize=700%2C400 2x, https:\/\/i0.wp.com\/vincentians.com\/es\/wp-content\/uploads\/sites\/11\/2016\/09\/ojos-jesucristo.jpg?fit=1200%2C630&ssl=1&resize=1050%2C600 3x"},"classes":[]}],"_links":{"self":[{"href":"https:\/\/vincentians.com\/es\/wp-json\/wp\/v2\/posts\/115578","targetHints":{"allow":["GET"]}}],"collection":[{"href":"https:\/\/vincentians.com\/es\/wp-json\/wp\/v2\/posts"}],"about":[{"href":"https:\/\/vincentians.com\/es\/wp-json\/wp\/v2\/types\/post"}],"author":[{"embeddable":true,"href":"https:\/\/vincentians.com\/es\/wp-json\/wp\/v2\/users\/4"}],"replies":[{"embeddable":true,"href":"https:\/\/vincentians.com\/es\/wp-json\/wp\/v2\/comments?post=115578"}],"version-history":[{"count":0,"href":"https:\/\/vincentians.com\/es\/wp-json\/wp\/v2\/posts\/115578\/revisions"}],"wp:featuredmedia":[{"embeddable":true,"href":"https:\/\/vincentians.com\/es\/wp-json\/"}],"wp:attachment":[{"href":"https:\/\/vincentians.com\/es\/wp-json\/wp\/v2\/media?parent=115578"}],"wp:term":[{"taxonomy":"category","embeddable":true,"href":"https:\/\/vincentians.com\/es\/wp-json\/wp\/v2\/categories?post=115578"},{"taxonomy":"post_tag","embeddable":true,"href":"https:\/\/vincentians.com\/es\/wp-json\/wp\/v2\/tags?post=115578"}],"curies":[{"name":"wp","href":"https:\/\/api.w.org\/{rel}","templated":true}]}}