{"id":115349,"date":"2012-12-03T08:10:58","date_gmt":"2012-12-03T07:10:58","guid":{"rendered":"http:\/\/somos.vicencianos.org\/?p=115349"},"modified":"2016-07-27T12:12:13","modified_gmt":"2016-07-27T10:12:13","slug":"mons-pablo-tobar","status":"publish","type":"post","link":"https:\/\/vincentians.com\/es\/mons-pablo-tobar\/","title":{"rendered":"Mons. Pablo Tobar"},"content":{"rendered":"<p>La Di\u00f3cesis de Cuttack est\u00e1 de luto. El Se\u00f1or se ha dignado llevarse al eterno descanse el alma de nuestro querido se\u00f1or Obis\u00adpo: Pablo Tobar Gonz\u00e1lez, muy conocido entre nosotros con el nom\u00adbre familiar de padre Tobar y m\u00e1s tarde de Obispo Tobar.<\/p>\n<p>Escribo estas l\u00edneas bajo la impresi\u00f3n de esta prueba de Dios. Para m\u00ed, que le conoc\u00eda tan \u00edntimamente debido a los lazos tan es\u00adtrechos que nos unieron por tantos a\u00f1os, me ser\u00e1 dif\u00edcil olvidarme del buen padre Tobar y del Obispo a quien trat\u00e9 de servir lo mejor que pude durante los \u00faltimos 19 a\u00f1os de Secretariado y de Vicario General. Encuentro un vac\u00edo que ser\u00e1 dif\u00edcil de llenar. No me hago a estar en casa sin su presencia. Me parece que a\u00fan debe estar en su habitaci\u00f3n e inconscientemente subo las escaleras con pape\u00adles de importancia en la mano como para consultar con \u00e9l los pro\u00adblemas referentes a la administraci\u00f3n de la Di\u00f3cesis, y, de repente me en encuentro con que la habitaci\u00f3n est\u00e1 cerrada y la silla que ocup\u00f3 por tantos a\u00f1os, vac\u00eda.<\/p>\n<p>No se extra\u00f1en, pues, los lectores si en el curso de estas l\u00edneas me dejo llevar de esos sentimientos que embargan mi coraz\u00f3n en el momento de escribirlas.<strong>\u00a0\u00a0\u00a0\u00a0\u00a0\u00a0\u00a0\u00a0\u00a0\u00a0\u00a0 <\/strong><\/p>\n<p>Algo aparecer\u00e1 en Vincentiana sobre el lugar de su naci\u00admiento; sus estudios en Roma y sus primeros a\u00f1os de sacerdocio y como profesor de Filosof\u00eda y Teolog\u00eda un nuestras casas de formaci\u00f3n en Villafranca del Bierzo, Cuenca y Potters-Bar. Aqu\u00ed quiero tratar algo m\u00e1s personal como misionero y Obispo de Cuttack.<\/p>\n<p>Siempre o\u00ed decir que su vocaci\u00f3n misionera fue una inmola\u00adci\u00f3n y un sacrificio en vista del fracaso en la vocaci\u00f3n de un her\u00admano suyo en Cuba. No se encuentra otra soluci\u00f3n a esta resolu\u00adci\u00f3n en lo mejor de su vida, cuando, despu\u00e9s de los laureles obteni\u00addos en el Ang\u00e9lico de Roma volv\u00eda con las borlas de ambos docto\u00adrados en Teolog\u00eda y Derecho Can\u00f3nico. Hab\u00eda terminado su carrera con honores; hab\u00eda comenzado a lucirlos en las c\u00e1tedras m\u00e1s impor\u00adtantes de nuestras casas de formaci\u00f3n; se hab\u00eda abierto una carrera y un porvenir. En circunstancias ordinarias hubi\u00e9ramos dicho que se hab\u00eda puesto en camino de poder escalar los puestos de autoridad en la Provincia de Madrid seg\u00fan la historia nos ha demostrado m\u00e1s de una vez, pero aquel joven sacerdote estaba templado para otras tareas de m\u00e1s importancia. El Se\u00f1or se vali\u00f3 de aquel peque\u00f1o in\u00adcidente para moverle a dar un viraje tan fuerte que cambiara total\u00admente los destinos de su vida.<\/p>\n<p>De temple religioso muy profundo, reaccion\u00f3 de tal manera que se decidi\u00f3 a dar el paso definitivo y se ofreci\u00f3 voluntario para el \u00abTercio\u00bb en la dif\u00edcil Misi\u00f3n de Cuttack recientemente encomen\u00addada a los padres Pa\u00fales en la India.<\/p>\n<p>Bien se dio cuenta de la dif\u00edcil tarea que le esperaba porque las noticias que por entonces llegaban a Espa\u00f1a por medio (le la Revista \u00abLa Milagrosa y los Ni\u00f1os\u00bb as\u00ed como por medio de los Ana\u00adles de la Congregaci\u00f3n, no eran halag\u00fce\u00f1as ni mucho menos; eran m\u00e1s bien desconsoladoras en extremo. Bien sab\u00eda el entonces joven padre Tobar la responsabilidad que se echaba encima de sus hom\u00adbros al declararse misionero voluntario de aquella Misi\u00f3n tan dif\u00edcil.<\/p>\n<p>El Se\u00f1or recompens\u00e9 tanta generosidad con la gracia del arre\u00adpentimiento para su hermano y con su rehabilitaci\u00f3n al sacerdocio.<\/p>\n<p>Lleg\u00f3 a la Misi\u00f3n el d\u00eda 25 de Enero de 1914, d\u00eda de la con\u00adversi\u00f3n de San Pablo, su Santo Patrono y del misionero por exce\u00adlencia. Despu\u00e9s de unos meses de entrenamiento en nuestra cl\u00e1sica cuna de misioneros en Surada, pas\u00f3 a ocupar el puesto de P\u00e1rroco de la Iglesia de Cuttack. Parroquia un su mayor\u00eda compuesta de cat\u00f3licos de habla inglesa en Potters-Bar, le hizo apto para este ministerio. Debido a la residencia del entonces Superior de la Misi\u00f3n en Surada, se hac\u00eda indispensable la presencia de un administrador h\u00e1bil en la Capital de la Provincia y en lo que oficialmente era Sede del Superior de la Misi\u00f3n, donde se hab\u00edan de ventilar tantos asun\u00adtos financieros y donde se hab\u00edan de mantener contactos necesarios con las autoridades civiles de la Provincia. El padre Tobar se las pintaba para estos dos oficios. Su car\u00e1cter amable logr\u00f3 ganarle las simpat\u00edas de todos los oficiales del Gobierno y de todos los que se acercaban a \u00e9l, que no eran pocos, en menos de unos segundos. Su sonrisa afable les ganaba a todos en un caluroso apret\u00f3n de manos.<\/p>\n<p>.As\u00ed desempe\u00f1\u00f3 el oficio de Procurador de la Misi\u00f3n en nom\u00adbre del Mons. Florencio Sanz Esparza. Este oficio le llevaba con frecuencia a Calcutta, Vizagapatam y Madr\u00e1s. Era llamado con fre\u00adcuencia a dar ejercicios espirituales, retiros y conferencias a dis\u00adtintos grupos de personas fuera de la Misi\u00f3n. Los lazos de amistad Que le unieron con los padres Salesianos de Calcutta y Madr\u00e1s y con los padres de San Francisco de Sales en Vizagapatam, se han mantenido hasta el final de sus d\u00edas.<\/p>\n<p>En 1939, al tiempo de la erecci\u00f3n en Di\u00f3cesis de la hasta en<sup>t<\/sup>onces Misi\u00f3n de Cuttack, el nuevo Obispo Mons. Florencio Sanz Esparza, C. M., le nombr\u00f3 SubVicario General y su Administrador, d\u00e1ndole mano libre en la administraci\u00f3n de los bienes temporales de laDi\u00f3cesis que por ser muy limitados, exig\u00edan m\u00e1s sabidur\u00eda en el administrador. Al mismo tiempo era p\u00e1rroco de la Catedral, Cape\u00adll\u00e1n de las monjitas de San Jos\u00e9 en el Colegio y en el Hospital y capell\u00e1n militar de la plaza de Charabathia durante la 2.&#8217; Guerra Mundial. Trabajo m\u00e1s que suficiente para un hombre en\u00e9rgico y acti\u00advo como el buen P. Tobar.<\/p>\n<p>Aunque es verdad que nunca experiment\u00f3 las dificultades de !os misioneros de la vanguardia, siempre les animaba y consolaba en sus visitas, que les hac\u00eda frecuentemente, sobre todo durante su Superiorato como primer Vice-Provincial de la India. No perd\u00eda oca\u00adsi\u00f3n para hacer una escapada a cualquiera de las estaciones misio\u00adnales donde hubiera un compa\u00f1ero a quien consolar o un misionero a quien ayudar.<\/p>\n<p>Lleg\u00f3 el a\u00f1o 1949 cuando, debido a la renuncia presentada por el Excmo. Sr. Obispo Mons. Florencio Sanz Esparza, la Di\u00f3cesis se qued\u00f3 hu\u00e9rfana de su Pastor. El padre Tobar fue nombrado su sucesor en la Sede Episcopal vacante y luego de su Consagraci\u00f3n en Madrid, hizo su entrada oficial en la Di\u00f3cesis, a la que desde aquel d\u00eda acept\u00f3 como su \u00abEsposa\u00bb de por vida.<\/p>\n<p>&nbsp;<\/p>\n<p align=\"center\"><strong>II<\/strong><\/p>\n<p>&nbsp;<\/p>\n<p>Estos a\u00f1os de su Episcopado: 1949-1971 han sido realmente fructuosos, no solamente en la parte espiritual que, a juzgar por las estad\u00edsticas, ha dado un empuje estupendo, en medio de tantas difi\u00adcultades, sino tambi\u00e9n en la parte material, en la construcci\u00f3n de Iglesias, Capillas, Escuelas, Orfanatorios, residencias de sacerdotes y otros edificios absolutamente necesarios para la buena marcha de una Di\u00f3cesis. Hablar\u00e9 primero de esta parte material por considerar\u00adla menos importante, dejando el buen vino para lo \u00faltimo.<\/p>\n<p>A\u00fan antes de aceptar la responsabilidad de la administraci\u00f3n de la Di\u00f3cesis, y cuando no era m\u00e1s que Vice-Provincial y Vicario General, comenz\u00f3 una campa\u00f1a de propaganda a favor de la Di\u00f3ce\u00adsis, que ha sido la fuente de ingresos hasta estos d\u00edas. Con la ayuda del celoso padre Taboada, hizo conocida la Misi\u00f3n de Cuttack en todas las partes del mundo donde los padres Pa\u00fales y las Hijas de la Caridad trabajan en diversos ministerios: Filipinas, Cuba, Puerto Rico, Venezuela, M\u00e9jico, Estados Unidos y sobre todo Espa\u00f1a. El pa\u00addre Taboada visit\u00f3 en compa\u00f1\u00eda del padre Tobar muchos de estos lugares y dej\u00f3 establecidas oficinas misionales y centros de propa\u00adganda que se mantiene hasta hoy en d\u00eda. Se lleg\u00f3 a pensar en una pel\u00edcula misional que interesara al p\u00fablico sobre lo que ven\u00eda pa\u00adsando en las Selvas del Ganjam y con este mismo t\u00edtulo apareci\u00f3 aquella famosa pel\u00edcula en el campo misional tan conocida en toda Espa\u00f1a: \u00abLa Mies es mucha\u00bb.<\/p>\n<p>En sus frecuentes viajes al extranjero, visitaba todos estos centros misionales para comunicarles esa vida misionera tan vivida por \u00e9l. En sus visitas y cartas, en lo que era un experto, sab\u00eda pene\u00adtrar los corazones y ganarlos para su Misi\u00f3n. \u00a1Qu\u00e9 l\u00e1stima no se conserven copias de dichas cartas en el archivo de la Di\u00f3cesis! El nunca us\u00f3 la m\u00e1quina de escribir. Era, sin embargo, un escritor incansable; la salsa que sab\u00eda poner en sus cartas, con la relaci\u00f3n de episodios tan personales, le atrajo cientos y miles de amigos por todo el mundo. En este sentido, Mons. Tobar ha sido uno de los Obispos con mayor \u00e9xito en el campo misional Soria interesante calcular el dinero recogido para beneficio de la Misi\u00f3n en estos 22 a\u00f1os de Episcopado, pero a\u00fan es m\u00e1s interesante el saber que, a pesar de todos estos millones conseguidos con su plumo y su sim\u00adpat\u00eda, el Obispo Pablo Tobar ha muerto pobre. La \u00fanica cuenta co\u00adrriente en el Banco era la cuenta de la Misi\u00f3n donde depositaba hasta la cantidad m\u00e1s insignificante conseguida en la escuela o colegio m\u00e1s pobre de nuestros centros misioneros en Espa\u00f1a. Nunca abri\u00f3 nuestra cuenta corriente particular en ning\u00fan Banco. A su muerte no ha dejado testamento de ninguna clase, porque cuanto consigui\u00f3 y posey\u00f3, lo consigui\u00f3 y posey\u00f3 en nombre de la Di\u00f3cesis de Cuttack, a la que hizo entrega de todo, incluso de su salud y su vida.<\/p>\n<p>El empuje material a la obra misional durante estos 22 a\u00f1os ha sido algo colosal. Comenzando por la casa Provincial, hoy casa do vacaciones y de retiro de los padres en Gopalpore, que edific\u00f3 como recuerdo de los 25 a\u00f1os en nuestra Misi\u00f3n de Cuttack el a\u00f1o 1947 cuando a\u00fan era Vice-Provincial, hasta la hermosa Iglesia de Bhubaneswar dedicada a San Vicente de Pa\u00fal en el tercer centena\u00adrio de su muerte y la \u00faltima Iglesia en Berhampore edificada en desagravio a la Reina de las Misiones, cuyo Santuario fue incendia\u00addo en 1968, hay una cadena de edificios innumerables que se dar\u00e1 a conocer en el Album conmemorativo de las Bodas de Oro de los padres Pa\u00fales en Cuttack y que se imprimir\u00e1 el a\u00f1o que viene. \u00a1Qu\u00e9 lastima que no haya podido celebrar dichas Bodas de Oro con nosotros aqu\u00ed en la tierra! El Se\u00f1or ha preferido llev\u00e1rselo para ce\u00adlebrarlas en el Cielo con tantos otros misioneros que le precedieron.<\/p>\n<p>&nbsp;<\/p>\n<p align=\"center\">III<\/p>\n<p>Pasemos a la parte espiritual que es m\u00e1s interesante.<\/p>\n<p><strong>1. Verdadero Pastor de almas<\/strong><\/p>\n<p>Una de las caracter\u00edsticas de nuestro Obispo Pablo Tobar, ha sido la de Obispo andariego. Este t\u00edtulo lo adquiri\u00f3 por sus frecuen\u00adtes viajes al extranjero con motivos de Congresos Eucar\u00edsticos Inter\u00adnacionales, de los que no dej\u00f3 ninguno por visitar, y de otras reu\u00adniones internacionales a las que le gustaba atender, a fin de exten\u00adder el radio de sus amistades y de los bienhechores de la Di\u00f3cesis.<\/p>\n<p>Pero este t\u00edtulo lo gan\u00f3 sobre todo dentro de la Misi\u00f3n por !as repetidas visitas a todas las estaciones misionales. No se con\u00adtentaba con visitar las residencias de los padres o de Sacerdotes seculares, es decir, las estaciones con sacerdotes permanentes, se adentraba por los pueblos m\u00e1s remotos, sobre todo al tiempo de su jiras apost\u00f3licas para la administraci\u00f3n del Sacramento de la Con\u00adfirmaci\u00f3n. Sol\u00eda escoger pueblos c\u00e9ntricos donde los fieles pudieran acudir con facilidad a recibir la bendici\u00f3n de su Pastor. Iba en busca de sus ovejas donde quiera se encontraran. Se ha llegado a decir, tal vez con un poco de cr\u00edtica, que visitaba las estaciones misiona\u00adles con demasiada frecuencia. Pose\u00eda un esp\u00edritu art\u00edstico y quer\u00eda que los edificios fueran construidos con un gusto exquisito. No pod\u00eda soportar chapucer\u00edas de alba\u00f1iles y pintores y en todas las ocasiones estaba dispuesto a dar el \u00faltimo toque, lo que le gan\u00f3 e: t\u00edtulo de detallista. No creo que nadie se ofendiera por esta clase de intromisiones, que siempre redundaban en beneficio de la obra y en honor de los lugares santos.<\/p>\n<p>Yo tuve la dicha de acompa\u00f1arle en algunas de estas corre\u00adr\u00edas apost\u00f3licas y siempre qued\u00e9 edificado de su esp\u00edritu de sacri\u00adficio. Dichos recorridos los ten\u00eda que hacer la mayor parte de las veces a pie o a caballo y hab\u00eda que ver lo que \u00e9l gozaba de tantos incidentes y accidentes como se podr\u00edan contar de su vida misionera. No buscaba comodidad ninguna; se hospedaba en la casa m\u00e1s pobre, igual que lo hac\u00eda en su casa episcopal de Cuttack. Su morti\u00adficaci\u00f3n en las comidas era ejemplar; se contentaba con lo que le pon\u00edan en la mesa y nunca se quej\u00f3 de nada. Experiment\u00f3 en estas correr\u00edas apost\u00f3licas todas las dificultades de que hablara el Ap\u00f3s\u00adtol de las Gentes: Fatigas cansancios, sed y hasta prisiones&#8230;<\/p>\n<p>Me acuerdo ahora de aquel incidente cuando un oficial de la polic\u00eda le detuvo en la carretera por varias horas porque su conduc\u00adtor hab\u00eda quebrantado cierta regulaci\u00f3n de tr\u00e1fico y se encontraba sin documentaci\u00f3n. Poco tiempo us\u00f3 de aquel famoso \u00abPrefect Ford\u00bb. Desde luego que dicho coche no le val\u00eda m\u00e1s que para las carrete\u00adras motorizadas. Viaj\u00f3 en coche, cami\u00f3n, motocicleta, bicicleta, a caballo, en carro de bueyes y m\u00e1s com\u00fanmente a pie, por senderos inaccesibles en la selva.<\/p>\n<p><strong>2 Verdadero Padre<\/strong><\/p>\n<p>Pero sobre todo era un Padre. Visitaba a sus sacerdotes en este esp\u00edritu de padre y nunca con la autoridad de un Obispo. Le gustaba saber de sus sacerdotes. Sent\u00eda tener que molestarles en !o m\u00e1s m\u00ednimo y no se sent\u00eda humillado cuando cre\u00eda tener que pe\u00addirles perd\u00f3n por lo que \u00e9l cre\u00eda haber podido ser tomado como ofensa la m\u00e1s m\u00ednima. Ten\u00eda para esto una conciencia delicad\u00edsima y si en algo se le puede culpar, tal vez sea de un esp\u00edritu de pa\u00adternalismo exagerado, cediendo en todo y consintiendo a todo lo que su conciencia le permit\u00eda. En eso tengo una larga experiencia como Vicario General y como Procurador de la Di\u00f3cesis. Su contes\u00adtaci\u00f3n era siempre la misma: \u00abD\u00e9jelo, hombre d\u00e9jelo\u00bb. Yo siempre le consider\u00e9 demasiado bueno y condescendiente con todos y para todos.<\/p>\n<p>Esta paternidad la manifestaba no solamente para con los Padres y Sacerdotes, sino hasta para con los mismos criados. \u00a1Cu\u00e1n\u00adtas veces le sorprend\u00ed dando peque\u00f1as cantidades para aliviar las necesidades de nuestros criados! Lo hac\u00eda algo as\u00ed como a ocultas, como un ni\u00f1o que coge algo de casa sin el permiso de la madre, para regalar a alguno de sus amigos. L era el administrador nato de la Di\u00f3cesis y pod\u00eda disponer de cuanto quisiera y como quisiera, pero una vez que hab\u00eda nombrado un administrador, no se atrev\u00eda a hacer nada sin su consentimiento.<\/p>\n<p>Pero era padre sobre todo para con sus cristianos. Con su barba blanca, pronto se convert\u00eda en un abuelo cari\u00f1oso, que se de\u00adjaba atusar la barba, sobre todo con los peque\u00f1os a quienes con frecuencia sentaba en sus rodillas y acariciaba dulcemente, ense\u00ad\u00f1\u00e1ndoles y d\u00e1ndoles a besar o su anillo pastoral o el pectoral. Abun\u00addan las fotograf\u00edas de estos episodios tiernos y familiares como escenas del Evangelio. Le era muy natural aquello de: \u00abDejad que los ni\u00f1os se acerquen a m\u00ed\u00bb.<\/p>\n<p><strong>3. Caritativo<\/strong><\/p>\n<p>Como buen hijo de San Vicente, se caracterizaba por su esp\u00ed\u00adritu caritativo muy manifiesto. Le ofend\u00edan las cr\u00edticas y murmura\u00adciones y con frecuencia se mord\u00eda la lengua para no dejar escapar ninguna palabra ofensiva para nadie. Sab\u00eda muchas cosas de todos sus misioneros, pero nadie podr\u00e1 quejarse de haber sido ofendido en palabra o en hecho por su Obispo, y llegaba a tal exceso su es\u00adcrupulosidad en este punto que no se avergonzaba de pedir perd\u00f3n a aquellos a quienes pensaba considerarse como ofendidos.<\/p>\n<p>En la parte material se le puede considerar como el Obispo limosnero. De \u00e9l si que se puede decir que nunca se oy\u00f3 decir que nadie se acercara a \u00e9l en su necesidad que no fuera atendido. Muchas eran las limosna:. que hac\u00eda y muchas las ayudas que pro\u00adporcionaba a otros en medio de sus insignificantes medios econ\u00f3\u00admicos.<\/p>\n<p>Para con sus hu\u00e9spedes era siempre un cari\u00f1o extraordinario el que manifestaba. El mismo se preocupaba de que no les faltara nada y estaba siempre dispuesto a traer de su aposento una s\u00e1bana, una toalla a una pastilla de jab\u00f3n seg\u00fan lo que necesitara. Nunca se retiraba a su habitaci\u00f3n sin antes darse una vuelta por la habi\u00adtaci\u00f3n de su hu\u00e9sped para ver si le faltaba algo.<\/p>\n<p><strong>4. De sus cualidades personales<\/strong> podemos hacer resaltar las si\u00adquientes:<\/p>\n<p><strong>Esp\u00edritu de oraci\u00f3n<\/strong><\/p>\n<p>Su esp\u00edritu de oraci\u00f3n fue tal que no creo se pueda citar un solo d\u00eda en que haya dejado de hacer su hora de meditaci\u00f3n. En su vida regular, cuando se encontraba en casa, era el primero en levantarse y acudir a la Iglesia a las 5 de la ma\u00f1ana. En los d\u00edas de sus correr\u00edas apost\u00f3licas, era frecuente verle pedir la llave de la Iglesia la noche anterior, para poder ir por delante sin molestar al sacerdote encargado.<\/p>\n<p><strong>La Santa Misa<\/strong><\/p>\n<p>\u00a1Oh! Su devoci\u00f3n por la Santa Misa era algo indescriptible.<\/p>\n<p>Ten\u00eda devoci\u00f3n especial a la Santa Misa que celebraba todos !os d\u00edas con toda escrupulosidad y devoci\u00f3n que llamaba la atenci\u00f3n de todos. Sus mementos eran siempre largos y la tranquilidad con que recitaba cada palabra del Canon, era edificante. Sus ratos de acci\u00f3n de gracias despu\u00e9s de la Misa eran siempre prolongados y com\u00fanmente duraban el espacio de una Misa a la que ayudaba, a falta de ac\u00f3lito, con la exactitud de un novicio.<\/p>\n<p><strong>Devoci\u00f3n al Stmo. Sacramento<\/strong><\/p>\n<p>Paralela a la devoci\u00f3n a la Santa Misa, y como fundamento de la misma, era su devoci\u00f3n al Stmo. Sacramento. Sus visitas dia\u00adrias y prolongadas al Stmo. Sacramento eran realmente extraordi\u00adnarias. A pesar de sus muchas ocupaciones, siempre encontraba tiempo para cumplir con esta devoci\u00f3n tan cimentada en su alma. Las exposiciones del Stmo. Sacramento eran siempre frecuentes en su Di\u00f3cesis. Adem\u00e1s de la lista oficial de d\u00edas en que permit\u00eda tener exposici\u00f3n del Stmo. Sacramento en las Iglesias y Capillas de la Di\u00f3cesis, su recomendaci\u00f3n con motivo de cualquier necesidad de la Iglesia o de la Naci\u00f3n, era siempre el ordenar ciertos ejerci\u00adcios de piedad y oraciones que siempre iban acompa\u00f1ados de la exposici\u00f3n con el Stmo. Sacramento.<\/p>\n<p><strong>Devoci\u00f3n a la Iglesia y sumisi\u00f3n a sus decisiones<\/strong><\/p>\n<p>Tal vez alguien le achacara de tener ideas y modos de ver las cosas un poco anticuados, pero su devoci\u00f3n a la Silla de San Pedro fue siempre excepcional. Devoraba, por decirlo as\u00ed, los documentos emanados de la Santa Sede, que expon\u00eda con lucidez y claridad a los fieles en sus sermones frecuentes. No pod\u00eda o\u00edr que alguien se revelara contra la doctrina y autoridad de la Iglesia y, despu\u00e9s del Concilio Vaticano II, siempre propon\u00eda los decretos del mismo como gu\u00eda infalible a seguir en nuestros tiempos.<\/p>\n<p>&nbsp;<\/p>\n<p align=\"center\"><strong>IV<\/strong><\/p>\n<p><strong>Sus \u00faltimos d\u00edas<\/strong><\/p>\n<p>Nadie se sospechaba que sus d\u00edas estuvieran tan contados. Celebr\u00f3 este a\u00f1o el d\u00eda de su cumplea\u00f1os (2-3-71) en un esp\u00edritu familiar como nunca. Con motivo de cumplir los 75 a\u00f1os de edad, se le ofreci\u00f3 una limosna recogida en la parroquia de Cuttack para celebrar 75 Misas en su nombre. Le gust\u00f3 mucho la idea. Al d\u00eda siguiente reanud\u00f3 sus excursiones misionales d\u00e1ndole pie para ello la bendici\u00f3n de dos nuevas Capillas erigidas \u00faltimamente y la reu\u00adni\u00f3n con sus sacerdotes seculares para la discusi\u00f3n de los casos ce moral que \u00e9l quiso presidir personalmente en tres centros dis\u00adtintos.<\/p>\n<p>Volvi\u00f3 a Cuttack exactamente para comenzar los oficios de la Semana Santa a los que tanta devoci\u00f3n ten\u00eda. El Domingo de Ramos transcurri\u00f3 sin novedad. Se prepar\u00f3 lo mejor que pudo para celebrarlos seg\u00fan las nuevas normas de la Liturgia y en su amor por el Lat\u00edn, orden\u00f3 que el coro de m\u00fasica del Colegio de Ni\u00f1as se preparara con los c\u00e1nticos en m\u00fasica gregoriana y en Lat\u00edn. \u00danicamente se quejaba de falta de apetito y de su cr\u00f3nico estre\u00f1i\u00admiento.<\/p>\n<p>Para la Misa del Jueves Santo de la consagraci\u00f3n del Crisma, reuni\u00f3 a varios de sus sacerdotes de diversas parroquias para la concelebraci\u00f3n. Les dirigi\u00f3 la palabra con el calor y entusiasmo con\u00adque sol\u00eda hacerlo, y recibi\u00f3 de sus labios la renovaci\u00f3n de las pro\u00admesas sacerdotales d\u00e1ndoles por \u00faltima vez el beso de la paz. En el transcurso de las ceremonias notamos que la voz le iba fallando y despu\u00e9s de la Comuni\u00f3n, comenz\u00f3 a sentir n\u00e1useas. Antes de la bendici\u00f3n final hubimos de retirarle a la sacrist\u00eda y desde all\u00ed se subi\u00f3 a su habitaci\u00f3n. Todos cre\u00edamos que estar\u00eda descansando, pero cuando yo sub\u00ed unos momentos m\u00e1s tarde, llev\u00e1ndole una taza de caf\u00e9, le encontr\u00e9 escribiendo una carta. Era la \u00faltima carta que es\u00adcribir\u00eda en este mundo. Estaba dirigida a Sor Catalina Siquier man\u00add\u00e1ndola Ptas. 5.000 a fin de que repartiera unos dulces a los pobres y ancianos ese d\u00eda de Jueves Santo. Le convencimos que se acosta\u00adra, pues no se encontraba bien; no pudo tomar ni siquiera una taza de caf\u00e9 pues dec\u00eda que le produc\u00eda n\u00e1useas. Se llam\u00f3 al m\u00e9dico, quien, despu\u00e9s de un examen detenido, prescribi\u00f3 ciertas medicinas para ese d\u00eda y dej\u00f3 el encargo de que se le avisara al d\u00eda siguiente. Como las medicinas no hab\u00edan producido ning\u00fan efecto, el doctor orden\u00f3 el Viernes Santo que se le trasladara al Hospital cuanto an\u00adtes para un examen m\u00e1s detenido. Poco se pod\u00eda suponer el Sr. Obispo que entraba en el Hospital para no salir. Los requisitos para conseguir una habitaci\u00f3n de pago, fueron largos. El pobre Sr. Obispo, sentado dentro del coche particular que le hab\u00eda trasladado al Hos\u00adpital, ya que no se encontr\u00f3 en aquel momento ambulancia disponi\u00adble, se cansaba de esperar; se le llev\u00f3 a la sala general para que descansara un poco antes de llevarle a la habitaci\u00f3n asignada; su serenidad y amabilidad con todos, los empleados del Hospital le gan\u00f3 pronto sus simpat\u00edas; saludaba con cari\u00f1o a doctores y enfermeras dici\u00e9ndoles que se sent\u00eda muy bien. Ni una queja sali\u00f3 de sus labios a pesar del dolor y malestar que debi\u00f3 experimentar aquella ma\u00f1a\u00f1a del Viernes Santo. Subi\u00f3 la \u00abescala Santa\u00bb al ascender por su propio pie aquella escalera empinada que conduce al primer piso conde se encontraba su habitaci\u00f3n y por fin se acost\u00f3 en la cama que no abandonar\u00eda m\u00e1s.<\/p>\n<p>Comenzaron los ex\u00e1menes y las consultas m\u00e9dicas; la diag\u00adnosis de los doctores en medio de la esperanza que nos daban, no era nada halag\u00fce\u00f1a. Los medicamentos se suced\u00edan unos a otros. La administraci\u00f3n de glucosa y otros alimentos a trav\u00e9s de las venas, comenzaron a dar la sensaci\u00f3n de un enfermo grave. Las inyecciones de una y otra clase le molestaban con frecuencia y lue\u00adgo lleg\u00f3 a tener las manos y los brazos tan saturados de pinchazos de agujas, que las venas rehusaron recibir m\u00e1s y se escondieron en la carne.<\/p>\n<p>Parec\u00eda un verdadero crucificado, con los pies atados a las barras de la cama y las manos y brazos sujetos para evitar movimientos. S\u00e1bado Santo y Domingo de Resurrecci\u00f3n debieron de ser de mucho sufrimiento para \u00e9l. El abdomen se inflam\u00f3 en tales pro\u00adporciones que daba pena verle. Por fin el Domingo de Pascua por la tarde, despu\u00e9s de una conferencia prolongada de m\u00e9dicos, se opt\u00f3 por la intervenci\u00f3n quir\u00fargica. Se llam\u00f3 al mejor cirujano del Colegio de Medicina y se prepar\u00f3 para operarle aquel mismo d\u00eda como caso de urgencia. Los preparativos fueron largu\u00edsimos. Se trajo una plan\u00adta de Rayos X port\u00e1til a su habitaci\u00f3n, a fin de no molestar al en\u00adfermo, etc., todo esto dur\u00f3 hasta la media noche. Cuando comenz\u00f3 la operaci\u00f3n, eran las 12&#8217;30.<\/p>\n<p>La operaci\u00f3n revel\u00f3 un gran c\u00e1ncer en el intestino, que le oprim\u00eda de tal manera que imped\u00eda su funcionamiento reteniendo todos los residuos del alimento que tomaba y que todos cre\u00edamos ser un estre\u00f1imiento cr\u00f3nico.<\/p>\n<p>Antes de llevarle a la sala de operaciones, le pregunt\u00e9 si estaba dispuesto a recibir los \u00daltimos Sacramentos. \u00bfC\u00f3mo no, me dijo? \u00a1No faltaba m\u00e1s! Pero antes quiero hacer una confesi\u00f3n ge\u00adneral. Lo hizo en espa\u00f1ol con todo conocimiento y contest\u00f3 a las oraciones del Sacerdote con toda lucidez y en voz alta. Pidi\u00f3 le aplicara tambi\u00e9n la indulgencia plenaria \u00abin articulo mortis\u00bb y lue\u00adgo, con los ojos empa\u00f1ados en l\u00e1grimas, pidi\u00f3 perd\u00f3n a todos los presentes y por medio de ellos a todos aquellos a quienes pudiera haber ofendido en lo m\u00e1s m\u00ednimo. Yo le consol\u00e9 y le ped\u00ed tambi\u00e9n perd\u00f3n en nombre de toda la Di\u00f3cesis por todas nuestras faltas y procedimos a darle el Santo Vi\u00e1tico, que \u00e9l mismo hab\u00eda pedido con mucha devoci\u00f3n. Estaba preparado para el sacrificio.<\/p>\n<p>La semana de Gloria fue para \u00e9l una verdadera agon\u00eda. Se le ve\u00eda cansado del tratamiento m\u00e9dico y no hac\u00eda m\u00e1s que repetir jaculatorias y oraciones breves. Hacia el fin de la semana, perdi\u00f3 el habla y no hac\u00eda m\u00e1s que mover los labios en oraci\u00f3n. Deb\u00eda de sentir una sed abrasadora y no se le pod\u00eda dar m\u00e1s que unas gotas de agua fresca de cu\u00e1ndo en cu\u00e1ndo. Pronto perdi\u00f3 la vista y aun\u00adque conservaba los ojos abiertos, no reconoc\u00eda ya a los Padres y Hermanas que ven\u00edan a verle. Por fin, el Domingo de Quasimodo, entreg\u00f3 su preciosa alma al Se\u00f1or a las 2&#8217;50 de la madrugada.<\/p>\n<p>La noticia de su enfermedad hab\u00eda sido trasmitida por la radio local y por los peri\u00f3dicos provinciales y el d\u00eda de su muerte tambi\u00e9n anunciaron la noticia por todos los medios de comunicaci\u00f3n locales.<\/p>\n<p>Aquella misma noche se traslad\u00f3 el cad\u00e1ver al Palacio Episco\u00adpal, donde estuvo expuesto a la veneraci\u00f3n de los fieles y amista\u00addes hasta el lunes por la tarde.<\/p>\n<p>El funeral tuvo lugar el lunes a las 5 de la tarde. Fue seguido por muchos oficiales del Gobierno y numerosos grupos de personas de distintas religiones. Casi todos los sacerdotes de la Di\u00f3cesis y tina representaci\u00f3n muy numerosa de Hermanas. El Sr. Gobernador de la Provincia mand\u00f3 a su Secretario personal con una corona de flores y el Ministro de Educaci\u00f3n y Cultura, se present\u00f3 al final de la ceremonia a depositar su ramillete de flores a los pies del ilustre difunto.<\/p>\n<p>Las autoridades locales permitieron, sin dificultad ninguna, que se le enterrara dentro de la Catedral y all\u00ed duerme en paz espe\u00adrando el d\u00eda de la resurrecci\u00f3n de los muertos. R. I. P. Am\u00e9n.<\/p>\n<p>&nbsp;<\/p>\n","protected":false},"excerpt":{"rendered":"<p>La Di\u00f3cesis de Cuttack est\u00e1 de luto. El Se\u00f1or se ha dignado llevarse al eterno descanse el alma de nuestro querido se\u00f1or Obis\u00adpo: Pablo Tobar Gonz\u00e1lez, muy conocido entre nosotros con el nom\u00adbre familiar de &#8230; <a href=\"https:\/\/vincentians.com\/es\/mons-pablo-tobar\/\" class=\"more-link\">Read More<\/a><\/p>\n","protected":false},"author":5,"featured_media":391249,"comment_status":"open","ping_status":"open","sticky":false,"template":"","format":"standard","meta":{"jetpack_post_was_ever_published":false,"_jetpack_newsletter_access":"","_jetpack_dont_email_post_to_subs":false,"_jetpack_newsletter_tier_id":0,"_jetpack_memberships_contains_paywalled_content":false,"_jetpack_memberships_contains_paid_content":false,"footnotes":"","jetpack_publicize_message":"","jetpack_publicize_feature_enabled":true,"jetpack_social_post_already_shared":true,"jetpack_social_options":{"image_generator_settings":{"template":"highway","default_image_id":0,"font":"","enabled":false},"version":2}},"categories":[19],"tags":[],"class_list":["post-115349","post","type-post","status-publish","format-standard","has-post-thumbnail","hentry","category-biografias-de-misioneros-paules"],"yoast_head":"<!-- This site is optimized with the Yoast SEO plugin v26.3 - https:\/\/yoast.com\/wordpress\/plugins\/seo\/ -->\n<title>Mons. Pablo Tobar - Somos Vicencianos<\/title>\n<meta name=\"robots\" content=\"index, follow, max-snippet:-1, max-image-preview:large, max-video-preview:-1\" \/>\n<link rel=\"canonical\" href=\"https:\/\/vincentians.com\/es\/mons-pablo-tobar\/\" \/>\n<meta property=\"og:locale\" content=\"es_ES\" \/>\n<meta property=\"og:type\" content=\"article\" \/>\n<meta property=\"og:title\" content=\"Mons. Pablo Tobar - Somos Vicencianos\" \/>\n<meta property=\"og:description\" content=\"La Di\u00f3cesis de Cuttack est\u00e1 de luto. El Se\u00f1or se ha dignado llevarse al eterno descanse el alma de nuestro querido se\u00f1or Obis\u00adpo: Pablo Tobar Gonz\u00e1lez, muy conocido entre nosotros con el nom\u00adbre familiar de ... Read More\" \/>\n<meta property=\"og:url\" content=\"https:\/\/vincentians.com\/es\/mons-pablo-tobar\/\" \/>\n<meta property=\"og:site_name\" content=\"Somos Vicencianos\" \/>\n<meta property=\"article:publisher\" content=\"https:\/\/www.facebook.com\/WeAreVincentians\/\" \/>\n<meta property=\"article:published_time\" content=\"2012-12-03T07:10:58+00:00\" \/>\n<meta property=\"article:modified_time\" content=\"2016-07-27T10:12:13+00:00\" \/>\n<meta property=\"og:image\" content=\"https:\/\/i0.wp.com\/vincentians.com\/es\/wp-content\/uploads\/sites\/11\/2016\/07\/bio-cm.jpg?fit=1200%2C630&ssl=1\" \/>\n\t<meta property=\"og:image:width\" content=\"1200\" \/>\n\t<meta property=\"og:image:height\" content=\"630\" \/>\n\t<meta property=\"og:image:type\" content=\"image\/jpeg\" \/>\n<meta name=\"author\" content=\"Mitxel Olabu\u00e9naga\" \/>\n<meta name=\"twitter:card\" content=\"summary_large_image\" \/>\n<meta name=\"twitter:creator\" content=\"@WeVincentians\" \/>\n<meta name=\"twitter:site\" content=\"@WeVincentians\" \/>\n<meta name=\"twitter:label1\" content=\"Escrito por\" \/>\n\t<meta name=\"twitter:data1\" content=\"Mitxel Olabu\u00e9naga\" \/>\n\t<meta name=\"twitter:label2\" content=\"Tiempo de lectura\" \/>\n\t<meta name=\"twitter:data2\" content=\"24 minutos\" \/>\n<script type=\"application\/ld+json\" class=\"yoast-schema-graph\">{\"@context\":\"https:\/\/schema.org\",\"@graph\":[{\"@type\":\"Article\",\"@id\":\"https:\/\/vincentians.com\/es\/mons-pablo-tobar\/#article\",\"isPartOf\":{\"@id\":\"https:\/\/vincentians.com\/es\/mons-pablo-tobar\/\"},\"author\":{\"name\":\"Mitxel Olabu\u00e9naga\",\"@id\":\"http:\/\/vincentians.com\/es\/#\/schema\/person\/7c2670b4445a7ca9d164ea6acdb31859\"},\"headline\":\"Mons. Pablo Tobar\",\"datePublished\":\"2012-12-03T07:10:58+00:00\",\"dateModified\":\"2016-07-27T10:12:13+00:00\",\"mainEntityOfPage\":{\"@id\":\"https:\/\/vincentians.com\/es\/mons-pablo-tobar\/\"},\"wordCount\":4850,\"commentCount\":0,\"publisher\":{\"@id\":\"http:\/\/vincentians.com\/es\/#organization\"},\"image\":{\"@id\":\"https:\/\/vincentians.com\/es\/mons-pablo-tobar\/#primaryimage\"},\"thumbnailUrl\":\"https:\/\/i0.wp.com\/vincentians.com\/es\/wp-content\/uploads\/sites\/11\/2016\/07\/bio-cm.jpg?fit=1200%2C630&ssl=1\",\"articleSection\":[\"Biograf\u00edas de Misioneros Pa\u00fales\"],\"inLanguage\":\"es\",\"potentialAction\":[{\"@type\":\"CommentAction\",\"name\":\"Comment\",\"target\":[\"https:\/\/vincentians.com\/es\/mons-pablo-tobar\/#respond\"]}]},{\"@type\":\"WebPage\",\"@id\":\"https:\/\/vincentians.com\/es\/mons-pablo-tobar\/\",\"url\":\"https:\/\/vincentians.com\/es\/mons-pablo-tobar\/\",\"name\":\"Mons. Pablo Tobar - Somos Vicencianos\",\"isPartOf\":{\"@id\":\"http:\/\/vincentians.com\/es\/#website\"},\"primaryImageOfPage\":{\"@id\":\"https:\/\/vincentians.com\/es\/mons-pablo-tobar\/#primaryimage\"},\"image\":{\"@id\":\"https:\/\/vincentians.com\/es\/mons-pablo-tobar\/#primaryimage\"},\"thumbnailUrl\":\"https:\/\/i0.wp.com\/vincentians.com\/es\/wp-content\/uploads\/sites\/11\/2016\/07\/bio-cm.jpg?fit=1200%2C630&ssl=1\",\"datePublished\":\"2012-12-03T07:10:58+00:00\",\"dateModified\":\"2016-07-27T10:12:13+00:00\",\"breadcrumb\":{\"@id\":\"https:\/\/vincentians.com\/es\/mons-pablo-tobar\/#breadcrumb\"},\"inLanguage\":\"es\",\"potentialAction\":[{\"@type\":\"ReadAction\",\"target\":[\"https:\/\/vincentians.com\/es\/mons-pablo-tobar\/\"]}]},{\"@type\":\"ImageObject\",\"inLanguage\":\"es\",\"@id\":\"https:\/\/vincentians.com\/es\/mons-pablo-tobar\/#primaryimage\",\"url\":\"https:\/\/i0.wp.com\/vincentians.com\/es\/wp-content\/uploads\/sites\/11\/2016\/07\/bio-cm.jpg?fit=1200%2C630&ssl=1\",\"contentUrl\":\"https:\/\/i0.wp.com\/vincentians.com\/es\/wp-content\/uploads\/sites\/11\/2016\/07\/bio-cm.jpg?fit=1200%2C630&ssl=1\",\"width\":1200,\"height\":630},{\"@type\":\"BreadcrumbList\",\"@id\":\"https:\/\/vincentians.com\/es\/mons-pablo-tobar\/#breadcrumb\",\"itemListElement\":[{\"@type\":\"ListItem\",\"position\":1,\"name\":\"Portada\",\"item\":\"http:\/\/vincentians.com\/es\/\"},{\"@type\":\"ListItem\",\"position\":2,\"name\":\"Mons. Pablo Tobar\"}]},{\"@type\":\"WebSite\",\"@id\":\"http:\/\/vincentians.com\/es\/#website\",\"url\":\"http:\/\/vincentians.com\/es\/\",\"name\":\"Somos Vicencianos\",\"description\":\"Know more to serve more\",\"publisher\":{\"@id\":\"http:\/\/vincentians.com\/es\/#organization\"},\"potentialAction\":[{\"@type\":\"SearchAction\",\"target\":{\"@type\":\"EntryPoint\",\"urlTemplate\":\"http:\/\/vincentians.com\/es\/?s={search_term_string}\"},\"query-input\":{\"@type\":\"PropertyValueSpecification\",\"valueRequired\":true,\"valueName\":\"search_term_string\"}}],\"inLanguage\":\"es\"},{\"@type\":\"Organization\",\"@id\":\"http:\/\/vincentians.com\/es\/#organization\",\"name\":\"The Vincentian Network\",\"url\":\"http:\/\/vincentians.com\/es\/\",\"logo\":{\"@type\":\"ImageObject\",\"inLanguage\":\"es\",\"@id\":\"http:\/\/vincentians.com\/es\/#\/schema\/logo\/image\/\",\"url\":\"https:\/\/i1.wp.com\/vincentians.com\/es\/wp-content\/uploads\/sites\/11\/2016\/06\/Vincentian-Network-logo-big.png?fit=778%2C778\",\"contentUrl\":\"https:\/\/i1.wp.com\/vincentians.com\/es\/wp-content\/uploads\/sites\/11\/2016\/06\/Vincentian-Network-logo-big.png?fit=778%2C778\",\"width\":778,\"height\":778,\"caption\":\"The Vincentian Network\"},\"image\":{\"@id\":\"http:\/\/vincentians.com\/es\/#\/schema\/logo\/image\/\"},\"sameAs\":[\"https:\/\/www.facebook.com\/WeAreVincentians\/\",\"https:\/\/x.com\/WeVincentians\"]},{\"@type\":\"Person\",\"@id\":\"http:\/\/vincentians.com\/es\/#\/schema\/person\/7c2670b4445a7ca9d164ea6acdb31859\",\"name\":\"Mitxel Olabu\u00e9naga\",\"image\":{\"@type\":\"ImageObject\",\"inLanguage\":\"es\",\"@id\":\"http:\/\/vincentians.com\/es\/#\/schema\/person\/image\/\",\"url\":\"https:\/\/secure.gravatar.com\/avatar\/34137ec2e2b8939cbbed975731e71f3f4f1defc7266ded337a5ce0f925426877?s=96&d=mm&r=g\",\"contentUrl\":\"https:\/\/secure.gravatar.com\/avatar\/34137ec2e2b8939cbbed975731e71f3f4f1defc7266ded337a5ce0f925426877?s=96&d=mm&r=g\",\"caption\":\"Mitxel Olabu\u00e9naga\"},\"url\":\"https:\/\/vincentians.com\/es\/author\/mitxel\/\"}]}<\/script>\n<!-- \/ Yoast SEO plugin. -->","yoast_head_json":{"title":"Mons. Pablo Tobar - Somos Vicencianos","robots":{"index":"index","follow":"follow","max-snippet":"max-snippet:-1","max-image-preview":"max-image-preview:large","max-video-preview":"max-video-preview:-1"},"canonical":"https:\/\/vincentians.com\/es\/mons-pablo-tobar\/","og_locale":"es_ES","og_type":"article","og_title":"Mons. Pablo Tobar - Somos Vicencianos","og_description":"La Di\u00f3cesis de Cuttack est\u00e1 de luto. El Se\u00f1or se ha dignado llevarse al eterno descanse el alma de nuestro querido se\u00f1or Obis\u00adpo: Pablo Tobar Gonz\u00e1lez, muy conocido entre nosotros con el nom\u00adbre familiar de ... Read More","og_url":"https:\/\/vincentians.com\/es\/mons-pablo-tobar\/","og_site_name":"Somos Vicencianos","article_publisher":"https:\/\/www.facebook.com\/WeAreVincentians\/","article_published_time":"2012-12-03T07:10:58+00:00","article_modified_time":"2016-07-27T10:12:13+00:00","og_image":[{"width":1200,"height":630,"url":"https:\/\/i0.wp.com\/vincentians.com\/es\/wp-content\/uploads\/sites\/11\/2016\/07\/bio-cm.jpg?fit=1200%2C630&ssl=1","type":"image\/jpeg"}],"author":"Mitxel Olabu\u00e9naga","twitter_card":"summary_large_image","twitter_creator":"@WeVincentians","twitter_site":"@WeVincentians","twitter_misc":{"Escrito por":"Mitxel Olabu\u00e9naga","Tiempo de lectura":"24 minutos"},"schema":{"@context":"https:\/\/schema.org","@graph":[{"@type":"Article","@id":"https:\/\/vincentians.com\/es\/mons-pablo-tobar\/#article","isPartOf":{"@id":"https:\/\/vincentians.com\/es\/mons-pablo-tobar\/"},"author":{"name":"Mitxel Olabu\u00e9naga","@id":"http:\/\/vincentians.com\/es\/#\/schema\/person\/7c2670b4445a7ca9d164ea6acdb31859"},"headline":"Mons. Pablo Tobar","datePublished":"2012-12-03T07:10:58+00:00","dateModified":"2016-07-27T10:12:13+00:00","mainEntityOfPage":{"@id":"https:\/\/vincentians.com\/es\/mons-pablo-tobar\/"},"wordCount":4850,"commentCount":0,"publisher":{"@id":"http:\/\/vincentians.com\/es\/#organization"},"image":{"@id":"https:\/\/vincentians.com\/es\/mons-pablo-tobar\/#primaryimage"},"thumbnailUrl":"https:\/\/i0.wp.com\/vincentians.com\/es\/wp-content\/uploads\/sites\/11\/2016\/07\/bio-cm.jpg?fit=1200%2C630&ssl=1","articleSection":["Biograf\u00edas de Misioneros Pa\u00fales"],"inLanguage":"es","potentialAction":[{"@type":"CommentAction","name":"Comment","target":["https:\/\/vincentians.com\/es\/mons-pablo-tobar\/#respond"]}]},{"@type":"WebPage","@id":"https:\/\/vincentians.com\/es\/mons-pablo-tobar\/","url":"https:\/\/vincentians.com\/es\/mons-pablo-tobar\/","name":"Mons. Pablo Tobar - Somos Vicencianos","isPartOf":{"@id":"http:\/\/vincentians.com\/es\/#website"},"primaryImageOfPage":{"@id":"https:\/\/vincentians.com\/es\/mons-pablo-tobar\/#primaryimage"},"image":{"@id":"https:\/\/vincentians.com\/es\/mons-pablo-tobar\/#primaryimage"},"thumbnailUrl":"https:\/\/i0.wp.com\/vincentians.com\/es\/wp-content\/uploads\/sites\/11\/2016\/07\/bio-cm.jpg?fit=1200%2C630&ssl=1","datePublished":"2012-12-03T07:10:58+00:00","dateModified":"2016-07-27T10:12:13+00:00","breadcrumb":{"@id":"https:\/\/vincentians.com\/es\/mons-pablo-tobar\/#breadcrumb"},"inLanguage":"es","potentialAction":[{"@type":"ReadAction","target":["https:\/\/vincentians.com\/es\/mons-pablo-tobar\/"]}]},{"@type":"ImageObject","inLanguage":"es","@id":"https:\/\/vincentians.com\/es\/mons-pablo-tobar\/#primaryimage","url":"https:\/\/i0.wp.com\/vincentians.com\/es\/wp-content\/uploads\/sites\/11\/2016\/07\/bio-cm.jpg?fit=1200%2C630&ssl=1","contentUrl":"https:\/\/i0.wp.com\/vincentians.com\/es\/wp-content\/uploads\/sites\/11\/2016\/07\/bio-cm.jpg?fit=1200%2C630&ssl=1","width":1200,"height":630},{"@type":"BreadcrumbList","@id":"https:\/\/vincentians.com\/es\/mons-pablo-tobar\/#breadcrumb","itemListElement":[{"@type":"ListItem","position":1,"name":"Portada","item":"http:\/\/vincentians.com\/es\/"},{"@type":"ListItem","position":2,"name":"Mons. Pablo Tobar"}]},{"@type":"WebSite","@id":"http:\/\/vincentians.com\/es\/#website","url":"http:\/\/vincentians.com\/es\/","name":"Somos Vicencianos","description":"Know more to serve more","publisher":{"@id":"http:\/\/vincentians.com\/es\/#organization"},"potentialAction":[{"@type":"SearchAction","target":{"@type":"EntryPoint","urlTemplate":"http:\/\/vincentians.com\/es\/?s={search_term_string}"},"query-input":{"@type":"PropertyValueSpecification","valueRequired":true,"valueName":"search_term_string"}}],"inLanguage":"es"},{"@type":"Organization","@id":"http:\/\/vincentians.com\/es\/#organization","name":"The Vincentian Network","url":"http:\/\/vincentians.com\/es\/","logo":{"@type":"ImageObject","inLanguage":"es","@id":"http:\/\/vincentians.com\/es\/#\/schema\/logo\/image\/","url":"https:\/\/i1.wp.com\/vincentians.com\/es\/wp-content\/uploads\/sites\/11\/2016\/06\/Vincentian-Network-logo-big.png?fit=778%2C778","contentUrl":"https:\/\/i1.wp.com\/vincentians.com\/es\/wp-content\/uploads\/sites\/11\/2016\/06\/Vincentian-Network-logo-big.png?fit=778%2C778","width":778,"height":778,"caption":"The Vincentian Network"},"image":{"@id":"http:\/\/vincentians.com\/es\/#\/schema\/logo\/image\/"},"sameAs":["https:\/\/www.facebook.com\/WeAreVincentians\/","https:\/\/x.com\/WeVincentians"]},{"@type":"Person","@id":"http:\/\/vincentians.com\/es\/#\/schema\/person\/7c2670b4445a7ca9d164ea6acdb31859","name":"Mitxel Olabu\u00e9naga","image":{"@type":"ImageObject","inLanguage":"es","@id":"http:\/\/vincentians.com\/es\/#\/schema\/person\/image\/","url":"https:\/\/secure.gravatar.com\/avatar\/34137ec2e2b8939cbbed975731e71f3f4f1defc7266ded337a5ce0f925426877?s=96&d=mm&r=g","contentUrl":"https:\/\/secure.gravatar.com\/avatar\/34137ec2e2b8939cbbed975731e71f3f4f1defc7266ded337a5ce0f925426877?s=96&d=mm&r=g","caption":"Mitxel Olabu\u00e9naga"},"url":"https:\/\/vincentians.com\/es\/author\/mitxel\/"}]}},"jetpack_publicize_connections":[],"jetpack_featured_media_url":"https:\/\/i0.wp.com\/vincentians.com\/es\/wp-content\/uploads\/sites\/11\/2016\/07\/bio-cm.jpg?fit=1200%2C630&ssl=1","jetpack_sharing_enabled":true,"jetpack_shortlink":"https:\/\/wp.me\/p7ETMF-u0t","jetpack-related-posts":[{"id":68326,"url":"https:\/\/vincentians.com\/es\/saturnino-tobar-gonzalez-1936\/","url_meta":{"origin":115349,"position":0},"title":"Saturnino Tobar Gonz\u00e1lez (\u00bf???-1936)","author":"Mitxel Olabu\u00e9naga","date":"07\/03\/2012","format":false,"excerpt":"Era hermano carnal del P. Tobar Maurilio, y le llevaba diez a\u00f1os de edad. Entr\u00f3 en la Congregaci\u00f3n el 11 de junio de 1888 e hizo los santos votos el 13 de dicho mes en el a\u00f1o 1890. Con residencia en la Casa Central, fue a las Misiones de la\u2026","rel":"","context":"En \u00abBiograf\u00edas de Misioneros Pa\u00fales\u00bb","block_context":{"text":"Biograf\u00edas de Misioneros Pa\u00fales","link":"https:\/\/vincentians.com\/es\/category\/la-familia-vicenciana\/biografias-vicencianas\/biografias-de-misioneros-paules\/"},"img":{"alt_text":"","src":"https:\/\/i0.wp.com\/vincentians.com\/es\/wp-content\/uploads\/sites\/11\/2016\/07\/bio-cm.jpg?fit=1200%2C630&ssl=1&resize=350%2C200","width":350,"height":200,"srcset":"https:\/\/i0.wp.com\/vincentians.com\/es\/wp-content\/uploads\/sites\/11\/2016\/07\/bio-cm.jpg?fit=1200%2C630&ssl=1&resize=350%2C200 1x, https:\/\/i0.wp.com\/vincentians.com\/es\/wp-content\/uploads\/sites\/11\/2016\/07\/bio-cm.jpg?fit=1200%2C630&ssl=1&resize=525%2C300 1.5x, https:\/\/i0.wp.com\/vincentians.com\/es\/wp-content\/uploads\/sites\/11\/2016\/07\/bio-cm.jpg?fit=1200%2C630&ssl=1&resize=700%2C400 2x, https:\/\/i0.wp.com\/vincentians.com\/es\/wp-content\/uploads\/sites\/11\/2016\/07\/bio-cm.jpg?fit=1200%2C630&ssl=1&resize=1050%2C600 3x"},"classes":[]},{"id":119305,"url":"https:\/\/vincentians.com\/es\/p-julian-tobar-angulo\/","url_meta":{"origin":115349,"position":1},"title":"P. JULI\u00c1N TOBAR ANGULO","author":"Mitxel Olabu\u00e9naga","date":"13\/05\/2013","format":false,"excerpt":"Nacido en Tardajos, no past\u00f3 en su hermosa vega sino en amplias praderas ubicadas a kil\u00f3metros de distancia. Cierto que comenz\u00f3 sus estudios en la escuela apost\u00f3lica que los Pa\u00fales ten\u00edan en la villa: Pero, para los cursos superiores ya se desplaz\u00f3 a Guadalajara, Villafranca del Bierzo, Cuenca y Londres.\u2026","rel":"","context":"En \u00abBiograf\u00edas de Misioneros Pa\u00fales\u00bb","block_context":{"text":"Biograf\u00edas de Misioneros Pa\u00fales","link":"https:\/\/vincentians.com\/es\/category\/la-familia-vicenciana\/biografias-vicencianas\/biografias-de-misioneros-paules\/"},"img":{"alt_text":"","src":"https:\/\/i0.wp.com\/vincentians.com\/es\/wp-content\/uploads\/sites\/11\/2016\/07\/bio-cm.jpg?fit=1200%2C630&ssl=1&resize=350%2C200","width":350,"height":200,"srcset":"https:\/\/i0.wp.com\/vincentians.com\/es\/wp-content\/uploads\/sites\/11\/2016\/07\/bio-cm.jpg?fit=1200%2C630&ssl=1&resize=350%2C200 1x, https:\/\/i0.wp.com\/vincentians.com\/es\/wp-content\/uploads\/sites\/11\/2016\/07\/bio-cm.jpg?fit=1200%2C630&ssl=1&resize=525%2C300 1.5x, https:\/\/i0.wp.com\/vincentians.com\/es\/wp-content\/uploads\/sites\/11\/2016\/07\/bio-cm.jpg?fit=1200%2C630&ssl=1&resize=700%2C400 2x, https:\/\/i0.wp.com\/vincentians.com\/es\/wp-content\/uploads\/sites\/11\/2016\/07\/bio-cm.jpg?fit=1200%2C630&ssl=1&resize=1050%2C600 3x"},"classes":[]},{"id":95206,"url":"https:\/\/vincentians.com\/es\/el-padre-paul-mariano-diez-tobar-c-m-primer-padre-paul-tardajeno-inventor-del-cine\/","url_meta":{"origin":115349,"position":2},"title":"\u00bfEl padre pa\u00fal Mariano D\u00edez Tobar, C.M., primer padre pa\u00fal tardaje\u00f1o, inventor del cine?","author":"Mitxel Olabu\u00e9naga","date":"02\/05\/2018","format":false,"excerpt":"\u00a0En el centenario de la invenci\u00f3n del cine Se est\u00e1 celebrando, \"a bombo y platillo\", porque de lo comercial una vez m\u00e1s se trata, el Centenario de la Invenci\u00f3n del Cine (\"cinemat\u00f3grafo\"; en palabra abreviada: \"cine\"). Se vienen, con este \"transcendental\" mo\u00adtivo cultural, que lo es de verdad, programando congresos,\u2026","rel":"","context":"En \u00abBiograf\u00edas de Misioneros Pa\u00fales\u00bb","block_context":{"text":"Biograf\u00edas de Misioneros Pa\u00fales","link":"https:\/\/vincentians.com\/es\/category\/la-familia-vicenciana\/biografias-vicencianas\/biografias-de-misioneros-paules\/"},"img":{"alt_text":"","src":"https:\/\/i0.wp.com\/vincentians.com\/es\/wp-content\/uploads\/sites\/11\/2016\/07\/bio-cm.jpg?fit=1200%2C630&ssl=1&resize=350%2C200","width":350,"height":200,"srcset":"https:\/\/i0.wp.com\/vincentians.com\/es\/wp-content\/uploads\/sites\/11\/2016\/07\/bio-cm.jpg?fit=1200%2C630&ssl=1&resize=350%2C200 1x, https:\/\/i0.wp.com\/vincentians.com\/es\/wp-content\/uploads\/sites\/11\/2016\/07\/bio-cm.jpg?fit=1200%2C630&ssl=1&resize=525%2C300 1.5x, https:\/\/i0.wp.com\/vincentians.com\/es\/wp-content\/uploads\/sites\/11\/2016\/07\/bio-cm.jpg?fit=1200%2C630&ssl=1&resize=700%2C400 2x, https:\/\/i0.wp.com\/vincentians.com\/es\/wp-content\/uploads\/sites\/11\/2016\/07\/bio-cm.jpg?fit=1200%2C630&ssl=1&resize=1050%2C600 3x"},"classes":[]},{"id":39660,"url":"https:\/\/vincentians.com\/es\/misiones-populares-en-espana-1975-2000-1980\/","url_meta":{"origin":115349,"position":3},"title":"Misiones populares en Espa\u00f1a, 1975-2000: 1980","author":"Francisco Javier Fern\u00e1ndez Chento","date":"02\/10\/2014","format":false,"excerpt":"1980 1.- ZONA DE LERMA (Burgos): 31 enero-10 febrero. Cilleruelo de Abajo, Quintanilla de la Mata y Caba\u00f1as de Esgueva. \u00a0PP. Veremundo Pardo, Luis Tobar y Jos\u00e9 Villasana. (An. 1980 y BPM). Junto con \u00a04 pasionistas, 3 dominicos y un capuchino. Se usa el contenido de Ortega por primera vez.\u2026","rel":"","context":"En \u00abMisiones \u00abAd gentes\u00bb\u00bb","block_context":{"text":"Misiones \u00abAd gentes\u00bb","link":"https:\/\/vincentians.com\/es\/category\/servicios-y-ministerios\/misiones-ad-gentes\/"},"img":{"alt_text":"Quintanilla de la Mata","src":"https:\/\/i0.wp.com\/vicencianos.org\/wp-content\/2011\/05\/Quintanilla-300x197.jpg?resize=350%2C200","width":350,"height":200},"classes":[]},{"id":119469,"url":"https:\/\/vincentians.com\/es\/el-hno-pablo-tobar\/","url_meta":{"origin":115349,"position":4},"title":"El Hno. Pablo Tobar","author":"Mitxel Olabu\u00e9naga","date":"06\/05\/2013","format":false,"excerpt":"De una carta del P. Ruesta copiamos lo siguiente: la muerte no puede haber sido m\u00e1s r\u00e1pida, y ha sido la de los predestinados. Por haber venido tres Padres j\u00f3venes de Tenerife a examinarse con los de casa, ese d\u00eda, 1.0 de mar\u00adzo, salieron con nuestro microb\u00fas y dieron una\u2026","rel":"","context":"En \u00abBiograf\u00edas de Misioneros Pa\u00fales\u00bb","block_context":{"text":"Biograf\u00edas de Misioneros Pa\u00fales","link":"https:\/\/vincentians.com\/es\/category\/la-familia-vicenciana\/biografias-vicencianas\/biografias-de-misioneros-paules\/"},"img":{"alt_text":"","src":"https:\/\/i0.wp.com\/vincentians.com\/es\/wp-content\/uploads\/sites\/11\/2016\/07\/bio-cm.jpg?fit=1200%2C630&ssl=1&resize=350%2C200","width":350,"height":200,"srcset":"https:\/\/i0.wp.com\/vincentians.com\/es\/wp-content\/uploads\/sites\/11\/2016\/07\/bio-cm.jpg?fit=1200%2C630&ssl=1&resize=350%2C200 1x, https:\/\/i0.wp.com\/vincentians.com\/es\/wp-content\/uploads\/sites\/11\/2016\/07\/bio-cm.jpg?fit=1200%2C630&ssl=1&resize=525%2C300 1.5x, https:\/\/i0.wp.com\/vincentians.com\/es\/wp-content\/uploads\/sites\/11\/2016\/07\/bio-cm.jpg?fit=1200%2C630&ssl=1&resize=700%2C400 2x, https:\/\/i0.wp.com\/vincentians.com\/es\/wp-content\/uploads\/sites\/11\/2016\/07\/bio-cm.jpg?fit=1200%2C630&ssl=1&resize=1050%2C600 3x"},"classes":[]},{"id":63247,"url":"https:\/\/vincentians.com\/es\/maurilio-tobar-gonzalez-1869-1936\/","url_meta":{"origin":115349,"position":5},"title":"Maurilio Tobar Gonz\u00e1lez (1869-1936)","author":"Mitxel Olabu\u00e9naga","date":"16\/02\/2012","format":false,"excerpt":"Cuando arreciaba la tormenta parec\u00eda presentir la muerte. El miedo es libre \u2014dicen\u00a0 y el P. Maurilio, sin poderlo reme\u00addiar, temblaba como el azogue al o\u00edr la noticia de alguna ex\u00adacerbaci\u00f3n demag\u00f3gica. En abandonando que abandon\u00f3 la \"Casita\" (Lope de Vega, n\u00famero 48), de la cual era Superior, el 23\u2026","rel":"","context":"En \u00abBiograf\u00edas de Misioneros Pa\u00fales\u00bb","block_context":{"text":"Biograf\u00edas de Misioneros Pa\u00fales","link":"https:\/\/vincentians.com\/es\/category\/la-familia-vicenciana\/biografias-vicencianas\/biografias-de-misioneros-paules\/"},"img":{"alt_text":"","src":"https:\/\/i0.wp.com\/vincentians.com\/es\/wp-content\/uploads\/sites\/11\/2016\/07\/bio-cm.jpg?fit=1200%2C630&ssl=1&resize=350%2C200","width":350,"height":200,"srcset":"https:\/\/i0.wp.com\/vincentians.com\/es\/wp-content\/uploads\/sites\/11\/2016\/07\/bio-cm.jpg?fit=1200%2C630&ssl=1&resize=350%2C200 1x, https:\/\/i0.wp.com\/vincentians.com\/es\/wp-content\/uploads\/sites\/11\/2016\/07\/bio-cm.jpg?fit=1200%2C630&ssl=1&resize=525%2C300 1.5x, https:\/\/i0.wp.com\/vincentians.com\/es\/wp-content\/uploads\/sites\/11\/2016\/07\/bio-cm.jpg?fit=1200%2C630&ssl=1&resize=700%2C400 2x, https:\/\/i0.wp.com\/vincentians.com\/es\/wp-content\/uploads\/sites\/11\/2016\/07\/bio-cm.jpg?fit=1200%2C630&ssl=1&resize=1050%2C600 3x"},"classes":[]}],"_links":{"self":[{"href":"https:\/\/vincentians.com\/es\/wp-json\/wp\/v2\/posts\/115349","targetHints":{"allow":["GET"]}}],"collection":[{"href":"https:\/\/vincentians.com\/es\/wp-json\/wp\/v2\/posts"}],"about":[{"href":"https:\/\/vincentians.com\/es\/wp-json\/wp\/v2\/types\/post"}],"author":[{"embeddable":true,"href":"https:\/\/vincentians.com\/es\/wp-json\/wp\/v2\/users\/5"}],"replies":[{"embeddable":true,"href":"https:\/\/vincentians.com\/es\/wp-json\/wp\/v2\/comments?post=115349"}],"version-history":[{"count":0,"href":"https:\/\/vincentians.com\/es\/wp-json\/wp\/v2\/posts\/115349\/revisions"}],"wp:featuredmedia":[{"embeddable":true,"href":"https:\/\/vincentians.com\/es\/wp-json\/wp\/v2\/media\/391249"}],"wp:attachment":[{"href":"https:\/\/vincentians.com\/es\/wp-json\/wp\/v2\/media?parent=115349"}],"wp:term":[{"taxonomy":"category","embeddable":true,"href":"https:\/\/vincentians.com\/es\/wp-json\/wp\/v2\/categories?post=115349"},{"taxonomy":"post_tag","embeddable":true,"href":"https:\/\/vincentians.com\/es\/wp-json\/wp\/v2\/tags?post=115349"}],"curies":[{"name":"wp","href":"https:\/\/api.w.org\/{rel}","templated":true}]}}